{"id":40677,"date":"2015-06-24T04:23:39","date_gmt":"2015-06-24T02:53:39","guid":{"rendered":"http:\/\/eldigitaldeasturias.com\/magazine365\/?p=40677"},"modified":"2015-06-24T04:23:39","modified_gmt":"2015-06-24T02:53:39","slug":"san-juan-2015-en-las-playas-de-punta-umbria","status":"publish","type":"post","link":"https:\/\/eldigitaldeasturias.com\/magazine365\/san-juan-2015-en-las-playas-de-punta-umbria\/","title":{"rendered":"San Juan 2015 en las playas de Punta Umbr\u00eda"},"content":{"rendered":"<p><img fetchpriority=\"high\" decoding=\"async\" class=\"alignleft size-medium wp-image-40678\" src=\"https:\/\/eldigitaldeasturias.com\/magazine365\/wp-content\/uploads\/2015\/06\/fotonoticia_20150623102841_800-360x270.jpg\" alt=\"fotonoticia_20150623102841_800\" width=\"360\" height=\"270\" srcset=\"https:\/\/eldigitaldeasturias.com\/magazine365\/wp-content\/uploads\/2015\/06\/fotonoticia_20150623102841_800-360x270.jpg 360w, https:\/\/eldigitaldeasturias.com\/magazine365\/wp-content\/uploads\/2015\/06\/fotonoticia_20150623102841_800-650x488.jpg 650w, https:\/\/eldigitaldeasturias.com\/magazine365\/wp-content\/uploads\/2015\/06\/fotonoticia_20150623102841_800-768x576.jpg 768w, https:\/\/eldigitaldeasturias.com\/magazine365\/wp-content\/uploads\/2015\/06\/fotonoticia_20150623102841_800-150x113.jpg 150w, https:\/\/eldigitaldeasturias.com\/magazine365\/wp-content\/uploads\/2015\/06\/fotonoticia_20150623102841_800-450x338.jpg 450w, https:\/\/eldigitaldeasturias.com\/magazine365\/wp-content\/uploads\/2015\/06\/fotonoticia_20150623102841_800-80x60.jpg 80w, https:\/\/eldigitaldeasturias.com\/magazine365\/wp-content\/uploads\/2015\/06\/fotonoticia_20150623102841_800-265x198.jpg 265w, https:\/\/eldigitaldeasturias.com\/magazine365\/wp-content\/uploads\/2015\/06\/fotonoticia_20150623102841_800-696x522.jpg 696w, https:\/\/eldigitaldeasturias.com\/magazine365\/wp-content\/uploads\/2015\/06\/fotonoticia_20150623102841_800-560x420.jpg 560w, https:\/\/eldigitaldeasturias.com\/magazine365\/wp-content\/uploads\/2015\/06\/fotonoticia_20150623102841_800-90x67.jpg 90w, https:\/\/eldigitaldeasturias.com\/magazine365\/wp-content\/uploads\/2015\/06\/fotonoticia_20150623102841_800-100x75.jpg 100w, https:\/\/eldigitaldeasturias.com\/magazine365\/wp-content\/uploads\/2015\/06\/fotonoticia_20150623102841_800.jpg 800w\" sizes=\"(max-width: 360px) 100vw, 360px\" \/>Tras la buena marcha del plan de actuaci\u00f3n de la Noche de San Juan llevado a cabo por el Ayuntamiento de Punta Umbr\u00eda (Huelva) en los \u00faltimos a\u00f1os, el Consistorio vuelve a permitir seis hogueras controladas en este evento, que tendr\u00e1 lugar este martes, 23 de junio. As\u00ed, los fuegos permitidos, uno menos que el a\u00f1o pasado, se distribuir\u00e1n por toda la playa desde El Portil hasta Terramar.<\/p>\n<p>En concreto, seg\u00fan ha informado el Consistorio en una nota de prensa, las seis grandes candelas controladas estar\u00e1n en las zonas de Terramar, Altair, Tibur\u00f3n, Puntamar, en el chiringuito Costa Recife en La Bota y el chiringuito Los Negritos de El Portil. El resto de fuegos estar\u00e1n terminantemente prohibidos y ser\u00e1n retirados, siendo objeto de sanci\u00f3n econ\u00f3mica, estipulada entre los 200 y los 400 euros.<\/p>\n<p>Junto a las seis zonas anunciadas, habr\u00e1 cubas para depositar los desechos y, a partir de las 6,00 horas del mi\u00e9rcoles, habr\u00e1 un equipo formado por unas 30 personas limpiando restos, con dos m\u00e1quinas limpiaplayas y un tractor con remolque, para que a las 10,30 horas aproximadamente est\u00e9 la costa en perfecto estado.<\/p>\n<p>Acompa\u00f1ando al servicio de limpieza habr\u00e1 miembros de los cuerpos de la Polic\u00eda Local y la Guardia Civil, para evitar altercados. Y, una vez que se retiren los residuos habituales en esta Noche de San Juan, est\u00e1 previsto que se quede un ret\u00e9n formado por ocho personas para terminar de adecentar la zona de ba\u00f1o y la Avenida del Oc\u00e9ano, para que la playa y sus alrededores luzcan su mejor imagen de cara a los visitantes de la ma\u00f1ana.<\/p>\n<p>Para facilitar la recogida, el concejal delegado de Limpieza, Andr\u00e9s Franco Ramos, aconseja que \u00abse deposite la basura en los contenedores situados en las calles de acceso a la playa y s\u00f3lo se queden en la arena los residuos propios de las hogueras, para que demos buena imagen en la ma\u00f1ana del martes y amanezca la playa como tiene que hacerlo\u00bb.<\/p>\n<p>En estos puntos, \u00ablos que deseen disfrutar de la tradici\u00f3n podr\u00e1n hacerlo de forma segura y conciliando la diversi\u00f3n con el respeto por la playa\u00bb, seg\u00fan ha afirmado la concejala delegada de Turismo y Playas, Antonia Hern\u00e1ndez Galloso, quien ha manifestado tambi\u00e9n que, con esta medida, se evita a la vez \u00abque se descontrole el festejo con destrozos de mobiliario\u00bb, al tiempo que \u00abse facilita la limpieza posterior a la cita\u00bb.<\/p>\n<p>Se trata de cumplir con la Ordenanza de Aprovechamiento y Uso de las Playas del T\u00e9rmino Municipal de Punta Umbr\u00eda que, en su art\u00edculo 20, proh\u00edbe la realizaci\u00f3n de fuegos, exceptuando los autorizados por el Consistorio.<\/p>\n","protected":false},"excerpt":{"rendered":"<p>Tras la buena marcha del plan de actuaci\u00f3n de la Noche de San Juan llevado a cabo por el Ayuntamiento de Punta Umbr\u00eda (Huelva) en los \u00faltimos a\u00f1os, el Consistorio vuelve a permitir seis hogueras controladas en este evento, que tendr\u00e1 lugar este martes, 23 de junio. As\u00ed, los fuegos permitidos, uno menos que el<\/p>\n","protected":false},"author":1,"featured_media":40678,"comment_status":"open","ping_status":"closed","sticky":false,"template":"","format":"standard","meta":{"footnotes":""},"categories":[222],"tags":[],"class_list":{"0":"post-40677","1":"post","2":"type-post","3":"status-publish","4":"format-standard","5":"has-post-thumbnail","7":"category-actualidad-turismo"},"aioseo_notices":[],"aioseo_head":"\n\t\t<!-- All in One SEO Pro 4.9.6.1 - aioseo.com -->\n\t<meta name=\"description\" content=\"Tras la buena marcha del plan de actuaci\u00f3n de la Noche de San Juan llevado a cabo por el Ayuntamiento de Punta Umbr\u00eda (Huelva) en los \u00faltimos a\u00f1os, el Consistorio vuelve a permitir seis hogueras controladas en este evento, que tendr\u00e1 lugar este martes, 23 de junio. As\u00ed, los fuegos permitidos, uno menos que el\" \/>\n\t<meta name=\"robots\" content=\"max-image-preview:large\" \/>\n\t<meta name=\"author\" content=\"admin\"\/>\n\t<meta name=\"google-site-verification\" content=\"UA-38556648-1\" \/>\n\t<meta name=\"keywords\" content=\"actualidad turismo\" \/>\n\t<link rel=\"canonical\" href=\"https:\/\/eldigitaldeasturias.com\/magazine365\/san-juan-2015-en-las-playas-de-punta-umbria\/\" \/>\n\t<meta name=\"generator\" content=\"All in One SEO Pro (AIOSEO) 4.9.6.1\" \/>\n\t\t<meta property=\"og:locale\" content=\"es_ES\" \/>\n\t\t<meta property=\"og:site_name\" content=\"El Digital de Asturias \u2013 Revista de ocio, turismo y estilo de vida\" \/>\n\t\t<meta property=\"og:type\" content=\"article\" \/>\n\t\t<meta property=\"og:title\" content=\"San Juan 2015 en las playas de Punta Umbr\u00eda | El Digital de Asturias\" \/>\n\t\t<meta property=\"og:description\" content=\"Tras la buena marcha del plan de actuaci\u00f3n de la Noche de San Juan llevado a cabo por el Ayuntamiento de Punta Umbr\u00eda (Huelva) en los \u00faltimos a\u00f1os, el Consistorio vuelve a permitir seis hogueras controladas en este evento, que tendr\u00e1 lugar este martes, 23 de junio. As\u00ed, los fuegos permitidos, uno menos que el\" \/>\n\t\t<meta property=\"og:url\" content=\"https:\/\/eldigitaldeasturias.com\/magazine365\/san-juan-2015-en-las-playas-de-punta-umbria\/\" \/>\n\t\t<meta property=\"og:image\" content=\"https:\/\/eldigitaldeasturias.com\/magazine365\/wp-content\/uploads\/2015\/06\/fotonoticia_20150623102841_800.jpg\" \/>\n\t\t<meta property=\"og:image:secure_url\" content=\"https:\/\/eldigitaldeasturias.com\/magazine365\/wp-content\/uploads\/2015\/06\/fotonoticia_20150623102841_800.jpg\" \/>\n\t\t<meta property=\"og:image:width\" content=\"800\" \/>\n\t\t<meta property=\"og:image:height\" content=\"600\" \/>\n\t\t<meta property=\"article:published_time\" content=\"2015-06-24T02:53:39+00:00\" \/>\n\t\t<meta property=\"article:modified_time\" content=\"2015-06-24T02:53:39+00:00\" \/>\n\t\t<meta name=\"twitter:card\" content=\"summary_large_image\" \/>\n\t\t<meta name=\"twitter:title\" content=\"San Juan 2015 en las playas de Punta Umbr\u00eda | El Digital de Asturias\" \/>\n\t\t<meta name=\"twitter:description\" content=\"Tras la buena marcha del plan de actuaci\u00f3n de la Noche de San Juan llevado a cabo por el Ayuntamiento de Punta Umbr\u00eda (Huelva) en los \u00faltimos a\u00f1os, el Consistorio vuelve a permitir seis hogueras controladas en este evento, que tendr\u00e1 lugar este martes, 23 de junio. As\u00ed, los fuegos permitidos, uno menos que el\" \/>\n\t\t<meta name=\"twitter:image\" content=\"https:\/\/eldigitaldeasturias.com\/magazine365\/wp-content\/uploads\/2015\/06\/fotonoticia_20150623102841_800.jpg\" \/>\n\t\t<script type=\"application\/ld+json\" class=\"aioseo-schema\">\n\t\t\t{\"@context\":\"https:\\\/\\\/schema.org\",\"@graph\":[{\"@type\":\"Article\",\"@id\":\"https:\\\/\\\/eldigitaldeasturias.com\\\/magazine365\\\/san-juan-2015-en-las-playas-de-punta-umbria\\\/#article\",\"name\":\"San Juan 2015 en las playas de Punta Umbr\\u00eda | El Digital de Asturias\",\"headline\":\"San Juan 2015 en las playas de Punta Umbr\\u00eda\",\"author\":{\"@id\":\"https:\\\/\\\/eldigitaldeasturias.com\\\/magazine365\\\/author\\\/admin\\\/#author\"},\"publisher\":{\"@id\":\"https:\\\/\\\/eldigitaldeasturias.com\\\/magazine365\\\/#organization\"},\"image\":{\"@type\":\"ImageObject\",\"url\":\"https:\\\/\\\/eldigitaldeasturias.com\\\/magazine365\\\/wp-content\\\/uploads\\\/2015\\\/06\\\/fotonoticia_20150623102841_800.jpg\",\"width\":800,\"height\":600},\"datePublished\":\"2015-06-24T04:23:39+02:00\",\"dateModified\":\"2015-06-24T04:23:39+02:00\",\"inLanguage\":\"es-ES\",\"mainEntityOfPage\":{\"@id\":\"https:\\\/\\\/eldigitaldeasturias.com\\\/magazine365\\\/san-juan-2015-en-las-playas-de-punta-umbria\\\/#webpage\"},\"isPartOf\":{\"@id\":\"https:\\\/\\\/eldigitaldeasturias.com\\\/magazine365\\\/san-juan-2015-en-las-playas-de-punta-umbria\\\/#webpage\"},\"articleSection\":\"Actualidad Turismo\"},{\"@type\":\"BreadcrumbList\",\"@id\":\"https:\\\/\\\/eldigitaldeasturias.com\\\/magazine365\\\/san-juan-2015-en-las-playas-de-punta-umbria\\\/#breadcrumblist\",\"itemListElement\":[{\"@type\":\"ListItem\",\"@id\":\"https:\\\/\\\/eldigitaldeasturias.com\\\/magazine365#listItem\",\"position\":1,\"name\":\"Home\",\"item\":\"https:\\\/\\\/eldigitaldeasturias.com\\\/magazine365\",\"nextItem\":{\"@type\":\"ListItem\",\"@id\":\"https:\\\/\\\/eldigitaldeasturias.com\\\/magazine365\\\/category\\\/actualidad-turismo\\\/#listItem\",\"name\":\"Actualidad Turismo\"}},{\"@type\":\"ListItem\",\"@id\":\"https:\\\/\\\/eldigitaldeasturias.com\\\/magazine365\\\/category\\\/actualidad-turismo\\\/#listItem\",\"position\":2,\"name\":\"Actualidad Turismo\",\"item\":\"https:\\\/\\\/eldigitaldeasturias.com\\\/magazine365\\\/category\\\/actualidad-turismo\\\/\",\"nextItem\":{\"@type\":\"ListItem\",\"@id\":\"https:\\\/\\\/eldigitaldeasturias.com\\\/magazine365\\\/san-juan-2015-en-las-playas-de-punta-umbria\\\/#listItem\",\"name\":\"San Juan 2015 en las playas de Punta Umbr\\u00eda\"},\"previousItem\":{\"@type\":\"ListItem\",\"@id\":\"https:\\\/\\\/eldigitaldeasturias.com\\\/magazine365#listItem\",\"name\":\"Home\"}},{\"@type\":\"ListItem\",\"@id\":\"https:\\\/\\\/eldigitaldeasturias.com\\\/magazine365\\\/san-juan-2015-en-las-playas-de-punta-umbria\\\/#listItem\",\"position\":3,\"name\":\"San Juan 2015 en las playas de Punta Umbr\\u00eda\",\"previousItem\":{\"@type\":\"ListItem\",\"@id\":\"https:\\\/\\\/eldigitaldeasturias.com\\\/magazine365\\\/category\\\/actualidad-turismo\\\/#listItem\",\"name\":\"Actualidad Turismo\"}}]},{\"@type\":\"Organization\",\"@id\":\"https:\\\/\\\/eldigitaldeasturias.com\\\/magazine365\\\/#organization\",\"name\":\"El digital de Asturias\",\"description\":\"Revista de ocio, turismo y estilo de vida\",\"url\":\"https:\\\/\\\/eldigitaldeasturias.com\\\/magazine365\\\/\",\"logo\":{\"@type\":\"ImageObject\",\"url\":\"https:\\\/\\\/www.eldigitaldeasturias.com\\\/noticias\\\/wp-content\\\/uploads\\\/2020\\\/12\\\/EDA.jpg\",\"@id\":\"https:\\\/\\\/eldigitaldeasturias.com\\\/magazine365\\\/san-juan-2015-en-las-playas-de-punta-umbria\\\/#organizationLogo\"},\"image\":{\"@id\":\"https:\\\/\\\/eldigitaldeasturias.com\\\/magazine365\\\/san-juan-2015-en-las-playas-de-punta-umbria\\\/#organizationLogo\"}},{\"@type\":\"Person\",\"@id\":\"https:\\\/\\\/eldigitaldeasturias.com\\\/magazine365\\\/author\\\/admin\\\/#author\",\"url\":\"https:\\\/\\\/eldigitaldeasturias.com\\\/magazine365\\\/author\\\/admin\\\/\",\"name\":\"admin\",\"image\":{\"@type\":\"ImageObject\",\"@id\":\"https:\\\/\\\/eldigitaldeasturias.com\\\/magazine365\\\/san-juan-2015-en-las-playas-de-punta-umbria\\\/#authorImage\",\"url\":\"https:\\\/\\\/eldigitaldeasturias.com\\\/magazine365\\\/wp-content\\\/litespeed\\\/avatar\\\/e571bcf59a0edd6fa6838245a470f2fe.jpg?ver=1777574230\",\"width\":96,\"height\":96,\"caption\":\"admin\"}},{\"@type\":\"WebPage\",\"@id\":\"https:\\\/\\\/eldigitaldeasturias.com\\\/magazine365\\\/san-juan-2015-en-las-playas-de-punta-umbria\\\/#webpage\",\"url\":\"https:\\\/\\\/eldigitaldeasturias.com\\\/magazine365\\\/san-juan-2015-en-las-playas-de-punta-umbria\\\/\",\"name\":\"San Juan 2015 en las playas de Punta Umbr\\u00eda | El Digital de Asturias\",\"description\":\"Tras la buena marcha del plan de actuaci\\u00f3n de la Noche de San Juan llevado a cabo por el Ayuntamiento de Punta Umbr\\u00eda (Huelva) en los \\u00faltimos a\\u00f1os, el Consistorio vuelve a permitir seis hogueras controladas en este evento, que tendr\\u00e1 lugar este martes, 23 de junio. As\\u00ed, los fuegos permitidos, uno menos que el\",\"inLanguage\":\"es-ES\",\"isPartOf\":{\"@id\":\"https:\\\/\\\/eldigitaldeasturias.com\\\/magazine365\\\/#website\"},\"breadcrumb\":{\"@id\":\"https:\\\/\\\/eldigitaldeasturias.com\\\/magazine365\\\/san-juan-2015-en-las-playas-de-punta-umbria\\\/#breadcrumblist\"},\"author\":{\"@id\":\"https:\\\/\\\/eldigitaldeasturias.com\\\/magazine365\\\/author\\\/admin\\\/#author\"},\"creator\":{\"@id\":\"https:\\\/\\\/eldigitaldeasturias.com\\\/magazine365\\\/author\\\/admin\\\/#author\"},\"image\":{\"@type\":\"ImageObject\",\"url\":\"https:\\\/\\\/eldigitaldeasturias.com\\\/magazine365\\\/wp-content\\\/uploads\\\/2015\\\/06\\\/fotonoticia_20150623102841_800.jpg\",\"@id\":\"https:\\\/\\\/eldigitaldeasturias.com\\\/magazine365\\\/san-juan-2015-en-las-playas-de-punta-umbria\\\/#mainImage\",\"width\":800,\"height\":600},\"primaryImageOfPage\":{\"@id\":\"https:\\\/\\\/eldigitaldeasturias.com\\\/magazine365\\\/san-juan-2015-en-las-playas-de-punta-umbria\\\/#mainImage\"},\"datePublished\":\"2015-06-24T04:23:39+02:00\",\"dateModified\":\"2015-06-24T04:23:39+02:00\"},{\"@type\":\"WebSite\",\"@id\":\"https:\\\/\\\/eldigitaldeasturias.com\\\/magazine365\\\/#website\",\"url\":\"https:\\\/\\\/eldigitaldeasturias.com\\\/magazine365\\\/\",\"name\":\"El Digital de Asturias\",\"description\":\"Revista de ocio, turismo y estilo de vida\",\"inLanguage\":\"es-ES\",\"publisher\":{\"@id\":\"https:\\\/\\\/eldigitaldeasturias.com\\\/magazine365\\\/#organization\"}}]}\n\t\t<\/script>\n\t\t<!-- All in One SEO Pro -->\r\n\t\t<title>San Juan 2015 en las playas de Punta Umbr\u00eda | El Digital de Asturias<\/title>\n\n","aioseo_head_json":{"title":"San Juan 2015 en las playas de Punta Umbr\u00eda | El Digital de Asturias","description":"Tras la buena marcha del plan de actuaci\u00f3n de la Noche de San Juan llevado a cabo por el Ayuntamiento de Punta Umbr\u00eda (Huelva) en los \u00faltimos a\u00f1os, el Consistorio vuelve a permitir seis hogueras controladas en este evento, que tendr\u00e1 lugar este martes, 23 de junio. As\u00ed, los fuegos permitidos, uno menos que el","canonical_url":"https:\/\/eldigitaldeasturias.com\/magazine365\/san-juan-2015-en-las-playas-de-punta-umbria\/","robots":"max-image-preview:large","keywords":"actualidad turismo","webmasterTools":{"google-site-verification":"UA-38556648-1","miscellaneous":""},"schema":{"@context":"https:\/\/schema.org","@graph":[{"@type":"Article","@id":"https:\/\/eldigitaldeasturias.com\/magazine365\/san-juan-2015-en-las-playas-de-punta-umbria\/#article","name":"San Juan 2015 en las playas de Punta Umbr\u00eda | El Digital de Asturias","headline":"San Juan 2015 en las playas de Punta Umbr\u00eda","author":{"@id":"https:\/\/eldigitaldeasturias.com\/magazine365\/author\/admin\/#author"},"publisher":{"@id":"https:\/\/eldigitaldeasturias.com\/magazine365\/#organization"},"image":{"@type":"ImageObject","url":"https:\/\/eldigitaldeasturias.com\/magazine365\/wp-content\/uploads\/2015\/06\/fotonoticia_20150623102841_800.jpg","width":800,"height":600},"datePublished":"2015-06-24T04:23:39+02:00","dateModified":"2015-06-24T04:23:39+02:00","inLanguage":"es-ES","mainEntityOfPage":{"@id":"https:\/\/eldigitaldeasturias.com\/magazine365\/san-juan-2015-en-las-playas-de-punta-umbria\/#webpage"},"isPartOf":{"@id":"https:\/\/eldigitaldeasturias.com\/magazine365\/san-juan-2015-en-las-playas-de-punta-umbria\/#webpage"},"articleSection":"Actualidad Turismo"},{"@type":"BreadcrumbList","@id":"https:\/\/eldigitaldeasturias.com\/magazine365\/san-juan-2015-en-las-playas-de-punta-umbria\/#breadcrumblist","itemListElement":[{"@type":"ListItem","@id":"https:\/\/eldigitaldeasturias.com\/magazine365#listItem","position":1,"name":"Home","item":"https:\/\/eldigitaldeasturias.com\/magazine365","nextItem":{"@type":"ListItem","@id":"https:\/\/eldigitaldeasturias.com\/magazine365\/category\/actualidad-turismo\/#listItem","name":"Actualidad Turismo"}},{"@type":"ListItem","@id":"https:\/\/eldigitaldeasturias.com\/magazine365\/category\/actualidad-turismo\/#listItem","position":2,"name":"Actualidad Turismo","item":"https:\/\/eldigitaldeasturias.com\/magazine365\/category\/actualidad-turismo\/","nextItem":{"@type":"ListItem","@id":"https:\/\/eldigitaldeasturias.com\/magazine365\/san-juan-2015-en-las-playas-de-punta-umbria\/#listItem","name":"San Juan 2015 en las playas de Punta Umbr\u00eda"},"previousItem":{"@type":"ListItem","@id":"https:\/\/eldigitaldeasturias.com\/magazine365#listItem","name":"Home"}},{"@type":"ListItem","@id":"https:\/\/eldigitaldeasturias.com\/magazine365\/san-juan-2015-en-las-playas-de-punta-umbria\/#listItem","position":3,"name":"San Juan 2015 en las playas de Punta Umbr\u00eda","previousItem":{"@type":"ListItem","@id":"https:\/\/eldigitaldeasturias.com\/magazine365\/category\/actualidad-turismo\/#listItem","name":"Actualidad Turismo"}}]},{"@type":"Organization","@id":"https:\/\/eldigitaldeasturias.com\/magazine365\/#organization","name":"El digital de Asturias","description":"Revista de ocio, turismo y estilo de vida","url":"https:\/\/eldigitaldeasturias.com\/magazine365\/","logo":{"@type":"ImageObject","url":"https:\/\/www.eldigitaldeasturias.com\/noticias\/wp-content\/uploads\/2020\/12\/EDA.jpg","@id":"https:\/\/eldigitaldeasturias.com\/magazine365\/san-juan-2015-en-las-playas-de-punta-umbria\/#organizationLogo"},"image":{"@id":"https:\/\/eldigitaldeasturias.com\/magazine365\/san-juan-2015-en-las-playas-de-punta-umbria\/#organizationLogo"}},{"@type":"Person","@id":"https:\/\/eldigitaldeasturias.com\/magazine365\/author\/admin\/#author","url":"https:\/\/eldigitaldeasturias.com\/magazine365\/author\/admin\/","name":"admin","image":{"@type":"ImageObject","@id":"https:\/\/eldigitaldeasturias.com\/magazine365\/san-juan-2015-en-las-playas-de-punta-umbria\/#authorImage","url":"https:\/\/eldigitaldeasturias.com\/magazine365\/wp-content\/litespeed\/avatar\/e571bcf59a0edd6fa6838245a470f2fe.jpg?ver=1777574230","width":96,"height":96,"caption":"admin"}},{"@type":"WebPage","@id":"https:\/\/eldigitaldeasturias.com\/magazine365\/san-juan-2015-en-las-playas-de-punta-umbria\/#webpage","url":"https:\/\/eldigitaldeasturias.com\/magazine365\/san-juan-2015-en-las-playas-de-punta-umbria\/","name":"San Juan 2015 en las playas de Punta Umbr\u00eda | El Digital de Asturias","description":"Tras la buena marcha del plan de actuaci\u00f3n de la Noche de San Juan llevado a cabo por el Ayuntamiento de Punta Umbr\u00eda (Huelva) en los \u00faltimos a\u00f1os, el Consistorio vuelve a permitir seis hogueras controladas en este evento, que tendr\u00e1 lugar este martes, 23 de junio. As\u00ed, los fuegos permitidos, uno menos que el","inLanguage":"es-ES","isPartOf":{"@id":"https:\/\/eldigitaldeasturias.com\/magazine365\/#website"},"breadcrumb":{"@id":"https:\/\/eldigitaldeasturias.com\/magazine365\/san-juan-2015-en-las-playas-de-punta-umbria\/#breadcrumblist"},"author":{"@id":"https:\/\/eldigitaldeasturias.com\/magazine365\/author\/admin\/#author"},"creator":{"@id":"https:\/\/eldigitaldeasturias.com\/magazine365\/author\/admin\/#author"},"image":{"@type":"ImageObject","url":"https:\/\/eldigitaldeasturias.com\/magazine365\/wp-content\/uploads\/2015\/06\/fotonoticia_20150623102841_800.jpg","@id":"https:\/\/eldigitaldeasturias.com\/magazine365\/san-juan-2015-en-las-playas-de-punta-umbria\/#mainImage","width":800,"height":600},"primaryImageOfPage":{"@id":"https:\/\/eldigitaldeasturias.com\/magazine365\/san-juan-2015-en-las-playas-de-punta-umbria\/#mainImage"},"datePublished":"2015-06-24T04:23:39+02:00","dateModified":"2015-06-24T04:23:39+02:00"},{"@type":"WebSite","@id":"https:\/\/eldigitaldeasturias.com\/magazine365\/#website","url":"https:\/\/eldigitaldeasturias.com\/magazine365\/","name":"El Digital de Asturias","description":"Revista de ocio, turismo y estilo de vida","inLanguage":"es-ES","publisher":{"@id":"https:\/\/eldigitaldeasturias.com\/magazine365\/#organization"}}]},"og:locale":"es_ES","og:site_name":"El Digital de Asturias \u2013 Revista de ocio, turismo y estilo de vida","og:type":"article","og:title":"San Juan 2015 en las playas de Punta Umbr\u00eda | El Digital de Asturias","og:description":"Tras la buena marcha del plan de actuaci\u00f3n de la Noche de San Juan llevado a cabo por el Ayuntamiento de Punta Umbr\u00eda (Huelva) en los \u00faltimos a\u00f1os, el Consistorio vuelve a permitir seis hogueras controladas en este evento, que tendr\u00e1 lugar este martes, 23 de junio. As\u00ed, los fuegos permitidos, uno menos que el","og:url":"https:\/\/eldigitaldeasturias.com\/magazine365\/san-juan-2015-en-las-playas-de-punta-umbria\/","og:image":"https:\/\/eldigitaldeasturias.com\/magazine365\/wp-content\/uploads\/2015\/06\/fotonoticia_20150623102841_800.jpg","og:image:secure_url":"https:\/\/eldigitaldeasturias.com\/magazine365\/wp-content\/uploads\/2015\/06\/fotonoticia_20150623102841_800.jpg","og:image:width":800,"og:image:height":600,"article:published_time":"2015-06-24T02:53:39+00:00","article:modified_time":"2015-06-24T02:53:39+00:00","twitter:card":"summary_large_image","twitter:title":"San Juan 2015 en las playas de Punta Umbr\u00eda | El Digital de Asturias","twitter:description":"Tras la buena marcha del plan de actuaci\u00f3n de la Noche de San Juan llevado a cabo por el Ayuntamiento de Punta Umbr\u00eda (Huelva) en los \u00faltimos a\u00f1os, el Consistorio vuelve a permitir seis hogueras controladas en este evento, que tendr\u00e1 lugar este martes, 23 de junio. As\u00ed, los fuegos permitidos, uno menos que el","twitter:image":"https:\/\/eldigitaldeasturias.com\/magazine365\/wp-content\/uploads\/2015\/06\/fotonoticia_20150623102841_800.jpg"},"aioseo_meta_data":{"post_id":"40677","title":null,"description":null,"keywords":null,"keyphrases":null,"primary_term":null,"canonical_url":null,"og_title":null,"og_description":null,"og_object_type":"default","og_image_type":"default","og_image_url":null,"og_image_width":null,"og_image_height":null,"og_image_custom_url":null,"og_image_custom_fields":null,"og_video":null,"og_custom_url":null,"og_article_section":null,"og_article_tags":null,"twitter_use_og":false,"twitter_card":"default","twitter_image_type":"default","twitter_image_url":null,"twitter_image_custom_url":null,"twitter_image_custom_fields":null,"twitter_title":null,"twitter_description":null,"schema":{"blockGraphs":[],"customGraphs":[],"default":{"data":{"Article":[],"Course":[],"Dataset":[],"FAQPage":[],"Movie":[],"Person":[],"Product":[],"ProductReview":[],"Car":[],"Recipe":[],"Service":[],"SoftwareApplication":[],"WebPage":[]},"graphName":"","isEnabled":true},"graphs":[],"defaultGraph":"","defaultPostTypeGraph":""},"schema_type":null,"schema_type_options":null,"pillar_content":false,"robots_default":true,"robots_noindex":false,"robots_noarchive":false,"robots_nosnippet":false,"robots_nofollow":false,"robots_noimageindex":false,"robots_noodp":false,"robots_notranslate":false,"robots_max_snippet":null,"robots_max_videopreview":null,"robots_max_imagepreview":"large","priority":null,"frequency":null,"location":null,"local_seo":null,"seo_analyzer_scan_date":"2025-09-19 14:04:14","breadcrumb_settings":null,"limit_modified_date":false,"open_ai":null,"ai":null,"created":"2021-03-09 02:25:54","updated":"2025-09-19 14:04:14"},"aioseo_breadcrumb":"<div class=\"aioseo-breadcrumbs\"><span class=\"aioseo-breadcrumb\">\n\t<a href=\"https:\/\/eldigitaldeasturias.com\/magazine365\" title=\"Home\">Home<\/a>\n<\/span><span class=\"aioseo-breadcrumb-separator\">\u2013<\/span><span class=\"aioseo-breadcrumb\">\n\t<a href=\"https:\/\/eldigitaldeasturias.com\/magazine365\/category\/actualidad-turismo\/\" title=\"Actualidad Turismo\">Actualidad Turismo<\/a>\n<\/span><span class=\"aioseo-breadcrumb-separator\">\u2013<\/span><span class=\"aioseo-breadcrumb\">\n\t<a href=\"https:\/\/eldigitaldeasturias.com\/magazine365\/san-juan-2015-en-las-playas-de-punta-umbria\/\" title=\"San Juan 2015 en las playas de Punta Umbr\u00eda\">San Juan 2015 en las playas de Punta Umbr\u00eda<\/a>\n<\/span><\/div>","aioseo_breadcrumb_json":[{"label":"Home","link":"https:\/\/eldigitaldeasturias.com\/magazine365"},{"label":"Actualidad Turismo","link":"https:\/\/eldigitaldeasturias.com\/magazine365\/category\/actualidad-turismo\/"},{"label":"San Juan 2015 en las playas de Punta Umbr\u00eda","link":"https:\/\/eldigitaldeasturias.com\/magazine365\/san-juan-2015-en-las-playas-de-punta-umbria\/"}],"_links":{"self":[{"href":"https:\/\/eldigitaldeasturias.com\/magazine365\/wp-json\/wp\/v2\/posts\/40677","targetHints":{"allow":["GET"]}}],"collection":[{"href":"https:\/\/eldigitaldeasturias.com\/magazine365\/wp-json\/wp\/v2\/posts"}],"about":[{"href":"https:\/\/eldigitaldeasturias.com\/magazine365\/wp-json\/wp\/v2\/types\/post"}],"author":[{"embeddable":true,"href":"https:\/\/eldigitaldeasturias.com\/magazine365\/wp-json\/wp\/v2\/users\/1"}],"replies":[{"embeddable":true,"href":"https:\/\/eldigitaldeasturias.com\/magazine365\/wp-json\/wp\/v2\/comments?post=40677"}],"version-history":[{"count":0,"href":"https:\/\/eldigitaldeasturias.com\/magazine365\/wp-json\/wp\/v2\/posts\/40677\/revisions"}],"wp:featuredmedia":[{"embeddable":true,"href":"https:\/\/eldigitaldeasturias.com\/magazine365\/wp-json\/wp\/v2\/media\/40678"}],"wp:attachment":[{"href":"https:\/\/eldigitaldeasturias.com\/magazine365\/wp-json\/wp\/v2\/media?parent=40677"}],"wp:term":[{"taxonomy":"category","embeddable":true,"href":"https:\/\/eldigitaldeasturias.com\/magazine365\/wp-json\/wp\/v2\/categories?post=40677"},{"taxonomy":"post_tag","embeddable":true,"href":"https:\/\/eldigitaldeasturias.com\/magazine365\/wp-json\/wp\/v2\/tags?post=40677"}],"curies":[{"name":"wp","href":"https:\/\/api.w.org\/{rel}","templated":true}]}}