{"id":40675,"date":"2015-06-24T04:21:57","date_gmt":"2015-06-24T02:51:57","guid":{"rendered":"http:\/\/eldigitaldeasturias.com\/magazine365\/?p=40675"},"modified":"2015-06-24T04:21:57","modified_gmt":"2015-06-24T02:51:57","slug":"el-061-de-galicia-aconseja-precaucion-en-las-hogueras-de-san-juan","status":"publish","type":"post","link":"https:\/\/eldigitaldeasturias.com\/magazine365\/el-061-de-galicia-aconseja-precaucion-en-las-hogueras-de-san-juan\/","title":{"rendered":"El 061 de Galicia aconseja \u00abprecauci\u00f3n\u00bb en las hogueras de San Juan"},"content":{"rendered":"<p><img fetchpriority=\"high\" decoding=\"async\" class=\"alignleft size-medium wp-image-40671\" src=\"https:\/\/eldigitaldeasturias.com\/magazine365\/wp-content\/uploads\/2015\/06\/fotonoticia_20150623102410_800-360x241.jpg\" alt=\"fotonoticia_20150623102410_800\" width=\"360\" height=\"241\" srcset=\"https:\/\/eldigitaldeasturias.com\/magazine365\/wp-content\/uploads\/2015\/06\/fotonoticia_20150623102410_800-360x241.jpg 360w, https:\/\/eldigitaldeasturias.com\/magazine365\/wp-content\/uploads\/2015\/06\/fotonoticia_20150623102410_800-650x435.jpg 650w, https:\/\/eldigitaldeasturias.com\/magazine365\/wp-content\/uploads\/2015\/06\/fotonoticia_20150623102410_800-768x514.jpg 768w, https:\/\/eldigitaldeasturias.com\/magazine365\/wp-content\/uploads\/2015\/06\/fotonoticia_20150623102410_800-150x100.jpg 150w, https:\/\/eldigitaldeasturias.com\/magazine365\/wp-content\/uploads\/2015\/06\/fotonoticia_20150623102410_800-450x301.jpg 450w, https:\/\/eldigitaldeasturias.com\/magazine365\/wp-content\/uploads\/2015\/06\/fotonoticia_20150623102410_800-696x465.jpg 696w, https:\/\/eldigitaldeasturias.com\/magazine365\/wp-content\/uploads\/2015\/06\/fotonoticia_20150623102410_800-628x420.jpg 628w, https:\/\/eldigitaldeasturias.com\/magazine365\/wp-content\/uploads\/2015\/06\/fotonoticia_20150623102410_800-84x55.jpg 84w, https:\/\/eldigitaldeasturias.com\/magazine365\/wp-content\/uploads\/2015\/06\/fotonoticia_20150623102410_800.jpg 800w\" sizes=\"(max-width: 360px) 100vw, 360px\" \/>La Fundaci\u00f3n P\u00fablica Urxencias Sanitarias de Galicia-061 aconseja un a\u00f1o m\u00e1s tener \u00abprecauci\u00f3n\u00bb ante el consumo de alcohol, la conducci\u00f3n y el fuego de las hogueras en la noche de San Juan este martes con el fin de evitar incidentes durante la celebraci\u00f3n.<\/p>\n<p>Seg\u00fan explica el 061, los accidentes de tr\u00e1fico, las quemaduras y las intoxicaciones et\u00edlicas constituyen la causa principal de las llamadas de demanda de asistencia sanitaria a la Central de Coordinaci\u00f3n del 061 en la noche de San Juan.<\/p>\n<p>Las tradicionales hogueras de esta fiesta, seg\u00fan indica el 061, \u00absuponen, adem\u00e1s, un componente de peligrosidad tanto por el fuego como por el humo producido por las mismas\u00bb.<\/p>\n<p>Por ello, el 061 ha destacado que los medios humanos de la Central de Coordinaci\u00f3n \u00abse refuerzan\u00bb con el objetivo de \u00abdar respuesta a la demanda sanitaria\u00bb con motivo de esta fiesta.<\/p>\n<p>CONSEJOS<\/p>\n<p>El 061 recuerda que \u00abes importante\u00bb elegir el sitio para hacer las hogueras ya que \u00abno debe ser\u00bb en lugares cerrados y evitar la proximidad de cables de alta tensi\u00f3n; y para prenderlas recuerda que \u00abno se deben utilizar l\u00edquidos inflamables\u00bb.<\/p>\n<p>A la hora de saltar las hogueras, incide el 061 en sus recomendaciones en que se debe evitar la ropa sint\u00e9tica y utilizar preferiblemente vestimenta de algod\u00f3n.<\/p>\n<p>En el caso de sufrir alg\u00fan tipo de quemadura, Urxencias Sanitarias se\u00f1ala la importancia de alertar al 061 \u00abinmediatamente\u00bb; y aconseja, asimismo, no realizar desplazamientos en autom\u00f3vil en caso de consumir alcohol o drogas.<\/p>\n<p>DATOS 2014<\/p>\n<p>Seg\u00fan recuerda el 061, en la noche de San Juan de 2014 atendi\u00f3 entre las 19,00 horas del 23 de junio y las 8,00 horas del d\u00eda 24 un total de 41 intoxicaciones, siete accidentes de tr\u00e1fico con ocho personas implicadas y siete quemaduras provocadas por las hogueras.<\/p>\n<p>El 061 asisti\u00f3 a mayores nueve personas por alteraciones de la consciencia, ca\u00eddas y mareos y lesiones producidas en el entorno de las hogueras.<\/p>\n","protected":false},"excerpt":{"rendered":"<p>La Fundaci\u00f3n P\u00fablica Urxencias Sanitarias de Galicia-061 aconseja un a\u00f1o m\u00e1s tener \u00abprecauci\u00f3n\u00bb ante el consumo de alcohol, la conducci\u00f3n y el fuego de las hogueras en la noche de San Juan este martes con el fin de evitar incidentes durante la celebraci\u00f3n. Seg\u00fan explica el 061, los accidentes de tr\u00e1fico, las quemaduras y las<\/p>\n","protected":false},"author":1,"featured_media":40671,"comment_status":"open","ping_status":"closed","sticky":false,"template":"","format":"standard","meta":{"footnotes":""},"categories":[222],"tags":[],"class_list":{"0":"post-40675","1":"post","2":"type-post","3":"status-publish","4":"format-standard","5":"has-post-thumbnail","7":"category-actualidad-turismo"},"aioseo_notices":[],"aioseo_head":"\n\t\t<!-- All in One SEO Pro 4.9.6.1 - aioseo.com -->\n\t<meta name=\"description\" content=\"La Fundaci\u00f3n P\u00fablica Urxencias Sanitarias de Galicia-061 aconseja un a\u00f1o m\u00e1s tener &quot;precauci\u00f3n&quot; ante el consumo de alcohol, la conducci\u00f3n y el fuego de las hogueras en la noche de San Juan este martes con el fin de evitar incidentes durante la celebraci\u00f3n. Seg\u00fan explica el 061, los accidentes de tr\u00e1fico, las quemaduras y las\" \/>\n\t<meta name=\"robots\" content=\"max-image-preview:large\" \/>\n\t<meta name=\"author\" content=\"admin\"\/>\n\t<meta name=\"google-site-verification\" content=\"UA-38556648-1\" \/>\n\t<meta name=\"keywords\" content=\"actualidad turismo\" \/>\n\t<link rel=\"canonical\" href=\"https:\/\/eldigitaldeasturias.com\/magazine365\/el-061-de-galicia-aconseja-precaucion-en-las-hogueras-de-san-juan\/\" \/>\n\t<meta name=\"generator\" content=\"All in One SEO Pro (AIOSEO) 4.9.6.1\" \/>\n\t\t<meta property=\"og:locale\" content=\"es_ES\" \/>\n\t\t<meta property=\"og:site_name\" content=\"El Digital de Asturias \u2013 Revista de ocio, turismo y estilo de vida\" \/>\n\t\t<meta property=\"og:type\" content=\"article\" \/>\n\t\t<meta property=\"og:title\" content=\"El 061 de Galicia aconseja \u00abprecauci\u00f3n\u00bb en las hogueras de San Juan | El Digital de Asturias\" \/>\n\t\t<meta property=\"og:description\" content=\"La Fundaci\u00f3n P\u00fablica Urxencias Sanitarias de Galicia-061 aconseja un a\u00f1o m\u00e1s tener &quot;precauci\u00f3n&quot; ante el consumo de alcohol, la conducci\u00f3n y el fuego de las hogueras en la noche de San Juan este martes con el fin de evitar incidentes durante la celebraci\u00f3n. Seg\u00fan explica el 061, los accidentes de tr\u00e1fico, las quemaduras y las\" \/>\n\t\t<meta property=\"og:url\" content=\"https:\/\/eldigitaldeasturias.com\/magazine365\/el-061-de-galicia-aconseja-precaucion-en-las-hogueras-de-san-juan\/\" \/>\n\t\t<meta property=\"og:image\" content=\"https:\/\/eldigitaldeasturias.com\/magazine365\/wp-content\/uploads\/2015\/06\/fotonoticia_20150623102410_800.jpg\" \/>\n\t\t<meta property=\"og:image:secure_url\" content=\"https:\/\/eldigitaldeasturias.com\/magazine365\/wp-content\/uploads\/2015\/06\/fotonoticia_20150623102410_800.jpg\" \/>\n\t\t<meta property=\"og:image:width\" content=\"800\" \/>\n\t\t<meta property=\"og:image:height\" content=\"535\" \/>\n\t\t<meta property=\"article:published_time\" content=\"2015-06-24T02:51:57+00:00\" \/>\n\t\t<meta property=\"article:modified_time\" content=\"2015-06-24T02:51:57+00:00\" \/>\n\t\t<meta name=\"twitter:card\" content=\"summary_large_image\" \/>\n\t\t<meta name=\"twitter:title\" content=\"El 061 de Galicia aconseja \u00abprecauci\u00f3n\u00bb en las hogueras de San Juan | El Digital de Asturias\" \/>\n\t\t<meta name=\"twitter:description\" content=\"La Fundaci\u00f3n P\u00fablica Urxencias Sanitarias de Galicia-061 aconseja un a\u00f1o m\u00e1s tener &quot;precauci\u00f3n&quot; ante el consumo de alcohol, la conducci\u00f3n y el fuego de las hogueras en la noche de San Juan este martes con el fin de evitar incidentes durante la celebraci\u00f3n. Seg\u00fan explica el 061, los accidentes de tr\u00e1fico, las quemaduras y las\" \/>\n\t\t<meta name=\"twitter:image\" content=\"https:\/\/eldigitaldeasturias.com\/magazine365\/wp-content\/uploads\/2015\/06\/fotonoticia_20150623102410_800.jpg\" \/>\n\t\t<script type=\"application\/ld+json\" class=\"aioseo-schema\">\n\t\t\t{\"@context\":\"https:\\\/\\\/schema.org\",\"@graph\":[{\"@type\":\"Article\",\"@id\":\"https:\\\/\\\/eldigitaldeasturias.com\\\/magazine365\\\/el-061-de-galicia-aconseja-precaucion-en-las-hogueras-de-san-juan\\\/#article\",\"name\":\"El 061 de Galicia aconseja \\u00abprecauci\\u00f3n\\u00bb en las hogueras de San Juan | El Digital de Asturias\",\"headline\":\"El 061 de Galicia aconseja \\u00abprecauci\\u00f3n\\u00bb en las hogueras de San Juan\",\"author\":{\"@id\":\"https:\\\/\\\/eldigitaldeasturias.com\\\/magazine365\\\/author\\\/admin\\\/#author\"},\"publisher\":{\"@id\":\"https:\\\/\\\/eldigitaldeasturias.com\\\/magazine365\\\/#organization\"},\"image\":{\"@type\":\"ImageObject\",\"url\":\"https:\\\/\\\/eldigitaldeasturias.com\\\/magazine365\\\/wp-content\\\/uploads\\\/2015\\\/06\\\/fotonoticia_20150623102410_800.jpg\",\"width\":800,\"height\":535},\"datePublished\":\"2015-06-24T04:21:57+02:00\",\"dateModified\":\"2015-06-24T04:21:57+02:00\",\"inLanguage\":\"es-ES\",\"mainEntityOfPage\":{\"@id\":\"https:\\\/\\\/eldigitaldeasturias.com\\\/magazine365\\\/el-061-de-galicia-aconseja-precaucion-en-las-hogueras-de-san-juan\\\/#webpage\"},\"isPartOf\":{\"@id\":\"https:\\\/\\\/eldigitaldeasturias.com\\\/magazine365\\\/el-061-de-galicia-aconseja-precaucion-en-las-hogueras-de-san-juan\\\/#webpage\"},\"articleSection\":\"Actualidad Turismo\"},{\"@type\":\"BreadcrumbList\",\"@id\":\"https:\\\/\\\/eldigitaldeasturias.com\\\/magazine365\\\/el-061-de-galicia-aconseja-precaucion-en-las-hogueras-de-san-juan\\\/#breadcrumblist\",\"itemListElement\":[{\"@type\":\"ListItem\",\"@id\":\"https:\\\/\\\/eldigitaldeasturias.com\\\/magazine365#listItem\",\"position\":1,\"name\":\"Home\",\"item\":\"https:\\\/\\\/eldigitaldeasturias.com\\\/magazine365\",\"nextItem\":{\"@type\":\"ListItem\",\"@id\":\"https:\\\/\\\/eldigitaldeasturias.com\\\/magazine365\\\/category\\\/actualidad-turismo\\\/#listItem\",\"name\":\"Actualidad Turismo\"}},{\"@type\":\"ListItem\",\"@id\":\"https:\\\/\\\/eldigitaldeasturias.com\\\/magazine365\\\/category\\\/actualidad-turismo\\\/#listItem\",\"position\":2,\"name\":\"Actualidad Turismo\",\"item\":\"https:\\\/\\\/eldigitaldeasturias.com\\\/magazine365\\\/category\\\/actualidad-turismo\\\/\",\"nextItem\":{\"@type\":\"ListItem\",\"@id\":\"https:\\\/\\\/eldigitaldeasturias.com\\\/magazine365\\\/el-061-de-galicia-aconseja-precaucion-en-las-hogueras-de-san-juan\\\/#listItem\",\"name\":\"El 061 de Galicia aconseja \\u00abprecauci\\u00f3n\\u00bb en las hogueras de San Juan\"},\"previousItem\":{\"@type\":\"ListItem\",\"@id\":\"https:\\\/\\\/eldigitaldeasturias.com\\\/magazine365#listItem\",\"name\":\"Home\"}},{\"@type\":\"ListItem\",\"@id\":\"https:\\\/\\\/eldigitaldeasturias.com\\\/magazine365\\\/el-061-de-galicia-aconseja-precaucion-en-las-hogueras-de-san-juan\\\/#listItem\",\"position\":3,\"name\":\"El 061 de Galicia aconseja \\u00abprecauci\\u00f3n\\u00bb en las hogueras de San Juan\",\"previousItem\":{\"@type\":\"ListItem\",\"@id\":\"https:\\\/\\\/eldigitaldeasturias.com\\\/magazine365\\\/category\\\/actualidad-turismo\\\/#listItem\",\"name\":\"Actualidad Turismo\"}}]},{\"@type\":\"Organization\",\"@id\":\"https:\\\/\\\/eldigitaldeasturias.com\\\/magazine365\\\/#organization\",\"name\":\"El digital de Asturias\",\"description\":\"Revista de ocio, turismo y estilo de vida\",\"url\":\"https:\\\/\\\/eldigitaldeasturias.com\\\/magazine365\\\/\",\"logo\":{\"@type\":\"ImageObject\",\"url\":\"https:\\\/\\\/www.eldigitaldeasturias.com\\\/noticias\\\/wp-content\\\/uploads\\\/2020\\\/12\\\/EDA.jpg\",\"@id\":\"https:\\\/\\\/eldigitaldeasturias.com\\\/magazine365\\\/el-061-de-galicia-aconseja-precaucion-en-las-hogueras-de-san-juan\\\/#organizationLogo\"},\"image\":{\"@id\":\"https:\\\/\\\/eldigitaldeasturias.com\\\/magazine365\\\/el-061-de-galicia-aconseja-precaucion-en-las-hogueras-de-san-juan\\\/#organizationLogo\"}},{\"@type\":\"Person\",\"@id\":\"https:\\\/\\\/eldigitaldeasturias.com\\\/magazine365\\\/author\\\/admin\\\/#author\",\"url\":\"https:\\\/\\\/eldigitaldeasturias.com\\\/magazine365\\\/author\\\/admin\\\/\",\"name\":\"admin\",\"image\":{\"@type\":\"ImageObject\",\"@id\":\"https:\\\/\\\/eldigitaldeasturias.com\\\/magazine365\\\/el-061-de-galicia-aconseja-precaucion-en-las-hogueras-de-san-juan\\\/#authorImage\",\"url\":\"https:\\\/\\\/eldigitaldeasturias.com\\\/magazine365\\\/wp-content\\\/litespeed\\\/avatar\\\/e571bcf59a0edd6fa6838245a470f2fe.jpg?ver=1777574230\",\"width\":96,\"height\":96,\"caption\":\"admin\"}},{\"@type\":\"WebPage\",\"@id\":\"https:\\\/\\\/eldigitaldeasturias.com\\\/magazine365\\\/el-061-de-galicia-aconseja-precaucion-en-las-hogueras-de-san-juan\\\/#webpage\",\"url\":\"https:\\\/\\\/eldigitaldeasturias.com\\\/magazine365\\\/el-061-de-galicia-aconseja-precaucion-en-las-hogueras-de-san-juan\\\/\",\"name\":\"El 061 de Galicia aconseja \\u00abprecauci\\u00f3n\\u00bb en las hogueras de San Juan | El Digital de Asturias\",\"description\":\"La Fundaci\\u00f3n P\\u00fablica Urxencias Sanitarias de Galicia-061 aconseja un a\\u00f1o m\\u00e1s tener \\\"precauci\\u00f3n\\\" ante el consumo de alcohol, la conducci\\u00f3n y el fuego de las hogueras en la noche de San Juan este martes con el fin de evitar incidentes durante la celebraci\\u00f3n. Seg\\u00fan explica el 061, los accidentes de tr\\u00e1fico, las quemaduras y las\",\"inLanguage\":\"es-ES\",\"isPartOf\":{\"@id\":\"https:\\\/\\\/eldigitaldeasturias.com\\\/magazine365\\\/#website\"},\"breadcrumb\":{\"@id\":\"https:\\\/\\\/eldigitaldeasturias.com\\\/magazine365\\\/el-061-de-galicia-aconseja-precaucion-en-las-hogueras-de-san-juan\\\/#breadcrumblist\"},\"author\":{\"@id\":\"https:\\\/\\\/eldigitaldeasturias.com\\\/magazine365\\\/author\\\/admin\\\/#author\"},\"creator\":{\"@id\":\"https:\\\/\\\/eldigitaldeasturias.com\\\/magazine365\\\/author\\\/admin\\\/#author\"},\"image\":{\"@type\":\"ImageObject\",\"url\":\"https:\\\/\\\/eldigitaldeasturias.com\\\/magazine365\\\/wp-content\\\/uploads\\\/2015\\\/06\\\/fotonoticia_20150623102410_800.jpg\",\"@id\":\"https:\\\/\\\/eldigitaldeasturias.com\\\/magazine365\\\/el-061-de-galicia-aconseja-precaucion-en-las-hogueras-de-san-juan\\\/#mainImage\",\"width\":800,\"height\":535},\"primaryImageOfPage\":{\"@id\":\"https:\\\/\\\/eldigitaldeasturias.com\\\/magazine365\\\/el-061-de-galicia-aconseja-precaucion-en-las-hogueras-de-san-juan\\\/#mainImage\"},\"datePublished\":\"2015-06-24T04:21:57+02:00\",\"dateModified\":\"2015-06-24T04:21:57+02:00\"},{\"@type\":\"WebSite\",\"@id\":\"https:\\\/\\\/eldigitaldeasturias.com\\\/magazine365\\\/#website\",\"url\":\"https:\\\/\\\/eldigitaldeasturias.com\\\/magazine365\\\/\",\"name\":\"El Digital de Asturias\",\"description\":\"Revista de ocio, turismo y estilo de vida\",\"inLanguage\":\"es-ES\",\"publisher\":{\"@id\":\"https:\\\/\\\/eldigitaldeasturias.com\\\/magazine365\\\/#organization\"}}]}\n\t\t<\/script>\n\t\t<!-- All in One SEO Pro -->\r\n\t\t<title>El 061 de Galicia aconseja \u00abprecauci\u00f3n\u00bb en las hogueras de San Juan | El Digital de Asturias<\/title>\n\n","aioseo_head_json":{"title":"El 061 de Galicia aconseja \u00abprecauci\u00f3n\u00bb en las hogueras de San Juan | El Digital de Asturias","description":"La Fundaci\u00f3n P\u00fablica Urxencias Sanitarias de Galicia-061 aconseja un a\u00f1o m\u00e1s tener \"precauci\u00f3n\" ante el consumo de alcohol, la conducci\u00f3n y el fuego de las hogueras en la noche de San Juan este martes con el fin de evitar incidentes durante la celebraci\u00f3n. Seg\u00fan explica el 061, los accidentes de tr\u00e1fico, las quemaduras y las","canonical_url":"https:\/\/eldigitaldeasturias.com\/magazine365\/el-061-de-galicia-aconseja-precaucion-en-las-hogueras-de-san-juan\/","robots":"max-image-preview:large","keywords":"actualidad turismo","webmasterTools":{"google-site-verification":"UA-38556648-1","miscellaneous":""},"schema":{"@context":"https:\/\/schema.org","@graph":[{"@type":"Article","@id":"https:\/\/eldigitaldeasturias.com\/magazine365\/el-061-de-galicia-aconseja-precaucion-en-las-hogueras-de-san-juan\/#article","name":"El 061 de Galicia aconseja \u00abprecauci\u00f3n\u00bb en las hogueras de San Juan | El Digital de Asturias","headline":"El 061 de Galicia aconseja \u00abprecauci\u00f3n\u00bb en las hogueras de San Juan","author":{"@id":"https:\/\/eldigitaldeasturias.com\/magazine365\/author\/admin\/#author"},"publisher":{"@id":"https:\/\/eldigitaldeasturias.com\/magazine365\/#organization"},"image":{"@type":"ImageObject","url":"https:\/\/eldigitaldeasturias.com\/magazine365\/wp-content\/uploads\/2015\/06\/fotonoticia_20150623102410_800.jpg","width":800,"height":535},"datePublished":"2015-06-24T04:21:57+02:00","dateModified":"2015-06-24T04:21:57+02:00","inLanguage":"es-ES","mainEntityOfPage":{"@id":"https:\/\/eldigitaldeasturias.com\/magazine365\/el-061-de-galicia-aconseja-precaucion-en-las-hogueras-de-san-juan\/#webpage"},"isPartOf":{"@id":"https:\/\/eldigitaldeasturias.com\/magazine365\/el-061-de-galicia-aconseja-precaucion-en-las-hogueras-de-san-juan\/#webpage"},"articleSection":"Actualidad Turismo"},{"@type":"BreadcrumbList","@id":"https:\/\/eldigitaldeasturias.com\/magazine365\/el-061-de-galicia-aconseja-precaucion-en-las-hogueras-de-san-juan\/#breadcrumblist","itemListElement":[{"@type":"ListItem","@id":"https:\/\/eldigitaldeasturias.com\/magazine365#listItem","position":1,"name":"Home","item":"https:\/\/eldigitaldeasturias.com\/magazine365","nextItem":{"@type":"ListItem","@id":"https:\/\/eldigitaldeasturias.com\/magazine365\/category\/actualidad-turismo\/#listItem","name":"Actualidad Turismo"}},{"@type":"ListItem","@id":"https:\/\/eldigitaldeasturias.com\/magazine365\/category\/actualidad-turismo\/#listItem","position":2,"name":"Actualidad Turismo","item":"https:\/\/eldigitaldeasturias.com\/magazine365\/category\/actualidad-turismo\/","nextItem":{"@type":"ListItem","@id":"https:\/\/eldigitaldeasturias.com\/magazine365\/el-061-de-galicia-aconseja-precaucion-en-las-hogueras-de-san-juan\/#listItem","name":"El 061 de Galicia aconseja \u00abprecauci\u00f3n\u00bb en las hogueras de San Juan"},"previousItem":{"@type":"ListItem","@id":"https:\/\/eldigitaldeasturias.com\/magazine365#listItem","name":"Home"}},{"@type":"ListItem","@id":"https:\/\/eldigitaldeasturias.com\/magazine365\/el-061-de-galicia-aconseja-precaucion-en-las-hogueras-de-san-juan\/#listItem","position":3,"name":"El 061 de Galicia aconseja \u00abprecauci\u00f3n\u00bb en las hogueras de San Juan","previousItem":{"@type":"ListItem","@id":"https:\/\/eldigitaldeasturias.com\/magazine365\/category\/actualidad-turismo\/#listItem","name":"Actualidad Turismo"}}]},{"@type":"Organization","@id":"https:\/\/eldigitaldeasturias.com\/magazine365\/#organization","name":"El digital de Asturias","description":"Revista de ocio, turismo y estilo de vida","url":"https:\/\/eldigitaldeasturias.com\/magazine365\/","logo":{"@type":"ImageObject","url":"https:\/\/www.eldigitaldeasturias.com\/noticias\/wp-content\/uploads\/2020\/12\/EDA.jpg","@id":"https:\/\/eldigitaldeasturias.com\/magazine365\/el-061-de-galicia-aconseja-precaucion-en-las-hogueras-de-san-juan\/#organizationLogo"},"image":{"@id":"https:\/\/eldigitaldeasturias.com\/magazine365\/el-061-de-galicia-aconseja-precaucion-en-las-hogueras-de-san-juan\/#organizationLogo"}},{"@type":"Person","@id":"https:\/\/eldigitaldeasturias.com\/magazine365\/author\/admin\/#author","url":"https:\/\/eldigitaldeasturias.com\/magazine365\/author\/admin\/","name":"admin","image":{"@type":"ImageObject","@id":"https:\/\/eldigitaldeasturias.com\/magazine365\/el-061-de-galicia-aconseja-precaucion-en-las-hogueras-de-san-juan\/#authorImage","url":"https:\/\/eldigitaldeasturias.com\/magazine365\/wp-content\/litespeed\/avatar\/e571bcf59a0edd6fa6838245a470f2fe.jpg?ver=1777574230","width":96,"height":96,"caption":"admin"}},{"@type":"WebPage","@id":"https:\/\/eldigitaldeasturias.com\/magazine365\/el-061-de-galicia-aconseja-precaucion-en-las-hogueras-de-san-juan\/#webpage","url":"https:\/\/eldigitaldeasturias.com\/magazine365\/el-061-de-galicia-aconseja-precaucion-en-las-hogueras-de-san-juan\/","name":"El 061 de Galicia aconseja \u00abprecauci\u00f3n\u00bb en las hogueras de San Juan | El Digital de Asturias","description":"La Fundaci\u00f3n P\u00fablica Urxencias Sanitarias de Galicia-061 aconseja un a\u00f1o m\u00e1s tener \"precauci\u00f3n\" ante el consumo de alcohol, la conducci\u00f3n y el fuego de las hogueras en la noche de San Juan este martes con el fin de evitar incidentes durante la celebraci\u00f3n. Seg\u00fan explica el 061, los accidentes de tr\u00e1fico, las quemaduras y las","inLanguage":"es-ES","isPartOf":{"@id":"https:\/\/eldigitaldeasturias.com\/magazine365\/#website"},"breadcrumb":{"@id":"https:\/\/eldigitaldeasturias.com\/magazine365\/el-061-de-galicia-aconseja-precaucion-en-las-hogueras-de-san-juan\/#breadcrumblist"},"author":{"@id":"https:\/\/eldigitaldeasturias.com\/magazine365\/author\/admin\/#author"},"creator":{"@id":"https:\/\/eldigitaldeasturias.com\/magazine365\/author\/admin\/#author"},"image":{"@type":"ImageObject","url":"https:\/\/eldigitaldeasturias.com\/magazine365\/wp-content\/uploads\/2015\/06\/fotonoticia_20150623102410_800.jpg","@id":"https:\/\/eldigitaldeasturias.com\/magazine365\/el-061-de-galicia-aconseja-precaucion-en-las-hogueras-de-san-juan\/#mainImage","width":800,"height":535},"primaryImageOfPage":{"@id":"https:\/\/eldigitaldeasturias.com\/magazine365\/el-061-de-galicia-aconseja-precaucion-en-las-hogueras-de-san-juan\/#mainImage"},"datePublished":"2015-06-24T04:21:57+02:00","dateModified":"2015-06-24T04:21:57+02:00"},{"@type":"WebSite","@id":"https:\/\/eldigitaldeasturias.com\/magazine365\/#website","url":"https:\/\/eldigitaldeasturias.com\/magazine365\/","name":"El Digital de Asturias","description":"Revista de ocio, turismo y estilo de vida","inLanguage":"es-ES","publisher":{"@id":"https:\/\/eldigitaldeasturias.com\/magazine365\/#organization"}}]},"og:locale":"es_ES","og:site_name":"El Digital de Asturias \u2013 Revista de ocio, turismo y estilo de vida","og:type":"article","og:title":"El 061 de Galicia aconseja \u00abprecauci\u00f3n\u00bb en las hogueras de San Juan | El Digital de Asturias","og:description":"La Fundaci\u00f3n P\u00fablica Urxencias Sanitarias de Galicia-061 aconseja un a\u00f1o m\u00e1s tener &quot;precauci\u00f3n&quot; ante el consumo de alcohol, la conducci\u00f3n y el fuego de las hogueras en la noche de San Juan este martes con el fin de evitar incidentes durante la celebraci\u00f3n. Seg\u00fan explica el 061, los accidentes de tr\u00e1fico, las quemaduras y las","og:url":"https:\/\/eldigitaldeasturias.com\/magazine365\/el-061-de-galicia-aconseja-precaucion-en-las-hogueras-de-san-juan\/","og:image":"https:\/\/eldigitaldeasturias.com\/magazine365\/wp-content\/uploads\/2015\/06\/fotonoticia_20150623102410_800.jpg","og:image:secure_url":"https:\/\/eldigitaldeasturias.com\/magazine365\/wp-content\/uploads\/2015\/06\/fotonoticia_20150623102410_800.jpg","og:image:width":800,"og:image:height":535,"article:published_time":"2015-06-24T02:51:57+00:00","article:modified_time":"2015-06-24T02:51:57+00:00","twitter:card":"summary_large_image","twitter:title":"El 061 de Galicia aconseja \u00abprecauci\u00f3n\u00bb en las hogueras de San Juan | El Digital de Asturias","twitter:description":"La Fundaci\u00f3n P\u00fablica Urxencias Sanitarias de Galicia-061 aconseja un a\u00f1o m\u00e1s tener &quot;precauci\u00f3n&quot; ante el consumo de alcohol, la conducci\u00f3n y el fuego de las hogueras en la noche de San Juan este martes con el fin de evitar incidentes durante la celebraci\u00f3n. Seg\u00fan explica el 061, los accidentes de tr\u00e1fico, las quemaduras y las","twitter:image":"https:\/\/eldigitaldeasturias.com\/magazine365\/wp-content\/uploads\/2015\/06\/fotonoticia_20150623102410_800.jpg"},"aioseo_meta_data":{"post_id":"40675","title":null,"description":null,"keywords":null,"keyphrases":null,"primary_term":null,"canonical_url":null,"og_title":null,"og_description":null,"og_object_type":"default","og_image_type":"default","og_image_url":null,"og_image_width":null,"og_image_height":null,"og_image_custom_url":null,"og_image_custom_fields":null,"og_video":null,"og_custom_url":null,"og_article_section":null,"og_article_tags":null,"twitter_use_og":false,"twitter_card":"default","twitter_image_type":"default","twitter_image_url":null,"twitter_image_custom_url":null,"twitter_image_custom_fields":null,"twitter_title":null,"twitter_description":null,"schema":{"blockGraphs":[],"customGraphs":[],"default":{"data":{"Article":[],"Course":[],"Dataset":[],"FAQPage":[],"Movie":[],"Person":[],"Product":[],"ProductReview":[],"Car":[],"Recipe":[],"Service":[],"SoftwareApplication":[],"WebPage":[]},"graphName":"","isEnabled":true},"graphs":[],"defaultGraph":"","defaultPostTypeGraph":""},"schema_type":null,"schema_type_options":null,"pillar_content":false,"robots_default":true,"robots_noindex":false,"robots_noarchive":false,"robots_nosnippet":false,"robots_nofollow":false,"robots_noimageindex":false,"robots_noodp":false,"robots_notranslate":false,"robots_max_snippet":null,"robots_max_videopreview":null,"robots_max_imagepreview":"large","priority":null,"frequency":null,"location":null,"local_seo":null,"seo_analyzer_scan_date":"2025-09-19 14:02:30","breadcrumb_settings":null,"limit_modified_date":false,"open_ai":null,"ai":null,"created":"2021-03-09 02:25:54","updated":"2025-09-19 14:02:30"},"aioseo_breadcrumb":"<div class=\"aioseo-breadcrumbs\"><span class=\"aioseo-breadcrumb\">\n\t<a href=\"https:\/\/eldigitaldeasturias.com\/magazine365\" title=\"Home\">Home<\/a>\n<\/span><span class=\"aioseo-breadcrumb-separator\">\u2013<\/span><span class=\"aioseo-breadcrumb\">\n\t<a href=\"https:\/\/eldigitaldeasturias.com\/magazine365\/category\/actualidad-turismo\/\" title=\"Actualidad Turismo\">Actualidad Turismo<\/a>\n<\/span><span class=\"aioseo-breadcrumb-separator\">\u2013<\/span><span class=\"aioseo-breadcrumb\">\n\t<a href=\"https:\/\/eldigitaldeasturias.com\/magazine365\/el-061-de-galicia-aconseja-precaucion-en-las-hogueras-de-san-juan\/\" title=\"El 061 de Galicia aconseja \u00abprecauci\u00f3n\u00bb en las hogueras de San Juan\">El 061 de Galicia aconseja \u00abprecauci\u00f3n\u00bb en las hogueras de San Juan<\/a>\n<\/span><\/div>","aioseo_breadcrumb_json":[{"label":"Home","link":"https:\/\/eldigitaldeasturias.com\/magazine365"},{"label":"Actualidad Turismo","link":"https:\/\/eldigitaldeasturias.com\/magazine365\/category\/actualidad-turismo\/"},{"label":"El 061 de Galicia aconseja \u00abprecauci\u00f3n\u00bb en las hogueras de San Juan","link":"https:\/\/eldigitaldeasturias.com\/magazine365\/el-061-de-galicia-aconseja-precaucion-en-las-hogueras-de-san-juan\/"}],"_links":{"self":[{"href":"https:\/\/eldigitaldeasturias.com\/magazine365\/wp-json\/wp\/v2\/posts\/40675","targetHints":{"allow":["GET"]}}],"collection":[{"href":"https:\/\/eldigitaldeasturias.com\/magazine365\/wp-json\/wp\/v2\/posts"}],"about":[{"href":"https:\/\/eldigitaldeasturias.com\/magazine365\/wp-json\/wp\/v2\/types\/post"}],"author":[{"embeddable":true,"href":"https:\/\/eldigitaldeasturias.com\/magazine365\/wp-json\/wp\/v2\/users\/1"}],"replies":[{"embeddable":true,"href":"https:\/\/eldigitaldeasturias.com\/magazine365\/wp-json\/wp\/v2\/comments?post=40675"}],"version-history":[{"count":0,"href":"https:\/\/eldigitaldeasturias.com\/magazine365\/wp-json\/wp\/v2\/posts\/40675\/revisions"}],"wp:featuredmedia":[{"embeddable":true,"href":"https:\/\/eldigitaldeasturias.com\/magazine365\/wp-json\/wp\/v2\/media\/40671"}],"wp:attachment":[{"href":"https:\/\/eldigitaldeasturias.com\/magazine365\/wp-json\/wp\/v2\/media?parent=40675"}],"wp:term":[{"taxonomy":"category","embeddable":true,"href":"https:\/\/eldigitaldeasturias.com\/magazine365\/wp-json\/wp\/v2\/categories?post=40675"},{"taxonomy":"post_tag","embeddable":true,"href":"https:\/\/eldigitaldeasturias.com\/magazine365\/wp-json\/wp\/v2\/tags?post=40675"}],"curies":[{"name":"wp","href":"https:\/\/api.w.org\/{rel}","templated":true}]}}