{"id":40670,"date":"2015-06-24T04:19:19","date_gmt":"2015-06-24T02:49:19","guid":{"rendered":"http:\/\/eldigitaldeasturias.com\/magazine365\/?p=40670"},"modified":"2015-06-24T04:20:47","modified_gmt":"2015-06-24T02:50:47","slug":"noche-de-san-juan-2015-en-cartagena","status":"publish","type":"post","link":"https:\/\/eldigitaldeasturias.com\/magazine365\/noche-de-san-juan-2015-en-cartagena\/","title":{"rendered":"Noche de San Juan 2015 en Cartagena"},"content":{"rendered":"<p><img fetchpriority=\"high\" decoding=\"async\" class=\"alignleft size-medium wp-image-40671\" src=\"https:\/\/eldigitaldeasturias.com\/magazine365\/wp-content\/uploads\/2015\/06\/fotonoticia_20150623102410_800-360x241.jpg\" alt=\"fotonoticia_20150623102410_800\" width=\"360\" height=\"241\" srcset=\"https:\/\/eldigitaldeasturias.com\/magazine365\/wp-content\/uploads\/2015\/06\/fotonoticia_20150623102410_800-360x241.jpg 360w, https:\/\/eldigitaldeasturias.com\/magazine365\/wp-content\/uploads\/2015\/06\/fotonoticia_20150623102410_800-650x435.jpg 650w, https:\/\/eldigitaldeasturias.com\/magazine365\/wp-content\/uploads\/2015\/06\/fotonoticia_20150623102410_800-768x514.jpg 768w, https:\/\/eldigitaldeasturias.com\/magazine365\/wp-content\/uploads\/2015\/06\/fotonoticia_20150623102410_800-150x100.jpg 150w, https:\/\/eldigitaldeasturias.com\/magazine365\/wp-content\/uploads\/2015\/06\/fotonoticia_20150623102410_800-450x301.jpg 450w, https:\/\/eldigitaldeasturias.com\/magazine365\/wp-content\/uploads\/2015\/06\/fotonoticia_20150623102410_800-696x465.jpg 696w, https:\/\/eldigitaldeasturias.com\/magazine365\/wp-content\/uploads\/2015\/06\/fotonoticia_20150623102410_800-628x420.jpg 628w, https:\/\/eldigitaldeasturias.com\/magazine365\/wp-content\/uploads\/2015\/06\/fotonoticia_20150623102410_800-84x55.jpg 84w, https:\/\/eldigitaldeasturias.com\/magazine365\/wp-content\/uploads\/2015\/06\/fotonoticia_20150623102410_800.jpg 800w\" sizes=\"(max-width: 360px) 100vw, 360px\" \/>La Polic\u00eda Local de Cartagena y el Servicio de Extinci\u00f3n de Incendios ya han puesto en marcha el dispositivo especial con motivo de la celebraci\u00f3n de la noche de las hogueras de San Juan este martes 23 de junio, tanto en la ciudad como en los diferentes barrios, \u00abcon el objetivo de que esta festividad se desarrolle con normalidad y sin incidentes\u00bb.<\/p>\n<p>As\u00ed, los Bomberos est\u00e1n ya comprobando, como una de las actuaciones preventivas, la localizaci\u00f3n de las hogueras, prestando especial atenci\u00f3n a aquellas que suelen presentar mayor riesgo, y, en el caso de ser necesario, trasladar las que est\u00e1n cerca de viviendas, cableado o matorrales, tareas que realizar\u00e1n durante la jornada de ma\u00f1ana martes acompa\u00f1ados de las brigadas de Infraestructuras, explican fuentes municipales.<\/p>\n<p>Por su parte, la Polic\u00eda Local ha preparado un dispositivo especial formado por una treintena de efectivos cuya tarea ser\u00e1 preservar el buen desarrollo de esa noche festiva, as\u00ed como controlar, junto con Bomberos, los materiales empleados para hacer las hogueras, y los establecimientos autorizados para la venta de productos pirot\u00e9cnicos cuyo acceso a menores est\u00e1 restringido.<\/p>\n","protected":false},"excerpt":{"rendered":"<p>La Polic\u00eda Local de Cartagena y el Servicio de Extinci\u00f3n de Incendios ya han puesto en marcha el dispositivo especial con motivo de la celebraci\u00f3n de la noche de las hogueras de San Juan este martes 23 de junio, tanto en la ciudad como en los diferentes barrios, \u00abcon el objetivo de que esta festividad<\/p>\n","protected":false},"author":1,"featured_media":40671,"comment_status":"open","ping_status":"closed","sticky":false,"template":"","format":"standard","meta":{"footnotes":""},"categories":[222],"tags":[],"class_list":{"0":"post-40670","1":"post","2":"type-post","3":"status-publish","4":"format-standard","5":"has-post-thumbnail","7":"category-actualidad-turismo"},"aioseo_notices":[],"aioseo_head":"\n\t\t<!-- All in One SEO Pro 4.9.6.1 - aioseo.com -->\n\t<meta name=\"description\" content=\"La Polic\u00eda Local de Cartagena y el Servicio de Extinci\u00f3n de Incendios ya han puesto en marcha el dispositivo especial con motivo de la celebraci\u00f3n de la noche de las hogueras de San Juan este martes 23 de junio, tanto en la ciudad como en los diferentes barrios, &quot;con el objetivo de que esta festividad\" \/>\n\t<meta name=\"robots\" content=\"max-image-preview:large\" \/>\n\t<meta name=\"author\" content=\"admin\"\/>\n\t<meta name=\"google-site-verification\" content=\"UA-38556648-1\" \/>\n\t<meta name=\"keywords\" content=\"actualidad turismo\" \/>\n\t<link rel=\"canonical\" href=\"https:\/\/eldigitaldeasturias.com\/magazine365\/noche-de-san-juan-2015-en-cartagena\/\" \/>\n\t<meta name=\"generator\" content=\"All in One SEO Pro (AIOSEO) 4.9.6.1\" \/>\n\t\t<meta property=\"og:locale\" content=\"es_ES\" \/>\n\t\t<meta property=\"og:site_name\" content=\"El Digital de Asturias \u2013 Revista de ocio, turismo y estilo de vida\" \/>\n\t\t<meta property=\"og:type\" content=\"article\" \/>\n\t\t<meta property=\"og:title\" content=\"Noche de San Juan 2015 en Cartagena | El Digital de Asturias\" \/>\n\t\t<meta property=\"og:description\" content=\"La Polic\u00eda Local de Cartagena y el Servicio de Extinci\u00f3n de Incendios ya han puesto en marcha el dispositivo especial con motivo de la celebraci\u00f3n de la noche de las hogueras de San Juan este martes 23 de junio, tanto en la ciudad como en los diferentes barrios, &quot;con el objetivo de que esta festividad\" \/>\n\t\t<meta property=\"og:url\" content=\"https:\/\/eldigitaldeasturias.com\/magazine365\/noche-de-san-juan-2015-en-cartagena\/\" \/>\n\t\t<meta property=\"og:image\" content=\"https:\/\/eldigitaldeasturias.com\/magazine365\/wp-content\/uploads\/2015\/06\/fotonoticia_20150623102410_800.jpg\" \/>\n\t\t<meta property=\"og:image:secure_url\" content=\"https:\/\/eldigitaldeasturias.com\/magazine365\/wp-content\/uploads\/2015\/06\/fotonoticia_20150623102410_800.jpg\" \/>\n\t\t<meta property=\"og:image:width\" content=\"800\" \/>\n\t\t<meta property=\"og:image:height\" content=\"535\" \/>\n\t\t<meta property=\"article:published_time\" content=\"2015-06-24T02:49:19+00:00\" \/>\n\t\t<meta property=\"article:modified_time\" content=\"2015-06-24T02:50:47+00:00\" \/>\n\t\t<meta name=\"twitter:card\" content=\"summary_large_image\" \/>\n\t\t<meta name=\"twitter:title\" content=\"Noche de San Juan 2015 en Cartagena | El Digital de Asturias\" \/>\n\t\t<meta name=\"twitter:description\" content=\"La Polic\u00eda Local de Cartagena y el Servicio de Extinci\u00f3n de Incendios ya han puesto en marcha el dispositivo especial con motivo de la celebraci\u00f3n de la noche de las hogueras de San Juan este martes 23 de junio, tanto en la ciudad como en los diferentes barrios, &quot;con el objetivo de que esta festividad\" \/>\n\t\t<meta name=\"twitter:image\" content=\"https:\/\/eldigitaldeasturias.com\/magazine365\/wp-content\/uploads\/2015\/06\/fotonoticia_20150623102410_800.jpg\" \/>\n\t\t<script type=\"application\/ld+json\" class=\"aioseo-schema\">\n\t\t\t{\"@context\":\"https:\\\/\\\/schema.org\",\"@graph\":[{\"@type\":\"Article\",\"@id\":\"https:\\\/\\\/eldigitaldeasturias.com\\\/magazine365\\\/noche-de-san-juan-2015-en-cartagena\\\/#article\",\"name\":\"Noche de San Juan 2015 en Cartagena | El Digital de Asturias\",\"headline\":\"Noche de San Juan 2015 en Cartagena\",\"author\":{\"@id\":\"https:\\\/\\\/eldigitaldeasturias.com\\\/magazine365\\\/author\\\/admin\\\/#author\"},\"publisher\":{\"@id\":\"https:\\\/\\\/eldigitaldeasturias.com\\\/magazine365\\\/#organization\"},\"image\":{\"@type\":\"ImageObject\",\"url\":\"https:\\\/\\\/eldigitaldeasturias.com\\\/magazine365\\\/wp-content\\\/uploads\\\/2015\\\/06\\\/fotonoticia_20150623102410_800.jpg\",\"width\":800,\"height\":535},\"datePublished\":\"2015-06-24T04:19:19+02:00\",\"dateModified\":\"2015-06-24T04:20:47+02:00\",\"inLanguage\":\"es-ES\",\"mainEntityOfPage\":{\"@id\":\"https:\\\/\\\/eldigitaldeasturias.com\\\/magazine365\\\/noche-de-san-juan-2015-en-cartagena\\\/#webpage\"},\"isPartOf\":{\"@id\":\"https:\\\/\\\/eldigitaldeasturias.com\\\/magazine365\\\/noche-de-san-juan-2015-en-cartagena\\\/#webpage\"},\"articleSection\":\"Actualidad Turismo\"},{\"@type\":\"BreadcrumbList\",\"@id\":\"https:\\\/\\\/eldigitaldeasturias.com\\\/magazine365\\\/noche-de-san-juan-2015-en-cartagena\\\/#breadcrumblist\",\"itemListElement\":[{\"@type\":\"ListItem\",\"@id\":\"https:\\\/\\\/eldigitaldeasturias.com\\\/magazine365#listItem\",\"position\":1,\"name\":\"Home\",\"item\":\"https:\\\/\\\/eldigitaldeasturias.com\\\/magazine365\",\"nextItem\":{\"@type\":\"ListItem\",\"@id\":\"https:\\\/\\\/eldigitaldeasturias.com\\\/magazine365\\\/category\\\/actualidad-turismo\\\/#listItem\",\"name\":\"Actualidad Turismo\"}},{\"@type\":\"ListItem\",\"@id\":\"https:\\\/\\\/eldigitaldeasturias.com\\\/magazine365\\\/category\\\/actualidad-turismo\\\/#listItem\",\"position\":2,\"name\":\"Actualidad Turismo\",\"item\":\"https:\\\/\\\/eldigitaldeasturias.com\\\/magazine365\\\/category\\\/actualidad-turismo\\\/\",\"nextItem\":{\"@type\":\"ListItem\",\"@id\":\"https:\\\/\\\/eldigitaldeasturias.com\\\/magazine365\\\/noche-de-san-juan-2015-en-cartagena\\\/#listItem\",\"name\":\"Noche de San Juan 2015 en Cartagena\"},\"previousItem\":{\"@type\":\"ListItem\",\"@id\":\"https:\\\/\\\/eldigitaldeasturias.com\\\/magazine365#listItem\",\"name\":\"Home\"}},{\"@type\":\"ListItem\",\"@id\":\"https:\\\/\\\/eldigitaldeasturias.com\\\/magazine365\\\/noche-de-san-juan-2015-en-cartagena\\\/#listItem\",\"position\":3,\"name\":\"Noche de San Juan 2015 en Cartagena\",\"previousItem\":{\"@type\":\"ListItem\",\"@id\":\"https:\\\/\\\/eldigitaldeasturias.com\\\/magazine365\\\/category\\\/actualidad-turismo\\\/#listItem\",\"name\":\"Actualidad Turismo\"}}]},{\"@type\":\"Organization\",\"@id\":\"https:\\\/\\\/eldigitaldeasturias.com\\\/magazine365\\\/#organization\",\"name\":\"El digital de Asturias\",\"description\":\"Revista de ocio, turismo y estilo de vida\",\"url\":\"https:\\\/\\\/eldigitaldeasturias.com\\\/magazine365\\\/\",\"logo\":{\"@type\":\"ImageObject\",\"url\":\"https:\\\/\\\/www.eldigitaldeasturias.com\\\/noticias\\\/wp-content\\\/uploads\\\/2020\\\/12\\\/EDA.jpg\",\"@id\":\"https:\\\/\\\/eldigitaldeasturias.com\\\/magazine365\\\/noche-de-san-juan-2015-en-cartagena\\\/#organizationLogo\"},\"image\":{\"@id\":\"https:\\\/\\\/eldigitaldeasturias.com\\\/magazine365\\\/noche-de-san-juan-2015-en-cartagena\\\/#organizationLogo\"}},{\"@type\":\"Person\",\"@id\":\"https:\\\/\\\/eldigitaldeasturias.com\\\/magazine365\\\/author\\\/admin\\\/#author\",\"url\":\"https:\\\/\\\/eldigitaldeasturias.com\\\/magazine365\\\/author\\\/admin\\\/\",\"name\":\"admin\",\"image\":{\"@type\":\"ImageObject\",\"@id\":\"https:\\\/\\\/eldigitaldeasturias.com\\\/magazine365\\\/noche-de-san-juan-2015-en-cartagena\\\/#authorImage\",\"url\":\"https:\\\/\\\/eldigitaldeasturias.com\\\/magazine365\\\/wp-content\\\/litespeed\\\/avatar\\\/e571bcf59a0edd6fa6838245a470f2fe.jpg?ver=1777574230\",\"width\":96,\"height\":96,\"caption\":\"admin\"}},{\"@type\":\"WebPage\",\"@id\":\"https:\\\/\\\/eldigitaldeasturias.com\\\/magazine365\\\/noche-de-san-juan-2015-en-cartagena\\\/#webpage\",\"url\":\"https:\\\/\\\/eldigitaldeasturias.com\\\/magazine365\\\/noche-de-san-juan-2015-en-cartagena\\\/\",\"name\":\"Noche de San Juan 2015 en Cartagena | El Digital de Asturias\",\"description\":\"La Polic\\u00eda Local de Cartagena y el Servicio de Extinci\\u00f3n de Incendios ya han puesto en marcha el dispositivo especial con motivo de la celebraci\\u00f3n de la noche de las hogueras de San Juan este martes 23 de junio, tanto en la ciudad como en los diferentes barrios, \\\"con el objetivo de que esta festividad\",\"inLanguage\":\"es-ES\",\"isPartOf\":{\"@id\":\"https:\\\/\\\/eldigitaldeasturias.com\\\/magazine365\\\/#website\"},\"breadcrumb\":{\"@id\":\"https:\\\/\\\/eldigitaldeasturias.com\\\/magazine365\\\/noche-de-san-juan-2015-en-cartagena\\\/#breadcrumblist\"},\"author\":{\"@id\":\"https:\\\/\\\/eldigitaldeasturias.com\\\/magazine365\\\/author\\\/admin\\\/#author\"},\"creator\":{\"@id\":\"https:\\\/\\\/eldigitaldeasturias.com\\\/magazine365\\\/author\\\/admin\\\/#author\"},\"image\":{\"@type\":\"ImageObject\",\"url\":\"https:\\\/\\\/eldigitaldeasturias.com\\\/magazine365\\\/wp-content\\\/uploads\\\/2015\\\/06\\\/fotonoticia_20150623102410_800.jpg\",\"@id\":\"https:\\\/\\\/eldigitaldeasturias.com\\\/magazine365\\\/noche-de-san-juan-2015-en-cartagena\\\/#mainImage\",\"width\":800,\"height\":535},\"primaryImageOfPage\":{\"@id\":\"https:\\\/\\\/eldigitaldeasturias.com\\\/magazine365\\\/noche-de-san-juan-2015-en-cartagena\\\/#mainImage\"},\"datePublished\":\"2015-06-24T04:19:19+02:00\",\"dateModified\":\"2015-06-24T04:20:47+02:00\"},{\"@type\":\"WebSite\",\"@id\":\"https:\\\/\\\/eldigitaldeasturias.com\\\/magazine365\\\/#website\",\"url\":\"https:\\\/\\\/eldigitaldeasturias.com\\\/magazine365\\\/\",\"name\":\"El Digital de Asturias\",\"description\":\"Revista de ocio, turismo y estilo de vida\",\"inLanguage\":\"es-ES\",\"publisher\":{\"@id\":\"https:\\\/\\\/eldigitaldeasturias.com\\\/magazine365\\\/#organization\"}}]}\n\t\t<\/script>\n\t\t<!-- All in One SEO Pro -->\r\n\t\t<title>Noche de San Juan 2015 en Cartagena | El Digital de Asturias<\/title>\n\n","aioseo_head_json":{"title":"Noche de San Juan 2015 en Cartagena | El Digital de Asturias","description":"La Polic\u00eda Local de Cartagena y el Servicio de Extinci\u00f3n de Incendios ya han puesto en marcha el dispositivo especial con motivo de la celebraci\u00f3n de la noche de las hogueras de San Juan este martes 23 de junio, tanto en la ciudad como en los diferentes barrios, \"con el objetivo de que esta festividad","canonical_url":"https:\/\/eldigitaldeasturias.com\/magazine365\/noche-de-san-juan-2015-en-cartagena\/","robots":"max-image-preview:large","keywords":"actualidad turismo","webmasterTools":{"google-site-verification":"UA-38556648-1","miscellaneous":""},"schema":{"@context":"https:\/\/schema.org","@graph":[{"@type":"Article","@id":"https:\/\/eldigitaldeasturias.com\/magazine365\/noche-de-san-juan-2015-en-cartagena\/#article","name":"Noche de San Juan 2015 en Cartagena | El Digital de Asturias","headline":"Noche de San Juan 2015 en Cartagena","author":{"@id":"https:\/\/eldigitaldeasturias.com\/magazine365\/author\/admin\/#author"},"publisher":{"@id":"https:\/\/eldigitaldeasturias.com\/magazine365\/#organization"},"image":{"@type":"ImageObject","url":"https:\/\/eldigitaldeasturias.com\/magazine365\/wp-content\/uploads\/2015\/06\/fotonoticia_20150623102410_800.jpg","width":800,"height":535},"datePublished":"2015-06-24T04:19:19+02:00","dateModified":"2015-06-24T04:20:47+02:00","inLanguage":"es-ES","mainEntityOfPage":{"@id":"https:\/\/eldigitaldeasturias.com\/magazine365\/noche-de-san-juan-2015-en-cartagena\/#webpage"},"isPartOf":{"@id":"https:\/\/eldigitaldeasturias.com\/magazine365\/noche-de-san-juan-2015-en-cartagena\/#webpage"},"articleSection":"Actualidad Turismo"},{"@type":"BreadcrumbList","@id":"https:\/\/eldigitaldeasturias.com\/magazine365\/noche-de-san-juan-2015-en-cartagena\/#breadcrumblist","itemListElement":[{"@type":"ListItem","@id":"https:\/\/eldigitaldeasturias.com\/magazine365#listItem","position":1,"name":"Home","item":"https:\/\/eldigitaldeasturias.com\/magazine365","nextItem":{"@type":"ListItem","@id":"https:\/\/eldigitaldeasturias.com\/magazine365\/category\/actualidad-turismo\/#listItem","name":"Actualidad Turismo"}},{"@type":"ListItem","@id":"https:\/\/eldigitaldeasturias.com\/magazine365\/category\/actualidad-turismo\/#listItem","position":2,"name":"Actualidad Turismo","item":"https:\/\/eldigitaldeasturias.com\/magazine365\/category\/actualidad-turismo\/","nextItem":{"@type":"ListItem","@id":"https:\/\/eldigitaldeasturias.com\/magazine365\/noche-de-san-juan-2015-en-cartagena\/#listItem","name":"Noche de San Juan 2015 en Cartagena"},"previousItem":{"@type":"ListItem","@id":"https:\/\/eldigitaldeasturias.com\/magazine365#listItem","name":"Home"}},{"@type":"ListItem","@id":"https:\/\/eldigitaldeasturias.com\/magazine365\/noche-de-san-juan-2015-en-cartagena\/#listItem","position":3,"name":"Noche de San Juan 2015 en Cartagena","previousItem":{"@type":"ListItem","@id":"https:\/\/eldigitaldeasturias.com\/magazine365\/category\/actualidad-turismo\/#listItem","name":"Actualidad Turismo"}}]},{"@type":"Organization","@id":"https:\/\/eldigitaldeasturias.com\/magazine365\/#organization","name":"El digital de Asturias","description":"Revista de ocio, turismo y estilo de vida","url":"https:\/\/eldigitaldeasturias.com\/magazine365\/","logo":{"@type":"ImageObject","url":"https:\/\/www.eldigitaldeasturias.com\/noticias\/wp-content\/uploads\/2020\/12\/EDA.jpg","@id":"https:\/\/eldigitaldeasturias.com\/magazine365\/noche-de-san-juan-2015-en-cartagena\/#organizationLogo"},"image":{"@id":"https:\/\/eldigitaldeasturias.com\/magazine365\/noche-de-san-juan-2015-en-cartagena\/#organizationLogo"}},{"@type":"Person","@id":"https:\/\/eldigitaldeasturias.com\/magazine365\/author\/admin\/#author","url":"https:\/\/eldigitaldeasturias.com\/magazine365\/author\/admin\/","name":"admin","image":{"@type":"ImageObject","@id":"https:\/\/eldigitaldeasturias.com\/magazine365\/noche-de-san-juan-2015-en-cartagena\/#authorImage","url":"https:\/\/eldigitaldeasturias.com\/magazine365\/wp-content\/litespeed\/avatar\/e571bcf59a0edd6fa6838245a470f2fe.jpg?ver=1777574230","width":96,"height":96,"caption":"admin"}},{"@type":"WebPage","@id":"https:\/\/eldigitaldeasturias.com\/magazine365\/noche-de-san-juan-2015-en-cartagena\/#webpage","url":"https:\/\/eldigitaldeasturias.com\/magazine365\/noche-de-san-juan-2015-en-cartagena\/","name":"Noche de San Juan 2015 en Cartagena | El Digital de Asturias","description":"La Polic\u00eda Local de Cartagena y el Servicio de Extinci\u00f3n de Incendios ya han puesto en marcha el dispositivo especial con motivo de la celebraci\u00f3n de la noche de las hogueras de San Juan este martes 23 de junio, tanto en la ciudad como en los diferentes barrios, \"con el objetivo de que esta festividad","inLanguage":"es-ES","isPartOf":{"@id":"https:\/\/eldigitaldeasturias.com\/magazine365\/#website"},"breadcrumb":{"@id":"https:\/\/eldigitaldeasturias.com\/magazine365\/noche-de-san-juan-2015-en-cartagena\/#breadcrumblist"},"author":{"@id":"https:\/\/eldigitaldeasturias.com\/magazine365\/author\/admin\/#author"},"creator":{"@id":"https:\/\/eldigitaldeasturias.com\/magazine365\/author\/admin\/#author"},"image":{"@type":"ImageObject","url":"https:\/\/eldigitaldeasturias.com\/magazine365\/wp-content\/uploads\/2015\/06\/fotonoticia_20150623102410_800.jpg","@id":"https:\/\/eldigitaldeasturias.com\/magazine365\/noche-de-san-juan-2015-en-cartagena\/#mainImage","width":800,"height":535},"primaryImageOfPage":{"@id":"https:\/\/eldigitaldeasturias.com\/magazine365\/noche-de-san-juan-2015-en-cartagena\/#mainImage"},"datePublished":"2015-06-24T04:19:19+02:00","dateModified":"2015-06-24T04:20:47+02:00"},{"@type":"WebSite","@id":"https:\/\/eldigitaldeasturias.com\/magazine365\/#website","url":"https:\/\/eldigitaldeasturias.com\/magazine365\/","name":"El Digital de Asturias","description":"Revista de ocio, turismo y estilo de vida","inLanguage":"es-ES","publisher":{"@id":"https:\/\/eldigitaldeasturias.com\/magazine365\/#organization"}}]},"og:locale":"es_ES","og:site_name":"El Digital de Asturias \u2013 Revista de ocio, turismo y estilo de vida","og:type":"article","og:title":"Noche de San Juan 2015 en Cartagena | El Digital de Asturias","og:description":"La Polic\u00eda Local de Cartagena y el Servicio de Extinci\u00f3n de Incendios ya han puesto en marcha el dispositivo especial con motivo de la celebraci\u00f3n de la noche de las hogueras de San Juan este martes 23 de junio, tanto en la ciudad como en los diferentes barrios, &quot;con el objetivo de que esta festividad","og:url":"https:\/\/eldigitaldeasturias.com\/magazine365\/noche-de-san-juan-2015-en-cartagena\/","og:image":"https:\/\/eldigitaldeasturias.com\/magazine365\/wp-content\/uploads\/2015\/06\/fotonoticia_20150623102410_800.jpg","og:image:secure_url":"https:\/\/eldigitaldeasturias.com\/magazine365\/wp-content\/uploads\/2015\/06\/fotonoticia_20150623102410_800.jpg","og:image:width":800,"og:image:height":535,"article:published_time":"2015-06-24T02:49:19+00:00","article:modified_time":"2015-06-24T02:50:47+00:00","twitter:card":"summary_large_image","twitter:title":"Noche de San Juan 2015 en Cartagena | El Digital de Asturias","twitter:description":"La Polic\u00eda Local de Cartagena y el Servicio de Extinci\u00f3n de Incendios ya han puesto en marcha el dispositivo especial con motivo de la celebraci\u00f3n de la noche de las hogueras de San Juan este martes 23 de junio, tanto en la ciudad como en los diferentes barrios, &quot;con el objetivo de que esta festividad","twitter:image":"https:\/\/eldigitaldeasturias.com\/magazine365\/wp-content\/uploads\/2015\/06\/fotonoticia_20150623102410_800.jpg"},"aioseo_meta_data":{"post_id":"40670","title":null,"description":null,"keywords":null,"keyphrases":null,"primary_term":null,"canonical_url":null,"og_title":null,"og_description":null,"og_object_type":"default","og_image_type":"default","og_image_url":null,"og_image_width":null,"og_image_height":null,"og_image_custom_url":null,"og_image_custom_fields":null,"og_video":null,"og_custom_url":null,"og_article_section":null,"og_article_tags":null,"twitter_use_og":false,"twitter_card":"default","twitter_image_type":"default","twitter_image_url":null,"twitter_image_custom_url":null,"twitter_image_custom_fields":null,"twitter_title":null,"twitter_description":null,"schema":{"blockGraphs":[],"customGraphs":[],"default":{"data":{"Article":[],"Course":[],"Dataset":[],"FAQPage":[],"Movie":[],"Person":[],"Product":[],"ProductReview":[],"Car":[],"Recipe":[],"Service":[],"SoftwareApplication":[],"WebPage":[]},"graphName":"","isEnabled":true},"graphs":[]},"schema_type":null,"schema_type_options":null,"pillar_content":false,"robots_default":true,"robots_noindex":false,"robots_noarchive":false,"robots_nosnippet":false,"robots_nofollow":false,"robots_noimageindex":false,"robots_noodp":false,"robots_notranslate":false,"robots_max_snippet":null,"robots_max_videopreview":null,"robots_max_imagepreview":"large","priority":null,"frequency":null,"location":null,"local_seo":null,"seo_analyzer_scan_date":"2025-09-19 14:02:29","breadcrumb_settings":null,"limit_modified_date":false,"open_ai":null,"ai":null,"created":"2021-03-09 02:25:54","updated":"2025-09-19 14:02:29"},"aioseo_breadcrumb":"<div class=\"aioseo-breadcrumbs\"><span class=\"aioseo-breadcrumb\">\n\t<a href=\"https:\/\/eldigitaldeasturias.com\/magazine365\" title=\"Home\">Home<\/a>\n<\/span><span class=\"aioseo-breadcrumb-separator\">\u2013<\/span><span class=\"aioseo-breadcrumb\">\n\t<a href=\"https:\/\/eldigitaldeasturias.com\/magazine365\/category\/actualidad-turismo\/\" title=\"Actualidad Turismo\">Actualidad Turismo<\/a>\n<\/span><span class=\"aioseo-breadcrumb-separator\">\u2013<\/span><span class=\"aioseo-breadcrumb\">\n\t<a href=\"https:\/\/eldigitaldeasturias.com\/magazine365\/noche-de-san-juan-2015-en-cartagena\/\" title=\"Noche de San Juan 2015 en Cartagena\">Noche de San Juan 2015 en Cartagena<\/a>\n<\/span><\/div>","aioseo_breadcrumb_json":[{"label":"Home","link":"https:\/\/eldigitaldeasturias.com\/magazine365"},{"label":"Actualidad Turismo","link":"https:\/\/eldigitaldeasturias.com\/magazine365\/category\/actualidad-turismo\/"},{"label":"Noche de San Juan 2015 en Cartagena","link":"https:\/\/eldigitaldeasturias.com\/magazine365\/noche-de-san-juan-2015-en-cartagena\/"}],"_links":{"self":[{"href":"https:\/\/eldigitaldeasturias.com\/magazine365\/wp-json\/wp\/v2\/posts\/40670","targetHints":{"allow":["GET"]}}],"collection":[{"href":"https:\/\/eldigitaldeasturias.com\/magazine365\/wp-json\/wp\/v2\/posts"}],"about":[{"href":"https:\/\/eldigitaldeasturias.com\/magazine365\/wp-json\/wp\/v2\/types\/post"}],"author":[{"embeddable":true,"href":"https:\/\/eldigitaldeasturias.com\/magazine365\/wp-json\/wp\/v2\/users\/1"}],"replies":[{"embeddable":true,"href":"https:\/\/eldigitaldeasturias.com\/magazine365\/wp-json\/wp\/v2\/comments?post=40670"}],"version-history":[{"count":0,"href":"https:\/\/eldigitaldeasturias.com\/magazine365\/wp-json\/wp\/v2\/posts\/40670\/revisions"}],"wp:featuredmedia":[{"embeddable":true,"href":"https:\/\/eldigitaldeasturias.com\/magazine365\/wp-json\/wp\/v2\/media\/40671"}],"wp:attachment":[{"href":"https:\/\/eldigitaldeasturias.com\/magazine365\/wp-json\/wp\/v2\/media?parent=40670"}],"wp:term":[{"taxonomy":"category","embeddable":true,"href":"https:\/\/eldigitaldeasturias.com\/magazine365\/wp-json\/wp\/v2\/categories?post=40670"},{"taxonomy":"post_tag","embeddable":true,"href":"https:\/\/eldigitaldeasturias.com\/magazine365\/wp-json\/wp\/v2\/tags?post=40670"}],"curies":[{"name":"wp","href":"https:\/\/api.w.org\/{rel}","templated":true}]}}