{"id":40658,"date":"2015-06-24T04:11:15","date_gmt":"2015-06-24T02:41:15","guid":{"rendered":"http:\/\/eldigitaldeasturias.com\/magazine365\/?p=40658"},"modified":"2015-06-24T04:11:15","modified_gmt":"2015-06-24T02:41:15","slug":"san-juan-2015-en-ris-de-noja","status":"publish","type":"post","link":"https:\/\/eldigitaldeasturias.com\/magazine365\/san-juan-2015-en-ris-de-noja\/","title":{"rendered":"San Juan 2015 en Ris de Noja"},"content":{"rendered":"<p><img fetchpriority=\"high\" decoding=\"async\" class=\"alignleft size-medium wp-image-40659\" src=\"https:\/\/eldigitaldeasturias.com\/magazine365\/wp-content\/uploads\/2015\/06\/fotonoticia_20150623091232_800-360x270.jpg\" alt=\"fotonoticia_20150623091232_800\" width=\"360\" height=\"270\" srcset=\"https:\/\/eldigitaldeasturias.com\/magazine365\/wp-content\/uploads\/2015\/06\/fotonoticia_20150623091232_800-360x270.jpg 360w, https:\/\/eldigitaldeasturias.com\/magazine365\/wp-content\/uploads\/2015\/06\/fotonoticia_20150623091232_800-650x487.jpg 650w, https:\/\/eldigitaldeasturias.com\/magazine365\/wp-content\/uploads\/2015\/06\/fotonoticia_20150623091232_800-768x575.jpg 768w, https:\/\/eldigitaldeasturias.com\/magazine365\/wp-content\/uploads\/2015\/06\/fotonoticia_20150623091232_800-150x112.jpg 150w, https:\/\/eldigitaldeasturias.com\/magazine365\/wp-content\/uploads\/2015\/06\/fotonoticia_20150623091232_800-450x337.jpg 450w, https:\/\/eldigitaldeasturias.com\/magazine365\/wp-content\/uploads\/2015\/06\/fotonoticia_20150623091232_800-80x60.jpg 80w, https:\/\/eldigitaldeasturias.com\/magazine365\/wp-content\/uploads\/2015\/06\/fotonoticia_20150623091232_800-265x198.jpg 265w, https:\/\/eldigitaldeasturias.com\/magazine365\/wp-content\/uploads\/2015\/06\/fotonoticia_20150623091232_800-696x521.jpg 696w, https:\/\/eldigitaldeasturias.com\/magazine365\/wp-content\/uploads\/2015\/06\/fotonoticia_20150623091232_800-561x420.jpg 561w, https:\/\/eldigitaldeasturias.com\/magazine365\/wp-content\/uploads\/2015\/06\/fotonoticia_20150623091232_800-90x67.jpg 90w, https:\/\/eldigitaldeasturias.com\/magazine365\/wp-content\/uploads\/2015\/06\/fotonoticia_20150623091232_800-100x75.jpg 100w, https:\/\/eldigitaldeasturias.com\/magazine365\/wp-content\/uploads\/2015\/06\/fotonoticia_20150623091232_800.jpg 800w\" sizes=\"(max-width: 360px) 100vw, 360px\" \/>El barrio Ris de Noja se prepara para celebrar este martes, 23 de junio, a media noche, la tradicional hoguera de la festividad de San Juan, una cita con la se conmemora la noche m\u00e1s corta del a\u00f1o por la que el barrio desarrolla m\u00faltiples eventos a lo largo de dos d\u00edas.<\/p>\n<p>As\u00ed, este martes 23, la tarde comenzar\u00e1 a las 13.00 horas con el tradicional blanco, para a las 16.00 horas dar paso a un parque infantil, en el que los ni\u00f1os podr\u00e1n divertirse a lo grande con hinchables y otros juegos de entretenimiento.<\/p>\n<p>Un asado de carne a las 19.30 horas preceder\u00e1 a la romer\u00eda que estar\u00e1 amenizada por la orquesta Tab\u00fa y Vertmuth Band, que ofrecer\u00e1n el mejor rock nacional e internacional de todos los tiempos. La gran hoguera iluminar\u00e1 la noche m\u00e1s corta del a\u00f1o a partir de las 23.30 horas para continuar con la verbena.<\/p>\n<p>El d\u00eda del Santo, mi\u00e9rcoles 24, se celebrar\u00e1 una misa solemne en honor al patr\u00f3n en la ermita de Ris a las 12.00 horas. Media hora m\u00e1s tarde, tendr\u00e1 lugar un nuevo parque infantil donde los m\u00e1s peque\u00f1os podr\u00e1n entretenerse mientras los mayores disfrutan del blanco.<\/p>\n<p>A las 14:30 horas habr\u00e1 una gran paellada y a las 18.00 horas est\u00e1 prevista la actuaci\u00f3n del grupo Hoy fiesta, en una verbena infantil que promete diversi\u00f3n y m\u00fasica en directo.<\/p>\n<p>La jornada finalizar\u00e1 con las canciones m\u00e1s populares de los a\u00f1os 60 y 70, a partir de las 19.30 horas, con el conjunto Guateque, siguiendo la fiesta con un Dj hasta que el cuerpo aguante, seg\u00fan ha informado el Ayuntamiento de Noja en un comunicado.<\/p>\n","protected":false},"excerpt":{"rendered":"<p>El barrio Ris de Noja se prepara para celebrar este martes, 23 de junio, a media noche, la tradicional hoguera de la festividad de San Juan, una cita con la se conmemora la noche m\u00e1s corta del a\u00f1o por la que el barrio desarrolla m\u00faltiples eventos a lo largo de dos d\u00edas. As\u00ed, este martes<\/p>\n","protected":false},"author":1,"featured_media":40659,"comment_status":"open","ping_status":"closed","sticky":false,"template":"","format":"standard","meta":{"footnotes":""},"categories":[222],"tags":[],"class_list":{"0":"post-40658","1":"post","2":"type-post","3":"status-publish","4":"format-standard","5":"has-post-thumbnail","7":"category-actualidad-turismo"},"aioseo_notices":[],"aioseo_head":"\n\t\t<!-- All in One SEO Pro 4.9.6.1 - aioseo.com -->\n\t<meta name=\"description\" content=\"El barrio Ris de Noja se prepara para celebrar este martes, 23 de junio, a media noche, la tradicional hoguera de la festividad de San Juan, una cita con la se conmemora la noche m\u00e1s corta del a\u00f1o por la que el barrio desarrolla m\u00faltiples eventos a lo largo de dos d\u00edas. As\u00ed, este martes\" \/>\n\t<meta name=\"robots\" content=\"max-image-preview:large\" \/>\n\t<meta name=\"author\" content=\"admin\"\/>\n\t<meta name=\"google-site-verification\" content=\"UA-38556648-1\" \/>\n\t<meta name=\"keywords\" content=\"actualidad turismo\" \/>\n\t<link rel=\"canonical\" href=\"https:\/\/eldigitaldeasturias.com\/magazine365\/san-juan-2015-en-ris-de-noja\/\" \/>\n\t<meta name=\"generator\" content=\"All in One SEO Pro (AIOSEO) 4.9.6.1\" \/>\n\t\t<meta property=\"og:locale\" content=\"es_ES\" \/>\n\t\t<meta property=\"og:site_name\" content=\"El Digital de Asturias \u2013 Revista de ocio, turismo y estilo de vida\" \/>\n\t\t<meta property=\"og:type\" content=\"article\" \/>\n\t\t<meta property=\"og:title\" content=\"San Juan 2015 en Ris de Noja | El Digital de Asturias\" \/>\n\t\t<meta property=\"og:description\" content=\"El barrio Ris de Noja se prepara para celebrar este martes, 23 de junio, a media noche, la tradicional hoguera de la festividad de San Juan, una cita con la se conmemora la noche m\u00e1s corta del a\u00f1o por la que el barrio desarrolla m\u00faltiples eventos a lo largo de dos d\u00edas. As\u00ed, este martes\" \/>\n\t\t<meta property=\"og:url\" content=\"https:\/\/eldigitaldeasturias.com\/magazine365\/san-juan-2015-en-ris-de-noja\/\" \/>\n\t\t<meta property=\"og:image\" content=\"https:\/\/eldigitaldeasturias.com\/magazine365\/wp-content\/uploads\/2015\/06\/fotonoticia_20150623091232_800.jpg\" \/>\n\t\t<meta property=\"og:image:secure_url\" content=\"https:\/\/eldigitaldeasturias.com\/magazine365\/wp-content\/uploads\/2015\/06\/fotonoticia_20150623091232_800.jpg\" \/>\n\t\t<meta property=\"og:image:width\" content=\"800\" \/>\n\t\t<meta property=\"og:image:height\" content=\"599\" \/>\n\t\t<meta property=\"article:published_time\" content=\"2015-06-24T02:41:15+00:00\" \/>\n\t\t<meta property=\"article:modified_time\" content=\"2015-06-24T02:41:15+00:00\" \/>\n\t\t<meta name=\"twitter:card\" content=\"summary_large_image\" \/>\n\t\t<meta name=\"twitter:title\" content=\"San Juan 2015 en Ris de Noja | El Digital de Asturias\" \/>\n\t\t<meta name=\"twitter:description\" content=\"El barrio Ris de Noja se prepara para celebrar este martes, 23 de junio, a media noche, la tradicional hoguera de la festividad de San Juan, una cita con la se conmemora la noche m\u00e1s corta del a\u00f1o por la que el barrio desarrolla m\u00faltiples eventos a lo largo de dos d\u00edas. As\u00ed, este martes\" \/>\n\t\t<meta name=\"twitter:image\" content=\"https:\/\/eldigitaldeasturias.com\/magazine365\/wp-content\/uploads\/2015\/06\/fotonoticia_20150623091232_800.jpg\" \/>\n\t\t<script type=\"application\/ld+json\" class=\"aioseo-schema\">\n\t\t\t{\"@context\":\"https:\\\/\\\/schema.org\",\"@graph\":[{\"@type\":\"Article\",\"@id\":\"https:\\\/\\\/eldigitaldeasturias.com\\\/magazine365\\\/san-juan-2015-en-ris-de-noja\\\/#article\",\"name\":\"San Juan 2015 en Ris de Noja | El Digital de Asturias\",\"headline\":\"San Juan 2015 en Ris de Noja\",\"author\":{\"@id\":\"https:\\\/\\\/eldigitaldeasturias.com\\\/magazine365\\\/author\\\/admin\\\/#author\"},\"publisher\":{\"@id\":\"https:\\\/\\\/eldigitaldeasturias.com\\\/magazine365\\\/#organization\"},\"image\":{\"@type\":\"ImageObject\",\"url\":\"https:\\\/\\\/eldigitaldeasturias.com\\\/magazine365\\\/wp-content\\\/uploads\\\/2015\\\/06\\\/fotonoticia_20150623091232_800.jpg\",\"width\":800,\"height\":599},\"datePublished\":\"2015-06-24T04:11:15+02:00\",\"dateModified\":\"2015-06-24T04:11:15+02:00\",\"inLanguage\":\"es-ES\",\"mainEntityOfPage\":{\"@id\":\"https:\\\/\\\/eldigitaldeasturias.com\\\/magazine365\\\/san-juan-2015-en-ris-de-noja\\\/#webpage\"},\"isPartOf\":{\"@id\":\"https:\\\/\\\/eldigitaldeasturias.com\\\/magazine365\\\/san-juan-2015-en-ris-de-noja\\\/#webpage\"},\"articleSection\":\"Actualidad Turismo\"},{\"@type\":\"BreadcrumbList\",\"@id\":\"https:\\\/\\\/eldigitaldeasturias.com\\\/magazine365\\\/san-juan-2015-en-ris-de-noja\\\/#breadcrumblist\",\"itemListElement\":[{\"@type\":\"ListItem\",\"@id\":\"https:\\\/\\\/eldigitaldeasturias.com\\\/magazine365#listItem\",\"position\":1,\"name\":\"Home\",\"item\":\"https:\\\/\\\/eldigitaldeasturias.com\\\/magazine365\",\"nextItem\":{\"@type\":\"ListItem\",\"@id\":\"https:\\\/\\\/eldigitaldeasturias.com\\\/magazine365\\\/category\\\/actualidad-turismo\\\/#listItem\",\"name\":\"Actualidad Turismo\"}},{\"@type\":\"ListItem\",\"@id\":\"https:\\\/\\\/eldigitaldeasturias.com\\\/magazine365\\\/category\\\/actualidad-turismo\\\/#listItem\",\"position\":2,\"name\":\"Actualidad Turismo\",\"item\":\"https:\\\/\\\/eldigitaldeasturias.com\\\/magazine365\\\/category\\\/actualidad-turismo\\\/\",\"nextItem\":{\"@type\":\"ListItem\",\"@id\":\"https:\\\/\\\/eldigitaldeasturias.com\\\/magazine365\\\/san-juan-2015-en-ris-de-noja\\\/#listItem\",\"name\":\"San Juan 2015 en Ris de Noja\"},\"previousItem\":{\"@type\":\"ListItem\",\"@id\":\"https:\\\/\\\/eldigitaldeasturias.com\\\/magazine365#listItem\",\"name\":\"Home\"}},{\"@type\":\"ListItem\",\"@id\":\"https:\\\/\\\/eldigitaldeasturias.com\\\/magazine365\\\/san-juan-2015-en-ris-de-noja\\\/#listItem\",\"position\":3,\"name\":\"San Juan 2015 en Ris de Noja\",\"previousItem\":{\"@type\":\"ListItem\",\"@id\":\"https:\\\/\\\/eldigitaldeasturias.com\\\/magazine365\\\/category\\\/actualidad-turismo\\\/#listItem\",\"name\":\"Actualidad Turismo\"}}]},{\"@type\":\"Organization\",\"@id\":\"https:\\\/\\\/eldigitaldeasturias.com\\\/magazine365\\\/#organization\",\"name\":\"El digital de Asturias\",\"description\":\"Revista de ocio, turismo y estilo de vida\",\"url\":\"https:\\\/\\\/eldigitaldeasturias.com\\\/magazine365\\\/\",\"logo\":{\"@type\":\"ImageObject\",\"url\":\"https:\\\/\\\/www.eldigitaldeasturias.com\\\/noticias\\\/wp-content\\\/uploads\\\/2020\\\/12\\\/EDA.jpg\",\"@id\":\"https:\\\/\\\/eldigitaldeasturias.com\\\/magazine365\\\/san-juan-2015-en-ris-de-noja\\\/#organizationLogo\"},\"image\":{\"@id\":\"https:\\\/\\\/eldigitaldeasturias.com\\\/magazine365\\\/san-juan-2015-en-ris-de-noja\\\/#organizationLogo\"}},{\"@type\":\"Person\",\"@id\":\"https:\\\/\\\/eldigitaldeasturias.com\\\/magazine365\\\/author\\\/admin\\\/#author\",\"url\":\"https:\\\/\\\/eldigitaldeasturias.com\\\/magazine365\\\/author\\\/admin\\\/\",\"name\":\"admin\",\"image\":{\"@type\":\"ImageObject\",\"@id\":\"https:\\\/\\\/eldigitaldeasturias.com\\\/magazine365\\\/san-juan-2015-en-ris-de-noja\\\/#authorImage\",\"url\":\"https:\\\/\\\/eldigitaldeasturias.com\\\/magazine365\\\/wp-content\\\/litespeed\\\/avatar\\\/e571bcf59a0edd6fa6838245a470f2fe.jpg?ver=1777574230\",\"width\":96,\"height\":96,\"caption\":\"admin\"}},{\"@type\":\"WebPage\",\"@id\":\"https:\\\/\\\/eldigitaldeasturias.com\\\/magazine365\\\/san-juan-2015-en-ris-de-noja\\\/#webpage\",\"url\":\"https:\\\/\\\/eldigitaldeasturias.com\\\/magazine365\\\/san-juan-2015-en-ris-de-noja\\\/\",\"name\":\"San Juan 2015 en Ris de Noja | El Digital de Asturias\",\"description\":\"El barrio Ris de Noja se prepara para celebrar este martes, 23 de junio, a media noche, la tradicional hoguera de la festividad de San Juan, una cita con la se conmemora la noche m\\u00e1s corta del a\\u00f1o por la que el barrio desarrolla m\\u00faltiples eventos a lo largo de dos d\\u00edas. As\\u00ed, este martes\",\"inLanguage\":\"es-ES\",\"isPartOf\":{\"@id\":\"https:\\\/\\\/eldigitaldeasturias.com\\\/magazine365\\\/#website\"},\"breadcrumb\":{\"@id\":\"https:\\\/\\\/eldigitaldeasturias.com\\\/magazine365\\\/san-juan-2015-en-ris-de-noja\\\/#breadcrumblist\"},\"author\":{\"@id\":\"https:\\\/\\\/eldigitaldeasturias.com\\\/magazine365\\\/author\\\/admin\\\/#author\"},\"creator\":{\"@id\":\"https:\\\/\\\/eldigitaldeasturias.com\\\/magazine365\\\/author\\\/admin\\\/#author\"},\"image\":{\"@type\":\"ImageObject\",\"url\":\"https:\\\/\\\/eldigitaldeasturias.com\\\/magazine365\\\/wp-content\\\/uploads\\\/2015\\\/06\\\/fotonoticia_20150623091232_800.jpg\",\"@id\":\"https:\\\/\\\/eldigitaldeasturias.com\\\/magazine365\\\/san-juan-2015-en-ris-de-noja\\\/#mainImage\",\"width\":800,\"height\":599},\"primaryImageOfPage\":{\"@id\":\"https:\\\/\\\/eldigitaldeasturias.com\\\/magazine365\\\/san-juan-2015-en-ris-de-noja\\\/#mainImage\"},\"datePublished\":\"2015-06-24T04:11:15+02:00\",\"dateModified\":\"2015-06-24T04:11:15+02:00\"},{\"@type\":\"WebSite\",\"@id\":\"https:\\\/\\\/eldigitaldeasturias.com\\\/magazine365\\\/#website\",\"url\":\"https:\\\/\\\/eldigitaldeasturias.com\\\/magazine365\\\/\",\"name\":\"El Digital de Asturias\",\"description\":\"Revista de ocio, turismo y estilo de vida\",\"inLanguage\":\"es-ES\",\"publisher\":{\"@id\":\"https:\\\/\\\/eldigitaldeasturias.com\\\/magazine365\\\/#organization\"}}]}\n\t\t<\/script>\n\t\t<!-- All in One SEO Pro -->\r\n\t\t<title>San Juan 2015 en Ris de Noja | El Digital de Asturias<\/title>\n\n","aioseo_head_json":{"title":"San Juan 2015 en Ris de Noja | El Digital de Asturias","description":"El barrio Ris de Noja se prepara para celebrar este martes, 23 de junio, a media noche, la tradicional hoguera de la festividad de San Juan, una cita con la se conmemora la noche m\u00e1s corta del a\u00f1o por la que el barrio desarrolla m\u00faltiples eventos a lo largo de dos d\u00edas. As\u00ed, este martes","canonical_url":"https:\/\/eldigitaldeasturias.com\/magazine365\/san-juan-2015-en-ris-de-noja\/","robots":"max-image-preview:large","keywords":"actualidad turismo","webmasterTools":{"google-site-verification":"UA-38556648-1","miscellaneous":""},"schema":{"@context":"https:\/\/schema.org","@graph":[{"@type":"Article","@id":"https:\/\/eldigitaldeasturias.com\/magazine365\/san-juan-2015-en-ris-de-noja\/#article","name":"San Juan 2015 en Ris de Noja | El Digital de Asturias","headline":"San Juan 2015 en Ris de Noja","author":{"@id":"https:\/\/eldigitaldeasturias.com\/magazine365\/author\/admin\/#author"},"publisher":{"@id":"https:\/\/eldigitaldeasturias.com\/magazine365\/#organization"},"image":{"@type":"ImageObject","url":"https:\/\/eldigitaldeasturias.com\/magazine365\/wp-content\/uploads\/2015\/06\/fotonoticia_20150623091232_800.jpg","width":800,"height":599},"datePublished":"2015-06-24T04:11:15+02:00","dateModified":"2015-06-24T04:11:15+02:00","inLanguage":"es-ES","mainEntityOfPage":{"@id":"https:\/\/eldigitaldeasturias.com\/magazine365\/san-juan-2015-en-ris-de-noja\/#webpage"},"isPartOf":{"@id":"https:\/\/eldigitaldeasturias.com\/magazine365\/san-juan-2015-en-ris-de-noja\/#webpage"},"articleSection":"Actualidad Turismo"},{"@type":"BreadcrumbList","@id":"https:\/\/eldigitaldeasturias.com\/magazine365\/san-juan-2015-en-ris-de-noja\/#breadcrumblist","itemListElement":[{"@type":"ListItem","@id":"https:\/\/eldigitaldeasturias.com\/magazine365#listItem","position":1,"name":"Home","item":"https:\/\/eldigitaldeasturias.com\/magazine365","nextItem":{"@type":"ListItem","@id":"https:\/\/eldigitaldeasturias.com\/magazine365\/category\/actualidad-turismo\/#listItem","name":"Actualidad Turismo"}},{"@type":"ListItem","@id":"https:\/\/eldigitaldeasturias.com\/magazine365\/category\/actualidad-turismo\/#listItem","position":2,"name":"Actualidad Turismo","item":"https:\/\/eldigitaldeasturias.com\/magazine365\/category\/actualidad-turismo\/","nextItem":{"@type":"ListItem","@id":"https:\/\/eldigitaldeasturias.com\/magazine365\/san-juan-2015-en-ris-de-noja\/#listItem","name":"San Juan 2015 en Ris de Noja"},"previousItem":{"@type":"ListItem","@id":"https:\/\/eldigitaldeasturias.com\/magazine365#listItem","name":"Home"}},{"@type":"ListItem","@id":"https:\/\/eldigitaldeasturias.com\/magazine365\/san-juan-2015-en-ris-de-noja\/#listItem","position":3,"name":"San Juan 2015 en Ris de Noja","previousItem":{"@type":"ListItem","@id":"https:\/\/eldigitaldeasturias.com\/magazine365\/category\/actualidad-turismo\/#listItem","name":"Actualidad Turismo"}}]},{"@type":"Organization","@id":"https:\/\/eldigitaldeasturias.com\/magazine365\/#organization","name":"El digital de Asturias","description":"Revista de ocio, turismo y estilo de vida","url":"https:\/\/eldigitaldeasturias.com\/magazine365\/","logo":{"@type":"ImageObject","url":"https:\/\/www.eldigitaldeasturias.com\/noticias\/wp-content\/uploads\/2020\/12\/EDA.jpg","@id":"https:\/\/eldigitaldeasturias.com\/magazine365\/san-juan-2015-en-ris-de-noja\/#organizationLogo"},"image":{"@id":"https:\/\/eldigitaldeasturias.com\/magazine365\/san-juan-2015-en-ris-de-noja\/#organizationLogo"}},{"@type":"Person","@id":"https:\/\/eldigitaldeasturias.com\/magazine365\/author\/admin\/#author","url":"https:\/\/eldigitaldeasturias.com\/magazine365\/author\/admin\/","name":"admin","image":{"@type":"ImageObject","@id":"https:\/\/eldigitaldeasturias.com\/magazine365\/san-juan-2015-en-ris-de-noja\/#authorImage","url":"https:\/\/eldigitaldeasturias.com\/magazine365\/wp-content\/litespeed\/avatar\/e571bcf59a0edd6fa6838245a470f2fe.jpg?ver=1777574230","width":96,"height":96,"caption":"admin"}},{"@type":"WebPage","@id":"https:\/\/eldigitaldeasturias.com\/magazine365\/san-juan-2015-en-ris-de-noja\/#webpage","url":"https:\/\/eldigitaldeasturias.com\/magazine365\/san-juan-2015-en-ris-de-noja\/","name":"San Juan 2015 en Ris de Noja | El Digital de Asturias","description":"El barrio Ris de Noja se prepara para celebrar este martes, 23 de junio, a media noche, la tradicional hoguera de la festividad de San Juan, una cita con la se conmemora la noche m\u00e1s corta del a\u00f1o por la que el barrio desarrolla m\u00faltiples eventos a lo largo de dos d\u00edas. As\u00ed, este martes","inLanguage":"es-ES","isPartOf":{"@id":"https:\/\/eldigitaldeasturias.com\/magazine365\/#website"},"breadcrumb":{"@id":"https:\/\/eldigitaldeasturias.com\/magazine365\/san-juan-2015-en-ris-de-noja\/#breadcrumblist"},"author":{"@id":"https:\/\/eldigitaldeasturias.com\/magazine365\/author\/admin\/#author"},"creator":{"@id":"https:\/\/eldigitaldeasturias.com\/magazine365\/author\/admin\/#author"},"image":{"@type":"ImageObject","url":"https:\/\/eldigitaldeasturias.com\/magazine365\/wp-content\/uploads\/2015\/06\/fotonoticia_20150623091232_800.jpg","@id":"https:\/\/eldigitaldeasturias.com\/magazine365\/san-juan-2015-en-ris-de-noja\/#mainImage","width":800,"height":599},"primaryImageOfPage":{"@id":"https:\/\/eldigitaldeasturias.com\/magazine365\/san-juan-2015-en-ris-de-noja\/#mainImage"},"datePublished":"2015-06-24T04:11:15+02:00","dateModified":"2015-06-24T04:11:15+02:00"},{"@type":"WebSite","@id":"https:\/\/eldigitaldeasturias.com\/magazine365\/#website","url":"https:\/\/eldigitaldeasturias.com\/magazine365\/","name":"El Digital de Asturias","description":"Revista de ocio, turismo y estilo de vida","inLanguage":"es-ES","publisher":{"@id":"https:\/\/eldigitaldeasturias.com\/magazine365\/#organization"}}]},"og:locale":"es_ES","og:site_name":"El Digital de Asturias \u2013 Revista de ocio, turismo y estilo de vida","og:type":"article","og:title":"San Juan 2015 en Ris de Noja | El Digital de Asturias","og:description":"El barrio Ris de Noja se prepara para celebrar este martes, 23 de junio, a media noche, la tradicional hoguera de la festividad de San Juan, una cita con la se conmemora la noche m\u00e1s corta del a\u00f1o por la que el barrio desarrolla m\u00faltiples eventos a lo largo de dos d\u00edas. As\u00ed, este martes","og:url":"https:\/\/eldigitaldeasturias.com\/magazine365\/san-juan-2015-en-ris-de-noja\/","og:image":"https:\/\/eldigitaldeasturias.com\/magazine365\/wp-content\/uploads\/2015\/06\/fotonoticia_20150623091232_800.jpg","og:image:secure_url":"https:\/\/eldigitaldeasturias.com\/magazine365\/wp-content\/uploads\/2015\/06\/fotonoticia_20150623091232_800.jpg","og:image:width":800,"og:image:height":599,"article:published_time":"2015-06-24T02:41:15+00:00","article:modified_time":"2015-06-24T02:41:15+00:00","twitter:card":"summary_large_image","twitter:title":"San Juan 2015 en Ris de Noja | El Digital de Asturias","twitter:description":"El barrio Ris de Noja se prepara para celebrar este martes, 23 de junio, a media noche, la tradicional hoguera de la festividad de San Juan, una cita con la se conmemora la noche m\u00e1s corta del a\u00f1o por la que el barrio desarrolla m\u00faltiples eventos a lo largo de dos d\u00edas. As\u00ed, este martes","twitter:image":"https:\/\/eldigitaldeasturias.com\/magazine365\/wp-content\/uploads\/2015\/06\/fotonoticia_20150623091232_800.jpg"},"aioseo_meta_data":{"post_id":"40658","title":null,"description":null,"keywords":null,"keyphrases":null,"primary_term":null,"canonical_url":null,"og_title":null,"og_description":null,"og_object_type":"default","og_image_type":"default","og_image_url":null,"og_image_width":null,"og_image_height":null,"og_image_custom_url":null,"og_image_custom_fields":null,"og_video":null,"og_custom_url":null,"og_article_section":null,"og_article_tags":null,"twitter_use_og":false,"twitter_card":"default","twitter_image_type":"default","twitter_image_url":null,"twitter_image_custom_url":null,"twitter_image_custom_fields":null,"twitter_title":null,"twitter_description":null,"schema":{"blockGraphs":[],"customGraphs":[],"default":{"data":{"Article":[],"Course":[],"Dataset":[],"FAQPage":[],"Movie":[],"Person":[],"Product":[],"ProductReview":[],"Car":[],"Recipe":[],"Service":[],"SoftwareApplication":[],"WebPage":[]},"graphName":"","isEnabled":true},"graphs":[],"defaultGraph":"","defaultPostTypeGraph":""},"schema_type":null,"schema_type_options":null,"pillar_content":false,"robots_default":true,"robots_noindex":false,"robots_noarchive":false,"robots_nosnippet":false,"robots_nofollow":false,"robots_noimageindex":false,"robots_noodp":false,"robots_notranslate":false,"robots_max_snippet":null,"robots_max_videopreview":null,"robots_max_imagepreview":"large","priority":null,"frequency":null,"location":null,"local_seo":null,"seo_analyzer_scan_date":"2025-09-19 14:00:19","breadcrumb_settings":null,"limit_modified_date":false,"open_ai":null,"ai":null,"created":"2021-03-09 02:25:54","updated":"2025-09-19 14:00:19"},"aioseo_breadcrumb":"<div class=\"aioseo-breadcrumbs\"><span class=\"aioseo-breadcrumb\">\n\t<a href=\"https:\/\/eldigitaldeasturias.com\/magazine365\" title=\"Home\">Home<\/a>\n<\/span><span class=\"aioseo-breadcrumb-separator\">\u2013<\/span><span class=\"aioseo-breadcrumb\">\n\t<a href=\"https:\/\/eldigitaldeasturias.com\/magazine365\/category\/actualidad-turismo\/\" title=\"Actualidad Turismo\">Actualidad Turismo<\/a>\n<\/span><span class=\"aioseo-breadcrumb-separator\">\u2013<\/span><span class=\"aioseo-breadcrumb\">\n\t<a href=\"https:\/\/eldigitaldeasturias.com\/magazine365\/san-juan-2015-en-ris-de-noja\/\" title=\"San Juan 2015 en Ris de Noja\">San Juan 2015 en Ris de Noja<\/a>\n<\/span><\/div>","aioseo_breadcrumb_json":[{"label":"Home","link":"https:\/\/eldigitaldeasturias.com\/magazine365"},{"label":"Actualidad Turismo","link":"https:\/\/eldigitaldeasturias.com\/magazine365\/category\/actualidad-turismo\/"},{"label":"San Juan 2015 en Ris de Noja","link":"https:\/\/eldigitaldeasturias.com\/magazine365\/san-juan-2015-en-ris-de-noja\/"}],"_links":{"self":[{"href":"https:\/\/eldigitaldeasturias.com\/magazine365\/wp-json\/wp\/v2\/posts\/40658","targetHints":{"allow":["GET"]}}],"collection":[{"href":"https:\/\/eldigitaldeasturias.com\/magazine365\/wp-json\/wp\/v2\/posts"}],"about":[{"href":"https:\/\/eldigitaldeasturias.com\/magazine365\/wp-json\/wp\/v2\/types\/post"}],"author":[{"embeddable":true,"href":"https:\/\/eldigitaldeasturias.com\/magazine365\/wp-json\/wp\/v2\/users\/1"}],"replies":[{"embeddable":true,"href":"https:\/\/eldigitaldeasturias.com\/magazine365\/wp-json\/wp\/v2\/comments?post=40658"}],"version-history":[{"count":0,"href":"https:\/\/eldigitaldeasturias.com\/magazine365\/wp-json\/wp\/v2\/posts\/40658\/revisions"}],"wp:featuredmedia":[{"embeddable":true,"href":"https:\/\/eldigitaldeasturias.com\/magazine365\/wp-json\/wp\/v2\/media\/40659"}],"wp:attachment":[{"href":"https:\/\/eldigitaldeasturias.com\/magazine365\/wp-json\/wp\/v2\/media?parent=40658"}],"wp:term":[{"taxonomy":"category","embeddable":true,"href":"https:\/\/eldigitaldeasturias.com\/magazine365\/wp-json\/wp\/v2\/categories?post=40658"},{"taxonomy":"post_tag","embeddable":true,"href":"https:\/\/eldigitaldeasturias.com\/magazine365\/wp-json\/wp\/v2\/tags?post=40658"}],"curies":[{"name":"wp","href":"https:\/\/api.w.org\/{rel}","templated":true}]}}