{"id":40655,"date":"2015-06-23T18:14:34","date_gmt":"2015-06-23T16:44:34","guid":{"rendered":"http:\/\/eldigitaldeasturias.com\/magazine365\/?p=40655"},"modified":"2015-06-23T18:14:34","modified_gmt":"2015-06-23T16:44:34","slug":"renfe-refuerza-sus-servicios-de-media-distancia-entre-vigo-y-a-coruna-con-motivo-del-san-juan","status":"publish","type":"post","link":"https:\/\/eldigitaldeasturias.com\/magazine365\/renfe-refuerza-sus-servicios-de-media-distancia-entre-vigo-y-a-coruna-con-motivo-del-san-juan\/","title":{"rendered":"Renfe refuerza sus servicios de media distancia entre Vigo y A Coru\u00f1a con motivo del San Juan"},"content":{"rendered":"<p><img fetchpriority=\"high\" decoding=\"async\" class=\"alignleft size-medium wp-image-40656\" src=\"https:\/\/eldigitaldeasturias.com\/magazine365\/wp-content\/uploads\/2015\/06\/san-juan-360x241.jpg\" alt=\"san juan\" width=\"360\" height=\"241\" srcset=\"https:\/\/eldigitaldeasturias.com\/magazine365\/wp-content\/uploads\/2015\/06\/san-juan-360x241.jpg 360w, https:\/\/eldigitaldeasturias.com\/magazine365\/wp-content\/uploads\/2015\/06\/san-juan-650x435.jpg 650w, https:\/\/eldigitaldeasturias.com\/magazine365\/wp-content\/uploads\/2015\/06\/san-juan-768x514.jpg 768w, https:\/\/eldigitaldeasturias.com\/magazine365\/wp-content\/uploads\/2015\/06\/san-juan-150x100.jpg 150w, https:\/\/eldigitaldeasturias.com\/magazine365\/wp-content\/uploads\/2015\/06\/san-juan-450x301.jpg 450w, https:\/\/eldigitaldeasturias.com\/magazine365\/wp-content\/uploads\/2015\/06\/san-juan-696x465.jpg 696w, https:\/\/eldigitaldeasturias.com\/magazine365\/wp-content\/uploads\/2015\/06\/san-juan-628x420.jpg 628w, https:\/\/eldigitaldeasturias.com\/magazine365\/wp-content\/uploads\/2015\/06\/san-juan-84x55.jpg 84w, https:\/\/eldigitaldeasturias.com\/magazine365\/wp-content\/uploads\/2015\/06\/san-juan.jpg 800w\" sizes=\"(max-width: 360px) 100vw, 360px\" \/>Renfe reforzar\u00e1 sus servicios de media distancia entre Vigo y A Coru\u00f1a durante la tarde de este martes 23 y la ma\u00f1ana del mi\u00e9rcoles 24 con motivo de la celebraci\u00f3n de las Hogueras del San Juan en la ciudad herculina.<\/p>\n<p>En concreto, la Red Nacional de Ferrocarriles Espa\u00f1oles reforzar\u00e1 con m\u00e1s de 700 plazas adicionales cuatro servicios debido a estos festejos, declarados Fiestas de Inter\u00e9s Tur\u00edstico Internacional.<\/p>\n<p>As\u00ed, ver\u00e1n aumentadas sus plazas los trenes con salida de Vigo a las 15,10 horas y llegada a las 17,16 horas, as\u00ed como el que sale de la ciudad ol\u00edvica a las 20,30 horas y llega a las 22,38 horas.<\/p>\n<p>Por su parte, en la jornada del d\u00eda 24, los afectados son el que sale de A Coru\u00f1a a las 5,40 horas y llega a Vigo a las 7,43 horas; y el que sale a las 10,00 horas de la estaci\u00f3n coru\u00f1esa para llegar a Guixar a las 12,03 horas.<\/p>\n","protected":false},"excerpt":{"rendered":"<p>Renfe reforzar\u00e1 sus servicios de media distancia entre Vigo y A Coru\u00f1a durante la tarde de este martes 23 y la ma\u00f1ana del mi\u00e9rcoles 24 con motivo de la celebraci\u00f3n de las Hogueras del San Juan en la ciudad herculina. En concreto, la Red Nacional de Ferrocarriles Espa\u00f1oles reforzar\u00e1 con m\u00e1s de 700 plazas adicionales<\/p>\n","protected":false},"author":1,"featured_media":40656,"comment_status":"open","ping_status":"closed","sticky":false,"template":"","format":"standard","meta":{"footnotes":""},"categories":[224],"tags":[],"class_list":{"0":"post-40655","1":"post","2":"type-post","3":"status-publish","4":"format-standard","5":"has-post-thumbnail","7":"category-noticias-actualidad"},"aioseo_notices":[],"aioseo_head":"\n\t\t<!-- All in One SEO Pro 4.9.6.1 - aioseo.com -->\n\t<meta name=\"description\" content=\"Renfe reforzar\u00e1 sus servicios de media distancia entre Vigo y A Coru\u00f1a durante la tarde de este martes 23 y la ma\u00f1ana del mi\u00e9rcoles 24 con motivo de la celebraci\u00f3n de las Hogueras del San Juan en la ciudad herculina. En concreto, la Red Nacional de Ferrocarriles Espa\u00f1oles reforzar\u00e1 con m\u00e1s de 700 plazas adicionales\" \/>\n\t<meta name=\"robots\" content=\"max-image-preview:large\" \/>\n\t<meta name=\"author\" content=\"admin\"\/>\n\t<meta name=\"google-site-verification\" content=\"UA-38556648-1\" \/>\n\t<meta name=\"keywords\" content=\"noticias y actualidad\" \/>\n\t<link rel=\"canonical\" href=\"https:\/\/eldigitaldeasturias.com\/magazine365\/renfe-refuerza-sus-servicios-de-media-distancia-entre-vigo-y-a-coruna-con-motivo-del-san-juan\/\" \/>\n\t<meta name=\"generator\" content=\"All in One SEO Pro (AIOSEO) 4.9.6.1\" \/>\n\t\t<meta property=\"og:locale\" content=\"es_ES\" \/>\n\t\t<meta property=\"og:site_name\" content=\"El Digital de Asturias \u2013 Revista de ocio, turismo y estilo de vida\" \/>\n\t\t<meta property=\"og:type\" content=\"article\" \/>\n\t\t<meta property=\"og:title\" content=\"Renfe refuerza sus servicios de media distancia entre Vigo y A Coru\u00f1a con motivo del San Juan | El Digital de Asturias\" \/>\n\t\t<meta property=\"og:description\" content=\"Renfe reforzar\u00e1 sus servicios de media distancia entre Vigo y A Coru\u00f1a durante la tarde de este martes 23 y la ma\u00f1ana del mi\u00e9rcoles 24 con motivo de la celebraci\u00f3n de las Hogueras del San Juan en la ciudad herculina. En concreto, la Red Nacional de Ferrocarriles Espa\u00f1oles reforzar\u00e1 con m\u00e1s de 700 plazas adicionales\" \/>\n\t\t<meta property=\"og:url\" content=\"https:\/\/eldigitaldeasturias.com\/magazine365\/renfe-refuerza-sus-servicios-de-media-distancia-entre-vigo-y-a-coruna-con-motivo-del-san-juan\/\" \/>\n\t\t<meta property=\"og:image\" content=\"https:\/\/eldigitaldeasturias.com\/magazine365\/wp-content\/uploads\/2015\/06\/san-juan.jpg\" \/>\n\t\t<meta property=\"og:image:secure_url\" content=\"https:\/\/eldigitaldeasturias.com\/magazine365\/wp-content\/uploads\/2015\/06\/san-juan.jpg\" \/>\n\t\t<meta property=\"og:image:width\" content=\"800\" \/>\n\t\t<meta property=\"og:image:height\" content=\"535\" \/>\n\t\t<meta property=\"article:published_time\" content=\"2015-06-23T16:44:34+00:00\" \/>\n\t\t<meta property=\"article:modified_time\" content=\"2015-06-23T16:44:34+00:00\" \/>\n\t\t<meta name=\"twitter:card\" content=\"summary_large_image\" \/>\n\t\t<meta name=\"twitter:title\" content=\"Renfe refuerza sus servicios de media distancia entre Vigo y A Coru\u00f1a con motivo del San Juan | El Digital de Asturias\" \/>\n\t\t<meta name=\"twitter:description\" content=\"Renfe reforzar\u00e1 sus servicios de media distancia entre Vigo y A Coru\u00f1a durante la tarde de este martes 23 y la ma\u00f1ana del mi\u00e9rcoles 24 con motivo de la celebraci\u00f3n de las Hogueras del San Juan en la ciudad herculina. En concreto, la Red Nacional de Ferrocarriles Espa\u00f1oles reforzar\u00e1 con m\u00e1s de 700 plazas adicionales\" \/>\n\t\t<meta name=\"twitter:image\" content=\"https:\/\/eldigitaldeasturias.com\/magazine365\/wp-content\/uploads\/2015\/06\/san-juan.jpg\" \/>\n\t\t<script type=\"application\/ld+json\" class=\"aioseo-schema\">\n\t\t\t{\"@context\":\"https:\\\/\\\/schema.org\",\"@graph\":[{\"@type\":\"Article\",\"@id\":\"https:\\\/\\\/eldigitaldeasturias.com\\\/magazine365\\\/renfe-refuerza-sus-servicios-de-media-distancia-entre-vigo-y-a-coruna-con-motivo-del-san-juan\\\/#article\",\"name\":\"Renfe refuerza sus servicios de media distancia entre Vigo y A Coru\\u00f1a con motivo del San Juan | El Digital de Asturias\",\"headline\":\"Renfe refuerza sus servicios de media distancia entre Vigo y A Coru\\u00f1a con motivo del San Juan\",\"author\":{\"@id\":\"https:\\\/\\\/eldigitaldeasturias.com\\\/magazine365\\\/author\\\/admin\\\/#author\"},\"publisher\":{\"@id\":\"https:\\\/\\\/eldigitaldeasturias.com\\\/magazine365\\\/#organization\"},\"image\":{\"@type\":\"ImageObject\",\"url\":\"https:\\\/\\\/eldigitaldeasturias.com\\\/magazine365\\\/wp-content\\\/uploads\\\/2015\\\/06\\\/san-juan.jpg\",\"width\":800,\"height\":535},\"datePublished\":\"2015-06-23T18:14:34+02:00\",\"dateModified\":\"2015-06-23T18:14:34+02:00\",\"inLanguage\":\"es-ES\",\"mainEntityOfPage\":{\"@id\":\"https:\\\/\\\/eldigitaldeasturias.com\\\/magazine365\\\/renfe-refuerza-sus-servicios-de-media-distancia-entre-vigo-y-a-coruna-con-motivo-del-san-juan\\\/#webpage\"},\"isPartOf\":{\"@id\":\"https:\\\/\\\/eldigitaldeasturias.com\\\/magazine365\\\/renfe-refuerza-sus-servicios-de-media-distancia-entre-vigo-y-a-coruna-con-motivo-del-san-juan\\\/#webpage\"},\"articleSection\":\"Noticias y Actualidad\"},{\"@type\":\"BreadcrumbList\",\"@id\":\"https:\\\/\\\/eldigitaldeasturias.com\\\/magazine365\\\/renfe-refuerza-sus-servicios-de-media-distancia-entre-vigo-y-a-coruna-con-motivo-del-san-juan\\\/#breadcrumblist\",\"itemListElement\":[{\"@type\":\"ListItem\",\"@id\":\"https:\\\/\\\/eldigitaldeasturias.com\\\/magazine365#listItem\",\"position\":1,\"name\":\"Home\",\"item\":\"https:\\\/\\\/eldigitaldeasturias.com\\\/magazine365\",\"nextItem\":{\"@type\":\"ListItem\",\"@id\":\"https:\\\/\\\/eldigitaldeasturias.com\\\/magazine365\\\/category\\\/noticias-actualidad\\\/#listItem\",\"name\":\"Noticias y Actualidad\"}},{\"@type\":\"ListItem\",\"@id\":\"https:\\\/\\\/eldigitaldeasturias.com\\\/magazine365\\\/category\\\/noticias-actualidad\\\/#listItem\",\"position\":2,\"name\":\"Noticias y Actualidad\",\"item\":\"https:\\\/\\\/eldigitaldeasturias.com\\\/magazine365\\\/category\\\/noticias-actualidad\\\/\",\"nextItem\":{\"@type\":\"ListItem\",\"@id\":\"https:\\\/\\\/eldigitaldeasturias.com\\\/magazine365\\\/renfe-refuerza-sus-servicios-de-media-distancia-entre-vigo-y-a-coruna-con-motivo-del-san-juan\\\/#listItem\",\"name\":\"Renfe refuerza sus servicios de media distancia entre Vigo y A Coru\\u00f1a con motivo del San Juan\"},\"previousItem\":{\"@type\":\"ListItem\",\"@id\":\"https:\\\/\\\/eldigitaldeasturias.com\\\/magazine365#listItem\",\"name\":\"Home\"}},{\"@type\":\"ListItem\",\"@id\":\"https:\\\/\\\/eldigitaldeasturias.com\\\/magazine365\\\/renfe-refuerza-sus-servicios-de-media-distancia-entre-vigo-y-a-coruna-con-motivo-del-san-juan\\\/#listItem\",\"position\":3,\"name\":\"Renfe refuerza sus servicios de media distancia entre Vigo y A Coru\\u00f1a con motivo del San Juan\",\"previousItem\":{\"@type\":\"ListItem\",\"@id\":\"https:\\\/\\\/eldigitaldeasturias.com\\\/magazine365\\\/category\\\/noticias-actualidad\\\/#listItem\",\"name\":\"Noticias y Actualidad\"}}]},{\"@type\":\"Organization\",\"@id\":\"https:\\\/\\\/eldigitaldeasturias.com\\\/magazine365\\\/#organization\",\"name\":\"El digital de Asturias\",\"description\":\"Revista de ocio, turismo y estilo de vida\",\"url\":\"https:\\\/\\\/eldigitaldeasturias.com\\\/magazine365\\\/\",\"logo\":{\"@type\":\"ImageObject\",\"url\":\"https:\\\/\\\/www.eldigitaldeasturias.com\\\/noticias\\\/wp-content\\\/uploads\\\/2020\\\/12\\\/EDA.jpg\",\"@id\":\"https:\\\/\\\/eldigitaldeasturias.com\\\/magazine365\\\/renfe-refuerza-sus-servicios-de-media-distancia-entre-vigo-y-a-coruna-con-motivo-del-san-juan\\\/#organizationLogo\"},\"image\":{\"@id\":\"https:\\\/\\\/eldigitaldeasturias.com\\\/magazine365\\\/renfe-refuerza-sus-servicios-de-media-distancia-entre-vigo-y-a-coruna-con-motivo-del-san-juan\\\/#organizationLogo\"}},{\"@type\":\"Person\",\"@id\":\"https:\\\/\\\/eldigitaldeasturias.com\\\/magazine365\\\/author\\\/admin\\\/#author\",\"url\":\"https:\\\/\\\/eldigitaldeasturias.com\\\/magazine365\\\/author\\\/admin\\\/\",\"name\":\"admin\",\"image\":{\"@type\":\"ImageObject\",\"@id\":\"https:\\\/\\\/eldigitaldeasturias.com\\\/magazine365\\\/renfe-refuerza-sus-servicios-de-media-distancia-entre-vigo-y-a-coruna-con-motivo-del-san-juan\\\/#authorImage\",\"url\":\"https:\\\/\\\/eldigitaldeasturias.com\\\/magazine365\\\/wp-content\\\/litespeed\\\/avatar\\\/e571bcf59a0edd6fa6838245a470f2fe.jpg?ver=1777574230\",\"width\":96,\"height\":96,\"caption\":\"admin\"}},{\"@type\":\"WebPage\",\"@id\":\"https:\\\/\\\/eldigitaldeasturias.com\\\/magazine365\\\/renfe-refuerza-sus-servicios-de-media-distancia-entre-vigo-y-a-coruna-con-motivo-del-san-juan\\\/#webpage\",\"url\":\"https:\\\/\\\/eldigitaldeasturias.com\\\/magazine365\\\/renfe-refuerza-sus-servicios-de-media-distancia-entre-vigo-y-a-coruna-con-motivo-del-san-juan\\\/\",\"name\":\"Renfe refuerza sus servicios de media distancia entre Vigo y A Coru\\u00f1a con motivo del San Juan | El Digital de Asturias\",\"description\":\"Renfe reforzar\\u00e1 sus servicios de media distancia entre Vigo y A Coru\\u00f1a durante la tarde de este martes 23 y la ma\\u00f1ana del mi\\u00e9rcoles 24 con motivo de la celebraci\\u00f3n de las Hogueras del San Juan en la ciudad herculina. En concreto, la Red Nacional de Ferrocarriles Espa\\u00f1oles reforzar\\u00e1 con m\\u00e1s de 700 plazas adicionales\",\"inLanguage\":\"es-ES\",\"isPartOf\":{\"@id\":\"https:\\\/\\\/eldigitaldeasturias.com\\\/magazine365\\\/#website\"},\"breadcrumb\":{\"@id\":\"https:\\\/\\\/eldigitaldeasturias.com\\\/magazine365\\\/renfe-refuerza-sus-servicios-de-media-distancia-entre-vigo-y-a-coruna-con-motivo-del-san-juan\\\/#breadcrumblist\"},\"author\":{\"@id\":\"https:\\\/\\\/eldigitaldeasturias.com\\\/magazine365\\\/author\\\/admin\\\/#author\"},\"creator\":{\"@id\":\"https:\\\/\\\/eldigitaldeasturias.com\\\/magazine365\\\/author\\\/admin\\\/#author\"},\"image\":{\"@type\":\"ImageObject\",\"url\":\"https:\\\/\\\/eldigitaldeasturias.com\\\/magazine365\\\/wp-content\\\/uploads\\\/2015\\\/06\\\/san-juan.jpg\",\"@id\":\"https:\\\/\\\/eldigitaldeasturias.com\\\/magazine365\\\/renfe-refuerza-sus-servicios-de-media-distancia-entre-vigo-y-a-coruna-con-motivo-del-san-juan\\\/#mainImage\",\"width\":800,\"height\":535},\"primaryImageOfPage\":{\"@id\":\"https:\\\/\\\/eldigitaldeasturias.com\\\/magazine365\\\/renfe-refuerza-sus-servicios-de-media-distancia-entre-vigo-y-a-coruna-con-motivo-del-san-juan\\\/#mainImage\"},\"datePublished\":\"2015-06-23T18:14:34+02:00\",\"dateModified\":\"2015-06-23T18:14:34+02:00\"},{\"@type\":\"WebSite\",\"@id\":\"https:\\\/\\\/eldigitaldeasturias.com\\\/magazine365\\\/#website\",\"url\":\"https:\\\/\\\/eldigitaldeasturias.com\\\/magazine365\\\/\",\"name\":\"El Digital de Asturias\",\"description\":\"Revista de ocio, turismo y estilo de vida\",\"inLanguage\":\"es-ES\",\"publisher\":{\"@id\":\"https:\\\/\\\/eldigitaldeasturias.com\\\/magazine365\\\/#organization\"}}]}\n\t\t<\/script>\n\t\t<!-- All in One SEO Pro -->\r\n\t\t<title>Renfe refuerza sus servicios de media distancia entre Vigo y A Coru\u00f1a con motivo del San Juan | El Digital de Asturias<\/title>\n\n","aioseo_head_json":{"title":"Renfe refuerza sus servicios de media distancia entre Vigo y A Coru\u00f1a con motivo del San Juan | El Digital de Asturias","description":"Renfe reforzar\u00e1 sus servicios de media distancia entre Vigo y A Coru\u00f1a durante la tarde de este martes 23 y la ma\u00f1ana del mi\u00e9rcoles 24 con motivo de la celebraci\u00f3n de las Hogueras del San Juan en la ciudad herculina. En concreto, la Red Nacional de Ferrocarriles Espa\u00f1oles reforzar\u00e1 con m\u00e1s de 700 plazas adicionales","canonical_url":"https:\/\/eldigitaldeasturias.com\/magazine365\/renfe-refuerza-sus-servicios-de-media-distancia-entre-vigo-y-a-coruna-con-motivo-del-san-juan\/","robots":"max-image-preview:large","keywords":"noticias y actualidad","webmasterTools":{"google-site-verification":"UA-38556648-1","miscellaneous":""},"schema":{"@context":"https:\/\/schema.org","@graph":[{"@type":"Article","@id":"https:\/\/eldigitaldeasturias.com\/magazine365\/renfe-refuerza-sus-servicios-de-media-distancia-entre-vigo-y-a-coruna-con-motivo-del-san-juan\/#article","name":"Renfe refuerza sus servicios de media distancia entre Vigo y A Coru\u00f1a con motivo del San Juan | El Digital de Asturias","headline":"Renfe refuerza sus servicios de media distancia entre Vigo y A Coru\u00f1a con motivo del San Juan","author":{"@id":"https:\/\/eldigitaldeasturias.com\/magazine365\/author\/admin\/#author"},"publisher":{"@id":"https:\/\/eldigitaldeasturias.com\/magazine365\/#organization"},"image":{"@type":"ImageObject","url":"https:\/\/eldigitaldeasturias.com\/magazine365\/wp-content\/uploads\/2015\/06\/san-juan.jpg","width":800,"height":535},"datePublished":"2015-06-23T18:14:34+02:00","dateModified":"2015-06-23T18:14:34+02:00","inLanguage":"es-ES","mainEntityOfPage":{"@id":"https:\/\/eldigitaldeasturias.com\/magazine365\/renfe-refuerza-sus-servicios-de-media-distancia-entre-vigo-y-a-coruna-con-motivo-del-san-juan\/#webpage"},"isPartOf":{"@id":"https:\/\/eldigitaldeasturias.com\/magazine365\/renfe-refuerza-sus-servicios-de-media-distancia-entre-vigo-y-a-coruna-con-motivo-del-san-juan\/#webpage"},"articleSection":"Noticias y Actualidad"},{"@type":"BreadcrumbList","@id":"https:\/\/eldigitaldeasturias.com\/magazine365\/renfe-refuerza-sus-servicios-de-media-distancia-entre-vigo-y-a-coruna-con-motivo-del-san-juan\/#breadcrumblist","itemListElement":[{"@type":"ListItem","@id":"https:\/\/eldigitaldeasturias.com\/magazine365#listItem","position":1,"name":"Home","item":"https:\/\/eldigitaldeasturias.com\/magazine365","nextItem":{"@type":"ListItem","@id":"https:\/\/eldigitaldeasturias.com\/magazine365\/category\/noticias-actualidad\/#listItem","name":"Noticias y Actualidad"}},{"@type":"ListItem","@id":"https:\/\/eldigitaldeasturias.com\/magazine365\/category\/noticias-actualidad\/#listItem","position":2,"name":"Noticias y Actualidad","item":"https:\/\/eldigitaldeasturias.com\/magazine365\/category\/noticias-actualidad\/","nextItem":{"@type":"ListItem","@id":"https:\/\/eldigitaldeasturias.com\/magazine365\/renfe-refuerza-sus-servicios-de-media-distancia-entre-vigo-y-a-coruna-con-motivo-del-san-juan\/#listItem","name":"Renfe refuerza sus servicios de media distancia entre Vigo y A Coru\u00f1a con motivo del San Juan"},"previousItem":{"@type":"ListItem","@id":"https:\/\/eldigitaldeasturias.com\/magazine365#listItem","name":"Home"}},{"@type":"ListItem","@id":"https:\/\/eldigitaldeasturias.com\/magazine365\/renfe-refuerza-sus-servicios-de-media-distancia-entre-vigo-y-a-coruna-con-motivo-del-san-juan\/#listItem","position":3,"name":"Renfe refuerza sus servicios de media distancia entre Vigo y A Coru\u00f1a con motivo del San Juan","previousItem":{"@type":"ListItem","@id":"https:\/\/eldigitaldeasturias.com\/magazine365\/category\/noticias-actualidad\/#listItem","name":"Noticias y Actualidad"}}]},{"@type":"Organization","@id":"https:\/\/eldigitaldeasturias.com\/magazine365\/#organization","name":"El digital de Asturias","description":"Revista de ocio, turismo y estilo de vida","url":"https:\/\/eldigitaldeasturias.com\/magazine365\/","logo":{"@type":"ImageObject","url":"https:\/\/www.eldigitaldeasturias.com\/noticias\/wp-content\/uploads\/2020\/12\/EDA.jpg","@id":"https:\/\/eldigitaldeasturias.com\/magazine365\/renfe-refuerza-sus-servicios-de-media-distancia-entre-vigo-y-a-coruna-con-motivo-del-san-juan\/#organizationLogo"},"image":{"@id":"https:\/\/eldigitaldeasturias.com\/magazine365\/renfe-refuerza-sus-servicios-de-media-distancia-entre-vigo-y-a-coruna-con-motivo-del-san-juan\/#organizationLogo"}},{"@type":"Person","@id":"https:\/\/eldigitaldeasturias.com\/magazine365\/author\/admin\/#author","url":"https:\/\/eldigitaldeasturias.com\/magazine365\/author\/admin\/","name":"admin","image":{"@type":"ImageObject","@id":"https:\/\/eldigitaldeasturias.com\/magazine365\/renfe-refuerza-sus-servicios-de-media-distancia-entre-vigo-y-a-coruna-con-motivo-del-san-juan\/#authorImage","url":"https:\/\/eldigitaldeasturias.com\/magazine365\/wp-content\/litespeed\/avatar\/e571bcf59a0edd6fa6838245a470f2fe.jpg?ver=1777574230","width":96,"height":96,"caption":"admin"}},{"@type":"WebPage","@id":"https:\/\/eldigitaldeasturias.com\/magazine365\/renfe-refuerza-sus-servicios-de-media-distancia-entre-vigo-y-a-coruna-con-motivo-del-san-juan\/#webpage","url":"https:\/\/eldigitaldeasturias.com\/magazine365\/renfe-refuerza-sus-servicios-de-media-distancia-entre-vigo-y-a-coruna-con-motivo-del-san-juan\/","name":"Renfe refuerza sus servicios de media distancia entre Vigo y A Coru\u00f1a con motivo del San Juan | El Digital de Asturias","description":"Renfe reforzar\u00e1 sus servicios de media distancia entre Vigo y A Coru\u00f1a durante la tarde de este martes 23 y la ma\u00f1ana del mi\u00e9rcoles 24 con motivo de la celebraci\u00f3n de las Hogueras del San Juan en la ciudad herculina. En concreto, la Red Nacional de Ferrocarriles Espa\u00f1oles reforzar\u00e1 con m\u00e1s de 700 plazas adicionales","inLanguage":"es-ES","isPartOf":{"@id":"https:\/\/eldigitaldeasturias.com\/magazine365\/#website"},"breadcrumb":{"@id":"https:\/\/eldigitaldeasturias.com\/magazine365\/renfe-refuerza-sus-servicios-de-media-distancia-entre-vigo-y-a-coruna-con-motivo-del-san-juan\/#breadcrumblist"},"author":{"@id":"https:\/\/eldigitaldeasturias.com\/magazine365\/author\/admin\/#author"},"creator":{"@id":"https:\/\/eldigitaldeasturias.com\/magazine365\/author\/admin\/#author"},"image":{"@type":"ImageObject","url":"https:\/\/eldigitaldeasturias.com\/magazine365\/wp-content\/uploads\/2015\/06\/san-juan.jpg","@id":"https:\/\/eldigitaldeasturias.com\/magazine365\/renfe-refuerza-sus-servicios-de-media-distancia-entre-vigo-y-a-coruna-con-motivo-del-san-juan\/#mainImage","width":800,"height":535},"primaryImageOfPage":{"@id":"https:\/\/eldigitaldeasturias.com\/magazine365\/renfe-refuerza-sus-servicios-de-media-distancia-entre-vigo-y-a-coruna-con-motivo-del-san-juan\/#mainImage"},"datePublished":"2015-06-23T18:14:34+02:00","dateModified":"2015-06-23T18:14:34+02:00"},{"@type":"WebSite","@id":"https:\/\/eldigitaldeasturias.com\/magazine365\/#website","url":"https:\/\/eldigitaldeasturias.com\/magazine365\/","name":"El Digital de Asturias","description":"Revista de ocio, turismo y estilo de vida","inLanguage":"es-ES","publisher":{"@id":"https:\/\/eldigitaldeasturias.com\/magazine365\/#organization"}}]},"og:locale":"es_ES","og:site_name":"El Digital de Asturias \u2013 Revista de ocio, turismo y estilo de vida","og:type":"article","og:title":"Renfe refuerza sus servicios de media distancia entre Vigo y A Coru\u00f1a con motivo del San Juan | El Digital de Asturias","og:description":"Renfe reforzar\u00e1 sus servicios de media distancia entre Vigo y A Coru\u00f1a durante la tarde de este martes 23 y la ma\u00f1ana del mi\u00e9rcoles 24 con motivo de la celebraci\u00f3n de las Hogueras del San Juan en la ciudad herculina. En concreto, la Red Nacional de Ferrocarriles Espa\u00f1oles reforzar\u00e1 con m\u00e1s de 700 plazas adicionales","og:url":"https:\/\/eldigitaldeasturias.com\/magazine365\/renfe-refuerza-sus-servicios-de-media-distancia-entre-vigo-y-a-coruna-con-motivo-del-san-juan\/","og:image":"https:\/\/eldigitaldeasturias.com\/magazine365\/wp-content\/uploads\/2015\/06\/san-juan.jpg","og:image:secure_url":"https:\/\/eldigitaldeasturias.com\/magazine365\/wp-content\/uploads\/2015\/06\/san-juan.jpg","og:image:width":800,"og:image:height":535,"article:published_time":"2015-06-23T16:44:34+00:00","article:modified_time":"2015-06-23T16:44:34+00:00","twitter:card":"summary_large_image","twitter:title":"Renfe refuerza sus servicios de media distancia entre Vigo y A Coru\u00f1a con motivo del San Juan | El Digital de Asturias","twitter:description":"Renfe reforzar\u00e1 sus servicios de media distancia entre Vigo y A Coru\u00f1a durante la tarde de este martes 23 y la ma\u00f1ana del mi\u00e9rcoles 24 con motivo de la celebraci\u00f3n de las Hogueras del San Juan en la ciudad herculina. En concreto, la Red Nacional de Ferrocarriles Espa\u00f1oles reforzar\u00e1 con m\u00e1s de 700 plazas adicionales","twitter:image":"https:\/\/eldigitaldeasturias.com\/magazine365\/wp-content\/uploads\/2015\/06\/san-juan.jpg"},"aioseo_meta_data":{"post_id":"40655","title":null,"description":null,"keywords":null,"keyphrases":null,"primary_term":null,"canonical_url":null,"og_title":null,"og_description":null,"og_object_type":"default","og_image_type":"default","og_image_url":null,"og_image_width":null,"og_image_height":null,"og_image_custom_url":null,"og_image_custom_fields":null,"og_video":null,"og_custom_url":null,"og_article_section":null,"og_article_tags":null,"twitter_use_og":false,"twitter_card":"default","twitter_image_type":"default","twitter_image_url":null,"twitter_image_custom_url":null,"twitter_image_custom_fields":null,"twitter_title":null,"twitter_description":null,"schema":{"blockGraphs":[],"customGraphs":[],"default":{"data":{"Article":[],"Course":[],"Dataset":[],"FAQPage":[],"Movie":[],"Person":[],"Product":[],"ProductReview":[],"Car":[],"Recipe":[],"Service":[],"SoftwareApplication":[],"WebPage":[]},"graphName":"","isEnabled":true},"graphs":[],"defaultGraph":"","defaultPostTypeGraph":""},"schema_type":null,"schema_type_options":null,"pillar_content":false,"robots_default":true,"robots_noindex":false,"robots_noarchive":false,"robots_nosnippet":false,"robots_nofollow":false,"robots_noimageindex":false,"robots_noodp":false,"robots_notranslate":false,"robots_max_snippet":null,"robots_max_videopreview":null,"robots_max_imagepreview":"large","priority":null,"frequency":null,"location":null,"local_seo":null,"seo_analyzer_scan_date":"2025-09-19 14:00:18","breadcrumb_settings":null,"limit_modified_date":false,"open_ai":null,"ai":null,"created":"2021-03-09 02:25:54","updated":"2025-09-19 14:00:18"},"aioseo_breadcrumb":"<div class=\"aioseo-breadcrumbs\"><span class=\"aioseo-breadcrumb\">\n\t<a href=\"https:\/\/eldigitaldeasturias.com\/magazine365\" title=\"Home\">Home<\/a>\n<\/span><span class=\"aioseo-breadcrumb-separator\">\u2013<\/span><span class=\"aioseo-breadcrumb\">\n\t<a href=\"https:\/\/eldigitaldeasturias.com\/magazine365\/category\/noticias-actualidad\/\" title=\"Noticias y Actualidad\">Noticias y Actualidad<\/a>\n<\/span><span class=\"aioseo-breadcrumb-separator\">\u2013<\/span><span class=\"aioseo-breadcrumb\">\n\t<a href=\"https:\/\/eldigitaldeasturias.com\/magazine365\/renfe-refuerza-sus-servicios-de-media-distancia-entre-vigo-y-a-coruna-con-motivo-del-san-juan\/\" title=\"Renfe refuerza sus servicios de media distancia entre Vigo y A Coru\u00f1a con motivo del San Juan\">Renfe refuerza sus servicios de media distancia entre Vigo y A Coru\u00f1a con motivo del San Juan<\/a>\n<\/span><\/div>","aioseo_breadcrumb_json":[{"label":"Home","link":"https:\/\/eldigitaldeasturias.com\/magazine365"},{"label":"Noticias y Actualidad","link":"https:\/\/eldigitaldeasturias.com\/magazine365\/category\/noticias-actualidad\/"},{"label":"Renfe refuerza sus servicios de media distancia entre Vigo y A Coru\u00f1a con motivo del San Juan","link":"https:\/\/eldigitaldeasturias.com\/magazine365\/renfe-refuerza-sus-servicios-de-media-distancia-entre-vigo-y-a-coruna-con-motivo-del-san-juan\/"}],"_links":{"self":[{"href":"https:\/\/eldigitaldeasturias.com\/magazine365\/wp-json\/wp\/v2\/posts\/40655","targetHints":{"allow":["GET"]}}],"collection":[{"href":"https:\/\/eldigitaldeasturias.com\/magazine365\/wp-json\/wp\/v2\/posts"}],"about":[{"href":"https:\/\/eldigitaldeasturias.com\/magazine365\/wp-json\/wp\/v2\/types\/post"}],"author":[{"embeddable":true,"href":"https:\/\/eldigitaldeasturias.com\/magazine365\/wp-json\/wp\/v2\/users\/1"}],"replies":[{"embeddable":true,"href":"https:\/\/eldigitaldeasturias.com\/magazine365\/wp-json\/wp\/v2\/comments?post=40655"}],"version-history":[{"count":0,"href":"https:\/\/eldigitaldeasturias.com\/magazine365\/wp-json\/wp\/v2\/posts\/40655\/revisions"}],"wp:featuredmedia":[{"embeddable":true,"href":"https:\/\/eldigitaldeasturias.com\/magazine365\/wp-json\/wp\/v2\/media\/40656"}],"wp:attachment":[{"href":"https:\/\/eldigitaldeasturias.com\/magazine365\/wp-json\/wp\/v2\/media?parent=40655"}],"wp:term":[{"taxonomy":"category","embeddable":true,"href":"https:\/\/eldigitaldeasturias.com\/magazine365\/wp-json\/wp\/v2\/categories?post=40655"},{"taxonomy":"post_tag","embeddable":true,"href":"https:\/\/eldigitaldeasturias.com\/magazine365\/wp-json\/wp\/v2\/tags?post=40655"}],"curies":[{"name":"wp","href":"https:\/\/api.w.org\/{rel}","templated":true}]}}