{"id":40652,"date":"2015-06-23T17:40:01","date_gmt":"2015-06-23T16:10:01","guid":{"rendered":"http:\/\/eldigitaldeasturias.com\/magazine365\/?p=40652"},"modified":"2015-06-23T17:40:01","modified_gmt":"2015-06-23T16:10:01","slug":"volotea-preve-que-su-ocupacion-en-las-rutas-de-vigo-crezca-un-86","status":"publish","type":"post","link":"https:\/\/eldigitaldeasturias.com\/magazine365\/volotea-preve-que-su-ocupacion-en-las-rutas-de-vigo-crezca-un-86\/","title":{"rendered":"Volotea prev\u00e9 que su ocupaci\u00f3n en las rutas de Vigo crezca un 8,6%"},"content":{"rendered":"<p><img fetchpriority=\"high\" decoding=\"async\" class=\"alignleft size-medium wp-image-40653\" src=\"https:\/\/eldigitaldeasturias.com\/magazine365\/wp-content\/uploads\/2015\/06\/fotonoticia_20150623090751_800-360x240.jpg\" alt=\"fotonoticia_20150623090751_800\" width=\"360\" height=\"240\" srcset=\"https:\/\/eldigitaldeasturias.com\/magazine365\/wp-content\/uploads\/2015\/06\/fotonoticia_20150623090751_800-360x240.jpg 360w, https:\/\/eldigitaldeasturias.com\/magazine365\/wp-content\/uploads\/2015\/06\/fotonoticia_20150623090751_800-650x433.jpg 650w, https:\/\/eldigitaldeasturias.com\/magazine365\/wp-content\/uploads\/2015\/06\/fotonoticia_20150623090751_800-768x512.jpg 768w, https:\/\/eldigitaldeasturias.com\/magazine365\/wp-content\/uploads\/2015\/06\/fotonoticia_20150623090751_800-150x100.jpg 150w, https:\/\/eldigitaldeasturias.com\/magazine365\/wp-content\/uploads\/2015\/06\/fotonoticia_20150623090751_800-450x300.jpg 450w, https:\/\/eldigitaldeasturias.com\/magazine365\/wp-content\/uploads\/2015\/06\/fotonoticia_20150623090751_800-696x464.jpg 696w, https:\/\/eldigitaldeasturias.com\/magazine365\/wp-content\/uploads\/2015\/06\/fotonoticia_20150623090751_800-630x420.jpg 630w, https:\/\/eldigitaldeasturias.com\/magazine365\/wp-content\/uploads\/2015\/06\/fotonoticia_20150623090751_800-84x55.jpg 84w, https:\/\/eldigitaldeasturias.com\/magazine365\/wp-content\/uploads\/2015\/06\/fotonoticia_20150623090751_800.jpg 800w\" sizes=\"(max-width: 360px) 100vw, 360px\" \/>La aerol\u00ednea Volotea ha comunicado en el acto de inauguraci\u00f3n de la ruta que desde este jueves conecta Vigo y Palma de Mallorca que este a\u00f1o prev\u00e9 que las rutas que opera desde Peinador experimenten un crecimiento en la ocupaci\u00f3n del 8,6 por ciento respecto a 2014, y hacia final de verano se alcance una ocupaci\u00f3n media pr\u00f3xima al 80 por ciento.<\/p>\n<p>As\u00ed ha sido trasladado por la directora de Marketing de Volotea, Gloria Carreras, que ha presenciado junto al alcalde de Vigo, Abel Caballero, y la directora de Peinador, Noelia Mart\u00ednez, la tradici\u00f3n aeron\u00e1utica de &#8216;bautizar&#8217; el vuelo inaugural, una vez que aterriz\u00f3 procedente de Palma de Mallorca poco antes de las 16,00 horas.<\/p>\n<p>La portavoz de Volotea ha trasladado el inter\u00e9s de la aerol\u00ednea por \u00abdesarrollarse y crecer\u00bb en Vigo, destino en el que cuentan con tres rutas, al sumarse Palma de Mallorca a las ya existentes de Ibiza y Valencia. \u00abEl a\u00f1o que viene queremos seguir creciendo a\u00fan m\u00e1s\u00bb, ha apuntado, antes de manifestar que si se cumplen sus previsiones se \u00abconfirmar\u00eda que Vigo es una muy buena opci\u00f3n de base de Volotea en el futuro\u00bb.<\/p>\n<p>La aerol\u00ednea ha puesto a la venta en el a\u00f1o 2015 m\u00e1s de 20.000 billetes para cubrir la demanda de estas rutas. Concretamente, la de Palma de Mallorca contar\u00e1 con 44 vuelos y 5.500 asientos; la de Ibiza tendr\u00e1 46 vuelos y 5.750 asientos, y la de Valencia contar\u00e1 con 74 vuelos en 2015 y con 9.250 asientos a la venta.<\/p>\n<p>Carreras ha indicado que en el vuelo inaugural de este jueves iban a bordo unos 70 pasajeros, y estaba previsto que en el mismo avi\u00f3n, que regresaba a Palma de Mallorca, fuesen otros 115. Seg\u00fan ha dicho, la conexi\u00f3n a Palma de Mallorca nace con dos frecuencias a la semana &#8211;al igual que los vuelos a Ibiza y Valencia&#8211; y \u00abmuy buenas perspectivas de crecer en n\u00famero de pasajeros\u00bb.<\/p>\n<p>RUTA A VALENCIA<\/p>\n<p>El alcalde, por su parte, ha trasladado su \u00absatisfacci\u00f3n y agrado\u00bb por la inauguraci\u00f3n de la nueva conexi\u00f3n, y ha destacado la \u00abmagn\u00edfica cooperaci\u00f3n\u00bb entre el Ayuntamiento de Vigo, el aeropuerto y Volotea, aerol\u00ednea con la que ha considerado que la ciudad ol\u00edvica debe \u00abintensificar m\u00e1s su relaci\u00f3n\u00bb por ser una \u00abcompa\u00f1\u00eda de bajo coste con alta calidad en la atenci\u00f3n a los viajeros\u00bb.<\/p>\n<p>En relaci\u00f3n a ello, ha indicado que hay \u00abencima de la mesa\u00bb una propuesta de Volotea que est\u00e1n estudiando y que pasar\u00eda por la posibilidad de que la empresa refuerce su operatividad entre Vigo y Valencia, un destino que el regidor considera \u00abmuy interesante\u00bb y de \u00abinter\u00e9s estrat\u00e9gico\u00bb por la demanda que tiene tur\u00edstica y empresarial.<\/p>\n<p>Para ello, ha indicado que prev\u00e9 hablar en los pr\u00f3ximos d\u00edas con los directivos de la aerol\u00ednea para concretar en qu\u00e9 condiciones y de qu\u00e9 manera se podr\u00eda hacer el refuerzo. \u00abQueremos que Volotea consolide en Vigo uno de sus factores operativos, no se si base operativa, todo se ver\u00e1\u00bb, ha concluido.<\/p>\n<p>\u00abRELANZAMIENTO\u00bb DE PEINADOR<\/p>\n<p>\u00abEste es el relanzamiento del aeropuerto de Vigo\u00bb, tanto en rutas como en demanda, ha subrayado Caballero, que ha indicado que no cejar\u00e1 en su apuesta por Peinador, un aeropuerto donde \u00absi hay oferta, habr\u00e1 viajeros, porque Vigo es un territorio generador de viajeros de avi\u00f3n de corto, medio, y largo recorrido\u00bb.<\/p>\n<p>En esta misma l\u00ednea, ha trasladado que \u00e9l \u00abcomo usuario de vuelos\u00bb est\u00e1 constatando que la ruta entre Vigo y Madrid est\u00e1 alcanzando \u00abun nivel de ocupaci\u00f3n como no experimentaba en muchos a\u00f1os\u00bb. \u00abPor tanto, le queremos transmitir a todas las compa\u00f1\u00edas que funcionen de acuerdo con este incremento de demanda\u00bb, ha recalcado.<\/p>\n<p>\u00abAhora vienen unos a\u00f1os singulares, por tanto vamos a permanecer muy atentos, porque va a haber muchas novedades en transporte a\u00e9reo en Galicia\u00bb, ha avanzado el mandatario vigu\u00e9s.<\/p>\n","protected":false},"excerpt":{"rendered":"<p>La aerol\u00ednea Volotea ha comunicado en el acto de inauguraci\u00f3n de la ruta que desde este jueves conecta Vigo y Palma de Mallorca que este a\u00f1o prev\u00e9 que las rutas que opera desde Peinador experimenten un crecimiento en la ocupaci\u00f3n del 8,6 por ciento respecto a 2014, y hacia final de verano se alcance una<\/p>\n","protected":false},"author":1,"featured_media":40653,"comment_status":"open","ping_status":"closed","sticky":false,"template":"","format":"standard","meta":{"footnotes":""},"categories":[222],"tags":[],"class_list":{"0":"post-40652","1":"post","2":"type-post","3":"status-publish","4":"format-standard","5":"has-post-thumbnail","7":"category-actualidad-turismo"},"aioseo_notices":[],"aioseo_head":"\n\t\t<!-- All in One SEO Pro 4.9.6.1 - aioseo.com -->\n\t<meta name=\"description\" content=\"La aerol\u00ednea Volotea ha comunicado en el acto de inauguraci\u00f3n de la ruta que desde este jueves conecta Vigo y Palma de Mallorca que este a\u00f1o prev\u00e9 que las rutas que opera desde Peinador experimenten un crecimiento en la ocupaci\u00f3n del 8,6 por ciento respecto a 2014, y hacia final de verano se alcance una\" \/>\n\t<meta name=\"robots\" content=\"max-image-preview:large\" \/>\n\t<meta name=\"author\" content=\"admin\"\/>\n\t<meta name=\"google-site-verification\" content=\"UA-38556648-1\" \/>\n\t<meta name=\"keywords\" content=\"actualidad turismo\" \/>\n\t<link rel=\"canonical\" href=\"https:\/\/eldigitaldeasturias.com\/magazine365\/volotea-preve-que-su-ocupacion-en-las-rutas-de-vigo-crezca-un-86\/\" \/>\n\t<meta name=\"generator\" content=\"All in One SEO Pro (AIOSEO) 4.9.6.1\" \/>\n\t\t<meta property=\"og:locale\" content=\"es_ES\" \/>\n\t\t<meta property=\"og:site_name\" content=\"El Digital de Asturias \u2013 Revista de ocio, turismo y estilo de vida\" \/>\n\t\t<meta property=\"og:type\" content=\"article\" \/>\n\t\t<meta property=\"og:title\" content=\"Volotea prev\u00e9 que su ocupaci\u00f3n en las rutas de Vigo crezca un 8,6% | El Digital de Asturias\" \/>\n\t\t<meta property=\"og:description\" content=\"La aerol\u00ednea Volotea ha comunicado en el acto de inauguraci\u00f3n de la ruta que desde este jueves conecta Vigo y Palma de Mallorca que este a\u00f1o prev\u00e9 que las rutas que opera desde Peinador experimenten un crecimiento en la ocupaci\u00f3n del 8,6 por ciento respecto a 2014, y hacia final de verano se alcance una\" \/>\n\t\t<meta property=\"og:url\" content=\"https:\/\/eldigitaldeasturias.com\/magazine365\/volotea-preve-que-su-ocupacion-en-las-rutas-de-vigo-crezca-un-86\/\" \/>\n\t\t<meta property=\"og:image\" content=\"https:\/\/eldigitaldeasturias.com\/magazine365\/wp-content\/uploads\/2015\/06\/fotonoticia_20150623090751_800.jpg\" \/>\n\t\t<meta property=\"og:image:secure_url\" content=\"https:\/\/eldigitaldeasturias.com\/magazine365\/wp-content\/uploads\/2015\/06\/fotonoticia_20150623090751_800.jpg\" \/>\n\t\t<meta property=\"og:image:width\" content=\"800\" \/>\n\t\t<meta property=\"og:image:height\" content=\"533\" \/>\n\t\t<meta property=\"article:published_time\" content=\"2015-06-23T16:10:01+00:00\" \/>\n\t\t<meta property=\"article:modified_time\" content=\"2015-06-23T16:10:01+00:00\" \/>\n\t\t<meta name=\"twitter:card\" content=\"summary_large_image\" \/>\n\t\t<meta name=\"twitter:title\" content=\"Volotea prev\u00e9 que su ocupaci\u00f3n en las rutas de Vigo crezca un 8,6% | El Digital de Asturias\" \/>\n\t\t<meta name=\"twitter:description\" content=\"La aerol\u00ednea Volotea ha comunicado en el acto de inauguraci\u00f3n de la ruta que desde este jueves conecta Vigo y Palma de Mallorca que este a\u00f1o prev\u00e9 que las rutas que opera desde Peinador experimenten un crecimiento en la ocupaci\u00f3n del 8,6 por ciento respecto a 2014, y hacia final de verano se alcance una\" \/>\n\t\t<meta name=\"twitter:image\" content=\"https:\/\/eldigitaldeasturias.com\/magazine365\/wp-content\/uploads\/2015\/06\/fotonoticia_20150623090751_800.jpg\" \/>\n\t\t<script type=\"application\/ld+json\" class=\"aioseo-schema\">\n\t\t\t{\"@context\":\"https:\\\/\\\/schema.org\",\"@graph\":[{\"@type\":\"Article\",\"@id\":\"https:\\\/\\\/eldigitaldeasturias.com\\\/magazine365\\\/volotea-preve-que-su-ocupacion-en-las-rutas-de-vigo-crezca-un-86\\\/#article\",\"name\":\"Volotea prev\\u00e9 que su ocupaci\\u00f3n en las rutas de Vigo crezca un 8,6% | El Digital de Asturias\",\"headline\":\"Volotea prev\\u00e9 que su ocupaci\\u00f3n en las rutas de Vigo crezca un 8,6%\",\"author\":{\"@id\":\"https:\\\/\\\/eldigitaldeasturias.com\\\/magazine365\\\/author\\\/admin\\\/#author\"},\"publisher\":{\"@id\":\"https:\\\/\\\/eldigitaldeasturias.com\\\/magazine365\\\/#organization\"},\"image\":{\"@type\":\"ImageObject\",\"url\":\"https:\\\/\\\/eldigitaldeasturias.com\\\/magazine365\\\/wp-content\\\/uploads\\\/2015\\\/06\\\/fotonoticia_20150623090751_800.jpg\",\"width\":800,\"height\":533},\"datePublished\":\"2015-06-23T17:40:01+02:00\",\"dateModified\":\"2015-06-23T17:40:01+02:00\",\"inLanguage\":\"es-ES\",\"mainEntityOfPage\":{\"@id\":\"https:\\\/\\\/eldigitaldeasturias.com\\\/magazine365\\\/volotea-preve-que-su-ocupacion-en-las-rutas-de-vigo-crezca-un-86\\\/#webpage\"},\"isPartOf\":{\"@id\":\"https:\\\/\\\/eldigitaldeasturias.com\\\/magazine365\\\/volotea-preve-que-su-ocupacion-en-las-rutas-de-vigo-crezca-un-86\\\/#webpage\"},\"articleSection\":\"Actualidad Turismo\"},{\"@type\":\"BreadcrumbList\",\"@id\":\"https:\\\/\\\/eldigitaldeasturias.com\\\/magazine365\\\/volotea-preve-que-su-ocupacion-en-las-rutas-de-vigo-crezca-un-86\\\/#breadcrumblist\",\"itemListElement\":[{\"@type\":\"ListItem\",\"@id\":\"https:\\\/\\\/eldigitaldeasturias.com\\\/magazine365#listItem\",\"position\":1,\"name\":\"Home\",\"item\":\"https:\\\/\\\/eldigitaldeasturias.com\\\/magazine365\",\"nextItem\":{\"@type\":\"ListItem\",\"@id\":\"https:\\\/\\\/eldigitaldeasturias.com\\\/magazine365\\\/category\\\/actualidad-turismo\\\/#listItem\",\"name\":\"Actualidad Turismo\"}},{\"@type\":\"ListItem\",\"@id\":\"https:\\\/\\\/eldigitaldeasturias.com\\\/magazine365\\\/category\\\/actualidad-turismo\\\/#listItem\",\"position\":2,\"name\":\"Actualidad Turismo\",\"item\":\"https:\\\/\\\/eldigitaldeasturias.com\\\/magazine365\\\/category\\\/actualidad-turismo\\\/\",\"nextItem\":{\"@type\":\"ListItem\",\"@id\":\"https:\\\/\\\/eldigitaldeasturias.com\\\/magazine365\\\/volotea-preve-que-su-ocupacion-en-las-rutas-de-vigo-crezca-un-86\\\/#listItem\",\"name\":\"Volotea prev\\u00e9 que su ocupaci\\u00f3n en las rutas de Vigo crezca un 8,6%\"},\"previousItem\":{\"@type\":\"ListItem\",\"@id\":\"https:\\\/\\\/eldigitaldeasturias.com\\\/magazine365#listItem\",\"name\":\"Home\"}},{\"@type\":\"ListItem\",\"@id\":\"https:\\\/\\\/eldigitaldeasturias.com\\\/magazine365\\\/volotea-preve-que-su-ocupacion-en-las-rutas-de-vigo-crezca-un-86\\\/#listItem\",\"position\":3,\"name\":\"Volotea prev\\u00e9 que su ocupaci\\u00f3n en las rutas de Vigo crezca un 8,6%\",\"previousItem\":{\"@type\":\"ListItem\",\"@id\":\"https:\\\/\\\/eldigitaldeasturias.com\\\/magazine365\\\/category\\\/actualidad-turismo\\\/#listItem\",\"name\":\"Actualidad Turismo\"}}]},{\"@type\":\"Organization\",\"@id\":\"https:\\\/\\\/eldigitaldeasturias.com\\\/magazine365\\\/#organization\",\"name\":\"El digital de Asturias\",\"description\":\"Revista de ocio, turismo y estilo de vida\",\"url\":\"https:\\\/\\\/eldigitaldeasturias.com\\\/magazine365\\\/\",\"logo\":{\"@type\":\"ImageObject\",\"url\":\"https:\\\/\\\/www.eldigitaldeasturias.com\\\/noticias\\\/wp-content\\\/uploads\\\/2020\\\/12\\\/EDA.jpg\",\"@id\":\"https:\\\/\\\/eldigitaldeasturias.com\\\/magazine365\\\/volotea-preve-que-su-ocupacion-en-las-rutas-de-vigo-crezca-un-86\\\/#organizationLogo\"},\"image\":{\"@id\":\"https:\\\/\\\/eldigitaldeasturias.com\\\/magazine365\\\/volotea-preve-que-su-ocupacion-en-las-rutas-de-vigo-crezca-un-86\\\/#organizationLogo\"}},{\"@type\":\"Person\",\"@id\":\"https:\\\/\\\/eldigitaldeasturias.com\\\/magazine365\\\/author\\\/admin\\\/#author\",\"url\":\"https:\\\/\\\/eldigitaldeasturias.com\\\/magazine365\\\/author\\\/admin\\\/\",\"name\":\"admin\",\"image\":{\"@type\":\"ImageObject\",\"@id\":\"https:\\\/\\\/eldigitaldeasturias.com\\\/magazine365\\\/volotea-preve-que-su-ocupacion-en-las-rutas-de-vigo-crezca-un-86\\\/#authorImage\",\"url\":\"https:\\\/\\\/eldigitaldeasturias.com\\\/magazine365\\\/wp-content\\\/litespeed\\\/avatar\\\/e571bcf59a0edd6fa6838245a470f2fe.jpg?ver=1777574230\",\"width\":96,\"height\":96,\"caption\":\"admin\"}},{\"@type\":\"WebPage\",\"@id\":\"https:\\\/\\\/eldigitaldeasturias.com\\\/magazine365\\\/volotea-preve-que-su-ocupacion-en-las-rutas-de-vigo-crezca-un-86\\\/#webpage\",\"url\":\"https:\\\/\\\/eldigitaldeasturias.com\\\/magazine365\\\/volotea-preve-que-su-ocupacion-en-las-rutas-de-vigo-crezca-un-86\\\/\",\"name\":\"Volotea prev\\u00e9 que su ocupaci\\u00f3n en las rutas de Vigo crezca un 8,6% | El Digital de Asturias\",\"description\":\"La aerol\\u00ednea Volotea ha comunicado en el acto de inauguraci\\u00f3n de la ruta que desde este jueves conecta Vigo y Palma de Mallorca que este a\\u00f1o prev\\u00e9 que las rutas que opera desde Peinador experimenten un crecimiento en la ocupaci\\u00f3n del 8,6 por ciento respecto a 2014, y hacia final de verano se alcance una\",\"inLanguage\":\"es-ES\",\"isPartOf\":{\"@id\":\"https:\\\/\\\/eldigitaldeasturias.com\\\/magazine365\\\/#website\"},\"breadcrumb\":{\"@id\":\"https:\\\/\\\/eldigitaldeasturias.com\\\/magazine365\\\/volotea-preve-que-su-ocupacion-en-las-rutas-de-vigo-crezca-un-86\\\/#breadcrumblist\"},\"author\":{\"@id\":\"https:\\\/\\\/eldigitaldeasturias.com\\\/magazine365\\\/author\\\/admin\\\/#author\"},\"creator\":{\"@id\":\"https:\\\/\\\/eldigitaldeasturias.com\\\/magazine365\\\/author\\\/admin\\\/#author\"},\"image\":{\"@type\":\"ImageObject\",\"url\":\"https:\\\/\\\/eldigitaldeasturias.com\\\/magazine365\\\/wp-content\\\/uploads\\\/2015\\\/06\\\/fotonoticia_20150623090751_800.jpg\",\"@id\":\"https:\\\/\\\/eldigitaldeasturias.com\\\/magazine365\\\/volotea-preve-que-su-ocupacion-en-las-rutas-de-vigo-crezca-un-86\\\/#mainImage\",\"width\":800,\"height\":533},\"primaryImageOfPage\":{\"@id\":\"https:\\\/\\\/eldigitaldeasturias.com\\\/magazine365\\\/volotea-preve-que-su-ocupacion-en-las-rutas-de-vigo-crezca-un-86\\\/#mainImage\"},\"datePublished\":\"2015-06-23T17:40:01+02:00\",\"dateModified\":\"2015-06-23T17:40:01+02:00\"},{\"@type\":\"WebSite\",\"@id\":\"https:\\\/\\\/eldigitaldeasturias.com\\\/magazine365\\\/#website\",\"url\":\"https:\\\/\\\/eldigitaldeasturias.com\\\/magazine365\\\/\",\"name\":\"El Digital de Asturias\",\"description\":\"Revista de ocio, turismo y estilo de vida\",\"inLanguage\":\"es-ES\",\"publisher\":{\"@id\":\"https:\\\/\\\/eldigitaldeasturias.com\\\/magazine365\\\/#organization\"}}]}\n\t\t<\/script>\n\t\t<!-- All in One SEO Pro -->\r\n\t\t<title>Volotea prev\u00e9 que su ocupaci\u00f3n en las rutas de Vigo crezca un 8,6% | El Digital de Asturias<\/title>\n\n","aioseo_head_json":{"title":"Volotea prev\u00e9 que su ocupaci\u00f3n en las rutas de Vigo crezca un 8,6% | El Digital de Asturias","description":"La aerol\u00ednea Volotea ha comunicado en el acto de inauguraci\u00f3n de la ruta que desde este jueves conecta Vigo y Palma de Mallorca que este a\u00f1o prev\u00e9 que las rutas que opera desde Peinador experimenten un crecimiento en la ocupaci\u00f3n del 8,6 por ciento respecto a 2014, y hacia final de verano se alcance una","canonical_url":"https:\/\/eldigitaldeasturias.com\/magazine365\/volotea-preve-que-su-ocupacion-en-las-rutas-de-vigo-crezca-un-86\/","robots":"max-image-preview:large","keywords":"actualidad turismo","webmasterTools":{"google-site-verification":"UA-38556648-1","miscellaneous":""},"schema":{"@context":"https:\/\/schema.org","@graph":[{"@type":"Article","@id":"https:\/\/eldigitaldeasturias.com\/magazine365\/volotea-preve-que-su-ocupacion-en-las-rutas-de-vigo-crezca-un-86\/#article","name":"Volotea prev\u00e9 que su ocupaci\u00f3n en las rutas de Vigo crezca un 8,6% | El Digital de Asturias","headline":"Volotea prev\u00e9 que su ocupaci\u00f3n en las rutas de Vigo crezca un 8,6%","author":{"@id":"https:\/\/eldigitaldeasturias.com\/magazine365\/author\/admin\/#author"},"publisher":{"@id":"https:\/\/eldigitaldeasturias.com\/magazine365\/#organization"},"image":{"@type":"ImageObject","url":"https:\/\/eldigitaldeasturias.com\/magazine365\/wp-content\/uploads\/2015\/06\/fotonoticia_20150623090751_800.jpg","width":800,"height":533},"datePublished":"2015-06-23T17:40:01+02:00","dateModified":"2015-06-23T17:40:01+02:00","inLanguage":"es-ES","mainEntityOfPage":{"@id":"https:\/\/eldigitaldeasturias.com\/magazine365\/volotea-preve-que-su-ocupacion-en-las-rutas-de-vigo-crezca-un-86\/#webpage"},"isPartOf":{"@id":"https:\/\/eldigitaldeasturias.com\/magazine365\/volotea-preve-que-su-ocupacion-en-las-rutas-de-vigo-crezca-un-86\/#webpage"},"articleSection":"Actualidad Turismo"},{"@type":"BreadcrumbList","@id":"https:\/\/eldigitaldeasturias.com\/magazine365\/volotea-preve-que-su-ocupacion-en-las-rutas-de-vigo-crezca-un-86\/#breadcrumblist","itemListElement":[{"@type":"ListItem","@id":"https:\/\/eldigitaldeasturias.com\/magazine365#listItem","position":1,"name":"Home","item":"https:\/\/eldigitaldeasturias.com\/magazine365","nextItem":{"@type":"ListItem","@id":"https:\/\/eldigitaldeasturias.com\/magazine365\/category\/actualidad-turismo\/#listItem","name":"Actualidad Turismo"}},{"@type":"ListItem","@id":"https:\/\/eldigitaldeasturias.com\/magazine365\/category\/actualidad-turismo\/#listItem","position":2,"name":"Actualidad Turismo","item":"https:\/\/eldigitaldeasturias.com\/magazine365\/category\/actualidad-turismo\/","nextItem":{"@type":"ListItem","@id":"https:\/\/eldigitaldeasturias.com\/magazine365\/volotea-preve-que-su-ocupacion-en-las-rutas-de-vigo-crezca-un-86\/#listItem","name":"Volotea prev\u00e9 que su ocupaci\u00f3n en las rutas de Vigo crezca un 8,6%"},"previousItem":{"@type":"ListItem","@id":"https:\/\/eldigitaldeasturias.com\/magazine365#listItem","name":"Home"}},{"@type":"ListItem","@id":"https:\/\/eldigitaldeasturias.com\/magazine365\/volotea-preve-que-su-ocupacion-en-las-rutas-de-vigo-crezca-un-86\/#listItem","position":3,"name":"Volotea prev\u00e9 que su ocupaci\u00f3n en las rutas de Vigo crezca un 8,6%","previousItem":{"@type":"ListItem","@id":"https:\/\/eldigitaldeasturias.com\/magazine365\/category\/actualidad-turismo\/#listItem","name":"Actualidad Turismo"}}]},{"@type":"Organization","@id":"https:\/\/eldigitaldeasturias.com\/magazine365\/#organization","name":"El digital de Asturias","description":"Revista de ocio, turismo y estilo de vida","url":"https:\/\/eldigitaldeasturias.com\/magazine365\/","logo":{"@type":"ImageObject","url":"https:\/\/www.eldigitaldeasturias.com\/noticias\/wp-content\/uploads\/2020\/12\/EDA.jpg","@id":"https:\/\/eldigitaldeasturias.com\/magazine365\/volotea-preve-que-su-ocupacion-en-las-rutas-de-vigo-crezca-un-86\/#organizationLogo"},"image":{"@id":"https:\/\/eldigitaldeasturias.com\/magazine365\/volotea-preve-que-su-ocupacion-en-las-rutas-de-vigo-crezca-un-86\/#organizationLogo"}},{"@type":"Person","@id":"https:\/\/eldigitaldeasturias.com\/magazine365\/author\/admin\/#author","url":"https:\/\/eldigitaldeasturias.com\/magazine365\/author\/admin\/","name":"admin","image":{"@type":"ImageObject","@id":"https:\/\/eldigitaldeasturias.com\/magazine365\/volotea-preve-que-su-ocupacion-en-las-rutas-de-vigo-crezca-un-86\/#authorImage","url":"https:\/\/eldigitaldeasturias.com\/magazine365\/wp-content\/litespeed\/avatar\/e571bcf59a0edd6fa6838245a470f2fe.jpg?ver=1777574230","width":96,"height":96,"caption":"admin"}},{"@type":"WebPage","@id":"https:\/\/eldigitaldeasturias.com\/magazine365\/volotea-preve-que-su-ocupacion-en-las-rutas-de-vigo-crezca-un-86\/#webpage","url":"https:\/\/eldigitaldeasturias.com\/magazine365\/volotea-preve-que-su-ocupacion-en-las-rutas-de-vigo-crezca-un-86\/","name":"Volotea prev\u00e9 que su ocupaci\u00f3n en las rutas de Vigo crezca un 8,6% | El Digital de Asturias","description":"La aerol\u00ednea Volotea ha comunicado en el acto de inauguraci\u00f3n de la ruta que desde este jueves conecta Vigo y Palma de Mallorca que este a\u00f1o prev\u00e9 que las rutas que opera desde Peinador experimenten un crecimiento en la ocupaci\u00f3n del 8,6 por ciento respecto a 2014, y hacia final de verano se alcance una","inLanguage":"es-ES","isPartOf":{"@id":"https:\/\/eldigitaldeasturias.com\/magazine365\/#website"},"breadcrumb":{"@id":"https:\/\/eldigitaldeasturias.com\/magazine365\/volotea-preve-que-su-ocupacion-en-las-rutas-de-vigo-crezca-un-86\/#breadcrumblist"},"author":{"@id":"https:\/\/eldigitaldeasturias.com\/magazine365\/author\/admin\/#author"},"creator":{"@id":"https:\/\/eldigitaldeasturias.com\/magazine365\/author\/admin\/#author"},"image":{"@type":"ImageObject","url":"https:\/\/eldigitaldeasturias.com\/magazine365\/wp-content\/uploads\/2015\/06\/fotonoticia_20150623090751_800.jpg","@id":"https:\/\/eldigitaldeasturias.com\/magazine365\/volotea-preve-que-su-ocupacion-en-las-rutas-de-vigo-crezca-un-86\/#mainImage","width":800,"height":533},"primaryImageOfPage":{"@id":"https:\/\/eldigitaldeasturias.com\/magazine365\/volotea-preve-que-su-ocupacion-en-las-rutas-de-vigo-crezca-un-86\/#mainImage"},"datePublished":"2015-06-23T17:40:01+02:00","dateModified":"2015-06-23T17:40:01+02:00"},{"@type":"WebSite","@id":"https:\/\/eldigitaldeasturias.com\/magazine365\/#website","url":"https:\/\/eldigitaldeasturias.com\/magazine365\/","name":"El Digital de Asturias","description":"Revista de ocio, turismo y estilo de vida","inLanguage":"es-ES","publisher":{"@id":"https:\/\/eldigitaldeasturias.com\/magazine365\/#organization"}}]},"og:locale":"es_ES","og:site_name":"El Digital de Asturias \u2013 Revista de ocio, turismo y estilo de vida","og:type":"article","og:title":"Volotea prev\u00e9 que su ocupaci\u00f3n en las rutas de Vigo crezca un 8,6% | El Digital de Asturias","og:description":"La aerol\u00ednea Volotea ha comunicado en el acto de inauguraci\u00f3n de la ruta que desde este jueves conecta Vigo y Palma de Mallorca que este a\u00f1o prev\u00e9 que las rutas que opera desde Peinador experimenten un crecimiento en la ocupaci\u00f3n del 8,6 por ciento respecto a 2014, y hacia final de verano se alcance una","og:url":"https:\/\/eldigitaldeasturias.com\/magazine365\/volotea-preve-que-su-ocupacion-en-las-rutas-de-vigo-crezca-un-86\/","og:image":"https:\/\/eldigitaldeasturias.com\/magazine365\/wp-content\/uploads\/2015\/06\/fotonoticia_20150623090751_800.jpg","og:image:secure_url":"https:\/\/eldigitaldeasturias.com\/magazine365\/wp-content\/uploads\/2015\/06\/fotonoticia_20150623090751_800.jpg","og:image:width":800,"og:image:height":533,"article:published_time":"2015-06-23T16:10:01+00:00","article:modified_time":"2015-06-23T16:10:01+00:00","twitter:card":"summary_large_image","twitter:title":"Volotea prev\u00e9 que su ocupaci\u00f3n en las rutas de Vigo crezca un 8,6% | El Digital de Asturias","twitter:description":"La aerol\u00ednea Volotea ha comunicado en el acto de inauguraci\u00f3n de la ruta que desde este jueves conecta Vigo y Palma de Mallorca que este a\u00f1o prev\u00e9 que las rutas que opera desde Peinador experimenten un crecimiento en la ocupaci\u00f3n del 8,6 por ciento respecto a 2014, y hacia final de verano se alcance una","twitter:image":"https:\/\/eldigitaldeasturias.com\/magazine365\/wp-content\/uploads\/2015\/06\/fotonoticia_20150623090751_800.jpg"},"aioseo_meta_data":{"post_id":"40652","title":null,"description":null,"keywords":null,"keyphrases":null,"primary_term":null,"canonical_url":null,"og_title":null,"og_description":null,"og_object_type":"default","og_image_type":"default","og_image_url":null,"og_image_width":null,"og_image_height":null,"og_image_custom_url":null,"og_image_custom_fields":null,"og_video":null,"og_custom_url":null,"og_article_section":null,"og_article_tags":null,"twitter_use_og":false,"twitter_card":"default","twitter_image_type":"default","twitter_image_url":null,"twitter_image_custom_url":null,"twitter_image_custom_fields":null,"twitter_title":null,"twitter_description":null,"schema":{"blockGraphs":[],"customGraphs":[],"default":{"data":{"Article":[],"Course":[],"Dataset":[],"FAQPage":[],"Movie":[],"Person":[],"Product":[],"ProductReview":[],"Car":[],"Recipe":[],"Service":[],"SoftwareApplication":[],"WebPage":[]},"graphName":"","isEnabled":true},"graphs":[],"defaultGraph":"","defaultPostTypeGraph":""},"schema_type":null,"schema_type_options":null,"pillar_content":false,"robots_default":true,"robots_noindex":false,"robots_noarchive":false,"robots_nosnippet":false,"robots_nofollow":false,"robots_noimageindex":false,"robots_noodp":false,"robots_notranslate":false,"robots_max_snippet":null,"robots_max_videopreview":null,"robots_max_imagepreview":"large","priority":null,"frequency":null,"location":null,"local_seo":null,"seo_analyzer_scan_date":"2025-09-19 14:00:17","breadcrumb_settings":null,"limit_modified_date":false,"open_ai":null,"ai":null,"created":"2021-03-09 02:25:54","updated":"2025-09-19 14:00:17"},"aioseo_breadcrumb":"<div class=\"aioseo-breadcrumbs\"><span class=\"aioseo-breadcrumb\">\n\t<a href=\"https:\/\/eldigitaldeasturias.com\/magazine365\" title=\"Home\">Home<\/a>\n<\/span><span class=\"aioseo-breadcrumb-separator\">\u2013<\/span><span class=\"aioseo-breadcrumb\">\n\t<a href=\"https:\/\/eldigitaldeasturias.com\/magazine365\/category\/actualidad-turismo\/\" title=\"Actualidad Turismo\">Actualidad Turismo<\/a>\n<\/span><span class=\"aioseo-breadcrumb-separator\">\u2013<\/span><span class=\"aioseo-breadcrumb\">\n\t<a href=\"https:\/\/eldigitaldeasturias.com\/magazine365\/volotea-preve-que-su-ocupacion-en-las-rutas-de-vigo-crezca-un-86\/\" title=\"Volotea prev\u00e9 que su ocupaci\u00f3n en las rutas de Vigo crezca un 8,6%\">Volotea prev\u00e9 que su ocupaci\u00f3n en las rutas de Vigo crezca un 8,6%<\/a>\n<\/span><\/div>","aioseo_breadcrumb_json":[{"label":"Home","link":"https:\/\/eldigitaldeasturias.com\/magazine365"},{"label":"Actualidad Turismo","link":"https:\/\/eldigitaldeasturias.com\/magazine365\/category\/actualidad-turismo\/"},{"label":"Volotea prev\u00e9 que su ocupaci\u00f3n en las rutas de Vigo crezca un 8,6%","link":"https:\/\/eldigitaldeasturias.com\/magazine365\/volotea-preve-que-su-ocupacion-en-las-rutas-de-vigo-crezca-un-86\/"}],"_links":{"self":[{"href":"https:\/\/eldigitaldeasturias.com\/magazine365\/wp-json\/wp\/v2\/posts\/40652","targetHints":{"allow":["GET"]}}],"collection":[{"href":"https:\/\/eldigitaldeasturias.com\/magazine365\/wp-json\/wp\/v2\/posts"}],"about":[{"href":"https:\/\/eldigitaldeasturias.com\/magazine365\/wp-json\/wp\/v2\/types\/post"}],"author":[{"embeddable":true,"href":"https:\/\/eldigitaldeasturias.com\/magazine365\/wp-json\/wp\/v2\/users\/1"}],"replies":[{"embeddable":true,"href":"https:\/\/eldigitaldeasturias.com\/magazine365\/wp-json\/wp\/v2\/comments?post=40652"}],"version-history":[{"count":0,"href":"https:\/\/eldigitaldeasturias.com\/magazine365\/wp-json\/wp\/v2\/posts\/40652\/revisions"}],"wp:featuredmedia":[{"embeddable":true,"href":"https:\/\/eldigitaldeasturias.com\/magazine365\/wp-json\/wp\/v2\/media\/40653"}],"wp:attachment":[{"href":"https:\/\/eldigitaldeasturias.com\/magazine365\/wp-json\/wp\/v2\/media?parent=40652"}],"wp:term":[{"taxonomy":"category","embeddable":true,"href":"https:\/\/eldigitaldeasturias.com\/magazine365\/wp-json\/wp\/v2\/categories?post=40652"},{"taxonomy":"post_tag","embeddable":true,"href":"https:\/\/eldigitaldeasturias.com\/magazine365\/wp-json\/wp\/v2\/tags?post=40652"}],"curies":[{"name":"wp","href":"https:\/\/api.w.org\/{rel}","templated":true}]}}