{"id":40650,"date":"2015-06-23T17:37:09","date_gmt":"2015-06-23T16:07:09","guid":{"rendered":"http:\/\/eldigitaldeasturias.com\/magazine365\/?p=40650"},"modified":"2015-06-23T17:37:09","modified_gmt":"2015-06-23T16:07:09","slug":"la-directora-del-aeropuerto-de-barcelona-defiende-el-modelo-aena-por-los-resultados-de-el-prat","status":"publish","type":"post","link":"https:\/\/eldigitaldeasturias.com\/magazine365\/la-directora-del-aeropuerto-de-barcelona-defiende-el-modelo-aena-por-los-resultados-de-el-prat\/","title":{"rendered":"La directora del Aeropuerto de Barcelona defiende el modelo Aena por los resultados de El Prat"},"content":{"rendered":"<p><img fetchpriority=\"high\" decoding=\"async\" class=\"alignleft size-medium wp-image-39092\" src=\"https:\/\/eldigitaldeasturias.com\/magazine365\/wp-content\/uploads\/2015\/06\/aeropuerto-360x239.jpg\" alt=\"aeropuerto\" width=\"360\" height=\"239\" srcset=\"https:\/\/eldigitaldeasturias.com\/magazine365\/wp-content\/uploads\/2015\/06\/aeropuerto-360x239.jpg 360w, https:\/\/eldigitaldeasturias.com\/magazine365\/wp-content\/uploads\/2015\/06\/aeropuerto-650x431.jpg 650w, https:\/\/eldigitaldeasturias.com\/magazine365\/wp-content\/uploads\/2015\/06\/aeropuerto-768x510.jpg 768w, https:\/\/eldigitaldeasturias.com\/magazine365\/wp-content\/uploads\/2015\/06\/aeropuerto-150x100.jpg 150w, https:\/\/eldigitaldeasturias.com\/magazine365\/wp-content\/uploads\/2015\/06\/aeropuerto-450x299.jpg 450w, https:\/\/eldigitaldeasturias.com\/magazine365\/wp-content\/uploads\/2015\/06\/aeropuerto-696x462.jpg 696w, https:\/\/eldigitaldeasturias.com\/magazine365\/wp-content\/uploads\/2015\/06\/aeropuerto-633x420.jpg 633w, https:\/\/eldigitaldeasturias.com\/magazine365\/wp-content\/uploads\/2015\/06\/aeropuerto-84x55.jpg 84w, https:\/\/eldigitaldeasturias.com\/magazine365\/wp-content\/uploads\/2015\/06\/aeropuerto.jpg 800w\" sizes=\"(max-width: 360px) 100vw, 360px\" \/>La directora del Aeropuerto de Barcelona, Sonia Corrochano, ha defendido este lunes el modelo de Aena porque ha sido gracias al mismo que las instalaciones aeroportuarias de El Prat batieron r\u00e9cord el a\u00f1o pasado con 37,5 millones de pasajeros.<\/p>\n<p>\u00abEl modelo de hasta ahora nos ha dado los resultados que tenemos. El Aeropuerto est\u00e1 funcionando bien, con buenos resultados no s\u00f3lo econ\u00f3micos sino tambi\u00e9n de crecimiento\u00bb, ha dicho Corrochano en declaraciones a Catalunya R\u00e0dio recogidas por Europa Press, y ha a\u00f1adido que el n\u00famero de rutas intercontinentales se han doblado desde 2006.<\/p>\n<p>Sobre la llegada del metro a la T1 y del tren lanzadera, la directora del Aeropuerto de Barcelona ha sostenido que las instalaciones est\u00e1n muy cerca de la capital catalana, y que existen varios medios de transporte de acceso, como el Aerob\u00fas, y Renfe hasta la T2 para posteriormente coger un bus hasta la T1.<\/p>\n<p>\u00abLa llegada del metro es un servicio adicional y, como cualquier servicio, es positivo para el pasajero. Trabajamos para mejorar nuestra oferta tambi\u00e9n en tiendas, restauraci\u00f3n y aparcamiento\u00bb, ha explicado Corrochano, que ha a\u00f1adido que el Aeropuerto est\u00e1 bien situado en las encuestas.<\/p>\n<p>Como mercados prioritarios, El Prat busca conexiones con Estados Unidos y Asia, donde Corrochano cree que todav\u00eda hay mucho potencial de crecimiento.<\/p>\n","protected":false},"excerpt":{"rendered":"<p>La directora del Aeropuerto de Barcelona, Sonia Corrochano, ha defendido este lunes el modelo de Aena porque ha sido gracias al mismo que las instalaciones aeroportuarias de El Prat batieron r\u00e9cord el a\u00f1o pasado con 37,5 millones de pasajeros. \u00abEl modelo de hasta ahora nos ha dado los resultados que tenemos. El Aeropuerto est\u00e1 funcionando<\/p>\n","protected":false},"author":1,"featured_media":39092,"comment_status":"open","ping_status":"closed","sticky":false,"template":"","format":"standard","meta":{"footnotes":""},"categories":[224],"tags":[],"class_list":{"0":"post-40650","1":"post","2":"type-post","3":"status-publish","4":"format-standard","5":"has-post-thumbnail","7":"category-noticias-actualidad"},"aioseo_notices":[],"aioseo_head":"\n\t\t<!-- All in One SEO Pro 4.9.6.1 - aioseo.com -->\n\t<meta name=\"description\" content=\"La directora del Aeropuerto de Barcelona, Sonia Corrochano, ha defendido este lunes el modelo de Aena porque ha sido gracias al mismo que las instalaciones aeroportuarias de El Prat batieron r\u00e9cord el a\u00f1o pasado con 37,5 millones de pasajeros. &quot;El modelo de hasta ahora nos ha dado los resultados que tenemos. El Aeropuerto est\u00e1 funcionando\" \/>\n\t<meta name=\"robots\" content=\"max-image-preview:large\" \/>\n\t<meta name=\"author\" content=\"admin\"\/>\n\t<meta name=\"google-site-verification\" content=\"UA-38556648-1\" \/>\n\t<meta name=\"keywords\" content=\"noticias y actualidad\" \/>\n\t<link rel=\"canonical\" href=\"https:\/\/eldigitaldeasturias.com\/magazine365\/la-directora-del-aeropuerto-de-barcelona-defiende-el-modelo-aena-por-los-resultados-de-el-prat\/\" \/>\n\t<meta name=\"generator\" content=\"All in One SEO Pro (AIOSEO) 4.9.6.1\" \/>\n\t\t<meta property=\"og:locale\" content=\"es_ES\" \/>\n\t\t<meta property=\"og:site_name\" content=\"El Digital de Asturias \u2013 Revista de ocio, turismo y estilo de vida\" \/>\n\t\t<meta property=\"og:type\" content=\"article\" \/>\n\t\t<meta property=\"og:title\" content=\"La directora del Aeropuerto de Barcelona defiende el modelo Aena por los resultados de El Prat | El Digital de Asturias\" \/>\n\t\t<meta property=\"og:description\" content=\"La directora del Aeropuerto de Barcelona, Sonia Corrochano, ha defendido este lunes el modelo de Aena porque ha sido gracias al mismo que las instalaciones aeroportuarias de El Prat batieron r\u00e9cord el a\u00f1o pasado con 37,5 millones de pasajeros. &quot;El modelo de hasta ahora nos ha dado los resultados que tenemos. El Aeropuerto est\u00e1 funcionando\" \/>\n\t\t<meta property=\"og:url\" content=\"https:\/\/eldigitaldeasturias.com\/magazine365\/la-directora-del-aeropuerto-de-barcelona-defiende-el-modelo-aena-por-los-resultados-de-el-prat\/\" \/>\n\t\t<meta property=\"og:image\" content=\"https:\/\/eldigitaldeasturias.com\/magazine365\/wp-content\/uploads\/2015\/06\/aeropuerto.jpg\" \/>\n\t\t<meta property=\"og:image:secure_url\" content=\"https:\/\/eldigitaldeasturias.com\/magazine365\/wp-content\/uploads\/2015\/06\/aeropuerto.jpg\" \/>\n\t\t<meta property=\"og:image:width\" content=\"800\" \/>\n\t\t<meta property=\"og:image:height\" content=\"531\" \/>\n\t\t<meta property=\"article:published_time\" content=\"2015-06-23T16:07:09+00:00\" \/>\n\t\t<meta property=\"article:modified_time\" content=\"2015-06-23T16:07:09+00:00\" \/>\n\t\t<meta name=\"twitter:card\" content=\"summary_large_image\" \/>\n\t\t<meta name=\"twitter:title\" content=\"La directora del Aeropuerto de Barcelona defiende el modelo Aena por los resultados de El Prat | El Digital de Asturias\" \/>\n\t\t<meta name=\"twitter:description\" content=\"La directora del Aeropuerto de Barcelona, Sonia Corrochano, ha defendido este lunes el modelo de Aena porque ha sido gracias al mismo que las instalaciones aeroportuarias de El Prat batieron r\u00e9cord el a\u00f1o pasado con 37,5 millones de pasajeros. &quot;El modelo de hasta ahora nos ha dado los resultados que tenemos. El Aeropuerto est\u00e1 funcionando\" \/>\n\t\t<meta name=\"twitter:image\" content=\"https:\/\/eldigitaldeasturias.com\/magazine365\/wp-content\/uploads\/2015\/06\/aeropuerto.jpg\" \/>\n\t\t<script type=\"application\/ld+json\" class=\"aioseo-schema\">\n\t\t\t{\"@context\":\"https:\\\/\\\/schema.org\",\"@graph\":[{\"@type\":\"Article\",\"@id\":\"https:\\\/\\\/eldigitaldeasturias.com\\\/magazine365\\\/la-directora-del-aeropuerto-de-barcelona-defiende-el-modelo-aena-por-los-resultados-de-el-prat\\\/#article\",\"name\":\"La directora del Aeropuerto de Barcelona defiende el modelo Aena por los resultados de El Prat | El Digital de Asturias\",\"headline\":\"La directora del Aeropuerto de Barcelona defiende el modelo Aena por los resultados de El Prat\",\"author\":{\"@id\":\"https:\\\/\\\/eldigitaldeasturias.com\\\/magazine365\\\/author\\\/admin\\\/#author\"},\"publisher\":{\"@id\":\"https:\\\/\\\/eldigitaldeasturias.com\\\/magazine365\\\/#organization\"},\"image\":{\"@type\":\"ImageObject\",\"url\":\"https:\\\/\\\/eldigitaldeasturias.com\\\/magazine365\\\/wp-content\\\/uploads\\\/2015\\\/06\\\/aeropuerto.jpg\",\"width\":800,\"height\":531},\"datePublished\":\"2015-06-23T17:37:09+02:00\",\"dateModified\":\"2015-06-23T17:37:09+02:00\",\"inLanguage\":\"es-ES\",\"mainEntityOfPage\":{\"@id\":\"https:\\\/\\\/eldigitaldeasturias.com\\\/magazine365\\\/la-directora-del-aeropuerto-de-barcelona-defiende-el-modelo-aena-por-los-resultados-de-el-prat\\\/#webpage\"},\"isPartOf\":{\"@id\":\"https:\\\/\\\/eldigitaldeasturias.com\\\/magazine365\\\/la-directora-del-aeropuerto-de-barcelona-defiende-el-modelo-aena-por-los-resultados-de-el-prat\\\/#webpage\"},\"articleSection\":\"Noticias y Actualidad\"},{\"@type\":\"BreadcrumbList\",\"@id\":\"https:\\\/\\\/eldigitaldeasturias.com\\\/magazine365\\\/la-directora-del-aeropuerto-de-barcelona-defiende-el-modelo-aena-por-los-resultados-de-el-prat\\\/#breadcrumblist\",\"itemListElement\":[{\"@type\":\"ListItem\",\"@id\":\"https:\\\/\\\/eldigitaldeasturias.com\\\/magazine365#listItem\",\"position\":1,\"name\":\"Home\",\"item\":\"https:\\\/\\\/eldigitaldeasturias.com\\\/magazine365\",\"nextItem\":{\"@type\":\"ListItem\",\"@id\":\"https:\\\/\\\/eldigitaldeasturias.com\\\/magazine365\\\/category\\\/noticias-actualidad\\\/#listItem\",\"name\":\"Noticias y Actualidad\"}},{\"@type\":\"ListItem\",\"@id\":\"https:\\\/\\\/eldigitaldeasturias.com\\\/magazine365\\\/category\\\/noticias-actualidad\\\/#listItem\",\"position\":2,\"name\":\"Noticias y Actualidad\",\"item\":\"https:\\\/\\\/eldigitaldeasturias.com\\\/magazine365\\\/category\\\/noticias-actualidad\\\/\",\"nextItem\":{\"@type\":\"ListItem\",\"@id\":\"https:\\\/\\\/eldigitaldeasturias.com\\\/magazine365\\\/la-directora-del-aeropuerto-de-barcelona-defiende-el-modelo-aena-por-los-resultados-de-el-prat\\\/#listItem\",\"name\":\"La directora del Aeropuerto de Barcelona defiende el modelo Aena por los resultados de El Prat\"},\"previousItem\":{\"@type\":\"ListItem\",\"@id\":\"https:\\\/\\\/eldigitaldeasturias.com\\\/magazine365#listItem\",\"name\":\"Home\"}},{\"@type\":\"ListItem\",\"@id\":\"https:\\\/\\\/eldigitaldeasturias.com\\\/magazine365\\\/la-directora-del-aeropuerto-de-barcelona-defiende-el-modelo-aena-por-los-resultados-de-el-prat\\\/#listItem\",\"position\":3,\"name\":\"La directora del Aeropuerto de Barcelona defiende el modelo Aena por los resultados de El Prat\",\"previousItem\":{\"@type\":\"ListItem\",\"@id\":\"https:\\\/\\\/eldigitaldeasturias.com\\\/magazine365\\\/category\\\/noticias-actualidad\\\/#listItem\",\"name\":\"Noticias y Actualidad\"}}]},{\"@type\":\"Organization\",\"@id\":\"https:\\\/\\\/eldigitaldeasturias.com\\\/magazine365\\\/#organization\",\"name\":\"El digital de Asturias\",\"description\":\"Revista de ocio, turismo y estilo de vida\",\"url\":\"https:\\\/\\\/eldigitaldeasturias.com\\\/magazine365\\\/\",\"logo\":{\"@type\":\"ImageObject\",\"url\":\"https:\\\/\\\/www.eldigitaldeasturias.com\\\/noticias\\\/wp-content\\\/uploads\\\/2020\\\/12\\\/EDA.jpg\",\"@id\":\"https:\\\/\\\/eldigitaldeasturias.com\\\/magazine365\\\/la-directora-del-aeropuerto-de-barcelona-defiende-el-modelo-aena-por-los-resultados-de-el-prat\\\/#organizationLogo\"},\"image\":{\"@id\":\"https:\\\/\\\/eldigitaldeasturias.com\\\/magazine365\\\/la-directora-del-aeropuerto-de-barcelona-defiende-el-modelo-aena-por-los-resultados-de-el-prat\\\/#organizationLogo\"}},{\"@type\":\"Person\",\"@id\":\"https:\\\/\\\/eldigitaldeasturias.com\\\/magazine365\\\/author\\\/admin\\\/#author\",\"url\":\"https:\\\/\\\/eldigitaldeasturias.com\\\/magazine365\\\/author\\\/admin\\\/\",\"name\":\"admin\",\"image\":{\"@type\":\"ImageObject\",\"@id\":\"https:\\\/\\\/eldigitaldeasturias.com\\\/magazine365\\\/la-directora-del-aeropuerto-de-barcelona-defiende-el-modelo-aena-por-los-resultados-de-el-prat\\\/#authorImage\",\"url\":\"https:\\\/\\\/eldigitaldeasturias.com\\\/magazine365\\\/wp-content\\\/litespeed\\\/avatar\\\/e571bcf59a0edd6fa6838245a470f2fe.jpg?ver=1777574230\",\"width\":96,\"height\":96,\"caption\":\"admin\"}},{\"@type\":\"WebPage\",\"@id\":\"https:\\\/\\\/eldigitaldeasturias.com\\\/magazine365\\\/la-directora-del-aeropuerto-de-barcelona-defiende-el-modelo-aena-por-los-resultados-de-el-prat\\\/#webpage\",\"url\":\"https:\\\/\\\/eldigitaldeasturias.com\\\/magazine365\\\/la-directora-del-aeropuerto-de-barcelona-defiende-el-modelo-aena-por-los-resultados-de-el-prat\\\/\",\"name\":\"La directora del Aeropuerto de Barcelona defiende el modelo Aena por los resultados de El Prat | El Digital de Asturias\",\"description\":\"La directora del Aeropuerto de Barcelona, Sonia Corrochano, ha defendido este lunes el modelo de Aena porque ha sido gracias al mismo que las instalaciones aeroportuarias de El Prat batieron r\\u00e9cord el a\\u00f1o pasado con 37,5 millones de pasajeros. \\\"El modelo de hasta ahora nos ha dado los resultados que tenemos. El Aeropuerto est\\u00e1 funcionando\",\"inLanguage\":\"es-ES\",\"isPartOf\":{\"@id\":\"https:\\\/\\\/eldigitaldeasturias.com\\\/magazine365\\\/#website\"},\"breadcrumb\":{\"@id\":\"https:\\\/\\\/eldigitaldeasturias.com\\\/magazine365\\\/la-directora-del-aeropuerto-de-barcelona-defiende-el-modelo-aena-por-los-resultados-de-el-prat\\\/#breadcrumblist\"},\"author\":{\"@id\":\"https:\\\/\\\/eldigitaldeasturias.com\\\/magazine365\\\/author\\\/admin\\\/#author\"},\"creator\":{\"@id\":\"https:\\\/\\\/eldigitaldeasturias.com\\\/magazine365\\\/author\\\/admin\\\/#author\"},\"image\":{\"@type\":\"ImageObject\",\"url\":\"https:\\\/\\\/eldigitaldeasturias.com\\\/magazine365\\\/wp-content\\\/uploads\\\/2015\\\/06\\\/aeropuerto.jpg\",\"@id\":\"https:\\\/\\\/eldigitaldeasturias.com\\\/magazine365\\\/la-directora-del-aeropuerto-de-barcelona-defiende-el-modelo-aena-por-los-resultados-de-el-prat\\\/#mainImage\",\"width\":800,\"height\":531},\"primaryImageOfPage\":{\"@id\":\"https:\\\/\\\/eldigitaldeasturias.com\\\/magazine365\\\/la-directora-del-aeropuerto-de-barcelona-defiende-el-modelo-aena-por-los-resultados-de-el-prat\\\/#mainImage\"},\"datePublished\":\"2015-06-23T17:37:09+02:00\",\"dateModified\":\"2015-06-23T17:37:09+02:00\"},{\"@type\":\"WebSite\",\"@id\":\"https:\\\/\\\/eldigitaldeasturias.com\\\/magazine365\\\/#website\",\"url\":\"https:\\\/\\\/eldigitaldeasturias.com\\\/magazine365\\\/\",\"name\":\"El Digital de Asturias\",\"description\":\"Revista de ocio, turismo y estilo de vida\",\"inLanguage\":\"es-ES\",\"publisher\":{\"@id\":\"https:\\\/\\\/eldigitaldeasturias.com\\\/magazine365\\\/#organization\"}}]}\n\t\t<\/script>\n\t\t<!-- All in One SEO Pro -->\r\n\t\t<title>La directora del Aeropuerto de Barcelona defiende el modelo Aena por los resultados de El Prat | El Digital de Asturias<\/title>\n\n","aioseo_head_json":{"title":"La directora del Aeropuerto de Barcelona defiende el modelo Aena por los resultados de El Prat | El Digital de Asturias","description":"La directora del Aeropuerto de Barcelona, Sonia Corrochano, ha defendido este lunes el modelo de Aena porque ha sido gracias al mismo que las instalaciones aeroportuarias de El Prat batieron r\u00e9cord el a\u00f1o pasado con 37,5 millones de pasajeros. \"El modelo de hasta ahora nos ha dado los resultados que tenemos. El Aeropuerto est\u00e1 funcionando","canonical_url":"https:\/\/eldigitaldeasturias.com\/magazine365\/la-directora-del-aeropuerto-de-barcelona-defiende-el-modelo-aena-por-los-resultados-de-el-prat\/","robots":"max-image-preview:large","keywords":"noticias y actualidad","webmasterTools":{"google-site-verification":"UA-38556648-1","miscellaneous":""},"schema":{"@context":"https:\/\/schema.org","@graph":[{"@type":"Article","@id":"https:\/\/eldigitaldeasturias.com\/magazine365\/la-directora-del-aeropuerto-de-barcelona-defiende-el-modelo-aena-por-los-resultados-de-el-prat\/#article","name":"La directora del Aeropuerto de Barcelona defiende el modelo Aena por los resultados de El Prat | El Digital de Asturias","headline":"La directora del Aeropuerto de Barcelona defiende el modelo Aena por los resultados de El Prat","author":{"@id":"https:\/\/eldigitaldeasturias.com\/magazine365\/author\/admin\/#author"},"publisher":{"@id":"https:\/\/eldigitaldeasturias.com\/magazine365\/#organization"},"image":{"@type":"ImageObject","url":"https:\/\/eldigitaldeasturias.com\/magazine365\/wp-content\/uploads\/2015\/06\/aeropuerto.jpg","width":800,"height":531},"datePublished":"2015-06-23T17:37:09+02:00","dateModified":"2015-06-23T17:37:09+02:00","inLanguage":"es-ES","mainEntityOfPage":{"@id":"https:\/\/eldigitaldeasturias.com\/magazine365\/la-directora-del-aeropuerto-de-barcelona-defiende-el-modelo-aena-por-los-resultados-de-el-prat\/#webpage"},"isPartOf":{"@id":"https:\/\/eldigitaldeasturias.com\/magazine365\/la-directora-del-aeropuerto-de-barcelona-defiende-el-modelo-aena-por-los-resultados-de-el-prat\/#webpage"},"articleSection":"Noticias y Actualidad"},{"@type":"BreadcrumbList","@id":"https:\/\/eldigitaldeasturias.com\/magazine365\/la-directora-del-aeropuerto-de-barcelona-defiende-el-modelo-aena-por-los-resultados-de-el-prat\/#breadcrumblist","itemListElement":[{"@type":"ListItem","@id":"https:\/\/eldigitaldeasturias.com\/magazine365#listItem","position":1,"name":"Home","item":"https:\/\/eldigitaldeasturias.com\/magazine365","nextItem":{"@type":"ListItem","@id":"https:\/\/eldigitaldeasturias.com\/magazine365\/category\/noticias-actualidad\/#listItem","name":"Noticias y Actualidad"}},{"@type":"ListItem","@id":"https:\/\/eldigitaldeasturias.com\/magazine365\/category\/noticias-actualidad\/#listItem","position":2,"name":"Noticias y Actualidad","item":"https:\/\/eldigitaldeasturias.com\/magazine365\/category\/noticias-actualidad\/","nextItem":{"@type":"ListItem","@id":"https:\/\/eldigitaldeasturias.com\/magazine365\/la-directora-del-aeropuerto-de-barcelona-defiende-el-modelo-aena-por-los-resultados-de-el-prat\/#listItem","name":"La directora del Aeropuerto de Barcelona defiende el modelo Aena por los resultados de El Prat"},"previousItem":{"@type":"ListItem","@id":"https:\/\/eldigitaldeasturias.com\/magazine365#listItem","name":"Home"}},{"@type":"ListItem","@id":"https:\/\/eldigitaldeasturias.com\/magazine365\/la-directora-del-aeropuerto-de-barcelona-defiende-el-modelo-aena-por-los-resultados-de-el-prat\/#listItem","position":3,"name":"La directora del Aeropuerto de Barcelona defiende el modelo Aena por los resultados de El Prat","previousItem":{"@type":"ListItem","@id":"https:\/\/eldigitaldeasturias.com\/magazine365\/category\/noticias-actualidad\/#listItem","name":"Noticias y Actualidad"}}]},{"@type":"Organization","@id":"https:\/\/eldigitaldeasturias.com\/magazine365\/#organization","name":"El digital de Asturias","description":"Revista de ocio, turismo y estilo de vida","url":"https:\/\/eldigitaldeasturias.com\/magazine365\/","logo":{"@type":"ImageObject","url":"https:\/\/www.eldigitaldeasturias.com\/noticias\/wp-content\/uploads\/2020\/12\/EDA.jpg","@id":"https:\/\/eldigitaldeasturias.com\/magazine365\/la-directora-del-aeropuerto-de-barcelona-defiende-el-modelo-aena-por-los-resultados-de-el-prat\/#organizationLogo"},"image":{"@id":"https:\/\/eldigitaldeasturias.com\/magazine365\/la-directora-del-aeropuerto-de-barcelona-defiende-el-modelo-aena-por-los-resultados-de-el-prat\/#organizationLogo"}},{"@type":"Person","@id":"https:\/\/eldigitaldeasturias.com\/magazine365\/author\/admin\/#author","url":"https:\/\/eldigitaldeasturias.com\/magazine365\/author\/admin\/","name":"admin","image":{"@type":"ImageObject","@id":"https:\/\/eldigitaldeasturias.com\/magazine365\/la-directora-del-aeropuerto-de-barcelona-defiende-el-modelo-aena-por-los-resultados-de-el-prat\/#authorImage","url":"https:\/\/eldigitaldeasturias.com\/magazine365\/wp-content\/litespeed\/avatar\/e571bcf59a0edd6fa6838245a470f2fe.jpg?ver=1777574230","width":96,"height":96,"caption":"admin"}},{"@type":"WebPage","@id":"https:\/\/eldigitaldeasturias.com\/magazine365\/la-directora-del-aeropuerto-de-barcelona-defiende-el-modelo-aena-por-los-resultados-de-el-prat\/#webpage","url":"https:\/\/eldigitaldeasturias.com\/magazine365\/la-directora-del-aeropuerto-de-barcelona-defiende-el-modelo-aena-por-los-resultados-de-el-prat\/","name":"La directora del Aeropuerto de Barcelona defiende el modelo Aena por los resultados de El Prat | El Digital de Asturias","description":"La directora del Aeropuerto de Barcelona, Sonia Corrochano, ha defendido este lunes el modelo de Aena porque ha sido gracias al mismo que las instalaciones aeroportuarias de El Prat batieron r\u00e9cord el a\u00f1o pasado con 37,5 millones de pasajeros. \"El modelo de hasta ahora nos ha dado los resultados que tenemos. El Aeropuerto est\u00e1 funcionando","inLanguage":"es-ES","isPartOf":{"@id":"https:\/\/eldigitaldeasturias.com\/magazine365\/#website"},"breadcrumb":{"@id":"https:\/\/eldigitaldeasturias.com\/magazine365\/la-directora-del-aeropuerto-de-barcelona-defiende-el-modelo-aena-por-los-resultados-de-el-prat\/#breadcrumblist"},"author":{"@id":"https:\/\/eldigitaldeasturias.com\/magazine365\/author\/admin\/#author"},"creator":{"@id":"https:\/\/eldigitaldeasturias.com\/magazine365\/author\/admin\/#author"},"image":{"@type":"ImageObject","url":"https:\/\/eldigitaldeasturias.com\/magazine365\/wp-content\/uploads\/2015\/06\/aeropuerto.jpg","@id":"https:\/\/eldigitaldeasturias.com\/magazine365\/la-directora-del-aeropuerto-de-barcelona-defiende-el-modelo-aena-por-los-resultados-de-el-prat\/#mainImage","width":800,"height":531},"primaryImageOfPage":{"@id":"https:\/\/eldigitaldeasturias.com\/magazine365\/la-directora-del-aeropuerto-de-barcelona-defiende-el-modelo-aena-por-los-resultados-de-el-prat\/#mainImage"},"datePublished":"2015-06-23T17:37:09+02:00","dateModified":"2015-06-23T17:37:09+02:00"},{"@type":"WebSite","@id":"https:\/\/eldigitaldeasturias.com\/magazine365\/#website","url":"https:\/\/eldigitaldeasturias.com\/magazine365\/","name":"El Digital de Asturias","description":"Revista de ocio, turismo y estilo de vida","inLanguage":"es-ES","publisher":{"@id":"https:\/\/eldigitaldeasturias.com\/magazine365\/#organization"}}]},"og:locale":"es_ES","og:site_name":"El Digital de Asturias \u2013 Revista de ocio, turismo y estilo de vida","og:type":"article","og:title":"La directora del Aeropuerto de Barcelona defiende el modelo Aena por los resultados de El Prat | El Digital de Asturias","og:description":"La directora del Aeropuerto de Barcelona, Sonia Corrochano, ha defendido este lunes el modelo de Aena porque ha sido gracias al mismo que las instalaciones aeroportuarias de El Prat batieron r\u00e9cord el a\u00f1o pasado con 37,5 millones de pasajeros. &quot;El modelo de hasta ahora nos ha dado los resultados que tenemos. El Aeropuerto est\u00e1 funcionando","og:url":"https:\/\/eldigitaldeasturias.com\/magazine365\/la-directora-del-aeropuerto-de-barcelona-defiende-el-modelo-aena-por-los-resultados-de-el-prat\/","og:image":"https:\/\/eldigitaldeasturias.com\/magazine365\/wp-content\/uploads\/2015\/06\/aeropuerto.jpg","og:image:secure_url":"https:\/\/eldigitaldeasturias.com\/magazine365\/wp-content\/uploads\/2015\/06\/aeropuerto.jpg","og:image:width":800,"og:image:height":531,"article:published_time":"2015-06-23T16:07:09+00:00","article:modified_time":"2015-06-23T16:07:09+00:00","twitter:card":"summary_large_image","twitter:title":"La directora del Aeropuerto de Barcelona defiende el modelo Aena por los resultados de El Prat | El Digital de Asturias","twitter:description":"La directora del Aeropuerto de Barcelona, Sonia Corrochano, ha defendido este lunes el modelo de Aena porque ha sido gracias al mismo que las instalaciones aeroportuarias de El Prat batieron r\u00e9cord el a\u00f1o pasado con 37,5 millones de pasajeros. &quot;El modelo de hasta ahora nos ha dado los resultados que tenemos. El Aeropuerto est\u00e1 funcionando","twitter:image":"https:\/\/eldigitaldeasturias.com\/magazine365\/wp-content\/uploads\/2015\/06\/aeropuerto.jpg"},"aioseo_meta_data":{"post_id":"40650","title":null,"description":null,"keywords":null,"keyphrases":null,"primary_term":null,"canonical_url":null,"og_title":null,"og_description":null,"og_object_type":"default","og_image_type":"default","og_image_url":null,"og_image_width":null,"og_image_height":null,"og_image_custom_url":null,"og_image_custom_fields":null,"og_video":null,"og_custom_url":null,"og_article_section":null,"og_article_tags":null,"twitter_use_og":false,"twitter_card":"default","twitter_image_type":"default","twitter_image_url":null,"twitter_image_custom_url":null,"twitter_image_custom_fields":null,"twitter_title":null,"twitter_description":null,"schema":{"blockGraphs":[],"customGraphs":[],"default":{"data":{"Article":[],"Course":[],"Dataset":[],"FAQPage":[],"Movie":[],"Person":[],"Product":[],"ProductReview":[],"Car":[],"Recipe":[],"Service":[],"SoftwareApplication":[],"WebPage":[]},"graphName":"","isEnabled":true},"graphs":[],"defaultGraph":"","defaultPostTypeGraph":""},"schema_type":null,"schema_type_options":null,"pillar_content":false,"robots_default":true,"robots_noindex":false,"robots_noarchive":false,"robots_nosnippet":false,"robots_nofollow":false,"robots_noimageindex":false,"robots_noodp":false,"robots_notranslate":false,"robots_max_snippet":null,"robots_max_videopreview":null,"robots_max_imagepreview":"large","priority":null,"frequency":null,"location":null,"local_seo":null,"seo_analyzer_scan_date":"2025-09-19 14:00:16","breadcrumb_settings":null,"limit_modified_date":false,"open_ai":null,"ai":null,"created":"2021-03-09 02:25:54","updated":"2025-09-19 14:00:16"},"aioseo_breadcrumb":"<div class=\"aioseo-breadcrumbs\"><span class=\"aioseo-breadcrumb\">\n\t<a href=\"https:\/\/eldigitaldeasturias.com\/magazine365\" title=\"Home\">Home<\/a>\n<\/span><span class=\"aioseo-breadcrumb-separator\">\u2013<\/span><span class=\"aioseo-breadcrumb\">\n\t<a href=\"https:\/\/eldigitaldeasturias.com\/magazine365\/category\/noticias-actualidad\/\" title=\"Noticias y Actualidad\">Noticias y Actualidad<\/a>\n<\/span><span class=\"aioseo-breadcrumb-separator\">\u2013<\/span><span class=\"aioseo-breadcrumb\">\n\t<a href=\"https:\/\/eldigitaldeasturias.com\/magazine365\/la-directora-del-aeropuerto-de-barcelona-defiende-el-modelo-aena-por-los-resultados-de-el-prat\/\" title=\"La directora del Aeropuerto de Barcelona defiende el modelo Aena por los resultados de El Prat\">La directora del Aeropuerto de Barcelona defiende el modelo Aena por los resultados de El Prat<\/a>\n<\/span><\/div>","aioseo_breadcrumb_json":[{"label":"Home","link":"https:\/\/eldigitaldeasturias.com\/magazine365"},{"label":"Noticias y Actualidad","link":"https:\/\/eldigitaldeasturias.com\/magazine365\/category\/noticias-actualidad\/"},{"label":"La directora del Aeropuerto de Barcelona defiende el modelo Aena por los resultados de El Prat","link":"https:\/\/eldigitaldeasturias.com\/magazine365\/la-directora-del-aeropuerto-de-barcelona-defiende-el-modelo-aena-por-los-resultados-de-el-prat\/"}],"_links":{"self":[{"href":"https:\/\/eldigitaldeasturias.com\/magazine365\/wp-json\/wp\/v2\/posts\/40650","targetHints":{"allow":["GET"]}}],"collection":[{"href":"https:\/\/eldigitaldeasturias.com\/magazine365\/wp-json\/wp\/v2\/posts"}],"about":[{"href":"https:\/\/eldigitaldeasturias.com\/magazine365\/wp-json\/wp\/v2\/types\/post"}],"author":[{"embeddable":true,"href":"https:\/\/eldigitaldeasturias.com\/magazine365\/wp-json\/wp\/v2\/users\/1"}],"replies":[{"embeddable":true,"href":"https:\/\/eldigitaldeasturias.com\/magazine365\/wp-json\/wp\/v2\/comments?post=40650"}],"version-history":[{"count":0,"href":"https:\/\/eldigitaldeasturias.com\/magazine365\/wp-json\/wp\/v2\/posts\/40650\/revisions"}],"wp:featuredmedia":[{"embeddable":true,"href":"https:\/\/eldigitaldeasturias.com\/magazine365\/wp-json\/wp\/v2\/media\/39092"}],"wp:attachment":[{"href":"https:\/\/eldigitaldeasturias.com\/magazine365\/wp-json\/wp\/v2\/media?parent=40650"}],"wp:term":[{"taxonomy":"category","embeddable":true,"href":"https:\/\/eldigitaldeasturias.com\/magazine365\/wp-json\/wp\/v2\/categories?post=40650"},{"taxonomy":"post_tag","embeddable":true,"href":"https:\/\/eldigitaldeasturias.com\/magazine365\/wp-json\/wp\/v2\/tags?post=40650"}],"curies":[{"name":"wp","href":"https:\/\/api.w.org\/{rel}","templated":true}]}}