{"id":40647,"date":"2015-06-23T17:35:15","date_gmt":"2015-06-23T16:05:15","guid":{"rendered":"http:\/\/eldigitaldeasturias.com\/magazine365\/?p=40647"},"modified":"2015-06-23T17:35:15","modified_gmt":"2015-06-23T16:05:15","slug":"expertos-estudian-la-implantacion-en-picos-de-europa-del-turismo-especializado-en-la-observacion-de-oseras","status":"publish","type":"post","link":"https:\/\/eldigitaldeasturias.com\/magazine365\/expertos-estudian-la-implantacion-en-picos-de-europa-del-turismo-especializado-en-la-observacion-de-oseras\/","title":{"rendered":"Expertos estudian la implantaci\u00f3n en Picos de Europa del turismo especializado en la observaci\u00f3n de oseras"},"content":{"rendered":"<p><img fetchpriority=\"high\" decoding=\"async\" class=\"alignleft size-medium wp-image-40648\" src=\"https:\/\/eldigitaldeasturias.com\/magazine365\/wp-content\/uploads\/2015\/06\/fotonoticia_20150622191738_800-225x300.jpg\" alt=\"fotonoticia_20150622191738_800\" width=\"225\" height=\"300\" srcset=\"https:\/\/eldigitaldeasturias.com\/magazine365\/wp-content\/uploads\/2015\/06\/fotonoticia_20150622191738_800-225x300.jpg 225w, https:\/\/eldigitaldeasturias.com\/magazine365\/wp-content\/uploads\/2015\/06\/fotonoticia_20150622191738_800-480x640.jpg 480w, https:\/\/eldigitaldeasturias.com\/magazine365\/wp-content\/uploads\/2015\/06\/fotonoticia_20150622191738_800-768x1024.jpg 768w, https:\/\/eldigitaldeasturias.com\/magazine365\/wp-content\/uploads\/2015\/06\/fotonoticia_20150622191738_800-150x200.jpg 150w, https:\/\/eldigitaldeasturias.com\/magazine365\/wp-content\/uploads\/2015\/06\/fotonoticia_20150622191738_800-450x600.jpg 450w, https:\/\/eldigitaldeasturias.com\/magazine365\/wp-content\/uploads\/2015\/06\/fotonoticia_20150622191738_800-696x928.jpg 696w, https:\/\/eldigitaldeasturias.com\/magazine365\/wp-content\/uploads\/2015\/06\/fotonoticia_20150622191738_800-315x420.jpg 315w, https:\/\/eldigitaldeasturias.com\/magazine365\/wp-content\/uploads\/2015\/06\/fotonoticia_20150622191738_800.jpg 800w\" sizes=\"(max-width: 225px) 100vw, 225px\" \/>El fomento del turismo especializado en la observaci\u00f3n de oseras y su posible implantaci\u00f3n en los Picos de Europa ha sido una de las conclusiones extra\u00eddas del curso &#8216;Monta\u00f1as humanizadas, monta\u00f1as con osos&#8217; con el que la sede Potes-Fundaci\u00f3n Oso Pardo se ha estrenado como escenario de los Cursos de Verano de la Universidad de Cantabria (UC).<\/p>\n<p>El monogr\u00e1fico, que se ha impartido entre los d\u00edas 19 y 21 de junio bajo la coordinaci\u00f3n del profesor de la UC Juan Carlos Garc\u00eda Codr\u00f3n, ha analizado la creciente demanda de este tipo de turismo en la zona de Picos de Europa, especialmente en la vertiente asturiana, cuya topograf\u00eda facilita el acceso a los h\u00e1bitats donde se encuentran los osos pardos.<\/p>\n<p>Estas actividades de observaci\u00f3n de animales al natural conforman, seg\u00fan Garc\u00eda Codr\u00f3n, \u00abun sector emergente\u00bb que \u00abes preciso canalizar\u00bb mediante diferentes regulaciones con las Administraciones P\u00fablicas para garantizar que se realiza en las m\u00e1ximas condiciones de seguridad tanto para los osos como para los turistas. Para ello, durante la celebraci\u00f3n del seminario se incidi\u00f3 en que estas salidas estar\u00edan dirigidas a grupos muy reducidos de personas \u00abespecialmente sensibles y cercanas\u00bb a la conservaci\u00f3n de la especie.<\/p>\n<p>La progresiva facilidad a la hora de acceder a los osos pardos (una especie que, seg\u00fan los expertos, hasta hace pocos a\u00f1os era dif\u00edcil de ver y que a\u00fan hoy sigue admitiendo poca presencia humana) ha aumentado en la zona de los Picos de Europa el inter\u00e9s por este concepto de turismo, que ya cuenta con experiencias exitosas dedicadas al visionado de linces en Sierra Morena o de lobos en las provincias de Le\u00f3n y Zamora.<\/p>\n<p>El monogr\u00e1fico ha combinado los debates y las exposiciones te\u00f3ricas con dos excursiones a pie por diferentes zonas frecuentadas por el oso pardo, donde los alumnos pudieron observar indicios de la presencia de este plant\u00edgrado en la comarca lebaniega, as\u00ed como las medidas adoptadas para evitar da\u00f1os en los colmenares. Asimismo, los recorridos por la zona permitieron observar algunas cuestiones presentadas en las sesiones te\u00f3ricas, como los cambios de usos de las \u00e1reas de monta\u00f1a o las transformaciones de las construcciones rurales para su uso residencial u hostelero.<\/p>\n<p>En el monogr\u00e1fico se han dado cita todos los sectores implicados en el manejo y el aprovechamiento de los montes (Administraciones Locales, ganaderos, apicultores, cazadores, empresas tur\u00edsticas o asociaciones conservacionistas), donde han coincidido en se\u00f1alar la salvaguardia del patrimonio natural como objetivo primordial en cualquier tipo de medida.<\/p>\n<p>Organizado a trav\u00e9s de un convenio de colaboraci\u00f3n suscrito entre la Fundaci\u00f3n Oso Pardo, el Ayuntamiento de Potes y la Universidad de Cantabria, el seminario ha contado con un total de 15 profesores y ponentes, una treintena de estudiantes y un n\u00famero significativo de personas que, sin estar inscritas, se han incorporado en ciertos momentos a la actividad atra\u00eddas por el inter\u00e9s de los temas presentados.<\/p>\n","protected":false},"excerpt":{"rendered":"<p>El fomento del turismo especializado en la observaci\u00f3n de oseras y su posible implantaci\u00f3n en los Picos de Europa ha sido una de las conclusiones extra\u00eddas del curso &#8216;Monta\u00f1as humanizadas, monta\u00f1as con osos&#8217; con el que la sede Potes-Fundaci\u00f3n Oso Pardo se ha estrenado como escenario de los Cursos de Verano de la Universidad de<\/p>\n","protected":false},"author":1,"featured_media":40648,"comment_status":"open","ping_status":"closed","sticky":false,"template":"","format":"standard","meta":{"footnotes":""},"categories":[222],"tags":[],"class_list":{"0":"post-40647","1":"post","2":"type-post","3":"status-publish","4":"format-standard","5":"has-post-thumbnail","7":"category-actualidad-turismo"},"aioseo_notices":[],"aioseo_head":"\n\t\t<!-- All in One SEO Pro 4.9.6.1 - aioseo.com -->\n\t<meta name=\"description\" content=\"El fomento del turismo especializado en la observaci\u00f3n de oseras y su posible implantaci\u00f3n en los Picos de Europa ha sido una de las conclusiones extra\u00eddas del curso &#039;Monta\u00f1as humanizadas, monta\u00f1as con osos&#039; con el que la sede Potes-Fundaci\u00f3n Oso Pardo se ha estrenado como escenario de los Cursos de Verano de la Universidad de\" \/>\n\t<meta name=\"robots\" content=\"max-image-preview:large\" \/>\n\t<meta name=\"author\" content=\"admin\"\/>\n\t<meta name=\"google-site-verification\" content=\"UA-38556648-1\" \/>\n\t<meta name=\"keywords\" content=\"actualidad turismo\" \/>\n\t<link rel=\"canonical\" href=\"https:\/\/eldigitaldeasturias.com\/magazine365\/expertos-estudian-la-implantacion-en-picos-de-europa-del-turismo-especializado-en-la-observacion-de-oseras\/\" \/>\n\t<meta name=\"generator\" content=\"All in One SEO Pro (AIOSEO) 4.9.6.1\" \/>\n\t\t<meta property=\"og:locale\" content=\"es_ES\" \/>\n\t\t<meta property=\"og:site_name\" content=\"El Digital de Asturias \u2013 Revista de ocio, turismo y estilo de vida\" \/>\n\t\t<meta property=\"og:type\" content=\"article\" \/>\n\t\t<meta property=\"og:title\" content=\"Expertos estudian la implantaci\u00f3n en Picos de Europa del turismo especializado en la observaci\u00f3n de oseras | El Digital de Asturias\" \/>\n\t\t<meta property=\"og:description\" content=\"El fomento del turismo especializado en la observaci\u00f3n de oseras y su posible implantaci\u00f3n en los Picos de Europa ha sido una de las conclusiones extra\u00eddas del curso &#039;Monta\u00f1as humanizadas, monta\u00f1as con osos&#039; con el que la sede Potes-Fundaci\u00f3n Oso Pardo se ha estrenado como escenario de los Cursos de Verano de la Universidad de\" \/>\n\t\t<meta property=\"og:url\" content=\"https:\/\/eldigitaldeasturias.com\/magazine365\/expertos-estudian-la-implantacion-en-picos-de-europa-del-turismo-especializado-en-la-observacion-de-oseras\/\" \/>\n\t\t<meta property=\"og:image\" content=\"https:\/\/eldigitaldeasturias.com\/magazine365\/wp-content\/uploads\/2015\/06\/fotonoticia_20150622191738_800.jpg\" \/>\n\t\t<meta property=\"og:image:secure_url\" content=\"https:\/\/eldigitaldeasturias.com\/magazine365\/wp-content\/uploads\/2015\/06\/fotonoticia_20150622191738_800.jpg\" \/>\n\t\t<meta property=\"og:image:width\" content=\"800\" \/>\n\t\t<meta property=\"og:image:height\" content=\"1067\" \/>\n\t\t<meta property=\"article:published_time\" content=\"2015-06-23T16:05:15+00:00\" \/>\n\t\t<meta property=\"article:modified_time\" content=\"2015-06-23T16:05:15+00:00\" \/>\n\t\t<meta name=\"twitter:card\" content=\"summary_large_image\" \/>\n\t\t<meta name=\"twitter:title\" content=\"Expertos estudian la implantaci\u00f3n en Picos de Europa del turismo especializado en la observaci\u00f3n de oseras | El Digital de Asturias\" \/>\n\t\t<meta name=\"twitter:description\" content=\"El fomento del turismo especializado en la observaci\u00f3n de oseras y su posible implantaci\u00f3n en los Picos de Europa ha sido una de las conclusiones extra\u00eddas del curso &#039;Monta\u00f1as humanizadas, monta\u00f1as con osos&#039; con el que la sede Potes-Fundaci\u00f3n Oso Pardo se ha estrenado como escenario de los Cursos de Verano de la Universidad de\" \/>\n\t\t<meta name=\"twitter:image\" content=\"https:\/\/eldigitaldeasturias.com\/magazine365\/wp-content\/uploads\/2015\/06\/fotonoticia_20150622191738_800.jpg\" \/>\n\t\t<script type=\"application\/ld+json\" class=\"aioseo-schema\">\n\t\t\t{\"@context\":\"https:\\\/\\\/schema.org\",\"@graph\":[{\"@type\":\"Article\",\"@id\":\"https:\\\/\\\/eldigitaldeasturias.com\\\/magazine365\\\/expertos-estudian-la-implantacion-en-picos-de-europa-del-turismo-especializado-en-la-observacion-de-oseras\\\/#article\",\"name\":\"Expertos estudian la implantaci\\u00f3n en Picos de Europa del turismo especializado en la observaci\\u00f3n de oseras | El Digital de Asturias\",\"headline\":\"Expertos estudian la implantaci\\u00f3n en Picos de Europa del turismo especializado en la observaci\\u00f3n de oseras\",\"author\":{\"@id\":\"https:\\\/\\\/eldigitaldeasturias.com\\\/magazine365\\\/author\\\/admin\\\/#author\"},\"publisher\":{\"@id\":\"https:\\\/\\\/eldigitaldeasturias.com\\\/magazine365\\\/#organization\"},\"image\":{\"@type\":\"ImageObject\",\"url\":\"https:\\\/\\\/eldigitaldeasturias.com\\\/magazine365\\\/wp-content\\\/uploads\\\/2015\\\/06\\\/fotonoticia_20150622191738_800.jpg\",\"width\":800,\"height\":1067},\"datePublished\":\"2015-06-23T17:35:15+02:00\",\"dateModified\":\"2015-06-23T17:35:15+02:00\",\"inLanguage\":\"es-ES\",\"mainEntityOfPage\":{\"@id\":\"https:\\\/\\\/eldigitaldeasturias.com\\\/magazine365\\\/expertos-estudian-la-implantacion-en-picos-de-europa-del-turismo-especializado-en-la-observacion-de-oseras\\\/#webpage\"},\"isPartOf\":{\"@id\":\"https:\\\/\\\/eldigitaldeasturias.com\\\/magazine365\\\/expertos-estudian-la-implantacion-en-picos-de-europa-del-turismo-especializado-en-la-observacion-de-oseras\\\/#webpage\"},\"articleSection\":\"Actualidad Turismo\"},{\"@type\":\"BreadcrumbList\",\"@id\":\"https:\\\/\\\/eldigitaldeasturias.com\\\/magazine365\\\/expertos-estudian-la-implantacion-en-picos-de-europa-del-turismo-especializado-en-la-observacion-de-oseras\\\/#breadcrumblist\",\"itemListElement\":[{\"@type\":\"ListItem\",\"@id\":\"https:\\\/\\\/eldigitaldeasturias.com\\\/magazine365#listItem\",\"position\":1,\"name\":\"Home\",\"item\":\"https:\\\/\\\/eldigitaldeasturias.com\\\/magazine365\",\"nextItem\":{\"@type\":\"ListItem\",\"@id\":\"https:\\\/\\\/eldigitaldeasturias.com\\\/magazine365\\\/category\\\/actualidad-turismo\\\/#listItem\",\"name\":\"Actualidad Turismo\"}},{\"@type\":\"ListItem\",\"@id\":\"https:\\\/\\\/eldigitaldeasturias.com\\\/magazine365\\\/category\\\/actualidad-turismo\\\/#listItem\",\"position\":2,\"name\":\"Actualidad Turismo\",\"item\":\"https:\\\/\\\/eldigitaldeasturias.com\\\/magazine365\\\/category\\\/actualidad-turismo\\\/\",\"nextItem\":{\"@type\":\"ListItem\",\"@id\":\"https:\\\/\\\/eldigitaldeasturias.com\\\/magazine365\\\/expertos-estudian-la-implantacion-en-picos-de-europa-del-turismo-especializado-en-la-observacion-de-oseras\\\/#listItem\",\"name\":\"Expertos estudian la implantaci\\u00f3n en Picos de Europa del turismo especializado en la observaci\\u00f3n de oseras\"},\"previousItem\":{\"@type\":\"ListItem\",\"@id\":\"https:\\\/\\\/eldigitaldeasturias.com\\\/magazine365#listItem\",\"name\":\"Home\"}},{\"@type\":\"ListItem\",\"@id\":\"https:\\\/\\\/eldigitaldeasturias.com\\\/magazine365\\\/expertos-estudian-la-implantacion-en-picos-de-europa-del-turismo-especializado-en-la-observacion-de-oseras\\\/#listItem\",\"position\":3,\"name\":\"Expertos estudian la implantaci\\u00f3n en Picos de Europa del turismo especializado en la observaci\\u00f3n de oseras\",\"previousItem\":{\"@type\":\"ListItem\",\"@id\":\"https:\\\/\\\/eldigitaldeasturias.com\\\/magazine365\\\/category\\\/actualidad-turismo\\\/#listItem\",\"name\":\"Actualidad Turismo\"}}]},{\"@type\":\"Organization\",\"@id\":\"https:\\\/\\\/eldigitaldeasturias.com\\\/magazine365\\\/#organization\",\"name\":\"El digital de Asturias\",\"description\":\"Revista de ocio, turismo y estilo de vida\",\"url\":\"https:\\\/\\\/eldigitaldeasturias.com\\\/magazine365\\\/\",\"logo\":{\"@type\":\"ImageObject\",\"url\":\"https:\\\/\\\/www.eldigitaldeasturias.com\\\/noticias\\\/wp-content\\\/uploads\\\/2020\\\/12\\\/EDA.jpg\",\"@id\":\"https:\\\/\\\/eldigitaldeasturias.com\\\/magazine365\\\/expertos-estudian-la-implantacion-en-picos-de-europa-del-turismo-especializado-en-la-observacion-de-oseras\\\/#organizationLogo\"},\"image\":{\"@id\":\"https:\\\/\\\/eldigitaldeasturias.com\\\/magazine365\\\/expertos-estudian-la-implantacion-en-picos-de-europa-del-turismo-especializado-en-la-observacion-de-oseras\\\/#organizationLogo\"}},{\"@type\":\"Person\",\"@id\":\"https:\\\/\\\/eldigitaldeasturias.com\\\/magazine365\\\/author\\\/admin\\\/#author\",\"url\":\"https:\\\/\\\/eldigitaldeasturias.com\\\/magazine365\\\/author\\\/admin\\\/\",\"name\":\"admin\",\"image\":{\"@type\":\"ImageObject\",\"@id\":\"https:\\\/\\\/eldigitaldeasturias.com\\\/magazine365\\\/expertos-estudian-la-implantacion-en-picos-de-europa-del-turismo-especializado-en-la-observacion-de-oseras\\\/#authorImage\",\"url\":\"https:\\\/\\\/eldigitaldeasturias.com\\\/magazine365\\\/wp-content\\\/litespeed\\\/avatar\\\/e571bcf59a0edd6fa6838245a470f2fe.jpg?ver=1777574230\",\"width\":96,\"height\":96,\"caption\":\"admin\"}},{\"@type\":\"WebPage\",\"@id\":\"https:\\\/\\\/eldigitaldeasturias.com\\\/magazine365\\\/expertos-estudian-la-implantacion-en-picos-de-europa-del-turismo-especializado-en-la-observacion-de-oseras\\\/#webpage\",\"url\":\"https:\\\/\\\/eldigitaldeasturias.com\\\/magazine365\\\/expertos-estudian-la-implantacion-en-picos-de-europa-del-turismo-especializado-en-la-observacion-de-oseras\\\/\",\"name\":\"Expertos estudian la implantaci\\u00f3n en Picos de Europa del turismo especializado en la observaci\\u00f3n de oseras | El Digital de Asturias\",\"description\":\"El fomento del turismo especializado en la observaci\\u00f3n de oseras y su posible implantaci\\u00f3n en los Picos de Europa ha sido una de las conclusiones extra\\u00eddas del curso 'Monta\\u00f1as humanizadas, monta\\u00f1as con osos' con el que la sede Potes-Fundaci\\u00f3n Oso Pardo se ha estrenado como escenario de los Cursos de Verano de la Universidad de\",\"inLanguage\":\"es-ES\",\"isPartOf\":{\"@id\":\"https:\\\/\\\/eldigitaldeasturias.com\\\/magazine365\\\/#website\"},\"breadcrumb\":{\"@id\":\"https:\\\/\\\/eldigitaldeasturias.com\\\/magazine365\\\/expertos-estudian-la-implantacion-en-picos-de-europa-del-turismo-especializado-en-la-observacion-de-oseras\\\/#breadcrumblist\"},\"author\":{\"@id\":\"https:\\\/\\\/eldigitaldeasturias.com\\\/magazine365\\\/author\\\/admin\\\/#author\"},\"creator\":{\"@id\":\"https:\\\/\\\/eldigitaldeasturias.com\\\/magazine365\\\/author\\\/admin\\\/#author\"},\"image\":{\"@type\":\"ImageObject\",\"url\":\"https:\\\/\\\/eldigitaldeasturias.com\\\/magazine365\\\/wp-content\\\/uploads\\\/2015\\\/06\\\/fotonoticia_20150622191738_800.jpg\",\"@id\":\"https:\\\/\\\/eldigitaldeasturias.com\\\/magazine365\\\/expertos-estudian-la-implantacion-en-picos-de-europa-del-turismo-especializado-en-la-observacion-de-oseras\\\/#mainImage\",\"width\":800,\"height\":1067},\"primaryImageOfPage\":{\"@id\":\"https:\\\/\\\/eldigitaldeasturias.com\\\/magazine365\\\/expertos-estudian-la-implantacion-en-picos-de-europa-del-turismo-especializado-en-la-observacion-de-oseras\\\/#mainImage\"},\"datePublished\":\"2015-06-23T17:35:15+02:00\",\"dateModified\":\"2015-06-23T17:35:15+02:00\"},{\"@type\":\"WebSite\",\"@id\":\"https:\\\/\\\/eldigitaldeasturias.com\\\/magazine365\\\/#website\",\"url\":\"https:\\\/\\\/eldigitaldeasturias.com\\\/magazine365\\\/\",\"name\":\"El Digital de Asturias\",\"description\":\"Revista de ocio, turismo y estilo de vida\",\"inLanguage\":\"es-ES\",\"publisher\":{\"@id\":\"https:\\\/\\\/eldigitaldeasturias.com\\\/magazine365\\\/#organization\"}}]}\n\t\t<\/script>\n\t\t<!-- All in One SEO Pro -->\r\n\t\t<title>Expertos estudian la implantaci\u00f3n en Picos de Europa del turismo especializado en la observaci\u00f3n de oseras | El Digital de Asturias<\/title>\n\n","aioseo_head_json":{"title":"Expertos estudian la implantaci\u00f3n en Picos de Europa del turismo especializado en la observaci\u00f3n de oseras | El Digital de Asturias","description":"El fomento del turismo especializado en la observaci\u00f3n de oseras y su posible implantaci\u00f3n en los Picos de Europa ha sido una de las conclusiones extra\u00eddas del curso 'Monta\u00f1as humanizadas, monta\u00f1as con osos' con el que la sede Potes-Fundaci\u00f3n Oso Pardo se ha estrenado como escenario de los Cursos de Verano de la Universidad de","canonical_url":"https:\/\/eldigitaldeasturias.com\/magazine365\/expertos-estudian-la-implantacion-en-picos-de-europa-del-turismo-especializado-en-la-observacion-de-oseras\/","robots":"max-image-preview:large","keywords":"actualidad turismo","webmasterTools":{"google-site-verification":"UA-38556648-1","miscellaneous":""},"schema":{"@context":"https:\/\/schema.org","@graph":[{"@type":"Article","@id":"https:\/\/eldigitaldeasturias.com\/magazine365\/expertos-estudian-la-implantacion-en-picos-de-europa-del-turismo-especializado-en-la-observacion-de-oseras\/#article","name":"Expertos estudian la implantaci\u00f3n en Picos de Europa del turismo especializado en la observaci\u00f3n de oseras | El Digital de Asturias","headline":"Expertos estudian la implantaci\u00f3n en Picos de Europa del turismo especializado en la observaci\u00f3n de oseras","author":{"@id":"https:\/\/eldigitaldeasturias.com\/magazine365\/author\/admin\/#author"},"publisher":{"@id":"https:\/\/eldigitaldeasturias.com\/magazine365\/#organization"},"image":{"@type":"ImageObject","url":"https:\/\/eldigitaldeasturias.com\/magazine365\/wp-content\/uploads\/2015\/06\/fotonoticia_20150622191738_800.jpg","width":800,"height":1067},"datePublished":"2015-06-23T17:35:15+02:00","dateModified":"2015-06-23T17:35:15+02:00","inLanguage":"es-ES","mainEntityOfPage":{"@id":"https:\/\/eldigitaldeasturias.com\/magazine365\/expertos-estudian-la-implantacion-en-picos-de-europa-del-turismo-especializado-en-la-observacion-de-oseras\/#webpage"},"isPartOf":{"@id":"https:\/\/eldigitaldeasturias.com\/magazine365\/expertos-estudian-la-implantacion-en-picos-de-europa-del-turismo-especializado-en-la-observacion-de-oseras\/#webpage"},"articleSection":"Actualidad Turismo"},{"@type":"BreadcrumbList","@id":"https:\/\/eldigitaldeasturias.com\/magazine365\/expertos-estudian-la-implantacion-en-picos-de-europa-del-turismo-especializado-en-la-observacion-de-oseras\/#breadcrumblist","itemListElement":[{"@type":"ListItem","@id":"https:\/\/eldigitaldeasturias.com\/magazine365#listItem","position":1,"name":"Home","item":"https:\/\/eldigitaldeasturias.com\/magazine365","nextItem":{"@type":"ListItem","@id":"https:\/\/eldigitaldeasturias.com\/magazine365\/category\/actualidad-turismo\/#listItem","name":"Actualidad Turismo"}},{"@type":"ListItem","@id":"https:\/\/eldigitaldeasturias.com\/magazine365\/category\/actualidad-turismo\/#listItem","position":2,"name":"Actualidad Turismo","item":"https:\/\/eldigitaldeasturias.com\/magazine365\/category\/actualidad-turismo\/","nextItem":{"@type":"ListItem","@id":"https:\/\/eldigitaldeasturias.com\/magazine365\/expertos-estudian-la-implantacion-en-picos-de-europa-del-turismo-especializado-en-la-observacion-de-oseras\/#listItem","name":"Expertos estudian la implantaci\u00f3n en Picos de Europa del turismo especializado en la observaci\u00f3n de oseras"},"previousItem":{"@type":"ListItem","@id":"https:\/\/eldigitaldeasturias.com\/magazine365#listItem","name":"Home"}},{"@type":"ListItem","@id":"https:\/\/eldigitaldeasturias.com\/magazine365\/expertos-estudian-la-implantacion-en-picos-de-europa-del-turismo-especializado-en-la-observacion-de-oseras\/#listItem","position":3,"name":"Expertos estudian la implantaci\u00f3n en Picos de Europa del turismo especializado en la observaci\u00f3n de oseras","previousItem":{"@type":"ListItem","@id":"https:\/\/eldigitaldeasturias.com\/magazine365\/category\/actualidad-turismo\/#listItem","name":"Actualidad Turismo"}}]},{"@type":"Organization","@id":"https:\/\/eldigitaldeasturias.com\/magazine365\/#organization","name":"El digital de Asturias","description":"Revista de ocio, turismo y estilo de vida","url":"https:\/\/eldigitaldeasturias.com\/magazine365\/","logo":{"@type":"ImageObject","url":"https:\/\/www.eldigitaldeasturias.com\/noticias\/wp-content\/uploads\/2020\/12\/EDA.jpg","@id":"https:\/\/eldigitaldeasturias.com\/magazine365\/expertos-estudian-la-implantacion-en-picos-de-europa-del-turismo-especializado-en-la-observacion-de-oseras\/#organizationLogo"},"image":{"@id":"https:\/\/eldigitaldeasturias.com\/magazine365\/expertos-estudian-la-implantacion-en-picos-de-europa-del-turismo-especializado-en-la-observacion-de-oseras\/#organizationLogo"}},{"@type":"Person","@id":"https:\/\/eldigitaldeasturias.com\/magazine365\/author\/admin\/#author","url":"https:\/\/eldigitaldeasturias.com\/magazine365\/author\/admin\/","name":"admin","image":{"@type":"ImageObject","@id":"https:\/\/eldigitaldeasturias.com\/magazine365\/expertos-estudian-la-implantacion-en-picos-de-europa-del-turismo-especializado-en-la-observacion-de-oseras\/#authorImage","url":"https:\/\/eldigitaldeasturias.com\/magazine365\/wp-content\/litespeed\/avatar\/e571bcf59a0edd6fa6838245a470f2fe.jpg?ver=1777574230","width":96,"height":96,"caption":"admin"}},{"@type":"WebPage","@id":"https:\/\/eldigitaldeasturias.com\/magazine365\/expertos-estudian-la-implantacion-en-picos-de-europa-del-turismo-especializado-en-la-observacion-de-oseras\/#webpage","url":"https:\/\/eldigitaldeasturias.com\/magazine365\/expertos-estudian-la-implantacion-en-picos-de-europa-del-turismo-especializado-en-la-observacion-de-oseras\/","name":"Expertos estudian la implantaci\u00f3n en Picos de Europa del turismo especializado en la observaci\u00f3n de oseras | El Digital de Asturias","description":"El fomento del turismo especializado en la observaci\u00f3n de oseras y su posible implantaci\u00f3n en los Picos de Europa ha sido una de las conclusiones extra\u00eddas del curso 'Monta\u00f1as humanizadas, monta\u00f1as con osos' con el que la sede Potes-Fundaci\u00f3n Oso Pardo se ha estrenado como escenario de los Cursos de Verano de la Universidad de","inLanguage":"es-ES","isPartOf":{"@id":"https:\/\/eldigitaldeasturias.com\/magazine365\/#website"},"breadcrumb":{"@id":"https:\/\/eldigitaldeasturias.com\/magazine365\/expertos-estudian-la-implantacion-en-picos-de-europa-del-turismo-especializado-en-la-observacion-de-oseras\/#breadcrumblist"},"author":{"@id":"https:\/\/eldigitaldeasturias.com\/magazine365\/author\/admin\/#author"},"creator":{"@id":"https:\/\/eldigitaldeasturias.com\/magazine365\/author\/admin\/#author"},"image":{"@type":"ImageObject","url":"https:\/\/eldigitaldeasturias.com\/magazine365\/wp-content\/uploads\/2015\/06\/fotonoticia_20150622191738_800.jpg","@id":"https:\/\/eldigitaldeasturias.com\/magazine365\/expertos-estudian-la-implantacion-en-picos-de-europa-del-turismo-especializado-en-la-observacion-de-oseras\/#mainImage","width":800,"height":1067},"primaryImageOfPage":{"@id":"https:\/\/eldigitaldeasturias.com\/magazine365\/expertos-estudian-la-implantacion-en-picos-de-europa-del-turismo-especializado-en-la-observacion-de-oseras\/#mainImage"},"datePublished":"2015-06-23T17:35:15+02:00","dateModified":"2015-06-23T17:35:15+02:00"},{"@type":"WebSite","@id":"https:\/\/eldigitaldeasturias.com\/magazine365\/#website","url":"https:\/\/eldigitaldeasturias.com\/magazine365\/","name":"El Digital de Asturias","description":"Revista de ocio, turismo y estilo de vida","inLanguage":"es-ES","publisher":{"@id":"https:\/\/eldigitaldeasturias.com\/magazine365\/#organization"}}]},"og:locale":"es_ES","og:site_name":"El Digital de Asturias \u2013 Revista de ocio, turismo y estilo de vida","og:type":"article","og:title":"Expertos estudian la implantaci\u00f3n en Picos de Europa del turismo especializado en la observaci\u00f3n de oseras | El Digital de Asturias","og:description":"El fomento del turismo especializado en la observaci\u00f3n de oseras y su posible implantaci\u00f3n en los Picos de Europa ha sido una de las conclusiones extra\u00eddas del curso 'Monta\u00f1as humanizadas, monta\u00f1as con osos' con el que la sede Potes-Fundaci\u00f3n Oso Pardo se ha estrenado como escenario de los Cursos de Verano de la Universidad de","og:url":"https:\/\/eldigitaldeasturias.com\/magazine365\/expertos-estudian-la-implantacion-en-picos-de-europa-del-turismo-especializado-en-la-observacion-de-oseras\/","og:image":"https:\/\/eldigitaldeasturias.com\/magazine365\/wp-content\/uploads\/2015\/06\/fotonoticia_20150622191738_800.jpg","og:image:secure_url":"https:\/\/eldigitaldeasturias.com\/magazine365\/wp-content\/uploads\/2015\/06\/fotonoticia_20150622191738_800.jpg","og:image:width":800,"og:image:height":1067,"article:published_time":"2015-06-23T16:05:15+00:00","article:modified_time":"2015-06-23T16:05:15+00:00","twitter:card":"summary_large_image","twitter:title":"Expertos estudian la implantaci\u00f3n en Picos de Europa del turismo especializado en la observaci\u00f3n de oseras | El Digital de Asturias","twitter:description":"El fomento del turismo especializado en la observaci\u00f3n de oseras y su posible implantaci\u00f3n en los Picos de Europa ha sido una de las conclusiones extra\u00eddas del curso 'Monta\u00f1as humanizadas, monta\u00f1as con osos' con el que la sede Potes-Fundaci\u00f3n Oso Pardo se ha estrenado como escenario de los Cursos de Verano de la Universidad de","twitter:image":"https:\/\/eldigitaldeasturias.com\/magazine365\/wp-content\/uploads\/2015\/06\/fotonoticia_20150622191738_800.jpg"},"aioseo_meta_data":{"post_id":"40647","title":null,"description":null,"keywords":null,"keyphrases":null,"primary_term":null,"canonical_url":null,"og_title":null,"og_description":null,"og_object_type":"default","og_image_type":"default","og_image_url":null,"og_image_width":null,"og_image_height":null,"og_image_custom_url":null,"og_image_custom_fields":null,"og_video":null,"og_custom_url":null,"og_article_section":null,"og_article_tags":null,"twitter_use_og":false,"twitter_card":"default","twitter_image_type":"default","twitter_image_url":null,"twitter_image_custom_url":null,"twitter_image_custom_fields":null,"twitter_title":null,"twitter_description":null,"schema":{"blockGraphs":[],"customGraphs":[],"default":{"data":{"Article":[],"Course":[],"Dataset":[],"FAQPage":[],"Movie":[],"Person":[],"Product":[],"ProductReview":[],"Car":[],"Recipe":[],"Service":[],"SoftwareApplication":[],"WebPage":[]},"graphName":"","isEnabled":true},"graphs":[],"defaultGraph":"","defaultPostTypeGraph":""},"schema_type":null,"schema_type_options":null,"pillar_content":false,"robots_default":true,"robots_noindex":false,"robots_noarchive":false,"robots_nosnippet":false,"robots_nofollow":false,"robots_noimageindex":false,"robots_noodp":false,"robots_notranslate":false,"robots_max_snippet":null,"robots_max_videopreview":null,"robots_max_imagepreview":"large","priority":null,"frequency":null,"location":null,"local_seo":null,"seo_analyzer_scan_date":"2025-09-19 14:00:14","breadcrumb_settings":null,"limit_modified_date":false,"open_ai":null,"ai":null,"created":"2021-03-09 02:25:54","updated":"2025-09-19 14:00:14"},"aioseo_breadcrumb":"<div class=\"aioseo-breadcrumbs\"><span class=\"aioseo-breadcrumb\">\n\t<a href=\"https:\/\/eldigitaldeasturias.com\/magazine365\" title=\"Home\">Home<\/a>\n<\/span><span class=\"aioseo-breadcrumb-separator\">\u2013<\/span><span class=\"aioseo-breadcrumb\">\n\t<a href=\"https:\/\/eldigitaldeasturias.com\/magazine365\/category\/actualidad-turismo\/\" title=\"Actualidad Turismo\">Actualidad Turismo<\/a>\n<\/span><span class=\"aioseo-breadcrumb-separator\">\u2013<\/span><span class=\"aioseo-breadcrumb\">\n\t<a href=\"https:\/\/eldigitaldeasturias.com\/magazine365\/expertos-estudian-la-implantacion-en-picos-de-europa-del-turismo-especializado-en-la-observacion-de-oseras\/\" title=\"Expertos estudian la implantaci\u00f3n en Picos de Europa del turismo especializado en la observaci\u00f3n de oseras\">Expertos estudian la implantaci\u00f3n en Picos de Europa del turismo especializado en la observaci\u00f3n de oseras<\/a>\n<\/span><\/div>","aioseo_breadcrumb_json":[{"label":"Home","link":"https:\/\/eldigitaldeasturias.com\/magazine365"},{"label":"Actualidad Turismo","link":"https:\/\/eldigitaldeasturias.com\/magazine365\/category\/actualidad-turismo\/"},{"label":"Expertos estudian la implantaci\u00f3n en Picos de Europa del turismo especializado en la observaci\u00f3n de oseras","link":"https:\/\/eldigitaldeasturias.com\/magazine365\/expertos-estudian-la-implantacion-en-picos-de-europa-del-turismo-especializado-en-la-observacion-de-oseras\/"}],"_links":{"self":[{"href":"https:\/\/eldigitaldeasturias.com\/magazine365\/wp-json\/wp\/v2\/posts\/40647","targetHints":{"allow":["GET"]}}],"collection":[{"href":"https:\/\/eldigitaldeasturias.com\/magazine365\/wp-json\/wp\/v2\/posts"}],"about":[{"href":"https:\/\/eldigitaldeasturias.com\/magazine365\/wp-json\/wp\/v2\/types\/post"}],"author":[{"embeddable":true,"href":"https:\/\/eldigitaldeasturias.com\/magazine365\/wp-json\/wp\/v2\/users\/1"}],"replies":[{"embeddable":true,"href":"https:\/\/eldigitaldeasturias.com\/magazine365\/wp-json\/wp\/v2\/comments?post=40647"}],"version-history":[{"count":0,"href":"https:\/\/eldigitaldeasturias.com\/magazine365\/wp-json\/wp\/v2\/posts\/40647\/revisions"}],"wp:featuredmedia":[{"embeddable":true,"href":"https:\/\/eldigitaldeasturias.com\/magazine365\/wp-json\/wp\/v2\/media\/40648"}],"wp:attachment":[{"href":"https:\/\/eldigitaldeasturias.com\/magazine365\/wp-json\/wp\/v2\/media?parent=40647"}],"wp:term":[{"taxonomy":"category","embeddable":true,"href":"https:\/\/eldigitaldeasturias.com\/magazine365\/wp-json\/wp\/v2\/categories?post=40647"},{"taxonomy":"post_tag","embeddable":true,"href":"https:\/\/eldigitaldeasturias.com\/magazine365\/wp-json\/wp\/v2\/tags?post=40647"}],"curies":[{"name":"wp","href":"https:\/\/api.w.org\/{rel}","templated":true}]}}