{"id":40644,"date":"2015-06-23T17:34:14","date_gmt":"2015-06-23T16:04:14","guid":{"rendered":"http:\/\/eldigitaldeasturias.com\/magazine365\/?p=40644"},"modified":"2015-06-23T17:34:14","modified_gmt":"2015-06-23T16:04:14","slug":"el-harmony-of-the-seas-de-royal-caribbean-navegara-por-el-mediterraneo-a-partir-de-abril-de-2016","status":"publish","type":"post","link":"https:\/\/eldigitaldeasturias.com\/magazine365\/el-harmony-of-the-seas-de-royal-caribbean-navegara-por-el-mediterraneo-a-partir-de-abril-de-2016\/","title":{"rendered":"El &#8216;Harmony of the Seas&#8217; de Royal Caribbean navegar\u00e1 por el mediterr\u00e1neo a partir de abril de 2016"},"content":{"rendered":"<p><img fetchpriority=\"high\" decoding=\"async\" class=\"alignleft size-medium wp-image-40645\" src=\"https:\/\/eldigitaldeasturias.com\/magazine365\/wp-content\/uploads\/2015\/06\/fotonoticia_20150622191546_800-360x223.jpg\" alt=\"fotonoticia_20150622191546_800\" width=\"360\" height=\"223\" srcset=\"https:\/\/eldigitaldeasturias.com\/magazine365\/wp-content\/uploads\/2015\/06\/fotonoticia_20150622191546_800-360x223.jpg 360w, https:\/\/eldigitaldeasturias.com\/magazine365\/wp-content\/uploads\/2015\/06\/fotonoticia_20150622191546_800-650x402.jpg 650w, https:\/\/eldigitaldeasturias.com\/magazine365\/wp-content\/uploads\/2015\/06\/fotonoticia_20150622191546_800-768x475.jpg 768w, https:\/\/eldigitaldeasturias.com\/magazine365\/wp-content\/uploads\/2015\/06\/fotonoticia_20150622191546_800-150x93.jpg 150w, https:\/\/eldigitaldeasturias.com\/magazine365\/wp-content\/uploads\/2015\/06\/fotonoticia_20150622191546_800-450x278.jpg 450w, https:\/\/eldigitaldeasturias.com\/magazine365\/wp-content\/uploads\/2015\/06\/fotonoticia_20150622191546_800-356x220.jpg 356w, https:\/\/eldigitaldeasturias.com\/magazine365\/wp-content\/uploads\/2015\/06\/fotonoticia_20150622191546_800-696x431.jpg 696w, https:\/\/eldigitaldeasturias.com\/magazine365\/wp-content\/uploads\/2015\/06\/fotonoticia_20150622191546_800-679x420.jpg 679w, https:\/\/eldigitaldeasturias.com\/magazine365\/wp-content\/uploads\/2015\/06\/fotonoticia_20150622191546_800-279x173.jpg 279w, https:\/\/eldigitaldeasturias.com\/magazine365\/wp-content\/uploads\/2015\/06\/fotonoticia_20150622191546_800.jpg 800w\" sizes=\"(max-width: 360px) 100vw, 360px\" \/>El &#8216;Harmony of the Seas&#8217; de Royal Caribbean ofrecer\u00e1 cruceros de siete noches por el mediterr\u00e1neo, desde Barcelona, a partir de abril de 2016, seg\u00fan ha informado la naviera en un comunicado.<\/p>\n<p>Adem\u00e1s, el nuevo miembro de la clase &#8216;Oasis&#8217; de la compa\u00f1\u00eda realizar\u00e1 cruceros por el Caribe, con salida desde Fort Luaderdale (Florida), en noviembre de 2016.<\/p>\n<p>La naviera ha informado que la construcci\u00f3n exterior de la nave ya ha terminado y que, con el barco ya en el agua, se dar\u00e1 comienzo a la instalaci\u00f3n de interiores.<\/p>\n<p>El &#8216;Harmony of the Seas&#8217; contar\u00e1 con 2.394 tripulantes, 20 restaurantes y siete vecindarios, entre los que se incluyen el &#8216;Central Park&#8217;, el &#8216;Boardwalk&#8217;, el &#8216;Royal Promenade&#8217;, piscinas y otras zonas de deporte y bienestar.<\/p>\n<p>Adem\u00e1s, el nuevo crucero contar\u00e1 con 16 cubiertas, un registro bruto de 227.000 toneladas, capacidad para 5.479 pasajeros en ocupaci\u00f3n doble y 2.747 camarotes.<\/p>\n<p>Por su parte, los futuros pasajeros del buque disfrutar\u00e1n de instalaciones como tres toboganes acu\u00e1ticos de diferentes recorridos, un &#8216;Bionic Bar&#8217; atendido por camareros robots, y &#8216;Voom&#8217;, la conexi\u00f3n a Internet que dar\u00e1 a los pasajeros la posibilidad de compartir sus vacaciones y experiencias instant\u00e1neamente a trav\u00e9s de las redes sociales.<\/p>\n","protected":false},"excerpt":{"rendered":"<p>El &#8216;Harmony of the Seas&#8217; de Royal Caribbean ofrecer\u00e1 cruceros de siete noches por el mediterr\u00e1neo, desde Barcelona, a partir de abril de 2016, seg\u00fan ha informado la naviera en un comunicado. Adem\u00e1s, el nuevo miembro de la clase &#8216;Oasis&#8217; de la compa\u00f1\u00eda realizar\u00e1 cruceros por el Caribe, con salida desde Fort Luaderdale (Florida), en<\/p>\n","protected":false},"author":1,"featured_media":40645,"comment_status":"open","ping_status":"closed","sticky":false,"template":"","format":"standard","meta":{"footnotes":""},"categories":[222],"tags":[],"class_list":{"0":"post-40644","1":"post","2":"type-post","3":"status-publish","4":"format-standard","5":"has-post-thumbnail","7":"category-actualidad-turismo"},"aioseo_notices":[],"aioseo_head":"\n\t\t<!-- All in One SEO Pro 4.9.6.1 - aioseo.com -->\n\t<meta name=\"description\" content=\"El &#039;Harmony of the Seas&#039; de Royal Caribbean ofrecer\u00e1 cruceros de siete noches por el mediterr\u00e1neo, desde Barcelona, a partir de abril de 2016, seg\u00fan ha informado la naviera en un comunicado. Adem\u00e1s, el nuevo miembro de la clase &#039;Oasis&#039; de la compa\u00f1\u00eda realizar\u00e1 cruceros por el Caribe, con salida desde Fort Luaderdale (Florida), en\" \/>\n\t<meta name=\"robots\" content=\"max-image-preview:large\" \/>\n\t<meta name=\"author\" content=\"admin\"\/>\n\t<meta name=\"google-site-verification\" content=\"UA-38556648-1\" \/>\n\t<meta name=\"keywords\" content=\"actualidad turismo\" \/>\n\t<link rel=\"canonical\" href=\"https:\/\/eldigitaldeasturias.com\/magazine365\/el-harmony-of-the-seas-de-royal-caribbean-navegara-por-el-mediterraneo-a-partir-de-abril-de-2016\/\" \/>\n\t<meta name=\"generator\" content=\"All in One SEO Pro (AIOSEO) 4.9.6.1\" \/>\n\t\t<meta property=\"og:locale\" content=\"es_ES\" \/>\n\t\t<meta property=\"og:site_name\" content=\"El Digital de Asturias \u2013 Revista de ocio, turismo y estilo de vida\" \/>\n\t\t<meta property=\"og:type\" content=\"article\" \/>\n\t\t<meta property=\"og:title\" content=\"El \u2018Harmony of the Seas\u2019 de Royal Caribbean navegar\u00e1 por el mediterr\u00e1neo a partir de abril de 2016 | El Digital de Asturias\" \/>\n\t\t<meta property=\"og:description\" content=\"El &#039;Harmony of the Seas&#039; de Royal Caribbean ofrecer\u00e1 cruceros de siete noches por el mediterr\u00e1neo, desde Barcelona, a partir de abril de 2016, seg\u00fan ha informado la naviera en un comunicado. Adem\u00e1s, el nuevo miembro de la clase &#039;Oasis&#039; de la compa\u00f1\u00eda realizar\u00e1 cruceros por el Caribe, con salida desde Fort Luaderdale (Florida), en\" \/>\n\t\t<meta property=\"og:url\" content=\"https:\/\/eldigitaldeasturias.com\/magazine365\/el-harmony-of-the-seas-de-royal-caribbean-navegara-por-el-mediterraneo-a-partir-de-abril-de-2016\/\" \/>\n\t\t<meta property=\"og:image\" content=\"https:\/\/eldigitaldeasturias.com\/magazine365\/wp-content\/uploads\/2015\/06\/fotonoticia_20150622191546_800.jpg\" \/>\n\t\t<meta property=\"og:image:secure_url\" content=\"https:\/\/eldigitaldeasturias.com\/magazine365\/wp-content\/uploads\/2015\/06\/fotonoticia_20150622191546_800.jpg\" \/>\n\t\t<meta property=\"og:image:width\" content=\"800\" \/>\n\t\t<meta property=\"og:image:height\" content=\"495\" \/>\n\t\t<meta property=\"article:published_time\" content=\"2015-06-23T16:04:14+00:00\" \/>\n\t\t<meta property=\"article:modified_time\" content=\"2015-06-23T16:04:14+00:00\" \/>\n\t\t<meta name=\"twitter:card\" content=\"summary_large_image\" \/>\n\t\t<meta name=\"twitter:title\" content=\"El \u2018Harmony of the Seas\u2019 de Royal Caribbean navegar\u00e1 por el mediterr\u00e1neo a partir de abril de 2016 | El Digital de Asturias\" \/>\n\t\t<meta name=\"twitter:description\" content=\"El &#039;Harmony of the Seas&#039; de Royal Caribbean ofrecer\u00e1 cruceros de siete noches por el mediterr\u00e1neo, desde Barcelona, a partir de abril de 2016, seg\u00fan ha informado la naviera en un comunicado. Adem\u00e1s, el nuevo miembro de la clase &#039;Oasis&#039; de la compa\u00f1\u00eda realizar\u00e1 cruceros por el Caribe, con salida desde Fort Luaderdale (Florida), en\" \/>\n\t\t<meta name=\"twitter:image\" content=\"https:\/\/eldigitaldeasturias.com\/magazine365\/wp-content\/uploads\/2015\/06\/fotonoticia_20150622191546_800.jpg\" \/>\n\t\t<script type=\"application\/ld+json\" class=\"aioseo-schema\">\n\t\t\t{\"@context\":\"https:\\\/\\\/schema.org\",\"@graph\":[{\"@type\":\"Article\",\"@id\":\"https:\\\/\\\/eldigitaldeasturias.com\\\/magazine365\\\/el-harmony-of-the-seas-de-royal-caribbean-navegara-por-el-mediterraneo-a-partir-de-abril-de-2016\\\/#article\",\"name\":\"El \\u2018Harmony of the Seas\\u2019 de Royal Caribbean navegar\\u00e1 por el mediterr\\u00e1neo a partir de abril de 2016 | El Digital de Asturias\",\"headline\":\"El &#8216;Harmony of the Seas&#8217; de Royal Caribbean navegar\\u00e1 por el mediterr\\u00e1neo a partir de abril de 2016\",\"author\":{\"@id\":\"https:\\\/\\\/eldigitaldeasturias.com\\\/magazine365\\\/author\\\/admin\\\/#author\"},\"publisher\":{\"@id\":\"https:\\\/\\\/eldigitaldeasturias.com\\\/magazine365\\\/#organization\"},\"image\":{\"@type\":\"ImageObject\",\"url\":\"https:\\\/\\\/eldigitaldeasturias.com\\\/magazine365\\\/wp-content\\\/uploads\\\/2015\\\/06\\\/fotonoticia_20150622191546_800.jpg\",\"width\":800,\"height\":495},\"datePublished\":\"2015-06-23T17:34:14+02:00\",\"dateModified\":\"2015-06-23T17:34:14+02:00\",\"inLanguage\":\"es-ES\",\"mainEntityOfPage\":{\"@id\":\"https:\\\/\\\/eldigitaldeasturias.com\\\/magazine365\\\/el-harmony-of-the-seas-de-royal-caribbean-navegara-por-el-mediterraneo-a-partir-de-abril-de-2016\\\/#webpage\"},\"isPartOf\":{\"@id\":\"https:\\\/\\\/eldigitaldeasturias.com\\\/magazine365\\\/el-harmony-of-the-seas-de-royal-caribbean-navegara-por-el-mediterraneo-a-partir-de-abril-de-2016\\\/#webpage\"},\"articleSection\":\"Actualidad Turismo\"},{\"@type\":\"BreadcrumbList\",\"@id\":\"https:\\\/\\\/eldigitaldeasturias.com\\\/magazine365\\\/el-harmony-of-the-seas-de-royal-caribbean-navegara-por-el-mediterraneo-a-partir-de-abril-de-2016\\\/#breadcrumblist\",\"itemListElement\":[{\"@type\":\"ListItem\",\"@id\":\"https:\\\/\\\/eldigitaldeasturias.com\\\/magazine365#listItem\",\"position\":1,\"name\":\"Home\",\"item\":\"https:\\\/\\\/eldigitaldeasturias.com\\\/magazine365\",\"nextItem\":{\"@type\":\"ListItem\",\"@id\":\"https:\\\/\\\/eldigitaldeasturias.com\\\/magazine365\\\/category\\\/actualidad-turismo\\\/#listItem\",\"name\":\"Actualidad Turismo\"}},{\"@type\":\"ListItem\",\"@id\":\"https:\\\/\\\/eldigitaldeasturias.com\\\/magazine365\\\/category\\\/actualidad-turismo\\\/#listItem\",\"position\":2,\"name\":\"Actualidad Turismo\",\"item\":\"https:\\\/\\\/eldigitaldeasturias.com\\\/magazine365\\\/category\\\/actualidad-turismo\\\/\",\"nextItem\":{\"@type\":\"ListItem\",\"@id\":\"https:\\\/\\\/eldigitaldeasturias.com\\\/magazine365\\\/el-harmony-of-the-seas-de-royal-caribbean-navegara-por-el-mediterraneo-a-partir-de-abril-de-2016\\\/#listItem\",\"name\":\"El &#8216;Harmony of the Seas&#8217; de Royal Caribbean navegar\\u00e1 por el mediterr\\u00e1neo a partir de abril de 2016\"},\"previousItem\":{\"@type\":\"ListItem\",\"@id\":\"https:\\\/\\\/eldigitaldeasturias.com\\\/magazine365#listItem\",\"name\":\"Home\"}},{\"@type\":\"ListItem\",\"@id\":\"https:\\\/\\\/eldigitaldeasturias.com\\\/magazine365\\\/el-harmony-of-the-seas-de-royal-caribbean-navegara-por-el-mediterraneo-a-partir-de-abril-de-2016\\\/#listItem\",\"position\":3,\"name\":\"El &#8216;Harmony of the Seas&#8217; de Royal Caribbean navegar\\u00e1 por el mediterr\\u00e1neo a partir de abril de 2016\",\"previousItem\":{\"@type\":\"ListItem\",\"@id\":\"https:\\\/\\\/eldigitaldeasturias.com\\\/magazine365\\\/category\\\/actualidad-turismo\\\/#listItem\",\"name\":\"Actualidad Turismo\"}}]},{\"@type\":\"Organization\",\"@id\":\"https:\\\/\\\/eldigitaldeasturias.com\\\/magazine365\\\/#organization\",\"name\":\"El digital de Asturias\",\"description\":\"Revista de ocio, turismo y estilo de vida\",\"url\":\"https:\\\/\\\/eldigitaldeasturias.com\\\/magazine365\\\/\",\"logo\":{\"@type\":\"ImageObject\",\"url\":\"https:\\\/\\\/www.eldigitaldeasturias.com\\\/noticias\\\/wp-content\\\/uploads\\\/2020\\\/12\\\/EDA.jpg\",\"@id\":\"https:\\\/\\\/eldigitaldeasturias.com\\\/magazine365\\\/el-harmony-of-the-seas-de-royal-caribbean-navegara-por-el-mediterraneo-a-partir-de-abril-de-2016\\\/#organizationLogo\"},\"image\":{\"@id\":\"https:\\\/\\\/eldigitaldeasturias.com\\\/magazine365\\\/el-harmony-of-the-seas-de-royal-caribbean-navegara-por-el-mediterraneo-a-partir-de-abril-de-2016\\\/#organizationLogo\"}},{\"@type\":\"Person\",\"@id\":\"https:\\\/\\\/eldigitaldeasturias.com\\\/magazine365\\\/author\\\/admin\\\/#author\",\"url\":\"https:\\\/\\\/eldigitaldeasturias.com\\\/magazine365\\\/author\\\/admin\\\/\",\"name\":\"admin\",\"image\":{\"@type\":\"ImageObject\",\"@id\":\"https:\\\/\\\/eldigitaldeasturias.com\\\/magazine365\\\/el-harmony-of-the-seas-de-royal-caribbean-navegara-por-el-mediterraneo-a-partir-de-abril-de-2016\\\/#authorImage\",\"url\":\"https:\\\/\\\/eldigitaldeasturias.com\\\/magazine365\\\/wp-content\\\/litespeed\\\/avatar\\\/e571bcf59a0edd6fa6838245a470f2fe.jpg?ver=1777574230\",\"width\":96,\"height\":96,\"caption\":\"admin\"}},{\"@type\":\"WebPage\",\"@id\":\"https:\\\/\\\/eldigitaldeasturias.com\\\/magazine365\\\/el-harmony-of-the-seas-de-royal-caribbean-navegara-por-el-mediterraneo-a-partir-de-abril-de-2016\\\/#webpage\",\"url\":\"https:\\\/\\\/eldigitaldeasturias.com\\\/magazine365\\\/el-harmony-of-the-seas-de-royal-caribbean-navegara-por-el-mediterraneo-a-partir-de-abril-de-2016\\\/\",\"name\":\"El \\u2018Harmony of the Seas\\u2019 de Royal Caribbean navegar\\u00e1 por el mediterr\\u00e1neo a partir de abril de 2016 | El Digital de Asturias\",\"description\":\"El 'Harmony of the Seas' de Royal Caribbean ofrecer\\u00e1 cruceros de siete noches por el mediterr\\u00e1neo, desde Barcelona, a partir de abril de 2016, seg\\u00fan ha informado la naviera en un comunicado. Adem\\u00e1s, el nuevo miembro de la clase 'Oasis' de la compa\\u00f1\\u00eda realizar\\u00e1 cruceros por el Caribe, con salida desde Fort Luaderdale (Florida), en\",\"inLanguage\":\"es-ES\",\"isPartOf\":{\"@id\":\"https:\\\/\\\/eldigitaldeasturias.com\\\/magazine365\\\/#website\"},\"breadcrumb\":{\"@id\":\"https:\\\/\\\/eldigitaldeasturias.com\\\/magazine365\\\/el-harmony-of-the-seas-de-royal-caribbean-navegara-por-el-mediterraneo-a-partir-de-abril-de-2016\\\/#breadcrumblist\"},\"author\":{\"@id\":\"https:\\\/\\\/eldigitaldeasturias.com\\\/magazine365\\\/author\\\/admin\\\/#author\"},\"creator\":{\"@id\":\"https:\\\/\\\/eldigitaldeasturias.com\\\/magazine365\\\/author\\\/admin\\\/#author\"},\"image\":{\"@type\":\"ImageObject\",\"url\":\"https:\\\/\\\/eldigitaldeasturias.com\\\/magazine365\\\/wp-content\\\/uploads\\\/2015\\\/06\\\/fotonoticia_20150622191546_800.jpg\",\"@id\":\"https:\\\/\\\/eldigitaldeasturias.com\\\/magazine365\\\/el-harmony-of-the-seas-de-royal-caribbean-navegara-por-el-mediterraneo-a-partir-de-abril-de-2016\\\/#mainImage\",\"width\":800,\"height\":495},\"primaryImageOfPage\":{\"@id\":\"https:\\\/\\\/eldigitaldeasturias.com\\\/magazine365\\\/el-harmony-of-the-seas-de-royal-caribbean-navegara-por-el-mediterraneo-a-partir-de-abril-de-2016\\\/#mainImage\"},\"datePublished\":\"2015-06-23T17:34:14+02:00\",\"dateModified\":\"2015-06-23T17:34:14+02:00\"},{\"@type\":\"WebSite\",\"@id\":\"https:\\\/\\\/eldigitaldeasturias.com\\\/magazine365\\\/#website\",\"url\":\"https:\\\/\\\/eldigitaldeasturias.com\\\/magazine365\\\/\",\"name\":\"El Digital de Asturias\",\"description\":\"Revista de ocio, turismo y estilo de vida\",\"inLanguage\":\"es-ES\",\"publisher\":{\"@id\":\"https:\\\/\\\/eldigitaldeasturias.com\\\/magazine365\\\/#organization\"}}]}\n\t\t<\/script>\n\t\t<!-- All in One SEO Pro -->\r\n\t\t<title>El \u2018Harmony of the Seas\u2019 de Royal Caribbean navegar\u00e1 por el mediterr\u00e1neo a partir de abril de 2016 | El Digital de Asturias<\/title>\n\n","aioseo_head_json":{"title":"El \u2018Harmony of the Seas\u2019 de Royal Caribbean navegar\u00e1 por el mediterr\u00e1neo a partir de abril de 2016 | El Digital de Asturias","description":"El 'Harmony of the Seas' de Royal Caribbean ofrecer\u00e1 cruceros de siete noches por el mediterr\u00e1neo, desde Barcelona, a partir de abril de 2016, seg\u00fan ha informado la naviera en un comunicado. Adem\u00e1s, el nuevo miembro de la clase 'Oasis' de la compa\u00f1\u00eda realizar\u00e1 cruceros por el Caribe, con salida desde Fort Luaderdale (Florida), en","canonical_url":"https:\/\/eldigitaldeasturias.com\/magazine365\/el-harmony-of-the-seas-de-royal-caribbean-navegara-por-el-mediterraneo-a-partir-de-abril-de-2016\/","robots":"max-image-preview:large","keywords":"actualidad turismo","webmasterTools":{"google-site-verification":"UA-38556648-1","miscellaneous":""},"schema":{"@context":"https:\/\/schema.org","@graph":[{"@type":"Article","@id":"https:\/\/eldigitaldeasturias.com\/magazine365\/el-harmony-of-the-seas-de-royal-caribbean-navegara-por-el-mediterraneo-a-partir-de-abril-de-2016\/#article","name":"El \u2018Harmony of the Seas\u2019 de Royal Caribbean navegar\u00e1 por el mediterr\u00e1neo a partir de abril de 2016 | El Digital de Asturias","headline":"El &#8216;Harmony of the Seas&#8217; de Royal Caribbean navegar\u00e1 por el mediterr\u00e1neo a partir de abril de 2016","author":{"@id":"https:\/\/eldigitaldeasturias.com\/magazine365\/author\/admin\/#author"},"publisher":{"@id":"https:\/\/eldigitaldeasturias.com\/magazine365\/#organization"},"image":{"@type":"ImageObject","url":"https:\/\/eldigitaldeasturias.com\/magazine365\/wp-content\/uploads\/2015\/06\/fotonoticia_20150622191546_800.jpg","width":800,"height":495},"datePublished":"2015-06-23T17:34:14+02:00","dateModified":"2015-06-23T17:34:14+02:00","inLanguage":"es-ES","mainEntityOfPage":{"@id":"https:\/\/eldigitaldeasturias.com\/magazine365\/el-harmony-of-the-seas-de-royal-caribbean-navegara-por-el-mediterraneo-a-partir-de-abril-de-2016\/#webpage"},"isPartOf":{"@id":"https:\/\/eldigitaldeasturias.com\/magazine365\/el-harmony-of-the-seas-de-royal-caribbean-navegara-por-el-mediterraneo-a-partir-de-abril-de-2016\/#webpage"},"articleSection":"Actualidad Turismo"},{"@type":"BreadcrumbList","@id":"https:\/\/eldigitaldeasturias.com\/magazine365\/el-harmony-of-the-seas-de-royal-caribbean-navegara-por-el-mediterraneo-a-partir-de-abril-de-2016\/#breadcrumblist","itemListElement":[{"@type":"ListItem","@id":"https:\/\/eldigitaldeasturias.com\/magazine365#listItem","position":1,"name":"Home","item":"https:\/\/eldigitaldeasturias.com\/magazine365","nextItem":{"@type":"ListItem","@id":"https:\/\/eldigitaldeasturias.com\/magazine365\/category\/actualidad-turismo\/#listItem","name":"Actualidad Turismo"}},{"@type":"ListItem","@id":"https:\/\/eldigitaldeasturias.com\/magazine365\/category\/actualidad-turismo\/#listItem","position":2,"name":"Actualidad Turismo","item":"https:\/\/eldigitaldeasturias.com\/magazine365\/category\/actualidad-turismo\/","nextItem":{"@type":"ListItem","@id":"https:\/\/eldigitaldeasturias.com\/magazine365\/el-harmony-of-the-seas-de-royal-caribbean-navegara-por-el-mediterraneo-a-partir-de-abril-de-2016\/#listItem","name":"El &#8216;Harmony of the Seas&#8217; de Royal Caribbean navegar\u00e1 por el mediterr\u00e1neo a partir de abril de 2016"},"previousItem":{"@type":"ListItem","@id":"https:\/\/eldigitaldeasturias.com\/magazine365#listItem","name":"Home"}},{"@type":"ListItem","@id":"https:\/\/eldigitaldeasturias.com\/magazine365\/el-harmony-of-the-seas-de-royal-caribbean-navegara-por-el-mediterraneo-a-partir-de-abril-de-2016\/#listItem","position":3,"name":"El &#8216;Harmony of the Seas&#8217; de Royal Caribbean navegar\u00e1 por el mediterr\u00e1neo a partir de abril de 2016","previousItem":{"@type":"ListItem","@id":"https:\/\/eldigitaldeasturias.com\/magazine365\/category\/actualidad-turismo\/#listItem","name":"Actualidad Turismo"}}]},{"@type":"Organization","@id":"https:\/\/eldigitaldeasturias.com\/magazine365\/#organization","name":"El digital de Asturias","description":"Revista de ocio, turismo y estilo de vida","url":"https:\/\/eldigitaldeasturias.com\/magazine365\/","logo":{"@type":"ImageObject","url":"https:\/\/www.eldigitaldeasturias.com\/noticias\/wp-content\/uploads\/2020\/12\/EDA.jpg","@id":"https:\/\/eldigitaldeasturias.com\/magazine365\/el-harmony-of-the-seas-de-royal-caribbean-navegara-por-el-mediterraneo-a-partir-de-abril-de-2016\/#organizationLogo"},"image":{"@id":"https:\/\/eldigitaldeasturias.com\/magazine365\/el-harmony-of-the-seas-de-royal-caribbean-navegara-por-el-mediterraneo-a-partir-de-abril-de-2016\/#organizationLogo"}},{"@type":"Person","@id":"https:\/\/eldigitaldeasturias.com\/magazine365\/author\/admin\/#author","url":"https:\/\/eldigitaldeasturias.com\/magazine365\/author\/admin\/","name":"admin","image":{"@type":"ImageObject","@id":"https:\/\/eldigitaldeasturias.com\/magazine365\/el-harmony-of-the-seas-de-royal-caribbean-navegara-por-el-mediterraneo-a-partir-de-abril-de-2016\/#authorImage","url":"https:\/\/eldigitaldeasturias.com\/magazine365\/wp-content\/litespeed\/avatar\/e571bcf59a0edd6fa6838245a470f2fe.jpg?ver=1777574230","width":96,"height":96,"caption":"admin"}},{"@type":"WebPage","@id":"https:\/\/eldigitaldeasturias.com\/magazine365\/el-harmony-of-the-seas-de-royal-caribbean-navegara-por-el-mediterraneo-a-partir-de-abril-de-2016\/#webpage","url":"https:\/\/eldigitaldeasturias.com\/magazine365\/el-harmony-of-the-seas-de-royal-caribbean-navegara-por-el-mediterraneo-a-partir-de-abril-de-2016\/","name":"El \u2018Harmony of the Seas\u2019 de Royal Caribbean navegar\u00e1 por el mediterr\u00e1neo a partir de abril de 2016 | El Digital de Asturias","description":"El 'Harmony of the Seas' de Royal Caribbean ofrecer\u00e1 cruceros de siete noches por el mediterr\u00e1neo, desde Barcelona, a partir de abril de 2016, seg\u00fan ha informado la naviera en un comunicado. Adem\u00e1s, el nuevo miembro de la clase 'Oasis' de la compa\u00f1\u00eda realizar\u00e1 cruceros por el Caribe, con salida desde Fort Luaderdale (Florida), en","inLanguage":"es-ES","isPartOf":{"@id":"https:\/\/eldigitaldeasturias.com\/magazine365\/#website"},"breadcrumb":{"@id":"https:\/\/eldigitaldeasturias.com\/magazine365\/el-harmony-of-the-seas-de-royal-caribbean-navegara-por-el-mediterraneo-a-partir-de-abril-de-2016\/#breadcrumblist"},"author":{"@id":"https:\/\/eldigitaldeasturias.com\/magazine365\/author\/admin\/#author"},"creator":{"@id":"https:\/\/eldigitaldeasturias.com\/magazine365\/author\/admin\/#author"},"image":{"@type":"ImageObject","url":"https:\/\/eldigitaldeasturias.com\/magazine365\/wp-content\/uploads\/2015\/06\/fotonoticia_20150622191546_800.jpg","@id":"https:\/\/eldigitaldeasturias.com\/magazine365\/el-harmony-of-the-seas-de-royal-caribbean-navegara-por-el-mediterraneo-a-partir-de-abril-de-2016\/#mainImage","width":800,"height":495},"primaryImageOfPage":{"@id":"https:\/\/eldigitaldeasturias.com\/magazine365\/el-harmony-of-the-seas-de-royal-caribbean-navegara-por-el-mediterraneo-a-partir-de-abril-de-2016\/#mainImage"},"datePublished":"2015-06-23T17:34:14+02:00","dateModified":"2015-06-23T17:34:14+02:00"},{"@type":"WebSite","@id":"https:\/\/eldigitaldeasturias.com\/magazine365\/#website","url":"https:\/\/eldigitaldeasturias.com\/magazine365\/","name":"El Digital de Asturias","description":"Revista de ocio, turismo y estilo de vida","inLanguage":"es-ES","publisher":{"@id":"https:\/\/eldigitaldeasturias.com\/magazine365\/#organization"}}]},"og:locale":"es_ES","og:site_name":"El Digital de Asturias \u2013 Revista de ocio, turismo y estilo de vida","og:type":"article","og:title":"El \u2018Harmony of the Seas\u2019 de Royal Caribbean navegar\u00e1 por el mediterr\u00e1neo a partir de abril de 2016 | El Digital de Asturias","og:description":"El 'Harmony of the Seas' de Royal Caribbean ofrecer\u00e1 cruceros de siete noches por el mediterr\u00e1neo, desde Barcelona, a partir de abril de 2016, seg\u00fan ha informado la naviera en un comunicado. Adem\u00e1s, el nuevo miembro de la clase 'Oasis' de la compa\u00f1\u00eda realizar\u00e1 cruceros por el Caribe, con salida desde Fort Luaderdale (Florida), en","og:url":"https:\/\/eldigitaldeasturias.com\/magazine365\/el-harmony-of-the-seas-de-royal-caribbean-navegara-por-el-mediterraneo-a-partir-de-abril-de-2016\/","og:image":"https:\/\/eldigitaldeasturias.com\/magazine365\/wp-content\/uploads\/2015\/06\/fotonoticia_20150622191546_800.jpg","og:image:secure_url":"https:\/\/eldigitaldeasturias.com\/magazine365\/wp-content\/uploads\/2015\/06\/fotonoticia_20150622191546_800.jpg","og:image:width":800,"og:image:height":495,"article:published_time":"2015-06-23T16:04:14+00:00","article:modified_time":"2015-06-23T16:04:14+00:00","twitter:card":"summary_large_image","twitter:title":"El \u2018Harmony of the Seas\u2019 de Royal Caribbean navegar\u00e1 por el mediterr\u00e1neo a partir de abril de 2016 | El Digital de Asturias","twitter:description":"El 'Harmony of the Seas' de Royal Caribbean ofrecer\u00e1 cruceros de siete noches por el mediterr\u00e1neo, desde Barcelona, a partir de abril de 2016, seg\u00fan ha informado la naviera en un comunicado. Adem\u00e1s, el nuevo miembro de la clase 'Oasis' de la compa\u00f1\u00eda realizar\u00e1 cruceros por el Caribe, con salida desde Fort Luaderdale (Florida), en","twitter:image":"https:\/\/eldigitaldeasturias.com\/magazine365\/wp-content\/uploads\/2015\/06\/fotonoticia_20150622191546_800.jpg"},"aioseo_meta_data":{"post_id":"40644","title":null,"description":null,"keywords":null,"keyphrases":null,"primary_term":null,"canonical_url":null,"og_title":null,"og_description":null,"og_object_type":"default","og_image_type":"default","og_image_url":null,"og_image_width":null,"og_image_height":null,"og_image_custom_url":null,"og_image_custom_fields":null,"og_video":null,"og_custom_url":null,"og_article_section":null,"og_article_tags":null,"twitter_use_og":false,"twitter_card":"default","twitter_image_type":"default","twitter_image_url":null,"twitter_image_custom_url":null,"twitter_image_custom_fields":null,"twitter_title":null,"twitter_description":null,"schema":{"blockGraphs":[],"customGraphs":[],"default":{"data":{"Article":[],"Course":[],"Dataset":[],"FAQPage":[],"Movie":[],"Person":[],"Product":[],"ProductReview":[],"Car":[],"Recipe":[],"Service":[],"SoftwareApplication":[],"WebPage":[]},"graphName":"","isEnabled":true},"graphs":[],"defaultGraph":"","defaultPostTypeGraph":""},"schema_type":null,"schema_type_options":null,"pillar_content":false,"robots_default":true,"robots_noindex":false,"robots_noarchive":false,"robots_nosnippet":false,"robots_nofollow":false,"robots_noimageindex":false,"robots_noodp":false,"robots_notranslate":false,"robots_max_snippet":null,"robots_max_videopreview":null,"robots_max_imagepreview":"large","priority":null,"frequency":null,"location":null,"local_seo":null,"seo_analyzer_scan_date":"2025-09-19 13:57:59","breadcrumb_settings":null,"limit_modified_date":false,"open_ai":null,"ai":null,"created":"2021-03-09 02:25:54","updated":"2025-09-19 13:57:59"},"aioseo_breadcrumb":"<div class=\"aioseo-breadcrumbs\"><span class=\"aioseo-breadcrumb\">\n\t<a href=\"https:\/\/eldigitaldeasturias.com\/magazine365\" title=\"Home\">Home<\/a>\n<\/span><span class=\"aioseo-breadcrumb-separator\">\u2013<\/span><span class=\"aioseo-breadcrumb\">\n\t<a href=\"https:\/\/eldigitaldeasturias.com\/magazine365\/category\/actualidad-turismo\/\" title=\"Actualidad Turismo\">Actualidad Turismo<\/a>\n<\/span><span class=\"aioseo-breadcrumb-separator\">\u2013<\/span><span class=\"aioseo-breadcrumb\">\n\t<a href=\"https:\/\/eldigitaldeasturias.com\/magazine365\/el-harmony-of-the-seas-de-royal-caribbean-navegara-por-el-mediterraneo-a-partir-de-abril-de-2016\/\" title=\"El \u2018Harmony of the Seas\u2019 de Royal Caribbean navegar\u00e1 por el mediterr\u00e1neo a partir de abril de 2016\">El \u2018Harmony of the Seas\u2019 de Royal Caribbean navegar\u00e1 por el mediterr\u00e1neo a partir de abril de 2016<\/a>\n<\/span><\/div>","aioseo_breadcrumb_json":[{"label":"Home","link":"https:\/\/eldigitaldeasturias.com\/magazine365"},{"label":"Actualidad Turismo","link":"https:\/\/eldigitaldeasturias.com\/magazine365\/category\/actualidad-turismo\/"},{"label":"El &#8216;Harmony of the Seas&#8217; de Royal Caribbean navegar\u00e1 por el mediterr\u00e1neo a partir de abril de 2016","link":"https:\/\/eldigitaldeasturias.com\/magazine365\/el-harmony-of-the-seas-de-royal-caribbean-navegara-por-el-mediterraneo-a-partir-de-abril-de-2016\/"}],"_links":{"self":[{"href":"https:\/\/eldigitaldeasturias.com\/magazine365\/wp-json\/wp\/v2\/posts\/40644","targetHints":{"allow":["GET"]}}],"collection":[{"href":"https:\/\/eldigitaldeasturias.com\/magazine365\/wp-json\/wp\/v2\/posts"}],"about":[{"href":"https:\/\/eldigitaldeasturias.com\/magazine365\/wp-json\/wp\/v2\/types\/post"}],"author":[{"embeddable":true,"href":"https:\/\/eldigitaldeasturias.com\/magazine365\/wp-json\/wp\/v2\/users\/1"}],"replies":[{"embeddable":true,"href":"https:\/\/eldigitaldeasturias.com\/magazine365\/wp-json\/wp\/v2\/comments?post=40644"}],"version-history":[{"count":0,"href":"https:\/\/eldigitaldeasturias.com\/magazine365\/wp-json\/wp\/v2\/posts\/40644\/revisions"}],"wp:featuredmedia":[{"embeddable":true,"href":"https:\/\/eldigitaldeasturias.com\/magazine365\/wp-json\/wp\/v2\/media\/40645"}],"wp:attachment":[{"href":"https:\/\/eldigitaldeasturias.com\/magazine365\/wp-json\/wp\/v2\/media?parent=40644"}],"wp:term":[{"taxonomy":"category","embeddable":true,"href":"https:\/\/eldigitaldeasturias.com\/magazine365\/wp-json\/wp\/v2\/categories?post=40644"},{"taxonomy":"post_tag","embeddable":true,"href":"https:\/\/eldigitaldeasturias.com\/magazine365\/wp-json\/wp\/v2\/tags?post=40644"}],"curies":[{"name":"wp","href":"https:\/\/api.w.org\/{rel}","templated":true}]}}