{"id":40638,"date":"2015-06-23T17:30:33","date_gmt":"2015-06-23T16:00:33","guid":{"rendered":"http:\/\/eldigitaldeasturias.com\/magazine365\/?p=40638"},"modified":"2015-06-23T17:30:33","modified_gmt":"2015-06-23T16:00:33","slug":"edreams-odigeo-aumenta-sus-reservas-en-un-trimestre-por-primera-vez-desde-junio-de-2014","status":"publish","type":"post","link":"https:\/\/eldigitaldeasturias.com\/magazine365\/edreams-odigeo-aumenta-sus-reservas-en-un-trimestre-por-primera-vez-desde-junio-de-2014\/","title":{"rendered":"eDreams Odigeo aumenta sus reservas en un trimestre por primera vez desde junio de 2014"},"content":{"rendered":"<p><img fetchpriority=\"high\" decoding=\"async\" class=\"alignleft size-medium wp-image-40639\" src=\"https:\/\/eldigitaldeasturias.com\/magazine365\/wp-content\/uploads\/2015\/06\/fotonoticia_20150622190414_800-360x225.jpg\" alt=\"fotonoticia_20150622190414_800\" width=\"360\" height=\"225\" srcset=\"https:\/\/eldigitaldeasturias.com\/magazine365\/wp-content\/uploads\/2015\/06\/fotonoticia_20150622190414_800-360x225.jpg 360w, https:\/\/eldigitaldeasturias.com\/magazine365\/wp-content\/uploads\/2015\/06\/fotonoticia_20150622190414_800-650x405.jpg 650w, https:\/\/eldigitaldeasturias.com\/magazine365\/wp-content\/uploads\/2015\/06\/fotonoticia_20150622190414_800-768x479.jpg 768w, https:\/\/eldigitaldeasturias.com\/magazine365\/wp-content\/uploads\/2015\/06\/fotonoticia_20150622190414_800-150x94.jpg 150w, https:\/\/eldigitaldeasturias.com\/magazine365\/wp-content\/uploads\/2015\/06\/fotonoticia_20150622190414_800-450x281.jpg 450w, https:\/\/eldigitaldeasturias.com\/magazine365\/wp-content\/uploads\/2015\/06\/fotonoticia_20150622190414_800-696x434.jpg 696w, https:\/\/eldigitaldeasturias.com\/magazine365\/wp-content\/uploads\/2015\/06\/fotonoticia_20150622190414_800-673x420.jpg 673w, https:\/\/eldigitaldeasturias.com\/magazine365\/wp-content\/uploads\/2015\/06\/fotonoticia_20150622190414_800-279x173.jpg 279w, https:\/\/eldigitaldeasturias.com\/magazine365\/wp-content\/uploads\/2015\/06\/fotonoticia_20150622190414_800-480x300.jpg 480w, https:\/\/eldigitaldeasturias.com\/magazine365\/wp-content\/uploads\/2015\/06\/fotonoticia_20150622190414_800.jpg 800w\" sizes=\"(max-width: 360px) 100vw, 360px\" \/>El director financiero de eDreams Odigeo, David Elizaga, se ha mostrado hoy \u00absatisfecho\u00bb con los resultados del grupo &#8216;online&#8217; de viajes, por estar en l\u00ednea con los objetivos marcados, y ha atribuido las p\u00e9rdidas registradas al deterioro de \u00abalgunos activos\u00bb, en un a\u00f1o en el que la compa\u00f1\u00eda logr\u00f3 incrementar sus reservas por primera vez en un trimestre completo desde junio de 2014.<\/p>\n<p>eDreams Odigeo registr\u00f3 unas p\u00e9rdidas de 181,3 millones de euros en su \u00faltimo ejercicio fiscal, ocho veces m\u00e1s que los &#8216;n\u00fameros rojos&#8217; del mismo periodo anterior (21,1 millones de euros), en un a\u00f1o en el que obtuvo un beneficio ajustado de 13,4 millones de euros, frente a los 20,3 millones de un a\u00f1o antes, y un aumento del 1% de sus ingresos.<\/p>\n<p>En declaraciones a Europa Press, con motivo de la presentaci\u00f3n de sus resultados anuales, Elizaga puso en valor este \u00abcambio de tendencia\u00bb, ya que la mejora reportada en las reservas es \u00abuno de los indicadores\u00bb que muestran que la compa\u00f1\u00eda va mejor.<\/p>\n<p>\u00abEl resultado neto, a nivel comparable con el ejercicio precedente, se ha visto afectado por un cargo en la valoraci\u00f3n de algunos activos como consecuencia de una ca\u00edda del Ebitda del 24%, algo que ya se produjo en el primer trimestre coincidiendo con el cambio del algoritmo de Google\u00bb, ha explicado el directivo, que justifica as\u00ed a nivel contable, las p\u00e9rdidas reportadas de 181,3 millones.<\/p>\n<p>Elizaga indic\u00f3 que desde entonces, en un entorno distinto, eDreams Odigeo centr\u00f3 el foco tanto en la mejora de las ventas como de las reservas, que han crecido un 3%, con un aumento de los ingresos del 1%.<\/p>\n<p>Preguntado por la evoluci\u00f3n de la acci\u00f3n &#8211;hoy los t\u00edtulos de eDreams Odigeo cedieron un 11,8% en Bolsa hasta los 2,75 euros&#8211;, Elizaga se\u00f1al\u00f3 que el rol de la direcci\u00f3n de la compa\u00f1\u00eda, que debut\u00f3 en el mercado en abril de 2014, es \u00abdarle valor a los clientes e intentar que los resultados mejoren todo lo posible\u00bb.<\/p>\n<p>En su opini\u00f3n, los inversores son soberanos para decidir cuando y c\u00f3mo comprar o vender. \u00abAl final hay que valorar la evoluci\u00f3n de la acci\u00f3n no tanto por la presentaci\u00f3n de resultados sino por las perspectivas para el futuro, que tendr\u00e1n m\u00e1s peso de aqu\u00ed a dentro de seis meses\u00bb.<\/p>\n<p>PREV\u00c9 UNA MEJORA DE HASTA UN 5% DEL EBITDA.<\/p>\n<p>Para el ejercicio 2015-2016, eDreams Odigeo espera m\u00e1s de 9,7 millones de reservas, con un margen sobre ingresos de m\u00e1s de 436 millones de euros y un rango Ebitda ajustado de entre 91 y 94 millones de euros, que supondr\u00eda un aumento del 5% en su rango m\u00e1s alto.<\/p>\n<p>\u00abQueremos llegar a ese aumento del 5% del Ebitda con el mayor crecimiento de ingresos posible\u00bb, asegura Elizaga, qui\u00e9n indica que a medio plazo, dentro de su nuevo plan de acci\u00f3n estrat\u00e9gico hasta 2017, todav\u00eda no se ha marcado un objetivo expl\u00edcito.<\/p>\n<p>La compa\u00f1\u00eda ha revisado su estrategia para el desarrollo de su modelo de negocio con un plan de acci\u00f3n que girar\u00e1 en torno a seis puntos, y que ejecutar\u00e1 en dos fases. En una primera fase, aplicar\u00e1 varias medidas de optimizaci\u00f3n y, seg\u00fan vayan obteni\u00e9ndose resultados, reinvertir\u00e1 los beneficios generados en crecer.<\/p>\n<p>PLANES DE CRECIMIENTO.<\/p>\n<p>El crecimiento vendr\u00e1 determinado en su mayor parte por los mercados internacionales ya en expansi\u00f3n, tras las aperturas realizadas en los \u00faltimos 18 meses, apunt\u00f3 Elizaga, y no necesariamente por nuevas aperturas, aunque \u00abalguna habr\u00e1\u00bb.<\/p>\n<p>Dentro de su mercado &#8216;cuore&#8217;, el crecimiento en Espa\u00f1a, Francia e Italia durante el \u00faltimo ejercicio fue plano, si bien dentro de este \u00e1rea de negocio, el comportamiento en el mercado espa\u00f1ol fue \u00abmejor\u00bb que en los pa\u00edses vecinos.<\/p>\n<p>A cierre del 31 de marzo, cuenta con un flujo de caja de 122 millones de euros, un 22% m\u00e1s que la previsi\u00f3n inicial de 100 millones de euros, y ha logrado reducir su deuda neta hasta los 330 millones de euros.<\/p>\n","protected":false},"excerpt":{"rendered":"<p>El director financiero de eDreams Odigeo, David Elizaga, se ha mostrado hoy \u00absatisfecho\u00bb con los resultados del grupo &#8216;online&#8217; de viajes, por estar en l\u00ednea con los objetivos marcados, y ha atribuido las p\u00e9rdidas registradas al deterioro de \u00abalgunos activos\u00bb, en un a\u00f1o en el que la compa\u00f1\u00eda logr\u00f3 incrementar sus reservas por primera vez<\/p>\n","protected":false},"author":1,"featured_media":40639,"comment_status":"open","ping_status":"closed","sticky":false,"template":"","format":"standard","meta":{"footnotes":""},"categories":[222],"tags":[],"class_list":{"0":"post-40638","1":"post","2":"type-post","3":"status-publish","4":"format-standard","5":"has-post-thumbnail","7":"category-actualidad-turismo"},"aioseo_notices":[],"aioseo_head":"\n\t\t<!-- All in One SEO Pro 4.9.6.1 - aioseo.com -->\n\t<meta name=\"description\" content=\"El director financiero de eDreams Odigeo, David Elizaga, se ha mostrado hoy &quot;satisfecho&quot; con los resultados del grupo &#039;online&#039; de viajes, por estar en l\u00ednea con los objetivos marcados, y ha atribuido las p\u00e9rdidas registradas al deterioro de &quot;algunos activos&quot;, en un a\u00f1o en el que la compa\u00f1\u00eda logr\u00f3 incrementar sus reservas por primera vez\" \/>\n\t<meta name=\"robots\" content=\"max-image-preview:large\" \/>\n\t<meta name=\"author\" content=\"admin\"\/>\n\t<meta name=\"google-site-verification\" content=\"UA-38556648-1\" \/>\n\t<meta name=\"keywords\" content=\"actualidad turismo\" \/>\n\t<link rel=\"canonical\" href=\"https:\/\/eldigitaldeasturias.com\/magazine365\/edreams-odigeo-aumenta-sus-reservas-en-un-trimestre-por-primera-vez-desde-junio-de-2014\/\" \/>\n\t<meta name=\"generator\" content=\"All in One SEO Pro (AIOSEO) 4.9.6.1\" \/>\n\t\t<meta property=\"og:locale\" content=\"es_ES\" \/>\n\t\t<meta property=\"og:site_name\" content=\"El Digital de Asturias \u2013 Revista de ocio, turismo y estilo de vida\" \/>\n\t\t<meta property=\"og:type\" content=\"article\" \/>\n\t\t<meta property=\"og:title\" content=\"eDreams Odigeo aumenta sus reservas en un trimestre por primera vez desde junio de 2014 | El Digital de Asturias\" \/>\n\t\t<meta property=\"og:description\" content=\"El director financiero de eDreams Odigeo, David Elizaga, se ha mostrado hoy &quot;satisfecho&quot; con los resultados del grupo &#039;online&#039; de viajes, por estar en l\u00ednea con los objetivos marcados, y ha atribuido las p\u00e9rdidas registradas al deterioro de &quot;algunos activos&quot;, en un a\u00f1o en el que la compa\u00f1\u00eda logr\u00f3 incrementar sus reservas por primera vez\" \/>\n\t\t<meta property=\"og:url\" content=\"https:\/\/eldigitaldeasturias.com\/magazine365\/edreams-odigeo-aumenta-sus-reservas-en-un-trimestre-por-primera-vez-desde-junio-de-2014\/\" \/>\n\t\t<meta property=\"og:image\" content=\"https:\/\/eldigitaldeasturias.com\/magazine365\/wp-content\/uploads\/2015\/06\/fotonoticia_20150622190414_800.jpg\" \/>\n\t\t<meta property=\"og:image:secure_url\" content=\"https:\/\/eldigitaldeasturias.com\/magazine365\/wp-content\/uploads\/2015\/06\/fotonoticia_20150622190414_800.jpg\" \/>\n\t\t<meta property=\"og:image:width\" content=\"800\" \/>\n\t\t<meta property=\"og:image:height\" content=\"499\" \/>\n\t\t<meta property=\"article:published_time\" content=\"2015-06-23T16:00:33+00:00\" \/>\n\t\t<meta property=\"article:modified_time\" content=\"2015-06-23T16:00:33+00:00\" \/>\n\t\t<meta name=\"twitter:card\" content=\"summary_large_image\" \/>\n\t\t<meta name=\"twitter:title\" content=\"eDreams Odigeo aumenta sus reservas en un trimestre por primera vez desde junio de 2014 | El Digital de Asturias\" \/>\n\t\t<meta name=\"twitter:description\" content=\"El director financiero de eDreams Odigeo, David Elizaga, se ha mostrado hoy &quot;satisfecho&quot; con los resultados del grupo &#039;online&#039; de viajes, por estar en l\u00ednea con los objetivos marcados, y ha atribuido las p\u00e9rdidas registradas al deterioro de &quot;algunos activos&quot;, en un a\u00f1o en el que la compa\u00f1\u00eda logr\u00f3 incrementar sus reservas por primera vez\" \/>\n\t\t<meta name=\"twitter:image\" content=\"https:\/\/eldigitaldeasturias.com\/magazine365\/wp-content\/uploads\/2015\/06\/fotonoticia_20150622190414_800.jpg\" \/>\n\t\t<script type=\"application\/ld+json\" class=\"aioseo-schema\">\n\t\t\t{\"@context\":\"https:\\\/\\\/schema.org\",\"@graph\":[{\"@type\":\"Article\",\"@id\":\"https:\\\/\\\/eldigitaldeasturias.com\\\/magazine365\\\/edreams-odigeo-aumenta-sus-reservas-en-un-trimestre-por-primera-vez-desde-junio-de-2014\\\/#article\",\"name\":\"eDreams Odigeo aumenta sus reservas en un trimestre por primera vez desde junio de 2014 | El Digital de Asturias\",\"headline\":\"eDreams Odigeo aumenta sus reservas en un trimestre por primera vez desde junio de 2014\",\"author\":{\"@id\":\"https:\\\/\\\/eldigitaldeasturias.com\\\/magazine365\\\/author\\\/admin\\\/#author\"},\"publisher\":{\"@id\":\"https:\\\/\\\/eldigitaldeasturias.com\\\/magazine365\\\/#organization\"},\"image\":{\"@type\":\"ImageObject\",\"url\":\"https:\\\/\\\/eldigitaldeasturias.com\\\/magazine365\\\/wp-content\\\/uploads\\\/2015\\\/06\\\/fotonoticia_20150622190414_800.jpg\",\"width\":800,\"height\":499},\"datePublished\":\"2015-06-23T17:30:33+02:00\",\"dateModified\":\"2015-06-23T17:30:33+02:00\",\"inLanguage\":\"es-ES\",\"mainEntityOfPage\":{\"@id\":\"https:\\\/\\\/eldigitaldeasturias.com\\\/magazine365\\\/edreams-odigeo-aumenta-sus-reservas-en-un-trimestre-por-primera-vez-desde-junio-de-2014\\\/#webpage\"},\"isPartOf\":{\"@id\":\"https:\\\/\\\/eldigitaldeasturias.com\\\/magazine365\\\/edreams-odigeo-aumenta-sus-reservas-en-un-trimestre-por-primera-vez-desde-junio-de-2014\\\/#webpage\"},\"articleSection\":\"Actualidad Turismo\"},{\"@type\":\"BreadcrumbList\",\"@id\":\"https:\\\/\\\/eldigitaldeasturias.com\\\/magazine365\\\/edreams-odigeo-aumenta-sus-reservas-en-un-trimestre-por-primera-vez-desde-junio-de-2014\\\/#breadcrumblist\",\"itemListElement\":[{\"@type\":\"ListItem\",\"@id\":\"https:\\\/\\\/eldigitaldeasturias.com\\\/magazine365#listItem\",\"position\":1,\"name\":\"Home\",\"item\":\"https:\\\/\\\/eldigitaldeasturias.com\\\/magazine365\",\"nextItem\":{\"@type\":\"ListItem\",\"@id\":\"https:\\\/\\\/eldigitaldeasturias.com\\\/magazine365\\\/category\\\/actualidad-turismo\\\/#listItem\",\"name\":\"Actualidad Turismo\"}},{\"@type\":\"ListItem\",\"@id\":\"https:\\\/\\\/eldigitaldeasturias.com\\\/magazine365\\\/category\\\/actualidad-turismo\\\/#listItem\",\"position\":2,\"name\":\"Actualidad Turismo\",\"item\":\"https:\\\/\\\/eldigitaldeasturias.com\\\/magazine365\\\/category\\\/actualidad-turismo\\\/\",\"nextItem\":{\"@type\":\"ListItem\",\"@id\":\"https:\\\/\\\/eldigitaldeasturias.com\\\/magazine365\\\/edreams-odigeo-aumenta-sus-reservas-en-un-trimestre-por-primera-vez-desde-junio-de-2014\\\/#listItem\",\"name\":\"eDreams Odigeo aumenta sus reservas en un trimestre por primera vez desde junio de 2014\"},\"previousItem\":{\"@type\":\"ListItem\",\"@id\":\"https:\\\/\\\/eldigitaldeasturias.com\\\/magazine365#listItem\",\"name\":\"Home\"}},{\"@type\":\"ListItem\",\"@id\":\"https:\\\/\\\/eldigitaldeasturias.com\\\/magazine365\\\/edreams-odigeo-aumenta-sus-reservas-en-un-trimestre-por-primera-vez-desde-junio-de-2014\\\/#listItem\",\"position\":3,\"name\":\"eDreams Odigeo aumenta sus reservas en un trimestre por primera vez desde junio de 2014\",\"previousItem\":{\"@type\":\"ListItem\",\"@id\":\"https:\\\/\\\/eldigitaldeasturias.com\\\/magazine365\\\/category\\\/actualidad-turismo\\\/#listItem\",\"name\":\"Actualidad Turismo\"}}]},{\"@type\":\"Organization\",\"@id\":\"https:\\\/\\\/eldigitaldeasturias.com\\\/magazine365\\\/#organization\",\"name\":\"El digital de Asturias\",\"description\":\"Revista de ocio, turismo y estilo de vida\",\"url\":\"https:\\\/\\\/eldigitaldeasturias.com\\\/magazine365\\\/\",\"logo\":{\"@type\":\"ImageObject\",\"url\":\"https:\\\/\\\/www.eldigitaldeasturias.com\\\/noticias\\\/wp-content\\\/uploads\\\/2020\\\/12\\\/EDA.jpg\",\"@id\":\"https:\\\/\\\/eldigitaldeasturias.com\\\/magazine365\\\/edreams-odigeo-aumenta-sus-reservas-en-un-trimestre-por-primera-vez-desde-junio-de-2014\\\/#organizationLogo\"},\"image\":{\"@id\":\"https:\\\/\\\/eldigitaldeasturias.com\\\/magazine365\\\/edreams-odigeo-aumenta-sus-reservas-en-un-trimestre-por-primera-vez-desde-junio-de-2014\\\/#organizationLogo\"}},{\"@type\":\"Person\",\"@id\":\"https:\\\/\\\/eldigitaldeasturias.com\\\/magazine365\\\/author\\\/admin\\\/#author\",\"url\":\"https:\\\/\\\/eldigitaldeasturias.com\\\/magazine365\\\/author\\\/admin\\\/\",\"name\":\"admin\",\"image\":{\"@type\":\"ImageObject\",\"@id\":\"https:\\\/\\\/eldigitaldeasturias.com\\\/magazine365\\\/edreams-odigeo-aumenta-sus-reservas-en-un-trimestre-por-primera-vez-desde-junio-de-2014\\\/#authorImage\",\"url\":\"https:\\\/\\\/eldigitaldeasturias.com\\\/magazine365\\\/wp-content\\\/litespeed\\\/avatar\\\/e571bcf59a0edd6fa6838245a470f2fe.jpg?ver=1777574230\",\"width\":96,\"height\":96,\"caption\":\"admin\"}},{\"@type\":\"WebPage\",\"@id\":\"https:\\\/\\\/eldigitaldeasturias.com\\\/magazine365\\\/edreams-odigeo-aumenta-sus-reservas-en-un-trimestre-por-primera-vez-desde-junio-de-2014\\\/#webpage\",\"url\":\"https:\\\/\\\/eldigitaldeasturias.com\\\/magazine365\\\/edreams-odigeo-aumenta-sus-reservas-en-un-trimestre-por-primera-vez-desde-junio-de-2014\\\/\",\"name\":\"eDreams Odigeo aumenta sus reservas en un trimestre por primera vez desde junio de 2014 | El Digital de Asturias\",\"description\":\"El director financiero de eDreams Odigeo, David Elizaga, se ha mostrado hoy \\\"satisfecho\\\" con los resultados del grupo 'online' de viajes, por estar en l\\u00ednea con los objetivos marcados, y ha atribuido las p\\u00e9rdidas registradas al deterioro de \\\"algunos activos\\\", en un a\\u00f1o en el que la compa\\u00f1\\u00eda logr\\u00f3 incrementar sus reservas por primera vez\",\"inLanguage\":\"es-ES\",\"isPartOf\":{\"@id\":\"https:\\\/\\\/eldigitaldeasturias.com\\\/magazine365\\\/#website\"},\"breadcrumb\":{\"@id\":\"https:\\\/\\\/eldigitaldeasturias.com\\\/magazine365\\\/edreams-odigeo-aumenta-sus-reservas-en-un-trimestre-por-primera-vez-desde-junio-de-2014\\\/#breadcrumblist\"},\"author\":{\"@id\":\"https:\\\/\\\/eldigitaldeasturias.com\\\/magazine365\\\/author\\\/admin\\\/#author\"},\"creator\":{\"@id\":\"https:\\\/\\\/eldigitaldeasturias.com\\\/magazine365\\\/author\\\/admin\\\/#author\"},\"image\":{\"@type\":\"ImageObject\",\"url\":\"https:\\\/\\\/eldigitaldeasturias.com\\\/magazine365\\\/wp-content\\\/uploads\\\/2015\\\/06\\\/fotonoticia_20150622190414_800.jpg\",\"@id\":\"https:\\\/\\\/eldigitaldeasturias.com\\\/magazine365\\\/edreams-odigeo-aumenta-sus-reservas-en-un-trimestre-por-primera-vez-desde-junio-de-2014\\\/#mainImage\",\"width\":800,\"height\":499},\"primaryImageOfPage\":{\"@id\":\"https:\\\/\\\/eldigitaldeasturias.com\\\/magazine365\\\/edreams-odigeo-aumenta-sus-reservas-en-un-trimestre-por-primera-vez-desde-junio-de-2014\\\/#mainImage\"},\"datePublished\":\"2015-06-23T17:30:33+02:00\",\"dateModified\":\"2015-06-23T17:30:33+02:00\"},{\"@type\":\"WebSite\",\"@id\":\"https:\\\/\\\/eldigitaldeasturias.com\\\/magazine365\\\/#website\",\"url\":\"https:\\\/\\\/eldigitaldeasturias.com\\\/magazine365\\\/\",\"name\":\"El Digital de Asturias\",\"description\":\"Revista de ocio, turismo y estilo de vida\",\"inLanguage\":\"es-ES\",\"publisher\":{\"@id\":\"https:\\\/\\\/eldigitaldeasturias.com\\\/magazine365\\\/#organization\"}}]}\n\t\t<\/script>\n\t\t<!-- All in One SEO Pro -->\r\n\t\t<title>eDreams Odigeo aumenta sus reservas en un trimestre por primera vez desde junio de 2014 | El Digital de Asturias<\/title>\n\n","aioseo_head_json":{"title":"eDreams Odigeo aumenta sus reservas en un trimestre por primera vez desde junio de 2014 | El Digital de Asturias","description":"El director financiero de eDreams Odigeo, David Elizaga, se ha mostrado hoy \"satisfecho\" con los resultados del grupo 'online' de viajes, por estar en l\u00ednea con los objetivos marcados, y ha atribuido las p\u00e9rdidas registradas al deterioro de \"algunos activos\", en un a\u00f1o en el que la compa\u00f1\u00eda logr\u00f3 incrementar sus reservas por primera vez","canonical_url":"https:\/\/eldigitaldeasturias.com\/magazine365\/edreams-odigeo-aumenta-sus-reservas-en-un-trimestre-por-primera-vez-desde-junio-de-2014\/","robots":"max-image-preview:large","keywords":"actualidad turismo","webmasterTools":{"google-site-verification":"UA-38556648-1","miscellaneous":""},"schema":{"@context":"https:\/\/schema.org","@graph":[{"@type":"Article","@id":"https:\/\/eldigitaldeasturias.com\/magazine365\/edreams-odigeo-aumenta-sus-reservas-en-un-trimestre-por-primera-vez-desde-junio-de-2014\/#article","name":"eDreams Odigeo aumenta sus reservas en un trimestre por primera vez desde junio de 2014 | El Digital de Asturias","headline":"eDreams Odigeo aumenta sus reservas en un trimestre por primera vez desde junio de 2014","author":{"@id":"https:\/\/eldigitaldeasturias.com\/magazine365\/author\/admin\/#author"},"publisher":{"@id":"https:\/\/eldigitaldeasturias.com\/magazine365\/#organization"},"image":{"@type":"ImageObject","url":"https:\/\/eldigitaldeasturias.com\/magazine365\/wp-content\/uploads\/2015\/06\/fotonoticia_20150622190414_800.jpg","width":800,"height":499},"datePublished":"2015-06-23T17:30:33+02:00","dateModified":"2015-06-23T17:30:33+02:00","inLanguage":"es-ES","mainEntityOfPage":{"@id":"https:\/\/eldigitaldeasturias.com\/magazine365\/edreams-odigeo-aumenta-sus-reservas-en-un-trimestre-por-primera-vez-desde-junio-de-2014\/#webpage"},"isPartOf":{"@id":"https:\/\/eldigitaldeasturias.com\/magazine365\/edreams-odigeo-aumenta-sus-reservas-en-un-trimestre-por-primera-vez-desde-junio-de-2014\/#webpage"},"articleSection":"Actualidad Turismo"},{"@type":"BreadcrumbList","@id":"https:\/\/eldigitaldeasturias.com\/magazine365\/edreams-odigeo-aumenta-sus-reservas-en-un-trimestre-por-primera-vez-desde-junio-de-2014\/#breadcrumblist","itemListElement":[{"@type":"ListItem","@id":"https:\/\/eldigitaldeasturias.com\/magazine365#listItem","position":1,"name":"Home","item":"https:\/\/eldigitaldeasturias.com\/magazine365","nextItem":{"@type":"ListItem","@id":"https:\/\/eldigitaldeasturias.com\/magazine365\/category\/actualidad-turismo\/#listItem","name":"Actualidad Turismo"}},{"@type":"ListItem","@id":"https:\/\/eldigitaldeasturias.com\/magazine365\/category\/actualidad-turismo\/#listItem","position":2,"name":"Actualidad Turismo","item":"https:\/\/eldigitaldeasturias.com\/magazine365\/category\/actualidad-turismo\/","nextItem":{"@type":"ListItem","@id":"https:\/\/eldigitaldeasturias.com\/magazine365\/edreams-odigeo-aumenta-sus-reservas-en-un-trimestre-por-primera-vez-desde-junio-de-2014\/#listItem","name":"eDreams Odigeo aumenta sus reservas en un trimestre por primera vez desde junio de 2014"},"previousItem":{"@type":"ListItem","@id":"https:\/\/eldigitaldeasturias.com\/magazine365#listItem","name":"Home"}},{"@type":"ListItem","@id":"https:\/\/eldigitaldeasturias.com\/magazine365\/edreams-odigeo-aumenta-sus-reservas-en-un-trimestre-por-primera-vez-desde-junio-de-2014\/#listItem","position":3,"name":"eDreams Odigeo aumenta sus reservas en un trimestre por primera vez desde junio de 2014","previousItem":{"@type":"ListItem","@id":"https:\/\/eldigitaldeasturias.com\/magazine365\/category\/actualidad-turismo\/#listItem","name":"Actualidad Turismo"}}]},{"@type":"Organization","@id":"https:\/\/eldigitaldeasturias.com\/magazine365\/#organization","name":"El digital de Asturias","description":"Revista de ocio, turismo y estilo de vida","url":"https:\/\/eldigitaldeasturias.com\/magazine365\/","logo":{"@type":"ImageObject","url":"https:\/\/www.eldigitaldeasturias.com\/noticias\/wp-content\/uploads\/2020\/12\/EDA.jpg","@id":"https:\/\/eldigitaldeasturias.com\/magazine365\/edreams-odigeo-aumenta-sus-reservas-en-un-trimestre-por-primera-vez-desde-junio-de-2014\/#organizationLogo"},"image":{"@id":"https:\/\/eldigitaldeasturias.com\/magazine365\/edreams-odigeo-aumenta-sus-reservas-en-un-trimestre-por-primera-vez-desde-junio-de-2014\/#organizationLogo"}},{"@type":"Person","@id":"https:\/\/eldigitaldeasturias.com\/magazine365\/author\/admin\/#author","url":"https:\/\/eldigitaldeasturias.com\/magazine365\/author\/admin\/","name":"admin","image":{"@type":"ImageObject","@id":"https:\/\/eldigitaldeasturias.com\/magazine365\/edreams-odigeo-aumenta-sus-reservas-en-un-trimestre-por-primera-vez-desde-junio-de-2014\/#authorImage","url":"https:\/\/eldigitaldeasturias.com\/magazine365\/wp-content\/litespeed\/avatar\/e571bcf59a0edd6fa6838245a470f2fe.jpg?ver=1777574230","width":96,"height":96,"caption":"admin"}},{"@type":"WebPage","@id":"https:\/\/eldigitaldeasturias.com\/magazine365\/edreams-odigeo-aumenta-sus-reservas-en-un-trimestre-por-primera-vez-desde-junio-de-2014\/#webpage","url":"https:\/\/eldigitaldeasturias.com\/magazine365\/edreams-odigeo-aumenta-sus-reservas-en-un-trimestre-por-primera-vez-desde-junio-de-2014\/","name":"eDreams Odigeo aumenta sus reservas en un trimestre por primera vez desde junio de 2014 | El Digital de Asturias","description":"El director financiero de eDreams Odigeo, David Elizaga, se ha mostrado hoy \"satisfecho\" con los resultados del grupo 'online' de viajes, por estar en l\u00ednea con los objetivos marcados, y ha atribuido las p\u00e9rdidas registradas al deterioro de \"algunos activos\", en un a\u00f1o en el que la compa\u00f1\u00eda logr\u00f3 incrementar sus reservas por primera vez","inLanguage":"es-ES","isPartOf":{"@id":"https:\/\/eldigitaldeasturias.com\/magazine365\/#website"},"breadcrumb":{"@id":"https:\/\/eldigitaldeasturias.com\/magazine365\/edreams-odigeo-aumenta-sus-reservas-en-un-trimestre-por-primera-vez-desde-junio-de-2014\/#breadcrumblist"},"author":{"@id":"https:\/\/eldigitaldeasturias.com\/magazine365\/author\/admin\/#author"},"creator":{"@id":"https:\/\/eldigitaldeasturias.com\/magazine365\/author\/admin\/#author"},"image":{"@type":"ImageObject","url":"https:\/\/eldigitaldeasturias.com\/magazine365\/wp-content\/uploads\/2015\/06\/fotonoticia_20150622190414_800.jpg","@id":"https:\/\/eldigitaldeasturias.com\/magazine365\/edreams-odigeo-aumenta-sus-reservas-en-un-trimestre-por-primera-vez-desde-junio-de-2014\/#mainImage","width":800,"height":499},"primaryImageOfPage":{"@id":"https:\/\/eldigitaldeasturias.com\/magazine365\/edreams-odigeo-aumenta-sus-reservas-en-un-trimestre-por-primera-vez-desde-junio-de-2014\/#mainImage"},"datePublished":"2015-06-23T17:30:33+02:00","dateModified":"2015-06-23T17:30:33+02:00"},{"@type":"WebSite","@id":"https:\/\/eldigitaldeasturias.com\/magazine365\/#website","url":"https:\/\/eldigitaldeasturias.com\/magazine365\/","name":"El Digital de Asturias","description":"Revista de ocio, turismo y estilo de vida","inLanguage":"es-ES","publisher":{"@id":"https:\/\/eldigitaldeasturias.com\/magazine365\/#organization"}}]},"og:locale":"es_ES","og:site_name":"El Digital de Asturias \u2013 Revista de ocio, turismo y estilo de vida","og:type":"article","og:title":"eDreams Odigeo aumenta sus reservas en un trimestre por primera vez desde junio de 2014 | El Digital de Asturias","og:description":"El director financiero de eDreams Odigeo, David Elizaga, se ha mostrado hoy &quot;satisfecho&quot; con los resultados del grupo 'online' de viajes, por estar en l\u00ednea con los objetivos marcados, y ha atribuido las p\u00e9rdidas registradas al deterioro de &quot;algunos activos&quot;, en un a\u00f1o en el que la compa\u00f1\u00eda logr\u00f3 incrementar sus reservas por primera vez","og:url":"https:\/\/eldigitaldeasturias.com\/magazine365\/edreams-odigeo-aumenta-sus-reservas-en-un-trimestre-por-primera-vez-desde-junio-de-2014\/","og:image":"https:\/\/eldigitaldeasturias.com\/magazine365\/wp-content\/uploads\/2015\/06\/fotonoticia_20150622190414_800.jpg","og:image:secure_url":"https:\/\/eldigitaldeasturias.com\/magazine365\/wp-content\/uploads\/2015\/06\/fotonoticia_20150622190414_800.jpg","og:image:width":800,"og:image:height":499,"article:published_time":"2015-06-23T16:00:33+00:00","article:modified_time":"2015-06-23T16:00:33+00:00","twitter:card":"summary_large_image","twitter:title":"eDreams Odigeo aumenta sus reservas en un trimestre por primera vez desde junio de 2014 | El Digital de Asturias","twitter:description":"El director financiero de eDreams Odigeo, David Elizaga, se ha mostrado hoy &quot;satisfecho&quot; con los resultados del grupo 'online' de viajes, por estar en l\u00ednea con los objetivos marcados, y ha atribuido las p\u00e9rdidas registradas al deterioro de &quot;algunos activos&quot;, en un a\u00f1o en el que la compa\u00f1\u00eda logr\u00f3 incrementar sus reservas por primera vez","twitter:image":"https:\/\/eldigitaldeasturias.com\/magazine365\/wp-content\/uploads\/2015\/06\/fotonoticia_20150622190414_800.jpg"},"aioseo_meta_data":{"post_id":"40638","title":null,"description":null,"keywords":null,"keyphrases":null,"primary_term":null,"canonical_url":null,"og_title":null,"og_description":null,"og_object_type":"default","og_image_type":"default","og_image_url":null,"og_image_width":null,"og_image_height":null,"og_image_custom_url":null,"og_image_custom_fields":null,"og_video":null,"og_custom_url":null,"og_article_section":null,"og_article_tags":null,"twitter_use_og":false,"twitter_card":"default","twitter_image_type":"default","twitter_image_url":null,"twitter_image_custom_url":null,"twitter_image_custom_fields":null,"twitter_title":null,"twitter_description":null,"schema":{"blockGraphs":[],"customGraphs":[],"default":{"data":{"Article":[],"Course":[],"Dataset":[],"FAQPage":[],"Movie":[],"Person":[],"Product":[],"ProductReview":[],"Car":[],"Recipe":[],"Service":[],"SoftwareApplication":[],"WebPage":[]},"graphName":"","isEnabled":true},"graphs":[],"defaultGraph":"","defaultPostTypeGraph":""},"schema_type":null,"schema_type_options":null,"pillar_content":false,"robots_default":true,"robots_noindex":false,"robots_noarchive":false,"robots_nosnippet":false,"robots_nofollow":false,"robots_noimageindex":false,"robots_noodp":false,"robots_notranslate":false,"robots_max_snippet":null,"robots_max_videopreview":null,"robots_max_imagepreview":"large","priority":null,"frequency":null,"location":null,"local_seo":null,"seo_analyzer_scan_date":"2025-09-19 13:57:56","breadcrumb_settings":null,"limit_modified_date":false,"open_ai":null,"ai":null,"created":"2021-03-09 02:25:54","updated":"2025-09-19 13:57:56"},"aioseo_breadcrumb":"<div class=\"aioseo-breadcrumbs\"><span class=\"aioseo-breadcrumb\">\n\t<a href=\"https:\/\/eldigitaldeasturias.com\/magazine365\" title=\"Home\">Home<\/a>\n<\/span><span class=\"aioseo-breadcrumb-separator\">\u2013<\/span><span class=\"aioseo-breadcrumb\">\n\t<a href=\"https:\/\/eldigitaldeasturias.com\/magazine365\/category\/actualidad-turismo\/\" title=\"Actualidad Turismo\">Actualidad Turismo<\/a>\n<\/span><span class=\"aioseo-breadcrumb-separator\">\u2013<\/span><span class=\"aioseo-breadcrumb\">\n\t<a href=\"https:\/\/eldigitaldeasturias.com\/magazine365\/edreams-odigeo-aumenta-sus-reservas-en-un-trimestre-por-primera-vez-desde-junio-de-2014\/\" title=\"eDreams Odigeo aumenta sus reservas en un trimestre por primera vez desde junio de 2014\">eDreams Odigeo aumenta sus reservas en un trimestre por primera vez desde junio de 2014<\/a>\n<\/span><\/div>","aioseo_breadcrumb_json":[{"label":"Home","link":"https:\/\/eldigitaldeasturias.com\/magazine365"},{"label":"Actualidad Turismo","link":"https:\/\/eldigitaldeasturias.com\/magazine365\/category\/actualidad-turismo\/"},{"label":"eDreams Odigeo aumenta sus reservas en un trimestre por primera vez desde junio de 2014","link":"https:\/\/eldigitaldeasturias.com\/magazine365\/edreams-odigeo-aumenta-sus-reservas-en-un-trimestre-por-primera-vez-desde-junio-de-2014\/"}],"_links":{"self":[{"href":"https:\/\/eldigitaldeasturias.com\/magazine365\/wp-json\/wp\/v2\/posts\/40638","targetHints":{"allow":["GET"]}}],"collection":[{"href":"https:\/\/eldigitaldeasturias.com\/magazine365\/wp-json\/wp\/v2\/posts"}],"about":[{"href":"https:\/\/eldigitaldeasturias.com\/magazine365\/wp-json\/wp\/v2\/types\/post"}],"author":[{"embeddable":true,"href":"https:\/\/eldigitaldeasturias.com\/magazine365\/wp-json\/wp\/v2\/users\/1"}],"replies":[{"embeddable":true,"href":"https:\/\/eldigitaldeasturias.com\/magazine365\/wp-json\/wp\/v2\/comments?post=40638"}],"version-history":[{"count":0,"href":"https:\/\/eldigitaldeasturias.com\/magazine365\/wp-json\/wp\/v2\/posts\/40638\/revisions"}],"wp:featuredmedia":[{"embeddable":true,"href":"https:\/\/eldigitaldeasturias.com\/magazine365\/wp-json\/wp\/v2\/media\/40639"}],"wp:attachment":[{"href":"https:\/\/eldigitaldeasturias.com\/magazine365\/wp-json\/wp\/v2\/media?parent=40638"}],"wp:term":[{"taxonomy":"category","embeddable":true,"href":"https:\/\/eldigitaldeasturias.com\/magazine365\/wp-json\/wp\/v2\/categories?post=40638"},{"taxonomy":"post_tag","embeddable":true,"href":"https:\/\/eldigitaldeasturias.com\/magazine365\/wp-json\/wp\/v2\/tags?post=40638"}],"curies":[{"name":"wp","href":"https:\/\/api.w.org\/{rel}","templated":true}]}}