{"id":40635,"date":"2015-06-23T17:27:40","date_gmt":"2015-06-23T15:57:40","guid":{"rendered":"http:\/\/eldigitaldeasturias.com\/magazine365\/?p=40635"},"modified":"2015-06-23T17:27:40","modified_gmt":"2015-06-23T15:57:40","slug":"andalucia-preve-una-subida-del-10-de-ocupacion-hotelera-y-un-6-de-ventas-durante-el-mes-de-julio","status":"publish","type":"post","link":"https:\/\/eldigitaldeasturias.com\/magazine365\/andalucia-preve-una-subida-del-10-de-ocupacion-hotelera-y-un-6-de-ventas-durante-el-mes-de-julio\/","title":{"rendered":"Andaluc\u00eda prev\u00e9 una subida del 10% de ocupaci\u00f3n hotelera y un 6% de ventas durante el mes de julio"},"content":{"rendered":"<p><img fetchpriority=\"high\" decoding=\"async\" class=\"alignleft size-medium wp-image-40636\" src=\"https:\/\/eldigitaldeasturias.com\/magazine365\/wp-content\/uploads\/2015\/06\/fotonoticia_20150622185520_800-300x300.jpg\" alt=\"fotonoticia_20150622185520_800\" width=\"300\" height=\"300\" srcset=\"https:\/\/eldigitaldeasturias.com\/magazine365\/wp-content\/uploads\/2015\/06\/fotonoticia_20150622185520_800-300x300.jpg 300w, https:\/\/eldigitaldeasturias.com\/magazine365\/wp-content\/uploads\/2015\/06\/fotonoticia_20150622185520_800-640x640.jpg 640w, https:\/\/eldigitaldeasturias.com\/magazine365\/wp-content\/uploads\/2015\/06\/fotonoticia_20150622185520_800-768x768.jpg 768w, https:\/\/eldigitaldeasturias.com\/magazine365\/wp-content\/uploads\/2015\/06\/fotonoticia_20150622185520_800-150x150.jpg 150w, https:\/\/eldigitaldeasturias.com\/magazine365\/wp-content\/uploads\/2015\/06\/fotonoticia_20150622185520_800-450x450.jpg 450w, https:\/\/eldigitaldeasturias.com\/magazine365\/wp-content\/uploads\/2015\/06\/fotonoticia_20150622185520_800-696x696.jpg 696w, https:\/\/eldigitaldeasturias.com\/magazine365\/wp-content\/uploads\/2015\/06\/fotonoticia_20150622185520_800-420x420.jpg 420w, https:\/\/eldigitaldeasturias.com\/magazine365\/wp-content\/uploads\/2015\/06\/fotonoticia_20150622185520_800-50x50.jpg 50w, https:\/\/eldigitaldeasturias.com\/magazine365\/wp-content\/uploads\/2015\/06\/fotonoticia_20150622185520_800.jpg 800w\" sizes=\"(max-width: 300px) 100vw, 300px\" \/>La delegada territorial de Fomento, Vivienda, Turismo y Comercio de la Junta de Andaluc\u00eda en Huelva, Mar\u00eda Jos\u00e9 Bejarano, ha asegurado este lunes que el Gobierno andaluz prev\u00e9 una subida del 10% de ocupaci\u00f3n hotelera en la costa durante el pr\u00f3ximo mes de julio y un 6% en las ventas.<\/p>\n<p>En declaraciones a Europa Press, Bejarano ha se\u00f1alado que Huelva ser\u00eda la provincia andaluza con \u00abel mayor incremento\u00bb en la ocupaci\u00f3n respecto al a\u00f1o pasado, cuando la temporada veraniega no registr\u00f3 tan buenos datos debido a que fue un \u00abverano at\u00edpico\u00bb por las temperaturas.<\/p>\n<p>Precisamente Bejarano ha participado este lunes en la &#8216;Conferencia Euromediterr\u00e1nea. Estrategia de crecimiento y fomento del empleo&#8217;, en el edificio Las Cocheras del Puerto de Huelva, que ha reunido a m\u00e1s de 60 agentes y representantes de instituciones que act\u00faan en turismo para debatir y analizar las estrategias europeas que est\u00e1n en marcha para el desarrollo del sector tur\u00edstico costero y mar\u00edtimo y el fomento del empleo.<\/p>\n<p>En el mismo tambi\u00e9n han participado la secretaria general para el Turismo de la Consejer\u00eda de Turismo y Comercio de la Junta de Andaluc\u00eda, Amalia Rodr\u00edguez, y la presidenta del puerto, Manuela de Paz, quien ha destacado el potencial tur\u00edstico y deportivo de la r\u00eda del Odiel tras el proyecto de recuperaci\u00f3n medioambiental llevado a cabo en un tramo de cinco kil\u00f3metros de la margen izquierda del r\u00edo Odiel en Huelva, comprendido entre el Muelle de Riotinto y la Punta del Sebo con la construcci\u00f3n de una senda peatonal y el Paseo de la R\u00eda.<\/p>\n<p>A esto se suma la apuesta de la Autoridad Portuaria de Huelva por potenciar el turismo de cruceros con siete escalas previstas para este a\u00f1o y 20 para el a\u00f1o pr\u00f3ximo.<\/p>\n","protected":false},"excerpt":{"rendered":"<p>La delegada territorial de Fomento, Vivienda, Turismo y Comercio de la Junta de Andaluc\u00eda en Huelva, Mar\u00eda Jos\u00e9 Bejarano, ha asegurado este lunes que el Gobierno andaluz prev\u00e9 una subida del 10% de ocupaci\u00f3n hotelera en la costa durante el pr\u00f3ximo mes de julio y un 6% en las ventas. En declaraciones a Europa Press,<\/p>\n","protected":false},"author":1,"featured_media":40636,"comment_status":"open","ping_status":"closed","sticky":false,"template":"","format":"standard","meta":{"footnotes":""},"categories":[222],"tags":[],"class_list":{"0":"post-40635","1":"post","2":"type-post","3":"status-publish","4":"format-standard","5":"has-post-thumbnail","7":"category-actualidad-turismo"},"aioseo_notices":[],"aioseo_head":"\n\t\t<!-- All in One SEO Pro 4.9.6.1 - aioseo.com -->\n\t<meta name=\"description\" content=\"La delegada territorial de Fomento, Vivienda, Turismo y Comercio de la Junta de Andaluc\u00eda en Huelva, Mar\u00eda Jos\u00e9 Bejarano, ha asegurado este lunes que el Gobierno andaluz prev\u00e9 una subida del 10% de ocupaci\u00f3n hotelera en la costa durante el pr\u00f3ximo mes de julio y un 6% en las ventas. En declaraciones a Europa Press,\" \/>\n\t<meta name=\"robots\" content=\"max-image-preview:large\" \/>\n\t<meta name=\"author\" content=\"admin\"\/>\n\t<meta name=\"google-site-verification\" content=\"UA-38556648-1\" \/>\n\t<meta name=\"keywords\" content=\"actualidad turismo\" \/>\n\t<link rel=\"canonical\" href=\"https:\/\/eldigitaldeasturias.com\/magazine365\/andalucia-preve-una-subida-del-10-de-ocupacion-hotelera-y-un-6-de-ventas-durante-el-mes-de-julio\/\" \/>\n\t<meta name=\"generator\" content=\"All in One SEO Pro (AIOSEO) 4.9.6.1\" \/>\n\t\t<meta property=\"og:locale\" content=\"es_ES\" \/>\n\t\t<meta property=\"og:site_name\" content=\"El Digital de Asturias \u2013 Revista de ocio, turismo y estilo de vida\" \/>\n\t\t<meta property=\"og:type\" content=\"article\" \/>\n\t\t<meta property=\"og:title\" content=\"Andaluc\u00eda prev\u00e9 una subida del 10% de ocupaci\u00f3n hotelera y un 6% de ventas durante el mes de julio | El Digital de Asturias\" \/>\n\t\t<meta property=\"og:description\" content=\"La delegada territorial de Fomento, Vivienda, Turismo y Comercio de la Junta de Andaluc\u00eda en Huelva, Mar\u00eda Jos\u00e9 Bejarano, ha asegurado este lunes que el Gobierno andaluz prev\u00e9 una subida del 10% de ocupaci\u00f3n hotelera en la costa durante el pr\u00f3ximo mes de julio y un 6% en las ventas. En declaraciones a Europa Press,\" \/>\n\t\t<meta property=\"og:url\" content=\"https:\/\/eldigitaldeasturias.com\/magazine365\/andalucia-preve-una-subida-del-10-de-ocupacion-hotelera-y-un-6-de-ventas-durante-el-mes-de-julio\/\" \/>\n\t\t<meta property=\"og:image\" content=\"https:\/\/eldigitaldeasturias.com\/magazine365\/wp-content\/uploads\/2015\/06\/fotonoticia_20150622185520_800.jpg\" \/>\n\t\t<meta property=\"og:image:secure_url\" content=\"https:\/\/eldigitaldeasturias.com\/magazine365\/wp-content\/uploads\/2015\/06\/fotonoticia_20150622185520_800.jpg\" \/>\n\t\t<meta property=\"og:image:width\" content=\"800\" \/>\n\t\t<meta property=\"og:image:height\" content=\"800\" \/>\n\t\t<meta property=\"article:published_time\" content=\"2015-06-23T15:57:40+00:00\" \/>\n\t\t<meta property=\"article:modified_time\" content=\"2015-06-23T15:57:40+00:00\" \/>\n\t\t<meta name=\"twitter:card\" content=\"summary_large_image\" \/>\n\t\t<meta name=\"twitter:title\" content=\"Andaluc\u00eda prev\u00e9 una subida del 10% de ocupaci\u00f3n hotelera y un 6% de ventas durante el mes de julio | El Digital de Asturias\" \/>\n\t\t<meta name=\"twitter:description\" content=\"La delegada territorial de Fomento, Vivienda, Turismo y Comercio de la Junta de Andaluc\u00eda en Huelva, Mar\u00eda Jos\u00e9 Bejarano, ha asegurado este lunes que el Gobierno andaluz prev\u00e9 una subida del 10% de ocupaci\u00f3n hotelera en la costa durante el pr\u00f3ximo mes de julio y un 6% en las ventas. En declaraciones a Europa Press,\" \/>\n\t\t<meta name=\"twitter:image\" content=\"https:\/\/eldigitaldeasturias.com\/magazine365\/wp-content\/uploads\/2015\/06\/fotonoticia_20150622185520_800.jpg\" \/>\n\t\t<script type=\"application\/ld+json\" class=\"aioseo-schema\">\n\t\t\t{\"@context\":\"https:\\\/\\\/schema.org\",\"@graph\":[{\"@type\":\"Article\",\"@id\":\"https:\\\/\\\/eldigitaldeasturias.com\\\/magazine365\\\/andalucia-preve-una-subida-del-10-de-ocupacion-hotelera-y-un-6-de-ventas-durante-el-mes-de-julio\\\/#article\",\"name\":\"Andaluc\\u00eda prev\\u00e9 una subida del 10% de ocupaci\\u00f3n hotelera y un 6% de ventas durante el mes de julio | El Digital de Asturias\",\"headline\":\"Andaluc\\u00eda prev\\u00e9 una subida del 10% de ocupaci\\u00f3n hotelera y un 6% de ventas durante el mes de julio\",\"author\":{\"@id\":\"https:\\\/\\\/eldigitaldeasturias.com\\\/magazine365\\\/author\\\/admin\\\/#author\"},\"publisher\":{\"@id\":\"https:\\\/\\\/eldigitaldeasturias.com\\\/magazine365\\\/#organization\"},\"image\":{\"@type\":\"ImageObject\",\"url\":\"https:\\\/\\\/eldigitaldeasturias.com\\\/magazine365\\\/wp-content\\\/uploads\\\/2015\\\/06\\\/fotonoticia_20150622185520_800.jpg\",\"width\":800,\"height\":800},\"datePublished\":\"2015-06-23T17:27:40+02:00\",\"dateModified\":\"2015-06-23T17:27:40+02:00\",\"inLanguage\":\"es-ES\",\"mainEntityOfPage\":{\"@id\":\"https:\\\/\\\/eldigitaldeasturias.com\\\/magazine365\\\/andalucia-preve-una-subida-del-10-de-ocupacion-hotelera-y-un-6-de-ventas-durante-el-mes-de-julio\\\/#webpage\"},\"isPartOf\":{\"@id\":\"https:\\\/\\\/eldigitaldeasturias.com\\\/magazine365\\\/andalucia-preve-una-subida-del-10-de-ocupacion-hotelera-y-un-6-de-ventas-durante-el-mes-de-julio\\\/#webpage\"},\"articleSection\":\"Actualidad Turismo\"},{\"@type\":\"BreadcrumbList\",\"@id\":\"https:\\\/\\\/eldigitaldeasturias.com\\\/magazine365\\\/andalucia-preve-una-subida-del-10-de-ocupacion-hotelera-y-un-6-de-ventas-durante-el-mes-de-julio\\\/#breadcrumblist\",\"itemListElement\":[{\"@type\":\"ListItem\",\"@id\":\"https:\\\/\\\/eldigitaldeasturias.com\\\/magazine365#listItem\",\"position\":1,\"name\":\"Home\",\"item\":\"https:\\\/\\\/eldigitaldeasturias.com\\\/magazine365\",\"nextItem\":{\"@type\":\"ListItem\",\"@id\":\"https:\\\/\\\/eldigitaldeasturias.com\\\/magazine365\\\/category\\\/actualidad-turismo\\\/#listItem\",\"name\":\"Actualidad Turismo\"}},{\"@type\":\"ListItem\",\"@id\":\"https:\\\/\\\/eldigitaldeasturias.com\\\/magazine365\\\/category\\\/actualidad-turismo\\\/#listItem\",\"position\":2,\"name\":\"Actualidad Turismo\",\"item\":\"https:\\\/\\\/eldigitaldeasturias.com\\\/magazine365\\\/category\\\/actualidad-turismo\\\/\",\"nextItem\":{\"@type\":\"ListItem\",\"@id\":\"https:\\\/\\\/eldigitaldeasturias.com\\\/magazine365\\\/andalucia-preve-una-subida-del-10-de-ocupacion-hotelera-y-un-6-de-ventas-durante-el-mes-de-julio\\\/#listItem\",\"name\":\"Andaluc\\u00eda prev\\u00e9 una subida del 10% de ocupaci\\u00f3n hotelera y un 6% de ventas durante el mes de julio\"},\"previousItem\":{\"@type\":\"ListItem\",\"@id\":\"https:\\\/\\\/eldigitaldeasturias.com\\\/magazine365#listItem\",\"name\":\"Home\"}},{\"@type\":\"ListItem\",\"@id\":\"https:\\\/\\\/eldigitaldeasturias.com\\\/magazine365\\\/andalucia-preve-una-subida-del-10-de-ocupacion-hotelera-y-un-6-de-ventas-durante-el-mes-de-julio\\\/#listItem\",\"position\":3,\"name\":\"Andaluc\\u00eda prev\\u00e9 una subida del 10% de ocupaci\\u00f3n hotelera y un 6% de ventas durante el mes de julio\",\"previousItem\":{\"@type\":\"ListItem\",\"@id\":\"https:\\\/\\\/eldigitaldeasturias.com\\\/magazine365\\\/category\\\/actualidad-turismo\\\/#listItem\",\"name\":\"Actualidad Turismo\"}}]},{\"@type\":\"Organization\",\"@id\":\"https:\\\/\\\/eldigitaldeasturias.com\\\/magazine365\\\/#organization\",\"name\":\"El digital de Asturias\",\"description\":\"Revista de ocio, turismo y estilo de vida\",\"url\":\"https:\\\/\\\/eldigitaldeasturias.com\\\/magazine365\\\/\",\"logo\":{\"@type\":\"ImageObject\",\"url\":\"https:\\\/\\\/www.eldigitaldeasturias.com\\\/noticias\\\/wp-content\\\/uploads\\\/2020\\\/12\\\/EDA.jpg\",\"@id\":\"https:\\\/\\\/eldigitaldeasturias.com\\\/magazine365\\\/andalucia-preve-una-subida-del-10-de-ocupacion-hotelera-y-un-6-de-ventas-durante-el-mes-de-julio\\\/#organizationLogo\"},\"image\":{\"@id\":\"https:\\\/\\\/eldigitaldeasturias.com\\\/magazine365\\\/andalucia-preve-una-subida-del-10-de-ocupacion-hotelera-y-un-6-de-ventas-durante-el-mes-de-julio\\\/#organizationLogo\"}},{\"@type\":\"Person\",\"@id\":\"https:\\\/\\\/eldigitaldeasturias.com\\\/magazine365\\\/author\\\/admin\\\/#author\",\"url\":\"https:\\\/\\\/eldigitaldeasturias.com\\\/magazine365\\\/author\\\/admin\\\/\",\"name\":\"admin\",\"image\":{\"@type\":\"ImageObject\",\"@id\":\"https:\\\/\\\/eldigitaldeasturias.com\\\/magazine365\\\/andalucia-preve-una-subida-del-10-de-ocupacion-hotelera-y-un-6-de-ventas-durante-el-mes-de-julio\\\/#authorImage\",\"url\":\"https:\\\/\\\/eldigitaldeasturias.com\\\/magazine365\\\/wp-content\\\/litespeed\\\/avatar\\\/e571bcf59a0edd6fa6838245a470f2fe.jpg?ver=1777574230\",\"width\":96,\"height\":96,\"caption\":\"admin\"}},{\"@type\":\"WebPage\",\"@id\":\"https:\\\/\\\/eldigitaldeasturias.com\\\/magazine365\\\/andalucia-preve-una-subida-del-10-de-ocupacion-hotelera-y-un-6-de-ventas-durante-el-mes-de-julio\\\/#webpage\",\"url\":\"https:\\\/\\\/eldigitaldeasturias.com\\\/magazine365\\\/andalucia-preve-una-subida-del-10-de-ocupacion-hotelera-y-un-6-de-ventas-durante-el-mes-de-julio\\\/\",\"name\":\"Andaluc\\u00eda prev\\u00e9 una subida del 10% de ocupaci\\u00f3n hotelera y un 6% de ventas durante el mes de julio | El Digital de Asturias\",\"description\":\"La delegada territorial de Fomento, Vivienda, Turismo y Comercio de la Junta de Andaluc\\u00eda en Huelva, Mar\\u00eda Jos\\u00e9 Bejarano, ha asegurado este lunes que el Gobierno andaluz prev\\u00e9 una subida del 10% de ocupaci\\u00f3n hotelera en la costa durante el pr\\u00f3ximo mes de julio y un 6% en las ventas. En declaraciones a Europa Press,\",\"inLanguage\":\"es-ES\",\"isPartOf\":{\"@id\":\"https:\\\/\\\/eldigitaldeasturias.com\\\/magazine365\\\/#website\"},\"breadcrumb\":{\"@id\":\"https:\\\/\\\/eldigitaldeasturias.com\\\/magazine365\\\/andalucia-preve-una-subida-del-10-de-ocupacion-hotelera-y-un-6-de-ventas-durante-el-mes-de-julio\\\/#breadcrumblist\"},\"author\":{\"@id\":\"https:\\\/\\\/eldigitaldeasturias.com\\\/magazine365\\\/author\\\/admin\\\/#author\"},\"creator\":{\"@id\":\"https:\\\/\\\/eldigitaldeasturias.com\\\/magazine365\\\/author\\\/admin\\\/#author\"},\"image\":{\"@type\":\"ImageObject\",\"url\":\"https:\\\/\\\/eldigitaldeasturias.com\\\/magazine365\\\/wp-content\\\/uploads\\\/2015\\\/06\\\/fotonoticia_20150622185520_800.jpg\",\"@id\":\"https:\\\/\\\/eldigitaldeasturias.com\\\/magazine365\\\/andalucia-preve-una-subida-del-10-de-ocupacion-hotelera-y-un-6-de-ventas-durante-el-mes-de-julio\\\/#mainImage\",\"width\":800,\"height\":800},\"primaryImageOfPage\":{\"@id\":\"https:\\\/\\\/eldigitaldeasturias.com\\\/magazine365\\\/andalucia-preve-una-subida-del-10-de-ocupacion-hotelera-y-un-6-de-ventas-durante-el-mes-de-julio\\\/#mainImage\"},\"datePublished\":\"2015-06-23T17:27:40+02:00\",\"dateModified\":\"2015-06-23T17:27:40+02:00\"},{\"@type\":\"WebSite\",\"@id\":\"https:\\\/\\\/eldigitaldeasturias.com\\\/magazine365\\\/#website\",\"url\":\"https:\\\/\\\/eldigitaldeasturias.com\\\/magazine365\\\/\",\"name\":\"El Digital de Asturias\",\"description\":\"Revista de ocio, turismo y estilo de vida\",\"inLanguage\":\"es-ES\",\"publisher\":{\"@id\":\"https:\\\/\\\/eldigitaldeasturias.com\\\/magazine365\\\/#organization\"}}]}\n\t\t<\/script>\n\t\t<!-- All in One SEO Pro -->\r\n\t\t<title>Andaluc\u00eda prev\u00e9 una subida del 10% de ocupaci\u00f3n hotelera y un 6% de ventas durante el mes de julio | El Digital de Asturias<\/title>\n\n","aioseo_head_json":{"title":"Andaluc\u00eda prev\u00e9 una subida del 10% de ocupaci\u00f3n hotelera y un 6% de ventas durante el mes de julio | El Digital de Asturias","description":"La delegada territorial de Fomento, Vivienda, Turismo y Comercio de la Junta de Andaluc\u00eda en Huelva, Mar\u00eda Jos\u00e9 Bejarano, ha asegurado este lunes que el Gobierno andaluz prev\u00e9 una subida del 10% de ocupaci\u00f3n hotelera en la costa durante el pr\u00f3ximo mes de julio y un 6% en las ventas. En declaraciones a Europa Press,","canonical_url":"https:\/\/eldigitaldeasturias.com\/magazine365\/andalucia-preve-una-subida-del-10-de-ocupacion-hotelera-y-un-6-de-ventas-durante-el-mes-de-julio\/","robots":"max-image-preview:large","keywords":"actualidad turismo","webmasterTools":{"google-site-verification":"UA-38556648-1","miscellaneous":""},"schema":{"@context":"https:\/\/schema.org","@graph":[{"@type":"Article","@id":"https:\/\/eldigitaldeasturias.com\/magazine365\/andalucia-preve-una-subida-del-10-de-ocupacion-hotelera-y-un-6-de-ventas-durante-el-mes-de-julio\/#article","name":"Andaluc\u00eda prev\u00e9 una subida del 10% de ocupaci\u00f3n hotelera y un 6% de ventas durante el mes de julio | El Digital de Asturias","headline":"Andaluc\u00eda prev\u00e9 una subida del 10% de ocupaci\u00f3n hotelera y un 6% de ventas durante el mes de julio","author":{"@id":"https:\/\/eldigitaldeasturias.com\/magazine365\/author\/admin\/#author"},"publisher":{"@id":"https:\/\/eldigitaldeasturias.com\/magazine365\/#organization"},"image":{"@type":"ImageObject","url":"https:\/\/eldigitaldeasturias.com\/magazine365\/wp-content\/uploads\/2015\/06\/fotonoticia_20150622185520_800.jpg","width":800,"height":800},"datePublished":"2015-06-23T17:27:40+02:00","dateModified":"2015-06-23T17:27:40+02:00","inLanguage":"es-ES","mainEntityOfPage":{"@id":"https:\/\/eldigitaldeasturias.com\/magazine365\/andalucia-preve-una-subida-del-10-de-ocupacion-hotelera-y-un-6-de-ventas-durante-el-mes-de-julio\/#webpage"},"isPartOf":{"@id":"https:\/\/eldigitaldeasturias.com\/magazine365\/andalucia-preve-una-subida-del-10-de-ocupacion-hotelera-y-un-6-de-ventas-durante-el-mes-de-julio\/#webpage"},"articleSection":"Actualidad Turismo"},{"@type":"BreadcrumbList","@id":"https:\/\/eldigitaldeasturias.com\/magazine365\/andalucia-preve-una-subida-del-10-de-ocupacion-hotelera-y-un-6-de-ventas-durante-el-mes-de-julio\/#breadcrumblist","itemListElement":[{"@type":"ListItem","@id":"https:\/\/eldigitaldeasturias.com\/magazine365#listItem","position":1,"name":"Home","item":"https:\/\/eldigitaldeasturias.com\/magazine365","nextItem":{"@type":"ListItem","@id":"https:\/\/eldigitaldeasturias.com\/magazine365\/category\/actualidad-turismo\/#listItem","name":"Actualidad Turismo"}},{"@type":"ListItem","@id":"https:\/\/eldigitaldeasturias.com\/magazine365\/category\/actualidad-turismo\/#listItem","position":2,"name":"Actualidad Turismo","item":"https:\/\/eldigitaldeasturias.com\/magazine365\/category\/actualidad-turismo\/","nextItem":{"@type":"ListItem","@id":"https:\/\/eldigitaldeasturias.com\/magazine365\/andalucia-preve-una-subida-del-10-de-ocupacion-hotelera-y-un-6-de-ventas-durante-el-mes-de-julio\/#listItem","name":"Andaluc\u00eda prev\u00e9 una subida del 10% de ocupaci\u00f3n hotelera y un 6% de ventas durante el mes de julio"},"previousItem":{"@type":"ListItem","@id":"https:\/\/eldigitaldeasturias.com\/magazine365#listItem","name":"Home"}},{"@type":"ListItem","@id":"https:\/\/eldigitaldeasturias.com\/magazine365\/andalucia-preve-una-subida-del-10-de-ocupacion-hotelera-y-un-6-de-ventas-durante-el-mes-de-julio\/#listItem","position":3,"name":"Andaluc\u00eda prev\u00e9 una subida del 10% de ocupaci\u00f3n hotelera y un 6% de ventas durante el mes de julio","previousItem":{"@type":"ListItem","@id":"https:\/\/eldigitaldeasturias.com\/magazine365\/category\/actualidad-turismo\/#listItem","name":"Actualidad Turismo"}}]},{"@type":"Organization","@id":"https:\/\/eldigitaldeasturias.com\/magazine365\/#organization","name":"El digital de Asturias","description":"Revista de ocio, turismo y estilo de vida","url":"https:\/\/eldigitaldeasturias.com\/magazine365\/","logo":{"@type":"ImageObject","url":"https:\/\/www.eldigitaldeasturias.com\/noticias\/wp-content\/uploads\/2020\/12\/EDA.jpg","@id":"https:\/\/eldigitaldeasturias.com\/magazine365\/andalucia-preve-una-subida-del-10-de-ocupacion-hotelera-y-un-6-de-ventas-durante-el-mes-de-julio\/#organizationLogo"},"image":{"@id":"https:\/\/eldigitaldeasturias.com\/magazine365\/andalucia-preve-una-subida-del-10-de-ocupacion-hotelera-y-un-6-de-ventas-durante-el-mes-de-julio\/#organizationLogo"}},{"@type":"Person","@id":"https:\/\/eldigitaldeasturias.com\/magazine365\/author\/admin\/#author","url":"https:\/\/eldigitaldeasturias.com\/magazine365\/author\/admin\/","name":"admin","image":{"@type":"ImageObject","@id":"https:\/\/eldigitaldeasturias.com\/magazine365\/andalucia-preve-una-subida-del-10-de-ocupacion-hotelera-y-un-6-de-ventas-durante-el-mes-de-julio\/#authorImage","url":"https:\/\/eldigitaldeasturias.com\/magazine365\/wp-content\/litespeed\/avatar\/e571bcf59a0edd6fa6838245a470f2fe.jpg?ver=1777574230","width":96,"height":96,"caption":"admin"}},{"@type":"WebPage","@id":"https:\/\/eldigitaldeasturias.com\/magazine365\/andalucia-preve-una-subida-del-10-de-ocupacion-hotelera-y-un-6-de-ventas-durante-el-mes-de-julio\/#webpage","url":"https:\/\/eldigitaldeasturias.com\/magazine365\/andalucia-preve-una-subida-del-10-de-ocupacion-hotelera-y-un-6-de-ventas-durante-el-mes-de-julio\/","name":"Andaluc\u00eda prev\u00e9 una subida del 10% de ocupaci\u00f3n hotelera y un 6% de ventas durante el mes de julio | El Digital de Asturias","description":"La delegada territorial de Fomento, Vivienda, Turismo y Comercio de la Junta de Andaluc\u00eda en Huelva, Mar\u00eda Jos\u00e9 Bejarano, ha asegurado este lunes que el Gobierno andaluz prev\u00e9 una subida del 10% de ocupaci\u00f3n hotelera en la costa durante el pr\u00f3ximo mes de julio y un 6% en las ventas. En declaraciones a Europa Press,","inLanguage":"es-ES","isPartOf":{"@id":"https:\/\/eldigitaldeasturias.com\/magazine365\/#website"},"breadcrumb":{"@id":"https:\/\/eldigitaldeasturias.com\/magazine365\/andalucia-preve-una-subida-del-10-de-ocupacion-hotelera-y-un-6-de-ventas-durante-el-mes-de-julio\/#breadcrumblist"},"author":{"@id":"https:\/\/eldigitaldeasturias.com\/magazine365\/author\/admin\/#author"},"creator":{"@id":"https:\/\/eldigitaldeasturias.com\/magazine365\/author\/admin\/#author"},"image":{"@type":"ImageObject","url":"https:\/\/eldigitaldeasturias.com\/magazine365\/wp-content\/uploads\/2015\/06\/fotonoticia_20150622185520_800.jpg","@id":"https:\/\/eldigitaldeasturias.com\/magazine365\/andalucia-preve-una-subida-del-10-de-ocupacion-hotelera-y-un-6-de-ventas-durante-el-mes-de-julio\/#mainImage","width":800,"height":800},"primaryImageOfPage":{"@id":"https:\/\/eldigitaldeasturias.com\/magazine365\/andalucia-preve-una-subida-del-10-de-ocupacion-hotelera-y-un-6-de-ventas-durante-el-mes-de-julio\/#mainImage"},"datePublished":"2015-06-23T17:27:40+02:00","dateModified":"2015-06-23T17:27:40+02:00"},{"@type":"WebSite","@id":"https:\/\/eldigitaldeasturias.com\/magazine365\/#website","url":"https:\/\/eldigitaldeasturias.com\/magazine365\/","name":"El Digital de Asturias","description":"Revista de ocio, turismo y estilo de vida","inLanguage":"es-ES","publisher":{"@id":"https:\/\/eldigitaldeasturias.com\/magazine365\/#organization"}}]},"og:locale":"es_ES","og:site_name":"El Digital de Asturias \u2013 Revista de ocio, turismo y estilo de vida","og:type":"article","og:title":"Andaluc\u00eda prev\u00e9 una subida del 10% de ocupaci\u00f3n hotelera y un 6% de ventas durante el mes de julio | El Digital de Asturias","og:description":"La delegada territorial de Fomento, Vivienda, Turismo y Comercio de la Junta de Andaluc\u00eda en Huelva, Mar\u00eda Jos\u00e9 Bejarano, ha asegurado este lunes que el Gobierno andaluz prev\u00e9 una subida del 10% de ocupaci\u00f3n hotelera en la costa durante el pr\u00f3ximo mes de julio y un 6% en las ventas. En declaraciones a Europa Press,","og:url":"https:\/\/eldigitaldeasturias.com\/magazine365\/andalucia-preve-una-subida-del-10-de-ocupacion-hotelera-y-un-6-de-ventas-durante-el-mes-de-julio\/","og:image":"https:\/\/eldigitaldeasturias.com\/magazine365\/wp-content\/uploads\/2015\/06\/fotonoticia_20150622185520_800.jpg","og:image:secure_url":"https:\/\/eldigitaldeasturias.com\/magazine365\/wp-content\/uploads\/2015\/06\/fotonoticia_20150622185520_800.jpg","og:image:width":800,"og:image:height":800,"article:published_time":"2015-06-23T15:57:40+00:00","article:modified_time":"2015-06-23T15:57:40+00:00","twitter:card":"summary_large_image","twitter:title":"Andaluc\u00eda prev\u00e9 una subida del 10% de ocupaci\u00f3n hotelera y un 6% de ventas durante el mes de julio | El Digital de Asturias","twitter:description":"La delegada territorial de Fomento, Vivienda, Turismo y Comercio de la Junta de Andaluc\u00eda en Huelva, Mar\u00eda Jos\u00e9 Bejarano, ha asegurado este lunes que el Gobierno andaluz prev\u00e9 una subida del 10% de ocupaci\u00f3n hotelera en la costa durante el pr\u00f3ximo mes de julio y un 6% en las ventas. En declaraciones a Europa Press,","twitter:image":"https:\/\/eldigitaldeasturias.com\/magazine365\/wp-content\/uploads\/2015\/06\/fotonoticia_20150622185520_800.jpg"},"aioseo_meta_data":{"post_id":"40635","title":null,"description":null,"keywords":null,"keyphrases":null,"primary_term":null,"canonical_url":null,"og_title":null,"og_description":null,"og_object_type":"default","og_image_type":"default","og_image_url":null,"og_image_width":null,"og_image_height":null,"og_image_custom_url":null,"og_image_custom_fields":null,"og_video":null,"og_custom_url":null,"og_article_section":null,"og_article_tags":null,"twitter_use_og":false,"twitter_card":"default","twitter_image_type":"default","twitter_image_url":null,"twitter_image_custom_url":null,"twitter_image_custom_fields":null,"twitter_title":null,"twitter_description":null,"schema":{"blockGraphs":[],"customGraphs":[],"default":{"data":{"Article":[],"Course":[],"Dataset":[],"FAQPage":[],"Movie":[],"Person":[],"Product":[],"ProductReview":[],"Car":[],"Recipe":[],"Service":[],"SoftwareApplication":[],"WebPage":[]},"graphName":"","isEnabled":true},"graphs":[],"defaultGraph":"","defaultPostTypeGraph":""},"schema_type":null,"schema_type_options":null,"pillar_content":false,"robots_default":true,"robots_noindex":false,"robots_noarchive":false,"robots_nosnippet":false,"robots_nofollow":false,"robots_noimageindex":false,"robots_noodp":false,"robots_notranslate":false,"robots_max_snippet":null,"robots_max_videopreview":null,"robots_max_imagepreview":"large","priority":null,"frequency":null,"location":null,"local_seo":null,"seo_analyzer_scan_date":"2025-09-19 13:57:55","breadcrumb_settings":null,"limit_modified_date":false,"open_ai":null,"ai":null,"created":"2021-03-09 02:25:54","updated":"2025-09-19 13:57:55"},"aioseo_breadcrumb":"<div class=\"aioseo-breadcrumbs\"><span class=\"aioseo-breadcrumb\">\n\t<a href=\"https:\/\/eldigitaldeasturias.com\/magazine365\" title=\"Home\">Home<\/a>\n<\/span><span class=\"aioseo-breadcrumb-separator\">\u2013<\/span><span class=\"aioseo-breadcrumb\">\n\t<a href=\"https:\/\/eldigitaldeasturias.com\/magazine365\/category\/actualidad-turismo\/\" title=\"Actualidad Turismo\">Actualidad Turismo<\/a>\n<\/span><span class=\"aioseo-breadcrumb-separator\">\u2013<\/span><span class=\"aioseo-breadcrumb\">\n\t<a href=\"https:\/\/eldigitaldeasturias.com\/magazine365\/andalucia-preve-una-subida-del-10-de-ocupacion-hotelera-y-un-6-de-ventas-durante-el-mes-de-julio\/\" title=\"Andaluc\u00eda prev\u00e9 una subida del 10% de ocupaci\u00f3n hotelera y un 6% de ventas durante el mes de julio\">Andaluc\u00eda prev\u00e9 una subida del 10% de ocupaci\u00f3n hotelera y un 6% de ventas durante el mes de julio<\/a>\n<\/span><\/div>","aioseo_breadcrumb_json":[{"label":"Home","link":"https:\/\/eldigitaldeasturias.com\/magazine365"},{"label":"Actualidad Turismo","link":"https:\/\/eldigitaldeasturias.com\/magazine365\/category\/actualidad-turismo\/"},{"label":"Andaluc\u00eda prev\u00e9 una subida del 10% de ocupaci\u00f3n hotelera y un 6% de ventas durante el mes de julio","link":"https:\/\/eldigitaldeasturias.com\/magazine365\/andalucia-preve-una-subida-del-10-de-ocupacion-hotelera-y-un-6-de-ventas-durante-el-mes-de-julio\/"}],"_links":{"self":[{"href":"https:\/\/eldigitaldeasturias.com\/magazine365\/wp-json\/wp\/v2\/posts\/40635","targetHints":{"allow":["GET"]}}],"collection":[{"href":"https:\/\/eldigitaldeasturias.com\/magazine365\/wp-json\/wp\/v2\/posts"}],"about":[{"href":"https:\/\/eldigitaldeasturias.com\/magazine365\/wp-json\/wp\/v2\/types\/post"}],"author":[{"embeddable":true,"href":"https:\/\/eldigitaldeasturias.com\/magazine365\/wp-json\/wp\/v2\/users\/1"}],"replies":[{"embeddable":true,"href":"https:\/\/eldigitaldeasturias.com\/magazine365\/wp-json\/wp\/v2\/comments?post=40635"}],"version-history":[{"count":0,"href":"https:\/\/eldigitaldeasturias.com\/magazine365\/wp-json\/wp\/v2\/posts\/40635\/revisions"}],"wp:featuredmedia":[{"embeddable":true,"href":"https:\/\/eldigitaldeasturias.com\/magazine365\/wp-json\/wp\/v2\/media\/40636"}],"wp:attachment":[{"href":"https:\/\/eldigitaldeasturias.com\/magazine365\/wp-json\/wp\/v2\/media?parent=40635"}],"wp:term":[{"taxonomy":"category","embeddable":true,"href":"https:\/\/eldigitaldeasturias.com\/magazine365\/wp-json\/wp\/v2\/categories?post=40635"},{"taxonomy":"post_tag","embeddable":true,"href":"https:\/\/eldigitaldeasturias.com\/magazine365\/wp-json\/wp\/v2\/tags?post=40635"}],"curies":[{"name":"wp","href":"https:\/\/api.w.org\/{rel}","templated":true}]}}