{"id":40632,"date":"2015-06-23T17:24:19","date_gmt":"2015-06-23T15:54:19","guid":{"rendered":"http:\/\/eldigitaldeasturias.com\/magazine365\/?p=40632"},"modified":"2015-06-23T17:24:19","modified_gmt":"2015-06-23T15:54:19","slug":"la-suspension-de-la-subasta-del-aeropuerto-de-ciudad-real-genera-un-conflicto-entre-concursales-juzgado-y-una-empresa","status":"publish","type":"post","link":"https:\/\/eldigitaldeasturias.com\/magazine365\/la-suspension-de-la-subasta-del-aeropuerto-de-ciudad-real-genera-un-conflicto-entre-concursales-juzgado-y-una-empresa\/","title":{"rendered":"La suspensi\u00f3n de la subasta del aeropuerto de Ciudad Real genera un conflicto entre concursales, juzgado y una empresa"},"content":{"rendered":"<p><img fetchpriority=\"high\" decoding=\"async\" class=\"alignleft size-medium wp-image-40633\" src=\"https:\/\/eldigitaldeasturias.com\/magazine365\/wp-content\/uploads\/2015\/06\/fotonoticia_20150622185224_800-360x240.jpg\" alt=\"fotonoticia_20150622185224_800\" width=\"360\" height=\"240\" srcset=\"https:\/\/eldigitaldeasturias.com\/magazine365\/wp-content\/uploads\/2015\/06\/fotonoticia_20150622185224_800-360x240.jpg 360w, https:\/\/eldigitaldeasturias.com\/magazine365\/wp-content\/uploads\/2015\/06\/fotonoticia_20150622185224_800-650x433.jpg 650w, https:\/\/eldigitaldeasturias.com\/magazine365\/wp-content\/uploads\/2015\/06\/fotonoticia_20150622185224_800-768x512.jpg 768w, https:\/\/eldigitaldeasturias.com\/magazine365\/wp-content\/uploads\/2015\/06\/fotonoticia_20150622185224_800-150x100.jpg 150w, https:\/\/eldigitaldeasturias.com\/magazine365\/wp-content\/uploads\/2015\/06\/fotonoticia_20150622185224_800-450x300.jpg 450w, https:\/\/eldigitaldeasturias.com\/magazine365\/wp-content\/uploads\/2015\/06\/fotonoticia_20150622185224_800-696x464.jpg 696w, https:\/\/eldigitaldeasturias.com\/magazine365\/wp-content\/uploads\/2015\/06\/fotonoticia_20150622185224_800-630x420.jpg 630w, https:\/\/eldigitaldeasturias.com\/magazine365\/wp-content\/uploads\/2015\/06\/fotonoticia_20150622185224_800-84x55.jpg 84w, https:\/\/eldigitaldeasturias.com\/magazine365\/wp-content\/uploads\/2015\/06\/fotonoticia_20150622185224_800.jpg 800w\" sizes=\"(max-width: 360px) 100vw, 360px\" \/>La suspensi\u00f3n de la subasta del aeropuerto de Ciudad Real, prevista para el pasado viernes, 19 de junio, ha generado un conflicto entre los tres administradores concursales, el Juzgado de lo Mercantil y una empresa que habr\u00eda hecho efectivo el aval para poder participar en la puja.<\/p>\n<p>La suspensi\u00f3n se orden\u00f3 el jueves, 18 de junio, despu\u00e9s tras el recurso presentado por la empresa Ciudad Real Internacional Airport, que consideraba que no se hab\u00edan cumplido los 20 d\u00edas de plazo legal desde la modificaci\u00f3n de las condiciones de la subasta del pasado 12 de junio, modificaciones que incorporaban un opci\u00f3n de compra sobre los terrenos industriales del aeropuerto.<\/p>\n<p>La decisi\u00f3n de suspensi\u00f3n se hizo efectiva despu\u00e9s de que la empresa china Tzannen International hubiera presentado el aval de dos millones para poder participar en la puja, decisiones ante la que las reacciones no se hicieron esperar.<\/p>\n<p>As\u00ed, en un escrito remitido al juzgado, y al que ha tenido acceso Europa Press, los tres administradores concursales consideraban la suspensi\u00f3n como una \u00abmaniobra dilatoria\u00bb y se ofrec\u00edan a revocar el derecho de opci\u00f3n de compra sobre los terrenos industriales.<\/p>\n<p>Por su parte, la empresa china, a trav\u00e9s de su abogado, habr\u00eda presentado ante la Comisar\u00eda de Polic\u00eda una denuncia contra el secretario del Juzgado de lo Mercantil al que estimaban responsable de la decisi\u00f3n de suspensi\u00f3n, seg\u00fan han publicado diversos medios.<\/p>\n<p>En una reuni\u00f3n mantenida con las partes, a la misma hora del d\u00eda 19 en la que estaba prevista la subasta, el secretario inform\u00f3 a \u00e9stas de la situaci\u00f3n y se\u00f1alaba que, contra la suspensi\u00f3n, se habr\u00eda un plazo de cinco d\u00edas de la notificaci\u00f3n de la misma para poder recurrir.<\/p>\n<p>Ese mismo d\u00eda, Tzannen Internacional presentaba un recurso en el que ped\u00eda el mantenimiento de la subasta.<\/p>\n<p>Seg\u00fan han informado a Europa Press fuentes jur\u00eddicas relacionadas con el caso, la subasta p\u00fablica del aeropuerto de Ciudad Real se podr\u00eda celebrar una vez cumplidos los 20 d\u00edas legales de plazo de exposici\u00f3n desde las modificaciones incorporadas el 12 de junio.<\/p>\n","protected":false},"excerpt":{"rendered":"<p>La suspensi\u00f3n de la subasta del aeropuerto de Ciudad Real, prevista para el pasado viernes, 19 de junio, ha generado un conflicto entre los tres administradores concursales, el Juzgado de lo Mercantil y una empresa que habr\u00eda hecho efectivo el aval para poder participar en la puja. La suspensi\u00f3n se orden\u00f3 el jueves, 18 de<\/p>\n","protected":false},"author":1,"featured_media":40633,"comment_status":"open","ping_status":"closed","sticky":false,"template":"","format":"standard","meta":{"footnotes":""},"categories":[222],"tags":[],"class_list":{"0":"post-40632","1":"post","2":"type-post","3":"status-publish","4":"format-standard","5":"has-post-thumbnail","7":"category-actualidad-turismo"},"aioseo_notices":[],"aioseo_head":"\n\t\t<!-- All in One SEO Pro 4.9.6.1 - aioseo.com -->\n\t<meta name=\"description\" content=\"La suspensi\u00f3n de la subasta del aeropuerto de Ciudad Real, prevista para el pasado viernes, 19 de junio, ha generado un conflicto entre los tres administradores concursales, el Juzgado de lo Mercantil y una empresa que habr\u00eda hecho efectivo el aval para poder participar en la puja. La suspensi\u00f3n se orden\u00f3 el jueves, 18 de\" \/>\n\t<meta name=\"robots\" content=\"max-image-preview:large\" \/>\n\t<meta name=\"author\" content=\"admin\"\/>\n\t<meta name=\"google-site-verification\" content=\"UA-38556648-1\" \/>\n\t<meta name=\"keywords\" content=\"actualidad turismo\" \/>\n\t<link rel=\"canonical\" href=\"https:\/\/eldigitaldeasturias.com\/magazine365\/la-suspension-de-la-subasta-del-aeropuerto-de-ciudad-real-genera-un-conflicto-entre-concursales-juzgado-y-una-empresa\/\" \/>\n\t<meta name=\"generator\" content=\"All in One SEO Pro (AIOSEO) 4.9.6.1\" \/>\n\t\t<meta property=\"og:locale\" content=\"es_ES\" \/>\n\t\t<meta property=\"og:site_name\" content=\"El Digital de Asturias \u2013 Revista de ocio, turismo y estilo de vida\" \/>\n\t\t<meta property=\"og:type\" content=\"article\" \/>\n\t\t<meta property=\"og:title\" content=\"La suspensi\u00f3n de la subasta del aeropuerto de Ciudad Real genera un conflicto entre concursales, juzgado y una empresa | El Digital de Asturias\" \/>\n\t\t<meta property=\"og:description\" content=\"La suspensi\u00f3n de la subasta del aeropuerto de Ciudad Real, prevista para el pasado viernes, 19 de junio, ha generado un conflicto entre los tres administradores concursales, el Juzgado de lo Mercantil y una empresa que habr\u00eda hecho efectivo el aval para poder participar en la puja. La suspensi\u00f3n se orden\u00f3 el jueves, 18 de\" \/>\n\t\t<meta property=\"og:url\" content=\"https:\/\/eldigitaldeasturias.com\/magazine365\/la-suspension-de-la-subasta-del-aeropuerto-de-ciudad-real-genera-un-conflicto-entre-concursales-juzgado-y-una-empresa\/\" \/>\n\t\t<meta property=\"og:image\" content=\"https:\/\/eldigitaldeasturias.com\/magazine365\/wp-content\/uploads\/2015\/06\/fotonoticia_20150622185224_800.jpg\" \/>\n\t\t<meta property=\"og:image:secure_url\" content=\"https:\/\/eldigitaldeasturias.com\/magazine365\/wp-content\/uploads\/2015\/06\/fotonoticia_20150622185224_800.jpg\" \/>\n\t\t<meta property=\"og:image:width\" content=\"800\" \/>\n\t\t<meta property=\"og:image:height\" content=\"533\" \/>\n\t\t<meta property=\"article:published_time\" content=\"2015-06-23T15:54:19+00:00\" \/>\n\t\t<meta property=\"article:modified_time\" content=\"2015-06-23T15:54:19+00:00\" \/>\n\t\t<meta name=\"twitter:card\" content=\"summary_large_image\" \/>\n\t\t<meta name=\"twitter:title\" content=\"La suspensi\u00f3n de la subasta del aeropuerto de Ciudad Real genera un conflicto entre concursales, juzgado y una empresa | El Digital de Asturias\" \/>\n\t\t<meta name=\"twitter:description\" content=\"La suspensi\u00f3n de la subasta del aeropuerto de Ciudad Real, prevista para el pasado viernes, 19 de junio, ha generado un conflicto entre los tres administradores concursales, el Juzgado de lo Mercantil y una empresa que habr\u00eda hecho efectivo el aval para poder participar en la puja. La suspensi\u00f3n se orden\u00f3 el jueves, 18 de\" \/>\n\t\t<meta name=\"twitter:image\" content=\"https:\/\/eldigitaldeasturias.com\/magazine365\/wp-content\/uploads\/2015\/06\/fotonoticia_20150622185224_800.jpg\" \/>\n\t\t<script type=\"application\/ld+json\" class=\"aioseo-schema\">\n\t\t\t{\"@context\":\"https:\\\/\\\/schema.org\",\"@graph\":[{\"@type\":\"Article\",\"@id\":\"https:\\\/\\\/eldigitaldeasturias.com\\\/magazine365\\\/la-suspension-de-la-subasta-del-aeropuerto-de-ciudad-real-genera-un-conflicto-entre-concursales-juzgado-y-una-empresa\\\/#article\",\"name\":\"La suspensi\\u00f3n de la subasta del aeropuerto de Ciudad Real genera un conflicto entre concursales, juzgado y una empresa | El Digital de Asturias\",\"headline\":\"La suspensi\\u00f3n de la subasta del aeropuerto de Ciudad Real genera un conflicto entre concursales, juzgado y una empresa\",\"author\":{\"@id\":\"https:\\\/\\\/eldigitaldeasturias.com\\\/magazine365\\\/author\\\/admin\\\/#author\"},\"publisher\":{\"@id\":\"https:\\\/\\\/eldigitaldeasturias.com\\\/magazine365\\\/#organization\"},\"image\":{\"@type\":\"ImageObject\",\"url\":\"https:\\\/\\\/eldigitaldeasturias.com\\\/magazine365\\\/wp-content\\\/uploads\\\/2015\\\/06\\\/fotonoticia_20150622185224_800.jpg\",\"width\":800,\"height\":533},\"datePublished\":\"2015-06-23T17:24:19+02:00\",\"dateModified\":\"2015-06-23T17:24:19+02:00\",\"inLanguage\":\"es-ES\",\"mainEntityOfPage\":{\"@id\":\"https:\\\/\\\/eldigitaldeasturias.com\\\/magazine365\\\/la-suspension-de-la-subasta-del-aeropuerto-de-ciudad-real-genera-un-conflicto-entre-concursales-juzgado-y-una-empresa\\\/#webpage\"},\"isPartOf\":{\"@id\":\"https:\\\/\\\/eldigitaldeasturias.com\\\/magazine365\\\/la-suspension-de-la-subasta-del-aeropuerto-de-ciudad-real-genera-un-conflicto-entre-concursales-juzgado-y-una-empresa\\\/#webpage\"},\"articleSection\":\"Actualidad Turismo\"},{\"@type\":\"BreadcrumbList\",\"@id\":\"https:\\\/\\\/eldigitaldeasturias.com\\\/magazine365\\\/la-suspension-de-la-subasta-del-aeropuerto-de-ciudad-real-genera-un-conflicto-entre-concursales-juzgado-y-una-empresa\\\/#breadcrumblist\",\"itemListElement\":[{\"@type\":\"ListItem\",\"@id\":\"https:\\\/\\\/eldigitaldeasturias.com\\\/magazine365#listItem\",\"position\":1,\"name\":\"Home\",\"item\":\"https:\\\/\\\/eldigitaldeasturias.com\\\/magazine365\",\"nextItem\":{\"@type\":\"ListItem\",\"@id\":\"https:\\\/\\\/eldigitaldeasturias.com\\\/magazine365\\\/category\\\/actualidad-turismo\\\/#listItem\",\"name\":\"Actualidad Turismo\"}},{\"@type\":\"ListItem\",\"@id\":\"https:\\\/\\\/eldigitaldeasturias.com\\\/magazine365\\\/category\\\/actualidad-turismo\\\/#listItem\",\"position\":2,\"name\":\"Actualidad Turismo\",\"item\":\"https:\\\/\\\/eldigitaldeasturias.com\\\/magazine365\\\/category\\\/actualidad-turismo\\\/\",\"nextItem\":{\"@type\":\"ListItem\",\"@id\":\"https:\\\/\\\/eldigitaldeasturias.com\\\/magazine365\\\/la-suspension-de-la-subasta-del-aeropuerto-de-ciudad-real-genera-un-conflicto-entre-concursales-juzgado-y-una-empresa\\\/#listItem\",\"name\":\"La suspensi\\u00f3n de la subasta del aeropuerto de Ciudad Real genera un conflicto entre concursales, juzgado y una empresa\"},\"previousItem\":{\"@type\":\"ListItem\",\"@id\":\"https:\\\/\\\/eldigitaldeasturias.com\\\/magazine365#listItem\",\"name\":\"Home\"}},{\"@type\":\"ListItem\",\"@id\":\"https:\\\/\\\/eldigitaldeasturias.com\\\/magazine365\\\/la-suspension-de-la-subasta-del-aeropuerto-de-ciudad-real-genera-un-conflicto-entre-concursales-juzgado-y-una-empresa\\\/#listItem\",\"position\":3,\"name\":\"La suspensi\\u00f3n de la subasta del aeropuerto de Ciudad Real genera un conflicto entre concursales, juzgado y una empresa\",\"previousItem\":{\"@type\":\"ListItem\",\"@id\":\"https:\\\/\\\/eldigitaldeasturias.com\\\/magazine365\\\/category\\\/actualidad-turismo\\\/#listItem\",\"name\":\"Actualidad Turismo\"}}]},{\"@type\":\"Organization\",\"@id\":\"https:\\\/\\\/eldigitaldeasturias.com\\\/magazine365\\\/#organization\",\"name\":\"El digital de Asturias\",\"description\":\"Revista de ocio, turismo y estilo de vida\",\"url\":\"https:\\\/\\\/eldigitaldeasturias.com\\\/magazine365\\\/\",\"logo\":{\"@type\":\"ImageObject\",\"url\":\"https:\\\/\\\/www.eldigitaldeasturias.com\\\/noticias\\\/wp-content\\\/uploads\\\/2020\\\/12\\\/EDA.jpg\",\"@id\":\"https:\\\/\\\/eldigitaldeasturias.com\\\/magazine365\\\/la-suspension-de-la-subasta-del-aeropuerto-de-ciudad-real-genera-un-conflicto-entre-concursales-juzgado-y-una-empresa\\\/#organizationLogo\"},\"image\":{\"@id\":\"https:\\\/\\\/eldigitaldeasturias.com\\\/magazine365\\\/la-suspension-de-la-subasta-del-aeropuerto-de-ciudad-real-genera-un-conflicto-entre-concursales-juzgado-y-una-empresa\\\/#organizationLogo\"}},{\"@type\":\"Person\",\"@id\":\"https:\\\/\\\/eldigitaldeasturias.com\\\/magazine365\\\/author\\\/admin\\\/#author\",\"url\":\"https:\\\/\\\/eldigitaldeasturias.com\\\/magazine365\\\/author\\\/admin\\\/\",\"name\":\"admin\",\"image\":{\"@type\":\"ImageObject\",\"@id\":\"https:\\\/\\\/eldigitaldeasturias.com\\\/magazine365\\\/la-suspension-de-la-subasta-del-aeropuerto-de-ciudad-real-genera-un-conflicto-entre-concursales-juzgado-y-una-empresa\\\/#authorImage\",\"url\":\"https:\\\/\\\/eldigitaldeasturias.com\\\/magazine365\\\/wp-content\\\/litespeed\\\/avatar\\\/e571bcf59a0edd6fa6838245a470f2fe.jpg?ver=1777574230\",\"width\":96,\"height\":96,\"caption\":\"admin\"}},{\"@type\":\"WebPage\",\"@id\":\"https:\\\/\\\/eldigitaldeasturias.com\\\/magazine365\\\/la-suspension-de-la-subasta-del-aeropuerto-de-ciudad-real-genera-un-conflicto-entre-concursales-juzgado-y-una-empresa\\\/#webpage\",\"url\":\"https:\\\/\\\/eldigitaldeasturias.com\\\/magazine365\\\/la-suspension-de-la-subasta-del-aeropuerto-de-ciudad-real-genera-un-conflicto-entre-concursales-juzgado-y-una-empresa\\\/\",\"name\":\"La suspensi\\u00f3n de la subasta del aeropuerto de Ciudad Real genera un conflicto entre concursales, juzgado y una empresa | El Digital de Asturias\",\"description\":\"La suspensi\\u00f3n de la subasta del aeropuerto de Ciudad Real, prevista para el pasado viernes, 19 de junio, ha generado un conflicto entre los tres administradores concursales, el Juzgado de lo Mercantil y una empresa que habr\\u00eda hecho efectivo el aval para poder participar en la puja. La suspensi\\u00f3n se orden\\u00f3 el jueves, 18 de\",\"inLanguage\":\"es-ES\",\"isPartOf\":{\"@id\":\"https:\\\/\\\/eldigitaldeasturias.com\\\/magazine365\\\/#website\"},\"breadcrumb\":{\"@id\":\"https:\\\/\\\/eldigitaldeasturias.com\\\/magazine365\\\/la-suspension-de-la-subasta-del-aeropuerto-de-ciudad-real-genera-un-conflicto-entre-concursales-juzgado-y-una-empresa\\\/#breadcrumblist\"},\"author\":{\"@id\":\"https:\\\/\\\/eldigitaldeasturias.com\\\/magazine365\\\/author\\\/admin\\\/#author\"},\"creator\":{\"@id\":\"https:\\\/\\\/eldigitaldeasturias.com\\\/magazine365\\\/author\\\/admin\\\/#author\"},\"image\":{\"@type\":\"ImageObject\",\"url\":\"https:\\\/\\\/eldigitaldeasturias.com\\\/magazine365\\\/wp-content\\\/uploads\\\/2015\\\/06\\\/fotonoticia_20150622185224_800.jpg\",\"@id\":\"https:\\\/\\\/eldigitaldeasturias.com\\\/magazine365\\\/la-suspension-de-la-subasta-del-aeropuerto-de-ciudad-real-genera-un-conflicto-entre-concursales-juzgado-y-una-empresa\\\/#mainImage\",\"width\":800,\"height\":533},\"primaryImageOfPage\":{\"@id\":\"https:\\\/\\\/eldigitaldeasturias.com\\\/magazine365\\\/la-suspension-de-la-subasta-del-aeropuerto-de-ciudad-real-genera-un-conflicto-entre-concursales-juzgado-y-una-empresa\\\/#mainImage\"},\"datePublished\":\"2015-06-23T17:24:19+02:00\",\"dateModified\":\"2015-06-23T17:24:19+02:00\"},{\"@type\":\"WebSite\",\"@id\":\"https:\\\/\\\/eldigitaldeasturias.com\\\/magazine365\\\/#website\",\"url\":\"https:\\\/\\\/eldigitaldeasturias.com\\\/magazine365\\\/\",\"name\":\"El Digital de Asturias\",\"description\":\"Revista de ocio, turismo y estilo de vida\",\"inLanguage\":\"es-ES\",\"publisher\":{\"@id\":\"https:\\\/\\\/eldigitaldeasturias.com\\\/magazine365\\\/#organization\"}}]}\n\t\t<\/script>\n\t\t<!-- All in One SEO Pro -->\r\n\t\t<title>La suspensi\u00f3n de la subasta del aeropuerto de Ciudad Real genera un conflicto entre concursales, juzgado y una empresa | El Digital de Asturias<\/title>\n\n","aioseo_head_json":{"title":"La suspensi\u00f3n de la subasta del aeropuerto de Ciudad Real genera un conflicto entre concursales, juzgado y una empresa | El Digital de Asturias","description":"La suspensi\u00f3n de la subasta del aeropuerto de Ciudad Real, prevista para el pasado viernes, 19 de junio, ha generado un conflicto entre los tres administradores concursales, el Juzgado de lo Mercantil y una empresa que habr\u00eda hecho efectivo el aval para poder participar en la puja. La suspensi\u00f3n se orden\u00f3 el jueves, 18 de","canonical_url":"https:\/\/eldigitaldeasturias.com\/magazine365\/la-suspension-de-la-subasta-del-aeropuerto-de-ciudad-real-genera-un-conflicto-entre-concursales-juzgado-y-una-empresa\/","robots":"max-image-preview:large","keywords":"actualidad turismo","webmasterTools":{"google-site-verification":"UA-38556648-1","miscellaneous":""},"schema":{"@context":"https:\/\/schema.org","@graph":[{"@type":"Article","@id":"https:\/\/eldigitaldeasturias.com\/magazine365\/la-suspension-de-la-subasta-del-aeropuerto-de-ciudad-real-genera-un-conflicto-entre-concursales-juzgado-y-una-empresa\/#article","name":"La suspensi\u00f3n de la subasta del aeropuerto de Ciudad Real genera un conflicto entre concursales, juzgado y una empresa | El Digital de Asturias","headline":"La suspensi\u00f3n de la subasta del aeropuerto de Ciudad Real genera un conflicto entre concursales, juzgado y una empresa","author":{"@id":"https:\/\/eldigitaldeasturias.com\/magazine365\/author\/admin\/#author"},"publisher":{"@id":"https:\/\/eldigitaldeasturias.com\/magazine365\/#organization"},"image":{"@type":"ImageObject","url":"https:\/\/eldigitaldeasturias.com\/magazine365\/wp-content\/uploads\/2015\/06\/fotonoticia_20150622185224_800.jpg","width":800,"height":533},"datePublished":"2015-06-23T17:24:19+02:00","dateModified":"2015-06-23T17:24:19+02:00","inLanguage":"es-ES","mainEntityOfPage":{"@id":"https:\/\/eldigitaldeasturias.com\/magazine365\/la-suspension-de-la-subasta-del-aeropuerto-de-ciudad-real-genera-un-conflicto-entre-concursales-juzgado-y-una-empresa\/#webpage"},"isPartOf":{"@id":"https:\/\/eldigitaldeasturias.com\/magazine365\/la-suspension-de-la-subasta-del-aeropuerto-de-ciudad-real-genera-un-conflicto-entre-concursales-juzgado-y-una-empresa\/#webpage"},"articleSection":"Actualidad Turismo"},{"@type":"BreadcrumbList","@id":"https:\/\/eldigitaldeasturias.com\/magazine365\/la-suspension-de-la-subasta-del-aeropuerto-de-ciudad-real-genera-un-conflicto-entre-concursales-juzgado-y-una-empresa\/#breadcrumblist","itemListElement":[{"@type":"ListItem","@id":"https:\/\/eldigitaldeasturias.com\/magazine365#listItem","position":1,"name":"Home","item":"https:\/\/eldigitaldeasturias.com\/magazine365","nextItem":{"@type":"ListItem","@id":"https:\/\/eldigitaldeasturias.com\/magazine365\/category\/actualidad-turismo\/#listItem","name":"Actualidad Turismo"}},{"@type":"ListItem","@id":"https:\/\/eldigitaldeasturias.com\/magazine365\/category\/actualidad-turismo\/#listItem","position":2,"name":"Actualidad Turismo","item":"https:\/\/eldigitaldeasturias.com\/magazine365\/category\/actualidad-turismo\/","nextItem":{"@type":"ListItem","@id":"https:\/\/eldigitaldeasturias.com\/magazine365\/la-suspension-de-la-subasta-del-aeropuerto-de-ciudad-real-genera-un-conflicto-entre-concursales-juzgado-y-una-empresa\/#listItem","name":"La suspensi\u00f3n de la subasta del aeropuerto de Ciudad Real genera un conflicto entre concursales, juzgado y una empresa"},"previousItem":{"@type":"ListItem","@id":"https:\/\/eldigitaldeasturias.com\/magazine365#listItem","name":"Home"}},{"@type":"ListItem","@id":"https:\/\/eldigitaldeasturias.com\/magazine365\/la-suspension-de-la-subasta-del-aeropuerto-de-ciudad-real-genera-un-conflicto-entre-concursales-juzgado-y-una-empresa\/#listItem","position":3,"name":"La suspensi\u00f3n de la subasta del aeropuerto de Ciudad Real genera un conflicto entre concursales, juzgado y una empresa","previousItem":{"@type":"ListItem","@id":"https:\/\/eldigitaldeasturias.com\/magazine365\/category\/actualidad-turismo\/#listItem","name":"Actualidad Turismo"}}]},{"@type":"Organization","@id":"https:\/\/eldigitaldeasturias.com\/magazine365\/#organization","name":"El digital de Asturias","description":"Revista de ocio, turismo y estilo de vida","url":"https:\/\/eldigitaldeasturias.com\/magazine365\/","logo":{"@type":"ImageObject","url":"https:\/\/www.eldigitaldeasturias.com\/noticias\/wp-content\/uploads\/2020\/12\/EDA.jpg","@id":"https:\/\/eldigitaldeasturias.com\/magazine365\/la-suspension-de-la-subasta-del-aeropuerto-de-ciudad-real-genera-un-conflicto-entre-concursales-juzgado-y-una-empresa\/#organizationLogo"},"image":{"@id":"https:\/\/eldigitaldeasturias.com\/magazine365\/la-suspension-de-la-subasta-del-aeropuerto-de-ciudad-real-genera-un-conflicto-entre-concursales-juzgado-y-una-empresa\/#organizationLogo"}},{"@type":"Person","@id":"https:\/\/eldigitaldeasturias.com\/magazine365\/author\/admin\/#author","url":"https:\/\/eldigitaldeasturias.com\/magazine365\/author\/admin\/","name":"admin","image":{"@type":"ImageObject","@id":"https:\/\/eldigitaldeasturias.com\/magazine365\/la-suspension-de-la-subasta-del-aeropuerto-de-ciudad-real-genera-un-conflicto-entre-concursales-juzgado-y-una-empresa\/#authorImage","url":"https:\/\/eldigitaldeasturias.com\/magazine365\/wp-content\/litespeed\/avatar\/e571bcf59a0edd6fa6838245a470f2fe.jpg?ver=1777574230","width":96,"height":96,"caption":"admin"}},{"@type":"WebPage","@id":"https:\/\/eldigitaldeasturias.com\/magazine365\/la-suspension-de-la-subasta-del-aeropuerto-de-ciudad-real-genera-un-conflicto-entre-concursales-juzgado-y-una-empresa\/#webpage","url":"https:\/\/eldigitaldeasturias.com\/magazine365\/la-suspension-de-la-subasta-del-aeropuerto-de-ciudad-real-genera-un-conflicto-entre-concursales-juzgado-y-una-empresa\/","name":"La suspensi\u00f3n de la subasta del aeropuerto de Ciudad Real genera un conflicto entre concursales, juzgado y una empresa | El Digital de Asturias","description":"La suspensi\u00f3n de la subasta del aeropuerto de Ciudad Real, prevista para el pasado viernes, 19 de junio, ha generado un conflicto entre los tres administradores concursales, el Juzgado de lo Mercantil y una empresa que habr\u00eda hecho efectivo el aval para poder participar en la puja. La suspensi\u00f3n se orden\u00f3 el jueves, 18 de","inLanguage":"es-ES","isPartOf":{"@id":"https:\/\/eldigitaldeasturias.com\/magazine365\/#website"},"breadcrumb":{"@id":"https:\/\/eldigitaldeasturias.com\/magazine365\/la-suspension-de-la-subasta-del-aeropuerto-de-ciudad-real-genera-un-conflicto-entre-concursales-juzgado-y-una-empresa\/#breadcrumblist"},"author":{"@id":"https:\/\/eldigitaldeasturias.com\/magazine365\/author\/admin\/#author"},"creator":{"@id":"https:\/\/eldigitaldeasturias.com\/magazine365\/author\/admin\/#author"},"image":{"@type":"ImageObject","url":"https:\/\/eldigitaldeasturias.com\/magazine365\/wp-content\/uploads\/2015\/06\/fotonoticia_20150622185224_800.jpg","@id":"https:\/\/eldigitaldeasturias.com\/magazine365\/la-suspension-de-la-subasta-del-aeropuerto-de-ciudad-real-genera-un-conflicto-entre-concursales-juzgado-y-una-empresa\/#mainImage","width":800,"height":533},"primaryImageOfPage":{"@id":"https:\/\/eldigitaldeasturias.com\/magazine365\/la-suspension-de-la-subasta-del-aeropuerto-de-ciudad-real-genera-un-conflicto-entre-concursales-juzgado-y-una-empresa\/#mainImage"},"datePublished":"2015-06-23T17:24:19+02:00","dateModified":"2015-06-23T17:24:19+02:00"},{"@type":"WebSite","@id":"https:\/\/eldigitaldeasturias.com\/magazine365\/#website","url":"https:\/\/eldigitaldeasturias.com\/magazine365\/","name":"El Digital de Asturias","description":"Revista de ocio, turismo y estilo de vida","inLanguage":"es-ES","publisher":{"@id":"https:\/\/eldigitaldeasturias.com\/magazine365\/#organization"}}]},"og:locale":"es_ES","og:site_name":"El Digital de Asturias \u2013 Revista de ocio, turismo y estilo de vida","og:type":"article","og:title":"La suspensi\u00f3n de la subasta del aeropuerto de Ciudad Real genera un conflicto entre concursales, juzgado y una empresa | El Digital de Asturias","og:description":"La suspensi\u00f3n de la subasta del aeropuerto de Ciudad Real, prevista para el pasado viernes, 19 de junio, ha generado un conflicto entre los tres administradores concursales, el Juzgado de lo Mercantil y una empresa que habr\u00eda hecho efectivo el aval para poder participar en la puja. La suspensi\u00f3n se orden\u00f3 el jueves, 18 de","og:url":"https:\/\/eldigitaldeasturias.com\/magazine365\/la-suspension-de-la-subasta-del-aeropuerto-de-ciudad-real-genera-un-conflicto-entre-concursales-juzgado-y-una-empresa\/","og:image":"https:\/\/eldigitaldeasturias.com\/magazine365\/wp-content\/uploads\/2015\/06\/fotonoticia_20150622185224_800.jpg","og:image:secure_url":"https:\/\/eldigitaldeasturias.com\/magazine365\/wp-content\/uploads\/2015\/06\/fotonoticia_20150622185224_800.jpg","og:image:width":800,"og:image:height":533,"article:published_time":"2015-06-23T15:54:19+00:00","article:modified_time":"2015-06-23T15:54:19+00:00","twitter:card":"summary_large_image","twitter:title":"La suspensi\u00f3n de la subasta del aeropuerto de Ciudad Real genera un conflicto entre concursales, juzgado y una empresa | El Digital de Asturias","twitter:description":"La suspensi\u00f3n de la subasta del aeropuerto de Ciudad Real, prevista para el pasado viernes, 19 de junio, ha generado un conflicto entre los tres administradores concursales, el Juzgado de lo Mercantil y una empresa que habr\u00eda hecho efectivo el aval para poder participar en la puja. La suspensi\u00f3n se orden\u00f3 el jueves, 18 de","twitter:image":"https:\/\/eldigitaldeasturias.com\/magazine365\/wp-content\/uploads\/2015\/06\/fotonoticia_20150622185224_800.jpg"},"aioseo_meta_data":{"post_id":"40632","title":null,"description":null,"keywords":null,"keyphrases":null,"primary_term":null,"canonical_url":null,"og_title":null,"og_description":null,"og_object_type":"default","og_image_type":"default","og_image_url":null,"og_image_width":null,"og_image_height":null,"og_image_custom_url":null,"og_image_custom_fields":null,"og_video":null,"og_custom_url":null,"og_article_section":null,"og_article_tags":null,"twitter_use_og":false,"twitter_card":"default","twitter_image_type":"default","twitter_image_url":null,"twitter_image_custom_url":null,"twitter_image_custom_fields":null,"twitter_title":null,"twitter_description":null,"schema":{"blockGraphs":[],"customGraphs":[],"default":{"data":{"Article":[],"Course":[],"Dataset":[],"FAQPage":[],"Movie":[],"Person":[],"Product":[],"ProductReview":[],"Car":[],"Recipe":[],"Service":[],"SoftwareApplication":[],"WebPage":[]},"graphName":"","isEnabled":true},"graphs":[],"defaultGraph":"","defaultPostTypeGraph":""},"schema_type":null,"schema_type_options":null,"pillar_content":false,"robots_default":true,"robots_noindex":false,"robots_noarchive":false,"robots_nosnippet":false,"robots_nofollow":false,"robots_noimageindex":false,"robots_noodp":false,"robots_notranslate":false,"robots_max_snippet":null,"robots_max_videopreview":null,"robots_max_imagepreview":"large","priority":null,"frequency":null,"location":null,"local_seo":null,"seo_analyzer_scan_date":"2025-09-19 13:57:54","breadcrumb_settings":null,"limit_modified_date":false,"open_ai":null,"ai":null,"created":"2021-03-09 02:25:54","updated":"2025-09-19 13:57:54"},"aioseo_breadcrumb":"<div class=\"aioseo-breadcrumbs\"><span class=\"aioseo-breadcrumb\">\n\t<a href=\"https:\/\/eldigitaldeasturias.com\/magazine365\" title=\"Home\">Home<\/a>\n<\/span><span class=\"aioseo-breadcrumb-separator\">\u2013<\/span><span class=\"aioseo-breadcrumb\">\n\t<a href=\"https:\/\/eldigitaldeasturias.com\/magazine365\/category\/actualidad-turismo\/\" title=\"Actualidad Turismo\">Actualidad Turismo<\/a>\n<\/span><span class=\"aioseo-breadcrumb-separator\">\u2013<\/span><span class=\"aioseo-breadcrumb\">\n\t<a href=\"https:\/\/eldigitaldeasturias.com\/magazine365\/la-suspension-de-la-subasta-del-aeropuerto-de-ciudad-real-genera-un-conflicto-entre-concursales-juzgado-y-una-empresa\/\" title=\"La suspensi\u00f3n de la subasta del aeropuerto de Ciudad Real genera un conflicto entre concursales, juzgado y una empresa\">La suspensi\u00f3n de la subasta del aeropuerto de Ciudad Real genera un conflicto entre concursales, juzgado y una empresa<\/a>\n<\/span><\/div>","aioseo_breadcrumb_json":[{"label":"Home","link":"https:\/\/eldigitaldeasturias.com\/magazine365"},{"label":"Actualidad Turismo","link":"https:\/\/eldigitaldeasturias.com\/magazine365\/category\/actualidad-turismo\/"},{"label":"La suspensi\u00f3n de la subasta del aeropuerto de Ciudad Real genera un conflicto entre concursales, juzgado y una empresa","link":"https:\/\/eldigitaldeasturias.com\/magazine365\/la-suspension-de-la-subasta-del-aeropuerto-de-ciudad-real-genera-un-conflicto-entre-concursales-juzgado-y-una-empresa\/"}],"_links":{"self":[{"href":"https:\/\/eldigitaldeasturias.com\/magazine365\/wp-json\/wp\/v2\/posts\/40632","targetHints":{"allow":["GET"]}}],"collection":[{"href":"https:\/\/eldigitaldeasturias.com\/magazine365\/wp-json\/wp\/v2\/posts"}],"about":[{"href":"https:\/\/eldigitaldeasturias.com\/magazine365\/wp-json\/wp\/v2\/types\/post"}],"author":[{"embeddable":true,"href":"https:\/\/eldigitaldeasturias.com\/magazine365\/wp-json\/wp\/v2\/users\/1"}],"replies":[{"embeddable":true,"href":"https:\/\/eldigitaldeasturias.com\/magazine365\/wp-json\/wp\/v2\/comments?post=40632"}],"version-history":[{"count":0,"href":"https:\/\/eldigitaldeasturias.com\/magazine365\/wp-json\/wp\/v2\/posts\/40632\/revisions"}],"wp:featuredmedia":[{"embeddable":true,"href":"https:\/\/eldigitaldeasturias.com\/magazine365\/wp-json\/wp\/v2\/media\/40633"}],"wp:attachment":[{"href":"https:\/\/eldigitaldeasturias.com\/magazine365\/wp-json\/wp\/v2\/media?parent=40632"}],"wp:term":[{"taxonomy":"category","embeddable":true,"href":"https:\/\/eldigitaldeasturias.com\/magazine365\/wp-json\/wp\/v2\/categories?post=40632"},{"taxonomy":"post_tag","embeddable":true,"href":"https:\/\/eldigitaldeasturias.com\/magazine365\/wp-json\/wp\/v2\/tags?post=40632"}],"curies":[{"name":"wp","href":"https:\/\/api.w.org\/{rel}","templated":true}]}}