{"id":40623,"date":"2015-06-23T17:19:00","date_gmt":"2015-06-23T15:49:00","guid":{"rendered":"http:\/\/eldigitaldeasturias.com\/magazine365\/?p=40623"},"modified":"2015-06-23T17:19:00","modified_gmt":"2015-06-23T15:49:00","slug":"edreams-odigeo-dice-que-es-muy-pronto-para-hablar-de-impactos-por-el-recargo-de-gds-de-lufthansa","status":"publish","type":"post","link":"https:\/\/eldigitaldeasturias.com\/magazine365\/edreams-odigeo-dice-que-es-muy-pronto-para-hablar-de-impactos-por-el-recargo-de-gds-de-lufthansa\/","title":{"rendered":"eDreams Odigeo dice que es \u00abmuy pronto\u00bb para hablar de impactos por el recargo de GDS de Lufthansa"},"content":{"rendered":"<p><img fetchpriority=\"high\" decoding=\"async\" class=\"alignleft size-medium wp-image-40624\" src=\"https:\/\/eldigitaldeasturias.com\/magazine365\/wp-content\/uploads\/2015\/06\/fotonoticia_20150622182348_800-360x240.jpg\" alt=\"fotonoticia_20150622182348_800\" width=\"360\" height=\"240\" srcset=\"https:\/\/eldigitaldeasturias.com\/magazine365\/wp-content\/uploads\/2015\/06\/fotonoticia_20150622182348_800-360x240.jpg 360w, https:\/\/eldigitaldeasturias.com\/magazine365\/wp-content\/uploads\/2015\/06\/fotonoticia_20150622182348_800-650x433.jpg 650w, https:\/\/eldigitaldeasturias.com\/magazine365\/wp-content\/uploads\/2015\/06\/fotonoticia_20150622182348_800-768x512.jpg 768w, https:\/\/eldigitaldeasturias.com\/magazine365\/wp-content\/uploads\/2015\/06\/fotonoticia_20150622182348_800-150x100.jpg 150w, https:\/\/eldigitaldeasturias.com\/magazine365\/wp-content\/uploads\/2015\/06\/fotonoticia_20150622182348_800-450x300.jpg 450w, https:\/\/eldigitaldeasturias.com\/magazine365\/wp-content\/uploads\/2015\/06\/fotonoticia_20150622182348_800-696x464.jpg 696w, https:\/\/eldigitaldeasturias.com\/magazine365\/wp-content\/uploads\/2015\/06\/fotonoticia_20150622182348_800-630x420.jpg 630w, https:\/\/eldigitaldeasturias.com\/magazine365\/wp-content\/uploads\/2015\/06\/fotonoticia_20150622182348_800-84x55.jpg 84w, https:\/\/eldigitaldeasturias.com\/magazine365\/wp-content\/uploads\/2015\/06\/fotonoticia_20150622182348_800.jpg 800w\" sizes=\"(max-width: 360px) 100vw, 360px\" \/>eDreams Odigeo considera que es \u00abmuy pronto\u00bb para hablar de posibles impactos para el negocio de los viajes &#8216;online&#8217; y para la actividad de la compa\u00f1\u00eda derivados de la decisi\u00f3n de Lufthansa de cobrar un recargo de 16 euros en las reservas realizadas a trav\u00e9s de GDS a partir del pr\u00f3ximo 1 de septiembre.<\/p>\n<p>\u00abEl impacto que pueda tener esta medida es muy pronto para decirlo. Nosotros trabajamos con m\u00e1s de 430 aerol\u00edneas y tenemos 8 fuentes de ingresos distintas\u00bb, ha asegurado el director financiero de eDreams Odigeo, David Elizaga, en declaraciones a Europa Press.<\/p>\n<p>Seg\u00fan explic\u00f3, los objetivos que eDreams Odigeo recibe de Amadeus y de la propia Lufthansa representan \u00abuna parte relativamente peque\u00f1a\u00bb sobre el total.<\/p>\n<p>La decisi\u00f3n, enmarcada en las negociaciones entre Amadeus y el grupo a\u00e9reo alem\u00e1n para la renovaci\u00f3n de su contrato de distribuci\u00f3n, supondr\u00e1 si se lleva a cabo un impacto para Lufthansa, ya que el 70% de sus ventas de billetes se realizan a trav\u00e9s de GDS.<\/p>\n<p>\u00abCambiar su pol\u00edtica comercial a m\u00e1s caro sobre el 70% de sus billetes supone tomar bastante riesgo\u00bb, ha opinado Elizaga, qui\u00e9n apunt\u00f3 que en ya en otras ocasiones Lufthansa y otras compa\u00f1\u00edas han tenido \u00abun intermedio rocoso\u00bb entre un contrato y el siguiente con plataformas globales de distribuci\u00f3n (GDS) como las de Amadeus.<\/p>\n<p>Al respecto, explic\u00f3 que los vuelos de Lufthansa en Amadeus estar\u00e1n 16 euros m\u00e1s caros, lo que significar\u00e1 que los precios de estos vuelos ser\u00e1n 16 euros peores frente a otras aerol\u00edneas que compitan ruta a ruta con el grupo a\u00e9reo alem\u00e1n.<\/p>\n<p>En el caso concreto de eDreams los usuarios que busquen en la agencia &#8216;online&#8217; rutas con Lufthansa competir\u00e1n peor, por lo que probablemente acudir\u00e1 a otras aerol\u00edneas.<\/p>\n<p>Preguntado por un posible efecto contagio de esta medida, Elizaga apunt\u00f3 que las grandes aerol\u00edneas todav\u00eda tienen un promedio de dos a\u00f1os por delante con contrato con Amadeus, por lo que la situaci\u00f3n es totalmente diferente a la de Lufthansa.<\/p>\n","protected":false},"excerpt":{"rendered":"<p>eDreams Odigeo considera que es \u00abmuy pronto\u00bb para hablar de posibles impactos para el negocio de los viajes &#8216;online&#8217; y para la actividad de la compa\u00f1\u00eda derivados de la decisi\u00f3n de Lufthansa de cobrar un recargo de 16 euros en las reservas realizadas a trav\u00e9s de GDS a partir del pr\u00f3ximo 1 de septiembre. \u00abEl<\/p>\n","protected":false},"author":1,"featured_media":40624,"comment_status":"open","ping_status":"closed","sticky":false,"template":"","format":"standard","meta":{"footnotes":""},"categories":[222],"tags":[],"class_list":{"0":"post-40623","1":"post","2":"type-post","3":"status-publish","4":"format-standard","5":"has-post-thumbnail","7":"category-actualidad-turismo"},"aioseo_notices":[],"aioseo_head":"\n\t\t<!-- All in One SEO Pro 4.9.6.1 - aioseo.com -->\n\t<meta name=\"description\" content=\"eDreams Odigeo considera que es &quot;muy pronto&quot; para hablar de posibles impactos para el negocio de los viajes &#039;online&#039; y para la actividad de la compa\u00f1\u00eda derivados de la decisi\u00f3n de Lufthansa de cobrar un recargo de 16 euros en las reservas realizadas a trav\u00e9s de GDS a partir del pr\u00f3ximo 1 de septiembre. &quot;El\" \/>\n\t<meta name=\"robots\" content=\"max-image-preview:large\" \/>\n\t<meta name=\"author\" content=\"admin\"\/>\n\t<meta name=\"google-site-verification\" content=\"UA-38556648-1\" \/>\n\t<meta name=\"keywords\" content=\"actualidad turismo\" \/>\n\t<link rel=\"canonical\" href=\"https:\/\/eldigitaldeasturias.com\/magazine365\/edreams-odigeo-dice-que-es-muy-pronto-para-hablar-de-impactos-por-el-recargo-de-gds-de-lufthansa\/\" \/>\n\t<meta name=\"generator\" content=\"All in One SEO Pro (AIOSEO) 4.9.6.1\" \/>\n\t\t<meta property=\"og:locale\" content=\"es_ES\" \/>\n\t\t<meta property=\"og:site_name\" content=\"El Digital de Asturias \u2013 Revista de ocio, turismo y estilo de vida\" \/>\n\t\t<meta property=\"og:type\" content=\"article\" \/>\n\t\t<meta property=\"og:title\" content=\"eDreams Odigeo dice que es \u00abmuy pronto\u00bb para hablar de impactos por el recargo de GDS de Lufthansa | El Digital de Asturias\" \/>\n\t\t<meta property=\"og:description\" content=\"eDreams Odigeo considera que es &quot;muy pronto&quot; para hablar de posibles impactos para el negocio de los viajes &#039;online&#039; y para la actividad de la compa\u00f1\u00eda derivados de la decisi\u00f3n de Lufthansa de cobrar un recargo de 16 euros en las reservas realizadas a trav\u00e9s de GDS a partir del pr\u00f3ximo 1 de septiembre. &quot;El\" \/>\n\t\t<meta property=\"og:url\" content=\"https:\/\/eldigitaldeasturias.com\/magazine365\/edreams-odigeo-dice-que-es-muy-pronto-para-hablar-de-impactos-por-el-recargo-de-gds-de-lufthansa\/\" \/>\n\t\t<meta property=\"og:image\" content=\"https:\/\/eldigitaldeasturias.com\/magazine365\/wp-content\/uploads\/2015\/06\/fotonoticia_20150622182348_800.jpg\" \/>\n\t\t<meta property=\"og:image:secure_url\" content=\"https:\/\/eldigitaldeasturias.com\/magazine365\/wp-content\/uploads\/2015\/06\/fotonoticia_20150622182348_800.jpg\" \/>\n\t\t<meta property=\"og:image:width\" content=\"800\" \/>\n\t\t<meta property=\"og:image:height\" content=\"533\" \/>\n\t\t<meta property=\"article:published_time\" content=\"2015-06-23T15:49:00+00:00\" \/>\n\t\t<meta property=\"article:modified_time\" content=\"2015-06-23T15:49:00+00:00\" \/>\n\t\t<meta name=\"twitter:card\" content=\"summary_large_image\" \/>\n\t\t<meta name=\"twitter:title\" content=\"eDreams Odigeo dice que es \u00abmuy pronto\u00bb para hablar de impactos por el recargo de GDS de Lufthansa | El Digital de Asturias\" \/>\n\t\t<meta name=\"twitter:description\" content=\"eDreams Odigeo considera que es &quot;muy pronto&quot; para hablar de posibles impactos para el negocio de los viajes &#039;online&#039; y para la actividad de la compa\u00f1\u00eda derivados de la decisi\u00f3n de Lufthansa de cobrar un recargo de 16 euros en las reservas realizadas a trav\u00e9s de GDS a partir del pr\u00f3ximo 1 de septiembre. &quot;El\" \/>\n\t\t<meta name=\"twitter:image\" content=\"https:\/\/eldigitaldeasturias.com\/magazine365\/wp-content\/uploads\/2015\/06\/fotonoticia_20150622182348_800.jpg\" \/>\n\t\t<script type=\"application\/ld+json\" class=\"aioseo-schema\">\n\t\t\t{\"@context\":\"https:\\\/\\\/schema.org\",\"@graph\":[{\"@type\":\"Article\",\"@id\":\"https:\\\/\\\/eldigitaldeasturias.com\\\/magazine365\\\/edreams-odigeo-dice-que-es-muy-pronto-para-hablar-de-impactos-por-el-recargo-de-gds-de-lufthansa\\\/#article\",\"name\":\"eDreams Odigeo dice que es \\u00abmuy pronto\\u00bb para hablar de impactos por el recargo de GDS de Lufthansa | El Digital de Asturias\",\"headline\":\"eDreams Odigeo dice que es \\u00abmuy pronto\\u00bb para hablar de impactos por el recargo de GDS de Lufthansa\",\"author\":{\"@id\":\"https:\\\/\\\/eldigitaldeasturias.com\\\/magazine365\\\/author\\\/admin\\\/#author\"},\"publisher\":{\"@id\":\"https:\\\/\\\/eldigitaldeasturias.com\\\/magazine365\\\/#organization\"},\"image\":{\"@type\":\"ImageObject\",\"url\":\"https:\\\/\\\/eldigitaldeasturias.com\\\/magazine365\\\/wp-content\\\/uploads\\\/2015\\\/06\\\/fotonoticia_20150622182348_800.jpg\",\"width\":800,\"height\":533},\"datePublished\":\"2015-06-23T17:19:00+02:00\",\"dateModified\":\"2015-06-23T17:19:00+02:00\",\"inLanguage\":\"es-ES\",\"mainEntityOfPage\":{\"@id\":\"https:\\\/\\\/eldigitaldeasturias.com\\\/magazine365\\\/edreams-odigeo-dice-que-es-muy-pronto-para-hablar-de-impactos-por-el-recargo-de-gds-de-lufthansa\\\/#webpage\"},\"isPartOf\":{\"@id\":\"https:\\\/\\\/eldigitaldeasturias.com\\\/magazine365\\\/edreams-odigeo-dice-que-es-muy-pronto-para-hablar-de-impactos-por-el-recargo-de-gds-de-lufthansa\\\/#webpage\"},\"articleSection\":\"Actualidad Turismo\"},{\"@type\":\"BreadcrumbList\",\"@id\":\"https:\\\/\\\/eldigitaldeasturias.com\\\/magazine365\\\/edreams-odigeo-dice-que-es-muy-pronto-para-hablar-de-impactos-por-el-recargo-de-gds-de-lufthansa\\\/#breadcrumblist\",\"itemListElement\":[{\"@type\":\"ListItem\",\"@id\":\"https:\\\/\\\/eldigitaldeasturias.com\\\/magazine365#listItem\",\"position\":1,\"name\":\"Home\",\"item\":\"https:\\\/\\\/eldigitaldeasturias.com\\\/magazine365\",\"nextItem\":{\"@type\":\"ListItem\",\"@id\":\"https:\\\/\\\/eldigitaldeasturias.com\\\/magazine365\\\/category\\\/actualidad-turismo\\\/#listItem\",\"name\":\"Actualidad Turismo\"}},{\"@type\":\"ListItem\",\"@id\":\"https:\\\/\\\/eldigitaldeasturias.com\\\/magazine365\\\/category\\\/actualidad-turismo\\\/#listItem\",\"position\":2,\"name\":\"Actualidad Turismo\",\"item\":\"https:\\\/\\\/eldigitaldeasturias.com\\\/magazine365\\\/category\\\/actualidad-turismo\\\/\",\"nextItem\":{\"@type\":\"ListItem\",\"@id\":\"https:\\\/\\\/eldigitaldeasturias.com\\\/magazine365\\\/edreams-odigeo-dice-que-es-muy-pronto-para-hablar-de-impactos-por-el-recargo-de-gds-de-lufthansa\\\/#listItem\",\"name\":\"eDreams Odigeo dice que es \\u00abmuy pronto\\u00bb para hablar de impactos por el recargo de GDS de Lufthansa\"},\"previousItem\":{\"@type\":\"ListItem\",\"@id\":\"https:\\\/\\\/eldigitaldeasturias.com\\\/magazine365#listItem\",\"name\":\"Home\"}},{\"@type\":\"ListItem\",\"@id\":\"https:\\\/\\\/eldigitaldeasturias.com\\\/magazine365\\\/edreams-odigeo-dice-que-es-muy-pronto-para-hablar-de-impactos-por-el-recargo-de-gds-de-lufthansa\\\/#listItem\",\"position\":3,\"name\":\"eDreams Odigeo dice que es \\u00abmuy pronto\\u00bb para hablar de impactos por el recargo de GDS de Lufthansa\",\"previousItem\":{\"@type\":\"ListItem\",\"@id\":\"https:\\\/\\\/eldigitaldeasturias.com\\\/magazine365\\\/category\\\/actualidad-turismo\\\/#listItem\",\"name\":\"Actualidad Turismo\"}}]},{\"@type\":\"Organization\",\"@id\":\"https:\\\/\\\/eldigitaldeasturias.com\\\/magazine365\\\/#organization\",\"name\":\"El digital de Asturias\",\"description\":\"Revista de ocio, turismo y estilo de vida\",\"url\":\"https:\\\/\\\/eldigitaldeasturias.com\\\/magazine365\\\/\",\"logo\":{\"@type\":\"ImageObject\",\"url\":\"https:\\\/\\\/www.eldigitaldeasturias.com\\\/noticias\\\/wp-content\\\/uploads\\\/2020\\\/12\\\/EDA.jpg\",\"@id\":\"https:\\\/\\\/eldigitaldeasturias.com\\\/magazine365\\\/edreams-odigeo-dice-que-es-muy-pronto-para-hablar-de-impactos-por-el-recargo-de-gds-de-lufthansa\\\/#organizationLogo\"},\"image\":{\"@id\":\"https:\\\/\\\/eldigitaldeasturias.com\\\/magazine365\\\/edreams-odigeo-dice-que-es-muy-pronto-para-hablar-de-impactos-por-el-recargo-de-gds-de-lufthansa\\\/#organizationLogo\"}},{\"@type\":\"Person\",\"@id\":\"https:\\\/\\\/eldigitaldeasturias.com\\\/magazine365\\\/author\\\/admin\\\/#author\",\"url\":\"https:\\\/\\\/eldigitaldeasturias.com\\\/magazine365\\\/author\\\/admin\\\/\",\"name\":\"admin\",\"image\":{\"@type\":\"ImageObject\",\"@id\":\"https:\\\/\\\/eldigitaldeasturias.com\\\/magazine365\\\/edreams-odigeo-dice-que-es-muy-pronto-para-hablar-de-impactos-por-el-recargo-de-gds-de-lufthansa\\\/#authorImage\",\"url\":\"https:\\\/\\\/eldigitaldeasturias.com\\\/magazine365\\\/wp-content\\\/litespeed\\\/avatar\\\/e571bcf59a0edd6fa6838245a470f2fe.jpg?ver=1777574230\",\"width\":96,\"height\":96,\"caption\":\"admin\"}},{\"@type\":\"WebPage\",\"@id\":\"https:\\\/\\\/eldigitaldeasturias.com\\\/magazine365\\\/edreams-odigeo-dice-que-es-muy-pronto-para-hablar-de-impactos-por-el-recargo-de-gds-de-lufthansa\\\/#webpage\",\"url\":\"https:\\\/\\\/eldigitaldeasturias.com\\\/magazine365\\\/edreams-odigeo-dice-que-es-muy-pronto-para-hablar-de-impactos-por-el-recargo-de-gds-de-lufthansa\\\/\",\"name\":\"eDreams Odigeo dice que es \\u00abmuy pronto\\u00bb para hablar de impactos por el recargo de GDS de Lufthansa | El Digital de Asturias\",\"description\":\"eDreams Odigeo considera que es \\\"muy pronto\\\" para hablar de posibles impactos para el negocio de los viajes 'online' y para la actividad de la compa\\u00f1\\u00eda derivados de la decisi\\u00f3n de Lufthansa de cobrar un recargo de 16 euros en las reservas realizadas a trav\\u00e9s de GDS a partir del pr\\u00f3ximo 1 de septiembre. \\\"El\",\"inLanguage\":\"es-ES\",\"isPartOf\":{\"@id\":\"https:\\\/\\\/eldigitaldeasturias.com\\\/magazine365\\\/#website\"},\"breadcrumb\":{\"@id\":\"https:\\\/\\\/eldigitaldeasturias.com\\\/magazine365\\\/edreams-odigeo-dice-que-es-muy-pronto-para-hablar-de-impactos-por-el-recargo-de-gds-de-lufthansa\\\/#breadcrumblist\"},\"author\":{\"@id\":\"https:\\\/\\\/eldigitaldeasturias.com\\\/magazine365\\\/author\\\/admin\\\/#author\"},\"creator\":{\"@id\":\"https:\\\/\\\/eldigitaldeasturias.com\\\/magazine365\\\/author\\\/admin\\\/#author\"},\"image\":{\"@type\":\"ImageObject\",\"url\":\"https:\\\/\\\/eldigitaldeasturias.com\\\/magazine365\\\/wp-content\\\/uploads\\\/2015\\\/06\\\/fotonoticia_20150622182348_800.jpg\",\"@id\":\"https:\\\/\\\/eldigitaldeasturias.com\\\/magazine365\\\/edreams-odigeo-dice-que-es-muy-pronto-para-hablar-de-impactos-por-el-recargo-de-gds-de-lufthansa\\\/#mainImage\",\"width\":800,\"height\":533},\"primaryImageOfPage\":{\"@id\":\"https:\\\/\\\/eldigitaldeasturias.com\\\/magazine365\\\/edreams-odigeo-dice-que-es-muy-pronto-para-hablar-de-impactos-por-el-recargo-de-gds-de-lufthansa\\\/#mainImage\"},\"datePublished\":\"2015-06-23T17:19:00+02:00\",\"dateModified\":\"2015-06-23T17:19:00+02:00\"},{\"@type\":\"WebSite\",\"@id\":\"https:\\\/\\\/eldigitaldeasturias.com\\\/magazine365\\\/#website\",\"url\":\"https:\\\/\\\/eldigitaldeasturias.com\\\/magazine365\\\/\",\"name\":\"El Digital de Asturias\",\"description\":\"Revista de ocio, turismo y estilo de vida\",\"inLanguage\":\"es-ES\",\"publisher\":{\"@id\":\"https:\\\/\\\/eldigitaldeasturias.com\\\/magazine365\\\/#organization\"}}]}\n\t\t<\/script>\n\t\t<!-- All in One SEO Pro -->\r\n\t\t<title>eDreams Odigeo dice que es \u00abmuy pronto\u00bb para hablar de impactos por el recargo de GDS de Lufthansa | El Digital de Asturias<\/title>\n\n","aioseo_head_json":{"title":"eDreams Odigeo dice que es \u00abmuy pronto\u00bb para hablar de impactos por el recargo de GDS de Lufthansa | El Digital de Asturias","description":"eDreams Odigeo considera que es \"muy pronto\" para hablar de posibles impactos para el negocio de los viajes 'online' y para la actividad de la compa\u00f1\u00eda derivados de la decisi\u00f3n de Lufthansa de cobrar un recargo de 16 euros en las reservas realizadas a trav\u00e9s de GDS a partir del pr\u00f3ximo 1 de septiembre. \"El","canonical_url":"https:\/\/eldigitaldeasturias.com\/magazine365\/edreams-odigeo-dice-que-es-muy-pronto-para-hablar-de-impactos-por-el-recargo-de-gds-de-lufthansa\/","robots":"max-image-preview:large","keywords":"actualidad turismo","webmasterTools":{"google-site-verification":"UA-38556648-1","miscellaneous":""},"schema":{"@context":"https:\/\/schema.org","@graph":[{"@type":"Article","@id":"https:\/\/eldigitaldeasturias.com\/magazine365\/edreams-odigeo-dice-que-es-muy-pronto-para-hablar-de-impactos-por-el-recargo-de-gds-de-lufthansa\/#article","name":"eDreams Odigeo dice que es \u00abmuy pronto\u00bb para hablar de impactos por el recargo de GDS de Lufthansa | El Digital de Asturias","headline":"eDreams Odigeo dice que es \u00abmuy pronto\u00bb para hablar de impactos por el recargo de GDS de Lufthansa","author":{"@id":"https:\/\/eldigitaldeasturias.com\/magazine365\/author\/admin\/#author"},"publisher":{"@id":"https:\/\/eldigitaldeasturias.com\/magazine365\/#organization"},"image":{"@type":"ImageObject","url":"https:\/\/eldigitaldeasturias.com\/magazine365\/wp-content\/uploads\/2015\/06\/fotonoticia_20150622182348_800.jpg","width":800,"height":533},"datePublished":"2015-06-23T17:19:00+02:00","dateModified":"2015-06-23T17:19:00+02:00","inLanguage":"es-ES","mainEntityOfPage":{"@id":"https:\/\/eldigitaldeasturias.com\/magazine365\/edreams-odigeo-dice-que-es-muy-pronto-para-hablar-de-impactos-por-el-recargo-de-gds-de-lufthansa\/#webpage"},"isPartOf":{"@id":"https:\/\/eldigitaldeasturias.com\/magazine365\/edreams-odigeo-dice-que-es-muy-pronto-para-hablar-de-impactos-por-el-recargo-de-gds-de-lufthansa\/#webpage"},"articleSection":"Actualidad Turismo"},{"@type":"BreadcrumbList","@id":"https:\/\/eldigitaldeasturias.com\/magazine365\/edreams-odigeo-dice-que-es-muy-pronto-para-hablar-de-impactos-por-el-recargo-de-gds-de-lufthansa\/#breadcrumblist","itemListElement":[{"@type":"ListItem","@id":"https:\/\/eldigitaldeasturias.com\/magazine365#listItem","position":1,"name":"Home","item":"https:\/\/eldigitaldeasturias.com\/magazine365","nextItem":{"@type":"ListItem","@id":"https:\/\/eldigitaldeasturias.com\/magazine365\/category\/actualidad-turismo\/#listItem","name":"Actualidad Turismo"}},{"@type":"ListItem","@id":"https:\/\/eldigitaldeasturias.com\/magazine365\/category\/actualidad-turismo\/#listItem","position":2,"name":"Actualidad Turismo","item":"https:\/\/eldigitaldeasturias.com\/magazine365\/category\/actualidad-turismo\/","nextItem":{"@type":"ListItem","@id":"https:\/\/eldigitaldeasturias.com\/magazine365\/edreams-odigeo-dice-que-es-muy-pronto-para-hablar-de-impactos-por-el-recargo-de-gds-de-lufthansa\/#listItem","name":"eDreams Odigeo dice que es \u00abmuy pronto\u00bb para hablar de impactos por el recargo de GDS de Lufthansa"},"previousItem":{"@type":"ListItem","@id":"https:\/\/eldigitaldeasturias.com\/magazine365#listItem","name":"Home"}},{"@type":"ListItem","@id":"https:\/\/eldigitaldeasturias.com\/magazine365\/edreams-odigeo-dice-que-es-muy-pronto-para-hablar-de-impactos-por-el-recargo-de-gds-de-lufthansa\/#listItem","position":3,"name":"eDreams Odigeo dice que es \u00abmuy pronto\u00bb para hablar de impactos por el recargo de GDS de Lufthansa","previousItem":{"@type":"ListItem","@id":"https:\/\/eldigitaldeasturias.com\/magazine365\/category\/actualidad-turismo\/#listItem","name":"Actualidad Turismo"}}]},{"@type":"Organization","@id":"https:\/\/eldigitaldeasturias.com\/magazine365\/#organization","name":"El digital de Asturias","description":"Revista de ocio, turismo y estilo de vida","url":"https:\/\/eldigitaldeasturias.com\/magazine365\/","logo":{"@type":"ImageObject","url":"https:\/\/www.eldigitaldeasturias.com\/noticias\/wp-content\/uploads\/2020\/12\/EDA.jpg","@id":"https:\/\/eldigitaldeasturias.com\/magazine365\/edreams-odigeo-dice-que-es-muy-pronto-para-hablar-de-impactos-por-el-recargo-de-gds-de-lufthansa\/#organizationLogo"},"image":{"@id":"https:\/\/eldigitaldeasturias.com\/magazine365\/edreams-odigeo-dice-que-es-muy-pronto-para-hablar-de-impactos-por-el-recargo-de-gds-de-lufthansa\/#organizationLogo"}},{"@type":"Person","@id":"https:\/\/eldigitaldeasturias.com\/magazine365\/author\/admin\/#author","url":"https:\/\/eldigitaldeasturias.com\/magazine365\/author\/admin\/","name":"admin","image":{"@type":"ImageObject","@id":"https:\/\/eldigitaldeasturias.com\/magazine365\/edreams-odigeo-dice-que-es-muy-pronto-para-hablar-de-impactos-por-el-recargo-de-gds-de-lufthansa\/#authorImage","url":"https:\/\/eldigitaldeasturias.com\/magazine365\/wp-content\/litespeed\/avatar\/e571bcf59a0edd6fa6838245a470f2fe.jpg?ver=1777574230","width":96,"height":96,"caption":"admin"}},{"@type":"WebPage","@id":"https:\/\/eldigitaldeasturias.com\/magazine365\/edreams-odigeo-dice-que-es-muy-pronto-para-hablar-de-impactos-por-el-recargo-de-gds-de-lufthansa\/#webpage","url":"https:\/\/eldigitaldeasturias.com\/magazine365\/edreams-odigeo-dice-que-es-muy-pronto-para-hablar-de-impactos-por-el-recargo-de-gds-de-lufthansa\/","name":"eDreams Odigeo dice que es \u00abmuy pronto\u00bb para hablar de impactos por el recargo de GDS de Lufthansa | El Digital de Asturias","description":"eDreams Odigeo considera que es \"muy pronto\" para hablar de posibles impactos para el negocio de los viajes 'online' y para la actividad de la compa\u00f1\u00eda derivados de la decisi\u00f3n de Lufthansa de cobrar un recargo de 16 euros en las reservas realizadas a trav\u00e9s de GDS a partir del pr\u00f3ximo 1 de septiembre. \"El","inLanguage":"es-ES","isPartOf":{"@id":"https:\/\/eldigitaldeasturias.com\/magazine365\/#website"},"breadcrumb":{"@id":"https:\/\/eldigitaldeasturias.com\/magazine365\/edreams-odigeo-dice-que-es-muy-pronto-para-hablar-de-impactos-por-el-recargo-de-gds-de-lufthansa\/#breadcrumblist"},"author":{"@id":"https:\/\/eldigitaldeasturias.com\/magazine365\/author\/admin\/#author"},"creator":{"@id":"https:\/\/eldigitaldeasturias.com\/magazine365\/author\/admin\/#author"},"image":{"@type":"ImageObject","url":"https:\/\/eldigitaldeasturias.com\/magazine365\/wp-content\/uploads\/2015\/06\/fotonoticia_20150622182348_800.jpg","@id":"https:\/\/eldigitaldeasturias.com\/magazine365\/edreams-odigeo-dice-que-es-muy-pronto-para-hablar-de-impactos-por-el-recargo-de-gds-de-lufthansa\/#mainImage","width":800,"height":533},"primaryImageOfPage":{"@id":"https:\/\/eldigitaldeasturias.com\/magazine365\/edreams-odigeo-dice-que-es-muy-pronto-para-hablar-de-impactos-por-el-recargo-de-gds-de-lufthansa\/#mainImage"},"datePublished":"2015-06-23T17:19:00+02:00","dateModified":"2015-06-23T17:19:00+02:00"},{"@type":"WebSite","@id":"https:\/\/eldigitaldeasturias.com\/magazine365\/#website","url":"https:\/\/eldigitaldeasturias.com\/magazine365\/","name":"El Digital de Asturias","description":"Revista de ocio, turismo y estilo de vida","inLanguage":"es-ES","publisher":{"@id":"https:\/\/eldigitaldeasturias.com\/magazine365\/#organization"}}]},"og:locale":"es_ES","og:site_name":"El Digital de Asturias \u2013 Revista de ocio, turismo y estilo de vida","og:type":"article","og:title":"eDreams Odigeo dice que es \u00abmuy pronto\u00bb para hablar de impactos por el recargo de GDS de Lufthansa | El Digital de Asturias","og:description":"eDreams Odigeo considera que es &quot;muy pronto&quot; para hablar de posibles impactos para el negocio de los viajes 'online' y para la actividad de la compa\u00f1\u00eda derivados de la decisi\u00f3n de Lufthansa de cobrar un recargo de 16 euros en las reservas realizadas a trav\u00e9s de GDS a partir del pr\u00f3ximo 1 de septiembre. &quot;El","og:url":"https:\/\/eldigitaldeasturias.com\/magazine365\/edreams-odigeo-dice-que-es-muy-pronto-para-hablar-de-impactos-por-el-recargo-de-gds-de-lufthansa\/","og:image":"https:\/\/eldigitaldeasturias.com\/magazine365\/wp-content\/uploads\/2015\/06\/fotonoticia_20150622182348_800.jpg","og:image:secure_url":"https:\/\/eldigitaldeasturias.com\/magazine365\/wp-content\/uploads\/2015\/06\/fotonoticia_20150622182348_800.jpg","og:image:width":800,"og:image:height":533,"article:published_time":"2015-06-23T15:49:00+00:00","article:modified_time":"2015-06-23T15:49:00+00:00","twitter:card":"summary_large_image","twitter:title":"eDreams Odigeo dice que es \u00abmuy pronto\u00bb para hablar de impactos por el recargo de GDS de Lufthansa | El Digital de Asturias","twitter:description":"eDreams Odigeo considera que es &quot;muy pronto&quot; para hablar de posibles impactos para el negocio de los viajes 'online' y para la actividad de la compa\u00f1\u00eda derivados de la decisi\u00f3n de Lufthansa de cobrar un recargo de 16 euros en las reservas realizadas a trav\u00e9s de GDS a partir del pr\u00f3ximo 1 de septiembre. &quot;El","twitter:image":"https:\/\/eldigitaldeasturias.com\/magazine365\/wp-content\/uploads\/2015\/06\/fotonoticia_20150622182348_800.jpg"},"aioseo_meta_data":{"post_id":"40623","title":null,"description":null,"keywords":null,"keyphrases":null,"primary_term":null,"canonical_url":null,"og_title":null,"og_description":null,"og_object_type":"default","og_image_type":"default","og_image_url":null,"og_image_width":null,"og_image_height":null,"og_image_custom_url":null,"og_image_custom_fields":null,"og_video":null,"og_custom_url":null,"og_article_section":null,"og_article_tags":null,"twitter_use_og":false,"twitter_card":"default","twitter_image_type":"default","twitter_image_url":null,"twitter_image_custom_url":null,"twitter_image_custom_fields":null,"twitter_title":null,"twitter_description":null,"schema":{"blockGraphs":[],"customGraphs":[],"default":{"data":{"Article":[],"Course":[],"Dataset":[],"FAQPage":[],"Movie":[],"Person":[],"Product":[],"ProductReview":[],"Car":[],"Recipe":[],"Service":[],"SoftwareApplication":[],"WebPage":[]},"graphName":"","isEnabled":true},"graphs":[],"defaultGraph":"","defaultPostTypeGraph":""},"schema_type":null,"schema_type_options":null,"pillar_content":false,"robots_default":true,"robots_noindex":false,"robots_noarchive":false,"robots_nosnippet":false,"robots_nofollow":false,"robots_noimageindex":false,"robots_noodp":false,"robots_notranslate":false,"robots_max_snippet":null,"robots_max_videopreview":null,"robots_max_imagepreview":"large","priority":null,"frequency":null,"location":null,"local_seo":null,"seo_analyzer_scan_date":"2025-09-19 13:56:28","breadcrumb_settings":null,"limit_modified_date":false,"open_ai":null,"ai":null,"created":"2021-03-09 02:25:54","updated":"2025-09-19 13:56:28"},"aioseo_breadcrumb":"<div class=\"aioseo-breadcrumbs\"><span class=\"aioseo-breadcrumb\">\n\t<a href=\"https:\/\/eldigitaldeasturias.com\/magazine365\" title=\"Home\">Home<\/a>\n<\/span><span class=\"aioseo-breadcrumb-separator\">\u2013<\/span><span class=\"aioseo-breadcrumb\">\n\t<a href=\"https:\/\/eldigitaldeasturias.com\/magazine365\/category\/actualidad-turismo\/\" title=\"Actualidad Turismo\">Actualidad Turismo<\/a>\n<\/span><span class=\"aioseo-breadcrumb-separator\">\u2013<\/span><span class=\"aioseo-breadcrumb\">\n\t<a href=\"https:\/\/eldigitaldeasturias.com\/magazine365\/edreams-odigeo-dice-que-es-muy-pronto-para-hablar-de-impactos-por-el-recargo-de-gds-de-lufthansa\/\" title=\"eDreams Odigeo dice que es \u00abmuy pronto\u00bb para hablar de impactos por el recargo de GDS de Lufthansa\">eDreams Odigeo dice que es \u00abmuy pronto\u00bb para hablar de impactos por el recargo de GDS de Lufthansa<\/a>\n<\/span><\/div>","aioseo_breadcrumb_json":[{"label":"Home","link":"https:\/\/eldigitaldeasturias.com\/magazine365"},{"label":"Actualidad Turismo","link":"https:\/\/eldigitaldeasturias.com\/magazine365\/category\/actualidad-turismo\/"},{"label":"eDreams Odigeo dice que es \u00abmuy pronto\u00bb para hablar de impactos por el recargo de GDS de Lufthansa","link":"https:\/\/eldigitaldeasturias.com\/magazine365\/edreams-odigeo-dice-que-es-muy-pronto-para-hablar-de-impactos-por-el-recargo-de-gds-de-lufthansa\/"}],"_links":{"self":[{"href":"https:\/\/eldigitaldeasturias.com\/magazine365\/wp-json\/wp\/v2\/posts\/40623","targetHints":{"allow":["GET"]}}],"collection":[{"href":"https:\/\/eldigitaldeasturias.com\/magazine365\/wp-json\/wp\/v2\/posts"}],"about":[{"href":"https:\/\/eldigitaldeasturias.com\/magazine365\/wp-json\/wp\/v2\/types\/post"}],"author":[{"embeddable":true,"href":"https:\/\/eldigitaldeasturias.com\/magazine365\/wp-json\/wp\/v2\/users\/1"}],"replies":[{"embeddable":true,"href":"https:\/\/eldigitaldeasturias.com\/magazine365\/wp-json\/wp\/v2\/comments?post=40623"}],"version-history":[{"count":0,"href":"https:\/\/eldigitaldeasturias.com\/magazine365\/wp-json\/wp\/v2\/posts\/40623\/revisions"}],"wp:featuredmedia":[{"embeddable":true,"href":"https:\/\/eldigitaldeasturias.com\/magazine365\/wp-json\/wp\/v2\/media\/40624"}],"wp:attachment":[{"href":"https:\/\/eldigitaldeasturias.com\/magazine365\/wp-json\/wp\/v2\/media?parent=40623"}],"wp:term":[{"taxonomy":"category","embeddable":true,"href":"https:\/\/eldigitaldeasturias.com\/magazine365\/wp-json\/wp\/v2\/categories?post=40623"},{"taxonomy":"post_tag","embeddable":true,"href":"https:\/\/eldigitaldeasturias.com\/magazine365\/wp-json\/wp\/v2\/tags?post=40623"}],"curies":[{"name":"wp","href":"https:\/\/api.w.org\/{rel}","templated":true}]}}