{"id":40620,"date":"2015-06-23T17:18:09","date_gmt":"2015-06-23T15:48:09","guid":{"rendered":"http:\/\/eldigitaldeasturias.com\/magazine365\/?p=40620"},"modified":"2015-06-23T17:18:09","modified_gmt":"2015-06-23T15:48:09","slug":"el-gobierno-portugues-licitara-en-septiembre-los-trabajos-para-completar-el-eje-atlantico-en-territorio-luso","status":"publish","type":"post","link":"https:\/\/eldigitaldeasturias.com\/magazine365\/el-gobierno-portugues-licitara-en-septiembre-los-trabajos-para-completar-el-eje-atlantico-en-territorio-luso\/","title":{"rendered":"El Gobierno portugu\u00e9s licitar\u00e1 en septiembre los trabajos para completar el Eje Atl\u00e1ntico en territorio luso"},"content":{"rendered":"<p><img fetchpriority=\"high\" decoding=\"async\" class=\"alignleft size-medium wp-image-40621\" src=\"https:\/\/eldigitaldeasturias.com\/magazine365\/wp-content\/uploads\/2015\/06\/fotonoticia_20150622175318_800-360x270.jpg\" alt=\"fotonoticia_20150622175318_800\" width=\"360\" height=\"270\" srcset=\"https:\/\/eldigitaldeasturias.com\/magazine365\/wp-content\/uploads\/2015\/06\/fotonoticia_20150622175318_800-360x270.jpg 360w, https:\/\/eldigitaldeasturias.com\/magazine365\/wp-content\/uploads\/2015\/06\/fotonoticia_20150622175318_800-650x488.jpg 650w, https:\/\/eldigitaldeasturias.com\/magazine365\/wp-content\/uploads\/2015\/06\/fotonoticia_20150622175318_800-768x576.jpg 768w, https:\/\/eldigitaldeasturias.com\/magazine365\/wp-content\/uploads\/2015\/06\/fotonoticia_20150622175318_800-150x113.jpg 150w, https:\/\/eldigitaldeasturias.com\/magazine365\/wp-content\/uploads\/2015\/06\/fotonoticia_20150622175318_800-450x338.jpg 450w, https:\/\/eldigitaldeasturias.com\/magazine365\/wp-content\/uploads\/2015\/06\/fotonoticia_20150622175318_800-80x60.jpg 80w, https:\/\/eldigitaldeasturias.com\/magazine365\/wp-content\/uploads\/2015\/06\/fotonoticia_20150622175318_800-265x198.jpg 265w, https:\/\/eldigitaldeasturias.com\/magazine365\/wp-content\/uploads\/2015\/06\/fotonoticia_20150622175318_800-696x522.jpg 696w, https:\/\/eldigitaldeasturias.com\/magazine365\/wp-content\/uploads\/2015\/06\/fotonoticia_20150622175318_800-560x420.jpg 560w, https:\/\/eldigitaldeasturias.com\/magazine365\/wp-content\/uploads\/2015\/06\/fotonoticia_20150622175318_800-90x67.jpg 90w, https:\/\/eldigitaldeasturias.com\/magazine365\/wp-content\/uploads\/2015\/06\/fotonoticia_20150622175318_800-100x75.jpg 100w, https:\/\/eldigitaldeasturias.com\/magazine365\/wp-content\/uploads\/2015\/06\/fotonoticia_20150622175318_800.jpg 800w\" sizes=\"(max-width: 360px) 100vw, 360px\" \/>El Gobierno de Portugal licitar\u00e1 el pr\u00f3ximo mes de septiembre las obras de electrificaci\u00f3n del tramo ferroviario luso comprendido entre Valen\u00e7a y Nine, as\u00ed como la construcci\u00f3n de la subestaci\u00f3n el\u00e9ctrica, lo que completar\u00e1 la modernizaci\u00f3n del Eixo Atl\u00e1ntico en territorio portugu\u00e9s.<\/p>\n<p>As\u00ed lo ha confirmado el presidente del Gobierno de Espa\u00f1a, Mariano Rajoy, en la rueda de prensa ofrecida junto a su hom\u00f3logo portugu\u00e9s, Pedro Passos Coelho, al t\u00e9rmino de la XXVIII Cumbre Hispano Portuguesa celebrada este lunes en Baiona (Pontevedra).<\/p>\n<p>Rajoy ha recordado que ya se han producido \u00abavances muy importantes\u00bb en la conexi\u00f3n ferroviaria entre Vigo y Oporto, cuyos tr\u00e1ficos se han incrementado hasta un 150%.<\/p>\n<p>En ese contexto, ha confirmado que el Ejecutivo portugu\u00e9s prev\u00e9 licitar las obras de la subestaci\u00f3n el\u00e9ctrica y la electrificaci\u00f3n del tramo entre la frontera de Valen\u00e7a y Nine en septiembre.<\/p>\n<p>De hecho, la propia Administraci\u00f3n portuguesa anunci\u00f3 hace unas semanas el concurso p\u00fablico para la construcci\u00f3n de la subestaci\u00f3n, por un importe de 4,5 millones de euros, y el inicio de las obras est\u00e1 previsto para finales de a\u00f1o.<\/p>\n<p>Asimismo, el presupuesto para el conjunto de actuaciones es de 84 millones de euros, y el plazo para la conclusi\u00f3n de los trabajos es el ejercicio 2019.<\/p>\n<p>Las actuaciones de modernizaci\u00f3n de esta l\u00ednea ferroviaria permitir\u00e1n reducir el viaje en tren de Vigo a Oporto a 90 minutos (desde las dos horas y cuarto actuales).<\/p>\n<p>ASUNTOS TRATADOS EN LA CUMBRE.<\/p>\n<p>Durante la celebraci\u00f3n de la cumbre los mandatarios espa\u00f1ol y portugu\u00e9s se felicitaron por la puesta en marcha de un grupo de trabajo para coordinar las actuaciones de impulso del Corredor Atl\u00e1ntico de la Red Transeuropea de Transporte.<\/p>\n<p>En el \u00e1mbito del desarrollo de un mercado ib\u00e9rico para el transporte de mercanc\u00edas, ambos Ejecutivos han destacado la creaci\u00f3n de la Comisi\u00f3n Ejecutiva del Corredor Ferroviario Atl\u00e1ntico de Transporte de Mercanc\u00edas, que ha permitido extender el corredor que conectaba Portugal, Espa\u00f1a y Francia hasta Alemania.<\/p>\n<p>Rajoy y Passos Coelho han repasado tambi\u00e9n actuaciones conjuntas en otros \u00e1mbitos, como el transporte por carretera, y se han referido a actuaciones como la rehabilitaci\u00f3n del puente internacional sobre el Guadiana, la prolongaci\u00f3n de la A62 (entre Fuentes de O\u00f1oro y la frontera lusa), o la adjudicaci\u00f3n del tramo portugu\u00e9s de la A25.<\/p>\n<p>En este contexto, ambos gobiernos han valorado los avances en la interoperabilidad de los dispositivos electr\u00f3nicos en las v\u00edas de pago y han apostado por seguir trabajando para alcanzar la interoperabilidad total en el plazo m\u00e1s breve posible.<\/p>\n<p>PUERTOS Y AEROPUERTOS<\/p>\n<p>La colaboraci\u00f3n en materia portuaria se ha centrado, en esta cumbre, en el establecimiento de ventanillas \u00fanicas log\u00edsticas, el impulso a las autopistas del mar, y la implementaci\u00f3n de infraestructuras para el suministro de combustibles alternativos en los puertos. Espa\u00f1a y Portugal tambi\u00e9n han subrayado su inter\u00e9s com\u00fan por estrechar la cooperaci\u00f3n en \u00e1reas como las ayudas a la navegaci\u00f3n, y la promoci\u00f3n conjunta para aumentar el tr\u00e1fico de cruceros y mercanc\u00edas.<\/p>\n<p>Del mismo modo, las dos administraciones prev\u00e9n seguir colaborando en el desarrollo del Plan de Acci\u00f3n Com\u00fan Operativo del Bloque Funcional del Sudoeste del Cielo \u00danico Europeo.<\/p>\n<p>Finalmente, ambos mandatarios han expresado su inter\u00e9s por colaborar conjuntamente para aprovechar las oportunidades del Acuerdo Trasatl\u00e1ntico de Comercio e Inversiones entre Estados Unidos y la UE.<\/p>\n","protected":false},"excerpt":{"rendered":"<p>El Gobierno de Portugal licitar\u00e1 el pr\u00f3ximo mes de septiembre las obras de electrificaci\u00f3n del tramo ferroviario luso comprendido entre Valen\u00e7a y Nine, as\u00ed como la construcci\u00f3n de la subestaci\u00f3n el\u00e9ctrica, lo que completar\u00e1 la modernizaci\u00f3n del Eixo Atl\u00e1ntico en territorio portugu\u00e9s. As\u00ed lo ha confirmado el presidente del Gobierno de Espa\u00f1a, Mariano Rajoy, en<\/p>\n","protected":false},"author":1,"featured_media":40621,"comment_status":"open","ping_status":"closed","sticky":false,"template":"","format":"standard","meta":{"footnotes":""},"categories":[224],"tags":[],"class_list":{"0":"post-40620","1":"post","2":"type-post","3":"status-publish","4":"format-standard","5":"has-post-thumbnail","7":"category-noticias-actualidad"},"aioseo_notices":[],"aioseo_head":"\n\t\t<!-- All in One SEO Pro 4.9.6.1 - aioseo.com -->\n\t<meta name=\"description\" content=\"El Gobierno de Portugal licitar\u00e1 el pr\u00f3ximo mes de septiembre las obras de electrificaci\u00f3n del tramo ferroviario luso comprendido entre Valen\u00e7a y Nine, as\u00ed como la construcci\u00f3n de la subestaci\u00f3n el\u00e9ctrica, lo que completar\u00e1 la modernizaci\u00f3n del Eixo Atl\u00e1ntico en territorio portugu\u00e9s. As\u00ed lo ha confirmado el presidente del Gobierno de Espa\u00f1a, Mariano Rajoy, en\" \/>\n\t<meta name=\"robots\" content=\"max-image-preview:large\" \/>\n\t<meta name=\"author\" content=\"admin\"\/>\n\t<meta name=\"google-site-verification\" content=\"UA-38556648-1\" \/>\n\t<meta name=\"keywords\" content=\"noticias y actualidad\" \/>\n\t<link rel=\"canonical\" href=\"https:\/\/eldigitaldeasturias.com\/magazine365\/el-gobierno-portugues-licitara-en-septiembre-los-trabajos-para-completar-el-eje-atlantico-en-territorio-luso\/\" \/>\n\t<meta name=\"generator\" content=\"All in One SEO Pro (AIOSEO) 4.9.6.1\" \/>\n\t\t<meta property=\"og:locale\" content=\"es_ES\" \/>\n\t\t<meta property=\"og:site_name\" content=\"El Digital de Asturias \u2013 Revista de ocio, turismo y estilo de vida\" \/>\n\t\t<meta property=\"og:type\" content=\"article\" \/>\n\t\t<meta property=\"og:title\" content=\"El Gobierno portugu\u00e9s licitar\u00e1 en septiembre los trabajos para completar el Eje Atl\u00e1ntico en territorio luso | El Digital de Asturias\" \/>\n\t\t<meta property=\"og:description\" content=\"El Gobierno de Portugal licitar\u00e1 el pr\u00f3ximo mes de septiembre las obras de electrificaci\u00f3n del tramo ferroviario luso comprendido entre Valen\u00e7a y Nine, as\u00ed como la construcci\u00f3n de la subestaci\u00f3n el\u00e9ctrica, lo que completar\u00e1 la modernizaci\u00f3n del Eixo Atl\u00e1ntico en territorio portugu\u00e9s. As\u00ed lo ha confirmado el presidente del Gobierno de Espa\u00f1a, Mariano Rajoy, en\" \/>\n\t\t<meta property=\"og:url\" content=\"https:\/\/eldigitaldeasturias.com\/magazine365\/el-gobierno-portugues-licitara-en-septiembre-los-trabajos-para-completar-el-eje-atlantico-en-territorio-luso\/\" \/>\n\t\t<meta property=\"og:image\" content=\"https:\/\/eldigitaldeasturias.com\/magazine365\/wp-content\/uploads\/2015\/06\/fotonoticia_20150622175318_800.jpg\" \/>\n\t\t<meta property=\"og:image:secure_url\" content=\"https:\/\/eldigitaldeasturias.com\/magazine365\/wp-content\/uploads\/2015\/06\/fotonoticia_20150622175318_800.jpg\" \/>\n\t\t<meta property=\"og:image:width\" content=\"800\" \/>\n\t\t<meta property=\"og:image:height\" content=\"600\" \/>\n\t\t<meta property=\"article:published_time\" content=\"2015-06-23T15:48:09+00:00\" \/>\n\t\t<meta property=\"article:modified_time\" content=\"2015-06-23T15:48:09+00:00\" \/>\n\t\t<meta name=\"twitter:card\" content=\"summary_large_image\" \/>\n\t\t<meta name=\"twitter:title\" content=\"El Gobierno portugu\u00e9s licitar\u00e1 en septiembre los trabajos para completar el Eje Atl\u00e1ntico en territorio luso | El Digital de Asturias\" \/>\n\t\t<meta name=\"twitter:description\" content=\"El Gobierno de Portugal licitar\u00e1 el pr\u00f3ximo mes de septiembre las obras de electrificaci\u00f3n del tramo ferroviario luso comprendido entre Valen\u00e7a y Nine, as\u00ed como la construcci\u00f3n de la subestaci\u00f3n el\u00e9ctrica, lo que completar\u00e1 la modernizaci\u00f3n del Eixo Atl\u00e1ntico en territorio portugu\u00e9s. As\u00ed lo ha confirmado el presidente del Gobierno de Espa\u00f1a, Mariano Rajoy, en\" \/>\n\t\t<meta name=\"twitter:image\" content=\"https:\/\/eldigitaldeasturias.com\/magazine365\/wp-content\/uploads\/2015\/06\/fotonoticia_20150622175318_800.jpg\" \/>\n\t\t<script type=\"application\/ld+json\" class=\"aioseo-schema\">\n\t\t\t{\"@context\":\"https:\\\/\\\/schema.org\",\"@graph\":[{\"@type\":\"Article\",\"@id\":\"https:\\\/\\\/eldigitaldeasturias.com\\\/magazine365\\\/el-gobierno-portugues-licitara-en-septiembre-los-trabajos-para-completar-el-eje-atlantico-en-territorio-luso\\\/#article\",\"name\":\"El Gobierno portugu\\u00e9s licitar\\u00e1 en septiembre los trabajos para completar el Eje Atl\\u00e1ntico en territorio luso | El Digital de Asturias\",\"headline\":\"El Gobierno portugu\\u00e9s licitar\\u00e1 en septiembre los trabajos para completar el Eje Atl\\u00e1ntico en territorio luso\",\"author\":{\"@id\":\"https:\\\/\\\/eldigitaldeasturias.com\\\/magazine365\\\/author\\\/admin\\\/#author\"},\"publisher\":{\"@id\":\"https:\\\/\\\/eldigitaldeasturias.com\\\/magazine365\\\/#organization\"},\"image\":{\"@type\":\"ImageObject\",\"url\":\"https:\\\/\\\/eldigitaldeasturias.com\\\/magazine365\\\/wp-content\\\/uploads\\\/2015\\\/06\\\/fotonoticia_20150622175318_800.jpg\",\"width\":800,\"height\":600},\"datePublished\":\"2015-06-23T17:18:09+02:00\",\"dateModified\":\"2015-06-23T17:18:09+02:00\",\"inLanguage\":\"es-ES\",\"mainEntityOfPage\":{\"@id\":\"https:\\\/\\\/eldigitaldeasturias.com\\\/magazine365\\\/el-gobierno-portugues-licitara-en-septiembre-los-trabajos-para-completar-el-eje-atlantico-en-territorio-luso\\\/#webpage\"},\"isPartOf\":{\"@id\":\"https:\\\/\\\/eldigitaldeasturias.com\\\/magazine365\\\/el-gobierno-portugues-licitara-en-septiembre-los-trabajos-para-completar-el-eje-atlantico-en-territorio-luso\\\/#webpage\"},\"articleSection\":\"Noticias y Actualidad\"},{\"@type\":\"BreadcrumbList\",\"@id\":\"https:\\\/\\\/eldigitaldeasturias.com\\\/magazine365\\\/el-gobierno-portugues-licitara-en-septiembre-los-trabajos-para-completar-el-eje-atlantico-en-territorio-luso\\\/#breadcrumblist\",\"itemListElement\":[{\"@type\":\"ListItem\",\"@id\":\"https:\\\/\\\/eldigitaldeasturias.com\\\/magazine365#listItem\",\"position\":1,\"name\":\"Home\",\"item\":\"https:\\\/\\\/eldigitaldeasturias.com\\\/magazine365\",\"nextItem\":{\"@type\":\"ListItem\",\"@id\":\"https:\\\/\\\/eldigitaldeasturias.com\\\/magazine365\\\/category\\\/noticias-actualidad\\\/#listItem\",\"name\":\"Noticias y Actualidad\"}},{\"@type\":\"ListItem\",\"@id\":\"https:\\\/\\\/eldigitaldeasturias.com\\\/magazine365\\\/category\\\/noticias-actualidad\\\/#listItem\",\"position\":2,\"name\":\"Noticias y Actualidad\",\"item\":\"https:\\\/\\\/eldigitaldeasturias.com\\\/magazine365\\\/category\\\/noticias-actualidad\\\/\",\"nextItem\":{\"@type\":\"ListItem\",\"@id\":\"https:\\\/\\\/eldigitaldeasturias.com\\\/magazine365\\\/el-gobierno-portugues-licitara-en-septiembre-los-trabajos-para-completar-el-eje-atlantico-en-territorio-luso\\\/#listItem\",\"name\":\"El Gobierno portugu\\u00e9s licitar\\u00e1 en septiembre los trabajos para completar el Eje Atl\\u00e1ntico en territorio luso\"},\"previousItem\":{\"@type\":\"ListItem\",\"@id\":\"https:\\\/\\\/eldigitaldeasturias.com\\\/magazine365#listItem\",\"name\":\"Home\"}},{\"@type\":\"ListItem\",\"@id\":\"https:\\\/\\\/eldigitaldeasturias.com\\\/magazine365\\\/el-gobierno-portugues-licitara-en-septiembre-los-trabajos-para-completar-el-eje-atlantico-en-territorio-luso\\\/#listItem\",\"position\":3,\"name\":\"El Gobierno portugu\\u00e9s licitar\\u00e1 en septiembre los trabajos para completar el Eje Atl\\u00e1ntico en territorio luso\",\"previousItem\":{\"@type\":\"ListItem\",\"@id\":\"https:\\\/\\\/eldigitaldeasturias.com\\\/magazine365\\\/category\\\/noticias-actualidad\\\/#listItem\",\"name\":\"Noticias y Actualidad\"}}]},{\"@type\":\"Organization\",\"@id\":\"https:\\\/\\\/eldigitaldeasturias.com\\\/magazine365\\\/#organization\",\"name\":\"El digital de Asturias\",\"description\":\"Revista de ocio, turismo y estilo de vida\",\"url\":\"https:\\\/\\\/eldigitaldeasturias.com\\\/magazine365\\\/\",\"logo\":{\"@type\":\"ImageObject\",\"url\":\"https:\\\/\\\/www.eldigitaldeasturias.com\\\/noticias\\\/wp-content\\\/uploads\\\/2020\\\/12\\\/EDA.jpg\",\"@id\":\"https:\\\/\\\/eldigitaldeasturias.com\\\/magazine365\\\/el-gobierno-portugues-licitara-en-septiembre-los-trabajos-para-completar-el-eje-atlantico-en-territorio-luso\\\/#organizationLogo\"},\"image\":{\"@id\":\"https:\\\/\\\/eldigitaldeasturias.com\\\/magazine365\\\/el-gobierno-portugues-licitara-en-septiembre-los-trabajos-para-completar-el-eje-atlantico-en-territorio-luso\\\/#organizationLogo\"}},{\"@type\":\"Person\",\"@id\":\"https:\\\/\\\/eldigitaldeasturias.com\\\/magazine365\\\/author\\\/admin\\\/#author\",\"url\":\"https:\\\/\\\/eldigitaldeasturias.com\\\/magazine365\\\/author\\\/admin\\\/\",\"name\":\"admin\",\"image\":{\"@type\":\"ImageObject\",\"@id\":\"https:\\\/\\\/eldigitaldeasturias.com\\\/magazine365\\\/el-gobierno-portugues-licitara-en-septiembre-los-trabajos-para-completar-el-eje-atlantico-en-territorio-luso\\\/#authorImage\",\"url\":\"https:\\\/\\\/eldigitaldeasturias.com\\\/magazine365\\\/wp-content\\\/litespeed\\\/avatar\\\/e571bcf59a0edd6fa6838245a470f2fe.jpg?ver=1777574230\",\"width\":96,\"height\":96,\"caption\":\"admin\"}},{\"@type\":\"WebPage\",\"@id\":\"https:\\\/\\\/eldigitaldeasturias.com\\\/magazine365\\\/el-gobierno-portugues-licitara-en-septiembre-los-trabajos-para-completar-el-eje-atlantico-en-territorio-luso\\\/#webpage\",\"url\":\"https:\\\/\\\/eldigitaldeasturias.com\\\/magazine365\\\/el-gobierno-portugues-licitara-en-septiembre-los-trabajos-para-completar-el-eje-atlantico-en-territorio-luso\\\/\",\"name\":\"El Gobierno portugu\\u00e9s licitar\\u00e1 en septiembre los trabajos para completar el Eje Atl\\u00e1ntico en territorio luso | El Digital de Asturias\",\"description\":\"El Gobierno de Portugal licitar\\u00e1 el pr\\u00f3ximo mes de septiembre las obras de electrificaci\\u00f3n del tramo ferroviario luso comprendido entre Valen\\u00e7a y Nine, as\\u00ed como la construcci\\u00f3n de la subestaci\\u00f3n el\\u00e9ctrica, lo que completar\\u00e1 la modernizaci\\u00f3n del Eixo Atl\\u00e1ntico en territorio portugu\\u00e9s. As\\u00ed lo ha confirmado el presidente del Gobierno de Espa\\u00f1a, Mariano Rajoy, en\",\"inLanguage\":\"es-ES\",\"isPartOf\":{\"@id\":\"https:\\\/\\\/eldigitaldeasturias.com\\\/magazine365\\\/#website\"},\"breadcrumb\":{\"@id\":\"https:\\\/\\\/eldigitaldeasturias.com\\\/magazine365\\\/el-gobierno-portugues-licitara-en-septiembre-los-trabajos-para-completar-el-eje-atlantico-en-territorio-luso\\\/#breadcrumblist\"},\"author\":{\"@id\":\"https:\\\/\\\/eldigitaldeasturias.com\\\/magazine365\\\/author\\\/admin\\\/#author\"},\"creator\":{\"@id\":\"https:\\\/\\\/eldigitaldeasturias.com\\\/magazine365\\\/author\\\/admin\\\/#author\"},\"image\":{\"@type\":\"ImageObject\",\"url\":\"https:\\\/\\\/eldigitaldeasturias.com\\\/magazine365\\\/wp-content\\\/uploads\\\/2015\\\/06\\\/fotonoticia_20150622175318_800.jpg\",\"@id\":\"https:\\\/\\\/eldigitaldeasturias.com\\\/magazine365\\\/el-gobierno-portugues-licitara-en-septiembre-los-trabajos-para-completar-el-eje-atlantico-en-territorio-luso\\\/#mainImage\",\"width\":800,\"height\":600},\"primaryImageOfPage\":{\"@id\":\"https:\\\/\\\/eldigitaldeasturias.com\\\/magazine365\\\/el-gobierno-portugues-licitara-en-septiembre-los-trabajos-para-completar-el-eje-atlantico-en-territorio-luso\\\/#mainImage\"},\"datePublished\":\"2015-06-23T17:18:09+02:00\",\"dateModified\":\"2015-06-23T17:18:09+02:00\"},{\"@type\":\"WebSite\",\"@id\":\"https:\\\/\\\/eldigitaldeasturias.com\\\/magazine365\\\/#website\",\"url\":\"https:\\\/\\\/eldigitaldeasturias.com\\\/magazine365\\\/\",\"name\":\"El Digital de Asturias\",\"description\":\"Revista de ocio, turismo y estilo de vida\",\"inLanguage\":\"es-ES\",\"publisher\":{\"@id\":\"https:\\\/\\\/eldigitaldeasturias.com\\\/magazine365\\\/#organization\"}}]}\n\t\t<\/script>\n\t\t<!-- All in One SEO Pro -->\r\n\t\t<title>El Gobierno portugu\u00e9s licitar\u00e1 en septiembre los trabajos para completar el Eje Atl\u00e1ntico en territorio luso | El Digital de Asturias<\/title>\n\n","aioseo_head_json":{"title":"El Gobierno portugu\u00e9s licitar\u00e1 en septiembre los trabajos para completar el Eje Atl\u00e1ntico en territorio luso | El Digital de Asturias","description":"El Gobierno de Portugal licitar\u00e1 el pr\u00f3ximo mes de septiembre las obras de electrificaci\u00f3n del tramo ferroviario luso comprendido entre Valen\u00e7a y Nine, as\u00ed como la construcci\u00f3n de la subestaci\u00f3n el\u00e9ctrica, lo que completar\u00e1 la modernizaci\u00f3n del Eixo Atl\u00e1ntico en territorio portugu\u00e9s. As\u00ed lo ha confirmado el presidente del Gobierno de Espa\u00f1a, Mariano Rajoy, en","canonical_url":"https:\/\/eldigitaldeasturias.com\/magazine365\/el-gobierno-portugues-licitara-en-septiembre-los-trabajos-para-completar-el-eje-atlantico-en-territorio-luso\/","robots":"max-image-preview:large","keywords":"noticias y actualidad","webmasterTools":{"google-site-verification":"UA-38556648-1","miscellaneous":""},"schema":{"@context":"https:\/\/schema.org","@graph":[{"@type":"Article","@id":"https:\/\/eldigitaldeasturias.com\/magazine365\/el-gobierno-portugues-licitara-en-septiembre-los-trabajos-para-completar-el-eje-atlantico-en-territorio-luso\/#article","name":"El Gobierno portugu\u00e9s licitar\u00e1 en septiembre los trabajos para completar el Eje Atl\u00e1ntico en territorio luso | El Digital de Asturias","headline":"El Gobierno portugu\u00e9s licitar\u00e1 en septiembre los trabajos para completar el Eje Atl\u00e1ntico en territorio luso","author":{"@id":"https:\/\/eldigitaldeasturias.com\/magazine365\/author\/admin\/#author"},"publisher":{"@id":"https:\/\/eldigitaldeasturias.com\/magazine365\/#organization"},"image":{"@type":"ImageObject","url":"https:\/\/eldigitaldeasturias.com\/magazine365\/wp-content\/uploads\/2015\/06\/fotonoticia_20150622175318_800.jpg","width":800,"height":600},"datePublished":"2015-06-23T17:18:09+02:00","dateModified":"2015-06-23T17:18:09+02:00","inLanguage":"es-ES","mainEntityOfPage":{"@id":"https:\/\/eldigitaldeasturias.com\/magazine365\/el-gobierno-portugues-licitara-en-septiembre-los-trabajos-para-completar-el-eje-atlantico-en-territorio-luso\/#webpage"},"isPartOf":{"@id":"https:\/\/eldigitaldeasturias.com\/magazine365\/el-gobierno-portugues-licitara-en-septiembre-los-trabajos-para-completar-el-eje-atlantico-en-territorio-luso\/#webpage"},"articleSection":"Noticias y Actualidad"},{"@type":"BreadcrumbList","@id":"https:\/\/eldigitaldeasturias.com\/magazine365\/el-gobierno-portugues-licitara-en-septiembre-los-trabajos-para-completar-el-eje-atlantico-en-territorio-luso\/#breadcrumblist","itemListElement":[{"@type":"ListItem","@id":"https:\/\/eldigitaldeasturias.com\/magazine365#listItem","position":1,"name":"Home","item":"https:\/\/eldigitaldeasturias.com\/magazine365","nextItem":{"@type":"ListItem","@id":"https:\/\/eldigitaldeasturias.com\/magazine365\/category\/noticias-actualidad\/#listItem","name":"Noticias y Actualidad"}},{"@type":"ListItem","@id":"https:\/\/eldigitaldeasturias.com\/magazine365\/category\/noticias-actualidad\/#listItem","position":2,"name":"Noticias y Actualidad","item":"https:\/\/eldigitaldeasturias.com\/magazine365\/category\/noticias-actualidad\/","nextItem":{"@type":"ListItem","@id":"https:\/\/eldigitaldeasturias.com\/magazine365\/el-gobierno-portugues-licitara-en-septiembre-los-trabajos-para-completar-el-eje-atlantico-en-territorio-luso\/#listItem","name":"El Gobierno portugu\u00e9s licitar\u00e1 en septiembre los trabajos para completar el Eje Atl\u00e1ntico en territorio luso"},"previousItem":{"@type":"ListItem","@id":"https:\/\/eldigitaldeasturias.com\/magazine365#listItem","name":"Home"}},{"@type":"ListItem","@id":"https:\/\/eldigitaldeasturias.com\/magazine365\/el-gobierno-portugues-licitara-en-septiembre-los-trabajos-para-completar-el-eje-atlantico-en-territorio-luso\/#listItem","position":3,"name":"El Gobierno portugu\u00e9s licitar\u00e1 en septiembre los trabajos para completar el Eje Atl\u00e1ntico en territorio luso","previousItem":{"@type":"ListItem","@id":"https:\/\/eldigitaldeasturias.com\/magazine365\/category\/noticias-actualidad\/#listItem","name":"Noticias y Actualidad"}}]},{"@type":"Organization","@id":"https:\/\/eldigitaldeasturias.com\/magazine365\/#organization","name":"El digital de Asturias","description":"Revista de ocio, turismo y estilo de vida","url":"https:\/\/eldigitaldeasturias.com\/magazine365\/","logo":{"@type":"ImageObject","url":"https:\/\/www.eldigitaldeasturias.com\/noticias\/wp-content\/uploads\/2020\/12\/EDA.jpg","@id":"https:\/\/eldigitaldeasturias.com\/magazine365\/el-gobierno-portugues-licitara-en-septiembre-los-trabajos-para-completar-el-eje-atlantico-en-territorio-luso\/#organizationLogo"},"image":{"@id":"https:\/\/eldigitaldeasturias.com\/magazine365\/el-gobierno-portugues-licitara-en-septiembre-los-trabajos-para-completar-el-eje-atlantico-en-territorio-luso\/#organizationLogo"}},{"@type":"Person","@id":"https:\/\/eldigitaldeasturias.com\/magazine365\/author\/admin\/#author","url":"https:\/\/eldigitaldeasturias.com\/magazine365\/author\/admin\/","name":"admin","image":{"@type":"ImageObject","@id":"https:\/\/eldigitaldeasturias.com\/magazine365\/el-gobierno-portugues-licitara-en-septiembre-los-trabajos-para-completar-el-eje-atlantico-en-territorio-luso\/#authorImage","url":"https:\/\/eldigitaldeasturias.com\/magazine365\/wp-content\/litespeed\/avatar\/e571bcf59a0edd6fa6838245a470f2fe.jpg?ver=1777574230","width":96,"height":96,"caption":"admin"}},{"@type":"WebPage","@id":"https:\/\/eldigitaldeasturias.com\/magazine365\/el-gobierno-portugues-licitara-en-septiembre-los-trabajos-para-completar-el-eje-atlantico-en-territorio-luso\/#webpage","url":"https:\/\/eldigitaldeasturias.com\/magazine365\/el-gobierno-portugues-licitara-en-septiembre-los-trabajos-para-completar-el-eje-atlantico-en-territorio-luso\/","name":"El Gobierno portugu\u00e9s licitar\u00e1 en septiembre los trabajos para completar el Eje Atl\u00e1ntico en territorio luso | El Digital de Asturias","description":"El Gobierno de Portugal licitar\u00e1 el pr\u00f3ximo mes de septiembre las obras de electrificaci\u00f3n del tramo ferroviario luso comprendido entre Valen\u00e7a y Nine, as\u00ed como la construcci\u00f3n de la subestaci\u00f3n el\u00e9ctrica, lo que completar\u00e1 la modernizaci\u00f3n del Eixo Atl\u00e1ntico en territorio portugu\u00e9s. As\u00ed lo ha confirmado el presidente del Gobierno de Espa\u00f1a, Mariano Rajoy, en","inLanguage":"es-ES","isPartOf":{"@id":"https:\/\/eldigitaldeasturias.com\/magazine365\/#website"},"breadcrumb":{"@id":"https:\/\/eldigitaldeasturias.com\/magazine365\/el-gobierno-portugues-licitara-en-septiembre-los-trabajos-para-completar-el-eje-atlantico-en-territorio-luso\/#breadcrumblist"},"author":{"@id":"https:\/\/eldigitaldeasturias.com\/magazine365\/author\/admin\/#author"},"creator":{"@id":"https:\/\/eldigitaldeasturias.com\/magazine365\/author\/admin\/#author"},"image":{"@type":"ImageObject","url":"https:\/\/eldigitaldeasturias.com\/magazine365\/wp-content\/uploads\/2015\/06\/fotonoticia_20150622175318_800.jpg","@id":"https:\/\/eldigitaldeasturias.com\/magazine365\/el-gobierno-portugues-licitara-en-septiembre-los-trabajos-para-completar-el-eje-atlantico-en-territorio-luso\/#mainImage","width":800,"height":600},"primaryImageOfPage":{"@id":"https:\/\/eldigitaldeasturias.com\/magazine365\/el-gobierno-portugues-licitara-en-septiembre-los-trabajos-para-completar-el-eje-atlantico-en-territorio-luso\/#mainImage"},"datePublished":"2015-06-23T17:18:09+02:00","dateModified":"2015-06-23T17:18:09+02:00"},{"@type":"WebSite","@id":"https:\/\/eldigitaldeasturias.com\/magazine365\/#website","url":"https:\/\/eldigitaldeasturias.com\/magazine365\/","name":"El Digital de Asturias","description":"Revista de ocio, turismo y estilo de vida","inLanguage":"es-ES","publisher":{"@id":"https:\/\/eldigitaldeasturias.com\/magazine365\/#organization"}}]},"og:locale":"es_ES","og:site_name":"El Digital de Asturias \u2013 Revista de ocio, turismo y estilo de vida","og:type":"article","og:title":"El Gobierno portugu\u00e9s licitar\u00e1 en septiembre los trabajos para completar el Eje Atl\u00e1ntico en territorio luso | El Digital de Asturias","og:description":"El Gobierno de Portugal licitar\u00e1 el pr\u00f3ximo mes de septiembre las obras de electrificaci\u00f3n del tramo ferroviario luso comprendido entre Valen\u00e7a y Nine, as\u00ed como la construcci\u00f3n de la subestaci\u00f3n el\u00e9ctrica, lo que completar\u00e1 la modernizaci\u00f3n del Eixo Atl\u00e1ntico en territorio portugu\u00e9s. As\u00ed lo ha confirmado el presidente del Gobierno de Espa\u00f1a, Mariano Rajoy, en","og:url":"https:\/\/eldigitaldeasturias.com\/magazine365\/el-gobierno-portugues-licitara-en-septiembre-los-trabajos-para-completar-el-eje-atlantico-en-territorio-luso\/","og:image":"https:\/\/eldigitaldeasturias.com\/magazine365\/wp-content\/uploads\/2015\/06\/fotonoticia_20150622175318_800.jpg","og:image:secure_url":"https:\/\/eldigitaldeasturias.com\/magazine365\/wp-content\/uploads\/2015\/06\/fotonoticia_20150622175318_800.jpg","og:image:width":800,"og:image:height":600,"article:published_time":"2015-06-23T15:48:09+00:00","article:modified_time":"2015-06-23T15:48:09+00:00","twitter:card":"summary_large_image","twitter:title":"El Gobierno portugu\u00e9s licitar\u00e1 en septiembre los trabajos para completar el Eje Atl\u00e1ntico en territorio luso | El Digital de Asturias","twitter:description":"El Gobierno de Portugal licitar\u00e1 el pr\u00f3ximo mes de septiembre las obras de electrificaci\u00f3n del tramo ferroviario luso comprendido entre Valen\u00e7a y Nine, as\u00ed como la construcci\u00f3n de la subestaci\u00f3n el\u00e9ctrica, lo que completar\u00e1 la modernizaci\u00f3n del Eixo Atl\u00e1ntico en territorio portugu\u00e9s. As\u00ed lo ha confirmado el presidente del Gobierno de Espa\u00f1a, Mariano Rajoy, en","twitter:image":"https:\/\/eldigitaldeasturias.com\/magazine365\/wp-content\/uploads\/2015\/06\/fotonoticia_20150622175318_800.jpg"},"aioseo_meta_data":{"post_id":"40620","title":null,"description":null,"keywords":null,"keyphrases":null,"primary_term":null,"canonical_url":null,"og_title":null,"og_description":null,"og_object_type":"default","og_image_type":"default","og_image_url":null,"og_image_width":null,"og_image_height":null,"og_image_custom_url":null,"og_image_custom_fields":null,"og_video":null,"og_custom_url":null,"og_article_section":null,"og_article_tags":null,"twitter_use_og":false,"twitter_card":"default","twitter_image_type":"default","twitter_image_url":null,"twitter_image_custom_url":null,"twitter_image_custom_fields":null,"twitter_title":null,"twitter_description":null,"schema":{"blockGraphs":[],"customGraphs":[],"default":{"data":{"Article":[],"Course":[],"Dataset":[],"FAQPage":[],"Movie":[],"Person":[],"Product":[],"ProductReview":[],"Car":[],"Recipe":[],"Service":[],"SoftwareApplication":[],"WebPage":[]},"graphName":"","isEnabled":true},"graphs":[],"defaultGraph":"","defaultPostTypeGraph":""},"schema_type":null,"schema_type_options":null,"pillar_content":false,"robots_default":true,"robots_noindex":false,"robots_noarchive":false,"robots_nosnippet":false,"robots_nofollow":false,"robots_noimageindex":false,"robots_noodp":false,"robots_notranslate":false,"robots_max_snippet":null,"robots_max_videopreview":null,"robots_max_imagepreview":"large","priority":null,"frequency":null,"location":null,"local_seo":null,"seo_analyzer_scan_date":"2025-09-19 13:56:25","breadcrumb_settings":null,"limit_modified_date":false,"open_ai":null,"ai":null,"created":"2021-03-09 02:25:54","updated":"2025-09-19 13:56:25"},"aioseo_breadcrumb":"<div class=\"aioseo-breadcrumbs\"><span class=\"aioseo-breadcrumb\">\n\t<a href=\"https:\/\/eldigitaldeasturias.com\/magazine365\" title=\"Home\">Home<\/a>\n<\/span><span class=\"aioseo-breadcrumb-separator\">\u2013<\/span><span class=\"aioseo-breadcrumb\">\n\t<a href=\"https:\/\/eldigitaldeasturias.com\/magazine365\/category\/noticias-actualidad\/\" title=\"Noticias y Actualidad\">Noticias y Actualidad<\/a>\n<\/span><span class=\"aioseo-breadcrumb-separator\">\u2013<\/span><span class=\"aioseo-breadcrumb\">\n\t<a href=\"https:\/\/eldigitaldeasturias.com\/magazine365\/el-gobierno-portugues-licitara-en-septiembre-los-trabajos-para-completar-el-eje-atlantico-en-territorio-luso\/\" title=\"El Gobierno portugu\u00e9s licitar\u00e1 en septiembre los trabajos para completar el Eje Atl\u00e1ntico en territorio luso\">El Gobierno portugu\u00e9s licitar\u00e1 en septiembre los trabajos para completar el Eje Atl\u00e1ntico en territorio luso<\/a>\n<\/span><\/div>","aioseo_breadcrumb_json":[{"label":"Home","link":"https:\/\/eldigitaldeasturias.com\/magazine365"},{"label":"Noticias y Actualidad","link":"https:\/\/eldigitaldeasturias.com\/magazine365\/category\/noticias-actualidad\/"},{"label":"El Gobierno portugu\u00e9s licitar\u00e1 en septiembre los trabajos para completar el Eje Atl\u00e1ntico en territorio luso","link":"https:\/\/eldigitaldeasturias.com\/magazine365\/el-gobierno-portugues-licitara-en-septiembre-los-trabajos-para-completar-el-eje-atlantico-en-territorio-luso\/"}],"_links":{"self":[{"href":"https:\/\/eldigitaldeasturias.com\/magazine365\/wp-json\/wp\/v2\/posts\/40620","targetHints":{"allow":["GET"]}}],"collection":[{"href":"https:\/\/eldigitaldeasturias.com\/magazine365\/wp-json\/wp\/v2\/posts"}],"about":[{"href":"https:\/\/eldigitaldeasturias.com\/magazine365\/wp-json\/wp\/v2\/types\/post"}],"author":[{"embeddable":true,"href":"https:\/\/eldigitaldeasturias.com\/magazine365\/wp-json\/wp\/v2\/users\/1"}],"replies":[{"embeddable":true,"href":"https:\/\/eldigitaldeasturias.com\/magazine365\/wp-json\/wp\/v2\/comments?post=40620"}],"version-history":[{"count":0,"href":"https:\/\/eldigitaldeasturias.com\/magazine365\/wp-json\/wp\/v2\/posts\/40620\/revisions"}],"wp:featuredmedia":[{"embeddable":true,"href":"https:\/\/eldigitaldeasturias.com\/magazine365\/wp-json\/wp\/v2\/media\/40621"}],"wp:attachment":[{"href":"https:\/\/eldigitaldeasturias.com\/magazine365\/wp-json\/wp\/v2\/media?parent=40620"}],"wp:term":[{"taxonomy":"category","embeddable":true,"href":"https:\/\/eldigitaldeasturias.com\/magazine365\/wp-json\/wp\/v2\/categories?post=40620"},{"taxonomy":"post_tag","embeddable":true,"href":"https:\/\/eldigitaldeasturias.com\/magazine365\/wp-json\/wp\/v2\/tags?post=40620"}],"curies":[{"name":"wp","href":"https:\/\/api.w.org\/{rel}","templated":true}]}}