{"id":40597,"date":"2015-06-23T08:32:12","date_gmt":"2015-06-23T07:02:12","guid":{"rendered":"http:\/\/eldigitaldeasturias.com\/magazine365\/?p=40597"},"modified":"2015-06-23T08:32:12","modified_gmt":"2015-06-23T07:02:12","slug":"el-cabildo-pone-en-marcha-una-campana-de-promocion-de-los-vinos-de-tenerife","status":"publish","type":"post","link":"https:\/\/eldigitaldeasturias.com\/magazine365\/el-cabildo-pone-en-marcha-una-campana-de-promocion-de-los-vinos-de-tenerife\/","title":{"rendered":"El Cabildo pone en marcha una campa\u00f1a de promoci\u00f3n de los vinos de Tenerife"},"content":{"rendered":"<p><img fetchpriority=\"high\" decoding=\"async\" class=\"alignleft size-medium wp-image-40598\" src=\"https:\/\/eldigitaldeasturias.com\/magazine365\/wp-content\/uploads\/2015\/06\/fotonoticia_20150622163621_800-213x300.jpg\" alt=\"fotonoticia_20150622163621_800\" width=\"213\" height=\"300\" srcset=\"https:\/\/eldigitaldeasturias.com\/magazine365\/wp-content\/uploads\/2015\/06\/fotonoticia_20150622163621_800-213x300.jpg 213w, https:\/\/eldigitaldeasturias.com\/magazine365\/wp-content\/uploads\/2015\/06\/fotonoticia_20150622163621_800-453x640.jpg 453w, https:\/\/eldigitaldeasturias.com\/magazine365\/wp-content\/uploads\/2015\/06\/fotonoticia_20150622163621_800-768x1084.jpg 768w, https:\/\/eldigitaldeasturias.com\/magazine365\/wp-content\/uploads\/2015\/06\/fotonoticia_20150622163621_800-150x212.jpg 150w, https:\/\/eldigitaldeasturias.com\/magazine365\/wp-content\/uploads\/2015\/06\/fotonoticia_20150622163621_800-450x635.jpg 450w, https:\/\/eldigitaldeasturias.com\/magazine365\/wp-content\/uploads\/2015\/06\/fotonoticia_20150622163621_800-696x982.jpg 696w, https:\/\/eldigitaldeasturias.com\/magazine365\/wp-content\/uploads\/2015\/06\/fotonoticia_20150622163621_800-298x420.jpg 298w, https:\/\/eldigitaldeasturias.com\/magazine365\/wp-content\/uploads\/2015\/06\/fotonoticia_20150622163621_800.jpg 800w\" sizes=\"(max-width: 213px) 100vw, 213px\" \/>El Cabildo ha puesto en marcha una campa\u00f1a de promoci\u00f3n de los vinos de Tenerife que se desarrollar\u00e1 en diversos soportes para animar a la poblaci\u00f3n a consumir los vinos que se elaboran en la isla.<\/p>\n<p>La iniciativa cuenta con el apoyo de los Consejos Reguladores de Abona, G\u00fc\u00edmar, Valle de La Orotava y Tacoronte-Acentejo, y se dirige a potenciales nuevos consumidores, entre los que se intenta atraer espec\u00edficamente a los j\u00f3venes.<\/p>\n<p>Bajo el eslogan &#8216;Vuelve al origen&#8217;, la campa\u00f1a utiliza una marca gen\u00e9rica, &#8216;Tenerife, Isla de vinos&#8217;, que pretende convertirse en un marco promocional colectivo para los distintos vinos producidos en la Isla.<\/p>\n<p>El concepto sobre el que se sustenta esta acci\u00f3n, seg\u00fan una nota del Cabildo, \u00abgira en torno a la idea de volver a las cosas hechas con calma, con mimo y con alma, a los sabores y olores del hogar para, finalmente, incitar a la poblaci\u00f3n a consumir el vino local\u00bb.<\/p>\n<p>La campa\u00f1a, que tendr\u00e1 una segunda oleada a partir del mes de septiembre, se desarrollar\u00e1 en varios soportes como vallas, carteles &#8211;que se repartir\u00e1n en vinotecas, bodegas, tascas y restaurantes&#8211; acciones en puntos de venta y supermercados, web y redes sociales as\u00ed como en medios de comunicaci\u00f3n (prensa y radio fundamentalmente).<\/p>\n<p>El Cabildo desarrolla desde el a\u00f1o 2003 un Plan de Promoci\u00f3n de los Vinos de Tenerife que supone una herramienta para promocionar las bodegas adscritas a las cinco denominaciones de origen.<\/p>\n<p>Seg\u00fan la nota del Cabildo, \u00ablos vinos de la isla se caracterizan por una gran riqueza de matices y tipos que muchas veces son incluso desconocidos por el propio isle\u00f1o, de ah\u00ed la importancia de acciones de apoyo a la venta del producto con las que se pretende dar a conocer el enorme potencias de los vinos de Tenerife como un producto \u00fanico y diferente que se puede consumir en cualquier momento y en combinaci\u00f3n con todo tipo de platos\u00bb.<\/p>\n","protected":false},"excerpt":{"rendered":"<p>El Cabildo ha puesto en marcha una campa\u00f1a de promoci\u00f3n de los vinos de Tenerife que se desarrollar\u00e1 en diversos soportes para animar a la poblaci\u00f3n a consumir los vinos que se elaboran en la isla. La iniciativa cuenta con el apoyo de los Consejos Reguladores de Abona, G\u00fc\u00edmar, Valle de La Orotava y Tacoronte-Acentejo,<\/p>\n","protected":false},"author":1,"featured_media":40598,"comment_status":"open","ping_status":"closed","sticky":false,"template":"","format":"standard","meta":{"footnotes":""},"categories":[224],"tags":[],"class_list":{"0":"post-40597","1":"post","2":"type-post","3":"status-publish","4":"format-standard","5":"has-post-thumbnail","7":"category-noticias-actualidad"},"aioseo_notices":[],"aioseo_head":"\n\t\t<!-- All in One SEO Pro 4.9.6.1 - aioseo.com -->\n\t<meta name=\"description\" content=\"El Cabildo ha puesto en marcha una campa\u00f1a de promoci\u00f3n de los vinos de Tenerife que se desarrollar\u00e1 en diversos soportes para animar a la poblaci\u00f3n a consumir los vinos que se elaboran en la isla. La iniciativa cuenta con el apoyo de los Consejos Reguladores de Abona, G\u00fc\u00edmar, Valle de La Orotava y Tacoronte-Acentejo,\" \/>\n\t<meta name=\"robots\" content=\"max-image-preview:large\" \/>\n\t<meta name=\"author\" content=\"admin\"\/>\n\t<meta name=\"google-site-verification\" content=\"UA-38556648-1\" \/>\n\t<meta name=\"keywords\" content=\"noticias y actualidad\" \/>\n\t<link rel=\"canonical\" href=\"https:\/\/eldigitaldeasturias.com\/magazine365\/el-cabildo-pone-en-marcha-una-campana-de-promocion-de-los-vinos-de-tenerife\/\" \/>\n\t<meta name=\"generator\" content=\"All in One SEO Pro (AIOSEO) 4.9.6.1\" \/>\n\t\t<meta property=\"og:locale\" content=\"es_ES\" \/>\n\t\t<meta property=\"og:site_name\" content=\"El Digital de Asturias \u2013 Revista de ocio, turismo y estilo de vida\" \/>\n\t\t<meta property=\"og:type\" content=\"article\" \/>\n\t\t<meta property=\"og:title\" content=\"El Cabildo pone en marcha una campa\u00f1a de promoci\u00f3n de los vinos de Tenerife | El Digital de Asturias\" \/>\n\t\t<meta property=\"og:description\" content=\"El Cabildo ha puesto en marcha una campa\u00f1a de promoci\u00f3n de los vinos de Tenerife que se desarrollar\u00e1 en diversos soportes para animar a la poblaci\u00f3n a consumir los vinos que se elaboran en la isla. La iniciativa cuenta con el apoyo de los Consejos Reguladores de Abona, G\u00fc\u00edmar, Valle de La Orotava y Tacoronte-Acentejo,\" \/>\n\t\t<meta property=\"og:url\" content=\"https:\/\/eldigitaldeasturias.com\/magazine365\/el-cabildo-pone-en-marcha-una-campana-de-promocion-de-los-vinos-de-tenerife\/\" \/>\n\t\t<meta property=\"og:image\" content=\"https:\/\/eldigitaldeasturias.com\/magazine365\/wp-content\/uploads\/2015\/06\/fotonoticia_20150622163621_800.jpg\" \/>\n\t\t<meta property=\"og:image:secure_url\" content=\"https:\/\/eldigitaldeasturias.com\/magazine365\/wp-content\/uploads\/2015\/06\/fotonoticia_20150622163621_800.jpg\" \/>\n\t\t<meta property=\"og:image:width\" content=\"800\" \/>\n\t\t<meta property=\"og:image:height\" content=\"1129\" \/>\n\t\t<meta property=\"article:published_time\" content=\"2015-06-23T07:02:12+00:00\" \/>\n\t\t<meta property=\"article:modified_time\" content=\"2015-06-23T07:02:12+00:00\" \/>\n\t\t<meta name=\"twitter:card\" content=\"summary_large_image\" \/>\n\t\t<meta name=\"twitter:title\" content=\"El Cabildo pone en marcha una campa\u00f1a de promoci\u00f3n de los vinos de Tenerife | El Digital de Asturias\" \/>\n\t\t<meta name=\"twitter:description\" content=\"El Cabildo ha puesto en marcha una campa\u00f1a de promoci\u00f3n de los vinos de Tenerife que se desarrollar\u00e1 en diversos soportes para animar a la poblaci\u00f3n a consumir los vinos que se elaboran en la isla. La iniciativa cuenta con el apoyo de los Consejos Reguladores de Abona, G\u00fc\u00edmar, Valle de La Orotava y Tacoronte-Acentejo,\" \/>\n\t\t<meta name=\"twitter:image\" content=\"https:\/\/eldigitaldeasturias.com\/magazine365\/wp-content\/uploads\/2015\/06\/fotonoticia_20150622163621_800.jpg\" \/>\n\t\t<script type=\"application\/ld+json\" class=\"aioseo-schema\">\n\t\t\t{\"@context\":\"https:\\\/\\\/schema.org\",\"@graph\":[{\"@type\":\"Article\",\"@id\":\"https:\\\/\\\/eldigitaldeasturias.com\\\/magazine365\\\/el-cabildo-pone-en-marcha-una-campana-de-promocion-de-los-vinos-de-tenerife\\\/#article\",\"name\":\"El Cabildo pone en marcha una campa\\u00f1a de promoci\\u00f3n de los vinos de Tenerife | El Digital de Asturias\",\"headline\":\"El Cabildo pone en marcha una campa\\u00f1a de promoci\\u00f3n de los vinos de Tenerife\",\"author\":{\"@id\":\"https:\\\/\\\/eldigitaldeasturias.com\\\/magazine365\\\/author\\\/admin\\\/#author\"},\"publisher\":{\"@id\":\"https:\\\/\\\/eldigitaldeasturias.com\\\/magazine365\\\/#organization\"},\"image\":{\"@type\":\"ImageObject\",\"url\":\"https:\\\/\\\/eldigitaldeasturias.com\\\/magazine365\\\/wp-content\\\/uploads\\\/2015\\\/06\\\/fotonoticia_20150622163621_800.jpg\",\"width\":800,\"height\":1129},\"datePublished\":\"2015-06-23T08:32:12+02:00\",\"dateModified\":\"2015-06-23T08:32:12+02:00\",\"inLanguage\":\"es-ES\",\"mainEntityOfPage\":{\"@id\":\"https:\\\/\\\/eldigitaldeasturias.com\\\/magazine365\\\/el-cabildo-pone-en-marcha-una-campana-de-promocion-de-los-vinos-de-tenerife\\\/#webpage\"},\"isPartOf\":{\"@id\":\"https:\\\/\\\/eldigitaldeasturias.com\\\/magazine365\\\/el-cabildo-pone-en-marcha-una-campana-de-promocion-de-los-vinos-de-tenerife\\\/#webpage\"},\"articleSection\":\"Noticias y Actualidad\"},{\"@type\":\"BreadcrumbList\",\"@id\":\"https:\\\/\\\/eldigitaldeasturias.com\\\/magazine365\\\/el-cabildo-pone-en-marcha-una-campana-de-promocion-de-los-vinos-de-tenerife\\\/#breadcrumblist\",\"itemListElement\":[{\"@type\":\"ListItem\",\"@id\":\"https:\\\/\\\/eldigitaldeasturias.com\\\/magazine365#listItem\",\"position\":1,\"name\":\"Home\",\"item\":\"https:\\\/\\\/eldigitaldeasturias.com\\\/magazine365\",\"nextItem\":{\"@type\":\"ListItem\",\"@id\":\"https:\\\/\\\/eldigitaldeasturias.com\\\/magazine365\\\/category\\\/noticias-actualidad\\\/#listItem\",\"name\":\"Noticias y Actualidad\"}},{\"@type\":\"ListItem\",\"@id\":\"https:\\\/\\\/eldigitaldeasturias.com\\\/magazine365\\\/category\\\/noticias-actualidad\\\/#listItem\",\"position\":2,\"name\":\"Noticias y Actualidad\",\"item\":\"https:\\\/\\\/eldigitaldeasturias.com\\\/magazine365\\\/category\\\/noticias-actualidad\\\/\",\"nextItem\":{\"@type\":\"ListItem\",\"@id\":\"https:\\\/\\\/eldigitaldeasturias.com\\\/magazine365\\\/el-cabildo-pone-en-marcha-una-campana-de-promocion-de-los-vinos-de-tenerife\\\/#listItem\",\"name\":\"El Cabildo pone en marcha una campa\\u00f1a de promoci\\u00f3n de los vinos de Tenerife\"},\"previousItem\":{\"@type\":\"ListItem\",\"@id\":\"https:\\\/\\\/eldigitaldeasturias.com\\\/magazine365#listItem\",\"name\":\"Home\"}},{\"@type\":\"ListItem\",\"@id\":\"https:\\\/\\\/eldigitaldeasturias.com\\\/magazine365\\\/el-cabildo-pone-en-marcha-una-campana-de-promocion-de-los-vinos-de-tenerife\\\/#listItem\",\"position\":3,\"name\":\"El Cabildo pone en marcha una campa\\u00f1a de promoci\\u00f3n de los vinos de Tenerife\",\"previousItem\":{\"@type\":\"ListItem\",\"@id\":\"https:\\\/\\\/eldigitaldeasturias.com\\\/magazine365\\\/category\\\/noticias-actualidad\\\/#listItem\",\"name\":\"Noticias y Actualidad\"}}]},{\"@type\":\"Organization\",\"@id\":\"https:\\\/\\\/eldigitaldeasturias.com\\\/magazine365\\\/#organization\",\"name\":\"El digital de Asturias\",\"description\":\"Revista de ocio, turismo y estilo de vida\",\"url\":\"https:\\\/\\\/eldigitaldeasturias.com\\\/magazine365\\\/\",\"logo\":{\"@type\":\"ImageObject\",\"url\":\"https:\\\/\\\/www.eldigitaldeasturias.com\\\/noticias\\\/wp-content\\\/uploads\\\/2020\\\/12\\\/EDA.jpg\",\"@id\":\"https:\\\/\\\/eldigitaldeasturias.com\\\/magazine365\\\/el-cabildo-pone-en-marcha-una-campana-de-promocion-de-los-vinos-de-tenerife\\\/#organizationLogo\"},\"image\":{\"@id\":\"https:\\\/\\\/eldigitaldeasturias.com\\\/magazine365\\\/el-cabildo-pone-en-marcha-una-campana-de-promocion-de-los-vinos-de-tenerife\\\/#organizationLogo\"}},{\"@type\":\"Person\",\"@id\":\"https:\\\/\\\/eldigitaldeasturias.com\\\/magazine365\\\/author\\\/admin\\\/#author\",\"url\":\"https:\\\/\\\/eldigitaldeasturias.com\\\/magazine365\\\/author\\\/admin\\\/\",\"name\":\"admin\",\"image\":{\"@type\":\"ImageObject\",\"@id\":\"https:\\\/\\\/eldigitaldeasturias.com\\\/magazine365\\\/el-cabildo-pone-en-marcha-una-campana-de-promocion-de-los-vinos-de-tenerife\\\/#authorImage\",\"url\":\"https:\\\/\\\/eldigitaldeasturias.com\\\/magazine365\\\/wp-content\\\/litespeed\\\/avatar\\\/e571bcf59a0edd6fa6838245a470f2fe.jpg?ver=1777574230\",\"width\":96,\"height\":96,\"caption\":\"admin\"}},{\"@type\":\"WebPage\",\"@id\":\"https:\\\/\\\/eldigitaldeasturias.com\\\/magazine365\\\/el-cabildo-pone-en-marcha-una-campana-de-promocion-de-los-vinos-de-tenerife\\\/#webpage\",\"url\":\"https:\\\/\\\/eldigitaldeasturias.com\\\/magazine365\\\/el-cabildo-pone-en-marcha-una-campana-de-promocion-de-los-vinos-de-tenerife\\\/\",\"name\":\"El Cabildo pone en marcha una campa\\u00f1a de promoci\\u00f3n de los vinos de Tenerife | El Digital de Asturias\",\"description\":\"El Cabildo ha puesto en marcha una campa\\u00f1a de promoci\\u00f3n de los vinos de Tenerife que se desarrollar\\u00e1 en diversos soportes para animar a la poblaci\\u00f3n a consumir los vinos que se elaboran en la isla. La iniciativa cuenta con el apoyo de los Consejos Reguladores de Abona, G\\u00fc\\u00edmar, Valle de La Orotava y Tacoronte-Acentejo,\",\"inLanguage\":\"es-ES\",\"isPartOf\":{\"@id\":\"https:\\\/\\\/eldigitaldeasturias.com\\\/magazine365\\\/#website\"},\"breadcrumb\":{\"@id\":\"https:\\\/\\\/eldigitaldeasturias.com\\\/magazine365\\\/el-cabildo-pone-en-marcha-una-campana-de-promocion-de-los-vinos-de-tenerife\\\/#breadcrumblist\"},\"author\":{\"@id\":\"https:\\\/\\\/eldigitaldeasturias.com\\\/magazine365\\\/author\\\/admin\\\/#author\"},\"creator\":{\"@id\":\"https:\\\/\\\/eldigitaldeasturias.com\\\/magazine365\\\/author\\\/admin\\\/#author\"},\"image\":{\"@type\":\"ImageObject\",\"url\":\"https:\\\/\\\/eldigitaldeasturias.com\\\/magazine365\\\/wp-content\\\/uploads\\\/2015\\\/06\\\/fotonoticia_20150622163621_800.jpg\",\"@id\":\"https:\\\/\\\/eldigitaldeasturias.com\\\/magazine365\\\/el-cabildo-pone-en-marcha-una-campana-de-promocion-de-los-vinos-de-tenerife\\\/#mainImage\",\"width\":800,\"height\":1129},\"primaryImageOfPage\":{\"@id\":\"https:\\\/\\\/eldigitaldeasturias.com\\\/magazine365\\\/el-cabildo-pone-en-marcha-una-campana-de-promocion-de-los-vinos-de-tenerife\\\/#mainImage\"},\"datePublished\":\"2015-06-23T08:32:12+02:00\",\"dateModified\":\"2015-06-23T08:32:12+02:00\"},{\"@type\":\"WebSite\",\"@id\":\"https:\\\/\\\/eldigitaldeasturias.com\\\/magazine365\\\/#website\",\"url\":\"https:\\\/\\\/eldigitaldeasturias.com\\\/magazine365\\\/\",\"name\":\"El Digital de Asturias\",\"description\":\"Revista de ocio, turismo y estilo de vida\",\"inLanguage\":\"es-ES\",\"publisher\":{\"@id\":\"https:\\\/\\\/eldigitaldeasturias.com\\\/magazine365\\\/#organization\"}}]}\n\t\t<\/script>\n\t\t<!-- All in One SEO Pro -->\r\n\t\t<title>El Cabildo pone en marcha una campa\u00f1a de promoci\u00f3n de los vinos de Tenerife | El Digital de Asturias<\/title>\n\n","aioseo_head_json":{"title":"El Cabildo pone en marcha una campa\u00f1a de promoci\u00f3n de los vinos de Tenerife | El Digital de Asturias","description":"El Cabildo ha puesto en marcha una campa\u00f1a de promoci\u00f3n de los vinos de Tenerife que se desarrollar\u00e1 en diversos soportes para animar a la poblaci\u00f3n a consumir los vinos que se elaboran en la isla. La iniciativa cuenta con el apoyo de los Consejos Reguladores de Abona, G\u00fc\u00edmar, Valle de La Orotava y Tacoronte-Acentejo,","canonical_url":"https:\/\/eldigitaldeasturias.com\/magazine365\/el-cabildo-pone-en-marcha-una-campana-de-promocion-de-los-vinos-de-tenerife\/","robots":"max-image-preview:large","keywords":"noticias y actualidad","webmasterTools":{"google-site-verification":"UA-38556648-1","miscellaneous":""},"schema":{"@context":"https:\/\/schema.org","@graph":[{"@type":"Article","@id":"https:\/\/eldigitaldeasturias.com\/magazine365\/el-cabildo-pone-en-marcha-una-campana-de-promocion-de-los-vinos-de-tenerife\/#article","name":"El Cabildo pone en marcha una campa\u00f1a de promoci\u00f3n de los vinos de Tenerife | El Digital de Asturias","headline":"El Cabildo pone en marcha una campa\u00f1a de promoci\u00f3n de los vinos de Tenerife","author":{"@id":"https:\/\/eldigitaldeasturias.com\/magazine365\/author\/admin\/#author"},"publisher":{"@id":"https:\/\/eldigitaldeasturias.com\/magazine365\/#organization"},"image":{"@type":"ImageObject","url":"https:\/\/eldigitaldeasturias.com\/magazine365\/wp-content\/uploads\/2015\/06\/fotonoticia_20150622163621_800.jpg","width":800,"height":1129},"datePublished":"2015-06-23T08:32:12+02:00","dateModified":"2015-06-23T08:32:12+02:00","inLanguage":"es-ES","mainEntityOfPage":{"@id":"https:\/\/eldigitaldeasturias.com\/magazine365\/el-cabildo-pone-en-marcha-una-campana-de-promocion-de-los-vinos-de-tenerife\/#webpage"},"isPartOf":{"@id":"https:\/\/eldigitaldeasturias.com\/magazine365\/el-cabildo-pone-en-marcha-una-campana-de-promocion-de-los-vinos-de-tenerife\/#webpage"},"articleSection":"Noticias y Actualidad"},{"@type":"BreadcrumbList","@id":"https:\/\/eldigitaldeasturias.com\/magazine365\/el-cabildo-pone-en-marcha-una-campana-de-promocion-de-los-vinos-de-tenerife\/#breadcrumblist","itemListElement":[{"@type":"ListItem","@id":"https:\/\/eldigitaldeasturias.com\/magazine365#listItem","position":1,"name":"Home","item":"https:\/\/eldigitaldeasturias.com\/magazine365","nextItem":{"@type":"ListItem","@id":"https:\/\/eldigitaldeasturias.com\/magazine365\/category\/noticias-actualidad\/#listItem","name":"Noticias y Actualidad"}},{"@type":"ListItem","@id":"https:\/\/eldigitaldeasturias.com\/magazine365\/category\/noticias-actualidad\/#listItem","position":2,"name":"Noticias y Actualidad","item":"https:\/\/eldigitaldeasturias.com\/magazine365\/category\/noticias-actualidad\/","nextItem":{"@type":"ListItem","@id":"https:\/\/eldigitaldeasturias.com\/magazine365\/el-cabildo-pone-en-marcha-una-campana-de-promocion-de-los-vinos-de-tenerife\/#listItem","name":"El Cabildo pone en marcha una campa\u00f1a de promoci\u00f3n de los vinos de Tenerife"},"previousItem":{"@type":"ListItem","@id":"https:\/\/eldigitaldeasturias.com\/magazine365#listItem","name":"Home"}},{"@type":"ListItem","@id":"https:\/\/eldigitaldeasturias.com\/magazine365\/el-cabildo-pone-en-marcha-una-campana-de-promocion-de-los-vinos-de-tenerife\/#listItem","position":3,"name":"El Cabildo pone en marcha una campa\u00f1a de promoci\u00f3n de los vinos de Tenerife","previousItem":{"@type":"ListItem","@id":"https:\/\/eldigitaldeasturias.com\/magazine365\/category\/noticias-actualidad\/#listItem","name":"Noticias y Actualidad"}}]},{"@type":"Organization","@id":"https:\/\/eldigitaldeasturias.com\/magazine365\/#organization","name":"El digital de Asturias","description":"Revista de ocio, turismo y estilo de vida","url":"https:\/\/eldigitaldeasturias.com\/magazine365\/","logo":{"@type":"ImageObject","url":"https:\/\/www.eldigitaldeasturias.com\/noticias\/wp-content\/uploads\/2020\/12\/EDA.jpg","@id":"https:\/\/eldigitaldeasturias.com\/magazine365\/el-cabildo-pone-en-marcha-una-campana-de-promocion-de-los-vinos-de-tenerife\/#organizationLogo"},"image":{"@id":"https:\/\/eldigitaldeasturias.com\/magazine365\/el-cabildo-pone-en-marcha-una-campana-de-promocion-de-los-vinos-de-tenerife\/#organizationLogo"}},{"@type":"Person","@id":"https:\/\/eldigitaldeasturias.com\/magazine365\/author\/admin\/#author","url":"https:\/\/eldigitaldeasturias.com\/magazine365\/author\/admin\/","name":"admin","image":{"@type":"ImageObject","@id":"https:\/\/eldigitaldeasturias.com\/magazine365\/el-cabildo-pone-en-marcha-una-campana-de-promocion-de-los-vinos-de-tenerife\/#authorImage","url":"https:\/\/eldigitaldeasturias.com\/magazine365\/wp-content\/litespeed\/avatar\/e571bcf59a0edd6fa6838245a470f2fe.jpg?ver=1777574230","width":96,"height":96,"caption":"admin"}},{"@type":"WebPage","@id":"https:\/\/eldigitaldeasturias.com\/magazine365\/el-cabildo-pone-en-marcha-una-campana-de-promocion-de-los-vinos-de-tenerife\/#webpage","url":"https:\/\/eldigitaldeasturias.com\/magazine365\/el-cabildo-pone-en-marcha-una-campana-de-promocion-de-los-vinos-de-tenerife\/","name":"El Cabildo pone en marcha una campa\u00f1a de promoci\u00f3n de los vinos de Tenerife | El Digital de Asturias","description":"El Cabildo ha puesto en marcha una campa\u00f1a de promoci\u00f3n de los vinos de Tenerife que se desarrollar\u00e1 en diversos soportes para animar a la poblaci\u00f3n a consumir los vinos que se elaboran en la isla. La iniciativa cuenta con el apoyo de los Consejos Reguladores de Abona, G\u00fc\u00edmar, Valle de La Orotava y Tacoronte-Acentejo,","inLanguage":"es-ES","isPartOf":{"@id":"https:\/\/eldigitaldeasturias.com\/magazine365\/#website"},"breadcrumb":{"@id":"https:\/\/eldigitaldeasturias.com\/magazine365\/el-cabildo-pone-en-marcha-una-campana-de-promocion-de-los-vinos-de-tenerife\/#breadcrumblist"},"author":{"@id":"https:\/\/eldigitaldeasturias.com\/magazine365\/author\/admin\/#author"},"creator":{"@id":"https:\/\/eldigitaldeasturias.com\/magazine365\/author\/admin\/#author"},"image":{"@type":"ImageObject","url":"https:\/\/eldigitaldeasturias.com\/magazine365\/wp-content\/uploads\/2015\/06\/fotonoticia_20150622163621_800.jpg","@id":"https:\/\/eldigitaldeasturias.com\/magazine365\/el-cabildo-pone-en-marcha-una-campana-de-promocion-de-los-vinos-de-tenerife\/#mainImage","width":800,"height":1129},"primaryImageOfPage":{"@id":"https:\/\/eldigitaldeasturias.com\/magazine365\/el-cabildo-pone-en-marcha-una-campana-de-promocion-de-los-vinos-de-tenerife\/#mainImage"},"datePublished":"2015-06-23T08:32:12+02:00","dateModified":"2015-06-23T08:32:12+02:00"},{"@type":"WebSite","@id":"https:\/\/eldigitaldeasturias.com\/magazine365\/#website","url":"https:\/\/eldigitaldeasturias.com\/magazine365\/","name":"El Digital de Asturias","description":"Revista de ocio, turismo y estilo de vida","inLanguage":"es-ES","publisher":{"@id":"https:\/\/eldigitaldeasturias.com\/magazine365\/#organization"}}]},"og:locale":"es_ES","og:site_name":"El Digital de Asturias \u2013 Revista de ocio, turismo y estilo de vida","og:type":"article","og:title":"El Cabildo pone en marcha una campa\u00f1a de promoci\u00f3n de los vinos de Tenerife | El Digital de Asturias","og:description":"El Cabildo ha puesto en marcha una campa\u00f1a de promoci\u00f3n de los vinos de Tenerife que se desarrollar\u00e1 en diversos soportes para animar a la poblaci\u00f3n a consumir los vinos que se elaboran en la isla. La iniciativa cuenta con el apoyo de los Consejos Reguladores de Abona, G\u00fc\u00edmar, Valle de La Orotava y Tacoronte-Acentejo,","og:url":"https:\/\/eldigitaldeasturias.com\/magazine365\/el-cabildo-pone-en-marcha-una-campana-de-promocion-de-los-vinos-de-tenerife\/","og:image":"https:\/\/eldigitaldeasturias.com\/magazine365\/wp-content\/uploads\/2015\/06\/fotonoticia_20150622163621_800.jpg","og:image:secure_url":"https:\/\/eldigitaldeasturias.com\/magazine365\/wp-content\/uploads\/2015\/06\/fotonoticia_20150622163621_800.jpg","og:image:width":800,"og:image:height":1129,"article:published_time":"2015-06-23T07:02:12+00:00","article:modified_time":"2015-06-23T07:02:12+00:00","twitter:card":"summary_large_image","twitter:title":"El Cabildo pone en marcha una campa\u00f1a de promoci\u00f3n de los vinos de Tenerife | El Digital de Asturias","twitter:description":"El Cabildo ha puesto en marcha una campa\u00f1a de promoci\u00f3n de los vinos de Tenerife que se desarrollar\u00e1 en diversos soportes para animar a la poblaci\u00f3n a consumir los vinos que se elaboran en la isla. La iniciativa cuenta con el apoyo de los Consejos Reguladores de Abona, G\u00fc\u00edmar, Valle de La Orotava y Tacoronte-Acentejo,","twitter:image":"https:\/\/eldigitaldeasturias.com\/magazine365\/wp-content\/uploads\/2015\/06\/fotonoticia_20150622163621_800.jpg"},"aioseo_meta_data":{"post_id":"40597","title":null,"description":null,"keywords":null,"keyphrases":null,"primary_term":null,"canonical_url":null,"og_title":null,"og_description":null,"og_object_type":"default","og_image_type":"default","og_image_url":null,"og_image_width":null,"og_image_height":null,"og_image_custom_url":null,"og_image_custom_fields":null,"og_video":null,"og_custom_url":null,"og_article_section":null,"og_article_tags":null,"twitter_use_og":false,"twitter_card":"default","twitter_image_type":"default","twitter_image_url":null,"twitter_image_custom_url":null,"twitter_image_custom_fields":null,"twitter_title":null,"twitter_description":null,"schema":{"blockGraphs":[],"customGraphs":[],"default":{"data":{"Article":[],"Course":[],"Dataset":[],"FAQPage":[],"Movie":[],"Person":[],"Product":[],"ProductReview":[],"Car":[],"Recipe":[],"Service":[],"SoftwareApplication":[],"WebPage":[]},"graphName":"","isEnabled":true},"graphs":[],"defaultGraph":"","defaultPostTypeGraph":""},"schema_type":null,"schema_type_options":null,"pillar_content":false,"robots_default":true,"robots_noindex":false,"robots_noarchive":false,"robots_nosnippet":false,"robots_nofollow":false,"robots_noimageindex":false,"robots_noodp":false,"robots_notranslate":false,"robots_max_snippet":null,"robots_max_videopreview":null,"robots_max_imagepreview":"large","priority":null,"frequency":null,"location":null,"local_seo":null,"seo_analyzer_scan_date":"2025-09-19 13:53:56","breadcrumb_settings":null,"limit_modified_date":false,"open_ai":null,"ai":null,"created":"2021-03-09 02:26:42","updated":"2025-09-19 13:53:56"},"aioseo_breadcrumb":"<div class=\"aioseo-breadcrumbs\"><span class=\"aioseo-breadcrumb\">\n\t<a href=\"https:\/\/eldigitaldeasturias.com\/magazine365\" title=\"Home\">Home<\/a>\n<\/span><span class=\"aioseo-breadcrumb-separator\">\u2013<\/span><span class=\"aioseo-breadcrumb\">\n\t<a href=\"https:\/\/eldigitaldeasturias.com\/magazine365\/category\/noticias-actualidad\/\" title=\"Noticias y Actualidad\">Noticias y Actualidad<\/a>\n<\/span><span class=\"aioseo-breadcrumb-separator\">\u2013<\/span><span class=\"aioseo-breadcrumb\">\n\t<a href=\"https:\/\/eldigitaldeasturias.com\/magazine365\/el-cabildo-pone-en-marcha-una-campana-de-promocion-de-los-vinos-de-tenerife\/\" title=\"El Cabildo pone en marcha una campa\u00f1a de promoci\u00f3n de los vinos de Tenerife\">El Cabildo pone en marcha una campa\u00f1a de promoci\u00f3n de los vinos de Tenerife<\/a>\n<\/span><\/div>","aioseo_breadcrumb_json":[{"label":"Home","link":"https:\/\/eldigitaldeasturias.com\/magazine365"},{"label":"Noticias y Actualidad","link":"https:\/\/eldigitaldeasturias.com\/magazine365\/category\/noticias-actualidad\/"},{"label":"El Cabildo pone en marcha una campa\u00f1a de promoci\u00f3n de los vinos de Tenerife","link":"https:\/\/eldigitaldeasturias.com\/magazine365\/el-cabildo-pone-en-marcha-una-campana-de-promocion-de-los-vinos-de-tenerife\/"}],"_links":{"self":[{"href":"https:\/\/eldigitaldeasturias.com\/magazine365\/wp-json\/wp\/v2\/posts\/40597","targetHints":{"allow":["GET"]}}],"collection":[{"href":"https:\/\/eldigitaldeasturias.com\/magazine365\/wp-json\/wp\/v2\/posts"}],"about":[{"href":"https:\/\/eldigitaldeasturias.com\/magazine365\/wp-json\/wp\/v2\/types\/post"}],"author":[{"embeddable":true,"href":"https:\/\/eldigitaldeasturias.com\/magazine365\/wp-json\/wp\/v2\/users\/1"}],"replies":[{"embeddable":true,"href":"https:\/\/eldigitaldeasturias.com\/magazine365\/wp-json\/wp\/v2\/comments?post=40597"}],"version-history":[{"count":0,"href":"https:\/\/eldigitaldeasturias.com\/magazine365\/wp-json\/wp\/v2\/posts\/40597\/revisions"}],"wp:featuredmedia":[{"embeddable":true,"href":"https:\/\/eldigitaldeasturias.com\/magazine365\/wp-json\/wp\/v2\/media\/40598"}],"wp:attachment":[{"href":"https:\/\/eldigitaldeasturias.com\/magazine365\/wp-json\/wp\/v2\/media?parent=40597"}],"wp:term":[{"taxonomy":"category","embeddable":true,"href":"https:\/\/eldigitaldeasturias.com\/magazine365\/wp-json\/wp\/v2\/categories?post=40597"},{"taxonomy":"post_tag","embeddable":true,"href":"https:\/\/eldigitaldeasturias.com\/magazine365\/wp-json\/wp\/v2\/tags?post=40597"}],"curies":[{"name":"wp","href":"https:\/\/api.w.org\/{rel}","templated":true}]}}