{"id":40594,"date":"2015-06-23T08:31:13","date_gmt":"2015-06-23T07:01:13","guid":{"rendered":"http:\/\/eldigitaldeasturias.com\/magazine365\/?p=40594"},"modified":"2015-06-23T08:31:13","modified_gmt":"2015-06-23T07:01:13","slug":"junta-de-andalucia-destaca-el-turismo-como-una-industria-clave-para-la-cooperacion-entre-territorios-en-el-marco-europeo","status":"publish","type":"post","link":"https:\/\/eldigitaldeasturias.com\/magazine365\/junta-de-andalucia-destaca-el-turismo-como-una-industria-clave-para-la-cooperacion-entre-territorios-en-el-marco-europeo\/","title":{"rendered":"Junta de Andaluc\u00eda destaca el turismo como una industria clave para la cooperaci\u00f3n entre territorios en el marco europeo"},"content":{"rendered":"<p><img fetchpriority=\"high\" decoding=\"async\" class=\"alignleft size-medium wp-image-40595\" src=\"https:\/\/eldigitaldeasturias.com\/magazine365\/wp-content\/uploads\/2015\/06\/fotonoticia_20150622153540_800-360x197.jpg\" alt=\"fotonoticia_20150622153540_800\" width=\"360\" height=\"197\" srcset=\"https:\/\/eldigitaldeasturias.com\/magazine365\/wp-content\/uploads\/2015\/06\/fotonoticia_20150622153540_800-360x197.jpg 360w, https:\/\/eldigitaldeasturias.com\/magazine365\/wp-content\/uploads\/2015\/06\/fotonoticia_20150622153540_800-650x356.jpg 650w, https:\/\/eldigitaldeasturias.com\/magazine365\/wp-content\/uploads\/2015\/06\/fotonoticia_20150622153540_800-768x420.jpg 768w, https:\/\/eldigitaldeasturias.com\/magazine365\/wp-content\/uploads\/2015\/06\/fotonoticia_20150622153540_800-150x82.jpg 150w, https:\/\/eldigitaldeasturias.com\/magazine365\/wp-content\/uploads\/2015\/06\/fotonoticia_20150622153540_800-450x246.jpg 450w, https:\/\/eldigitaldeasturias.com\/magazine365\/wp-content\/uploads\/2015\/06\/fotonoticia_20150622153540_800-696x381.jpg 696w, https:\/\/eldigitaldeasturias.com\/magazine365\/wp-content\/uploads\/2015\/06\/fotonoticia_20150622153540_800-767x420.jpg 767w, https:\/\/eldigitaldeasturias.com\/magazine365\/wp-content\/uploads\/2015\/06\/fotonoticia_20150622153540_800-655x360.jpg 655w, https:\/\/eldigitaldeasturias.com\/magazine365\/wp-content\/uploads\/2015\/06\/fotonoticia_20150622153540_800.jpg 800w\" sizes=\"(max-width: 360px) 100vw, 360px\" \/>La secretaria general para el Turismo de la Consejer\u00eda de Turismo y Comercio de la Junta de Andaluc\u00eda, Amalia Rodr\u00edguez, ha destacado este lunes en Huelva la importancia creciente que ha adquirido en los \u00faltimos a\u00f1os la industria tur\u00edstica dentro de las nuevas pol\u00edticas de la Uni\u00f3n Europea relativas al desarrollo econ\u00f3mico, el fomento del empleo y la cooperaci\u00f3n entre los distintos territorios.<\/p>\n<p>As\u00ed lo ha se\u00f1alado Rodr\u00edguez en el marco de la &#8216;Conferencia Euromediterr\u00e1nea. Estrategia de crecimiento y fomento del empleo&#8217;, en el edificio Las Cocheras del Puerto de Huelva, que ha reunido a m\u00e1s de 60 agentes y representantes de instituciones que act\u00faan en turismo para debatir y analizar las estrategias europeas que est\u00e1n en marcha para el desarrollo del sector tur\u00edstico costero y mar\u00edtimo y el fomento del empleo, y la generaci\u00f3n de riqueza en los territorios a trav\u00e9s de iniciativas de cooperaci\u00f3n transfronteriza, ha informado la Junta en una nota.<\/p>\n<p>A este respecto, Amalia Rodr\u00edguez ha destacado el desarrollo de una nueva edici\u00f3n del programa Odyssea Luso \u00c1ndalus entre localidades de Andaluc\u00eda y de las regiones portuguesas de Algarve y Alentejo, que tiene como objetivo de fomentar el turismo mediante la puesta en valor de itinerarios sobre los recursos n\u00e1utico-deportivos, gastron\u00f3micos, pesqueros, agroalimentarios, culturales y naturales de los destinos de ambos territorios.<\/p>\n<p>Este proyecto, que est\u00e1 financiado en un 75 por ciento por Fondos Europeos de Desarrollo Regional (Feder), suma la participaci\u00f3n de siete municipios del litoral de la provincia onubense (Punta Umbr\u00eda, Cartaya, Lepe, Isla Cristina, Ayamonte, Aljaraque y Gibrale\u00f3n) y otros dos de la zona portuguesa del Bajo Guadiana (Silves, Algarve; y Gr\u00e1ndola, Alentejo).<\/p>\n<p>El programa da continuidad a las iniciativas Odyssea Al-\u00c1ndalus y Sudoe, que se han desarrollado con participaci\u00f3n de Andaluc\u00eda, norte de Marruecos y regiones de la ribera del Mediterr\u00e1neo, y, a diferencia de anteriores ediciones, en esta ocasi\u00f3n no se ha limitado a localidades portuarias en el litoral sino que adem\u00e1s se extiende a zonas del interior.<\/p>\n<p>El programa entre la comunidad andaluza y las regiones portuguesas ha permitido a los puertos deportivos participantes contar con el uso de las nuevas tecnolog\u00edas para mejorar su competitividad tur\u00edstica. Adem\u00e1s, se ha desarrollado un club de producto que a\u00fana a las empresas tanto con actividad en el segmento de la n\u00e1utica como a otras con incidencia en el turismo procedentes de sectores como la cultura, naturaleza, gastronom\u00eda, pesca, industria agroalimentaria o artesan\u00eda.<\/p>\n<p>NUEVAS V\u00cdAS DE COLABORACI\u00d3N<\/p>\n<p>En la Conferencia Euromediterr\u00e1nea celebrada este lunes en Huelva, diversos expertos del continente se han citado para analizar las posiciones comunes de regiones costeras mediterr\u00e1neas y atl\u00e1nticas ante las recientes competencias en materia de turismo asumidas por la Comisi\u00f3n Europea, as\u00ed como para estudiar futuras iniciativas p\u00fablico-privadas de colaboraci\u00f3n que consigan captar fondos para el sector en el periodo de programaci\u00f3n 2014-2020.<\/p>\n<p>As\u00ed, han tomado parte en diferentes paneles representantes de instituciones de la Uni\u00f3n Europea, de entidades p\u00fablicas y privadas, expertos de \u00e1mbito internacional y miembros del sector empresarial vinculados a la actividad tur\u00edstica.<\/p>\n","protected":false},"excerpt":{"rendered":"<p>La secretaria general para el Turismo de la Consejer\u00eda de Turismo y Comercio de la Junta de Andaluc\u00eda, Amalia Rodr\u00edguez, ha destacado este lunes en Huelva la importancia creciente que ha adquirido en los \u00faltimos a\u00f1os la industria tur\u00edstica dentro de las nuevas pol\u00edticas de la Uni\u00f3n Europea relativas al desarrollo econ\u00f3mico, el fomento del<\/p>\n","protected":false},"author":1,"featured_media":40595,"comment_status":"open","ping_status":"closed","sticky":false,"template":"","format":"standard","meta":{"footnotes":""},"categories":[222],"tags":[],"class_list":{"0":"post-40594","1":"post","2":"type-post","3":"status-publish","4":"format-standard","5":"has-post-thumbnail","7":"category-actualidad-turismo"},"aioseo_notices":[],"aioseo_head":"\n\t\t<!-- All in One SEO Pro 4.9.6.1 - aioseo.com -->\n\t<meta name=\"description\" content=\"La secretaria general para el Turismo de la Consejer\u00eda de Turismo y Comercio de la Junta de Andaluc\u00eda, Amalia Rodr\u00edguez, ha destacado este lunes en Huelva la importancia creciente que ha adquirido en los \u00faltimos a\u00f1os la industria tur\u00edstica dentro de las nuevas pol\u00edticas de la Uni\u00f3n Europea relativas al desarrollo econ\u00f3mico, el fomento del\" \/>\n\t<meta name=\"robots\" content=\"max-image-preview:large\" \/>\n\t<meta name=\"author\" content=\"admin\"\/>\n\t<meta name=\"google-site-verification\" content=\"UA-38556648-1\" \/>\n\t<meta name=\"keywords\" content=\"actualidad turismo\" \/>\n\t<link rel=\"canonical\" href=\"https:\/\/eldigitaldeasturias.com\/magazine365\/junta-de-andalucia-destaca-el-turismo-como-una-industria-clave-para-la-cooperacion-entre-territorios-en-el-marco-europeo\/\" \/>\n\t<meta name=\"generator\" content=\"All in One SEO Pro (AIOSEO) 4.9.6.1\" \/>\n\t\t<meta property=\"og:locale\" content=\"es_ES\" \/>\n\t\t<meta property=\"og:site_name\" content=\"El Digital de Asturias \u2013 Revista de ocio, turismo y estilo de vida\" \/>\n\t\t<meta property=\"og:type\" content=\"article\" \/>\n\t\t<meta property=\"og:title\" content=\"Junta de Andaluc\u00eda destaca el turismo como una industria clave para la cooperaci\u00f3n entre territorios en el marco europeo | El Digital de Asturias\" \/>\n\t\t<meta property=\"og:description\" content=\"La secretaria general para el Turismo de la Consejer\u00eda de Turismo y Comercio de la Junta de Andaluc\u00eda, Amalia Rodr\u00edguez, ha destacado este lunes en Huelva la importancia creciente que ha adquirido en los \u00faltimos a\u00f1os la industria tur\u00edstica dentro de las nuevas pol\u00edticas de la Uni\u00f3n Europea relativas al desarrollo econ\u00f3mico, el fomento del\" \/>\n\t\t<meta property=\"og:url\" content=\"https:\/\/eldigitaldeasturias.com\/magazine365\/junta-de-andalucia-destaca-el-turismo-como-una-industria-clave-para-la-cooperacion-entre-territorios-en-el-marco-europeo\/\" \/>\n\t\t<meta property=\"og:image\" content=\"https:\/\/eldigitaldeasturias.com\/magazine365\/wp-content\/uploads\/2015\/06\/fotonoticia_20150622153540_800.jpg\" \/>\n\t\t<meta property=\"og:image:secure_url\" content=\"https:\/\/eldigitaldeasturias.com\/magazine365\/wp-content\/uploads\/2015\/06\/fotonoticia_20150622153540_800.jpg\" \/>\n\t\t<meta property=\"og:image:width\" content=\"800\" \/>\n\t\t<meta property=\"og:image:height\" content=\"438\" \/>\n\t\t<meta property=\"article:published_time\" content=\"2015-06-23T07:01:13+00:00\" \/>\n\t\t<meta property=\"article:modified_time\" content=\"2015-06-23T07:01:13+00:00\" \/>\n\t\t<meta name=\"twitter:card\" content=\"summary_large_image\" \/>\n\t\t<meta name=\"twitter:title\" content=\"Junta de Andaluc\u00eda destaca el turismo como una industria clave para la cooperaci\u00f3n entre territorios en el marco europeo | El Digital de Asturias\" \/>\n\t\t<meta name=\"twitter:description\" content=\"La secretaria general para el Turismo de la Consejer\u00eda de Turismo y Comercio de la Junta de Andaluc\u00eda, Amalia Rodr\u00edguez, ha destacado este lunes en Huelva la importancia creciente que ha adquirido en los \u00faltimos a\u00f1os la industria tur\u00edstica dentro de las nuevas pol\u00edticas de la Uni\u00f3n Europea relativas al desarrollo econ\u00f3mico, el fomento del\" \/>\n\t\t<meta name=\"twitter:image\" content=\"https:\/\/eldigitaldeasturias.com\/magazine365\/wp-content\/uploads\/2015\/06\/fotonoticia_20150622153540_800.jpg\" \/>\n\t\t<script type=\"application\/ld+json\" class=\"aioseo-schema\">\n\t\t\t{\"@context\":\"https:\\\/\\\/schema.org\",\"@graph\":[{\"@type\":\"Article\",\"@id\":\"https:\\\/\\\/eldigitaldeasturias.com\\\/magazine365\\\/junta-de-andalucia-destaca-el-turismo-como-una-industria-clave-para-la-cooperacion-entre-territorios-en-el-marco-europeo\\\/#article\",\"name\":\"Junta de Andaluc\\u00eda destaca el turismo como una industria clave para la cooperaci\\u00f3n entre territorios en el marco europeo | El Digital de Asturias\",\"headline\":\"Junta de Andaluc\\u00eda destaca el turismo como una industria clave para la cooperaci\\u00f3n entre territorios en el marco europeo\",\"author\":{\"@id\":\"https:\\\/\\\/eldigitaldeasturias.com\\\/magazine365\\\/author\\\/admin\\\/#author\"},\"publisher\":{\"@id\":\"https:\\\/\\\/eldigitaldeasturias.com\\\/magazine365\\\/#organization\"},\"image\":{\"@type\":\"ImageObject\",\"url\":\"https:\\\/\\\/eldigitaldeasturias.com\\\/magazine365\\\/wp-content\\\/uploads\\\/2015\\\/06\\\/fotonoticia_20150622153540_800.jpg\",\"width\":800,\"height\":438},\"datePublished\":\"2015-06-23T08:31:13+02:00\",\"dateModified\":\"2015-06-23T08:31:13+02:00\",\"inLanguage\":\"es-ES\",\"mainEntityOfPage\":{\"@id\":\"https:\\\/\\\/eldigitaldeasturias.com\\\/magazine365\\\/junta-de-andalucia-destaca-el-turismo-como-una-industria-clave-para-la-cooperacion-entre-territorios-en-el-marco-europeo\\\/#webpage\"},\"isPartOf\":{\"@id\":\"https:\\\/\\\/eldigitaldeasturias.com\\\/magazine365\\\/junta-de-andalucia-destaca-el-turismo-como-una-industria-clave-para-la-cooperacion-entre-territorios-en-el-marco-europeo\\\/#webpage\"},\"articleSection\":\"Actualidad Turismo\"},{\"@type\":\"BreadcrumbList\",\"@id\":\"https:\\\/\\\/eldigitaldeasturias.com\\\/magazine365\\\/junta-de-andalucia-destaca-el-turismo-como-una-industria-clave-para-la-cooperacion-entre-territorios-en-el-marco-europeo\\\/#breadcrumblist\",\"itemListElement\":[{\"@type\":\"ListItem\",\"@id\":\"https:\\\/\\\/eldigitaldeasturias.com\\\/magazine365#listItem\",\"position\":1,\"name\":\"Home\",\"item\":\"https:\\\/\\\/eldigitaldeasturias.com\\\/magazine365\",\"nextItem\":{\"@type\":\"ListItem\",\"@id\":\"https:\\\/\\\/eldigitaldeasturias.com\\\/magazine365\\\/category\\\/actualidad-turismo\\\/#listItem\",\"name\":\"Actualidad Turismo\"}},{\"@type\":\"ListItem\",\"@id\":\"https:\\\/\\\/eldigitaldeasturias.com\\\/magazine365\\\/category\\\/actualidad-turismo\\\/#listItem\",\"position\":2,\"name\":\"Actualidad Turismo\",\"item\":\"https:\\\/\\\/eldigitaldeasturias.com\\\/magazine365\\\/category\\\/actualidad-turismo\\\/\",\"nextItem\":{\"@type\":\"ListItem\",\"@id\":\"https:\\\/\\\/eldigitaldeasturias.com\\\/magazine365\\\/junta-de-andalucia-destaca-el-turismo-como-una-industria-clave-para-la-cooperacion-entre-territorios-en-el-marco-europeo\\\/#listItem\",\"name\":\"Junta de Andaluc\\u00eda destaca el turismo como una industria clave para la cooperaci\\u00f3n entre territorios en el marco europeo\"},\"previousItem\":{\"@type\":\"ListItem\",\"@id\":\"https:\\\/\\\/eldigitaldeasturias.com\\\/magazine365#listItem\",\"name\":\"Home\"}},{\"@type\":\"ListItem\",\"@id\":\"https:\\\/\\\/eldigitaldeasturias.com\\\/magazine365\\\/junta-de-andalucia-destaca-el-turismo-como-una-industria-clave-para-la-cooperacion-entre-territorios-en-el-marco-europeo\\\/#listItem\",\"position\":3,\"name\":\"Junta de Andaluc\\u00eda destaca el turismo como una industria clave para la cooperaci\\u00f3n entre territorios en el marco europeo\",\"previousItem\":{\"@type\":\"ListItem\",\"@id\":\"https:\\\/\\\/eldigitaldeasturias.com\\\/magazine365\\\/category\\\/actualidad-turismo\\\/#listItem\",\"name\":\"Actualidad Turismo\"}}]},{\"@type\":\"Organization\",\"@id\":\"https:\\\/\\\/eldigitaldeasturias.com\\\/magazine365\\\/#organization\",\"name\":\"El digital de Asturias\",\"description\":\"Revista de ocio, turismo y estilo de vida\",\"url\":\"https:\\\/\\\/eldigitaldeasturias.com\\\/magazine365\\\/\",\"logo\":{\"@type\":\"ImageObject\",\"url\":\"https:\\\/\\\/www.eldigitaldeasturias.com\\\/noticias\\\/wp-content\\\/uploads\\\/2020\\\/12\\\/EDA.jpg\",\"@id\":\"https:\\\/\\\/eldigitaldeasturias.com\\\/magazine365\\\/junta-de-andalucia-destaca-el-turismo-como-una-industria-clave-para-la-cooperacion-entre-territorios-en-el-marco-europeo\\\/#organizationLogo\"},\"image\":{\"@id\":\"https:\\\/\\\/eldigitaldeasturias.com\\\/magazine365\\\/junta-de-andalucia-destaca-el-turismo-como-una-industria-clave-para-la-cooperacion-entre-territorios-en-el-marco-europeo\\\/#organizationLogo\"}},{\"@type\":\"Person\",\"@id\":\"https:\\\/\\\/eldigitaldeasturias.com\\\/magazine365\\\/author\\\/admin\\\/#author\",\"url\":\"https:\\\/\\\/eldigitaldeasturias.com\\\/magazine365\\\/author\\\/admin\\\/\",\"name\":\"admin\",\"image\":{\"@type\":\"ImageObject\",\"@id\":\"https:\\\/\\\/eldigitaldeasturias.com\\\/magazine365\\\/junta-de-andalucia-destaca-el-turismo-como-una-industria-clave-para-la-cooperacion-entre-territorios-en-el-marco-europeo\\\/#authorImage\",\"url\":\"https:\\\/\\\/eldigitaldeasturias.com\\\/magazine365\\\/wp-content\\\/litespeed\\\/avatar\\\/e571bcf59a0edd6fa6838245a470f2fe.jpg?ver=1777574230\",\"width\":96,\"height\":96,\"caption\":\"admin\"}},{\"@type\":\"WebPage\",\"@id\":\"https:\\\/\\\/eldigitaldeasturias.com\\\/magazine365\\\/junta-de-andalucia-destaca-el-turismo-como-una-industria-clave-para-la-cooperacion-entre-territorios-en-el-marco-europeo\\\/#webpage\",\"url\":\"https:\\\/\\\/eldigitaldeasturias.com\\\/magazine365\\\/junta-de-andalucia-destaca-el-turismo-como-una-industria-clave-para-la-cooperacion-entre-territorios-en-el-marco-europeo\\\/\",\"name\":\"Junta de Andaluc\\u00eda destaca el turismo como una industria clave para la cooperaci\\u00f3n entre territorios en el marco europeo | El Digital de Asturias\",\"description\":\"La secretaria general para el Turismo de la Consejer\\u00eda de Turismo y Comercio de la Junta de Andaluc\\u00eda, Amalia Rodr\\u00edguez, ha destacado este lunes en Huelva la importancia creciente que ha adquirido en los \\u00faltimos a\\u00f1os la industria tur\\u00edstica dentro de las nuevas pol\\u00edticas de la Uni\\u00f3n Europea relativas al desarrollo econ\\u00f3mico, el fomento del\",\"inLanguage\":\"es-ES\",\"isPartOf\":{\"@id\":\"https:\\\/\\\/eldigitaldeasturias.com\\\/magazine365\\\/#website\"},\"breadcrumb\":{\"@id\":\"https:\\\/\\\/eldigitaldeasturias.com\\\/magazine365\\\/junta-de-andalucia-destaca-el-turismo-como-una-industria-clave-para-la-cooperacion-entre-territorios-en-el-marco-europeo\\\/#breadcrumblist\"},\"author\":{\"@id\":\"https:\\\/\\\/eldigitaldeasturias.com\\\/magazine365\\\/author\\\/admin\\\/#author\"},\"creator\":{\"@id\":\"https:\\\/\\\/eldigitaldeasturias.com\\\/magazine365\\\/author\\\/admin\\\/#author\"},\"image\":{\"@type\":\"ImageObject\",\"url\":\"https:\\\/\\\/eldigitaldeasturias.com\\\/magazine365\\\/wp-content\\\/uploads\\\/2015\\\/06\\\/fotonoticia_20150622153540_800.jpg\",\"@id\":\"https:\\\/\\\/eldigitaldeasturias.com\\\/magazine365\\\/junta-de-andalucia-destaca-el-turismo-como-una-industria-clave-para-la-cooperacion-entre-territorios-en-el-marco-europeo\\\/#mainImage\",\"width\":800,\"height\":438},\"primaryImageOfPage\":{\"@id\":\"https:\\\/\\\/eldigitaldeasturias.com\\\/magazine365\\\/junta-de-andalucia-destaca-el-turismo-como-una-industria-clave-para-la-cooperacion-entre-territorios-en-el-marco-europeo\\\/#mainImage\"},\"datePublished\":\"2015-06-23T08:31:13+02:00\",\"dateModified\":\"2015-06-23T08:31:13+02:00\"},{\"@type\":\"WebSite\",\"@id\":\"https:\\\/\\\/eldigitaldeasturias.com\\\/magazine365\\\/#website\",\"url\":\"https:\\\/\\\/eldigitaldeasturias.com\\\/magazine365\\\/\",\"name\":\"El Digital de Asturias\",\"description\":\"Revista de ocio, turismo y estilo de vida\",\"inLanguage\":\"es-ES\",\"publisher\":{\"@id\":\"https:\\\/\\\/eldigitaldeasturias.com\\\/magazine365\\\/#organization\"}}]}\n\t\t<\/script>\n\t\t<!-- All in One SEO Pro -->\r\n\t\t<title>Junta de Andaluc\u00eda destaca el turismo como una industria clave para la cooperaci\u00f3n entre territorios en el marco europeo | El Digital de Asturias<\/title>\n\n","aioseo_head_json":{"title":"Junta de Andaluc\u00eda destaca el turismo como una industria clave para la cooperaci\u00f3n entre territorios en el marco europeo | El Digital de Asturias","description":"La secretaria general para el Turismo de la Consejer\u00eda de Turismo y Comercio de la Junta de Andaluc\u00eda, Amalia Rodr\u00edguez, ha destacado este lunes en Huelva la importancia creciente que ha adquirido en los \u00faltimos a\u00f1os la industria tur\u00edstica dentro de las nuevas pol\u00edticas de la Uni\u00f3n Europea relativas al desarrollo econ\u00f3mico, el fomento del","canonical_url":"https:\/\/eldigitaldeasturias.com\/magazine365\/junta-de-andalucia-destaca-el-turismo-como-una-industria-clave-para-la-cooperacion-entre-territorios-en-el-marco-europeo\/","robots":"max-image-preview:large","keywords":"actualidad turismo","webmasterTools":{"google-site-verification":"UA-38556648-1","miscellaneous":""},"schema":{"@context":"https:\/\/schema.org","@graph":[{"@type":"Article","@id":"https:\/\/eldigitaldeasturias.com\/magazine365\/junta-de-andalucia-destaca-el-turismo-como-una-industria-clave-para-la-cooperacion-entre-territorios-en-el-marco-europeo\/#article","name":"Junta de Andaluc\u00eda destaca el turismo como una industria clave para la cooperaci\u00f3n entre territorios en el marco europeo | El Digital de Asturias","headline":"Junta de Andaluc\u00eda destaca el turismo como una industria clave para la cooperaci\u00f3n entre territorios en el marco europeo","author":{"@id":"https:\/\/eldigitaldeasturias.com\/magazine365\/author\/admin\/#author"},"publisher":{"@id":"https:\/\/eldigitaldeasturias.com\/magazine365\/#organization"},"image":{"@type":"ImageObject","url":"https:\/\/eldigitaldeasturias.com\/magazine365\/wp-content\/uploads\/2015\/06\/fotonoticia_20150622153540_800.jpg","width":800,"height":438},"datePublished":"2015-06-23T08:31:13+02:00","dateModified":"2015-06-23T08:31:13+02:00","inLanguage":"es-ES","mainEntityOfPage":{"@id":"https:\/\/eldigitaldeasturias.com\/magazine365\/junta-de-andalucia-destaca-el-turismo-como-una-industria-clave-para-la-cooperacion-entre-territorios-en-el-marco-europeo\/#webpage"},"isPartOf":{"@id":"https:\/\/eldigitaldeasturias.com\/magazine365\/junta-de-andalucia-destaca-el-turismo-como-una-industria-clave-para-la-cooperacion-entre-territorios-en-el-marco-europeo\/#webpage"},"articleSection":"Actualidad Turismo"},{"@type":"BreadcrumbList","@id":"https:\/\/eldigitaldeasturias.com\/magazine365\/junta-de-andalucia-destaca-el-turismo-como-una-industria-clave-para-la-cooperacion-entre-territorios-en-el-marco-europeo\/#breadcrumblist","itemListElement":[{"@type":"ListItem","@id":"https:\/\/eldigitaldeasturias.com\/magazine365#listItem","position":1,"name":"Home","item":"https:\/\/eldigitaldeasturias.com\/magazine365","nextItem":{"@type":"ListItem","@id":"https:\/\/eldigitaldeasturias.com\/magazine365\/category\/actualidad-turismo\/#listItem","name":"Actualidad Turismo"}},{"@type":"ListItem","@id":"https:\/\/eldigitaldeasturias.com\/magazine365\/category\/actualidad-turismo\/#listItem","position":2,"name":"Actualidad Turismo","item":"https:\/\/eldigitaldeasturias.com\/magazine365\/category\/actualidad-turismo\/","nextItem":{"@type":"ListItem","@id":"https:\/\/eldigitaldeasturias.com\/magazine365\/junta-de-andalucia-destaca-el-turismo-como-una-industria-clave-para-la-cooperacion-entre-territorios-en-el-marco-europeo\/#listItem","name":"Junta de Andaluc\u00eda destaca el turismo como una industria clave para la cooperaci\u00f3n entre territorios en el marco europeo"},"previousItem":{"@type":"ListItem","@id":"https:\/\/eldigitaldeasturias.com\/magazine365#listItem","name":"Home"}},{"@type":"ListItem","@id":"https:\/\/eldigitaldeasturias.com\/magazine365\/junta-de-andalucia-destaca-el-turismo-como-una-industria-clave-para-la-cooperacion-entre-territorios-en-el-marco-europeo\/#listItem","position":3,"name":"Junta de Andaluc\u00eda destaca el turismo como una industria clave para la cooperaci\u00f3n entre territorios en el marco europeo","previousItem":{"@type":"ListItem","@id":"https:\/\/eldigitaldeasturias.com\/magazine365\/category\/actualidad-turismo\/#listItem","name":"Actualidad Turismo"}}]},{"@type":"Organization","@id":"https:\/\/eldigitaldeasturias.com\/magazine365\/#organization","name":"El digital de Asturias","description":"Revista de ocio, turismo y estilo de vida","url":"https:\/\/eldigitaldeasturias.com\/magazine365\/","logo":{"@type":"ImageObject","url":"https:\/\/www.eldigitaldeasturias.com\/noticias\/wp-content\/uploads\/2020\/12\/EDA.jpg","@id":"https:\/\/eldigitaldeasturias.com\/magazine365\/junta-de-andalucia-destaca-el-turismo-como-una-industria-clave-para-la-cooperacion-entre-territorios-en-el-marco-europeo\/#organizationLogo"},"image":{"@id":"https:\/\/eldigitaldeasturias.com\/magazine365\/junta-de-andalucia-destaca-el-turismo-como-una-industria-clave-para-la-cooperacion-entre-territorios-en-el-marco-europeo\/#organizationLogo"}},{"@type":"Person","@id":"https:\/\/eldigitaldeasturias.com\/magazine365\/author\/admin\/#author","url":"https:\/\/eldigitaldeasturias.com\/magazine365\/author\/admin\/","name":"admin","image":{"@type":"ImageObject","@id":"https:\/\/eldigitaldeasturias.com\/magazine365\/junta-de-andalucia-destaca-el-turismo-como-una-industria-clave-para-la-cooperacion-entre-territorios-en-el-marco-europeo\/#authorImage","url":"https:\/\/eldigitaldeasturias.com\/magazine365\/wp-content\/litespeed\/avatar\/e571bcf59a0edd6fa6838245a470f2fe.jpg?ver=1777574230","width":96,"height":96,"caption":"admin"}},{"@type":"WebPage","@id":"https:\/\/eldigitaldeasturias.com\/magazine365\/junta-de-andalucia-destaca-el-turismo-como-una-industria-clave-para-la-cooperacion-entre-territorios-en-el-marco-europeo\/#webpage","url":"https:\/\/eldigitaldeasturias.com\/magazine365\/junta-de-andalucia-destaca-el-turismo-como-una-industria-clave-para-la-cooperacion-entre-territorios-en-el-marco-europeo\/","name":"Junta de Andaluc\u00eda destaca el turismo como una industria clave para la cooperaci\u00f3n entre territorios en el marco europeo | El Digital de Asturias","description":"La secretaria general para el Turismo de la Consejer\u00eda de Turismo y Comercio de la Junta de Andaluc\u00eda, Amalia Rodr\u00edguez, ha destacado este lunes en Huelva la importancia creciente que ha adquirido en los \u00faltimos a\u00f1os la industria tur\u00edstica dentro de las nuevas pol\u00edticas de la Uni\u00f3n Europea relativas al desarrollo econ\u00f3mico, el fomento del","inLanguage":"es-ES","isPartOf":{"@id":"https:\/\/eldigitaldeasturias.com\/magazine365\/#website"},"breadcrumb":{"@id":"https:\/\/eldigitaldeasturias.com\/magazine365\/junta-de-andalucia-destaca-el-turismo-como-una-industria-clave-para-la-cooperacion-entre-territorios-en-el-marco-europeo\/#breadcrumblist"},"author":{"@id":"https:\/\/eldigitaldeasturias.com\/magazine365\/author\/admin\/#author"},"creator":{"@id":"https:\/\/eldigitaldeasturias.com\/magazine365\/author\/admin\/#author"},"image":{"@type":"ImageObject","url":"https:\/\/eldigitaldeasturias.com\/magazine365\/wp-content\/uploads\/2015\/06\/fotonoticia_20150622153540_800.jpg","@id":"https:\/\/eldigitaldeasturias.com\/magazine365\/junta-de-andalucia-destaca-el-turismo-como-una-industria-clave-para-la-cooperacion-entre-territorios-en-el-marco-europeo\/#mainImage","width":800,"height":438},"primaryImageOfPage":{"@id":"https:\/\/eldigitaldeasturias.com\/magazine365\/junta-de-andalucia-destaca-el-turismo-como-una-industria-clave-para-la-cooperacion-entre-territorios-en-el-marco-europeo\/#mainImage"},"datePublished":"2015-06-23T08:31:13+02:00","dateModified":"2015-06-23T08:31:13+02:00"},{"@type":"WebSite","@id":"https:\/\/eldigitaldeasturias.com\/magazine365\/#website","url":"https:\/\/eldigitaldeasturias.com\/magazine365\/","name":"El Digital de Asturias","description":"Revista de ocio, turismo y estilo de vida","inLanguage":"es-ES","publisher":{"@id":"https:\/\/eldigitaldeasturias.com\/magazine365\/#organization"}}]},"og:locale":"es_ES","og:site_name":"El Digital de Asturias \u2013 Revista de ocio, turismo y estilo de vida","og:type":"article","og:title":"Junta de Andaluc\u00eda destaca el turismo como una industria clave para la cooperaci\u00f3n entre territorios en el marco europeo | El Digital de Asturias","og:description":"La secretaria general para el Turismo de la Consejer\u00eda de Turismo y Comercio de la Junta de Andaluc\u00eda, Amalia Rodr\u00edguez, ha destacado este lunes en Huelva la importancia creciente que ha adquirido en los \u00faltimos a\u00f1os la industria tur\u00edstica dentro de las nuevas pol\u00edticas de la Uni\u00f3n Europea relativas al desarrollo econ\u00f3mico, el fomento del","og:url":"https:\/\/eldigitaldeasturias.com\/magazine365\/junta-de-andalucia-destaca-el-turismo-como-una-industria-clave-para-la-cooperacion-entre-territorios-en-el-marco-europeo\/","og:image":"https:\/\/eldigitaldeasturias.com\/magazine365\/wp-content\/uploads\/2015\/06\/fotonoticia_20150622153540_800.jpg","og:image:secure_url":"https:\/\/eldigitaldeasturias.com\/magazine365\/wp-content\/uploads\/2015\/06\/fotonoticia_20150622153540_800.jpg","og:image:width":800,"og:image:height":438,"article:published_time":"2015-06-23T07:01:13+00:00","article:modified_time":"2015-06-23T07:01:13+00:00","twitter:card":"summary_large_image","twitter:title":"Junta de Andaluc\u00eda destaca el turismo como una industria clave para la cooperaci\u00f3n entre territorios en el marco europeo | El Digital de Asturias","twitter:description":"La secretaria general para el Turismo de la Consejer\u00eda de Turismo y Comercio de la Junta de Andaluc\u00eda, Amalia Rodr\u00edguez, ha destacado este lunes en Huelva la importancia creciente que ha adquirido en los \u00faltimos a\u00f1os la industria tur\u00edstica dentro de las nuevas pol\u00edticas de la Uni\u00f3n Europea relativas al desarrollo econ\u00f3mico, el fomento del","twitter:image":"https:\/\/eldigitaldeasturias.com\/magazine365\/wp-content\/uploads\/2015\/06\/fotonoticia_20150622153540_800.jpg"},"aioseo_meta_data":{"post_id":"40594","title":null,"description":null,"keywords":null,"keyphrases":null,"primary_term":null,"canonical_url":null,"og_title":null,"og_description":null,"og_object_type":"default","og_image_type":"default","og_image_url":null,"og_image_width":null,"og_image_height":null,"og_image_custom_url":null,"og_image_custom_fields":null,"og_video":null,"og_custom_url":null,"og_article_section":null,"og_article_tags":null,"twitter_use_og":false,"twitter_card":"default","twitter_image_type":"default","twitter_image_url":null,"twitter_image_custom_url":null,"twitter_image_custom_fields":null,"twitter_title":null,"twitter_description":null,"schema":{"blockGraphs":[],"customGraphs":[],"default":{"data":{"Article":[],"Course":[],"Dataset":[],"FAQPage":[],"Movie":[],"Person":[],"Product":[],"ProductReview":[],"Car":[],"Recipe":[],"Service":[],"SoftwareApplication":[],"WebPage":[]},"graphName":"","isEnabled":true},"graphs":[]},"schema_type":null,"schema_type_options":null,"pillar_content":false,"robots_default":true,"robots_noindex":false,"robots_noarchive":false,"robots_nosnippet":false,"robots_nofollow":false,"robots_noimageindex":false,"robots_noodp":false,"robots_notranslate":false,"robots_max_snippet":null,"robots_max_videopreview":null,"robots_max_imagepreview":"large","priority":null,"frequency":null,"location":null,"local_seo":null,"seo_analyzer_scan_date":"2025-09-19 13:53:54","breadcrumb_settings":null,"limit_modified_date":false,"open_ai":null,"ai":null,"created":"2021-03-09 02:26:42","updated":"2025-09-19 13:53:54"},"aioseo_breadcrumb":"<div class=\"aioseo-breadcrumbs\"><span class=\"aioseo-breadcrumb\">\n\t<a href=\"https:\/\/eldigitaldeasturias.com\/magazine365\" title=\"Home\">Home<\/a>\n<\/span><span class=\"aioseo-breadcrumb-separator\">\u2013<\/span><span class=\"aioseo-breadcrumb\">\n\t<a href=\"https:\/\/eldigitaldeasturias.com\/magazine365\/category\/actualidad-turismo\/\" title=\"Actualidad Turismo\">Actualidad Turismo<\/a>\n<\/span><span class=\"aioseo-breadcrumb-separator\">\u2013<\/span><span class=\"aioseo-breadcrumb\">\n\t<a href=\"https:\/\/eldigitaldeasturias.com\/magazine365\/junta-de-andalucia-destaca-el-turismo-como-una-industria-clave-para-la-cooperacion-entre-territorios-en-el-marco-europeo\/\" title=\"Junta de Andaluc\u00eda destaca el turismo como una industria clave para la cooperaci\u00f3n entre territorios en el marco europeo\">Junta de Andaluc\u00eda destaca el turismo como una industria clave para la cooperaci\u00f3n entre territorios en el marco europeo<\/a>\n<\/span><\/div>","aioseo_breadcrumb_json":[{"label":"Home","link":"https:\/\/eldigitaldeasturias.com\/magazine365"},{"label":"Actualidad Turismo","link":"https:\/\/eldigitaldeasturias.com\/magazine365\/category\/actualidad-turismo\/"},{"label":"Junta de Andaluc\u00eda destaca el turismo como una industria clave para la cooperaci\u00f3n entre territorios en el marco europeo","link":"https:\/\/eldigitaldeasturias.com\/magazine365\/junta-de-andalucia-destaca-el-turismo-como-una-industria-clave-para-la-cooperacion-entre-territorios-en-el-marco-europeo\/"}],"_links":{"self":[{"href":"https:\/\/eldigitaldeasturias.com\/magazine365\/wp-json\/wp\/v2\/posts\/40594","targetHints":{"allow":["GET"]}}],"collection":[{"href":"https:\/\/eldigitaldeasturias.com\/magazine365\/wp-json\/wp\/v2\/posts"}],"about":[{"href":"https:\/\/eldigitaldeasturias.com\/magazine365\/wp-json\/wp\/v2\/types\/post"}],"author":[{"embeddable":true,"href":"https:\/\/eldigitaldeasturias.com\/magazine365\/wp-json\/wp\/v2\/users\/1"}],"replies":[{"embeddable":true,"href":"https:\/\/eldigitaldeasturias.com\/magazine365\/wp-json\/wp\/v2\/comments?post=40594"}],"version-history":[{"count":0,"href":"https:\/\/eldigitaldeasturias.com\/magazine365\/wp-json\/wp\/v2\/posts\/40594\/revisions"}],"wp:featuredmedia":[{"embeddable":true,"href":"https:\/\/eldigitaldeasturias.com\/magazine365\/wp-json\/wp\/v2\/media\/40595"}],"wp:attachment":[{"href":"https:\/\/eldigitaldeasturias.com\/magazine365\/wp-json\/wp\/v2\/media?parent=40594"}],"wp:term":[{"taxonomy":"category","embeddable":true,"href":"https:\/\/eldigitaldeasturias.com\/magazine365\/wp-json\/wp\/v2\/categories?post=40594"},{"taxonomy":"post_tag","embeddable":true,"href":"https:\/\/eldigitaldeasturias.com\/magazine365\/wp-json\/wp\/v2\/tags?post=40594"}],"curies":[{"name":"wp","href":"https:\/\/api.w.org\/{rel}","templated":true}]}}