{"id":40591,"date":"2015-06-23T08:29:49","date_gmt":"2015-06-23T06:59:49","guid":{"rendered":"http:\/\/eldigitaldeasturias.com\/magazine365\/?p=40591"},"modified":"2015-06-23T08:29:49","modified_gmt":"2015-06-23T06:59:49","slug":"el-ayuntamiento-de-cordoba-respalda-la-app-de-acpacys-sobre-turismo-accesible","status":"publish","type":"post","link":"https:\/\/eldigitaldeasturias.com\/magazine365\/el-ayuntamiento-de-cordoba-respalda-la-app-de-acpacys-sobre-turismo-accesible\/","title":{"rendered":"El Ayuntamiento de C\u00f3rdoba respalda la &#8216;app&#8217; de Acpacys sobre turismo accesible"},"content":{"rendered":"<p><img fetchpriority=\"high\" decoding=\"async\" class=\"alignleft size-medium wp-image-40592\" src=\"https:\/\/eldigitaldeasturias.com\/magazine365\/wp-content\/uploads\/2015\/06\/fotonoticia_20150622153427_800-360x270.jpg\" alt=\"fotonoticia_20150622153427_800\" width=\"360\" height=\"270\" srcset=\"https:\/\/eldigitaldeasturias.com\/magazine365\/wp-content\/uploads\/2015\/06\/fotonoticia_20150622153427_800-360x270.jpg 360w, https:\/\/eldigitaldeasturias.com\/magazine365\/wp-content\/uploads\/2015\/06\/fotonoticia_20150622153427_800-650x488.jpg 650w, https:\/\/eldigitaldeasturias.com\/magazine365\/wp-content\/uploads\/2015\/06\/fotonoticia_20150622153427_800-768x576.jpg 768w, https:\/\/eldigitaldeasturias.com\/magazine365\/wp-content\/uploads\/2015\/06\/fotonoticia_20150622153427_800-150x113.jpg 150w, https:\/\/eldigitaldeasturias.com\/magazine365\/wp-content\/uploads\/2015\/06\/fotonoticia_20150622153427_800-450x338.jpg 450w, https:\/\/eldigitaldeasturias.com\/magazine365\/wp-content\/uploads\/2015\/06\/fotonoticia_20150622153427_800-80x60.jpg 80w, https:\/\/eldigitaldeasturias.com\/magazine365\/wp-content\/uploads\/2015\/06\/fotonoticia_20150622153427_800-265x198.jpg 265w, https:\/\/eldigitaldeasturias.com\/magazine365\/wp-content\/uploads\/2015\/06\/fotonoticia_20150622153427_800-696x522.jpg 696w, https:\/\/eldigitaldeasturias.com\/magazine365\/wp-content\/uploads\/2015\/06\/fotonoticia_20150622153427_800-560x420.jpg 560w, https:\/\/eldigitaldeasturias.com\/magazine365\/wp-content\/uploads\/2015\/06\/fotonoticia_20150622153427_800-90x67.jpg 90w, https:\/\/eldigitaldeasturias.com\/magazine365\/wp-content\/uploads\/2015\/06\/fotonoticia_20150622153427_800-100x75.jpg 100w, https:\/\/eldigitaldeasturias.com\/magazine365\/wp-content\/uploads\/2015\/06\/fotonoticia_20150622153427_800.jpg 800w\" sizes=\"(max-width: 360px) 100vw, 360px\" \/>El primer teniente de alcalde y delegado de Turismo del Ayuntamiento de C\u00f3rdoba, Pedro Garc\u00eda, ha felicitado este lunes a la Asociaci\u00f3n Cordobesa de Par\u00e1lisis Cerebral y otras Afecciones (Acpacys) por crear una aplicaci\u00f3n para dispositivos m\u00f3viles para facilitar el turismo accesible en la capital cordobesa, ya que es \u00abuna herramienta muy interesante\u00bb en dicho campo y \u00abfundamental para que C\u00f3rdoba sea un destino tur\u00edstico de primer nivel\u00bb.<\/p>\n<p>En la presentaci\u00f3n en la sede de la Fundaci\u00f3n Cajasol de la nueva &#8216;app&#8217;, que estar\u00e1 disponible para su descarga gratuita desde el inmediato mes de julio, Garc\u00eda ha argumentado que hacer accesible la visita tur\u00edstica de C\u00f3rdoba a personas con diversidad funcional es un factor clave para hacer de C\u00f3rdoba una ciudad abierta al \u00abturismo para todos\u00bb.<\/p>\n<p>Garc\u00eda ha abogado por hacer llegar esta nueva aplicaci\u00f3n a los touroperadores y ha recordado que, desde el \u00c1rea de Urbanismo, el Ayuntamiento ya trabaja cada d\u00eda para hacer m\u00e1s accesible la ciudad, eliminando barreras arquitect\u00f3nicas, si bien ha precisado que el casco hist\u00f3rico, el contar con la protecci\u00f3n de ser Patrimonio de la Humanidad, hace \u00abalgo m\u00e1s complicada la adaptaci\u00f3n de los edificios hist\u00f3ricos para el acceso de personas con diversidad funcional\u00bb, por lo que ha hecho un llamamiento para trabajar en la consecuci\u00f3n de ese objetivo.<\/p>\n<p>Por su parte, la presidenta de Acpacys, Rafaela Chounavelle, ha destacado que la finalidad de la &#8216;app&#8217;, en cuya presentaci\u00f3n tambi\u00e9n han tomado parte el presidente y el gerente del Consorcio de Turismo de C\u00f3rdoba, Antonio Palacios y Jos\u00e9 Fern\u00e1ndez, respectivamente, es facilitar la visita a la ciudad a quienes lo tienen m\u00e1s dif\u00edcil, para que el turismo accesible sea real, al ofrecer informaci\u00f3n sobre rutas, transportes, establecimientos hoteleros y hosteleros y monumentos que hacen c\u00f3moda la visita y estancia a las personas con diversidad funcional.<\/p>\n","protected":false},"excerpt":{"rendered":"<p>El primer teniente de alcalde y delegado de Turismo del Ayuntamiento de C\u00f3rdoba, Pedro Garc\u00eda, ha felicitado este lunes a la Asociaci\u00f3n Cordobesa de Par\u00e1lisis Cerebral y otras Afecciones (Acpacys) por crear una aplicaci\u00f3n para dispositivos m\u00f3viles para facilitar el turismo accesible en la capital cordobesa, ya que es \u00abuna herramienta muy interesante\u00bb en dicho<\/p>\n","protected":false},"author":1,"featured_media":40592,"comment_status":"open","ping_status":"closed","sticky":false,"template":"","format":"standard","meta":{"footnotes":""},"categories":[222],"tags":[],"class_list":{"0":"post-40591","1":"post","2":"type-post","3":"status-publish","4":"format-standard","5":"has-post-thumbnail","7":"category-actualidad-turismo"},"aioseo_notices":[],"aioseo_head":"\n\t\t<!-- All in One SEO Pro 4.9.6.1 - aioseo.com -->\n\t<meta name=\"description\" content=\"El primer teniente de alcalde y delegado de Turismo del Ayuntamiento de C\u00f3rdoba, Pedro Garc\u00eda, ha felicitado este lunes a la Asociaci\u00f3n Cordobesa de Par\u00e1lisis Cerebral y otras Afecciones (Acpacys) por crear una aplicaci\u00f3n para dispositivos m\u00f3viles para facilitar el turismo accesible en la capital cordobesa, ya que es &quot;una herramienta muy interesante&quot; en dicho\" \/>\n\t<meta name=\"robots\" content=\"max-image-preview:large\" \/>\n\t<meta name=\"author\" content=\"admin\"\/>\n\t<meta name=\"google-site-verification\" content=\"UA-38556648-1\" \/>\n\t<meta name=\"keywords\" content=\"actualidad turismo\" \/>\n\t<link rel=\"canonical\" href=\"https:\/\/eldigitaldeasturias.com\/magazine365\/el-ayuntamiento-de-cordoba-respalda-la-app-de-acpacys-sobre-turismo-accesible\/\" \/>\n\t<meta name=\"generator\" content=\"All in One SEO Pro (AIOSEO) 4.9.6.1\" \/>\n\t\t<meta property=\"og:locale\" content=\"es_ES\" \/>\n\t\t<meta property=\"og:site_name\" content=\"El Digital de Asturias \u2013 Revista de ocio, turismo y estilo de vida\" \/>\n\t\t<meta property=\"og:type\" content=\"article\" \/>\n\t\t<meta property=\"og:title\" content=\"El Ayuntamiento de C\u00f3rdoba respalda la \u2018app\u2019 de Acpacys sobre turismo accesible | El Digital de Asturias\" \/>\n\t\t<meta property=\"og:description\" content=\"El primer teniente de alcalde y delegado de Turismo del Ayuntamiento de C\u00f3rdoba, Pedro Garc\u00eda, ha felicitado este lunes a la Asociaci\u00f3n Cordobesa de Par\u00e1lisis Cerebral y otras Afecciones (Acpacys) por crear una aplicaci\u00f3n para dispositivos m\u00f3viles para facilitar el turismo accesible en la capital cordobesa, ya que es &quot;una herramienta muy interesante&quot; en dicho\" \/>\n\t\t<meta property=\"og:url\" content=\"https:\/\/eldigitaldeasturias.com\/magazine365\/el-ayuntamiento-de-cordoba-respalda-la-app-de-acpacys-sobre-turismo-accesible\/\" \/>\n\t\t<meta property=\"og:image\" content=\"https:\/\/eldigitaldeasturias.com\/magazine365\/wp-content\/uploads\/2015\/06\/fotonoticia_20150622153427_800.jpg\" \/>\n\t\t<meta property=\"og:image:secure_url\" content=\"https:\/\/eldigitaldeasturias.com\/magazine365\/wp-content\/uploads\/2015\/06\/fotonoticia_20150622153427_800.jpg\" \/>\n\t\t<meta property=\"og:image:width\" content=\"800\" \/>\n\t\t<meta property=\"og:image:height\" content=\"600\" \/>\n\t\t<meta property=\"article:published_time\" content=\"2015-06-23T06:59:49+00:00\" \/>\n\t\t<meta property=\"article:modified_time\" content=\"2015-06-23T06:59:49+00:00\" \/>\n\t\t<meta name=\"twitter:card\" content=\"summary_large_image\" \/>\n\t\t<meta name=\"twitter:title\" content=\"El Ayuntamiento de C\u00f3rdoba respalda la \u2018app\u2019 de Acpacys sobre turismo accesible | El Digital de Asturias\" \/>\n\t\t<meta name=\"twitter:description\" content=\"El primer teniente de alcalde y delegado de Turismo del Ayuntamiento de C\u00f3rdoba, Pedro Garc\u00eda, ha felicitado este lunes a la Asociaci\u00f3n Cordobesa de Par\u00e1lisis Cerebral y otras Afecciones (Acpacys) por crear una aplicaci\u00f3n para dispositivos m\u00f3viles para facilitar el turismo accesible en la capital cordobesa, ya que es &quot;una herramienta muy interesante&quot; en dicho\" \/>\n\t\t<meta name=\"twitter:image\" content=\"https:\/\/eldigitaldeasturias.com\/magazine365\/wp-content\/uploads\/2015\/06\/fotonoticia_20150622153427_800.jpg\" \/>\n\t\t<script type=\"application\/ld+json\" class=\"aioseo-schema\">\n\t\t\t{\"@context\":\"https:\\\/\\\/schema.org\",\"@graph\":[{\"@type\":\"Article\",\"@id\":\"https:\\\/\\\/eldigitaldeasturias.com\\\/magazine365\\\/el-ayuntamiento-de-cordoba-respalda-la-app-de-acpacys-sobre-turismo-accesible\\\/#article\",\"name\":\"El Ayuntamiento de C\\u00f3rdoba respalda la \\u2018app\\u2019 de Acpacys sobre turismo accesible | El Digital de Asturias\",\"headline\":\"El Ayuntamiento de C\\u00f3rdoba respalda la &#8216;app&#8217; de Acpacys sobre turismo accesible\",\"author\":{\"@id\":\"https:\\\/\\\/eldigitaldeasturias.com\\\/magazine365\\\/author\\\/admin\\\/#author\"},\"publisher\":{\"@id\":\"https:\\\/\\\/eldigitaldeasturias.com\\\/magazine365\\\/#organization\"},\"image\":{\"@type\":\"ImageObject\",\"url\":\"https:\\\/\\\/eldigitaldeasturias.com\\\/magazine365\\\/wp-content\\\/uploads\\\/2015\\\/06\\\/fotonoticia_20150622153427_800.jpg\",\"width\":800,\"height\":600},\"datePublished\":\"2015-06-23T08:29:49+02:00\",\"dateModified\":\"2015-06-23T08:29:49+02:00\",\"inLanguage\":\"es-ES\",\"mainEntityOfPage\":{\"@id\":\"https:\\\/\\\/eldigitaldeasturias.com\\\/magazine365\\\/el-ayuntamiento-de-cordoba-respalda-la-app-de-acpacys-sobre-turismo-accesible\\\/#webpage\"},\"isPartOf\":{\"@id\":\"https:\\\/\\\/eldigitaldeasturias.com\\\/magazine365\\\/el-ayuntamiento-de-cordoba-respalda-la-app-de-acpacys-sobre-turismo-accesible\\\/#webpage\"},\"articleSection\":\"Actualidad Turismo\"},{\"@type\":\"BreadcrumbList\",\"@id\":\"https:\\\/\\\/eldigitaldeasturias.com\\\/magazine365\\\/el-ayuntamiento-de-cordoba-respalda-la-app-de-acpacys-sobre-turismo-accesible\\\/#breadcrumblist\",\"itemListElement\":[{\"@type\":\"ListItem\",\"@id\":\"https:\\\/\\\/eldigitaldeasturias.com\\\/magazine365#listItem\",\"position\":1,\"name\":\"Home\",\"item\":\"https:\\\/\\\/eldigitaldeasturias.com\\\/magazine365\",\"nextItem\":{\"@type\":\"ListItem\",\"@id\":\"https:\\\/\\\/eldigitaldeasturias.com\\\/magazine365\\\/category\\\/actualidad-turismo\\\/#listItem\",\"name\":\"Actualidad Turismo\"}},{\"@type\":\"ListItem\",\"@id\":\"https:\\\/\\\/eldigitaldeasturias.com\\\/magazine365\\\/category\\\/actualidad-turismo\\\/#listItem\",\"position\":2,\"name\":\"Actualidad Turismo\",\"item\":\"https:\\\/\\\/eldigitaldeasturias.com\\\/magazine365\\\/category\\\/actualidad-turismo\\\/\",\"nextItem\":{\"@type\":\"ListItem\",\"@id\":\"https:\\\/\\\/eldigitaldeasturias.com\\\/magazine365\\\/el-ayuntamiento-de-cordoba-respalda-la-app-de-acpacys-sobre-turismo-accesible\\\/#listItem\",\"name\":\"El Ayuntamiento de C\\u00f3rdoba respalda la &#8216;app&#8217; de Acpacys sobre turismo accesible\"},\"previousItem\":{\"@type\":\"ListItem\",\"@id\":\"https:\\\/\\\/eldigitaldeasturias.com\\\/magazine365#listItem\",\"name\":\"Home\"}},{\"@type\":\"ListItem\",\"@id\":\"https:\\\/\\\/eldigitaldeasturias.com\\\/magazine365\\\/el-ayuntamiento-de-cordoba-respalda-la-app-de-acpacys-sobre-turismo-accesible\\\/#listItem\",\"position\":3,\"name\":\"El Ayuntamiento de C\\u00f3rdoba respalda la &#8216;app&#8217; de Acpacys sobre turismo accesible\",\"previousItem\":{\"@type\":\"ListItem\",\"@id\":\"https:\\\/\\\/eldigitaldeasturias.com\\\/magazine365\\\/category\\\/actualidad-turismo\\\/#listItem\",\"name\":\"Actualidad Turismo\"}}]},{\"@type\":\"Organization\",\"@id\":\"https:\\\/\\\/eldigitaldeasturias.com\\\/magazine365\\\/#organization\",\"name\":\"El digital de Asturias\",\"description\":\"Revista de ocio, turismo y estilo de vida\",\"url\":\"https:\\\/\\\/eldigitaldeasturias.com\\\/magazine365\\\/\",\"logo\":{\"@type\":\"ImageObject\",\"url\":\"https:\\\/\\\/www.eldigitaldeasturias.com\\\/noticias\\\/wp-content\\\/uploads\\\/2020\\\/12\\\/EDA.jpg\",\"@id\":\"https:\\\/\\\/eldigitaldeasturias.com\\\/magazine365\\\/el-ayuntamiento-de-cordoba-respalda-la-app-de-acpacys-sobre-turismo-accesible\\\/#organizationLogo\"},\"image\":{\"@id\":\"https:\\\/\\\/eldigitaldeasturias.com\\\/magazine365\\\/el-ayuntamiento-de-cordoba-respalda-la-app-de-acpacys-sobre-turismo-accesible\\\/#organizationLogo\"}},{\"@type\":\"Person\",\"@id\":\"https:\\\/\\\/eldigitaldeasturias.com\\\/magazine365\\\/author\\\/admin\\\/#author\",\"url\":\"https:\\\/\\\/eldigitaldeasturias.com\\\/magazine365\\\/author\\\/admin\\\/\",\"name\":\"admin\",\"image\":{\"@type\":\"ImageObject\",\"@id\":\"https:\\\/\\\/eldigitaldeasturias.com\\\/magazine365\\\/el-ayuntamiento-de-cordoba-respalda-la-app-de-acpacys-sobre-turismo-accesible\\\/#authorImage\",\"url\":\"https:\\\/\\\/eldigitaldeasturias.com\\\/magazine365\\\/wp-content\\\/litespeed\\\/avatar\\\/e571bcf59a0edd6fa6838245a470f2fe.jpg?ver=1777574230\",\"width\":96,\"height\":96,\"caption\":\"admin\"}},{\"@type\":\"WebPage\",\"@id\":\"https:\\\/\\\/eldigitaldeasturias.com\\\/magazine365\\\/el-ayuntamiento-de-cordoba-respalda-la-app-de-acpacys-sobre-turismo-accesible\\\/#webpage\",\"url\":\"https:\\\/\\\/eldigitaldeasturias.com\\\/magazine365\\\/el-ayuntamiento-de-cordoba-respalda-la-app-de-acpacys-sobre-turismo-accesible\\\/\",\"name\":\"El Ayuntamiento de C\\u00f3rdoba respalda la \\u2018app\\u2019 de Acpacys sobre turismo accesible | El Digital de Asturias\",\"description\":\"El primer teniente de alcalde y delegado de Turismo del Ayuntamiento de C\\u00f3rdoba, Pedro Garc\\u00eda, ha felicitado este lunes a la Asociaci\\u00f3n Cordobesa de Par\\u00e1lisis Cerebral y otras Afecciones (Acpacys) por crear una aplicaci\\u00f3n para dispositivos m\\u00f3viles para facilitar el turismo accesible en la capital cordobesa, ya que es \\\"una herramienta muy interesante\\\" en dicho\",\"inLanguage\":\"es-ES\",\"isPartOf\":{\"@id\":\"https:\\\/\\\/eldigitaldeasturias.com\\\/magazine365\\\/#website\"},\"breadcrumb\":{\"@id\":\"https:\\\/\\\/eldigitaldeasturias.com\\\/magazine365\\\/el-ayuntamiento-de-cordoba-respalda-la-app-de-acpacys-sobre-turismo-accesible\\\/#breadcrumblist\"},\"author\":{\"@id\":\"https:\\\/\\\/eldigitaldeasturias.com\\\/magazine365\\\/author\\\/admin\\\/#author\"},\"creator\":{\"@id\":\"https:\\\/\\\/eldigitaldeasturias.com\\\/magazine365\\\/author\\\/admin\\\/#author\"},\"image\":{\"@type\":\"ImageObject\",\"url\":\"https:\\\/\\\/eldigitaldeasturias.com\\\/magazine365\\\/wp-content\\\/uploads\\\/2015\\\/06\\\/fotonoticia_20150622153427_800.jpg\",\"@id\":\"https:\\\/\\\/eldigitaldeasturias.com\\\/magazine365\\\/el-ayuntamiento-de-cordoba-respalda-la-app-de-acpacys-sobre-turismo-accesible\\\/#mainImage\",\"width\":800,\"height\":600},\"primaryImageOfPage\":{\"@id\":\"https:\\\/\\\/eldigitaldeasturias.com\\\/magazine365\\\/el-ayuntamiento-de-cordoba-respalda-la-app-de-acpacys-sobre-turismo-accesible\\\/#mainImage\"},\"datePublished\":\"2015-06-23T08:29:49+02:00\",\"dateModified\":\"2015-06-23T08:29:49+02:00\"},{\"@type\":\"WebSite\",\"@id\":\"https:\\\/\\\/eldigitaldeasturias.com\\\/magazine365\\\/#website\",\"url\":\"https:\\\/\\\/eldigitaldeasturias.com\\\/magazine365\\\/\",\"name\":\"El Digital de Asturias\",\"description\":\"Revista de ocio, turismo y estilo de vida\",\"inLanguage\":\"es-ES\",\"publisher\":{\"@id\":\"https:\\\/\\\/eldigitaldeasturias.com\\\/magazine365\\\/#organization\"}}]}\n\t\t<\/script>\n\t\t<!-- All in One SEO Pro -->\r\n\t\t<title>El Ayuntamiento de C\u00f3rdoba respalda la \u2018app\u2019 de Acpacys sobre turismo accesible | El Digital de Asturias<\/title>\n\n","aioseo_head_json":{"title":"El Ayuntamiento de C\u00f3rdoba respalda la \u2018app\u2019 de Acpacys sobre turismo accesible | El Digital de Asturias","description":"El primer teniente de alcalde y delegado de Turismo del Ayuntamiento de C\u00f3rdoba, Pedro Garc\u00eda, ha felicitado este lunes a la Asociaci\u00f3n Cordobesa de Par\u00e1lisis Cerebral y otras Afecciones (Acpacys) por crear una aplicaci\u00f3n para dispositivos m\u00f3viles para facilitar el turismo accesible en la capital cordobesa, ya que es \"una herramienta muy interesante\" en dicho","canonical_url":"https:\/\/eldigitaldeasturias.com\/magazine365\/el-ayuntamiento-de-cordoba-respalda-la-app-de-acpacys-sobre-turismo-accesible\/","robots":"max-image-preview:large","keywords":"actualidad turismo","webmasterTools":{"google-site-verification":"UA-38556648-1","miscellaneous":""},"schema":{"@context":"https:\/\/schema.org","@graph":[{"@type":"Article","@id":"https:\/\/eldigitaldeasturias.com\/magazine365\/el-ayuntamiento-de-cordoba-respalda-la-app-de-acpacys-sobre-turismo-accesible\/#article","name":"El Ayuntamiento de C\u00f3rdoba respalda la \u2018app\u2019 de Acpacys sobre turismo accesible | El Digital de Asturias","headline":"El Ayuntamiento de C\u00f3rdoba respalda la &#8216;app&#8217; de Acpacys sobre turismo accesible","author":{"@id":"https:\/\/eldigitaldeasturias.com\/magazine365\/author\/admin\/#author"},"publisher":{"@id":"https:\/\/eldigitaldeasturias.com\/magazine365\/#organization"},"image":{"@type":"ImageObject","url":"https:\/\/eldigitaldeasturias.com\/magazine365\/wp-content\/uploads\/2015\/06\/fotonoticia_20150622153427_800.jpg","width":800,"height":600},"datePublished":"2015-06-23T08:29:49+02:00","dateModified":"2015-06-23T08:29:49+02:00","inLanguage":"es-ES","mainEntityOfPage":{"@id":"https:\/\/eldigitaldeasturias.com\/magazine365\/el-ayuntamiento-de-cordoba-respalda-la-app-de-acpacys-sobre-turismo-accesible\/#webpage"},"isPartOf":{"@id":"https:\/\/eldigitaldeasturias.com\/magazine365\/el-ayuntamiento-de-cordoba-respalda-la-app-de-acpacys-sobre-turismo-accesible\/#webpage"},"articleSection":"Actualidad Turismo"},{"@type":"BreadcrumbList","@id":"https:\/\/eldigitaldeasturias.com\/magazine365\/el-ayuntamiento-de-cordoba-respalda-la-app-de-acpacys-sobre-turismo-accesible\/#breadcrumblist","itemListElement":[{"@type":"ListItem","@id":"https:\/\/eldigitaldeasturias.com\/magazine365#listItem","position":1,"name":"Home","item":"https:\/\/eldigitaldeasturias.com\/magazine365","nextItem":{"@type":"ListItem","@id":"https:\/\/eldigitaldeasturias.com\/magazine365\/category\/actualidad-turismo\/#listItem","name":"Actualidad Turismo"}},{"@type":"ListItem","@id":"https:\/\/eldigitaldeasturias.com\/magazine365\/category\/actualidad-turismo\/#listItem","position":2,"name":"Actualidad Turismo","item":"https:\/\/eldigitaldeasturias.com\/magazine365\/category\/actualidad-turismo\/","nextItem":{"@type":"ListItem","@id":"https:\/\/eldigitaldeasturias.com\/magazine365\/el-ayuntamiento-de-cordoba-respalda-la-app-de-acpacys-sobre-turismo-accesible\/#listItem","name":"El Ayuntamiento de C\u00f3rdoba respalda la &#8216;app&#8217; de Acpacys sobre turismo accesible"},"previousItem":{"@type":"ListItem","@id":"https:\/\/eldigitaldeasturias.com\/magazine365#listItem","name":"Home"}},{"@type":"ListItem","@id":"https:\/\/eldigitaldeasturias.com\/magazine365\/el-ayuntamiento-de-cordoba-respalda-la-app-de-acpacys-sobre-turismo-accesible\/#listItem","position":3,"name":"El Ayuntamiento de C\u00f3rdoba respalda la &#8216;app&#8217; de Acpacys sobre turismo accesible","previousItem":{"@type":"ListItem","@id":"https:\/\/eldigitaldeasturias.com\/magazine365\/category\/actualidad-turismo\/#listItem","name":"Actualidad Turismo"}}]},{"@type":"Organization","@id":"https:\/\/eldigitaldeasturias.com\/magazine365\/#organization","name":"El digital de Asturias","description":"Revista de ocio, turismo y estilo de vida","url":"https:\/\/eldigitaldeasturias.com\/magazine365\/","logo":{"@type":"ImageObject","url":"https:\/\/www.eldigitaldeasturias.com\/noticias\/wp-content\/uploads\/2020\/12\/EDA.jpg","@id":"https:\/\/eldigitaldeasturias.com\/magazine365\/el-ayuntamiento-de-cordoba-respalda-la-app-de-acpacys-sobre-turismo-accesible\/#organizationLogo"},"image":{"@id":"https:\/\/eldigitaldeasturias.com\/magazine365\/el-ayuntamiento-de-cordoba-respalda-la-app-de-acpacys-sobre-turismo-accesible\/#organizationLogo"}},{"@type":"Person","@id":"https:\/\/eldigitaldeasturias.com\/magazine365\/author\/admin\/#author","url":"https:\/\/eldigitaldeasturias.com\/magazine365\/author\/admin\/","name":"admin","image":{"@type":"ImageObject","@id":"https:\/\/eldigitaldeasturias.com\/magazine365\/el-ayuntamiento-de-cordoba-respalda-la-app-de-acpacys-sobre-turismo-accesible\/#authorImage","url":"https:\/\/eldigitaldeasturias.com\/magazine365\/wp-content\/litespeed\/avatar\/e571bcf59a0edd6fa6838245a470f2fe.jpg?ver=1777574230","width":96,"height":96,"caption":"admin"}},{"@type":"WebPage","@id":"https:\/\/eldigitaldeasturias.com\/magazine365\/el-ayuntamiento-de-cordoba-respalda-la-app-de-acpacys-sobre-turismo-accesible\/#webpage","url":"https:\/\/eldigitaldeasturias.com\/magazine365\/el-ayuntamiento-de-cordoba-respalda-la-app-de-acpacys-sobre-turismo-accesible\/","name":"El Ayuntamiento de C\u00f3rdoba respalda la \u2018app\u2019 de Acpacys sobre turismo accesible | El Digital de Asturias","description":"El primer teniente de alcalde y delegado de Turismo del Ayuntamiento de C\u00f3rdoba, Pedro Garc\u00eda, ha felicitado este lunes a la Asociaci\u00f3n Cordobesa de Par\u00e1lisis Cerebral y otras Afecciones (Acpacys) por crear una aplicaci\u00f3n para dispositivos m\u00f3viles para facilitar el turismo accesible en la capital cordobesa, ya que es \"una herramienta muy interesante\" en dicho","inLanguage":"es-ES","isPartOf":{"@id":"https:\/\/eldigitaldeasturias.com\/magazine365\/#website"},"breadcrumb":{"@id":"https:\/\/eldigitaldeasturias.com\/magazine365\/el-ayuntamiento-de-cordoba-respalda-la-app-de-acpacys-sobre-turismo-accesible\/#breadcrumblist"},"author":{"@id":"https:\/\/eldigitaldeasturias.com\/magazine365\/author\/admin\/#author"},"creator":{"@id":"https:\/\/eldigitaldeasturias.com\/magazine365\/author\/admin\/#author"},"image":{"@type":"ImageObject","url":"https:\/\/eldigitaldeasturias.com\/magazine365\/wp-content\/uploads\/2015\/06\/fotonoticia_20150622153427_800.jpg","@id":"https:\/\/eldigitaldeasturias.com\/magazine365\/el-ayuntamiento-de-cordoba-respalda-la-app-de-acpacys-sobre-turismo-accesible\/#mainImage","width":800,"height":600},"primaryImageOfPage":{"@id":"https:\/\/eldigitaldeasturias.com\/magazine365\/el-ayuntamiento-de-cordoba-respalda-la-app-de-acpacys-sobre-turismo-accesible\/#mainImage"},"datePublished":"2015-06-23T08:29:49+02:00","dateModified":"2015-06-23T08:29:49+02:00"},{"@type":"WebSite","@id":"https:\/\/eldigitaldeasturias.com\/magazine365\/#website","url":"https:\/\/eldigitaldeasturias.com\/magazine365\/","name":"El Digital de Asturias","description":"Revista de ocio, turismo y estilo de vida","inLanguage":"es-ES","publisher":{"@id":"https:\/\/eldigitaldeasturias.com\/magazine365\/#organization"}}]},"og:locale":"es_ES","og:site_name":"El Digital de Asturias \u2013 Revista de ocio, turismo y estilo de vida","og:type":"article","og:title":"El Ayuntamiento de C\u00f3rdoba respalda la \u2018app\u2019 de Acpacys sobre turismo accesible | El Digital de Asturias","og:description":"El primer teniente de alcalde y delegado de Turismo del Ayuntamiento de C\u00f3rdoba, Pedro Garc\u00eda, ha felicitado este lunes a la Asociaci\u00f3n Cordobesa de Par\u00e1lisis Cerebral y otras Afecciones (Acpacys) por crear una aplicaci\u00f3n para dispositivos m\u00f3viles para facilitar el turismo accesible en la capital cordobesa, ya que es &quot;una herramienta muy interesante&quot; en dicho","og:url":"https:\/\/eldigitaldeasturias.com\/magazine365\/el-ayuntamiento-de-cordoba-respalda-la-app-de-acpacys-sobre-turismo-accesible\/","og:image":"https:\/\/eldigitaldeasturias.com\/magazine365\/wp-content\/uploads\/2015\/06\/fotonoticia_20150622153427_800.jpg","og:image:secure_url":"https:\/\/eldigitaldeasturias.com\/magazine365\/wp-content\/uploads\/2015\/06\/fotonoticia_20150622153427_800.jpg","og:image:width":800,"og:image:height":600,"article:published_time":"2015-06-23T06:59:49+00:00","article:modified_time":"2015-06-23T06:59:49+00:00","twitter:card":"summary_large_image","twitter:title":"El Ayuntamiento de C\u00f3rdoba respalda la \u2018app\u2019 de Acpacys sobre turismo accesible | El Digital de Asturias","twitter:description":"El primer teniente de alcalde y delegado de Turismo del Ayuntamiento de C\u00f3rdoba, Pedro Garc\u00eda, ha felicitado este lunes a la Asociaci\u00f3n Cordobesa de Par\u00e1lisis Cerebral y otras Afecciones (Acpacys) por crear una aplicaci\u00f3n para dispositivos m\u00f3viles para facilitar el turismo accesible en la capital cordobesa, ya que es &quot;una herramienta muy interesante&quot; en dicho","twitter:image":"https:\/\/eldigitaldeasturias.com\/magazine365\/wp-content\/uploads\/2015\/06\/fotonoticia_20150622153427_800.jpg"},"aioseo_meta_data":{"post_id":"40591","title":null,"description":null,"keywords":null,"keyphrases":null,"primary_term":null,"canonical_url":null,"og_title":null,"og_description":null,"og_object_type":"default","og_image_type":"default","og_image_url":null,"og_image_width":null,"og_image_height":null,"og_image_custom_url":null,"og_image_custom_fields":null,"og_video":null,"og_custom_url":null,"og_article_section":null,"og_article_tags":null,"twitter_use_og":false,"twitter_card":"default","twitter_image_type":"default","twitter_image_url":null,"twitter_image_custom_url":null,"twitter_image_custom_fields":null,"twitter_title":null,"twitter_description":null,"schema":{"blockGraphs":[],"customGraphs":[],"default":{"data":{"Article":[],"Course":[],"Dataset":[],"FAQPage":[],"Movie":[],"Person":[],"Product":[],"ProductReview":[],"Car":[],"Recipe":[],"Service":[],"SoftwareApplication":[],"WebPage":[]},"graphName":"","isEnabled":true},"graphs":[],"defaultGraph":"","defaultPostTypeGraph":""},"schema_type":null,"schema_type_options":null,"pillar_content":false,"robots_default":true,"robots_noindex":false,"robots_noarchive":false,"robots_nosnippet":false,"robots_nofollow":false,"robots_noimageindex":false,"robots_noodp":false,"robots_notranslate":false,"robots_max_snippet":null,"robots_max_videopreview":null,"robots_max_imagepreview":"large","priority":null,"frequency":null,"location":null,"local_seo":null,"seo_analyzer_scan_date":"2025-09-19 13:53:53","breadcrumb_settings":null,"limit_modified_date":false,"open_ai":null,"ai":null,"created":"2021-03-09 02:26:42","updated":"2025-09-19 13:53:53"},"aioseo_breadcrumb":"<div class=\"aioseo-breadcrumbs\"><span class=\"aioseo-breadcrumb\">\n\t<a href=\"https:\/\/eldigitaldeasturias.com\/magazine365\" title=\"Home\">Home<\/a>\n<\/span><span class=\"aioseo-breadcrumb-separator\">\u2013<\/span><span class=\"aioseo-breadcrumb\">\n\t<a href=\"https:\/\/eldigitaldeasturias.com\/magazine365\/category\/actualidad-turismo\/\" title=\"Actualidad Turismo\">Actualidad Turismo<\/a>\n<\/span><span class=\"aioseo-breadcrumb-separator\">\u2013<\/span><span class=\"aioseo-breadcrumb\">\n\t<a href=\"https:\/\/eldigitaldeasturias.com\/magazine365\/el-ayuntamiento-de-cordoba-respalda-la-app-de-acpacys-sobre-turismo-accesible\/\" title=\"El Ayuntamiento de C\u00f3rdoba respalda la \u2018app\u2019 de Acpacys sobre turismo accesible\">El Ayuntamiento de C\u00f3rdoba respalda la \u2018app\u2019 de Acpacys sobre turismo accesible<\/a>\n<\/span><\/div>","aioseo_breadcrumb_json":[{"label":"Home","link":"https:\/\/eldigitaldeasturias.com\/magazine365"},{"label":"Actualidad Turismo","link":"https:\/\/eldigitaldeasturias.com\/magazine365\/category\/actualidad-turismo\/"},{"label":"El Ayuntamiento de C\u00f3rdoba respalda la &#8216;app&#8217; de Acpacys sobre turismo accesible","link":"https:\/\/eldigitaldeasturias.com\/magazine365\/el-ayuntamiento-de-cordoba-respalda-la-app-de-acpacys-sobre-turismo-accesible\/"}],"_links":{"self":[{"href":"https:\/\/eldigitaldeasturias.com\/magazine365\/wp-json\/wp\/v2\/posts\/40591","targetHints":{"allow":["GET"]}}],"collection":[{"href":"https:\/\/eldigitaldeasturias.com\/magazine365\/wp-json\/wp\/v2\/posts"}],"about":[{"href":"https:\/\/eldigitaldeasturias.com\/magazine365\/wp-json\/wp\/v2\/types\/post"}],"author":[{"embeddable":true,"href":"https:\/\/eldigitaldeasturias.com\/magazine365\/wp-json\/wp\/v2\/users\/1"}],"replies":[{"embeddable":true,"href":"https:\/\/eldigitaldeasturias.com\/magazine365\/wp-json\/wp\/v2\/comments?post=40591"}],"version-history":[{"count":0,"href":"https:\/\/eldigitaldeasturias.com\/magazine365\/wp-json\/wp\/v2\/posts\/40591\/revisions"}],"wp:featuredmedia":[{"embeddable":true,"href":"https:\/\/eldigitaldeasturias.com\/magazine365\/wp-json\/wp\/v2\/media\/40592"}],"wp:attachment":[{"href":"https:\/\/eldigitaldeasturias.com\/magazine365\/wp-json\/wp\/v2\/media?parent=40591"}],"wp:term":[{"taxonomy":"category","embeddable":true,"href":"https:\/\/eldigitaldeasturias.com\/magazine365\/wp-json\/wp\/v2\/categories?post=40591"},{"taxonomy":"post_tag","embeddable":true,"href":"https:\/\/eldigitaldeasturias.com\/magazine365\/wp-json\/wp\/v2\/tags?post=40591"}],"curies":[{"name":"wp","href":"https:\/\/api.w.org\/{rel}","templated":true}]}}