{"id":40585,"date":"2015-06-23T08:25:52","date_gmt":"2015-06-23T06:55:52","guid":{"rendered":"http:\/\/eldigitaldeasturias.com\/magazine365\/?p=40585"},"modified":"2015-06-23T08:25:52","modified_gmt":"2015-06-23T06:55:52","slug":"el-ayuntamiento-de-marbella-creara-un-consorcio-con-el-sector-privado-para-definir-el-modelo-turistico","status":"publish","type":"post","link":"https:\/\/eldigitaldeasturias.com\/magazine365\/el-ayuntamiento-de-marbella-creara-un-consorcio-con-el-sector-privado-para-definir-el-modelo-turistico\/","title":{"rendered":"El Ayuntamiento de Marbella crear\u00e1 un consorcio con el sector privado para definir el modelo tur\u00edstico"},"content":{"rendered":"<p><img fetchpriority=\"high\" decoding=\"async\" class=\"alignleft size-medium wp-image-40586\" src=\"https:\/\/eldigitaldeasturias.com\/magazine365\/wp-content\/uploads\/2015\/06\/fotonoticia_20150622151217_800-360x240.jpg\" alt=\"fotonoticia_20150622151217_800\" width=\"360\" height=\"240\" srcset=\"https:\/\/eldigitaldeasturias.com\/magazine365\/wp-content\/uploads\/2015\/06\/fotonoticia_20150622151217_800-360x240.jpg 360w, https:\/\/eldigitaldeasturias.com\/magazine365\/wp-content\/uploads\/2015\/06\/fotonoticia_20150622151217_800-650x433.jpg 650w, https:\/\/eldigitaldeasturias.com\/magazine365\/wp-content\/uploads\/2015\/06\/fotonoticia_20150622151217_800-768x512.jpg 768w, https:\/\/eldigitaldeasturias.com\/magazine365\/wp-content\/uploads\/2015\/06\/fotonoticia_20150622151217_800-150x100.jpg 150w, https:\/\/eldigitaldeasturias.com\/magazine365\/wp-content\/uploads\/2015\/06\/fotonoticia_20150622151217_800-450x300.jpg 450w, https:\/\/eldigitaldeasturias.com\/magazine365\/wp-content\/uploads\/2015\/06\/fotonoticia_20150622151217_800-696x464.jpg 696w, https:\/\/eldigitaldeasturias.com\/magazine365\/wp-content\/uploads\/2015\/06\/fotonoticia_20150622151217_800-630x420.jpg 630w, https:\/\/eldigitaldeasturias.com\/magazine365\/wp-content\/uploads\/2015\/06\/fotonoticia_20150622151217_800-84x55.jpg 84w, https:\/\/eldigitaldeasturias.com\/magazine365\/wp-content\/uploads\/2015\/06\/fotonoticia_20150622151217_800.jpg 800w\" sizes=\"(max-width: 360px) 100vw, 360px\" \/>El alcalde de Marbella (M\u00e1laga), Jos\u00e9 Bernal, ha anunciado este lunes que el Ayuntamiento impulsar\u00e1 un consorcio con el sector privado para definir el modelo tur\u00edstico del municipio, uno de los principales \u00abretos\u00bb que tiene que afrontar la localidad.<\/p>\n<p>\u00abEn turismo en Marbella siempre ha habido dos palabras muy manidas, desestacionalizaci\u00f3n y diversificaci\u00f3n, pero la ciudad nunca ha contado con un plan para ello\u00bb, ha indicado Bernal en un encuentro con profesionales del sector organizado por la Cadena SER.<\/p>\n<p>El regidor ha pedido la participaci\u00f3n de las empresas del sector terciario y de los colectivos sociales para construir una Marbella que compita con destinos tur\u00edsticos consolidados \u00abcomo Cannes, Niza o Montecarlo y no Estepona o Mijas\u00bb.<\/p>\n<p>\u00abTenemos que hacer un an\u00e1lisis de la situaci\u00f3n actual para consolidar el turismo que ya tenemos y atraer de otros tipos\u00bb, ha avanzado Bernal, al tiempo que ha lamentado que Marbella no cuente a\u00fan con un plan de ordenaci\u00f3n tur\u00edstica del municipio, como s\u00ed tienen otras ciudades tur\u00edsticas del pa\u00eds, entre las que ha citado a Mallorca o Lanzarote.<\/p>\n<p>Este plan, ha a\u00f1adido, \u00abes un documento fundamental para analizar la situaci\u00f3n urbana de Marbella y saber cu\u00e1les son las zonas maduras del municipio\u00bb. Igualmente, ha expresado su intenci\u00f3n de que Marbella recupere la \u00abcapitalidad\u00bb de la Costa del Sol para aprovechar los recursos que disponen las localidades que forman parte de esta marca tur\u00edstica.<\/p>\n<p>\u00abEs el momento de la coherencia y de la responsabilidad y para ello es necesario escuchar desde el Ayuntamiento a los profesionales y empresarios del sector servicios e invitarles a participar en el modelo tur\u00edstico\u00bb, ha agregado.<\/p>\n<p>Bernal ha anunciado que eliminar\u00e1 la Concejal\u00eda de Playas del organigrama del Ayuntamiento y que sus competencias se repartir\u00e1n entre las Delegaciones de Industria, que se encargar\u00e1 de las adjudicaciones de los establecimientos de playa, Limpieza, Obras e Infraestructuras y Medio Ambiente.<\/p>\n","protected":false},"excerpt":{"rendered":"<p>El alcalde de Marbella (M\u00e1laga), Jos\u00e9 Bernal, ha anunciado este lunes que el Ayuntamiento impulsar\u00e1 un consorcio con el sector privado para definir el modelo tur\u00edstico del municipio, uno de los principales \u00abretos\u00bb que tiene que afrontar la localidad. \u00abEn turismo en Marbella siempre ha habido dos palabras muy manidas, desestacionalizaci\u00f3n y diversificaci\u00f3n, pero la<\/p>\n","protected":false},"author":1,"featured_media":40586,"comment_status":"open","ping_status":"closed","sticky":false,"template":"","format":"standard","meta":{"footnotes":""},"categories":[222],"tags":[],"class_list":{"0":"post-40585","1":"post","2":"type-post","3":"status-publish","4":"format-standard","5":"has-post-thumbnail","7":"category-actualidad-turismo"},"aioseo_notices":[],"aioseo_head":"\n\t\t<!-- All in One SEO Pro 4.9.6.1 - aioseo.com -->\n\t<meta name=\"description\" content=\"El alcalde de Marbella (M\u00e1laga), Jos\u00e9 Bernal, ha anunciado este lunes que el Ayuntamiento impulsar\u00e1 un consorcio con el sector privado para definir el modelo tur\u00edstico del municipio, uno de los principales &quot;retos&quot; que tiene que afrontar la localidad. &quot;En turismo en Marbella siempre ha habido dos palabras muy manidas, desestacionalizaci\u00f3n y diversificaci\u00f3n, pero la\" \/>\n\t<meta name=\"robots\" content=\"max-image-preview:large\" \/>\n\t<meta name=\"author\" content=\"admin\"\/>\n\t<meta name=\"google-site-verification\" content=\"UA-38556648-1\" \/>\n\t<meta name=\"keywords\" content=\"actualidad turismo\" \/>\n\t<link rel=\"canonical\" href=\"https:\/\/eldigitaldeasturias.com\/magazine365\/el-ayuntamiento-de-marbella-creara-un-consorcio-con-el-sector-privado-para-definir-el-modelo-turistico\/\" \/>\n\t<meta name=\"generator\" content=\"All in One SEO Pro (AIOSEO) 4.9.6.1\" \/>\n\t\t<meta property=\"og:locale\" content=\"es_ES\" \/>\n\t\t<meta property=\"og:site_name\" content=\"El Digital de Asturias \u2013 Revista de ocio, turismo y estilo de vida\" \/>\n\t\t<meta property=\"og:type\" content=\"article\" \/>\n\t\t<meta property=\"og:title\" content=\"El Ayuntamiento de Marbella crear\u00e1 un consorcio con el sector privado para definir el modelo tur\u00edstico | El Digital de Asturias\" \/>\n\t\t<meta property=\"og:description\" content=\"El alcalde de Marbella (M\u00e1laga), Jos\u00e9 Bernal, ha anunciado este lunes que el Ayuntamiento impulsar\u00e1 un consorcio con el sector privado para definir el modelo tur\u00edstico del municipio, uno de los principales &quot;retos&quot; que tiene que afrontar la localidad. &quot;En turismo en Marbella siempre ha habido dos palabras muy manidas, desestacionalizaci\u00f3n y diversificaci\u00f3n, pero la\" \/>\n\t\t<meta property=\"og:url\" content=\"https:\/\/eldigitaldeasturias.com\/magazine365\/el-ayuntamiento-de-marbella-creara-un-consorcio-con-el-sector-privado-para-definir-el-modelo-turistico\/\" \/>\n\t\t<meta property=\"og:image\" content=\"https:\/\/eldigitaldeasturias.com\/magazine365\/wp-content\/uploads\/2015\/06\/fotonoticia_20150622151217_800.jpg\" \/>\n\t\t<meta property=\"og:image:secure_url\" content=\"https:\/\/eldigitaldeasturias.com\/magazine365\/wp-content\/uploads\/2015\/06\/fotonoticia_20150622151217_800.jpg\" \/>\n\t\t<meta property=\"og:image:width\" content=\"800\" \/>\n\t\t<meta property=\"og:image:height\" content=\"533\" \/>\n\t\t<meta property=\"article:published_time\" content=\"2015-06-23T06:55:52+00:00\" \/>\n\t\t<meta property=\"article:modified_time\" content=\"2015-06-23T06:55:52+00:00\" \/>\n\t\t<meta name=\"twitter:card\" content=\"summary_large_image\" \/>\n\t\t<meta name=\"twitter:title\" content=\"El Ayuntamiento de Marbella crear\u00e1 un consorcio con el sector privado para definir el modelo tur\u00edstico | El Digital de Asturias\" \/>\n\t\t<meta name=\"twitter:description\" content=\"El alcalde de Marbella (M\u00e1laga), Jos\u00e9 Bernal, ha anunciado este lunes que el Ayuntamiento impulsar\u00e1 un consorcio con el sector privado para definir el modelo tur\u00edstico del municipio, uno de los principales &quot;retos&quot; que tiene que afrontar la localidad. &quot;En turismo en Marbella siempre ha habido dos palabras muy manidas, desestacionalizaci\u00f3n y diversificaci\u00f3n, pero la\" \/>\n\t\t<meta name=\"twitter:image\" content=\"https:\/\/eldigitaldeasturias.com\/magazine365\/wp-content\/uploads\/2015\/06\/fotonoticia_20150622151217_800.jpg\" \/>\n\t\t<script type=\"application\/ld+json\" class=\"aioseo-schema\">\n\t\t\t{\"@context\":\"https:\\\/\\\/schema.org\",\"@graph\":[{\"@type\":\"Article\",\"@id\":\"https:\\\/\\\/eldigitaldeasturias.com\\\/magazine365\\\/el-ayuntamiento-de-marbella-creara-un-consorcio-con-el-sector-privado-para-definir-el-modelo-turistico\\\/#article\",\"name\":\"El Ayuntamiento de Marbella crear\\u00e1 un consorcio con el sector privado para definir el modelo tur\\u00edstico | El Digital de Asturias\",\"headline\":\"El Ayuntamiento de Marbella crear\\u00e1 un consorcio con el sector privado para definir el modelo tur\\u00edstico\",\"author\":{\"@id\":\"https:\\\/\\\/eldigitaldeasturias.com\\\/magazine365\\\/author\\\/admin\\\/#author\"},\"publisher\":{\"@id\":\"https:\\\/\\\/eldigitaldeasturias.com\\\/magazine365\\\/#organization\"},\"image\":{\"@type\":\"ImageObject\",\"url\":\"https:\\\/\\\/eldigitaldeasturias.com\\\/magazine365\\\/wp-content\\\/uploads\\\/2015\\\/06\\\/fotonoticia_20150622151217_800.jpg\",\"width\":800,\"height\":533},\"datePublished\":\"2015-06-23T08:25:52+02:00\",\"dateModified\":\"2015-06-23T08:25:52+02:00\",\"inLanguage\":\"es-ES\",\"mainEntityOfPage\":{\"@id\":\"https:\\\/\\\/eldigitaldeasturias.com\\\/magazine365\\\/el-ayuntamiento-de-marbella-creara-un-consorcio-con-el-sector-privado-para-definir-el-modelo-turistico\\\/#webpage\"},\"isPartOf\":{\"@id\":\"https:\\\/\\\/eldigitaldeasturias.com\\\/magazine365\\\/el-ayuntamiento-de-marbella-creara-un-consorcio-con-el-sector-privado-para-definir-el-modelo-turistico\\\/#webpage\"},\"articleSection\":\"Actualidad Turismo\"},{\"@type\":\"BreadcrumbList\",\"@id\":\"https:\\\/\\\/eldigitaldeasturias.com\\\/magazine365\\\/el-ayuntamiento-de-marbella-creara-un-consorcio-con-el-sector-privado-para-definir-el-modelo-turistico\\\/#breadcrumblist\",\"itemListElement\":[{\"@type\":\"ListItem\",\"@id\":\"https:\\\/\\\/eldigitaldeasturias.com\\\/magazine365#listItem\",\"position\":1,\"name\":\"Home\",\"item\":\"https:\\\/\\\/eldigitaldeasturias.com\\\/magazine365\",\"nextItem\":{\"@type\":\"ListItem\",\"@id\":\"https:\\\/\\\/eldigitaldeasturias.com\\\/magazine365\\\/category\\\/actualidad-turismo\\\/#listItem\",\"name\":\"Actualidad Turismo\"}},{\"@type\":\"ListItem\",\"@id\":\"https:\\\/\\\/eldigitaldeasturias.com\\\/magazine365\\\/category\\\/actualidad-turismo\\\/#listItem\",\"position\":2,\"name\":\"Actualidad Turismo\",\"item\":\"https:\\\/\\\/eldigitaldeasturias.com\\\/magazine365\\\/category\\\/actualidad-turismo\\\/\",\"nextItem\":{\"@type\":\"ListItem\",\"@id\":\"https:\\\/\\\/eldigitaldeasturias.com\\\/magazine365\\\/el-ayuntamiento-de-marbella-creara-un-consorcio-con-el-sector-privado-para-definir-el-modelo-turistico\\\/#listItem\",\"name\":\"El Ayuntamiento de Marbella crear\\u00e1 un consorcio con el sector privado para definir el modelo tur\\u00edstico\"},\"previousItem\":{\"@type\":\"ListItem\",\"@id\":\"https:\\\/\\\/eldigitaldeasturias.com\\\/magazine365#listItem\",\"name\":\"Home\"}},{\"@type\":\"ListItem\",\"@id\":\"https:\\\/\\\/eldigitaldeasturias.com\\\/magazine365\\\/el-ayuntamiento-de-marbella-creara-un-consorcio-con-el-sector-privado-para-definir-el-modelo-turistico\\\/#listItem\",\"position\":3,\"name\":\"El Ayuntamiento de Marbella crear\\u00e1 un consorcio con el sector privado para definir el modelo tur\\u00edstico\",\"previousItem\":{\"@type\":\"ListItem\",\"@id\":\"https:\\\/\\\/eldigitaldeasturias.com\\\/magazine365\\\/category\\\/actualidad-turismo\\\/#listItem\",\"name\":\"Actualidad Turismo\"}}]},{\"@type\":\"Organization\",\"@id\":\"https:\\\/\\\/eldigitaldeasturias.com\\\/magazine365\\\/#organization\",\"name\":\"El digital de Asturias\",\"description\":\"Revista de ocio, turismo y estilo de vida\",\"url\":\"https:\\\/\\\/eldigitaldeasturias.com\\\/magazine365\\\/\",\"logo\":{\"@type\":\"ImageObject\",\"url\":\"https:\\\/\\\/www.eldigitaldeasturias.com\\\/noticias\\\/wp-content\\\/uploads\\\/2020\\\/12\\\/EDA.jpg\",\"@id\":\"https:\\\/\\\/eldigitaldeasturias.com\\\/magazine365\\\/el-ayuntamiento-de-marbella-creara-un-consorcio-con-el-sector-privado-para-definir-el-modelo-turistico\\\/#organizationLogo\"},\"image\":{\"@id\":\"https:\\\/\\\/eldigitaldeasturias.com\\\/magazine365\\\/el-ayuntamiento-de-marbella-creara-un-consorcio-con-el-sector-privado-para-definir-el-modelo-turistico\\\/#organizationLogo\"}},{\"@type\":\"Person\",\"@id\":\"https:\\\/\\\/eldigitaldeasturias.com\\\/magazine365\\\/author\\\/admin\\\/#author\",\"url\":\"https:\\\/\\\/eldigitaldeasturias.com\\\/magazine365\\\/author\\\/admin\\\/\",\"name\":\"admin\",\"image\":{\"@type\":\"ImageObject\",\"@id\":\"https:\\\/\\\/eldigitaldeasturias.com\\\/magazine365\\\/el-ayuntamiento-de-marbella-creara-un-consorcio-con-el-sector-privado-para-definir-el-modelo-turistico\\\/#authorImage\",\"url\":\"https:\\\/\\\/eldigitaldeasturias.com\\\/magazine365\\\/wp-content\\\/litespeed\\\/avatar\\\/e571bcf59a0edd6fa6838245a470f2fe.jpg?ver=1777574230\",\"width\":96,\"height\":96,\"caption\":\"admin\"}},{\"@type\":\"WebPage\",\"@id\":\"https:\\\/\\\/eldigitaldeasturias.com\\\/magazine365\\\/el-ayuntamiento-de-marbella-creara-un-consorcio-con-el-sector-privado-para-definir-el-modelo-turistico\\\/#webpage\",\"url\":\"https:\\\/\\\/eldigitaldeasturias.com\\\/magazine365\\\/el-ayuntamiento-de-marbella-creara-un-consorcio-con-el-sector-privado-para-definir-el-modelo-turistico\\\/\",\"name\":\"El Ayuntamiento de Marbella crear\\u00e1 un consorcio con el sector privado para definir el modelo tur\\u00edstico | El Digital de Asturias\",\"description\":\"El alcalde de Marbella (M\\u00e1laga), Jos\\u00e9 Bernal, ha anunciado este lunes que el Ayuntamiento impulsar\\u00e1 un consorcio con el sector privado para definir el modelo tur\\u00edstico del municipio, uno de los principales \\\"retos\\\" que tiene que afrontar la localidad. \\\"En turismo en Marbella siempre ha habido dos palabras muy manidas, desestacionalizaci\\u00f3n y diversificaci\\u00f3n, pero la\",\"inLanguage\":\"es-ES\",\"isPartOf\":{\"@id\":\"https:\\\/\\\/eldigitaldeasturias.com\\\/magazine365\\\/#website\"},\"breadcrumb\":{\"@id\":\"https:\\\/\\\/eldigitaldeasturias.com\\\/magazine365\\\/el-ayuntamiento-de-marbella-creara-un-consorcio-con-el-sector-privado-para-definir-el-modelo-turistico\\\/#breadcrumblist\"},\"author\":{\"@id\":\"https:\\\/\\\/eldigitaldeasturias.com\\\/magazine365\\\/author\\\/admin\\\/#author\"},\"creator\":{\"@id\":\"https:\\\/\\\/eldigitaldeasturias.com\\\/magazine365\\\/author\\\/admin\\\/#author\"},\"image\":{\"@type\":\"ImageObject\",\"url\":\"https:\\\/\\\/eldigitaldeasturias.com\\\/magazine365\\\/wp-content\\\/uploads\\\/2015\\\/06\\\/fotonoticia_20150622151217_800.jpg\",\"@id\":\"https:\\\/\\\/eldigitaldeasturias.com\\\/magazine365\\\/el-ayuntamiento-de-marbella-creara-un-consorcio-con-el-sector-privado-para-definir-el-modelo-turistico\\\/#mainImage\",\"width\":800,\"height\":533},\"primaryImageOfPage\":{\"@id\":\"https:\\\/\\\/eldigitaldeasturias.com\\\/magazine365\\\/el-ayuntamiento-de-marbella-creara-un-consorcio-con-el-sector-privado-para-definir-el-modelo-turistico\\\/#mainImage\"},\"datePublished\":\"2015-06-23T08:25:52+02:00\",\"dateModified\":\"2015-06-23T08:25:52+02:00\"},{\"@type\":\"WebSite\",\"@id\":\"https:\\\/\\\/eldigitaldeasturias.com\\\/magazine365\\\/#website\",\"url\":\"https:\\\/\\\/eldigitaldeasturias.com\\\/magazine365\\\/\",\"name\":\"El Digital de Asturias\",\"description\":\"Revista de ocio, turismo y estilo de vida\",\"inLanguage\":\"es-ES\",\"publisher\":{\"@id\":\"https:\\\/\\\/eldigitaldeasturias.com\\\/magazine365\\\/#organization\"}}]}\n\t\t<\/script>\n\t\t<!-- All in One SEO Pro -->\r\n\t\t<title>El Ayuntamiento de Marbella crear\u00e1 un consorcio con el sector privado para definir el modelo tur\u00edstico | El Digital de Asturias<\/title>\n\n","aioseo_head_json":{"title":"El Ayuntamiento de Marbella crear\u00e1 un consorcio con el sector privado para definir el modelo tur\u00edstico | El Digital de Asturias","description":"El alcalde de Marbella (M\u00e1laga), Jos\u00e9 Bernal, ha anunciado este lunes que el Ayuntamiento impulsar\u00e1 un consorcio con el sector privado para definir el modelo tur\u00edstico del municipio, uno de los principales \"retos\" que tiene que afrontar la localidad. \"En turismo en Marbella siempre ha habido dos palabras muy manidas, desestacionalizaci\u00f3n y diversificaci\u00f3n, pero la","canonical_url":"https:\/\/eldigitaldeasturias.com\/magazine365\/el-ayuntamiento-de-marbella-creara-un-consorcio-con-el-sector-privado-para-definir-el-modelo-turistico\/","robots":"max-image-preview:large","keywords":"actualidad turismo","webmasterTools":{"google-site-verification":"UA-38556648-1","miscellaneous":""},"schema":{"@context":"https:\/\/schema.org","@graph":[{"@type":"Article","@id":"https:\/\/eldigitaldeasturias.com\/magazine365\/el-ayuntamiento-de-marbella-creara-un-consorcio-con-el-sector-privado-para-definir-el-modelo-turistico\/#article","name":"El Ayuntamiento de Marbella crear\u00e1 un consorcio con el sector privado para definir el modelo tur\u00edstico | El Digital de Asturias","headline":"El Ayuntamiento de Marbella crear\u00e1 un consorcio con el sector privado para definir el modelo tur\u00edstico","author":{"@id":"https:\/\/eldigitaldeasturias.com\/magazine365\/author\/admin\/#author"},"publisher":{"@id":"https:\/\/eldigitaldeasturias.com\/magazine365\/#organization"},"image":{"@type":"ImageObject","url":"https:\/\/eldigitaldeasturias.com\/magazine365\/wp-content\/uploads\/2015\/06\/fotonoticia_20150622151217_800.jpg","width":800,"height":533},"datePublished":"2015-06-23T08:25:52+02:00","dateModified":"2015-06-23T08:25:52+02:00","inLanguage":"es-ES","mainEntityOfPage":{"@id":"https:\/\/eldigitaldeasturias.com\/magazine365\/el-ayuntamiento-de-marbella-creara-un-consorcio-con-el-sector-privado-para-definir-el-modelo-turistico\/#webpage"},"isPartOf":{"@id":"https:\/\/eldigitaldeasturias.com\/magazine365\/el-ayuntamiento-de-marbella-creara-un-consorcio-con-el-sector-privado-para-definir-el-modelo-turistico\/#webpage"},"articleSection":"Actualidad Turismo"},{"@type":"BreadcrumbList","@id":"https:\/\/eldigitaldeasturias.com\/magazine365\/el-ayuntamiento-de-marbella-creara-un-consorcio-con-el-sector-privado-para-definir-el-modelo-turistico\/#breadcrumblist","itemListElement":[{"@type":"ListItem","@id":"https:\/\/eldigitaldeasturias.com\/magazine365#listItem","position":1,"name":"Home","item":"https:\/\/eldigitaldeasturias.com\/magazine365","nextItem":{"@type":"ListItem","@id":"https:\/\/eldigitaldeasturias.com\/magazine365\/category\/actualidad-turismo\/#listItem","name":"Actualidad Turismo"}},{"@type":"ListItem","@id":"https:\/\/eldigitaldeasturias.com\/magazine365\/category\/actualidad-turismo\/#listItem","position":2,"name":"Actualidad Turismo","item":"https:\/\/eldigitaldeasturias.com\/magazine365\/category\/actualidad-turismo\/","nextItem":{"@type":"ListItem","@id":"https:\/\/eldigitaldeasturias.com\/magazine365\/el-ayuntamiento-de-marbella-creara-un-consorcio-con-el-sector-privado-para-definir-el-modelo-turistico\/#listItem","name":"El Ayuntamiento de Marbella crear\u00e1 un consorcio con el sector privado para definir el modelo tur\u00edstico"},"previousItem":{"@type":"ListItem","@id":"https:\/\/eldigitaldeasturias.com\/magazine365#listItem","name":"Home"}},{"@type":"ListItem","@id":"https:\/\/eldigitaldeasturias.com\/magazine365\/el-ayuntamiento-de-marbella-creara-un-consorcio-con-el-sector-privado-para-definir-el-modelo-turistico\/#listItem","position":3,"name":"El Ayuntamiento de Marbella crear\u00e1 un consorcio con el sector privado para definir el modelo tur\u00edstico","previousItem":{"@type":"ListItem","@id":"https:\/\/eldigitaldeasturias.com\/magazine365\/category\/actualidad-turismo\/#listItem","name":"Actualidad Turismo"}}]},{"@type":"Organization","@id":"https:\/\/eldigitaldeasturias.com\/magazine365\/#organization","name":"El digital de Asturias","description":"Revista de ocio, turismo y estilo de vida","url":"https:\/\/eldigitaldeasturias.com\/magazine365\/","logo":{"@type":"ImageObject","url":"https:\/\/www.eldigitaldeasturias.com\/noticias\/wp-content\/uploads\/2020\/12\/EDA.jpg","@id":"https:\/\/eldigitaldeasturias.com\/magazine365\/el-ayuntamiento-de-marbella-creara-un-consorcio-con-el-sector-privado-para-definir-el-modelo-turistico\/#organizationLogo"},"image":{"@id":"https:\/\/eldigitaldeasturias.com\/magazine365\/el-ayuntamiento-de-marbella-creara-un-consorcio-con-el-sector-privado-para-definir-el-modelo-turistico\/#organizationLogo"}},{"@type":"Person","@id":"https:\/\/eldigitaldeasturias.com\/magazine365\/author\/admin\/#author","url":"https:\/\/eldigitaldeasturias.com\/magazine365\/author\/admin\/","name":"admin","image":{"@type":"ImageObject","@id":"https:\/\/eldigitaldeasturias.com\/magazine365\/el-ayuntamiento-de-marbella-creara-un-consorcio-con-el-sector-privado-para-definir-el-modelo-turistico\/#authorImage","url":"https:\/\/eldigitaldeasturias.com\/magazine365\/wp-content\/litespeed\/avatar\/e571bcf59a0edd6fa6838245a470f2fe.jpg?ver=1777574230","width":96,"height":96,"caption":"admin"}},{"@type":"WebPage","@id":"https:\/\/eldigitaldeasturias.com\/magazine365\/el-ayuntamiento-de-marbella-creara-un-consorcio-con-el-sector-privado-para-definir-el-modelo-turistico\/#webpage","url":"https:\/\/eldigitaldeasturias.com\/magazine365\/el-ayuntamiento-de-marbella-creara-un-consorcio-con-el-sector-privado-para-definir-el-modelo-turistico\/","name":"El Ayuntamiento de Marbella crear\u00e1 un consorcio con el sector privado para definir el modelo tur\u00edstico | El Digital de Asturias","description":"El alcalde de Marbella (M\u00e1laga), Jos\u00e9 Bernal, ha anunciado este lunes que el Ayuntamiento impulsar\u00e1 un consorcio con el sector privado para definir el modelo tur\u00edstico del municipio, uno de los principales \"retos\" que tiene que afrontar la localidad. \"En turismo en Marbella siempre ha habido dos palabras muy manidas, desestacionalizaci\u00f3n y diversificaci\u00f3n, pero la","inLanguage":"es-ES","isPartOf":{"@id":"https:\/\/eldigitaldeasturias.com\/magazine365\/#website"},"breadcrumb":{"@id":"https:\/\/eldigitaldeasturias.com\/magazine365\/el-ayuntamiento-de-marbella-creara-un-consorcio-con-el-sector-privado-para-definir-el-modelo-turistico\/#breadcrumblist"},"author":{"@id":"https:\/\/eldigitaldeasturias.com\/magazine365\/author\/admin\/#author"},"creator":{"@id":"https:\/\/eldigitaldeasturias.com\/magazine365\/author\/admin\/#author"},"image":{"@type":"ImageObject","url":"https:\/\/eldigitaldeasturias.com\/magazine365\/wp-content\/uploads\/2015\/06\/fotonoticia_20150622151217_800.jpg","@id":"https:\/\/eldigitaldeasturias.com\/magazine365\/el-ayuntamiento-de-marbella-creara-un-consorcio-con-el-sector-privado-para-definir-el-modelo-turistico\/#mainImage","width":800,"height":533},"primaryImageOfPage":{"@id":"https:\/\/eldigitaldeasturias.com\/magazine365\/el-ayuntamiento-de-marbella-creara-un-consorcio-con-el-sector-privado-para-definir-el-modelo-turistico\/#mainImage"},"datePublished":"2015-06-23T08:25:52+02:00","dateModified":"2015-06-23T08:25:52+02:00"},{"@type":"WebSite","@id":"https:\/\/eldigitaldeasturias.com\/magazine365\/#website","url":"https:\/\/eldigitaldeasturias.com\/magazine365\/","name":"El Digital de Asturias","description":"Revista de ocio, turismo y estilo de vida","inLanguage":"es-ES","publisher":{"@id":"https:\/\/eldigitaldeasturias.com\/magazine365\/#organization"}}]},"og:locale":"es_ES","og:site_name":"El Digital de Asturias \u2013 Revista de ocio, turismo y estilo de vida","og:type":"article","og:title":"El Ayuntamiento de Marbella crear\u00e1 un consorcio con el sector privado para definir el modelo tur\u00edstico | El Digital de Asturias","og:description":"El alcalde de Marbella (M\u00e1laga), Jos\u00e9 Bernal, ha anunciado este lunes que el Ayuntamiento impulsar\u00e1 un consorcio con el sector privado para definir el modelo tur\u00edstico del municipio, uno de los principales &quot;retos&quot; que tiene que afrontar la localidad. &quot;En turismo en Marbella siempre ha habido dos palabras muy manidas, desestacionalizaci\u00f3n y diversificaci\u00f3n, pero la","og:url":"https:\/\/eldigitaldeasturias.com\/magazine365\/el-ayuntamiento-de-marbella-creara-un-consorcio-con-el-sector-privado-para-definir-el-modelo-turistico\/","og:image":"https:\/\/eldigitaldeasturias.com\/magazine365\/wp-content\/uploads\/2015\/06\/fotonoticia_20150622151217_800.jpg","og:image:secure_url":"https:\/\/eldigitaldeasturias.com\/magazine365\/wp-content\/uploads\/2015\/06\/fotonoticia_20150622151217_800.jpg","og:image:width":800,"og:image:height":533,"article:published_time":"2015-06-23T06:55:52+00:00","article:modified_time":"2015-06-23T06:55:52+00:00","twitter:card":"summary_large_image","twitter:title":"El Ayuntamiento de Marbella crear\u00e1 un consorcio con el sector privado para definir el modelo tur\u00edstico | El Digital de Asturias","twitter:description":"El alcalde de Marbella (M\u00e1laga), Jos\u00e9 Bernal, ha anunciado este lunes que el Ayuntamiento impulsar\u00e1 un consorcio con el sector privado para definir el modelo tur\u00edstico del municipio, uno de los principales &quot;retos&quot; que tiene que afrontar la localidad. &quot;En turismo en Marbella siempre ha habido dos palabras muy manidas, desestacionalizaci\u00f3n y diversificaci\u00f3n, pero la","twitter:image":"https:\/\/eldigitaldeasturias.com\/magazine365\/wp-content\/uploads\/2015\/06\/fotonoticia_20150622151217_800.jpg"},"aioseo_meta_data":{"post_id":"40585","title":null,"description":null,"keywords":null,"keyphrases":null,"primary_term":null,"canonical_url":null,"og_title":null,"og_description":null,"og_object_type":"default","og_image_type":"default","og_image_url":null,"og_image_width":null,"og_image_height":null,"og_image_custom_url":null,"og_image_custom_fields":null,"og_video":null,"og_custom_url":null,"og_article_section":null,"og_article_tags":null,"twitter_use_og":false,"twitter_card":"default","twitter_image_type":"default","twitter_image_url":null,"twitter_image_custom_url":null,"twitter_image_custom_fields":null,"twitter_title":null,"twitter_description":null,"schema":{"blockGraphs":[],"customGraphs":[],"default":{"data":{"Article":[],"Course":[],"Dataset":[],"FAQPage":[],"Movie":[],"Person":[],"Product":[],"ProductReview":[],"Car":[],"Recipe":[],"Service":[],"SoftwareApplication":[],"WebPage":[]},"graphName":"","isEnabled":true},"graphs":[],"defaultGraph":"","defaultPostTypeGraph":""},"schema_type":null,"schema_type_options":null,"pillar_content":false,"robots_default":true,"robots_noindex":false,"robots_noarchive":false,"robots_nosnippet":false,"robots_nofollow":false,"robots_noimageindex":false,"robots_noodp":false,"robots_notranslate":false,"robots_max_snippet":null,"robots_max_videopreview":null,"robots_max_imagepreview":"large","priority":null,"frequency":null,"location":null,"local_seo":null,"seo_analyzer_scan_date":"2025-09-19 13:53:51","breadcrumb_settings":null,"limit_modified_date":false,"open_ai":null,"ai":null,"created":"2021-03-09 02:26:42","updated":"2025-09-19 13:53:51"},"aioseo_breadcrumb":"<div class=\"aioseo-breadcrumbs\"><span class=\"aioseo-breadcrumb\">\n\t<a href=\"https:\/\/eldigitaldeasturias.com\/magazine365\" title=\"Home\">Home<\/a>\n<\/span><span class=\"aioseo-breadcrumb-separator\">\u2013<\/span><span class=\"aioseo-breadcrumb\">\n\t<a href=\"https:\/\/eldigitaldeasturias.com\/magazine365\/category\/actualidad-turismo\/\" title=\"Actualidad Turismo\">Actualidad Turismo<\/a>\n<\/span><span class=\"aioseo-breadcrumb-separator\">\u2013<\/span><span class=\"aioseo-breadcrumb\">\n\t<a href=\"https:\/\/eldigitaldeasturias.com\/magazine365\/el-ayuntamiento-de-marbella-creara-un-consorcio-con-el-sector-privado-para-definir-el-modelo-turistico\/\" title=\"El Ayuntamiento de Marbella crear\u00e1 un consorcio con el sector privado para definir el modelo tur\u00edstico\">El Ayuntamiento de Marbella crear\u00e1 un consorcio con el sector privado para definir el modelo tur\u00edstico<\/a>\n<\/span><\/div>","aioseo_breadcrumb_json":[{"label":"Home","link":"https:\/\/eldigitaldeasturias.com\/magazine365"},{"label":"Actualidad Turismo","link":"https:\/\/eldigitaldeasturias.com\/magazine365\/category\/actualidad-turismo\/"},{"label":"El Ayuntamiento de Marbella crear\u00e1 un consorcio con el sector privado para definir el modelo tur\u00edstico","link":"https:\/\/eldigitaldeasturias.com\/magazine365\/el-ayuntamiento-de-marbella-creara-un-consorcio-con-el-sector-privado-para-definir-el-modelo-turistico\/"}],"_links":{"self":[{"href":"https:\/\/eldigitaldeasturias.com\/magazine365\/wp-json\/wp\/v2\/posts\/40585","targetHints":{"allow":["GET"]}}],"collection":[{"href":"https:\/\/eldigitaldeasturias.com\/magazine365\/wp-json\/wp\/v2\/posts"}],"about":[{"href":"https:\/\/eldigitaldeasturias.com\/magazine365\/wp-json\/wp\/v2\/types\/post"}],"author":[{"embeddable":true,"href":"https:\/\/eldigitaldeasturias.com\/magazine365\/wp-json\/wp\/v2\/users\/1"}],"replies":[{"embeddable":true,"href":"https:\/\/eldigitaldeasturias.com\/magazine365\/wp-json\/wp\/v2\/comments?post=40585"}],"version-history":[{"count":0,"href":"https:\/\/eldigitaldeasturias.com\/magazine365\/wp-json\/wp\/v2\/posts\/40585\/revisions"}],"wp:featuredmedia":[{"embeddable":true,"href":"https:\/\/eldigitaldeasturias.com\/magazine365\/wp-json\/wp\/v2\/media\/40586"}],"wp:attachment":[{"href":"https:\/\/eldigitaldeasturias.com\/magazine365\/wp-json\/wp\/v2\/media?parent=40585"}],"wp:term":[{"taxonomy":"category","embeddable":true,"href":"https:\/\/eldigitaldeasturias.com\/magazine365\/wp-json\/wp\/v2\/categories?post=40585"},{"taxonomy":"post_tag","embeddable":true,"href":"https:\/\/eldigitaldeasturias.com\/magazine365\/wp-json\/wp\/v2\/tags?post=40585"}],"curies":[{"name":"wp","href":"https:\/\/api.w.org\/{rel}","templated":true}]}}