{"id":40582,"date":"2015-06-23T08:24:54","date_gmt":"2015-06-23T06:54:54","guid":{"rendered":"http:\/\/eldigitaldeasturias.com\/magazine365\/?p=40582"},"modified":"2015-06-23T08:24:54","modified_gmt":"2015-06-23T06:54:54","slug":"malaga-asiste-por-primera-vez-a-uno-de-los-principales-eventos-de-congresos-de-polonia","status":"publish","type":"post","link":"https:\/\/eldigitaldeasturias.com\/magazine365\/malaga-asiste-por-primera-vez-a-uno-de-los-principales-eventos-de-congresos-de-polonia\/","title":{"rendered":"M\u00e1laga asiste por primera vez a uno de los principales eventos de congresos de Polonia"},"content":{"rendered":"<p><img fetchpriority=\"high\" decoding=\"async\" class=\"alignleft size-medium wp-image-40583\" src=\"https:\/\/eldigitaldeasturias.com\/magazine365\/wp-content\/uploads\/2015\/06\/fotonoticia_20150622150801_800-360x240.jpg\" alt=\"fotonoticia_20150622150801_800\" width=\"360\" height=\"240\" srcset=\"https:\/\/eldigitaldeasturias.com\/magazine365\/wp-content\/uploads\/2015\/06\/fotonoticia_20150622150801_800-360x240.jpg 360w, https:\/\/eldigitaldeasturias.com\/magazine365\/wp-content\/uploads\/2015\/06\/fotonoticia_20150622150801_800-650x433.jpg 650w, https:\/\/eldigitaldeasturias.com\/magazine365\/wp-content\/uploads\/2015\/06\/fotonoticia_20150622150801_800-768x512.jpg 768w, https:\/\/eldigitaldeasturias.com\/magazine365\/wp-content\/uploads\/2015\/06\/fotonoticia_20150622150801_800-150x100.jpg 150w, https:\/\/eldigitaldeasturias.com\/magazine365\/wp-content\/uploads\/2015\/06\/fotonoticia_20150622150801_800-450x300.jpg 450w, https:\/\/eldigitaldeasturias.com\/magazine365\/wp-content\/uploads\/2015\/06\/fotonoticia_20150622150801_800-696x464.jpg 696w, https:\/\/eldigitaldeasturias.com\/magazine365\/wp-content\/uploads\/2015\/06\/fotonoticia_20150622150801_800-630x420.jpg 630w, https:\/\/eldigitaldeasturias.com\/magazine365\/wp-content\/uploads\/2015\/06\/fotonoticia_20150622150801_800-84x55.jpg 84w, https:\/\/eldigitaldeasturias.com\/magazine365\/wp-content\/uploads\/2015\/06\/fotonoticia_20150622150801_800.jpg 800w\" sizes=\"(max-width: 360px) 100vw, 360px\" \/>M\u00e1laga Convention Bureau, el organismo del \u00c1rea de Turismo para el fomento y la promoci\u00f3n del segmento de congresos e incentivos, estar\u00e1 por primera vez esta semana en el evento Meet the Bidder, que se celebra en Varsovia (Polonia).<\/p>\n<p>A este evento, dirigido exclusivamente al p\u00fablico profesional, acudir\u00e1n los principales organismos de promoci\u00f3n de Europa con el fin de presentar la oferta que ofrecen sus respectivos destinos tur\u00edsticos. Tras las presentaciones tendr\u00e1n lugar los encuentros comerciales y las jornadas de trabajo.<\/p>\n<p>Dicha presencia en esta feria se incluye en el plan director del M\u00e1laga Convention Bureau, ya que el mercado polaco es uno de los que m\u00e1s est\u00e1 creciendo. Adem\u00e1s, en Meet the Bidder participar\u00e1n los principales directores generales de las agencias de incentivos polacas, un hecho que se considera \u00abuna gran oportunidad\u00bb para los profesionales de M\u00e1laga, han precisado desde el Consistorio en un comunicado.<\/p>\n<p>Coincidiendo con este primer encuentro, que se celebrar\u00e1 este martes, la Oficina Espa\u00f1ola de Turismo (OET) en Varsovia, ha organizado tambi\u00e9n una cita con profesionales para la promoci\u00f3n del destino Espa\u00f1a, que se celebrar\u00e1 el mi\u00e9rcoles en los jardines de la residencia del embajador de Espa\u00f1a en Polonia.<\/p>\n<p>S\u00f3lo cinco destinos han sido elegidos para participar en dicho evento exclusivo. De hecho, junto a M\u00e1laga Convention Bureau, estar\u00e1n tambi\u00e9n presentes los organismos de promoci\u00f3n de congresos y reuniones de la Costa del Sol, el Pa\u00eds Vasco, Sevilla y Barcelona.<\/p>\n<p>El mercado polaco es uno de los que m\u00e1s ha crecido en los \u00faltimos tiempos en M\u00e1laga. S\u00f3lo en el primer cuatrimestre se han alojado en los hoteles de la ciudad un total de 2.453 turistas procedentes de Polonia (+18,03 por ciento). Estos viajeros han generado un total de 6.076 pernoctaciones (+31,08 por ciento). La estancia media de los turistas polacos en M\u00e1laga est\u00e1 entre las m\u00e1s altas, con 2,48 d\u00edas.<\/p>\n<p>M\u00e1laga Convention Bureau est\u00e1 trabajando actualmente en m\u00e1s de 200 candidaturas para la celebraci\u00f3n de encuentros y jornadas profesionales en M\u00e1laga, lo que supone \u00abun r\u00e9cord sin precedentes para la ciudad\u00bb.<\/p>\n<p>Esta cifra, han a\u00f1adido desde el Consistorio, se ha registrado despu\u00e9s de que en el \u00faltimo a\u00f1o se haya producido un incremento de m\u00e1s del 30 por ciento en el n\u00famero de candidaturas internacionales presentadas, as\u00ed como en el de las visitas de inspecci\u00f3n realizadas a la ciudad por los responsables de sociedades, empresas y asociaciones tanto nacionales como europeas.<\/p>\n","protected":false},"excerpt":{"rendered":"<p>M\u00e1laga Convention Bureau, el organismo del \u00c1rea de Turismo para el fomento y la promoci\u00f3n del segmento de congresos e incentivos, estar\u00e1 por primera vez esta semana en el evento Meet the Bidder, que se celebra en Varsovia (Polonia). A este evento, dirigido exclusivamente al p\u00fablico profesional, acudir\u00e1n los principales organismos de promoci\u00f3n de Europa<\/p>\n","protected":false},"author":1,"featured_media":40583,"comment_status":"open","ping_status":"closed","sticky":false,"template":"","format":"standard","meta":{"footnotes":""},"categories":[222],"tags":[],"class_list":{"0":"post-40582","1":"post","2":"type-post","3":"status-publish","4":"format-standard","5":"has-post-thumbnail","7":"category-actualidad-turismo"},"aioseo_notices":[],"aioseo_head":"\n\t\t<!-- All in One SEO Pro 4.9.6.1 - aioseo.com -->\n\t<meta name=\"description\" content=\"M\u00e1laga Convention Bureau, el organismo del \u00c1rea de Turismo para el fomento y la promoci\u00f3n del segmento de congresos e incentivos, estar\u00e1 por primera vez esta semana en el evento Meet the Bidder, que se celebra en Varsovia (Polonia). A este evento, dirigido exclusivamente al p\u00fablico profesional, acudir\u00e1n los principales organismos de promoci\u00f3n de Europa\" \/>\n\t<meta name=\"robots\" content=\"max-image-preview:large\" \/>\n\t<meta name=\"author\" content=\"admin\"\/>\n\t<meta name=\"google-site-verification\" content=\"UA-38556648-1\" \/>\n\t<meta name=\"keywords\" content=\"actualidad turismo\" \/>\n\t<link rel=\"canonical\" href=\"https:\/\/eldigitaldeasturias.com\/magazine365\/malaga-asiste-por-primera-vez-a-uno-de-los-principales-eventos-de-congresos-de-polonia\/\" \/>\n\t<meta name=\"generator\" content=\"All in One SEO Pro (AIOSEO) 4.9.6.1\" \/>\n\t\t<meta property=\"og:locale\" content=\"es_ES\" \/>\n\t\t<meta property=\"og:site_name\" content=\"El Digital de Asturias \u2013 Revista de ocio, turismo y estilo de vida\" \/>\n\t\t<meta property=\"og:type\" content=\"article\" \/>\n\t\t<meta property=\"og:title\" content=\"M\u00e1laga asiste por primera vez a uno de los principales eventos de congresos de Polonia | El Digital de Asturias\" \/>\n\t\t<meta property=\"og:description\" content=\"M\u00e1laga Convention Bureau, el organismo del \u00c1rea de Turismo para el fomento y la promoci\u00f3n del segmento de congresos e incentivos, estar\u00e1 por primera vez esta semana en el evento Meet the Bidder, que se celebra en Varsovia (Polonia). A este evento, dirigido exclusivamente al p\u00fablico profesional, acudir\u00e1n los principales organismos de promoci\u00f3n de Europa\" \/>\n\t\t<meta property=\"og:url\" content=\"https:\/\/eldigitaldeasturias.com\/magazine365\/malaga-asiste-por-primera-vez-a-uno-de-los-principales-eventos-de-congresos-de-polonia\/\" \/>\n\t\t<meta property=\"og:image\" content=\"https:\/\/eldigitaldeasturias.com\/magazine365\/wp-content\/uploads\/2015\/06\/fotonoticia_20150622150801_800.jpg\" \/>\n\t\t<meta property=\"og:image:secure_url\" content=\"https:\/\/eldigitaldeasturias.com\/magazine365\/wp-content\/uploads\/2015\/06\/fotonoticia_20150622150801_800.jpg\" \/>\n\t\t<meta property=\"og:image:width\" content=\"800\" \/>\n\t\t<meta property=\"og:image:height\" content=\"533\" \/>\n\t\t<meta property=\"article:published_time\" content=\"2015-06-23T06:54:54+00:00\" \/>\n\t\t<meta property=\"article:modified_time\" content=\"2015-06-23T06:54:54+00:00\" \/>\n\t\t<meta name=\"twitter:card\" content=\"summary_large_image\" \/>\n\t\t<meta name=\"twitter:title\" content=\"M\u00e1laga asiste por primera vez a uno de los principales eventos de congresos de Polonia | El Digital de Asturias\" \/>\n\t\t<meta name=\"twitter:description\" content=\"M\u00e1laga Convention Bureau, el organismo del \u00c1rea de Turismo para el fomento y la promoci\u00f3n del segmento de congresos e incentivos, estar\u00e1 por primera vez esta semana en el evento Meet the Bidder, que se celebra en Varsovia (Polonia). A este evento, dirigido exclusivamente al p\u00fablico profesional, acudir\u00e1n los principales organismos de promoci\u00f3n de Europa\" \/>\n\t\t<meta name=\"twitter:image\" content=\"https:\/\/eldigitaldeasturias.com\/magazine365\/wp-content\/uploads\/2015\/06\/fotonoticia_20150622150801_800.jpg\" \/>\n\t\t<script type=\"application\/ld+json\" class=\"aioseo-schema\">\n\t\t\t{\"@context\":\"https:\\\/\\\/schema.org\",\"@graph\":[{\"@type\":\"Article\",\"@id\":\"https:\\\/\\\/eldigitaldeasturias.com\\\/magazine365\\\/malaga-asiste-por-primera-vez-a-uno-de-los-principales-eventos-de-congresos-de-polonia\\\/#article\",\"name\":\"M\\u00e1laga asiste por primera vez a uno de los principales eventos de congresos de Polonia | El Digital de Asturias\",\"headline\":\"M\\u00e1laga asiste por primera vez a uno de los principales eventos de congresos de Polonia\",\"author\":{\"@id\":\"https:\\\/\\\/eldigitaldeasturias.com\\\/magazine365\\\/author\\\/admin\\\/#author\"},\"publisher\":{\"@id\":\"https:\\\/\\\/eldigitaldeasturias.com\\\/magazine365\\\/#organization\"},\"image\":{\"@type\":\"ImageObject\",\"url\":\"https:\\\/\\\/eldigitaldeasturias.com\\\/magazine365\\\/wp-content\\\/uploads\\\/2015\\\/06\\\/fotonoticia_20150622150801_800.jpg\",\"width\":800,\"height\":533},\"datePublished\":\"2015-06-23T08:24:54+02:00\",\"dateModified\":\"2015-06-23T08:24:54+02:00\",\"inLanguage\":\"es-ES\",\"mainEntityOfPage\":{\"@id\":\"https:\\\/\\\/eldigitaldeasturias.com\\\/magazine365\\\/malaga-asiste-por-primera-vez-a-uno-de-los-principales-eventos-de-congresos-de-polonia\\\/#webpage\"},\"isPartOf\":{\"@id\":\"https:\\\/\\\/eldigitaldeasturias.com\\\/magazine365\\\/malaga-asiste-por-primera-vez-a-uno-de-los-principales-eventos-de-congresos-de-polonia\\\/#webpage\"},\"articleSection\":\"Actualidad Turismo\"},{\"@type\":\"BreadcrumbList\",\"@id\":\"https:\\\/\\\/eldigitaldeasturias.com\\\/magazine365\\\/malaga-asiste-por-primera-vez-a-uno-de-los-principales-eventos-de-congresos-de-polonia\\\/#breadcrumblist\",\"itemListElement\":[{\"@type\":\"ListItem\",\"@id\":\"https:\\\/\\\/eldigitaldeasturias.com\\\/magazine365#listItem\",\"position\":1,\"name\":\"Home\",\"item\":\"https:\\\/\\\/eldigitaldeasturias.com\\\/magazine365\",\"nextItem\":{\"@type\":\"ListItem\",\"@id\":\"https:\\\/\\\/eldigitaldeasturias.com\\\/magazine365\\\/category\\\/actualidad-turismo\\\/#listItem\",\"name\":\"Actualidad Turismo\"}},{\"@type\":\"ListItem\",\"@id\":\"https:\\\/\\\/eldigitaldeasturias.com\\\/magazine365\\\/category\\\/actualidad-turismo\\\/#listItem\",\"position\":2,\"name\":\"Actualidad Turismo\",\"item\":\"https:\\\/\\\/eldigitaldeasturias.com\\\/magazine365\\\/category\\\/actualidad-turismo\\\/\",\"nextItem\":{\"@type\":\"ListItem\",\"@id\":\"https:\\\/\\\/eldigitaldeasturias.com\\\/magazine365\\\/malaga-asiste-por-primera-vez-a-uno-de-los-principales-eventos-de-congresos-de-polonia\\\/#listItem\",\"name\":\"M\\u00e1laga asiste por primera vez a uno de los principales eventos de congresos de Polonia\"},\"previousItem\":{\"@type\":\"ListItem\",\"@id\":\"https:\\\/\\\/eldigitaldeasturias.com\\\/magazine365#listItem\",\"name\":\"Home\"}},{\"@type\":\"ListItem\",\"@id\":\"https:\\\/\\\/eldigitaldeasturias.com\\\/magazine365\\\/malaga-asiste-por-primera-vez-a-uno-de-los-principales-eventos-de-congresos-de-polonia\\\/#listItem\",\"position\":3,\"name\":\"M\\u00e1laga asiste por primera vez a uno de los principales eventos de congresos de Polonia\",\"previousItem\":{\"@type\":\"ListItem\",\"@id\":\"https:\\\/\\\/eldigitaldeasturias.com\\\/magazine365\\\/category\\\/actualidad-turismo\\\/#listItem\",\"name\":\"Actualidad Turismo\"}}]},{\"@type\":\"Organization\",\"@id\":\"https:\\\/\\\/eldigitaldeasturias.com\\\/magazine365\\\/#organization\",\"name\":\"El digital de Asturias\",\"description\":\"Revista de ocio, turismo y estilo de vida\",\"url\":\"https:\\\/\\\/eldigitaldeasturias.com\\\/magazine365\\\/\",\"logo\":{\"@type\":\"ImageObject\",\"url\":\"https:\\\/\\\/www.eldigitaldeasturias.com\\\/noticias\\\/wp-content\\\/uploads\\\/2020\\\/12\\\/EDA.jpg\",\"@id\":\"https:\\\/\\\/eldigitaldeasturias.com\\\/magazine365\\\/malaga-asiste-por-primera-vez-a-uno-de-los-principales-eventos-de-congresos-de-polonia\\\/#organizationLogo\"},\"image\":{\"@id\":\"https:\\\/\\\/eldigitaldeasturias.com\\\/magazine365\\\/malaga-asiste-por-primera-vez-a-uno-de-los-principales-eventos-de-congresos-de-polonia\\\/#organizationLogo\"}},{\"@type\":\"Person\",\"@id\":\"https:\\\/\\\/eldigitaldeasturias.com\\\/magazine365\\\/author\\\/admin\\\/#author\",\"url\":\"https:\\\/\\\/eldigitaldeasturias.com\\\/magazine365\\\/author\\\/admin\\\/\",\"name\":\"admin\",\"image\":{\"@type\":\"ImageObject\",\"@id\":\"https:\\\/\\\/eldigitaldeasturias.com\\\/magazine365\\\/malaga-asiste-por-primera-vez-a-uno-de-los-principales-eventos-de-congresos-de-polonia\\\/#authorImage\",\"url\":\"https:\\\/\\\/eldigitaldeasturias.com\\\/magazine365\\\/wp-content\\\/litespeed\\\/avatar\\\/e571bcf59a0edd6fa6838245a470f2fe.jpg?ver=1777574230\",\"width\":96,\"height\":96,\"caption\":\"admin\"}},{\"@type\":\"WebPage\",\"@id\":\"https:\\\/\\\/eldigitaldeasturias.com\\\/magazine365\\\/malaga-asiste-por-primera-vez-a-uno-de-los-principales-eventos-de-congresos-de-polonia\\\/#webpage\",\"url\":\"https:\\\/\\\/eldigitaldeasturias.com\\\/magazine365\\\/malaga-asiste-por-primera-vez-a-uno-de-los-principales-eventos-de-congresos-de-polonia\\\/\",\"name\":\"M\\u00e1laga asiste por primera vez a uno de los principales eventos de congresos de Polonia | El Digital de Asturias\",\"description\":\"M\\u00e1laga Convention Bureau, el organismo del \\u00c1rea de Turismo para el fomento y la promoci\\u00f3n del segmento de congresos e incentivos, estar\\u00e1 por primera vez esta semana en el evento Meet the Bidder, que se celebra en Varsovia (Polonia). A este evento, dirigido exclusivamente al p\\u00fablico profesional, acudir\\u00e1n los principales organismos de promoci\\u00f3n de Europa\",\"inLanguage\":\"es-ES\",\"isPartOf\":{\"@id\":\"https:\\\/\\\/eldigitaldeasturias.com\\\/magazine365\\\/#website\"},\"breadcrumb\":{\"@id\":\"https:\\\/\\\/eldigitaldeasturias.com\\\/magazine365\\\/malaga-asiste-por-primera-vez-a-uno-de-los-principales-eventos-de-congresos-de-polonia\\\/#breadcrumblist\"},\"author\":{\"@id\":\"https:\\\/\\\/eldigitaldeasturias.com\\\/magazine365\\\/author\\\/admin\\\/#author\"},\"creator\":{\"@id\":\"https:\\\/\\\/eldigitaldeasturias.com\\\/magazine365\\\/author\\\/admin\\\/#author\"},\"image\":{\"@type\":\"ImageObject\",\"url\":\"https:\\\/\\\/eldigitaldeasturias.com\\\/magazine365\\\/wp-content\\\/uploads\\\/2015\\\/06\\\/fotonoticia_20150622150801_800.jpg\",\"@id\":\"https:\\\/\\\/eldigitaldeasturias.com\\\/magazine365\\\/malaga-asiste-por-primera-vez-a-uno-de-los-principales-eventos-de-congresos-de-polonia\\\/#mainImage\",\"width\":800,\"height\":533},\"primaryImageOfPage\":{\"@id\":\"https:\\\/\\\/eldigitaldeasturias.com\\\/magazine365\\\/malaga-asiste-por-primera-vez-a-uno-de-los-principales-eventos-de-congresos-de-polonia\\\/#mainImage\"},\"datePublished\":\"2015-06-23T08:24:54+02:00\",\"dateModified\":\"2015-06-23T08:24:54+02:00\"},{\"@type\":\"WebSite\",\"@id\":\"https:\\\/\\\/eldigitaldeasturias.com\\\/magazine365\\\/#website\",\"url\":\"https:\\\/\\\/eldigitaldeasturias.com\\\/magazine365\\\/\",\"name\":\"El Digital de Asturias\",\"description\":\"Revista de ocio, turismo y estilo de vida\",\"inLanguage\":\"es-ES\",\"publisher\":{\"@id\":\"https:\\\/\\\/eldigitaldeasturias.com\\\/magazine365\\\/#organization\"}}]}\n\t\t<\/script>\n\t\t<!-- All in One SEO Pro -->\r\n\t\t<title>M\u00e1laga asiste por primera vez a uno de los principales eventos de congresos de Polonia | El Digital de Asturias<\/title>\n\n","aioseo_head_json":{"title":"M\u00e1laga asiste por primera vez a uno de los principales eventos de congresos de Polonia | El Digital de Asturias","description":"M\u00e1laga Convention Bureau, el organismo del \u00c1rea de Turismo para el fomento y la promoci\u00f3n del segmento de congresos e incentivos, estar\u00e1 por primera vez esta semana en el evento Meet the Bidder, que se celebra en Varsovia (Polonia). A este evento, dirigido exclusivamente al p\u00fablico profesional, acudir\u00e1n los principales organismos de promoci\u00f3n de Europa","canonical_url":"https:\/\/eldigitaldeasturias.com\/magazine365\/malaga-asiste-por-primera-vez-a-uno-de-los-principales-eventos-de-congresos-de-polonia\/","robots":"max-image-preview:large","keywords":"actualidad turismo","webmasterTools":{"google-site-verification":"UA-38556648-1","miscellaneous":""},"schema":{"@context":"https:\/\/schema.org","@graph":[{"@type":"Article","@id":"https:\/\/eldigitaldeasturias.com\/magazine365\/malaga-asiste-por-primera-vez-a-uno-de-los-principales-eventos-de-congresos-de-polonia\/#article","name":"M\u00e1laga asiste por primera vez a uno de los principales eventos de congresos de Polonia | El Digital de Asturias","headline":"M\u00e1laga asiste por primera vez a uno de los principales eventos de congresos de Polonia","author":{"@id":"https:\/\/eldigitaldeasturias.com\/magazine365\/author\/admin\/#author"},"publisher":{"@id":"https:\/\/eldigitaldeasturias.com\/magazine365\/#organization"},"image":{"@type":"ImageObject","url":"https:\/\/eldigitaldeasturias.com\/magazine365\/wp-content\/uploads\/2015\/06\/fotonoticia_20150622150801_800.jpg","width":800,"height":533},"datePublished":"2015-06-23T08:24:54+02:00","dateModified":"2015-06-23T08:24:54+02:00","inLanguage":"es-ES","mainEntityOfPage":{"@id":"https:\/\/eldigitaldeasturias.com\/magazine365\/malaga-asiste-por-primera-vez-a-uno-de-los-principales-eventos-de-congresos-de-polonia\/#webpage"},"isPartOf":{"@id":"https:\/\/eldigitaldeasturias.com\/magazine365\/malaga-asiste-por-primera-vez-a-uno-de-los-principales-eventos-de-congresos-de-polonia\/#webpage"},"articleSection":"Actualidad Turismo"},{"@type":"BreadcrumbList","@id":"https:\/\/eldigitaldeasturias.com\/magazine365\/malaga-asiste-por-primera-vez-a-uno-de-los-principales-eventos-de-congresos-de-polonia\/#breadcrumblist","itemListElement":[{"@type":"ListItem","@id":"https:\/\/eldigitaldeasturias.com\/magazine365#listItem","position":1,"name":"Home","item":"https:\/\/eldigitaldeasturias.com\/magazine365","nextItem":{"@type":"ListItem","@id":"https:\/\/eldigitaldeasturias.com\/magazine365\/category\/actualidad-turismo\/#listItem","name":"Actualidad Turismo"}},{"@type":"ListItem","@id":"https:\/\/eldigitaldeasturias.com\/magazine365\/category\/actualidad-turismo\/#listItem","position":2,"name":"Actualidad Turismo","item":"https:\/\/eldigitaldeasturias.com\/magazine365\/category\/actualidad-turismo\/","nextItem":{"@type":"ListItem","@id":"https:\/\/eldigitaldeasturias.com\/magazine365\/malaga-asiste-por-primera-vez-a-uno-de-los-principales-eventos-de-congresos-de-polonia\/#listItem","name":"M\u00e1laga asiste por primera vez a uno de los principales eventos de congresos de Polonia"},"previousItem":{"@type":"ListItem","@id":"https:\/\/eldigitaldeasturias.com\/magazine365#listItem","name":"Home"}},{"@type":"ListItem","@id":"https:\/\/eldigitaldeasturias.com\/magazine365\/malaga-asiste-por-primera-vez-a-uno-de-los-principales-eventos-de-congresos-de-polonia\/#listItem","position":3,"name":"M\u00e1laga asiste por primera vez a uno de los principales eventos de congresos de Polonia","previousItem":{"@type":"ListItem","@id":"https:\/\/eldigitaldeasturias.com\/magazine365\/category\/actualidad-turismo\/#listItem","name":"Actualidad Turismo"}}]},{"@type":"Organization","@id":"https:\/\/eldigitaldeasturias.com\/magazine365\/#organization","name":"El digital de Asturias","description":"Revista de ocio, turismo y estilo de vida","url":"https:\/\/eldigitaldeasturias.com\/magazine365\/","logo":{"@type":"ImageObject","url":"https:\/\/www.eldigitaldeasturias.com\/noticias\/wp-content\/uploads\/2020\/12\/EDA.jpg","@id":"https:\/\/eldigitaldeasturias.com\/magazine365\/malaga-asiste-por-primera-vez-a-uno-de-los-principales-eventos-de-congresos-de-polonia\/#organizationLogo"},"image":{"@id":"https:\/\/eldigitaldeasturias.com\/magazine365\/malaga-asiste-por-primera-vez-a-uno-de-los-principales-eventos-de-congresos-de-polonia\/#organizationLogo"}},{"@type":"Person","@id":"https:\/\/eldigitaldeasturias.com\/magazine365\/author\/admin\/#author","url":"https:\/\/eldigitaldeasturias.com\/magazine365\/author\/admin\/","name":"admin","image":{"@type":"ImageObject","@id":"https:\/\/eldigitaldeasturias.com\/magazine365\/malaga-asiste-por-primera-vez-a-uno-de-los-principales-eventos-de-congresos-de-polonia\/#authorImage","url":"https:\/\/eldigitaldeasturias.com\/magazine365\/wp-content\/litespeed\/avatar\/e571bcf59a0edd6fa6838245a470f2fe.jpg?ver=1777574230","width":96,"height":96,"caption":"admin"}},{"@type":"WebPage","@id":"https:\/\/eldigitaldeasturias.com\/magazine365\/malaga-asiste-por-primera-vez-a-uno-de-los-principales-eventos-de-congresos-de-polonia\/#webpage","url":"https:\/\/eldigitaldeasturias.com\/magazine365\/malaga-asiste-por-primera-vez-a-uno-de-los-principales-eventos-de-congresos-de-polonia\/","name":"M\u00e1laga asiste por primera vez a uno de los principales eventos de congresos de Polonia | El Digital de Asturias","description":"M\u00e1laga Convention Bureau, el organismo del \u00c1rea de Turismo para el fomento y la promoci\u00f3n del segmento de congresos e incentivos, estar\u00e1 por primera vez esta semana en el evento Meet the Bidder, que se celebra en Varsovia (Polonia). A este evento, dirigido exclusivamente al p\u00fablico profesional, acudir\u00e1n los principales organismos de promoci\u00f3n de Europa","inLanguage":"es-ES","isPartOf":{"@id":"https:\/\/eldigitaldeasturias.com\/magazine365\/#website"},"breadcrumb":{"@id":"https:\/\/eldigitaldeasturias.com\/magazine365\/malaga-asiste-por-primera-vez-a-uno-de-los-principales-eventos-de-congresos-de-polonia\/#breadcrumblist"},"author":{"@id":"https:\/\/eldigitaldeasturias.com\/magazine365\/author\/admin\/#author"},"creator":{"@id":"https:\/\/eldigitaldeasturias.com\/magazine365\/author\/admin\/#author"},"image":{"@type":"ImageObject","url":"https:\/\/eldigitaldeasturias.com\/magazine365\/wp-content\/uploads\/2015\/06\/fotonoticia_20150622150801_800.jpg","@id":"https:\/\/eldigitaldeasturias.com\/magazine365\/malaga-asiste-por-primera-vez-a-uno-de-los-principales-eventos-de-congresos-de-polonia\/#mainImage","width":800,"height":533},"primaryImageOfPage":{"@id":"https:\/\/eldigitaldeasturias.com\/magazine365\/malaga-asiste-por-primera-vez-a-uno-de-los-principales-eventos-de-congresos-de-polonia\/#mainImage"},"datePublished":"2015-06-23T08:24:54+02:00","dateModified":"2015-06-23T08:24:54+02:00"},{"@type":"WebSite","@id":"https:\/\/eldigitaldeasturias.com\/magazine365\/#website","url":"https:\/\/eldigitaldeasturias.com\/magazine365\/","name":"El Digital de Asturias","description":"Revista de ocio, turismo y estilo de vida","inLanguage":"es-ES","publisher":{"@id":"https:\/\/eldigitaldeasturias.com\/magazine365\/#organization"}}]},"og:locale":"es_ES","og:site_name":"El Digital de Asturias \u2013 Revista de ocio, turismo y estilo de vida","og:type":"article","og:title":"M\u00e1laga asiste por primera vez a uno de los principales eventos de congresos de Polonia | El Digital de Asturias","og:description":"M\u00e1laga Convention Bureau, el organismo del \u00c1rea de Turismo para el fomento y la promoci\u00f3n del segmento de congresos e incentivos, estar\u00e1 por primera vez esta semana en el evento Meet the Bidder, que se celebra en Varsovia (Polonia). A este evento, dirigido exclusivamente al p\u00fablico profesional, acudir\u00e1n los principales organismos de promoci\u00f3n de Europa","og:url":"https:\/\/eldigitaldeasturias.com\/magazine365\/malaga-asiste-por-primera-vez-a-uno-de-los-principales-eventos-de-congresos-de-polonia\/","og:image":"https:\/\/eldigitaldeasturias.com\/magazine365\/wp-content\/uploads\/2015\/06\/fotonoticia_20150622150801_800.jpg","og:image:secure_url":"https:\/\/eldigitaldeasturias.com\/magazine365\/wp-content\/uploads\/2015\/06\/fotonoticia_20150622150801_800.jpg","og:image:width":800,"og:image:height":533,"article:published_time":"2015-06-23T06:54:54+00:00","article:modified_time":"2015-06-23T06:54:54+00:00","twitter:card":"summary_large_image","twitter:title":"M\u00e1laga asiste por primera vez a uno de los principales eventos de congresos de Polonia | El Digital de Asturias","twitter:description":"M\u00e1laga Convention Bureau, el organismo del \u00c1rea de Turismo para el fomento y la promoci\u00f3n del segmento de congresos e incentivos, estar\u00e1 por primera vez esta semana en el evento Meet the Bidder, que se celebra en Varsovia (Polonia). A este evento, dirigido exclusivamente al p\u00fablico profesional, acudir\u00e1n los principales organismos de promoci\u00f3n de Europa","twitter:image":"https:\/\/eldigitaldeasturias.com\/magazine365\/wp-content\/uploads\/2015\/06\/fotonoticia_20150622150801_800.jpg"},"aioseo_meta_data":{"post_id":"40582","title":null,"description":null,"keywords":null,"keyphrases":null,"primary_term":null,"canonical_url":null,"og_title":null,"og_description":null,"og_object_type":"default","og_image_type":"default","og_image_url":null,"og_image_width":null,"og_image_height":null,"og_image_custom_url":null,"og_image_custom_fields":null,"og_video":null,"og_custom_url":null,"og_article_section":null,"og_article_tags":null,"twitter_use_og":false,"twitter_card":"default","twitter_image_type":"default","twitter_image_url":null,"twitter_image_custom_url":null,"twitter_image_custom_fields":null,"twitter_title":null,"twitter_description":null,"schema":{"blockGraphs":[],"customGraphs":[],"default":{"data":{"Article":[],"Course":[],"Dataset":[],"FAQPage":[],"Movie":[],"Person":[],"Product":[],"ProductReview":[],"Car":[],"Recipe":[],"Service":[],"SoftwareApplication":[],"WebPage":[]},"graphName":"","isEnabled":true},"graphs":[],"defaultGraph":"","defaultPostTypeGraph":""},"schema_type":null,"schema_type_options":null,"pillar_content":false,"robots_default":true,"robots_noindex":false,"robots_noarchive":false,"robots_nosnippet":false,"robots_nofollow":false,"robots_noimageindex":false,"robots_noodp":false,"robots_notranslate":false,"robots_max_snippet":null,"robots_max_videopreview":null,"robots_max_imagepreview":"large","priority":null,"frequency":null,"location":null,"local_seo":null,"seo_analyzer_scan_date":"2025-09-19 13:52:03","breadcrumb_settings":null,"limit_modified_date":false,"open_ai":null,"ai":null,"created":"2021-03-09 02:26:42","updated":"2025-09-19 13:52:03"},"aioseo_breadcrumb":"<div class=\"aioseo-breadcrumbs\"><span class=\"aioseo-breadcrumb\">\n\t<a href=\"https:\/\/eldigitaldeasturias.com\/magazine365\" title=\"Home\">Home<\/a>\n<\/span><span class=\"aioseo-breadcrumb-separator\">\u2013<\/span><span class=\"aioseo-breadcrumb\">\n\t<a href=\"https:\/\/eldigitaldeasturias.com\/magazine365\/category\/actualidad-turismo\/\" title=\"Actualidad Turismo\">Actualidad Turismo<\/a>\n<\/span><span class=\"aioseo-breadcrumb-separator\">\u2013<\/span><span class=\"aioseo-breadcrumb\">\n\t<a href=\"https:\/\/eldigitaldeasturias.com\/magazine365\/malaga-asiste-por-primera-vez-a-uno-de-los-principales-eventos-de-congresos-de-polonia\/\" title=\"M\u00e1laga asiste por primera vez a uno de los principales eventos de congresos de Polonia\">M\u00e1laga asiste por primera vez a uno de los principales eventos de congresos de Polonia<\/a>\n<\/span><\/div>","aioseo_breadcrumb_json":[{"label":"Home","link":"https:\/\/eldigitaldeasturias.com\/magazine365"},{"label":"Actualidad Turismo","link":"https:\/\/eldigitaldeasturias.com\/magazine365\/category\/actualidad-turismo\/"},{"label":"M\u00e1laga asiste por primera vez a uno de los principales eventos de congresos de Polonia","link":"https:\/\/eldigitaldeasturias.com\/magazine365\/malaga-asiste-por-primera-vez-a-uno-de-los-principales-eventos-de-congresos-de-polonia\/"}],"_links":{"self":[{"href":"https:\/\/eldigitaldeasturias.com\/magazine365\/wp-json\/wp\/v2\/posts\/40582","targetHints":{"allow":["GET"]}}],"collection":[{"href":"https:\/\/eldigitaldeasturias.com\/magazine365\/wp-json\/wp\/v2\/posts"}],"about":[{"href":"https:\/\/eldigitaldeasturias.com\/magazine365\/wp-json\/wp\/v2\/types\/post"}],"author":[{"embeddable":true,"href":"https:\/\/eldigitaldeasturias.com\/magazine365\/wp-json\/wp\/v2\/users\/1"}],"replies":[{"embeddable":true,"href":"https:\/\/eldigitaldeasturias.com\/magazine365\/wp-json\/wp\/v2\/comments?post=40582"}],"version-history":[{"count":0,"href":"https:\/\/eldigitaldeasturias.com\/magazine365\/wp-json\/wp\/v2\/posts\/40582\/revisions"}],"wp:featuredmedia":[{"embeddable":true,"href":"https:\/\/eldigitaldeasturias.com\/magazine365\/wp-json\/wp\/v2\/media\/40583"}],"wp:attachment":[{"href":"https:\/\/eldigitaldeasturias.com\/magazine365\/wp-json\/wp\/v2\/media?parent=40582"}],"wp:term":[{"taxonomy":"category","embeddable":true,"href":"https:\/\/eldigitaldeasturias.com\/magazine365\/wp-json\/wp\/v2\/categories?post=40582"},{"taxonomy":"post_tag","embeddable":true,"href":"https:\/\/eldigitaldeasturias.com\/magazine365\/wp-json\/wp\/v2\/tags?post=40582"}],"curies":[{"name":"wp","href":"https:\/\/api.w.org\/{rel}","templated":true}]}}