{"id":40573,"date":"2015-06-23T08:21:37","date_gmt":"2015-06-23T06:51:37","guid":{"rendered":"http:\/\/eldigitaldeasturias.com\/magazine365\/?p=40573"},"modified":"2015-06-23T08:21:37","modified_gmt":"2015-06-23T06:51:37","slug":"air-europa-celebra-el-15-aniversario-de-la-alianza-skyteam","status":"publish","type":"post","link":"https:\/\/eldigitaldeasturias.com\/magazine365\/air-europa-celebra-el-15-aniversario-de-la-alianza-skyteam\/","title":{"rendered":"Air Europa celebra el 15 aniversario de la alianza SkyTeam"},"content":{"rendered":"<p><img fetchpriority=\"high\" decoding=\"async\" class=\"alignleft size-medium wp-image-40574\" src=\"https:\/\/eldigitaldeasturias.com\/magazine365\/wp-content\/uploads\/2015\/06\/fotonoticia_20150622143536_800-360x222.jpg\" alt=\"fotonoticia_20150622143536_800\" width=\"360\" height=\"222\" srcset=\"https:\/\/eldigitaldeasturias.com\/magazine365\/wp-content\/uploads\/2015\/06\/fotonoticia_20150622143536_800-360x222.jpg 360w, https:\/\/eldigitaldeasturias.com\/magazine365\/wp-content\/uploads\/2015\/06\/fotonoticia_20150622143536_800-650x401.jpg 650w, https:\/\/eldigitaldeasturias.com\/magazine365\/wp-content\/uploads\/2015\/06\/fotonoticia_20150622143536_800-768x473.jpg 768w, https:\/\/eldigitaldeasturias.com\/magazine365\/wp-content\/uploads\/2015\/06\/fotonoticia_20150622143536_800-150x92.jpg 150w, https:\/\/eldigitaldeasturias.com\/magazine365\/wp-content\/uploads\/2015\/06\/fotonoticia_20150622143536_800-450x277.jpg 450w, https:\/\/eldigitaldeasturias.com\/magazine365\/wp-content\/uploads\/2015\/06\/fotonoticia_20150622143536_800-356x220.jpg 356w, https:\/\/eldigitaldeasturias.com\/magazine365\/wp-content\/uploads\/2015\/06\/fotonoticia_20150622143536_800-696x429.jpg 696w, https:\/\/eldigitaldeasturias.com\/magazine365\/wp-content\/uploads\/2015\/06\/fotonoticia_20150622143536_800-682x420.jpg 682w, https:\/\/eldigitaldeasturias.com\/magazine365\/wp-content\/uploads\/2015\/06\/fotonoticia_20150622143536_800-279x173.jpg 279w, https:\/\/eldigitaldeasturias.com\/magazine365\/wp-content\/uploads\/2015\/06\/fotonoticia_20150622143536_800.jpg 800w\" sizes=\"(max-width: 360px) 100vw, 360px\" \/>Air Europa, la aerol\u00ednea del grupo Globalia, se ha sumado a las celebraciones del decimoquinto aniversario de la alianza a\u00e9rea SkyTeam, a la que pertenece la aerol\u00ednea, con una serie de acciones centradas en popularizar las ventajas que dicha alianza ofrece al pasajero de cada una de las 20 compa\u00f1\u00edas asociadas.<\/p>\n<p>En un comunicado, Air Europa recuerda que forma parte de SkyTeam desde 2007. \u00abEs para nosotros un verdadero orgullo ser parte activa de esta celebraci\u00f3n\u00bb, ha afirmado la directora general de la aerol\u00ednea, Mar\u00eda Jos\u00e9 Hidalgo.<\/p>\n<p>Seg\u00fan dijo, \u00abpertenecer a una alianza que cubre m\u00e1s de 1.000 destinos en todo el planeta supone un extraordinario valor a\u00f1adido para nuestros clientes, en t\u00e9rminos de eficiencia y comodidad\u00bb.<\/p>\n<p>Air Europa facilita el acceso a Am\u00e9rica y el Caribe a ciertas compa\u00f1\u00edas y su red europea y dom\u00e9stica a otras, que a su vez aportan \u00abuna gran conectividad\u00bb a la aerol\u00ednea en regiones como Asia, Norteam\u00e9rica, Oriente Medio o \u00c1frica. \u00abAl final quien gana es el pasajero\u00bb, apunt\u00f3.<\/p>\n<p>Entre otras ventajas, formar parte de SkyTeam permite el uso de sus exclusivos &#8216;SkyTeam Lounges&#8217;, de los servicios de &#8216;SkyPriority&#8217; para agilizar facturaci\u00f3n y embarque o organizar el viaje a trav\u00e9s de su herramienta &#8216;Round The World Planner&#8217;.<\/p>\n<p>ACCIONES PARA POPULARIZAR LOS SERVICIOS.<\/p>\n<p>Air Europa llevar\u00e1 a cabo una serie de acciones durante estos d\u00edas con presencia en medios y redes sociales para dar a conocer las ventajas de pertenecer a SkyTeam.<\/p>\n<p>Durante el d\u00eda de hoy, todos los pasajeros que vuelen con la aerol\u00ednea ser\u00e1n obsequiados a bordo con chocolates que llevan el logo del 15 aniversario de la alianza.<\/p>\n<p>Durante 2014, SkyTeam transport\u00f3 m\u00e1s de 612 millones de pasajeros a 1.050 destinos en 177 pa\u00edses. Las 20 aerol\u00edneas asociadas son Aeroflot, Aerol\u00edneas Argentinas, Aerom\u00e9xico, Air Europa, Air France, Alitalia, China Airlines, China Eastern, China Southern, Czech Airlines, Delta Air Lines, Garuda Indonesia, Kenya Airways, KLM Royal Dutch Airlines, Korean Air, Middle East Airlines, Saudia, TAROM, Vietnam Airlines y Xiamen Airlines.<\/p>\n","protected":false},"excerpt":{"rendered":"<p>Air Europa, la aerol\u00ednea del grupo Globalia, se ha sumado a las celebraciones del decimoquinto aniversario de la alianza a\u00e9rea SkyTeam, a la que pertenece la aerol\u00ednea, con una serie de acciones centradas en popularizar las ventajas que dicha alianza ofrece al pasajero de cada una de las 20 compa\u00f1\u00edas asociadas. En un comunicado, Air<\/p>\n","protected":false},"author":1,"featured_media":40574,"comment_status":"open","ping_status":"closed","sticky":false,"template":"","format":"standard","meta":{"footnotes":""},"categories":[222],"tags":[],"class_list":{"0":"post-40573","1":"post","2":"type-post","3":"status-publish","4":"format-standard","5":"has-post-thumbnail","7":"category-actualidad-turismo"},"aioseo_notices":[],"aioseo_head":"\n\t\t<!-- All in One SEO Pro 4.9.6.1 - aioseo.com -->\n\t<meta name=\"description\" content=\"Air Europa, la aerol\u00ednea del grupo Globalia, se ha sumado a las celebraciones del decimoquinto aniversario de la alianza a\u00e9rea SkyTeam, a la que pertenece la aerol\u00ednea, con una serie de acciones centradas en popularizar las ventajas que dicha alianza ofrece al pasajero de cada una de las 20 compa\u00f1\u00edas asociadas. En un comunicado, Air\" \/>\n\t<meta name=\"robots\" content=\"max-image-preview:large\" \/>\n\t<meta name=\"author\" content=\"admin\"\/>\n\t<meta name=\"google-site-verification\" content=\"UA-38556648-1\" \/>\n\t<meta name=\"keywords\" content=\"actualidad turismo\" \/>\n\t<link rel=\"canonical\" href=\"https:\/\/eldigitaldeasturias.com\/magazine365\/air-europa-celebra-el-15-aniversario-de-la-alianza-skyteam\/\" \/>\n\t<meta name=\"generator\" content=\"All in One SEO Pro (AIOSEO) 4.9.6.1\" \/>\n\t\t<meta property=\"og:locale\" content=\"es_ES\" \/>\n\t\t<meta property=\"og:site_name\" content=\"El Digital de Asturias \u2013 Revista de ocio, turismo y estilo de vida\" \/>\n\t\t<meta property=\"og:type\" content=\"article\" \/>\n\t\t<meta property=\"og:title\" content=\"Air Europa celebra el 15 aniversario de la alianza SkyTeam | El Digital de Asturias\" \/>\n\t\t<meta property=\"og:description\" content=\"Air Europa, la aerol\u00ednea del grupo Globalia, se ha sumado a las celebraciones del decimoquinto aniversario de la alianza a\u00e9rea SkyTeam, a la que pertenece la aerol\u00ednea, con una serie de acciones centradas en popularizar las ventajas que dicha alianza ofrece al pasajero de cada una de las 20 compa\u00f1\u00edas asociadas. En un comunicado, Air\" \/>\n\t\t<meta property=\"og:url\" content=\"https:\/\/eldigitaldeasturias.com\/magazine365\/air-europa-celebra-el-15-aniversario-de-la-alianza-skyteam\/\" \/>\n\t\t<meta property=\"og:image\" content=\"https:\/\/eldigitaldeasturias.com\/magazine365\/wp-content\/uploads\/2015\/06\/fotonoticia_20150622143536_800.jpg\" \/>\n\t\t<meta property=\"og:image:secure_url\" content=\"https:\/\/eldigitaldeasturias.com\/magazine365\/wp-content\/uploads\/2015\/06\/fotonoticia_20150622143536_800.jpg\" \/>\n\t\t<meta property=\"og:image:width\" content=\"800\" \/>\n\t\t<meta property=\"og:image:height\" content=\"493\" \/>\n\t\t<meta property=\"article:published_time\" content=\"2015-06-23T06:51:37+00:00\" \/>\n\t\t<meta property=\"article:modified_time\" content=\"2015-06-23T06:51:37+00:00\" \/>\n\t\t<meta name=\"twitter:card\" content=\"summary_large_image\" \/>\n\t\t<meta name=\"twitter:title\" content=\"Air Europa celebra el 15 aniversario de la alianza SkyTeam | El Digital de Asturias\" \/>\n\t\t<meta name=\"twitter:description\" content=\"Air Europa, la aerol\u00ednea del grupo Globalia, se ha sumado a las celebraciones del decimoquinto aniversario de la alianza a\u00e9rea SkyTeam, a la que pertenece la aerol\u00ednea, con una serie de acciones centradas en popularizar las ventajas que dicha alianza ofrece al pasajero de cada una de las 20 compa\u00f1\u00edas asociadas. En un comunicado, Air\" \/>\n\t\t<meta name=\"twitter:image\" content=\"https:\/\/eldigitaldeasturias.com\/magazine365\/wp-content\/uploads\/2015\/06\/fotonoticia_20150622143536_800.jpg\" \/>\n\t\t<script type=\"application\/ld+json\" class=\"aioseo-schema\">\n\t\t\t{\"@context\":\"https:\\\/\\\/schema.org\",\"@graph\":[{\"@type\":\"Article\",\"@id\":\"https:\\\/\\\/eldigitaldeasturias.com\\\/magazine365\\\/air-europa-celebra-el-15-aniversario-de-la-alianza-skyteam\\\/#article\",\"name\":\"Air Europa celebra el 15 aniversario de la alianza SkyTeam | El Digital de Asturias\",\"headline\":\"Air Europa celebra el 15 aniversario de la alianza SkyTeam\",\"author\":{\"@id\":\"https:\\\/\\\/eldigitaldeasturias.com\\\/magazine365\\\/author\\\/admin\\\/#author\"},\"publisher\":{\"@id\":\"https:\\\/\\\/eldigitaldeasturias.com\\\/magazine365\\\/#organization\"},\"image\":{\"@type\":\"ImageObject\",\"url\":\"https:\\\/\\\/eldigitaldeasturias.com\\\/magazine365\\\/wp-content\\\/uploads\\\/2015\\\/06\\\/fotonoticia_20150622143536_800.jpg\",\"width\":800,\"height\":493},\"datePublished\":\"2015-06-23T08:21:37+02:00\",\"dateModified\":\"2015-06-23T08:21:37+02:00\",\"inLanguage\":\"es-ES\",\"mainEntityOfPage\":{\"@id\":\"https:\\\/\\\/eldigitaldeasturias.com\\\/magazine365\\\/air-europa-celebra-el-15-aniversario-de-la-alianza-skyteam\\\/#webpage\"},\"isPartOf\":{\"@id\":\"https:\\\/\\\/eldigitaldeasturias.com\\\/magazine365\\\/air-europa-celebra-el-15-aniversario-de-la-alianza-skyteam\\\/#webpage\"},\"articleSection\":\"Actualidad Turismo\"},{\"@type\":\"BreadcrumbList\",\"@id\":\"https:\\\/\\\/eldigitaldeasturias.com\\\/magazine365\\\/air-europa-celebra-el-15-aniversario-de-la-alianza-skyteam\\\/#breadcrumblist\",\"itemListElement\":[{\"@type\":\"ListItem\",\"@id\":\"https:\\\/\\\/eldigitaldeasturias.com\\\/magazine365#listItem\",\"position\":1,\"name\":\"Home\",\"item\":\"https:\\\/\\\/eldigitaldeasturias.com\\\/magazine365\",\"nextItem\":{\"@type\":\"ListItem\",\"@id\":\"https:\\\/\\\/eldigitaldeasturias.com\\\/magazine365\\\/category\\\/actualidad-turismo\\\/#listItem\",\"name\":\"Actualidad Turismo\"}},{\"@type\":\"ListItem\",\"@id\":\"https:\\\/\\\/eldigitaldeasturias.com\\\/magazine365\\\/category\\\/actualidad-turismo\\\/#listItem\",\"position\":2,\"name\":\"Actualidad Turismo\",\"item\":\"https:\\\/\\\/eldigitaldeasturias.com\\\/magazine365\\\/category\\\/actualidad-turismo\\\/\",\"nextItem\":{\"@type\":\"ListItem\",\"@id\":\"https:\\\/\\\/eldigitaldeasturias.com\\\/magazine365\\\/air-europa-celebra-el-15-aniversario-de-la-alianza-skyteam\\\/#listItem\",\"name\":\"Air Europa celebra el 15 aniversario de la alianza SkyTeam\"},\"previousItem\":{\"@type\":\"ListItem\",\"@id\":\"https:\\\/\\\/eldigitaldeasturias.com\\\/magazine365#listItem\",\"name\":\"Home\"}},{\"@type\":\"ListItem\",\"@id\":\"https:\\\/\\\/eldigitaldeasturias.com\\\/magazine365\\\/air-europa-celebra-el-15-aniversario-de-la-alianza-skyteam\\\/#listItem\",\"position\":3,\"name\":\"Air Europa celebra el 15 aniversario de la alianza SkyTeam\",\"previousItem\":{\"@type\":\"ListItem\",\"@id\":\"https:\\\/\\\/eldigitaldeasturias.com\\\/magazine365\\\/category\\\/actualidad-turismo\\\/#listItem\",\"name\":\"Actualidad Turismo\"}}]},{\"@type\":\"Organization\",\"@id\":\"https:\\\/\\\/eldigitaldeasturias.com\\\/magazine365\\\/#organization\",\"name\":\"El digital de Asturias\",\"description\":\"Revista de ocio, turismo y estilo de vida\",\"url\":\"https:\\\/\\\/eldigitaldeasturias.com\\\/magazine365\\\/\",\"logo\":{\"@type\":\"ImageObject\",\"url\":\"https:\\\/\\\/www.eldigitaldeasturias.com\\\/noticias\\\/wp-content\\\/uploads\\\/2020\\\/12\\\/EDA.jpg\",\"@id\":\"https:\\\/\\\/eldigitaldeasturias.com\\\/magazine365\\\/air-europa-celebra-el-15-aniversario-de-la-alianza-skyteam\\\/#organizationLogo\"},\"image\":{\"@id\":\"https:\\\/\\\/eldigitaldeasturias.com\\\/magazine365\\\/air-europa-celebra-el-15-aniversario-de-la-alianza-skyteam\\\/#organizationLogo\"}},{\"@type\":\"Person\",\"@id\":\"https:\\\/\\\/eldigitaldeasturias.com\\\/magazine365\\\/author\\\/admin\\\/#author\",\"url\":\"https:\\\/\\\/eldigitaldeasturias.com\\\/magazine365\\\/author\\\/admin\\\/\",\"name\":\"admin\",\"image\":{\"@type\":\"ImageObject\",\"@id\":\"https:\\\/\\\/eldigitaldeasturias.com\\\/magazine365\\\/air-europa-celebra-el-15-aniversario-de-la-alianza-skyteam\\\/#authorImage\",\"url\":\"https:\\\/\\\/eldigitaldeasturias.com\\\/magazine365\\\/wp-content\\\/litespeed\\\/avatar\\\/e571bcf59a0edd6fa6838245a470f2fe.jpg?ver=1777574230\",\"width\":96,\"height\":96,\"caption\":\"admin\"}},{\"@type\":\"WebPage\",\"@id\":\"https:\\\/\\\/eldigitaldeasturias.com\\\/magazine365\\\/air-europa-celebra-el-15-aniversario-de-la-alianza-skyteam\\\/#webpage\",\"url\":\"https:\\\/\\\/eldigitaldeasturias.com\\\/magazine365\\\/air-europa-celebra-el-15-aniversario-de-la-alianza-skyteam\\\/\",\"name\":\"Air Europa celebra el 15 aniversario de la alianza SkyTeam | El Digital de Asturias\",\"description\":\"Air Europa, la aerol\\u00ednea del grupo Globalia, se ha sumado a las celebraciones del decimoquinto aniversario de la alianza a\\u00e9rea SkyTeam, a la que pertenece la aerol\\u00ednea, con una serie de acciones centradas en popularizar las ventajas que dicha alianza ofrece al pasajero de cada una de las 20 compa\\u00f1\\u00edas asociadas. En un comunicado, Air\",\"inLanguage\":\"es-ES\",\"isPartOf\":{\"@id\":\"https:\\\/\\\/eldigitaldeasturias.com\\\/magazine365\\\/#website\"},\"breadcrumb\":{\"@id\":\"https:\\\/\\\/eldigitaldeasturias.com\\\/magazine365\\\/air-europa-celebra-el-15-aniversario-de-la-alianza-skyteam\\\/#breadcrumblist\"},\"author\":{\"@id\":\"https:\\\/\\\/eldigitaldeasturias.com\\\/magazine365\\\/author\\\/admin\\\/#author\"},\"creator\":{\"@id\":\"https:\\\/\\\/eldigitaldeasturias.com\\\/magazine365\\\/author\\\/admin\\\/#author\"},\"image\":{\"@type\":\"ImageObject\",\"url\":\"https:\\\/\\\/eldigitaldeasturias.com\\\/magazine365\\\/wp-content\\\/uploads\\\/2015\\\/06\\\/fotonoticia_20150622143536_800.jpg\",\"@id\":\"https:\\\/\\\/eldigitaldeasturias.com\\\/magazine365\\\/air-europa-celebra-el-15-aniversario-de-la-alianza-skyteam\\\/#mainImage\",\"width\":800,\"height\":493},\"primaryImageOfPage\":{\"@id\":\"https:\\\/\\\/eldigitaldeasturias.com\\\/magazine365\\\/air-europa-celebra-el-15-aniversario-de-la-alianza-skyteam\\\/#mainImage\"},\"datePublished\":\"2015-06-23T08:21:37+02:00\",\"dateModified\":\"2015-06-23T08:21:37+02:00\"},{\"@type\":\"WebSite\",\"@id\":\"https:\\\/\\\/eldigitaldeasturias.com\\\/magazine365\\\/#website\",\"url\":\"https:\\\/\\\/eldigitaldeasturias.com\\\/magazine365\\\/\",\"name\":\"El Digital de Asturias\",\"description\":\"Revista de ocio, turismo y estilo de vida\",\"inLanguage\":\"es-ES\",\"publisher\":{\"@id\":\"https:\\\/\\\/eldigitaldeasturias.com\\\/magazine365\\\/#organization\"}}]}\n\t\t<\/script>\n\t\t<!-- All in One SEO Pro -->\r\n\t\t<title>Air Europa celebra el 15 aniversario de la alianza SkyTeam | El Digital de Asturias<\/title>\n\n","aioseo_head_json":{"title":"Air Europa celebra el 15 aniversario de la alianza SkyTeam | El Digital de Asturias","description":"Air Europa, la aerol\u00ednea del grupo Globalia, se ha sumado a las celebraciones del decimoquinto aniversario de la alianza a\u00e9rea SkyTeam, a la que pertenece la aerol\u00ednea, con una serie de acciones centradas en popularizar las ventajas que dicha alianza ofrece al pasajero de cada una de las 20 compa\u00f1\u00edas asociadas. En un comunicado, Air","canonical_url":"https:\/\/eldigitaldeasturias.com\/magazine365\/air-europa-celebra-el-15-aniversario-de-la-alianza-skyteam\/","robots":"max-image-preview:large","keywords":"actualidad turismo","webmasterTools":{"google-site-verification":"UA-38556648-1","miscellaneous":""},"schema":{"@context":"https:\/\/schema.org","@graph":[{"@type":"Article","@id":"https:\/\/eldigitaldeasturias.com\/magazine365\/air-europa-celebra-el-15-aniversario-de-la-alianza-skyteam\/#article","name":"Air Europa celebra el 15 aniversario de la alianza SkyTeam | El Digital de Asturias","headline":"Air Europa celebra el 15 aniversario de la alianza SkyTeam","author":{"@id":"https:\/\/eldigitaldeasturias.com\/magazine365\/author\/admin\/#author"},"publisher":{"@id":"https:\/\/eldigitaldeasturias.com\/magazine365\/#organization"},"image":{"@type":"ImageObject","url":"https:\/\/eldigitaldeasturias.com\/magazine365\/wp-content\/uploads\/2015\/06\/fotonoticia_20150622143536_800.jpg","width":800,"height":493},"datePublished":"2015-06-23T08:21:37+02:00","dateModified":"2015-06-23T08:21:37+02:00","inLanguage":"es-ES","mainEntityOfPage":{"@id":"https:\/\/eldigitaldeasturias.com\/magazine365\/air-europa-celebra-el-15-aniversario-de-la-alianza-skyteam\/#webpage"},"isPartOf":{"@id":"https:\/\/eldigitaldeasturias.com\/magazine365\/air-europa-celebra-el-15-aniversario-de-la-alianza-skyteam\/#webpage"},"articleSection":"Actualidad Turismo"},{"@type":"BreadcrumbList","@id":"https:\/\/eldigitaldeasturias.com\/magazine365\/air-europa-celebra-el-15-aniversario-de-la-alianza-skyteam\/#breadcrumblist","itemListElement":[{"@type":"ListItem","@id":"https:\/\/eldigitaldeasturias.com\/magazine365#listItem","position":1,"name":"Home","item":"https:\/\/eldigitaldeasturias.com\/magazine365","nextItem":{"@type":"ListItem","@id":"https:\/\/eldigitaldeasturias.com\/magazine365\/category\/actualidad-turismo\/#listItem","name":"Actualidad Turismo"}},{"@type":"ListItem","@id":"https:\/\/eldigitaldeasturias.com\/magazine365\/category\/actualidad-turismo\/#listItem","position":2,"name":"Actualidad Turismo","item":"https:\/\/eldigitaldeasturias.com\/magazine365\/category\/actualidad-turismo\/","nextItem":{"@type":"ListItem","@id":"https:\/\/eldigitaldeasturias.com\/magazine365\/air-europa-celebra-el-15-aniversario-de-la-alianza-skyteam\/#listItem","name":"Air Europa celebra el 15 aniversario de la alianza SkyTeam"},"previousItem":{"@type":"ListItem","@id":"https:\/\/eldigitaldeasturias.com\/magazine365#listItem","name":"Home"}},{"@type":"ListItem","@id":"https:\/\/eldigitaldeasturias.com\/magazine365\/air-europa-celebra-el-15-aniversario-de-la-alianza-skyteam\/#listItem","position":3,"name":"Air Europa celebra el 15 aniversario de la alianza SkyTeam","previousItem":{"@type":"ListItem","@id":"https:\/\/eldigitaldeasturias.com\/magazine365\/category\/actualidad-turismo\/#listItem","name":"Actualidad Turismo"}}]},{"@type":"Organization","@id":"https:\/\/eldigitaldeasturias.com\/magazine365\/#organization","name":"El digital de Asturias","description":"Revista de ocio, turismo y estilo de vida","url":"https:\/\/eldigitaldeasturias.com\/magazine365\/","logo":{"@type":"ImageObject","url":"https:\/\/www.eldigitaldeasturias.com\/noticias\/wp-content\/uploads\/2020\/12\/EDA.jpg","@id":"https:\/\/eldigitaldeasturias.com\/magazine365\/air-europa-celebra-el-15-aniversario-de-la-alianza-skyteam\/#organizationLogo"},"image":{"@id":"https:\/\/eldigitaldeasturias.com\/magazine365\/air-europa-celebra-el-15-aniversario-de-la-alianza-skyteam\/#organizationLogo"}},{"@type":"Person","@id":"https:\/\/eldigitaldeasturias.com\/magazine365\/author\/admin\/#author","url":"https:\/\/eldigitaldeasturias.com\/magazine365\/author\/admin\/","name":"admin","image":{"@type":"ImageObject","@id":"https:\/\/eldigitaldeasturias.com\/magazine365\/air-europa-celebra-el-15-aniversario-de-la-alianza-skyteam\/#authorImage","url":"https:\/\/eldigitaldeasturias.com\/magazine365\/wp-content\/litespeed\/avatar\/e571bcf59a0edd6fa6838245a470f2fe.jpg?ver=1777574230","width":96,"height":96,"caption":"admin"}},{"@type":"WebPage","@id":"https:\/\/eldigitaldeasturias.com\/magazine365\/air-europa-celebra-el-15-aniversario-de-la-alianza-skyteam\/#webpage","url":"https:\/\/eldigitaldeasturias.com\/magazine365\/air-europa-celebra-el-15-aniversario-de-la-alianza-skyteam\/","name":"Air Europa celebra el 15 aniversario de la alianza SkyTeam | El Digital de Asturias","description":"Air Europa, la aerol\u00ednea del grupo Globalia, se ha sumado a las celebraciones del decimoquinto aniversario de la alianza a\u00e9rea SkyTeam, a la que pertenece la aerol\u00ednea, con una serie de acciones centradas en popularizar las ventajas que dicha alianza ofrece al pasajero de cada una de las 20 compa\u00f1\u00edas asociadas. En un comunicado, Air","inLanguage":"es-ES","isPartOf":{"@id":"https:\/\/eldigitaldeasturias.com\/magazine365\/#website"},"breadcrumb":{"@id":"https:\/\/eldigitaldeasturias.com\/magazine365\/air-europa-celebra-el-15-aniversario-de-la-alianza-skyteam\/#breadcrumblist"},"author":{"@id":"https:\/\/eldigitaldeasturias.com\/magazine365\/author\/admin\/#author"},"creator":{"@id":"https:\/\/eldigitaldeasturias.com\/magazine365\/author\/admin\/#author"},"image":{"@type":"ImageObject","url":"https:\/\/eldigitaldeasturias.com\/magazine365\/wp-content\/uploads\/2015\/06\/fotonoticia_20150622143536_800.jpg","@id":"https:\/\/eldigitaldeasturias.com\/magazine365\/air-europa-celebra-el-15-aniversario-de-la-alianza-skyteam\/#mainImage","width":800,"height":493},"primaryImageOfPage":{"@id":"https:\/\/eldigitaldeasturias.com\/magazine365\/air-europa-celebra-el-15-aniversario-de-la-alianza-skyteam\/#mainImage"},"datePublished":"2015-06-23T08:21:37+02:00","dateModified":"2015-06-23T08:21:37+02:00"},{"@type":"WebSite","@id":"https:\/\/eldigitaldeasturias.com\/magazine365\/#website","url":"https:\/\/eldigitaldeasturias.com\/magazine365\/","name":"El Digital de Asturias","description":"Revista de ocio, turismo y estilo de vida","inLanguage":"es-ES","publisher":{"@id":"https:\/\/eldigitaldeasturias.com\/magazine365\/#organization"}}]},"og:locale":"es_ES","og:site_name":"El Digital de Asturias \u2013 Revista de ocio, turismo y estilo de vida","og:type":"article","og:title":"Air Europa celebra el 15 aniversario de la alianza SkyTeam | El Digital de Asturias","og:description":"Air Europa, la aerol\u00ednea del grupo Globalia, se ha sumado a las celebraciones del decimoquinto aniversario de la alianza a\u00e9rea SkyTeam, a la que pertenece la aerol\u00ednea, con una serie de acciones centradas en popularizar las ventajas que dicha alianza ofrece al pasajero de cada una de las 20 compa\u00f1\u00edas asociadas. En un comunicado, Air","og:url":"https:\/\/eldigitaldeasturias.com\/magazine365\/air-europa-celebra-el-15-aniversario-de-la-alianza-skyteam\/","og:image":"https:\/\/eldigitaldeasturias.com\/magazine365\/wp-content\/uploads\/2015\/06\/fotonoticia_20150622143536_800.jpg","og:image:secure_url":"https:\/\/eldigitaldeasturias.com\/magazine365\/wp-content\/uploads\/2015\/06\/fotonoticia_20150622143536_800.jpg","og:image:width":800,"og:image:height":493,"article:published_time":"2015-06-23T06:51:37+00:00","article:modified_time":"2015-06-23T06:51:37+00:00","twitter:card":"summary_large_image","twitter:title":"Air Europa celebra el 15 aniversario de la alianza SkyTeam | El Digital de Asturias","twitter:description":"Air Europa, la aerol\u00ednea del grupo Globalia, se ha sumado a las celebraciones del decimoquinto aniversario de la alianza a\u00e9rea SkyTeam, a la que pertenece la aerol\u00ednea, con una serie de acciones centradas en popularizar las ventajas que dicha alianza ofrece al pasajero de cada una de las 20 compa\u00f1\u00edas asociadas. En un comunicado, Air","twitter:image":"https:\/\/eldigitaldeasturias.com\/magazine365\/wp-content\/uploads\/2015\/06\/fotonoticia_20150622143536_800.jpg"},"aioseo_meta_data":{"post_id":"40573","title":null,"description":null,"keywords":null,"keyphrases":null,"primary_term":null,"canonical_url":null,"og_title":null,"og_description":null,"og_object_type":"default","og_image_type":"default","og_image_url":null,"og_image_width":null,"og_image_height":null,"og_image_custom_url":null,"og_image_custom_fields":null,"og_video":null,"og_custom_url":null,"og_article_section":null,"og_article_tags":null,"twitter_use_og":false,"twitter_card":"default","twitter_image_type":"default","twitter_image_url":null,"twitter_image_custom_url":null,"twitter_image_custom_fields":null,"twitter_title":null,"twitter_description":null,"schema":{"blockGraphs":[],"customGraphs":[],"default":{"data":{"Article":[],"Course":[],"Dataset":[],"FAQPage":[],"Movie":[],"Person":[],"Product":[],"ProductReview":[],"Car":[],"Recipe":[],"Service":[],"SoftwareApplication":[],"WebPage":[]},"graphName":"","isEnabled":true},"graphs":[]},"schema_type":null,"schema_type_options":null,"pillar_content":false,"robots_default":true,"robots_noindex":false,"robots_noarchive":false,"robots_nosnippet":false,"robots_nofollow":false,"robots_noimageindex":false,"robots_noodp":false,"robots_notranslate":false,"robots_max_snippet":null,"robots_max_videopreview":null,"robots_max_imagepreview":"large","priority":null,"frequency":null,"location":null,"local_seo":null,"seo_analyzer_scan_date":"2025-09-19 13:51:59","breadcrumb_settings":null,"limit_modified_date":false,"open_ai":null,"ai":null,"created":"2021-03-09 02:26:42","updated":"2025-09-19 13:51:59"},"aioseo_breadcrumb":"<div class=\"aioseo-breadcrumbs\"><span class=\"aioseo-breadcrumb\">\n\t<a href=\"https:\/\/eldigitaldeasturias.com\/magazine365\" title=\"Home\">Home<\/a>\n<\/span><span class=\"aioseo-breadcrumb-separator\">\u2013<\/span><span class=\"aioseo-breadcrumb\">\n\t<a href=\"https:\/\/eldigitaldeasturias.com\/magazine365\/category\/actualidad-turismo\/\" title=\"Actualidad Turismo\">Actualidad Turismo<\/a>\n<\/span><span class=\"aioseo-breadcrumb-separator\">\u2013<\/span><span class=\"aioseo-breadcrumb\">\n\t<a href=\"https:\/\/eldigitaldeasturias.com\/magazine365\/air-europa-celebra-el-15-aniversario-de-la-alianza-skyteam\/\" title=\"Air Europa celebra el 15 aniversario de la alianza SkyTeam\">Air Europa celebra el 15 aniversario de la alianza SkyTeam<\/a>\n<\/span><\/div>","aioseo_breadcrumb_json":[{"label":"Home","link":"https:\/\/eldigitaldeasturias.com\/magazine365"},{"label":"Actualidad Turismo","link":"https:\/\/eldigitaldeasturias.com\/magazine365\/category\/actualidad-turismo\/"},{"label":"Air Europa celebra el 15 aniversario de la alianza SkyTeam","link":"https:\/\/eldigitaldeasturias.com\/magazine365\/air-europa-celebra-el-15-aniversario-de-la-alianza-skyteam\/"}],"_links":{"self":[{"href":"https:\/\/eldigitaldeasturias.com\/magazine365\/wp-json\/wp\/v2\/posts\/40573","targetHints":{"allow":["GET"]}}],"collection":[{"href":"https:\/\/eldigitaldeasturias.com\/magazine365\/wp-json\/wp\/v2\/posts"}],"about":[{"href":"https:\/\/eldigitaldeasturias.com\/magazine365\/wp-json\/wp\/v2\/types\/post"}],"author":[{"embeddable":true,"href":"https:\/\/eldigitaldeasturias.com\/magazine365\/wp-json\/wp\/v2\/users\/1"}],"replies":[{"embeddable":true,"href":"https:\/\/eldigitaldeasturias.com\/magazine365\/wp-json\/wp\/v2\/comments?post=40573"}],"version-history":[{"count":0,"href":"https:\/\/eldigitaldeasturias.com\/magazine365\/wp-json\/wp\/v2\/posts\/40573\/revisions"}],"wp:featuredmedia":[{"embeddable":true,"href":"https:\/\/eldigitaldeasturias.com\/magazine365\/wp-json\/wp\/v2\/media\/40574"}],"wp:attachment":[{"href":"https:\/\/eldigitaldeasturias.com\/magazine365\/wp-json\/wp\/v2\/media?parent=40573"}],"wp:term":[{"taxonomy":"category","embeddable":true,"href":"https:\/\/eldigitaldeasturias.com\/magazine365\/wp-json\/wp\/v2\/categories?post=40573"},{"taxonomy":"post_tag","embeddable":true,"href":"https:\/\/eldigitaldeasturias.com\/magazine365\/wp-json\/wp\/v2\/tags?post=40573"}],"curies":[{"name":"wp","href":"https:\/\/api.w.org\/{rel}","templated":true}]}}