{"id":40570,"date":"2015-06-23T08:19:47","date_gmt":"2015-06-23T06:49:47","guid":{"rendered":"http:\/\/eldigitaldeasturias.com\/magazine365\/?p=40570"},"modified":"2015-06-23T08:19:47","modified_gmt":"2015-06-23T06:49:47","slug":"unas-35-000-personas-disfrutan-de-las-actividades-de-emerita-ludica-en-merida","status":"publish","type":"post","link":"https:\/\/eldigitaldeasturias.com\/magazine365\/unas-35-000-personas-disfrutan-de-las-actividades-de-emerita-ludica-en-merida\/","title":{"rendered":"Unas 35.000 personas disfrutan de las actividades de &#8216;Em\u00e9rita L\u00fadica&#8217; en M\u00e9rida"},"content":{"rendered":"<p><img fetchpriority=\"high\" decoding=\"async\" class=\"alignleft size-medium wp-image-40571\" src=\"https:\/\/eldigitaldeasturias.com\/magazine365\/wp-content\/uploads\/2015\/06\/fotonoticia_20150622140539_800-360x240.jpg\" alt=\"fotonoticia_20150622140539_800\" width=\"360\" height=\"240\" srcset=\"https:\/\/eldigitaldeasturias.com\/magazine365\/wp-content\/uploads\/2015\/06\/fotonoticia_20150622140539_800-360x240.jpg 360w, https:\/\/eldigitaldeasturias.com\/magazine365\/wp-content\/uploads\/2015\/06\/fotonoticia_20150622140539_800-650x434.jpg 650w, https:\/\/eldigitaldeasturias.com\/magazine365\/wp-content\/uploads\/2015\/06\/fotonoticia_20150622140539_800-768x513.jpg 768w, https:\/\/eldigitaldeasturias.com\/magazine365\/wp-content\/uploads\/2015\/06\/fotonoticia_20150622140539_800-150x100.jpg 150w, https:\/\/eldigitaldeasturias.com\/magazine365\/wp-content\/uploads\/2015\/06\/fotonoticia_20150622140539_800-450x300.jpg 450w, https:\/\/eldigitaldeasturias.com\/magazine365\/wp-content\/uploads\/2015\/06\/fotonoticia_20150622140539_800-696x465.jpg 696w, https:\/\/eldigitaldeasturias.com\/magazine365\/wp-content\/uploads\/2015\/06\/fotonoticia_20150622140539_800-629x420.jpg 629w, https:\/\/eldigitaldeasturias.com\/magazine365\/wp-content\/uploads\/2015\/06\/fotonoticia_20150622140539_800-84x55.jpg 84w, https:\/\/eldigitaldeasturias.com\/magazine365\/wp-content\/uploads\/2015\/06\/fotonoticia_20150622140539_800.jpg 800w\" sizes=\"(max-width: 360px) 100vw, 360px\" \/>Unas 35.000 personas han disfrutado durante este pasado fin de semana de la programaci\u00f3n de Em\u00e9rita L\u00fadica, que ha incluido teatro, lucha de gladiadores, ruta de la tapa y un mercado romano, entre otras actividades.<\/p>\n<p>As\u00ed lo han dado a conocer este lunes el delegado de Turismo, Pedro Vadillo, el coordinador de esta actividad y arque\u00f3logo del Consorcio de la Ciudad Monumental, Isaac Sastre, y la responsable del mercado romano, Soledad Reyes.<\/p>\n<p>El delegado de Turismo ha destacado \u00abla participaci\u00f3n de miles de personas\u00bb y ha indicado que hab\u00eda \u00abmucha\u00bb gente que se encontraba con la fiesta por lo que el Ayuntamiento de M\u00e9rida quiere que para el a\u00f1o que viene \u00abtoda esa gente venga a Em\u00e9rita L\u00fadica\u00bb.<\/p>\n<p>\u00abSe trata de una fiesta consolidada y ahora vamos a trabajar en su promoci\u00f3n al exterior\u00bb, ha afirmado, al tiempo que ha a\u00f1adido que el ayuntamiento ha colaborado en la infraestructura, polic\u00eda y seguridad ciudadana y, como novedad, con el entoldado de la calle Sagasta que se ampliar\u00e1 para la pr\u00f3xima edici\u00f3n.<\/p>\n<p>Adem\u00e1s la Ruta Romana de la Tapa ha sido un \u00ab\u00e9xito total\u00bb y algunos locales van a mantener las tapas \u00abalgunos d\u00edas m\u00e1s\u00bb ante la demanda de sus clientes, ha explicado Pedro Vadillo.<\/p>\n<p>En este sentido, en el concurso de la Ruta romana de la Tapa han resultado ganadores la Taper\u00eda del Guadiana (a la mejor tapa) y V\u00eda de la Tapa (a la mejor ambientaci\u00f3n), explica en nota de prensa el consistorio de la capital auton\u00f3mica.<\/p>\n<p>Adem\u00e1s, las visitas a las oficinas municipales de turismo han aumentado un 132 por ciento con respecto a la pasada edici\u00f3n de Em\u00e9rita L\u00fadica que se ha celebrado en oto\u00f1o. En 2014 pasaron por ellas 1.290 personas mientras que este a\u00f1o lo han hecho 2.991 personas.<\/p>\n<p>UNA VALORACI\u00d3N \u00abMUY POSITIVA\u00bb<\/p>\n<p>Por su parte, desde el Consorcio de la Ciudad Monumental, el coordinador de Em\u00e9rita L\u00fadica, Isaac Sastre, ha realizado una valoraci\u00f3n \u00abmuy positiva\u00bb y ha destacado que, a la obra de teatro \u00abLos Gemelos\u00bb, han acudido 1.800 personas y se ha registrado un \u00ablleno\u00bb en la Gladiatura, en el Anfiteatro, con 700 espectadores.<\/p>\n<p>Junto a esto, m\u00e1s de un millar de escolares ha visitado la Alcazaba y el campamento romano. \u00abHemos conseguido que Em\u00e9rita L\u00fadica se traslade de los monumentos a toda la ciudad\u00bb, ha destacado Sastre.<\/p>\n<p>A su vez, la responsable del Mercado Romano en el Templo de Diana, Soledad Reyes, ha explicado que se han \u00abcompletado los 24 puestos disponibles\u00bb.<\/p>\n","protected":false},"excerpt":{"rendered":"<p>Unas 35.000 personas han disfrutado durante este pasado fin de semana de la programaci\u00f3n de Em\u00e9rita L\u00fadica, que ha incluido teatro, lucha de gladiadores, ruta de la tapa y un mercado romano, entre otras actividades. As\u00ed lo han dado a conocer este lunes el delegado de Turismo, Pedro Vadillo, el coordinador de esta actividad y<\/p>\n","protected":false},"author":1,"featured_media":40571,"comment_status":"open","ping_status":"closed","sticky":false,"template":"","format":"standard","meta":{"footnotes":""},"categories":[222],"tags":[],"class_list":{"0":"post-40570","1":"post","2":"type-post","3":"status-publish","4":"format-standard","5":"has-post-thumbnail","7":"category-actualidad-turismo"},"aioseo_notices":[],"aioseo_head":"\n\t\t<!-- All in One SEO Pro 4.9.6.1 - aioseo.com -->\n\t<meta name=\"description\" content=\"Unas 35.000 personas han disfrutado durante este pasado fin de semana de la programaci\u00f3n de Em\u00e9rita L\u00fadica, que ha incluido teatro, lucha de gladiadores, ruta de la tapa y un mercado romano, entre otras actividades. As\u00ed lo han dado a conocer este lunes el delegado de Turismo, Pedro Vadillo, el coordinador de esta actividad y\" \/>\n\t<meta name=\"robots\" content=\"max-image-preview:large\" \/>\n\t<meta name=\"author\" content=\"admin\"\/>\n\t<meta name=\"google-site-verification\" content=\"UA-38556648-1\" \/>\n\t<meta name=\"keywords\" content=\"actualidad turismo\" \/>\n\t<link rel=\"canonical\" href=\"https:\/\/eldigitaldeasturias.com\/magazine365\/unas-35-000-personas-disfrutan-de-las-actividades-de-emerita-ludica-en-merida\/\" \/>\n\t<meta name=\"generator\" content=\"All in One SEO Pro (AIOSEO) 4.9.6.1\" \/>\n\t\t<meta property=\"og:locale\" content=\"es_ES\" \/>\n\t\t<meta property=\"og:site_name\" content=\"El Digital de Asturias \u2013 Revista de ocio, turismo y estilo de vida\" \/>\n\t\t<meta property=\"og:type\" content=\"article\" \/>\n\t\t<meta property=\"og:title\" content=\"Unas 35.000 personas disfrutan de las actividades de \u2018Em\u00e9rita L\u00fadica\u2019 en M\u00e9rida | El Digital de Asturias\" \/>\n\t\t<meta property=\"og:description\" content=\"Unas 35.000 personas han disfrutado durante este pasado fin de semana de la programaci\u00f3n de Em\u00e9rita L\u00fadica, que ha incluido teatro, lucha de gladiadores, ruta de la tapa y un mercado romano, entre otras actividades. As\u00ed lo han dado a conocer este lunes el delegado de Turismo, Pedro Vadillo, el coordinador de esta actividad y\" \/>\n\t\t<meta property=\"og:url\" content=\"https:\/\/eldigitaldeasturias.com\/magazine365\/unas-35-000-personas-disfrutan-de-las-actividades-de-emerita-ludica-en-merida\/\" \/>\n\t\t<meta property=\"og:image\" content=\"https:\/\/eldigitaldeasturias.com\/magazine365\/wp-content\/uploads\/2015\/06\/fotonoticia_20150622140539_800.jpg\" \/>\n\t\t<meta property=\"og:image:secure_url\" content=\"https:\/\/eldigitaldeasturias.com\/magazine365\/wp-content\/uploads\/2015\/06\/fotonoticia_20150622140539_800.jpg\" \/>\n\t\t<meta property=\"og:image:width\" content=\"800\" \/>\n\t\t<meta property=\"og:image:height\" content=\"534\" \/>\n\t\t<meta property=\"article:published_time\" content=\"2015-06-23T06:49:47+00:00\" \/>\n\t\t<meta property=\"article:modified_time\" content=\"2015-06-23T06:49:47+00:00\" \/>\n\t\t<meta name=\"twitter:card\" content=\"summary_large_image\" \/>\n\t\t<meta name=\"twitter:title\" content=\"Unas 35.000 personas disfrutan de las actividades de \u2018Em\u00e9rita L\u00fadica\u2019 en M\u00e9rida | El Digital de Asturias\" \/>\n\t\t<meta name=\"twitter:description\" content=\"Unas 35.000 personas han disfrutado durante este pasado fin de semana de la programaci\u00f3n de Em\u00e9rita L\u00fadica, que ha incluido teatro, lucha de gladiadores, ruta de la tapa y un mercado romano, entre otras actividades. As\u00ed lo han dado a conocer este lunes el delegado de Turismo, Pedro Vadillo, el coordinador de esta actividad y\" \/>\n\t\t<meta name=\"twitter:image\" content=\"https:\/\/eldigitaldeasturias.com\/magazine365\/wp-content\/uploads\/2015\/06\/fotonoticia_20150622140539_800.jpg\" \/>\n\t\t<script type=\"application\/ld+json\" class=\"aioseo-schema\">\n\t\t\t{\"@context\":\"https:\\\/\\\/schema.org\",\"@graph\":[{\"@type\":\"Article\",\"@id\":\"https:\\\/\\\/eldigitaldeasturias.com\\\/magazine365\\\/unas-35-000-personas-disfrutan-de-las-actividades-de-emerita-ludica-en-merida\\\/#article\",\"name\":\"Unas 35.000 personas disfrutan de las actividades de \\u2018Em\\u00e9rita L\\u00fadica\\u2019 en M\\u00e9rida | El Digital de Asturias\",\"headline\":\"Unas 35.000 personas disfrutan de las actividades de &#8216;Em\\u00e9rita L\\u00fadica&#8217; en M\\u00e9rida\",\"author\":{\"@id\":\"https:\\\/\\\/eldigitaldeasturias.com\\\/magazine365\\\/author\\\/admin\\\/#author\"},\"publisher\":{\"@id\":\"https:\\\/\\\/eldigitaldeasturias.com\\\/magazine365\\\/#organization\"},\"image\":{\"@type\":\"ImageObject\",\"url\":\"https:\\\/\\\/eldigitaldeasturias.com\\\/magazine365\\\/wp-content\\\/uploads\\\/2015\\\/06\\\/fotonoticia_20150622140539_800.jpg\",\"width\":800,\"height\":534},\"datePublished\":\"2015-06-23T08:19:47+02:00\",\"dateModified\":\"2015-06-23T08:19:47+02:00\",\"inLanguage\":\"es-ES\",\"mainEntityOfPage\":{\"@id\":\"https:\\\/\\\/eldigitaldeasturias.com\\\/magazine365\\\/unas-35-000-personas-disfrutan-de-las-actividades-de-emerita-ludica-en-merida\\\/#webpage\"},\"isPartOf\":{\"@id\":\"https:\\\/\\\/eldigitaldeasturias.com\\\/magazine365\\\/unas-35-000-personas-disfrutan-de-las-actividades-de-emerita-ludica-en-merida\\\/#webpage\"},\"articleSection\":\"Actualidad Turismo\"},{\"@type\":\"BreadcrumbList\",\"@id\":\"https:\\\/\\\/eldigitaldeasturias.com\\\/magazine365\\\/unas-35-000-personas-disfrutan-de-las-actividades-de-emerita-ludica-en-merida\\\/#breadcrumblist\",\"itemListElement\":[{\"@type\":\"ListItem\",\"@id\":\"https:\\\/\\\/eldigitaldeasturias.com\\\/magazine365#listItem\",\"position\":1,\"name\":\"Home\",\"item\":\"https:\\\/\\\/eldigitaldeasturias.com\\\/magazine365\",\"nextItem\":{\"@type\":\"ListItem\",\"@id\":\"https:\\\/\\\/eldigitaldeasturias.com\\\/magazine365\\\/category\\\/actualidad-turismo\\\/#listItem\",\"name\":\"Actualidad Turismo\"}},{\"@type\":\"ListItem\",\"@id\":\"https:\\\/\\\/eldigitaldeasturias.com\\\/magazine365\\\/category\\\/actualidad-turismo\\\/#listItem\",\"position\":2,\"name\":\"Actualidad Turismo\",\"item\":\"https:\\\/\\\/eldigitaldeasturias.com\\\/magazine365\\\/category\\\/actualidad-turismo\\\/\",\"nextItem\":{\"@type\":\"ListItem\",\"@id\":\"https:\\\/\\\/eldigitaldeasturias.com\\\/magazine365\\\/unas-35-000-personas-disfrutan-de-las-actividades-de-emerita-ludica-en-merida\\\/#listItem\",\"name\":\"Unas 35.000 personas disfrutan de las actividades de &#8216;Em\\u00e9rita L\\u00fadica&#8217; en M\\u00e9rida\"},\"previousItem\":{\"@type\":\"ListItem\",\"@id\":\"https:\\\/\\\/eldigitaldeasturias.com\\\/magazine365#listItem\",\"name\":\"Home\"}},{\"@type\":\"ListItem\",\"@id\":\"https:\\\/\\\/eldigitaldeasturias.com\\\/magazine365\\\/unas-35-000-personas-disfrutan-de-las-actividades-de-emerita-ludica-en-merida\\\/#listItem\",\"position\":3,\"name\":\"Unas 35.000 personas disfrutan de las actividades de &#8216;Em\\u00e9rita L\\u00fadica&#8217; en M\\u00e9rida\",\"previousItem\":{\"@type\":\"ListItem\",\"@id\":\"https:\\\/\\\/eldigitaldeasturias.com\\\/magazine365\\\/category\\\/actualidad-turismo\\\/#listItem\",\"name\":\"Actualidad Turismo\"}}]},{\"@type\":\"Organization\",\"@id\":\"https:\\\/\\\/eldigitaldeasturias.com\\\/magazine365\\\/#organization\",\"name\":\"El digital de Asturias\",\"description\":\"Revista de ocio, turismo y estilo de vida\",\"url\":\"https:\\\/\\\/eldigitaldeasturias.com\\\/magazine365\\\/\",\"logo\":{\"@type\":\"ImageObject\",\"url\":\"https:\\\/\\\/www.eldigitaldeasturias.com\\\/noticias\\\/wp-content\\\/uploads\\\/2020\\\/12\\\/EDA.jpg\",\"@id\":\"https:\\\/\\\/eldigitaldeasturias.com\\\/magazine365\\\/unas-35-000-personas-disfrutan-de-las-actividades-de-emerita-ludica-en-merida\\\/#organizationLogo\"},\"image\":{\"@id\":\"https:\\\/\\\/eldigitaldeasturias.com\\\/magazine365\\\/unas-35-000-personas-disfrutan-de-las-actividades-de-emerita-ludica-en-merida\\\/#organizationLogo\"}},{\"@type\":\"Person\",\"@id\":\"https:\\\/\\\/eldigitaldeasturias.com\\\/magazine365\\\/author\\\/admin\\\/#author\",\"url\":\"https:\\\/\\\/eldigitaldeasturias.com\\\/magazine365\\\/author\\\/admin\\\/\",\"name\":\"admin\",\"image\":{\"@type\":\"ImageObject\",\"@id\":\"https:\\\/\\\/eldigitaldeasturias.com\\\/magazine365\\\/unas-35-000-personas-disfrutan-de-las-actividades-de-emerita-ludica-en-merida\\\/#authorImage\",\"url\":\"https:\\\/\\\/eldigitaldeasturias.com\\\/magazine365\\\/wp-content\\\/litespeed\\\/avatar\\\/e571bcf59a0edd6fa6838245a470f2fe.jpg?ver=1777574230\",\"width\":96,\"height\":96,\"caption\":\"admin\"}},{\"@type\":\"WebPage\",\"@id\":\"https:\\\/\\\/eldigitaldeasturias.com\\\/magazine365\\\/unas-35-000-personas-disfrutan-de-las-actividades-de-emerita-ludica-en-merida\\\/#webpage\",\"url\":\"https:\\\/\\\/eldigitaldeasturias.com\\\/magazine365\\\/unas-35-000-personas-disfrutan-de-las-actividades-de-emerita-ludica-en-merida\\\/\",\"name\":\"Unas 35.000 personas disfrutan de las actividades de \\u2018Em\\u00e9rita L\\u00fadica\\u2019 en M\\u00e9rida | El Digital de Asturias\",\"description\":\"Unas 35.000 personas han disfrutado durante este pasado fin de semana de la programaci\\u00f3n de Em\\u00e9rita L\\u00fadica, que ha incluido teatro, lucha de gladiadores, ruta de la tapa y un mercado romano, entre otras actividades. As\\u00ed lo han dado a conocer este lunes el delegado de Turismo, Pedro Vadillo, el coordinador de esta actividad y\",\"inLanguage\":\"es-ES\",\"isPartOf\":{\"@id\":\"https:\\\/\\\/eldigitaldeasturias.com\\\/magazine365\\\/#website\"},\"breadcrumb\":{\"@id\":\"https:\\\/\\\/eldigitaldeasturias.com\\\/magazine365\\\/unas-35-000-personas-disfrutan-de-las-actividades-de-emerita-ludica-en-merida\\\/#breadcrumblist\"},\"author\":{\"@id\":\"https:\\\/\\\/eldigitaldeasturias.com\\\/magazine365\\\/author\\\/admin\\\/#author\"},\"creator\":{\"@id\":\"https:\\\/\\\/eldigitaldeasturias.com\\\/magazine365\\\/author\\\/admin\\\/#author\"},\"image\":{\"@type\":\"ImageObject\",\"url\":\"https:\\\/\\\/eldigitaldeasturias.com\\\/magazine365\\\/wp-content\\\/uploads\\\/2015\\\/06\\\/fotonoticia_20150622140539_800.jpg\",\"@id\":\"https:\\\/\\\/eldigitaldeasturias.com\\\/magazine365\\\/unas-35-000-personas-disfrutan-de-las-actividades-de-emerita-ludica-en-merida\\\/#mainImage\",\"width\":800,\"height\":534},\"primaryImageOfPage\":{\"@id\":\"https:\\\/\\\/eldigitaldeasturias.com\\\/magazine365\\\/unas-35-000-personas-disfrutan-de-las-actividades-de-emerita-ludica-en-merida\\\/#mainImage\"},\"datePublished\":\"2015-06-23T08:19:47+02:00\",\"dateModified\":\"2015-06-23T08:19:47+02:00\"},{\"@type\":\"WebSite\",\"@id\":\"https:\\\/\\\/eldigitaldeasturias.com\\\/magazine365\\\/#website\",\"url\":\"https:\\\/\\\/eldigitaldeasturias.com\\\/magazine365\\\/\",\"name\":\"El Digital de Asturias\",\"description\":\"Revista de ocio, turismo y estilo de vida\",\"inLanguage\":\"es-ES\",\"publisher\":{\"@id\":\"https:\\\/\\\/eldigitaldeasturias.com\\\/magazine365\\\/#organization\"}}]}\n\t\t<\/script>\n\t\t<!-- All in One SEO Pro -->\r\n\t\t<title>Unas 35.000 personas disfrutan de las actividades de \u2018Em\u00e9rita L\u00fadica\u2019 en M\u00e9rida | El Digital de Asturias<\/title>\n\n","aioseo_head_json":{"title":"Unas 35.000 personas disfrutan de las actividades de \u2018Em\u00e9rita L\u00fadica\u2019 en M\u00e9rida | El Digital de Asturias","description":"Unas 35.000 personas han disfrutado durante este pasado fin de semana de la programaci\u00f3n de Em\u00e9rita L\u00fadica, que ha incluido teatro, lucha de gladiadores, ruta de la tapa y un mercado romano, entre otras actividades. As\u00ed lo han dado a conocer este lunes el delegado de Turismo, Pedro Vadillo, el coordinador de esta actividad y","canonical_url":"https:\/\/eldigitaldeasturias.com\/magazine365\/unas-35-000-personas-disfrutan-de-las-actividades-de-emerita-ludica-en-merida\/","robots":"max-image-preview:large","keywords":"actualidad turismo","webmasterTools":{"google-site-verification":"UA-38556648-1","miscellaneous":""},"schema":{"@context":"https:\/\/schema.org","@graph":[{"@type":"Article","@id":"https:\/\/eldigitaldeasturias.com\/magazine365\/unas-35-000-personas-disfrutan-de-las-actividades-de-emerita-ludica-en-merida\/#article","name":"Unas 35.000 personas disfrutan de las actividades de \u2018Em\u00e9rita L\u00fadica\u2019 en M\u00e9rida | El Digital de Asturias","headline":"Unas 35.000 personas disfrutan de las actividades de &#8216;Em\u00e9rita L\u00fadica&#8217; en M\u00e9rida","author":{"@id":"https:\/\/eldigitaldeasturias.com\/magazine365\/author\/admin\/#author"},"publisher":{"@id":"https:\/\/eldigitaldeasturias.com\/magazine365\/#organization"},"image":{"@type":"ImageObject","url":"https:\/\/eldigitaldeasturias.com\/magazine365\/wp-content\/uploads\/2015\/06\/fotonoticia_20150622140539_800.jpg","width":800,"height":534},"datePublished":"2015-06-23T08:19:47+02:00","dateModified":"2015-06-23T08:19:47+02:00","inLanguage":"es-ES","mainEntityOfPage":{"@id":"https:\/\/eldigitaldeasturias.com\/magazine365\/unas-35-000-personas-disfrutan-de-las-actividades-de-emerita-ludica-en-merida\/#webpage"},"isPartOf":{"@id":"https:\/\/eldigitaldeasturias.com\/magazine365\/unas-35-000-personas-disfrutan-de-las-actividades-de-emerita-ludica-en-merida\/#webpage"},"articleSection":"Actualidad Turismo"},{"@type":"BreadcrumbList","@id":"https:\/\/eldigitaldeasturias.com\/magazine365\/unas-35-000-personas-disfrutan-de-las-actividades-de-emerita-ludica-en-merida\/#breadcrumblist","itemListElement":[{"@type":"ListItem","@id":"https:\/\/eldigitaldeasturias.com\/magazine365#listItem","position":1,"name":"Home","item":"https:\/\/eldigitaldeasturias.com\/magazine365","nextItem":{"@type":"ListItem","@id":"https:\/\/eldigitaldeasturias.com\/magazine365\/category\/actualidad-turismo\/#listItem","name":"Actualidad Turismo"}},{"@type":"ListItem","@id":"https:\/\/eldigitaldeasturias.com\/magazine365\/category\/actualidad-turismo\/#listItem","position":2,"name":"Actualidad Turismo","item":"https:\/\/eldigitaldeasturias.com\/magazine365\/category\/actualidad-turismo\/","nextItem":{"@type":"ListItem","@id":"https:\/\/eldigitaldeasturias.com\/magazine365\/unas-35-000-personas-disfrutan-de-las-actividades-de-emerita-ludica-en-merida\/#listItem","name":"Unas 35.000 personas disfrutan de las actividades de &#8216;Em\u00e9rita L\u00fadica&#8217; en M\u00e9rida"},"previousItem":{"@type":"ListItem","@id":"https:\/\/eldigitaldeasturias.com\/magazine365#listItem","name":"Home"}},{"@type":"ListItem","@id":"https:\/\/eldigitaldeasturias.com\/magazine365\/unas-35-000-personas-disfrutan-de-las-actividades-de-emerita-ludica-en-merida\/#listItem","position":3,"name":"Unas 35.000 personas disfrutan de las actividades de &#8216;Em\u00e9rita L\u00fadica&#8217; en M\u00e9rida","previousItem":{"@type":"ListItem","@id":"https:\/\/eldigitaldeasturias.com\/magazine365\/category\/actualidad-turismo\/#listItem","name":"Actualidad Turismo"}}]},{"@type":"Organization","@id":"https:\/\/eldigitaldeasturias.com\/magazine365\/#organization","name":"El digital de Asturias","description":"Revista de ocio, turismo y estilo de vida","url":"https:\/\/eldigitaldeasturias.com\/magazine365\/","logo":{"@type":"ImageObject","url":"https:\/\/www.eldigitaldeasturias.com\/noticias\/wp-content\/uploads\/2020\/12\/EDA.jpg","@id":"https:\/\/eldigitaldeasturias.com\/magazine365\/unas-35-000-personas-disfrutan-de-las-actividades-de-emerita-ludica-en-merida\/#organizationLogo"},"image":{"@id":"https:\/\/eldigitaldeasturias.com\/magazine365\/unas-35-000-personas-disfrutan-de-las-actividades-de-emerita-ludica-en-merida\/#organizationLogo"}},{"@type":"Person","@id":"https:\/\/eldigitaldeasturias.com\/magazine365\/author\/admin\/#author","url":"https:\/\/eldigitaldeasturias.com\/magazine365\/author\/admin\/","name":"admin","image":{"@type":"ImageObject","@id":"https:\/\/eldigitaldeasturias.com\/magazine365\/unas-35-000-personas-disfrutan-de-las-actividades-de-emerita-ludica-en-merida\/#authorImage","url":"https:\/\/eldigitaldeasturias.com\/magazine365\/wp-content\/litespeed\/avatar\/e571bcf59a0edd6fa6838245a470f2fe.jpg?ver=1777574230","width":96,"height":96,"caption":"admin"}},{"@type":"WebPage","@id":"https:\/\/eldigitaldeasturias.com\/magazine365\/unas-35-000-personas-disfrutan-de-las-actividades-de-emerita-ludica-en-merida\/#webpage","url":"https:\/\/eldigitaldeasturias.com\/magazine365\/unas-35-000-personas-disfrutan-de-las-actividades-de-emerita-ludica-en-merida\/","name":"Unas 35.000 personas disfrutan de las actividades de \u2018Em\u00e9rita L\u00fadica\u2019 en M\u00e9rida | El Digital de Asturias","description":"Unas 35.000 personas han disfrutado durante este pasado fin de semana de la programaci\u00f3n de Em\u00e9rita L\u00fadica, que ha incluido teatro, lucha de gladiadores, ruta de la tapa y un mercado romano, entre otras actividades. As\u00ed lo han dado a conocer este lunes el delegado de Turismo, Pedro Vadillo, el coordinador de esta actividad y","inLanguage":"es-ES","isPartOf":{"@id":"https:\/\/eldigitaldeasturias.com\/magazine365\/#website"},"breadcrumb":{"@id":"https:\/\/eldigitaldeasturias.com\/magazine365\/unas-35-000-personas-disfrutan-de-las-actividades-de-emerita-ludica-en-merida\/#breadcrumblist"},"author":{"@id":"https:\/\/eldigitaldeasturias.com\/magazine365\/author\/admin\/#author"},"creator":{"@id":"https:\/\/eldigitaldeasturias.com\/magazine365\/author\/admin\/#author"},"image":{"@type":"ImageObject","url":"https:\/\/eldigitaldeasturias.com\/magazine365\/wp-content\/uploads\/2015\/06\/fotonoticia_20150622140539_800.jpg","@id":"https:\/\/eldigitaldeasturias.com\/magazine365\/unas-35-000-personas-disfrutan-de-las-actividades-de-emerita-ludica-en-merida\/#mainImage","width":800,"height":534},"primaryImageOfPage":{"@id":"https:\/\/eldigitaldeasturias.com\/magazine365\/unas-35-000-personas-disfrutan-de-las-actividades-de-emerita-ludica-en-merida\/#mainImage"},"datePublished":"2015-06-23T08:19:47+02:00","dateModified":"2015-06-23T08:19:47+02:00"},{"@type":"WebSite","@id":"https:\/\/eldigitaldeasturias.com\/magazine365\/#website","url":"https:\/\/eldigitaldeasturias.com\/magazine365\/","name":"El Digital de Asturias","description":"Revista de ocio, turismo y estilo de vida","inLanguage":"es-ES","publisher":{"@id":"https:\/\/eldigitaldeasturias.com\/magazine365\/#organization"}}]},"og:locale":"es_ES","og:site_name":"El Digital de Asturias \u2013 Revista de ocio, turismo y estilo de vida","og:type":"article","og:title":"Unas 35.000 personas disfrutan de las actividades de \u2018Em\u00e9rita L\u00fadica\u2019 en M\u00e9rida | El Digital de Asturias","og:description":"Unas 35.000 personas han disfrutado durante este pasado fin de semana de la programaci\u00f3n de Em\u00e9rita L\u00fadica, que ha incluido teatro, lucha de gladiadores, ruta de la tapa y un mercado romano, entre otras actividades. As\u00ed lo han dado a conocer este lunes el delegado de Turismo, Pedro Vadillo, el coordinador de esta actividad y","og:url":"https:\/\/eldigitaldeasturias.com\/magazine365\/unas-35-000-personas-disfrutan-de-las-actividades-de-emerita-ludica-en-merida\/","og:image":"https:\/\/eldigitaldeasturias.com\/magazine365\/wp-content\/uploads\/2015\/06\/fotonoticia_20150622140539_800.jpg","og:image:secure_url":"https:\/\/eldigitaldeasturias.com\/magazine365\/wp-content\/uploads\/2015\/06\/fotonoticia_20150622140539_800.jpg","og:image:width":800,"og:image:height":534,"article:published_time":"2015-06-23T06:49:47+00:00","article:modified_time":"2015-06-23T06:49:47+00:00","twitter:card":"summary_large_image","twitter:title":"Unas 35.000 personas disfrutan de las actividades de \u2018Em\u00e9rita L\u00fadica\u2019 en M\u00e9rida | El Digital de Asturias","twitter:description":"Unas 35.000 personas han disfrutado durante este pasado fin de semana de la programaci\u00f3n de Em\u00e9rita L\u00fadica, que ha incluido teatro, lucha de gladiadores, ruta de la tapa y un mercado romano, entre otras actividades. As\u00ed lo han dado a conocer este lunes el delegado de Turismo, Pedro Vadillo, el coordinador de esta actividad y","twitter:image":"https:\/\/eldigitaldeasturias.com\/magazine365\/wp-content\/uploads\/2015\/06\/fotonoticia_20150622140539_800.jpg"},"aioseo_meta_data":{"post_id":"40570","title":null,"description":null,"keywords":null,"keyphrases":null,"primary_term":null,"canonical_url":null,"og_title":null,"og_description":null,"og_object_type":"default","og_image_type":"default","og_image_url":null,"og_image_width":null,"og_image_height":null,"og_image_custom_url":null,"og_image_custom_fields":null,"og_video":null,"og_custom_url":null,"og_article_section":null,"og_article_tags":null,"twitter_use_og":false,"twitter_card":"default","twitter_image_type":"default","twitter_image_url":null,"twitter_image_custom_url":null,"twitter_image_custom_fields":null,"twitter_title":null,"twitter_description":null,"schema":{"blockGraphs":[],"customGraphs":[],"default":{"data":{"Article":[],"Course":[],"Dataset":[],"FAQPage":[],"Movie":[],"Person":[],"Product":[],"ProductReview":[],"Car":[],"Recipe":[],"Service":[],"SoftwareApplication":[],"WebPage":[]},"graphName":"","isEnabled":true},"graphs":[],"defaultGraph":"","defaultPostTypeGraph":""},"schema_type":null,"schema_type_options":null,"pillar_content":false,"robots_default":true,"robots_noindex":false,"robots_noarchive":false,"robots_nosnippet":false,"robots_nofollow":false,"robots_noimageindex":false,"robots_noodp":false,"robots_notranslate":false,"robots_max_snippet":null,"robots_max_videopreview":null,"robots_max_imagepreview":"large","priority":null,"frequency":null,"location":null,"local_seo":null,"seo_analyzer_scan_date":"2025-09-19 13:51:58","breadcrumb_settings":null,"limit_modified_date":false,"open_ai":null,"ai":null,"created":"2021-03-09 02:26:42","updated":"2025-09-19 13:51:58"},"aioseo_breadcrumb":"<div class=\"aioseo-breadcrumbs\"><span class=\"aioseo-breadcrumb\">\n\t<a href=\"https:\/\/eldigitaldeasturias.com\/magazine365\" title=\"Home\">Home<\/a>\n<\/span><span class=\"aioseo-breadcrumb-separator\">\u2013<\/span><span class=\"aioseo-breadcrumb\">\n\t<a href=\"https:\/\/eldigitaldeasturias.com\/magazine365\/category\/actualidad-turismo\/\" title=\"Actualidad Turismo\">Actualidad Turismo<\/a>\n<\/span><span class=\"aioseo-breadcrumb-separator\">\u2013<\/span><span class=\"aioseo-breadcrumb\">\n\t<a href=\"https:\/\/eldigitaldeasturias.com\/magazine365\/unas-35-000-personas-disfrutan-de-las-actividades-de-emerita-ludica-en-merida\/\" title=\"Unas 35.000 personas disfrutan de las actividades de \u2018Em\u00e9rita L\u00fadica\u2019 en M\u00e9rida\">Unas 35.000 personas disfrutan de las actividades de \u2018Em\u00e9rita L\u00fadica\u2019 en M\u00e9rida<\/a>\n<\/span><\/div>","aioseo_breadcrumb_json":[{"label":"Home","link":"https:\/\/eldigitaldeasturias.com\/magazine365"},{"label":"Actualidad Turismo","link":"https:\/\/eldigitaldeasturias.com\/magazine365\/category\/actualidad-turismo\/"},{"label":"Unas 35.000 personas disfrutan de las actividades de &#8216;Em\u00e9rita L\u00fadica&#8217; en M\u00e9rida","link":"https:\/\/eldigitaldeasturias.com\/magazine365\/unas-35-000-personas-disfrutan-de-las-actividades-de-emerita-ludica-en-merida\/"}],"_links":{"self":[{"href":"https:\/\/eldigitaldeasturias.com\/magazine365\/wp-json\/wp\/v2\/posts\/40570","targetHints":{"allow":["GET"]}}],"collection":[{"href":"https:\/\/eldigitaldeasturias.com\/magazine365\/wp-json\/wp\/v2\/posts"}],"about":[{"href":"https:\/\/eldigitaldeasturias.com\/magazine365\/wp-json\/wp\/v2\/types\/post"}],"author":[{"embeddable":true,"href":"https:\/\/eldigitaldeasturias.com\/magazine365\/wp-json\/wp\/v2\/users\/1"}],"replies":[{"embeddable":true,"href":"https:\/\/eldigitaldeasturias.com\/magazine365\/wp-json\/wp\/v2\/comments?post=40570"}],"version-history":[{"count":0,"href":"https:\/\/eldigitaldeasturias.com\/magazine365\/wp-json\/wp\/v2\/posts\/40570\/revisions"}],"wp:featuredmedia":[{"embeddable":true,"href":"https:\/\/eldigitaldeasturias.com\/magazine365\/wp-json\/wp\/v2\/media\/40571"}],"wp:attachment":[{"href":"https:\/\/eldigitaldeasturias.com\/magazine365\/wp-json\/wp\/v2\/media?parent=40570"}],"wp:term":[{"taxonomy":"category","embeddable":true,"href":"https:\/\/eldigitaldeasturias.com\/magazine365\/wp-json\/wp\/v2\/categories?post=40570"},{"taxonomy":"post_tag","embeddable":true,"href":"https:\/\/eldigitaldeasturias.com\/magazine365\/wp-json\/wp\/v2\/tags?post=40570"}],"curies":[{"name":"wp","href":"https:\/\/api.w.org\/{rel}","templated":true}]}}