{"id":40564,"date":"2015-06-23T08:17:53","date_gmt":"2015-06-23T06:47:53","guid":{"rendered":"http:\/\/eldigitaldeasturias.com\/magazine365\/?p=40564"},"modified":"2015-06-23T08:17:53","modified_gmt":"2015-06-23T06:47:53","slug":"las-agencias-de-viajes-europeas-piden-que-se-aclare-cuanto-antes-el-iva-turistico-de-grecia","status":"publish","type":"post","link":"https:\/\/eldigitaldeasturias.com\/magazine365\/las-agencias-de-viajes-europeas-piden-que-se-aclare-cuanto-antes-el-iva-turistico-de-grecia\/","title":{"rendered":"Las agencias de viajes europeas piden que se aclare \u00abcuanto antes\u00bb el IVA tur\u00edstico de Grecia"},"content":{"rendered":"<p><img fetchpriority=\"high\" decoding=\"async\" class=\"alignleft size-medium wp-image-40565\" src=\"https:\/\/eldigitaldeasturias.com\/magazine365\/wp-content\/uploads\/2015\/06\/fotonoticia_20150622135304_800-360x270.jpg\" alt=\"fotonoticia_20150622135304_800\" width=\"360\" height=\"270\" srcset=\"https:\/\/eldigitaldeasturias.com\/magazine365\/wp-content\/uploads\/2015\/06\/fotonoticia_20150622135304_800-360x270.jpg 360w, https:\/\/eldigitaldeasturias.com\/magazine365\/wp-content\/uploads\/2015\/06\/fotonoticia_20150622135304_800-650x488.jpg 650w, https:\/\/eldigitaldeasturias.com\/magazine365\/wp-content\/uploads\/2015\/06\/fotonoticia_20150622135304_800-768x576.jpg 768w, https:\/\/eldigitaldeasturias.com\/magazine365\/wp-content\/uploads\/2015\/06\/fotonoticia_20150622135304_800-150x113.jpg 150w, https:\/\/eldigitaldeasturias.com\/magazine365\/wp-content\/uploads\/2015\/06\/fotonoticia_20150622135304_800-450x338.jpg 450w, https:\/\/eldigitaldeasturias.com\/magazine365\/wp-content\/uploads\/2015\/06\/fotonoticia_20150622135304_800-80x60.jpg 80w, https:\/\/eldigitaldeasturias.com\/magazine365\/wp-content\/uploads\/2015\/06\/fotonoticia_20150622135304_800-265x198.jpg 265w, https:\/\/eldigitaldeasturias.com\/magazine365\/wp-content\/uploads\/2015\/06\/fotonoticia_20150622135304_800-696x522.jpg 696w, https:\/\/eldigitaldeasturias.com\/magazine365\/wp-content\/uploads\/2015\/06\/fotonoticia_20150622135304_800-560x420.jpg 560w, https:\/\/eldigitaldeasturias.com\/magazine365\/wp-content\/uploads\/2015\/06\/fotonoticia_20150622135304_800-90x67.jpg 90w, https:\/\/eldigitaldeasturias.com\/magazine365\/wp-content\/uploads\/2015\/06\/fotonoticia_20150622135304_800-100x75.jpg 100w, https:\/\/eldigitaldeasturias.com\/magazine365\/wp-content\/uploads\/2015\/06\/fotonoticia_20150622135304_800.jpg 800w\" sizes=\"(max-width: 360px) 100vw, 360px\" \/>La Agrupaci\u00f3n Europea de Asociaciones Nacionales de Agencias de Viajes (ECTAA) ha pedido a las partes que negocian el futuro Grecia en la Uni\u00f3n Europa que concreten cuanto antes cu\u00e1l ser\u00e1 el IVA tur\u00edstico del pa\u00eds heleno.<\/p>\n<p>ECTAA reclama a los responsables de la negociaci\u00f3n econ\u00f3mica entre la Uni\u00f3n Europea, el Gobierno de Atenas y los ministros de la finanzas de la zona euro y del FMI que concreten lo antes posible un acuerdo sobre c\u00f3mo quedar\u00e1 el IVA tur\u00edstico en Grecia, uno de los principales destinos europeos.<\/p>\n<p>El presidente de ECTAA, Lars Thykier, considera que si no se pronuncian sobre el IVA, \u00ablos touroperadores y los hoteleros griegos no podr\u00e1n firmar sus contratos para 2016\u00bb, en cuyo caso esta organizaci\u00f3n europea de agencias de viajes augura un grave impacto a largo plazo para el turismo griego, que supone un 20% del PIB y empleo.<\/p>\n<p>\u00abGrecia es un destino tur\u00edstico muy importante para los europeos y a los operadores tur\u00edsticos les gustar\u00eda seguir vendiendo Grecia en sus programas\u00bb, asegur el presidente de ECTAA, Lars Thykier.<\/p>\n<p>Por ello desde de la Asociaci\u00f3n se realiza un llamamiento a los l\u00edderes pol\u00edticos para que lleguen a un acuerdo cuanto antes con el objetivo de que Grecia pueda seguir siendo un destino \u00abatractivo y competitivo en Europa\u00bb.<\/p>\n<p>AJUSTAR LOS PRECIOS.<\/p>\n<p>ECTAA considera que el sector deber\u00eda estar informado con suficiente antelaci\u00f3n para poder organizar sus ofertas con los precios ajustados. En su opini\u00f3n, una modificaci\u00f3n del IVA deber\u00eda realizarse de forma progresiva ya que un aumento dr\u00e1stico podr\u00eda tener un efecto negativo en los mercados emisores del destino heleno.<\/p>\n<p>La Asociaci\u00f3n asegura que los tipos de IVA medio para los servicios tur\u00edsticos que se aplican al sur de Europa oscilan entre el 4% y el 8%, por lo que una subida del gravamen por encima de esos niveles podr\u00eda dejar a Grecia fuera de los \u00abmercados tur\u00edsticos competitivos\u00bb.<\/p>\n","protected":false},"excerpt":{"rendered":"<p>La Agrupaci\u00f3n Europea de Asociaciones Nacionales de Agencias de Viajes (ECTAA) ha pedido a las partes que negocian el futuro Grecia en la Uni\u00f3n Europa que concreten cuanto antes cu\u00e1l ser\u00e1 el IVA tur\u00edstico del pa\u00eds heleno. ECTAA reclama a los responsables de la negociaci\u00f3n econ\u00f3mica entre la Uni\u00f3n Europea, el Gobierno de Atenas y<\/p>\n","protected":false},"author":1,"featured_media":40565,"comment_status":"open","ping_status":"closed","sticky":false,"template":"","format":"standard","meta":{"footnotes":""},"categories":[222],"tags":[],"class_list":{"0":"post-40564","1":"post","2":"type-post","3":"status-publish","4":"format-standard","5":"has-post-thumbnail","7":"category-actualidad-turismo"},"aioseo_notices":[],"aioseo_head":"\n\t\t<!-- All in One SEO Pro 4.9.6.1 - aioseo.com -->\n\t<meta name=\"description\" content=\"La Agrupaci\u00f3n Europea de Asociaciones Nacionales de Agencias de Viajes (ECTAA) ha pedido a las partes que negocian el futuro Grecia en la Uni\u00f3n Europa que concreten cuanto antes cu\u00e1l ser\u00e1 el IVA tur\u00edstico del pa\u00eds heleno. ECTAA reclama a los responsables de la negociaci\u00f3n econ\u00f3mica entre la Uni\u00f3n Europea, el Gobierno de Atenas y\" \/>\n\t<meta name=\"robots\" content=\"max-image-preview:large\" \/>\n\t<meta name=\"author\" content=\"admin\"\/>\n\t<meta name=\"google-site-verification\" content=\"UA-38556648-1\" \/>\n\t<meta name=\"keywords\" content=\"actualidad turismo\" \/>\n\t<link rel=\"canonical\" href=\"https:\/\/eldigitaldeasturias.com\/magazine365\/las-agencias-de-viajes-europeas-piden-que-se-aclare-cuanto-antes-el-iva-turistico-de-grecia\/\" \/>\n\t<meta name=\"generator\" content=\"All in One SEO Pro (AIOSEO) 4.9.6.1\" \/>\n\t\t<meta property=\"og:locale\" content=\"es_ES\" \/>\n\t\t<meta property=\"og:site_name\" content=\"El Digital de Asturias \u2013 Revista de ocio, turismo y estilo de vida\" \/>\n\t\t<meta property=\"og:type\" content=\"article\" \/>\n\t\t<meta property=\"og:title\" content=\"Las agencias de viajes europeas piden que se aclare \u00abcuanto antes\u00bb el IVA tur\u00edstico de Grecia | El Digital de Asturias\" \/>\n\t\t<meta property=\"og:description\" content=\"La Agrupaci\u00f3n Europea de Asociaciones Nacionales de Agencias de Viajes (ECTAA) ha pedido a las partes que negocian el futuro Grecia en la Uni\u00f3n Europa que concreten cuanto antes cu\u00e1l ser\u00e1 el IVA tur\u00edstico del pa\u00eds heleno. ECTAA reclama a los responsables de la negociaci\u00f3n econ\u00f3mica entre la Uni\u00f3n Europea, el Gobierno de Atenas y\" \/>\n\t\t<meta property=\"og:url\" content=\"https:\/\/eldigitaldeasturias.com\/magazine365\/las-agencias-de-viajes-europeas-piden-que-se-aclare-cuanto-antes-el-iva-turistico-de-grecia\/\" \/>\n\t\t<meta property=\"og:image\" content=\"https:\/\/eldigitaldeasturias.com\/magazine365\/wp-content\/uploads\/2015\/06\/fotonoticia_20150622135304_800.jpg\" \/>\n\t\t<meta property=\"og:image:secure_url\" content=\"https:\/\/eldigitaldeasturias.com\/magazine365\/wp-content\/uploads\/2015\/06\/fotonoticia_20150622135304_800.jpg\" \/>\n\t\t<meta property=\"og:image:width\" content=\"800\" \/>\n\t\t<meta property=\"og:image:height\" content=\"600\" \/>\n\t\t<meta property=\"article:published_time\" content=\"2015-06-23T06:47:53+00:00\" \/>\n\t\t<meta property=\"article:modified_time\" content=\"2015-06-23T06:47:53+00:00\" \/>\n\t\t<meta name=\"twitter:card\" content=\"summary_large_image\" \/>\n\t\t<meta name=\"twitter:title\" content=\"Las agencias de viajes europeas piden que se aclare \u00abcuanto antes\u00bb el IVA tur\u00edstico de Grecia | El Digital de Asturias\" \/>\n\t\t<meta name=\"twitter:description\" content=\"La Agrupaci\u00f3n Europea de Asociaciones Nacionales de Agencias de Viajes (ECTAA) ha pedido a las partes que negocian el futuro Grecia en la Uni\u00f3n Europa que concreten cuanto antes cu\u00e1l ser\u00e1 el IVA tur\u00edstico del pa\u00eds heleno. ECTAA reclama a los responsables de la negociaci\u00f3n econ\u00f3mica entre la Uni\u00f3n Europea, el Gobierno de Atenas y\" \/>\n\t\t<meta name=\"twitter:image\" content=\"https:\/\/eldigitaldeasturias.com\/magazine365\/wp-content\/uploads\/2015\/06\/fotonoticia_20150622135304_800.jpg\" \/>\n\t\t<script type=\"application\/ld+json\" class=\"aioseo-schema\">\n\t\t\t{\"@context\":\"https:\\\/\\\/schema.org\",\"@graph\":[{\"@type\":\"Article\",\"@id\":\"https:\\\/\\\/eldigitaldeasturias.com\\\/magazine365\\\/las-agencias-de-viajes-europeas-piden-que-se-aclare-cuanto-antes-el-iva-turistico-de-grecia\\\/#article\",\"name\":\"Las agencias de viajes europeas piden que se aclare \\u00abcuanto antes\\u00bb el IVA tur\\u00edstico de Grecia | El Digital de Asturias\",\"headline\":\"Las agencias de viajes europeas piden que se aclare \\u00abcuanto antes\\u00bb el IVA tur\\u00edstico de Grecia\",\"author\":{\"@id\":\"https:\\\/\\\/eldigitaldeasturias.com\\\/magazine365\\\/author\\\/admin\\\/#author\"},\"publisher\":{\"@id\":\"https:\\\/\\\/eldigitaldeasturias.com\\\/magazine365\\\/#organization\"},\"image\":{\"@type\":\"ImageObject\",\"url\":\"https:\\\/\\\/eldigitaldeasturias.com\\\/magazine365\\\/wp-content\\\/uploads\\\/2015\\\/06\\\/fotonoticia_20150622135304_800.jpg\",\"width\":800,\"height\":600},\"datePublished\":\"2015-06-23T08:17:53+02:00\",\"dateModified\":\"2015-06-23T08:17:53+02:00\",\"inLanguage\":\"es-ES\",\"mainEntityOfPage\":{\"@id\":\"https:\\\/\\\/eldigitaldeasturias.com\\\/magazine365\\\/las-agencias-de-viajes-europeas-piden-que-se-aclare-cuanto-antes-el-iva-turistico-de-grecia\\\/#webpage\"},\"isPartOf\":{\"@id\":\"https:\\\/\\\/eldigitaldeasturias.com\\\/magazine365\\\/las-agencias-de-viajes-europeas-piden-que-se-aclare-cuanto-antes-el-iva-turistico-de-grecia\\\/#webpage\"},\"articleSection\":\"Actualidad Turismo\"},{\"@type\":\"BreadcrumbList\",\"@id\":\"https:\\\/\\\/eldigitaldeasturias.com\\\/magazine365\\\/las-agencias-de-viajes-europeas-piden-que-se-aclare-cuanto-antes-el-iva-turistico-de-grecia\\\/#breadcrumblist\",\"itemListElement\":[{\"@type\":\"ListItem\",\"@id\":\"https:\\\/\\\/eldigitaldeasturias.com\\\/magazine365#listItem\",\"position\":1,\"name\":\"Home\",\"item\":\"https:\\\/\\\/eldigitaldeasturias.com\\\/magazine365\",\"nextItem\":{\"@type\":\"ListItem\",\"@id\":\"https:\\\/\\\/eldigitaldeasturias.com\\\/magazine365\\\/category\\\/actualidad-turismo\\\/#listItem\",\"name\":\"Actualidad Turismo\"}},{\"@type\":\"ListItem\",\"@id\":\"https:\\\/\\\/eldigitaldeasturias.com\\\/magazine365\\\/category\\\/actualidad-turismo\\\/#listItem\",\"position\":2,\"name\":\"Actualidad Turismo\",\"item\":\"https:\\\/\\\/eldigitaldeasturias.com\\\/magazine365\\\/category\\\/actualidad-turismo\\\/\",\"nextItem\":{\"@type\":\"ListItem\",\"@id\":\"https:\\\/\\\/eldigitaldeasturias.com\\\/magazine365\\\/las-agencias-de-viajes-europeas-piden-que-se-aclare-cuanto-antes-el-iva-turistico-de-grecia\\\/#listItem\",\"name\":\"Las agencias de viajes europeas piden que se aclare \\u00abcuanto antes\\u00bb el IVA tur\\u00edstico de Grecia\"},\"previousItem\":{\"@type\":\"ListItem\",\"@id\":\"https:\\\/\\\/eldigitaldeasturias.com\\\/magazine365#listItem\",\"name\":\"Home\"}},{\"@type\":\"ListItem\",\"@id\":\"https:\\\/\\\/eldigitaldeasturias.com\\\/magazine365\\\/las-agencias-de-viajes-europeas-piden-que-se-aclare-cuanto-antes-el-iva-turistico-de-grecia\\\/#listItem\",\"position\":3,\"name\":\"Las agencias de viajes europeas piden que se aclare \\u00abcuanto antes\\u00bb el IVA tur\\u00edstico de Grecia\",\"previousItem\":{\"@type\":\"ListItem\",\"@id\":\"https:\\\/\\\/eldigitaldeasturias.com\\\/magazine365\\\/category\\\/actualidad-turismo\\\/#listItem\",\"name\":\"Actualidad Turismo\"}}]},{\"@type\":\"Organization\",\"@id\":\"https:\\\/\\\/eldigitaldeasturias.com\\\/magazine365\\\/#organization\",\"name\":\"El digital de Asturias\",\"description\":\"Revista de ocio, turismo y estilo de vida\",\"url\":\"https:\\\/\\\/eldigitaldeasturias.com\\\/magazine365\\\/\",\"logo\":{\"@type\":\"ImageObject\",\"url\":\"https:\\\/\\\/www.eldigitaldeasturias.com\\\/noticias\\\/wp-content\\\/uploads\\\/2020\\\/12\\\/EDA.jpg\",\"@id\":\"https:\\\/\\\/eldigitaldeasturias.com\\\/magazine365\\\/las-agencias-de-viajes-europeas-piden-que-se-aclare-cuanto-antes-el-iva-turistico-de-grecia\\\/#organizationLogo\"},\"image\":{\"@id\":\"https:\\\/\\\/eldigitaldeasturias.com\\\/magazine365\\\/las-agencias-de-viajes-europeas-piden-que-se-aclare-cuanto-antes-el-iva-turistico-de-grecia\\\/#organizationLogo\"}},{\"@type\":\"Person\",\"@id\":\"https:\\\/\\\/eldigitaldeasturias.com\\\/magazine365\\\/author\\\/admin\\\/#author\",\"url\":\"https:\\\/\\\/eldigitaldeasturias.com\\\/magazine365\\\/author\\\/admin\\\/\",\"name\":\"admin\",\"image\":{\"@type\":\"ImageObject\",\"@id\":\"https:\\\/\\\/eldigitaldeasturias.com\\\/magazine365\\\/las-agencias-de-viajes-europeas-piden-que-se-aclare-cuanto-antes-el-iva-turistico-de-grecia\\\/#authorImage\",\"url\":\"https:\\\/\\\/eldigitaldeasturias.com\\\/magazine365\\\/wp-content\\\/litespeed\\\/avatar\\\/e571bcf59a0edd6fa6838245a470f2fe.jpg?ver=1777574230\",\"width\":96,\"height\":96,\"caption\":\"admin\"}},{\"@type\":\"WebPage\",\"@id\":\"https:\\\/\\\/eldigitaldeasturias.com\\\/magazine365\\\/las-agencias-de-viajes-europeas-piden-que-se-aclare-cuanto-antes-el-iva-turistico-de-grecia\\\/#webpage\",\"url\":\"https:\\\/\\\/eldigitaldeasturias.com\\\/magazine365\\\/las-agencias-de-viajes-europeas-piden-que-se-aclare-cuanto-antes-el-iva-turistico-de-grecia\\\/\",\"name\":\"Las agencias de viajes europeas piden que se aclare \\u00abcuanto antes\\u00bb el IVA tur\\u00edstico de Grecia | El Digital de Asturias\",\"description\":\"La Agrupaci\\u00f3n Europea de Asociaciones Nacionales de Agencias de Viajes (ECTAA) ha pedido a las partes que negocian el futuro Grecia en la Uni\\u00f3n Europa que concreten cuanto antes cu\\u00e1l ser\\u00e1 el IVA tur\\u00edstico del pa\\u00eds heleno. ECTAA reclama a los responsables de la negociaci\\u00f3n econ\\u00f3mica entre la Uni\\u00f3n Europea, el Gobierno de Atenas y\",\"inLanguage\":\"es-ES\",\"isPartOf\":{\"@id\":\"https:\\\/\\\/eldigitaldeasturias.com\\\/magazine365\\\/#website\"},\"breadcrumb\":{\"@id\":\"https:\\\/\\\/eldigitaldeasturias.com\\\/magazine365\\\/las-agencias-de-viajes-europeas-piden-que-se-aclare-cuanto-antes-el-iva-turistico-de-grecia\\\/#breadcrumblist\"},\"author\":{\"@id\":\"https:\\\/\\\/eldigitaldeasturias.com\\\/magazine365\\\/author\\\/admin\\\/#author\"},\"creator\":{\"@id\":\"https:\\\/\\\/eldigitaldeasturias.com\\\/magazine365\\\/author\\\/admin\\\/#author\"},\"image\":{\"@type\":\"ImageObject\",\"url\":\"https:\\\/\\\/eldigitaldeasturias.com\\\/magazine365\\\/wp-content\\\/uploads\\\/2015\\\/06\\\/fotonoticia_20150622135304_800.jpg\",\"@id\":\"https:\\\/\\\/eldigitaldeasturias.com\\\/magazine365\\\/las-agencias-de-viajes-europeas-piden-que-se-aclare-cuanto-antes-el-iva-turistico-de-grecia\\\/#mainImage\",\"width\":800,\"height\":600},\"primaryImageOfPage\":{\"@id\":\"https:\\\/\\\/eldigitaldeasturias.com\\\/magazine365\\\/las-agencias-de-viajes-europeas-piden-que-se-aclare-cuanto-antes-el-iva-turistico-de-grecia\\\/#mainImage\"},\"datePublished\":\"2015-06-23T08:17:53+02:00\",\"dateModified\":\"2015-06-23T08:17:53+02:00\"},{\"@type\":\"WebSite\",\"@id\":\"https:\\\/\\\/eldigitaldeasturias.com\\\/magazine365\\\/#website\",\"url\":\"https:\\\/\\\/eldigitaldeasturias.com\\\/magazine365\\\/\",\"name\":\"El Digital de Asturias\",\"description\":\"Revista de ocio, turismo y estilo de vida\",\"inLanguage\":\"es-ES\",\"publisher\":{\"@id\":\"https:\\\/\\\/eldigitaldeasturias.com\\\/magazine365\\\/#organization\"}}]}\n\t\t<\/script>\n\t\t<!-- All in One SEO Pro -->\r\n\t\t<title>Las agencias de viajes europeas piden que se aclare \u00abcuanto antes\u00bb el IVA tur\u00edstico de Grecia | El Digital de Asturias<\/title>\n\n","aioseo_head_json":{"title":"Las agencias de viajes europeas piden que se aclare \u00abcuanto antes\u00bb el IVA tur\u00edstico de Grecia | El Digital de Asturias","description":"La Agrupaci\u00f3n Europea de Asociaciones Nacionales de Agencias de Viajes (ECTAA) ha pedido a las partes que negocian el futuro Grecia en la Uni\u00f3n Europa que concreten cuanto antes cu\u00e1l ser\u00e1 el IVA tur\u00edstico del pa\u00eds heleno. ECTAA reclama a los responsables de la negociaci\u00f3n econ\u00f3mica entre la Uni\u00f3n Europea, el Gobierno de Atenas y","canonical_url":"https:\/\/eldigitaldeasturias.com\/magazine365\/las-agencias-de-viajes-europeas-piden-que-se-aclare-cuanto-antes-el-iva-turistico-de-grecia\/","robots":"max-image-preview:large","keywords":"actualidad turismo","webmasterTools":{"google-site-verification":"UA-38556648-1","miscellaneous":""},"schema":{"@context":"https:\/\/schema.org","@graph":[{"@type":"Article","@id":"https:\/\/eldigitaldeasturias.com\/magazine365\/las-agencias-de-viajes-europeas-piden-que-se-aclare-cuanto-antes-el-iva-turistico-de-grecia\/#article","name":"Las agencias de viajes europeas piden que se aclare \u00abcuanto antes\u00bb el IVA tur\u00edstico de Grecia | El Digital de Asturias","headline":"Las agencias de viajes europeas piden que se aclare \u00abcuanto antes\u00bb el IVA tur\u00edstico de Grecia","author":{"@id":"https:\/\/eldigitaldeasturias.com\/magazine365\/author\/admin\/#author"},"publisher":{"@id":"https:\/\/eldigitaldeasturias.com\/magazine365\/#organization"},"image":{"@type":"ImageObject","url":"https:\/\/eldigitaldeasturias.com\/magazine365\/wp-content\/uploads\/2015\/06\/fotonoticia_20150622135304_800.jpg","width":800,"height":600},"datePublished":"2015-06-23T08:17:53+02:00","dateModified":"2015-06-23T08:17:53+02:00","inLanguage":"es-ES","mainEntityOfPage":{"@id":"https:\/\/eldigitaldeasturias.com\/magazine365\/las-agencias-de-viajes-europeas-piden-que-se-aclare-cuanto-antes-el-iva-turistico-de-grecia\/#webpage"},"isPartOf":{"@id":"https:\/\/eldigitaldeasturias.com\/magazine365\/las-agencias-de-viajes-europeas-piden-que-se-aclare-cuanto-antes-el-iva-turistico-de-grecia\/#webpage"},"articleSection":"Actualidad Turismo"},{"@type":"BreadcrumbList","@id":"https:\/\/eldigitaldeasturias.com\/magazine365\/las-agencias-de-viajes-europeas-piden-que-se-aclare-cuanto-antes-el-iva-turistico-de-grecia\/#breadcrumblist","itemListElement":[{"@type":"ListItem","@id":"https:\/\/eldigitaldeasturias.com\/magazine365#listItem","position":1,"name":"Home","item":"https:\/\/eldigitaldeasturias.com\/magazine365","nextItem":{"@type":"ListItem","@id":"https:\/\/eldigitaldeasturias.com\/magazine365\/category\/actualidad-turismo\/#listItem","name":"Actualidad Turismo"}},{"@type":"ListItem","@id":"https:\/\/eldigitaldeasturias.com\/magazine365\/category\/actualidad-turismo\/#listItem","position":2,"name":"Actualidad Turismo","item":"https:\/\/eldigitaldeasturias.com\/magazine365\/category\/actualidad-turismo\/","nextItem":{"@type":"ListItem","@id":"https:\/\/eldigitaldeasturias.com\/magazine365\/las-agencias-de-viajes-europeas-piden-que-se-aclare-cuanto-antes-el-iva-turistico-de-grecia\/#listItem","name":"Las agencias de viajes europeas piden que se aclare \u00abcuanto antes\u00bb el IVA tur\u00edstico de Grecia"},"previousItem":{"@type":"ListItem","@id":"https:\/\/eldigitaldeasturias.com\/magazine365#listItem","name":"Home"}},{"@type":"ListItem","@id":"https:\/\/eldigitaldeasturias.com\/magazine365\/las-agencias-de-viajes-europeas-piden-que-se-aclare-cuanto-antes-el-iva-turistico-de-grecia\/#listItem","position":3,"name":"Las agencias de viajes europeas piden que se aclare \u00abcuanto antes\u00bb el IVA tur\u00edstico de Grecia","previousItem":{"@type":"ListItem","@id":"https:\/\/eldigitaldeasturias.com\/magazine365\/category\/actualidad-turismo\/#listItem","name":"Actualidad Turismo"}}]},{"@type":"Organization","@id":"https:\/\/eldigitaldeasturias.com\/magazine365\/#organization","name":"El digital de Asturias","description":"Revista de ocio, turismo y estilo de vida","url":"https:\/\/eldigitaldeasturias.com\/magazine365\/","logo":{"@type":"ImageObject","url":"https:\/\/www.eldigitaldeasturias.com\/noticias\/wp-content\/uploads\/2020\/12\/EDA.jpg","@id":"https:\/\/eldigitaldeasturias.com\/magazine365\/las-agencias-de-viajes-europeas-piden-que-se-aclare-cuanto-antes-el-iva-turistico-de-grecia\/#organizationLogo"},"image":{"@id":"https:\/\/eldigitaldeasturias.com\/magazine365\/las-agencias-de-viajes-europeas-piden-que-se-aclare-cuanto-antes-el-iva-turistico-de-grecia\/#organizationLogo"}},{"@type":"Person","@id":"https:\/\/eldigitaldeasturias.com\/magazine365\/author\/admin\/#author","url":"https:\/\/eldigitaldeasturias.com\/magazine365\/author\/admin\/","name":"admin","image":{"@type":"ImageObject","@id":"https:\/\/eldigitaldeasturias.com\/magazine365\/las-agencias-de-viajes-europeas-piden-que-se-aclare-cuanto-antes-el-iva-turistico-de-grecia\/#authorImage","url":"https:\/\/eldigitaldeasturias.com\/magazine365\/wp-content\/litespeed\/avatar\/e571bcf59a0edd6fa6838245a470f2fe.jpg?ver=1777574230","width":96,"height":96,"caption":"admin"}},{"@type":"WebPage","@id":"https:\/\/eldigitaldeasturias.com\/magazine365\/las-agencias-de-viajes-europeas-piden-que-se-aclare-cuanto-antes-el-iva-turistico-de-grecia\/#webpage","url":"https:\/\/eldigitaldeasturias.com\/magazine365\/las-agencias-de-viajes-europeas-piden-que-se-aclare-cuanto-antes-el-iva-turistico-de-grecia\/","name":"Las agencias de viajes europeas piden que se aclare \u00abcuanto antes\u00bb el IVA tur\u00edstico de Grecia | El Digital de Asturias","description":"La Agrupaci\u00f3n Europea de Asociaciones Nacionales de Agencias de Viajes (ECTAA) ha pedido a las partes que negocian el futuro Grecia en la Uni\u00f3n Europa que concreten cuanto antes cu\u00e1l ser\u00e1 el IVA tur\u00edstico del pa\u00eds heleno. ECTAA reclama a los responsables de la negociaci\u00f3n econ\u00f3mica entre la Uni\u00f3n Europea, el Gobierno de Atenas y","inLanguage":"es-ES","isPartOf":{"@id":"https:\/\/eldigitaldeasturias.com\/magazine365\/#website"},"breadcrumb":{"@id":"https:\/\/eldigitaldeasturias.com\/magazine365\/las-agencias-de-viajes-europeas-piden-que-se-aclare-cuanto-antes-el-iva-turistico-de-grecia\/#breadcrumblist"},"author":{"@id":"https:\/\/eldigitaldeasturias.com\/magazine365\/author\/admin\/#author"},"creator":{"@id":"https:\/\/eldigitaldeasturias.com\/magazine365\/author\/admin\/#author"},"image":{"@type":"ImageObject","url":"https:\/\/eldigitaldeasturias.com\/magazine365\/wp-content\/uploads\/2015\/06\/fotonoticia_20150622135304_800.jpg","@id":"https:\/\/eldigitaldeasturias.com\/magazine365\/las-agencias-de-viajes-europeas-piden-que-se-aclare-cuanto-antes-el-iva-turistico-de-grecia\/#mainImage","width":800,"height":600},"primaryImageOfPage":{"@id":"https:\/\/eldigitaldeasturias.com\/magazine365\/las-agencias-de-viajes-europeas-piden-que-se-aclare-cuanto-antes-el-iva-turistico-de-grecia\/#mainImage"},"datePublished":"2015-06-23T08:17:53+02:00","dateModified":"2015-06-23T08:17:53+02:00"},{"@type":"WebSite","@id":"https:\/\/eldigitaldeasturias.com\/magazine365\/#website","url":"https:\/\/eldigitaldeasturias.com\/magazine365\/","name":"El Digital de Asturias","description":"Revista de ocio, turismo y estilo de vida","inLanguage":"es-ES","publisher":{"@id":"https:\/\/eldigitaldeasturias.com\/magazine365\/#organization"}}]},"og:locale":"es_ES","og:site_name":"El Digital de Asturias \u2013 Revista de ocio, turismo y estilo de vida","og:type":"article","og:title":"Las agencias de viajes europeas piden que se aclare \u00abcuanto antes\u00bb el IVA tur\u00edstico de Grecia | El Digital de Asturias","og:description":"La Agrupaci\u00f3n Europea de Asociaciones Nacionales de Agencias de Viajes (ECTAA) ha pedido a las partes que negocian el futuro Grecia en la Uni\u00f3n Europa que concreten cuanto antes cu\u00e1l ser\u00e1 el IVA tur\u00edstico del pa\u00eds heleno. ECTAA reclama a los responsables de la negociaci\u00f3n econ\u00f3mica entre la Uni\u00f3n Europea, el Gobierno de Atenas y","og:url":"https:\/\/eldigitaldeasturias.com\/magazine365\/las-agencias-de-viajes-europeas-piden-que-se-aclare-cuanto-antes-el-iva-turistico-de-grecia\/","og:image":"https:\/\/eldigitaldeasturias.com\/magazine365\/wp-content\/uploads\/2015\/06\/fotonoticia_20150622135304_800.jpg","og:image:secure_url":"https:\/\/eldigitaldeasturias.com\/magazine365\/wp-content\/uploads\/2015\/06\/fotonoticia_20150622135304_800.jpg","og:image:width":800,"og:image:height":600,"article:published_time":"2015-06-23T06:47:53+00:00","article:modified_time":"2015-06-23T06:47:53+00:00","twitter:card":"summary_large_image","twitter:title":"Las agencias de viajes europeas piden que se aclare \u00abcuanto antes\u00bb el IVA tur\u00edstico de Grecia | El Digital de Asturias","twitter:description":"La Agrupaci\u00f3n Europea de Asociaciones Nacionales de Agencias de Viajes (ECTAA) ha pedido a las partes que negocian el futuro Grecia en la Uni\u00f3n Europa que concreten cuanto antes cu\u00e1l ser\u00e1 el IVA tur\u00edstico del pa\u00eds heleno. ECTAA reclama a los responsables de la negociaci\u00f3n econ\u00f3mica entre la Uni\u00f3n Europea, el Gobierno de Atenas y","twitter:image":"https:\/\/eldigitaldeasturias.com\/magazine365\/wp-content\/uploads\/2015\/06\/fotonoticia_20150622135304_800.jpg"},"aioseo_meta_data":{"post_id":"40564","title":null,"description":null,"keywords":null,"keyphrases":null,"primary_term":null,"canonical_url":null,"og_title":null,"og_description":null,"og_object_type":"default","og_image_type":"default","og_image_url":null,"og_image_width":null,"og_image_height":null,"og_image_custom_url":null,"og_image_custom_fields":null,"og_video":null,"og_custom_url":null,"og_article_section":null,"og_article_tags":null,"twitter_use_og":false,"twitter_card":"default","twitter_image_type":"default","twitter_image_url":null,"twitter_image_custom_url":null,"twitter_image_custom_fields":null,"twitter_title":null,"twitter_description":null,"schema":{"blockGraphs":[],"customGraphs":[],"default":{"data":{"Article":[],"Course":[],"Dataset":[],"FAQPage":[],"Movie":[],"Person":[],"Product":[],"ProductReview":[],"Car":[],"Recipe":[],"Service":[],"SoftwareApplication":[],"WebPage":[]},"graphName":"","isEnabled":true},"graphs":[],"defaultGraph":"","defaultPostTypeGraph":""},"schema_type":null,"schema_type_options":null,"pillar_content":false,"robots_default":true,"robots_noindex":false,"robots_noarchive":false,"robots_nosnippet":false,"robots_nofollow":false,"robots_noimageindex":false,"robots_noodp":false,"robots_notranslate":false,"robots_max_snippet":null,"robots_max_videopreview":null,"robots_max_imagepreview":"large","priority":null,"frequency":null,"location":null,"local_seo":null,"seo_analyzer_scan_date":"2025-09-19 13:49:58","breadcrumb_settings":null,"limit_modified_date":false,"open_ai":null,"ai":null,"created":"2021-03-09 02:26:42","updated":"2025-09-19 13:49:58"},"aioseo_breadcrumb":"<div class=\"aioseo-breadcrumbs\"><span class=\"aioseo-breadcrumb\">\n\t<a href=\"https:\/\/eldigitaldeasturias.com\/magazine365\" title=\"Home\">Home<\/a>\n<\/span><span class=\"aioseo-breadcrumb-separator\">\u2013<\/span><span class=\"aioseo-breadcrumb\">\n\t<a href=\"https:\/\/eldigitaldeasturias.com\/magazine365\/category\/actualidad-turismo\/\" title=\"Actualidad Turismo\">Actualidad Turismo<\/a>\n<\/span><span class=\"aioseo-breadcrumb-separator\">\u2013<\/span><span class=\"aioseo-breadcrumb\">\n\t<a href=\"https:\/\/eldigitaldeasturias.com\/magazine365\/las-agencias-de-viajes-europeas-piden-que-se-aclare-cuanto-antes-el-iva-turistico-de-grecia\/\" title=\"Las agencias de viajes europeas piden que se aclare \u00abcuanto antes\u00bb el IVA tur\u00edstico de Grecia\">Las agencias de viajes europeas piden que se aclare \u00abcuanto antes\u00bb el IVA tur\u00edstico de Grecia<\/a>\n<\/span><\/div>","aioseo_breadcrumb_json":[{"label":"Home","link":"https:\/\/eldigitaldeasturias.com\/magazine365"},{"label":"Actualidad Turismo","link":"https:\/\/eldigitaldeasturias.com\/magazine365\/category\/actualidad-turismo\/"},{"label":"Las agencias de viajes europeas piden que se aclare \u00abcuanto antes\u00bb el IVA tur\u00edstico de Grecia","link":"https:\/\/eldigitaldeasturias.com\/magazine365\/las-agencias-de-viajes-europeas-piden-que-se-aclare-cuanto-antes-el-iva-turistico-de-grecia\/"}],"_links":{"self":[{"href":"https:\/\/eldigitaldeasturias.com\/magazine365\/wp-json\/wp\/v2\/posts\/40564","targetHints":{"allow":["GET"]}}],"collection":[{"href":"https:\/\/eldigitaldeasturias.com\/magazine365\/wp-json\/wp\/v2\/posts"}],"about":[{"href":"https:\/\/eldigitaldeasturias.com\/magazine365\/wp-json\/wp\/v2\/types\/post"}],"author":[{"embeddable":true,"href":"https:\/\/eldigitaldeasturias.com\/magazine365\/wp-json\/wp\/v2\/users\/1"}],"replies":[{"embeddable":true,"href":"https:\/\/eldigitaldeasturias.com\/magazine365\/wp-json\/wp\/v2\/comments?post=40564"}],"version-history":[{"count":0,"href":"https:\/\/eldigitaldeasturias.com\/magazine365\/wp-json\/wp\/v2\/posts\/40564\/revisions"}],"wp:featuredmedia":[{"embeddable":true,"href":"https:\/\/eldigitaldeasturias.com\/magazine365\/wp-json\/wp\/v2\/media\/40565"}],"wp:attachment":[{"href":"https:\/\/eldigitaldeasturias.com\/magazine365\/wp-json\/wp\/v2\/media?parent=40564"}],"wp:term":[{"taxonomy":"category","embeddable":true,"href":"https:\/\/eldigitaldeasturias.com\/magazine365\/wp-json\/wp\/v2\/categories?post=40564"},{"taxonomy":"post_tag","embeddable":true,"href":"https:\/\/eldigitaldeasturias.com\/magazine365\/wp-json\/wp\/v2\/tags?post=40564"}],"curies":[{"name":"wp","href":"https:\/\/api.w.org\/{rel}","templated":true}]}}