{"id":40555,"date":"2015-06-23T08:07:07","date_gmt":"2015-06-23T06:37:07","guid":{"rendered":"http:\/\/eldigitaldeasturias.com\/magazine365\/?p=40555"},"modified":"2015-06-23T08:07:07","modified_gmt":"2015-06-23T06:37:07","slug":"empresarios-andaluces-de-playas-lamentan-que-la-primera-reunion-del-nuevo-consejero-solo-haya-sido-con-hoteleros","status":"publish","type":"post","link":"https:\/\/eldigitaldeasturias.com\/magazine365\/empresarios-andaluces-de-playas-lamentan-que-la-primera-reunion-del-nuevo-consejero-solo-haya-sido-con-hoteleros\/","title":{"rendered":".-Empresarios andaluces de playas lamentan que la primera reuni\u00f3n del nuevo consejero \u00abs\u00f3lo haya sido con hoteleros\u00bb"},"content":{"rendered":"<p><img fetchpriority=\"high\" decoding=\"async\" class=\"alignleft size-medium wp-image-40556\" src=\"https:\/\/eldigitaldeasturias.com\/magazine365\/wp-content\/uploads\/2015\/06\/fotonoticia_20150622124616_800-360x240.jpg\" alt=\"fotonoticia_20150622124616_800\" width=\"360\" height=\"240\" srcset=\"https:\/\/eldigitaldeasturias.com\/magazine365\/wp-content\/uploads\/2015\/06\/fotonoticia_20150622124616_800-360x240.jpg 360w, https:\/\/eldigitaldeasturias.com\/magazine365\/wp-content\/uploads\/2015\/06\/fotonoticia_20150622124616_800-650x434.jpg 650w, https:\/\/eldigitaldeasturias.com\/magazine365\/wp-content\/uploads\/2015\/06\/fotonoticia_20150622124616_800-768x513.jpg 768w, https:\/\/eldigitaldeasturias.com\/magazine365\/wp-content\/uploads\/2015\/06\/fotonoticia_20150622124616_800-150x100.jpg 150w, https:\/\/eldigitaldeasturias.com\/magazine365\/wp-content\/uploads\/2015\/06\/fotonoticia_20150622124616_800-450x300.jpg 450w, https:\/\/eldigitaldeasturias.com\/magazine365\/wp-content\/uploads\/2015\/06\/fotonoticia_20150622124616_800-696x465.jpg 696w, https:\/\/eldigitaldeasturias.com\/magazine365\/wp-content\/uploads\/2015\/06\/fotonoticia_20150622124616_800-629x420.jpg 629w, https:\/\/eldigitaldeasturias.com\/magazine365\/wp-content\/uploads\/2015\/06\/fotonoticia_20150622124616_800-84x55.jpg 84w, https:\/\/eldigitaldeasturias.com\/magazine365\/wp-content\/uploads\/2015\/06\/fotonoticia_20150622124616_800.jpg 800w\" sizes=\"(max-width: 360px) 100vw, 360px\" \/>El presidente de la Federaci\u00f3n Andaluza de Empresarios de Playas (Faeplayas), Norberto del Castillo, ha lamentado que la primera reuni\u00f3n mantenida por el nuevo consejero de Turismo y Deporte, Javier Fern\u00e1ndez, \u00abs\u00f3lo haya sido con empresarios hoteleros\u00bb y no con el conjunto del sector tur\u00edstico.<\/p>\n<p>As\u00ed, ha se\u00f1alado a Europa Press que a pesar de que el nuevo titular de la Consejer\u00eda ha manifestado su intenci\u00f3n de reunirse con todos los agentes tur\u00edsticos de la Comunidad Aut\u00f3noma, tal y como traslad\u00f3 el pasado viernes; \u00abqueda la sensaci\u00f3n de haber creado una diferencia, entre uno de primera y el resto de segunda; algo que no hab\u00eda sucedido con anterioridad\u00bb.<\/p>\n<p>Del Castillo, quien ha felicitado a Fern\u00e1ndez por su nombramiento, ha considerado que ha ocasionado \u00abmalestar, quiz\u00e1 por estar mal orientado\u00bb, que su primer encuentro con el sector no haya contado con los empresarios de playas y de otros segmentos.<\/p>\n<p>En su primera reuni\u00f3n con el sector Fern\u00e1ndez estuvo con el presidente de la Confederaci\u00f3n de Empresarios de Andaluc\u00eda (CEA) y de M\u00e1laga (CEM), Javier Gonz\u00e1lez de Lara; el presidente del Consejo de Turismo de la CEA, Miguel S\u00e1nchez, y el m\u00e1ximo responsable de la Federaci\u00f3n Andaluza de Hoteles y Apartamientos Tur\u00edsticos y de los hoteleros de la Costa del Sol, Jos\u00e9 Carlos Escribano.<\/p>\n<p>\u00abEl sector tur\u00edstico es m\u00e1s que el segmento hotelero, s\u00f3lo hay que analizar estad\u00edsticamente de los m\u00e1s de 20 millones de turistas que nos visitan cu\u00e1ntos utilizan el servicio de hotel y cu\u00e1ntos el de playa, restauraci\u00f3n, residencial, ocio, alquiler de veh\u00edculos o agencias de viajes, entre otros\u00bb, ha sostenido Del Castillo.<\/p>\n<p>El m\u00e1ximo dirigente de los empresarios de playas de Andaluc\u00eda ha aludido a la \u00absorpresa\u00bb ocasionada por \u00abhaberse roto la tradici\u00f3n de los \u00faltimos tiempos en los que el consejero sea de M\u00e1laga\u00bb, pero ha a\u00f1adido que este hecho \u00abno debe impedir que sea un excelente consejero, que es lo que necesitamos y deseamos todos\u00bb.<\/p>\n","protected":false},"excerpt":{"rendered":"<p>El presidente de la Federaci\u00f3n Andaluza de Empresarios de Playas (Faeplayas), Norberto del Castillo, ha lamentado que la primera reuni\u00f3n mantenida por el nuevo consejero de Turismo y Deporte, Javier Fern\u00e1ndez, \u00abs\u00f3lo haya sido con empresarios hoteleros\u00bb y no con el conjunto del sector tur\u00edstico. As\u00ed, ha se\u00f1alado a Europa Press que a pesar de<\/p>\n","protected":false},"author":1,"featured_media":40556,"comment_status":"open","ping_status":"closed","sticky":false,"template":"","format":"standard","meta":{"footnotes":""},"categories":[222],"tags":[],"class_list":{"0":"post-40555","1":"post","2":"type-post","3":"status-publish","4":"format-standard","5":"has-post-thumbnail","7":"category-actualidad-turismo"},"aioseo_notices":[],"aioseo_head":"\n\t\t<!-- All in One SEO Pro 4.9.6.1 - aioseo.com -->\n\t<meta name=\"description\" content=\"El presidente de la Federaci\u00f3n Andaluza de Empresarios de Playas (Faeplayas), Norberto del Castillo, ha lamentado que la primera reuni\u00f3n mantenida por el nuevo consejero de Turismo y Deporte, Javier Fern\u00e1ndez, &quot;s\u00f3lo haya sido con empresarios hoteleros&quot; y no con el conjunto del sector tur\u00edstico. As\u00ed, ha se\u00f1alado a Europa Press que a pesar de\" \/>\n\t<meta name=\"robots\" content=\"max-image-preview:large\" \/>\n\t<meta name=\"author\" content=\"admin\"\/>\n\t<meta name=\"google-site-verification\" content=\"UA-38556648-1\" \/>\n\t<meta name=\"keywords\" content=\"actualidad turismo\" \/>\n\t<link rel=\"canonical\" href=\"https:\/\/eldigitaldeasturias.com\/magazine365\/empresarios-andaluces-de-playas-lamentan-que-la-primera-reunion-del-nuevo-consejero-solo-haya-sido-con-hoteleros\/\" \/>\n\t<meta name=\"generator\" content=\"All in One SEO Pro (AIOSEO) 4.9.6.1\" \/>\n\t\t<meta property=\"og:locale\" content=\"es_ES\" \/>\n\t\t<meta property=\"og:site_name\" content=\"El Digital de Asturias \u2013 Revista de ocio, turismo y estilo de vida\" \/>\n\t\t<meta property=\"og:type\" content=\"article\" \/>\n\t\t<meta property=\"og:title\" content=\".-Empresarios andaluces de playas lamentan que la primera reuni\u00f3n del nuevo consejero \u00abs\u00f3lo haya sido con hoteleros\u00bb | El Digital de Asturias\" \/>\n\t\t<meta property=\"og:description\" content=\"El presidente de la Federaci\u00f3n Andaluza de Empresarios de Playas (Faeplayas), Norberto del Castillo, ha lamentado que la primera reuni\u00f3n mantenida por el nuevo consejero de Turismo y Deporte, Javier Fern\u00e1ndez, &quot;s\u00f3lo haya sido con empresarios hoteleros&quot; y no con el conjunto del sector tur\u00edstico. As\u00ed, ha se\u00f1alado a Europa Press que a pesar de\" \/>\n\t\t<meta property=\"og:url\" content=\"https:\/\/eldigitaldeasturias.com\/magazine365\/empresarios-andaluces-de-playas-lamentan-que-la-primera-reunion-del-nuevo-consejero-solo-haya-sido-con-hoteleros\/\" \/>\n\t\t<meta property=\"og:image\" content=\"https:\/\/eldigitaldeasturias.com\/magazine365\/wp-content\/uploads\/2015\/06\/fotonoticia_20150622124616_800.jpg\" \/>\n\t\t<meta property=\"og:image:secure_url\" content=\"https:\/\/eldigitaldeasturias.com\/magazine365\/wp-content\/uploads\/2015\/06\/fotonoticia_20150622124616_800.jpg\" \/>\n\t\t<meta property=\"og:image:width\" content=\"800\" \/>\n\t\t<meta property=\"og:image:height\" content=\"534\" \/>\n\t\t<meta property=\"article:published_time\" content=\"2015-06-23T06:37:07+00:00\" \/>\n\t\t<meta property=\"article:modified_time\" content=\"2015-06-23T06:37:07+00:00\" \/>\n\t\t<meta name=\"twitter:card\" content=\"summary_large_image\" \/>\n\t\t<meta name=\"twitter:title\" content=\".-Empresarios andaluces de playas lamentan que la primera reuni\u00f3n del nuevo consejero \u00abs\u00f3lo haya sido con hoteleros\u00bb | El Digital de Asturias\" \/>\n\t\t<meta name=\"twitter:description\" content=\"El presidente de la Federaci\u00f3n Andaluza de Empresarios de Playas (Faeplayas), Norberto del Castillo, ha lamentado que la primera reuni\u00f3n mantenida por el nuevo consejero de Turismo y Deporte, Javier Fern\u00e1ndez, &quot;s\u00f3lo haya sido con empresarios hoteleros&quot; y no con el conjunto del sector tur\u00edstico. As\u00ed, ha se\u00f1alado a Europa Press que a pesar de\" \/>\n\t\t<meta name=\"twitter:image\" content=\"https:\/\/eldigitaldeasturias.com\/magazine365\/wp-content\/uploads\/2015\/06\/fotonoticia_20150622124616_800.jpg\" \/>\n\t\t<script type=\"application\/ld+json\" class=\"aioseo-schema\">\n\t\t\t{\"@context\":\"https:\\\/\\\/schema.org\",\"@graph\":[{\"@type\":\"Article\",\"@id\":\"https:\\\/\\\/eldigitaldeasturias.com\\\/magazine365\\\/empresarios-andaluces-de-playas-lamentan-que-la-primera-reunion-del-nuevo-consejero-solo-haya-sido-con-hoteleros\\\/#article\",\"name\":\".-Empresarios andaluces de playas lamentan que la primera reuni\\u00f3n del nuevo consejero \\u00abs\\u00f3lo haya sido con hoteleros\\u00bb | El Digital de Asturias\",\"headline\":\".-Empresarios andaluces de playas lamentan que la primera reuni\\u00f3n del nuevo consejero \\u00abs\\u00f3lo haya sido con hoteleros\\u00bb\",\"author\":{\"@id\":\"https:\\\/\\\/eldigitaldeasturias.com\\\/magazine365\\\/author\\\/admin\\\/#author\"},\"publisher\":{\"@id\":\"https:\\\/\\\/eldigitaldeasturias.com\\\/magazine365\\\/#organization\"},\"image\":{\"@type\":\"ImageObject\",\"url\":\"https:\\\/\\\/eldigitaldeasturias.com\\\/magazine365\\\/wp-content\\\/uploads\\\/2015\\\/06\\\/fotonoticia_20150622124616_800.jpg\",\"width\":800,\"height\":534},\"datePublished\":\"2015-06-23T08:07:07+02:00\",\"dateModified\":\"2015-06-23T08:07:07+02:00\",\"inLanguage\":\"es-ES\",\"mainEntityOfPage\":{\"@id\":\"https:\\\/\\\/eldigitaldeasturias.com\\\/magazine365\\\/empresarios-andaluces-de-playas-lamentan-que-la-primera-reunion-del-nuevo-consejero-solo-haya-sido-con-hoteleros\\\/#webpage\"},\"isPartOf\":{\"@id\":\"https:\\\/\\\/eldigitaldeasturias.com\\\/magazine365\\\/empresarios-andaluces-de-playas-lamentan-que-la-primera-reunion-del-nuevo-consejero-solo-haya-sido-con-hoteleros\\\/#webpage\"},\"articleSection\":\"Actualidad Turismo\"},{\"@type\":\"BreadcrumbList\",\"@id\":\"https:\\\/\\\/eldigitaldeasturias.com\\\/magazine365\\\/empresarios-andaluces-de-playas-lamentan-que-la-primera-reunion-del-nuevo-consejero-solo-haya-sido-con-hoteleros\\\/#breadcrumblist\",\"itemListElement\":[{\"@type\":\"ListItem\",\"@id\":\"https:\\\/\\\/eldigitaldeasturias.com\\\/magazine365#listItem\",\"position\":1,\"name\":\"Home\",\"item\":\"https:\\\/\\\/eldigitaldeasturias.com\\\/magazine365\",\"nextItem\":{\"@type\":\"ListItem\",\"@id\":\"https:\\\/\\\/eldigitaldeasturias.com\\\/magazine365\\\/category\\\/actualidad-turismo\\\/#listItem\",\"name\":\"Actualidad Turismo\"}},{\"@type\":\"ListItem\",\"@id\":\"https:\\\/\\\/eldigitaldeasturias.com\\\/magazine365\\\/category\\\/actualidad-turismo\\\/#listItem\",\"position\":2,\"name\":\"Actualidad Turismo\",\"item\":\"https:\\\/\\\/eldigitaldeasturias.com\\\/magazine365\\\/category\\\/actualidad-turismo\\\/\",\"nextItem\":{\"@type\":\"ListItem\",\"@id\":\"https:\\\/\\\/eldigitaldeasturias.com\\\/magazine365\\\/empresarios-andaluces-de-playas-lamentan-que-la-primera-reunion-del-nuevo-consejero-solo-haya-sido-con-hoteleros\\\/#listItem\",\"name\":\".-Empresarios andaluces de playas lamentan que la primera reuni\\u00f3n del nuevo consejero \\u00abs\\u00f3lo haya sido con hoteleros\\u00bb\"},\"previousItem\":{\"@type\":\"ListItem\",\"@id\":\"https:\\\/\\\/eldigitaldeasturias.com\\\/magazine365#listItem\",\"name\":\"Home\"}},{\"@type\":\"ListItem\",\"@id\":\"https:\\\/\\\/eldigitaldeasturias.com\\\/magazine365\\\/empresarios-andaluces-de-playas-lamentan-que-la-primera-reunion-del-nuevo-consejero-solo-haya-sido-con-hoteleros\\\/#listItem\",\"position\":3,\"name\":\".-Empresarios andaluces de playas lamentan que la primera reuni\\u00f3n del nuevo consejero \\u00abs\\u00f3lo haya sido con hoteleros\\u00bb\",\"previousItem\":{\"@type\":\"ListItem\",\"@id\":\"https:\\\/\\\/eldigitaldeasturias.com\\\/magazine365\\\/category\\\/actualidad-turismo\\\/#listItem\",\"name\":\"Actualidad Turismo\"}}]},{\"@type\":\"Organization\",\"@id\":\"https:\\\/\\\/eldigitaldeasturias.com\\\/magazine365\\\/#organization\",\"name\":\"El digital de Asturias\",\"description\":\"Revista de ocio, turismo y estilo de vida\",\"url\":\"https:\\\/\\\/eldigitaldeasturias.com\\\/magazine365\\\/\",\"logo\":{\"@type\":\"ImageObject\",\"url\":\"https:\\\/\\\/www.eldigitaldeasturias.com\\\/noticias\\\/wp-content\\\/uploads\\\/2020\\\/12\\\/EDA.jpg\",\"@id\":\"https:\\\/\\\/eldigitaldeasturias.com\\\/magazine365\\\/empresarios-andaluces-de-playas-lamentan-que-la-primera-reunion-del-nuevo-consejero-solo-haya-sido-con-hoteleros\\\/#organizationLogo\"},\"image\":{\"@id\":\"https:\\\/\\\/eldigitaldeasturias.com\\\/magazine365\\\/empresarios-andaluces-de-playas-lamentan-que-la-primera-reunion-del-nuevo-consejero-solo-haya-sido-con-hoteleros\\\/#organizationLogo\"}},{\"@type\":\"Person\",\"@id\":\"https:\\\/\\\/eldigitaldeasturias.com\\\/magazine365\\\/author\\\/admin\\\/#author\",\"url\":\"https:\\\/\\\/eldigitaldeasturias.com\\\/magazine365\\\/author\\\/admin\\\/\",\"name\":\"admin\",\"image\":{\"@type\":\"ImageObject\",\"@id\":\"https:\\\/\\\/eldigitaldeasturias.com\\\/magazine365\\\/empresarios-andaluces-de-playas-lamentan-que-la-primera-reunion-del-nuevo-consejero-solo-haya-sido-con-hoteleros\\\/#authorImage\",\"url\":\"https:\\\/\\\/eldigitaldeasturias.com\\\/magazine365\\\/wp-content\\\/litespeed\\\/avatar\\\/e571bcf59a0edd6fa6838245a470f2fe.jpg?ver=1777574230\",\"width\":96,\"height\":96,\"caption\":\"admin\"}},{\"@type\":\"WebPage\",\"@id\":\"https:\\\/\\\/eldigitaldeasturias.com\\\/magazine365\\\/empresarios-andaluces-de-playas-lamentan-que-la-primera-reunion-del-nuevo-consejero-solo-haya-sido-con-hoteleros\\\/#webpage\",\"url\":\"https:\\\/\\\/eldigitaldeasturias.com\\\/magazine365\\\/empresarios-andaluces-de-playas-lamentan-que-la-primera-reunion-del-nuevo-consejero-solo-haya-sido-con-hoteleros\\\/\",\"name\":\".-Empresarios andaluces de playas lamentan que la primera reuni\\u00f3n del nuevo consejero \\u00abs\\u00f3lo haya sido con hoteleros\\u00bb | El Digital de Asturias\",\"description\":\"El presidente de la Federaci\\u00f3n Andaluza de Empresarios de Playas (Faeplayas), Norberto del Castillo, ha lamentado que la primera reuni\\u00f3n mantenida por el nuevo consejero de Turismo y Deporte, Javier Fern\\u00e1ndez, \\\"s\\u00f3lo haya sido con empresarios hoteleros\\\" y no con el conjunto del sector tur\\u00edstico. As\\u00ed, ha se\\u00f1alado a Europa Press que a pesar de\",\"inLanguage\":\"es-ES\",\"isPartOf\":{\"@id\":\"https:\\\/\\\/eldigitaldeasturias.com\\\/magazine365\\\/#website\"},\"breadcrumb\":{\"@id\":\"https:\\\/\\\/eldigitaldeasturias.com\\\/magazine365\\\/empresarios-andaluces-de-playas-lamentan-que-la-primera-reunion-del-nuevo-consejero-solo-haya-sido-con-hoteleros\\\/#breadcrumblist\"},\"author\":{\"@id\":\"https:\\\/\\\/eldigitaldeasturias.com\\\/magazine365\\\/author\\\/admin\\\/#author\"},\"creator\":{\"@id\":\"https:\\\/\\\/eldigitaldeasturias.com\\\/magazine365\\\/author\\\/admin\\\/#author\"},\"image\":{\"@type\":\"ImageObject\",\"url\":\"https:\\\/\\\/eldigitaldeasturias.com\\\/magazine365\\\/wp-content\\\/uploads\\\/2015\\\/06\\\/fotonoticia_20150622124616_800.jpg\",\"@id\":\"https:\\\/\\\/eldigitaldeasturias.com\\\/magazine365\\\/empresarios-andaluces-de-playas-lamentan-que-la-primera-reunion-del-nuevo-consejero-solo-haya-sido-con-hoteleros\\\/#mainImage\",\"width\":800,\"height\":534},\"primaryImageOfPage\":{\"@id\":\"https:\\\/\\\/eldigitaldeasturias.com\\\/magazine365\\\/empresarios-andaluces-de-playas-lamentan-que-la-primera-reunion-del-nuevo-consejero-solo-haya-sido-con-hoteleros\\\/#mainImage\"},\"datePublished\":\"2015-06-23T08:07:07+02:00\",\"dateModified\":\"2015-06-23T08:07:07+02:00\"},{\"@type\":\"WebSite\",\"@id\":\"https:\\\/\\\/eldigitaldeasturias.com\\\/magazine365\\\/#website\",\"url\":\"https:\\\/\\\/eldigitaldeasturias.com\\\/magazine365\\\/\",\"name\":\"El Digital de Asturias\",\"description\":\"Revista de ocio, turismo y estilo de vida\",\"inLanguage\":\"es-ES\",\"publisher\":{\"@id\":\"https:\\\/\\\/eldigitaldeasturias.com\\\/magazine365\\\/#organization\"}}]}\n\t\t<\/script>\n\t\t<!-- All in One SEO Pro -->\r\n\t\t<title>.-Empresarios andaluces de playas lamentan que la primera reuni\u00f3n del nuevo consejero \u00abs\u00f3lo haya sido con hoteleros\u00bb | El Digital de Asturias<\/title>\n\n","aioseo_head_json":{"title":".-Empresarios andaluces de playas lamentan que la primera reuni\u00f3n del nuevo consejero \u00abs\u00f3lo haya sido con hoteleros\u00bb | El Digital de Asturias","description":"El presidente de la Federaci\u00f3n Andaluza de Empresarios de Playas (Faeplayas), Norberto del Castillo, ha lamentado que la primera reuni\u00f3n mantenida por el nuevo consejero de Turismo y Deporte, Javier Fern\u00e1ndez, \"s\u00f3lo haya sido con empresarios hoteleros\" y no con el conjunto del sector tur\u00edstico. As\u00ed, ha se\u00f1alado a Europa Press que a pesar de","canonical_url":"https:\/\/eldigitaldeasturias.com\/magazine365\/empresarios-andaluces-de-playas-lamentan-que-la-primera-reunion-del-nuevo-consejero-solo-haya-sido-con-hoteleros\/","robots":"max-image-preview:large","keywords":"actualidad turismo","webmasterTools":{"google-site-verification":"UA-38556648-1","miscellaneous":""},"schema":{"@context":"https:\/\/schema.org","@graph":[{"@type":"Article","@id":"https:\/\/eldigitaldeasturias.com\/magazine365\/empresarios-andaluces-de-playas-lamentan-que-la-primera-reunion-del-nuevo-consejero-solo-haya-sido-con-hoteleros\/#article","name":".-Empresarios andaluces de playas lamentan que la primera reuni\u00f3n del nuevo consejero \u00abs\u00f3lo haya sido con hoteleros\u00bb | El Digital de Asturias","headline":".-Empresarios andaluces de playas lamentan que la primera reuni\u00f3n del nuevo consejero \u00abs\u00f3lo haya sido con hoteleros\u00bb","author":{"@id":"https:\/\/eldigitaldeasturias.com\/magazine365\/author\/admin\/#author"},"publisher":{"@id":"https:\/\/eldigitaldeasturias.com\/magazine365\/#organization"},"image":{"@type":"ImageObject","url":"https:\/\/eldigitaldeasturias.com\/magazine365\/wp-content\/uploads\/2015\/06\/fotonoticia_20150622124616_800.jpg","width":800,"height":534},"datePublished":"2015-06-23T08:07:07+02:00","dateModified":"2015-06-23T08:07:07+02:00","inLanguage":"es-ES","mainEntityOfPage":{"@id":"https:\/\/eldigitaldeasturias.com\/magazine365\/empresarios-andaluces-de-playas-lamentan-que-la-primera-reunion-del-nuevo-consejero-solo-haya-sido-con-hoteleros\/#webpage"},"isPartOf":{"@id":"https:\/\/eldigitaldeasturias.com\/magazine365\/empresarios-andaluces-de-playas-lamentan-que-la-primera-reunion-del-nuevo-consejero-solo-haya-sido-con-hoteleros\/#webpage"},"articleSection":"Actualidad Turismo"},{"@type":"BreadcrumbList","@id":"https:\/\/eldigitaldeasturias.com\/magazine365\/empresarios-andaluces-de-playas-lamentan-que-la-primera-reunion-del-nuevo-consejero-solo-haya-sido-con-hoteleros\/#breadcrumblist","itemListElement":[{"@type":"ListItem","@id":"https:\/\/eldigitaldeasturias.com\/magazine365#listItem","position":1,"name":"Home","item":"https:\/\/eldigitaldeasturias.com\/magazine365","nextItem":{"@type":"ListItem","@id":"https:\/\/eldigitaldeasturias.com\/magazine365\/category\/actualidad-turismo\/#listItem","name":"Actualidad Turismo"}},{"@type":"ListItem","@id":"https:\/\/eldigitaldeasturias.com\/magazine365\/category\/actualidad-turismo\/#listItem","position":2,"name":"Actualidad Turismo","item":"https:\/\/eldigitaldeasturias.com\/magazine365\/category\/actualidad-turismo\/","nextItem":{"@type":"ListItem","@id":"https:\/\/eldigitaldeasturias.com\/magazine365\/empresarios-andaluces-de-playas-lamentan-que-la-primera-reunion-del-nuevo-consejero-solo-haya-sido-con-hoteleros\/#listItem","name":".-Empresarios andaluces de playas lamentan que la primera reuni\u00f3n del nuevo consejero \u00abs\u00f3lo haya sido con hoteleros\u00bb"},"previousItem":{"@type":"ListItem","@id":"https:\/\/eldigitaldeasturias.com\/magazine365#listItem","name":"Home"}},{"@type":"ListItem","@id":"https:\/\/eldigitaldeasturias.com\/magazine365\/empresarios-andaluces-de-playas-lamentan-que-la-primera-reunion-del-nuevo-consejero-solo-haya-sido-con-hoteleros\/#listItem","position":3,"name":".-Empresarios andaluces de playas lamentan que la primera reuni\u00f3n del nuevo consejero \u00abs\u00f3lo haya sido con hoteleros\u00bb","previousItem":{"@type":"ListItem","@id":"https:\/\/eldigitaldeasturias.com\/magazine365\/category\/actualidad-turismo\/#listItem","name":"Actualidad Turismo"}}]},{"@type":"Organization","@id":"https:\/\/eldigitaldeasturias.com\/magazine365\/#organization","name":"El digital de Asturias","description":"Revista de ocio, turismo y estilo de vida","url":"https:\/\/eldigitaldeasturias.com\/magazine365\/","logo":{"@type":"ImageObject","url":"https:\/\/www.eldigitaldeasturias.com\/noticias\/wp-content\/uploads\/2020\/12\/EDA.jpg","@id":"https:\/\/eldigitaldeasturias.com\/magazine365\/empresarios-andaluces-de-playas-lamentan-que-la-primera-reunion-del-nuevo-consejero-solo-haya-sido-con-hoteleros\/#organizationLogo"},"image":{"@id":"https:\/\/eldigitaldeasturias.com\/magazine365\/empresarios-andaluces-de-playas-lamentan-que-la-primera-reunion-del-nuevo-consejero-solo-haya-sido-con-hoteleros\/#organizationLogo"}},{"@type":"Person","@id":"https:\/\/eldigitaldeasturias.com\/magazine365\/author\/admin\/#author","url":"https:\/\/eldigitaldeasturias.com\/magazine365\/author\/admin\/","name":"admin","image":{"@type":"ImageObject","@id":"https:\/\/eldigitaldeasturias.com\/magazine365\/empresarios-andaluces-de-playas-lamentan-que-la-primera-reunion-del-nuevo-consejero-solo-haya-sido-con-hoteleros\/#authorImage","url":"https:\/\/eldigitaldeasturias.com\/magazine365\/wp-content\/litespeed\/avatar\/e571bcf59a0edd6fa6838245a470f2fe.jpg?ver=1777574230","width":96,"height":96,"caption":"admin"}},{"@type":"WebPage","@id":"https:\/\/eldigitaldeasturias.com\/magazine365\/empresarios-andaluces-de-playas-lamentan-que-la-primera-reunion-del-nuevo-consejero-solo-haya-sido-con-hoteleros\/#webpage","url":"https:\/\/eldigitaldeasturias.com\/magazine365\/empresarios-andaluces-de-playas-lamentan-que-la-primera-reunion-del-nuevo-consejero-solo-haya-sido-con-hoteleros\/","name":".-Empresarios andaluces de playas lamentan que la primera reuni\u00f3n del nuevo consejero \u00abs\u00f3lo haya sido con hoteleros\u00bb | El Digital de Asturias","description":"El presidente de la Federaci\u00f3n Andaluza de Empresarios de Playas (Faeplayas), Norberto del Castillo, ha lamentado que la primera reuni\u00f3n mantenida por el nuevo consejero de Turismo y Deporte, Javier Fern\u00e1ndez, \"s\u00f3lo haya sido con empresarios hoteleros\" y no con el conjunto del sector tur\u00edstico. As\u00ed, ha se\u00f1alado a Europa Press que a pesar de","inLanguage":"es-ES","isPartOf":{"@id":"https:\/\/eldigitaldeasturias.com\/magazine365\/#website"},"breadcrumb":{"@id":"https:\/\/eldigitaldeasturias.com\/magazine365\/empresarios-andaluces-de-playas-lamentan-que-la-primera-reunion-del-nuevo-consejero-solo-haya-sido-con-hoteleros\/#breadcrumblist"},"author":{"@id":"https:\/\/eldigitaldeasturias.com\/magazine365\/author\/admin\/#author"},"creator":{"@id":"https:\/\/eldigitaldeasturias.com\/magazine365\/author\/admin\/#author"},"image":{"@type":"ImageObject","url":"https:\/\/eldigitaldeasturias.com\/magazine365\/wp-content\/uploads\/2015\/06\/fotonoticia_20150622124616_800.jpg","@id":"https:\/\/eldigitaldeasturias.com\/magazine365\/empresarios-andaluces-de-playas-lamentan-que-la-primera-reunion-del-nuevo-consejero-solo-haya-sido-con-hoteleros\/#mainImage","width":800,"height":534},"primaryImageOfPage":{"@id":"https:\/\/eldigitaldeasturias.com\/magazine365\/empresarios-andaluces-de-playas-lamentan-que-la-primera-reunion-del-nuevo-consejero-solo-haya-sido-con-hoteleros\/#mainImage"},"datePublished":"2015-06-23T08:07:07+02:00","dateModified":"2015-06-23T08:07:07+02:00"},{"@type":"WebSite","@id":"https:\/\/eldigitaldeasturias.com\/magazine365\/#website","url":"https:\/\/eldigitaldeasturias.com\/magazine365\/","name":"El Digital de Asturias","description":"Revista de ocio, turismo y estilo de vida","inLanguage":"es-ES","publisher":{"@id":"https:\/\/eldigitaldeasturias.com\/magazine365\/#organization"}}]},"og:locale":"es_ES","og:site_name":"El Digital de Asturias \u2013 Revista de ocio, turismo y estilo de vida","og:type":"article","og:title":".-Empresarios andaluces de playas lamentan que la primera reuni\u00f3n del nuevo consejero \u00abs\u00f3lo haya sido con hoteleros\u00bb | El Digital de Asturias","og:description":"El presidente de la Federaci\u00f3n Andaluza de Empresarios de Playas (Faeplayas), Norberto del Castillo, ha lamentado que la primera reuni\u00f3n mantenida por el nuevo consejero de Turismo y Deporte, Javier Fern\u00e1ndez, &quot;s\u00f3lo haya sido con empresarios hoteleros&quot; y no con el conjunto del sector tur\u00edstico. As\u00ed, ha se\u00f1alado a Europa Press que a pesar de","og:url":"https:\/\/eldigitaldeasturias.com\/magazine365\/empresarios-andaluces-de-playas-lamentan-que-la-primera-reunion-del-nuevo-consejero-solo-haya-sido-con-hoteleros\/","og:image":"https:\/\/eldigitaldeasturias.com\/magazine365\/wp-content\/uploads\/2015\/06\/fotonoticia_20150622124616_800.jpg","og:image:secure_url":"https:\/\/eldigitaldeasturias.com\/magazine365\/wp-content\/uploads\/2015\/06\/fotonoticia_20150622124616_800.jpg","og:image:width":800,"og:image:height":534,"article:published_time":"2015-06-23T06:37:07+00:00","article:modified_time":"2015-06-23T06:37:07+00:00","twitter:card":"summary_large_image","twitter:title":".-Empresarios andaluces de playas lamentan que la primera reuni\u00f3n del nuevo consejero \u00abs\u00f3lo haya sido con hoteleros\u00bb | El Digital de Asturias","twitter:description":"El presidente de la Federaci\u00f3n Andaluza de Empresarios de Playas (Faeplayas), Norberto del Castillo, ha lamentado que la primera reuni\u00f3n mantenida por el nuevo consejero de Turismo y Deporte, Javier Fern\u00e1ndez, &quot;s\u00f3lo haya sido con empresarios hoteleros&quot; y no con el conjunto del sector tur\u00edstico. As\u00ed, ha se\u00f1alado a Europa Press que a pesar de","twitter:image":"https:\/\/eldigitaldeasturias.com\/magazine365\/wp-content\/uploads\/2015\/06\/fotonoticia_20150622124616_800.jpg"},"aioseo_meta_data":{"post_id":"40555","title":null,"description":null,"keywords":null,"keyphrases":null,"primary_term":null,"canonical_url":null,"og_title":null,"og_description":null,"og_object_type":"default","og_image_type":"default","og_image_url":null,"og_image_width":null,"og_image_height":null,"og_image_custom_url":null,"og_image_custom_fields":null,"og_video":null,"og_custom_url":null,"og_article_section":null,"og_article_tags":null,"twitter_use_og":false,"twitter_card":"default","twitter_image_type":"default","twitter_image_url":null,"twitter_image_custom_url":null,"twitter_image_custom_fields":null,"twitter_title":null,"twitter_description":null,"schema":{"blockGraphs":[],"customGraphs":[],"default":{"data":{"Article":[],"Course":[],"Dataset":[],"FAQPage":[],"Movie":[],"Person":[],"Product":[],"ProductReview":[],"Car":[],"Recipe":[],"Service":[],"SoftwareApplication":[],"WebPage":[]},"graphName":"","isEnabled":true},"graphs":[],"defaultGraph":"","defaultPostTypeGraph":""},"schema_type":null,"schema_type_options":null,"pillar_content":false,"robots_default":true,"robots_noindex":false,"robots_noarchive":false,"robots_nosnippet":false,"robots_nofollow":false,"robots_noimageindex":false,"robots_noodp":false,"robots_notranslate":false,"robots_max_snippet":null,"robots_max_videopreview":null,"robots_max_imagepreview":"large","priority":null,"frequency":null,"location":null,"local_seo":null,"seo_analyzer_scan_date":"2025-09-19 13:49:55","breadcrumb_settings":null,"limit_modified_date":false,"open_ai":null,"ai":null,"created":"2021-03-09 02:26:42","updated":"2025-09-19 13:49:55"},"aioseo_breadcrumb":"<div class=\"aioseo-breadcrumbs\"><span class=\"aioseo-breadcrumb\">\n\t<a href=\"https:\/\/eldigitaldeasturias.com\/magazine365\" title=\"Home\">Home<\/a>\n<\/span><span class=\"aioseo-breadcrumb-separator\">\u2013<\/span><span class=\"aioseo-breadcrumb\">\n\t<a href=\"https:\/\/eldigitaldeasturias.com\/magazine365\/category\/actualidad-turismo\/\" title=\"Actualidad Turismo\">Actualidad Turismo<\/a>\n<\/span><span class=\"aioseo-breadcrumb-separator\">\u2013<\/span><span class=\"aioseo-breadcrumb\">\n\t<a href=\"https:\/\/eldigitaldeasturias.com\/magazine365\/empresarios-andaluces-de-playas-lamentan-que-la-primera-reunion-del-nuevo-consejero-solo-haya-sido-con-hoteleros\/\" title=\".-Empresarios andaluces de playas lamentan que la primera reuni\u00f3n del nuevo consejero \u00abs\u00f3lo haya sido con hoteleros\u00bb\">.-Empresarios andaluces de playas lamentan que la primera reuni\u00f3n del nuevo consejero \u00abs\u00f3lo haya sido con hoteleros\u00bb<\/a>\n<\/span><\/div>","aioseo_breadcrumb_json":[{"label":"Home","link":"https:\/\/eldigitaldeasturias.com\/magazine365"},{"label":"Actualidad Turismo","link":"https:\/\/eldigitaldeasturias.com\/magazine365\/category\/actualidad-turismo\/"},{"label":".-Empresarios andaluces de playas lamentan que la primera reuni\u00f3n del nuevo consejero \u00abs\u00f3lo haya sido con hoteleros\u00bb","link":"https:\/\/eldigitaldeasturias.com\/magazine365\/empresarios-andaluces-de-playas-lamentan-que-la-primera-reunion-del-nuevo-consejero-solo-haya-sido-con-hoteleros\/"}],"_links":{"self":[{"href":"https:\/\/eldigitaldeasturias.com\/magazine365\/wp-json\/wp\/v2\/posts\/40555","targetHints":{"allow":["GET"]}}],"collection":[{"href":"https:\/\/eldigitaldeasturias.com\/magazine365\/wp-json\/wp\/v2\/posts"}],"about":[{"href":"https:\/\/eldigitaldeasturias.com\/magazine365\/wp-json\/wp\/v2\/types\/post"}],"author":[{"embeddable":true,"href":"https:\/\/eldigitaldeasturias.com\/magazine365\/wp-json\/wp\/v2\/users\/1"}],"replies":[{"embeddable":true,"href":"https:\/\/eldigitaldeasturias.com\/magazine365\/wp-json\/wp\/v2\/comments?post=40555"}],"version-history":[{"count":0,"href":"https:\/\/eldigitaldeasturias.com\/magazine365\/wp-json\/wp\/v2\/posts\/40555\/revisions"}],"wp:featuredmedia":[{"embeddable":true,"href":"https:\/\/eldigitaldeasturias.com\/magazine365\/wp-json\/wp\/v2\/media\/40556"}],"wp:attachment":[{"href":"https:\/\/eldigitaldeasturias.com\/magazine365\/wp-json\/wp\/v2\/media?parent=40555"}],"wp:term":[{"taxonomy":"category","embeddable":true,"href":"https:\/\/eldigitaldeasturias.com\/magazine365\/wp-json\/wp\/v2\/categories?post=40555"},{"taxonomy":"post_tag","embeddable":true,"href":"https:\/\/eldigitaldeasturias.com\/magazine365\/wp-json\/wp\/v2\/tags?post=40555"}],"curies":[{"name":"wp","href":"https:\/\/api.w.org\/{rel}","templated":true}]}}