{"id":40552,"date":"2015-06-23T08:03:47","date_gmt":"2015-06-23T06:33:47","guid":{"rendered":"http:\/\/eldigitaldeasturias.com\/magazine365\/?p=40552"},"modified":"2015-06-23T08:03:47","modified_gmt":"2015-06-23T06:33:47","slug":"la-exposicion-universal-2015-aumenta-un-82-los-viajes-de-los-espanoles-a-milan","status":"publish","type":"post","link":"https:\/\/eldigitaldeasturias.com\/magazine365\/la-exposicion-universal-2015-aumenta-un-82-los-viajes-de-los-espanoles-a-milan\/","title":{"rendered":"La Exposici\u00f3n Universal 2015 aumenta un 82% los viajes de los espa\u00f1oles a Mil\u00e1n"},"content":{"rendered":"<p><img fetchpriority=\"high\" decoding=\"async\" class=\"alignleft size-medium wp-image-40553\" src=\"https:\/\/eldigitaldeasturias.com\/magazine365\/wp-content\/uploads\/2015\/06\/fotonoticia_20150622123508_800-200x300.jpg\" alt=\"fotonoticia_20150622123508_800\" width=\"200\" height=\"300\" srcset=\"https:\/\/eldigitaldeasturias.com\/magazine365\/wp-content\/uploads\/2015\/06\/fotonoticia_20150622123508_800-200x300.jpg 200w, https:\/\/eldigitaldeasturias.com\/magazine365\/wp-content\/uploads\/2015\/06\/fotonoticia_20150622123508_800-427x640.jpg 427w, https:\/\/eldigitaldeasturias.com\/magazine365\/wp-content\/uploads\/2015\/06\/fotonoticia_20150622123508_800-768x1152.jpg 768w, https:\/\/eldigitaldeasturias.com\/magazine365\/wp-content\/uploads\/2015\/06\/fotonoticia_20150622123508_800-150x225.jpg 150w, https:\/\/eldigitaldeasturias.com\/magazine365\/wp-content\/uploads\/2015\/06\/fotonoticia_20150622123508_800-450x675.jpg 450w, https:\/\/eldigitaldeasturias.com\/magazine365\/wp-content\/uploads\/2015\/06\/fotonoticia_20150622123508_800-696x1044.jpg 696w, https:\/\/eldigitaldeasturias.com\/magazine365\/wp-content\/uploads\/2015\/06\/fotonoticia_20150622123508_800-280x420.jpg 280w, https:\/\/eldigitaldeasturias.com\/magazine365\/wp-content\/uploads\/2015\/06\/fotonoticia_20150622123508_800.jpg 800w\" sizes=\"(max-width: 200px) 100vw, 200px\" \/>La Exposici\u00f3n Universal de 2015 que este a\u00f1o se est\u00e1 celebrando en Mil\u00e1n entre el 1 de mayo y el 31 de octubre ha provocado un aumento del 82% de las b\u00fasquedas y reservas por parte de los espa\u00f1oles a la ciudad italiana, seg\u00fan el buscador y comparador de viajes GoEuro.es.<\/p>\n<p>Este incremento se registr\u00f3 desde el pasado uno de mayo de 2015, en comparaci\u00f3n con el mismo periodo del a\u00f1o anterior. Se estima que, finalmente sean 750.000 los espa\u00f1oles que acudan a la cita.<\/p>\n<p>Durante estos seis meses, Mil\u00e1n se convertir\u00e1 en un escaparate mundial donde los m\u00e1s de 140 pa\u00edses participantes mostrar\u00e1n lo mejor de su tecnolog\u00eda ofreciendo una respuesta concreta a una necesidad vital: ser capaces de garantizar una alimentaci\u00f3n sana, segura y suficiente para todos, respetando el planeta y su equilibrio.<\/p>\n<p>Atra\u00eddos por esta tem\u00e1tica est\u00e1 previsto que entre 20 y 24 millones de personas visiten la ciudad. De los cuales se prev\u00e9 que 7,6 millones de visitantes utilicen el avi\u00f3n como medio de transporte y aproximadamente 14,5 millones se decidan por utilizar el tren o el bus para trasladarse al evento.<\/p>\n<p>La compa\u00f1\u00eda de trenes italiana Trenitalia ampli\u00f3 el n\u00famero de frecuencias en aquellas rutas en las que se estimaba que asistiera un mayor n\u00famero de personas, provenientes tanto de la propia Italia, como de las ciudades colindantes de los pa\u00edses vecinos, Francia y Suiza.<\/p>\n<p>Se espera que la ocupaci\u00f3n hotelera sea de hasta un 98% y se ha registrado una subida en el precio tanto de hoteles (65%), as\u00ed como en billetes de avi\u00f3n (33%), tren (12%) y autob\u00fas (5%).<\/p>\n<p>Expo Mil\u00e1n 2015 dar\u00e1 a todos la oportunidad de conocer y degustar los mejores platos del mundo, para descubrir lo mejor de la agroalimentaci\u00f3n y tradici\u00f3n gastron\u00f3mica de cada uno de los pa\u00edses expositores<\/p>\n","protected":false},"excerpt":{"rendered":"<p>La Exposici\u00f3n Universal de 2015 que este a\u00f1o se est\u00e1 celebrando en Mil\u00e1n entre el 1 de mayo y el 31 de octubre ha provocado un aumento del 82% de las b\u00fasquedas y reservas por parte de los espa\u00f1oles a la ciudad italiana, seg\u00fan el buscador y comparador de viajes GoEuro.es. Este incremento se registr\u00f3<\/p>\n","protected":false},"author":1,"featured_media":40553,"comment_status":"open","ping_status":"closed","sticky":false,"template":"","format":"standard","meta":{"footnotes":""},"categories":[222],"tags":[],"class_list":{"0":"post-40552","1":"post","2":"type-post","3":"status-publish","4":"format-standard","5":"has-post-thumbnail","7":"category-actualidad-turismo"},"aioseo_notices":[],"aioseo_head":"\n\t\t<!-- All in One SEO Pro 4.9.6.1 - aioseo.com -->\n\t<meta name=\"description\" content=\"La Exposici\u00f3n Universal de 2015 que este a\u00f1o se est\u00e1 celebrando en Mil\u00e1n entre el 1 de mayo y el 31 de octubre ha provocado un aumento del 82% de las b\u00fasquedas y reservas por parte de los espa\u00f1oles a la ciudad italiana, seg\u00fan el buscador y comparador de viajes GoEuro.es. Este incremento se registr\u00f3\" \/>\n\t<meta name=\"robots\" content=\"max-image-preview:large\" \/>\n\t<meta name=\"author\" content=\"admin\"\/>\n\t<meta name=\"google-site-verification\" content=\"UA-38556648-1\" \/>\n\t<meta name=\"keywords\" content=\"actualidad turismo\" \/>\n\t<link rel=\"canonical\" href=\"https:\/\/eldigitaldeasturias.com\/magazine365\/la-exposicion-universal-2015-aumenta-un-82-los-viajes-de-los-espanoles-a-milan\/\" \/>\n\t<meta name=\"generator\" content=\"All in One SEO Pro (AIOSEO) 4.9.6.1\" \/>\n\t\t<meta property=\"og:locale\" content=\"es_ES\" \/>\n\t\t<meta property=\"og:site_name\" content=\"El Digital de Asturias \u2013 Revista de ocio, turismo y estilo de vida\" \/>\n\t\t<meta property=\"og:type\" content=\"article\" \/>\n\t\t<meta property=\"og:title\" content=\"La Exposici\u00f3n Universal 2015 aumenta un 82% los viajes de los espa\u00f1oles a Mil\u00e1n | El Digital de Asturias\" \/>\n\t\t<meta property=\"og:description\" content=\"La Exposici\u00f3n Universal de 2015 que este a\u00f1o se est\u00e1 celebrando en Mil\u00e1n entre el 1 de mayo y el 31 de octubre ha provocado un aumento del 82% de las b\u00fasquedas y reservas por parte de los espa\u00f1oles a la ciudad italiana, seg\u00fan el buscador y comparador de viajes GoEuro.es. Este incremento se registr\u00f3\" \/>\n\t\t<meta property=\"og:url\" content=\"https:\/\/eldigitaldeasturias.com\/magazine365\/la-exposicion-universal-2015-aumenta-un-82-los-viajes-de-los-espanoles-a-milan\/\" \/>\n\t\t<meta property=\"og:image\" content=\"https:\/\/eldigitaldeasturias.com\/magazine365\/wp-content\/uploads\/2015\/06\/fotonoticia_20150622123508_800.jpg\" \/>\n\t\t<meta property=\"og:image:secure_url\" content=\"https:\/\/eldigitaldeasturias.com\/magazine365\/wp-content\/uploads\/2015\/06\/fotonoticia_20150622123508_800.jpg\" \/>\n\t\t<meta property=\"og:image:width\" content=\"800\" \/>\n\t\t<meta property=\"og:image:height\" content=\"1200\" \/>\n\t\t<meta property=\"article:published_time\" content=\"2015-06-23T06:33:47+00:00\" \/>\n\t\t<meta property=\"article:modified_time\" content=\"2015-06-23T06:33:47+00:00\" \/>\n\t\t<meta name=\"twitter:card\" content=\"summary_large_image\" \/>\n\t\t<meta name=\"twitter:title\" content=\"La Exposici\u00f3n Universal 2015 aumenta un 82% los viajes de los espa\u00f1oles a Mil\u00e1n | El Digital de Asturias\" \/>\n\t\t<meta name=\"twitter:description\" content=\"La Exposici\u00f3n Universal de 2015 que este a\u00f1o se est\u00e1 celebrando en Mil\u00e1n entre el 1 de mayo y el 31 de octubre ha provocado un aumento del 82% de las b\u00fasquedas y reservas por parte de los espa\u00f1oles a la ciudad italiana, seg\u00fan el buscador y comparador de viajes GoEuro.es. Este incremento se registr\u00f3\" \/>\n\t\t<meta name=\"twitter:image\" content=\"https:\/\/eldigitaldeasturias.com\/magazine365\/wp-content\/uploads\/2015\/06\/fotonoticia_20150622123508_800.jpg\" \/>\n\t\t<script type=\"application\/ld+json\" class=\"aioseo-schema\">\n\t\t\t{\"@context\":\"https:\\\/\\\/schema.org\",\"@graph\":[{\"@type\":\"Article\",\"@id\":\"https:\\\/\\\/eldigitaldeasturias.com\\\/magazine365\\\/la-exposicion-universal-2015-aumenta-un-82-los-viajes-de-los-espanoles-a-milan\\\/#article\",\"name\":\"La Exposici\\u00f3n Universal 2015 aumenta un 82% los viajes de los espa\\u00f1oles a Mil\\u00e1n | El Digital de Asturias\",\"headline\":\"La Exposici\\u00f3n Universal 2015 aumenta un 82% los viajes de los espa\\u00f1oles a Mil\\u00e1n\",\"author\":{\"@id\":\"https:\\\/\\\/eldigitaldeasturias.com\\\/magazine365\\\/author\\\/admin\\\/#author\"},\"publisher\":{\"@id\":\"https:\\\/\\\/eldigitaldeasturias.com\\\/magazine365\\\/#organization\"},\"image\":{\"@type\":\"ImageObject\",\"url\":\"https:\\\/\\\/eldigitaldeasturias.com\\\/magazine365\\\/wp-content\\\/uploads\\\/2015\\\/06\\\/fotonoticia_20150622123508_800.jpg\",\"width\":800,\"height\":1200},\"datePublished\":\"2015-06-23T08:03:47+02:00\",\"dateModified\":\"2015-06-23T08:03:47+02:00\",\"inLanguage\":\"es-ES\",\"mainEntityOfPage\":{\"@id\":\"https:\\\/\\\/eldigitaldeasturias.com\\\/magazine365\\\/la-exposicion-universal-2015-aumenta-un-82-los-viajes-de-los-espanoles-a-milan\\\/#webpage\"},\"isPartOf\":{\"@id\":\"https:\\\/\\\/eldigitaldeasturias.com\\\/magazine365\\\/la-exposicion-universal-2015-aumenta-un-82-los-viajes-de-los-espanoles-a-milan\\\/#webpage\"},\"articleSection\":\"Actualidad Turismo\"},{\"@type\":\"BreadcrumbList\",\"@id\":\"https:\\\/\\\/eldigitaldeasturias.com\\\/magazine365\\\/la-exposicion-universal-2015-aumenta-un-82-los-viajes-de-los-espanoles-a-milan\\\/#breadcrumblist\",\"itemListElement\":[{\"@type\":\"ListItem\",\"@id\":\"https:\\\/\\\/eldigitaldeasturias.com\\\/magazine365#listItem\",\"position\":1,\"name\":\"Home\",\"item\":\"https:\\\/\\\/eldigitaldeasturias.com\\\/magazine365\",\"nextItem\":{\"@type\":\"ListItem\",\"@id\":\"https:\\\/\\\/eldigitaldeasturias.com\\\/magazine365\\\/category\\\/actualidad-turismo\\\/#listItem\",\"name\":\"Actualidad Turismo\"}},{\"@type\":\"ListItem\",\"@id\":\"https:\\\/\\\/eldigitaldeasturias.com\\\/magazine365\\\/category\\\/actualidad-turismo\\\/#listItem\",\"position\":2,\"name\":\"Actualidad Turismo\",\"item\":\"https:\\\/\\\/eldigitaldeasturias.com\\\/magazine365\\\/category\\\/actualidad-turismo\\\/\",\"nextItem\":{\"@type\":\"ListItem\",\"@id\":\"https:\\\/\\\/eldigitaldeasturias.com\\\/magazine365\\\/la-exposicion-universal-2015-aumenta-un-82-los-viajes-de-los-espanoles-a-milan\\\/#listItem\",\"name\":\"La Exposici\\u00f3n Universal 2015 aumenta un 82% los viajes de los espa\\u00f1oles a Mil\\u00e1n\"},\"previousItem\":{\"@type\":\"ListItem\",\"@id\":\"https:\\\/\\\/eldigitaldeasturias.com\\\/magazine365#listItem\",\"name\":\"Home\"}},{\"@type\":\"ListItem\",\"@id\":\"https:\\\/\\\/eldigitaldeasturias.com\\\/magazine365\\\/la-exposicion-universal-2015-aumenta-un-82-los-viajes-de-los-espanoles-a-milan\\\/#listItem\",\"position\":3,\"name\":\"La Exposici\\u00f3n Universal 2015 aumenta un 82% los viajes de los espa\\u00f1oles a Mil\\u00e1n\",\"previousItem\":{\"@type\":\"ListItem\",\"@id\":\"https:\\\/\\\/eldigitaldeasturias.com\\\/magazine365\\\/category\\\/actualidad-turismo\\\/#listItem\",\"name\":\"Actualidad Turismo\"}}]},{\"@type\":\"Organization\",\"@id\":\"https:\\\/\\\/eldigitaldeasturias.com\\\/magazine365\\\/#organization\",\"name\":\"El digital de Asturias\",\"description\":\"Revista de ocio, turismo y estilo de vida\",\"url\":\"https:\\\/\\\/eldigitaldeasturias.com\\\/magazine365\\\/\",\"logo\":{\"@type\":\"ImageObject\",\"url\":\"https:\\\/\\\/www.eldigitaldeasturias.com\\\/noticias\\\/wp-content\\\/uploads\\\/2020\\\/12\\\/EDA.jpg\",\"@id\":\"https:\\\/\\\/eldigitaldeasturias.com\\\/magazine365\\\/la-exposicion-universal-2015-aumenta-un-82-los-viajes-de-los-espanoles-a-milan\\\/#organizationLogo\"},\"image\":{\"@id\":\"https:\\\/\\\/eldigitaldeasturias.com\\\/magazine365\\\/la-exposicion-universal-2015-aumenta-un-82-los-viajes-de-los-espanoles-a-milan\\\/#organizationLogo\"}},{\"@type\":\"Person\",\"@id\":\"https:\\\/\\\/eldigitaldeasturias.com\\\/magazine365\\\/author\\\/admin\\\/#author\",\"url\":\"https:\\\/\\\/eldigitaldeasturias.com\\\/magazine365\\\/author\\\/admin\\\/\",\"name\":\"admin\",\"image\":{\"@type\":\"ImageObject\",\"@id\":\"https:\\\/\\\/eldigitaldeasturias.com\\\/magazine365\\\/la-exposicion-universal-2015-aumenta-un-82-los-viajes-de-los-espanoles-a-milan\\\/#authorImage\",\"url\":\"https:\\\/\\\/eldigitaldeasturias.com\\\/magazine365\\\/wp-content\\\/litespeed\\\/avatar\\\/e571bcf59a0edd6fa6838245a470f2fe.jpg?ver=1777574230\",\"width\":96,\"height\":96,\"caption\":\"admin\"}},{\"@type\":\"WebPage\",\"@id\":\"https:\\\/\\\/eldigitaldeasturias.com\\\/magazine365\\\/la-exposicion-universal-2015-aumenta-un-82-los-viajes-de-los-espanoles-a-milan\\\/#webpage\",\"url\":\"https:\\\/\\\/eldigitaldeasturias.com\\\/magazine365\\\/la-exposicion-universal-2015-aumenta-un-82-los-viajes-de-los-espanoles-a-milan\\\/\",\"name\":\"La Exposici\\u00f3n Universal 2015 aumenta un 82% los viajes de los espa\\u00f1oles a Mil\\u00e1n | El Digital de Asturias\",\"description\":\"La Exposici\\u00f3n Universal de 2015 que este a\\u00f1o se est\\u00e1 celebrando en Mil\\u00e1n entre el 1 de mayo y el 31 de octubre ha provocado un aumento del 82% de las b\\u00fasquedas y reservas por parte de los espa\\u00f1oles a la ciudad italiana, seg\\u00fan el buscador y comparador de viajes GoEuro.es. Este incremento se registr\\u00f3\",\"inLanguage\":\"es-ES\",\"isPartOf\":{\"@id\":\"https:\\\/\\\/eldigitaldeasturias.com\\\/magazine365\\\/#website\"},\"breadcrumb\":{\"@id\":\"https:\\\/\\\/eldigitaldeasturias.com\\\/magazine365\\\/la-exposicion-universal-2015-aumenta-un-82-los-viajes-de-los-espanoles-a-milan\\\/#breadcrumblist\"},\"author\":{\"@id\":\"https:\\\/\\\/eldigitaldeasturias.com\\\/magazine365\\\/author\\\/admin\\\/#author\"},\"creator\":{\"@id\":\"https:\\\/\\\/eldigitaldeasturias.com\\\/magazine365\\\/author\\\/admin\\\/#author\"},\"image\":{\"@type\":\"ImageObject\",\"url\":\"https:\\\/\\\/eldigitaldeasturias.com\\\/magazine365\\\/wp-content\\\/uploads\\\/2015\\\/06\\\/fotonoticia_20150622123508_800.jpg\",\"@id\":\"https:\\\/\\\/eldigitaldeasturias.com\\\/magazine365\\\/la-exposicion-universal-2015-aumenta-un-82-los-viajes-de-los-espanoles-a-milan\\\/#mainImage\",\"width\":800,\"height\":1200},\"primaryImageOfPage\":{\"@id\":\"https:\\\/\\\/eldigitaldeasturias.com\\\/magazine365\\\/la-exposicion-universal-2015-aumenta-un-82-los-viajes-de-los-espanoles-a-milan\\\/#mainImage\"},\"datePublished\":\"2015-06-23T08:03:47+02:00\",\"dateModified\":\"2015-06-23T08:03:47+02:00\"},{\"@type\":\"WebSite\",\"@id\":\"https:\\\/\\\/eldigitaldeasturias.com\\\/magazine365\\\/#website\",\"url\":\"https:\\\/\\\/eldigitaldeasturias.com\\\/magazine365\\\/\",\"name\":\"El Digital de Asturias\",\"description\":\"Revista de ocio, turismo y estilo de vida\",\"inLanguage\":\"es-ES\",\"publisher\":{\"@id\":\"https:\\\/\\\/eldigitaldeasturias.com\\\/magazine365\\\/#organization\"}}]}\n\t\t<\/script>\n\t\t<!-- All in One SEO Pro -->\r\n\t\t<title>La Exposici\u00f3n Universal 2015 aumenta un 82% los viajes de los espa\u00f1oles a Mil\u00e1n | El Digital de Asturias<\/title>\n\n","aioseo_head_json":{"title":"La Exposici\u00f3n Universal 2015 aumenta un 82% los viajes de los espa\u00f1oles a Mil\u00e1n | El Digital de Asturias","description":"La Exposici\u00f3n Universal de 2015 que este a\u00f1o se est\u00e1 celebrando en Mil\u00e1n entre el 1 de mayo y el 31 de octubre ha provocado un aumento del 82% de las b\u00fasquedas y reservas por parte de los espa\u00f1oles a la ciudad italiana, seg\u00fan el buscador y comparador de viajes GoEuro.es. Este incremento se registr\u00f3","canonical_url":"https:\/\/eldigitaldeasturias.com\/magazine365\/la-exposicion-universal-2015-aumenta-un-82-los-viajes-de-los-espanoles-a-milan\/","robots":"max-image-preview:large","keywords":"actualidad turismo","webmasterTools":{"google-site-verification":"UA-38556648-1","miscellaneous":""},"schema":{"@context":"https:\/\/schema.org","@graph":[{"@type":"Article","@id":"https:\/\/eldigitaldeasturias.com\/magazine365\/la-exposicion-universal-2015-aumenta-un-82-los-viajes-de-los-espanoles-a-milan\/#article","name":"La Exposici\u00f3n Universal 2015 aumenta un 82% los viajes de los espa\u00f1oles a Mil\u00e1n | El Digital de Asturias","headline":"La Exposici\u00f3n Universal 2015 aumenta un 82% los viajes de los espa\u00f1oles a Mil\u00e1n","author":{"@id":"https:\/\/eldigitaldeasturias.com\/magazine365\/author\/admin\/#author"},"publisher":{"@id":"https:\/\/eldigitaldeasturias.com\/magazine365\/#organization"},"image":{"@type":"ImageObject","url":"https:\/\/eldigitaldeasturias.com\/magazine365\/wp-content\/uploads\/2015\/06\/fotonoticia_20150622123508_800.jpg","width":800,"height":1200},"datePublished":"2015-06-23T08:03:47+02:00","dateModified":"2015-06-23T08:03:47+02:00","inLanguage":"es-ES","mainEntityOfPage":{"@id":"https:\/\/eldigitaldeasturias.com\/magazine365\/la-exposicion-universal-2015-aumenta-un-82-los-viajes-de-los-espanoles-a-milan\/#webpage"},"isPartOf":{"@id":"https:\/\/eldigitaldeasturias.com\/magazine365\/la-exposicion-universal-2015-aumenta-un-82-los-viajes-de-los-espanoles-a-milan\/#webpage"},"articleSection":"Actualidad Turismo"},{"@type":"BreadcrumbList","@id":"https:\/\/eldigitaldeasturias.com\/magazine365\/la-exposicion-universal-2015-aumenta-un-82-los-viajes-de-los-espanoles-a-milan\/#breadcrumblist","itemListElement":[{"@type":"ListItem","@id":"https:\/\/eldigitaldeasturias.com\/magazine365#listItem","position":1,"name":"Home","item":"https:\/\/eldigitaldeasturias.com\/magazine365","nextItem":{"@type":"ListItem","@id":"https:\/\/eldigitaldeasturias.com\/magazine365\/category\/actualidad-turismo\/#listItem","name":"Actualidad Turismo"}},{"@type":"ListItem","@id":"https:\/\/eldigitaldeasturias.com\/magazine365\/category\/actualidad-turismo\/#listItem","position":2,"name":"Actualidad Turismo","item":"https:\/\/eldigitaldeasturias.com\/magazine365\/category\/actualidad-turismo\/","nextItem":{"@type":"ListItem","@id":"https:\/\/eldigitaldeasturias.com\/magazine365\/la-exposicion-universal-2015-aumenta-un-82-los-viajes-de-los-espanoles-a-milan\/#listItem","name":"La Exposici\u00f3n Universal 2015 aumenta un 82% los viajes de los espa\u00f1oles a Mil\u00e1n"},"previousItem":{"@type":"ListItem","@id":"https:\/\/eldigitaldeasturias.com\/magazine365#listItem","name":"Home"}},{"@type":"ListItem","@id":"https:\/\/eldigitaldeasturias.com\/magazine365\/la-exposicion-universal-2015-aumenta-un-82-los-viajes-de-los-espanoles-a-milan\/#listItem","position":3,"name":"La Exposici\u00f3n Universal 2015 aumenta un 82% los viajes de los espa\u00f1oles a Mil\u00e1n","previousItem":{"@type":"ListItem","@id":"https:\/\/eldigitaldeasturias.com\/magazine365\/category\/actualidad-turismo\/#listItem","name":"Actualidad Turismo"}}]},{"@type":"Organization","@id":"https:\/\/eldigitaldeasturias.com\/magazine365\/#organization","name":"El digital de Asturias","description":"Revista de ocio, turismo y estilo de vida","url":"https:\/\/eldigitaldeasturias.com\/magazine365\/","logo":{"@type":"ImageObject","url":"https:\/\/www.eldigitaldeasturias.com\/noticias\/wp-content\/uploads\/2020\/12\/EDA.jpg","@id":"https:\/\/eldigitaldeasturias.com\/magazine365\/la-exposicion-universal-2015-aumenta-un-82-los-viajes-de-los-espanoles-a-milan\/#organizationLogo"},"image":{"@id":"https:\/\/eldigitaldeasturias.com\/magazine365\/la-exposicion-universal-2015-aumenta-un-82-los-viajes-de-los-espanoles-a-milan\/#organizationLogo"}},{"@type":"Person","@id":"https:\/\/eldigitaldeasturias.com\/magazine365\/author\/admin\/#author","url":"https:\/\/eldigitaldeasturias.com\/magazine365\/author\/admin\/","name":"admin","image":{"@type":"ImageObject","@id":"https:\/\/eldigitaldeasturias.com\/magazine365\/la-exposicion-universal-2015-aumenta-un-82-los-viajes-de-los-espanoles-a-milan\/#authorImage","url":"https:\/\/eldigitaldeasturias.com\/magazine365\/wp-content\/litespeed\/avatar\/e571bcf59a0edd6fa6838245a470f2fe.jpg?ver=1777574230","width":96,"height":96,"caption":"admin"}},{"@type":"WebPage","@id":"https:\/\/eldigitaldeasturias.com\/magazine365\/la-exposicion-universal-2015-aumenta-un-82-los-viajes-de-los-espanoles-a-milan\/#webpage","url":"https:\/\/eldigitaldeasturias.com\/magazine365\/la-exposicion-universal-2015-aumenta-un-82-los-viajes-de-los-espanoles-a-milan\/","name":"La Exposici\u00f3n Universal 2015 aumenta un 82% los viajes de los espa\u00f1oles a Mil\u00e1n | El Digital de Asturias","description":"La Exposici\u00f3n Universal de 2015 que este a\u00f1o se est\u00e1 celebrando en Mil\u00e1n entre el 1 de mayo y el 31 de octubre ha provocado un aumento del 82% de las b\u00fasquedas y reservas por parte de los espa\u00f1oles a la ciudad italiana, seg\u00fan el buscador y comparador de viajes GoEuro.es. Este incremento se registr\u00f3","inLanguage":"es-ES","isPartOf":{"@id":"https:\/\/eldigitaldeasturias.com\/magazine365\/#website"},"breadcrumb":{"@id":"https:\/\/eldigitaldeasturias.com\/magazine365\/la-exposicion-universal-2015-aumenta-un-82-los-viajes-de-los-espanoles-a-milan\/#breadcrumblist"},"author":{"@id":"https:\/\/eldigitaldeasturias.com\/magazine365\/author\/admin\/#author"},"creator":{"@id":"https:\/\/eldigitaldeasturias.com\/magazine365\/author\/admin\/#author"},"image":{"@type":"ImageObject","url":"https:\/\/eldigitaldeasturias.com\/magazine365\/wp-content\/uploads\/2015\/06\/fotonoticia_20150622123508_800.jpg","@id":"https:\/\/eldigitaldeasturias.com\/magazine365\/la-exposicion-universal-2015-aumenta-un-82-los-viajes-de-los-espanoles-a-milan\/#mainImage","width":800,"height":1200},"primaryImageOfPage":{"@id":"https:\/\/eldigitaldeasturias.com\/magazine365\/la-exposicion-universal-2015-aumenta-un-82-los-viajes-de-los-espanoles-a-milan\/#mainImage"},"datePublished":"2015-06-23T08:03:47+02:00","dateModified":"2015-06-23T08:03:47+02:00"},{"@type":"WebSite","@id":"https:\/\/eldigitaldeasturias.com\/magazine365\/#website","url":"https:\/\/eldigitaldeasturias.com\/magazine365\/","name":"El Digital de Asturias","description":"Revista de ocio, turismo y estilo de vida","inLanguage":"es-ES","publisher":{"@id":"https:\/\/eldigitaldeasturias.com\/magazine365\/#organization"}}]},"og:locale":"es_ES","og:site_name":"El Digital de Asturias \u2013 Revista de ocio, turismo y estilo de vida","og:type":"article","og:title":"La Exposici\u00f3n Universal 2015 aumenta un 82% los viajes de los espa\u00f1oles a Mil\u00e1n | El Digital de Asturias","og:description":"La Exposici\u00f3n Universal de 2015 que este a\u00f1o se est\u00e1 celebrando en Mil\u00e1n entre el 1 de mayo y el 31 de octubre ha provocado un aumento del 82% de las b\u00fasquedas y reservas por parte de los espa\u00f1oles a la ciudad italiana, seg\u00fan el buscador y comparador de viajes GoEuro.es. Este incremento se registr\u00f3","og:url":"https:\/\/eldigitaldeasturias.com\/magazine365\/la-exposicion-universal-2015-aumenta-un-82-los-viajes-de-los-espanoles-a-milan\/","og:image":"https:\/\/eldigitaldeasturias.com\/magazine365\/wp-content\/uploads\/2015\/06\/fotonoticia_20150622123508_800.jpg","og:image:secure_url":"https:\/\/eldigitaldeasturias.com\/magazine365\/wp-content\/uploads\/2015\/06\/fotonoticia_20150622123508_800.jpg","og:image:width":800,"og:image:height":1200,"article:published_time":"2015-06-23T06:33:47+00:00","article:modified_time":"2015-06-23T06:33:47+00:00","twitter:card":"summary_large_image","twitter:title":"La Exposici\u00f3n Universal 2015 aumenta un 82% los viajes de los espa\u00f1oles a Mil\u00e1n | El Digital de Asturias","twitter:description":"La Exposici\u00f3n Universal de 2015 que este a\u00f1o se est\u00e1 celebrando en Mil\u00e1n entre el 1 de mayo y el 31 de octubre ha provocado un aumento del 82% de las b\u00fasquedas y reservas por parte de los espa\u00f1oles a la ciudad italiana, seg\u00fan el buscador y comparador de viajes GoEuro.es. Este incremento se registr\u00f3","twitter:image":"https:\/\/eldigitaldeasturias.com\/magazine365\/wp-content\/uploads\/2015\/06\/fotonoticia_20150622123508_800.jpg"},"aioseo_meta_data":{"post_id":"40552","title":null,"description":null,"keywords":null,"keyphrases":null,"primary_term":null,"canonical_url":null,"og_title":null,"og_description":null,"og_object_type":"default","og_image_type":"default","og_image_url":null,"og_image_width":null,"og_image_height":null,"og_image_custom_url":null,"og_image_custom_fields":null,"og_video":null,"og_custom_url":null,"og_article_section":null,"og_article_tags":null,"twitter_use_og":false,"twitter_card":"default","twitter_image_type":"default","twitter_image_url":null,"twitter_image_custom_url":null,"twitter_image_custom_fields":null,"twitter_title":null,"twitter_description":null,"schema":{"blockGraphs":[],"customGraphs":[],"default":{"data":{"Article":[],"Course":[],"Dataset":[],"FAQPage":[],"Movie":[],"Person":[],"Product":[],"ProductReview":[],"Car":[],"Recipe":[],"Service":[],"SoftwareApplication":[],"WebPage":[]},"graphName":"","isEnabled":true},"graphs":[],"defaultGraph":"","defaultPostTypeGraph":""},"schema_type":null,"schema_type_options":null,"pillar_content":false,"robots_default":true,"robots_noindex":false,"robots_noarchive":false,"robots_nosnippet":false,"robots_nofollow":false,"robots_noimageindex":false,"robots_noodp":false,"robots_notranslate":false,"robots_max_snippet":null,"robots_max_videopreview":null,"robots_max_imagepreview":"large","priority":null,"frequency":null,"location":null,"local_seo":null,"seo_analyzer_scan_date":"2025-09-19 13:47:08","breadcrumb_settings":null,"limit_modified_date":false,"open_ai":null,"ai":null,"created":"2021-03-09 02:26:42","updated":"2025-09-19 13:47:08"},"aioseo_breadcrumb":"<div class=\"aioseo-breadcrumbs\"><span class=\"aioseo-breadcrumb\">\n\t<a href=\"https:\/\/eldigitaldeasturias.com\/magazine365\" title=\"Home\">Home<\/a>\n<\/span><span class=\"aioseo-breadcrumb-separator\">\u2013<\/span><span class=\"aioseo-breadcrumb\">\n\t<a href=\"https:\/\/eldigitaldeasturias.com\/magazine365\/category\/actualidad-turismo\/\" title=\"Actualidad Turismo\">Actualidad Turismo<\/a>\n<\/span><span class=\"aioseo-breadcrumb-separator\">\u2013<\/span><span class=\"aioseo-breadcrumb\">\n\t<a href=\"https:\/\/eldigitaldeasturias.com\/magazine365\/la-exposicion-universal-2015-aumenta-un-82-los-viajes-de-los-espanoles-a-milan\/\" title=\"La Exposici\u00f3n Universal 2015 aumenta un 82% los viajes de los espa\u00f1oles a Mil\u00e1n\">La Exposici\u00f3n Universal 2015 aumenta un 82% los viajes de los espa\u00f1oles a Mil\u00e1n<\/a>\n<\/span><\/div>","aioseo_breadcrumb_json":[{"label":"Home","link":"https:\/\/eldigitaldeasturias.com\/magazine365"},{"label":"Actualidad Turismo","link":"https:\/\/eldigitaldeasturias.com\/magazine365\/category\/actualidad-turismo\/"},{"label":"La Exposici\u00f3n Universal 2015 aumenta un 82% los viajes de los espa\u00f1oles a Mil\u00e1n","link":"https:\/\/eldigitaldeasturias.com\/magazine365\/la-exposicion-universal-2015-aumenta-un-82-los-viajes-de-los-espanoles-a-milan\/"}],"_links":{"self":[{"href":"https:\/\/eldigitaldeasturias.com\/magazine365\/wp-json\/wp\/v2\/posts\/40552","targetHints":{"allow":["GET"]}}],"collection":[{"href":"https:\/\/eldigitaldeasturias.com\/magazine365\/wp-json\/wp\/v2\/posts"}],"about":[{"href":"https:\/\/eldigitaldeasturias.com\/magazine365\/wp-json\/wp\/v2\/types\/post"}],"author":[{"embeddable":true,"href":"https:\/\/eldigitaldeasturias.com\/magazine365\/wp-json\/wp\/v2\/users\/1"}],"replies":[{"embeddable":true,"href":"https:\/\/eldigitaldeasturias.com\/magazine365\/wp-json\/wp\/v2\/comments?post=40552"}],"version-history":[{"count":0,"href":"https:\/\/eldigitaldeasturias.com\/magazine365\/wp-json\/wp\/v2\/posts\/40552\/revisions"}],"wp:featuredmedia":[{"embeddable":true,"href":"https:\/\/eldigitaldeasturias.com\/magazine365\/wp-json\/wp\/v2\/media\/40553"}],"wp:attachment":[{"href":"https:\/\/eldigitaldeasturias.com\/magazine365\/wp-json\/wp\/v2\/media?parent=40552"}],"wp:term":[{"taxonomy":"category","embeddable":true,"href":"https:\/\/eldigitaldeasturias.com\/magazine365\/wp-json\/wp\/v2\/categories?post=40552"},{"taxonomy":"post_tag","embeddable":true,"href":"https:\/\/eldigitaldeasturias.com\/magazine365\/wp-json\/wp\/v2\/tags?post=40552"}],"curies":[{"name":"wp","href":"https:\/\/api.w.org\/{rel}","templated":true}]}}