{"id":40550,"date":"2015-06-23T08:02:31","date_gmt":"2015-06-23T06:32:31","guid":{"rendered":"http:\/\/eldigitaldeasturias.com\/magazine365\/?p=40550"},"modified":"2015-06-23T08:02:31","modified_gmt":"2015-06-23T06:32:31","slug":"el-chef-gennaro-esposito-abre-it-ibiza-un-nuevo-restaurante-en-marina-botafoch","status":"publish","type":"post","link":"https:\/\/eldigitaldeasturias.com\/magazine365\/el-chef-gennaro-esposito-abre-it-ibiza-un-nuevo-restaurante-en-marina-botafoch\/","title":{"rendered":"El chef Gennaro Esposito abre It Ibiza, un nuevo restaurante en Marina Botafoch"},"content":{"rendered":"<p><img fetchpriority=\"high\" decoding=\"async\" class=\"alignleft size-medium wp-image-39421\" src=\"https:\/\/eldigitaldeasturias.com\/magazine365\/wp-content\/uploads\/2015\/06\/ibiza-360x239.jpg\" alt=\"ibiza\" width=\"360\" height=\"239\" \/>El chef Gennaro Esposito abre It Ibiza, un nuevo restaurante que pretende convertirse en el punto de referencia de la alta restauraci\u00f3n, mezclando los sabores t\u00edpicos de la cocina mediterr\u00e1nea italiana con los caracter\u00edsticos elementos de estilo, moda y belleza del &#8216;Italian Lifestyle&#8217;. El local est\u00e1 situado en Marina Botafoch.<\/p>\n<p>Esposito est\u00e1 reconocido internacionalmente como uno de los chefs m\u00e1s representativos de la cocina italiana. El cocinero, que cuenta con dos Estrellas Michel\u00edn, volver\u00e1 a realzar los valores t\u00edpicos de su cocina que es \u00abtradicional italiana con toques de vanguardia\u00bb, seg\u00fan ha se\u00f1alado.<\/p>\n<p>Adem\u00e1s, contar\u00e1 con el apoyo del joven Massimo Larosa, un talento de la zona de la Campania, formado en restaurantes de gran proyecci\u00f3n nacional como el de los hermanos Roca, &#8216;Celler de Can Roca&#8217;, y el restaurante del m\u00edtico Juan Mari Arzak.<\/p>\n<p>Gennaro Esposito ha planteado una carta con un concepto gastron\u00f3mico muy definido: elaborar los mejores platos de la cocina mediterr\u00e1nea, preparados por un equipo de alto nivel. El chef ejecutivo se ha mostrado entusiasmado con este proyecto. \u00abMe he propuesto asombrar, ofreciendo la peculiaridad en la alta cocina y cuidando los m\u00e1s m\u00ednimos detalles en la presentaci\u00f3n de los platos y garantizando la m\u00e1xima frescura de los productos, ya que tenemos toda la ilusi\u00f3n, experiencia y profesionalidad focalizada en este nuevo reto\u00bb, ha explicado.<\/p>\n<p>IT Ibiza ofrecer\u00e1 una amplia selecci\u00f3n de platos para todos los gustos y para cada momento, como \u00abpulpo asado, compota agridulce y lim\u00f3n caramelizado\u00bb o \u00abtortelli caseros con gambas y calabac\u00edn marinado\u00bb.<\/p>\n<p>Los comensales podr\u00e1n disfrutar de una dilatada carta de platos gourmets o decantarse por el exquisito men\u00fa degustaci\u00f3n, acompa\u00f1ado por hasta 80 etiquetas del mejor vino del mundo.<\/p>\n","protected":false},"excerpt":{"rendered":"<p>El chef Gennaro Esposito abre It Ibiza, un nuevo restaurante que pretende convertirse en el punto de referencia de la alta restauraci\u00f3n, mezclando los sabores t\u00edpicos de la cocina mediterr\u00e1nea italiana con los caracter\u00edsticos elementos de estilo, moda y belleza del &#8216;Italian Lifestyle&#8217;. El local est\u00e1 situado en Marina Botafoch. Esposito est\u00e1 reconocido internacionalmente como<\/p>\n","protected":false},"author":1,"featured_media":0,"comment_status":"open","ping_status":"closed","sticky":false,"template":"","format":"standard","meta":{"footnotes":""},"categories":[224],"tags":[],"class_list":{"0":"post-40550","1":"post","2":"type-post","3":"status-publish","4":"format-standard","6":"category-noticias-actualidad"},"aioseo_notices":[],"aioseo_head":"\n\t\t<!-- All in One SEO Pro 4.9.6.1 - aioseo.com -->\n\t<meta name=\"description\" content=\"El chef Gennaro Esposito abre It Ibiza, un nuevo restaurante que pretende convertirse en el punto de referencia de la alta restauraci\u00f3n, mezclando los sabores t\u00edpicos de la cocina mediterr\u00e1nea italiana con los caracter\u00edsticos elementos de estilo, moda y belleza del &#039;Italian Lifestyle&#039;. El local est\u00e1 situado en Marina Botafoch. Esposito est\u00e1 reconocido internacionalmente como\" \/>\n\t<meta name=\"robots\" content=\"max-image-preview:large\" \/>\n\t<meta name=\"author\" content=\"admin\"\/>\n\t<meta name=\"google-site-verification\" content=\"UA-38556648-1\" \/>\n\t<meta name=\"keywords\" content=\"noticias y actualidad\" \/>\n\t<link rel=\"canonical\" href=\"https:\/\/eldigitaldeasturias.com\/magazine365\/el-chef-gennaro-esposito-abre-it-ibiza-un-nuevo-restaurante-en-marina-botafoch\/\" \/>\n\t<meta name=\"generator\" content=\"All in One SEO Pro (AIOSEO) 4.9.6.1\" \/>\n\t\t<meta property=\"og:locale\" content=\"es_ES\" \/>\n\t\t<meta property=\"og:site_name\" content=\"El Digital de Asturias \u2013 Revista de ocio, turismo y estilo de vida\" \/>\n\t\t<meta property=\"og:type\" content=\"article\" \/>\n\t\t<meta property=\"og:title\" content=\"El chef Gennaro Esposito abre It Ibiza, un nuevo restaurante en Marina Botafoch | El Digital de Asturias\" \/>\n\t\t<meta property=\"og:description\" content=\"El chef Gennaro Esposito abre It Ibiza, un nuevo restaurante que pretende convertirse en el punto de referencia de la alta restauraci\u00f3n, mezclando los sabores t\u00edpicos de la cocina mediterr\u00e1nea italiana con los caracter\u00edsticos elementos de estilo, moda y belleza del &#039;Italian Lifestyle&#039;. El local est\u00e1 situado en Marina Botafoch. Esposito est\u00e1 reconocido internacionalmente como\" \/>\n\t\t<meta property=\"og:url\" content=\"https:\/\/eldigitaldeasturias.com\/magazine365\/el-chef-gennaro-esposito-abre-it-ibiza-un-nuevo-restaurante-en-marina-botafoch\/\" \/>\n\t\t<meta property=\"og:image\" content=\"https:\/\/www.eldigitaldeasturias.com\/noticias\/wp-content\/uploads\/2020\/12\/EDA.jpg\" \/>\n\t\t<meta property=\"og:image:secure_url\" content=\"https:\/\/www.eldigitaldeasturias.com\/noticias\/wp-content\/uploads\/2020\/12\/EDA.jpg\" \/>\n\t\t<meta property=\"article:published_time\" content=\"2015-06-23T06:32:31+00:00\" \/>\n\t\t<meta property=\"article:modified_time\" content=\"2015-06-23T06:32:31+00:00\" \/>\n\t\t<meta name=\"twitter:card\" content=\"summary_large_image\" \/>\n\t\t<meta name=\"twitter:title\" content=\"El chef Gennaro Esposito abre It Ibiza, un nuevo restaurante en Marina Botafoch | El Digital de Asturias\" \/>\n\t\t<meta name=\"twitter:description\" content=\"El chef Gennaro Esposito abre It Ibiza, un nuevo restaurante que pretende convertirse en el punto de referencia de la alta restauraci\u00f3n, mezclando los sabores t\u00edpicos de la cocina mediterr\u00e1nea italiana con los caracter\u00edsticos elementos de estilo, moda y belleza del &#039;Italian Lifestyle&#039;. El local est\u00e1 situado en Marina Botafoch. Esposito est\u00e1 reconocido internacionalmente como\" \/>\n\t\t<meta name=\"twitter:image\" content=\"https:\/\/www.eldigitaldeasturias.com\/noticias\/wp-content\/uploads\/2020\/12\/EDA.jpg\" \/>\n\t\t<script type=\"application\/ld+json\" class=\"aioseo-schema\">\n\t\t\t{\"@context\":\"https:\\\/\\\/schema.org\",\"@graph\":[{\"@type\":\"Article\",\"@id\":\"https:\\\/\\\/eldigitaldeasturias.com\\\/magazine365\\\/el-chef-gennaro-esposito-abre-it-ibiza-un-nuevo-restaurante-en-marina-botafoch\\\/#article\",\"name\":\"El chef Gennaro Esposito abre It Ibiza, un nuevo restaurante en Marina Botafoch | El Digital de Asturias\",\"headline\":\"El chef Gennaro Esposito abre It Ibiza, un nuevo restaurante en Marina Botafoch\",\"author\":{\"@id\":\"https:\\\/\\\/eldigitaldeasturias.com\\\/magazine365\\\/author\\\/admin\\\/#author\"},\"publisher\":{\"@id\":\"https:\\\/\\\/eldigitaldeasturias.com\\\/magazine365\\\/#organization\"},\"image\":{\"@type\":\"ImageObject\",\"url\":\"http:\\\/\\\/eldigitaldeasturias.com\\\/magazine365\\\/wp-content\\\/uploads\\\/2015\\\/06\\\/ibiza-360x239.jpg\",\"@id\":\"https:\\\/\\\/eldigitaldeasturias.com\\\/magazine365\\\/el-chef-gennaro-esposito-abre-it-ibiza-un-nuevo-restaurante-en-marina-botafoch\\\/#articleImage\"},\"datePublished\":\"2015-06-23T08:02:31+02:00\",\"dateModified\":\"2015-06-23T08:02:31+02:00\",\"inLanguage\":\"es-ES\",\"mainEntityOfPage\":{\"@id\":\"https:\\\/\\\/eldigitaldeasturias.com\\\/magazine365\\\/el-chef-gennaro-esposito-abre-it-ibiza-un-nuevo-restaurante-en-marina-botafoch\\\/#webpage\"},\"isPartOf\":{\"@id\":\"https:\\\/\\\/eldigitaldeasturias.com\\\/magazine365\\\/el-chef-gennaro-esposito-abre-it-ibiza-un-nuevo-restaurante-en-marina-botafoch\\\/#webpage\"},\"articleSection\":\"Noticias y Actualidad\"},{\"@type\":\"BreadcrumbList\",\"@id\":\"https:\\\/\\\/eldigitaldeasturias.com\\\/magazine365\\\/el-chef-gennaro-esposito-abre-it-ibiza-un-nuevo-restaurante-en-marina-botafoch\\\/#breadcrumblist\",\"itemListElement\":[{\"@type\":\"ListItem\",\"@id\":\"https:\\\/\\\/eldigitaldeasturias.com\\\/magazine365#listItem\",\"position\":1,\"name\":\"Home\",\"item\":\"https:\\\/\\\/eldigitaldeasturias.com\\\/magazine365\",\"nextItem\":{\"@type\":\"ListItem\",\"@id\":\"https:\\\/\\\/eldigitaldeasturias.com\\\/magazine365\\\/category\\\/noticias-actualidad\\\/#listItem\",\"name\":\"Noticias y Actualidad\"}},{\"@type\":\"ListItem\",\"@id\":\"https:\\\/\\\/eldigitaldeasturias.com\\\/magazine365\\\/category\\\/noticias-actualidad\\\/#listItem\",\"position\":2,\"name\":\"Noticias y Actualidad\",\"item\":\"https:\\\/\\\/eldigitaldeasturias.com\\\/magazine365\\\/category\\\/noticias-actualidad\\\/\",\"nextItem\":{\"@type\":\"ListItem\",\"@id\":\"https:\\\/\\\/eldigitaldeasturias.com\\\/magazine365\\\/el-chef-gennaro-esposito-abre-it-ibiza-un-nuevo-restaurante-en-marina-botafoch\\\/#listItem\",\"name\":\"El chef Gennaro Esposito abre It Ibiza, un nuevo restaurante en Marina Botafoch\"},\"previousItem\":{\"@type\":\"ListItem\",\"@id\":\"https:\\\/\\\/eldigitaldeasturias.com\\\/magazine365#listItem\",\"name\":\"Home\"}},{\"@type\":\"ListItem\",\"@id\":\"https:\\\/\\\/eldigitaldeasturias.com\\\/magazine365\\\/el-chef-gennaro-esposito-abre-it-ibiza-un-nuevo-restaurante-en-marina-botafoch\\\/#listItem\",\"position\":3,\"name\":\"El chef Gennaro Esposito abre It Ibiza, un nuevo restaurante en Marina Botafoch\",\"previousItem\":{\"@type\":\"ListItem\",\"@id\":\"https:\\\/\\\/eldigitaldeasturias.com\\\/magazine365\\\/category\\\/noticias-actualidad\\\/#listItem\",\"name\":\"Noticias y Actualidad\"}}]},{\"@type\":\"Organization\",\"@id\":\"https:\\\/\\\/eldigitaldeasturias.com\\\/magazine365\\\/#organization\",\"name\":\"El digital de Asturias\",\"description\":\"Revista de ocio, turismo y estilo de vida\",\"url\":\"https:\\\/\\\/eldigitaldeasturias.com\\\/magazine365\\\/\",\"logo\":{\"@type\":\"ImageObject\",\"url\":\"https:\\\/\\\/www.eldigitaldeasturias.com\\\/noticias\\\/wp-content\\\/uploads\\\/2020\\\/12\\\/EDA.jpg\",\"@id\":\"https:\\\/\\\/eldigitaldeasturias.com\\\/magazine365\\\/el-chef-gennaro-esposito-abre-it-ibiza-un-nuevo-restaurante-en-marina-botafoch\\\/#organizationLogo\"},\"image\":{\"@id\":\"https:\\\/\\\/eldigitaldeasturias.com\\\/magazine365\\\/el-chef-gennaro-esposito-abre-it-ibiza-un-nuevo-restaurante-en-marina-botafoch\\\/#organizationLogo\"}},{\"@type\":\"Person\",\"@id\":\"https:\\\/\\\/eldigitaldeasturias.com\\\/magazine365\\\/author\\\/admin\\\/#author\",\"url\":\"https:\\\/\\\/eldigitaldeasturias.com\\\/magazine365\\\/author\\\/admin\\\/\",\"name\":\"admin\",\"image\":{\"@type\":\"ImageObject\",\"@id\":\"https:\\\/\\\/eldigitaldeasturias.com\\\/magazine365\\\/el-chef-gennaro-esposito-abre-it-ibiza-un-nuevo-restaurante-en-marina-botafoch\\\/#authorImage\",\"url\":\"https:\\\/\\\/eldigitaldeasturias.com\\\/magazine365\\\/wp-content\\\/litespeed\\\/avatar\\\/e571bcf59a0edd6fa6838245a470f2fe.jpg?ver=1777574230\",\"width\":96,\"height\":96,\"caption\":\"admin\"}},{\"@type\":\"WebPage\",\"@id\":\"https:\\\/\\\/eldigitaldeasturias.com\\\/magazine365\\\/el-chef-gennaro-esposito-abre-it-ibiza-un-nuevo-restaurante-en-marina-botafoch\\\/#webpage\",\"url\":\"https:\\\/\\\/eldigitaldeasturias.com\\\/magazine365\\\/el-chef-gennaro-esposito-abre-it-ibiza-un-nuevo-restaurante-en-marina-botafoch\\\/\",\"name\":\"El chef Gennaro Esposito abre It Ibiza, un nuevo restaurante en Marina Botafoch | El Digital de Asturias\",\"description\":\"El chef Gennaro Esposito abre It Ibiza, un nuevo restaurante que pretende convertirse en el punto de referencia de la alta restauraci\\u00f3n, mezclando los sabores t\\u00edpicos de la cocina mediterr\\u00e1nea italiana con los caracter\\u00edsticos elementos de estilo, moda y belleza del 'Italian Lifestyle'. El local est\\u00e1 situado en Marina Botafoch. Esposito est\\u00e1 reconocido internacionalmente como\",\"inLanguage\":\"es-ES\",\"isPartOf\":{\"@id\":\"https:\\\/\\\/eldigitaldeasturias.com\\\/magazine365\\\/#website\"},\"breadcrumb\":{\"@id\":\"https:\\\/\\\/eldigitaldeasturias.com\\\/magazine365\\\/el-chef-gennaro-esposito-abre-it-ibiza-un-nuevo-restaurante-en-marina-botafoch\\\/#breadcrumblist\"},\"author\":{\"@id\":\"https:\\\/\\\/eldigitaldeasturias.com\\\/magazine365\\\/author\\\/admin\\\/#author\"},\"creator\":{\"@id\":\"https:\\\/\\\/eldigitaldeasturias.com\\\/magazine365\\\/author\\\/admin\\\/#author\"},\"datePublished\":\"2015-06-23T08:02:31+02:00\",\"dateModified\":\"2015-06-23T08:02:31+02:00\"},{\"@type\":\"WebSite\",\"@id\":\"https:\\\/\\\/eldigitaldeasturias.com\\\/magazine365\\\/#website\",\"url\":\"https:\\\/\\\/eldigitaldeasturias.com\\\/magazine365\\\/\",\"name\":\"El Digital de Asturias\",\"description\":\"Revista de ocio, turismo y estilo de vida\",\"inLanguage\":\"es-ES\",\"publisher\":{\"@id\":\"https:\\\/\\\/eldigitaldeasturias.com\\\/magazine365\\\/#organization\"}}]}\n\t\t<\/script>\n\t\t<!-- All in One SEO Pro -->\r\n\t\t<title>El chef Gennaro Esposito abre It Ibiza, un nuevo restaurante en Marina Botafoch | El Digital de Asturias<\/title>\n\n","aioseo_head_json":{"title":"El chef Gennaro Esposito abre It Ibiza, un nuevo restaurante en Marina Botafoch | El Digital de Asturias","description":"El chef Gennaro Esposito abre It Ibiza, un nuevo restaurante que pretende convertirse en el punto de referencia de la alta restauraci\u00f3n, mezclando los sabores t\u00edpicos de la cocina mediterr\u00e1nea italiana con los caracter\u00edsticos elementos de estilo, moda y belleza del 'Italian Lifestyle'. El local est\u00e1 situado en Marina Botafoch. Esposito est\u00e1 reconocido internacionalmente como","canonical_url":"https:\/\/eldigitaldeasturias.com\/magazine365\/el-chef-gennaro-esposito-abre-it-ibiza-un-nuevo-restaurante-en-marina-botafoch\/","robots":"max-image-preview:large","keywords":"noticias y actualidad","webmasterTools":{"google-site-verification":"UA-38556648-1","miscellaneous":""},"schema":{"@context":"https:\/\/schema.org","@graph":[{"@type":"Article","@id":"https:\/\/eldigitaldeasturias.com\/magazine365\/el-chef-gennaro-esposito-abre-it-ibiza-un-nuevo-restaurante-en-marina-botafoch\/#article","name":"El chef Gennaro Esposito abre It Ibiza, un nuevo restaurante en Marina Botafoch | El Digital de Asturias","headline":"El chef Gennaro Esposito abre It Ibiza, un nuevo restaurante en Marina Botafoch","author":{"@id":"https:\/\/eldigitaldeasturias.com\/magazine365\/author\/admin\/#author"},"publisher":{"@id":"https:\/\/eldigitaldeasturias.com\/magazine365\/#organization"},"image":{"@type":"ImageObject","url":"http:\/\/eldigitaldeasturias.com\/magazine365\/wp-content\/uploads\/2015\/06\/ibiza-360x239.jpg","@id":"https:\/\/eldigitaldeasturias.com\/magazine365\/el-chef-gennaro-esposito-abre-it-ibiza-un-nuevo-restaurante-en-marina-botafoch\/#articleImage"},"datePublished":"2015-06-23T08:02:31+02:00","dateModified":"2015-06-23T08:02:31+02:00","inLanguage":"es-ES","mainEntityOfPage":{"@id":"https:\/\/eldigitaldeasturias.com\/magazine365\/el-chef-gennaro-esposito-abre-it-ibiza-un-nuevo-restaurante-en-marina-botafoch\/#webpage"},"isPartOf":{"@id":"https:\/\/eldigitaldeasturias.com\/magazine365\/el-chef-gennaro-esposito-abre-it-ibiza-un-nuevo-restaurante-en-marina-botafoch\/#webpage"},"articleSection":"Noticias y Actualidad"},{"@type":"BreadcrumbList","@id":"https:\/\/eldigitaldeasturias.com\/magazine365\/el-chef-gennaro-esposito-abre-it-ibiza-un-nuevo-restaurante-en-marina-botafoch\/#breadcrumblist","itemListElement":[{"@type":"ListItem","@id":"https:\/\/eldigitaldeasturias.com\/magazine365#listItem","position":1,"name":"Home","item":"https:\/\/eldigitaldeasturias.com\/magazine365","nextItem":{"@type":"ListItem","@id":"https:\/\/eldigitaldeasturias.com\/magazine365\/category\/noticias-actualidad\/#listItem","name":"Noticias y Actualidad"}},{"@type":"ListItem","@id":"https:\/\/eldigitaldeasturias.com\/magazine365\/category\/noticias-actualidad\/#listItem","position":2,"name":"Noticias y Actualidad","item":"https:\/\/eldigitaldeasturias.com\/magazine365\/category\/noticias-actualidad\/","nextItem":{"@type":"ListItem","@id":"https:\/\/eldigitaldeasturias.com\/magazine365\/el-chef-gennaro-esposito-abre-it-ibiza-un-nuevo-restaurante-en-marina-botafoch\/#listItem","name":"El chef Gennaro Esposito abre It Ibiza, un nuevo restaurante en Marina Botafoch"},"previousItem":{"@type":"ListItem","@id":"https:\/\/eldigitaldeasturias.com\/magazine365#listItem","name":"Home"}},{"@type":"ListItem","@id":"https:\/\/eldigitaldeasturias.com\/magazine365\/el-chef-gennaro-esposito-abre-it-ibiza-un-nuevo-restaurante-en-marina-botafoch\/#listItem","position":3,"name":"El chef Gennaro Esposito abre It Ibiza, un nuevo restaurante en Marina Botafoch","previousItem":{"@type":"ListItem","@id":"https:\/\/eldigitaldeasturias.com\/magazine365\/category\/noticias-actualidad\/#listItem","name":"Noticias y Actualidad"}}]},{"@type":"Organization","@id":"https:\/\/eldigitaldeasturias.com\/magazine365\/#organization","name":"El digital de Asturias","description":"Revista de ocio, turismo y estilo de vida","url":"https:\/\/eldigitaldeasturias.com\/magazine365\/","logo":{"@type":"ImageObject","url":"https:\/\/www.eldigitaldeasturias.com\/noticias\/wp-content\/uploads\/2020\/12\/EDA.jpg","@id":"https:\/\/eldigitaldeasturias.com\/magazine365\/el-chef-gennaro-esposito-abre-it-ibiza-un-nuevo-restaurante-en-marina-botafoch\/#organizationLogo"},"image":{"@id":"https:\/\/eldigitaldeasturias.com\/magazine365\/el-chef-gennaro-esposito-abre-it-ibiza-un-nuevo-restaurante-en-marina-botafoch\/#organizationLogo"}},{"@type":"Person","@id":"https:\/\/eldigitaldeasturias.com\/magazine365\/author\/admin\/#author","url":"https:\/\/eldigitaldeasturias.com\/magazine365\/author\/admin\/","name":"admin","image":{"@type":"ImageObject","@id":"https:\/\/eldigitaldeasturias.com\/magazine365\/el-chef-gennaro-esposito-abre-it-ibiza-un-nuevo-restaurante-en-marina-botafoch\/#authorImage","url":"https:\/\/eldigitaldeasturias.com\/magazine365\/wp-content\/litespeed\/avatar\/e571bcf59a0edd6fa6838245a470f2fe.jpg?ver=1777574230","width":96,"height":96,"caption":"admin"}},{"@type":"WebPage","@id":"https:\/\/eldigitaldeasturias.com\/magazine365\/el-chef-gennaro-esposito-abre-it-ibiza-un-nuevo-restaurante-en-marina-botafoch\/#webpage","url":"https:\/\/eldigitaldeasturias.com\/magazine365\/el-chef-gennaro-esposito-abre-it-ibiza-un-nuevo-restaurante-en-marina-botafoch\/","name":"El chef Gennaro Esposito abre It Ibiza, un nuevo restaurante en Marina Botafoch | El Digital de Asturias","description":"El chef Gennaro Esposito abre It Ibiza, un nuevo restaurante que pretende convertirse en el punto de referencia de la alta restauraci\u00f3n, mezclando los sabores t\u00edpicos de la cocina mediterr\u00e1nea italiana con los caracter\u00edsticos elementos de estilo, moda y belleza del 'Italian Lifestyle'. El local est\u00e1 situado en Marina Botafoch. Esposito est\u00e1 reconocido internacionalmente como","inLanguage":"es-ES","isPartOf":{"@id":"https:\/\/eldigitaldeasturias.com\/magazine365\/#website"},"breadcrumb":{"@id":"https:\/\/eldigitaldeasturias.com\/magazine365\/el-chef-gennaro-esposito-abre-it-ibiza-un-nuevo-restaurante-en-marina-botafoch\/#breadcrumblist"},"author":{"@id":"https:\/\/eldigitaldeasturias.com\/magazine365\/author\/admin\/#author"},"creator":{"@id":"https:\/\/eldigitaldeasturias.com\/magazine365\/author\/admin\/#author"},"datePublished":"2015-06-23T08:02:31+02:00","dateModified":"2015-06-23T08:02:31+02:00"},{"@type":"WebSite","@id":"https:\/\/eldigitaldeasturias.com\/magazine365\/#website","url":"https:\/\/eldigitaldeasturias.com\/magazine365\/","name":"El Digital de Asturias","description":"Revista de ocio, turismo y estilo de vida","inLanguage":"es-ES","publisher":{"@id":"https:\/\/eldigitaldeasturias.com\/magazine365\/#organization"}}]},"og:locale":"es_ES","og:site_name":"El Digital de Asturias \u2013 Revista de ocio, turismo y estilo de vida","og:type":"article","og:title":"El chef Gennaro Esposito abre It Ibiza, un nuevo restaurante en Marina Botafoch | El Digital de Asturias","og:description":"El chef Gennaro Esposito abre It Ibiza, un nuevo restaurante que pretende convertirse en el punto de referencia de la alta restauraci\u00f3n, mezclando los sabores t\u00edpicos de la cocina mediterr\u00e1nea italiana con los caracter\u00edsticos elementos de estilo, moda y belleza del 'Italian Lifestyle'. El local est\u00e1 situado en Marina Botafoch. Esposito est\u00e1 reconocido internacionalmente como","og:url":"https:\/\/eldigitaldeasturias.com\/magazine365\/el-chef-gennaro-esposito-abre-it-ibiza-un-nuevo-restaurante-en-marina-botafoch\/","og:image":"https:\/\/www.eldigitaldeasturias.com\/noticias\/wp-content\/uploads\/2020\/12\/EDA.jpg","og:image:secure_url":"https:\/\/www.eldigitaldeasturias.com\/noticias\/wp-content\/uploads\/2020\/12\/EDA.jpg","article:published_time":"2015-06-23T06:32:31+00:00","article:modified_time":"2015-06-23T06:32:31+00:00","twitter:card":"summary_large_image","twitter:title":"El chef Gennaro Esposito abre It Ibiza, un nuevo restaurante en Marina Botafoch | El Digital de Asturias","twitter:description":"El chef Gennaro Esposito abre It Ibiza, un nuevo restaurante que pretende convertirse en el punto de referencia de la alta restauraci\u00f3n, mezclando los sabores t\u00edpicos de la cocina mediterr\u00e1nea italiana con los caracter\u00edsticos elementos de estilo, moda y belleza del 'Italian Lifestyle'. El local est\u00e1 situado en Marina Botafoch. Esposito est\u00e1 reconocido internacionalmente como","twitter:image":"https:\/\/www.eldigitaldeasturias.com\/noticias\/wp-content\/uploads\/2020\/12\/EDA.jpg"},"aioseo_meta_data":{"post_id":"40550","title":null,"description":null,"keywords":null,"keyphrases":null,"primary_term":null,"canonical_url":null,"og_title":null,"og_description":null,"og_object_type":"default","og_image_type":"default","og_image_url":null,"og_image_width":null,"og_image_height":null,"og_image_custom_url":null,"og_image_custom_fields":null,"og_video":null,"og_custom_url":null,"og_article_section":null,"og_article_tags":null,"twitter_use_og":false,"twitter_card":"default","twitter_image_type":"default","twitter_image_url":null,"twitter_image_custom_url":null,"twitter_image_custom_fields":null,"twitter_title":null,"twitter_description":null,"schema":{"blockGraphs":[],"customGraphs":[],"default":{"data":{"Article":[],"Course":[],"Dataset":[],"FAQPage":[],"Movie":[],"Person":[],"Product":[],"ProductReview":[],"Car":[],"Recipe":[],"Service":[],"SoftwareApplication":[],"WebPage":[]},"graphName":"","isEnabled":true},"graphs":[]},"schema_type":null,"schema_type_options":null,"pillar_content":false,"robots_default":true,"robots_noindex":false,"robots_noarchive":false,"robots_nosnippet":false,"robots_nofollow":false,"robots_noimageindex":false,"robots_noodp":false,"robots_notranslate":false,"robots_max_snippet":null,"robots_max_videopreview":null,"robots_max_imagepreview":"large","priority":null,"frequency":null,"location":null,"local_seo":null,"seo_analyzer_scan_date":"2025-09-19 13:47:06","breadcrumb_settings":null,"limit_modified_date":false,"open_ai":null,"ai":null,"created":"2021-03-09 02:26:42","updated":"2025-09-19 13:47:06"},"aioseo_breadcrumb":"<div class=\"aioseo-breadcrumbs\"><span class=\"aioseo-breadcrumb\">\n\t<a href=\"https:\/\/eldigitaldeasturias.com\/magazine365\" title=\"Home\">Home<\/a>\n<\/span><span class=\"aioseo-breadcrumb-separator\">\u2013<\/span><span class=\"aioseo-breadcrumb\">\n\t<a href=\"https:\/\/eldigitaldeasturias.com\/magazine365\/category\/noticias-actualidad\/\" title=\"Noticias y Actualidad\">Noticias y Actualidad<\/a>\n<\/span><span class=\"aioseo-breadcrumb-separator\">\u2013<\/span><span class=\"aioseo-breadcrumb\">\n\t<a href=\"https:\/\/eldigitaldeasturias.com\/magazine365\/el-chef-gennaro-esposito-abre-it-ibiza-un-nuevo-restaurante-en-marina-botafoch\/\" title=\"El chef Gennaro Esposito abre It Ibiza, un nuevo restaurante en Marina Botafoch\">El chef Gennaro Esposito abre It Ibiza, un nuevo restaurante en Marina Botafoch<\/a>\n<\/span><\/div>","aioseo_breadcrumb_json":[{"label":"Home","link":"https:\/\/eldigitaldeasturias.com\/magazine365"},{"label":"Noticias y Actualidad","link":"https:\/\/eldigitaldeasturias.com\/magazine365\/category\/noticias-actualidad\/"},{"label":"El chef Gennaro Esposito abre It Ibiza, un nuevo restaurante en Marina Botafoch","link":"https:\/\/eldigitaldeasturias.com\/magazine365\/el-chef-gennaro-esposito-abre-it-ibiza-un-nuevo-restaurante-en-marina-botafoch\/"}],"_links":{"self":[{"href":"https:\/\/eldigitaldeasturias.com\/magazine365\/wp-json\/wp\/v2\/posts\/40550","targetHints":{"allow":["GET"]}}],"collection":[{"href":"https:\/\/eldigitaldeasturias.com\/magazine365\/wp-json\/wp\/v2\/posts"}],"about":[{"href":"https:\/\/eldigitaldeasturias.com\/magazine365\/wp-json\/wp\/v2\/types\/post"}],"author":[{"embeddable":true,"href":"https:\/\/eldigitaldeasturias.com\/magazine365\/wp-json\/wp\/v2\/users\/1"}],"replies":[{"embeddable":true,"href":"https:\/\/eldigitaldeasturias.com\/magazine365\/wp-json\/wp\/v2\/comments?post=40550"}],"version-history":[{"count":0,"href":"https:\/\/eldigitaldeasturias.com\/magazine365\/wp-json\/wp\/v2\/posts\/40550\/revisions"}],"wp:attachment":[{"href":"https:\/\/eldigitaldeasturias.com\/magazine365\/wp-json\/wp\/v2\/media?parent=40550"}],"wp:term":[{"taxonomy":"category","embeddable":true,"href":"https:\/\/eldigitaldeasturias.com\/magazine365\/wp-json\/wp\/v2\/categories?post=40550"},{"taxonomy":"post_tag","embeddable":true,"href":"https:\/\/eldigitaldeasturias.com\/magazine365\/wp-json\/wp\/v2\/tags?post=40550"}],"curies":[{"name":"wp","href":"https:\/\/api.w.org\/{rel}","templated":true}]}}