{"id":40527,"date":"2015-06-22T15:47:24","date_gmt":"2015-06-22T14:17:24","guid":{"rendered":"http:\/\/eldigitaldeasturias.com\/magazine365\/?p=40527"},"modified":"2015-06-22T15:47:24","modified_gmt":"2015-06-22T14:17:24","slug":"la-asociacion-hoteles-valladolid-organiza-un-curso-de-formacion-sobre-gestion-de-alergenos","status":"publish","type":"post","link":"https:\/\/eldigitaldeasturias.com\/magazine365\/la-asociacion-hoteles-valladolid-organiza-un-curso-de-formacion-sobre-gestion-de-alergenos\/","title":{"rendered":"La Asociaci\u00f3n Hoteles Valladolid organiza un curso de formaci\u00f3n sobre gesti\u00f3n de al\u00e9rgenos"},"content":{"rendered":"<p><img fetchpriority=\"high\" decoding=\"async\" class=\"alignleft size-medium wp-image-39126\" src=\"https:\/\/eldigitaldeasturias.com\/magazine365\/wp-content\/uploads\/2015\/06\/hotel-360x241.jpg\" alt=\"hotel\" width=\"360\" height=\"241\" srcset=\"https:\/\/eldigitaldeasturias.com\/magazine365\/wp-content\/uploads\/2015\/06\/hotel-360x241.jpg 360w, https:\/\/eldigitaldeasturias.com\/magazine365\/wp-content\/uploads\/2015\/06\/hotel-650x436.jpg 650w, https:\/\/eldigitaldeasturias.com\/magazine365\/wp-content\/uploads\/2015\/06\/hotel-768x515.jpg 768w, https:\/\/eldigitaldeasturias.com\/magazine365\/wp-content\/uploads\/2015\/06\/hotel-150x101.jpg 150w, https:\/\/eldigitaldeasturias.com\/magazine365\/wp-content\/uploads\/2015\/06\/hotel-450x302.jpg 450w, https:\/\/eldigitaldeasturias.com\/magazine365\/wp-content\/uploads\/2015\/06\/hotel-696x466.jpg 696w, https:\/\/eldigitaldeasturias.com\/magazine365\/wp-content\/uploads\/2015\/06\/hotel-627x420.jpg 627w, https:\/\/eldigitaldeasturias.com\/magazine365\/wp-content\/uploads\/2015\/06\/hotel-84x55.jpg 84w, https:\/\/eldigitaldeasturias.com\/magazine365\/wp-content\/uploads\/2015\/06\/hotel.jpg 800w\" sizes=\"(max-width: 360px) 100vw, 360px\" \/>La Asociaci\u00f3n de Hoteles de Valladolid ha organizado para este lunes, en las instalaciones de la Escuela Internacional de Cocina Fernando P\u00e9rez, un curso de formaci\u00f3n con el objetivo de incrementar la calidad dentro del sector.<\/p>\n<p>Bajo el t\u00edtulo &#8216;Gesti\u00f3n de Al\u00e9rgenos en Restauraci\u00f3n y Hosteler\u00eda&#8217;, la Asociaci\u00f3n pretende que los responsables en las diferentes \u00e1reas afectadas tomen conciencia de la importancia sobre la informaci\u00f3n que deben facilitar en materia de al\u00e9rgenos y que viene recogida en el Reglamento de la UE 1169\/2011.<\/p>\n<p>El curso, seg\u00fan informaron a Europa Press fuentes de la organizaci\u00f3n, recoger\u00e1 una parte te\u00f3rica y una parte en la que se personalizar\u00e1 dando soluciones a problemas concretos y espec\u00edficos del sector de alojamiento.<\/p>\n<p>Hoteles de Valladolid agrupa 39 establecimientos de la capital y provincia que suman casi 5.000 plazas de alojamiento. Desde el 1 de Junio cuenta entre sus asociados con el Hotel Felipe IV, cuya capacidad viene a incrementar la oferta hotelera representada por esta Asociaci\u00f3n, \u00abcuyo objetivo es reforzar la imagen para presentar la candidatura del Destino tur\u00edstico Valladolid para la captaci\u00f3n de nuevos eventos\u00bb.<\/p>\n","protected":false},"excerpt":{"rendered":"<p>La Asociaci\u00f3n de Hoteles de Valladolid ha organizado para este lunes, en las instalaciones de la Escuela Internacional de Cocina Fernando P\u00e9rez, un curso de formaci\u00f3n con el objetivo de incrementar la calidad dentro del sector. Bajo el t\u00edtulo &#8216;Gesti\u00f3n de Al\u00e9rgenos en Restauraci\u00f3n y Hosteler\u00eda&#8217;, la Asociaci\u00f3n pretende que los responsables en las diferentes<\/p>\n","protected":false},"author":1,"featured_media":40490,"comment_status":"open","ping_status":"closed","sticky":false,"template":"","format":"standard","meta":{"footnotes":""},"categories":[222],"tags":[],"class_list":{"0":"post-40527","1":"post","2":"type-post","3":"status-publish","4":"format-standard","5":"has-post-thumbnail","7":"category-actualidad-turismo"},"aioseo_notices":[],"aioseo_head":"\n\t\t<!-- All in One SEO Pro 4.9.6.1 - aioseo.com -->\n\t<meta name=\"description\" content=\"La Asociaci\u00f3n de Hoteles de Valladolid ha organizado para este lunes, en las instalaciones de la Escuela Internacional de Cocina Fernando P\u00e9rez, un curso de formaci\u00f3n con el objetivo de incrementar la calidad dentro del sector. Bajo el t\u00edtulo &#039;Gesti\u00f3n de Al\u00e9rgenos en Restauraci\u00f3n y Hosteler\u00eda&#039;, la Asociaci\u00f3n pretende que los responsables en las diferentes\" \/>\n\t<meta name=\"robots\" content=\"max-image-preview:large\" \/>\n\t<meta name=\"author\" content=\"admin\"\/>\n\t<meta name=\"google-site-verification\" content=\"UA-38556648-1\" \/>\n\t<meta name=\"keywords\" content=\"actualidad turismo\" \/>\n\t<link rel=\"canonical\" href=\"https:\/\/eldigitaldeasturias.com\/magazine365\/la-asociacion-hoteles-valladolid-organiza-un-curso-de-formacion-sobre-gestion-de-alergenos\/\" \/>\n\t<meta name=\"generator\" content=\"All in One SEO Pro (AIOSEO) 4.9.6.1\" \/>\n\t\t<meta property=\"og:locale\" content=\"es_ES\" \/>\n\t\t<meta property=\"og:site_name\" content=\"El Digital de Asturias \u2013 Revista de ocio, turismo y estilo de vida\" \/>\n\t\t<meta property=\"og:type\" content=\"article\" \/>\n\t\t<meta property=\"og:title\" content=\"La Asociaci\u00f3n Hoteles Valladolid organiza un curso de formaci\u00f3n sobre gesti\u00f3n de al\u00e9rgenos | El Digital de Asturias\" \/>\n\t\t<meta property=\"og:description\" content=\"La Asociaci\u00f3n de Hoteles de Valladolid ha organizado para este lunes, en las instalaciones de la Escuela Internacional de Cocina Fernando P\u00e9rez, un curso de formaci\u00f3n con el objetivo de incrementar la calidad dentro del sector. Bajo el t\u00edtulo &#039;Gesti\u00f3n de Al\u00e9rgenos en Restauraci\u00f3n y Hosteler\u00eda&#039;, la Asociaci\u00f3n pretende que los responsables en las diferentes\" \/>\n\t\t<meta property=\"og:url\" content=\"https:\/\/eldigitaldeasturias.com\/magazine365\/la-asociacion-hoteles-valladolid-organiza-un-curso-de-formacion-sobre-gestion-de-alergenos\/\" \/>\n\t\t<meta property=\"og:image\" content=\"https:\/\/eldigitaldeasturias.com\/magazine365\/wp-content\/uploads\/2015\/06\/fotonoticia_20150619232424_800.jpg\" \/>\n\t\t<meta property=\"og:image:secure_url\" content=\"https:\/\/eldigitaldeasturias.com\/magazine365\/wp-content\/uploads\/2015\/06\/fotonoticia_20150619232424_800.jpg\" \/>\n\t\t<meta property=\"og:image:width\" content=\"800\" \/>\n\t\t<meta property=\"og:image:height\" content=\"800\" \/>\n\t\t<meta property=\"article:published_time\" content=\"2015-06-22T14:17:24+00:00\" \/>\n\t\t<meta property=\"article:modified_time\" content=\"2015-06-22T14:17:24+00:00\" \/>\n\t\t<meta name=\"twitter:card\" content=\"summary_large_image\" \/>\n\t\t<meta name=\"twitter:title\" content=\"La Asociaci\u00f3n Hoteles Valladolid organiza un curso de formaci\u00f3n sobre gesti\u00f3n de al\u00e9rgenos | El Digital de Asturias\" \/>\n\t\t<meta name=\"twitter:description\" content=\"La Asociaci\u00f3n de Hoteles de Valladolid ha organizado para este lunes, en las instalaciones de la Escuela Internacional de Cocina Fernando P\u00e9rez, un curso de formaci\u00f3n con el objetivo de incrementar la calidad dentro del sector. Bajo el t\u00edtulo &#039;Gesti\u00f3n de Al\u00e9rgenos en Restauraci\u00f3n y Hosteler\u00eda&#039;, la Asociaci\u00f3n pretende que los responsables en las diferentes\" \/>\n\t\t<meta name=\"twitter:image\" content=\"https:\/\/eldigitaldeasturias.com\/magazine365\/wp-content\/uploads\/2015\/06\/fotonoticia_20150619232424_800.jpg\" \/>\n\t\t<script type=\"application\/ld+json\" class=\"aioseo-schema\">\n\t\t\t{\"@context\":\"https:\\\/\\\/schema.org\",\"@graph\":[{\"@type\":\"Article\",\"@id\":\"https:\\\/\\\/eldigitaldeasturias.com\\\/magazine365\\\/la-asociacion-hoteles-valladolid-organiza-un-curso-de-formacion-sobre-gestion-de-alergenos\\\/#article\",\"name\":\"La Asociaci\\u00f3n Hoteles Valladolid organiza un curso de formaci\\u00f3n sobre gesti\\u00f3n de al\\u00e9rgenos | El Digital de Asturias\",\"headline\":\"La Asociaci\\u00f3n Hoteles Valladolid organiza un curso de formaci\\u00f3n sobre gesti\\u00f3n de al\\u00e9rgenos\",\"author\":{\"@id\":\"https:\\\/\\\/eldigitaldeasturias.com\\\/magazine365\\\/author\\\/admin\\\/#author\"},\"publisher\":{\"@id\":\"https:\\\/\\\/eldigitaldeasturias.com\\\/magazine365\\\/#organization\"},\"image\":{\"@type\":\"ImageObject\",\"url\":\"https:\\\/\\\/eldigitaldeasturias.com\\\/magazine365\\\/wp-content\\\/uploads\\\/2015\\\/06\\\/fotonoticia_20150619232424_800.jpg\",\"width\":800,\"height\":800},\"datePublished\":\"2015-06-22T15:47:24+02:00\",\"dateModified\":\"2015-06-22T15:47:24+02:00\",\"inLanguage\":\"es-ES\",\"mainEntityOfPage\":{\"@id\":\"https:\\\/\\\/eldigitaldeasturias.com\\\/magazine365\\\/la-asociacion-hoteles-valladolid-organiza-un-curso-de-formacion-sobre-gestion-de-alergenos\\\/#webpage\"},\"isPartOf\":{\"@id\":\"https:\\\/\\\/eldigitaldeasturias.com\\\/magazine365\\\/la-asociacion-hoteles-valladolid-organiza-un-curso-de-formacion-sobre-gestion-de-alergenos\\\/#webpage\"},\"articleSection\":\"Actualidad Turismo\"},{\"@type\":\"BreadcrumbList\",\"@id\":\"https:\\\/\\\/eldigitaldeasturias.com\\\/magazine365\\\/la-asociacion-hoteles-valladolid-organiza-un-curso-de-formacion-sobre-gestion-de-alergenos\\\/#breadcrumblist\",\"itemListElement\":[{\"@type\":\"ListItem\",\"@id\":\"https:\\\/\\\/eldigitaldeasturias.com\\\/magazine365#listItem\",\"position\":1,\"name\":\"Home\",\"item\":\"https:\\\/\\\/eldigitaldeasturias.com\\\/magazine365\",\"nextItem\":{\"@type\":\"ListItem\",\"@id\":\"https:\\\/\\\/eldigitaldeasturias.com\\\/magazine365\\\/category\\\/actualidad-turismo\\\/#listItem\",\"name\":\"Actualidad Turismo\"}},{\"@type\":\"ListItem\",\"@id\":\"https:\\\/\\\/eldigitaldeasturias.com\\\/magazine365\\\/category\\\/actualidad-turismo\\\/#listItem\",\"position\":2,\"name\":\"Actualidad Turismo\",\"item\":\"https:\\\/\\\/eldigitaldeasturias.com\\\/magazine365\\\/category\\\/actualidad-turismo\\\/\",\"nextItem\":{\"@type\":\"ListItem\",\"@id\":\"https:\\\/\\\/eldigitaldeasturias.com\\\/magazine365\\\/la-asociacion-hoteles-valladolid-organiza-un-curso-de-formacion-sobre-gestion-de-alergenos\\\/#listItem\",\"name\":\"La Asociaci\\u00f3n Hoteles Valladolid organiza un curso de formaci\\u00f3n sobre gesti\\u00f3n de al\\u00e9rgenos\"},\"previousItem\":{\"@type\":\"ListItem\",\"@id\":\"https:\\\/\\\/eldigitaldeasturias.com\\\/magazine365#listItem\",\"name\":\"Home\"}},{\"@type\":\"ListItem\",\"@id\":\"https:\\\/\\\/eldigitaldeasturias.com\\\/magazine365\\\/la-asociacion-hoteles-valladolid-organiza-un-curso-de-formacion-sobre-gestion-de-alergenos\\\/#listItem\",\"position\":3,\"name\":\"La Asociaci\\u00f3n Hoteles Valladolid organiza un curso de formaci\\u00f3n sobre gesti\\u00f3n de al\\u00e9rgenos\",\"previousItem\":{\"@type\":\"ListItem\",\"@id\":\"https:\\\/\\\/eldigitaldeasturias.com\\\/magazine365\\\/category\\\/actualidad-turismo\\\/#listItem\",\"name\":\"Actualidad Turismo\"}}]},{\"@type\":\"Organization\",\"@id\":\"https:\\\/\\\/eldigitaldeasturias.com\\\/magazine365\\\/#organization\",\"name\":\"El digital de Asturias\",\"description\":\"Revista de ocio, turismo y estilo de vida\",\"url\":\"https:\\\/\\\/eldigitaldeasturias.com\\\/magazine365\\\/\",\"logo\":{\"@type\":\"ImageObject\",\"url\":\"https:\\\/\\\/www.eldigitaldeasturias.com\\\/noticias\\\/wp-content\\\/uploads\\\/2020\\\/12\\\/EDA.jpg\",\"@id\":\"https:\\\/\\\/eldigitaldeasturias.com\\\/magazine365\\\/la-asociacion-hoteles-valladolid-organiza-un-curso-de-formacion-sobre-gestion-de-alergenos\\\/#organizationLogo\"},\"image\":{\"@id\":\"https:\\\/\\\/eldigitaldeasturias.com\\\/magazine365\\\/la-asociacion-hoteles-valladolid-organiza-un-curso-de-formacion-sobre-gestion-de-alergenos\\\/#organizationLogo\"}},{\"@type\":\"Person\",\"@id\":\"https:\\\/\\\/eldigitaldeasturias.com\\\/magazine365\\\/author\\\/admin\\\/#author\",\"url\":\"https:\\\/\\\/eldigitaldeasturias.com\\\/magazine365\\\/author\\\/admin\\\/\",\"name\":\"admin\",\"image\":{\"@type\":\"ImageObject\",\"@id\":\"https:\\\/\\\/eldigitaldeasturias.com\\\/magazine365\\\/la-asociacion-hoteles-valladolid-organiza-un-curso-de-formacion-sobre-gestion-de-alergenos\\\/#authorImage\",\"url\":\"https:\\\/\\\/eldigitaldeasturias.com\\\/magazine365\\\/wp-content\\\/litespeed\\\/avatar\\\/e571bcf59a0edd6fa6838245a470f2fe.jpg?ver=1777574230\",\"width\":96,\"height\":96,\"caption\":\"admin\"}},{\"@type\":\"WebPage\",\"@id\":\"https:\\\/\\\/eldigitaldeasturias.com\\\/magazine365\\\/la-asociacion-hoteles-valladolid-organiza-un-curso-de-formacion-sobre-gestion-de-alergenos\\\/#webpage\",\"url\":\"https:\\\/\\\/eldigitaldeasturias.com\\\/magazine365\\\/la-asociacion-hoteles-valladolid-organiza-un-curso-de-formacion-sobre-gestion-de-alergenos\\\/\",\"name\":\"La Asociaci\\u00f3n Hoteles Valladolid organiza un curso de formaci\\u00f3n sobre gesti\\u00f3n de al\\u00e9rgenos | El Digital de Asturias\",\"description\":\"La Asociaci\\u00f3n de Hoteles de Valladolid ha organizado para este lunes, en las instalaciones de la Escuela Internacional de Cocina Fernando P\\u00e9rez, un curso de formaci\\u00f3n con el objetivo de incrementar la calidad dentro del sector. Bajo el t\\u00edtulo 'Gesti\\u00f3n de Al\\u00e9rgenos en Restauraci\\u00f3n y Hosteler\\u00eda', la Asociaci\\u00f3n pretende que los responsables en las diferentes\",\"inLanguage\":\"es-ES\",\"isPartOf\":{\"@id\":\"https:\\\/\\\/eldigitaldeasturias.com\\\/magazine365\\\/#website\"},\"breadcrumb\":{\"@id\":\"https:\\\/\\\/eldigitaldeasturias.com\\\/magazine365\\\/la-asociacion-hoteles-valladolid-organiza-un-curso-de-formacion-sobre-gestion-de-alergenos\\\/#breadcrumblist\"},\"author\":{\"@id\":\"https:\\\/\\\/eldigitaldeasturias.com\\\/magazine365\\\/author\\\/admin\\\/#author\"},\"creator\":{\"@id\":\"https:\\\/\\\/eldigitaldeasturias.com\\\/magazine365\\\/author\\\/admin\\\/#author\"},\"image\":{\"@type\":\"ImageObject\",\"url\":\"https:\\\/\\\/eldigitaldeasturias.com\\\/magazine365\\\/wp-content\\\/uploads\\\/2015\\\/06\\\/fotonoticia_20150619232424_800.jpg\",\"@id\":\"https:\\\/\\\/eldigitaldeasturias.com\\\/magazine365\\\/la-asociacion-hoteles-valladolid-organiza-un-curso-de-formacion-sobre-gestion-de-alergenos\\\/#mainImage\",\"width\":800,\"height\":800},\"primaryImageOfPage\":{\"@id\":\"https:\\\/\\\/eldigitaldeasturias.com\\\/magazine365\\\/la-asociacion-hoteles-valladolid-organiza-un-curso-de-formacion-sobre-gestion-de-alergenos\\\/#mainImage\"},\"datePublished\":\"2015-06-22T15:47:24+02:00\",\"dateModified\":\"2015-06-22T15:47:24+02:00\"},{\"@type\":\"WebSite\",\"@id\":\"https:\\\/\\\/eldigitaldeasturias.com\\\/magazine365\\\/#website\",\"url\":\"https:\\\/\\\/eldigitaldeasturias.com\\\/magazine365\\\/\",\"name\":\"El Digital de Asturias\",\"description\":\"Revista de ocio, turismo y estilo de vida\",\"inLanguage\":\"es-ES\",\"publisher\":{\"@id\":\"https:\\\/\\\/eldigitaldeasturias.com\\\/magazine365\\\/#organization\"}}]}\n\t\t<\/script>\n\t\t<!-- All in One SEO Pro -->\r\n\t\t<title>La Asociaci\u00f3n Hoteles Valladolid organiza un curso de formaci\u00f3n sobre gesti\u00f3n de al\u00e9rgenos | El Digital de Asturias<\/title>\n\n","aioseo_head_json":{"title":"La Asociaci\u00f3n Hoteles Valladolid organiza un curso de formaci\u00f3n sobre gesti\u00f3n de al\u00e9rgenos | El Digital de Asturias","description":"La Asociaci\u00f3n de Hoteles de Valladolid ha organizado para este lunes, en las instalaciones de la Escuela Internacional de Cocina Fernando P\u00e9rez, un curso de formaci\u00f3n con el objetivo de incrementar la calidad dentro del sector. Bajo el t\u00edtulo 'Gesti\u00f3n de Al\u00e9rgenos en Restauraci\u00f3n y Hosteler\u00eda', la Asociaci\u00f3n pretende que los responsables en las diferentes","canonical_url":"https:\/\/eldigitaldeasturias.com\/magazine365\/la-asociacion-hoteles-valladolid-organiza-un-curso-de-formacion-sobre-gestion-de-alergenos\/","robots":"max-image-preview:large","keywords":"actualidad turismo","webmasterTools":{"google-site-verification":"UA-38556648-1","miscellaneous":""},"schema":{"@context":"https:\/\/schema.org","@graph":[{"@type":"Article","@id":"https:\/\/eldigitaldeasturias.com\/magazine365\/la-asociacion-hoteles-valladolid-organiza-un-curso-de-formacion-sobre-gestion-de-alergenos\/#article","name":"La Asociaci\u00f3n Hoteles Valladolid organiza un curso de formaci\u00f3n sobre gesti\u00f3n de al\u00e9rgenos | El Digital de Asturias","headline":"La Asociaci\u00f3n Hoteles Valladolid organiza un curso de formaci\u00f3n sobre gesti\u00f3n de al\u00e9rgenos","author":{"@id":"https:\/\/eldigitaldeasturias.com\/magazine365\/author\/admin\/#author"},"publisher":{"@id":"https:\/\/eldigitaldeasturias.com\/magazine365\/#organization"},"image":{"@type":"ImageObject","url":"https:\/\/eldigitaldeasturias.com\/magazine365\/wp-content\/uploads\/2015\/06\/fotonoticia_20150619232424_800.jpg","width":800,"height":800},"datePublished":"2015-06-22T15:47:24+02:00","dateModified":"2015-06-22T15:47:24+02:00","inLanguage":"es-ES","mainEntityOfPage":{"@id":"https:\/\/eldigitaldeasturias.com\/magazine365\/la-asociacion-hoteles-valladolid-organiza-un-curso-de-formacion-sobre-gestion-de-alergenos\/#webpage"},"isPartOf":{"@id":"https:\/\/eldigitaldeasturias.com\/magazine365\/la-asociacion-hoteles-valladolid-organiza-un-curso-de-formacion-sobre-gestion-de-alergenos\/#webpage"},"articleSection":"Actualidad Turismo"},{"@type":"BreadcrumbList","@id":"https:\/\/eldigitaldeasturias.com\/magazine365\/la-asociacion-hoteles-valladolid-organiza-un-curso-de-formacion-sobre-gestion-de-alergenos\/#breadcrumblist","itemListElement":[{"@type":"ListItem","@id":"https:\/\/eldigitaldeasturias.com\/magazine365#listItem","position":1,"name":"Home","item":"https:\/\/eldigitaldeasturias.com\/magazine365","nextItem":{"@type":"ListItem","@id":"https:\/\/eldigitaldeasturias.com\/magazine365\/category\/actualidad-turismo\/#listItem","name":"Actualidad Turismo"}},{"@type":"ListItem","@id":"https:\/\/eldigitaldeasturias.com\/magazine365\/category\/actualidad-turismo\/#listItem","position":2,"name":"Actualidad Turismo","item":"https:\/\/eldigitaldeasturias.com\/magazine365\/category\/actualidad-turismo\/","nextItem":{"@type":"ListItem","@id":"https:\/\/eldigitaldeasturias.com\/magazine365\/la-asociacion-hoteles-valladolid-organiza-un-curso-de-formacion-sobre-gestion-de-alergenos\/#listItem","name":"La Asociaci\u00f3n Hoteles Valladolid organiza un curso de formaci\u00f3n sobre gesti\u00f3n de al\u00e9rgenos"},"previousItem":{"@type":"ListItem","@id":"https:\/\/eldigitaldeasturias.com\/magazine365#listItem","name":"Home"}},{"@type":"ListItem","@id":"https:\/\/eldigitaldeasturias.com\/magazine365\/la-asociacion-hoteles-valladolid-organiza-un-curso-de-formacion-sobre-gestion-de-alergenos\/#listItem","position":3,"name":"La Asociaci\u00f3n Hoteles Valladolid organiza un curso de formaci\u00f3n sobre gesti\u00f3n de al\u00e9rgenos","previousItem":{"@type":"ListItem","@id":"https:\/\/eldigitaldeasturias.com\/magazine365\/category\/actualidad-turismo\/#listItem","name":"Actualidad Turismo"}}]},{"@type":"Organization","@id":"https:\/\/eldigitaldeasturias.com\/magazine365\/#organization","name":"El digital de Asturias","description":"Revista de ocio, turismo y estilo de vida","url":"https:\/\/eldigitaldeasturias.com\/magazine365\/","logo":{"@type":"ImageObject","url":"https:\/\/www.eldigitaldeasturias.com\/noticias\/wp-content\/uploads\/2020\/12\/EDA.jpg","@id":"https:\/\/eldigitaldeasturias.com\/magazine365\/la-asociacion-hoteles-valladolid-organiza-un-curso-de-formacion-sobre-gestion-de-alergenos\/#organizationLogo"},"image":{"@id":"https:\/\/eldigitaldeasturias.com\/magazine365\/la-asociacion-hoteles-valladolid-organiza-un-curso-de-formacion-sobre-gestion-de-alergenos\/#organizationLogo"}},{"@type":"Person","@id":"https:\/\/eldigitaldeasturias.com\/magazine365\/author\/admin\/#author","url":"https:\/\/eldigitaldeasturias.com\/magazine365\/author\/admin\/","name":"admin","image":{"@type":"ImageObject","@id":"https:\/\/eldigitaldeasturias.com\/magazine365\/la-asociacion-hoteles-valladolid-organiza-un-curso-de-formacion-sobre-gestion-de-alergenos\/#authorImage","url":"https:\/\/eldigitaldeasturias.com\/magazine365\/wp-content\/litespeed\/avatar\/e571bcf59a0edd6fa6838245a470f2fe.jpg?ver=1777574230","width":96,"height":96,"caption":"admin"}},{"@type":"WebPage","@id":"https:\/\/eldigitaldeasturias.com\/magazine365\/la-asociacion-hoteles-valladolid-organiza-un-curso-de-formacion-sobre-gestion-de-alergenos\/#webpage","url":"https:\/\/eldigitaldeasturias.com\/magazine365\/la-asociacion-hoteles-valladolid-organiza-un-curso-de-formacion-sobre-gestion-de-alergenos\/","name":"La Asociaci\u00f3n Hoteles Valladolid organiza un curso de formaci\u00f3n sobre gesti\u00f3n de al\u00e9rgenos | El Digital de Asturias","description":"La Asociaci\u00f3n de Hoteles de Valladolid ha organizado para este lunes, en las instalaciones de la Escuela Internacional de Cocina Fernando P\u00e9rez, un curso de formaci\u00f3n con el objetivo de incrementar la calidad dentro del sector. Bajo el t\u00edtulo 'Gesti\u00f3n de Al\u00e9rgenos en Restauraci\u00f3n y Hosteler\u00eda', la Asociaci\u00f3n pretende que los responsables en las diferentes","inLanguage":"es-ES","isPartOf":{"@id":"https:\/\/eldigitaldeasturias.com\/magazine365\/#website"},"breadcrumb":{"@id":"https:\/\/eldigitaldeasturias.com\/magazine365\/la-asociacion-hoteles-valladolid-organiza-un-curso-de-formacion-sobre-gestion-de-alergenos\/#breadcrumblist"},"author":{"@id":"https:\/\/eldigitaldeasturias.com\/magazine365\/author\/admin\/#author"},"creator":{"@id":"https:\/\/eldigitaldeasturias.com\/magazine365\/author\/admin\/#author"},"image":{"@type":"ImageObject","url":"https:\/\/eldigitaldeasturias.com\/magazine365\/wp-content\/uploads\/2015\/06\/fotonoticia_20150619232424_800.jpg","@id":"https:\/\/eldigitaldeasturias.com\/magazine365\/la-asociacion-hoteles-valladolid-organiza-un-curso-de-formacion-sobre-gestion-de-alergenos\/#mainImage","width":800,"height":800},"primaryImageOfPage":{"@id":"https:\/\/eldigitaldeasturias.com\/magazine365\/la-asociacion-hoteles-valladolid-organiza-un-curso-de-formacion-sobre-gestion-de-alergenos\/#mainImage"},"datePublished":"2015-06-22T15:47:24+02:00","dateModified":"2015-06-22T15:47:24+02:00"},{"@type":"WebSite","@id":"https:\/\/eldigitaldeasturias.com\/magazine365\/#website","url":"https:\/\/eldigitaldeasturias.com\/magazine365\/","name":"El Digital de Asturias","description":"Revista de ocio, turismo y estilo de vida","inLanguage":"es-ES","publisher":{"@id":"https:\/\/eldigitaldeasturias.com\/magazine365\/#organization"}}]},"og:locale":"es_ES","og:site_name":"El Digital de Asturias \u2013 Revista de ocio, turismo y estilo de vida","og:type":"article","og:title":"La Asociaci\u00f3n Hoteles Valladolid organiza un curso de formaci\u00f3n sobre gesti\u00f3n de al\u00e9rgenos | El Digital de Asturias","og:description":"La Asociaci\u00f3n de Hoteles de Valladolid ha organizado para este lunes, en las instalaciones de la Escuela Internacional de Cocina Fernando P\u00e9rez, un curso de formaci\u00f3n con el objetivo de incrementar la calidad dentro del sector. Bajo el t\u00edtulo 'Gesti\u00f3n de Al\u00e9rgenos en Restauraci\u00f3n y Hosteler\u00eda', la Asociaci\u00f3n pretende que los responsables en las diferentes","og:url":"https:\/\/eldigitaldeasturias.com\/magazine365\/la-asociacion-hoteles-valladolid-organiza-un-curso-de-formacion-sobre-gestion-de-alergenos\/","og:image":"https:\/\/eldigitaldeasturias.com\/magazine365\/wp-content\/uploads\/2015\/06\/fotonoticia_20150619232424_800.jpg","og:image:secure_url":"https:\/\/eldigitaldeasturias.com\/magazine365\/wp-content\/uploads\/2015\/06\/fotonoticia_20150619232424_800.jpg","og:image:width":800,"og:image:height":800,"article:published_time":"2015-06-22T14:17:24+00:00","article:modified_time":"2015-06-22T14:17:24+00:00","twitter:card":"summary_large_image","twitter:title":"La Asociaci\u00f3n Hoteles Valladolid organiza un curso de formaci\u00f3n sobre gesti\u00f3n de al\u00e9rgenos | El Digital de Asturias","twitter:description":"La Asociaci\u00f3n de Hoteles de Valladolid ha organizado para este lunes, en las instalaciones de la Escuela Internacional de Cocina Fernando P\u00e9rez, un curso de formaci\u00f3n con el objetivo de incrementar la calidad dentro del sector. Bajo el t\u00edtulo 'Gesti\u00f3n de Al\u00e9rgenos en Restauraci\u00f3n y Hosteler\u00eda', la Asociaci\u00f3n pretende que los responsables en las diferentes","twitter:image":"https:\/\/eldigitaldeasturias.com\/magazine365\/wp-content\/uploads\/2015\/06\/fotonoticia_20150619232424_800.jpg"},"aioseo_meta_data":{"post_id":"40527","title":null,"description":null,"keywords":null,"keyphrases":null,"primary_term":null,"canonical_url":null,"og_title":null,"og_description":null,"og_object_type":"default","og_image_type":"default","og_image_url":null,"og_image_width":null,"og_image_height":null,"og_image_custom_url":null,"og_image_custom_fields":null,"og_video":null,"og_custom_url":null,"og_article_section":null,"og_article_tags":null,"twitter_use_og":false,"twitter_card":"default","twitter_image_type":"default","twitter_image_url":null,"twitter_image_custom_url":null,"twitter_image_custom_fields":null,"twitter_title":null,"twitter_description":null,"schema":{"blockGraphs":[],"customGraphs":[],"default":{"data":{"Article":[],"Course":[],"Dataset":[],"FAQPage":[],"Movie":[],"Person":[],"Product":[],"ProductReview":[],"Car":[],"Recipe":[],"Service":[],"SoftwareApplication":[],"WebPage":[]},"graphName":"","isEnabled":true},"graphs":[],"defaultGraph":"","defaultPostTypeGraph":""},"schema_type":null,"schema_type_options":null,"pillar_content":false,"robots_default":true,"robots_noindex":false,"robots_noarchive":false,"robots_nosnippet":false,"robots_nofollow":false,"robots_noimageindex":false,"robots_noodp":false,"robots_notranslate":false,"robots_max_snippet":null,"robots_max_videopreview":null,"robots_max_imagepreview":"large","priority":null,"frequency":null,"location":null,"local_seo":null,"seo_analyzer_scan_date":"2025-09-19 13:44:54","breadcrumb_settings":null,"limit_modified_date":false,"open_ai":null,"ai":null,"created":"2021-03-09 02:27:55","updated":"2025-09-19 13:44:54"},"aioseo_breadcrumb":"<div class=\"aioseo-breadcrumbs\"><span class=\"aioseo-breadcrumb\">\n\t<a href=\"https:\/\/eldigitaldeasturias.com\/magazine365\" title=\"Home\">Home<\/a>\n<\/span><span class=\"aioseo-breadcrumb-separator\">\u2013<\/span><span class=\"aioseo-breadcrumb\">\n\t<a href=\"https:\/\/eldigitaldeasturias.com\/magazine365\/category\/actualidad-turismo\/\" title=\"Actualidad Turismo\">Actualidad Turismo<\/a>\n<\/span><span class=\"aioseo-breadcrumb-separator\">\u2013<\/span><span class=\"aioseo-breadcrumb\">\n\t<a href=\"https:\/\/eldigitaldeasturias.com\/magazine365\/la-asociacion-hoteles-valladolid-organiza-un-curso-de-formacion-sobre-gestion-de-alergenos\/\" title=\"La Asociaci\u00f3n Hoteles Valladolid organiza un curso de formaci\u00f3n sobre gesti\u00f3n de al\u00e9rgenos\">La Asociaci\u00f3n Hoteles Valladolid organiza un curso de formaci\u00f3n sobre gesti\u00f3n de al\u00e9rgenos<\/a>\n<\/span><\/div>","aioseo_breadcrumb_json":[{"label":"Home","link":"https:\/\/eldigitaldeasturias.com\/magazine365"},{"label":"Actualidad Turismo","link":"https:\/\/eldigitaldeasturias.com\/magazine365\/category\/actualidad-turismo\/"},{"label":"La Asociaci\u00f3n Hoteles Valladolid organiza un curso de formaci\u00f3n sobre gesti\u00f3n de al\u00e9rgenos","link":"https:\/\/eldigitaldeasturias.com\/magazine365\/la-asociacion-hoteles-valladolid-organiza-un-curso-de-formacion-sobre-gestion-de-alergenos\/"}],"_links":{"self":[{"href":"https:\/\/eldigitaldeasturias.com\/magazine365\/wp-json\/wp\/v2\/posts\/40527","targetHints":{"allow":["GET"]}}],"collection":[{"href":"https:\/\/eldigitaldeasturias.com\/magazine365\/wp-json\/wp\/v2\/posts"}],"about":[{"href":"https:\/\/eldigitaldeasturias.com\/magazine365\/wp-json\/wp\/v2\/types\/post"}],"author":[{"embeddable":true,"href":"https:\/\/eldigitaldeasturias.com\/magazine365\/wp-json\/wp\/v2\/users\/1"}],"replies":[{"embeddable":true,"href":"https:\/\/eldigitaldeasturias.com\/magazine365\/wp-json\/wp\/v2\/comments?post=40527"}],"version-history":[{"count":0,"href":"https:\/\/eldigitaldeasturias.com\/magazine365\/wp-json\/wp\/v2\/posts\/40527\/revisions"}],"wp:featuredmedia":[{"embeddable":true,"href":"https:\/\/eldigitaldeasturias.com\/magazine365\/wp-json\/wp\/v2\/media\/40490"}],"wp:attachment":[{"href":"https:\/\/eldigitaldeasturias.com\/magazine365\/wp-json\/wp\/v2\/media?parent=40527"}],"wp:term":[{"taxonomy":"category","embeddable":true,"href":"https:\/\/eldigitaldeasturias.com\/magazine365\/wp-json\/wp\/v2\/categories?post=40527"},{"taxonomy":"post_tag","embeddable":true,"href":"https:\/\/eldigitaldeasturias.com\/magazine365\/wp-json\/wp\/v2\/tags?post=40527"}],"curies":[{"name":"wp","href":"https:\/\/api.w.org\/{rel}","templated":true}]}}