{"id":40524,"date":"2015-06-22T15:44:27","date_gmt":"2015-06-22T14:14:27","guid":{"rendered":"http:\/\/eldigitaldeasturias.com\/magazine365\/?p=40524"},"modified":"2015-06-22T15:44:27","modified_gmt":"2015-06-22T14:14:27","slug":"amb-iniciara-el-operativo-especial-de-limpieza-de-las-playas-metropolitanas-de-barcelona","status":"publish","type":"post","link":"https:\/\/eldigitaldeasturias.com\/magazine365\/amb-iniciara-el-operativo-especial-de-limpieza-de-las-playas-metropolitanas-de-barcelona\/","title":{"rendered":"AMB iniciar\u00e1 el operativo especial de limpieza de las playas metropolitanas de Barcelona"},"content":{"rendered":"<p><img fetchpriority=\"high\" decoding=\"async\" class=\"alignleft size-medium wp-image-40525\" src=\"https:\/\/eldigitaldeasturias.com\/magazine365\/wp-content\/uploads\/2015\/06\/fotonoticia_20150622114923_800-360x270.jpg\" alt=\"fotonoticia_20150622114923_800\" width=\"360\" height=\"270\" srcset=\"https:\/\/eldigitaldeasturias.com\/magazine365\/wp-content\/uploads\/2015\/06\/fotonoticia_20150622114923_800-360x270.jpg 360w, https:\/\/eldigitaldeasturias.com\/magazine365\/wp-content\/uploads\/2015\/06\/fotonoticia_20150622114923_800-650x488.jpg 650w, https:\/\/eldigitaldeasturias.com\/magazine365\/wp-content\/uploads\/2015\/06\/fotonoticia_20150622114923_800-768x576.jpg 768w, https:\/\/eldigitaldeasturias.com\/magazine365\/wp-content\/uploads\/2015\/06\/fotonoticia_20150622114923_800-150x113.jpg 150w, https:\/\/eldigitaldeasturias.com\/magazine365\/wp-content\/uploads\/2015\/06\/fotonoticia_20150622114923_800-450x338.jpg 450w, https:\/\/eldigitaldeasturias.com\/magazine365\/wp-content\/uploads\/2015\/06\/fotonoticia_20150622114923_800-80x60.jpg 80w, https:\/\/eldigitaldeasturias.com\/magazine365\/wp-content\/uploads\/2015\/06\/fotonoticia_20150622114923_800-265x198.jpg 265w, https:\/\/eldigitaldeasturias.com\/magazine365\/wp-content\/uploads\/2015\/06\/fotonoticia_20150622114923_800-696x522.jpg 696w, https:\/\/eldigitaldeasturias.com\/magazine365\/wp-content\/uploads\/2015\/06\/fotonoticia_20150622114923_800-560x420.jpg 560w, https:\/\/eldigitaldeasturias.com\/magazine365\/wp-content\/uploads\/2015\/06\/fotonoticia_20150622114923_800-90x67.jpg 90w, https:\/\/eldigitaldeasturias.com\/magazine365\/wp-content\/uploads\/2015\/06\/fotonoticia_20150622114923_800-100x75.jpg 100w, https:\/\/eldigitaldeasturias.com\/magazine365\/wp-content\/uploads\/2015\/06\/fotonoticia_20150622114923_800.jpg 800w\" sizes=\"(max-width: 360px) 100vw, 360px\" \/>El \u00c1rea Metropolitana de Barcelona (AMB) iniciar\u00e1 el operativo especial de limpieza de las playas metropolitanas de la noche de Sant Joan a las 6.00 horas de este mi\u00e9rcoles con el objetivo de que a las 10.00 horas los ba\u00f1istas puedan hacer uso de las playas, ha informado la AMB este lunes en un comunicado.<\/p>\n<p>La polic\u00eda empezar\u00e1 a desalojar a las 6.00 horas a los usuarios para dar paso al dispositivo, que contar\u00e1 con 123 operarios de limpieza (el triple de los efectivos en una jornada diaria normal); 9 m\u00e1quinas cribadoras de arena (4 m\u00e1s de las habituales); 7 camiones para la recogida de residuos (5 m\u00e1s); y 11 contenedores de residuos (6 m\u00e1s).<\/p>\n<p>El objetivo de AMB es que los ba\u00f1istas puedan hacer uso de las playas a partir de las 10.00 horas, y a lo largo del d\u00eda continuar\u00e1n trabajando recogiendo el resto de residuos y efectuando trabajos de repaso &#8211;las playas que tendr\u00e1n este despliegue son Castelldefels, Gav\u00e0, Viladecans, El Prat de Llobregat, Sant Adri\u00e0 de Bes\u00f2s, Badalona y Montgat&#8211;.<\/p>\n<p>El a\u00f1o pasado se recogieron 32 toneladas de residuos en las playas metropolitanas, en las que Castelldefels (con 9 toneladas) y Badalona (con 7) fueron los municipios donde m\u00e1s residuos se generaron.<\/p>\n<p>Bajo el lema &#8216;Foc al cor&#8217;, AMB ha lanzado una campa\u00f1a en la que ha incidido en la prohibici\u00f3n de hacer hogueras en las playas (excepto las autorizadas, como en Montgat), porque \u00abdescontroladas, pueden ser peligrosas para los usuarios, y pueden ocasionar quemadas\u00bb.<\/p>\n","protected":false},"excerpt":{"rendered":"<p>El \u00c1rea Metropolitana de Barcelona (AMB) iniciar\u00e1 el operativo especial de limpieza de las playas metropolitanas de la noche de Sant Joan a las 6.00 horas de este mi\u00e9rcoles con el objetivo de que a las 10.00 horas los ba\u00f1istas puedan hacer uso de las playas, ha informado la AMB este lunes en un comunicado.<\/p>\n","protected":false},"author":1,"featured_media":40525,"comment_status":"open","ping_status":"closed","sticky":false,"template":"","format":"standard","meta":{"footnotes":""},"categories":[222],"tags":[],"class_list":{"0":"post-40524","1":"post","2":"type-post","3":"status-publish","4":"format-standard","5":"has-post-thumbnail","7":"category-actualidad-turismo"},"aioseo_notices":[],"aioseo_head":"\n\t\t<!-- All in One SEO Pro 4.9.6.1 - aioseo.com -->\n\t<meta name=\"description\" content=\"El \u00c1rea Metropolitana de Barcelona (AMB) iniciar\u00e1 el operativo especial de limpieza de las playas metropolitanas de la noche de Sant Joan a las 6.00 horas de este mi\u00e9rcoles con el objetivo de que a las 10.00 horas los ba\u00f1istas puedan hacer uso de las playas, ha informado la AMB este lunes en un comunicado.\" \/>\n\t<meta name=\"robots\" content=\"max-image-preview:large\" \/>\n\t<meta name=\"author\" content=\"admin\"\/>\n\t<meta name=\"google-site-verification\" content=\"UA-38556648-1\" \/>\n\t<meta name=\"keywords\" content=\"actualidad turismo\" \/>\n\t<link rel=\"canonical\" href=\"https:\/\/eldigitaldeasturias.com\/magazine365\/amb-iniciara-el-operativo-especial-de-limpieza-de-las-playas-metropolitanas-de-barcelona\/\" \/>\n\t<meta name=\"generator\" content=\"All in One SEO Pro (AIOSEO) 4.9.6.1\" \/>\n\t\t<meta property=\"og:locale\" content=\"es_ES\" \/>\n\t\t<meta property=\"og:site_name\" content=\"El Digital de Asturias \u2013 Revista de ocio, turismo y estilo de vida\" \/>\n\t\t<meta property=\"og:type\" content=\"article\" \/>\n\t\t<meta property=\"og:title\" content=\"AMB iniciar\u00e1 el operativo especial de limpieza de las playas metropolitanas de Barcelona | El Digital de Asturias\" \/>\n\t\t<meta property=\"og:description\" content=\"El \u00c1rea Metropolitana de Barcelona (AMB) iniciar\u00e1 el operativo especial de limpieza de las playas metropolitanas de la noche de Sant Joan a las 6.00 horas de este mi\u00e9rcoles con el objetivo de que a las 10.00 horas los ba\u00f1istas puedan hacer uso de las playas, ha informado la AMB este lunes en un comunicado.\" \/>\n\t\t<meta property=\"og:url\" content=\"https:\/\/eldigitaldeasturias.com\/magazine365\/amb-iniciara-el-operativo-especial-de-limpieza-de-las-playas-metropolitanas-de-barcelona\/\" \/>\n\t\t<meta property=\"og:image\" content=\"https:\/\/eldigitaldeasturias.com\/magazine365\/wp-content\/uploads\/2015\/06\/fotonoticia_20150622114923_800.jpg\" \/>\n\t\t<meta property=\"og:image:secure_url\" content=\"https:\/\/eldigitaldeasturias.com\/magazine365\/wp-content\/uploads\/2015\/06\/fotonoticia_20150622114923_800.jpg\" \/>\n\t\t<meta property=\"og:image:width\" content=\"800\" \/>\n\t\t<meta property=\"og:image:height\" content=\"600\" \/>\n\t\t<meta property=\"article:published_time\" content=\"2015-06-22T14:14:27+00:00\" \/>\n\t\t<meta property=\"article:modified_time\" content=\"2015-06-22T14:14:27+00:00\" \/>\n\t\t<meta name=\"twitter:card\" content=\"summary_large_image\" \/>\n\t\t<meta name=\"twitter:title\" content=\"AMB iniciar\u00e1 el operativo especial de limpieza de las playas metropolitanas de Barcelona | El Digital de Asturias\" \/>\n\t\t<meta name=\"twitter:description\" content=\"El \u00c1rea Metropolitana de Barcelona (AMB) iniciar\u00e1 el operativo especial de limpieza de las playas metropolitanas de la noche de Sant Joan a las 6.00 horas de este mi\u00e9rcoles con el objetivo de que a las 10.00 horas los ba\u00f1istas puedan hacer uso de las playas, ha informado la AMB este lunes en un comunicado.\" \/>\n\t\t<meta name=\"twitter:image\" content=\"https:\/\/eldigitaldeasturias.com\/magazine365\/wp-content\/uploads\/2015\/06\/fotonoticia_20150622114923_800.jpg\" \/>\n\t\t<script type=\"application\/ld+json\" class=\"aioseo-schema\">\n\t\t\t{\"@context\":\"https:\\\/\\\/schema.org\",\"@graph\":[{\"@type\":\"Article\",\"@id\":\"https:\\\/\\\/eldigitaldeasturias.com\\\/magazine365\\\/amb-iniciara-el-operativo-especial-de-limpieza-de-las-playas-metropolitanas-de-barcelona\\\/#article\",\"name\":\"AMB iniciar\\u00e1 el operativo especial de limpieza de las playas metropolitanas de Barcelona | El Digital de Asturias\",\"headline\":\"AMB iniciar\\u00e1 el operativo especial de limpieza de las playas metropolitanas de Barcelona\",\"author\":{\"@id\":\"https:\\\/\\\/eldigitaldeasturias.com\\\/magazine365\\\/author\\\/admin\\\/#author\"},\"publisher\":{\"@id\":\"https:\\\/\\\/eldigitaldeasturias.com\\\/magazine365\\\/#organization\"},\"image\":{\"@type\":\"ImageObject\",\"url\":\"https:\\\/\\\/eldigitaldeasturias.com\\\/magazine365\\\/wp-content\\\/uploads\\\/2015\\\/06\\\/fotonoticia_20150622114923_800.jpg\",\"width\":800,\"height\":600},\"datePublished\":\"2015-06-22T15:44:27+02:00\",\"dateModified\":\"2015-06-22T15:44:27+02:00\",\"inLanguage\":\"es-ES\",\"mainEntityOfPage\":{\"@id\":\"https:\\\/\\\/eldigitaldeasturias.com\\\/magazine365\\\/amb-iniciara-el-operativo-especial-de-limpieza-de-las-playas-metropolitanas-de-barcelona\\\/#webpage\"},\"isPartOf\":{\"@id\":\"https:\\\/\\\/eldigitaldeasturias.com\\\/magazine365\\\/amb-iniciara-el-operativo-especial-de-limpieza-de-las-playas-metropolitanas-de-barcelona\\\/#webpage\"},\"articleSection\":\"Actualidad Turismo\"},{\"@type\":\"BreadcrumbList\",\"@id\":\"https:\\\/\\\/eldigitaldeasturias.com\\\/magazine365\\\/amb-iniciara-el-operativo-especial-de-limpieza-de-las-playas-metropolitanas-de-barcelona\\\/#breadcrumblist\",\"itemListElement\":[{\"@type\":\"ListItem\",\"@id\":\"https:\\\/\\\/eldigitaldeasturias.com\\\/magazine365#listItem\",\"position\":1,\"name\":\"Home\",\"item\":\"https:\\\/\\\/eldigitaldeasturias.com\\\/magazine365\",\"nextItem\":{\"@type\":\"ListItem\",\"@id\":\"https:\\\/\\\/eldigitaldeasturias.com\\\/magazine365\\\/category\\\/actualidad-turismo\\\/#listItem\",\"name\":\"Actualidad Turismo\"}},{\"@type\":\"ListItem\",\"@id\":\"https:\\\/\\\/eldigitaldeasturias.com\\\/magazine365\\\/category\\\/actualidad-turismo\\\/#listItem\",\"position\":2,\"name\":\"Actualidad Turismo\",\"item\":\"https:\\\/\\\/eldigitaldeasturias.com\\\/magazine365\\\/category\\\/actualidad-turismo\\\/\",\"nextItem\":{\"@type\":\"ListItem\",\"@id\":\"https:\\\/\\\/eldigitaldeasturias.com\\\/magazine365\\\/amb-iniciara-el-operativo-especial-de-limpieza-de-las-playas-metropolitanas-de-barcelona\\\/#listItem\",\"name\":\"AMB iniciar\\u00e1 el operativo especial de limpieza de las playas metropolitanas de Barcelona\"},\"previousItem\":{\"@type\":\"ListItem\",\"@id\":\"https:\\\/\\\/eldigitaldeasturias.com\\\/magazine365#listItem\",\"name\":\"Home\"}},{\"@type\":\"ListItem\",\"@id\":\"https:\\\/\\\/eldigitaldeasturias.com\\\/magazine365\\\/amb-iniciara-el-operativo-especial-de-limpieza-de-las-playas-metropolitanas-de-barcelona\\\/#listItem\",\"position\":3,\"name\":\"AMB iniciar\\u00e1 el operativo especial de limpieza de las playas metropolitanas de Barcelona\",\"previousItem\":{\"@type\":\"ListItem\",\"@id\":\"https:\\\/\\\/eldigitaldeasturias.com\\\/magazine365\\\/category\\\/actualidad-turismo\\\/#listItem\",\"name\":\"Actualidad Turismo\"}}]},{\"@type\":\"Organization\",\"@id\":\"https:\\\/\\\/eldigitaldeasturias.com\\\/magazine365\\\/#organization\",\"name\":\"El digital de Asturias\",\"description\":\"Revista de ocio, turismo y estilo de vida\",\"url\":\"https:\\\/\\\/eldigitaldeasturias.com\\\/magazine365\\\/\",\"logo\":{\"@type\":\"ImageObject\",\"url\":\"https:\\\/\\\/www.eldigitaldeasturias.com\\\/noticias\\\/wp-content\\\/uploads\\\/2020\\\/12\\\/EDA.jpg\",\"@id\":\"https:\\\/\\\/eldigitaldeasturias.com\\\/magazine365\\\/amb-iniciara-el-operativo-especial-de-limpieza-de-las-playas-metropolitanas-de-barcelona\\\/#organizationLogo\"},\"image\":{\"@id\":\"https:\\\/\\\/eldigitaldeasturias.com\\\/magazine365\\\/amb-iniciara-el-operativo-especial-de-limpieza-de-las-playas-metropolitanas-de-barcelona\\\/#organizationLogo\"}},{\"@type\":\"Person\",\"@id\":\"https:\\\/\\\/eldigitaldeasturias.com\\\/magazine365\\\/author\\\/admin\\\/#author\",\"url\":\"https:\\\/\\\/eldigitaldeasturias.com\\\/magazine365\\\/author\\\/admin\\\/\",\"name\":\"admin\",\"image\":{\"@type\":\"ImageObject\",\"@id\":\"https:\\\/\\\/eldigitaldeasturias.com\\\/magazine365\\\/amb-iniciara-el-operativo-especial-de-limpieza-de-las-playas-metropolitanas-de-barcelona\\\/#authorImage\",\"url\":\"https:\\\/\\\/eldigitaldeasturias.com\\\/magazine365\\\/wp-content\\\/litespeed\\\/avatar\\\/e571bcf59a0edd6fa6838245a470f2fe.jpg?ver=1777574230\",\"width\":96,\"height\":96,\"caption\":\"admin\"}},{\"@type\":\"WebPage\",\"@id\":\"https:\\\/\\\/eldigitaldeasturias.com\\\/magazine365\\\/amb-iniciara-el-operativo-especial-de-limpieza-de-las-playas-metropolitanas-de-barcelona\\\/#webpage\",\"url\":\"https:\\\/\\\/eldigitaldeasturias.com\\\/magazine365\\\/amb-iniciara-el-operativo-especial-de-limpieza-de-las-playas-metropolitanas-de-barcelona\\\/\",\"name\":\"AMB iniciar\\u00e1 el operativo especial de limpieza de las playas metropolitanas de Barcelona | El Digital de Asturias\",\"description\":\"El \\u00c1rea Metropolitana de Barcelona (AMB) iniciar\\u00e1 el operativo especial de limpieza de las playas metropolitanas de la noche de Sant Joan a las 6.00 horas de este mi\\u00e9rcoles con el objetivo de que a las 10.00 horas los ba\\u00f1istas puedan hacer uso de las playas, ha informado la AMB este lunes en un comunicado.\",\"inLanguage\":\"es-ES\",\"isPartOf\":{\"@id\":\"https:\\\/\\\/eldigitaldeasturias.com\\\/magazine365\\\/#website\"},\"breadcrumb\":{\"@id\":\"https:\\\/\\\/eldigitaldeasturias.com\\\/magazine365\\\/amb-iniciara-el-operativo-especial-de-limpieza-de-las-playas-metropolitanas-de-barcelona\\\/#breadcrumblist\"},\"author\":{\"@id\":\"https:\\\/\\\/eldigitaldeasturias.com\\\/magazine365\\\/author\\\/admin\\\/#author\"},\"creator\":{\"@id\":\"https:\\\/\\\/eldigitaldeasturias.com\\\/magazine365\\\/author\\\/admin\\\/#author\"},\"image\":{\"@type\":\"ImageObject\",\"url\":\"https:\\\/\\\/eldigitaldeasturias.com\\\/magazine365\\\/wp-content\\\/uploads\\\/2015\\\/06\\\/fotonoticia_20150622114923_800.jpg\",\"@id\":\"https:\\\/\\\/eldigitaldeasturias.com\\\/magazine365\\\/amb-iniciara-el-operativo-especial-de-limpieza-de-las-playas-metropolitanas-de-barcelona\\\/#mainImage\",\"width\":800,\"height\":600},\"primaryImageOfPage\":{\"@id\":\"https:\\\/\\\/eldigitaldeasturias.com\\\/magazine365\\\/amb-iniciara-el-operativo-especial-de-limpieza-de-las-playas-metropolitanas-de-barcelona\\\/#mainImage\"},\"datePublished\":\"2015-06-22T15:44:27+02:00\",\"dateModified\":\"2015-06-22T15:44:27+02:00\"},{\"@type\":\"WebSite\",\"@id\":\"https:\\\/\\\/eldigitaldeasturias.com\\\/magazine365\\\/#website\",\"url\":\"https:\\\/\\\/eldigitaldeasturias.com\\\/magazine365\\\/\",\"name\":\"El Digital de Asturias\",\"description\":\"Revista de ocio, turismo y estilo de vida\",\"inLanguage\":\"es-ES\",\"publisher\":{\"@id\":\"https:\\\/\\\/eldigitaldeasturias.com\\\/magazine365\\\/#organization\"}}]}\n\t\t<\/script>\n\t\t<!-- All in One SEO Pro -->\r\n\t\t<title>AMB iniciar\u00e1 el operativo especial de limpieza de las playas metropolitanas de Barcelona | El Digital de Asturias<\/title>\n\n","aioseo_head_json":{"title":"AMB iniciar\u00e1 el operativo especial de limpieza de las playas metropolitanas de Barcelona | El Digital de Asturias","description":"El \u00c1rea Metropolitana de Barcelona (AMB) iniciar\u00e1 el operativo especial de limpieza de las playas metropolitanas de la noche de Sant Joan a las 6.00 horas de este mi\u00e9rcoles con el objetivo de que a las 10.00 horas los ba\u00f1istas puedan hacer uso de las playas, ha informado la AMB este lunes en un comunicado.","canonical_url":"https:\/\/eldigitaldeasturias.com\/magazine365\/amb-iniciara-el-operativo-especial-de-limpieza-de-las-playas-metropolitanas-de-barcelona\/","robots":"max-image-preview:large","keywords":"actualidad turismo","webmasterTools":{"google-site-verification":"UA-38556648-1","miscellaneous":""},"schema":{"@context":"https:\/\/schema.org","@graph":[{"@type":"Article","@id":"https:\/\/eldigitaldeasturias.com\/magazine365\/amb-iniciara-el-operativo-especial-de-limpieza-de-las-playas-metropolitanas-de-barcelona\/#article","name":"AMB iniciar\u00e1 el operativo especial de limpieza de las playas metropolitanas de Barcelona | El Digital de Asturias","headline":"AMB iniciar\u00e1 el operativo especial de limpieza de las playas metropolitanas de Barcelona","author":{"@id":"https:\/\/eldigitaldeasturias.com\/magazine365\/author\/admin\/#author"},"publisher":{"@id":"https:\/\/eldigitaldeasturias.com\/magazine365\/#organization"},"image":{"@type":"ImageObject","url":"https:\/\/eldigitaldeasturias.com\/magazine365\/wp-content\/uploads\/2015\/06\/fotonoticia_20150622114923_800.jpg","width":800,"height":600},"datePublished":"2015-06-22T15:44:27+02:00","dateModified":"2015-06-22T15:44:27+02:00","inLanguage":"es-ES","mainEntityOfPage":{"@id":"https:\/\/eldigitaldeasturias.com\/magazine365\/amb-iniciara-el-operativo-especial-de-limpieza-de-las-playas-metropolitanas-de-barcelona\/#webpage"},"isPartOf":{"@id":"https:\/\/eldigitaldeasturias.com\/magazine365\/amb-iniciara-el-operativo-especial-de-limpieza-de-las-playas-metropolitanas-de-barcelona\/#webpage"},"articleSection":"Actualidad Turismo"},{"@type":"BreadcrumbList","@id":"https:\/\/eldigitaldeasturias.com\/magazine365\/amb-iniciara-el-operativo-especial-de-limpieza-de-las-playas-metropolitanas-de-barcelona\/#breadcrumblist","itemListElement":[{"@type":"ListItem","@id":"https:\/\/eldigitaldeasturias.com\/magazine365#listItem","position":1,"name":"Home","item":"https:\/\/eldigitaldeasturias.com\/magazine365","nextItem":{"@type":"ListItem","@id":"https:\/\/eldigitaldeasturias.com\/magazine365\/category\/actualidad-turismo\/#listItem","name":"Actualidad Turismo"}},{"@type":"ListItem","@id":"https:\/\/eldigitaldeasturias.com\/magazine365\/category\/actualidad-turismo\/#listItem","position":2,"name":"Actualidad Turismo","item":"https:\/\/eldigitaldeasturias.com\/magazine365\/category\/actualidad-turismo\/","nextItem":{"@type":"ListItem","@id":"https:\/\/eldigitaldeasturias.com\/magazine365\/amb-iniciara-el-operativo-especial-de-limpieza-de-las-playas-metropolitanas-de-barcelona\/#listItem","name":"AMB iniciar\u00e1 el operativo especial de limpieza de las playas metropolitanas de Barcelona"},"previousItem":{"@type":"ListItem","@id":"https:\/\/eldigitaldeasturias.com\/magazine365#listItem","name":"Home"}},{"@type":"ListItem","@id":"https:\/\/eldigitaldeasturias.com\/magazine365\/amb-iniciara-el-operativo-especial-de-limpieza-de-las-playas-metropolitanas-de-barcelona\/#listItem","position":3,"name":"AMB iniciar\u00e1 el operativo especial de limpieza de las playas metropolitanas de Barcelona","previousItem":{"@type":"ListItem","@id":"https:\/\/eldigitaldeasturias.com\/magazine365\/category\/actualidad-turismo\/#listItem","name":"Actualidad Turismo"}}]},{"@type":"Organization","@id":"https:\/\/eldigitaldeasturias.com\/magazine365\/#organization","name":"El digital de Asturias","description":"Revista de ocio, turismo y estilo de vida","url":"https:\/\/eldigitaldeasturias.com\/magazine365\/","logo":{"@type":"ImageObject","url":"https:\/\/www.eldigitaldeasturias.com\/noticias\/wp-content\/uploads\/2020\/12\/EDA.jpg","@id":"https:\/\/eldigitaldeasturias.com\/magazine365\/amb-iniciara-el-operativo-especial-de-limpieza-de-las-playas-metropolitanas-de-barcelona\/#organizationLogo"},"image":{"@id":"https:\/\/eldigitaldeasturias.com\/magazine365\/amb-iniciara-el-operativo-especial-de-limpieza-de-las-playas-metropolitanas-de-barcelona\/#organizationLogo"}},{"@type":"Person","@id":"https:\/\/eldigitaldeasturias.com\/magazine365\/author\/admin\/#author","url":"https:\/\/eldigitaldeasturias.com\/magazine365\/author\/admin\/","name":"admin","image":{"@type":"ImageObject","@id":"https:\/\/eldigitaldeasturias.com\/magazine365\/amb-iniciara-el-operativo-especial-de-limpieza-de-las-playas-metropolitanas-de-barcelona\/#authorImage","url":"https:\/\/eldigitaldeasturias.com\/magazine365\/wp-content\/litespeed\/avatar\/e571bcf59a0edd6fa6838245a470f2fe.jpg?ver=1777574230","width":96,"height":96,"caption":"admin"}},{"@type":"WebPage","@id":"https:\/\/eldigitaldeasturias.com\/magazine365\/amb-iniciara-el-operativo-especial-de-limpieza-de-las-playas-metropolitanas-de-barcelona\/#webpage","url":"https:\/\/eldigitaldeasturias.com\/magazine365\/amb-iniciara-el-operativo-especial-de-limpieza-de-las-playas-metropolitanas-de-barcelona\/","name":"AMB iniciar\u00e1 el operativo especial de limpieza de las playas metropolitanas de Barcelona | El Digital de Asturias","description":"El \u00c1rea Metropolitana de Barcelona (AMB) iniciar\u00e1 el operativo especial de limpieza de las playas metropolitanas de la noche de Sant Joan a las 6.00 horas de este mi\u00e9rcoles con el objetivo de que a las 10.00 horas los ba\u00f1istas puedan hacer uso de las playas, ha informado la AMB este lunes en un comunicado.","inLanguage":"es-ES","isPartOf":{"@id":"https:\/\/eldigitaldeasturias.com\/magazine365\/#website"},"breadcrumb":{"@id":"https:\/\/eldigitaldeasturias.com\/magazine365\/amb-iniciara-el-operativo-especial-de-limpieza-de-las-playas-metropolitanas-de-barcelona\/#breadcrumblist"},"author":{"@id":"https:\/\/eldigitaldeasturias.com\/magazine365\/author\/admin\/#author"},"creator":{"@id":"https:\/\/eldigitaldeasturias.com\/magazine365\/author\/admin\/#author"},"image":{"@type":"ImageObject","url":"https:\/\/eldigitaldeasturias.com\/magazine365\/wp-content\/uploads\/2015\/06\/fotonoticia_20150622114923_800.jpg","@id":"https:\/\/eldigitaldeasturias.com\/magazine365\/amb-iniciara-el-operativo-especial-de-limpieza-de-las-playas-metropolitanas-de-barcelona\/#mainImage","width":800,"height":600},"primaryImageOfPage":{"@id":"https:\/\/eldigitaldeasturias.com\/magazine365\/amb-iniciara-el-operativo-especial-de-limpieza-de-las-playas-metropolitanas-de-barcelona\/#mainImage"},"datePublished":"2015-06-22T15:44:27+02:00","dateModified":"2015-06-22T15:44:27+02:00"},{"@type":"WebSite","@id":"https:\/\/eldigitaldeasturias.com\/magazine365\/#website","url":"https:\/\/eldigitaldeasturias.com\/magazine365\/","name":"El Digital de Asturias","description":"Revista de ocio, turismo y estilo de vida","inLanguage":"es-ES","publisher":{"@id":"https:\/\/eldigitaldeasturias.com\/magazine365\/#organization"}}]},"og:locale":"es_ES","og:site_name":"El Digital de Asturias \u2013 Revista de ocio, turismo y estilo de vida","og:type":"article","og:title":"AMB iniciar\u00e1 el operativo especial de limpieza de las playas metropolitanas de Barcelona | El Digital de Asturias","og:description":"El \u00c1rea Metropolitana de Barcelona (AMB) iniciar\u00e1 el operativo especial de limpieza de las playas metropolitanas de la noche de Sant Joan a las 6.00 horas de este mi\u00e9rcoles con el objetivo de que a las 10.00 horas los ba\u00f1istas puedan hacer uso de las playas, ha informado la AMB este lunes en un comunicado.","og:url":"https:\/\/eldigitaldeasturias.com\/magazine365\/amb-iniciara-el-operativo-especial-de-limpieza-de-las-playas-metropolitanas-de-barcelona\/","og:image":"https:\/\/eldigitaldeasturias.com\/magazine365\/wp-content\/uploads\/2015\/06\/fotonoticia_20150622114923_800.jpg","og:image:secure_url":"https:\/\/eldigitaldeasturias.com\/magazine365\/wp-content\/uploads\/2015\/06\/fotonoticia_20150622114923_800.jpg","og:image:width":800,"og:image:height":600,"article:published_time":"2015-06-22T14:14:27+00:00","article:modified_time":"2015-06-22T14:14:27+00:00","twitter:card":"summary_large_image","twitter:title":"AMB iniciar\u00e1 el operativo especial de limpieza de las playas metropolitanas de Barcelona | El Digital de Asturias","twitter:description":"El \u00c1rea Metropolitana de Barcelona (AMB) iniciar\u00e1 el operativo especial de limpieza de las playas metropolitanas de la noche de Sant Joan a las 6.00 horas de este mi\u00e9rcoles con el objetivo de que a las 10.00 horas los ba\u00f1istas puedan hacer uso de las playas, ha informado la AMB este lunes en un comunicado.","twitter:image":"https:\/\/eldigitaldeasturias.com\/magazine365\/wp-content\/uploads\/2015\/06\/fotonoticia_20150622114923_800.jpg"},"aioseo_meta_data":{"post_id":"40524","title":null,"description":null,"keywords":null,"keyphrases":null,"primary_term":null,"canonical_url":null,"og_title":null,"og_description":null,"og_object_type":"default","og_image_type":"default","og_image_url":null,"og_image_width":null,"og_image_height":null,"og_image_custom_url":null,"og_image_custom_fields":null,"og_video":null,"og_custom_url":null,"og_article_section":null,"og_article_tags":null,"twitter_use_og":false,"twitter_card":"default","twitter_image_type":"default","twitter_image_url":null,"twitter_image_custom_url":null,"twitter_image_custom_fields":null,"twitter_title":null,"twitter_description":null,"schema":{"blockGraphs":[],"customGraphs":[],"default":{"data":{"Article":[],"Course":[],"Dataset":[],"FAQPage":[],"Movie":[],"Person":[],"Product":[],"ProductReview":[],"Car":[],"Recipe":[],"Service":[],"SoftwareApplication":[],"WebPage":[]},"graphName":"","isEnabled":true},"graphs":[],"defaultGraph":"","defaultPostTypeGraph":""},"schema_type":null,"schema_type_options":null,"pillar_content":false,"robots_default":true,"robots_noindex":false,"robots_noarchive":false,"robots_nosnippet":false,"robots_nofollow":false,"robots_noimageindex":false,"robots_noodp":false,"robots_notranslate":false,"robots_max_snippet":null,"robots_max_videopreview":null,"robots_max_imagepreview":"large","priority":null,"frequency":null,"location":null,"local_seo":null,"seo_analyzer_scan_date":"2025-09-19 13:43:25","breadcrumb_settings":null,"limit_modified_date":false,"open_ai":null,"ai":null,"created":"2021-03-09 02:27:55","updated":"2025-09-19 13:43:25"},"aioseo_breadcrumb":"<div class=\"aioseo-breadcrumbs\"><span class=\"aioseo-breadcrumb\">\n\t<a href=\"https:\/\/eldigitaldeasturias.com\/magazine365\" title=\"Home\">Home<\/a>\n<\/span><span class=\"aioseo-breadcrumb-separator\">\u2013<\/span><span class=\"aioseo-breadcrumb\">\n\t<a href=\"https:\/\/eldigitaldeasturias.com\/magazine365\/category\/actualidad-turismo\/\" title=\"Actualidad Turismo\">Actualidad Turismo<\/a>\n<\/span><span class=\"aioseo-breadcrumb-separator\">\u2013<\/span><span class=\"aioseo-breadcrumb\">\n\t<a href=\"https:\/\/eldigitaldeasturias.com\/magazine365\/amb-iniciara-el-operativo-especial-de-limpieza-de-las-playas-metropolitanas-de-barcelona\/\" title=\"AMB iniciar\u00e1 el operativo especial de limpieza de las playas metropolitanas de Barcelona\">AMB iniciar\u00e1 el operativo especial de limpieza de las playas metropolitanas de Barcelona<\/a>\n<\/span><\/div>","aioseo_breadcrumb_json":[{"label":"Home","link":"https:\/\/eldigitaldeasturias.com\/magazine365"},{"label":"Actualidad Turismo","link":"https:\/\/eldigitaldeasturias.com\/magazine365\/category\/actualidad-turismo\/"},{"label":"AMB iniciar\u00e1 el operativo especial de limpieza de las playas metropolitanas de Barcelona","link":"https:\/\/eldigitaldeasturias.com\/magazine365\/amb-iniciara-el-operativo-especial-de-limpieza-de-las-playas-metropolitanas-de-barcelona\/"}],"_links":{"self":[{"href":"https:\/\/eldigitaldeasturias.com\/magazine365\/wp-json\/wp\/v2\/posts\/40524","targetHints":{"allow":["GET"]}}],"collection":[{"href":"https:\/\/eldigitaldeasturias.com\/magazine365\/wp-json\/wp\/v2\/posts"}],"about":[{"href":"https:\/\/eldigitaldeasturias.com\/magazine365\/wp-json\/wp\/v2\/types\/post"}],"author":[{"embeddable":true,"href":"https:\/\/eldigitaldeasturias.com\/magazine365\/wp-json\/wp\/v2\/users\/1"}],"replies":[{"embeddable":true,"href":"https:\/\/eldigitaldeasturias.com\/magazine365\/wp-json\/wp\/v2\/comments?post=40524"}],"version-history":[{"count":0,"href":"https:\/\/eldigitaldeasturias.com\/magazine365\/wp-json\/wp\/v2\/posts\/40524\/revisions"}],"wp:featuredmedia":[{"embeddable":true,"href":"https:\/\/eldigitaldeasturias.com\/magazine365\/wp-json\/wp\/v2\/media\/40525"}],"wp:attachment":[{"href":"https:\/\/eldigitaldeasturias.com\/magazine365\/wp-json\/wp\/v2\/media?parent=40524"}],"wp:term":[{"taxonomy":"category","embeddable":true,"href":"https:\/\/eldigitaldeasturias.com\/magazine365\/wp-json\/wp\/v2\/categories?post=40524"},{"taxonomy":"post_tag","embeddable":true,"href":"https:\/\/eldigitaldeasturias.com\/magazine365\/wp-json\/wp\/v2\/tags?post=40524"}],"curies":[{"name":"wp","href":"https:\/\/api.w.org\/{rel}","templated":true}]}}