{"id":40516,"date":"2015-06-22T12:30:59","date_gmt":"2015-06-22T11:00:59","guid":{"rendered":"http:\/\/eldigitaldeasturias.com\/magazine365\/?p=40516"},"modified":"2015-06-22T12:30:59","modified_gmt":"2015-06-22T11:00:59","slug":"mauricio-luis-prieto-dimite-como-consejero-de-edreams-odigeo","status":"publish","type":"post","link":"https:\/\/eldigitaldeasturias.com\/magazine365\/mauricio-luis-prieto-dimite-como-consejero-de-edreams-odigeo\/","title":{"rendered":"Mauricio Luis Prieto  dimite como consejero de eDreams Odigeo"},"content":{"rendered":"<p><img fetchpriority=\"high\" decoding=\"async\" class=\"alignleft size-medium wp-image-40517\" src=\"https:\/\/eldigitaldeasturias.com\/magazine365\/wp-content\/uploads\/2015\/06\/fotonoticia_20150622114259_800-360x240.jpg\" alt=\"fotonoticia_20150622114259_800\" width=\"360\" height=\"240\" srcset=\"https:\/\/eldigitaldeasturias.com\/magazine365\/wp-content\/uploads\/2015\/06\/fotonoticia_20150622114259_800-360x240.jpg 360w, https:\/\/eldigitaldeasturias.com\/magazine365\/wp-content\/uploads\/2015\/06\/fotonoticia_20150622114259_800-650x433.jpg 650w, https:\/\/eldigitaldeasturias.com\/magazine365\/wp-content\/uploads\/2015\/06\/fotonoticia_20150622114259_800-768x512.jpg 768w, https:\/\/eldigitaldeasturias.com\/magazine365\/wp-content\/uploads\/2015\/06\/fotonoticia_20150622114259_800-150x100.jpg 150w, https:\/\/eldigitaldeasturias.com\/magazine365\/wp-content\/uploads\/2015\/06\/fotonoticia_20150622114259_800-450x300.jpg 450w, https:\/\/eldigitaldeasturias.com\/magazine365\/wp-content\/uploads\/2015\/06\/fotonoticia_20150622114259_800-696x464.jpg 696w, https:\/\/eldigitaldeasturias.com\/magazine365\/wp-content\/uploads\/2015\/06\/fotonoticia_20150622114259_800-630x420.jpg 630w, https:\/\/eldigitaldeasturias.com\/magazine365\/wp-content\/uploads\/2015\/06\/fotonoticia_20150622114259_800-84x55.jpg 84w, https:\/\/eldigitaldeasturias.com\/magazine365\/wp-content\/uploads\/2015\/06\/fotonoticia_20150622114259_800.jpg 800w\" sizes=\"(max-width: 360px) 100vw, 360px\" \/>El consejo de administraci\u00f3n de eDreams Odigeo ha aceptado la dimisi\u00f3n como consejero de Mauricio Luis Prieto Prieto, uno de los cofundadores de la compa\u00f1\u00eda en 1999 que ha ocupado varios cargos ejecutivos, qui\u00e9n continuar\u00e1 como accionista de la agencia &#8216;online&#8217; de viajes, inform\u00f3 la compa\u00f1\u00eda a la Comisi\u00f3n Nacional del Mercado de Valores (CNMV).<\/p>\n<p>Prieto era hasta hoy el responsable de Desarrollo Corporativo de eDreams Odigeo, adem\u00e1s de miembro de la junta directiva. Actualmente cuenta con el 0,3% del total de las acciones de la compa\u00f1\u00eda.<\/p>\n<p>Seg\u00fan detall\u00f3 la compa\u00f1\u00eda, la Comisi\u00f3n de Remuneraci\u00f3n y Nombramientos propondr\u00e1 al consejo de administraci\u00f3n al candidato adecuado para reemplazar a Prieto como consejero ejecutivo, para su posterior aprobaci\u00f3n por parte de la junta general de accionistas.<\/p>\n<p>La compa\u00f1\u00eda agradeci\u00f3 a Prieto su \u00abinnovaci\u00f3n y los servicios prestados durante todos estos a\u00f1os\u00bb, en los que el directivo contribuy\u00f3 a la creaci\u00f3n y construcci\u00f3n de un negocio desde que fuera una &#8216;start-up&#8217; tecnol\u00f3gica en el sector de los viajes &#8216;online&#8217; hasta su salida a Bolsa.<\/p>\n<p>Antes de incorporarse a eDreams Odigeo en 1999, Prieto, licenciado por la Universidad de Princeton y MBA por la Universidad de California en Berkeley, ocup\u00f3 los cargos de director de desarrollo de negocios de Charles Schwab y consultor en Booz Allen Hamilton.<\/p>\n<p>La salida de Prieto del consejo se produce despu\u00e9s de que en marzo de este a\u00f1o presentara su dimisi\u00f3n James Hare, como consejero independiente del consejo James Hare, tambi\u00e9n cofundador de la compa\u00f1\u00eda, quien tambi\u00e9n permanece como accionista con el 0,2% del capital.<\/p>\n<p>En enero de este a\u00f1o, y tras 15 a\u00f1os al frente de la compa\u00f1\u00eda, Javier P\u00e9rez-Tenessa abandon\u00f3 el puesto de consejero delegado, permaneciendo en la compa\u00f1\u00eda como presidente de honor.<\/p>\n","protected":false},"excerpt":{"rendered":"<p>El consejo de administraci\u00f3n de eDreams Odigeo ha aceptado la dimisi\u00f3n como consejero de Mauricio Luis Prieto Prieto, uno de los cofundadores de la compa\u00f1\u00eda en 1999 que ha ocupado varios cargos ejecutivos, qui\u00e9n continuar\u00e1 como accionista de la agencia &#8216;online&#8217; de viajes, inform\u00f3 la compa\u00f1\u00eda a la Comisi\u00f3n Nacional del Mercado de Valores (CNMV).<\/p>\n","protected":false},"author":1,"featured_media":40517,"comment_status":"open","ping_status":"closed","sticky":false,"template":"","format":"standard","meta":{"footnotes":""},"categories":[222],"tags":[],"class_list":{"0":"post-40516","1":"post","2":"type-post","3":"status-publish","4":"format-standard","5":"has-post-thumbnail","7":"category-actualidad-turismo"},"aioseo_notices":[],"aioseo_head":"\n\t\t<!-- All in One SEO Pro 4.9.6.1 - aioseo.com -->\n\t<meta name=\"description\" content=\"El consejo de administraci\u00f3n de eDreams Odigeo ha aceptado la dimisi\u00f3n como consejero de Mauricio Luis Prieto Prieto, uno de los cofundadores de la compa\u00f1\u00eda en 1999 que ha ocupado varios cargos ejecutivos, qui\u00e9n continuar\u00e1 como accionista de la agencia &#039;online&#039; de viajes, inform\u00f3 la compa\u00f1\u00eda a la Comisi\u00f3n Nacional del Mercado de Valores (CNMV).\" \/>\n\t<meta name=\"robots\" content=\"max-image-preview:large\" \/>\n\t<meta name=\"author\" content=\"admin\"\/>\n\t<meta name=\"google-site-verification\" content=\"UA-38556648-1\" \/>\n\t<meta name=\"keywords\" content=\"actualidad turismo\" \/>\n\t<link rel=\"canonical\" href=\"https:\/\/eldigitaldeasturias.com\/magazine365\/mauricio-luis-prieto-dimite-como-consejero-de-edreams-odigeo\/\" \/>\n\t<meta name=\"generator\" content=\"All in One SEO Pro (AIOSEO) 4.9.6.1\" \/>\n\t\t<meta property=\"og:locale\" content=\"es_ES\" \/>\n\t\t<meta property=\"og:site_name\" content=\"El Digital de Asturias \u2013 Revista de ocio, turismo y estilo de vida\" \/>\n\t\t<meta property=\"og:type\" content=\"article\" \/>\n\t\t<meta property=\"og:title\" content=\"Mauricio Luis Prieto dimite como consejero de eDreams Odigeo | El Digital de Asturias\" \/>\n\t\t<meta property=\"og:description\" content=\"El consejo de administraci\u00f3n de eDreams Odigeo ha aceptado la dimisi\u00f3n como consejero de Mauricio Luis Prieto Prieto, uno de los cofundadores de la compa\u00f1\u00eda en 1999 que ha ocupado varios cargos ejecutivos, qui\u00e9n continuar\u00e1 como accionista de la agencia &#039;online&#039; de viajes, inform\u00f3 la compa\u00f1\u00eda a la Comisi\u00f3n Nacional del Mercado de Valores (CNMV).\" \/>\n\t\t<meta property=\"og:url\" content=\"https:\/\/eldigitaldeasturias.com\/magazine365\/mauricio-luis-prieto-dimite-como-consejero-de-edreams-odigeo\/\" \/>\n\t\t<meta property=\"og:image\" content=\"https:\/\/eldigitaldeasturias.com\/magazine365\/wp-content\/uploads\/2015\/06\/fotonoticia_20150622114259_800.jpg\" \/>\n\t\t<meta property=\"og:image:secure_url\" content=\"https:\/\/eldigitaldeasturias.com\/magazine365\/wp-content\/uploads\/2015\/06\/fotonoticia_20150622114259_800.jpg\" \/>\n\t\t<meta property=\"og:image:width\" content=\"800\" \/>\n\t\t<meta property=\"og:image:height\" content=\"533\" \/>\n\t\t<meta property=\"article:published_time\" content=\"2015-06-22T11:00:59+00:00\" \/>\n\t\t<meta property=\"article:modified_time\" content=\"2015-06-22T11:00:59+00:00\" \/>\n\t\t<meta name=\"twitter:card\" content=\"summary_large_image\" \/>\n\t\t<meta name=\"twitter:title\" content=\"Mauricio Luis Prieto dimite como consejero de eDreams Odigeo | El Digital de Asturias\" \/>\n\t\t<meta name=\"twitter:description\" content=\"El consejo de administraci\u00f3n de eDreams Odigeo ha aceptado la dimisi\u00f3n como consejero de Mauricio Luis Prieto Prieto, uno de los cofundadores de la compa\u00f1\u00eda en 1999 que ha ocupado varios cargos ejecutivos, qui\u00e9n continuar\u00e1 como accionista de la agencia &#039;online&#039; de viajes, inform\u00f3 la compa\u00f1\u00eda a la Comisi\u00f3n Nacional del Mercado de Valores (CNMV).\" \/>\n\t\t<meta name=\"twitter:image\" content=\"https:\/\/eldigitaldeasturias.com\/magazine365\/wp-content\/uploads\/2015\/06\/fotonoticia_20150622114259_800.jpg\" \/>\n\t\t<script type=\"application\/ld+json\" class=\"aioseo-schema\">\n\t\t\t{\"@context\":\"https:\\\/\\\/schema.org\",\"@graph\":[{\"@type\":\"Article\",\"@id\":\"https:\\\/\\\/eldigitaldeasturias.com\\\/magazine365\\\/mauricio-luis-prieto-dimite-como-consejero-de-edreams-odigeo\\\/#article\",\"name\":\"Mauricio Luis Prieto dimite como consejero de eDreams Odigeo | El Digital de Asturias\",\"headline\":\"Mauricio Luis Prieto  dimite como consejero de eDreams Odigeo\",\"author\":{\"@id\":\"https:\\\/\\\/eldigitaldeasturias.com\\\/magazine365\\\/author\\\/admin\\\/#author\"},\"publisher\":{\"@id\":\"https:\\\/\\\/eldigitaldeasturias.com\\\/magazine365\\\/#organization\"},\"image\":{\"@type\":\"ImageObject\",\"url\":\"https:\\\/\\\/eldigitaldeasturias.com\\\/magazine365\\\/wp-content\\\/uploads\\\/2015\\\/06\\\/fotonoticia_20150622114259_800.jpg\",\"width\":800,\"height\":533},\"datePublished\":\"2015-06-22T12:30:59+02:00\",\"dateModified\":\"2015-06-22T12:30:59+02:00\",\"inLanguage\":\"es-ES\",\"mainEntityOfPage\":{\"@id\":\"https:\\\/\\\/eldigitaldeasturias.com\\\/magazine365\\\/mauricio-luis-prieto-dimite-como-consejero-de-edreams-odigeo\\\/#webpage\"},\"isPartOf\":{\"@id\":\"https:\\\/\\\/eldigitaldeasturias.com\\\/magazine365\\\/mauricio-luis-prieto-dimite-como-consejero-de-edreams-odigeo\\\/#webpage\"},\"articleSection\":\"Actualidad Turismo\"},{\"@type\":\"BreadcrumbList\",\"@id\":\"https:\\\/\\\/eldigitaldeasturias.com\\\/magazine365\\\/mauricio-luis-prieto-dimite-como-consejero-de-edreams-odigeo\\\/#breadcrumblist\",\"itemListElement\":[{\"@type\":\"ListItem\",\"@id\":\"https:\\\/\\\/eldigitaldeasturias.com\\\/magazine365#listItem\",\"position\":1,\"name\":\"Home\",\"item\":\"https:\\\/\\\/eldigitaldeasturias.com\\\/magazine365\",\"nextItem\":{\"@type\":\"ListItem\",\"@id\":\"https:\\\/\\\/eldigitaldeasturias.com\\\/magazine365\\\/category\\\/actualidad-turismo\\\/#listItem\",\"name\":\"Actualidad Turismo\"}},{\"@type\":\"ListItem\",\"@id\":\"https:\\\/\\\/eldigitaldeasturias.com\\\/magazine365\\\/category\\\/actualidad-turismo\\\/#listItem\",\"position\":2,\"name\":\"Actualidad Turismo\",\"item\":\"https:\\\/\\\/eldigitaldeasturias.com\\\/magazine365\\\/category\\\/actualidad-turismo\\\/\",\"nextItem\":{\"@type\":\"ListItem\",\"@id\":\"https:\\\/\\\/eldigitaldeasturias.com\\\/magazine365\\\/mauricio-luis-prieto-dimite-como-consejero-de-edreams-odigeo\\\/#listItem\",\"name\":\"Mauricio Luis Prieto  dimite como consejero de eDreams Odigeo\"},\"previousItem\":{\"@type\":\"ListItem\",\"@id\":\"https:\\\/\\\/eldigitaldeasturias.com\\\/magazine365#listItem\",\"name\":\"Home\"}},{\"@type\":\"ListItem\",\"@id\":\"https:\\\/\\\/eldigitaldeasturias.com\\\/magazine365\\\/mauricio-luis-prieto-dimite-como-consejero-de-edreams-odigeo\\\/#listItem\",\"position\":3,\"name\":\"Mauricio Luis Prieto  dimite como consejero de eDreams Odigeo\",\"previousItem\":{\"@type\":\"ListItem\",\"@id\":\"https:\\\/\\\/eldigitaldeasturias.com\\\/magazine365\\\/category\\\/actualidad-turismo\\\/#listItem\",\"name\":\"Actualidad Turismo\"}}]},{\"@type\":\"Organization\",\"@id\":\"https:\\\/\\\/eldigitaldeasturias.com\\\/magazine365\\\/#organization\",\"name\":\"El digital de Asturias\",\"description\":\"Revista de ocio, turismo y estilo de vida\",\"url\":\"https:\\\/\\\/eldigitaldeasturias.com\\\/magazine365\\\/\",\"logo\":{\"@type\":\"ImageObject\",\"url\":\"https:\\\/\\\/www.eldigitaldeasturias.com\\\/noticias\\\/wp-content\\\/uploads\\\/2020\\\/12\\\/EDA.jpg\",\"@id\":\"https:\\\/\\\/eldigitaldeasturias.com\\\/magazine365\\\/mauricio-luis-prieto-dimite-como-consejero-de-edreams-odigeo\\\/#organizationLogo\"},\"image\":{\"@id\":\"https:\\\/\\\/eldigitaldeasturias.com\\\/magazine365\\\/mauricio-luis-prieto-dimite-como-consejero-de-edreams-odigeo\\\/#organizationLogo\"}},{\"@type\":\"Person\",\"@id\":\"https:\\\/\\\/eldigitaldeasturias.com\\\/magazine365\\\/author\\\/admin\\\/#author\",\"url\":\"https:\\\/\\\/eldigitaldeasturias.com\\\/magazine365\\\/author\\\/admin\\\/\",\"name\":\"admin\",\"image\":{\"@type\":\"ImageObject\",\"@id\":\"https:\\\/\\\/eldigitaldeasturias.com\\\/magazine365\\\/mauricio-luis-prieto-dimite-como-consejero-de-edreams-odigeo\\\/#authorImage\",\"url\":\"https:\\\/\\\/eldigitaldeasturias.com\\\/magazine365\\\/wp-content\\\/litespeed\\\/avatar\\\/e571bcf59a0edd6fa6838245a470f2fe.jpg?ver=1777574230\",\"width\":96,\"height\":96,\"caption\":\"admin\"}},{\"@type\":\"WebPage\",\"@id\":\"https:\\\/\\\/eldigitaldeasturias.com\\\/magazine365\\\/mauricio-luis-prieto-dimite-como-consejero-de-edreams-odigeo\\\/#webpage\",\"url\":\"https:\\\/\\\/eldigitaldeasturias.com\\\/magazine365\\\/mauricio-luis-prieto-dimite-como-consejero-de-edreams-odigeo\\\/\",\"name\":\"Mauricio Luis Prieto dimite como consejero de eDreams Odigeo | El Digital de Asturias\",\"description\":\"El consejo de administraci\\u00f3n de eDreams Odigeo ha aceptado la dimisi\\u00f3n como consejero de Mauricio Luis Prieto Prieto, uno de los cofundadores de la compa\\u00f1\\u00eda en 1999 que ha ocupado varios cargos ejecutivos, qui\\u00e9n continuar\\u00e1 como accionista de la agencia 'online' de viajes, inform\\u00f3 la compa\\u00f1\\u00eda a la Comisi\\u00f3n Nacional del Mercado de Valores (CNMV).\",\"inLanguage\":\"es-ES\",\"isPartOf\":{\"@id\":\"https:\\\/\\\/eldigitaldeasturias.com\\\/magazine365\\\/#website\"},\"breadcrumb\":{\"@id\":\"https:\\\/\\\/eldigitaldeasturias.com\\\/magazine365\\\/mauricio-luis-prieto-dimite-como-consejero-de-edreams-odigeo\\\/#breadcrumblist\"},\"author\":{\"@id\":\"https:\\\/\\\/eldigitaldeasturias.com\\\/magazine365\\\/author\\\/admin\\\/#author\"},\"creator\":{\"@id\":\"https:\\\/\\\/eldigitaldeasturias.com\\\/magazine365\\\/author\\\/admin\\\/#author\"},\"image\":{\"@type\":\"ImageObject\",\"url\":\"https:\\\/\\\/eldigitaldeasturias.com\\\/magazine365\\\/wp-content\\\/uploads\\\/2015\\\/06\\\/fotonoticia_20150622114259_800.jpg\",\"@id\":\"https:\\\/\\\/eldigitaldeasturias.com\\\/magazine365\\\/mauricio-luis-prieto-dimite-como-consejero-de-edreams-odigeo\\\/#mainImage\",\"width\":800,\"height\":533},\"primaryImageOfPage\":{\"@id\":\"https:\\\/\\\/eldigitaldeasturias.com\\\/magazine365\\\/mauricio-luis-prieto-dimite-como-consejero-de-edreams-odigeo\\\/#mainImage\"},\"datePublished\":\"2015-06-22T12:30:59+02:00\",\"dateModified\":\"2015-06-22T12:30:59+02:00\"},{\"@type\":\"WebSite\",\"@id\":\"https:\\\/\\\/eldigitaldeasturias.com\\\/magazine365\\\/#website\",\"url\":\"https:\\\/\\\/eldigitaldeasturias.com\\\/magazine365\\\/\",\"name\":\"El Digital de Asturias\",\"description\":\"Revista de ocio, turismo y estilo de vida\",\"inLanguage\":\"es-ES\",\"publisher\":{\"@id\":\"https:\\\/\\\/eldigitaldeasturias.com\\\/magazine365\\\/#organization\"}}]}\n\t\t<\/script>\n\t\t<!-- All in One SEO Pro -->\r\n\t\t<title>Mauricio Luis Prieto dimite como consejero de eDreams Odigeo | El Digital de Asturias<\/title>\n\n","aioseo_head_json":{"title":"Mauricio Luis Prieto dimite como consejero de eDreams Odigeo | El Digital de Asturias","description":"El consejo de administraci\u00f3n de eDreams Odigeo ha aceptado la dimisi\u00f3n como consejero de Mauricio Luis Prieto Prieto, uno de los cofundadores de la compa\u00f1\u00eda en 1999 que ha ocupado varios cargos ejecutivos, qui\u00e9n continuar\u00e1 como accionista de la agencia 'online' de viajes, inform\u00f3 la compa\u00f1\u00eda a la Comisi\u00f3n Nacional del Mercado de Valores (CNMV).","canonical_url":"https:\/\/eldigitaldeasturias.com\/magazine365\/mauricio-luis-prieto-dimite-como-consejero-de-edreams-odigeo\/","robots":"max-image-preview:large","keywords":"actualidad turismo","webmasterTools":{"google-site-verification":"UA-38556648-1","miscellaneous":""},"schema":{"@context":"https:\/\/schema.org","@graph":[{"@type":"Article","@id":"https:\/\/eldigitaldeasturias.com\/magazine365\/mauricio-luis-prieto-dimite-como-consejero-de-edreams-odigeo\/#article","name":"Mauricio Luis Prieto dimite como consejero de eDreams Odigeo | El Digital de Asturias","headline":"Mauricio Luis Prieto  dimite como consejero de eDreams Odigeo","author":{"@id":"https:\/\/eldigitaldeasturias.com\/magazine365\/author\/admin\/#author"},"publisher":{"@id":"https:\/\/eldigitaldeasturias.com\/magazine365\/#organization"},"image":{"@type":"ImageObject","url":"https:\/\/eldigitaldeasturias.com\/magazine365\/wp-content\/uploads\/2015\/06\/fotonoticia_20150622114259_800.jpg","width":800,"height":533},"datePublished":"2015-06-22T12:30:59+02:00","dateModified":"2015-06-22T12:30:59+02:00","inLanguage":"es-ES","mainEntityOfPage":{"@id":"https:\/\/eldigitaldeasturias.com\/magazine365\/mauricio-luis-prieto-dimite-como-consejero-de-edreams-odigeo\/#webpage"},"isPartOf":{"@id":"https:\/\/eldigitaldeasturias.com\/magazine365\/mauricio-luis-prieto-dimite-como-consejero-de-edreams-odigeo\/#webpage"},"articleSection":"Actualidad Turismo"},{"@type":"BreadcrumbList","@id":"https:\/\/eldigitaldeasturias.com\/magazine365\/mauricio-luis-prieto-dimite-como-consejero-de-edreams-odigeo\/#breadcrumblist","itemListElement":[{"@type":"ListItem","@id":"https:\/\/eldigitaldeasturias.com\/magazine365#listItem","position":1,"name":"Home","item":"https:\/\/eldigitaldeasturias.com\/magazine365","nextItem":{"@type":"ListItem","@id":"https:\/\/eldigitaldeasturias.com\/magazine365\/category\/actualidad-turismo\/#listItem","name":"Actualidad Turismo"}},{"@type":"ListItem","@id":"https:\/\/eldigitaldeasturias.com\/magazine365\/category\/actualidad-turismo\/#listItem","position":2,"name":"Actualidad Turismo","item":"https:\/\/eldigitaldeasturias.com\/magazine365\/category\/actualidad-turismo\/","nextItem":{"@type":"ListItem","@id":"https:\/\/eldigitaldeasturias.com\/magazine365\/mauricio-luis-prieto-dimite-como-consejero-de-edreams-odigeo\/#listItem","name":"Mauricio Luis Prieto  dimite como consejero de eDreams Odigeo"},"previousItem":{"@type":"ListItem","@id":"https:\/\/eldigitaldeasturias.com\/magazine365#listItem","name":"Home"}},{"@type":"ListItem","@id":"https:\/\/eldigitaldeasturias.com\/magazine365\/mauricio-luis-prieto-dimite-como-consejero-de-edreams-odigeo\/#listItem","position":3,"name":"Mauricio Luis Prieto  dimite como consejero de eDreams Odigeo","previousItem":{"@type":"ListItem","@id":"https:\/\/eldigitaldeasturias.com\/magazine365\/category\/actualidad-turismo\/#listItem","name":"Actualidad Turismo"}}]},{"@type":"Organization","@id":"https:\/\/eldigitaldeasturias.com\/magazine365\/#organization","name":"El digital de Asturias","description":"Revista de ocio, turismo y estilo de vida","url":"https:\/\/eldigitaldeasturias.com\/magazine365\/","logo":{"@type":"ImageObject","url":"https:\/\/www.eldigitaldeasturias.com\/noticias\/wp-content\/uploads\/2020\/12\/EDA.jpg","@id":"https:\/\/eldigitaldeasturias.com\/magazine365\/mauricio-luis-prieto-dimite-como-consejero-de-edreams-odigeo\/#organizationLogo"},"image":{"@id":"https:\/\/eldigitaldeasturias.com\/magazine365\/mauricio-luis-prieto-dimite-como-consejero-de-edreams-odigeo\/#organizationLogo"}},{"@type":"Person","@id":"https:\/\/eldigitaldeasturias.com\/magazine365\/author\/admin\/#author","url":"https:\/\/eldigitaldeasturias.com\/magazine365\/author\/admin\/","name":"admin","image":{"@type":"ImageObject","@id":"https:\/\/eldigitaldeasturias.com\/magazine365\/mauricio-luis-prieto-dimite-como-consejero-de-edreams-odigeo\/#authorImage","url":"https:\/\/eldigitaldeasturias.com\/magazine365\/wp-content\/litespeed\/avatar\/e571bcf59a0edd6fa6838245a470f2fe.jpg?ver=1777574230","width":96,"height":96,"caption":"admin"}},{"@type":"WebPage","@id":"https:\/\/eldigitaldeasturias.com\/magazine365\/mauricio-luis-prieto-dimite-como-consejero-de-edreams-odigeo\/#webpage","url":"https:\/\/eldigitaldeasturias.com\/magazine365\/mauricio-luis-prieto-dimite-como-consejero-de-edreams-odigeo\/","name":"Mauricio Luis Prieto dimite como consejero de eDreams Odigeo | El Digital de Asturias","description":"El consejo de administraci\u00f3n de eDreams Odigeo ha aceptado la dimisi\u00f3n como consejero de Mauricio Luis Prieto Prieto, uno de los cofundadores de la compa\u00f1\u00eda en 1999 que ha ocupado varios cargos ejecutivos, qui\u00e9n continuar\u00e1 como accionista de la agencia 'online' de viajes, inform\u00f3 la compa\u00f1\u00eda a la Comisi\u00f3n Nacional del Mercado de Valores (CNMV).","inLanguage":"es-ES","isPartOf":{"@id":"https:\/\/eldigitaldeasturias.com\/magazine365\/#website"},"breadcrumb":{"@id":"https:\/\/eldigitaldeasturias.com\/magazine365\/mauricio-luis-prieto-dimite-como-consejero-de-edreams-odigeo\/#breadcrumblist"},"author":{"@id":"https:\/\/eldigitaldeasturias.com\/magazine365\/author\/admin\/#author"},"creator":{"@id":"https:\/\/eldigitaldeasturias.com\/magazine365\/author\/admin\/#author"},"image":{"@type":"ImageObject","url":"https:\/\/eldigitaldeasturias.com\/magazine365\/wp-content\/uploads\/2015\/06\/fotonoticia_20150622114259_800.jpg","@id":"https:\/\/eldigitaldeasturias.com\/magazine365\/mauricio-luis-prieto-dimite-como-consejero-de-edreams-odigeo\/#mainImage","width":800,"height":533},"primaryImageOfPage":{"@id":"https:\/\/eldigitaldeasturias.com\/magazine365\/mauricio-luis-prieto-dimite-como-consejero-de-edreams-odigeo\/#mainImage"},"datePublished":"2015-06-22T12:30:59+02:00","dateModified":"2015-06-22T12:30:59+02:00"},{"@type":"WebSite","@id":"https:\/\/eldigitaldeasturias.com\/magazine365\/#website","url":"https:\/\/eldigitaldeasturias.com\/magazine365\/","name":"El Digital de Asturias","description":"Revista de ocio, turismo y estilo de vida","inLanguage":"es-ES","publisher":{"@id":"https:\/\/eldigitaldeasturias.com\/magazine365\/#organization"}}]},"og:locale":"es_ES","og:site_name":"El Digital de Asturias \u2013 Revista de ocio, turismo y estilo de vida","og:type":"article","og:title":"Mauricio Luis Prieto dimite como consejero de eDreams Odigeo | El Digital de Asturias","og:description":"El consejo de administraci\u00f3n de eDreams Odigeo ha aceptado la dimisi\u00f3n como consejero de Mauricio Luis Prieto Prieto, uno de los cofundadores de la compa\u00f1\u00eda en 1999 que ha ocupado varios cargos ejecutivos, qui\u00e9n continuar\u00e1 como accionista de la agencia 'online' de viajes, inform\u00f3 la compa\u00f1\u00eda a la Comisi\u00f3n Nacional del Mercado de Valores (CNMV).","og:url":"https:\/\/eldigitaldeasturias.com\/magazine365\/mauricio-luis-prieto-dimite-como-consejero-de-edreams-odigeo\/","og:image":"https:\/\/eldigitaldeasturias.com\/magazine365\/wp-content\/uploads\/2015\/06\/fotonoticia_20150622114259_800.jpg","og:image:secure_url":"https:\/\/eldigitaldeasturias.com\/magazine365\/wp-content\/uploads\/2015\/06\/fotonoticia_20150622114259_800.jpg","og:image:width":800,"og:image:height":533,"article:published_time":"2015-06-22T11:00:59+00:00","article:modified_time":"2015-06-22T11:00:59+00:00","twitter:card":"summary_large_image","twitter:title":"Mauricio Luis Prieto dimite como consejero de eDreams Odigeo | El Digital de Asturias","twitter:description":"El consejo de administraci\u00f3n de eDreams Odigeo ha aceptado la dimisi\u00f3n como consejero de Mauricio Luis Prieto Prieto, uno de los cofundadores de la compa\u00f1\u00eda en 1999 que ha ocupado varios cargos ejecutivos, qui\u00e9n continuar\u00e1 como accionista de la agencia 'online' de viajes, inform\u00f3 la compa\u00f1\u00eda a la Comisi\u00f3n Nacional del Mercado de Valores (CNMV).","twitter:image":"https:\/\/eldigitaldeasturias.com\/magazine365\/wp-content\/uploads\/2015\/06\/fotonoticia_20150622114259_800.jpg"},"aioseo_meta_data":{"post_id":"40516","title":null,"description":null,"keywords":null,"keyphrases":null,"primary_term":null,"canonical_url":null,"og_title":null,"og_description":null,"og_object_type":"default","og_image_type":"default","og_image_url":null,"og_image_width":null,"og_image_height":null,"og_image_custom_url":null,"og_image_custom_fields":null,"og_video":null,"og_custom_url":null,"og_article_section":null,"og_article_tags":null,"twitter_use_og":false,"twitter_card":"default","twitter_image_type":"default","twitter_image_url":null,"twitter_image_custom_url":null,"twitter_image_custom_fields":null,"twitter_title":null,"twitter_description":null,"schema":{"blockGraphs":[],"customGraphs":[],"default":{"data":{"Article":[],"Course":[],"Dataset":[],"FAQPage":[],"Movie":[],"Person":[],"Product":[],"ProductReview":[],"Car":[],"Recipe":[],"Service":[],"SoftwareApplication":[],"WebPage":[]},"graphName":"","isEnabled":true},"graphs":[],"defaultGraph":"","defaultPostTypeGraph":""},"schema_type":null,"schema_type_options":null,"pillar_content":false,"robots_default":true,"robots_noindex":false,"robots_noarchive":false,"robots_nosnippet":false,"robots_nofollow":false,"robots_noimageindex":false,"robots_noodp":false,"robots_notranslate":false,"robots_max_snippet":null,"robots_max_videopreview":null,"robots_max_imagepreview":"large","priority":null,"frequency":null,"location":null,"local_seo":null,"seo_analyzer_scan_date":"2025-09-19 13:43:19","breadcrumb_settings":null,"limit_modified_date":false,"open_ai":null,"ai":null,"created":"2021-03-09 02:27:55","updated":"2025-09-19 13:43:19"},"aioseo_breadcrumb":"<div class=\"aioseo-breadcrumbs\"><span class=\"aioseo-breadcrumb\">\n\t<a href=\"https:\/\/eldigitaldeasturias.com\/magazine365\" title=\"Home\">Home<\/a>\n<\/span><span class=\"aioseo-breadcrumb-separator\">\u2013<\/span><span class=\"aioseo-breadcrumb\">\n\t<a href=\"https:\/\/eldigitaldeasturias.com\/magazine365\/category\/actualidad-turismo\/\" title=\"Actualidad Turismo\">Actualidad Turismo<\/a>\n<\/span><span class=\"aioseo-breadcrumb-separator\">\u2013<\/span><span class=\"aioseo-breadcrumb\">\n\t<a href=\"https:\/\/eldigitaldeasturias.com\/magazine365\/mauricio-luis-prieto-dimite-como-consejero-de-edreams-odigeo\/\" title=\"Mauricio Luis Prieto  dimite como consejero de eDreams Odigeo\">Mauricio Luis Prieto  dimite como consejero de eDreams Odigeo<\/a>\n<\/span><\/div>","aioseo_breadcrumb_json":[{"label":"Home","link":"https:\/\/eldigitaldeasturias.com\/magazine365"},{"label":"Actualidad Turismo","link":"https:\/\/eldigitaldeasturias.com\/magazine365\/category\/actualidad-turismo\/"},{"label":"Mauricio Luis Prieto  dimite como consejero de eDreams Odigeo","link":"https:\/\/eldigitaldeasturias.com\/magazine365\/mauricio-luis-prieto-dimite-como-consejero-de-edreams-odigeo\/"}],"_links":{"self":[{"href":"https:\/\/eldigitaldeasturias.com\/magazine365\/wp-json\/wp\/v2\/posts\/40516","targetHints":{"allow":["GET"]}}],"collection":[{"href":"https:\/\/eldigitaldeasturias.com\/magazine365\/wp-json\/wp\/v2\/posts"}],"about":[{"href":"https:\/\/eldigitaldeasturias.com\/magazine365\/wp-json\/wp\/v2\/types\/post"}],"author":[{"embeddable":true,"href":"https:\/\/eldigitaldeasturias.com\/magazine365\/wp-json\/wp\/v2\/users\/1"}],"replies":[{"embeddable":true,"href":"https:\/\/eldigitaldeasturias.com\/magazine365\/wp-json\/wp\/v2\/comments?post=40516"}],"version-history":[{"count":0,"href":"https:\/\/eldigitaldeasturias.com\/magazine365\/wp-json\/wp\/v2\/posts\/40516\/revisions"}],"wp:featuredmedia":[{"embeddable":true,"href":"https:\/\/eldigitaldeasturias.com\/magazine365\/wp-json\/wp\/v2\/media\/40517"}],"wp:attachment":[{"href":"https:\/\/eldigitaldeasturias.com\/magazine365\/wp-json\/wp\/v2\/media?parent=40516"}],"wp:term":[{"taxonomy":"category","embeddable":true,"href":"https:\/\/eldigitaldeasturias.com\/magazine365\/wp-json\/wp\/v2\/categories?post=40516"},{"taxonomy":"post_tag","embeddable":true,"href":"https:\/\/eldigitaldeasturias.com\/magazine365\/wp-json\/wp\/v2\/tags?post=40516"}],"curies":[{"name":"wp","href":"https:\/\/api.w.org\/{rel}","templated":true}]}}