{"id":40514,"date":"2015-06-22T12:15:14","date_gmt":"2015-06-22T10:45:14","guid":{"rendered":"http:\/\/eldigitaldeasturias.com\/magazine365\/?p=40514"},"modified":"2015-06-22T12:15:14","modified_gmt":"2015-06-22T10:45:14","slug":"cataluna-el-destino-rural-mas-demandado-en-la-noche-de-san-juan","status":"publish","type":"post","link":"https:\/\/eldigitaldeasturias.com\/magazine365\/cataluna-el-destino-rural-mas-demandado-en-la-noche-de-san-juan\/","title":{"rendered":"Catalu\u00f1a, el destino rural m\u00e1s demandado en la noche de San Juan"},"content":{"rendered":"<p><img fetchpriority=\"high\" decoding=\"async\" class=\"alignleft size-medium wp-image-40392\" src=\"https:\/\/eldigitaldeasturias.com\/magazine365\/wp-content\/uploads\/2015\/06\/hoguera-2015-360x241.jpg\" alt=\"hoguera 2015\" width=\"360\" height=\"241\" srcset=\"https:\/\/eldigitaldeasturias.com\/magazine365\/wp-content\/uploads\/2015\/06\/hoguera-2015-360x241.jpg 360w, https:\/\/eldigitaldeasturias.com\/magazine365\/wp-content\/uploads\/2015\/06\/hoguera-2015-650x435.jpg 650w, https:\/\/eldigitaldeasturias.com\/magazine365\/wp-content\/uploads\/2015\/06\/hoguera-2015-768x514.jpg 768w, https:\/\/eldigitaldeasturias.com\/magazine365\/wp-content\/uploads\/2015\/06\/hoguera-2015-150x100.jpg 150w, https:\/\/eldigitaldeasturias.com\/magazine365\/wp-content\/uploads\/2015\/06\/hoguera-2015-450x301.jpg 450w, https:\/\/eldigitaldeasturias.com\/magazine365\/wp-content\/uploads\/2015\/06\/hoguera-2015-696x465.jpg 696w, https:\/\/eldigitaldeasturias.com\/magazine365\/wp-content\/uploads\/2015\/06\/hoguera-2015-628x420.jpg 628w, https:\/\/eldigitaldeasturias.com\/magazine365\/wp-content\/uploads\/2015\/06\/hoguera-2015-84x55.jpg 84w, https:\/\/eldigitaldeasturias.com\/magazine365\/wp-content\/uploads\/2015\/06\/hoguera-2015.jpg 800w\" sizes=\"(max-width: 360px) 100vw, 360px\" \/>Catalu\u00f1a es el destino rural m\u00e1s demandado en la noche de San Juan, seg\u00fan el portal de alojamientos rurales Escapadarural.com, que asegura que en esta comunidad el \u00edndice de ocupaci\u00f3n alcanza el 28% frente al 12% de media nacional.<\/p>\n<p>Estos datos de ocupaci\u00f3n hay que valorarlos teniendo en cuenta en que Catalu\u00f1a es la \u00fanica autonom\u00eda donde el d\u00eda 24 de junio es festivo, por lo que se entiende que sea esta comunidad donde se registre una ocupaci\u00f3n m\u00e1s alta.<\/p>\n<p>En cuanto al resto de autonom\u00edas, las Islas Canarias, donde tambi\u00e9n es festivo el mi\u00e9rcoles 24 de junio en Las Palmas de Gran Canaria, han conseguido el segundo puesto de la clasificaci\u00f3n con el 18% de sus casas rurales completas, mientras que Navarra, una de las eternas favoritas del turista rural, ha obtenido un 15% de ocupaci\u00f3n.<\/p>\n<p>A nivel provincial, Barcelona se adelanta con un 41% de alojamientos que han colgado el cartel de completo. El resto de provincias catalanas se reparten los primeros puestos, siendo Tarragona la segunda con mayor ocupaci\u00f3n (25%), seguida de Girona (22%) y Lleida (20%).<\/p>\n<p>Alicante, otra de las comunidades con el mi\u00e9rcoles 24 festivo, obtiene el quinto puesto en la clasificaci\u00f3n con el 20% de sus alojamientos rurales reservados.<\/p>\n","protected":false},"excerpt":{"rendered":"<p>Catalu\u00f1a es el destino rural m\u00e1s demandado en la noche de San Juan, seg\u00fan el portal de alojamientos rurales Escapadarural.com, que asegura que en esta comunidad el \u00edndice de ocupaci\u00f3n alcanza el 28% frente al 12% de media nacional. Estos datos de ocupaci\u00f3n hay que valorarlos teniendo en cuenta en que Catalu\u00f1a es la \u00fanica<\/p>\n","protected":false},"author":1,"featured_media":40392,"comment_status":"open","ping_status":"closed","sticky":false,"template":"","format":"standard","meta":{"footnotes":""},"categories":[222],"tags":[],"class_list":{"0":"post-40514","1":"post","2":"type-post","3":"status-publish","4":"format-standard","5":"has-post-thumbnail","7":"category-actualidad-turismo"},"aioseo_notices":[],"aioseo_head":"\n\t\t<!-- All in One SEO Pro 4.9.6.1 - aioseo.com -->\n\t<meta name=\"description\" content=\"Catalu\u00f1a es el destino rural m\u00e1s demandado en la noche de San Juan, seg\u00fan el portal de alojamientos rurales Escapadarural.com, que asegura que en esta comunidad el \u00edndice de ocupaci\u00f3n alcanza el 28% frente al 12% de media nacional. Estos datos de ocupaci\u00f3n hay que valorarlos teniendo en cuenta en que Catalu\u00f1a es la \u00fanica\" \/>\n\t<meta name=\"robots\" content=\"max-image-preview:large\" \/>\n\t<meta name=\"author\" content=\"admin\"\/>\n\t<meta name=\"google-site-verification\" content=\"UA-38556648-1\" \/>\n\t<meta name=\"keywords\" content=\"actualidad turismo\" \/>\n\t<link rel=\"canonical\" href=\"https:\/\/eldigitaldeasturias.com\/magazine365\/cataluna-el-destino-rural-mas-demandado-en-la-noche-de-san-juan\/\" \/>\n\t<meta name=\"generator\" content=\"All in One SEO Pro (AIOSEO) 4.9.6.1\" \/>\n\t\t<meta property=\"og:locale\" content=\"es_ES\" \/>\n\t\t<meta property=\"og:site_name\" content=\"El Digital de Asturias \u2013 Revista de ocio, turismo y estilo de vida\" \/>\n\t\t<meta property=\"og:type\" content=\"article\" \/>\n\t\t<meta property=\"og:title\" content=\"Catalu\u00f1a, el destino rural m\u00e1s demandado en la noche de San Juan | El Digital de Asturias\" \/>\n\t\t<meta property=\"og:description\" content=\"Catalu\u00f1a es el destino rural m\u00e1s demandado en la noche de San Juan, seg\u00fan el portal de alojamientos rurales Escapadarural.com, que asegura que en esta comunidad el \u00edndice de ocupaci\u00f3n alcanza el 28% frente al 12% de media nacional. Estos datos de ocupaci\u00f3n hay que valorarlos teniendo en cuenta en que Catalu\u00f1a es la \u00fanica\" \/>\n\t\t<meta property=\"og:url\" content=\"https:\/\/eldigitaldeasturias.com\/magazine365\/cataluna-el-destino-rural-mas-demandado-en-la-noche-de-san-juan\/\" \/>\n\t\t<meta property=\"og:image\" content=\"https:\/\/eldigitaldeasturias.com\/magazine365\/wp-content\/uploads\/2015\/06\/hoguera-2015.jpg\" \/>\n\t\t<meta property=\"og:image:secure_url\" content=\"https:\/\/eldigitaldeasturias.com\/magazine365\/wp-content\/uploads\/2015\/06\/hoguera-2015.jpg\" \/>\n\t\t<meta property=\"og:image:width\" content=\"800\" \/>\n\t\t<meta property=\"og:image:height\" content=\"535\" \/>\n\t\t<meta property=\"article:published_time\" content=\"2015-06-22T10:45:14+00:00\" \/>\n\t\t<meta property=\"article:modified_time\" content=\"2015-06-22T10:45:14+00:00\" \/>\n\t\t<meta name=\"twitter:card\" content=\"summary_large_image\" \/>\n\t\t<meta name=\"twitter:title\" content=\"Catalu\u00f1a, el destino rural m\u00e1s demandado en la noche de San Juan | El Digital de Asturias\" \/>\n\t\t<meta name=\"twitter:description\" content=\"Catalu\u00f1a es el destino rural m\u00e1s demandado en la noche de San Juan, seg\u00fan el portal de alojamientos rurales Escapadarural.com, que asegura que en esta comunidad el \u00edndice de ocupaci\u00f3n alcanza el 28% frente al 12% de media nacional. Estos datos de ocupaci\u00f3n hay que valorarlos teniendo en cuenta en que Catalu\u00f1a es la \u00fanica\" \/>\n\t\t<meta name=\"twitter:image\" content=\"https:\/\/eldigitaldeasturias.com\/magazine365\/wp-content\/uploads\/2015\/06\/hoguera-2015.jpg\" \/>\n\t\t<script type=\"application\/ld+json\" class=\"aioseo-schema\">\n\t\t\t{\"@context\":\"https:\\\/\\\/schema.org\",\"@graph\":[{\"@type\":\"Article\",\"@id\":\"https:\\\/\\\/eldigitaldeasturias.com\\\/magazine365\\\/cataluna-el-destino-rural-mas-demandado-en-la-noche-de-san-juan\\\/#article\",\"name\":\"Catalu\\u00f1a, el destino rural m\\u00e1s demandado en la noche de San Juan | El Digital de Asturias\",\"headline\":\"Catalu\\u00f1a, el destino rural m\\u00e1s demandado en la noche de San Juan\",\"author\":{\"@id\":\"https:\\\/\\\/eldigitaldeasturias.com\\\/magazine365\\\/author\\\/admin\\\/#author\"},\"publisher\":{\"@id\":\"https:\\\/\\\/eldigitaldeasturias.com\\\/magazine365\\\/#organization\"},\"image\":{\"@type\":\"ImageObject\",\"url\":\"https:\\\/\\\/eldigitaldeasturias.com\\\/magazine365\\\/wp-content\\\/uploads\\\/2015\\\/06\\\/hoguera-2015.jpg\",\"width\":800,\"height\":535},\"datePublished\":\"2015-06-22T12:15:14+02:00\",\"dateModified\":\"2015-06-22T12:15:14+02:00\",\"inLanguage\":\"es-ES\",\"mainEntityOfPage\":{\"@id\":\"https:\\\/\\\/eldigitaldeasturias.com\\\/magazine365\\\/cataluna-el-destino-rural-mas-demandado-en-la-noche-de-san-juan\\\/#webpage\"},\"isPartOf\":{\"@id\":\"https:\\\/\\\/eldigitaldeasturias.com\\\/magazine365\\\/cataluna-el-destino-rural-mas-demandado-en-la-noche-de-san-juan\\\/#webpage\"},\"articleSection\":\"Actualidad Turismo\"},{\"@type\":\"BreadcrumbList\",\"@id\":\"https:\\\/\\\/eldigitaldeasturias.com\\\/magazine365\\\/cataluna-el-destino-rural-mas-demandado-en-la-noche-de-san-juan\\\/#breadcrumblist\",\"itemListElement\":[{\"@type\":\"ListItem\",\"@id\":\"https:\\\/\\\/eldigitaldeasturias.com\\\/magazine365#listItem\",\"position\":1,\"name\":\"Home\",\"item\":\"https:\\\/\\\/eldigitaldeasturias.com\\\/magazine365\",\"nextItem\":{\"@type\":\"ListItem\",\"@id\":\"https:\\\/\\\/eldigitaldeasturias.com\\\/magazine365\\\/category\\\/actualidad-turismo\\\/#listItem\",\"name\":\"Actualidad Turismo\"}},{\"@type\":\"ListItem\",\"@id\":\"https:\\\/\\\/eldigitaldeasturias.com\\\/magazine365\\\/category\\\/actualidad-turismo\\\/#listItem\",\"position\":2,\"name\":\"Actualidad Turismo\",\"item\":\"https:\\\/\\\/eldigitaldeasturias.com\\\/magazine365\\\/category\\\/actualidad-turismo\\\/\",\"nextItem\":{\"@type\":\"ListItem\",\"@id\":\"https:\\\/\\\/eldigitaldeasturias.com\\\/magazine365\\\/cataluna-el-destino-rural-mas-demandado-en-la-noche-de-san-juan\\\/#listItem\",\"name\":\"Catalu\\u00f1a, el destino rural m\\u00e1s demandado en la noche de San Juan\"},\"previousItem\":{\"@type\":\"ListItem\",\"@id\":\"https:\\\/\\\/eldigitaldeasturias.com\\\/magazine365#listItem\",\"name\":\"Home\"}},{\"@type\":\"ListItem\",\"@id\":\"https:\\\/\\\/eldigitaldeasturias.com\\\/magazine365\\\/cataluna-el-destino-rural-mas-demandado-en-la-noche-de-san-juan\\\/#listItem\",\"position\":3,\"name\":\"Catalu\\u00f1a, el destino rural m\\u00e1s demandado en la noche de San Juan\",\"previousItem\":{\"@type\":\"ListItem\",\"@id\":\"https:\\\/\\\/eldigitaldeasturias.com\\\/magazine365\\\/category\\\/actualidad-turismo\\\/#listItem\",\"name\":\"Actualidad Turismo\"}}]},{\"@type\":\"Organization\",\"@id\":\"https:\\\/\\\/eldigitaldeasturias.com\\\/magazine365\\\/#organization\",\"name\":\"El digital de Asturias\",\"description\":\"Revista de ocio, turismo y estilo de vida\",\"url\":\"https:\\\/\\\/eldigitaldeasturias.com\\\/magazine365\\\/\",\"logo\":{\"@type\":\"ImageObject\",\"url\":\"https:\\\/\\\/www.eldigitaldeasturias.com\\\/noticias\\\/wp-content\\\/uploads\\\/2020\\\/12\\\/EDA.jpg\",\"@id\":\"https:\\\/\\\/eldigitaldeasturias.com\\\/magazine365\\\/cataluna-el-destino-rural-mas-demandado-en-la-noche-de-san-juan\\\/#organizationLogo\"},\"image\":{\"@id\":\"https:\\\/\\\/eldigitaldeasturias.com\\\/magazine365\\\/cataluna-el-destino-rural-mas-demandado-en-la-noche-de-san-juan\\\/#organizationLogo\"}},{\"@type\":\"Person\",\"@id\":\"https:\\\/\\\/eldigitaldeasturias.com\\\/magazine365\\\/author\\\/admin\\\/#author\",\"url\":\"https:\\\/\\\/eldigitaldeasturias.com\\\/magazine365\\\/author\\\/admin\\\/\",\"name\":\"admin\",\"image\":{\"@type\":\"ImageObject\",\"@id\":\"https:\\\/\\\/eldigitaldeasturias.com\\\/magazine365\\\/cataluna-el-destino-rural-mas-demandado-en-la-noche-de-san-juan\\\/#authorImage\",\"url\":\"https:\\\/\\\/eldigitaldeasturias.com\\\/magazine365\\\/wp-content\\\/litespeed\\\/avatar\\\/e571bcf59a0edd6fa6838245a470f2fe.jpg?ver=1777574230\",\"width\":96,\"height\":96,\"caption\":\"admin\"}},{\"@type\":\"WebPage\",\"@id\":\"https:\\\/\\\/eldigitaldeasturias.com\\\/magazine365\\\/cataluna-el-destino-rural-mas-demandado-en-la-noche-de-san-juan\\\/#webpage\",\"url\":\"https:\\\/\\\/eldigitaldeasturias.com\\\/magazine365\\\/cataluna-el-destino-rural-mas-demandado-en-la-noche-de-san-juan\\\/\",\"name\":\"Catalu\\u00f1a, el destino rural m\\u00e1s demandado en la noche de San Juan | El Digital de Asturias\",\"description\":\"Catalu\\u00f1a es el destino rural m\\u00e1s demandado en la noche de San Juan, seg\\u00fan el portal de alojamientos rurales Escapadarural.com, que asegura que en esta comunidad el \\u00edndice de ocupaci\\u00f3n alcanza el 28% frente al 12% de media nacional. Estos datos de ocupaci\\u00f3n hay que valorarlos teniendo en cuenta en que Catalu\\u00f1a es la \\u00fanica\",\"inLanguage\":\"es-ES\",\"isPartOf\":{\"@id\":\"https:\\\/\\\/eldigitaldeasturias.com\\\/magazine365\\\/#website\"},\"breadcrumb\":{\"@id\":\"https:\\\/\\\/eldigitaldeasturias.com\\\/magazine365\\\/cataluna-el-destino-rural-mas-demandado-en-la-noche-de-san-juan\\\/#breadcrumblist\"},\"author\":{\"@id\":\"https:\\\/\\\/eldigitaldeasturias.com\\\/magazine365\\\/author\\\/admin\\\/#author\"},\"creator\":{\"@id\":\"https:\\\/\\\/eldigitaldeasturias.com\\\/magazine365\\\/author\\\/admin\\\/#author\"},\"image\":{\"@type\":\"ImageObject\",\"url\":\"https:\\\/\\\/eldigitaldeasturias.com\\\/magazine365\\\/wp-content\\\/uploads\\\/2015\\\/06\\\/hoguera-2015.jpg\",\"@id\":\"https:\\\/\\\/eldigitaldeasturias.com\\\/magazine365\\\/cataluna-el-destino-rural-mas-demandado-en-la-noche-de-san-juan\\\/#mainImage\",\"width\":800,\"height\":535},\"primaryImageOfPage\":{\"@id\":\"https:\\\/\\\/eldigitaldeasturias.com\\\/magazine365\\\/cataluna-el-destino-rural-mas-demandado-en-la-noche-de-san-juan\\\/#mainImage\"},\"datePublished\":\"2015-06-22T12:15:14+02:00\",\"dateModified\":\"2015-06-22T12:15:14+02:00\"},{\"@type\":\"WebSite\",\"@id\":\"https:\\\/\\\/eldigitaldeasturias.com\\\/magazine365\\\/#website\",\"url\":\"https:\\\/\\\/eldigitaldeasturias.com\\\/magazine365\\\/\",\"name\":\"El Digital de Asturias\",\"description\":\"Revista de ocio, turismo y estilo de vida\",\"inLanguage\":\"es-ES\",\"publisher\":{\"@id\":\"https:\\\/\\\/eldigitaldeasturias.com\\\/magazine365\\\/#organization\"}}]}\n\t\t<\/script>\n\t\t<!-- All in One SEO Pro -->\r\n\t\t<title>Catalu\u00f1a, el destino rural m\u00e1s demandado en la noche de San Juan | El Digital de Asturias<\/title>\n\n","aioseo_head_json":{"title":"Catalu\u00f1a, el destino rural m\u00e1s demandado en la noche de San Juan | El Digital de Asturias","description":"Catalu\u00f1a es el destino rural m\u00e1s demandado en la noche de San Juan, seg\u00fan el portal de alojamientos rurales Escapadarural.com, que asegura que en esta comunidad el \u00edndice de ocupaci\u00f3n alcanza el 28% frente al 12% de media nacional. Estos datos de ocupaci\u00f3n hay que valorarlos teniendo en cuenta en que Catalu\u00f1a es la \u00fanica","canonical_url":"https:\/\/eldigitaldeasturias.com\/magazine365\/cataluna-el-destino-rural-mas-demandado-en-la-noche-de-san-juan\/","robots":"max-image-preview:large","keywords":"actualidad turismo","webmasterTools":{"google-site-verification":"UA-38556648-1","miscellaneous":""},"schema":{"@context":"https:\/\/schema.org","@graph":[{"@type":"Article","@id":"https:\/\/eldigitaldeasturias.com\/magazine365\/cataluna-el-destino-rural-mas-demandado-en-la-noche-de-san-juan\/#article","name":"Catalu\u00f1a, el destino rural m\u00e1s demandado en la noche de San Juan | El Digital de Asturias","headline":"Catalu\u00f1a, el destino rural m\u00e1s demandado en la noche de San Juan","author":{"@id":"https:\/\/eldigitaldeasturias.com\/magazine365\/author\/admin\/#author"},"publisher":{"@id":"https:\/\/eldigitaldeasturias.com\/magazine365\/#organization"},"image":{"@type":"ImageObject","url":"https:\/\/eldigitaldeasturias.com\/magazine365\/wp-content\/uploads\/2015\/06\/hoguera-2015.jpg","width":800,"height":535},"datePublished":"2015-06-22T12:15:14+02:00","dateModified":"2015-06-22T12:15:14+02:00","inLanguage":"es-ES","mainEntityOfPage":{"@id":"https:\/\/eldigitaldeasturias.com\/magazine365\/cataluna-el-destino-rural-mas-demandado-en-la-noche-de-san-juan\/#webpage"},"isPartOf":{"@id":"https:\/\/eldigitaldeasturias.com\/magazine365\/cataluna-el-destino-rural-mas-demandado-en-la-noche-de-san-juan\/#webpage"},"articleSection":"Actualidad Turismo"},{"@type":"BreadcrumbList","@id":"https:\/\/eldigitaldeasturias.com\/magazine365\/cataluna-el-destino-rural-mas-demandado-en-la-noche-de-san-juan\/#breadcrumblist","itemListElement":[{"@type":"ListItem","@id":"https:\/\/eldigitaldeasturias.com\/magazine365#listItem","position":1,"name":"Home","item":"https:\/\/eldigitaldeasturias.com\/magazine365","nextItem":{"@type":"ListItem","@id":"https:\/\/eldigitaldeasturias.com\/magazine365\/category\/actualidad-turismo\/#listItem","name":"Actualidad Turismo"}},{"@type":"ListItem","@id":"https:\/\/eldigitaldeasturias.com\/magazine365\/category\/actualidad-turismo\/#listItem","position":2,"name":"Actualidad Turismo","item":"https:\/\/eldigitaldeasturias.com\/magazine365\/category\/actualidad-turismo\/","nextItem":{"@type":"ListItem","@id":"https:\/\/eldigitaldeasturias.com\/magazine365\/cataluna-el-destino-rural-mas-demandado-en-la-noche-de-san-juan\/#listItem","name":"Catalu\u00f1a, el destino rural m\u00e1s demandado en la noche de San Juan"},"previousItem":{"@type":"ListItem","@id":"https:\/\/eldigitaldeasturias.com\/magazine365#listItem","name":"Home"}},{"@type":"ListItem","@id":"https:\/\/eldigitaldeasturias.com\/magazine365\/cataluna-el-destino-rural-mas-demandado-en-la-noche-de-san-juan\/#listItem","position":3,"name":"Catalu\u00f1a, el destino rural m\u00e1s demandado en la noche de San Juan","previousItem":{"@type":"ListItem","@id":"https:\/\/eldigitaldeasturias.com\/magazine365\/category\/actualidad-turismo\/#listItem","name":"Actualidad Turismo"}}]},{"@type":"Organization","@id":"https:\/\/eldigitaldeasturias.com\/magazine365\/#organization","name":"El digital de Asturias","description":"Revista de ocio, turismo y estilo de vida","url":"https:\/\/eldigitaldeasturias.com\/magazine365\/","logo":{"@type":"ImageObject","url":"https:\/\/www.eldigitaldeasturias.com\/noticias\/wp-content\/uploads\/2020\/12\/EDA.jpg","@id":"https:\/\/eldigitaldeasturias.com\/magazine365\/cataluna-el-destino-rural-mas-demandado-en-la-noche-de-san-juan\/#organizationLogo"},"image":{"@id":"https:\/\/eldigitaldeasturias.com\/magazine365\/cataluna-el-destino-rural-mas-demandado-en-la-noche-de-san-juan\/#organizationLogo"}},{"@type":"Person","@id":"https:\/\/eldigitaldeasturias.com\/magazine365\/author\/admin\/#author","url":"https:\/\/eldigitaldeasturias.com\/magazine365\/author\/admin\/","name":"admin","image":{"@type":"ImageObject","@id":"https:\/\/eldigitaldeasturias.com\/magazine365\/cataluna-el-destino-rural-mas-demandado-en-la-noche-de-san-juan\/#authorImage","url":"https:\/\/eldigitaldeasturias.com\/magazine365\/wp-content\/litespeed\/avatar\/e571bcf59a0edd6fa6838245a470f2fe.jpg?ver=1777574230","width":96,"height":96,"caption":"admin"}},{"@type":"WebPage","@id":"https:\/\/eldigitaldeasturias.com\/magazine365\/cataluna-el-destino-rural-mas-demandado-en-la-noche-de-san-juan\/#webpage","url":"https:\/\/eldigitaldeasturias.com\/magazine365\/cataluna-el-destino-rural-mas-demandado-en-la-noche-de-san-juan\/","name":"Catalu\u00f1a, el destino rural m\u00e1s demandado en la noche de San Juan | El Digital de Asturias","description":"Catalu\u00f1a es el destino rural m\u00e1s demandado en la noche de San Juan, seg\u00fan el portal de alojamientos rurales Escapadarural.com, que asegura que en esta comunidad el \u00edndice de ocupaci\u00f3n alcanza el 28% frente al 12% de media nacional. Estos datos de ocupaci\u00f3n hay que valorarlos teniendo en cuenta en que Catalu\u00f1a es la \u00fanica","inLanguage":"es-ES","isPartOf":{"@id":"https:\/\/eldigitaldeasturias.com\/magazine365\/#website"},"breadcrumb":{"@id":"https:\/\/eldigitaldeasturias.com\/magazine365\/cataluna-el-destino-rural-mas-demandado-en-la-noche-de-san-juan\/#breadcrumblist"},"author":{"@id":"https:\/\/eldigitaldeasturias.com\/magazine365\/author\/admin\/#author"},"creator":{"@id":"https:\/\/eldigitaldeasturias.com\/magazine365\/author\/admin\/#author"},"image":{"@type":"ImageObject","url":"https:\/\/eldigitaldeasturias.com\/magazine365\/wp-content\/uploads\/2015\/06\/hoguera-2015.jpg","@id":"https:\/\/eldigitaldeasturias.com\/magazine365\/cataluna-el-destino-rural-mas-demandado-en-la-noche-de-san-juan\/#mainImage","width":800,"height":535},"primaryImageOfPage":{"@id":"https:\/\/eldigitaldeasturias.com\/magazine365\/cataluna-el-destino-rural-mas-demandado-en-la-noche-de-san-juan\/#mainImage"},"datePublished":"2015-06-22T12:15:14+02:00","dateModified":"2015-06-22T12:15:14+02:00"},{"@type":"WebSite","@id":"https:\/\/eldigitaldeasturias.com\/magazine365\/#website","url":"https:\/\/eldigitaldeasturias.com\/magazine365\/","name":"El Digital de Asturias","description":"Revista de ocio, turismo y estilo de vida","inLanguage":"es-ES","publisher":{"@id":"https:\/\/eldigitaldeasturias.com\/magazine365\/#organization"}}]},"og:locale":"es_ES","og:site_name":"El Digital de Asturias \u2013 Revista de ocio, turismo y estilo de vida","og:type":"article","og:title":"Catalu\u00f1a, el destino rural m\u00e1s demandado en la noche de San Juan | El Digital de Asturias","og:description":"Catalu\u00f1a es el destino rural m\u00e1s demandado en la noche de San Juan, seg\u00fan el portal de alojamientos rurales Escapadarural.com, que asegura que en esta comunidad el \u00edndice de ocupaci\u00f3n alcanza el 28% frente al 12% de media nacional. Estos datos de ocupaci\u00f3n hay que valorarlos teniendo en cuenta en que Catalu\u00f1a es la \u00fanica","og:url":"https:\/\/eldigitaldeasturias.com\/magazine365\/cataluna-el-destino-rural-mas-demandado-en-la-noche-de-san-juan\/","og:image":"https:\/\/eldigitaldeasturias.com\/magazine365\/wp-content\/uploads\/2015\/06\/hoguera-2015.jpg","og:image:secure_url":"https:\/\/eldigitaldeasturias.com\/magazine365\/wp-content\/uploads\/2015\/06\/hoguera-2015.jpg","og:image:width":800,"og:image:height":535,"article:published_time":"2015-06-22T10:45:14+00:00","article:modified_time":"2015-06-22T10:45:14+00:00","twitter:card":"summary_large_image","twitter:title":"Catalu\u00f1a, el destino rural m\u00e1s demandado en la noche de San Juan | El Digital de Asturias","twitter:description":"Catalu\u00f1a es el destino rural m\u00e1s demandado en la noche de San Juan, seg\u00fan el portal de alojamientos rurales Escapadarural.com, que asegura que en esta comunidad el \u00edndice de ocupaci\u00f3n alcanza el 28% frente al 12% de media nacional. Estos datos de ocupaci\u00f3n hay que valorarlos teniendo en cuenta en que Catalu\u00f1a es la \u00fanica","twitter:image":"https:\/\/eldigitaldeasturias.com\/magazine365\/wp-content\/uploads\/2015\/06\/hoguera-2015.jpg"},"aioseo_meta_data":{"post_id":"40514","title":null,"description":null,"keywords":null,"keyphrases":null,"primary_term":null,"canonical_url":null,"og_title":null,"og_description":null,"og_object_type":"default","og_image_type":"default","og_image_url":null,"og_image_width":null,"og_image_height":null,"og_image_custom_url":null,"og_image_custom_fields":null,"og_video":null,"og_custom_url":null,"og_article_section":null,"og_article_tags":null,"twitter_use_og":false,"twitter_card":"default","twitter_image_type":"default","twitter_image_url":null,"twitter_image_custom_url":null,"twitter_image_custom_fields":null,"twitter_title":null,"twitter_description":null,"schema":{"blockGraphs":[],"customGraphs":[],"default":{"data":{"Article":[],"Course":[],"Dataset":[],"FAQPage":[],"Movie":[],"Person":[],"Product":[],"ProductReview":[],"Car":[],"Recipe":[],"Service":[],"SoftwareApplication":[],"WebPage":[]},"graphName":"","isEnabled":true},"graphs":[]},"schema_type":null,"schema_type_options":null,"pillar_content":false,"robots_default":true,"robots_noindex":false,"robots_noarchive":false,"robots_nosnippet":false,"robots_nofollow":false,"robots_noimageindex":false,"robots_noodp":false,"robots_notranslate":false,"robots_max_snippet":null,"robots_max_videopreview":null,"robots_max_imagepreview":"large","priority":null,"frequency":null,"location":null,"local_seo":null,"seo_analyzer_scan_date":"2025-09-19 13:43:09","breadcrumb_settings":null,"limit_modified_date":false,"open_ai":null,"ai":null,"created":"2021-03-09 02:27:55","updated":"2025-09-19 13:43:09"},"aioseo_breadcrumb":"<div class=\"aioseo-breadcrumbs\"><span class=\"aioseo-breadcrumb\">\n\t<a href=\"https:\/\/eldigitaldeasturias.com\/magazine365\" title=\"Home\">Home<\/a>\n<\/span><span class=\"aioseo-breadcrumb-separator\">\u2013<\/span><span class=\"aioseo-breadcrumb\">\n\t<a href=\"https:\/\/eldigitaldeasturias.com\/magazine365\/category\/actualidad-turismo\/\" title=\"Actualidad Turismo\">Actualidad Turismo<\/a>\n<\/span><span class=\"aioseo-breadcrumb-separator\">\u2013<\/span><span class=\"aioseo-breadcrumb\">\n\t<a href=\"https:\/\/eldigitaldeasturias.com\/magazine365\/cataluna-el-destino-rural-mas-demandado-en-la-noche-de-san-juan\/\" title=\"Catalu\u00f1a, el destino rural m\u00e1s demandado en la noche de San Juan\">Catalu\u00f1a, el destino rural m\u00e1s demandado en la noche de San Juan<\/a>\n<\/span><\/div>","aioseo_breadcrumb_json":[{"label":"Home","link":"https:\/\/eldigitaldeasturias.com\/magazine365"},{"label":"Actualidad Turismo","link":"https:\/\/eldigitaldeasturias.com\/magazine365\/category\/actualidad-turismo\/"},{"label":"Catalu\u00f1a, el destino rural m\u00e1s demandado en la noche de San Juan","link":"https:\/\/eldigitaldeasturias.com\/magazine365\/cataluna-el-destino-rural-mas-demandado-en-la-noche-de-san-juan\/"}],"_links":{"self":[{"href":"https:\/\/eldigitaldeasturias.com\/magazine365\/wp-json\/wp\/v2\/posts\/40514","targetHints":{"allow":["GET"]}}],"collection":[{"href":"https:\/\/eldigitaldeasturias.com\/magazine365\/wp-json\/wp\/v2\/posts"}],"about":[{"href":"https:\/\/eldigitaldeasturias.com\/magazine365\/wp-json\/wp\/v2\/types\/post"}],"author":[{"embeddable":true,"href":"https:\/\/eldigitaldeasturias.com\/magazine365\/wp-json\/wp\/v2\/users\/1"}],"replies":[{"embeddable":true,"href":"https:\/\/eldigitaldeasturias.com\/magazine365\/wp-json\/wp\/v2\/comments?post=40514"}],"version-history":[{"count":0,"href":"https:\/\/eldigitaldeasturias.com\/magazine365\/wp-json\/wp\/v2\/posts\/40514\/revisions"}],"wp:featuredmedia":[{"embeddable":true,"href":"https:\/\/eldigitaldeasturias.com\/magazine365\/wp-json\/wp\/v2\/media\/40392"}],"wp:attachment":[{"href":"https:\/\/eldigitaldeasturias.com\/magazine365\/wp-json\/wp\/v2\/media?parent=40514"}],"wp:term":[{"taxonomy":"category","embeddable":true,"href":"https:\/\/eldigitaldeasturias.com\/magazine365\/wp-json\/wp\/v2\/categories?post=40514"},{"taxonomy":"post_tag","embeddable":true,"href":"https:\/\/eldigitaldeasturias.com\/magazine365\/wp-json\/wp\/v2\/tags?post=40514"}],"curies":[{"name":"wp","href":"https:\/\/api.w.org\/{rel}","templated":true}]}}