{"id":40506,"date":"2015-06-22T11:08:15","date_gmt":"2015-06-22T09:38:15","guid":{"rendered":"http:\/\/eldigitaldeasturias.com\/magazine365\/?p=40506"},"modified":"2015-06-22T11:08:15","modified_gmt":"2015-06-22T09:38:15","slug":"un-total-de-111-millones-de-pasajeros-han-viajado-en-el-ave-silencioso","status":"publish","type":"post","link":"https:\/\/eldigitaldeasturias.com\/magazine365\/un-total-de-111-millones-de-pasajeros-han-viajado-en-el-ave-silencioso\/","title":{"rendered":"Un total de 1,11 millones de pasajeros han viajado en el &#8216;AVE silencioso&#8217;"},"content":{"rendered":"<p><img fetchpriority=\"high\" decoding=\"async\" class=\"alignleft size-medium wp-image-40507\" src=\"https:\/\/eldigitaldeasturias.com\/magazine365\/wp-content\/uploads\/2015\/06\/fotonoticia_20150622095622_800-360x240.jpg\" alt=\"fotonoticia_20150622095622_800\" width=\"360\" height=\"240\" srcset=\"https:\/\/eldigitaldeasturias.com\/magazine365\/wp-content\/uploads\/2015\/06\/fotonoticia_20150622095622_800-360x240.jpg 360w, https:\/\/eldigitaldeasturias.com\/magazine365\/wp-content\/uploads\/2015\/06\/fotonoticia_20150622095622_800-650x433.jpg 650w, https:\/\/eldigitaldeasturias.com\/magazine365\/wp-content\/uploads\/2015\/06\/fotonoticia_20150622095622_800-768x512.jpg 768w, https:\/\/eldigitaldeasturias.com\/magazine365\/wp-content\/uploads\/2015\/06\/fotonoticia_20150622095622_800-150x100.jpg 150w, https:\/\/eldigitaldeasturias.com\/magazine365\/wp-content\/uploads\/2015\/06\/fotonoticia_20150622095622_800-450x300.jpg 450w, https:\/\/eldigitaldeasturias.com\/magazine365\/wp-content\/uploads\/2015\/06\/fotonoticia_20150622095622_800-696x464.jpg 696w, https:\/\/eldigitaldeasturias.com\/magazine365\/wp-content\/uploads\/2015\/06\/fotonoticia_20150622095622_800-630x420.jpg 630w, https:\/\/eldigitaldeasturias.com\/magazine365\/wp-content\/uploads\/2015\/06\/fotonoticia_20150622095622_800-84x55.jpg 84w, https:\/\/eldigitaldeasturias.com\/magazine365\/wp-content\/uploads\/2015\/06\/fotonoticia_20150622095622_800.jpg 800w\" sizes=\"(max-width: 360px) 100vw, 360px\" \/>Un total de 1,11 millones de pasajeros han viajado en el &#8216;AVE silencioso&#8217; que Renfe ofrece desde hace casi un a\u00f1o, un vag\u00f3n de los trenes de Alta Velocidad en el que no est\u00e1 permitido usar el tel\u00e9fono m\u00f3vil ni hablar en voz alta, donde la luz es tenue y no est\u00e1 habilitada la megafon\u00eda.<\/p>\n<p>El AVE a Barcelona copa casi la mitad (el 45%) del total de usuarios de estos coches silenciosos que la operadora ya habilita en todos sus servicios de Alta Velocidad, seg\u00fan datos oficiales de la compa\u00f1\u00eda que recoge Europa Press.<\/p>\n<p>Los vagones en silencio de los trenes del AVE a Sevilla transportaron a otro 18% del total de los usuarios de este servicio desde su lanzamiento en julio de 2014.<\/p>\n<p>El AVE a M\u00e1laga traslad\u00f3 un 12% de los pasajeros que optan por viajar en silencio y el AVE a Valencia y el que enlaza con Alicante un 10% cada uno de ellos.<\/p>\n<p>En su casi primer a\u00f1o en servicio, el &#8216;AVE silencioso\u00bb ha multiplicado por cuatro el n\u00famero de viajeros. En su primer mes (julio de 2014) transport\u00f3 37.000 viajeros, mientras que el pasado mes de mayo se vendieron 145.218 billetes para este servicio, que alcanz\u00f3 as\u00ed una ocupaci\u00f3n del 74%.<\/p>\n<p>ATRAER NUEVOS PASAJEROS.<\/p>\n<p>Renfe puso en marcha el verano pasado este servicio en el marco de su nueva estrategia comercial para el AVE con el fin atraer viajeros al ferrocarril y atender la demanda de un tipo de viajeros que busca aprovechar los trayectos en tren para descansar, relajarse o trabajar.<\/p>\n<p>Los billetes para viajar en los coches de &#8216;AVE silencioso&#8217; tienen el mismo precio que una plaza de las habituales en clase turista del mismo tren. Su compra implica que el viajero se compromete a respetar las condiciones y caracter\u00edsticas del viaje.<\/p>\n<p>As\u00ed, para \u00abgarantizar la calidad del servicio\u00bb, las condiciones del viaje en coche de &#8216;AVE silencioso&#8217; fijan que no pueden viajar menores de 14 a\u00f1os y que no se pueden comercializar billetes para grupos ni para mascotas.<\/p>\n<p>Los vagones cuentan con una iluminaci\u00f3n tenue y no tienen servicio de megafon\u00eda, restauraci\u00f3n en la plaza o &#8216;bar m\u00f3vil&#8217;. De su lado, los pasajeros deben habar en un tono bajo y \u00abno establecer conversaciones duraderas\u00bb.<\/p>\n<p>En el &#8216;AVE silencioso&#8217; no est\u00e1 permitido utilizar el tel\u00e9fono m\u00f3vil y se deben usar auriculares para escuchar dispositivos de audio o video \u00absiempre a un volumen que no moleste al resto del pasaje.<\/p>\n","protected":false},"excerpt":{"rendered":"<p>Un total de 1,11 millones de pasajeros han viajado en el &#8216;AVE silencioso&#8217; que Renfe ofrece desde hace casi un a\u00f1o, un vag\u00f3n de los trenes de Alta Velocidad en el que no est\u00e1 permitido usar el tel\u00e9fono m\u00f3vil ni hablar en voz alta, donde la luz es tenue y no est\u00e1 habilitada la megafon\u00eda.<\/p>\n","protected":false},"author":1,"featured_media":40507,"comment_status":"open","ping_status":"closed","sticky":false,"template":"","format":"standard","meta":{"footnotes":""},"categories":[224],"tags":[],"class_list":{"0":"post-40506","1":"post","2":"type-post","3":"status-publish","4":"format-standard","5":"has-post-thumbnail","7":"category-noticias-actualidad"},"aioseo_notices":[],"aioseo_head":"\n\t\t<!-- All in One SEO Pro 4.9.6.1 - aioseo.com -->\n\t<meta name=\"description\" content=\"Un total de 1,11 millones de pasajeros han viajado en el &#039;AVE silencioso&#039; que Renfe ofrece desde hace casi un a\u00f1o, un vag\u00f3n de los trenes de Alta Velocidad en el que no est\u00e1 permitido usar el tel\u00e9fono m\u00f3vil ni hablar en voz alta, donde la luz es tenue y no est\u00e1 habilitada la megafon\u00eda.\" \/>\n\t<meta name=\"robots\" content=\"max-image-preview:large\" \/>\n\t<meta name=\"author\" content=\"admin\"\/>\n\t<meta name=\"google-site-verification\" content=\"UA-38556648-1\" \/>\n\t<meta name=\"keywords\" content=\"noticias y actualidad\" \/>\n\t<link rel=\"canonical\" href=\"https:\/\/eldigitaldeasturias.com\/magazine365\/un-total-de-111-millones-de-pasajeros-han-viajado-en-el-ave-silencioso\/\" \/>\n\t<meta name=\"generator\" content=\"All in One SEO Pro (AIOSEO) 4.9.6.1\" \/>\n\t\t<meta property=\"og:locale\" content=\"es_ES\" \/>\n\t\t<meta property=\"og:site_name\" content=\"El Digital de Asturias \u2013 Revista de ocio, turismo y estilo de vida\" \/>\n\t\t<meta property=\"og:type\" content=\"article\" \/>\n\t\t<meta property=\"og:title\" content=\"Un total de 1,11 millones de pasajeros han viajado en el \u2018AVE silencioso\u2019 | El Digital de Asturias\" \/>\n\t\t<meta property=\"og:description\" content=\"Un total de 1,11 millones de pasajeros han viajado en el &#039;AVE silencioso&#039; que Renfe ofrece desde hace casi un a\u00f1o, un vag\u00f3n de los trenes de Alta Velocidad en el que no est\u00e1 permitido usar el tel\u00e9fono m\u00f3vil ni hablar en voz alta, donde la luz es tenue y no est\u00e1 habilitada la megafon\u00eda.\" \/>\n\t\t<meta property=\"og:url\" content=\"https:\/\/eldigitaldeasturias.com\/magazine365\/un-total-de-111-millones-de-pasajeros-han-viajado-en-el-ave-silencioso\/\" \/>\n\t\t<meta property=\"og:image\" content=\"https:\/\/eldigitaldeasturias.com\/magazine365\/wp-content\/uploads\/2015\/06\/fotonoticia_20150622095622_800.jpg\" \/>\n\t\t<meta property=\"og:image:secure_url\" content=\"https:\/\/eldigitaldeasturias.com\/magazine365\/wp-content\/uploads\/2015\/06\/fotonoticia_20150622095622_800.jpg\" \/>\n\t\t<meta property=\"og:image:width\" content=\"800\" \/>\n\t\t<meta property=\"og:image:height\" content=\"533\" \/>\n\t\t<meta property=\"article:published_time\" content=\"2015-06-22T09:38:15+00:00\" \/>\n\t\t<meta property=\"article:modified_time\" content=\"2015-06-22T09:38:15+00:00\" \/>\n\t\t<meta name=\"twitter:card\" content=\"summary_large_image\" \/>\n\t\t<meta name=\"twitter:title\" content=\"Un total de 1,11 millones de pasajeros han viajado en el \u2018AVE silencioso\u2019 | El Digital de Asturias\" \/>\n\t\t<meta name=\"twitter:description\" content=\"Un total de 1,11 millones de pasajeros han viajado en el &#039;AVE silencioso&#039; que Renfe ofrece desde hace casi un a\u00f1o, un vag\u00f3n de los trenes de Alta Velocidad en el que no est\u00e1 permitido usar el tel\u00e9fono m\u00f3vil ni hablar en voz alta, donde la luz es tenue y no est\u00e1 habilitada la megafon\u00eda.\" \/>\n\t\t<meta name=\"twitter:image\" content=\"https:\/\/eldigitaldeasturias.com\/magazine365\/wp-content\/uploads\/2015\/06\/fotonoticia_20150622095622_800.jpg\" \/>\n\t\t<script type=\"application\/ld+json\" class=\"aioseo-schema\">\n\t\t\t{\"@context\":\"https:\\\/\\\/schema.org\",\"@graph\":[{\"@type\":\"Article\",\"@id\":\"https:\\\/\\\/eldigitaldeasturias.com\\\/magazine365\\\/un-total-de-111-millones-de-pasajeros-han-viajado-en-el-ave-silencioso\\\/#article\",\"name\":\"Un total de 1,11 millones de pasajeros han viajado en el \\u2018AVE silencioso\\u2019 | El Digital de Asturias\",\"headline\":\"Un total de 1,11 millones de pasajeros han viajado en el &#8216;AVE silencioso&#8217;\",\"author\":{\"@id\":\"https:\\\/\\\/eldigitaldeasturias.com\\\/magazine365\\\/author\\\/admin\\\/#author\"},\"publisher\":{\"@id\":\"https:\\\/\\\/eldigitaldeasturias.com\\\/magazine365\\\/#organization\"},\"image\":{\"@type\":\"ImageObject\",\"url\":\"https:\\\/\\\/eldigitaldeasturias.com\\\/magazine365\\\/wp-content\\\/uploads\\\/2015\\\/06\\\/fotonoticia_20150622095622_800.jpg\",\"width\":800,\"height\":533},\"datePublished\":\"2015-06-22T11:08:15+02:00\",\"dateModified\":\"2015-06-22T11:08:15+02:00\",\"inLanguage\":\"es-ES\",\"mainEntityOfPage\":{\"@id\":\"https:\\\/\\\/eldigitaldeasturias.com\\\/magazine365\\\/un-total-de-111-millones-de-pasajeros-han-viajado-en-el-ave-silencioso\\\/#webpage\"},\"isPartOf\":{\"@id\":\"https:\\\/\\\/eldigitaldeasturias.com\\\/magazine365\\\/un-total-de-111-millones-de-pasajeros-han-viajado-en-el-ave-silencioso\\\/#webpage\"},\"articleSection\":\"Noticias y Actualidad\"},{\"@type\":\"BreadcrumbList\",\"@id\":\"https:\\\/\\\/eldigitaldeasturias.com\\\/magazine365\\\/un-total-de-111-millones-de-pasajeros-han-viajado-en-el-ave-silencioso\\\/#breadcrumblist\",\"itemListElement\":[{\"@type\":\"ListItem\",\"@id\":\"https:\\\/\\\/eldigitaldeasturias.com\\\/magazine365#listItem\",\"position\":1,\"name\":\"Home\",\"item\":\"https:\\\/\\\/eldigitaldeasturias.com\\\/magazine365\",\"nextItem\":{\"@type\":\"ListItem\",\"@id\":\"https:\\\/\\\/eldigitaldeasturias.com\\\/magazine365\\\/category\\\/noticias-actualidad\\\/#listItem\",\"name\":\"Noticias y Actualidad\"}},{\"@type\":\"ListItem\",\"@id\":\"https:\\\/\\\/eldigitaldeasturias.com\\\/magazine365\\\/category\\\/noticias-actualidad\\\/#listItem\",\"position\":2,\"name\":\"Noticias y Actualidad\",\"item\":\"https:\\\/\\\/eldigitaldeasturias.com\\\/magazine365\\\/category\\\/noticias-actualidad\\\/\",\"nextItem\":{\"@type\":\"ListItem\",\"@id\":\"https:\\\/\\\/eldigitaldeasturias.com\\\/magazine365\\\/un-total-de-111-millones-de-pasajeros-han-viajado-en-el-ave-silencioso\\\/#listItem\",\"name\":\"Un total de 1,11 millones de pasajeros han viajado en el &#8216;AVE silencioso&#8217;\"},\"previousItem\":{\"@type\":\"ListItem\",\"@id\":\"https:\\\/\\\/eldigitaldeasturias.com\\\/magazine365#listItem\",\"name\":\"Home\"}},{\"@type\":\"ListItem\",\"@id\":\"https:\\\/\\\/eldigitaldeasturias.com\\\/magazine365\\\/un-total-de-111-millones-de-pasajeros-han-viajado-en-el-ave-silencioso\\\/#listItem\",\"position\":3,\"name\":\"Un total de 1,11 millones de pasajeros han viajado en el &#8216;AVE silencioso&#8217;\",\"previousItem\":{\"@type\":\"ListItem\",\"@id\":\"https:\\\/\\\/eldigitaldeasturias.com\\\/magazine365\\\/category\\\/noticias-actualidad\\\/#listItem\",\"name\":\"Noticias y Actualidad\"}}]},{\"@type\":\"Organization\",\"@id\":\"https:\\\/\\\/eldigitaldeasturias.com\\\/magazine365\\\/#organization\",\"name\":\"El digital de Asturias\",\"description\":\"Revista de ocio, turismo y estilo de vida\",\"url\":\"https:\\\/\\\/eldigitaldeasturias.com\\\/magazine365\\\/\",\"logo\":{\"@type\":\"ImageObject\",\"url\":\"https:\\\/\\\/www.eldigitaldeasturias.com\\\/noticias\\\/wp-content\\\/uploads\\\/2020\\\/12\\\/EDA.jpg\",\"@id\":\"https:\\\/\\\/eldigitaldeasturias.com\\\/magazine365\\\/un-total-de-111-millones-de-pasajeros-han-viajado-en-el-ave-silencioso\\\/#organizationLogo\"},\"image\":{\"@id\":\"https:\\\/\\\/eldigitaldeasturias.com\\\/magazine365\\\/un-total-de-111-millones-de-pasajeros-han-viajado-en-el-ave-silencioso\\\/#organizationLogo\"}},{\"@type\":\"Person\",\"@id\":\"https:\\\/\\\/eldigitaldeasturias.com\\\/magazine365\\\/author\\\/admin\\\/#author\",\"url\":\"https:\\\/\\\/eldigitaldeasturias.com\\\/magazine365\\\/author\\\/admin\\\/\",\"name\":\"admin\",\"image\":{\"@type\":\"ImageObject\",\"@id\":\"https:\\\/\\\/eldigitaldeasturias.com\\\/magazine365\\\/un-total-de-111-millones-de-pasajeros-han-viajado-en-el-ave-silencioso\\\/#authorImage\",\"url\":\"https:\\\/\\\/eldigitaldeasturias.com\\\/magazine365\\\/wp-content\\\/litespeed\\\/avatar\\\/e571bcf59a0edd6fa6838245a470f2fe.jpg?ver=1777574230\",\"width\":96,\"height\":96,\"caption\":\"admin\"}},{\"@type\":\"WebPage\",\"@id\":\"https:\\\/\\\/eldigitaldeasturias.com\\\/magazine365\\\/un-total-de-111-millones-de-pasajeros-han-viajado-en-el-ave-silencioso\\\/#webpage\",\"url\":\"https:\\\/\\\/eldigitaldeasturias.com\\\/magazine365\\\/un-total-de-111-millones-de-pasajeros-han-viajado-en-el-ave-silencioso\\\/\",\"name\":\"Un total de 1,11 millones de pasajeros han viajado en el \\u2018AVE silencioso\\u2019 | El Digital de Asturias\",\"description\":\"Un total de 1,11 millones de pasajeros han viajado en el 'AVE silencioso' que Renfe ofrece desde hace casi un a\\u00f1o, un vag\\u00f3n de los trenes de Alta Velocidad en el que no est\\u00e1 permitido usar el tel\\u00e9fono m\\u00f3vil ni hablar en voz alta, donde la luz es tenue y no est\\u00e1 habilitada la megafon\\u00eda.\",\"inLanguage\":\"es-ES\",\"isPartOf\":{\"@id\":\"https:\\\/\\\/eldigitaldeasturias.com\\\/magazine365\\\/#website\"},\"breadcrumb\":{\"@id\":\"https:\\\/\\\/eldigitaldeasturias.com\\\/magazine365\\\/un-total-de-111-millones-de-pasajeros-han-viajado-en-el-ave-silencioso\\\/#breadcrumblist\"},\"author\":{\"@id\":\"https:\\\/\\\/eldigitaldeasturias.com\\\/magazine365\\\/author\\\/admin\\\/#author\"},\"creator\":{\"@id\":\"https:\\\/\\\/eldigitaldeasturias.com\\\/magazine365\\\/author\\\/admin\\\/#author\"},\"image\":{\"@type\":\"ImageObject\",\"url\":\"https:\\\/\\\/eldigitaldeasturias.com\\\/magazine365\\\/wp-content\\\/uploads\\\/2015\\\/06\\\/fotonoticia_20150622095622_800.jpg\",\"@id\":\"https:\\\/\\\/eldigitaldeasturias.com\\\/magazine365\\\/un-total-de-111-millones-de-pasajeros-han-viajado-en-el-ave-silencioso\\\/#mainImage\",\"width\":800,\"height\":533},\"primaryImageOfPage\":{\"@id\":\"https:\\\/\\\/eldigitaldeasturias.com\\\/magazine365\\\/un-total-de-111-millones-de-pasajeros-han-viajado-en-el-ave-silencioso\\\/#mainImage\"},\"datePublished\":\"2015-06-22T11:08:15+02:00\",\"dateModified\":\"2015-06-22T11:08:15+02:00\"},{\"@type\":\"WebSite\",\"@id\":\"https:\\\/\\\/eldigitaldeasturias.com\\\/magazine365\\\/#website\",\"url\":\"https:\\\/\\\/eldigitaldeasturias.com\\\/magazine365\\\/\",\"name\":\"El Digital de Asturias\",\"description\":\"Revista de ocio, turismo y estilo de vida\",\"inLanguage\":\"es-ES\",\"publisher\":{\"@id\":\"https:\\\/\\\/eldigitaldeasturias.com\\\/magazine365\\\/#organization\"}}]}\n\t\t<\/script>\n\t\t<!-- All in One SEO Pro -->\r\n\t\t<title>Un total de 1,11 millones de pasajeros han viajado en el \u2018AVE silencioso\u2019 | El Digital de Asturias<\/title>\n\n","aioseo_head_json":{"title":"Un total de 1,11 millones de pasajeros han viajado en el \u2018AVE silencioso\u2019 | El Digital de Asturias","description":"Un total de 1,11 millones de pasajeros han viajado en el 'AVE silencioso' que Renfe ofrece desde hace casi un a\u00f1o, un vag\u00f3n de los trenes de Alta Velocidad en el que no est\u00e1 permitido usar el tel\u00e9fono m\u00f3vil ni hablar en voz alta, donde la luz es tenue y no est\u00e1 habilitada la megafon\u00eda.","canonical_url":"https:\/\/eldigitaldeasturias.com\/magazine365\/un-total-de-111-millones-de-pasajeros-han-viajado-en-el-ave-silencioso\/","robots":"max-image-preview:large","keywords":"noticias y actualidad","webmasterTools":{"google-site-verification":"UA-38556648-1","miscellaneous":""},"schema":{"@context":"https:\/\/schema.org","@graph":[{"@type":"Article","@id":"https:\/\/eldigitaldeasturias.com\/magazine365\/un-total-de-111-millones-de-pasajeros-han-viajado-en-el-ave-silencioso\/#article","name":"Un total de 1,11 millones de pasajeros han viajado en el \u2018AVE silencioso\u2019 | El Digital de Asturias","headline":"Un total de 1,11 millones de pasajeros han viajado en el &#8216;AVE silencioso&#8217;","author":{"@id":"https:\/\/eldigitaldeasturias.com\/magazine365\/author\/admin\/#author"},"publisher":{"@id":"https:\/\/eldigitaldeasturias.com\/magazine365\/#organization"},"image":{"@type":"ImageObject","url":"https:\/\/eldigitaldeasturias.com\/magazine365\/wp-content\/uploads\/2015\/06\/fotonoticia_20150622095622_800.jpg","width":800,"height":533},"datePublished":"2015-06-22T11:08:15+02:00","dateModified":"2015-06-22T11:08:15+02:00","inLanguage":"es-ES","mainEntityOfPage":{"@id":"https:\/\/eldigitaldeasturias.com\/magazine365\/un-total-de-111-millones-de-pasajeros-han-viajado-en-el-ave-silencioso\/#webpage"},"isPartOf":{"@id":"https:\/\/eldigitaldeasturias.com\/magazine365\/un-total-de-111-millones-de-pasajeros-han-viajado-en-el-ave-silencioso\/#webpage"},"articleSection":"Noticias y Actualidad"},{"@type":"BreadcrumbList","@id":"https:\/\/eldigitaldeasturias.com\/magazine365\/un-total-de-111-millones-de-pasajeros-han-viajado-en-el-ave-silencioso\/#breadcrumblist","itemListElement":[{"@type":"ListItem","@id":"https:\/\/eldigitaldeasturias.com\/magazine365#listItem","position":1,"name":"Home","item":"https:\/\/eldigitaldeasturias.com\/magazine365","nextItem":{"@type":"ListItem","@id":"https:\/\/eldigitaldeasturias.com\/magazine365\/category\/noticias-actualidad\/#listItem","name":"Noticias y Actualidad"}},{"@type":"ListItem","@id":"https:\/\/eldigitaldeasturias.com\/magazine365\/category\/noticias-actualidad\/#listItem","position":2,"name":"Noticias y Actualidad","item":"https:\/\/eldigitaldeasturias.com\/magazine365\/category\/noticias-actualidad\/","nextItem":{"@type":"ListItem","@id":"https:\/\/eldigitaldeasturias.com\/magazine365\/un-total-de-111-millones-de-pasajeros-han-viajado-en-el-ave-silencioso\/#listItem","name":"Un total de 1,11 millones de pasajeros han viajado en el &#8216;AVE silencioso&#8217;"},"previousItem":{"@type":"ListItem","@id":"https:\/\/eldigitaldeasturias.com\/magazine365#listItem","name":"Home"}},{"@type":"ListItem","@id":"https:\/\/eldigitaldeasturias.com\/magazine365\/un-total-de-111-millones-de-pasajeros-han-viajado-en-el-ave-silencioso\/#listItem","position":3,"name":"Un total de 1,11 millones de pasajeros han viajado en el &#8216;AVE silencioso&#8217;","previousItem":{"@type":"ListItem","@id":"https:\/\/eldigitaldeasturias.com\/magazine365\/category\/noticias-actualidad\/#listItem","name":"Noticias y Actualidad"}}]},{"@type":"Organization","@id":"https:\/\/eldigitaldeasturias.com\/magazine365\/#organization","name":"El digital de Asturias","description":"Revista de ocio, turismo y estilo de vida","url":"https:\/\/eldigitaldeasturias.com\/magazine365\/","logo":{"@type":"ImageObject","url":"https:\/\/www.eldigitaldeasturias.com\/noticias\/wp-content\/uploads\/2020\/12\/EDA.jpg","@id":"https:\/\/eldigitaldeasturias.com\/magazine365\/un-total-de-111-millones-de-pasajeros-han-viajado-en-el-ave-silencioso\/#organizationLogo"},"image":{"@id":"https:\/\/eldigitaldeasturias.com\/magazine365\/un-total-de-111-millones-de-pasajeros-han-viajado-en-el-ave-silencioso\/#organizationLogo"}},{"@type":"Person","@id":"https:\/\/eldigitaldeasturias.com\/magazine365\/author\/admin\/#author","url":"https:\/\/eldigitaldeasturias.com\/magazine365\/author\/admin\/","name":"admin","image":{"@type":"ImageObject","@id":"https:\/\/eldigitaldeasturias.com\/magazine365\/un-total-de-111-millones-de-pasajeros-han-viajado-en-el-ave-silencioso\/#authorImage","url":"https:\/\/eldigitaldeasturias.com\/magazine365\/wp-content\/litespeed\/avatar\/e571bcf59a0edd6fa6838245a470f2fe.jpg?ver=1777574230","width":96,"height":96,"caption":"admin"}},{"@type":"WebPage","@id":"https:\/\/eldigitaldeasturias.com\/magazine365\/un-total-de-111-millones-de-pasajeros-han-viajado-en-el-ave-silencioso\/#webpage","url":"https:\/\/eldigitaldeasturias.com\/magazine365\/un-total-de-111-millones-de-pasajeros-han-viajado-en-el-ave-silencioso\/","name":"Un total de 1,11 millones de pasajeros han viajado en el \u2018AVE silencioso\u2019 | El Digital de Asturias","description":"Un total de 1,11 millones de pasajeros han viajado en el 'AVE silencioso' que Renfe ofrece desde hace casi un a\u00f1o, un vag\u00f3n de los trenes de Alta Velocidad en el que no est\u00e1 permitido usar el tel\u00e9fono m\u00f3vil ni hablar en voz alta, donde la luz es tenue y no est\u00e1 habilitada la megafon\u00eda.","inLanguage":"es-ES","isPartOf":{"@id":"https:\/\/eldigitaldeasturias.com\/magazine365\/#website"},"breadcrumb":{"@id":"https:\/\/eldigitaldeasturias.com\/magazine365\/un-total-de-111-millones-de-pasajeros-han-viajado-en-el-ave-silencioso\/#breadcrumblist"},"author":{"@id":"https:\/\/eldigitaldeasturias.com\/magazine365\/author\/admin\/#author"},"creator":{"@id":"https:\/\/eldigitaldeasturias.com\/magazine365\/author\/admin\/#author"},"image":{"@type":"ImageObject","url":"https:\/\/eldigitaldeasturias.com\/magazine365\/wp-content\/uploads\/2015\/06\/fotonoticia_20150622095622_800.jpg","@id":"https:\/\/eldigitaldeasturias.com\/magazine365\/un-total-de-111-millones-de-pasajeros-han-viajado-en-el-ave-silencioso\/#mainImage","width":800,"height":533},"primaryImageOfPage":{"@id":"https:\/\/eldigitaldeasturias.com\/magazine365\/un-total-de-111-millones-de-pasajeros-han-viajado-en-el-ave-silencioso\/#mainImage"},"datePublished":"2015-06-22T11:08:15+02:00","dateModified":"2015-06-22T11:08:15+02:00"},{"@type":"WebSite","@id":"https:\/\/eldigitaldeasturias.com\/magazine365\/#website","url":"https:\/\/eldigitaldeasturias.com\/magazine365\/","name":"El Digital de Asturias","description":"Revista de ocio, turismo y estilo de vida","inLanguage":"es-ES","publisher":{"@id":"https:\/\/eldigitaldeasturias.com\/magazine365\/#organization"}}]},"og:locale":"es_ES","og:site_name":"El Digital de Asturias \u2013 Revista de ocio, turismo y estilo de vida","og:type":"article","og:title":"Un total de 1,11 millones de pasajeros han viajado en el \u2018AVE silencioso\u2019 | El Digital de Asturias","og:description":"Un total de 1,11 millones de pasajeros han viajado en el 'AVE silencioso' que Renfe ofrece desde hace casi un a\u00f1o, un vag\u00f3n de los trenes de Alta Velocidad en el que no est\u00e1 permitido usar el tel\u00e9fono m\u00f3vil ni hablar en voz alta, donde la luz es tenue y no est\u00e1 habilitada la megafon\u00eda.","og:url":"https:\/\/eldigitaldeasturias.com\/magazine365\/un-total-de-111-millones-de-pasajeros-han-viajado-en-el-ave-silencioso\/","og:image":"https:\/\/eldigitaldeasturias.com\/magazine365\/wp-content\/uploads\/2015\/06\/fotonoticia_20150622095622_800.jpg","og:image:secure_url":"https:\/\/eldigitaldeasturias.com\/magazine365\/wp-content\/uploads\/2015\/06\/fotonoticia_20150622095622_800.jpg","og:image:width":800,"og:image:height":533,"article:published_time":"2015-06-22T09:38:15+00:00","article:modified_time":"2015-06-22T09:38:15+00:00","twitter:card":"summary_large_image","twitter:title":"Un total de 1,11 millones de pasajeros han viajado en el \u2018AVE silencioso\u2019 | El Digital de Asturias","twitter:description":"Un total de 1,11 millones de pasajeros han viajado en el 'AVE silencioso' que Renfe ofrece desde hace casi un a\u00f1o, un vag\u00f3n de los trenes de Alta Velocidad en el que no est\u00e1 permitido usar el tel\u00e9fono m\u00f3vil ni hablar en voz alta, donde la luz es tenue y no est\u00e1 habilitada la megafon\u00eda.","twitter:image":"https:\/\/eldigitaldeasturias.com\/magazine365\/wp-content\/uploads\/2015\/06\/fotonoticia_20150622095622_800.jpg"},"aioseo_meta_data":{"post_id":"40506","title":null,"description":null,"keywords":null,"keyphrases":null,"primary_term":null,"canonical_url":null,"og_title":null,"og_description":null,"og_object_type":"default","og_image_type":"default","og_image_url":null,"og_image_width":null,"og_image_height":null,"og_image_custom_url":null,"og_image_custom_fields":null,"og_video":null,"og_custom_url":null,"og_article_section":null,"og_article_tags":null,"twitter_use_og":false,"twitter_card":"default","twitter_image_type":"default","twitter_image_url":null,"twitter_image_custom_url":null,"twitter_image_custom_fields":null,"twitter_title":null,"twitter_description":null,"schema":{"blockGraphs":[],"customGraphs":[],"default":{"data":{"Article":[],"Course":[],"Dataset":[],"FAQPage":[],"Movie":[],"Person":[],"Product":[],"ProductReview":[],"Car":[],"Recipe":[],"Service":[],"SoftwareApplication":[],"WebPage":[]},"graphName":"","isEnabled":true},"graphs":[],"defaultGraph":"","defaultPostTypeGraph":""},"schema_type":null,"schema_type_options":null,"pillar_content":false,"robots_default":true,"robots_noindex":false,"robots_noarchive":false,"robots_nosnippet":false,"robots_nofollow":false,"robots_noimageindex":false,"robots_noodp":false,"robots_notranslate":false,"robots_max_snippet":null,"robots_max_videopreview":null,"robots_max_imagepreview":"large","priority":null,"frequency":null,"location":null,"local_seo":null,"seo_analyzer_scan_date":"2025-09-19 13:41:13","breadcrumb_settings":null,"limit_modified_date":false,"open_ai":null,"ai":null,"created":"2021-03-09 02:27:56","updated":"2025-09-19 13:41:13"},"aioseo_breadcrumb":"<div class=\"aioseo-breadcrumbs\"><span class=\"aioseo-breadcrumb\">\n\t<a href=\"https:\/\/eldigitaldeasturias.com\/magazine365\" title=\"Home\">Home<\/a>\n<\/span><span class=\"aioseo-breadcrumb-separator\">\u2013<\/span><span class=\"aioseo-breadcrumb\">\n\t<a href=\"https:\/\/eldigitaldeasturias.com\/magazine365\/category\/noticias-actualidad\/\" title=\"Noticias y Actualidad\">Noticias y Actualidad<\/a>\n<\/span><span class=\"aioseo-breadcrumb-separator\">\u2013<\/span><span class=\"aioseo-breadcrumb\">\n\t<a href=\"https:\/\/eldigitaldeasturias.com\/magazine365\/un-total-de-111-millones-de-pasajeros-han-viajado-en-el-ave-silencioso\/\" title=\"Un total de 1,11 millones de pasajeros han viajado en el \u2018AVE silencioso\u2019\">Un total de 1,11 millones de pasajeros han viajado en el \u2018AVE silencioso\u2019<\/a>\n<\/span><\/div>","aioseo_breadcrumb_json":[{"label":"Home","link":"https:\/\/eldigitaldeasturias.com\/magazine365"},{"label":"Noticias y Actualidad","link":"https:\/\/eldigitaldeasturias.com\/magazine365\/category\/noticias-actualidad\/"},{"label":"Un total de 1,11 millones de pasajeros han viajado en el &#8216;AVE silencioso&#8217;","link":"https:\/\/eldigitaldeasturias.com\/magazine365\/un-total-de-111-millones-de-pasajeros-han-viajado-en-el-ave-silencioso\/"}],"_links":{"self":[{"href":"https:\/\/eldigitaldeasturias.com\/magazine365\/wp-json\/wp\/v2\/posts\/40506","targetHints":{"allow":["GET"]}}],"collection":[{"href":"https:\/\/eldigitaldeasturias.com\/magazine365\/wp-json\/wp\/v2\/posts"}],"about":[{"href":"https:\/\/eldigitaldeasturias.com\/magazine365\/wp-json\/wp\/v2\/types\/post"}],"author":[{"embeddable":true,"href":"https:\/\/eldigitaldeasturias.com\/magazine365\/wp-json\/wp\/v2\/users\/1"}],"replies":[{"embeddable":true,"href":"https:\/\/eldigitaldeasturias.com\/magazine365\/wp-json\/wp\/v2\/comments?post=40506"}],"version-history":[{"count":0,"href":"https:\/\/eldigitaldeasturias.com\/magazine365\/wp-json\/wp\/v2\/posts\/40506\/revisions"}],"wp:featuredmedia":[{"embeddable":true,"href":"https:\/\/eldigitaldeasturias.com\/magazine365\/wp-json\/wp\/v2\/media\/40507"}],"wp:attachment":[{"href":"https:\/\/eldigitaldeasturias.com\/magazine365\/wp-json\/wp\/v2\/media?parent=40506"}],"wp:term":[{"taxonomy":"category","embeddable":true,"href":"https:\/\/eldigitaldeasturias.com\/magazine365\/wp-json\/wp\/v2\/categories?post=40506"},{"taxonomy":"post_tag","embeddable":true,"href":"https:\/\/eldigitaldeasturias.com\/magazine365\/wp-json\/wp\/v2\/tags?post=40506"}],"curies":[{"name":"wp","href":"https:\/\/api.w.org\/{rel}","templated":true}]}}