{"id":40497,"date":"2015-06-22T10:24:06","date_gmt":"2015-06-22T08:54:06","guid":{"rendered":"http:\/\/eldigitaldeasturias.com\/magazine365\/?p=40497"},"modified":"2015-06-22T10:24:06","modified_gmt":"2015-06-22T08:54:06","slug":"la-costa-del-sol-busca-negocio-por-primera-vez-en-el-mercado-turistico-irani","status":"publish","type":"post","link":"https:\/\/eldigitaldeasturias.com\/magazine365\/la-costa-del-sol-busca-negocio-por-primera-vez-en-el-mercado-turistico-irani\/","title":{"rendered":"La Costa del Sol busca negocio por primera vez en el mercado tur\u00edstico iran\u00ed"},"content":{"rendered":"<p><img fetchpriority=\"high\" decoding=\"async\" class=\"alignleft size-medium wp-image-40498\" src=\"https:\/\/eldigitaldeasturias.com\/magazine365\/wp-content\/uploads\/2015\/06\/fotonoticia_20150622093827_800-360x239.jpg\" alt=\"fotonoticia_20150622093827_800\" width=\"360\" height=\"239\" srcset=\"https:\/\/eldigitaldeasturias.com\/magazine365\/wp-content\/uploads\/2015\/06\/fotonoticia_20150622093827_800-360x239.jpg 360w, https:\/\/eldigitaldeasturias.com\/magazine365\/wp-content\/uploads\/2015\/06\/fotonoticia_20150622093827_800-650x431.jpg 650w, https:\/\/eldigitaldeasturias.com\/magazine365\/wp-content\/uploads\/2015\/06\/fotonoticia_20150622093827_800-768x510.jpg 768w, https:\/\/eldigitaldeasturias.com\/magazine365\/wp-content\/uploads\/2015\/06\/fotonoticia_20150622093827_800-150x100.jpg 150w, https:\/\/eldigitaldeasturias.com\/magazine365\/wp-content\/uploads\/2015\/06\/fotonoticia_20150622093827_800-450x299.jpg 450w, https:\/\/eldigitaldeasturias.com\/magazine365\/wp-content\/uploads\/2015\/06\/fotonoticia_20150622093827_800-696x462.jpg 696w, https:\/\/eldigitaldeasturias.com\/magazine365\/wp-content\/uploads\/2015\/06\/fotonoticia_20150622093827_800-633x420.jpg 633w, https:\/\/eldigitaldeasturias.com\/magazine365\/wp-content\/uploads\/2015\/06\/fotonoticia_20150622093827_800-84x55.jpg 84w, https:\/\/eldigitaldeasturias.com\/magazine365\/wp-content\/uploads\/2015\/06\/fotonoticia_20150622093827_800.jpg 800w\" sizes=\"(max-width: 360px) 100vw, 360px\" \/>La Costa del Sol quiere hacerse un hueco en el mercado iran\u00ed y, por primera vez, ha realizado unas jornadas profesionales, en colaboraci\u00f3n con Turkish Airlines, para explorar oportunidades de negocio en este destino que aunque no mueve grandes vol\u00famenes de viajeros s\u00ed tiene una potencialidad destacada y creciente.<\/p>\n<p>Espa\u00f1a ocupa la sexta posici\u00f3n entre los destinos m\u00e1s deseados por los turistas musulmanes despu\u00e9s de Francia (30 por ciento), Reino Unido e Italia, ambos con un 28 por ciento; Alemania y Turqu\u00eda (26 por ciento) y Espa\u00f1a (23 por ciento).<\/p>\n<p>El objetivo principal que ten\u00eda la Costa del Sol con esta acci\u00f3n, seg\u00fan han precisado a Europa Press, es introducirse es este mercado, para lo cual se han promocionado y comercializado productos como Living Costa del Sol (turismo residencial), salud y bienestar, compras, lujo, vacaciones en familia &#8211;sobre todo en hoteles de cuatro y cinco estrellas&#8211; y tur\u00edsmo idiom\u00e1tico.<\/p>\n<p>El presidente de Turismo Costa del Sol en funciones, El\u00edas Bendodo, ha recalcado que entre los aspectos m\u00e1s valorados del destino figuran la forma de vida, la hospitalidad y el clima de la Costa del Sol. Adem\u00e1s, se sienten especialmente atra\u00eddos por la marca Marbella, \u00abdestino que goza de una excelente imagen y reputaci\u00f3n junto con las ciudades de Madrid, Barcelona y Sevilla\u00bb.<\/p>\n<p>\u00abUNA POSICI\u00d3N MEJORABLE\u00bb<\/p>\n<p>Para Bendodo, aunque la posici\u00f3n de Espa\u00f1a es \u00abmejorable\u00bb, teniendo en cuenta los grandes atractivos del pa\u00eds, la Costa del Sol debe \u00abaprovecharse\u00bb. Precisamente, el 93 por ciento de los encuestados destaca la importancia de que el lugar elegido para las vacaciones disponga de ofertas y servicios &#8216;halal&#8217;, seg\u00fan el informe Muslim Travel Index 2014.<\/p>\n<p>En este sentido, la Costa del Sol cuenta con el \u00fanico hotel de estas caracter\u00edsticas de todo el pa\u00eds, para atender a las necesidades espec\u00edficas de los turistas musulmanes, especialmente en los temas alimenticios, ha recordado el presidente de la empresa p\u00fablica tur\u00edstica.<\/p>\n<p>El formato de esta promoci\u00f3n, inclu\u00edda en el plan de acci\u00f3n de Turismo Costa del Sol para el ejercicio 2015, ha sido de unos encuentros profesionales en formato &#8216;workshop&#8217; as\u00ed como presentaciones del destino M\u00e1Iaga-Costa del Sol.<\/p>\n<p>Estas jornadas profesionales para explorar el destino tambi\u00e9n se llevaron a cabo en Catar, donde la promoci\u00f3n y comercializaci\u00f3n se dirigi\u00f3 a productos relacionados con elite, rutas Al-\u00c1ndalus, vacaciones en familia, compras y gastronom\u00eda. En definitiva, \u00abproductos que abren nuevas oportunidades en la gesti\u00f3n de la estacionalidad\u00bb.<\/p>\n","protected":false},"excerpt":{"rendered":"<p>La Costa del Sol quiere hacerse un hueco en el mercado iran\u00ed y, por primera vez, ha realizado unas jornadas profesionales, en colaboraci\u00f3n con Turkish Airlines, para explorar oportunidades de negocio en este destino que aunque no mueve grandes vol\u00famenes de viajeros s\u00ed tiene una potencialidad destacada y creciente. Espa\u00f1a ocupa la sexta posici\u00f3n entre<\/p>\n","protected":false},"author":1,"featured_media":40498,"comment_status":"open","ping_status":"closed","sticky":false,"template":"","format":"standard","meta":{"footnotes":""},"categories":[222],"tags":[],"class_list":{"0":"post-40497","1":"post","2":"type-post","3":"status-publish","4":"format-standard","5":"has-post-thumbnail","7":"category-actualidad-turismo"},"aioseo_notices":[],"aioseo_head":"\n\t\t<!-- All in One SEO Pro 4.9.6.1 - aioseo.com -->\n\t<meta name=\"description\" content=\"La Costa del Sol quiere hacerse un hueco en el mercado iran\u00ed y, por primera vez, ha realizado unas jornadas profesionales, en colaboraci\u00f3n con Turkish Airlines, para explorar oportunidades de negocio en este destino que aunque no mueve grandes vol\u00famenes de viajeros s\u00ed tiene una potencialidad destacada y creciente. Espa\u00f1a ocupa la sexta posici\u00f3n entre\" \/>\n\t<meta name=\"robots\" content=\"max-image-preview:large\" \/>\n\t<meta name=\"author\" content=\"admin\"\/>\n\t<meta name=\"google-site-verification\" content=\"UA-38556648-1\" \/>\n\t<meta name=\"keywords\" content=\"actualidad turismo\" \/>\n\t<link rel=\"canonical\" href=\"https:\/\/eldigitaldeasturias.com\/magazine365\/la-costa-del-sol-busca-negocio-por-primera-vez-en-el-mercado-turistico-irani\/\" \/>\n\t<meta name=\"generator\" content=\"All in One SEO Pro (AIOSEO) 4.9.6.1\" \/>\n\t\t<meta property=\"og:locale\" content=\"es_ES\" \/>\n\t\t<meta property=\"og:site_name\" content=\"El Digital de Asturias \u2013 Revista de ocio, turismo y estilo de vida\" \/>\n\t\t<meta property=\"og:type\" content=\"article\" \/>\n\t\t<meta property=\"og:title\" content=\"La Costa del Sol busca negocio por primera vez en el mercado tur\u00edstico iran\u00ed | El Digital de Asturias\" \/>\n\t\t<meta property=\"og:description\" content=\"La Costa del Sol quiere hacerse un hueco en el mercado iran\u00ed y, por primera vez, ha realizado unas jornadas profesionales, en colaboraci\u00f3n con Turkish Airlines, para explorar oportunidades de negocio en este destino que aunque no mueve grandes vol\u00famenes de viajeros s\u00ed tiene una potencialidad destacada y creciente. Espa\u00f1a ocupa la sexta posici\u00f3n entre\" \/>\n\t\t<meta property=\"og:url\" content=\"https:\/\/eldigitaldeasturias.com\/magazine365\/la-costa-del-sol-busca-negocio-por-primera-vez-en-el-mercado-turistico-irani\/\" \/>\n\t\t<meta property=\"og:image\" content=\"https:\/\/eldigitaldeasturias.com\/magazine365\/wp-content\/uploads\/2015\/06\/fotonoticia_20150622093827_800.jpg\" \/>\n\t\t<meta property=\"og:image:secure_url\" content=\"https:\/\/eldigitaldeasturias.com\/magazine365\/wp-content\/uploads\/2015\/06\/fotonoticia_20150622093827_800.jpg\" \/>\n\t\t<meta property=\"og:image:width\" content=\"800\" \/>\n\t\t<meta property=\"og:image:height\" content=\"531\" \/>\n\t\t<meta property=\"article:published_time\" content=\"2015-06-22T08:54:06+00:00\" \/>\n\t\t<meta property=\"article:modified_time\" content=\"2015-06-22T08:54:06+00:00\" \/>\n\t\t<meta name=\"twitter:card\" content=\"summary_large_image\" \/>\n\t\t<meta name=\"twitter:title\" content=\"La Costa del Sol busca negocio por primera vez en el mercado tur\u00edstico iran\u00ed | El Digital de Asturias\" \/>\n\t\t<meta name=\"twitter:description\" content=\"La Costa del Sol quiere hacerse un hueco en el mercado iran\u00ed y, por primera vez, ha realizado unas jornadas profesionales, en colaboraci\u00f3n con Turkish Airlines, para explorar oportunidades de negocio en este destino que aunque no mueve grandes vol\u00famenes de viajeros s\u00ed tiene una potencialidad destacada y creciente. Espa\u00f1a ocupa la sexta posici\u00f3n entre\" \/>\n\t\t<meta name=\"twitter:image\" content=\"https:\/\/eldigitaldeasturias.com\/magazine365\/wp-content\/uploads\/2015\/06\/fotonoticia_20150622093827_800.jpg\" \/>\n\t\t<script type=\"application\/ld+json\" class=\"aioseo-schema\">\n\t\t\t{\"@context\":\"https:\\\/\\\/schema.org\",\"@graph\":[{\"@type\":\"Article\",\"@id\":\"https:\\\/\\\/eldigitaldeasturias.com\\\/magazine365\\\/la-costa-del-sol-busca-negocio-por-primera-vez-en-el-mercado-turistico-irani\\\/#article\",\"name\":\"La Costa del Sol busca negocio por primera vez en el mercado tur\\u00edstico iran\\u00ed | El Digital de Asturias\",\"headline\":\"La Costa del Sol busca negocio por primera vez en el mercado tur\\u00edstico iran\\u00ed\",\"author\":{\"@id\":\"https:\\\/\\\/eldigitaldeasturias.com\\\/magazine365\\\/author\\\/admin\\\/#author\"},\"publisher\":{\"@id\":\"https:\\\/\\\/eldigitaldeasturias.com\\\/magazine365\\\/#organization\"},\"image\":{\"@type\":\"ImageObject\",\"url\":\"https:\\\/\\\/eldigitaldeasturias.com\\\/magazine365\\\/wp-content\\\/uploads\\\/2015\\\/06\\\/fotonoticia_20150622093827_800.jpg\",\"width\":800,\"height\":531},\"datePublished\":\"2015-06-22T10:24:06+02:00\",\"dateModified\":\"2015-06-22T10:24:06+02:00\",\"inLanguage\":\"es-ES\",\"mainEntityOfPage\":{\"@id\":\"https:\\\/\\\/eldigitaldeasturias.com\\\/magazine365\\\/la-costa-del-sol-busca-negocio-por-primera-vez-en-el-mercado-turistico-irani\\\/#webpage\"},\"isPartOf\":{\"@id\":\"https:\\\/\\\/eldigitaldeasturias.com\\\/magazine365\\\/la-costa-del-sol-busca-negocio-por-primera-vez-en-el-mercado-turistico-irani\\\/#webpage\"},\"articleSection\":\"Actualidad Turismo\"},{\"@type\":\"BreadcrumbList\",\"@id\":\"https:\\\/\\\/eldigitaldeasturias.com\\\/magazine365\\\/la-costa-del-sol-busca-negocio-por-primera-vez-en-el-mercado-turistico-irani\\\/#breadcrumblist\",\"itemListElement\":[{\"@type\":\"ListItem\",\"@id\":\"https:\\\/\\\/eldigitaldeasturias.com\\\/magazine365#listItem\",\"position\":1,\"name\":\"Home\",\"item\":\"https:\\\/\\\/eldigitaldeasturias.com\\\/magazine365\",\"nextItem\":{\"@type\":\"ListItem\",\"@id\":\"https:\\\/\\\/eldigitaldeasturias.com\\\/magazine365\\\/category\\\/actualidad-turismo\\\/#listItem\",\"name\":\"Actualidad Turismo\"}},{\"@type\":\"ListItem\",\"@id\":\"https:\\\/\\\/eldigitaldeasturias.com\\\/magazine365\\\/category\\\/actualidad-turismo\\\/#listItem\",\"position\":2,\"name\":\"Actualidad Turismo\",\"item\":\"https:\\\/\\\/eldigitaldeasturias.com\\\/magazine365\\\/category\\\/actualidad-turismo\\\/\",\"nextItem\":{\"@type\":\"ListItem\",\"@id\":\"https:\\\/\\\/eldigitaldeasturias.com\\\/magazine365\\\/la-costa-del-sol-busca-negocio-por-primera-vez-en-el-mercado-turistico-irani\\\/#listItem\",\"name\":\"La Costa del Sol busca negocio por primera vez en el mercado tur\\u00edstico iran\\u00ed\"},\"previousItem\":{\"@type\":\"ListItem\",\"@id\":\"https:\\\/\\\/eldigitaldeasturias.com\\\/magazine365#listItem\",\"name\":\"Home\"}},{\"@type\":\"ListItem\",\"@id\":\"https:\\\/\\\/eldigitaldeasturias.com\\\/magazine365\\\/la-costa-del-sol-busca-negocio-por-primera-vez-en-el-mercado-turistico-irani\\\/#listItem\",\"position\":3,\"name\":\"La Costa del Sol busca negocio por primera vez en el mercado tur\\u00edstico iran\\u00ed\",\"previousItem\":{\"@type\":\"ListItem\",\"@id\":\"https:\\\/\\\/eldigitaldeasturias.com\\\/magazine365\\\/category\\\/actualidad-turismo\\\/#listItem\",\"name\":\"Actualidad Turismo\"}}]},{\"@type\":\"Organization\",\"@id\":\"https:\\\/\\\/eldigitaldeasturias.com\\\/magazine365\\\/#organization\",\"name\":\"El digital de Asturias\",\"description\":\"Revista de ocio, turismo y estilo de vida\",\"url\":\"https:\\\/\\\/eldigitaldeasturias.com\\\/magazine365\\\/\",\"logo\":{\"@type\":\"ImageObject\",\"url\":\"https:\\\/\\\/www.eldigitaldeasturias.com\\\/noticias\\\/wp-content\\\/uploads\\\/2020\\\/12\\\/EDA.jpg\",\"@id\":\"https:\\\/\\\/eldigitaldeasturias.com\\\/magazine365\\\/la-costa-del-sol-busca-negocio-por-primera-vez-en-el-mercado-turistico-irani\\\/#organizationLogo\"},\"image\":{\"@id\":\"https:\\\/\\\/eldigitaldeasturias.com\\\/magazine365\\\/la-costa-del-sol-busca-negocio-por-primera-vez-en-el-mercado-turistico-irani\\\/#organizationLogo\"}},{\"@type\":\"Person\",\"@id\":\"https:\\\/\\\/eldigitaldeasturias.com\\\/magazine365\\\/author\\\/admin\\\/#author\",\"url\":\"https:\\\/\\\/eldigitaldeasturias.com\\\/magazine365\\\/author\\\/admin\\\/\",\"name\":\"admin\",\"image\":{\"@type\":\"ImageObject\",\"@id\":\"https:\\\/\\\/eldigitaldeasturias.com\\\/magazine365\\\/la-costa-del-sol-busca-negocio-por-primera-vez-en-el-mercado-turistico-irani\\\/#authorImage\",\"url\":\"https:\\\/\\\/eldigitaldeasturias.com\\\/magazine365\\\/wp-content\\\/litespeed\\\/avatar\\\/e571bcf59a0edd6fa6838245a470f2fe.jpg?ver=1777574230\",\"width\":96,\"height\":96,\"caption\":\"admin\"}},{\"@type\":\"WebPage\",\"@id\":\"https:\\\/\\\/eldigitaldeasturias.com\\\/magazine365\\\/la-costa-del-sol-busca-negocio-por-primera-vez-en-el-mercado-turistico-irani\\\/#webpage\",\"url\":\"https:\\\/\\\/eldigitaldeasturias.com\\\/magazine365\\\/la-costa-del-sol-busca-negocio-por-primera-vez-en-el-mercado-turistico-irani\\\/\",\"name\":\"La Costa del Sol busca negocio por primera vez en el mercado tur\\u00edstico iran\\u00ed | El Digital de Asturias\",\"description\":\"La Costa del Sol quiere hacerse un hueco en el mercado iran\\u00ed y, por primera vez, ha realizado unas jornadas profesionales, en colaboraci\\u00f3n con Turkish Airlines, para explorar oportunidades de negocio en este destino que aunque no mueve grandes vol\\u00famenes de viajeros s\\u00ed tiene una potencialidad destacada y creciente. Espa\\u00f1a ocupa la sexta posici\\u00f3n entre\",\"inLanguage\":\"es-ES\",\"isPartOf\":{\"@id\":\"https:\\\/\\\/eldigitaldeasturias.com\\\/magazine365\\\/#website\"},\"breadcrumb\":{\"@id\":\"https:\\\/\\\/eldigitaldeasturias.com\\\/magazine365\\\/la-costa-del-sol-busca-negocio-por-primera-vez-en-el-mercado-turistico-irani\\\/#breadcrumblist\"},\"author\":{\"@id\":\"https:\\\/\\\/eldigitaldeasturias.com\\\/magazine365\\\/author\\\/admin\\\/#author\"},\"creator\":{\"@id\":\"https:\\\/\\\/eldigitaldeasturias.com\\\/magazine365\\\/author\\\/admin\\\/#author\"},\"image\":{\"@type\":\"ImageObject\",\"url\":\"https:\\\/\\\/eldigitaldeasturias.com\\\/magazine365\\\/wp-content\\\/uploads\\\/2015\\\/06\\\/fotonoticia_20150622093827_800.jpg\",\"@id\":\"https:\\\/\\\/eldigitaldeasturias.com\\\/magazine365\\\/la-costa-del-sol-busca-negocio-por-primera-vez-en-el-mercado-turistico-irani\\\/#mainImage\",\"width\":800,\"height\":531},\"primaryImageOfPage\":{\"@id\":\"https:\\\/\\\/eldigitaldeasturias.com\\\/magazine365\\\/la-costa-del-sol-busca-negocio-por-primera-vez-en-el-mercado-turistico-irani\\\/#mainImage\"},\"datePublished\":\"2015-06-22T10:24:06+02:00\",\"dateModified\":\"2015-06-22T10:24:06+02:00\"},{\"@type\":\"WebSite\",\"@id\":\"https:\\\/\\\/eldigitaldeasturias.com\\\/magazine365\\\/#website\",\"url\":\"https:\\\/\\\/eldigitaldeasturias.com\\\/magazine365\\\/\",\"name\":\"El Digital de Asturias\",\"description\":\"Revista de ocio, turismo y estilo de vida\",\"inLanguage\":\"es-ES\",\"publisher\":{\"@id\":\"https:\\\/\\\/eldigitaldeasturias.com\\\/magazine365\\\/#organization\"}}]}\n\t\t<\/script>\n\t\t<!-- All in One SEO Pro -->\r\n\t\t<title>La Costa del Sol busca negocio por primera vez en el mercado tur\u00edstico iran\u00ed | El Digital de Asturias<\/title>\n\n","aioseo_head_json":{"title":"La Costa del Sol busca negocio por primera vez en el mercado tur\u00edstico iran\u00ed | El Digital de Asturias","description":"La Costa del Sol quiere hacerse un hueco en el mercado iran\u00ed y, por primera vez, ha realizado unas jornadas profesionales, en colaboraci\u00f3n con Turkish Airlines, para explorar oportunidades de negocio en este destino que aunque no mueve grandes vol\u00famenes de viajeros s\u00ed tiene una potencialidad destacada y creciente. Espa\u00f1a ocupa la sexta posici\u00f3n entre","canonical_url":"https:\/\/eldigitaldeasturias.com\/magazine365\/la-costa-del-sol-busca-negocio-por-primera-vez-en-el-mercado-turistico-irani\/","robots":"max-image-preview:large","keywords":"actualidad turismo","webmasterTools":{"google-site-verification":"UA-38556648-1","miscellaneous":""},"schema":{"@context":"https:\/\/schema.org","@graph":[{"@type":"Article","@id":"https:\/\/eldigitaldeasturias.com\/magazine365\/la-costa-del-sol-busca-negocio-por-primera-vez-en-el-mercado-turistico-irani\/#article","name":"La Costa del Sol busca negocio por primera vez en el mercado tur\u00edstico iran\u00ed | El Digital de Asturias","headline":"La Costa del Sol busca negocio por primera vez en el mercado tur\u00edstico iran\u00ed","author":{"@id":"https:\/\/eldigitaldeasturias.com\/magazine365\/author\/admin\/#author"},"publisher":{"@id":"https:\/\/eldigitaldeasturias.com\/magazine365\/#organization"},"image":{"@type":"ImageObject","url":"https:\/\/eldigitaldeasturias.com\/magazine365\/wp-content\/uploads\/2015\/06\/fotonoticia_20150622093827_800.jpg","width":800,"height":531},"datePublished":"2015-06-22T10:24:06+02:00","dateModified":"2015-06-22T10:24:06+02:00","inLanguage":"es-ES","mainEntityOfPage":{"@id":"https:\/\/eldigitaldeasturias.com\/magazine365\/la-costa-del-sol-busca-negocio-por-primera-vez-en-el-mercado-turistico-irani\/#webpage"},"isPartOf":{"@id":"https:\/\/eldigitaldeasturias.com\/magazine365\/la-costa-del-sol-busca-negocio-por-primera-vez-en-el-mercado-turistico-irani\/#webpage"},"articleSection":"Actualidad Turismo"},{"@type":"BreadcrumbList","@id":"https:\/\/eldigitaldeasturias.com\/magazine365\/la-costa-del-sol-busca-negocio-por-primera-vez-en-el-mercado-turistico-irani\/#breadcrumblist","itemListElement":[{"@type":"ListItem","@id":"https:\/\/eldigitaldeasturias.com\/magazine365#listItem","position":1,"name":"Home","item":"https:\/\/eldigitaldeasturias.com\/magazine365","nextItem":{"@type":"ListItem","@id":"https:\/\/eldigitaldeasturias.com\/magazine365\/category\/actualidad-turismo\/#listItem","name":"Actualidad Turismo"}},{"@type":"ListItem","@id":"https:\/\/eldigitaldeasturias.com\/magazine365\/category\/actualidad-turismo\/#listItem","position":2,"name":"Actualidad Turismo","item":"https:\/\/eldigitaldeasturias.com\/magazine365\/category\/actualidad-turismo\/","nextItem":{"@type":"ListItem","@id":"https:\/\/eldigitaldeasturias.com\/magazine365\/la-costa-del-sol-busca-negocio-por-primera-vez-en-el-mercado-turistico-irani\/#listItem","name":"La Costa del Sol busca negocio por primera vez en el mercado tur\u00edstico iran\u00ed"},"previousItem":{"@type":"ListItem","@id":"https:\/\/eldigitaldeasturias.com\/magazine365#listItem","name":"Home"}},{"@type":"ListItem","@id":"https:\/\/eldigitaldeasturias.com\/magazine365\/la-costa-del-sol-busca-negocio-por-primera-vez-en-el-mercado-turistico-irani\/#listItem","position":3,"name":"La Costa del Sol busca negocio por primera vez en el mercado tur\u00edstico iran\u00ed","previousItem":{"@type":"ListItem","@id":"https:\/\/eldigitaldeasturias.com\/magazine365\/category\/actualidad-turismo\/#listItem","name":"Actualidad Turismo"}}]},{"@type":"Organization","@id":"https:\/\/eldigitaldeasturias.com\/magazine365\/#organization","name":"El digital de Asturias","description":"Revista de ocio, turismo y estilo de vida","url":"https:\/\/eldigitaldeasturias.com\/magazine365\/","logo":{"@type":"ImageObject","url":"https:\/\/www.eldigitaldeasturias.com\/noticias\/wp-content\/uploads\/2020\/12\/EDA.jpg","@id":"https:\/\/eldigitaldeasturias.com\/magazine365\/la-costa-del-sol-busca-negocio-por-primera-vez-en-el-mercado-turistico-irani\/#organizationLogo"},"image":{"@id":"https:\/\/eldigitaldeasturias.com\/magazine365\/la-costa-del-sol-busca-negocio-por-primera-vez-en-el-mercado-turistico-irani\/#organizationLogo"}},{"@type":"Person","@id":"https:\/\/eldigitaldeasturias.com\/magazine365\/author\/admin\/#author","url":"https:\/\/eldigitaldeasturias.com\/magazine365\/author\/admin\/","name":"admin","image":{"@type":"ImageObject","@id":"https:\/\/eldigitaldeasturias.com\/magazine365\/la-costa-del-sol-busca-negocio-por-primera-vez-en-el-mercado-turistico-irani\/#authorImage","url":"https:\/\/eldigitaldeasturias.com\/magazine365\/wp-content\/litespeed\/avatar\/e571bcf59a0edd6fa6838245a470f2fe.jpg?ver=1777574230","width":96,"height":96,"caption":"admin"}},{"@type":"WebPage","@id":"https:\/\/eldigitaldeasturias.com\/magazine365\/la-costa-del-sol-busca-negocio-por-primera-vez-en-el-mercado-turistico-irani\/#webpage","url":"https:\/\/eldigitaldeasturias.com\/magazine365\/la-costa-del-sol-busca-negocio-por-primera-vez-en-el-mercado-turistico-irani\/","name":"La Costa del Sol busca negocio por primera vez en el mercado tur\u00edstico iran\u00ed | El Digital de Asturias","description":"La Costa del Sol quiere hacerse un hueco en el mercado iran\u00ed y, por primera vez, ha realizado unas jornadas profesionales, en colaboraci\u00f3n con Turkish Airlines, para explorar oportunidades de negocio en este destino que aunque no mueve grandes vol\u00famenes de viajeros s\u00ed tiene una potencialidad destacada y creciente. Espa\u00f1a ocupa la sexta posici\u00f3n entre","inLanguage":"es-ES","isPartOf":{"@id":"https:\/\/eldigitaldeasturias.com\/magazine365\/#website"},"breadcrumb":{"@id":"https:\/\/eldigitaldeasturias.com\/magazine365\/la-costa-del-sol-busca-negocio-por-primera-vez-en-el-mercado-turistico-irani\/#breadcrumblist"},"author":{"@id":"https:\/\/eldigitaldeasturias.com\/magazine365\/author\/admin\/#author"},"creator":{"@id":"https:\/\/eldigitaldeasturias.com\/magazine365\/author\/admin\/#author"},"image":{"@type":"ImageObject","url":"https:\/\/eldigitaldeasturias.com\/magazine365\/wp-content\/uploads\/2015\/06\/fotonoticia_20150622093827_800.jpg","@id":"https:\/\/eldigitaldeasturias.com\/magazine365\/la-costa-del-sol-busca-negocio-por-primera-vez-en-el-mercado-turistico-irani\/#mainImage","width":800,"height":531},"primaryImageOfPage":{"@id":"https:\/\/eldigitaldeasturias.com\/magazine365\/la-costa-del-sol-busca-negocio-por-primera-vez-en-el-mercado-turistico-irani\/#mainImage"},"datePublished":"2015-06-22T10:24:06+02:00","dateModified":"2015-06-22T10:24:06+02:00"},{"@type":"WebSite","@id":"https:\/\/eldigitaldeasturias.com\/magazine365\/#website","url":"https:\/\/eldigitaldeasturias.com\/magazine365\/","name":"El Digital de Asturias","description":"Revista de ocio, turismo y estilo de vida","inLanguage":"es-ES","publisher":{"@id":"https:\/\/eldigitaldeasturias.com\/magazine365\/#organization"}}]},"og:locale":"es_ES","og:site_name":"El Digital de Asturias \u2013 Revista de ocio, turismo y estilo de vida","og:type":"article","og:title":"La Costa del Sol busca negocio por primera vez en el mercado tur\u00edstico iran\u00ed | El Digital de Asturias","og:description":"La Costa del Sol quiere hacerse un hueco en el mercado iran\u00ed y, por primera vez, ha realizado unas jornadas profesionales, en colaboraci\u00f3n con Turkish Airlines, para explorar oportunidades de negocio en este destino que aunque no mueve grandes vol\u00famenes de viajeros s\u00ed tiene una potencialidad destacada y creciente. Espa\u00f1a ocupa la sexta posici\u00f3n entre","og:url":"https:\/\/eldigitaldeasturias.com\/magazine365\/la-costa-del-sol-busca-negocio-por-primera-vez-en-el-mercado-turistico-irani\/","og:image":"https:\/\/eldigitaldeasturias.com\/magazine365\/wp-content\/uploads\/2015\/06\/fotonoticia_20150622093827_800.jpg","og:image:secure_url":"https:\/\/eldigitaldeasturias.com\/magazine365\/wp-content\/uploads\/2015\/06\/fotonoticia_20150622093827_800.jpg","og:image:width":800,"og:image:height":531,"article:published_time":"2015-06-22T08:54:06+00:00","article:modified_time":"2015-06-22T08:54:06+00:00","twitter:card":"summary_large_image","twitter:title":"La Costa del Sol busca negocio por primera vez en el mercado tur\u00edstico iran\u00ed | El Digital de Asturias","twitter:description":"La Costa del Sol quiere hacerse un hueco en el mercado iran\u00ed y, por primera vez, ha realizado unas jornadas profesionales, en colaboraci\u00f3n con Turkish Airlines, para explorar oportunidades de negocio en este destino que aunque no mueve grandes vol\u00famenes de viajeros s\u00ed tiene una potencialidad destacada y creciente. Espa\u00f1a ocupa la sexta posici\u00f3n entre","twitter:image":"https:\/\/eldigitaldeasturias.com\/magazine365\/wp-content\/uploads\/2015\/06\/fotonoticia_20150622093827_800.jpg"},"aioseo_meta_data":{"post_id":"40497","title":null,"description":null,"keywords":null,"keyphrases":null,"primary_term":null,"canonical_url":null,"og_title":null,"og_description":null,"og_object_type":"default","og_image_type":"default","og_image_url":null,"og_image_width":null,"og_image_height":null,"og_image_custom_url":null,"og_image_custom_fields":null,"og_video":null,"og_custom_url":null,"og_article_section":null,"og_article_tags":null,"twitter_use_og":false,"twitter_card":"default","twitter_image_type":"default","twitter_image_url":null,"twitter_image_custom_url":null,"twitter_image_custom_fields":null,"twitter_title":null,"twitter_description":null,"schema":{"blockGraphs":[],"customGraphs":[],"default":{"data":{"Article":[],"Course":[],"Dataset":[],"FAQPage":[],"Movie":[],"Person":[],"Product":[],"ProductReview":[],"Car":[],"Recipe":[],"Service":[],"SoftwareApplication":[],"WebPage":[]},"graphName":"","isEnabled":true},"graphs":[],"defaultGraph":"","defaultPostTypeGraph":""},"schema_type":null,"schema_type_options":null,"pillar_content":false,"robots_default":true,"robots_noindex":false,"robots_noarchive":false,"robots_nosnippet":false,"robots_nofollow":false,"robots_noimageindex":false,"robots_noodp":false,"robots_notranslate":false,"robots_max_snippet":null,"robots_max_videopreview":null,"robots_max_imagepreview":"large","priority":null,"frequency":null,"location":null,"local_seo":null,"seo_analyzer_scan_date":"2025-09-19 13:41:04","breadcrumb_settings":null,"limit_modified_date":false,"open_ai":null,"ai":null,"created":"2021-03-09 02:27:56","updated":"2025-09-19 13:41:04"},"aioseo_breadcrumb":"<div class=\"aioseo-breadcrumbs\"><span class=\"aioseo-breadcrumb\">\n\t<a href=\"https:\/\/eldigitaldeasturias.com\/magazine365\" title=\"Home\">Home<\/a>\n<\/span><span class=\"aioseo-breadcrumb-separator\">\u2013<\/span><span class=\"aioseo-breadcrumb\">\n\t<a href=\"https:\/\/eldigitaldeasturias.com\/magazine365\/category\/actualidad-turismo\/\" title=\"Actualidad Turismo\">Actualidad Turismo<\/a>\n<\/span><span class=\"aioseo-breadcrumb-separator\">\u2013<\/span><span class=\"aioseo-breadcrumb\">\n\t<a href=\"https:\/\/eldigitaldeasturias.com\/magazine365\/la-costa-del-sol-busca-negocio-por-primera-vez-en-el-mercado-turistico-irani\/\" title=\"La Costa del Sol busca negocio por primera vez en el mercado tur\u00edstico iran\u00ed\">La Costa del Sol busca negocio por primera vez en el mercado tur\u00edstico iran\u00ed<\/a>\n<\/span><\/div>","aioseo_breadcrumb_json":[{"label":"Home","link":"https:\/\/eldigitaldeasturias.com\/magazine365"},{"label":"Actualidad Turismo","link":"https:\/\/eldigitaldeasturias.com\/magazine365\/category\/actualidad-turismo\/"},{"label":"La Costa del Sol busca negocio por primera vez en el mercado tur\u00edstico iran\u00ed","link":"https:\/\/eldigitaldeasturias.com\/magazine365\/la-costa-del-sol-busca-negocio-por-primera-vez-en-el-mercado-turistico-irani\/"}],"_links":{"self":[{"href":"https:\/\/eldigitaldeasturias.com\/magazine365\/wp-json\/wp\/v2\/posts\/40497","targetHints":{"allow":["GET"]}}],"collection":[{"href":"https:\/\/eldigitaldeasturias.com\/magazine365\/wp-json\/wp\/v2\/posts"}],"about":[{"href":"https:\/\/eldigitaldeasturias.com\/magazine365\/wp-json\/wp\/v2\/types\/post"}],"author":[{"embeddable":true,"href":"https:\/\/eldigitaldeasturias.com\/magazine365\/wp-json\/wp\/v2\/users\/1"}],"replies":[{"embeddable":true,"href":"https:\/\/eldigitaldeasturias.com\/magazine365\/wp-json\/wp\/v2\/comments?post=40497"}],"version-history":[{"count":0,"href":"https:\/\/eldigitaldeasturias.com\/magazine365\/wp-json\/wp\/v2\/posts\/40497\/revisions"}],"wp:featuredmedia":[{"embeddable":true,"href":"https:\/\/eldigitaldeasturias.com\/magazine365\/wp-json\/wp\/v2\/media\/40498"}],"wp:attachment":[{"href":"https:\/\/eldigitaldeasturias.com\/magazine365\/wp-json\/wp\/v2\/media?parent=40497"}],"wp:term":[{"taxonomy":"category","embeddable":true,"href":"https:\/\/eldigitaldeasturias.com\/magazine365\/wp-json\/wp\/v2\/categories?post=40497"},{"taxonomy":"post_tag","embeddable":true,"href":"https:\/\/eldigitaldeasturias.com\/magazine365\/wp-json\/wp\/v2\/tags?post=40497"}],"curies":[{"name":"wp","href":"https:\/\/api.w.org\/{rel}","templated":true}]}}