{"id":40494,"date":"2015-06-22T10:22:51","date_gmt":"2015-06-22T08:52:51","guid":{"rendered":"http:\/\/eldigitaldeasturias.com\/magazine365\/?p=40494"},"modified":"2015-06-22T10:22:51","modified_gmt":"2015-06-22T08:52:51","slug":"el-hotel-escuela-las-carolinas-inicia-sus-cursos-estivales-de-cocina-para-aficionados","status":"publish","type":"post","link":"https:\/\/eldigitaldeasturias.com\/magazine365\/el-hotel-escuela-las-carolinas-inicia-sus-cursos-estivales-de-cocina-para-aficionados\/","title":{"rendered":"El Hotel-Escuela Las Carolinas inicia sus cursos estivales de cocina para aficionados"},"content":{"rendered":"<p><img fetchpriority=\"high\" decoding=\"async\" class=\"alignleft size-medium wp-image-40495\" src=\"https:\/\/eldigitaldeasturias.com\/magazine365\/wp-content\/uploads\/2015\/06\/fotonoticia_20150622093722_800-360x288.jpg\" alt=\"fotonoticia_20150622093722_800\" width=\"360\" height=\"288\" srcset=\"https:\/\/eldigitaldeasturias.com\/magazine365\/wp-content\/uploads\/2015\/06\/fotonoticia_20150622093722_800-360x288.jpg 360w, https:\/\/eldigitaldeasturias.com\/magazine365\/wp-content\/uploads\/2015\/06\/fotonoticia_20150622093722_800-650x519.jpg 650w, https:\/\/eldigitaldeasturias.com\/magazine365\/wp-content\/uploads\/2015\/06\/fotonoticia_20150622093722_800-768x613.jpg 768w, https:\/\/eldigitaldeasturias.com\/magazine365\/wp-content\/uploads\/2015\/06\/fotonoticia_20150622093722_800-150x120.jpg 150w, https:\/\/eldigitaldeasturias.com\/magazine365\/wp-content\/uploads\/2015\/06\/fotonoticia_20150622093722_800-450x359.jpg 450w, https:\/\/eldigitaldeasturias.com\/magazine365\/wp-content\/uploads\/2015\/06\/fotonoticia_20150622093722_800-696x556.jpg 696w, https:\/\/eldigitaldeasturias.com\/magazine365\/wp-content\/uploads\/2015\/06\/fotonoticia_20150622093722_800-526x420.jpg 526w, https:\/\/eldigitaldeasturias.com\/magazine365\/wp-content\/uploads\/2015\/06\/fotonoticia_20150622093722_800.jpg 800w\" sizes=\"(max-width: 360px) 100vw, 360px\" \/>El Hotel-Escuela Las Carolinas, que pertenece a la Asociaci\u00f3n Empresarial de Hosteler\u00eda de Cantabria (AEHC), inicia este lunes, 22 de junio, su programaci\u00f3n de curso estivales de cocina para aficionales, una treintena de actividades que se desarrollar\u00e1n hasta el 4 de septiembre.<\/p>\n<p>Siete de las actividades est\u00e1n centradas en los ni\u00f1os, que tienen su espacio en los fogones de Las Carolinas en dos grupos de edades: de 8 a 11 y de 12 a 15 a\u00f1os. La programaci\u00f3n dedicada a ellos finaliza con el curso Padres e hijos en la cocina, que tendr\u00e1 lugar del 31 de agosto al 3 de septiembre.<\/p>\n<p>El resto de propuestas orientadas al p\u00fablico adulto se centran en los arroces del mundo, la cocina fresca (ceviche, tartar, ensaladas, etc.), la cocina italiana, postres f\u00e1ciles y cocina para novatos y principiantes, entre otras.<\/p>\n<p>Todas las actividades tienen un m\u00e1ximo de 14 alumnos y se distribuyen a lo largo de quince horas.<\/p>\n<p>CURSOS DE COCINA EXPR\u00c9S<\/p>\n<p>De forma paralela el personal docente del Hotel-Escuela Las Carolinas ha dise\u00f1ado una oferta de cursos r\u00e1pidos de cocina de tres horas de duraci\u00f3n y car\u00e1cter demostrativo.<\/p>\n<p>En los mismos el cocinero elabora varias recetas en tiempo real y a la vista del alumno. Se inician con una explicaci\u00f3n del producto y la receta para despu\u00e9s cocinarla y, por \u00faltimo, degustarla.<\/p>\n<p>Son cursos muy pr\u00e1cticos que se realizar\u00e1n con veinte alumnos como m\u00e1ximo y tendr\u00e1n lugar en horario de tarde, de 17.00 a 20.00 horas.<\/p>\n<p>Entre las catorce actividades expr\u00e9s programadas se encuentran Cocina de M\u00e9xico, de Jap\u00f3n, saludable, de bonito, de verduras, de arroz y frituras.<\/p>\n","protected":false},"excerpt":{"rendered":"<p>El Hotel-Escuela Las Carolinas, que pertenece a la Asociaci\u00f3n Empresarial de Hosteler\u00eda de Cantabria (AEHC), inicia este lunes, 22 de junio, su programaci\u00f3n de curso estivales de cocina para aficionales, una treintena de actividades que se desarrollar\u00e1n hasta el 4 de septiembre. Siete de las actividades est\u00e1n centradas en los ni\u00f1os, que tienen su espacio<\/p>\n","protected":false},"author":1,"featured_media":40495,"comment_status":"open","ping_status":"closed","sticky":false,"template":"","format":"standard","meta":{"footnotes":""},"categories":[222],"tags":[],"class_list":{"0":"post-40494","1":"post","2":"type-post","3":"status-publish","4":"format-standard","5":"has-post-thumbnail","7":"category-actualidad-turismo"},"aioseo_notices":[],"aioseo_head":"\n\t\t<!-- All in One SEO Pro 4.9.6.1 - aioseo.com -->\n\t<meta name=\"description\" content=\"El Hotel-Escuela Las Carolinas, que pertenece a la Asociaci\u00f3n Empresarial de Hosteler\u00eda de Cantabria (AEHC), inicia este lunes, 22 de junio, su programaci\u00f3n de curso estivales de cocina para aficionales, una treintena de actividades que se desarrollar\u00e1n hasta el 4 de septiembre. Siete de las actividades est\u00e1n centradas en los ni\u00f1os, que tienen su espacio\" \/>\n\t<meta name=\"robots\" content=\"max-image-preview:large\" \/>\n\t<meta name=\"author\" content=\"admin\"\/>\n\t<meta name=\"google-site-verification\" content=\"UA-38556648-1\" \/>\n\t<meta name=\"keywords\" content=\"actualidad turismo\" \/>\n\t<link rel=\"canonical\" href=\"https:\/\/eldigitaldeasturias.com\/magazine365\/el-hotel-escuela-las-carolinas-inicia-sus-cursos-estivales-de-cocina-para-aficionados\/\" \/>\n\t<meta name=\"generator\" content=\"All in One SEO Pro (AIOSEO) 4.9.6.1\" \/>\n\t\t<meta property=\"og:locale\" content=\"es_ES\" \/>\n\t\t<meta property=\"og:site_name\" content=\"El Digital de Asturias \u2013 Revista de ocio, turismo y estilo de vida\" \/>\n\t\t<meta property=\"og:type\" content=\"article\" \/>\n\t\t<meta property=\"og:title\" content=\"El Hotel-Escuela Las Carolinas inicia sus cursos estivales de cocina para aficionados | El Digital de Asturias\" \/>\n\t\t<meta property=\"og:description\" content=\"El Hotel-Escuela Las Carolinas, que pertenece a la Asociaci\u00f3n Empresarial de Hosteler\u00eda de Cantabria (AEHC), inicia este lunes, 22 de junio, su programaci\u00f3n de curso estivales de cocina para aficionales, una treintena de actividades que se desarrollar\u00e1n hasta el 4 de septiembre. Siete de las actividades est\u00e1n centradas en los ni\u00f1os, que tienen su espacio\" \/>\n\t\t<meta property=\"og:url\" content=\"https:\/\/eldigitaldeasturias.com\/magazine365\/el-hotel-escuela-las-carolinas-inicia-sus-cursos-estivales-de-cocina-para-aficionados\/\" \/>\n\t\t<meta property=\"og:image\" content=\"https:\/\/eldigitaldeasturias.com\/magazine365\/wp-content\/uploads\/2015\/06\/fotonoticia_20150622093722_800.jpg\" \/>\n\t\t<meta property=\"og:image:secure_url\" content=\"https:\/\/eldigitaldeasturias.com\/magazine365\/wp-content\/uploads\/2015\/06\/fotonoticia_20150622093722_800.jpg\" \/>\n\t\t<meta property=\"og:image:width\" content=\"800\" \/>\n\t\t<meta property=\"og:image:height\" content=\"639\" \/>\n\t\t<meta property=\"article:published_time\" content=\"2015-06-22T08:52:51+00:00\" \/>\n\t\t<meta property=\"article:modified_time\" content=\"2015-06-22T08:52:51+00:00\" \/>\n\t\t<meta name=\"twitter:card\" content=\"summary_large_image\" \/>\n\t\t<meta name=\"twitter:title\" content=\"El Hotel-Escuela Las Carolinas inicia sus cursos estivales de cocina para aficionados | El Digital de Asturias\" \/>\n\t\t<meta name=\"twitter:description\" content=\"El Hotel-Escuela Las Carolinas, que pertenece a la Asociaci\u00f3n Empresarial de Hosteler\u00eda de Cantabria (AEHC), inicia este lunes, 22 de junio, su programaci\u00f3n de curso estivales de cocina para aficionales, una treintena de actividades que se desarrollar\u00e1n hasta el 4 de septiembre. Siete de las actividades est\u00e1n centradas en los ni\u00f1os, que tienen su espacio\" \/>\n\t\t<meta name=\"twitter:image\" content=\"https:\/\/eldigitaldeasturias.com\/magazine365\/wp-content\/uploads\/2015\/06\/fotonoticia_20150622093722_800.jpg\" \/>\n\t\t<script type=\"application\/ld+json\" class=\"aioseo-schema\">\n\t\t\t{\"@context\":\"https:\\\/\\\/schema.org\",\"@graph\":[{\"@type\":\"Article\",\"@id\":\"https:\\\/\\\/eldigitaldeasturias.com\\\/magazine365\\\/el-hotel-escuela-las-carolinas-inicia-sus-cursos-estivales-de-cocina-para-aficionados\\\/#article\",\"name\":\"El Hotel-Escuela Las Carolinas inicia sus cursos estivales de cocina para aficionados | El Digital de Asturias\",\"headline\":\"El Hotel-Escuela Las Carolinas inicia sus cursos estivales de cocina para aficionados\",\"author\":{\"@id\":\"https:\\\/\\\/eldigitaldeasturias.com\\\/magazine365\\\/author\\\/admin\\\/#author\"},\"publisher\":{\"@id\":\"https:\\\/\\\/eldigitaldeasturias.com\\\/magazine365\\\/#organization\"},\"image\":{\"@type\":\"ImageObject\",\"url\":\"https:\\\/\\\/eldigitaldeasturias.com\\\/magazine365\\\/wp-content\\\/uploads\\\/2015\\\/06\\\/fotonoticia_20150622093722_800.jpg\",\"width\":800,\"height\":639},\"datePublished\":\"2015-06-22T10:22:51+02:00\",\"dateModified\":\"2015-06-22T10:22:51+02:00\",\"inLanguage\":\"es-ES\",\"mainEntityOfPage\":{\"@id\":\"https:\\\/\\\/eldigitaldeasturias.com\\\/magazine365\\\/el-hotel-escuela-las-carolinas-inicia-sus-cursos-estivales-de-cocina-para-aficionados\\\/#webpage\"},\"isPartOf\":{\"@id\":\"https:\\\/\\\/eldigitaldeasturias.com\\\/magazine365\\\/el-hotel-escuela-las-carolinas-inicia-sus-cursos-estivales-de-cocina-para-aficionados\\\/#webpage\"},\"articleSection\":\"Actualidad Turismo\"},{\"@type\":\"BreadcrumbList\",\"@id\":\"https:\\\/\\\/eldigitaldeasturias.com\\\/magazine365\\\/el-hotel-escuela-las-carolinas-inicia-sus-cursos-estivales-de-cocina-para-aficionados\\\/#breadcrumblist\",\"itemListElement\":[{\"@type\":\"ListItem\",\"@id\":\"https:\\\/\\\/eldigitaldeasturias.com\\\/magazine365#listItem\",\"position\":1,\"name\":\"Home\",\"item\":\"https:\\\/\\\/eldigitaldeasturias.com\\\/magazine365\",\"nextItem\":{\"@type\":\"ListItem\",\"@id\":\"https:\\\/\\\/eldigitaldeasturias.com\\\/magazine365\\\/category\\\/actualidad-turismo\\\/#listItem\",\"name\":\"Actualidad Turismo\"}},{\"@type\":\"ListItem\",\"@id\":\"https:\\\/\\\/eldigitaldeasturias.com\\\/magazine365\\\/category\\\/actualidad-turismo\\\/#listItem\",\"position\":2,\"name\":\"Actualidad Turismo\",\"item\":\"https:\\\/\\\/eldigitaldeasturias.com\\\/magazine365\\\/category\\\/actualidad-turismo\\\/\",\"nextItem\":{\"@type\":\"ListItem\",\"@id\":\"https:\\\/\\\/eldigitaldeasturias.com\\\/magazine365\\\/el-hotel-escuela-las-carolinas-inicia-sus-cursos-estivales-de-cocina-para-aficionados\\\/#listItem\",\"name\":\"El Hotel-Escuela Las Carolinas inicia sus cursos estivales de cocina para aficionados\"},\"previousItem\":{\"@type\":\"ListItem\",\"@id\":\"https:\\\/\\\/eldigitaldeasturias.com\\\/magazine365#listItem\",\"name\":\"Home\"}},{\"@type\":\"ListItem\",\"@id\":\"https:\\\/\\\/eldigitaldeasturias.com\\\/magazine365\\\/el-hotel-escuela-las-carolinas-inicia-sus-cursos-estivales-de-cocina-para-aficionados\\\/#listItem\",\"position\":3,\"name\":\"El Hotel-Escuela Las Carolinas inicia sus cursos estivales de cocina para aficionados\",\"previousItem\":{\"@type\":\"ListItem\",\"@id\":\"https:\\\/\\\/eldigitaldeasturias.com\\\/magazine365\\\/category\\\/actualidad-turismo\\\/#listItem\",\"name\":\"Actualidad Turismo\"}}]},{\"@type\":\"Organization\",\"@id\":\"https:\\\/\\\/eldigitaldeasturias.com\\\/magazine365\\\/#organization\",\"name\":\"El digital de Asturias\",\"description\":\"Revista de ocio, turismo y estilo de vida\",\"url\":\"https:\\\/\\\/eldigitaldeasturias.com\\\/magazine365\\\/\",\"logo\":{\"@type\":\"ImageObject\",\"url\":\"https:\\\/\\\/www.eldigitaldeasturias.com\\\/noticias\\\/wp-content\\\/uploads\\\/2020\\\/12\\\/EDA.jpg\",\"@id\":\"https:\\\/\\\/eldigitaldeasturias.com\\\/magazine365\\\/el-hotel-escuela-las-carolinas-inicia-sus-cursos-estivales-de-cocina-para-aficionados\\\/#organizationLogo\"},\"image\":{\"@id\":\"https:\\\/\\\/eldigitaldeasturias.com\\\/magazine365\\\/el-hotel-escuela-las-carolinas-inicia-sus-cursos-estivales-de-cocina-para-aficionados\\\/#organizationLogo\"}},{\"@type\":\"Person\",\"@id\":\"https:\\\/\\\/eldigitaldeasturias.com\\\/magazine365\\\/author\\\/admin\\\/#author\",\"url\":\"https:\\\/\\\/eldigitaldeasturias.com\\\/magazine365\\\/author\\\/admin\\\/\",\"name\":\"admin\",\"image\":{\"@type\":\"ImageObject\",\"@id\":\"https:\\\/\\\/eldigitaldeasturias.com\\\/magazine365\\\/el-hotel-escuela-las-carolinas-inicia-sus-cursos-estivales-de-cocina-para-aficionados\\\/#authorImage\",\"url\":\"https:\\\/\\\/eldigitaldeasturias.com\\\/magazine365\\\/wp-content\\\/litespeed\\\/avatar\\\/e571bcf59a0edd6fa6838245a470f2fe.jpg?ver=1777574230\",\"width\":96,\"height\":96,\"caption\":\"admin\"}},{\"@type\":\"WebPage\",\"@id\":\"https:\\\/\\\/eldigitaldeasturias.com\\\/magazine365\\\/el-hotel-escuela-las-carolinas-inicia-sus-cursos-estivales-de-cocina-para-aficionados\\\/#webpage\",\"url\":\"https:\\\/\\\/eldigitaldeasturias.com\\\/magazine365\\\/el-hotel-escuela-las-carolinas-inicia-sus-cursos-estivales-de-cocina-para-aficionados\\\/\",\"name\":\"El Hotel-Escuela Las Carolinas inicia sus cursos estivales de cocina para aficionados | El Digital de Asturias\",\"description\":\"El Hotel-Escuela Las Carolinas, que pertenece a la Asociaci\\u00f3n Empresarial de Hosteler\\u00eda de Cantabria (AEHC), inicia este lunes, 22 de junio, su programaci\\u00f3n de curso estivales de cocina para aficionales, una treintena de actividades que se desarrollar\\u00e1n hasta el 4 de septiembre. Siete de las actividades est\\u00e1n centradas en los ni\\u00f1os, que tienen su espacio\",\"inLanguage\":\"es-ES\",\"isPartOf\":{\"@id\":\"https:\\\/\\\/eldigitaldeasturias.com\\\/magazine365\\\/#website\"},\"breadcrumb\":{\"@id\":\"https:\\\/\\\/eldigitaldeasturias.com\\\/magazine365\\\/el-hotel-escuela-las-carolinas-inicia-sus-cursos-estivales-de-cocina-para-aficionados\\\/#breadcrumblist\"},\"author\":{\"@id\":\"https:\\\/\\\/eldigitaldeasturias.com\\\/magazine365\\\/author\\\/admin\\\/#author\"},\"creator\":{\"@id\":\"https:\\\/\\\/eldigitaldeasturias.com\\\/magazine365\\\/author\\\/admin\\\/#author\"},\"image\":{\"@type\":\"ImageObject\",\"url\":\"https:\\\/\\\/eldigitaldeasturias.com\\\/magazine365\\\/wp-content\\\/uploads\\\/2015\\\/06\\\/fotonoticia_20150622093722_800.jpg\",\"@id\":\"https:\\\/\\\/eldigitaldeasturias.com\\\/magazine365\\\/el-hotel-escuela-las-carolinas-inicia-sus-cursos-estivales-de-cocina-para-aficionados\\\/#mainImage\",\"width\":800,\"height\":639},\"primaryImageOfPage\":{\"@id\":\"https:\\\/\\\/eldigitaldeasturias.com\\\/magazine365\\\/el-hotel-escuela-las-carolinas-inicia-sus-cursos-estivales-de-cocina-para-aficionados\\\/#mainImage\"},\"datePublished\":\"2015-06-22T10:22:51+02:00\",\"dateModified\":\"2015-06-22T10:22:51+02:00\"},{\"@type\":\"WebSite\",\"@id\":\"https:\\\/\\\/eldigitaldeasturias.com\\\/magazine365\\\/#website\",\"url\":\"https:\\\/\\\/eldigitaldeasturias.com\\\/magazine365\\\/\",\"name\":\"El Digital de Asturias\",\"description\":\"Revista de ocio, turismo y estilo de vida\",\"inLanguage\":\"es-ES\",\"publisher\":{\"@id\":\"https:\\\/\\\/eldigitaldeasturias.com\\\/magazine365\\\/#organization\"}}]}\n\t\t<\/script>\n\t\t<!-- All in One SEO Pro -->\r\n\t\t<title>El Hotel-Escuela Las Carolinas inicia sus cursos estivales de cocina para aficionados | El Digital de Asturias<\/title>\n\n","aioseo_head_json":{"title":"El Hotel-Escuela Las Carolinas inicia sus cursos estivales de cocina para aficionados | El Digital de Asturias","description":"El Hotel-Escuela Las Carolinas, que pertenece a la Asociaci\u00f3n Empresarial de Hosteler\u00eda de Cantabria (AEHC), inicia este lunes, 22 de junio, su programaci\u00f3n de curso estivales de cocina para aficionales, una treintena de actividades que se desarrollar\u00e1n hasta el 4 de septiembre. Siete de las actividades est\u00e1n centradas en los ni\u00f1os, que tienen su espacio","canonical_url":"https:\/\/eldigitaldeasturias.com\/magazine365\/el-hotel-escuela-las-carolinas-inicia-sus-cursos-estivales-de-cocina-para-aficionados\/","robots":"max-image-preview:large","keywords":"actualidad turismo","webmasterTools":{"google-site-verification":"UA-38556648-1","miscellaneous":""},"schema":{"@context":"https:\/\/schema.org","@graph":[{"@type":"Article","@id":"https:\/\/eldigitaldeasturias.com\/magazine365\/el-hotel-escuela-las-carolinas-inicia-sus-cursos-estivales-de-cocina-para-aficionados\/#article","name":"El Hotel-Escuela Las Carolinas inicia sus cursos estivales de cocina para aficionados | El Digital de Asturias","headline":"El Hotel-Escuela Las Carolinas inicia sus cursos estivales de cocina para aficionados","author":{"@id":"https:\/\/eldigitaldeasturias.com\/magazine365\/author\/admin\/#author"},"publisher":{"@id":"https:\/\/eldigitaldeasturias.com\/magazine365\/#organization"},"image":{"@type":"ImageObject","url":"https:\/\/eldigitaldeasturias.com\/magazine365\/wp-content\/uploads\/2015\/06\/fotonoticia_20150622093722_800.jpg","width":800,"height":639},"datePublished":"2015-06-22T10:22:51+02:00","dateModified":"2015-06-22T10:22:51+02:00","inLanguage":"es-ES","mainEntityOfPage":{"@id":"https:\/\/eldigitaldeasturias.com\/magazine365\/el-hotel-escuela-las-carolinas-inicia-sus-cursos-estivales-de-cocina-para-aficionados\/#webpage"},"isPartOf":{"@id":"https:\/\/eldigitaldeasturias.com\/magazine365\/el-hotel-escuela-las-carolinas-inicia-sus-cursos-estivales-de-cocina-para-aficionados\/#webpage"},"articleSection":"Actualidad Turismo"},{"@type":"BreadcrumbList","@id":"https:\/\/eldigitaldeasturias.com\/magazine365\/el-hotel-escuela-las-carolinas-inicia-sus-cursos-estivales-de-cocina-para-aficionados\/#breadcrumblist","itemListElement":[{"@type":"ListItem","@id":"https:\/\/eldigitaldeasturias.com\/magazine365#listItem","position":1,"name":"Home","item":"https:\/\/eldigitaldeasturias.com\/magazine365","nextItem":{"@type":"ListItem","@id":"https:\/\/eldigitaldeasturias.com\/magazine365\/category\/actualidad-turismo\/#listItem","name":"Actualidad Turismo"}},{"@type":"ListItem","@id":"https:\/\/eldigitaldeasturias.com\/magazine365\/category\/actualidad-turismo\/#listItem","position":2,"name":"Actualidad Turismo","item":"https:\/\/eldigitaldeasturias.com\/magazine365\/category\/actualidad-turismo\/","nextItem":{"@type":"ListItem","@id":"https:\/\/eldigitaldeasturias.com\/magazine365\/el-hotel-escuela-las-carolinas-inicia-sus-cursos-estivales-de-cocina-para-aficionados\/#listItem","name":"El Hotel-Escuela Las Carolinas inicia sus cursos estivales de cocina para aficionados"},"previousItem":{"@type":"ListItem","@id":"https:\/\/eldigitaldeasturias.com\/magazine365#listItem","name":"Home"}},{"@type":"ListItem","@id":"https:\/\/eldigitaldeasturias.com\/magazine365\/el-hotel-escuela-las-carolinas-inicia-sus-cursos-estivales-de-cocina-para-aficionados\/#listItem","position":3,"name":"El Hotel-Escuela Las Carolinas inicia sus cursos estivales de cocina para aficionados","previousItem":{"@type":"ListItem","@id":"https:\/\/eldigitaldeasturias.com\/magazine365\/category\/actualidad-turismo\/#listItem","name":"Actualidad Turismo"}}]},{"@type":"Organization","@id":"https:\/\/eldigitaldeasturias.com\/magazine365\/#organization","name":"El digital de Asturias","description":"Revista de ocio, turismo y estilo de vida","url":"https:\/\/eldigitaldeasturias.com\/magazine365\/","logo":{"@type":"ImageObject","url":"https:\/\/www.eldigitaldeasturias.com\/noticias\/wp-content\/uploads\/2020\/12\/EDA.jpg","@id":"https:\/\/eldigitaldeasturias.com\/magazine365\/el-hotel-escuela-las-carolinas-inicia-sus-cursos-estivales-de-cocina-para-aficionados\/#organizationLogo"},"image":{"@id":"https:\/\/eldigitaldeasturias.com\/magazine365\/el-hotel-escuela-las-carolinas-inicia-sus-cursos-estivales-de-cocina-para-aficionados\/#organizationLogo"}},{"@type":"Person","@id":"https:\/\/eldigitaldeasturias.com\/magazine365\/author\/admin\/#author","url":"https:\/\/eldigitaldeasturias.com\/magazine365\/author\/admin\/","name":"admin","image":{"@type":"ImageObject","@id":"https:\/\/eldigitaldeasturias.com\/magazine365\/el-hotel-escuela-las-carolinas-inicia-sus-cursos-estivales-de-cocina-para-aficionados\/#authorImage","url":"https:\/\/eldigitaldeasturias.com\/magazine365\/wp-content\/litespeed\/avatar\/e571bcf59a0edd6fa6838245a470f2fe.jpg?ver=1777574230","width":96,"height":96,"caption":"admin"}},{"@type":"WebPage","@id":"https:\/\/eldigitaldeasturias.com\/magazine365\/el-hotel-escuela-las-carolinas-inicia-sus-cursos-estivales-de-cocina-para-aficionados\/#webpage","url":"https:\/\/eldigitaldeasturias.com\/magazine365\/el-hotel-escuela-las-carolinas-inicia-sus-cursos-estivales-de-cocina-para-aficionados\/","name":"El Hotel-Escuela Las Carolinas inicia sus cursos estivales de cocina para aficionados | El Digital de Asturias","description":"El Hotel-Escuela Las Carolinas, que pertenece a la Asociaci\u00f3n Empresarial de Hosteler\u00eda de Cantabria (AEHC), inicia este lunes, 22 de junio, su programaci\u00f3n de curso estivales de cocina para aficionales, una treintena de actividades que se desarrollar\u00e1n hasta el 4 de septiembre. Siete de las actividades est\u00e1n centradas en los ni\u00f1os, que tienen su espacio","inLanguage":"es-ES","isPartOf":{"@id":"https:\/\/eldigitaldeasturias.com\/magazine365\/#website"},"breadcrumb":{"@id":"https:\/\/eldigitaldeasturias.com\/magazine365\/el-hotel-escuela-las-carolinas-inicia-sus-cursos-estivales-de-cocina-para-aficionados\/#breadcrumblist"},"author":{"@id":"https:\/\/eldigitaldeasturias.com\/magazine365\/author\/admin\/#author"},"creator":{"@id":"https:\/\/eldigitaldeasturias.com\/magazine365\/author\/admin\/#author"},"image":{"@type":"ImageObject","url":"https:\/\/eldigitaldeasturias.com\/magazine365\/wp-content\/uploads\/2015\/06\/fotonoticia_20150622093722_800.jpg","@id":"https:\/\/eldigitaldeasturias.com\/magazine365\/el-hotel-escuela-las-carolinas-inicia-sus-cursos-estivales-de-cocina-para-aficionados\/#mainImage","width":800,"height":639},"primaryImageOfPage":{"@id":"https:\/\/eldigitaldeasturias.com\/magazine365\/el-hotel-escuela-las-carolinas-inicia-sus-cursos-estivales-de-cocina-para-aficionados\/#mainImage"},"datePublished":"2015-06-22T10:22:51+02:00","dateModified":"2015-06-22T10:22:51+02:00"},{"@type":"WebSite","@id":"https:\/\/eldigitaldeasturias.com\/magazine365\/#website","url":"https:\/\/eldigitaldeasturias.com\/magazine365\/","name":"El Digital de Asturias","description":"Revista de ocio, turismo y estilo de vida","inLanguage":"es-ES","publisher":{"@id":"https:\/\/eldigitaldeasturias.com\/magazine365\/#organization"}}]},"og:locale":"es_ES","og:site_name":"El Digital de Asturias \u2013 Revista de ocio, turismo y estilo de vida","og:type":"article","og:title":"El Hotel-Escuela Las Carolinas inicia sus cursos estivales de cocina para aficionados | El Digital de Asturias","og:description":"El Hotel-Escuela Las Carolinas, que pertenece a la Asociaci\u00f3n Empresarial de Hosteler\u00eda de Cantabria (AEHC), inicia este lunes, 22 de junio, su programaci\u00f3n de curso estivales de cocina para aficionales, una treintena de actividades que se desarrollar\u00e1n hasta el 4 de septiembre. Siete de las actividades est\u00e1n centradas en los ni\u00f1os, que tienen su espacio","og:url":"https:\/\/eldigitaldeasturias.com\/magazine365\/el-hotel-escuela-las-carolinas-inicia-sus-cursos-estivales-de-cocina-para-aficionados\/","og:image":"https:\/\/eldigitaldeasturias.com\/magazine365\/wp-content\/uploads\/2015\/06\/fotonoticia_20150622093722_800.jpg","og:image:secure_url":"https:\/\/eldigitaldeasturias.com\/magazine365\/wp-content\/uploads\/2015\/06\/fotonoticia_20150622093722_800.jpg","og:image:width":800,"og:image:height":639,"article:published_time":"2015-06-22T08:52:51+00:00","article:modified_time":"2015-06-22T08:52:51+00:00","twitter:card":"summary_large_image","twitter:title":"El Hotel-Escuela Las Carolinas inicia sus cursos estivales de cocina para aficionados | El Digital de Asturias","twitter:description":"El Hotel-Escuela Las Carolinas, que pertenece a la Asociaci\u00f3n Empresarial de Hosteler\u00eda de Cantabria (AEHC), inicia este lunes, 22 de junio, su programaci\u00f3n de curso estivales de cocina para aficionales, una treintena de actividades que se desarrollar\u00e1n hasta el 4 de septiembre. Siete de las actividades est\u00e1n centradas en los ni\u00f1os, que tienen su espacio","twitter:image":"https:\/\/eldigitaldeasturias.com\/magazine365\/wp-content\/uploads\/2015\/06\/fotonoticia_20150622093722_800.jpg"},"aioseo_meta_data":{"post_id":"40494","title":null,"description":null,"keywords":null,"keyphrases":null,"primary_term":null,"canonical_url":null,"og_title":null,"og_description":null,"og_object_type":"default","og_image_type":"default","og_image_url":null,"og_image_width":null,"og_image_height":null,"og_image_custom_url":null,"og_image_custom_fields":null,"og_video":null,"og_custom_url":null,"og_article_section":null,"og_article_tags":null,"twitter_use_og":false,"twitter_card":"default","twitter_image_type":"default","twitter_image_url":null,"twitter_image_custom_url":null,"twitter_image_custom_fields":null,"twitter_title":null,"twitter_description":null,"schema":{"blockGraphs":[],"customGraphs":[],"default":{"data":{"Article":[],"Course":[],"Dataset":[],"FAQPage":[],"Movie":[],"Person":[],"Product":[],"ProductReview":[],"Car":[],"Recipe":[],"Service":[],"SoftwareApplication":[],"WebPage":[]},"graphName":"","isEnabled":true},"graphs":[],"defaultGraph":"","defaultPostTypeGraph":""},"schema_type":null,"schema_type_options":null,"pillar_content":false,"robots_default":true,"robots_noindex":false,"robots_noarchive":false,"robots_nosnippet":false,"robots_nofollow":false,"robots_noimageindex":false,"robots_noodp":false,"robots_notranslate":false,"robots_max_snippet":null,"robots_max_videopreview":null,"robots_max_imagepreview":"large","priority":null,"frequency":null,"location":null,"local_seo":null,"seo_analyzer_scan_date":"2025-09-19 13:39:11","breadcrumb_settings":null,"limit_modified_date":false,"open_ai":null,"ai":null,"created":"2021-03-09 02:27:56","updated":"2025-09-19 13:39:11"},"aioseo_breadcrumb":"<div class=\"aioseo-breadcrumbs\"><span class=\"aioseo-breadcrumb\">\n\t<a href=\"https:\/\/eldigitaldeasturias.com\/magazine365\" title=\"Home\">Home<\/a>\n<\/span><span class=\"aioseo-breadcrumb-separator\">\u2013<\/span><span class=\"aioseo-breadcrumb\">\n\t<a href=\"https:\/\/eldigitaldeasturias.com\/magazine365\/category\/actualidad-turismo\/\" title=\"Actualidad Turismo\">Actualidad Turismo<\/a>\n<\/span><span class=\"aioseo-breadcrumb-separator\">\u2013<\/span><span class=\"aioseo-breadcrumb\">\n\t<a href=\"https:\/\/eldigitaldeasturias.com\/magazine365\/el-hotel-escuela-las-carolinas-inicia-sus-cursos-estivales-de-cocina-para-aficionados\/\" title=\"El Hotel-Escuela Las Carolinas inicia sus cursos estivales de cocina para aficionados\">El Hotel-Escuela Las Carolinas inicia sus cursos estivales de cocina para aficionados<\/a>\n<\/span><\/div>","aioseo_breadcrumb_json":[{"label":"Home","link":"https:\/\/eldigitaldeasturias.com\/magazine365"},{"label":"Actualidad Turismo","link":"https:\/\/eldigitaldeasturias.com\/magazine365\/category\/actualidad-turismo\/"},{"label":"El Hotel-Escuela Las Carolinas inicia sus cursos estivales de cocina para aficionados","link":"https:\/\/eldigitaldeasturias.com\/magazine365\/el-hotel-escuela-las-carolinas-inicia-sus-cursos-estivales-de-cocina-para-aficionados\/"}],"_links":{"self":[{"href":"https:\/\/eldigitaldeasturias.com\/magazine365\/wp-json\/wp\/v2\/posts\/40494","targetHints":{"allow":["GET"]}}],"collection":[{"href":"https:\/\/eldigitaldeasturias.com\/magazine365\/wp-json\/wp\/v2\/posts"}],"about":[{"href":"https:\/\/eldigitaldeasturias.com\/magazine365\/wp-json\/wp\/v2\/types\/post"}],"author":[{"embeddable":true,"href":"https:\/\/eldigitaldeasturias.com\/magazine365\/wp-json\/wp\/v2\/users\/1"}],"replies":[{"embeddable":true,"href":"https:\/\/eldigitaldeasturias.com\/magazine365\/wp-json\/wp\/v2\/comments?post=40494"}],"version-history":[{"count":0,"href":"https:\/\/eldigitaldeasturias.com\/magazine365\/wp-json\/wp\/v2\/posts\/40494\/revisions"}],"wp:featuredmedia":[{"embeddable":true,"href":"https:\/\/eldigitaldeasturias.com\/magazine365\/wp-json\/wp\/v2\/media\/40495"}],"wp:attachment":[{"href":"https:\/\/eldigitaldeasturias.com\/magazine365\/wp-json\/wp\/v2\/media?parent=40494"}],"wp:term":[{"taxonomy":"category","embeddable":true,"href":"https:\/\/eldigitaldeasturias.com\/magazine365\/wp-json\/wp\/v2\/categories?post=40494"},{"taxonomy":"post_tag","embeddable":true,"href":"https:\/\/eldigitaldeasturias.com\/magazine365\/wp-json\/wp\/v2\/tags?post=40494"}],"curies":[{"name":"wp","href":"https:\/\/api.w.org\/{rel}","templated":true}]}}