{"id":40489,"date":"2015-06-20T10:55:42","date_gmt":"2015-06-20T09:25:42","guid":{"rendered":"http:\/\/eldigitaldeasturias.com\/magazine365\/?p=40489"},"modified":"2015-06-20T10:55:42","modified_gmt":"2015-06-20T09:25:42","slug":"los-fondos-administrados-por-oceanwood-entran-en-el-consejo-de-administracion-de-nh-hotel-group","status":"publish","type":"post","link":"https:\/\/eldigitaldeasturias.com\/magazine365\/los-fondos-administrados-por-oceanwood-entran-en-el-consejo-de-administracion-de-nh-hotel-group\/","title":{"rendered":"Los fondos administrados por Oceanwood entran en el Consejo de Administraci\u00f3n de NH Hotel Group"},"content":{"rendered":"<p><img fetchpriority=\"high\" decoding=\"async\" class=\"alignleft size-medium wp-image-40490\" src=\"https:\/\/eldigitaldeasturias.com\/magazine365\/wp-content\/uploads\/2015\/06\/fotonoticia_20150619232424_800-300x300.jpg\" alt=\"fotonoticia_20150619232424_800\" width=\"300\" height=\"300\" srcset=\"https:\/\/eldigitaldeasturias.com\/magazine365\/wp-content\/uploads\/2015\/06\/fotonoticia_20150619232424_800-300x300.jpg 300w, https:\/\/eldigitaldeasturias.com\/magazine365\/wp-content\/uploads\/2015\/06\/fotonoticia_20150619232424_800-640x640.jpg 640w, https:\/\/eldigitaldeasturias.com\/magazine365\/wp-content\/uploads\/2015\/06\/fotonoticia_20150619232424_800-768x768.jpg 768w, https:\/\/eldigitaldeasturias.com\/magazine365\/wp-content\/uploads\/2015\/06\/fotonoticia_20150619232424_800-150x150.jpg 150w, https:\/\/eldigitaldeasturias.com\/magazine365\/wp-content\/uploads\/2015\/06\/fotonoticia_20150619232424_800-450x450.jpg 450w, https:\/\/eldigitaldeasturias.com\/magazine365\/wp-content\/uploads\/2015\/06\/fotonoticia_20150619232424_800-696x696.jpg 696w, https:\/\/eldigitaldeasturias.com\/magazine365\/wp-content\/uploads\/2015\/06\/fotonoticia_20150619232424_800-420x420.jpg 420w, https:\/\/eldigitaldeasturias.com\/magazine365\/wp-content\/uploads\/2015\/06\/fotonoticia_20150619232424_800-50x50.jpg 50w, https:\/\/eldigitaldeasturias.com\/magazine365\/wp-content\/uploads\/2015\/06\/fotonoticia_20150619232424_800.jpg 800w\" sizes=\"(max-width: 300px) 100vw, 300px\" \/>Los fondos administrados por Oceanwood estar\u00e1n representados en el Consejo de Administraci\u00f3n NH Hotel Group tras la incorporaci\u00f3n de Alfredo Fern\u00e1ndez Agras como consejero dominical al \u00f3rgano de administraci\u00f3n de la cadena hotelera aprobado este viernes.<\/p>\n<p>El Consejo de Administraci\u00f3n del grupo ha dado luz verde a la incorporaci\u00f3n de Fern\u00e1ndez Agras a propuesta de fondos accionistas de NH Hotel administrados por Oceanwood, que controla el 7,5 % de la compa\u00f1\u00eda, y de Koro Usarraga Unsain como consejera independiente, seg\u00fan ha informado la compa\u00f1\u00eda.<\/p>\n<p>De esta forma, estas dos incorporaciones al m\u00e1ximo \u00f3rgano de gobierno de la cadena hotelera elevan a trece el n\u00famero de miembros del Consejo de Administraci\u00f3n, que con estos nombramientos \u00abrefuerza su compromiso con la transparencia y el buen gobierno corporativo\u00bb.<\/p>\n<p>El acuerdo sobre la composici\u00f3n del Consejo de Administraci\u00f3n ha sido alcanzado por unanimidad de todos sus miembros y, tras este paso, los nombramientos ser\u00e1n sometidos a la ratificaci\u00f3n de la Junta General de Accionistas que tendr\u00e1 lugar el pr\u00f3ximo 29 de Junio.<\/p>\n<p>La nueva estructura de gobierno, seg\u00fan la compa\u00f1\u00eda, refuerza la composici\u00f3n del Consejo de Administraci\u00f3n a largo plazo y logra una representaci\u00f3n de todos los grupos de inter\u00e9s en l\u00ednea con las mejores pr\u00e1cticas de gobierno corporativo.<\/p>\n","protected":false},"excerpt":{"rendered":"<p>Los fondos administrados por Oceanwood estar\u00e1n representados en el Consejo de Administraci\u00f3n NH Hotel Group tras la incorporaci\u00f3n de Alfredo Fern\u00e1ndez Agras como consejero dominical al \u00f3rgano de administraci\u00f3n de la cadena hotelera aprobado este viernes. El Consejo de Administraci\u00f3n del grupo ha dado luz verde a la incorporaci\u00f3n de Fern\u00e1ndez Agras a propuesta de<\/p>\n","protected":false},"author":1,"featured_media":40490,"comment_status":"open","ping_status":"closed","sticky":false,"template":"","format":"standard","meta":{"footnotes":""},"categories":[222],"tags":[],"class_list":{"0":"post-40489","1":"post","2":"type-post","3":"status-publish","4":"format-standard","5":"has-post-thumbnail","7":"category-actualidad-turismo"},"aioseo_notices":[],"aioseo_head":"\n\t\t<!-- All in One SEO Pro 4.9.6.1 - aioseo.com -->\n\t<meta name=\"description\" content=\"Los fondos administrados por Oceanwood estar\u00e1n representados en el Consejo de Administraci\u00f3n NH Hotel Group tras la incorporaci\u00f3n de Alfredo Fern\u00e1ndez Agras como consejero dominical al \u00f3rgano de administraci\u00f3n de la cadena hotelera aprobado este viernes. El Consejo de Administraci\u00f3n del grupo ha dado luz verde a la incorporaci\u00f3n de Fern\u00e1ndez Agras a propuesta de\" \/>\n\t<meta name=\"robots\" content=\"max-image-preview:large\" \/>\n\t<meta name=\"author\" content=\"admin\"\/>\n\t<meta name=\"google-site-verification\" content=\"UA-38556648-1\" \/>\n\t<meta name=\"keywords\" content=\"actualidad turismo\" \/>\n\t<link rel=\"canonical\" href=\"https:\/\/eldigitaldeasturias.com\/magazine365\/los-fondos-administrados-por-oceanwood-entran-en-el-consejo-de-administracion-de-nh-hotel-group\/\" \/>\n\t<meta name=\"generator\" content=\"All in One SEO Pro (AIOSEO) 4.9.6.1\" \/>\n\t\t<meta property=\"og:locale\" content=\"es_ES\" \/>\n\t\t<meta property=\"og:site_name\" content=\"El Digital de Asturias \u2013 Revista de ocio, turismo y estilo de vida\" \/>\n\t\t<meta property=\"og:type\" content=\"article\" \/>\n\t\t<meta property=\"og:title\" content=\"Los fondos administrados por Oceanwood entran en el Consejo de Administraci\u00f3n de NH Hotel Group | El Digital de Asturias\" \/>\n\t\t<meta property=\"og:description\" content=\"Los fondos administrados por Oceanwood estar\u00e1n representados en el Consejo de Administraci\u00f3n NH Hotel Group tras la incorporaci\u00f3n de Alfredo Fern\u00e1ndez Agras como consejero dominical al \u00f3rgano de administraci\u00f3n de la cadena hotelera aprobado este viernes. El Consejo de Administraci\u00f3n del grupo ha dado luz verde a la incorporaci\u00f3n de Fern\u00e1ndez Agras a propuesta de\" \/>\n\t\t<meta property=\"og:url\" content=\"https:\/\/eldigitaldeasturias.com\/magazine365\/los-fondos-administrados-por-oceanwood-entran-en-el-consejo-de-administracion-de-nh-hotel-group\/\" \/>\n\t\t<meta property=\"og:image\" content=\"https:\/\/eldigitaldeasturias.com\/magazine365\/wp-content\/uploads\/2015\/06\/fotonoticia_20150619232424_800.jpg\" \/>\n\t\t<meta property=\"og:image:secure_url\" content=\"https:\/\/eldigitaldeasturias.com\/magazine365\/wp-content\/uploads\/2015\/06\/fotonoticia_20150619232424_800.jpg\" \/>\n\t\t<meta property=\"og:image:width\" content=\"800\" \/>\n\t\t<meta property=\"og:image:height\" content=\"800\" \/>\n\t\t<meta property=\"article:published_time\" content=\"2015-06-20T09:25:42+00:00\" \/>\n\t\t<meta property=\"article:modified_time\" content=\"2015-06-20T09:25:42+00:00\" \/>\n\t\t<meta name=\"twitter:card\" content=\"summary_large_image\" \/>\n\t\t<meta name=\"twitter:title\" content=\"Los fondos administrados por Oceanwood entran en el Consejo de Administraci\u00f3n de NH Hotel Group | El Digital de Asturias\" \/>\n\t\t<meta name=\"twitter:description\" content=\"Los fondos administrados por Oceanwood estar\u00e1n representados en el Consejo de Administraci\u00f3n NH Hotel Group tras la incorporaci\u00f3n de Alfredo Fern\u00e1ndez Agras como consejero dominical al \u00f3rgano de administraci\u00f3n de la cadena hotelera aprobado este viernes. El Consejo de Administraci\u00f3n del grupo ha dado luz verde a la incorporaci\u00f3n de Fern\u00e1ndez Agras a propuesta de\" \/>\n\t\t<meta name=\"twitter:image\" content=\"https:\/\/eldigitaldeasturias.com\/magazine365\/wp-content\/uploads\/2015\/06\/fotonoticia_20150619232424_800.jpg\" \/>\n\t\t<script type=\"application\/ld+json\" class=\"aioseo-schema\">\n\t\t\t{\"@context\":\"https:\\\/\\\/schema.org\",\"@graph\":[{\"@type\":\"Article\",\"@id\":\"https:\\\/\\\/eldigitaldeasturias.com\\\/magazine365\\\/los-fondos-administrados-por-oceanwood-entran-en-el-consejo-de-administracion-de-nh-hotel-group\\\/#article\",\"name\":\"Los fondos administrados por Oceanwood entran en el Consejo de Administraci\\u00f3n de NH Hotel Group | El Digital de Asturias\",\"headline\":\"Los fondos administrados por Oceanwood entran en el Consejo de Administraci\\u00f3n de NH Hotel Group\",\"author\":{\"@id\":\"https:\\\/\\\/eldigitaldeasturias.com\\\/magazine365\\\/author\\\/admin\\\/#author\"},\"publisher\":{\"@id\":\"https:\\\/\\\/eldigitaldeasturias.com\\\/magazine365\\\/#organization\"},\"image\":{\"@type\":\"ImageObject\",\"url\":\"https:\\\/\\\/eldigitaldeasturias.com\\\/magazine365\\\/wp-content\\\/uploads\\\/2015\\\/06\\\/fotonoticia_20150619232424_800.jpg\",\"width\":800,\"height\":800},\"datePublished\":\"2015-06-20T10:55:42+02:00\",\"dateModified\":\"2015-06-20T10:55:42+02:00\",\"inLanguage\":\"es-ES\",\"mainEntityOfPage\":{\"@id\":\"https:\\\/\\\/eldigitaldeasturias.com\\\/magazine365\\\/los-fondos-administrados-por-oceanwood-entran-en-el-consejo-de-administracion-de-nh-hotel-group\\\/#webpage\"},\"isPartOf\":{\"@id\":\"https:\\\/\\\/eldigitaldeasturias.com\\\/magazine365\\\/los-fondos-administrados-por-oceanwood-entran-en-el-consejo-de-administracion-de-nh-hotel-group\\\/#webpage\"},\"articleSection\":\"Actualidad Turismo\"},{\"@type\":\"BreadcrumbList\",\"@id\":\"https:\\\/\\\/eldigitaldeasturias.com\\\/magazine365\\\/los-fondos-administrados-por-oceanwood-entran-en-el-consejo-de-administracion-de-nh-hotel-group\\\/#breadcrumblist\",\"itemListElement\":[{\"@type\":\"ListItem\",\"@id\":\"https:\\\/\\\/eldigitaldeasturias.com\\\/magazine365#listItem\",\"position\":1,\"name\":\"Home\",\"item\":\"https:\\\/\\\/eldigitaldeasturias.com\\\/magazine365\",\"nextItem\":{\"@type\":\"ListItem\",\"@id\":\"https:\\\/\\\/eldigitaldeasturias.com\\\/magazine365\\\/category\\\/actualidad-turismo\\\/#listItem\",\"name\":\"Actualidad Turismo\"}},{\"@type\":\"ListItem\",\"@id\":\"https:\\\/\\\/eldigitaldeasturias.com\\\/magazine365\\\/category\\\/actualidad-turismo\\\/#listItem\",\"position\":2,\"name\":\"Actualidad Turismo\",\"item\":\"https:\\\/\\\/eldigitaldeasturias.com\\\/magazine365\\\/category\\\/actualidad-turismo\\\/\",\"nextItem\":{\"@type\":\"ListItem\",\"@id\":\"https:\\\/\\\/eldigitaldeasturias.com\\\/magazine365\\\/los-fondos-administrados-por-oceanwood-entran-en-el-consejo-de-administracion-de-nh-hotel-group\\\/#listItem\",\"name\":\"Los fondos administrados por Oceanwood entran en el Consejo de Administraci\\u00f3n de NH Hotel Group\"},\"previousItem\":{\"@type\":\"ListItem\",\"@id\":\"https:\\\/\\\/eldigitaldeasturias.com\\\/magazine365#listItem\",\"name\":\"Home\"}},{\"@type\":\"ListItem\",\"@id\":\"https:\\\/\\\/eldigitaldeasturias.com\\\/magazine365\\\/los-fondos-administrados-por-oceanwood-entran-en-el-consejo-de-administracion-de-nh-hotel-group\\\/#listItem\",\"position\":3,\"name\":\"Los fondos administrados por Oceanwood entran en el Consejo de Administraci\\u00f3n de NH Hotel Group\",\"previousItem\":{\"@type\":\"ListItem\",\"@id\":\"https:\\\/\\\/eldigitaldeasturias.com\\\/magazine365\\\/category\\\/actualidad-turismo\\\/#listItem\",\"name\":\"Actualidad Turismo\"}}]},{\"@type\":\"Organization\",\"@id\":\"https:\\\/\\\/eldigitaldeasturias.com\\\/magazine365\\\/#organization\",\"name\":\"El digital de Asturias\",\"description\":\"Revista de ocio, turismo y estilo de vida\",\"url\":\"https:\\\/\\\/eldigitaldeasturias.com\\\/magazine365\\\/\",\"logo\":{\"@type\":\"ImageObject\",\"url\":\"https:\\\/\\\/www.eldigitaldeasturias.com\\\/noticias\\\/wp-content\\\/uploads\\\/2020\\\/12\\\/EDA.jpg\",\"@id\":\"https:\\\/\\\/eldigitaldeasturias.com\\\/magazine365\\\/los-fondos-administrados-por-oceanwood-entran-en-el-consejo-de-administracion-de-nh-hotel-group\\\/#organizationLogo\"},\"image\":{\"@id\":\"https:\\\/\\\/eldigitaldeasturias.com\\\/magazine365\\\/los-fondos-administrados-por-oceanwood-entran-en-el-consejo-de-administracion-de-nh-hotel-group\\\/#organizationLogo\"}},{\"@type\":\"Person\",\"@id\":\"https:\\\/\\\/eldigitaldeasturias.com\\\/magazine365\\\/author\\\/admin\\\/#author\",\"url\":\"https:\\\/\\\/eldigitaldeasturias.com\\\/magazine365\\\/author\\\/admin\\\/\",\"name\":\"admin\",\"image\":{\"@type\":\"ImageObject\",\"@id\":\"https:\\\/\\\/eldigitaldeasturias.com\\\/magazine365\\\/los-fondos-administrados-por-oceanwood-entran-en-el-consejo-de-administracion-de-nh-hotel-group\\\/#authorImage\",\"url\":\"https:\\\/\\\/eldigitaldeasturias.com\\\/magazine365\\\/wp-content\\\/litespeed\\\/avatar\\\/e571bcf59a0edd6fa6838245a470f2fe.jpg?ver=1777574230\",\"width\":96,\"height\":96,\"caption\":\"admin\"}},{\"@type\":\"WebPage\",\"@id\":\"https:\\\/\\\/eldigitaldeasturias.com\\\/magazine365\\\/los-fondos-administrados-por-oceanwood-entran-en-el-consejo-de-administracion-de-nh-hotel-group\\\/#webpage\",\"url\":\"https:\\\/\\\/eldigitaldeasturias.com\\\/magazine365\\\/los-fondos-administrados-por-oceanwood-entran-en-el-consejo-de-administracion-de-nh-hotel-group\\\/\",\"name\":\"Los fondos administrados por Oceanwood entran en el Consejo de Administraci\\u00f3n de NH Hotel Group | El Digital de Asturias\",\"description\":\"Los fondos administrados por Oceanwood estar\\u00e1n representados en el Consejo de Administraci\\u00f3n NH Hotel Group tras la incorporaci\\u00f3n de Alfredo Fern\\u00e1ndez Agras como consejero dominical al \\u00f3rgano de administraci\\u00f3n de la cadena hotelera aprobado este viernes. El Consejo de Administraci\\u00f3n del grupo ha dado luz verde a la incorporaci\\u00f3n de Fern\\u00e1ndez Agras a propuesta de\",\"inLanguage\":\"es-ES\",\"isPartOf\":{\"@id\":\"https:\\\/\\\/eldigitaldeasturias.com\\\/magazine365\\\/#website\"},\"breadcrumb\":{\"@id\":\"https:\\\/\\\/eldigitaldeasturias.com\\\/magazine365\\\/los-fondos-administrados-por-oceanwood-entran-en-el-consejo-de-administracion-de-nh-hotel-group\\\/#breadcrumblist\"},\"author\":{\"@id\":\"https:\\\/\\\/eldigitaldeasturias.com\\\/magazine365\\\/author\\\/admin\\\/#author\"},\"creator\":{\"@id\":\"https:\\\/\\\/eldigitaldeasturias.com\\\/magazine365\\\/author\\\/admin\\\/#author\"},\"image\":{\"@type\":\"ImageObject\",\"url\":\"https:\\\/\\\/eldigitaldeasturias.com\\\/magazine365\\\/wp-content\\\/uploads\\\/2015\\\/06\\\/fotonoticia_20150619232424_800.jpg\",\"@id\":\"https:\\\/\\\/eldigitaldeasturias.com\\\/magazine365\\\/los-fondos-administrados-por-oceanwood-entran-en-el-consejo-de-administracion-de-nh-hotel-group\\\/#mainImage\",\"width\":800,\"height\":800},\"primaryImageOfPage\":{\"@id\":\"https:\\\/\\\/eldigitaldeasturias.com\\\/magazine365\\\/los-fondos-administrados-por-oceanwood-entran-en-el-consejo-de-administracion-de-nh-hotel-group\\\/#mainImage\"},\"datePublished\":\"2015-06-20T10:55:42+02:00\",\"dateModified\":\"2015-06-20T10:55:42+02:00\"},{\"@type\":\"WebSite\",\"@id\":\"https:\\\/\\\/eldigitaldeasturias.com\\\/magazine365\\\/#website\",\"url\":\"https:\\\/\\\/eldigitaldeasturias.com\\\/magazine365\\\/\",\"name\":\"El Digital de Asturias\",\"description\":\"Revista de ocio, turismo y estilo de vida\",\"inLanguage\":\"es-ES\",\"publisher\":{\"@id\":\"https:\\\/\\\/eldigitaldeasturias.com\\\/magazine365\\\/#organization\"}}]}\n\t\t<\/script>\n\t\t<!-- All in One SEO Pro -->\r\n\t\t<title>Los fondos administrados por Oceanwood entran en el Consejo de Administraci\u00f3n de NH Hotel Group | El Digital de Asturias<\/title>\n\n","aioseo_head_json":{"title":"Los fondos administrados por Oceanwood entran en el Consejo de Administraci\u00f3n de NH Hotel Group | El Digital de Asturias","description":"Los fondos administrados por Oceanwood estar\u00e1n representados en el Consejo de Administraci\u00f3n NH Hotel Group tras la incorporaci\u00f3n de Alfredo Fern\u00e1ndez Agras como consejero dominical al \u00f3rgano de administraci\u00f3n de la cadena hotelera aprobado este viernes. El Consejo de Administraci\u00f3n del grupo ha dado luz verde a la incorporaci\u00f3n de Fern\u00e1ndez Agras a propuesta de","canonical_url":"https:\/\/eldigitaldeasturias.com\/magazine365\/los-fondos-administrados-por-oceanwood-entran-en-el-consejo-de-administracion-de-nh-hotel-group\/","robots":"max-image-preview:large","keywords":"actualidad turismo","webmasterTools":{"google-site-verification":"UA-38556648-1","miscellaneous":""},"schema":{"@context":"https:\/\/schema.org","@graph":[{"@type":"Article","@id":"https:\/\/eldigitaldeasturias.com\/magazine365\/los-fondos-administrados-por-oceanwood-entran-en-el-consejo-de-administracion-de-nh-hotel-group\/#article","name":"Los fondos administrados por Oceanwood entran en el Consejo de Administraci\u00f3n de NH Hotel Group | El Digital de Asturias","headline":"Los fondos administrados por Oceanwood entran en el Consejo de Administraci\u00f3n de NH Hotel Group","author":{"@id":"https:\/\/eldigitaldeasturias.com\/magazine365\/author\/admin\/#author"},"publisher":{"@id":"https:\/\/eldigitaldeasturias.com\/magazine365\/#organization"},"image":{"@type":"ImageObject","url":"https:\/\/eldigitaldeasturias.com\/magazine365\/wp-content\/uploads\/2015\/06\/fotonoticia_20150619232424_800.jpg","width":800,"height":800},"datePublished":"2015-06-20T10:55:42+02:00","dateModified":"2015-06-20T10:55:42+02:00","inLanguage":"es-ES","mainEntityOfPage":{"@id":"https:\/\/eldigitaldeasturias.com\/magazine365\/los-fondos-administrados-por-oceanwood-entran-en-el-consejo-de-administracion-de-nh-hotel-group\/#webpage"},"isPartOf":{"@id":"https:\/\/eldigitaldeasturias.com\/magazine365\/los-fondos-administrados-por-oceanwood-entran-en-el-consejo-de-administracion-de-nh-hotel-group\/#webpage"},"articleSection":"Actualidad Turismo"},{"@type":"BreadcrumbList","@id":"https:\/\/eldigitaldeasturias.com\/magazine365\/los-fondos-administrados-por-oceanwood-entran-en-el-consejo-de-administracion-de-nh-hotel-group\/#breadcrumblist","itemListElement":[{"@type":"ListItem","@id":"https:\/\/eldigitaldeasturias.com\/magazine365#listItem","position":1,"name":"Home","item":"https:\/\/eldigitaldeasturias.com\/magazine365","nextItem":{"@type":"ListItem","@id":"https:\/\/eldigitaldeasturias.com\/magazine365\/category\/actualidad-turismo\/#listItem","name":"Actualidad Turismo"}},{"@type":"ListItem","@id":"https:\/\/eldigitaldeasturias.com\/magazine365\/category\/actualidad-turismo\/#listItem","position":2,"name":"Actualidad Turismo","item":"https:\/\/eldigitaldeasturias.com\/magazine365\/category\/actualidad-turismo\/","nextItem":{"@type":"ListItem","@id":"https:\/\/eldigitaldeasturias.com\/magazine365\/los-fondos-administrados-por-oceanwood-entran-en-el-consejo-de-administracion-de-nh-hotel-group\/#listItem","name":"Los fondos administrados por Oceanwood entran en el Consejo de Administraci\u00f3n de NH Hotel Group"},"previousItem":{"@type":"ListItem","@id":"https:\/\/eldigitaldeasturias.com\/magazine365#listItem","name":"Home"}},{"@type":"ListItem","@id":"https:\/\/eldigitaldeasturias.com\/magazine365\/los-fondos-administrados-por-oceanwood-entran-en-el-consejo-de-administracion-de-nh-hotel-group\/#listItem","position":3,"name":"Los fondos administrados por Oceanwood entran en el Consejo de Administraci\u00f3n de NH Hotel Group","previousItem":{"@type":"ListItem","@id":"https:\/\/eldigitaldeasturias.com\/magazine365\/category\/actualidad-turismo\/#listItem","name":"Actualidad Turismo"}}]},{"@type":"Organization","@id":"https:\/\/eldigitaldeasturias.com\/magazine365\/#organization","name":"El digital de Asturias","description":"Revista de ocio, turismo y estilo de vida","url":"https:\/\/eldigitaldeasturias.com\/magazine365\/","logo":{"@type":"ImageObject","url":"https:\/\/www.eldigitaldeasturias.com\/noticias\/wp-content\/uploads\/2020\/12\/EDA.jpg","@id":"https:\/\/eldigitaldeasturias.com\/magazine365\/los-fondos-administrados-por-oceanwood-entran-en-el-consejo-de-administracion-de-nh-hotel-group\/#organizationLogo"},"image":{"@id":"https:\/\/eldigitaldeasturias.com\/magazine365\/los-fondos-administrados-por-oceanwood-entran-en-el-consejo-de-administracion-de-nh-hotel-group\/#organizationLogo"}},{"@type":"Person","@id":"https:\/\/eldigitaldeasturias.com\/magazine365\/author\/admin\/#author","url":"https:\/\/eldigitaldeasturias.com\/magazine365\/author\/admin\/","name":"admin","image":{"@type":"ImageObject","@id":"https:\/\/eldigitaldeasturias.com\/magazine365\/los-fondos-administrados-por-oceanwood-entran-en-el-consejo-de-administracion-de-nh-hotel-group\/#authorImage","url":"https:\/\/eldigitaldeasturias.com\/magazine365\/wp-content\/litespeed\/avatar\/e571bcf59a0edd6fa6838245a470f2fe.jpg?ver=1777574230","width":96,"height":96,"caption":"admin"}},{"@type":"WebPage","@id":"https:\/\/eldigitaldeasturias.com\/magazine365\/los-fondos-administrados-por-oceanwood-entran-en-el-consejo-de-administracion-de-nh-hotel-group\/#webpage","url":"https:\/\/eldigitaldeasturias.com\/magazine365\/los-fondos-administrados-por-oceanwood-entran-en-el-consejo-de-administracion-de-nh-hotel-group\/","name":"Los fondos administrados por Oceanwood entran en el Consejo de Administraci\u00f3n de NH Hotel Group | El Digital de Asturias","description":"Los fondos administrados por Oceanwood estar\u00e1n representados en el Consejo de Administraci\u00f3n NH Hotel Group tras la incorporaci\u00f3n de Alfredo Fern\u00e1ndez Agras como consejero dominical al \u00f3rgano de administraci\u00f3n de la cadena hotelera aprobado este viernes. El Consejo de Administraci\u00f3n del grupo ha dado luz verde a la incorporaci\u00f3n de Fern\u00e1ndez Agras a propuesta de","inLanguage":"es-ES","isPartOf":{"@id":"https:\/\/eldigitaldeasturias.com\/magazine365\/#website"},"breadcrumb":{"@id":"https:\/\/eldigitaldeasturias.com\/magazine365\/los-fondos-administrados-por-oceanwood-entran-en-el-consejo-de-administracion-de-nh-hotel-group\/#breadcrumblist"},"author":{"@id":"https:\/\/eldigitaldeasturias.com\/magazine365\/author\/admin\/#author"},"creator":{"@id":"https:\/\/eldigitaldeasturias.com\/magazine365\/author\/admin\/#author"},"image":{"@type":"ImageObject","url":"https:\/\/eldigitaldeasturias.com\/magazine365\/wp-content\/uploads\/2015\/06\/fotonoticia_20150619232424_800.jpg","@id":"https:\/\/eldigitaldeasturias.com\/magazine365\/los-fondos-administrados-por-oceanwood-entran-en-el-consejo-de-administracion-de-nh-hotel-group\/#mainImage","width":800,"height":800},"primaryImageOfPage":{"@id":"https:\/\/eldigitaldeasturias.com\/magazine365\/los-fondos-administrados-por-oceanwood-entran-en-el-consejo-de-administracion-de-nh-hotel-group\/#mainImage"},"datePublished":"2015-06-20T10:55:42+02:00","dateModified":"2015-06-20T10:55:42+02:00"},{"@type":"WebSite","@id":"https:\/\/eldigitaldeasturias.com\/magazine365\/#website","url":"https:\/\/eldigitaldeasturias.com\/magazine365\/","name":"El Digital de Asturias","description":"Revista de ocio, turismo y estilo de vida","inLanguage":"es-ES","publisher":{"@id":"https:\/\/eldigitaldeasturias.com\/magazine365\/#organization"}}]},"og:locale":"es_ES","og:site_name":"El Digital de Asturias \u2013 Revista de ocio, turismo y estilo de vida","og:type":"article","og:title":"Los fondos administrados por Oceanwood entran en el Consejo de Administraci\u00f3n de NH Hotel Group | El Digital de Asturias","og:description":"Los fondos administrados por Oceanwood estar\u00e1n representados en el Consejo de Administraci\u00f3n NH Hotel Group tras la incorporaci\u00f3n de Alfredo Fern\u00e1ndez Agras como consejero dominical al \u00f3rgano de administraci\u00f3n de la cadena hotelera aprobado este viernes. El Consejo de Administraci\u00f3n del grupo ha dado luz verde a la incorporaci\u00f3n de Fern\u00e1ndez Agras a propuesta de","og:url":"https:\/\/eldigitaldeasturias.com\/magazine365\/los-fondos-administrados-por-oceanwood-entran-en-el-consejo-de-administracion-de-nh-hotel-group\/","og:image":"https:\/\/eldigitaldeasturias.com\/magazine365\/wp-content\/uploads\/2015\/06\/fotonoticia_20150619232424_800.jpg","og:image:secure_url":"https:\/\/eldigitaldeasturias.com\/magazine365\/wp-content\/uploads\/2015\/06\/fotonoticia_20150619232424_800.jpg","og:image:width":800,"og:image:height":800,"article:published_time":"2015-06-20T09:25:42+00:00","article:modified_time":"2015-06-20T09:25:42+00:00","twitter:card":"summary_large_image","twitter:title":"Los fondos administrados por Oceanwood entran en el Consejo de Administraci\u00f3n de NH Hotel Group | El Digital de Asturias","twitter:description":"Los fondos administrados por Oceanwood estar\u00e1n representados en el Consejo de Administraci\u00f3n NH Hotel Group tras la incorporaci\u00f3n de Alfredo Fern\u00e1ndez Agras como consejero dominical al \u00f3rgano de administraci\u00f3n de la cadena hotelera aprobado este viernes. El Consejo de Administraci\u00f3n del grupo ha dado luz verde a la incorporaci\u00f3n de Fern\u00e1ndez Agras a propuesta de","twitter:image":"https:\/\/eldigitaldeasturias.com\/magazine365\/wp-content\/uploads\/2015\/06\/fotonoticia_20150619232424_800.jpg"},"aioseo_meta_data":{"post_id":"40489","title":null,"description":null,"keywords":null,"keyphrases":null,"primary_term":null,"canonical_url":null,"og_title":null,"og_description":null,"og_object_type":"default","og_image_type":"default","og_image_url":null,"og_image_width":null,"og_image_height":null,"og_image_custom_url":null,"og_image_custom_fields":null,"og_video":null,"og_custom_url":null,"og_article_section":null,"og_article_tags":null,"twitter_use_og":false,"twitter_card":"default","twitter_image_type":"default","twitter_image_url":null,"twitter_image_custom_url":null,"twitter_image_custom_fields":null,"twitter_title":null,"twitter_description":null,"schema":{"blockGraphs":[],"customGraphs":[],"default":{"data":{"Article":[],"Course":[],"Dataset":[],"FAQPage":[],"Movie":[],"Person":[],"Product":[],"ProductReview":[],"Car":[],"Recipe":[],"Service":[],"SoftwareApplication":[],"WebPage":[]},"graphName":"","isEnabled":true},"graphs":[],"defaultGraph":"","defaultPostTypeGraph":""},"schema_type":null,"schema_type_options":null,"pillar_content":false,"robots_default":true,"robots_noindex":false,"robots_noarchive":false,"robots_nosnippet":false,"robots_nofollow":false,"robots_noimageindex":false,"robots_noodp":false,"robots_notranslate":false,"robots_max_snippet":null,"robots_max_videopreview":null,"robots_max_imagepreview":"large","priority":null,"frequency":null,"location":null,"local_seo":null,"seo_analyzer_scan_date":"2025-09-19 13:39:09","breadcrumb_settings":null,"limit_modified_date":false,"open_ai":null,"ai":null,"created":"2021-03-09 02:27:56","updated":"2025-09-19 13:39:09"},"aioseo_breadcrumb":"<div class=\"aioseo-breadcrumbs\"><span class=\"aioseo-breadcrumb\">\n\t<a href=\"https:\/\/eldigitaldeasturias.com\/magazine365\" title=\"Home\">Home<\/a>\n<\/span><span class=\"aioseo-breadcrumb-separator\">\u2013<\/span><span class=\"aioseo-breadcrumb\">\n\t<a href=\"https:\/\/eldigitaldeasturias.com\/magazine365\/category\/actualidad-turismo\/\" title=\"Actualidad Turismo\">Actualidad Turismo<\/a>\n<\/span><span class=\"aioseo-breadcrumb-separator\">\u2013<\/span><span class=\"aioseo-breadcrumb\">\n\t<a href=\"https:\/\/eldigitaldeasturias.com\/magazine365\/los-fondos-administrados-por-oceanwood-entran-en-el-consejo-de-administracion-de-nh-hotel-group\/\" title=\"Los fondos administrados por Oceanwood entran en el Consejo de Administraci\u00f3n de NH Hotel Group\">Los fondos administrados por Oceanwood entran en el Consejo de Administraci\u00f3n de NH Hotel Group<\/a>\n<\/span><\/div>","aioseo_breadcrumb_json":[{"label":"Home","link":"https:\/\/eldigitaldeasturias.com\/magazine365"},{"label":"Actualidad Turismo","link":"https:\/\/eldigitaldeasturias.com\/magazine365\/category\/actualidad-turismo\/"},{"label":"Los fondos administrados por Oceanwood entran en el Consejo de Administraci\u00f3n de NH Hotel Group","link":"https:\/\/eldigitaldeasturias.com\/magazine365\/los-fondos-administrados-por-oceanwood-entran-en-el-consejo-de-administracion-de-nh-hotel-group\/"}],"_links":{"self":[{"href":"https:\/\/eldigitaldeasturias.com\/magazine365\/wp-json\/wp\/v2\/posts\/40489","targetHints":{"allow":["GET"]}}],"collection":[{"href":"https:\/\/eldigitaldeasturias.com\/magazine365\/wp-json\/wp\/v2\/posts"}],"about":[{"href":"https:\/\/eldigitaldeasturias.com\/magazine365\/wp-json\/wp\/v2\/types\/post"}],"author":[{"embeddable":true,"href":"https:\/\/eldigitaldeasturias.com\/magazine365\/wp-json\/wp\/v2\/users\/1"}],"replies":[{"embeddable":true,"href":"https:\/\/eldigitaldeasturias.com\/magazine365\/wp-json\/wp\/v2\/comments?post=40489"}],"version-history":[{"count":0,"href":"https:\/\/eldigitaldeasturias.com\/magazine365\/wp-json\/wp\/v2\/posts\/40489\/revisions"}],"wp:featuredmedia":[{"embeddable":true,"href":"https:\/\/eldigitaldeasturias.com\/magazine365\/wp-json\/wp\/v2\/media\/40490"}],"wp:attachment":[{"href":"https:\/\/eldigitaldeasturias.com\/magazine365\/wp-json\/wp\/v2\/media?parent=40489"}],"wp:term":[{"taxonomy":"category","embeddable":true,"href":"https:\/\/eldigitaldeasturias.com\/magazine365\/wp-json\/wp\/v2\/categories?post=40489"},{"taxonomy":"post_tag","embeddable":true,"href":"https:\/\/eldigitaldeasturias.com\/magazine365\/wp-json\/wp\/v2\/tags?post=40489"}],"curies":[{"name":"wp","href":"https:\/\/api.w.org\/{rel}","templated":true}]}}