{"id":40484,"date":"2015-06-20T10:53:13","date_gmt":"2015-06-20T09:23:13","guid":{"rendered":"http:\/\/eldigitaldeasturias.com\/magazine365\/?p=40484"},"modified":"2015-06-20T10:53:13","modified_gmt":"2015-06-20T09:23:13","slug":"la-iata-detiene-su-propuesta-de-reducir-el-tamano-del-equipaje-de-mano","status":"publish","type":"post","link":"https:\/\/eldigitaldeasturias.com\/magazine365\/la-iata-detiene-su-propuesta-de-reducir-el-tamano-del-equipaje-de-mano\/","title":{"rendered":"La IATA detiene su propuesta de reducir el tama\u00f1o del equipaje de mano"},"content":{"rendered":"<p><img fetchpriority=\"high\" decoding=\"async\" class=\"alignleft size-medium wp-image-39092\" src=\"https:\/\/eldigitaldeasturias.com\/magazine365\/wp-content\/uploads\/2015\/06\/aeropuerto-360x239.jpg\" alt=\"aeropuerto\" width=\"360\" height=\"239\" srcset=\"https:\/\/eldigitaldeasturias.com\/magazine365\/wp-content\/uploads\/2015\/06\/aeropuerto-360x239.jpg 360w, https:\/\/eldigitaldeasturias.com\/magazine365\/wp-content\/uploads\/2015\/06\/aeropuerto-650x431.jpg 650w, https:\/\/eldigitaldeasturias.com\/magazine365\/wp-content\/uploads\/2015\/06\/aeropuerto-768x510.jpg 768w, https:\/\/eldigitaldeasturias.com\/magazine365\/wp-content\/uploads\/2015\/06\/aeropuerto-150x100.jpg 150w, https:\/\/eldigitaldeasturias.com\/magazine365\/wp-content\/uploads\/2015\/06\/aeropuerto-450x299.jpg 450w, https:\/\/eldigitaldeasturias.com\/magazine365\/wp-content\/uploads\/2015\/06\/aeropuerto-696x462.jpg 696w, https:\/\/eldigitaldeasturias.com\/magazine365\/wp-content\/uploads\/2015\/06\/aeropuerto-633x420.jpg 633w, https:\/\/eldigitaldeasturias.com\/magazine365\/wp-content\/uploads\/2015\/06\/aeropuerto-84x55.jpg 84w, https:\/\/eldigitaldeasturias.com\/magazine365\/wp-content\/uploads\/2015\/06\/aeropuerto.jpg 800w\" sizes=\"(max-width: 360px) 100vw, 360px\" \/>La Asociaci\u00f3n Internacional de Transporte A\u00e9reo (IATA, en sus siglas en ingl\u00e9s) ha detenido su propuesta de reducir en un 40% el tama\u00f1o de la maleta de mano a bordo, seg\u00fan ha informado la asociaci\u00f3n, que agrupa al 90% del tr\u00e1fico a\u00e9reo mundial.<\/p>\n<p>Desde la IATA se ha destacado que han sido muchas las aerol\u00edneas interesadas en el programa. Sin embargo, tambi\u00e9n se ha generado \u00abconfusi\u00f3n\u00bb, sobre todo entre algunas de las compa\u00f1\u00edas a\u00e9reas implicadas, por lo que ha decidido paralizarla temporalmente.<\/p>\n<p>La asociaci\u00f3n llevar\u00e1 a cabo un evaluaci\u00f3n \u00abm\u00e1s exhaustiva\u00bb del programa y buscar\u00e1 involucrar a m\u00e1s participantes, seg\u00fan ha informado la IATA, que recuerda que la medida es voluntaria y no obliga a los usuarios a comprar maletas nuevas con estos est\u00e1ndares.<\/p>\n<p>La medida, enmarcada dentro del programa &#8216;IATA Cabin OK&#8217;, fue lanzada el 9 de junio durante la 71\u00aa asamblea que las aerol\u00edneas pertenecientes a la IATA celebran en Miami.<\/p>\n<p>En el encuentro se fij\u00f3 que el nuevo est\u00e1ndar para el equipaje de mano (bolsas o maletas) a bordo de un avi\u00f3n de 120 asientos o m\u00e1s ser\u00eda 55x35x20 cent\u00edmetros, frente al actual est\u00e1ndar m\u00ednimo aceptado de 56x45x25 cent\u00edmetros.<\/p>\n<p>Este nuevo est\u00e1ndar para el volumen del equipaje de mano es m\u00e1s peque\u00f1o que el permitido por la &#8216;low cost&#8217; irlandesa Ryanair, establecido en 55x40x20 cent\u00edmetros.<\/p>\n<p>MEDIDA VOLUNTARIA.<\/p>\n<p>La iniciativa, que era no obliga al sector a aplicarla ya que ser\u00e1n las aerol\u00edneas las que decidan si ajustan su pol\u00edtica de equipaje a los nuevos est\u00e1ndares planteados, se puso en marcha con el objetivo de ofrecer mayor seguridad de que su equipaje de mano viajar\u00e1 con ellos en la cabina del avi\u00f3n, incluso cuando el vuelo est\u00e1 lleno.<\/p>\n<p>La IATA est\u00e1 trabajando con el proveedor de control de equipajes Okoban en este programa con un c\u00f3digo de identificaci\u00f3n que certifique el nuevo est\u00e1ndar. Con esta propuesta, que revisar\u00e1, busca unificar las medidas aceptadas por las diferentes aerol\u00edneas y liberar espacio en las cabinas.<\/p>\n","protected":false},"excerpt":{"rendered":"<p>La Asociaci\u00f3n Internacional de Transporte A\u00e9reo (IATA, en sus siglas en ingl\u00e9s) ha detenido su propuesta de reducir en un 40% el tama\u00f1o de la maleta de mano a bordo, seg\u00fan ha informado la asociaci\u00f3n, que agrupa al 90% del tr\u00e1fico a\u00e9reo mundial. Desde la IATA se ha destacado que han sido muchas las aerol\u00edneas<\/p>\n","protected":false},"author":1,"featured_media":39092,"comment_status":"open","ping_status":"closed","sticky":false,"template":"","format":"standard","meta":{"footnotes":""},"categories":[222],"tags":[],"class_list":{"0":"post-40484","1":"post","2":"type-post","3":"status-publish","4":"format-standard","5":"has-post-thumbnail","7":"category-actualidad-turismo"},"aioseo_notices":[],"aioseo_head":"\n\t\t<!-- All in One SEO Pro 4.9.6.1 - aioseo.com -->\n\t<meta name=\"description\" content=\"La Asociaci\u00f3n Internacional de Transporte A\u00e9reo (IATA, en sus siglas en ingl\u00e9s) ha detenido su propuesta de reducir en un 40% el tama\u00f1o de la maleta de mano a bordo, seg\u00fan ha informado la asociaci\u00f3n, que agrupa al 90% del tr\u00e1fico a\u00e9reo mundial. Desde la IATA se ha destacado que han sido muchas las aerol\u00edneas\" \/>\n\t<meta name=\"robots\" content=\"max-image-preview:large\" \/>\n\t<meta name=\"author\" content=\"admin\"\/>\n\t<meta name=\"google-site-verification\" content=\"UA-38556648-1\" \/>\n\t<meta name=\"keywords\" content=\"actualidad turismo\" \/>\n\t<link rel=\"canonical\" href=\"https:\/\/eldigitaldeasturias.com\/magazine365\/la-iata-detiene-su-propuesta-de-reducir-el-tamano-del-equipaje-de-mano\/\" \/>\n\t<meta name=\"generator\" content=\"All in One SEO Pro (AIOSEO) 4.9.6.1\" \/>\n\t\t<meta property=\"og:locale\" content=\"es_ES\" \/>\n\t\t<meta property=\"og:site_name\" content=\"El Digital de Asturias \u2013 Revista de ocio, turismo y estilo de vida\" \/>\n\t\t<meta property=\"og:type\" content=\"article\" \/>\n\t\t<meta property=\"og:title\" content=\"La IATA detiene su propuesta de reducir el tama\u00f1o del equipaje de mano | El Digital de Asturias\" \/>\n\t\t<meta property=\"og:description\" content=\"La Asociaci\u00f3n Internacional de Transporte A\u00e9reo (IATA, en sus siglas en ingl\u00e9s) ha detenido su propuesta de reducir en un 40% el tama\u00f1o de la maleta de mano a bordo, seg\u00fan ha informado la asociaci\u00f3n, que agrupa al 90% del tr\u00e1fico a\u00e9reo mundial. Desde la IATA se ha destacado que han sido muchas las aerol\u00edneas\" \/>\n\t\t<meta property=\"og:url\" content=\"https:\/\/eldigitaldeasturias.com\/magazine365\/la-iata-detiene-su-propuesta-de-reducir-el-tamano-del-equipaje-de-mano\/\" \/>\n\t\t<meta property=\"og:image\" content=\"https:\/\/eldigitaldeasturias.com\/magazine365\/wp-content\/uploads\/2015\/06\/aeropuerto.jpg\" \/>\n\t\t<meta property=\"og:image:secure_url\" content=\"https:\/\/eldigitaldeasturias.com\/magazine365\/wp-content\/uploads\/2015\/06\/aeropuerto.jpg\" \/>\n\t\t<meta property=\"og:image:width\" content=\"800\" \/>\n\t\t<meta property=\"og:image:height\" content=\"531\" \/>\n\t\t<meta property=\"article:published_time\" content=\"2015-06-20T09:23:13+00:00\" \/>\n\t\t<meta property=\"article:modified_time\" content=\"2015-06-20T09:23:13+00:00\" \/>\n\t\t<meta name=\"twitter:card\" content=\"summary_large_image\" \/>\n\t\t<meta name=\"twitter:title\" content=\"La IATA detiene su propuesta de reducir el tama\u00f1o del equipaje de mano | El Digital de Asturias\" \/>\n\t\t<meta name=\"twitter:description\" content=\"La Asociaci\u00f3n Internacional de Transporte A\u00e9reo (IATA, en sus siglas en ingl\u00e9s) ha detenido su propuesta de reducir en un 40% el tama\u00f1o de la maleta de mano a bordo, seg\u00fan ha informado la asociaci\u00f3n, que agrupa al 90% del tr\u00e1fico a\u00e9reo mundial. Desde la IATA se ha destacado que han sido muchas las aerol\u00edneas\" \/>\n\t\t<meta name=\"twitter:image\" content=\"https:\/\/eldigitaldeasturias.com\/magazine365\/wp-content\/uploads\/2015\/06\/aeropuerto.jpg\" \/>\n\t\t<script type=\"application\/ld+json\" class=\"aioseo-schema\">\n\t\t\t{\"@context\":\"https:\\\/\\\/schema.org\",\"@graph\":[{\"@type\":\"Article\",\"@id\":\"https:\\\/\\\/eldigitaldeasturias.com\\\/magazine365\\\/la-iata-detiene-su-propuesta-de-reducir-el-tamano-del-equipaje-de-mano\\\/#article\",\"name\":\"La IATA detiene su propuesta de reducir el tama\\u00f1o del equipaje de mano | El Digital de Asturias\",\"headline\":\"La IATA detiene su propuesta de reducir el tama\\u00f1o del equipaje de mano\",\"author\":{\"@id\":\"https:\\\/\\\/eldigitaldeasturias.com\\\/magazine365\\\/author\\\/admin\\\/#author\"},\"publisher\":{\"@id\":\"https:\\\/\\\/eldigitaldeasturias.com\\\/magazine365\\\/#organization\"},\"image\":{\"@type\":\"ImageObject\",\"url\":\"https:\\\/\\\/eldigitaldeasturias.com\\\/magazine365\\\/wp-content\\\/uploads\\\/2015\\\/06\\\/aeropuerto.jpg\",\"width\":800,\"height\":531},\"datePublished\":\"2015-06-20T10:53:13+02:00\",\"dateModified\":\"2015-06-20T10:53:13+02:00\",\"inLanguage\":\"es-ES\",\"mainEntityOfPage\":{\"@id\":\"https:\\\/\\\/eldigitaldeasturias.com\\\/magazine365\\\/la-iata-detiene-su-propuesta-de-reducir-el-tamano-del-equipaje-de-mano\\\/#webpage\"},\"isPartOf\":{\"@id\":\"https:\\\/\\\/eldigitaldeasturias.com\\\/magazine365\\\/la-iata-detiene-su-propuesta-de-reducir-el-tamano-del-equipaje-de-mano\\\/#webpage\"},\"articleSection\":\"Actualidad Turismo\"},{\"@type\":\"BreadcrumbList\",\"@id\":\"https:\\\/\\\/eldigitaldeasturias.com\\\/magazine365\\\/la-iata-detiene-su-propuesta-de-reducir-el-tamano-del-equipaje-de-mano\\\/#breadcrumblist\",\"itemListElement\":[{\"@type\":\"ListItem\",\"@id\":\"https:\\\/\\\/eldigitaldeasturias.com\\\/magazine365#listItem\",\"position\":1,\"name\":\"Home\",\"item\":\"https:\\\/\\\/eldigitaldeasturias.com\\\/magazine365\",\"nextItem\":{\"@type\":\"ListItem\",\"@id\":\"https:\\\/\\\/eldigitaldeasturias.com\\\/magazine365\\\/category\\\/actualidad-turismo\\\/#listItem\",\"name\":\"Actualidad Turismo\"}},{\"@type\":\"ListItem\",\"@id\":\"https:\\\/\\\/eldigitaldeasturias.com\\\/magazine365\\\/category\\\/actualidad-turismo\\\/#listItem\",\"position\":2,\"name\":\"Actualidad Turismo\",\"item\":\"https:\\\/\\\/eldigitaldeasturias.com\\\/magazine365\\\/category\\\/actualidad-turismo\\\/\",\"nextItem\":{\"@type\":\"ListItem\",\"@id\":\"https:\\\/\\\/eldigitaldeasturias.com\\\/magazine365\\\/la-iata-detiene-su-propuesta-de-reducir-el-tamano-del-equipaje-de-mano\\\/#listItem\",\"name\":\"La IATA detiene su propuesta de reducir el tama\\u00f1o del equipaje de mano\"},\"previousItem\":{\"@type\":\"ListItem\",\"@id\":\"https:\\\/\\\/eldigitaldeasturias.com\\\/magazine365#listItem\",\"name\":\"Home\"}},{\"@type\":\"ListItem\",\"@id\":\"https:\\\/\\\/eldigitaldeasturias.com\\\/magazine365\\\/la-iata-detiene-su-propuesta-de-reducir-el-tamano-del-equipaje-de-mano\\\/#listItem\",\"position\":3,\"name\":\"La IATA detiene su propuesta de reducir el tama\\u00f1o del equipaje de mano\",\"previousItem\":{\"@type\":\"ListItem\",\"@id\":\"https:\\\/\\\/eldigitaldeasturias.com\\\/magazine365\\\/category\\\/actualidad-turismo\\\/#listItem\",\"name\":\"Actualidad Turismo\"}}]},{\"@type\":\"Organization\",\"@id\":\"https:\\\/\\\/eldigitaldeasturias.com\\\/magazine365\\\/#organization\",\"name\":\"El digital de Asturias\",\"description\":\"Revista de ocio, turismo y estilo de vida\",\"url\":\"https:\\\/\\\/eldigitaldeasturias.com\\\/magazine365\\\/\",\"logo\":{\"@type\":\"ImageObject\",\"url\":\"https:\\\/\\\/www.eldigitaldeasturias.com\\\/noticias\\\/wp-content\\\/uploads\\\/2020\\\/12\\\/EDA.jpg\",\"@id\":\"https:\\\/\\\/eldigitaldeasturias.com\\\/magazine365\\\/la-iata-detiene-su-propuesta-de-reducir-el-tamano-del-equipaje-de-mano\\\/#organizationLogo\"},\"image\":{\"@id\":\"https:\\\/\\\/eldigitaldeasturias.com\\\/magazine365\\\/la-iata-detiene-su-propuesta-de-reducir-el-tamano-del-equipaje-de-mano\\\/#organizationLogo\"}},{\"@type\":\"Person\",\"@id\":\"https:\\\/\\\/eldigitaldeasturias.com\\\/magazine365\\\/author\\\/admin\\\/#author\",\"url\":\"https:\\\/\\\/eldigitaldeasturias.com\\\/magazine365\\\/author\\\/admin\\\/\",\"name\":\"admin\",\"image\":{\"@type\":\"ImageObject\",\"@id\":\"https:\\\/\\\/eldigitaldeasturias.com\\\/magazine365\\\/la-iata-detiene-su-propuesta-de-reducir-el-tamano-del-equipaje-de-mano\\\/#authorImage\",\"url\":\"https:\\\/\\\/eldigitaldeasturias.com\\\/magazine365\\\/wp-content\\\/litespeed\\\/avatar\\\/e571bcf59a0edd6fa6838245a470f2fe.jpg?ver=1777574230\",\"width\":96,\"height\":96,\"caption\":\"admin\"}},{\"@type\":\"WebPage\",\"@id\":\"https:\\\/\\\/eldigitaldeasturias.com\\\/magazine365\\\/la-iata-detiene-su-propuesta-de-reducir-el-tamano-del-equipaje-de-mano\\\/#webpage\",\"url\":\"https:\\\/\\\/eldigitaldeasturias.com\\\/magazine365\\\/la-iata-detiene-su-propuesta-de-reducir-el-tamano-del-equipaje-de-mano\\\/\",\"name\":\"La IATA detiene su propuesta de reducir el tama\\u00f1o del equipaje de mano | El Digital de Asturias\",\"description\":\"La Asociaci\\u00f3n Internacional de Transporte A\\u00e9reo (IATA, en sus siglas en ingl\\u00e9s) ha detenido su propuesta de reducir en un 40% el tama\\u00f1o de la maleta de mano a bordo, seg\\u00fan ha informado la asociaci\\u00f3n, que agrupa al 90% del tr\\u00e1fico a\\u00e9reo mundial. Desde la IATA se ha destacado que han sido muchas las aerol\\u00edneas\",\"inLanguage\":\"es-ES\",\"isPartOf\":{\"@id\":\"https:\\\/\\\/eldigitaldeasturias.com\\\/magazine365\\\/#website\"},\"breadcrumb\":{\"@id\":\"https:\\\/\\\/eldigitaldeasturias.com\\\/magazine365\\\/la-iata-detiene-su-propuesta-de-reducir-el-tamano-del-equipaje-de-mano\\\/#breadcrumblist\"},\"author\":{\"@id\":\"https:\\\/\\\/eldigitaldeasturias.com\\\/magazine365\\\/author\\\/admin\\\/#author\"},\"creator\":{\"@id\":\"https:\\\/\\\/eldigitaldeasturias.com\\\/magazine365\\\/author\\\/admin\\\/#author\"},\"image\":{\"@type\":\"ImageObject\",\"url\":\"https:\\\/\\\/eldigitaldeasturias.com\\\/magazine365\\\/wp-content\\\/uploads\\\/2015\\\/06\\\/aeropuerto.jpg\",\"@id\":\"https:\\\/\\\/eldigitaldeasturias.com\\\/magazine365\\\/la-iata-detiene-su-propuesta-de-reducir-el-tamano-del-equipaje-de-mano\\\/#mainImage\",\"width\":800,\"height\":531},\"primaryImageOfPage\":{\"@id\":\"https:\\\/\\\/eldigitaldeasturias.com\\\/magazine365\\\/la-iata-detiene-su-propuesta-de-reducir-el-tamano-del-equipaje-de-mano\\\/#mainImage\"},\"datePublished\":\"2015-06-20T10:53:13+02:00\",\"dateModified\":\"2015-06-20T10:53:13+02:00\"},{\"@type\":\"WebSite\",\"@id\":\"https:\\\/\\\/eldigitaldeasturias.com\\\/magazine365\\\/#website\",\"url\":\"https:\\\/\\\/eldigitaldeasturias.com\\\/magazine365\\\/\",\"name\":\"El Digital de Asturias\",\"description\":\"Revista de ocio, turismo y estilo de vida\",\"inLanguage\":\"es-ES\",\"publisher\":{\"@id\":\"https:\\\/\\\/eldigitaldeasturias.com\\\/magazine365\\\/#organization\"}}]}\n\t\t<\/script>\n\t\t<!-- All in One SEO Pro -->\r\n\t\t<title>La IATA detiene su propuesta de reducir el tama\u00f1o del equipaje de mano | El Digital de Asturias<\/title>\n\n","aioseo_head_json":{"title":"La IATA detiene su propuesta de reducir el tama\u00f1o del equipaje de mano | El Digital de Asturias","description":"La Asociaci\u00f3n Internacional de Transporte A\u00e9reo (IATA, en sus siglas en ingl\u00e9s) ha detenido su propuesta de reducir en un 40% el tama\u00f1o de la maleta de mano a bordo, seg\u00fan ha informado la asociaci\u00f3n, que agrupa al 90% del tr\u00e1fico a\u00e9reo mundial. Desde la IATA se ha destacado que han sido muchas las aerol\u00edneas","canonical_url":"https:\/\/eldigitaldeasturias.com\/magazine365\/la-iata-detiene-su-propuesta-de-reducir-el-tamano-del-equipaje-de-mano\/","robots":"max-image-preview:large","keywords":"actualidad turismo","webmasterTools":{"google-site-verification":"UA-38556648-1","miscellaneous":""},"schema":{"@context":"https:\/\/schema.org","@graph":[{"@type":"Article","@id":"https:\/\/eldigitaldeasturias.com\/magazine365\/la-iata-detiene-su-propuesta-de-reducir-el-tamano-del-equipaje-de-mano\/#article","name":"La IATA detiene su propuesta de reducir el tama\u00f1o del equipaje de mano | El Digital de Asturias","headline":"La IATA detiene su propuesta de reducir el tama\u00f1o del equipaje de mano","author":{"@id":"https:\/\/eldigitaldeasturias.com\/magazine365\/author\/admin\/#author"},"publisher":{"@id":"https:\/\/eldigitaldeasturias.com\/magazine365\/#organization"},"image":{"@type":"ImageObject","url":"https:\/\/eldigitaldeasturias.com\/magazine365\/wp-content\/uploads\/2015\/06\/aeropuerto.jpg","width":800,"height":531},"datePublished":"2015-06-20T10:53:13+02:00","dateModified":"2015-06-20T10:53:13+02:00","inLanguage":"es-ES","mainEntityOfPage":{"@id":"https:\/\/eldigitaldeasturias.com\/magazine365\/la-iata-detiene-su-propuesta-de-reducir-el-tamano-del-equipaje-de-mano\/#webpage"},"isPartOf":{"@id":"https:\/\/eldigitaldeasturias.com\/magazine365\/la-iata-detiene-su-propuesta-de-reducir-el-tamano-del-equipaje-de-mano\/#webpage"},"articleSection":"Actualidad Turismo"},{"@type":"BreadcrumbList","@id":"https:\/\/eldigitaldeasturias.com\/magazine365\/la-iata-detiene-su-propuesta-de-reducir-el-tamano-del-equipaje-de-mano\/#breadcrumblist","itemListElement":[{"@type":"ListItem","@id":"https:\/\/eldigitaldeasturias.com\/magazine365#listItem","position":1,"name":"Home","item":"https:\/\/eldigitaldeasturias.com\/magazine365","nextItem":{"@type":"ListItem","@id":"https:\/\/eldigitaldeasturias.com\/magazine365\/category\/actualidad-turismo\/#listItem","name":"Actualidad Turismo"}},{"@type":"ListItem","@id":"https:\/\/eldigitaldeasturias.com\/magazine365\/category\/actualidad-turismo\/#listItem","position":2,"name":"Actualidad Turismo","item":"https:\/\/eldigitaldeasturias.com\/magazine365\/category\/actualidad-turismo\/","nextItem":{"@type":"ListItem","@id":"https:\/\/eldigitaldeasturias.com\/magazine365\/la-iata-detiene-su-propuesta-de-reducir-el-tamano-del-equipaje-de-mano\/#listItem","name":"La IATA detiene su propuesta de reducir el tama\u00f1o del equipaje de mano"},"previousItem":{"@type":"ListItem","@id":"https:\/\/eldigitaldeasturias.com\/magazine365#listItem","name":"Home"}},{"@type":"ListItem","@id":"https:\/\/eldigitaldeasturias.com\/magazine365\/la-iata-detiene-su-propuesta-de-reducir-el-tamano-del-equipaje-de-mano\/#listItem","position":3,"name":"La IATA detiene su propuesta de reducir el tama\u00f1o del equipaje de mano","previousItem":{"@type":"ListItem","@id":"https:\/\/eldigitaldeasturias.com\/magazine365\/category\/actualidad-turismo\/#listItem","name":"Actualidad Turismo"}}]},{"@type":"Organization","@id":"https:\/\/eldigitaldeasturias.com\/magazine365\/#organization","name":"El digital de Asturias","description":"Revista de ocio, turismo y estilo de vida","url":"https:\/\/eldigitaldeasturias.com\/magazine365\/","logo":{"@type":"ImageObject","url":"https:\/\/www.eldigitaldeasturias.com\/noticias\/wp-content\/uploads\/2020\/12\/EDA.jpg","@id":"https:\/\/eldigitaldeasturias.com\/magazine365\/la-iata-detiene-su-propuesta-de-reducir-el-tamano-del-equipaje-de-mano\/#organizationLogo"},"image":{"@id":"https:\/\/eldigitaldeasturias.com\/magazine365\/la-iata-detiene-su-propuesta-de-reducir-el-tamano-del-equipaje-de-mano\/#organizationLogo"}},{"@type":"Person","@id":"https:\/\/eldigitaldeasturias.com\/magazine365\/author\/admin\/#author","url":"https:\/\/eldigitaldeasturias.com\/magazine365\/author\/admin\/","name":"admin","image":{"@type":"ImageObject","@id":"https:\/\/eldigitaldeasturias.com\/magazine365\/la-iata-detiene-su-propuesta-de-reducir-el-tamano-del-equipaje-de-mano\/#authorImage","url":"https:\/\/eldigitaldeasturias.com\/magazine365\/wp-content\/litespeed\/avatar\/e571bcf59a0edd6fa6838245a470f2fe.jpg?ver=1777574230","width":96,"height":96,"caption":"admin"}},{"@type":"WebPage","@id":"https:\/\/eldigitaldeasturias.com\/magazine365\/la-iata-detiene-su-propuesta-de-reducir-el-tamano-del-equipaje-de-mano\/#webpage","url":"https:\/\/eldigitaldeasturias.com\/magazine365\/la-iata-detiene-su-propuesta-de-reducir-el-tamano-del-equipaje-de-mano\/","name":"La IATA detiene su propuesta de reducir el tama\u00f1o del equipaje de mano | El Digital de Asturias","description":"La Asociaci\u00f3n Internacional de Transporte A\u00e9reo (IATA, en sus siglas en ingl\u00e9s) ha detenido su propuesta de reducir en un 40% el tama\u00f1o de la maleta de mano a bordo, seg\u00fan ha informado la asociaci\u00f3n, que agrupa al 90% del tr\u00e1fico a\u00e9reo mundial. Desde la IATA se ha destacado que han sido muchas las aerol\u00edneas","inLanguage":"es-ES","isPartOf":{"@id":"https:\/\/eldigitaldeasturias.com\/magazine365\/#website"},"breadcrumb":{"@id":"https:\/\/eldigitaldeasturias.com\/magazine365\/la-iata-detiene-su-propuesta-de-reducir-el-tamano-del-equipaje-de-mano\/#breadcrumblist"},"author":{"@id":"https:\/\/eldigitaldeasturias.com\/magazine365\/author\/admin\/#author"},"creator":{"@id":"https:\/\/eldigitaldeasturias.com\/magazine365\/author\/admin\/#author"},"image":{"@type":"ImageObject","url":"https:\/\/eldigitaldeasturias.com\/magazine365\/wp-content\/uploads\/2015\/06\/aeropuerto.jpg","@id":"https:\/\/eldigitaldeasturias.com\/magazine365\/la-iata-detiene-su-propuesta-de-reducir-el-tamano-del-equipaje-de-mano\/#mainImage","width":800,"height":531},"primaryImageOfPage":{"@id":"https:\/\/eldigitaldeasturias.com\/magazine365\/la-iata-detiene-su-propuesta-de-reducir-el-tamano-del-equipaje-de-mano\/#mainImage"},"datePublished":"2015-06-20T10:53:13+02:00","dateModified":"2015-06-20T10:53:13+02:00"},{"@type":"WebSite","@id":"https:\/\/eldigitaldeasturias.com\/magazine365\/#website","url":"https:\/\/eldigitaldeasturias.com\/magazine365\/","name":"El Digital de Asturias","description":"Revista de ocio, turismo y estilo de vida","inLanguage":"es-ES","publisher":{"@id":"https:\/\/eldigitaldeasturias.com\/magazine365\/#organization"}}]},"og:locale":"es_ES","og:site_name":"El Digital de Asturias \u2013 Revista de ocio, turismo y estilo de vida","og:type":"article","og:title":"La IATA detiene su propuesta de reducir el tama\u00f1o del equipaje de mano | El Digital de Asturias","og:description":"La Asociaci\u00f3n Internacional de Transporte A\u00e9reo (IATA, en sus siglas en ingl\u00e9s) ha detenido su propuesta de reducir en un 40% el tama\u00f1o de la maleta de mano a bordo, seg\u00fan ha informado la asociaci\u00f3n, que agrupa al 90% del tr\u00e1fico a\u00e9reo mundial. Desde la IATA se ha destacado que han sido muchas las aerol\u00edneas","og:url":"https:\/\/eldigitaldeasturias.com\/magazine365\/la-iata-detiene-su-propuesta-de-reducir-el-tamano-del-equipaje-de-mano\/","og:image":"https:\/\/eldigitaldeasturias.com\/magazine365\/wp-content\/uploads\/2015\/06\/aeropuerto.jpg","og:image:secure_url":"https:\/\/eldigitaldeasturias.com\/magazine365\/wp-content\/uploads\/2015\/06\/aeropuerto.jpg","og:image:width":800,"og:image:height":531,"article:published_time":"2015-06-20T09:23:13+00:00","article:modified_time":"2015-06-20T09:23:13+00:00","twitter:card":"summary_large_image","twitter:title":"La IATA detiene su propuesta de reducir el tama\u00f1o del equipaje de mano | El Digital de Asturias","twitter:description":"La Asociaci\u00f3n Internacional de Transporte A\u00e9reo (IATA, en sus siglas en ingl\u00e9s) ha detenido su propuesta de reducir en un 40% el tama\u00f1o de la maleta de mano a bordo, seg\u00fan ha informado la asociaci\u00f3n, que agrupa al 90% del tr\u00e1fico a\u00e9reo mundial. Desde la IATA se ha destacado que han sido muchas las aerol\u00edneas","twitter:image":"https:\/\/eldigitaldeasturias.com\/magazine365\/wp-content\/uploads\/2015\/06\/aeropuerto.jpg"},"aioseo_meta_data":{"post_id":"40484","title":null,"description":null,"keywords":null,"keyphrases":null,"primary_term":null,"canonical_url":null,"og_title":null,"og_description":null,"og_object_type":"default","og_image_type":"default","og_image_url":null,"og_image_width":null,"og_image_height":null,"og_image_custom_url":null,"og_image_custom_fields":null,"og_video":null,"og_custom_url":null,"og_article_section":null,"og_article_tags":null,"twitter_use_og":false,"twitter_card":"default","twitter_image_type":"default","twitter_image_url":null,"twitter_image_custom_url":null,"twitter_image_custom_fields":null,"twitter_title":null,"twitter_description":null,"schema":{"blockGraphs":[],"customGraphs":[],"default":{"data":{"Article":[],"Course":[],"Dataset":[],"FAQPage":[],"Movie":[],"Person":[],"Product":[],"ProductReview":[],"Car":[],"Recipe":[],"Service":[],"SoftwareApplication":[],"WebPage":[]},"graphName":"","isEnabled":true},"graphs":[],"defaultGraph":"","defaultPostTypeGraph":""},"schema_type":null,"schema_type_options":null,"pillar_content":false,"robots_default":true,"robots_noindex":false,"robots_noarchive":false,"robots_nosnippet":false,"robots_nofollow":false,"robots_noimageindex":false,"robots_noodp":false,"robots_notranslate":false,"robots_max_snippet":null,"robots_max_videopreview":null,"robots_max_imagepreview":"large","priority":null,"frequency":null,"location":null,"local_seo":null,"seo_analyzer_scan_date":"2025-09-19 13:39:06","breadcrumb_settings":null,"limit_modified_date":false,"open_ai":null,"ai":null,"created":"2021-03-09 02:27:56","updated":"2025-09-19 13:39:06"},"aioseo_breadcrumb":"<div class=\"aioseo-breadcrumbs\"><span class=\"aioseo-breadcrumb\">\n\t<a href=\"https:\/\/eldigitaldeasturias.com\/magazine365\" title=\"Home\">Home<\/a>\n<\/span><span class=\"aioseo-breadcrumb-separator\">\u2013<\/span><span class=\"aioseo-breadcrumb\">\n\t<a href=\"https:\/\/eldigitaldeasturias.com\/magazine365\/category\/actualidad-turismo\/\" title=\"Actualidad Turismo\">Actualidad Turismo<\/a>\n<\/span><span class=\"aioseo-breadcrumb-separator\">\u2013<\/span><span class=\"aioseo-breadcrumb\">\n\t<a href=\"https:\/\/eldigitaldeasturias.com\/magazine365\/la-iata-detiene-su-propuesta-de-reducir-el-tamano-del-equipaje-de-mano\/\" title=\"La IATA detiene su propuesta de reducir el tama\u00f1o del equipaje de mano\">La IATA detiene su propuesta de reducir el tama\u00f1o del equipaje de mano<\/a>\n<\/span><\/div>","aioseo_breadcrumb_json":[{"label":"Home","link":"https:\/\/eldigitaldeasturias.com\/magazine365"},{"label":"Actualidad Turismo","link":"https:\/\/eldigitaldeasturias.com\/magazine365\/category\/actualidad-turismo\/"},{"label":"La IATA detiene su propuesta de reducir el tama\u00f1o del equipaje de mano","link":"https:\/\/eldigitaldeasturias.com\/magazine365\/la-iata-detiene-su-propuesta-de-reducir-el-tamano-del-equipaje-de-mano\/"}],"_links":{"self":[{"href":"https:\/\/eldigitaldeasturias.com\/magazine365\/wp-json\/wp\/v2\/posts\/40484","targetHints":{"allow":["GET"]}}],"collection":[{"href":"https:\/\/eldigitaldeasturias.com\/magazine365\/wp-json\/wp\/v2\/posts"}],"about":[{"href":"https:\/\/eldigitaldeasturias.com\/magazine365\/wp-json\/wp\/v2\/types\/post"}],"author":[{"embeddable":true,"href":"https:\/\/eldigitaldeasturias.com\/magazine365\/wp-json\/wp\/v2\/users\/1"}],"replies":[{"embeddable":true,"href":"https:\/\/eldigitaldeasturias.com\/magazine365\/wp-json\/wp\/v2\/comments?post=40484"}],"version-history":[{"count":0,"href":"https:\/\/eldigitaldeasturias.com\/magazine365\/wp-json\/wp\/v2\/posts\/40484\/revisions"}],"wp:featuredmedia":[{"embeddable":true,"href":"https:\/\/eldigitaldeasturias.com\/magazine365\/wp-json\/wp\/v2\/media\/39092"}],"wp:attachment":[{"href":"https:\/\/eldigitaldeasturias.com\/magazine365\/wp-json\/wp\/v2\/media?parent=40484"}],"wp:term":[{"taxonomy":"category","embeddable":true,"href":"https:\/\/eldigitaldeasturias.com\/magazine365\/wp-json\/wp\/v2\/categories?post=40484"},{"taxonomy":"post_tag","embeddable":true,"href":"https:\/\/eldigitaldeasturias.com\/magazine365\/wp-json\/wp\/v2\/tags?post=40484"}],"curies":[{"name":"wp","href":"https:\/\/api.w.org\/{rel}","templated":true}]}}