{"id":40481,"date":"2015-06-20T10:50:12","date_gmt":"2015-06-20T09:20:12","guid":{"rendered":"http:\/\/eldigitaldeasturias.com\/magazine365\/?p=40481"},"modified":"2015-06-20T10:50:12","modified_gmt":"2015-06-20T09:20:12","slug":"la-costa-del-sol-se-promociona-en-el-international-convention-bureaux-summit-de-varsovia","status":"publish","type":"post","link":"https:\/\/eldigitaldeasturias.com\/magazine365\/la-costa-del-sol-se-promociona-en-el-international-convention-bureaux-summit-de-varsovia\/","title":{"rendered":"La Costa del Sol se promociona en el International Convention Bureaux Summit de Varsovia"},"content":{"rendered":"<p><img fetchpriority=\"high\" decoding=\"async\" class=\"alignleft size-medium wp-image-40482\" src=\"https:\/\/eldigitaldeasturias.com\/magazine365\/wp-content\/uploads\/2015\/06\/fotonoticia_20150619190325_800-360x240.jpg\" alt=\"fotonoticia_20150619190325_800\" width=\"360\" height=\"240\" srcset=\"https:\/\/eldigitaldeasturias.com\/magazine365\/wp-content\/uploads\/2015\/06\/fotonoticia_20150619190325_800-360x240.jpg 360w, https:\/\/eldigitaldeasturias.com\/magazine365\/wp-content\/uploads\/2015\/06\/fotonoticia_20150619190325_800-650x433.jpg 650w, https:\/\/eldigitaldeasturias.com\/magazine365\/wp-content\/uploads\/2015\/06\/fotonoticia_20150619190325_800-768x512.jpg 768w, https:\/\/eldigitaldeasturias.com\/magazine365\/wp-content\/uploads\/2015\/06\/fotonoticia_20150619190325_800-150x100.jpg 150w, https:\/\/eldigitaldeasturias.com\/magazine365\/wp-content\/uploads\/2015\/06\/fotonoticia_20150619190325_800-450x300.jpg 450w, https:\/\/eldigitaldeasturias.com\/magazine365\/wp-content\/uploads\/2015\/06\/fotonoticia_20150619190325_800-696x464.jpg 696w, https:\/\/eldigitaldeasturias.com\/magazine365\/wp-content\/uploads\/2015\/06\/fotonoticia_20150619190325_800-630x420.jpg 630w, https:\/\/eldigitaldeasturias.com\/magazine365\/wp-content\/uploads\/2015\/06\/fotonoticia_20150619190325_800-84x55.jpg 84w, https:\/\/eldigitaldeasturias.com\/magazine365\/wp-content\/uploads\/2015\/06\/fotonoticia_20150619190325_800.jpg 800w\" sizes=\"(max-width: 360px) 100vw, 360px\" \/>La Costa del Sol centra su promoci\u00f3n la pr\u00f3xima semana en Polonia para ofrecerse en este mercado como un destino de referencia en turismo de congresos. El destino asistir\u00e1 al International Convention Bureaux Summit que se celebrar\u00e1 el 23 de junio en Varsovia.<\/p>\n<p>La expedici\u00f3n de la Costa del Sol tambi\u00e9n participar\u00e1, al d\u00eda siguiente, y gracias a la organizaci\u00f3n de Turespa\u00f1a, en un encuentro con unas 40 empresas de este segmento en colaboraci\u00f3n con la agencia Weco Travel, especializada en Meetings, Incentives, Conferencings and Exhibitions (MICE).<\/p>\n<p>Esta cita se celebrar\u00e1 en la Embajada de Espa\u00f1a, donde se expondr\u00e1n las bondades que re\u00fane la provincia de M\u00e1laga para los turistas de negocios: las excelentes comunicaciones (aeropuerto internacional, AVE y puerto de cruceros), sus infraestructuras (palacios de congresos, hoteles y recintos de diversa \u00edndole capaces de acoger estos eventos) y la atractiva oferta complementaria, tan demandada por este tipo de visitante.<\/p>\n<p>El presidente en funciones de la Diputaci\u00f3n de M\u00e1laga y de Turismo Costa del Sol, El\u00edas Bendodo, ha reconocido la importancia de continuar ahondando en la promoci\u00f3n del segmento MICE por su efecto desestacionalizador y, m\u00e1s a\u00fan, en un mercado, el polaco, que lleva una din\u00e1mica ascendente desde hace m\u00e1s de dos a\u00f1os.<\/p>\n<p>En este sentido, entre enero y mayo de 2015, el aeropuerto de la capital ha registrado la llegada de 20.548 pasajeros procedentes de Polonia, un 12 por ciento m\u00e1s que en el mismo periodo de 2014. El a\u00f1o pasado se contabilizaron 62.950, un 59,2 por ciento m\u00e1s que en 2013.<\/p>\n<p>Este tir\u00f3n en las llegadas por avi\u00f3n se complementa con el que se observa en los hoteles de la provincia, que han recibido 10.072 viajeros polacos entre enero y abril de 2015, un 30,8 por ciento de aumento respecto al mismo periodo de 2014, y 36.831 pernoctaciones, un 40 por ciento de subida.<\/p>\n<p>Adem\u00e1s, Bendodo ha desgranado que uno de cada diez turistas polacos viaja por motivos de trabajo y negocios, y tambi\u00e9n que un 10 por ciento de los que optan por Espa\u00f1a elige Andaluc\u00eda, seg\u00fan las cifras de Turespa\u00f1a.<\/p>\n","protected":false},"excerpt":{"rendered":"<p>La Costa del Sol centra su promoci\u00f3n la pr\u00f3xima semana en Polonia para ofrecerse en este mercado como un destino de referencia en turismo de congresos. El destino asistir\u00e1 al International Convention Bureaux Summit que se celebrar\u00e1 el 23 de junio en Varsovia. La expedici\u00f3n de la Costa del Sol tambi\u00e9n participar\u00e1, al d\u00eda siguiente,<\/p>\n","protected":false},"author":1,"featured_media":40482,"comment_status":"open","ping_status":"closed","sticky":false,"template":"","format":"standard","meta":{"footnotes":""},"categories":[222],"tags":[],"class_list":{"0":"post-40481","1":"post","2":"type-post","3":"status-publish","4":"format-standard","5":"has-post-thumbnail","7":"category-actualidad-turismo"},"aioseo_notices":[],"aioseo_head":"\n\t\t<!-- All in One SEO Pro 4.9.6.1 - aioseo.com -->\n\t<meta name=\"description\" content=\"La Costa del Sol centra su promoci\u00f3n la pr\u00f3xima semana en Polonia para ofrecerse en este mercado como un destino de referencia en turismo de congresos. El destino asistir\u00e1 al International Convention Bureaux Summit que se celebrar\u00e1 el 23 de junio en Varsovia. La expedici\u00f3n de la Costa del Sol tambi\u00e9n participar\u00e1, al d\u00eda siguiente,\" \/>\n\t<meta name=\"robots\" content=\"max-image-preview:large\" \/>\n\t<meta name=\"author\" content=\"admin\"\/>\n\t<meta name=\"google-site-verification\" content=\"UA-38556648-1\" \/>\n\t<meta name=\"keywords\" content=\"actualidad turismo\" \/>\n\t<link rel=\"canonical\" href=\"https:\/\/eldigitaldeasturias.com\/magazine365\/la-costa-del-sol-se-promociona-en-el-international-convention-bureaux-summit-de-varsovia\/\" \/>\n\t<meta name=\"generator\" content=\"All in One SEO Pro (AIOSEO) 4.9.6.1\" \/>\n\t\t<meta property=\"og:locale\" content=\"es_ES\" \/>\n\t\t<meta property=\"og:site_name\" content=\"El Digital de Asturias \u2013 Revista de ocio, turismo y estilo de vida\" \/>\n\t\t<meta property=\"og:type\" content=\"article\" \/>\n\t\t<meta property=\"og:title\" content=\"La Costa del Sol se promociona en el International Convention Bureaux Summit de Varsovia | El Digital de Asturias\" \/>\n\t\t<meta property=\"og:description\" content=\"La Costa del Sol centra su promoci\u00f3n la pr\u00f3xima semana en Polonia para ofrecerse en este mercado como un destino de referencia en turismo de congresos. El destino asistir\u00e1 al International Convention Bureaux Summit que se celebrar\u00e1 el 23 de junio en Varsovia. La expedici\u00f3n de la Costa del Sol tambi\u00e9n participar\u00e1, al d\u00eda siguiente,\" \/>\n\t\t<meta property=\"og:url\" content=\"https:\/\/eldigitaldeasturias.com\/magazine365\/la-costa-del-sol-se-promociona-en-el-international-convention-bureaux-summit-de-varsovia\/\" \/>\n\t\t<meta property=\"og:image\" content=\"https:\/\/eldigitaldeasturias.com\/magazine365\/wp-content\/uploads\/2015\/06\/fotonoticia_20150619190325_800.jpg\" \/>\n\t\t<meta property=\"og:image:secure_url\" content=\"https:\/\/eldigitaldeasturias.com\/magazine365\/wp-content\/uploads\/2015\/06\/fotonoticia_20150619190325_800.jpg\" \/>\n\t\t<meta property=\"og:image:width\" content=\"800\" \/>\n\t\t<meta property=\"og:image:height\" content=\"533\" \/>\n\t\t<meta property=\"article:published_time\" content=\"2015-06-20T09:20:12+00:00\" \/>\n\t\t<meta property=\"article:modified_time\" content=\"2015-06-20T09:20:12+00:00\" \/>\n\t\t<meta name=\"twitter:card\" content=\"summary_large_image\" \/>\n\t\t<meta name=\"twitter:title\" content=\"La Costa del Sol se promociona en el International Convention Bureaux Summit de Varsovia | El Digital de Asturias\" \/>\n\t\t<meta name=\"twitter:description\" content=\"La Costa del Sol centra su promoci\u00f3n la pr\u00f3xima semana en Polonia para ofrecerse en este mercado como un destino de referencia en turismo de congresos. El destino asistir\u00e1 al International Convention Bureaux Summit que se celebrar\u00e1 el 23 de junio en Varsovia. La expedici\u00f3n de la Costa del Sol tambi\u00e9n participar\u00e1, al d\u00eda siguiente,\" \/>\n\t\t<meta name=\"twitter:image\" content=\"https:\/\/eldigitaldeasturias.com\/magazine365\/wp-content\/uploads\/2015\/06\/fotonoticia_20150619190325_800.jpg\" \/>\n\t\t<script type=\"application\/ld+json\" class=\"aioseo-schema\">\n\t\t\t{\"@context\":\"https:\\\/\\\/schema.org\",\"@graph\":[{\"@type\":\"Article\",\"@id\":\"https:\\\/\\\/eldigitaldeasturias.com\\\/magazine365\\\/la-costa-del-sol-se-promociona-en-el-international-convention-bureaux-summit-de-varsovia\\\/#article\",\"name\":\"La Costa del Sol se promociona en el International Convention Bureaux Summit de Varsovia | El Digital de Asturias\",\"headline\":\"La Costa del Sol se promociona en el International Convention Bureaux Summit de Varsovia\",\"author\":{\"@id\":\"https:\\\/\\\/eldigitaldeasturias.com\\\/magazine365\\\/author\\\/admin\\\/#author\"},\"publisher\":{\"@id\":\"https:\\\/\\\/eldigitaldeasturias.com\\\/magazine365\\\/#organization\"},\"image\":{\"@type\":\"ImageObject\",\"url\":\"https:\\\/\\\/eldigitaldeasturias.com\\\/magazine365\\\/wp-content\\\/uploads\\\/2015\\\/06\\\/fotonoticia_20150619190325_800.jpg\",\"width\":800,\"height\":533},\"datePublished\":\"2015-06-20T10:50:12+02:00\",\"dateModified\":\"2015-06-20T10:50:12+02:00\",\"inLanguage\":\"es-ES\",\"mainEntityOfPage\":{\"@id\":\"https:\\\/\\\/eldigitaldeasturias.com\\\/magazine365\\\/la-costa-del-sol-se-promociona-en-el-international-convention-bureaux-summit-de-varsovia\\\/#webpage\"},\"isPartOf\":{\"@id\":\"https:\\\/\\\/eldigitaldeasturias.com\\\/magazine365\\\/la-costa-del-sol-se-promociona-en-el-international-convention-bureaux-summit-de-varsovia\\\/#webpage\"},\"articleSection\":\"Actualidad Turismo\"},{\"@type\":\"BreadcrumbList\",\"@id\":\"https:\\\/\\\/eldigitaldeasturias.com\\\/magazine365\\\/la-costa-del-sol-se-promociona-en-el-international-convention-bureaux-summit-de-varsovia\\\/#breadcrumblist\",\"itemListElement\":[{\"@type\":\"ListItem\",\"@id\":\"https:\\\/\\\/eldigitaldeasturias.com\\\/magazine365#listItem\",\"position\":1,\"name\":\"Home\",\"item\":\"https:\\\/\\\/eldigitaldeasturias.com\\\/magazine365\",\"nextItem\":{\"@type\":\"ListItem\",\"@id\":\"https:\\\/\\\/eldigitaldeasturias.com\\\/magazine365\\\/category\\\/actualidad-turismo\\\/#listItem\",\"name\":\"Actualidad Turismo\"}},{\"@type\":\"ListItem\",\"@id\":\"https:\\\/\\\/eldigitaldeasturias.com\\\/magazine365\\\/category\\\/actualidad-turismo\\\/#listItem\",\"position\":2,\"name\":\"Actualidad Turismo\",\"item\":\"https:\\\/\\\/eldigitaldeasturias.com\\\/magazine365\\\/category\\\/actualidad-turismo\\\/\",\"nextItem\":{\"@type\":\"ListItem\",\"@id\":\"https:\\\/\\\/eldigitaldeasturias.com\\\/magazine365\\\/la-costa-del-sol-se-promociona-en-el-international-convention-bureaux-summit-de-varsovia\\\/#listItem\",\"name\":\"La Costa del Sol se promociona en el International Convention Bureaux Summit de Varsovia\"},\"previousItem\":{\"@type\":\"ListItem\",\"@id\":\"https:\\\/\\\/eldigitaldeasturias.com\\\/magazine365#listItem\",\"name\":\"Home\"}},{\"@type\":\"ListItem\",\"@id\":\"https:\\\/\\\/eldigitaldeasturias.com\\\/magazine365\\\/la-costa-del-sol-se-promociona-en-el-international-convention-bureaux-summit-de-varsovia\\\/#listItem\",\"position\":3,\"name\":\"La Costa del Sol se promociona en el International Convention Bureaux Summit de Varsovia\",\"previousItem\":{\"@type\":\"ListItem\",\"@id\":\"https:\\\/\\\/eldigitaldeasturias.com\\\/magazine365\\\/category\\\/actualidad-turismo\\\/#listItem\",\"name\":\"Actualidad Turismo\"}}]},{\"@type\":\"Organization\",\"@id\":\"https:\\\/\\\/eldigitaldeasturias.com\\\/magazine365\\\/#organization\",\"name\":\"El digital de Asturias\",\"description\":\"Revista de ocio, turismo y estilo de vida\",\"url\":\"https:\\\/\\\/eldigitaldeasturias.com\\\/magazine365\\\/\",\"logo\":{\"@type\":\"ImageObject\",\"url\":\"https:\\\/\\\/www.eldigitaldeasturias.com\\\/noticias\\\/wp-content\\\/uploads\\\/2020\\\/12\\\/EDA.jpg\",\"@id\":\"https:\\\/\\\/eldigitaldeasturias.com\\\/magazine365\\\/la-costa-del-sol-se-promociona-en-el-international-convention-bureaux-summit-de-varsovia\\\/#organizationLogo\"},\"image\":{\"@id\":\"https:\\\/\\\/eldigitaldeasturias.com\\\/magazine365\\\/la-costa-del-sol-se-promociona-en-el-international-convention-bureaux-summit-de-varsovia\\\/#organizationLogo\"}},{\"@type\":\"Person\",\"@id\":\"https:\\\/\\\/eldigitaldeasturias.com\\\/magazine365\\\/author\\\/admin\\\/#author\",\"url\":\"https:\\\/\\\/eldigitaldeasturias.com\\\/magazine365\\\/author\\\/admin\\\/\",\"name\":\"admin\",\"image\":{\"@type\":\"ImageObject\",\"@id\":\"https:\\\/\\\/eldigitaldeasturias.com\\\/magazine365\\\/la-costa-del-sol-se-promociona-en-el-international-convention-bureaux-summit-de-varsovia\\\/#authorImage\",\"url\":\"https:\\\/\\\/eldigitaldeasturias.com\\\/magazine365\\\/wp-content\\\/litespeed\\\/avatar\\\/e571bcf59a0edd6fa6838245a470f2fe.jpg?ver=1777574230\",\"width\":96,\"height\":96,\"caption\":\"admin\"}},{\"@type\":\"WebPage\",\"@id\":\"https:\\\/\\\/eldigitaldeasturias.com\\\/magazine365\\\/la-costa-del-sol-se-promociona-en-el-international-convention-bureaux-summit-de-varsovia\\\/#webpage\",\"url\":\"https:\\\/\\\/eldigitaldeasturias.com\\\/magazine365\\\/la-costa-del-sol-se-promociona-en-el-international-convention-bureaux-summit-de-varsovia\\\/\",\"name\":\"La Costa del Sol se promociona en el International Convention Bureaux Summit de Varsovia | El Digital de Asturias\",\"description\":\"La Costa del Sol centra su promoci\\u00f3n la pr\\u00f3xima semana en Polonia para ofrecerse en este mercado como un destino de referencia en turismo de congresos. El destino asistir\\u00e1 al International Convention Bureaux Summit que se celebrar\\u00e1 el 23 de junio en Varsovia. La expedici\\u00f3n de la Costa del Sol tambi\\u00e9n participar\\u00e1, al d\\u00eda siguiente,\",\"inLanguage\":\"es-ES\",\"isPartOf\":{\"@id\":\"https:\\\/\\\/eldigitaldeasturias.com\\\/magazine365\\\/#website\"},\"breadcrumb\":{\"@id\":\"https:\\\/\\\/eldigitaldeasturias.com\\\/magazine365\\\/la-costa-del-sol-se-promociona-en-el-international-convention-bureaux-summit-de-varsovia\\\/#breadcrumblist\"},\"author\":{\"@id\":\"https:\\\/\\\/eldigitaldeasturias.com\\\/magazine365\\\/author\\\/admin\\\/#author\"},\"creator\":{\"@id\":\"https:\\\/\\\/eldigitaldeasturias.com\\\/magazine365\\\/author\\\/admin\\\/#author\"},\"image\":{\"@type\":\"ImageObject\",\"url\":\"https:\\\/\\\/eldigitaldeasturias.com\\\/magazine365\\\/wp-content\\\/uploads\\\/2015\\\/06\\\/fotonoticia_20150619190325_800.jpg\",\"@id\":\"https:\\\/\\\/eldigitaldeasturias.com\\\/magazine365\\\/la-costa-del-sol-se-promociona-en-el-international-convention-bureaux-summit-de-varsovia\\\/#mainImage\",\"width\":800,\"height\":533},\"primaryImageOfPage\":{\"@id\":\"https:\\\/\\\/eldigitaldeasturias.com\\\/magazine365\\\/la-costa-del-sol-se-promociona-en-el-international-convention-bureaux-summit-de-varsovia\\\/#mainImage\"},\"datePublished\":\"2015-06-20T10:50:12+02:00\",\"dateModified\":\"2015-06-20T10:50:12+02:00\"},{\"@type\":\"WebSite\",\"@id\":\"https:\\\/\\\/eldigitaldeasturias.com\\\/magazine365\\\/#website\",\"url\":\"https:\\\/\\\/eldigitaldeasturias.com\\\/magazine365\\\/\",\"name\":\"El Digital de Asturias\",\"description\":\"Revista de ocio, turismo y estilo de vida\",\"inLanguage\":\"es-ES\",\"publisher\":{\"@id\":\"https:\\\/\\\/eldigitaldeasturias.com\\\/magazine365\\\/#organization\"}}]}\n\t\t<\/script>\n\t\t<!-- All in One SEO Pro -->\r\n\t\t<title>La Costa del Sol se promociona en el International Convention Bureaux Summit de Varsovia | El Digital de Asturias<\/title>\n\n","aioseo_head_json":{"title":"La Costa del Sol se promociona en el International Convention Bureaux Summit de Varsovia | El Digital de Asturias","description":"La Costa del Sol centra su promoci\u00f3n la pr\u00f3xima semana en Polonia para ofrecerse en este mercado como un destino de referencia en turismo de congresos. El destino asistir\u00e1 al International Convention Bureaux Summit que se celebrar\u00e1 el 23 de junio en Varsovia. La expedici\u00f3n de la Costa del Sol tambi\u00e9n participar\u00e1, al d\u00eda siguiente,","canonical_url":"https:\/\/eldigitaldeasturias.com\/magazine365\/la-costa-del-sol-se-promociona-en-el-international-convention-bureaux-summit-de-varsovia\/","robots":"max-image-preview:large","keywords":"actualidad turismo","webmasterTools":{"google-site-verification":"UA-38556648-1","miscellaneous":""},"schema":{"@context":"https:\/\/schema.org","@graph":[{"@type":"Article","@id":"https:\/\/eldigitaldeasturias.com\/magazine365\/la-costa-del-sol-se-promociona-en-el-international-convention-bureaux-summit-de-varsovia\/#article","name":"La Costa del Sol se promociona en el International Convention Bureaux Summit de Varsovia | El Digital de Asturias","headline":"La Costa del Sol se promociona en el International Convention Bureaux Summit de Varsovia","author":{"@id":"https:\/\/eldigitaldeasturias.com\/magazine365\/author\/admin\/#author"},"publisher":{"@id":"https:\/\/eldigitaldeasturias.com\/magazine365\/#organization"},"image":{"@type":"ImageObject","url":"https:\/\/eldigitaldeasturias.com\/magazine365\/wp-content\/uploads\/2015\/06\/fotonoticia_20150619190325_800.jpg","width":800,"height":533},"datePublished":"2015-06-20T10:50:12+02:00","dateModified":"2015-06-20T10:50:12+02:00","inLanguage":"es-ES","mainEntityOfPage":{"@id":"https:\/\/eldigitaldeasturias.com\/magazine365\/la-costa-del-sol-se-promociona-en-el-international-convention-bureaux-summit-de-varsovia\/#webpage"},"isPartOf":{"@id":"https:\/\/eldigitaldeasturias.com\/magazine365\/la-costa-del-sol-se-promociona-en-el-international-convention-bureaux-summit-de-varsovia\/#webpage"},"articleSection":"Actualidad Turismo"},{"@type":"BreadcrumbList","@id":"https:\/\/eldigitaldeasturias.com\/magazine365\/la-costa-del-sol-se-promociona-en-el-international-convention-bureaux-summit-de-varsovia\/#breadcrumblist","itemListElement":[{"@type":"ListItem","@id":"https:\/\/eldigitaldeasturias.com\/magazine365#listItem","position":1,"name":"Home","item":"https:\/\/eldigitaldeasturias.com\/magazine365","nextItem":{"@type":"ListItem","@id":"https:\/\/eldigitaldeasturias.com\/magazine365\/category\/actualidad-turismo\/#listItem","name":"Actualidad Turismo"}},{"@type":"ListItem","@id":"https:\/\/eldigitaldeasturias.com\/magazine365\/category\/actualidad-turismo\/#listItem","position":2,"name":"Actualidad Turismo","item":"https:\/\/eldigitaldeasturias.com\/magazine365\/category\/actualidad-turismo\/","nextItem":{"@type":"ListItem","@id":"https:\/\/eldigitaldeasturias.com\/magazine365\/la-costa-del-sol-se-promociona-en-el-international-convention-bureaux-summit-de-varsovia\/#listItem","name":"La Costa del Sol se promociona en el International Convention Bureaux Summit de Varsovia"},"previousItem":{"@type":"ListItem","@id":"https:\/\/eldigitaldeasturias.com\/magazine365#listItem","name":"Home"}},{"@type":"ListItem","@id":"https:\/\/eldigitaldeasturias.com\/magazine365\/la-costa-del-sol-se-promociona-en-el-international-convention-bureaux-summit-de-varsovia\/#listItem","position":3,"name":"La Costa del Sol se promociona en el International Convention Bureaux Summit de Varsovia","previousItem":{"@type":"ListItem","@id":"https:\/\/eldigitaldeasturias.com\/magazine365\/category\/actualidad-turismo\/#listItem","name":"Actualidad Turismo"}}]},{"@type":"Organization","@id":"https:\/\/eldigitaldeasturias.com\/magazine365\/#organization","name":"El digital de Asturias","description":"Revista de ocio, turismo y estilo de vida","url":"https:\/\/eldigitaldeasturias.com\/magazine365\/","logo":{"@type":"ImageObject","url":"https:\/\/www.eldigitaldeasturias.com\/noticias\/wp-content\/uploads\/2020\/12\/EDA.jpg","@id":"https:\/\/eldigitaldeasturias.com\/magazine365\/la-costa-del-sol-se-promociona-en-el-international-convention-bureaux-summit-de-varsovia\/#organizationLogo"},"image":{"@id":"https:\/\/eldigitaldeasturias.com\/magazine365\/la-costa-del-sol-se-promociona-en-el-international-convention-bureaux-summit-de-varsovia\/#organizationLogo"}},{"@type":"Person","@id":"https:\/\/eldigitaldeasturias.com\/magazine365\/author\/admin\/#author","url":"https:\/\/eldigitaldeasturias.com\/magazine365\/author\/admin\/","name":"admin","image":{"@type":"ImageObject","@id":"https:\/\/eldigitaldeasturias.com\/magazine365\/la-costa-del-sol-se-promociona-en-el-international-convention-bureaux-summit-de-varsovia\/#authorImage","url":"https:\/\/eldigitaldeasturias.com\/magazine365\/wp-content\/litespeed\/avatar\/e571bcf59a0edd6fa6838245a470f2fe.jpg?ver=1777574230","width":96,"height":96,"caption":"admin"}},{"@type":"WebPage","@id":"https:\/\/eldigitaldeasturias.com\/magazine365\/la-costa-del-sol-se-promociona-en-el-international-convention-bureaux-summit-de-varsovia\/#webpage","url":"https:\/\/eldigitaldeasturias.com\/magazine365\/la-costa-del-sol-se-promociona-en-el-international-convention-bureaux-summit-de-varsovia\/","name":"La Costa del Sol se promociona en el International Convention Bureaux Summit de Varsovia | El Digital de Asturias","description":"La Costa del Sol centra su promoci\u00f3n la pr\u00f3xima semana en Polonia para ofrecerse en este mercado como un destino de referencia en turismo de congresos. El destino asistir\u00e1 al International Convention Bureaux Summit que se celebrar\u00e1 el 23 de junio en Varsovia. La expedici\u00f3n de la Costa del Sol tambi\u00e9n participar\u00e1, al d\u00eda siguiente,","inLanguage":"es-ES","isPartOf":{"@id":"https:\/\/eldigitaldeasturias.com\/magazine365\/#website"},"breadcrumb":{"@id":"https:\/\/eldigitaldeasturias.com\/magazine365\/la-costa-del-sol-se-promociona-en-el-international-convention-bureaux-summit-de-varsovia\/#breadcrumblist"},"author":{"@id":"https:\/\/eldigitaldeasturias.com\/magazine365\/author\/admin\/#author"},"creator":{"@id":"https:\/\/eldigitaldeasturias.com\/magazine365\/author\/admin\/#author"},"image":{"@type":"ImageObject","url":"https:\/\/eldigitaldeasturias.com\/magazine365\/wp-content\/uploads\/2015\/06\/fotonoticia_20150619190325_800.jpg","@id":"https:\/\/eldigitaldeasturias.com\/magazine365\/la-costa-del-sol-se-promociona-en-el-international-convention-bureaux-summit-de-varsovia\/#mainImage","width":800,"height":533},"primaryImageOfPage":{"@id":"https:\/\/eldigitaldeasturias.com\/magazine365\/la-costa-del-sol-se-promociona-en-el-international-convention-bureaux-summit-de-varsovia\/#mainImage"},"datePublished":"2015-06-20T10:50:12+02:00","dateModified":"2015-06-20T10:50:12+02:00"},{"@type":"WebSite","@id":"https:\/\/eldigitaldeasturias.com\/magazine365\/#website","url":"https:\/\/eldigitaldeasturias.com\/magazine365\/","name":"El Digital de Asturias","description":"Revista de ocio, turismo y estilo de vida","inLanguage":"es-ES","publisher":{"@id":"https:\/\/eldigitaldeasturias.com\/magazine365\/#organization"}}]},"og:locale":"es_ES","og:site_name":"El Digital de Asturias \u2013 Revista de ocio, turismo y estilo de vida","og:type":"article","og:title":"La Costa del Sol se promociona en el International Convention Bureaux Summit de Varsovia | El Digital de Asturias","og:description":"La Costa del Sol centra su promoci\u00f3n la pr\u00f3xima semana en Polonia para ofrecerse en este mercado como un destino de referencia en turismo de congresos. El destino asistir\u00e1 al International Convention Bureaux Summit que se celebrar\u00e1 el 23 de junio en Varsovia. La expedici\u00f3n de la Costa del Sol tambi\u00e9n participar\u00e1, al d\u00eda siguiente,","og:url":"https:\/\/eldigitaldeasturias.com\/magazine365\/la-costa-del-sol-se-promociona-en-el-international-convention-bureaux-summit-de-varsovia\/","og:image":"https:\/\/eldigitaldeasturias.com\/magazine365\/wp-content\/uploads\/2015\/06\/fotonoticia_20150619190325_800.jpg","og:image:secure_url":"https:\/\/eldigitaldeasturias.com\/magazine365\/wp-content\/uploads\/2015\/06\/fotonoticia_20150619190325_800.jpg","og:image:width":800,"og:image:height":533,"article:published_time":"2015-06-20T09:20:12+00:00","article:modified_time":"2015-06-20T09:20:12+00:00","twitter:card":"summary_large_image","twitter:title":"La Costa del Sol se promociona en el International Convention Bureaux Summit de Varsovia | El Digital de Asturias","twitter:description":"La Costa del Sol centra su promoci\u00f3n la pr\u00f3xima semana en Polonia para ofrecerse en este mercado como un destino de referencia en turismo de congresos. El destino asistir\u00e1 al International Convention Bureaux Summit que se celebrar\u00e1 el 23 de junio en Varsovia. La expedici\u00f3n de la Costa del Sol tambi\u00e9n participar\u00e1, al d\u00eda siguiente,","twitter:image":"https:\/\/eldigitaldeasturias.com\/magazine365\/wp-content\/uploads\/2015\/06\/fotonoticia_20150619190325_800.jpg"},"aioseo_meta_data":{"post_id":"40481","title":null,"description":null,"keywords":null,"keyphrases":null,"primary_term":null,"canonical_url":null,"og_title":null,"og_description":null,"og_object_type":"default","og_image_type":"default","og_image_url":null,"og_image_width":null,"og_image_height":null,"og_image_custom_url":null,"og_image_custom_fields":null,"og_video":null,"og_custom_url":null,"og_article_section":null,"og_article_tags":null,"twitter_use_og":false,"twitter_card":"default","twitter_image_type":"default","twitter_image_url":null,"twitter_image_custom_url":null,"twitter_image_custom_fields":null,"twitter_title":null,"twitter_description":null,"schema":{"blockGraphs":[],"customGraphs":[],"default":{"data":{"Article":[],"Course":[],"Dataset":[],"FAQPage":[],"Movie":[],"Person":[],"Product":[],"ProductReview":[],"Car":[],"Recipe":[],"Service":[],"SoftwareApplication":[],"WebPage":[]},"graphName":"","isEnabled":true},"graphs":[],"defaultGraph":"","defaultPostTypeGraph":""},"schema_type":null,"schema_type_options":null,"pillar_content":false,"robots_default":true,"robots_noindex":false,"robots_noarchive":false,"robots_nosnippet":false,"robots_nofollow":false,"robots_noimageindex":false,"robots_noodp":false,"robots_notranslate":false,"robots_max_snippet":null,"robots_max_videopreview":null,"robots_max_imagepreview":"large","priority":null,"frequency":null,"location":null,"local_seo":null,"seo_analyzer_scan_date":"2025-09-19 13:37:11","breadcrumb_settings":null,"limit_modified_date":false,"open_ai":null,"ai":null,"created":"2021-03-09 02:27:56","updated":"2025-09-19 13:37:11"},"aioseo_breadcrumb":"<div class=\"aioseo-breadcrumbs\"><span class=\"aioseo-breadcrumb\">\n\t<a href=\"https:\/\/eldigitaldeasturias.com\/magazine365\" title=\"Home\">Home<\/a>\n<\/span><span class=\"aioseo-breadcrumb-separator\">\u2013<\/span><span class=\"aioseo-breadcrumb\">\n\t<a href=\"https:\/\/eldigitaldeasturias.com\/magazine365\/category\/actualidad-turismo\/\" title=\"Actualidad Turismo\">Actualidad Turismo<\/a>\n<\/span><span class=\"aioseo-breadcrumb-separator\">\u2013<\/span><span class=\"aioseo-breadcrumb\">\n\t<a href=\"https:\/\/eldigitaldeasturias.com\/magazine365\/la-costa-del-sol-se-promociona-en-el-international-convention-bureaux-summit-de-varsovia\/\" title=\"La Costa del Sol se promociona en el International Convention Bureaux Summit de Varsovia\">La Costa del Sol se promociona en el International Convention Bureaux Summit de Varsovia<\/a>\n<\/span><\/div>","aioseo_breadcrumb_json":[{"label":"Home","link":"https:\/\/eldigitaldeasturias.com\/magazine365"},{"label":"Actualidad Turismo","link":"https:\/\/eldigitaldeasturias.com\/magazine365\/category\/actualidad-turismo\/"},{"label":"La Costa del Sol se promociona en el International Convention Bureaux Summit de Varsovia","link":"https:\/\/eldigitaldeasturias.com\/magazine365\/la-costa-del-sol-se-promociona-en-el-international-convention-bureaux-summit-de-varsovia\/"}],"_links":{"self":[{"href":"https:\/\/eldigitaldeasturias.com\/magazine365\/wp-json\/wp\/v2\/posts\/40481","targetHints":{"allow":["GET"]}}],"collection":[{"href":"https:\/\/eldigitaldeasturias.com\/magazine365\/wp-json\/wp\/v2\/posts"}],"about":[{"href":"https:\/\/eldigitaldeasturias.com\/magazine365\/wp-json\/wp\/v2\/types\/post"}],"author":[{"embeddable":true,"href":"https:\/\/eldigitaldeasturias.com\/magazine365\/wp-json\/wp\/v2\/users\/1"}],"replies":[{"embeddable":true,"href":"https:\/\/eldigitaldeasturias.com\/magazine365\/wp-json\/wp\/v2\/comments?post=40481"}],"version-history":[{"count":0,"href":"https:\/\/eldigitaldeasturias.com\/magazine365\/wp-json\/wp\/v2\/posts\/40481\/revisions"}],"wp:featuredmedia":[{"embeddable":true,"href":"https:\/\/eldigitaldeasturias.com\/magazine365\/wp-json\/wp\/v2\/media\/40482"}],"wp:attachment":[{"href":"https:\/\/eldigitaldeasturias.com\/magazine365\/wp-json\/wp\/v2\/media?parent=40481"}],"wp:term":[{"taxonomy":"category","embeddable":true,"href":"https:\/\/eldigitaldeasturias.com\/magazine365\/wp-json\/wp\/v2\/categories?post=40481"},{"taxonomy":"post_tag","embeddable":true,"href":"https:\/\/eldigitaldeasturias.com\/magazine365\/wp-json\/wp\/v2\/tags?post=40481"}],"curies":[{"name":"wp","href":"https:\/\/api.w.org\/{rel}","templated":true}]}}