{"id":40478,"date":"2015-06-20T10:47:16","date_gmt":"2015-06-20T09:17:16","guid":{"rendered":"http:\/\/eldigitaldeasturias.com\/magazine365\/?p=40478"},"modified":"2015-06-20T10:47:16","modified_gmt":"2015-06-20T09:17:16","slug":"madrid-ya-ha-comenzado-la-preparacion-de-la-fiesta-del-orgullo-2015","status":"publish","type":"post","link":"https:\/\/eldigitaldeasturias.com\/magazine365\/madrid-ya-ha-comenzado-la-preparacion-de-la-fiesta-del-orgullo-2015\/","title":{"rendered":"Madrid ya ha comenzado la preparaci\u00f3n de la fiesta del Orgullo 2015"},"content":{"rendered":"<p><img fetchpriority=\"high\" decoding=\"async\" class=\"alignleft size-medium wp-image-40479\" src=\"https:\/\/eldigitaldeasturias.com\/magazine365\/wp-content\/uploads\/2015\/06\/fotonoticia_20150619182828_800-250x300.jpg\" alt=\"fotonoticia_20150619182828_800\" width=\"250\" height=\"300\" srcset=\"https:\/\/eldigitaldeasturias.com\/magazine365\/wp-content\/uploads\/2015\/06\/fotonoticia_20150619182828_800-250x300.jpg 250w, https:\/\/eldigitaldeasturias.com\/magazine365\/wp-content\/uploads\/2015\/06\/fotonoticia_20150619182828_800-533x640.jpg 533w, https:\/\/eldigitaldeasturias.com\/magazine365\/wp-content\/uploads\/2015\/06\/fotonoticia_20150619182828_800-768x922.jpg 768w, https:\/\/eldigitaldeasturias.com\/magazine365\/wp-content\/uploads\/2015\/06\/fotonoticia_20150619182828_800-150x180.jpg 150w, https:\/\/eldigitaldeasturias.com\/magazine365\/wp-content\/uploads\/2015\/06\/fotonoticia_20150619182828_800-450x540.jpg 450w, https:\/\/eldigitaldeasturias.com\/magazine365\/wp-content\/uploads\/2015\/06\/fotonoticia_20150619182828_800-696x835.jpg 696w, https:\/\/eldigitaldeasturias.com\/magazine365\/wp-content\/uploads\/2015\/06\/fotonoticia_20150619182828_800-350x420.jpg 350w, https:\/\/eldigitaldeasturias.com\/magazine365\/wp-content\/uploads\/2015\/06\/fotonoticia_20150619182828_800.jpg 800w\" sizes=\"(max-width: 250px) 100vw, 250px\" \/>El Ayuntamiento de Madrid ya ha comenzado la preparaci\u00f3n de la fiesta del Orgullo de este a\u00f1o y pretende desplegar un modelo que \u00abocupe algunas zonas m\u00e1s de la ciudad\u00bb de cara a \u00abdescongestionar\u00bb el barrio de Chueca (pensando tambi\u00e9n en los vecinos) y apuesta por aumentar efectivos de seguridad y medios de limpieza.<\/p>\n<p>El concejal presidente del distrito Centro, Jorge Garc\u00eda Casta\u00f1o, ha explicado a Europa Press que ya se est\u00e1 analizando el dispositivo para la festividad, aunque habr\u00e1 que cerrar diversos apartados. Estima que los datos concretos sobre la celebraci\u00f3n de este evento pueden estar listos para el martes.<\/p>\n<p>Preguntado sobre si la bandera arco\u00edris lucir\u00e1 en el Ayuntamiento y en las juntas de distrito, el edil de Ahora Madrid ha asegurado que se est\u00e1n pensando diversas actuaciones para \u00abimplicar m\u00e1s a la instituci\u00f3n\u00bb con \u00abvarias posibilidades\u00bb, si bien a\u00fan \u00abno hay nada decidido\u00bb.<\/p>\n<p>\u00abQueremos que sea el mejor Orgullo y el Ayuntamiento quiere ayudar y trabajar en favor del Orgullo\u00bb, ha explicado el edil que este viernes, junto al concejal de Seguridad, Emergencias y Salud, Javier Barbero, se ha reunido con los jefes de los distintos departamentos municipales implicados en el desarrollo de los distintos eventos, de cara a la coordinaci\u00f3n de seguridad, limpieza, cuidado de parques y jardines y emergencias m\u00e9dicas.<\/p>\n<p>Por la tarde, Garc\u00eda Casta\u00f1o se ha reunido en la sede de Cogam con los colectivos convocantes pues considera que esta fiesta es \u00abtan importante como la de San Isidro\u00bb.<\/p>\n<p>\u00abQuiz\u00e1 una de las im\u00e1genes m\u00e1s claras de Madrid a nivel mundial. Hemos conseguido que nuestra ciudad sea la capital del cambio y queremos Madrid sea la capital mundial de los derechos civiles\u00bb, ha apuntado.<\/p>\n<p>Respecto al recorrido, el concejal de Centro ha apuntado que los convocantes del Orgullo tendr\u00e1n el lunes una reuni\u00f3n con Delegaci\u00f3n del Gobierno sobre la ruta a seguir y entiende que ser\u00e1 similar a la del a\u00f1o pasado.<\/p>\n<p>Adem\u00e1s se prev\u00e9n conversaciones con Metro Madrid para aumentar las horas de funcionamiento del Metro, una mejor comunicaci\u00f3n a la ciudadan\u00eda de los posibles cambios que pueda haber en el transporte p\u00fablico provocados por el corte en algunas calles principales, o la previsible desviaci\u00f3n de las cabeceras de los autobuses nocturnos, tal y como expone Ahora Madrid en un comunicado.<\/p>\n<p>Respecto a esta cuesti\u00f3n, Garc\u00eda Casta\u00f1o remarca que se negociar\u00e1 con el suburbano pero que todav\u00eda \u00abno hay nada cerrado\u00bb. \u00abMetro no es nuestro\u00bb, ha subrayado el concejal presidente del distrito Centro.<\/p>\n<p>Garc\u00eda Casta\u00f1o ha explicado que se van a explorar varias l\u00edneas este a\u00f1o y se espera que haya \u00abactuaciones sociales, culturales y reivindicativas\u00bb dentro de un modelo que \u00abocupe algunas zonas m\u00e1s de la ciudad para descongestionar el barrio de Chueca, por motivos de seguridad y por el ruido a los vecinos\u00bb. No obstante, recalca que las actividades de noche van a seguir.<\/p>\n<p>\u00abEn consonancia con el programa de Ahora Madrid se ha decidido no tener en cuenta empresas de protecci\u00f3n privada, como s\u00ed ocurri\u00f3 el a\u00f1o pasado\u00bb, expone la formaci\u00f3n sobre la festividad del Orgullo Gay.<\/p>\n","protected":false},"excerpt":{"rendered":"<p>El Ayuntamiento de Madrid ya ha comenzado la preparaci\u00f3n de la fiesta del Orgullo de este a\u00f1o y pretende desplegar un modelo que \u00abocupe algunas zonas m\u00e1s de la ciudad\u00bb de cara a \u00abdescongestionar\u00bb el barrio de Chueca (pensando tambi\u00e9n en los vecinos) y apuesta por aumentar efectivos de seguridad y medios de limpieza. El<\/p>\n","protected":false},"author":1,"featured_media":40479,"comment_status":"open","ping_status":"closed","sticky":false,"template":"","format":"standard","meta":{"footnotes":""},"categories":[222],"tags":[],"class_list":{"0":"post-40478","1":"post","2":"type-post","3":"status-publish","4":"format-standard","5":"has-post-thumbnail","7":"category-actualidad-turismo"},"aioseo_notices":[],"aioseo_head":"\n\t\t<!-- All in One SEO Pro 4.9.6.1 - aioseo.com -->\n\t<meta name=\"description\" content=\"El Ayuntamiento de Madrid ya ha comenzado la preparaci\u00f3n de la fiesta del Orgullo de este a\u00f1o y pretende desplegar un modelo que &quot;ocupe algunas zonas m\u00e1s de la ciudad&quot; de cara a &quot;descongestionar&quot; el barrio de Chueca (pensando tambi\u00e9n en los vecinos) y apuesta por aumentar efectivos de seguridad y medios de limpieza. El\" \/>\n\t<meta name=\"robots\" content=\"max-image-preview:large\" \/>\n\t<meta name=\"author\" content=\"admin\"\/>\n\t<meta name=\"google-site-verification\" content=\"UA-38556648-1\" \/>\n\t<meta name=\"keywords\" content=\"actualidad turismo\" \/>\n\t<link rel=\"canonical\" href=\"https:\/\/eldigitaldeasturias.com\/magazine365\/madrid-ya-ha-comenzado-la-preparacion-de-la-fiesta-del-orgullo-2015\/\" \/>\n\t<meta name=\"generator\" content=\"All in One SEO Pro (AIOSEO) 4.9.6.1\" \/>\n\t\t<meta property=\"og:locale\" content=\"es_ES\" \/>\n\t\t<meta property=\"og:site_name\" content=\"El Digital de Asturias \u2013 Revista de ocio, turismo y estilo de vida\" \/>\n\t\t<meta property=\"og:type\" content=\"article\" \/>\n\t\t<meta property=\"og:title\" content=\"Madrid ya ha comenzado la preparaci\u00f3n de la fiesta del Orgullo 2015 | El Digital de Asturias\" \/>\n\t\t<meta property=\"og:description\" content=\"El Ayuntamiento de Madrid ya ha comenzado la preparaci\u00f3n de la fiesta del Orgullo de este a\u00f1o y pretende desplegar un modelo que &quot;ocupe algunas zonas m\u00e1s de la ciudad&quot; de cara a &quot;descongestionar&quot; el barrio de Chueca (pensando tambi\u00e9n en los vecinos) y apuesta por aumentar efectivos de seguridad y medios de limpieza. El\" \/>\n\t\t<meta property=\"og:url\" content=\"https:\/\/eldigitaldeasturias.com\/magazine365\/madrid-ya-ha-comenzado-la-preparacion-de-la-fiesta-del-orgullo-2015\/\" \/>\n\t\t<meta property=\"og:image\" content=\"https:\/\/eldigitaldeasturias.com\/magazine365\/wp-content\/uploads\/2015\/06\/fotonoticia_20150619182828_800.jpg\" \/>\n\t\t<meta property=\"og:image:secure_url\" content=\"https:\/\/eldigitaldeasturias.com\/magazine365\/wp-content\/uploads\/2015\/06\/fotonoticia_20150619182828_800.jpg\" \/>\n\t\t<meta property=\"og:image:width\" content=\"800\" \/>\n\t\t<meta property=\"og:image:height\" content=\"960\" \/>\n\t\t<meta property=\"article:published_time\" content=\"2015-06-20T09:17:16+00:00\" \/>\n\t\t<meta property=\"article:modified_time\" content=\"2015-06-20T09:17:16+00:00\" \/>\n\t\t<meta name=\"twitter:card\" content=\"summary_large_image\" \/>\n\t\t<meta name=\"twitter:title\" content=\"Madrid ya ha comenzado la preparaci\u00f3n de la fiesta del Orgullo 2015 | El Digital de Asturias\" \/>\n\t\t<meta name=\"twitter:description\" content=\"El Ayuntamiento de Madrid ya ha comenzado la preparaci\u00f3n de la fiesta del Orgullo de este a\u00f1o y pretende desplegar un modelo que &quot;ocupe algunas zonas m\u00e1s de la ciudad&quot; de cara a &quot;descongestionar&quot; el barrio de Chueca (pensando tambi\u00e9n en los vecinos) y apuesta por aumentar efectivos de seguridad y medios de limpieza. El\" \/>\n\t\t<meta name=\"twitter:image\" content=\"https:\/\/eldigitaldeasturias.com\/magazine365\/wp-content\/uploads\/2015\/06\/fotonoticia_20150619182828_800.jpg\" \/>\n\t\t<script type=\"application\/ld+json\" class=\"aioseo-schema\">\n\t\t\t{\"@context\":\"https:\\\/\\\/schema.org\",\"@graph\":[{\"@type\":\"Article\",\"@id\":\"https:\\\/\\\/eldigitaldeasturias.com\\\/magazine365\\\/madrid-ya-ha-comenzado-la-preparacion-de-la-fiesta-del-orgullo-2015\\\/#article\",\"name\":\"Madrid ya ha comenzado la preparaci\\u00f3n de la fiesta del Orgullo 2015 | El Digital de Asturias\",\"headline\":\"Madrid ya ha comenzado la preparaci\\u00f3n de la fiesta del Orgullo 2015\",\"author\":{\"@id\":\"https:\\\/\\\/eldigitaldeasturias.com\\\/magazine365\\\/author\\\/admin\\\/#author\"},\"publisher\":{\"@id\":\"https:\\\/\\\/eldigitaldeasturias.com\\\/magazine365\\\/#organization\"},\"image\":{\"@type\":\"ImageObject\",\"url\":\"https:\\\/\\\/eldigitaldeasturias.com\\\/magazine365\\\/wp-content\\\/uploads\\\/2015\\\/06\\\/fotonoticia_20150619182828_800.jpg\",\"width\":800,\"height\":960},\"datePublished\":\"2015-06-20T10:47:16+02:00\",\"dateModified\":\"2015-06-20T10:47:16+02:00\",\"inLanguage\":\"es-ES\",\"mainEntityOfPage\":{\"@id\":\"https:\\\/\\\/eldigitaldeasturias.com\\\/magazine365\\\/madrid-ya-ha-comenzado-la-preparacion-de-la-fiesta-del-orgullo-2015\\\/#webpage\"},\"isPartOf\":{\"@id\":\"https:\\\/\\\/eldigitaldeasturias.com\\\/magazine365\\\/madrid-ya-ha-comenzado-la-preparacion-de-la-fiesta-del-orgullo-2015\\\/#webpage\"},\"articleSection\":\"Actualidad Turismo\"},{\"@type\":\"BreadcrumbList\",\"@id\":\"https:\\\/\\\/eldigitaldeasturias.com\\\/magazine365\\\/madrid-ya-ha-comenzado-la-preparacion-de-la-fiesta-del-orgullo-2015\\\/#breadcrumblist\",\"itemListElement\":[{\"@type\":\"ListItem\",\"@id\":\"https:\\\/\\\/eldigitaldeasturias.com\\\/magazine365#listItem\",\"position\":1,\"name\":\"Home\",\"item\":\"https:\\\/\\\/eldigitaldeasturias.com\\\/magazine365\",\"nextItem\":{\"@type\":\"ListItem\",\"@id\":\"https:\\\/\\\/eldigitaldeasturias.com\\\/magazine365\\\/category\\\/actualidad-turismo\\\/#listItem\",\"name\":\"Actualidad Turismo\"}},{\"@type\":\"ListItem\",\"@id\":\"https:\\\/\\\/eldigitaldeasturias.com\\\/magazine365\\\/category\\\/actualidad-turismo\\\/#listItem\",\"position\":2,\"name\":\"Actualidad Turismo\",\"item\":\"https:\\\/\\\/eldigitaldeasturias.com\\\/magazine365\\\/category\\\/actualidad-turismo\\\/\",\"nextItem\":{\"@type\":\"ListItem\",\"@id\":\"https:\\\/\\\/eldigitaldeasturias.com\\\/magazine365\\\/madrid-ya-ha-comenzado-la-preparacion-de-la-fiesta-del-orgullo-2015\\\/#listItem\",\"name\":\"Madrid ya ha comenzado la preparaci\\u00f3n de la fiesta del Orgullo 2015\"},\"previousItem\":{\"@type\":\"ListItem\",\"@id\":\"https:\\\/\\\/eldigitaldeasturias.com\\\/magazine365#listItem\",\"name\":\"Home\"}},{\"@type\":\"ListItem\",\"@id\":\"https:\\\/\\\/eldigitaldeasturias.com\\\/magazine365\\\/madrid-ya-ha-comenzado-la-preparacion-de-la-fiesta-del-orgullo-2015\\\/#listItem\",\"position\":3,\"name\":\"Madrid ya ha comenzado la preparaci\\u00f3n de la fiesta del Orgullo 2015\",\"previousItem\":{\"@type\":\"ListItem\",\"@id\":\"https:\\\/\\\/eldigitaldeasturias.com\\\/magazine365\\\/category\\\/actualidad-turismo\\\/#listItem\",\"name\":\"Actualidad Turismo\"}}]},{\"@type\":\"Organization\",\"@id\":\"https:\\\/\\\/eldigitaldeasturias.com\\\/magazine365\\\/#organization\",\"name\":\"El digital de Asturias\",\"description\":\"Revista de ocio, turismo y estilo de vida\",\"url\":\"https:\\\/\\\/eldigitaldeasturias.com\\\/magazine365\\\/\",\"logo\":{\"@type\":\"ImageObject\",\"url\":\"https:\\\/\\\/www.eldigitaldeasturias.com\\\/noticias\\\/wp-content\\\/uploads\\\/2020\\\/12\\\/EDA.jpg\",\"@id\":\"https:\\\/\\\/eldigitaldeasturias.com\\\/magazine365\\\/madrid-ya-ha-comenzado-la-preparacion-de-la-fiesta-del-orgullo-2015\\\/#organizationLogo\"},\"image\":{\"@id\":\"https:\\\/\\\/eldigitaldeasturias.com\\\/magazine365\\\/madrid-ya-ha-comenzado-la-preparacion-de-la-fiesta-del-orgullo-2015\\\/#organizationLogo\"}},{\"@type\":\"Person\",\"@id\":\"https:\\\/\\\/eldigitaldeasturias.com\\\/magazine365\\\/author\\\/admin\\\/#author\",\"url\":\"https:\\\/\\\/eldigitaldeasturias.com\\\/magazine365\\\/author\\\/admin\\\/\",\"name\":\"admin\",\"image\":{\"@type\":\"ImageObject\",\"@id\":\"https:\\\/\\\/eldigitaldeasturias.com\\\/magazine365\\\/madrid-ya-ha-comenzado-la-preparacion-de-la-fiesta-del-orgullo-2015\\\/#authorImage\",\"url\":\"https:\\\/\\\/eldigitaldeasturias.com\\\/magazine365\\\/wp-content\\\/litespeed\\\/avatar\\\/e571bcf59a0edd6fa6838245a470f2fe.jpg?ver=1777574230\",\"width\":96,\"height\":96,\"caption\":\"admin\"}},{\"@type\":\"WebPage\",\"@id\":\"https:\\\/\\\/eldigitaldeasturias.com\\\/magazine365\\\/madrid-ya-ha-comenzado-la-preparacion-de-la-fiesta-del-orgullo-2015\\\/#webpage\",\"url\":\"https:\\\/\\\/eldigitaldeasturias.com\\\/magazine365\\\/madrid-ya-ha-comenzado-la-preparacion-de-la-fiesta-del-orgullo-2015\\\/\",\"name\":\"Madrid ya ha comenzado la preparaci\\u00f3n de la fiesta del Orgullo 2015 | El Digital de Asturias\",\"description\":\"El Ayuntamiento de Madrid ya ha comenzado la preparaci\\u00f3n de la fiesta del Orgullo de este a\\u00f1o y pretende desplegar un modelo que \\\"ocupe algunas zonas m\\u00e1s de la ciudad\\\" de cara a \\\"descongestionar\\\" el barrio de Chueca (pensando tambi\\u00e9n en los vecinos) y apuesta por aumentar efectivos de seguridad y medios de limpieza. El\",\"inLanguage\":\"es-ES\",\"isPartOf\":{\"@id\":\"https:\\\/\\\/eldigitaldeasturias.com\\\/magazine365\\\/#website\"},\"breadcrumb\":{\"@id\":\"https:\\\/\\\/eldigitaldeasturias.com\\\/magazine365\\\/madrid-ya-ha-comenzado-la-preparacion-de-la-fiesta-del-orgullo-2015\\\/#breadcrumblist\"},\"author\":{\"@id\":\"https:\\\/\\\/eldigitaldeasturias.com\\\/magazine365\\\/author\\\/admin\\\/#author\"},\"creator\":{\"@id\":\"https:\\\/\\\/eldigitaldeasturias.com\\\/magazine365\\\/author\\\/admin\\\/#author\"},\"image\":{\"@type\":\"ImageObject\",\"url\":\"https:\\\/\\\/eldigitaldeasturias.com\\\/magazine365\\\/wp-content\\\/uploads\\\/2015\\\/06\\\/fotonoticia_20150619182828_800.jpg\",\"@id\":\"https:\\\/\\\/eldigitaldeasturias.com\\\/magazine365\\\/madrid-ya-ha-comenzado-la-preparacion-de-la-fiesta-del-orgullo-2015\\\/#mainImage\",\"width\":800,\"height\":960},\"primaryImageOfPage\":{\"@id\":\"https:\\\/\\\/eldigitaldeasturias.com\\\/magazine365\\\/madrid-ya-ha-comenzado-la-preparacion-de-la-fiesta-del-orgullo-2015\\\/#mainImage\"},\"datePublished\":\"2015-06-20T10:47:16+02:00\",\"dateModified\":\"2015-06-20T10:47:16+02:00\"},{\"@type\":\"WebSite\",\"@id\":\"https:\\\/\\\/eldigitaldeasturias.com\\\/magazine365\\\/#website\",\"url\":\"https:\\\/\\\/eldigitaldeasturias.com\\\/magazine365\\\/\",\"name\":\"El Digital de Asturias\",\"description\":\"Revista de ocio, turismo y estilo de vida\",\"inLanguage\":\"es-ES\",\"publisher\":{\"@id\":\"https:\\\/\\\/eldigitaldeasturias.com\\\/magazine365\\\/#organization\"}}]}\n\t\t<\/script>\n\t\t<!-- All in One SEO Pro -->\r\n\t\t<title>Madrid ya ha comenzado la preparaci\u00f3n de la fiesta del Orgullo 2015 | El Digital de Asturias<\/title>\n\n","aioseo_head_json":{"title":"Madrid ya ha comenzado la preparaci\u00f3n de la fiesta del Orgullo 2015 | El Digital de Asturias","description":"El Ayuntamiento de Madrid ya ha comenzado la preparaci\u00f3n de la fiesta del Orgullo de este a\u00f1o y pretende desplegar un modelo que \"ocupe algunas zonas m\u00e1s de la ciudad\" de cara a \"descongestionar\" el barrio de Chueca (pensando tambi\u00e9n en los vecinos) y apuesta por aumentar efectivos de seguridad y medios de limpieza. El","canonical_url":"https:\/\/eldigitaldeasturias.com\/magazine365\/madrid-ya-ha-comenzado-la-preparacion-de-la-fiesta-del-orgullo-2015\/","robots":"max-image-preview:large","keywords":"actualidad turismo","webmasterTools":{"google-site-verification":"UA-38556648-1","miscellaneous":""},"schema":{"@context":"https:\/\/schema.org","@graph":[{"@type":"Article","@id":"https:\/\/eldigitaldeasturias.com\/magazine365\/madrid-ya-ha-comenzado-la-preparacion-de-la-fiesta-del-orgullo-2015\/#article","name":"Madrid ya ha comenzado la preparaci\u00f3n de la fiesta del Orgullo 2015 | El Digital de Asturias","headline":"Madrid ya ha comenzado la preparaci\u00f3n de la fiesta del Orgullo 2015","author":{"@id":"https:\/\/eldigitaldeasturias.com\/magazine365\/author\/admin\/#author"},"publisher":{"@id":"https:\/\/eldigitaldeasturias.com\/magazine365\/#organization"},"image":{"@type":"ImageObject","url":"https:\/\/eldigitaldeasturias.com\/magazine365\/wp-content\/uploads\/2015\/06\/fotonoticia_20150619182828_800.jpg","width":800,"height":960},"datePublished":"2015-06-20T10:47:16+02:00","dateModified":"2015-06-20T10:47:16+02:00","inLanguage":"es-ES","mainEntityOfPage":{"@id":"https:\/\/eldigitaldeasturias.com\/magazine365\/madrid-ya-ha-comenzado-la-preparacion-de-la-fiesta-del-orgullo-2015\/#webpage"},"isPartOf":{"@id":"https:\/\/eldigitaldeasturias.com\/magazine365\/madrid-ya-ha-comenzado-la-preparacion-de-la-fiesta-del-orgullo-2015\/#webpage"},"articleSection":"Actualidad Turismo"},{"@type":"BreadcrumbList","@id":"https:\/\/eldigitaldeasturias.com\/magazine365\/madrid-ya-ha-comenzado-la-preparacion-de-la-fiesta-del-orgullo-2015\/#breadcrumblist","itemListElement":[{"@type":"ListItem","@id":"https:\/\/eldigitaldeasturias.com\/magazine365#listItem","position":1,"name":"Home","item":"https:\/\/eldigitaldeasturias.com\/magazine365","nextItem":{"@type":"ListItem","@id":"https:\/\/eldigitaldeasturias.com\/magazine365\/category\/actualidad-turismo\/#listItem","name":"Actualidad Turismo"}},{"@type":"ListItem","@id":"https:\/\/eldigitaldeasturias.com\/magazine365\/category\/actualidad-turismo\/#listItem","position":2,"name":"Actualidad Turismo","item":"https:\/\/eldigitaldeasturias.com\/magazine365\/category\/actualidad-turismo\/","nextItem":{"@type":"ListItem","@id":"https:\/\/eldigitaldeasturias.com\/magazine365\/madrid-ya-ha-comenzado-la-preparacion-de-la-fiesta-del-orgullo-2015\/#listItem","name":"Madrid ya ha comenzado la preparaci\u00f3n de la fiesta del Orgullo 2015"},"previousItem":{"@type":"ListItem","@id":"https:\/\/eldigitaldeasturias.com\/magazine365#listItem","name":"Home"}},{"@type":"ListItem","@id":"https:\/\/eldigitaldeasturias.com\/magazine365\/madrid-ya-ha-comenzado-la-preparacion-de-la-fiesta-del-orgullo-2015\/#listItem","position":3,"name":"Madrid ya ha comenzado la preparaci\u00f3n de la fiesta del Orgullo 2015","previousItem":{"@type":"ListItem","@id":"https:\/\/eldigitaldeasturias.com\/magazine365\/category\/actualidad-turismo\/#listItem","name":"Actualidad Turismo"}}]},{"@type":"Organization","@id":"https:\/\/eldigitaldeasturias.com\/magazine365\/#organization","name":"El digital de Asturias","description":"Revista de ocio, turismo y estilo de vida","url":"https:\/\/eldigitaldeasturias.com\/magazine365\/","logo":{"@type":"ImageObject","url":"https:\/\/www.eldigitaldeasturias.com\/noticias\/wp-content\/uploads\/2020\/12\/EDA.jpg","@id":"https:\/\/eldigitaldeasturias.com\/magazine365\/madrid-ya-ha-comenzado-la-preparacion-de-la-fiesta-del-orgullo-2015\/#organizationLogo"},"image":{"@id":"https:\/\/eldigitaldeasturias.com\/magazine365\/madrid-ya-ha-comenzado-la-preparacion-de-la-fiesta-del-orgullo-2015\/#organizationLogo"}},{"@type":"Person","@id":"https:\/\/eldigitaldeasturias.com\/magazine365\/author\/admin\/#author","url":"https:\/\/eldigitaldeasturias.com\/magazine365\/author\/admin\/","name":"admin","image":{"@type":"ImageObject","@id":"https:\/\/eldigitaldeasturias.com\/magazine365\/madrid-ya-ha-comenzado-la-preparacion-de-la-fiesta-del-orgullo-2015\/#authorImage","url":"https:\/\/eldigitaldeasturias.com\/magazine365\/wp-content\/litespeed\/avatar\/e571bcf59a0edd6fa6838245a470f2fe.jpg?ver=1777574230","width":96,"height":96,"caption":"admin"}},{"@type":"WebPage","@id":"https:\/\/eldigitaldeasturias.com\/magazine365\/madrid-ya-ha-comenzado-la-preparacion-de-la-fiesta-del-orgullo-2015\/#webpage","url":"https:\/\/eldigitaldeasturias.com\/magazine365\/madrid-ya-ha-comenzado-la-preparacion-de-la-fiesta-del-orgullo-2015\/","name":"Madrid ya ha comenzado la preparaci\u00f3n de la fiesta del Orgullo 2015 | El Digital de Asturias","description":"El Ayuntamiento de Madrid ya ha comenzado la preparaci\u00f3n de la fiesta del Orgullo de este a\u00f1o y pretende desplegar un modelo que \"ocupe algunas zonas m\u00e1s de la ciudad\" de cara a \"descongestionar\" el barrio de Chueca (pensando tambi\u00e9n en los vecinos) y apuesta por aumentar efectivos de seguridad y medios de limpieza. El","inLanguage":"es-ES","isPartOf":{"@id":"https:\/\/eldigitaldeasturias.com\/magazine365\/#website"},"breadcrumb":{"@id":"https:\/\/eldigitaldeasturias.com\/magazine365\/madrid-ya-ha-comenzado-la-preparacion-de-la-fiesta-del-orgullo-2015\/#breadcrumblist"},"author":{"@id":"https:\/\/eldigitaldeasturias.com\/magazine365\/author\/admin\/#author"},"creator":{"@id":"https:\/\/eldigitaldeasturias.com\/magazine365\/author\/admin\/#author"},"image":{"@type":"ImageObject","url":"https:\/\/eldigitaldeasturias.com\/magazine365\/wp-content\/uploads\/2015\/06\/fotonoticia_20150619182828_800.jpg","@id":"https:\/\/eldigitaldeasturias.com\/magazine365\/madrid-ya-ha-comenzado-la-preparacion-de-la-fiesta-del-orgullo-2015\/#mainImage","width":800,"height":960},"primaryImageOfPage":{"@id":"https:\/\/eldigitaldeasturias.com\/magazine365\/madrid-ya-ha-comenzado-la-preparacion-de-la-fiesta-del-orgullo-2015\/#mainImage"},"datePublished":"2015-06-20T10:47:16+02:00","dateModified":"2015-06-20T10:47:16+02:00"},{"@type":"WebSite","@id":"https:\/\/eldigitaldeasturias.com\/magazine365\/#website","url":"https:\/\/eldigitaldeasturias.com\/magazine365\/","name":"El Digital de Asturias","description":"Revista de ocio, turismo y estilo de vida","inLanguage":"es-ES","publisher":{"@id":"https:\/\/eldigitaldeasturias.com\/magazine365\/#organization"}}]},"og:locale":"es_ES","og:site_name":"El Digital de Asturias \u2013 Revista de ocio, turismo y estilo de vida","og:type":"article","og:title":"Madrid ya ha comenzado la preparaci\u00f3n de la fiesta del Orgullo 2015 | El Digital de Asturias","og:description":"El Ayuntamiento de Madrid ya ha comenzado la preparaci\u00f3n de la fiesta del Orgullo de este a\u00f1o y pretende desplegar un modelo que &quot;ocupe algunas zonas m\u00e1s de la ciudad&quot; de cara a &quot;descongestionar&quot; el barrio de Chueca (pensando tambi\u00e9n en los vecinos) y apuesta por aumentar efectivos de seguridad y medios de limpieza. El","og:url":"https:\/\/eldigitaldeasturias.com\/magazine365\/madrid-ya-ha-comenzado-la-preparacion-de-la-fiesta-del-orgullo-2015\/","og:image":"https:\/\/eldigitaldeasturias.com\/magazine365\/wp-content\/uploads\/2015\/06\/fotonoticia_20150619182828_800.jpg","og:image:secure_url":"https:\/\/eldigitaldeasturias.com\/magazine365\/wp-content\/uploads\/2015\/06\/fotonoticia_20150619182828_800.jpg","og:image:width":800,"og:image:height":960,"article:published_time":"2015-06-20T09:17:16+00:00","article:modified_time":"2015-06-20T09:17:16+00:00","twitter:card":"summary_large_image","twitter:title":"Madrid ya ha comenzado la preparaci\u00f3n de la fiesta del Orgullo 2015 | El Digital de Asturias","twitter:description":"El Ayuntamiento de Madrid ya ha comenzado la preparaci\u00f3n de la fiesta del Orgullo de este a\u00f1o y pretende desplegar un modelo que &quot;ocupe algunas zonas m\u00e1s de la ciudad&quot; de cara a &quot;descongestionar&quot; el barrio de Chueca (pensando tambi\u00e9n en los vecinos) y apuesta por aumentar efectivos de seguridad y medios de limpieza. El","twitter:image":"https:\/\/eldigitaldeasturias.com\/magazine365\/wp-content\/uploads\/2015\/06\/fotonoticia_20150619182828_800.jpg"},"aioseo_meta_data":{"post_id":"40478","title":null,"description":null,"keywords":null,"keyphrases":null,"primary_term":null,"canonical_url":null,"og_title":null,"og_description":null,"og_object_type":"default","og_image_type":"default","og_image_url":null,"og_image_width":null,"og_image_height":null,"og_image_custom_url":null,"og_image_custom_fields":null,"og_video":null,"og_custom_url":null,"og_article_section":null,"og_article_tags":null,"twitter_use_og":false,"twitter_card":"default","twitter_image_type":"default","twitter_image_url":null,"twitter_image_custom_url":null,"twitter_image_custom_fields":null,"twitter_title":null,"twitter_description":null,"schema":{"blockGraphs":[],"customGraphs":[],"default":{"data":{"Article":[],"Course":[],"Dataset":[],"FAQPage":[],"Movie":[],"Person":[],"Product":[],"ProductReview":[],"Car":[],"Recipe":[],"Service":[],"SoftwareApplication":[],"WebPage":[]},"graphName":"","isEnabled":true},"graphs":[],"defaultGraph":"","defaultPostTypeGraph":""},"schema_type":null,"schema_type_options":null,"pillar_content":false,"robots_default":true,"robots_noindex":false,"robots_noarchive":false,"robots_nosnippet":false,"robots_nofollow":false,"robots_noimageindex":false,"robots_noodp":false,"robots_notranslate":false,"robots_max_snippet":null,"robots_max_videopreview":null,"robots_max_imagepreview":"large","priority":null,"frequency":null,"location":null,"local_seo":null,"seo_analyzer_scan_date":"2025-09-19 13:37:10","breadcrumb_settings":null,"limit_modified_date":false,"open_ai":null,"ai":null,"created":"2021-03-09 02:27:56","updated":"2025-09-19 13:37:10"},"aioseo_breadcrumb":"<div class=\"aioseo-breadcrumbs\"><span class=\"aioseo-breadcrumb\">\n\t<a href=\"https:\/\/eldigitaldeasturias.com\/magazine365\" title=\"Home\">Home<\/a>\n<\/span><span class=\"aioseo-breadcrumb-separator\">\u2013<\/span><span class=\"aioseo-breadcrumb\">\n\t<a href=\"https:\/\/eldigitaldeasturias.com\/magazine365\/category\/actualidad-turismo\/\" title=\"Actualidad Turismo\">Actualidad Turismo<\/a>\n<\/span><span class=\"aioseo-breadcrumb-separator\">\u2013<\/span><span class=\"aioseo-breadcrumb\">\n\t<a href=\"https:\/\/eldigitaldeasturias.com\/magazine365\/madrid-ya-ha-comenzado-la-preparacion-de-la-fiesta-del-orgullo-2015\/\" title=\"Madrid ya ha comenzado la preparaci\u00f3n de la fiesta del Orgullo 2015\">Madrid ya ha comenzado la preparaci\u00f3n de la fiesta del Orgullo 2015<\/a>\n<\/span><\/div>","aioseo_breadcrumb_json":[{"label":"Home","link":"https:\/\/eldigitaldeasturias.com\/magazine365"},{"label":"Actualidad Turismo","link":"https:\/\/eldigitaldeasturias.com\/magazine365\/category\/actualidad-turismo\/"},{"label":"Madrid ya ha comenzado la preparaci\u00f3n de la fiesta del Orgullo 2015","link":"https:\/\/eldigitaldeasturias.com\/magazine365\/madrid-ya-ha-comenzado-la-preparacion-de-la-fiesta-del-orgullo-2015\/"}],"_links":{"self":[{"href":"https:\/\/eldigitaldeasturias.com\/magazine365\/wp-json\/wp\/v2\/posts\/40478","targetHints":{"allow":["GET"]}}],"collection":[{"href":"https:\/\/eldigitaldeasturias.com\/magazine365\/wp-json\/wp\/v2\/posts"}],"about":[{"href":"https:\/\/eldigitaldeasturias.com\/magazine365\/wp-json\/wp\/v2\/types\/post"}],"author":[{"embeddable":true,"href":"https:\/\/eldigitaldeasturias.com\/magazine365\/wp-json\/wp\/v2\/users\/1"}],"replies":[{"embeddable":true,"href":"https:\/\/eldigitaldeasturias.com\/magazine365\/wp-json\/wp\/v2\/comments?post=40478"}],"version-history":[{"count":0,"href":"https:\/\/eldigitaldeasturias.com\/magazine365\/wp-json\/wp\/v2\/posts\/40478\/revisions"}],"wp:featuredmedia":[{"embeddable":true,"href":"https:\/\/eldigitaldeasturias.com\/magazine365\/wp-json\/wp\/v2\/media\/40479"}],"wp:attachment":[{"href":"https:\/\/eldigitaldeasturias.com\/magazine365\/wp-json\/wp\/v2\/media?parent=40478"}],"wp:term":[{"taxonomy":"category","embeddable":true,"href":"https:\/\/eldigitaldeasturias.com\/magazine365\/wp-json\/wp\/v2\/categories?post=40478"},{"taxonomy":"post_tag","embeddable":true,"href":"https:\/\/eldigitaldeasturias.com\/magazine365\/wp-json\/wp\/v2\/tags?post=40478"}],"curies":[{"name":"wp","href":"https:\/\/api.w.org\/{rel}","templated":true}]}}