{"id":40475,"date":"2015-06-20T10:45:43","date_gmt":"2015-06-20T09:15:43","guid":{"rendered":"http:\/\/eldigitaldeasturias.com\/magazine365\/?p=40475"},"modified":"2015-06-20T10:45:43","modified_gmt":"2015-06-20T09:15:43","slug":"cordoba-se-promociona-en-paris","status":"publish","type":"post","link":"https:\/\/eldigitaldeasturias.com\/magazine365\/cordoba-se-promociona-en-paris\/","title":{"rendered":"C\u00f3rdoba se promociona en Par\u00eds"},"content":{"rendered":"<p><img fetchpriority=\"high\" decoding=\"async\" class=\"alignleft size-medium wp-image-40476\" src=\"https:\/\/eldigitaldeasturias.com\/magazine365\/wp-content\/uploads\/2015\/06\/fotonoticia_20150619182030_800-360x203.jpg\" alt=\"fotonoticia_20150619182030_800\" width=\"360\" height=\"203\" srcset=\"https:\/\/eldigitaldeasturias.com\/magazine365\/wp-content\/uploads\/2015\/06\/fotonoticia_20150619182030_800-360x203.jpg 360w, https:\/\/eldigitaldeasturias.com\/magazine365\/wp-content\/uploads\/2015\/06\/fotonoticia_20150619182030_800-650x366.jpg 650w, https:\/\/eldigitaldeasturias.com\/magazine365\/wp-content\/uploads\/2015\/06\/fotonoticia_20150619182030_800-768x433.jpg 768w, https:\/\/eldigitaldeasturias.com\/magazine365\/wp-content\/uploads\/2015\/06\/fotonoticia_20150619182030_800-150x85.jpg 150w, https:\/\/eldigitaldeasturias.com\/magazine365\/wp-content\/uploads\/2015\/06\/fotonoticia_20150619182030_800-450x254.jpg 450w, https:\/\/eldigitaldeasturias.com\/magazine365\/wp-content\/uploads\/2015\/06\/fotonoticia_20150619182030_800-696x392.jpg 696w, https:\/\/eldigitaldeasturias.com\/magazine365\/wp-content\/uploads\/2015\/06\/fotonoticia_20150619182030_800-745x420.jpg 745w, https:\/\/eldigitaldeasturias.com\/magazine365\/wp-content\/uploads\/2015\/06\/fotonoticia_20150619182030_800-499x280.jpg 499w, https:\/\/eldigitaldeasturias.com\/magazine365\/wp-content\/uploads\/2015\/06\/fotonoticia_20150619182030_800.jpg 800w\" sizes=\"(max-width: 360px) 100vw, 360px\" \/>El teniente de alcalde delegado de Turismo del Ayuntamiento de C\u00f3rdoba, Pedro Garc\u00eda, ha informado este viernes de que la capital cordobesa y el resto de ciudades Patrimonio de la Humanidad se han promocionado durante este jueves en Par\u00eds, gracias a la acci\u00f3n organizada por el Grupo de Ciudades Patrimonio de la Humanidad y la Oficina Espa\u00f1ola de Turismo en Par\u00eds, dentro del marco del convenio de colaboraci\u00f3n suscrito con Turespa\u00f1a para la promoci\u00f3n internacional de las 15 Ciudades Patrimonio.<\/p>\n<p>Seg\u00fan indica Garc\u00eda en una nota, \u00abpara C\u00f3rdoba es fundamental y esencial acciones como la desarrollada en Par\u00eds, ya que reforzamos y potenciamos nuestra imagen de destino tur\u00edstico de calidad y ligado a la cultura y al patrimonio\u00bb, en un pa\u00eds donde \u00abEspa\u00f1a se ha convertido en el primer destino tur\u00edstico de los franceses cuando viajan fuera de su pa\u00eds y ha logrado convertirse en el segundo destino emisor para Espa\u00f1a, con cerca de diez millones de visitantes, por detr\u00e1s de los brit\u00e1nicos y por delante de los alemanes\u00bb.<\/p>\n<p>El evento, desarrollado en la sede de la Embajada de Espa\u00f1a en Par\u00eds, cont\u00f3 con la presencia del embajador de Espa\u00f1a, Ram\u00f3n de Miguel, y la directora de la OET, Elena Vald\u00e9s, quienes ofrecieron la Embajada como escenario para este acto en el que el Grupo present\u00f3 la oferta tur\u00edstica y cultural de las Ciudades Patrimonio a una selecci\u00f3n de 70 turoperadores y prensa especializada en viajes.<\/p>\n<p>En concreto, se encontraban representantes de Daratours, American Express Travel, Carlson Wagon Lit Travel, Centrale Voyages, Comptoir des Voyages, Fnac Voyages, Iberrail, Thomas Cook, Guide du Routard, y las publicaciones &#8216;Paris Match&#8217; y &#8216;Le Guide du Routard&#8217;.<\/p>\n<p>Mientras, Paradores se ha sumado a la campa\u00f1a e hizo una presentaci\u00f3n de sus alojamientos en edificios hist\u00f3ricos, de los cuales once est\u00e1n ubicados en alguna de las ciudades que forman el Grupo.<\/p>\n<p>Esta campa\u00f1a, que tiene como objetivo el reforzar la presencia del producto de turismo cultural en el mercado emisor franc\u00e9s, forma parte del Plan Operativo 2015 del Grupo de Ciudades Patrimonio de la Humanidad de Espa\u00f1a y complementa las recientes promociones llevada a cabo por la entidad en el Norte y Centro de Europa, en capitales como Viena, Londres, Hamburgo, Oslo, Estocolmo y Copenhague.<\/p>\n<p>Alcal\u00e1 de Henares, \u00c1vila, Baeza, C\u00e1ceres, C\u00f3rdoba, Cuenca, Ibiza, M\u00e9rida, Salamanca, San Crist\u00f3bal de la Laguna, Santiago de Compostela, Segovia, Tarragona, Toledo y \u00dabeda, son las 15 ciudades inscritas en la Lista del Patrimonio Mundial de la Unesco que forman el Grupo, cuyo fin es la protecci\u00f3n y difusi\u00f3n de su patrimonio y la promoci\u00f3n nacional e internacional de su excepcional oferta tur\u00edstica y cultural.<\/p>\n<p>FRANCIA, MERCADO EMISOR<\/p>\n<p>Cabe destacar que Espa\u00f1a ha logrado consolidar en el pa\u00eds vecino una imagen tanto de destino de sol y playa como de destino cultural. Desde Turespa\u00f1a se a\u00f1ade que esto viene influyendo en una tendencia al alza que beneficia el turismo urbano y las estancias cortas; dos asignaturas pendientes que juegan a favor de la desestacionalizaci\u00f3n del nuestro turismo, tradicionalmente concentrado en los meses estivales.<\/p>\n<p>Los motivos son el clima; la cercan\u00eda geogr\u00e1fica y facilidad de acceso; la oferta complementaria de sol y playa y cultural, y la seguridad. Ya en Espa\u00f1a, Catalu\u00f1a es su destino predilecto, si bien este a\u00f1o se ha notado un despegue del turismo franc\u00e9s en el archipi\u00e9lago canario y tambi\u00e9n en Madrid y otros destinos de interior.<\/p>\n<p>Hay que se\u00f1alar que la coyuntura global favorece al destino Espa\u00f1a. Los datos de reservas de la Asociaci\u00f3n Francesa de Turoperadores para la temporada de verano 2015, reflejan la debilidad de otros destinos competidores como Marruecos, T\u00fanez, y Turqu\u00eda.<\/p>\n","protected":false},"excerpt":{"rendered":"<p>El teniente de alcalde delegado de Turismo del Ayuntamiento de C\u00f3rdoba, Pedro Garc\u00eda, ha informado este viernes de que la capital cordobesa y el resto de ciudades Patrimonio de la Humanidad se han promocionado durante este jueves en Par\u00eds, gracias a la acci\u00f3n organizada por el Grupo de Ciudades Patrimonio de la Humanidad y la<\/p>\n","protected":false},"author":1,"featured_media":40476,"comment_status":"open","ping_status":"closed","sticky":false,"template":"","format":"standard","meta":{"footnotes":""},"categories":[222],"tags":[],"class_list":{"0":"post-40475","1":"post","2":"type-post","3":"status-publish","4":"format-standard","5":"has-post-thumbnail","7":"category-actualidad-turismo"},"aioseo_notices":[],"aioseo_head":"\n\t\t<!-- All in One SEO Pro 4.9.6.1 - aioseo.com -->\n\t<meta name=\"description\" content=\"El teniente de alcalde delegado de Turismo del Ayuntamiento de C\u00f3rdoba, Pedro Garc\u00eda, ha informado este viernes de que la capital cordobesa y el resto de ciudades Patrimonio de la Humanidad se han promocionado durante este jueves en Par\u00eds, gracias a la acci\u00f3n organizada por el Grupo de Ciudades Patrimonio de la Humanidad y la\" \/>\n\t<meta name=\"robots\" content=\"max-image-preview:large\" \/>\n\t<meta name=\"author\" content=\"admin\"\/>\n\t<meta name=\"google-site-verification\" content=\"UA-38556648-1\" \/>\n\t<meta name=\"keywords\" content=\"actualidad turismo\" \/>\n\t<link rel=\"canonical\" href=\"https:\/\/eldigitaldeasturias.com\/magazine365\/cordoba-se-promociona-en-paris\/\" \/>\n\t<meta name=\"generator\" content=\"All in One SEO Pro (AIOSEO) 4.9.6.1\" \/>\n\t\t<meta property=\"og:locale\" content=\"es_ES\" \/>\n\t\t<meta property=\"og:site_name\" content=\"El Digital de Asturias \u2013 Revista de ocio, turismo y estilo de vida\" \/>\n\t\t<meta property=\"og:type\" content=\"article\" \/>\n\t\t<meta property=\"og:title\" content=\"C\u00f3rdoba se promociona en Par\u00eds | El Digital de Asturias\" \/>\n\t\t<meta property=\"og:description\" content=\"El teniente de alcalde delegado de Turismo del Ayuntamiento de C\u00f3rdoba, Pedro Garc\u00eda, ha informado este viernes de que la capital cordobesa y el resto de ciudades Patrimonio de la Humanidad se han promocionado durante este jueves en Par\u00eds, gracias a la acci\u00f3n organizada por el Grupo de Ciudades Patrimonio de la Humanidad y la\" \/>\n\t\t<meta property=\"og:url\" content=\"https:\/\/eldigitaldeasturias.com\/magazine365\/cordoba-se-promociona-en-paris\/\" \/>\n\t\t<meta property=\"og:image\" content=\"https:\/\/eldigitaldeasturias.com\/magazine365\/wp-content\/uploads\/2015\/06\/fotonoticia_20150619182030_800.jpg\" \/>\n\t\t<meta property=\"og:image:secure_url\" content=\"https:\/\/eldigitaldeasturias.com\/magazine365\/wp-content\/uploads\/2015\/06\/fotonoticia_20150619182030_800.jpg\" \/>\n\t\t<meta property=\"og:image:width\" content=\"800\" \/>\n\t\t<meta property=\"og:image:height\" content=\"451\" \/>\n\t\t<meta property=\"article:published_time\" content=\"2015-06-20T09:15:43+00:00\" \/>\n\t\t<meta property=\"article:modified_time\" content=\"2015-06-20T09:15:43+00:00\" \/>\n\t\t<meta name=\"twitter:card\" content=\"summary_large_image\" \/>\n\t\t<meta name=\"twitter:title\" content=\"C\u00f3rdoba se promociona en Par\u00eds | El Digital de Asturias\" \/>\n\t\t<meta name=\"twitter:description\" content=\"El teniente de alcalde delegado de Turismo del Ayuntamiento de C\u00f3rdoba, Pedro Garc\u00eda, ha informado este viernes de que la capital cordobesa y el resto de ciudades Patrimonio de la Humanidad se han promocionado durante este jueves en Par\u00eds, gracias a la acci\u00f3n organizada por el Grupo de Ciudades Patrimonio de la Humanidad y la\" \/>\n\t\t<meta name=\"twitter:image\" content=\"https:\/\/eldigitaldeasturias.com\/magazine365\/wp-content\/uploads\/2015\/06\/fotonoticia_20150619182030_800.jpg\" \/>\n\t\t<script type=\"application\/ld+json\" class=\"aioseo-schema\">\n\t\t\t{\"@context\":\"https:\\\/\\\/schema.org\",\"@graph\":[{\"@type\":\"Article\",\"@id\":\"https:\\\/\\\/eldigitaldeasturias.com\\\/magazine365\\\/cordoba-se-promociona-en-paris\\\/#article\",\"name\":\"C\\u00f3rdoba se promociona en Par\\u00eds | El Digital de Asturias\",\"headline\":\"C\\u00f3rdoba se promociona en Par\\u00eds\",\"author\":{\"@id\":\"https:\\\/\\\/eldigitaldeasturias.com\\\/magazine365\\\/author\\\/admin\\\/#author\"},\"publisher\":{\"@id\":\"https:\\\/\\\/eldigitaldeasturias.com\\\/magazine365\\\/#organization\"},\"image\":{\"@type\":\"ImageObject\",\"url\":\"https:\\\/\\\/eldigitaldeasturias.com\\\/magazine365\\\/wp-content\\\/uploads\\\/2015\\\/06\\\/fotonoticia_20150619182030_800.jpg\",\"width\":800,\"height\":451},\"datePublished\":\"2015-06-20T10:45:43+02:00\",\"dateModified\":\"2015-06-20T10:45:43+02:00\",\"inLanguage\":\"es-ES\",\"mainEntityOfPage\":{\"@id\":\"https:\\\/\\\/eldigitaldeasturias.com\\\/magazine365\\\/cordoba-se-promociona-en-paris\\\/#webpage\"},\"isPartOf\":{\"@id\":\"https:\\\/\\\/eldigitaldeasturias.com\\\/magazine365\\\/cordoba-se-promociona-en-paris\\\/#webpage\"},\"articleSection\":\"Actualidad Turismo\"},{\"@type\":\"BreadcrumbList\",\"@id\":\"https:\\\/\\\/eldigitaldeasturias.com\\\/magazine365\\\/cordoba-se-promociona-en-paris\\\/#breadcrumblist\",\"itemListElement\":[{\"@type\":\"ListItem\",\"@id\":\"https:\\\/\\\/eldigitaldeasturias.com\\\/magazine365#listItem\",\"position\":1,\"name\":\"Home\",\"item\":\"https:\\\/\\\/eldigitaldeasturias.com\\\/magazine365\",\"nextItem\":{\"@type\":\"ListItem\",\"@id\":\"https:\\\/\\\/eldigitaldeasturias.com\\\/magazine365\\\/category\\\/actualidad-turismo\\\/#listItem\",\"name\":\"Actualidad Turismo\"}},{\"@type\":\"ListItem\",\"@id\":\"https:\\\/\\\/eldigitaldeasturias.com\\\/magazine365\\\/category\\\/actualidad-turismo\\\/#listItem\",\"position\":2,\"name\":\"Actualidad Turismo\",\"item\":\"https:\\\/\\\/eldigitaldeasturias.com\\\/magazine365\\\/category\\\/actualidad-turismo\\\/\",\"nextItem\":{\"@type\":\"ListItem\",\"@id\":\"https:\\\/\\\/eldigitaldeasturias.com\\\/magazine365\\\/cordoba-se-promociona-en-paris\\\/#listItem\",\"name\":\"C\\u00f3rdoba se promociona en Par\\u00eds\"},\"previousItem\":{\"@type\":\"ListItem\",\"@id\":\"https:\\\/\\\/eldigitaldeasturias.com\\\/magazine365#listItem\",\"name\":\"Home\"}},{\"@type\":\"ListItem\",\"@id\":\"https:\\\/\\\/eldigitaldeasturias.com\\\/magazine365\\\/cordoba-se-promociona-en-paris\\\/#listItem\",\"position\":3,\"name\":\"C\\u00f3rdoba se promociona en Par\\u00eds\",\"previousItem\":{\"@type\":\"ListItem\",\"@id\":\"https:\\\/\\\/eldigitaldeasturias.com\\\/magazine365\\\/category\\\/actualidad-turismo\\\/#listItem\",\"name\":\"Actualidad Turismo\"}}]},{\"@type\":\"Organization\",\"@id\":\"https:\\\/\\\/eldigitaldeasturias.com\\\/magazine365\\\/#organization\",\"name\":\"El digital de Asturias\",\"description\":\"Revista de ocio, turismo y estilo de vida\",\"url\":\"https:\\\/\\\/eldigitaldeasturias.com\\\/magazine365\\\/\",\"logo\":{\"@type\":\"ImageObject\",\"url\":\"https:\\\/\\\/www.eldigitaldeasturias.com\\\/noticias\\\/wp-content\\\/uploads\\\/2020\\\/12\\\/EDA.jpg\",\"@id\":\"https:\\\/\\\/eldigitaldeasturias.com\\\/magazine365\\\/cordoba-se-promociona-en-paris\\\/#organizationLogo\"},\"image\":{\"@id\":\"https:\\\/\\\/eldigitaldeasturias.com\\\/magazine365\\\/cordoba-se-promociona-en-paris\\\/#organizationLogo\"}},{\"@type\":\"Person\",\"@id\":\"https:\\\/\\\/eldigitaldeasturias.com\\\/magazine365\\\/author\\\/admin\\\/#author\",\"url\":\"https:\\\/\\\/eldigitaldeasturias.com\\\/magazine365\\\/author\\\/admin\\\/\",\"name\":\"admin\",\"image\":{\"@type\":\"ImageObject\",\"@id\":\"https:\\\/\\\/eldigitaldeasturias.com\\\/magazine365\\\/cordoba-se-promociona-en-paris\\\/#authorImage\",\"url\":\"https:\\\/\\\/eldigitaldeasturias.com\\\/magazine365\\\/wp-content\\\/litespeed\\\/avatar\\\/e571bcf59a0edd6fa6838245a470f2fe.jpg?ver=1777574230\",\"width\":96,\"height\":96,\"caption\":\"admin\"}},{\"@type\":\"WebPage\",\"@id\":\"https:\\\/\\\/eldigitaldeasturias.com\\\/magazine365\\\/cordoba-se-promociona-en-paris\\\/#webpage\",\"url\":\"https:\\\/\\\/eldigitaldeasturias.com\\\/magazine365\\\/cordoba-se-promociona-en-paris\\\/\",\"name\":\"C\\u00f3rdoba se promociona en Par\\u00eds | El Digital de Asturias\",\"description\":\"El teniente de alcalde delegado de Turismo del Ayuntamiento de C\\u00f3rdoba, Pedro Garc\\u00eda, ha informado este viernes de que la capital cordobesa y el resto de ciudades Patrimonio de la Humanidad se han promocionado durante este jueves en Par\\u00eds, gracias a la acci\\u00f3n organizada por el Grupo de Ciudades Patrimonio de la Humanidad y la\",\"inLanguage\":\"es-ES\",\"isPartOf\":{\"@id\":\"https:\\\/\\\/eldigitaldeasturias.com\\\/magazine365\\\/#website\"},\"breadcrumb\":{\"@id\":\"https:\\\/\\\/eldigitaldeasturias.com\\\/magazine365\\\/cordoba-se-promociona-en-paris\\\/#breadcrumblist\"},\"author\":{\"@id\":\"https:\\\/\\\/eldigitaldeasturias.com\\\/magazine365\\\/author\\\/admin\\\/#author\"},\"creator\":{\"@id\":\"https:\\\/\\\/eldigitaldeasturias.com\\\/magazine365\\\/author\\\/admin\\\/#author\"},\"image\":{\"@type\":\"ImageObject\",\"url\":\"https:\\\/\\\/eldigitaldeasturias.com\\\/magazine365\\\/wp-content\\\/uploads\\\/2015\\\/06\\\/fotonoticia_20150619182030_800.jpg\",\"@id\":\"https:\\\/\\\/eldigitaldeasturias.com\\\/magazine365\\\/cordoba-se-promociona-en-paris\\\/#mainImage\",\"width\":800,\"height\":451},\"primaryImageOfPage\":{\"@id\":\"https:\\\/\\\/eldigitaldeasturias.com\\\/magazine365\\\/cordoba-se-promociona-en-paris\\\/#mainImage\"},\"datePublished\":\"2015-06-20T10:45:43+02:00\",\"dateModified\":\"2015-06-20T10:45:43+02:00\"},{\"@type\":\"WebSite\",\"@id\":\"https:\\\/\\\/eldigitaldeasturias.com\\\/magazine365\\\/#website\",\"url\":\"https:\\\/\\\/eldigitaldeasturias.com\\\/magazine365\\\/\",\"name\":\"El Digital de Asturias\",\"description\":\"Revista de ocio, turismo y estilo de vida\",\"inLanguage\":\"es-ES\",\"publisher\":{\"@id\":\"https:\\\/\\\/eldigitaldeasturias.com\\\/magazine365\\\/#organization\"}}]}\n\t\t<\/script>\n\t\t<!-- All in One SEO Pro -->\r\n\t\t<title>C\u00f3rdoba se promociona en Par\u00eds | El Digital de Asturias<\/title>\n\n","aioseo_head_json":{"title":"C\u00f3rdoba se promociona en Par\u00eds | El Digital de Asturias","description":"El teniente de alcalde delegado de Turismo del Ayuntamiento de C\u00f3rdoba, Pedro Garc\u00eda, ha informado este viernes de que la capital cordobesa y el resto de ciudades Patrimonio de la Humanidad se han promocionado durante este jueves en Par\u00eds, gracias a la acci\u00f3n organizada por el Grupo de Ciudades Patrimonio de la Humanidad y la","canonical_url":"https:\/\/eldigitaldeasturias.com\/magazine365\/cordoba-se-promociona-en-paris\/","robots":"max-image-preview:large","keywords":"actualidad turismo","webmasterTools":{"google-site-verification":"UA-38556648-1","miscellaneous":""},"schema":{"@context":"https:\/\/schema.org","@graph":[{"@type":"Article","@id":"https:\/\/eldigitaldeasturias.com\/magazine365\/cordoba-se-promociona-en-paris\/#article","name":"C\u00f3rdoba se promociona en Par\u00eds | El Digital de Asturias","headline":"C\u00f3rdoba se promociona en Par\u00eds","author":{"@id":"https:\/\/eldigitaldeasturias.com\/magazine365\/author\/admin\/#author"},"publisher":{"@id":"https:\/\/eldigitaldeasturias.com\/magazine365\/#organization"},"image":{"@type":"ImageObject","url":"https:\/\/eldigitaldeasturias.com\/magazine365\/wp-content\/uploads\/2015\/06\/fotonoticia_20150619182030_800.jpg","width":800,"height":451},"datePublished":"2015-06-20T10:45:43+02:00","dateModified":"2015-06-20T10:45:43+02:00","inLanguage":"es-ES","mainEntityOfPage":{"@id":"https:\/\/eldigitaldeasturias.com\/magazine365\/cordoba-se-promociona-en-paris\/#webpage"},"isPartOf":{"@id":"https:\/\/eldigitaldeasturias.com\/magazine365\/cordoba-se-promociona-en-paris\/#webpage"},"articleSection":"Actualidad Turismo"},{"@type":"BreadcrumbList","@id":"https:\/\/eldigitaldeasturias.com\/magazine365\/cordoba-se-promociona-en-paris\/#breadcrumblist","itemListElement":[{"@type":"ListItem","@id":"https:\/\/eldigitaldeasturias.com\/magazine365#listItem","position":1,"name":"Home","item":"https:\/\/eldigitaldeasturias.com\/magazine365","nextItem":{"@type":"ListItem","@id":"https:\/\/eldigitaldeasturias.com\/magazine365\/category\/actualidad-turismo\/#listItem","name":"Actualidad Turismo"}},{"@type":"ListItem","@id":"https:\/\/eldigitaldeasturias.com\/magazine365\/category\/actualidad-turismo\/#listItem","position":2,"name":"Actualidad Turismo","item":"https:\/\/eldigitaldeasturias.com\/magazine365\/category\/actualidad-turismo\/","nextItem":{"@type":"ListItem","@id":"https:\/\/eldigitaldeasturias.com\/magazine365\/cordoba-se-promociona-en-paris\/#listItem","name":"C\u00f3rdoba se promociona en Par\u00eds"},"previousItem":{"@type":"ListItem","@id":"https:\/\/eldigitaldeasturias.com\/magazine365#listItem","name":"Home"}},{"@type":"ListItem","@id":"https:\/\/eldigitaldeasturias.com\/magazine365\/cordoba-se-promociona-en-paris\/#listItem","position":3,"name":"C\u00f3rdoba se promociona en Par\u00eds","previousItem":{"@type":"ListItem","@id":"https:\/\/eldigitaldeasturias.com\/magazine365\/category\/actualidad-turismo\/#listItem","name":"Actualidad Turismo"}}]},{"@type":"Organization","@id":"https:\/\/eldigitaldeasturias.com\/magazine365\/#organization","name":"El digital de Asturias","description":"Revista de ocio, turismo y estilo de vida","url":"https:\/\/eldigitaldeasturias.com\/magazine365\/","logo":{"@type":"ImageObject","url":"https:\/\/www.eldigitaldeasturias.com\/noticias\/wp-content\/uploads\/2020\/12\/EDA.jpg","@id":"https:\/\/eldigitaldeasturias.com\/magazine365\/cordoba-se-promociona-en-paris\/#organizationLogo"},"image":{"@id":"https:\/\/eldigitaldeasturias.com\/magazine365\/cordoba-se-promociona-en-paris\/#organizationLogo"}},{"@type":"Person","@id":"https:\/\/eldigitaldeasturias.com\/magazine365\/author\/admin\/#author","url":"https:\/\/eldigitaldeasturias.com\/magazine365\/author\/admin\/","name":"admin","image":{"@type":"ImageObject","@id":"https:\/\/eldigitaldeasturias.com\/magazine365\/cordoba-se-promociona-en-paris\/#authorImage","url":"https:\/\/eldigitaldeasturias.com\/magazine365\/wp-content\/litespeed\/avatar\/e571bcf59a0edd6fa6838245a470f2fe.jpg?ver=1777574230","width":96,"height":96,"caption":"admin"}},{"@type":"WebPage","@id":"https:\/\/eldigitaldeasturias.com\/magazine365\/cordoba-se-promociona-en-paris\/#webpage","url":"https:\/\/eldigitaldeasturias.com\/magazine365\/cordoba-se-promociona-en-paris\/","name":"C\u00f3rdoba se promociona en Par\u00eds | El Digital de Asturias","description":"El teniente de alcalde delegado de Turismo del Ayuntamiento de C\u00f3rdoba, Pedro Garc\u00eda, ha informado este viernes de que la capital cordobesa y el resto de ciudades Patrimonio de la Humanidad se han promocionado durante este jueves en Par\u00eds, gracias a la acci\u00f3n organizada por el Grupo de Ciudades Patrimonio de la Humanidad y la","inLanguage":"es-ES","isPartOf":{"@id":"https:\/\/eldigitaldeasturias.com\/magazine365\/#website"},"breadcrumb":{"@id":"https:\/\/eldigitaldeasturias.com\/magazine365\/cordoba-se-promociona-en-paris\/#breadcrumblist"},"author":{"@id":"https:\/\/eldigitaldeasturias.com\/magazine365\/author\/admin\/#author"},"creator":{"@id":"https:\/\/eldigitaldeasturias.com\/magazine365\/author\/admin\/#author"},"image":{"@type":"ImageObject","url":"https:\/\/eldigitaldeasturias.com\/magazine365\/wp-content\/uploads\/2015\/06\/fotonoticia_20150619182030_800.jpg","@id":"https:\/\/eldigitaldeasturias.com\/magazine365\/cordoba-se-promociona-en-paris\/#mainImage","width":800,"height":451},"primaryImageOfPage":{"@id":"https:\/\/eldigitaldeasturias.com\/magazine365\/cordoba-se-promociona-en-paris\/#mainImage"},"datePublished":"2015-06-20T10:45:43+02:00","dateModified":"2015-06-20T10:45:43+02:00"},{"@type":"WebSite","@id":"https:\/\/eldigitaldeasturias.com\/magazine365\/#website","url":"https:\/\/eldigitaldeasturias.com\/magazine365\/","name":"El Digital de Asturias","description":"Revista de ocio, turismo y estilo de vida","inLanguage":"es-ES","publisher":{"@id":"https:\/\/eldigitaldeasturias.com\/magazine365\/#organization"}}]},"og:locale":"es_ES","og:site_name":"El Digital de Asturias \u2013 Revista de ocio, turismo y estilo de vida","og:type":"article","og:title":"C\u00f3rdoba se promociona en Par\u00eds | El Digital de Asturias","og:description":"El teniente de alcalde delegado de Turismo del Ayuntamiento de C\u00f3rdoba, Pedro Garc\u00eda, ha informado este viernes de que la capital cordobesa y el resto de ciudades Patrimonio de la Humanidad se han promocionado durante este jueves en Par\u00eds, gracias a la acci\u00f3n organizada por el Grupo de Ciudades Patrimonio de la Humanidad y la","og:url":"https:\/\/eldigitaldeasturias.com\/magazine365\/cordoba-se-promociona-en-paris\/","og:image":"https:\/\/eldigitaldeasturias.com\/magazine365\/wp-content\/uploads\/2015\/06\/fotonoticia_20150619182030_800.jpg","og:image:secure_url":"https:\/\/eldigitaldeasturias.com\/magazine365\/wp-content\/uploads\/2015\/06\/fotonoticia_20150619182030_800.jpg","og:image:width":800,"og:image:height":451,"article:published_time":"2015-06-20T09:15:43+00:00","article:modified_time":"2015-06-20T09:15:43+00:00","twitter:card":"summary_large_image","twitter:title":"C\u00f3rdoba se promociona en Par\u00eds | El Digital de Asturias","twitter:description":"El teniente de alcalde delegado de Turismo del Ayuntamiento de C\u00f3rdoba, Pedro Garc\u00eda, ha informado este viernes de que la capital cordobesa y el resto de ciudades Patrimonio de la Humanidad se han promocionado durante este jueves en Par\u00eds, gracias a la acci\u00f3n organizada por el Grupo de Ciudades Patrimonio de la Humanidad y la","twitter:image":"https:\/\/eldigitaldeasturias.com\/magazine365\/wp-content\/uploads\/2015\/06\/fotonoticia_20150619182030_800.jpg"},"aioseo_meta_data":{"post_id":"40475","title":null,"description":null,"keywords":null,"keyphrases":null,"primary_term":null,"canonical_url":null,"og_title":null,"og_description":null,"og_object_type":"default","og_image_type":"default","og_image_url":null,"og_image_width":null,"og_image_height":null,"og_image_custom_url":null,"og_image_custom_fields":null,"og_video":null,"og_custom_url":null,"og_article_section":null,"og_article_tags":null,"twitter_use_og":false,"twitter_card":"default","twitter_image_type":"default","twitter_image_url":null,"twitter_image_custom_url":null,"twitter_image_custom_fields":null,"twitter_title":null,"twitter_description":null,"schema":{"blockGraphs":[],"customGraphs":[],"default":{"data":{"Article":[],"Course":[],"Dataset":[],"FAQPage":[],"Movie":[],"Person":[],"Product":[],"ProductReview":[],"Car":[],"Recipe":[],"Service":[],"SoftwareApplication":[],"WebPage":[]},"graphName":"","isEnabled":true},"graphs":[],"defaultGraph":"","defaultPostTypeGraph":""},"schema_type":null,"schema_type_options":null,"pillar_content":false,"robots_default":true,"robots_noindex":false,"robots_noarchive":false,"robots_nosnippet":false,"robots_nofollow":false,"robots_noimageindex":false,"robots_noodp":false,"robots_notranslate":false,"robots_max_snippet":null,"robots_max_videopreview":null,"robots_max_imagepreview":"large","priority":null,"frequency":null,"location":null,"local_seo":null,"seo_analyzer_scan_date":"2025-09-19 13:37:09","breadcrumb_settings":null,"limit_modified_date":false,"open_ai":null,"ai":null,"created":"2021-03-09 02:27:56","updated":"2025-09-19 13:37:09"},"aioseo_breadcrumb":"<div class=\"aioseo-breadcrumbs\"><span class=\"aioseo-breadcrumb\">\n\t<a href=\"https:\/\/eldigitaldeasturias.com\/magazine365\" title=\"Home\">Home<\/a>\n<\/span><span class=\"aioseo-breadcrumb-separator\">\u2013<\/span><span class=\"aioseo-breadcrumb\">\n\t<a href=\"https:\/\/eldigitaldeasturias.com\/magazine365\/category\/actualidad-turismo\/\" title=\"Actualidad Turismo\">Actualidad Turismo<\/a>\n<\/span><span class=\"aioseo-breadcrumb-separator\">\u2013<\/span><span class=\"aioseo-breadcrumb\">\n\t<a href=\"https:\/\/eldigitaldeasturias.com\/magazine365\/cordoba-se-promociona-en-paris\/\" title=\"C\u00f3rdoba se promociona en Par\u00eds\">C\u00f3rdoba se promociona en Par\u00eds<\/a>\n<\/span><\/div>","aioseo_breadcrumb_json":[{"label":"Home","link":"https:\/\/eldigitaldeasturias.com\/magazine365"},{"label":"Actualidad Turismo","link":"https:\/\/eldigitaldeasturias.com\/magazine365\/category\/actualidad-turismo\/"},{"label":"C\u00f3rdoba se promociona en Par\u00eds","link":"https:\/\/eldigitaldeasturias.com\/magazine365\/cordoba-se-promociona-en-paris\/"}],"_links":{"self":[{"href":"https:\/\/eldigitaldeasturias.com\/magazine365\/wp-json\/wp\/v2\/posts\/40475","targetHints":{"allow":["GET"]}}],"collection":[{"href":"https:\/\/eldigitaldeasturias.com\/magazine365\/wp-json\/wp\/v2\/posts"}],"about":[{"href":"https:\/\/eldigitaldeasturias.com\/magazine365\/wp-json\/wp\/v2\/types\/post"}],"author":[{"embeddable":true,"href":"https:\/\/eldigitaldeasturias.com\/magazine365\/wp-json\/wp\/v2\/users\/1"}],"replies":[{"embeddable":true,"href":"https:\/\/eldigitaldeasturias.com\/magazine365\/wp-json\/wp\/v2\/comments?post=40475"}],"version-history":[{"count":0,"href":"https:\/\/eldigitaldeasturias.com\/magazine365\/wp-json\/wp\/v2\/posts\/40475\/revisions"}],"wp:featuredmedia":[{"embeddable":true,"href":"https:\/\/eldigitaldeasturias.com\/magazine365\/wp-json\/wp\/v2\/media\/40476"}],"wp:attachment":[{"href":"https:\/\/eldigitaldeasturias.com\/magazine365\/wp-json\/wp\/v2\/media?parent=40475"}],"wp:term":[{"taxonomy":"category","embeddable":true,"href":"https:\/\/eldigitaldeasturias.com\/magazine365\/wp-json\/wp\/v2\/categories?post=40475"},{"taxonomy":"post_tag","embeddable":true,"href":"https:\/\/eldigitaldeasturias.com\/magazine365\/wp-json\/wp\/v2\/tags?post=40475"}],"curies":[{"name":"wp","href":"https:\/\/api.w.org\/{rel}","templated":true}]}}