{"id":40472,"date":"2015-06-20T10:44:25","date_gmt":"2015-06-20T09:14:25","guid":{"rendered":"http:\/\/eldigitaldeasturias.com\/magazine365\/?p=40472"},"modified":"2015-06-20T10:44:25","modified_gmt":"2015-06-20T09:14:25","slug":"la-filial-de-binter-en-cabo-verde-abre-su-sede-en-praia","status":"publish","type":"post","link":"https:\/\/eldigitaldeasturias.com\/magazine365\/la-filial-de-binter-en-cabo-verde-abre-su-sede-en-praia\/","title":{"rendered":"La filial de Binter en Cabo Verde abre su sede en Praia"},"content":{"rendered":"<p><img fetchpriority=\"high\" decoding=\"async\" class=\"alignleft size-medium wp-image-40473\" src=\"https:\/\/eldigitaldeasturias.com\/magazine365\/wp-content\/uploads\/2015\/06\/fotonoticia_20150619181847_800-360x203.jpg\" alt=\"fotonoticia_20150619181847_800\" width=\"360\" height=\"203\" srcset=\"https:\/\/eldigitaldeasturias.com\/magazine365\/wp-content\/uploads\/2015\/06\/fotonoticia_20150619181847_800-360x203.jpg 360w, https:\/\/eldigitaldeasturias.com\/magazine365\/wp-content\/uploads\/2015\/06\/fotonoticia_20150619181847_800-650x366.jpg 650w, https:\/\/eldigitaldeasturias.com\/magazine365\/wp-content\/uploads\/2015\/06\/fotonoticia_20150619181847_800-768x432.jpg 768w, https:\/\/eldigitaldeasturias.com\/magazine365\/wp-content\/uploads\/2015\/06\/fotonoticia_20150619181847_800-150x84.jpg 150w, https:\/\/eldigitaldeasturias.com\/magazine365\/wp-content\/uploads\/2015\/06\/fotonoticia_20150619181847_800-450x253.jpg 450w, https:\/\/eldigitaldeasturias.com\/magazine365\/wp-content\/uploads\/2015\/06\/fotonoticia_20150619181847_800-696x392.jpg 696w, https:\/\/eldigitaldeasturias.com\/magazine365\/wp-content\/uploads\/2015\/06\/fotonoticia_20150619181847_800-747x420.jpg 747w, https:\/\/eldigitaldeasturias.com\/magazine365\/wp-content\/uploads\/2015\/06\/fotonoticia_20150619181847_800-499x280.jpg 499w, https:\/\/eldigitaldeasturias.com\/magazine365\/wp-content\/uploads\/2015\/06\/fotonoticia_20150619181847_800.jpg 800w\" sizes=\"(max-width: 360px) 100vw, 360px\" \/>Binter Cabo Verde, filial de Binter, ha abierto su sede en Praia (capital de Cabo Verde), seg\u00fan ha informado la compa\u00f1\u00eda en un comunicado.<\/p>\n<p>La aerol\u00ednea caboverdiana ha sido creada por Binter para operar vuelos interinsulares en el archipielago africano a partir del \u00faltimo trimestre de 2015.<\/p>\n<p>En el acto de inauguraci\u00f3n han participado la ministra de infraestructuras y econom\u00eda mar\u00edtima de Cabo Verde, Sara Lopes, y el alcalde de Praia, Ulisses Correia e Silva, entre otras autoridades e invitados.<\/p>\n<p>\u00abEl objetivo de la aerol\u00ednea es trasladar a Cabo Verde el mismo modelo de conectividad a\u00e9rea que existe en Canarias\u00bb, seg\u00fan ha indicado el presidente de Binter, Pedro Agust\u00edn del Castillo.<\/p>\n","protected":false},"excerpt":{"rendered":"<p>Binter Cabo Verde, filial de Binter, ha abierto su sede en Praia (capital de Cabo Verde), seg\u00fan ha informado la compa\u00f1\u00eda en un comunicado. La aerol\u00ednea caboverdiana ha sido creada por Binter para operar vuelos interinsulares en el archipielago africano a partir del \u00faltimo trimestre de 2015. En el acto de inauguraci\u00f3n han participado la<\/p>\n","protected":false},"author":1,"featured_media":40473,"comment_status":"open","ping_status":"closed","sticky":false,"template":"","format":"standard","meta":{"footnotes":""},"categories":[222],"tags":[],"class_list":{"0":"post-40472","1":"post","2":"type-post","3":"status-publish","4":"format-standard","5":"has-post-thumbnail","7":"category-actualidad-turismo"},"aioseo_notices":[],"aioseo_head":"\n\t\t<!-- All in One SEO Pro 4.9.6.1 - aioseo.com -->\n\t<meta name=\"description\" content=\"Binter Cabo Verde, filial de Binter, ha abierto su sede en Praia (capital de Cabo Verde), seg\u00fan ha informado la compa\u00f1\u00eda en un comunicado. La aerol\u00ednea caboverdiana ha sido creada por Binter para operar vuelos interinsulares en el archipielago africano a partir del \u00faltimo trimestre de 2015. En el acto de inauguraci\u00f3n han participado la\" \/>\n\t<meta name=\"robots\" content=\"max-image-preview:large\" \/>\n\t<meta name=\"author\" content=\"admin\"\/>\n\t<meta name=\"google-site-verification\" content=\"UA-38556648-1\" \/>\n\t<meta name=\"keywords\" content=\"actualidad turismo\" \/>\n\t<link rel=\"canonical\" href=\"https:\/\/eldigitaldeasturias.com\/magazine365\/la-filial-de-binter-en-cabo-verde-abre-su-sede-en-praia\/\" \/>\n\t<meta name=\"generator\" content=\"All in One SEO Pro (AIOSEO) 4.9.6.1\" \/>\n\t\t<meta property=\"og:locale\" content=\"es_ES\" \/>\n\t\t<meta property=\"og:site_name\" content=\"El Digital de Asturias \u2013 Revista de ocio, turismo y estilo de vida\" \/>\n\t\t<meta property=\"og:type\" content=\"article\" \/>\n\t\t<meta property=\"og:title\" content=\"La filial de Binter en Cabo Verde abre su sede en Praia | El Digital de Asturias\" \/>\n\t\t<meta property=\"og:description\" content=\"Binter Cabo Verde, filial de Binter, ha abierto su sede en Praia (capital de Cabo Verde), seg\u00fan ha informado la compa\u00f1\u00eda en un comunicado. La aerol\u00ednea caboverdiana ha sido creada por Binter para operar vuelos interinsulares en el archipielago africano a partir del \u00faltimo trimestre de 2015. En el acto de inauguraci\u00f3n han participado la\" \/>\n\t\t<meta property=\"og:url\" content=\"https:\/\/eldigitaldeasturias.com\/magazine365\/la-filial-de-binter-en-cabo-verde-abre-su-sede-en-praia\/\" \/>\n\t\t<meta property=\"og:image\" content=\"https:\/\/eldigitaldeasturias.com\/magazine365\/wp-content\/uploads\/2015\/06\/fotonoticia_20150619181847_800.jpg\" \/>\n\t\t<meta property=\"og:image:secure_url\" content=\"https:\/\/eldigitaldeasturias.com\/magazine365\/wp-content\/uploads\/2015\/06\/fotonoticia_20150619181847_800.jpg\" \/>\n\t\t<meta property=\"og:image:width\" content=\"800\" \/>\n\t\t<meta property=\"og:image:height\" content=\"450\" \/>\n\t\t<meta property=\"article:published_time\" content=\"2015-06-20T09:14:25+00:00\" \/>\n\t\t<meta property=\"article:modified_time\" content=\"2015-06-20T09:14:25+00:00\" \/>\n\t\t<meta name=\"twitter:card\" content=\"summary_large_image\" \/>\n\t\t<meta name=\"twitter:title\" content=\"La filial de Binter en Cabo Verde abre su sede en Praia | El Digital de Asturias\" \/>\n\t\t<meta name=\"twitter:description\" content=\"Binter Cabo Verde, filial de Binter, ha abierto su sede en Praia (capital de Cabo Verde), seg\u00fan ha informado la compa\u00f1\u00eda en un comunicado. La aerol\u00ednea caboverdiana ha sido creada por Binter para operar vuelos interinsulares en el archipielago africano a partir del \u00faltimo trimestre de 2015. En el acto de inauguraci\u00f3n han participado la\" \/>\n\t\t<meta name=\"twitter:image\" content=\"https:\/\/eldigitaldeasturias.com\/magazine365\/wp-content\/uploads\/2015\/06\/fotonoticia_20150619181847_800.jpg\" \/>\n\t\t<script type=\"application\/ld+json\" class=\"aioseo-schema\">\n\t\t\t{\"@context\":\"https:\\\/\\\/schema.org\",\"@graph\":[{\"@type\":\"Article\",\"@id\":\"https:\\\/\\\/eldigitaldeasturias.com\\\/magazine365\\\/la-filial-de-binter-en-cabo-verde-abre-su-sede-en-praia\\\/#article\",\"name\":\"La filial de Binter en Cabo Verde abre su sede en Praia | El Digital de Asturias\",\"headline\":\"La filial de Binter en Cabo Verde abre su sede en Praia\",\"author\":{\"@id\":\"https:\\\/\\\/eldigitaldeasturias.com\\\/magazine365\\\/author\\\/admin\\\/#author\"},\"publisher\":{\"@id\":\"https:\\\/\\\/eldigitaldeasturias.com\\\/magazine365\\\/#organization\"},\"image\":{\"@type\":\"ImageObject\",\"url\":\"https:\\\/\\\/eldigitaldeasturias.com\\\/magazine365\\\/wp-content\\\/uploads\\\/2015\\\/06\\\/fotonoticia_20150619181847_800.jpg\",\"width\":800,\"height\":450},\"datePublished\":\"2015-06-20T10:44:25+02:00\",\"dateModified\":\"2015-06-20T10:44:25+02:00\",\"inLanguage\":\"es-ES\",\"mainEntityOfPage\":{\"@id\":\"https:\\\/\\\/eldigitaldeasturias.com\\\/magazine365\\\/la-filial-de-binter-en-cabo-verde-abre-su-sede-en-praia\\\/#webpage\"},\"isPartOf\":{\"@id\":\"https:\\\/\\\/eldigitaldeasturias.com\\\/magazine365\\\/la-filial-de-binter-en-cabo-verde-abre-su-sede-en-praia\\\/#webpage\"},\"articleSection\":\"Actualidad Turismo\"},{\"@type\":\"BreadcrumbList\",\"@id\":\"https:\\\/\\\/eldigitaldeasturias.com\\\/magazine365\\\/la-filial-de-binter-en-cabo-verde-abre-su-sede-en-praia\\\/#breadcrumblist\",\"itemListElement\":[{\"@type\":\"ListItem\",\"@id\":\"https:\\\/\\\/eldigitaldeasturias.com\\\/magazine365#listItem\",\"position\":1,\"name\":\"Home\",\"item\":\"https:\\\/\\\/eldigitaldeasturias.com\\\/magazine365\",\"nextItem\":{\"@type\":\"ListItem\",\"@id\":\"https:\\\/\\\/eldigitaldeasturias.com\\\/magazine365\\\/category\\\/actualidad-turismo\\\/#listItem\",\"name\":\"Actualidad Turismo\"}},{\"@type\":\"ListItem\",\"@id\":\"https:\\\/\\\/eldigitaldeasturias.com\\\/magazine365\\\/category\\\/actualidad-turismo\\\/#listItem\",\"position\":2,\"name\":\"Actualidad Turismo\",\"item\":\"https:\\\/\\\/eldigitaldeasturias.com\\\/magazine365\\\/category\\\/actualidad-turismo\\\/\",\"nextItem\":{\"@type\":\"ListItem\",\"@id\":\"https:\\\/\\\/eldigitaldeasturias.com\\\/magazine365\\\/la-filial-de-binter-en-cabo-verde-abre-su-sede-en-praia\\\/#listItem\",\"name\":\"La filial de Binter en Cabo Verde abre su sede en Praia\"},\"previousItem\":{\"@type\":\"ListItem\",\"@id\":\"https:\\\/\\\/eldigitaldeasturias.com\\\/magazine365#listItem\",\"name\":\"Home\"}},{\"@type\":\"ListItem\",\"@id\":\"https:\\\/\\\/eldigitaldeasturias.com\\\/magazine365\\\/la-filial-de-binter-en-cabo-verde-abre-su-sede-en-praia\\\/#listItem\",\"position\":3,\"name\":\"La filial de Binter en Cabo Verde abre su sede en Praia\",\"previousItem\":{\"@type\":\"ListItem\",\"@id\":\"https:\\\/\\\/eldigitaldeasturias.com\\\/magazine365\\\/category\\\/actualidad-turismo\\\/#listItem\",\"name\":\"Actualidad Turismo\"}}]},{\"@type\":\"Organization\",\"@id\":\"https:\\\/\\\/eldigitaldeasturias.com\\\/magazine365\\\/#organization\",\"name\":\"El digital de Asturias\",\"description\":\"Revista de ocio, turismo y estilo de vida\",\"url\":\"https:\\\/\\\/eldigitaldeasturias.com\\\/magazine365\\\/\",\"logo\":{\"@type\":\"ImageObject\",\"url\":\"https:\\\/\\\/www.eldigitaldeasturias.com\\\/noticias\\\/wp-content\\\/uploads\\\/2020\\\/12\\\/EDA.jpg\",\"@id\":\"https:\\\/\\\/eldigitaldeasturias.com\\\/magazine365\\\/la-filial-de-binter-en-cabo-verde-abre-su-sede-en-praia\\\/#organizationLogo\"},\"image\":{\"@id\":\"https:\\\/\\\/eldigitaldeasturias.com\\\/magazine365\\\/la-filial-de-binter-en-cabo-verde-abre-su-sede-en-praia\\\/#organizationLogo\"}},{\"@type\":\"Person\",\"@id\":\"https:\\\/\\\/eldigitaldeasturias.com\\\/magazine365\\\/author\\\/admin\\\/#author\",\"url\":\"https:\\\/\\\/eldigitaldeasturias.com\\\/magazine365\\\/author\\\/admin\\\/\",\"name\":\"admin\",\"image\":{\"@type\":\"ImageObject\",\"@id\":\"https:\\\/\\\/eldigitaldeasturias.com\\\/magazine365\\\/la-filial-de-binter-en-cabo-verde-abre-su-sede-en-praia\\\/#authorImage\",\"url\":\"https:\\\/\\\/eldigitaldeasturias.com\\\/magazine365\\\/wp-content\\\/litespeed\\\/avatar\\\/e571bcf59a0edd6fa6838245a470f2fe.jpg?ver=1777574230\",\"width\":96,\"height\":96,\"caption\":\"admin\"}},{\"@type\":\"WebPage\",\"@id\":\"https:\\\/\\\/eldigitaldeasturias.com\\\/magazine365\\\/la-filial-de-binter-en-cabo-verde-abre-su-sede-en-praia\\\/#webpage\",\"url\":\"https:\\\/\\\/eldigitaldeasturias.com\\\/magazine365\\\/la-filial-de-binter-en-cabo-verde-abre-su-sede-en-praia\\\/\",\"name\":\"La filial de Binter en Cabo Verde abre su sede en Praia | El Digital de Asturias\",\"description\":\"Binter Cabo Verde, filial de Binter, ha abierto su sede en Praia (capital de Cabo Verde), seg\\u00fan ha informado la compa\\u00f1\\u00eda en un comunicado. La aerol\\u00ednea caboverdiana ha sido creada por Binter para operar vuelos interinsulares en el archipielago africano a partir del \\u00faltimo trimestre de 2015. En el acto de inauguraci\\u00f3n han participado la\",\"inLanguage\":\"es-ES\",\"isPartOf\":{\"@id\":\"https:\\\/\\\/eldigitaldeasturias.com\\\/magazine365\\\/#website\"},\"breadcrumb\":{\"@id\":\"https:\\\/\\\/eldigitaldeasturias.com\\\/magazine365\\\/la-filial-de-binter-en-cabo-verde-abre-su-sede-en-praia\\\/#breadcrumblist\"},\"author\":{\"@id\":\"https:\\\/\\\/eldigitaldeasturias.com\\\/magazine365\\\/author\\\/admin\\\/#author\"},\"creator\":{\"@id\":\"https:\\\/\\\/eldigitaldeasturias.com\\\/magazine365\\\/author\\\/admin\\\/#author\"},\"image\":{\"@type\":\"ImageObject\",\"url\":\"https:\\\/\\\/eldigitaldeasturias.com\\\/magazine365\\\/wp-content\\\/uploads\\\/2015\\\/06\\\/fotonoticia_20150619181847_800.jpg\",\"@id\":\"https:\\\/\\\/eldigitaldeasturias.com\\\/magazine365\\\/la-filial-de-binter-en-cabo-verde-abre-su-sede-en-praia\\\/#mainImage\",\"width\":800,\"height\":450},\"primaryImageOfPage\":{\"@id\":\"https:\\\/\\\/eldigitaldeasturias.com\\\/magazine365\\\/la-filial-de-binter-en-cabo-verde-abre-su-sede-en-praia\\\/#mainImage\"},\"datePublished\":\"2015-06-20T10:44:25+02:00\",\"dateModified\":\"2015-06-20T10:44:25+02:00\"},{\"@type\":\"WebSite\",\"@id\":\"https:\\\/\\\/eldigitaldeasturias.com\\\/magazine365\\\/#website\",\"url\":\"https:\\\/\\\/eldigitaldeasturias.com\\\/magazine365\\\/\",\"name\":\"El Digital de Asturias\",\"description\":\"Revista de ocio, turismo y estilo de vida\",\"inLanguage\":\"es-ES\",\"publisher\":{\"@id\":\"https:\\\/\\\/eldigitaldeasturias.com\\\/magazine365\\\/#organization\"}}]}\n\t\t<\/script>\n\t\t<!-- All in One SEO Pro -->\r\n\t\t<title>La filial de Binter en Cabo Verde abre su sede en Praia | El Digital de Asturias<\/title>\n\n","aioseo_head_json":{"title":"La filial de Binter en Cabo Verde abre su sede en Praia | El Digital de Asturias","description":"Binter Cabo Verde, filial de Binter, ha abierto su sede en Praia (capital de Cabo Verde), seg\u00fan ha informado la compa\u00f1\u00eda en un comunicado. La aerol\u00ednea caboverdiana ha sido creada por Binter para operar vuelos interinsulares en el archipielago africano a partir del \u00faltimo trimestre de 2015. En el acto de inauguraci\u00f3n han participado la","canonical_url":"https:\/\/eldigitaldeasturias.com\/magazine365\/la-filial-de-binter-en-cabo-verde-abre-su-sede-en-praia\/","robots":"max-image-preview:large","keywords":"actualidad turismo","webmasterTools":{"google-site-verification":"UA-38556648-1","miscellaneous":""},"schema":{"@context":"https:\/\/schema.org","@graph":[{"@type":"Article","@id":"https:\/\/eldigitaldeasturias.com\/magazine365\/la-filial-de-binter-en-cabo-verde-abre-su-sede-en-praia\/#article","name":"La filial de Binter en Cabo Verde abre su sede en Praia | El Digital de Asturias","headline":"La filial de Binter en Cabo Verde abre su sede en Praia","author":{"@id":"https:\/\/eldigitaldeasturias.com\/magazine365\/author\/admin\/#author"},"publisher":{"@id":"https:\/\/eldigitaldeasturias.com\/magazine365\/#organization"},"image":{"@type":"ImageObject","url":"https:\/\/eldigitaldeasturias.com\/magazine365\/wp-content\/uploads\/2015\/06\/fotonoticia_20150619181847_800.jpg","width":800,"height":450},"datePublished":"2015-06-20T10:44:25+02:00","dateModified":"2015-06-20T10:44:25+02:00","inLanguage":"es-ES","mainEntityOfPage":{"@id":"https:\/\/eldigitaldeasturias.com\/magazine365\/la-filial-de-binter-en-cabo-verde-abre-su-sede-en-praia\/#webpage"},"isPartOf":{"@id":"https:\/\/eldigitaldeasturias.com\/magazine365\/la-filial-de-binter-en-cabo-verde-abre-su-sede-en-praia\/#webpage"},"articleSection":"Actualidad Turismo"},{"@type":"BreadcrumbList","@id":"https:\/\/eldigitaldeasturias.com\/magazine365\/la-filial-de-binter-en-cabo-verde-abre-su-sede-en-praia\/#breadcrumblist","itemListElement":[{"@type":"ListItem","@id":"https:\/\/eldigitaldeasturias.com\/magazine365#listItem","position":1,"name":"Home","item":"https:\/\/eldigitaldeasturias.com\/magazine365","nextItem":{"@type":"ListItem","@id":"https:\/\/eldigitaldeasturias.com\/magazine365\/category\/actualidad-turismo\/#listItem","name":"Actualidad Turismo"}},{"@type":"ListItem","@id":"https:\/\/eldigitaldeasturias.com\/magazine365\/category\/actualidad-turismo\/#listItem","position":2,"name":"Actualidad Turismo","item":"https:\/\/eldigitaldeasturias.com\/magazine365\/category\/actualidad-turismo\/","nextItem":{"@type":"ListItem","@id":"https:\/\/eldigitaldeasturias.com\/magazine365\/la-filial-de-binter-en-cabo-verde-abre-su-sede-en-praia\/#listItem","name":"La filial de Binter en Cabo Verde abre su sede en Praia"},"previousItem":{"@type":"ListItem","@id":"https:\/\/eldigitaldeasturias.com\/magazine365#listItem","name":"Home"}},{"@type":"ListItem","@id":"https:\/\/eldigitaldeasturias.com\/magazine365\/la-filial-de-binter-en-cabo-verde-abre-su-sede-en-praia\/#listItem","position":3,"name":"La filial de Binter en Cabo Verde abre su sede en Praia","previousItem":{"@type":"ListItem","@id":"https:\/\/eldigitaldeasturias.com\/magazine365\/category\/actualidad-turismo\/#listItem","name":"Actualidad Turismo"}}]},{"@type":"Organization","@id":"https:\/\/eldigitaldeasturias.com\/magazine365\/#organization","name":"El digital de Asturias","description":"Revista de ocio, turismo y estilo de vida","url":"https:\/\/eldigitaldeasturias.com\/magazine365\/","logo":{"@type":"ImageObject","url":"https:\/\/www.eldigitaldeasturias.com\/noticias\/wp-content\/uploads\/2020\/12\/EDA.jpg","@id":"https:\/\/eldigitaldeasturias.com\/magazine365\/la-filial-de-binter-en-cabo-verde-abre-su-sede-en-praia\/#organizationLogo"},"image":{"@id":"https:\/\/eldigitaldeasturias.com\/magazine365\/la-filial-de-binter-en-cabo-verde-abre-su-sede-en-praia\/#organizationLogo"}},{"@type":"Person","@id":"https:\/\/eldigitaldeasturias.com\/magazine365\/author\/admin\/#author","url":"https:\/\/eldigitaldeasturias.com\/magazine365\/author\/admin\/","name":"admin","image":{"@type":"ImageObject","@id":"https:\/\/eldigitaldeasturias.com\/magazine365\/la-filial-de-binter-en-cabo-verde-abre-su-sede-en-praia\/#authorImage","url":"https:\/\/eldigitaldeasturias.com\/magazine365\/wp-content\/litespeed\/avatar\/e571bcf59a0edd6fa6838245a470f2fe.jpg?ver=1777574230","width":96,"height":96,"caption":"admin"}},{"@type":"WebPage","@id":"https:\/\/eldigitaldeasturias.com\/magazine365\/la-filial-de-binter-en-cabo-verde-abre-su-sede-en-praia\/#webpage","url":"https:\/\/eldigitaldeasturias.com\/magazine365\/la-filial-de-binter-en-cabo-verde-abre-su-sede-en-praia\/","name":"La filial de Binter en Cabo Verde abre su sede en Praia | El Digital de Asturias","description":"Binter Cabo Verde, filial de Binter, ha abierto su sede en Praia (capital de Cabo Verde), seg\u00fan ha informado la compa\u00f1\u00eda en un comunicado. La aerol\u00ednea caboverdiana ha sido creada por Binter para operar vuelos interinsulares en el archipielago africano a partir del \u00faltimo trimestre de 2015. En el acto de inauguraci\u00f3n han participado la","inLanguage":"es-ES","isPartOf":{"@id":"https:\/\/eldigitaldeasturias.com\/magazine365\/#website"},"breadcrumb":{"@id":"https:\/\/eldigitaldeasturias.com\/magazine365\/la-filial-de-binter-en-cabo-verde-abre-su-sede-en-praia\/#breadcrumblist"},"author":{"@id":"https:\/\/eldigitaldeasturias.com\/magazine365\/author\/admin\/#author"},"creator":{"@id":"https:\/\/eldigitaldeasturias.com\/magazine365\/author\/admin\/#author"},"image":{"@type":"ImageObject","url":"https:\/\/eldigitaldeasturias.com\/magazine365\/wp-content\/uploads\/2015\/06\/fotonoticia_20150619181847_800.jpg","@id":"https:\/\/eldigitaldeasturias.com\/magazine365\/la-filial-de-binter-en-cabo-verde-abre-su-sede-en-praia\/#mainImage","width":800,"height":450},"primaryImageOfPage":{"@id":"https:\/\/eldigitaldeasturias.com\/magazine365\/la-filial-de-binter-en-cabo-verde-abre-su-sede-en-praia\/#mainImage"},"datePublished":"2015-06-20T10:44:25+02:00","dateModified":"2015-06-20T10:44:25+02:00"},{"@type":"WebSite","@id":"https:\/\/eldigitaldeasturias.com\/magazine365\/#website","url":"https:\/\/eldigitaldeasturias.com\/magazine365\/","name":"El Digital de Asturias","description":"Revista de ocio, turismo y estilo de vida","inLanguage":"es-ES","publisher":{"@id":"https:\/\/eldigitaldeasturias.com\/magazine365\/#organization"}}]},"og:locale":"es_ES","og:site_name":"El Digital de Asturias \u2013 Revista de ocio, turismo y estilo de vida","og:type":"article","og:title":"La filial de Binter en Cabo Verde abre su sede en Praia | El Digital de Asturias","og:description":"Binter Cabo Verde, filial de Binter, ha abierto su sede en Praia (capital de Cabo Verde), seg\u00fan ha informado la compa\u00f1\u00eda en un comunicado. La aerol\u00ednea caboverdiana ha sido creada por Binter para operar vuelos interinsulares en el archipielago africano a partir del \u00faltimo trimestre de 2015. En el acto de inauguraci\u00f3n han participado la","og:url":"https:\/\/eldigitaldeasturias.com\/magazine365\/la-filial-de-binter-en-cabo-verde-abre-su-sede-en-praia\/","og:image":"https:\/\/eldigitaldeasturias.com\/magazine365\/wp-content\/uploads\/2015\/06\/fotonoticia_20150619181847_800.jpg","og:image:secure_url":"https:\/\/eldigitaldeasturias.com\/magazine365\/wp-content\/uploads\/2015\/06\/fotonoticia_20150619181847_800.jpg","og:image:width":800,"og:image:height":450,"article:published_time":"2015-06-20T09:14:25+00:00","article:modified_time":"2015-06-20T09:14:25+00:00","twitter:card":"summary_large_image","twitter:title":"La filial de Binter en Cabo Verde abre su sede en Praia | El Digital de Asturias","twitter:description":"Binter Cabo Verde, filial de Binter, ha abierto su sede en Praia (capital de Cabo Verde), seg\u00fan ha informado la compa\u00f1\u00eda en un comunicado. La aerol\u00ednea caboverdiana ha sido creada por Binter para operar vuelos interinsulares en el archipielago africano a partir del \u00faltimo trimestre de 2015. En el acto de inauguraci\u00f3n han participado la","twitter:image":"https:\/\/eldigitaldeasturias.com\/magazine365\/wp-content\/uploads\/2015\/06\/fotonoticia_20150619181847_800.jpg"},"aioseo_meta_data":{"post_id":"40472","title":null,"description":null,"keywords":null,"keyphrases":null,"primary_term":null,"canonical_url":null,"og_title":null,"og_description":null,"og_object_type":"default","og_image_type":"default","og_image_url":null,"og_image_width":null,"og_image_height":null,"og_image_custom_url":null,"og_image_custom_fields":null,"og_video":null,"og_custom_url":null,"og_article_section":null,"og_article_tags":null,"twitter_use_og":false,"twitter_card":"default","twitter_image_type":"default","twitter_image_url":null,"twitter_image_custom_url":null,"twitter_image_custom_fields":null,"twitter_title":null,"twitter_description":null,"schema":{"blockGraphs":[],"customGraphs":[],"default":{"data":{"Article":[],"Course":[],"Dataset":[],"FAQPage":[],"Movie":[],"Person":[],"Product":[],"ProductReview":[],"Car":[],"Recipe":[],"Service":[],"SoftwareApplication":[],"WebPage":[]},"graphName":"","isEnabled":true},"graphs":[],"defaultGraph":"","defaultPostTypeGraph":""},"schema_type":null,"schema_type_options":null,"pillar_content":false,"robots_default":true,"robots_noindex":false,"robots_noarchive":false,"robots_nosnippet":false,"robots_nofollow":false,"robots_noimageindex":false,"robots_noodp":false,"robots_notranslate":false,"robots_max_snippet":null,"robots_max_videopreview":null,"robots_max_imagepreview":"large","priority":null,"frequency":null,"location":null,"local_seo":null,"seo_analyzer_scan_date":"2025-09-19 13:37:08","breadcrumb_settings":null,"limit_modified_date":false,"open_ai":null,"ai":null,"created":"2021-03-09 02:27:56","updated":"2025-09-19 13:37:08"},"aioseo_breadcrumb":"<div class=\"aioseo-breadcrumbs\"><span class=\"aioseo-breadcrumb\">\n\t<a href=\"https:\/\/eldigitaldeasturias.com\/magazine365\" title=\"Home\">Home<\/a>\n<\/span><span class=\"aioseo-breadcrumb-separator\">\u2013<\/span><span class=\"aioseo-breadcrumb\">\n\t<a href=\"https:\/\/eldigitaldeasturias.com\/magazine365\/category\/actualidad-turismo\/\" title=\"Actualidad Turismo\">Actualidad Turismo<\/a>\n<\/span><span class=\"aioseo-breadcrumb-separator\">\u2013<\/span><span class=\"aioseo-breadcrumb\">\n\t<a href=\"https:\/\/eldigitaldeasturias.com\/magazine365\/la-filial-de-binter-en-cabo-verde-abre-su-sede-en-praia\/\" title=\"La filial de Binter en Cabo Verde abre su sede en Praia\">La filial de Binter en Cabo Verde abre su sede en Praia<\/a>\n<\/span><\/div>","aioseo_breadcrumb_json":[{"label":"Home","link":"https:\/\/eldigitaldeasturias.com\/magazine365"},{"label":"Actualidad Turismo","link":"https:\/\/eldigitaldeasturias.com\/magazine365\/category\/actualidad-turismo\/"},{"label":"La filial de Binter en Cabo Verde abre su sede en Praia","link":"https:\/\/eldigitaldeasturias.com\/magazine365\/la-filial-de-binter-en-cabo-verde-abre-su-sede-en-praia\/"}],"_links":{"self":[{"href":"https:\/\/eldigitaldeasturias.com\/magazine365\/wp-json\/wp\/v2\/posts\/40472","targetHints":{"allow":["GET"]}}],"collection":[{"href":"https:\/\/eldigitaldeasturias.com\/magazine365\/wp-json\/wp\/v2\/posts"}],"about":[{"href":"https:\/\/eldigitaldeasturias.com\/magazine365\/wp-json\/wp\/v2\/types\/post"}],"author":[{"embeddable":true,"href":"https:\/\/eldigitaldeasturias.com\/magazine365\/wp-json\/wp\/v2\/users\/1"}],"replies":[{"embeddable":true,"href":"https:\/\/eldigitaldeasturias.com\/magazine365\/wp-json\/wp\/v2\/comments?post=40472"}],"version-history":[{"count":0,"href":"https:\/\/eldigitaldeasturias.com\/magazine365\/wp-json\/wp\/v2\/posts\/40472\/revisions"}],"wp:featuredmedia":[{"embeddable":true,"href":"https:\/\/eldigitaldeasturias.com\/magazine365\/wp-json\/wp\/v2\/media\/40473"}],"wp:attachment":[{"href":"https:\/\/eldigitaldeasturias.com\/magazine365\/wp-json\/wp\/v2\/media?parent=40472"}],"wp:term":[{"taxonomy":"category","embeddable":true,"href":"https:\/\/eldigitaldeasturias.com\/magazine365\/wp-json\/wp\/v2\/categories?post=40472"},{"taxonomy":"post_tag","embeddable":true,"href":"https:\/\/eldigitaldeasturias.com\/magazine365\/wp-json\/wp\/v2\/tags?post=40472"}],"curies":[{"name":"wp","href":"https:\/\/api.w.org\/{rel}","templated":true}]}}