{"id":40460,"date":"2015-06-20T10:33:53","date_gmt":"2015-06-20T09:03:53","guid":{"rendered":"http:\/\/eldigitaldeasturias.com\/magazine365\/?p=40460"},"modified":"2015-06-20T10:33:53","modified_gmt":"2015-06-20T09:03:53","slug":"facua-exige-a-ryanair-indemnizaciones-al-no-facturar-equipajes-en-barajas-por-huelga-de-handling","status":"publish","type":"post","link":"https:\/\/eldigitaldeasturias.com\/magazine365\/facua-exige-a-ryanair-indemnizaciones-al-no-facturar-equipajes-en-barajas-por-huelga-de-handling\/","title":{"rendered":"Facua exige a Ryanair indemnizaciones al no facturar equipajes en Barajas por huelga de &#8216;handling&#8217;"},"content":{"rendered":"<p><img fetchpriority=\"high\" decoding=\"async\" class=\"alignleft size-medium wp-image-40461\" src=\"https:\/\/eldigitaldeasturias.com\/magazine365\/wp-content\/uploads\/2015\/06\/fotonoticia_20150619174107_800-360x176.jpg\" alt=\"fotonoticia_20150619174107_800\" width=\"360\" height=\"176\" srcset=\"https:\/\/eldigitaldeasturias.com\/magazine365\/wp-content\/uploads\/2015\/06\/fotonoticia_20150619174107_800-360x176.jpg 360w, https:\/\/eldigitaldeasturias.com\/magazine365\/wp-content\/uploads\/2015\/06\/fotonoticia_20150619174107_800-650x319.jpg 650w, https:\/\/eldigitaldeasturias.com\/magazine365\/wp-content\/uploads\/2015\/06\/fotonoticia_20150619174107_800-768x376.jpg 768w, https:\/\/eldigitaldeasturias.com\/magazine365\/wp-content\/uploads\/2015\/06\/fotonoticia_20150619174107_800-150x74.jpg 150w, https:\/\/eldigitaldeasturias.com\/magazine365\/wp-content\/uploads\/2015\/06\/fotonoticia_20150619174107_800-450x221.jpg 450w, https:\/\/eldigitaldeasturias.com\/magazine365\/wp-content\/uploads\/2015\/06\/fotonoticia_20150619174107_800-533x261.jpg 533w, https:\/\/eldigitaldeasturias.com\/magazine365\/wp-content\/uploads\/2015\/06\/fotonoticia_20150619174107_800-696x341.jpg 696w, https:\/\/eldigitaldeasturias.com\/magazine365\/wp-content\/uploads\/2015\/06\/fotonoticia_20150619174107_800.jpg 800w\" sizes=\"(max-width: 360px) 100vw, 360px\" \/>Facua-Consumidores en Acci\u00f3n exige a Ryanair que compense a los usuarios afectados por la huelga indefinida del personal de &#8216;handling&#8217; de la compa\u00f1\u00eda en el aeropuerto Adolfo Su\u00e1rez Madrid-Barajas como si se tratase de vuelos cancelados.<\/p>\n<p>La aerol\u00ednea est\u00e1 avisando a los usuarios cuyo origen o destino sea Madrid que no permite facturar maletas con motivo de la huelga indefinida de su personal de &#8216;handling&#8217;, que arranc\u00f3 el pasado 30 de mayo.<\/p>\n<p>Si la compa\u00f1\u00eda no cumple con el servicio de facturaci\u00f3n y traslado del equipaje y este \u00abresulta imprescindible\u00bb para el usuario, advierte Facua, la situaci\u00f3n es \u00abequiparable a una cancelaci\u00f3n\u00bb.<\/p>\n<p>Como alternativa Ryanair est\u00e1 ofreciendo la posibilidad de llevar dos bultos de mano como equipaje pero para aquellos pasajeros para los que el traslado del equipaje facturado es \u00abimprescindible\u00bb no ofrece ninguna opci\u00f3n m\u00e1s all\u00e1 de la posibilidad de cancelar el vuelo y recuperar el importe.<\/p>\n<p>Desde Facua se considera que esto \u00abno es suficiente\u00bb y que Ryanair debe indemnizar a los usuarios por los perjuicios que esta cancelaci\u00f3n conlleva, como puede ser el incremento de importe que conlleva buscar un traslado alternativo para el mismo trayecto en un corto espacio de tiempo.<\/p>\n<p>Facua se\u00f1ala que Ryanair no puede alegar que se trata de un supuesto de causa mayor para evitar hacer frente a las compensaciones, dado que una huelga de personal propio no es un suceso ajeno e imprevisible a su actividad y as\u00ed est\u00e1 reconocido en la jurisprudencia espa\u00f1ola.<\/p>\n<p>Al respecto, recuerda que la huelga comenz\u00f3 el pasado 30 de mayo por lo que la empresa \u00abha tenido tiempo suficiente de articular una respuesta para poder compensar a los usuarios afectados\u00bb.<\/p>\n<p>Por todo ello, Facua aconseja a los usuarios reclamar su derecho a las compensaciones establecidas en el Reglamento 261\/2004 del Parlamento Europeo y del Consejo y, en su caso, a la indemnizaci\u00f3n de los da\u00f1os y perjuicios causados por la cancelaci\u00f3n (que la compa\u00f1\u00eda permite hacer) de su vuelo.<\/p>\n","protected":false},"excerpt":{"rendered":"<p>Facua-Consumidores en Acci\u00f3n exige a Ryanair que compense a los usuarios afectados por la huelga indefinida del personal de &#8216;handling&#8217; de la compa\u00f1\u00eda en el aeropuerto Adolfo Su\u00e1rez Madrid-Barajas como si se tratase de vuelos cancelados. La aerol\u00ednea est\u00e1 avisando a los usuarios cuyo origen o destino sea Madrid que no permite facturar maletas con<\/p>\n","protected":false},"author":1,"featured_media":40461,"comment_status":"open","ping_status":"closed","sticky":false,"template":"","format":"standard","meta":{"footnotes":""},"categories":[222],"tags":[],"class_list":{"0":"post-40460","1":"post","2":"type-post","3":"status-publish","4":"format-standard","5":"has-post-thumbnail","7":"category-actualidad-turismo"},"aioseo_notices":[],"aioseo_head":"\n\t\t<!-- All in One SEO Pro 4.9.6.1 - aioseo.com -->\n\t<meta name=\"description\" content=\"Facua-Consumidores en Acci\u00f3n exige a Ryanair que compense a los usuarios afectados por la huelga indefinida del personal de &#039;handling&#039; de la compa\u00f1\u00eda en el aeropuerto Adolfo Su\u00e1rez Madrid-Barajas como si se tratase de vuelos cancelados. La aerol\u00ednea est\u00e1 avisando a los usuarios cuyo origen o destino sea Madrid que no permite facturar maletas con\" \/>\n\t<meta name=\"robots\" content=\"max-image-preview:large\" \/>\n\t<meta name=\"author\" content=\"admin\"\/>\n\t<meta name=\"google-site-verification\" content=\"UA-38556648-1\" \/>\n\t<meta name=\"keywords\" content=\"actualidad turismo\" \/>\n\t<link rel=\"canonical\" href=\"https:\/\/eldigitaldeasturias.com\/magazine365\/facua-exige-a-ryanair-indemnizaciones-al-no-facturar-equipajes-en-barajas-por-huelga-de-handling\/\" \/>\n\t<meta name=\"generator\" content=\"All in One SEO Pro (AIOSEO) 4.9.6.1\" \/>\n\t\t<meta property=\"og:locale\" content=\"es_ES\" \/>\n\t\t<meta property=\"og:site_name\" content=\"El Digital de Asturias \u2013 Revista de ocio, turismo y estilo de vida\" \/>\n\t\t<meta property=\"og:type\" content=\"article\" \/>\n\t\t<meta property=\"og:title\" content=\"Facua exige a Ryanair indemnizaciones al no facturar equipajes en Barajas por huelga de \u2018handling\u2019 | El Digital de Asturias\" \/>\n\t\t<meta property=\"og:description\" content=\"Facua-Consumidores en Acci\u00f3n exige a Ryanair que compense a los usuarios afectados por la huelga indefinida del personal de &#039;handling&#039; de la compa\u00f1\u00eda en el aeropuerto Adolfo Su\u00e1rez Madrid-Barajas como si se tratase de vuelos cancelados. La aerol\u00ednea est\u00e1 avisando a los usuarios cuyo origen o destino sea Madrid que no permite facturar maletas con\" \/>\n\t\t<meta property=\"og:url\" content=\"https:\/\/eldigitaldeasturias.com\/magazine365\/facua-exige-a-ryanair-indemnizaciones-al-no-facturar-equipajes-en-barajas-por-huelga-de-handling\/\" \/>\n\t\t<meta property=\"og:image\" content=\"https:\/\/eldigitaldeasturias.com\/magazine365\/wp-content\/uploads\/2015\/06\/fotonoticia_20150619174107_800.jpg\" \/>\n\t\t<meta property=\"og:image:secure_url\" content=\"https:\/\/eldigitaldeasturias.com\/magazine365\/wp-content\/uploads\/2015\/06\/fotonoticia_20150619174107_800.jpg\" \/>\n\t\t<meta property=\"og:image:width\" content=\"800\" \/>\n\t\t<meta property=\"og:image:height\" content=\"392\" \/>\n\t\t<meta property=\"article:published_time\" content=\"2015-06-20T09:03:53+00:00\" \/>\n\t\t<meta property=\"article:modified_time\" content=\"2015-06-20T09:03:53+00:00\" \/>\n\t\t<meta name=\"twitter:card\" content=\"summary_large_image\" \/>\n\t\t<meta name=\"twitter:title\" content=\"Facua exige a Ryanair indemnizaciones al no facturar equipajes en Barajas por huelga de \u2018handling\u2019 | El Digital de Asturias\" \/>\n\t\t<meta name=\"twitter:description\" content=\"Facua-Consumidores en Acci\u00f3n exige a Ryanair que compense a los usuarios afectados por la huelga indefinida del personal de &#039;handling&#039; de la compa\u00f1\u00eda en el aeropuerto Adolfo Su\u00e1rez Madrid-Barajas como si se tratase de vuelos cancelados. La aerol\u00ednea est\u00e1 avisando a los usuarios cuyo origen o destino sea Madrid que no permite facturar maletas con\" \/>\n\t\t<meta name=\"twitter:image\" content=\"https:\/\/eldigitaldeasturias.com\/magazine365\/wp-content\/uploads\/2015\/06\/fotonoticia_20150619174107_800.jpg\" \/>\n\t\t<script type=\"application\/ld+json\" class=\"aioseo-schema\">\n\t\t\t{\"@context\":\"https:\\\/\\\/schema.org\",\"@graph\":[{\"@type\":\"Article\",\"@id\":\"https:\\\/\\\/eldigitaldeasturias.com\\\/magazine365\\\/facua-exige-a-ryanair-indemnizaciones-al-no-facturar-equipajes-en-barajas-por-huelga-de-handling\\\/#article\",\"name\":\"Facua exige a Ryanair indemnizaciones al no facturar equipajes en Barajas por huelga de \\u2018handling\\u2019 | El Digital de Asturias\",\"headline\":\"Facua exige a Ryanair indemnizaciones al no facturar equipajes en Barajas por huelga de &#8216;handling&#8217;\",\"author\":{\"@id\":\"https:\\\/\\\/eldigitaldeasturias.com\\\/magazine365\\\/author\\\/admin\\\/#author\"},\"publisher\":{\"@id\":\"https:\\\/\\\/eldigitaldeasturias.com\\\/magazine365\\\/#organization\"},\"image\":{\"@type\":\"ImageObject\",\"url\":\"https:\\\/\\\/eldigitaldeasturias.com\\\/magazine365\\\/wp-content\\\/uploads\\\/2015\\\/06\\\/fotonoticia_20150619174107_800.jpg\",\"width\":800,\"height\":392},\"datePublished\":\"2015-06-20T10:33:53+02:00\",\"dateModified\":\"2015-06-20T10:33:53+02:00\",\"inLanguage\":\"es-ES\",\"mainEntityOfPage\":{\"@id\":\"https:\\\/\\\/eldigitaldeasturias.com\\\/magazine365\\\/facua-exige-a-ryanair-indemnizaciones-al-no-facturar-equipajes-en-barajas-por-huelga-de-handling\\\/#webpage\"},\"isPartOf\":{\"@id\":\"https:\\\/\\\/eldigitaldeasturias.com\\\/magazine365\\\/facua-exige-a-ryanair-indemnizaciones-al-no-facturar-equipajes-en-barajas-por-huelga-de-handling\\\/#webpage\"},\"articleSection\":\"Actualidad Turismo\"},{\"@type\":\"BreadcrumbList\",\"@id\":\"https:\\\/\\\/eldigitaldeasturias.com\\\/magazine365\\\/facua-exige-a-ryanair-indemnizaciones-al-no-facturar-equipajes-en-barajas-por-huelga-de-handling\\\/#breadcrumblist\",\"itemListElement\":[{\"@type\":\"ListItem\",\"@id\":\"https:\\\/\\\/eldigitaldeasturias.com\\\/magazine365#listItem\",\"position\":1,\"name\":\"Home\",\"item\":\"https:\\\/\\\/eldigitaldeasturias.com\\\/magazine365\",\"nextItem\":{\"@type\":\"ListItem\",\"@id\":\"https:\\\/\\\/eldigitaldeasturias.com\\\/magazine365\\\/category\\\/actualidad-turismo\\\/#listItem\",\"name\":\"Actualidad Turismo\"}},{\"@type\":\"ListItem\",\"@id\":\"https:\\\/\\\/eldigitaldeasturias.com\\\/magazine365\\\/category\\\/actualidad-turismo\\\/#listItem\",\"position\":2,\"name\":\"Actualidad Turismo\",\"item\":\"https:\\\/\\\/eldigitaldeasturias.com\\\/magazine365\\\/category\\\/actualidad-turismo\\\/\",\"nextItem\":{\"@type\":\"ListItem\",\"@id\":\"https:\\\/\\\/eldigitaldeasturias.com\\\/magazine365\\\/facua-exige-a-ryanair-indemnizaciones-al-no-facturar-equipajes-en-barajas-por-huelga-de-handling\\\/#listItem\",\"name\":\"Facua exige a Ryanair indemnizaciones al no facturar equipajes en Barajas por huelga de &#8216;handling&#8217;\"},\"previousItem\":{\"@type\":\"ListItem\",\"@id\":\"https:\\\/\\\/eldigitaldeasturias.com\\\/magazine365#listItem\",\"name\":\"Home\"}},{\"@type\":\"ListItem\",\"@id\":\"https:\\\/\\\/eldigitaldeasturias.com\\\/magazine365\\\/facua-exige-a-ryanair-indemnizaciones-al-no-facturar-equipajes-en-barajas-por-huelga-de-handling\\\/#listItem\",\"position\":3,\"name\":\"Facua exige a Ryanair indemnizaciones al no facturar equipajes en Barajas por huelga de &#8216;handling&#8217;\",\"previousItem\":{\"@type\":\"ListItem\",\"@id\":\"https:\\\/\\\/eldigitaldeasturias.com\\\/magazine365\\\/category\\\/actualidad-turismo\\\/#listItem\",\"name\":\"Actualidad Turismo\"}}]},{\"@type\":\"Organization\",\"@id\":\"https:\\\/\\\/eldigitaldeasturias.com\\\/magazine365\\\/#organization\",\"name\":\"El digital de Asturias\",\"description\":\"Revista de ocio, turismo y estilo de vida\",\"url\":\"https:\\\/\\\/eldigitaldeasturias.com\\\/magazine365\\\/\",\"logo\":{\"@type\":\"ImageObject\",\"url\":\"https:\\\/\\\/www.eldigitaldeasturias.com\\\/noticias\\\/wp-content\\\/uploads\\\/2020\\\/12\\\/EDA.jpg\",\"@id\":\"https:\\\/\\\/eldigitaldeasturias.com\\\/magazine365\\\/facua-exige-a-ryanair-indemnizaciones-al-no-facturar-equipajes-en-barajas-por-huelga-de-handling\\\/#organizationLogo\"},\"image\":{\"@id\":\"https:\\\/\\\/eldigitaldeasturias.com\\\/magazine365\\\/facua-exige-a-ryanair-indemnizaciones-al-no-facturar-equipajes-en-barajas-por-huelga-de-handling\\\/#organizationLogo\"}},{\"@type\":\"Person\",\"@id\":\"https:\\\/\\\/eldigitaldeasturias.com\\\/magazine365\\\/author\\\/admin\\\/#author\",\"url\":\"https:\\\/\\\/eldigitaldeasturias.com\\\/magazine365\\\/author\\\/admin\\\/\",\"name\":\"admin\",\"image\":{\"@type\":\"ImageObject\",\"@id\":\"https:\\\/\\\/eldigitaldeasturias.com\\\/magazine365\\\/facua-exige-a-ryanair-indemnizaciones-al-no-facturar-equipajes-en-barajas-por-huelga-de-handling\\\/#authorImage\",\"url\":\"https:\\\/\\\/eldigitaldeasturias.com\\\/magazine365\\\/wp-content\\\/litespeed\\\/avatar\\\/e571bcf59a0edd6fa6838245a470f2fe.jpg?ver=1777574230\",\"width\":96,\"height\":96,\"caption\":\"admin\"}},{\"@type\":\"WebPage\",\"@id\":\"https:\\\/\\\/eldigitaldeasturias.com\\\/magazine365\\\/facua-exige-a-ryanair-indemnizaciones-al-no-facturar-equipajes-en-barajas-por-huelga-de-handling\\\/#webpage\",\"url\":\"https:\\\/\\\/eldigitaldeasturias.com\\\/magazine365\\\/facua-exige-a-ryanair-indemnizaciones-al-no-facturar-equipajes-en-barajas-por-huelga-de-handling\\\/\",\"name\":\"Facua exige a Ryanair indemnizaciones al no facturar equipajes en Barajas por huelga de \\u2018handling\\u2019 | El Digital de Asturias\",\"description\":\"Facua-Consumidores en Acci\\u00f3n exige a Ryanair que compense a los usuarios afectados por la huelga indefinida del personal de 'handling' de la compa\\u00f1\\u00eda en el aeropuerto Adolfo Su\\u00e1rez Madrid-Barajas como si se tratase de vuelos cancelados. La aerol\\u00ednea est\\u00e1 avisando a los usuarios cuyo origen o destino sea Madrid que no permite facturar maletas con\",\"inLanguage\":\"es-ES\",\"isPartOf\":{\"@id\":\"https:\\\/\\\/eldigitaldeasturias.com\\\/magazine365\\\/#website\"},\"breadcrumb\":{\"@id\":\"https:\\\/\\\/eldigitaldeasturias.com\\\/magazine365\\\/facua-exige-a-ryanair-indemnizaciones-al-no-facturar-equipajes-en-barajas-por-huelga-de-handling\\\/#breadcrumblist\"},\"author\":{\"@id\":\"https:\\\/\\\/eldigitaldeasturias.com\\\/magazine365\\\/author\\\/admin\\\/#author\"},\"creator\":{\"@id\":\"https:\\\/\\\/eldigitaldeasturias.com\\\/magazine365\\\/author\\\/admin\\\/#author\"},\"image\":{\"@type\":\"ImageObject\",\"url\":\"https:\\\/\\\/eldigitaldeasturias.com\\\/magazine365\\\/wp-content\\\/uploads\\\/2015\\\/06\\\/fotonoticia_20150619174107_800.jpg\",\"@id\":\"https:\\\/\\\/eldigitaldeasturias.com\\\/magazine365\\\/facua-exige-a-ryanair-indemnizaciones-al-no-facturar-equipajes-en-barajas-por-huelga-de-handling\\\/#mainImage\",\"width\":800,\"height\":392},\"primaryImageOfPage\":{\"@id\":\"https:\\\/\\\/eldigitaldeasturias.com\\\/magazine365\\\/facua-exige-a-ryanair-indemnizaciones-al-no-facturar-equipajes-en-barajas-por-huelga-de-handling\\\/#mainImage\"},\"datePublished\":\"2015-06-20T10:33:53+02:00\",\"dateModified\":\"2015-06-20T10:33:53+02:00\"},{\"@type\":\"WebSite\",\"@id\":\"https:\\\/\\\/eldigitaldeasturias.com\\\/magazine365\\\/#website\",\"url\":\"https:\\\/\\\/eldigitaldeasturias.com\\\/magazine365\\\/\",\"name\":\"El Digital de Asturias\",\"description\":\"Revista de ocio, turismo y estilo de vida\",\"inLanguage\":\"es-ES\",\"publisher\":{\"@id\":\"https:\\\/\\\/eldigitaldeasturias.com\\\/magazine365\\\/#organization\"}}]}\n\t\t<\/script>\n\t\t<!-- All in One SEO Pro -->\r\n\t\t<title>Facua exige a Ryanair indemnizaciones al no facturar equipajes en Barajas por huelga de \u2018handling\u2019 | El Digital de Asturias<\/title>\n\n","aioseo_head_json":{"title":"Facua exige a Ryanair indemnizaciones al no facturar equipajes en Barajas por huelga de \u2018handling\u2019 | El Digital de Asturias","description":"Facua-Consumidores en Acci\u00f3n exige a Ryanair que compense a los usuarios afectados por la huelga indefinida del personal de 'handling' de la compa\u00f1\u00eda en el aeropuerto Adolfo Su\u00e1rez Madrid-Barajas como si se tratase de vuelos cancelados. La aerol\u00ednea est\u00e1 avisando a los usuarios cuyo origen o destino sea Madrid que no permite facturar maletas con","canonical_url":"https:\/\/eldigitaldeasturias.com\/magazine365\/facua-exige-a-ryanair-indemnizaciones-al-no-facturar-equipajes-en-barajas-por-huelga-de-handling\/","robots":"max-image-preview:large","keywords":"actualidad turismo","webmasterTools":{"google-site-verification":"UA-38556648-1","miscellaneous":""},"schema":{"@context":"https:\/\/schema.org","@graph":[{"@type":"Article","@id":"https:\/\/eldigitaldeasturias.com\/magazine365\/facua-exige-a-ryanair-indemnizaciones-al-no-facturar-equipajes-en-barajas-por-huelga-de-handling\/#article","name":"Facua exige a Ryanair indemnizaciones al no facturar equipajes en Barajas por huelga de \u2018handling\u2019 | El Digital de Asturias","headline":"Facua exige a Ryanair indemnizaciones al no facturar equipajes en Barajas por huelga de &#8216;handling&#8217;","author":{"@id":"https:\/\/eldigitaldeasturias.com\/magazine365\/author\/admin\/#author"},"publisher":{"@id":"https:\/\/eldigitaldeasturias.com\/magazine365\/#organization"},"image":{"@type":"ImageObject","url":"https:\/\/eldigitaldeasturias.com\/magazine365\/wp-content\/uploads\/2015\/06\/fotonoticia_20150619174107_800.jpg","width":800,"height":392},"datePublished":"2015-06-20T10:33:53+02:00","dateModified":"2015-06-20T10:33:53+02:00","inLanguage":"es-ES","mainEntityOfPage":{"@id":"https:\/\/eldigitaldeasturias.com\/magazine365\/facua-exige-a-ryanair-indemnizaciones-al-no-facturar-equipajes-en-barajas-por-huelga-de-handling\/#webpage"},"isPartOf":{"@id":"https:\/\/eldigitaldeasturias.com\/magazine365\/facua-exige-a-ryanair-indemnizaciones-al-no-facturar-equipajes-en-barajas-por-huelga-de-handling\/#webpage"},"articleSection":"Actualidad Turismo"},{"@type":"BreadcrumbList","@id":"https:\/\/eldigitaldeasturias.com\/magazine365\/facua-exige-a-ryanair-indemnizaciones-al-no-facturar-equipajes-en-barajas-por-huelga-de-handling\/#breadcrumblist","itemListElement":[{"@type":"ListItem","@id":"https:\/\/eldigitaldeasturias.com\/magazine365#listItem","position":1,"name":"Home","item":"https:\/\/eldigitaldeasturias.com\/magazine365","nextItem":{"@type":"ListItem","@id":"https:\/\/eldigitaldeasturias.com\/magazine365\/category\/actualidad-turismo\/#listItem","name":"Actualidad Turismo"}},{"@type":"ListItem","@id":"https:\/\/eldigitaldeasturias.com\/magazine365\/category\/actualidad-turismo\/#listItem","position":2,"name":"Actualidad Turismo","item":"https:\/\/eldigitaldeasturias.com\/magazine365\/category\/actualidad-turismo\/","nextItem":{"@type":"ListItem","@id":"https:\/\/eldigitaldeasturias.com\/magazine365\/facua-exige-a-ryanair-indemnizaciones-al-no-facturar-equipajes-en-barajas-por-huelga-de-handling\/#listItem","name":"Facua exige a Ryanair indemnizaciones al no facturar equipajes en Barajas por huelga de &#8216;handling&#8217;"},"previousItem":{"@type":"ListItem","@id":"https:\/\/eldigitaldeasturias.com\/magazine365#listItem","name":"Home"}},{"@type":"ListItem","@id":"https:\/\/eldigitaldeasturias.com\/magazine365\/facua-exige-a-ryanair-indemnizaciones-al-no-facturar-equipajes-en-barajas-por-huelga-de-handling\/#listItem","position":3,"name":"Facua exige a Ryanair indemnizaciones al no facturar equipajes en Barajas por huelga de &#8216;handling&#8217;","previousItem":{"@type":"ListItem","@id":"https:\/\/eldigitaldeasturias.com\/magazine365\/category\/actualidad-turismo\/#listItem","name":"Actualidad Turismo"}}]},{"@type":"Organization","@id":"https:\/\/eldigitaldeasturias.com\/magazine365\/#organization","name":"El digital de Asturias","description":"Revista de ocio, turismo y estilo de vida","url":"https:\/\/eldigitaldeasturias.com\/magazine365\/","logo":{"@type":"ImageObject","url":"https:\/\/www.eldigitaldeasturias.com\/noticias\/wp-content\/uploads\/2020\/12\/EDA.jpg","@id":"https:\/\/eldigitaldeasturias.com\/magazine365\/facua-exige-a-ryanair-indemnizaciones-al-no-facturar-equipajes-en-barajas-por-huelga-de-handling\/#organizationLogo"},"image":{"@id":"https:\/\/eldigitaldeasturias.com\/magazine365\/facua-exige-a-ryanair-indemnizaciones-al-no-facturar-equipajes-en-barajas-por-huelga-de-handling\/#organizationLogo"}},{"@type":"Person","@id":"https:\/\/eldigitaldeasturias.com\/magazine365\/author\/admin\/#author","url":"https:\/\/eldigitaldeasturias.com\/magazine365\/author\/admin\/","name":"admin","image":{"@type":"ImageObject","@id":"https:\/\/eldigitaldeasturias.com\/magazine365\/facua-exige-a-ryanair-indemnizaciones-al-no-facturar-equipajes-en-barajas-por-huelga-de-handling\/#authorImage","url":"https:\/\/eldigitaldeasturias.com\/magazine365\/wp-content\/litespeed\/avatar\/e571bcf59a0edd6fa6838245a470f2fe.jpg?ver=1777574230","width":96,"height":96,"caption":"admin"}},{"@type":"WebPage","@id":"https:\/\/eldigitaldeasturias.com\/magazine365\/facua-exige-a-ryanair-indemnizaciones-al-no-facturar-equipajes-en-barajas-por-huelga-de-handling\/#webpage","url":"https:\/\/eldigitaldeasturias.com\/magazine365\/facua-exige-a-ryanair-indemnizaciones-al-no-facturar-equipajes-en-barajas-por-huelga-de-handling\/","name":"Facua exige a Ryanair indemnizaciones al no facturar equipajes en Barajas por huelga de \u2018handling\u2019 | El Digital de Asturias","description":"Facua-Consumidores en Acci\u00f3n exige a Ryanair que compense a los usuarios afectados por la huelga indefinida del personal de 'handling' de la compa\u00f1\u00eda en el aeropuerto Adolfo Su\u00e1rez Madrid-Barajas como si se tratase de vuelos cancelados. La aerol\u00ednea est\u00e1 avisando a los usuarios cuyo origen o destino sea Madrid que no permite facturar maletas con","inLanguage":"es-ES","isPartOf":{"@id":"https:\/\/eldigitaldeasturias.com\/magazine365\/#website"},"breadcrumb":{"@id":"https:\/\/eldigitaldeasturias.com\/magazine365\/facua-exige-a-ryanair-indemnizaciones-al-no-facturar-equipajes-en-barajas-por-huelga-de-handling\/#breadcrumblist"},"author":{"@id":"https:\/\/eldigitaldeasturias.com\/magazine365\/author\/admin\/#author"},"creator":{"@id":"https:\/\/eldigitaldeasturias.com\/magazine365\/author\/admin\/#author"},"image":{"@type":"ImageObject","url":"https:\/\/eldigitaldeasturias.com\/magazine365\/wp-content\/uploads\/2015\/06\/fotonoticia_20150619174107_800.jpg","@id":"https:\/\/eldigitaldeasturias.com\/magazine365\/facua-exige-a-ryanair-indemnizaciones-al-no-facturar-equipajes-en-barajas-por-huelga-de-handling\/#mainImage","width":800,"height":392},"primaryImageOfPage":{"@id":"https:\/\/eldigitaldeasturias.com\/magazine365\/facua-exige-a-ryanair-indemnizaciones-al-no-facturar-equipajes-en-barajas-por-huelga-de-handling\/#mainImage"},"datePublished":"2015-06-20T10:33:53+02:00","dateModified":"2015-06-20T10:33:53+02:00"},{"@type":"WebSite","@id":"https:\/\/eldigitaldeasturias.com\/magazine365\/#website","url":"https:\/\/eldigitaldeasturias.com\/magazine365\/","name":"El Digital de Asturias","description":"Revista de ocio, turismo y estilo de vida","inLanguage":"es-ES","publisher":{"@id":"https:\/\/eldigitaldeasturias.com\/magazine365\/#organization"}}]},"og:locale":"es_ES","og:site_name":"El Digital de Asturias \u2013 Revista de ocio, turismo y estilo de vida","og:type":"article","og:title":"Facua exige a Ryanair indemnizaciones al no facturar equipajes en Barajas por huelga de \u2018handling\u2019 | El Digital de Asturias","og:description":"Facua-Consumidores en Acci\u00f3n exige a Ryanair que compense a los usuarios afectados por la huelga indefinida del personal de 'handling' de la compa\u00f1\u00eda en el aeropuerto Adolfo Su\u00e1rez Madrid-Barajas como si se tratase de vuelos cancelados. La aerol\u00ednea est\u00e1 avisando a los usuarios cuyo origen o destino sea Madrid que no permite facturar maletas con","og:url":"https:\/\/eldigitaldeasturias.com\/magazine365\/facua-exige-a-ryanair-indemnizaciones-al-no-facturar-equipajes-en-barajas-por-huelga-de-handling\/","og:image":"https:\/\/eldigitaldeasturias.com\/magazine365\/wp-content\/uploads\/2015\/06\/fotonoticia_20150619174107_800.jpg","og:image:secure_url":"https:\/\/eldigitaldeasturias.com\/magazine365\/wp-content\/uploads\/2015\/06\/fotonoticia_20150619174107_800.jpg","og:image:width":800,"og:image:height":392,"article:published_time":"2015-06-20T09:03:53+00:00","article:modified_time":"2015-06-20T09:03:53+00:00","twitter:card":"summary_large_image","twitter:title":"Facua exige a Ryanair indemnizaciones al no facturar equipajes en Barajas por huelga de \u2018handling\u2019 | El Digital de Asturias","twitter:description":"Facua-Consumidores en Acci\u00f3n exige a Ryanair que compense a los usuarios afectados por la huelga indefinida del personal de 'handling' de la compa\u00f1\u00eda en el aeropuerto Adolfo Su\u00e1rez Madrid-Barajas como si se tratase de vuelos cancelados. La aerol\u00ednea est\u00e1 avisando a los usuarios cuyo origen o destino sea Madrid que no permite facturar maletas con","twitter:image":"https:\/\/eldigitaldeasturias.com\/magazine365\/wp-content\/uploads\/2015\/06\/fotonoticia_20150619174107_800.jpg"},"aioseo_meta_data":{"post_id":"40460","title":null,"description":null,"keywords":null,"keyphrases":null,"primary_term":null,"canonical_url":null,"og_title":null,"og_description":null,"og_object_type":"default","og_image_type":"default","og_image_url":null,"og_image_width":null,"og_image_height":null,"og_image_custom_url":null,"og_image_custom_fields":null,"og_video":null,"og_custom_url":null,"og_article_section":null,"og_article_tags":null,"twitter_use_og":false,"twitter_card":"default","twitter_image_type":"default","twitter_image_url":null,"twitter_image_custom_url":null,"twitter_image_custom_fields":null,"twitter_title":null,"twitter_description":null,"schema":{"blockGraphs":[],"customGraphs":[],"default":{"data":{"Article":[],"Course":[],"Dataset":[],"FAQPage":[],"Movie":[],"Person":[],"Product":[],"ProductReview":[],"Car":[],"Recipe":[],"Service":[],"SoftwareApplication":[],"WebPage":[]},"graphName":"","isEnabled":true},"graphs":[],"defaultGraph":"","defaultPostTypeGraph":""},"schema_type":null,"schema_type_options":null,"pillar_content":false,"robots_default":true,"robots_noindex":false,"robots_noarchive":false,"robots_nosnippet":false,"robots_nofollow":false,"robots_noimageindex":false,"robots_noodp":false,"robots_notranslate":false,"robots_max_snippet":null,"robots_max_videopreview":null,"robots_max_imagepreview":"large","priority":null,"frequency":null,"location":null,"local_seo":null,"seo_analyzer_scan_date":"2025-09-19 13:35:07","breadcrumb_settings":null,"limit_modified_date":false,"open_ai":null,"ai":null,"created":"2021-03-09 02:27:56","updated":"2025-09-19 13:35:07"},"aioseo_breadcrumb":"<div class=\"aioseo-breadcrumbs\"><span class=\"aioseo-breadcrumb\">\n\t<a href=\"https:\/\/eldigitaldeasturias.com\/magazine365\" title=\"Home\">Home<\/a>\n<\/span><span class=\"aioseo-breadcrumb-separator\">\u2013<\/span><span class=\"aioseo-breadcrumb\">\n\t<a href=\"https:\/\/eldigitaldeasturias.com\/magazine365\/category\/actualidad-turismo\/\" title=\"Actualidad Turismo\">Actualidad Turismo<\/a>\n<\/span><span class=\"aioseo-breadcrumb-separator\">\u2013<\/span><span class=\"aioseo-breadcrumb\">\n\t<a href=\"https:\/\/eldigitaldeasturias.com\/magazine365\/facua-exige-a-ryanair-indemnizaciones-al-no-facturar-equipajes-en-barajas-por-huelga-de-handling\/\" title=\"Facua exige a Ryanair indemnizaciones al no facturar equipajes en Barajas por huelga de \u2018handling\u2019\">Facua exige a Ryanair indemnizaciones al no facturar equipajes en Barajas por huelga de \u2018handling\u2019<\/a>\n<\/span><\/div>","aioseo_breadcrumb_json":[{"label":"Home","link":"https:\/\/eldigitaldeasturias.com\/magazine365"},{"label":"Actualidad Turismo","link":"https:\/\/eldigitaldeasturias.com\/magazine365\/category\/actualidad-turismo\/"},{"label":"Facua exige a Ryanair indemnizaciones al no facturar equipajes en Barajas por huelga de &#8216;handling&#8217;","link":"https:\/\/eldigitaldeasturias.com\/magazine365\/facua-exige-a-ryanair-indemnizaciones-al-no-facturar-equipajes-en-barajas-por-huelga-de-handling\/"}],"_links":{"self":[{"href":"https:\/\/eldigitaldeasturias.com\/magazine365\/wp-json\/wp\/v2\/posts\/40460","targetHints":{"allow":["GET"]}}],"collection":[{"href":"https:\/\/eldigitaldeasturias.com\/magazine365\/wp-json\/wp\/v2\/posts"}],"about":[{"href":"https:\/\/eldigitaldeasturias.com\/magazine365\/wp-json\/wp\/v2\/types\/post"}],"author":[{"embeddable":true,"href":"https:\/\/eldigitaldeasturias.com\/magazine365\/wp-json\/wp\/v2\/users\/1"}],"replies":[{"embeddable":true,"href":"https:\/\/eldigitaldeasturias.com\/magazine365\/wp-json\/wp\/v2\/comments?post=40460"}],"version-history":[{"count":0,"href":"https:\/\/eldigitaldeasturias.com\/magazine365\/wp-json\/wp\/v2\/posts\/40460\/revisions"}],"wp:featuredmedia":[{"embeddable":true,"href":"https:\/\/eldigitaldeasturias.com\/magazine365\/wp-json\/wp\/v2\/media\/40461"}],"wp:attachment":[{"href":"https:\/\/eldigitaldeasturias.com\/magazine365\/wp-json\/wp\/v2\/media?parent=40460"}],"wp:term":[{"taxonomy":"category","embeddable":true,"href":"https:\/\/eldigitaldeasturias.com\/magazine365\/wp-json\/wp\/v2\/categories?post=40460"},{"taxonomy":"post_tag","embeddable":true,"href":"https:\/\/eldigitaldeasturias.com\/magazine365\/wp-json\/wp\/v2\/tags?post=40460"}],"curies":[{"name":"wp","href":"https:\/\/api.w.org\/{rel}","templated":true}]}}