{"id":40448,"date":"2015-06-20T10:25:16","date_gmt":"2015-06-20T08:55:16","guid":{"rendered":"http:\/\/eldigitaldeasturias.com\/magazine365\/?p=40448"},"modified":"2015-06-20T10:25:16","modified_gmt":"2015-06-20T08:55:16","slug":"turespana-presenta-sevilla-como-destino-de-negocios-en-dusseldorf","status":"publish","type":"post","link":"https:\/\/eldigitaldeasturias.com\/magazine365\/turespana-presenta-sevilla-como-destino-de-negocios-en-dusseldorf\/","title":{"rendered":"Turespa\u00f1a presenta Sevilla como destino de negocios en D\u00fcsseldorf"},"content":{"rendered":"<p><img fetchpriority=\"high\" decoding=\"async\" class=\"alignleft size-medium wp-image-40449\" src=\"https:\/\/eldigitaldeasturias.com\/magazine365\/wp-content\/uploads\/2015\/06\/fotonoticia_20150619165923_800-360x270.jpg\" alt=\"fotonoticia_20150619165923_800\" width=\"360\" height=\"270\" srcset=\"https:\/\/eldigitaldeasturias.com\/magazine365\/wp-content\/uploads\/2015\/06\/fotonoticia_20150619165923_800-360x270.jpg 360w, https:\/\/eldigitaldeasturias.com\/magazine365\/wp-content\/uploads\/2015\/06\/fotonoticia_20150619165923_800-650x488.jpg 650w, https:\/\/eldigitaldeasturias.com\/magazine365\/wp-content\/uploads\/2015\/06\/fotonoticia_20150619165923_800-768x576.jpg 768w, https:\/\/eldigitaldeasturias.com\/magazine365\/wp-content\/uploads\/2015\/06\/fotonoticia_20150619165923_800-150x113.jpg 150w, https:\/\/eldigitaldeasturias.com\/magazine365\/wp-content\/uploads\/2015\/06\/fotonoticia_20150619165923_800-450x338.jpg 450w, https:\/\/eldigitaldeasturias.com\/magazine365\/wp-content\/uploads\/2015\/06\/fotonoticia_20150619165923_800-80x60.jpg 80w, https:\/\/eldigitaldeasturias.com\/magazine365\/wp-content\/uploads\/2015\/06\/fotonoticia_20150619165923_800-265x198.jpg 265w, https:\/\/eldigitaldeasturias.com\/magazine365\/wp-content\/uploads\/2015\/06\/fotonoticia_20150619165923_800-696x522.jpg 696w, https:\/\/eldigitaldeasturias.com\/magazine365\/wp-content\/uploads\/2015\/06\/fotonoticia_20150619165923_800-560x420.jpg 560w, https:\/\/eldigitaldeasturias.com\/magazine365\/wp-content\/uploads\/2015\/06\/fotonoticia_20150619165923_800-90x67.jpg 90w, https:\/\/eldigitaldeasturias.com\/magazine365\/wp-content\/uploads\/2015\/06\/fotonoticia_20150619165923_800-100x75.jpg 100w, https:\/\/eldigitaldeasturias.com\/magazine365\/wp-content\/uploads\/2015\/06\/fotonoticia_20150619165923_800.jpg 800w\" sizes=\"(max-width: 360px) 100vw, 360px\" \/>Turespa\u00f1a ha presentado la ciudad de Sevilla como destino de negocios en la ciudad alemana de D\u00fcsseldorf, seg\u00fan ha informado el Instituto de Turismo en Espa\u00f1a en un comunicado.<\/p>\n<p>Aprovechando las conexiones directas entre Sevilla y los aeropuertos de Frankfurt (Lufthansa), M\u00fanich (Lufthansa) y D\u00fcsseldorf (SunExpress), Turespa\u00f1a ha organizado esta semana una presentaci\u00f3n profesional de Sevilla a cargo del Sevilla Congress &amp; Convention Bureau en el Hotel Meli\u00e1 D\u00fcsseldorf.<\/p>\n<p>De este modo, veinte especialistas en MICE de la zona de D\u00fcsseldorf-Colonia, as\u00ed como 5 empresas de Sevilla y responsables del Sevilla CB han participado en el evento. Entre los presentes se encontraba tambi\u00e9n el c\u00f3nsul general de Espa\u00f1a en D\u00fcsseldorf, Francisco Aguilera.<\/p>\n<p>La jornada comenz\u00f3 con un networking entre los especialistas en MICE invitados a la reuni\u00f3n y los miembros del Sevilla Congress &amp; Convention Bureau.<\/p>\n<p>Por su parte, el director del Sevilla Congress &amp; Convention Bureau, Manuel Mac\u00edas, ha realizado la presentaci\u00f3n &#8216;Sevilla Meetings Experience&#8217; sobre turismo de negocios.<\/p>\n<p>Con esta presentaci\u00f3n profesional, Sevilla ha cerrado un recorrido que comenz\u00f3 en Manchester y continu\u00f3 el mi\u00e9rcoles 17 de junio en M\u00fanich, donde 30 asistentes profesionales acudieron a la convocatoria de la OET dirigida por \u00c1lvaro Blanco.<\/p>\n<p>ALEMANIA SUPONE EL 12% DEL TURISMO DE NEGOCIOS.<\/p>\n<p>El organismo de turismo espa\u00f1ol ha destacado en el evento que los viajes de negocio de los alemanes a Espa\u00f1a aumentaron un 13,4% en 2014 con respecto al a\u00f1o anterior. Adem\u00e1s, Alemania supone el 12% del segmento MICE que visita nuestro pa\u00eds.<\/p>\n<p>Por otro lado, de acuerdo con el ICAA (International Congress and Convention Association), Turespa\u00f1a ha se\u00f1alado que Espa\u00f1a ocupa la tercera posici\u00f3n mundial en n\u00famero de congresos y eventos organizados, por detr\u00e1s de Estados Unidos y Alemania.<\/p>\n","protected":false},"excerpt":{"rendered":"<p>Turespa\u00f1a ha presentado la ciudad de Sevilla como destino de negocios en la ciudad alemana de D\u00fcsseldorf, seg\u00fan ha informado el Instituto de Turismo en Espa\u00f1a en un comunicado. Aprovechando las conexiones directas entre Sevilla y los aeropuertos de Frankfurt (Lufthansa), M\u00fanich (Lufthansa) y D\u00fcsseldorf (SunExpress), Turespa\u00f1a ha organizado esta semana una presentaci\u00f3n profesional de<\/p>\n","protected":false},"author":1,"featured_media":40449,"comment_status":"open","ping_status":"closed","sticky":false,"template":"","format":"standard","meta":{"footnotes":""},"categories":[222],"tags":[],"class_list":{"0":"post-40448","1":"post","2":"type-post","3":"status-publish","4":"format-standard","5":"has-post-thumbnail","7":"category-actualidad-turismo"},"aioseo_notices":[],"aioseo_head":"\n\t\t<!-- All in One SEO Pro 4.9.6.1 - aioseo.com -->\n\t<meta name=\"description\" content=\"Turespa\u00f1a ha presentado la ciudad de Sevilla como destino de negocios en la ciudad alemana de D\u00fcsseldorf, seg\u00fan ha informado el Instituto de Turismo en Espa\u00f1a en un comunicado. Aprovechando las conexiones directas entre Sevilla y los aeropuertos de Frankfurt (Lufthansa), M\u00fanich (Lufthansa) y D\u00fcsseldorf (SunExpress), Turespa\u00f1a ha organizado esta semana una presentaci\u00f3n profesional de\" \/>\n\t<meta name=\"robots\" content=\"max-image-preview:large\" \/>\n\t<meta name=\"author\" content=\"admin\"\/>\n\t<meta name=\"google-site-verification\" content=\"UA-38556648-1\" \/>\n\t<meta name=\"keywords\" content=\"actualidad turismo\" \/>\n\t<link rel=\"canonical\" href=\"https:\/\/eldigitaldeasturias.com\/magazine365\/turespana-presenta-sevilla-como-destino-de-negocios-en-dusseldorf\/\" \/>\n\t<meta name=\"generator\" content=\"All in One SEO Pro (AIOSEO) 4.9.6.1\" \/>\n\t\t<meta property=\"og:locale\" content=\"es_ES\" \/>\n\t\t<meta property=\"og:site_name\" content=\"El Digital de Asturias \u2013 Revista de ocio, turismo y estilo de vida\" \/>\n\t\t<meta property=\"og:type\" content=\"article\" \/>\n\t\t<meta property=\"og:title\" content=\"Turespa\u00f1a presenta Sevilla como destino de negocios en D\u00fcsseldorf | El Digital de Asturias\" \/>\n\t\t<meta property=\"og:description\" content=\"Turespa\u00f1a ha presentado la ciudad de Sevilla como destino de negocios en la ciudad alemana de D\u00fcsseldorf, seg\u00fan ha informado el Instituto de Turismo en Espa\u00f1a en un comunicado. Aprovechando las conexiones directas entre Sevilla y los aeropuertos de Frankfurt (Lufthansa), M\u00fanich (Lufthansa) y D\u00fcsseldorf (SunExpress), Turespa\u00f1a ha organizado esta semana una presentaci\u00f3n profesional de\" \/>\n\t\t<meta property=\"og:url\" content=\"https:\/\/eldigitaldeasturias.com\/magazine365\/turespana-presenta-sevilla-como-destino-de-negocios-en-dusseldorf\/\" \/>\n\t\t<meta property=\"og:image\" content=\"https:\/\/eldigitaldeasturias.com\/magazine365\/wp-content\/uploads\/2015\/06\/fotonoticia_20150619165923_800.jpg\" \/>\n\t\t<meta property=\"og:image:secure_url\" content=\"https:\/\/eldigitaldeasturias.com\/magazine365\/wp-content\/uploads\/2015\/06\/fotonoticia_20150619165923_800.jpg\" \/>\n\t\t<meta property=\"og:image:width\" content=\"800\" \/>\n\t\t<meta property=\"og:image:height\" content=\"600\" \/>\n\t\t<meta property=\"article:published_time\" content=\"2015-06-20T08:55:16+00:00\" \/>\n\t\t<meta property=\"article:modified_time\" content=\"2015-06-20T08:55:16+00:00\" \/>\n\t\t<meta name=\"twitter:card\" content=\"summary_large_image\" \/>\n\t\t<meta name=\"twitter:title\" content=\"Turespa\u00f1a presenta Sevilla como destino de negocios en D\u00fcsseldorf | El Digital de Asturias\" \/>\n\t\t<meta name=\"twitter:description\" content=\"Turespa\u00f1a ha presentado la ciudad de Sevilla como destino de negocios en la ciudad alemana de D\u00fcsseldorf, seg\u00fan ha informado el Instituto de Turismo en Espa\u00f1a en un comunicado. Aprovechando las conexiones directas entre Sevilla y los aeropuertos de Frankfurt (Lufthansa), M\u00fanich (Lufthansa) y D\u00fcsseldorf (SunExpress), Turespa\u00f1a ha organizado esta semana una presentaci\u00f3n profesional de\" \/>\n\t\t<meta name=\"twitter:image\" content=\"https:\/\/eldigitaldeasturias.com\/magazine365\/wp-content\/uploads\/2015\/06\/fotonoticia_20150619165923_800.jpg\" \/>\n\t\t<script type=\"application\/ld+json\" class=\"aioseo-schema\">\n\t\t\t{\"@context\":\"https:\\\/\\\/schema.org\",\"@graph\":[{\"@type\":\"Article\",\"@id\":\"https:\\\/\\\/eldigitaldeasturias.com\\\/magazine365\\\/turespana-presenta-sevilla-como-destino-de-negocios-en-dusseldorf\\\/#article\",\"name\":\"Turespa\\u00f1a presenta Sevilla como destino de negocios en D\\u00fcsseldorf | El Digital de Asturias\",\"headline\":\"Turespa\\u00f1a presenta Sevilla como destino de negocios en D\\u00fcsseldorf\",\"author\":{\"@id\":\"https:\\\/\\\/eldigitaldeasturias.com\\\/magazine365\\\/author\\\/admin\\\/#author\"},\"publisher\":{\"@id\":\"https:\\\/\\\/eldigitaldeasturias.com\\\/magazine365\\\/#organization\"},\"image\":{\"@type\":\"ImageObject\",\"url\":\"https:\\\/\\\/eldigitaldeasturias.com\\\/magazine365\\\/wp-content\\\/uploads\\\/2015\\\/06\\\/fotonoticia_20150619165923_800.jpg\",\"width\":800,\"height\":600},\"datePublished\":\"2015-06-20T10:25:16+02:00\",\"dateModified\":\"2015-06-20T10:25:16+02:00\",\"inLanguage\":\"es-ES\",\"mainEntityOfPage\":{\"@id\":\"https:\\\/\\\/eldigitaldeasturias.com\\\/magazine365\\\/turespana-presenta-sevilla-como-destino-de-negocios-en-dusseldorf\\\/#webpage\"},\"isPartOf\":{\"@id\":\"https:\\\/\\\/eldigitaldeasturias.com\\\/magazine365\\\/turespana-presenta-sevilla-como-destino-de-negocios-en-dusseldorf\\\/#webpage\"},\"articleSection\":\"Actualidad Turismo\"},{\"@type\":\"BreadcrumbList\",\"@id\":\"https:\\\/\\\/eldigitaldeasturias.com\\\/magazine365\\\/turespana-presenta-sevilla-como-destino-de-negocios-en-dusseldorf\\\/#breadcrumblist\",\"itemListElement\":[{\"@type\":\"ListItem\",\"@id\":\"https:\\\/\\\/eldigitaldeasturias.com\\\/magazine365#listItem\",\"position\":1,\"name\":\"Home\",\"item\":\"https:\\\/\\\/eldigitaldeasturias.com\\\/magazine365\",\"nextItem\":{\"@type\":\"ListItem\",\"@id\":\"https:\\\/\\\/eldigitaldeasturias.com\\\/magazine365\\\/category\\\/actualidad-turismo\\\/#listItem\",\"name\":\"Actualidad Turismo\"}},{\"@type\":\"ListItem\",\"@id\":\"https:\\\/\\\/eldigitaldeasturias.com\\\/magazine365\\\/category\\\/actualidad-turismo\\\/#listItem\",\"position\":2,\"name\":\"Actualidad Turismo\",\"item\":\"https:\\\/\\\/eldigitaldeasturias.com\\\/magazine365\\\/category\\\/actualidad-turismo\\\/\",\"nextItem\":{\"@type\":\"ListItem\",\"@id\":\"https:\\\/\\\/eldigitaldeasturias.com\\\/magazine365\\\/turespana-presenta-sevilla-como-destino-de-negocios-en-dusseldorf\\\/#listItem\",\"name\":\"Turespa\\u00f1a presenta Sevilla como destino de negocios en D\\u00fcsseldorf\"},\"previousItem\":{\"@type\":\"ListItem\",\"@id\":\"https:\\\/\\\/eldigitaldeasturias.com\\\/magazine365#listItem\",\"name\":\"Home\"}},{\"@type\":\"ListItem\",\"@id\":\"https:\\\/\\\/eldigitaldeasturias.com\\\/magazine365\\\/turespana-presenta-sevilla-como-destino-de-negocios-en-dusseldorf\\\/#listItem\",\"position\":3,\"name\":\"Turespa\\u00f1a presenta Sevilla como destino de negocios en D\\u00fcsseldorf\",\"previousItem\":{\"@type\":\"ListItem\",\"@id\":\"https:\\\/\\\/eldigitaldeasturias.com\\\/magazine365\\\/category\\\/actualidad-turismo\\\/#listItem\",\"name\":\"Actualidad Turismo\"}}]},{\"@type\":\"Organization\",\"@id\":\"https:\\\/\\\/eldigitaldeasturias.com\\\/magazine365\\\/#organization\",\"name\":\"El digital de Asturias\",\"description\":\"Revista de ocio, turismo y estilo de vida\",\"url\":\"https:\\\/\\\/eldigitaldeasturias.com\\\/magazine365\\\/\",\"logo\":{\"@type\":\"ImageObject\",\"url\":\"https:\\\/\\\/www.eldigitaldeasturias.com\\\/noticias\\\/wp-content\\\/uploads\\\/2020\\\/12\\\/EDA.jpg\",\"@id\":\"https:\\\/\\\/eldigitaldeasturias.com\\\/magazine365\\\/turespana-presenta-sevilla-como-destino-de-negocios-en-dusseldorf\\\/#organizationLogo\"},\"image\":{\"@id\":\"https:\\\/\\\/eldigitaldeasturias.com\\\/magazine365\\\/turespana-presenta-sevilla-como-destino-de-negocios-en-dusseldorf\\\/#organizationLogo\"}},{\"@type\":\"Person\",\"@id\":\"https:\\\/\\\/eldigitaldeasturias.com\\\/magazine365\\\/author\\\/admin\\\/#author\",\"url\":\"https:\\\/\\\/eldigitaldeasturias.com\\\/magazine365\\\/author\\\/admin\\\/\",\"name\":\"admin\",\"image\":{\"@type\":\"ImageObject\",\"@id\":\"https:\\\/\\\/eldigitaldeasturias.com\\\/magazine365\\\/turespana-presenta-sevilla-como-destino-de-negocios-en-dusseldorf\\\/#authorImage\",\"url\":\"https:\\\/\\\/eldigitaldeasturias.com\\\/magazine365\\\/wp-content\\\/litespeed\\\/avatar\\\/e571bcf59a0edd6fa6838245a470f2fe.jpg?ver=1777574230\",\"width\":96,\"height\":96,\"caption\":\"admin\"}},{\"@type\":\"WebPage\",\"@id\":\"https:\\\/\\\/eldigitaldeasturias.com\\\/magazine365\\\/turespana-presenta-sevilla-como-destino-de-negocios-en-dusseldorf\\\/#webpage\",\"url\":\"https:\\\/\\\/eldigitaldeasturias.com\\\/magazine365\\\/turespana-presenta-sevilla-como-destino-de-negocios-en-dusseldorf\\\/\",\"name\":\"Turespa\\u00f1a presenta Sevilla como destino de negocios en D\\u00fcsseldorf | El Digital de Asturias\",\"description\":\"Turespa\\u00f1a ha presentado la ciudad de Sevilla como destino de negocios en la ciudad alemana de D\\u00fcsseldorf, seg\\u00fan ha informado el Instituto de Turismo en Espa\\u00f1a en un comunicado. Aprovechando las conexiones directas entre Sevilla y los aeropuertos de Frankfurt (Lufthansa), M\\u00fanich (Lufthansa) y D\\u00fcsseldorf (SunExpress), Turespa\\u00f1a ha organizado esta semana una presentaci\\u00f3n profesional de\",\"inLanguage\":\"es-ES\",\"isPartOf\":{\"@id\":\"https:\\\/\\\/eldigitaldeasturias.com\\\/magazine365\\\/#website\"},\"breadcrumb\":{\"@id\":\"https:\\\/\\\/eldigitaldeasturias.com\\\/magazine365\\\/turespana-presenta-sevilla-como-destino-de-negocios-en-dusseldorf\\\/#breadcrumblist\"},\"author\":{\"@id\":\"https:\\\/\\\/eldigitaldeasturias.com\\\/magazine365\\\/author\\\/admin\\\/#author\"},\"creator\":{\"@id\":\"https:\\\/\\\/eldigitaldeasturias.com\\\/magazine365\\\/author\\\/admin\\\/#author\"},\"image\":{\"@type\":\"ImageObject\",\"url\":\"https:\\\/\\\/eldigitaldeasturias.com\\\/magazine365\\\/wp-content\\\/uploads\\\/2015\\\/06\\\/fotonoticia_20150619165923_800.jpg\",\"@id\":\"https:\\\/\\\/eldigitaldeasturias.com\\\/magazine365\\\/turespana-presenta-sevilla-como-destino-de-negocios-en-dusseldorf\\\/#mainImage\",\"width\":800,\"height\":600},\"primaryImageOfPage\":{\"@id\":\"https:\\\/\\\/eldigitaldeasturias.com\\\/magazine365\\\/turespana-presenta-sevilla-como-destino-de-negocios-en-dusseldorf\\\/#mainImage\"},\"datePublished\":\"2015-06-20T10:25:16+02:00\",\"dateModified\":\"2015-06-20T10:25:16+02:00\"},{\"@type\":\"WebSite\",\"@id\":\"https:\\\/\\\/eldigitaldeasturias.com\\\/magazine365\\\/#website\",\"url\":\"https:\\\/\\\/eldigitaldeasturias.com\\\/magazine365\\\/\",\"name\":\"El Digital de Asturias\",\"description\":\"Revista de ocio, turismo y estilo de vida\",\"inLanguage\":\"es-ES\",\"publisher\":{\"@id\":\"https:\\\/\\\/eldigitaldeasturias.com\\\/magazine365\\\/#organization\"}}]}\n\t\t<\/script>\n\t\t<!-- All in One SEO Pro -->\r\n\t\t<title>Turespa\u00f1a presenta Sevilla como destino de negocios en D\u00fcsseldorf | El Digital de Asturias<\/title>\n\n","aioseo_head_json":{"title":"Turespa\u00f1a presenta Sevilla como destino de negocios en D\u00fcsseldorf | El Digital de Asturias","description":"Turespa\u00f1a ha presentado la ciudad de Sevilla como destino de negocios en la ciudad alemana de D\u00fcsseldorf, seg\u00fan ha informado el Instituto de Turismo en Espa\u00f1a en un comunicado. Aprovechando las conexiones directas entre Sevilla y los aeropuertos de Frankfurt (Lufthansa), M\u00fanich (Lufthansa) y D\u00fcsseldorf (SunExpress), Turespa\u00f1a ha organizado esta semana una presentaci\u00f3n profesional de","canonical_url":"https:\/\/eldigitaldeasturias.com\/magazine365\/turespana-presenta-sevilla-como-destino-de-negocios-en-dusseldorf\/","robots":"max-image-preview:large","keywords":"actualidad turismo","webmasterTools":{"google-site-verification":"UA-38556648-1","miscellaneous":""},"schema":{"@context":"https:\/\/schema.org","@graph":[{"@type":"Article","@id":"https:\/\/eldigitaldeasturias.com\/magazine365\/turespana-presenta-sevilla-como-destino-de-negocios-en-dusseldorf\/#article","name":"Turespa\u00f1a presenta Sevilla como destino de negocios en D\u00fcsseldorf | El Digital de Asturias","headline":"Turespa\u00f1a presenta Sevilla como destino de negocios en D\u00fcsseldorf","author":{"@id":"https:\/\/eldigitaldeasturias.com\/magazine365\/author\/admin\/#author"},"publisher":{"@id":"https:\/\/eldigitaldeasturias.com\/magazine365\/#organization"},"image":{"@type":"ImageObject","url":"https:\/\/eldigitaldeasturias.com\/magazine365\/wp-content\/uploads\/2015\/06\/fotonoticia_20150619165923_800.jpg","width":800,"height":600},"datePublished":"2015-06-20T10:25:16+02:00","dateModified":"2015-06-20T10:25:16+02:00","inLanguage":"es-ES","mainEntityOfPage":{"@id":"https:\/\/eldigitaldeasturias.com\/magazine365\/turespana-presenta-sevilla-como-destino-de-negocios-en-dusseldorf\/#webpage"},"isPartOf":{"@id":"https:\/\/eldigitaldeasturias.com\/magazine365\/turespana-presenta-sevilla-como-destino-de-negocios-en-dusseldorf\/#webpage"},"articleSection":"Actualidad Turismo"},{"@type":"BreadcrumbList","@id":"https:\/\/eldigitaldeasturias.com\/magazine365\/turespana-presenta-sevilla-como-destino-de-negocios-en-dusseldorf\/#breadcrumblist","itemListElement":[{"@type":"ListItem","@id":"https:\/\/eldigitaldeasturias.com\/magazine365#listItem","position":1,"name":"Home","item":"https:\/\/eldigitaldeasturias.com\/magazine365","nextItem":{"@type":"ListItem","@id":"https:\/\/eldigitaldeasturias.com\/magazine365\/category\/actualidad-turismo\/#listItem","name":"Actualidad Turismo"}},{"@type":"ListItem","@id":"https:\/\/eldigitaldeasturias.com\/magazine365\/category\/actualidad-turismo\/#listItem","position":2,"name":"Actualidad Turismo","item":"https:\/\/eldigitaldeasturias.com\/magazine365\/category\/actualidad-turismo\/","nextItem":{"@type":"ListItem","@id":"https:\/\/eldigitaldeasturias.com\/magazine365\/turespana-presenta-sevilla-como-destino-de-negocios-en-dusseldorf\/#listItem","name":"Turespa\u00f1a presenta Sevilla como destino de negocios en D\u00fcsseldorf"},"previousItem":{"@type":"ListItem","@id":"https:\/\/eldigitaldeasturias.com\/magazine365#listItem","name":"Home"}},{"@type":"ListItem","@id":"https:\/\/eldigitaldeasturias.com\/magazine365\/turespana-presenta-sevilla-como-destino-de-negocios-en-dusseldorf\/#listItem","position":3,"name":"Turespa\u00f1a presenta Sevilla como destino de negocios en D\u00fcsseldorf","previousItem":{"@type":"ListItem","@id":"https:\/\/eldigitaldeasturias.com\/magazine365\/category\/actualidad-turismo\/#listItem","name":"Actualidad Turismo"}}]},{"@type":"Organization","@id":"https:\/\/eldigitaldeasturias.com\/magazine365\/#organization","name":"El digital de Asturias","description":"Revista de ocio, turismo y estilo de vida","url":"https:\/\/eldigitaldeasturias.com\/magazine365\/","logo":{"@type":"ImageObject","url":"https:\/\/www.eldigitaldeasturias.com\/noticias\/wp-content\/uploads\/2020\/12\/EDA.jpg","@id":"https:\/\/eldigitaldeasturias.com\/magazine365\/turespana-presenta-sevilla-como-destino-de-negocios-en-dusseldorf\/#organizationLogo"},"image":{"@id":"https:\/\/eldigitaldeasturias.com\/magazine365\/turespana-presenta-sevilla-como-destino-de-negocios-en-dusseldorf\/#organizationLogo"}},{"@type":"Person","@id":"https:\/\/eldigitaldeasturias.com\/magazine365\/author\/admin\/#author","url":"https:\/\/eldigitaldeasturias.com\/magazine365\/author\/admin\/","name":"admin","image":{"@type":"ImageObject","@id":"https:\/\/eldigitaldeasturias.com\/magazine365\/turespana-presenta-sevilla-como-destino-de-negocios-en-dusseldorf\/#authorImage","url":"https:\/\/eldigitaldeasturias.com\/magazine365\/wp-content\/litespeed\/avatar\/e571bcf59a0edd6fa6838245a470f2fe.jpg?ver=1777574230","width":96,"height":96,"caption":"admin"}},{"@type":"WebPage","@id":"https:\/\/eldigitaldeasturias.com\/magazine365\/turespana-presenta-sevilla-como-destino-de-negocios-en-dusseldorf\/#webpage","url":"https:\/\/eldigitaldeasturias.com\/magazine365\/turespana-presenta-sevilla-como-destino-de-negocios-en-dusseldorf\/","name":"Turespa\u00f1a presenta Sevilla como destino de negocios en D\u00fcsseldorf | El Digital de Asturias","description":"Turespa\u00f1a ha presentado la ciudad de Sevilla como destino de negocios en la ciudad alemana de D\u00fcsseldorf, seg\u00fan ha informado el Instituto de Turismo en Espa\u00f1a en un comunicado. Aprovechando las conexiones directas entre Sevilla y los aeropuertos de Frankfurt (Lufthansa), M\u00fanich (Lufthansa) y D\u00fcsseldorf (SunExpress), Turespa\u00f1a ha organizado esta semana una presentaci\u00f3n profesional de","inLanguage":"es-ES","isPartOf":{"@id":"https:\/\/eldigitaldeasturias.com\/magazine365\/#website"},"breadcrumb":{"@id":"https:\/\/eldigitaldeasturias.com\/magazine365\/turespana-presenta-sevilla-como-destino-de-negocios-en-dusseldorf\/#breadcrumblist"},"author":{"@id":"https:\/\/eldigitaldeasturias.com\/magazine365\/author\/admin\/#author"},"creator":{"@id":"https:\/\/eldigitaldeasturias.com\/magazine365\/author\/admin\/#author"},"image":{"@type":"ImageObject","url":"https:\/\/eldigitaldeasturias.com\/magazine365\/wp-content\/uploads\/2015\/06\/fotonoticia_20150619165923_800.jpg","@id":"https:\/\/eldigitaldeasturias.com\/magazine365\/turespana-presenta-sevilla-como-destino-de-negocios-en-dusseldorf\/#mainImage","width":800,"height":600},"primaryImageOfPage":{"@id":"https:\/\/eldigitaldeasturias.com\/magazine365\/turespana-presenta-sevilla-como-destino-de-negocios-en-dusseldorf\/#mainImage"},"datePublished":"2015-06-20T10:25:16+02:00","dateModified":"2015-06-20T10:25:16+02:00"},{"@type":"WebSite","@id":"https:\/\/eldigitaldeasturias.com\/magazine365\/#website","url":"https:\/\/eldigitaldeasturias.com\/magazine365\/","name":"El Digital de Asturias","description":"Revista de ocio, turismo y estilo de vida","inLanguage":"es-ES","publisher":{"@id":"https:\/\/eldigitaldeasturias.com\/magazine365\/#organization"}}]},"og:locale":"es_ES","og:site_name":"El Digital de Asturias \u2013 Revista de ocio, turismo y estilo de vida","og:type":"article","og:title":"Turespa\u00f1a presenta Sevilla como destino de negocios en D\u00fcsseldorf | El Digital de Asturias","og:description":"Turespa\u00f1a ha presentado la ciudad de Sevilla como destino de negocios en la ciudad alemana de D\u00fcsseldorf, seg\u00fan ha informado el Instituto de Turismo en Espa\u00f1a en un comunicado. Aprovechando las conexiones directas entre Sevilla y los aeropuertos de Frankfurt (Lufthansa), M\u00fanich (Lufthansa) y D\u00fcsseldorf (SunExpress), Turespa\u00f1a ha organizado esta semana una presentaci\u00f3n profesional de","og:url":"https:\/\/eldigitaldeasturias.com\/magazine365\/turespana-presenta-sevilla-como-destino-de-negocios-en-dusseldorf\/","og:image":"https:\/\/eldigitaldeasturias.com\/magazine365\/wp-content\/uploads\/2015\/06\/fotonoticia_20150619165923_800.jpg","og:image:secure_url":"https:\/\/eldigitaldeasturias.com\/magazine365\/wp-content\/uploads\/2015\/06\/fotonoticia_20150619165923_800.jpg","og:image:width":800,"og:image:height":600,"article:published_time":"2015-06-20T08:55:16+00:00","article:modified_time":"2015-06-20T08:55:16+00:00","twitter:card":"summary_large_image","twitter:title":"Turespa\u00f1a presenta Sevilla como destino de negocios en D\u00fcsseldorf | El Digital de Asturias","twitter:description":"Turespa\u00f1a ha presentado la ciudad de Sevilla como destino de negocios en la ciudad alemana de D\u00fcsseldorf, seg\u00fan ha informado el Instituto de Turismo en Espa\u00f1a en un comunicado. Aprovechando las conexiones directas entre Sevilla y los aeropuertos de Frankfurt (Lufthansa), M\u00fanich (Lufthansa) y D\u00fcsseldorf (SunExpress), Turespa\u00f1a ha organizado esta semana una presentaci\u00f3n profesional de","twitter:image":"https:\/\/eldigitaldeasturias.com\/magazine365\/wp-content\/uploads\/2015\/06\/fotonoticia_20150619165923_800.jpg"},"aioseo_meta_data":{"post_id":"40448","title":null,"description":null,"keywords":null,"keyphrases":null,"primary_term":null,"canonical_url":null,"og_title":null,"og_description":null,"og_object_type":"default","og_image_type":"default","og_image_url":null,"og_image_width":null,"og_image_height":null,"og_image_custom_url":null,"og_image_custom_fields":null,"og_video":null,"og_custom_url":null,"og_article_section":null,"og_article_tags":null,"twitter_use_og":false,"twitter_card":"default","twitter_image_type":"default","twitter_image_url":null,"twitter_image_custom_url":null,"twitter_image_custom_fields":null,"twitter_title":null,"twitter_description":null,"schema":{"blockGraphs":[],"customGraphs":[],"default":{"data":{"Article":[],"Course":[],"Dataset":[],"FAQPage":[],"Movie":[],"Person":[],"Product":[],"ProductReview":[],"Car":[],"Recipe":[],"Service":[],"SoftwareApplication":[],"WebPage":[]},"graphName":"","isEnabled":true},"graphs":[],"defaultGraph":"","defaultPostTypeGraph":""},"schema_type":null,"schema_type_options":null,"pillar_content":false,"robots_default":true,"robots_noindex":false,"robots_noarchive":false,"robots_nosnippet":false,"robots_nofollow":false,"robots_noimageindex":false,"robots_noodp":false,"robots_notranslate":false,"robots_max_snippet":null,"robots_max_videopreview":null,"robots_max_imagepreview":"large","priority":null,"frequency":null,"location":null,"local_seo":null,"seo_analyzer_scan_date":"2025-09-19 13:32:37","breadcrumb_settings":null,"limit_modified_date":false,"open_ai":null,"ai":null,"created":"2021-03-09 02:28:42","updated":"2025-09-19 13:32:37"},"aioseo_breadcrumb":"<div class=\"aioseo-breadcrumbs\"><span class=\"aioseo-breadcrumb\">\n\t<a href=\"https:\/\/eldigitaldeasturias.com\/magazine365\" title=\"Home\">Home<\/a>\n<\/span><span class=\"aioseo-breadcrumb-separator\">\u2013<\/span><span class=\"aioseo-breadcrumb\">\n\t<a href=\"https:\/\/eldigitaldeasturias.com\/magazine365\/category\/actualidad-turismo\/\" title=\"Actualidad Turismo\">Actualidad Turismo<\/a>\n<\/span><span class=\"aioseo-breadcrumb-separator\">\u2013<\/span><span class=\"aioseo-breadcrumb\">\n\t<a href=\"https:\/\/eldigitaldeasturias.com\/magazine365\/turespana-presenta-sevilla-como-destino-de-negocios-en-dusseldorf\/\" title=\"Turespa\u00f1a presenta Sevilla como destino de negocios en D\u00fcsseldorf\">Turespa\u00f1a presenta Sevilla como destino de negocios en D\u00fcsseldorf<\/a>\n<\/span><\/div>","aioseo_breadcrumb_json":[{"label":"Home","link":"https:\/\/eldigitaldeasturias.com\/magazine365"},{"label":"Actualidad Turismo","link":"https:\/\/eldigitaldeasturias.com\/magazine365\/category\/actualidad-turismo\/"},{"label":"Turespa\u00f1a presenta Sevilla como destino de negocios en D\u00fcsseldorf","link":"https:\/\/eldigitaldeasturias.com\/magazine365\/turespana-presenta-sevilla-como-destino-de-negocios-en-dusseldorf\/"}],"_links":{"self":[{"href":"https:\/\/eldigitaldeasturias.com\/magazine365\/wp-json\/wp\/v2\/posts\/40448","targetHints":{"allow":["GET"]}}],"collection":[{"href":"https:\/\/eldigitaldeasturias.com\/magazine365\/wp-json\/wp\/v2\/posts"}],"about":[{"href":"https:\/\/eldigitaldeasturias.com\/magazine365\/wp-json\/wp\/v2\/types\/post"}],"author":[{"embeddable":true,"href":"https:\/\/eldigitaldeasturias.com\/magazine365\/wp-json\/wp\/v2\/users\/1"}],"replies":[{"embeddable":true,"href":"https:\/\/eldigitaldeasturias.com\/magazine365\/wp-json\/wp\/v2\/comments?post=40448"}],"version-history":[{"count":0,"href":"https:\/\/eldigitaldeasturias.com\/magazine365\/wp-json\/wp\/v2\/posts\/40448\/revisions"}],"wp:featuredmedia":[{"embeddable":true,"href":"https:\/\/eldigitaldeasturias.com\/magazine365\/wp-json\/wp\/v2\/media\/40449"}],"wp:attachment":[{"href":"https:\/\/eldigitaldeasturias.com\/magazine365\/wp-json\/wp\/v2\/media?parent=40448"}],"wp:term":[{"taxonomy":"category","embeddable":true,"href":"https:\/\/eldigitaldeasturias.com\/magazine365\/wp-json\/wp\/v2\/categories?post=40448"},{"taxonomy":"post_tag","embeddable":true,"href":"https:\/\/eldigitaldeasturias.com\/magazine365\/wp-json\/wp\/v2\/tags?post=40448"}],"curies":[{"name":"wp","href":"https:\/\/api.w.org\/{rel}","templated":true}]}}