{"id":40442,"date":"2015-06-20T10:18:49","date_gmt":"2015-06-20T08:48:49","guid":{"rendered":"http:\/\/eldigitaldeasturias.com\/magazine365\/?p=40442"},"modified":"2015-06-20T10:18:49","modified_gmt":"2015-06-20T08:48:49","slug":"easyjet-cierra-su-base-en-el-aeropuerto-roma-fuimicino-en-abril-de-2016","status":"publish","type":"post","link":"https:\/\/eldigitaldeasturias.com\/magazine365\/easyjet-cierra-su-base-en-el-aeropuerto-roma-fuimicino-en-abril-de-2016\/","title":{"rendered":"easyJet cierra su base en el aeropuerto Roma Fuimicino en abril de 2016"},"content":{"rendered":"<p><img fetchpriority=\"high\" decoding=\"async\" class=\"alignleft size-medium wp-image-40443\" src=\"https:\/\/eldigitaldeasturias.com\/magazine365\/wp-content\/uploads\/2015\/06\/fotonoticia_20150619161751_800-360x203.jpg\" alt=\"fotonoticia_20150619161751_800\" width=\"360\" height=\"203\" srcset=\"https:\/\/eldigitaldeasturias.com\/magazine365\/wp-content\/uploads\/2015\/06\/fotonoticia_20150619161751_800-360x203.jpg 360w, https:\/\/eldigitaldeasturias.com\/magazine365\/wp-content\/uploads\/2015\/06\/fotonoticia_20150619161751_800-650x366.jpg 650w, https:\/\/eldigitaldeasturias.com\/magazine365\/wp-content\/uploads\/2015\/06\/fotonoticia_20150619161751_800-768x432.jpg 768w, https:\/\/eldigitaldeasturias.com\/magazine365\/wp-content\/uploads\/2015\/06\/fotonoticia_20150619161751_800-150x84.jpg 150w, https:\/\/eldigitaldeasturias.com\/magazine365\/wp-content\/uploads\/2015\/06\/fotonoticia_20150619161751_800-450x253.jpg 450w, https:\/\/eldigitaldeasturias.com\/magazine365\/wp-content\/uploads\/2015\/06\/fotonoticia_20150619161751_800-696x392.jpg 696w, https:\/\/eldigitaldeasturias.com\/magazine365\/wp-content\/uploads\/2015\/06\/fotonoticia_20150619161751_800-747x420.jpg 747w, https:\/\/eldigitaldeasturias.com\/magazine365\/wp-content\/uploads\/2015\/06\/fotonoticia_20150619161751_800-499x280.jpg 499w, https:\/\/eldigitaldeasturias.com\/magazine365\/wp-content\/uploads\/2015\/06\/fotonoticia_20150619161751_800.jpg 800w\" sizes=\"(max-width: 360px) 100vw, 360px\" \/>easyJet cerrar\u00e1 su base de operaciones en el aeropuerto de Roma-Fuimicino en abril de 2016, seg\u00fan ha informado la compa\u00f1\u00eda en un comunicado.<\/p>\n<p>La aerol\u00ednea de bajo coste ha se\u00f1alado que \u00abno habr\u00e1 despidos\u00bb, ya que trasladar\u00e1 al equipo del aeropuerto de Roma a las otras bases italianas. easyJet ha destacado tambi\u00e9n que ofrecer\u00e1 planes de reubicaci\u00f3n y apoyo a todos los empleados.<\/p>\n<p>La noticia ha coincidido con el anuncio por parte de la aerol\u00ednea de la apertura de una nueva base en el aeropuerto de Barcelona-El Prat a partir de febrero de 2016.<\/p>\n<p>Adem\u00e1s, la &#8216;low cost&#8217; brit\u00e1nica ha anunciado que, a partir de abril de 2016, reforzar\u00e1 sus servicios en las ciudades de Mil\u00e1n, N\u00e1poles y Venecia, donde ha afirmado que hay \u00abm\u00e1s rentabilidad\u00bb a largo plazo.<\/p>\n<p>De este modo, easyJet aumentar\u00e1 sus operaciones en el aeropuerto de Mil\u00e1n-Malpensa con tres aviones m\u00e1s, que hacen una suma de 21 aviones en la base de la ciudad italiana.<\/p>\n<p>En el aeropuerto de N\u00e1poles incluir\u00e1 un avi\u00f3n m\u00e1s a la flota de tres aviones con la que cuenta en la base de operaciones napolitana.<\/p>\n<p>Por otro lado, la compa\u00f1\u00eda a\u00e9rea de bajo coste abrir\u00e1 una nueva base en el aeropuerto de Venecia-Marco Polo, incluyendo cuatro aviones con base en el aeropuerto veneciano.<\/p>\n<p>Por \u00faltimo, la &#8216;low cost&#8217; ha anunciado que prev\u00e9 incrementar hasta 29 aviones con base en varios aeropuertos italianos, y ofrecer m\u00e1s de 1.000 puestos de trabajo en el pa\u00eds europeo.<\/p>\n","protected":false},"excerpt":{"rendered":"<p>easyJet cerrar\u00e1 su base de operaciones en el aeropuerto de Roma-Fuimicino en abril de 2016, seg\u00fan ha informado la compa\u00f1\u00eda en un comunicado. La aerol\u00ednea de bajo coste ha se\u00f1alado que \u00abno habr\u00e1 despidos\u00bb, ya que trasladar\u00e1 al equipo del aeropuerto de Roma a las otras bases italianas. easyJet ha destacado tambi\u00e9n que ofrecer\u00e1 planes<\/p>\n","protected":false},"author":1,"featured_media":40443,"comment_status":"open","ping_status":"closed","sticky":false,"template":"","format":"standard","meta":{"footnotes":""},"categories":[222],"tags":[],"class_list":{"0":"post-40442","1":"post","2":"type-post","3":"status-publish","4":"format-standard","5":"has-post-thumbnail","7":"category-actualidad-turismo"},"aioseo_notices":[],"aioseo_head":"\n\t\t<!-- All in One SEO Pro 4.9.6.1 - aioseo.com -->\n\t<meta name=\"description\" content=\"easyJet cerrar\u00e1 su base de operaciones en el aeropuerto de Roma-Fuimicino en abril de 2016, seg\u00fan ha informado la compa\u00f1\u00eda en un comunicado. La aerol\u00ednea de bajo coste ha se\u00f1alado que &quot;no habr\u00e1 despidos&quot;, ya que trasladar\u00e1 al equipo del aeropuerto de Roma a las otras bases italianas. easyJet ha destacado tambi\u00e9n que ofrecer\u00e1 planes\" \/>\n\t<meta name=\"robots\" content=\"max-image-preview:large\" \/>\n\t<meta name=\"author\" content=\"admin\"\/>\n\t<meta name=\"google-site-verification\" content=\"UA-38556648-1\" \/>\n\t<meta name=\"keywords\" content=\"actualidad turismo\" \/>\n\t<link rel=\"canonical\" href=\"https:\/\/eldigitaldeasturias.com\/magazine365\/easyjet-cierra-su-base-en-el-aeropuerto-roma-fuimicino-en-abril-de-2016\/\" \/>\n\t<meta name=\"generator\" content=\"All in One SEO Pro (AIOSEO) 4.9.6.1\" \/>\n\t\t<meta property=\"og:locale\" content=\"es_ES\" \/>\n\t\t<meta property=\"og:site_name\" content=\"El Digital de Asturias \u2013 Revista de ocio, turismo y estilo de vida\" \/>\n\t\t<meta property=\"og:type\" content=\"article\" \/>\n\t\t<meta property=\"og:title\" content=\"easyJet cierra su base en el aeropuerto Roma Fuimicino en abril de 2016 | El Digital de Asturias\" \/>\n\t\t<meta property=\"og:description\" content=\"easyJet cerrar\u00e1 su base de operaciones en el aeropuerto de Roma-Fuimicino en abril de 2016, seg\u00fan ha informado la compa\u00f1\u00eda en un comunicado. La aerol\u00ednea de bajo coste ha se\u00f1alado que &quot;no habr\u00e1 despidos&quot;, ya que trasladar\u00e1 al equipo del aeropuerto de Roma a las otras bases italianas. easyJet ha destacado tambi\u00e9n que ofrecer\u00e1 planes\" \/>\n\t\t<meta property=\"og:url\" content=\"https:\/\/eldigitaldeasturias.com\/magazine365\/easyjet-cierra-su-base-en-el-aeropuerto-roma-fuimicino-en-abril-de-2016\/\" \/>\n\t\t<meta property=\"og:image\" content=\"https:\/\/eldigitaldeasturias.com\/magazine365\/wp-content\/uploads\/2015\/06\/fotonoticia_20150619161751_800.jpg\" \/>\n\t\t<meta property=\"og:image:secure_url\" content=\"https:\/\/eldigitaldeasturias.com\/magazine365\/wp-content\/uploads\/2015\/06\/fotonoticia_20150619161751_800.jpg\" \/>\n\t\t<meta property=\"og:image:width\" content=\"800\" \/>\n\t\t<meta property=\"og:image:height\" content=\"450\" \/>\n\t\t<meta property=\"article:published_time\" content=\"2015-06-20T08:48:49+00:00\" \/>\n\t\t<meta property=\"article:modified_time\" content=\"2015-06-20T08:48:49+00:00\" \/>\n\t\t<meta name=\"twitter:card\" content=\"summary_large_image\" \/>\n\t\t<meta name=\"twitter:title\" content=\"easyJet cierra su base en el aeropuerto Roma Fuimicino en abril de 2016 | El Digital de Asturias\" \/>\n\t\t<meta name=\"twitter:description\" content=\"easyJet cerrar\u00e1 su base de operaciones en el aeropuerto de Roma-Fuimicino en abril de 2016, seg\u00fan ha informado la compa\u00f1\u00eda en un comunicado. La aerol\u00ednea de bajo coste ha se\u00f1alado que &quot;no habr\u00e1 despidos&quot;, ya que trasladar\u00e1 al equipo del aeropuerto de Roma a las otras bases italianas. easyJet ha destacado tambi\u00e9n que ofrecer\u00e1 planes\" \/>\n\t\t<meta name=\"twitter:image\" content=\"https:\/\/eldigitaldeasturias.com\/magazine365\/wp-content\/uploads\/2015\/06\/fotonoticia_20150619161751_800.jpg\" \/>\n\t\t<script type=\"application\/ld+json\" class=\"aioseo-schema\">\n\t\t\t{\"@context\":\"https:\\\/\\\/schema.org\",\"@graph\":[{\"@type\":\"Article\",\"@id\":\"https:\\\/\\\/eldigitaldeasturias.com\\\/magazine365\\\/easyjet-cierra-su-base-en-el-aeropuerto-roma-fuimicino-en-abril-de-2016\\\/#article\",\"name\":\"easyJet cierra su base en el aeropuerto Roma Fuimicino en abril de 2016 | El Digital de Asturias\",\"headline\":\"easyJet cierra su base en el aeropuerto Roma Fuimicino en abril de 2016\",\"author\":{\"@id\":\"https:\\\/\\\/eldigitaldeasturias.com\\\/magazine365\\\/author\\\/admin\\\/#author\"},\"publisher\":{\"@id\":\"https:\\\/\\\/eldigitaldeasturias.com\\\/magazine365\\\/#organization\"},\"image\":{\"@type\":\"ImageObject\",\"url\":\"https:\\\/\\\/eldigitaldeasturias.com\\\/magazine365\\\/wp-content\\\/uploads\\\/2015\\\/06\\\/fotonoticia_20150619161751_800.jpg\",\"width\":800,\"height\":450},\"datePublished\":\"2015-06-20T10:18:49+02:00\",\"dateModified\":\"2015-06-20T10:18:49+02:00\",\"inLanguage\":\"es-ES\",\"mainEntityOfPage\":{\"@id\":\"https:\\\/\\\/eldigitaldeasturias.com\\\/magazine365\\\/easyjet-cierra-su-base-en-el-aeropuerto-roma-fuimicino-en-abril-de-2016\\\/#webpage\"},\"isPartOf\":{\"@id\":\"https:\\\/\\\/eldigitaldeasturias.com\\\/magazine365\\\/easyjet-cierra-su-base-en-el-aeropuerto-roma-fuimicino-en-abril-de-2016\\\/#webpage\"},\"articleSection\":\"Actualidad Turismo\"},{\"@type\":\"BreadcrumbList\",\"@id\":\"https:\\\/\\\/eldigitaldeasturias.com\\\/magazine365\\\/easyjet-cierra-su-base-en-el-aeropuerto-roma-fuimicino-en-abril-de-2016\\\/#breadcrumblist\",\"itemListElement\":[{\"@type\":\"ListItem\",\"@id\":\"https:\\\/\\\/eldigitaldeasturias.com\\\/magazine365#listItem\",\"position\":1,\"name\":\"Home\",\"item\":\"https:\\\/\\\/eldigitaldeasturias.com\\\/magazine365\",\"nextItem\":{\"@type\":\"ListItem\",\"@id\":\"https:\\\/\\\/eldigitaldeasturias.com\\\/magazine365\\\/category\\\/actualidad-turismo\\\/#listItem\",\"name\":\"Actualidad Turismo\"}},{\"@type\":\"ListItem\",\"@id\":\"https:\\\/\\\/eldigitaldeasturias.com\\\/magazine365\\\/category\\\/actualidad-turismo\\\/#listItem\",\"position\":2,\"name\":\"Actualidad Turismo\",\"item\":\"https:\\\/\\\/eldigitaldeasturias.com\\\/magazine365\\\/category\\\/actualidad-turismo\\\/\",\"nextItem\":{\"@type\":\"ListItem\",\"@id\":\"https:\\\/\\\/eldigitaldeasturias.com\\\/magazine365\\\/easyjet-cierra-su-base-en-el-aeropuerto-roma-fuimicino-en-abril-de-2016\\\/#listItem\",\"name\":\"easyJet cierra su base en el aeropuerto Roma Fuimicino en abril de 2016\"},\"previousItem\":{\"@type\":\"ListItem\",\"@id\":\"https:\\\/\\\/eldigitaldeasturias.com\\\/magazine365#listItem\",\"name\":\"Home\"}},{\"@type\":\"ListItem\",\"@id\":\"https:\\\/\\\/eldigitaldeasturias.com\\\/magazine365\\\/easyjet-cierra-su-base-en-el-aeropuerto-roma-fuimicino-en-abril-de-2016\\\/#listItem\",\"position\":3,\"name\":\"easyJet cierra su base en el aeropuerto Roma Fuimicino en abril de 2016\",\"previousItem\":{\"@type\":\"ListItem\",\"@id\":\"https:\\\/\\\/eldigitaldeasturias.com\\\/magazine365\\\/category\\\/actualidad-turismo\\\/#listItem\",\"name\":\"Actualidad Turismo\"}}]},{\"@type\":\"Organization\",\"@id\":\"https:\\\/\\\/eldigitaldeasturias.com\\\/magazine365\\\/#organization\",\"name\":\"El digital de Asturias\",\"description\":\"Revista de ocio, turismo y estilo de vida\",\"url\":\"https:\\\/\\\/eldigitaldeasturias.com\\\/magazine365\\\/\",\"logo\":{\"@type\":\"ImageObject\",\"url\":\"https:\\\/\\\/www.eldigitaldeasturias.com\\\/noticias\\\/wp-content\\\/uploads\\\/2020\\\/12\\\/EDA.jpg\",\"@id\":\"https:\\\/\\\/eldigitaldeasturias.com\\\/magazine365\\\/easyjet-cierra-su-base-en-el-aeropuerto-roma-fuimicino-en-abril-de-2016\\\/#organizationLogo\"},\"image\":{\"@id\":\"https:\\\/\\\/eldigitaldeasturias.com\\\/magazine365\\\/easyjet-cierra-su-base-en-el-aeropuerto-roma-fuimicino-en-abril-de-2016\\\/#organizationLogo\"}},{\"@type\":\"Person\",\"@id\":\"https:\\\/\\\/eldigitaldeasturias.com\\\/magazine365\\\/author\\\/admin\\\/#author\",\"url\":\"https:\\\/\\\/eldigitaldeasturias.com\\\/magazine365\\\/author\\\/admin\\\/\",\"name\":\"admin\",\"image\":{\"@type\":\"ImageObject\",\"@id\":\"https:\\\/\\\/eldigitaldeasturias.com\\\/magazine365\\\/easyjet-cierra-su-base-en-el-aeropuerto-roma-fuimicino-en-abril-de-2016\\\/#authorImage\",\"url\":\"https:\\\/\\\/eldigitaldeasturias.com\\\/magazine365\\\/wp-content\\\/litespeed\\\/avatar\\\/e571bcf59a0edd6fa6838245a470f2fe.jpg?ver=1777574230\",\"width\":96,\"height\":96,\"caption\":\"admin\"}},{\"@type\":\"WebPage\",\"@id\":\"https:\\\/\\\/eldigitaldeasturias.com\\\/magazine365\\\/easyjet-cierra-su-base-en-el-aeropuerto-roma-fuimicino-en-abril-de-2016\\\/#webpage\",\"url\":\"https:\\\/\\\/eldigitaldeasturias.com\\\/magazine365\\\/easyjet-cierra-su-base-en-el-aeropuerto-roma-fuimicino-en-abril-de-2016\\\/\",\"name\":\"easyJet cierra su base en el aeropuerto Roma Fuimicino en abril de 2016 | El Digital de Asturias\",\"description\":\"easyJet cerrar\\u00e1 su base de operaciones en el aeropuerto de Roma-Fuimicino en abril de 2016, seg\\u00fan ha informado la compa\\u00f1\\u00eda en un comunicado. La aerol\\u00ednea de bajo coste ha se\\u00f1alado que \\\"no habr\\u00e1 despidos\\\", ya que trasladar\\u00e1 al equipo del aeropuerto de Roma a las otras bases italianas. easyJet ha destacado tambi\\u00e9n que ofrecer\\u00e1 planes\",\"inLanguage\":\"es-ES\",\"isPartOf\":{\"@id\":\"https:\\\/\\\/eldigitaldeasturias.com\\\/magazine365\\\/#website\"},\"breadcrumb\":{\"@id\":\"https:\\\/\\\/eldigitaldeasturias.com\\\/magazine365\\\/easyjet-cierra-su-base-en-el-aeropuerto-roma-fuimicino-en-abril-de-2016\\\/#breadcrumblist\"},\"author\":{\"@id\":\"https:\\\/\\\/eldigitaldeasturias.com\\\/magazine365\\\/author\\\/admin\\\/#author\"},\"creator\":{\"@id\":\"https:\\\/\\\/eldigitaldeasturias.com\\\/magazine365\\\/author\\\/admin\\\/#author\"},\"image\":{\"@type\":\"ImageObject\",\"url\":\"https:\\\/\\\/eldigitaldeasturias.com\\\/magazine365\\\/wp-content\\\/uploads\\\/2015\\\/06\\\/fotonoticia_20150619161751_800.jpg\",\"@id\":\"https:\\\/\\\/eldigitaldeasturias.com\\\/magazine365\\\/easyjet-cierra-su-base-en-el-aeropuerto-roma-fuimicino-en-abril-de-2016\\\/#mainImage\",\"width\":800,\"height\":450},\"primaryImageOfPage\":{\"@id\":\"https:\\\/\\\/eldigitaldeasturias.com\\\/magazine365\\\/easyjet-cierra-su-base-en-el-aeropuerto-roma-fuimicino-en-abril-de-2016\\\/#mainImage\"},\"datePublished\":\"2015-06-20T10:18:49+02:00\",\"dateModified\":\"2015-06-20T10:18:49+02:00\"},{\"@type\":\"WebSite\",\"@id\":\"https:\\\/\\\/eldigitaldeasturias.com\\\/magazine365\\\/#website\",\"url\":\"https:\\\/\\\/eldigitaldeasturias.com\\\/magazine365\\\/\",\"name\":\"El Digital de Asturias\",\"description\":\"Revista de ocio, turismo y estilo de vida\",\"inLanguage\":\"es-ES\",\"publisher\":{\"@id\":\"https:\\\/\\\/eldigitaldeasturias.com\\\/magazine365\\\/#organization\"}}]}\n\t\t<\/script>\n\t\t<!-- All in One SEO Pro -->\r\n\t\t<title>easyJet cierra su base en el aeropuerto Roma Fuimicino en abril de 2016 | El Digital de Asturias<\/title>\n\n","aioseo_head_json":{"title":"easyJet cierra su base en el aeropuerto Roma Fuimicino en abril de 2016 | El Digital de Asturias","description":"easyJet cerrar\u00e1 su base de operaciones en el aeropuerto de Roma-Fuimicino en abril de 2016, seg\u00fan ha informado la compa\u00f1\u00eda en un comunicado. La aerol\u00ednea de bajo coste ha se\u00f1alado que \"no habr\u00e1 despidos\", ya que trasladar\u00e1 al equipo del aeropuerto de Roma a las otras bases italianas. easyJet ha destacado tambi\u00e9n que ofrecer\u00e1 planes","canonical_url":"https:\/\/eldigitaldeasturias.com\/magazine365\/easyjet-cierra-su-base-en-el-aeropuerto-roma-fuimicino-en-abril-de-2016\/","robots":"max-image-preview:large","keywords":"actualidad turismo","webmasterTools":{"google-site-verification":"UA-38556648-1","miscellaneous":""},"schema":{"@context":"https:\/\/schema.org","@graph":[{"@type":"Article","@id":"https:\/\/eldigitaldeasturias.com\/magazine365\/easyjet-cierra-su-base-en-el-aeropuerto-roma-fuimicino-en-abril-de-2016\/#article","name":"easyJet cierra su base en el aeropuerto Roma Fuimicino en abril de 2016 | El Digital de Asturias","headline":"easyJet cierra su base en el aeropuerto Roma Fuimicino en abril de 2016","author":{"@id":"https:\/\/eldigitaldeasturias.com\/magazine365\/author\/admin\/#author"},"publisher":{"@id":"https:\/\/eldigitaldeasturias.com\/magazine365\/#organization"},"image":{"@type":"ImageObject","url":"https:\/\/eldigitaldeasturias.com\/magazine365\/wp-content\/uploads\/2015\/06\/fotonoticia_20150619161751_800.jpg","width":800,"height":450},"datePublished":"2015-06-20T10:18:49+02:00","dateModified":"2015-06-20T10:18:49+02:00","inLanguage":"es-ES","mainEntityOfPage":{"@id":"https:\/\/eldigitaldeasturias.com\/magazine365\/easyjet-cierra-su-base-en-el-aeropuerto-roma-fuimicino-en-abril-de-2016\/#webpage"},"isPartOf":{"@id":"https:\/\/eldigitaldeasturias.com\/magazine365\/easyjet-cierra-su-base-en-el-aeropuerto-roma-fuimicino-en-abril-de-2016\/#webpage"},"articleSection":"Actualidad Turismo"},{"@type":"BreadcrumbList","@id":"https:\/\/eldigitaldeasturias.com\/magazine365\/easyjet-cierra-su-base-en-el-aeropuerto-roma-fuimicino-en-abril-de-2016\/#breadcrumblist","itemListElement":[{"@type":"ListItem","@id":"https:\/\/eldigitaldeasturias.com\/magazine365#listItem","position":1,"name":"Home","item":"https:\/\/eldigitaldeasturias.com\/magazine365","nextItem":{"@type":"ListItem","@id":"https:\/\/eldigitaldeasturias.com\/magazine365\/category\/actualidad-turismo\/#listItem","name":"Actualidad Turismo"}},{"@type":"ListItem","@id":"https:\/\/eldigitaldeasturias.com\/magazine365\/category\/actualidad-turismo\/#listItem","position":2,"name":"Actualidad Turismo","item":"https:\/\/eldigitaldeasturias.com\/magazine365\/category\/actualidad-turismo\/","nextItem":{"@type":"ListItem","@id":"https:\/\/eldigitaldeasturias.com\/magazine365\/easyjet-cierra-su-base-en-el-aeropuerto-roma-fuimicino-en-abril-de-2016\/#listItem","name":"easyJet cierra su base en el aeropuerto Roma Fuimicino en abril de 2016"},"previousItem":{"@type":"ListItem","@id":"https:\/\/eldigitaldeasturias.com\/magazine365#listItem","name":"Home"}},{"@type":"ListItem","@id":"https:\/\/eldigitaldeasturias.com\/magazine365\/easyjet-cierra-su-base-en-el-aeropuerto-roma-fuimicino-en-abril-de-2016\/#listItem","position":3,"name":"easyJet cierra su base en el aeropuerto Roma Fuimicino en abril de 2016","previousItem":{"@type":"ListItem","@id":"https:\/\/eldigitaldeasturias.com\/magazine365\/category\/actualidad-turismo\/#listItem","name":"Actualidad Turismo"}}]},{"@type":"Organization","@id":"https:\/\/eldigitaldeasturias.com\/magazine365\/#organization","name":"El digital de Asturias","description":"Revista de ocio, turismo y estilo de vida","url":"https:\/\/eldigitaldeasturias.com\/magazine365\/","logo":{"@type":"ImageObject","url":"https:\/\/www.eldigitaldeasturias.com\/noticias\/wp-content\/uploads\/2020\/12\/EDA.jpg","@id":"https:\/\/eldigitaldeasturias.com\/magazine365\/easyjet-cierra-su-base-en-el-aeropuerto-roma-fuimicino-en-abril-de-2016\/#organizationLogo"},"image":{"@id":"https:\/\/eldigitaldeasturias.com\/magazine365\/easyjet-cierra-su-base-en-el-aeropuerto-roma-fuimicino-en-abril-de-2016\/#organizationLogo"}},{"@type":"Person","@id":"https:\/\/eldigitaldeasturias.com\/magazine365\/author\/admin\/#author","url":"https:\/\/eldigitaldeasturias.com\/magazine365\/author\/admin\/","name":"admin","image":{"@type":"ImageObject","@id":"https:\/\/eldigitaldeasturias.com\/magazine365\/easyjet-cierra-su-base-en-el-aeropuerto-roma-fuimicino-en-abril-de-2016\/#authorImage","url":"https:\/\/eldigitaldeasturias.com\/magazine365\/wp-content\/litespeed\/avatar\/e571bcf59a0edd6fa6838245a470f2fe.jpg?ver=1777574230","width":96,"height":96,"caption":"admin"}},{"@type":"WebPage","@id":"https:\/\/eldigitaldeasturias.com\/magazine365\/easyjet-cierra-su-base-en-el-aeropuerto-roma-fuimicino-en-abril-de-2016\/#webpage","url":"https:\/\/eldigitaldeasturias.com\/magazine365\/easyjet-cierra-su-base-en-el-aeropuerto-roma-fuimicino-en-abril-de-2016\/","name":"easyJet cierra su base en el aeropuerto Roma Fuimicino en abril de 2016 | El Digital de Asturias","description":"easyJet cerrar\u00e1 su base de operaciones en el aeropuerto de Roma-Fuimicino en abril de 2016, seg\u00fan ha informado la compa\u00f1\u00eda en un comunicado. La aerol\u00ednea de bajo coste ha se\u00f1alado que \"no habr\u00e1 despidos\", ya que trasladar\u00e1 al equipo del aeropuerto de Roma a las otras bases italianas. easyJet ha destacado tambi\u00e9n que ofrecer\u00e1 planes","inLanguage":"es-ES","isPartOf":{"@id":"https:\/\/eldigitaldeasturias.com\/magazine365\/#website"},"breadcrumb":{"@id":"https:\/\/eldigitaldeasturias.com\/magazine365\/easyjet-cierra-su-base-en-el-aeropuerto-roma-fuimicino-en-abril-de-2016\/#breadcrumblist"},"author":{"@id":"https:\/\/eldigitaldeasturias.com\/magazine365\/author\/admin\/#author"},"creator":{"@id":"https:\/\/eldigitaldeasturias.com\/magazine365\/author\/admin\/#author"},"image":{"@type":"ImageObject","url":"https:\/\/eldigitaldeasturias.com\/magazine365\/wp-content\/uploads\/2015\/06\/fotonoticia_20150619161751_800.jpg","@id":"https:\/\/eldigitaldeasturias.com\/magazine365\/easyjet-cierra-su-base-en-el-aeropuerto-roma-fuimicino-en-abril-de-2016\/#mainImage","width":800,"height":450},"primaryImageOfPage":{"@id":"https:\/\/eldigitaldeasturias.com\/magazine365\/easyjet-cierra-su-base-en-el-aeropuerto-roma-fuimicino-en-abril-de-2016\/#mainImage"},"datePublished":"2015-06-20T10:18:49+02:00","dateModified":"2015-06-20T10:18:49+02:00"},{"@type":"WebSite","@id":"https:\/\/eldigitaldeasturias.com\/magazine365\/#website","url":"https:\/\/eldigitaldeasturias.com\/magazine365\/","name":"El Digital de Asturias","description":"Revista de ocio, turismo y estilo de vida","inLanguage":"es-ES","publisher":{"@id":"https:\/\/eldigitaldeasturias.com\/magazine365\/#organization"}}]},"og:locale":"es_ES","og:site_name":"El Digital de Asturias \u2013 Revista de ocio, turismo y estilo de vida","og:type":"article","og:title":"easyJet cierra su base en el aeropuerto Roma Fuimicino en abril de 2016 | El Digital de Asturias","og:description":"easyJet cerrar\u00e1 su base de operaciones en el aeropuerto de Roma-Fuimicino en abril de 2016, seg\u00fan ha informado la compa\u00f1\u00eda en un comunicado. La aerol\u00ednea de bajo coste ha se\u00f1alado que &quot;no habr\u00e1 despidos&quot;, ya que trasladar\u00e1 al equipo del aeropuerto de Roma a las otras bases italianas. easyJet ha destacado tambi\u00e9n que ofrecer\u00e1 planes","og:url":"https:\/\/eldigitaldeasturias.com\/magazine365\/easyjet-cierra-su-base-en-el-aeropuerto-roma-fuimicino-en-abril-de-2016\/","og:image":"https:\/\/eldigitaldeasturias.com\/magazine365\/wp-content\/uploads\/2015\/06\/fotonoticia_20150619161751_800.jpg","og:image:secure_url":"https:\/\/eldigitaldeasturias.com\/magazine365\/wp-content\/uploads\/2015\/06\/fotonoticia_20150619161751_800.jpg","og:image:width":800,"og:image:height":450,"article:published_time":"2015-06-20T08:48:49+00:00","article:modified_time":"2015-06-20T08:48:49+00:00","twitter:card":"summary_large_image","twitter:title":"easyJet cierra su base en el aeropuerto Roma Fuimicino en abril de 2016 | El Digital de Asturias","twitter:description":"easyJet cerrar\u00e1 su base de operaciones en el aeropuerto de Roma-Fuimicino en abril de 2016, seg\u00fan ha informado la compa\u00f1\u00eda en un comunicado. La aerol\u00ednea de bajo coste ha se\u00f1alado que &quot;no habr\u00e1 despidos&quot;, ya que trasladar\u00e1 al equipo del aeropuerto de Roma a las otras bases italianas. easyJet ha destacado tambi\u00e9n que ofrecer\u00e1 planes","twitter:image":"https:\/\/eldigitaldeasturias.com\/magazine365\/wp-content\/uploads\/2015\/06\/fotonoticia_20150619161751_800.jpg"},"aioseo_meta_data":{"post_id":"40442","title":null,"description":null,"keywords":null,"keyphrases":null,"primary_term":null,"canonical_url":null,"og_title":null,"og_description":null,"og_object_type":"default","og_image_type":"default","og_image_url":null,"og_image_width":null,"og_image_height":null,"og_image_custom_url":null,"og_image_custom_fields":null,"og_video":null,"og_custom_url":null,"og_article_section":null,"og_article_tags":null,"twitter_use_og":false,"twitter_card":"default","twitter_image_type":"default","twitter_image_url":null,"twitter_image_custom_url":null,"twitter_image_custom_fields":null,"twitter_title":null,"twitter_description":null,"schema":{"blockGraphs":[],"customGraphs":[],"default":{"data":{"Article":[],"Course":[],"Dataset":[],"FAQPage":[],"Movie":[],"Person":[],"Product":[],"ProductReview":[],"Car":[],"Recipe":[],"Service":[],"SoftwareApplication":[],"WebPage":[]},"graphName":"","isEnabled":true},"graphs":[],"defaultGraph":"","defaultPostTypeGraph":""},"schema_type":null,"schema_type_options":null,"pillar_content":false,"robots_default":true,"robots_noindex":false,"robots_noarchive":false,"robots_nosnippet":false,"robots_nofollow":false,"robots_noimageindex":false,"robots_noodp":false,"robots_notranslate":false,"robots_max_snippet":null,"robots_max_videopreview":null,"robots_max_imagepreview":"large","priority":null,"frequency":null,"location":null,"local_seo":null,"seo_analyzer_scan_date":"2025-09-19 13:32:35","breadcrumb_settings":null,"limit_modified_date":false,"open_ai":null,"ai":null,"created":"2021-03-09 02:28:42","updated":"2025-09-19 13:32:35"},"aioseo_breadcrumb":"<div class=\"aioseo-breadcrumbs\"><span class=\"aioseo-breadcrumb\">\n\t<a href=\"https:\/\/eldigitaldeasturias.com\/magazine365\" title=\"Home\">Home<\/a>\n<\/span><span class=\"aioseo-breadcrumb-separator\">\u2013<\/span><span class=\"aioseo-breadcrumb\">\n\t<a href=\"https:\/\/eldigitaldeasturias.com\/magazine365\/category\/actualidad-turismo\/\" title=\"Actualidad Turismo\">Actualidad Turismo<\/a>\n<\/span><span class=\"aioseo-breadcrumb-separator\">\u2013<\/span><span class=\"aioseo-breadcrumb\">\n\t<a href=\"https:\/\/eldigitaldeasturias.com\/magazine365\/easyjet-cierra-su-base-en-el-aeropuerto-roma-fuimicino-en-abril-de-2016\/\" title=\"easyJet cierra su base en el aeropuerto Roma Fuimicino en abril de 2016\">easyJet cierra su base en el aeropuerto Roma Fuimicino en abril de 2016<\/a>\n<\/span><\/div>","aioseo_breadcrumb_json":[{"label":"Home","link":"https:\/\/eldigitaldeasturias.com\/magazine365"},{"label":"Actualidad Turismo","link":"https:\/\/eldigitaldeasturias.com\/magazine365\/category\/actualidad-turismo\/"},{"label":"easyJet cierra su base en el aeropuerto Roma Fuimicino en abril de 2016","link":"https:\/\/eldigitaldeasturias.com\/magazine365\/easyjet-cierra-su-base-en-el-aeropuerto-roma-fuimicino-en-abril-de-2016\/"}],"_links":{"self":[{"href":"https:\/\/eldigitaldeasturias.com\/magazine365\/wp-json\/wp\/v2\/posts\/40442","targetHints":{"allow":["GET"]}}],"collection":[{"href":"https:\/\/eldigitaldeasturias.com\/magazine365\/wp-json\/wp\/v2\/posts"}],"about":[{"href":"https:\/\/eldigitaldeasturias.com\/magazine365\/wp-json\/wp\/v2\/types\/post"}],"author":[{"embeddable":true,"href":"https:\/\/eldigitaldeasturias.com\/magazine365\/wp-json\/wp\/v2\/users\/1"}],"replies":[{"embeddable":true,"href":"https:\/\/eldigitaldeasturias.com\/magazine365\/wp-json\/wp\/v2\/comments?post=40442"}],"version-history":[{"count":0,"href":"https:\/\/eldigitaldeasturias.com\/magazine365\/wp-json\/wp\/v2\/posts\/40442\/revisions"}],"wp:featuredmedia":[{"embeddable":true,"href":"https:\/\/eldigitaldeasturias.com\/magazine365\/wp-json\/wp\/v2\/media\/40443"}],"wp:attachment":[{"href":"https:\/\/eldigitaldeasturias.com\/magazine365\/wp-json\/wp\/v2\/media?parent=40442"}],"wp:term":[{"taxonomy":"category","embeddable":true,"href":"https:\/\/eldigitaldeasturias.com\/magazine365\/wp-json\/wp\/v2\/categories?post=40442"},{"taxonomy":"post_tag","embeddable":true,"href":"https:\/\/eldigitaldeasturias.com\/magazine365\/wp-json\/wp\/v2\/tags?post=40442"}],"curies":[{"name":"wp","href":"https:\/\/api.w.org\/{rel}","templated":true}]}}