{"id":40433,"date":"2015-06-20T02:06:40","date_gmt":"2015-06-20T00:36:40","guid":{"rendered":"http:\/\/eldigitaldeasturias.com\/magazine365\/?p=40433"},"modified":"2015-06-20T02:06:40","modified_gmt":"2015-06-20T00:36:40","slug":"modificada-la-norma-que-regula-el-servicio-afis-en-los-aerodromos","status":"publish","type":"post","link":"https:\/\/eldigitaldeasturias.com\/magazine365\/modificada-la-norma-que-regula-el-servicio-afis-en-los-aerodromos\/","title":{"rendered":"Modificada la norma que regula el servicio AFIS en los aer\u00f3dromos"},"content":{"rendered":"<p><img fetchpriority=\"high\" decoding=\"async\" class=\"alignleft size-medium wp-image-40434\" src=\"https:\/\/eldigitaldeasturias.com\/magazine365\/wp-content\/uploads\/2015\/06\/fotonoticia_20150619160541_800-360x235.jpg\" alt=\"fotonoticia_20150619160541_800\" width=\"360\" height=\"235\" srcset=\"https:\/\/eldigitaldeasturias.com\/magazine365\/wp-content\/uploads\/2015\/06\/fotonoticia_20150619160541_800-360x235.jpg 360w, https:\/\/eldigitaldeasturias.com\/magazine365\/wp-content\/uploads\/2015\/06\/fotonoticia_20150619160541_800-650x425.jpg 650w, https:\/\/eldigitaldeasturias.com\/magazine365\/wp-content\/uploads\/2015\/06\/fotonoticia_20150619160541_800-768x502.jpg 768w, https:\/\/eldigitaldeasturias.com\/magazine365\/wp-content\/uploads\/2015\/06\/fotonoticia_20150619160541_800-150x98.jpg 150w, https:\/\/eldigitaldeasturias.com\/magazine365\/wp-content\/uploads\/2015\/06\/fotonoticia_20150619160541_800-450x294.jpg 450w, https:\/\/eldigitaldeasturias.com\/magazine365\/wp-content\/uploads\/2015\/06\/fotonoticia_20150619160541_800-696x455.jpg 696w, https:\/\/eldigitaldeasturias.com\/magazine365\/wp-content\/uploads\/2015\/06\/fotonoticia_20150619160541_800-741x486.jpg 741w, https:\/\/eldigitaldeasturias.com\/magazine365\/wp-content\/uploads\/2015\/06\/fotonoticia_20150619160541_800-642x420.jpg 642w, https:\/\/eldigitaldeasturias.com\/magazine365\/wp-content\/uploads\/2015\/06\/fotonoticia_20150619160541_800-84x55.jpg 84w, https:\/\/eldigitaldeasturias.com\/magazine365\/wp-content\/uploads\/2015\/06\/fotonoticia_20150619160541_800.jpg 800w\" sizes=\"(max-width: 360px) 100vw, 360px\" \/>El Consejo de Ministros ha aprobado un Real Decreto por el que se modifica la legislaci\u00f3n que regula la provisi\u00f3n del Servicio de Informaci\u00f3n de Vuelo de Aer\u00f3dromos (AFIS), respecto al per\u00edodo transitorio para la realizaci\u00f3n de los estudios aeron\u00e1uticos de seguridad.<\/p>\n<p>En 2010, Fomento implant\u00f3 el sistema AFIS en un m\u00e1ximo de nueve aeropuertos, aquellos con menos de 50 operaciones al d\u00eda, frente a los 12 anunciados por el entonces ministro de Fomento, Jos\u00e9 Blanco, una medida que se plante\u00f3 como una de las v\u00edas para reducir los elevados costes de navegaci\u00f3n a\u00e9rea en Espa\u00f1a, con un ahorro del 60% frente al coste del servicio de control.<\/p>\n<p>El primer aer\u00f3dromo en implantar este sistema fue La Gomera. Se trata de un servicio que no requiere de un controlador y es supervisado por un t\u00e9cnico que informa al comandante del estado de la pista y de las previsiones meteorol\u00f3gicas.<\/p>\n<p>El Real Decreto ampl\u00eda el plazo para la realizaci\u00f3n de los estudios aeron\u00e1uticos de seguridad que deben llevar a cabo obligatoriamente los gestores de los aer\u00f3dromos civiles de uso p\u00fablico, seg\u00fan lo previsto en la disposici\u00f3n transitoria primera del Real Decreto 1133\/2010.<\/p>\n<p>El sistema AFIS, uno de los est\u00e1ndares que prev\u00e9 la Organizaci\u00f3n de Aviaci\u00f3n Civil Internacional (OACI), cuenta con las mismas garant\u00edas de seguridad que el sistema de control, dado que est\u00e1 realizado por un t\u00e9cnico cualificado (que requiere al menos dos a\u00f1os de preparaci\u00f3n) y supervisado por controladores a\u00e9reos en aeropuertos cercanos.<\/p>\n<p>PR\u00d3XIMA FLEXIBILIZACI\u00d3N.<\/p>\n<p>Ante la pr\u00f3xima flexibilizaci\u00f3n del r\u00e9gimen de provisi\u00f3n del servicio de informaci\u00f3n de vuelo (AFIS), conviene prorrogar el plazo transitorio previsto en la disposici\u00f3n transitoria del citado Real Decreto, ante su inminente terminaci\u00f3n, el pr\u00f3ximo 30 de junio, de modo que los gestores de los aer\u00f3dromos de uso p\u00fablico no se vean obligados a la realizaci\u00f3n de actuaciones con importantes costes cuya exigibilidad en un futuro pr\u00f3ximo es dudosa.<\/p>\n<p>Adem\u00e1s, se ampl\u00eda su \u00e1mbito de aplicaci\u00f3n a los aer\u00f3dromos militares, adecuando la regulaci\u00f3n a las necesidades operativas de la defensa nacional y excepcionando las exigencias derivadas de la certificaci\u00f3n de los proveedores de servicios AFIS y de los proveedores de formaci\u00f3n.<\/p>\n<p>Se entiende que, en todo caso, la supervisi\u00f3n ejercida por los distintos estamentos militares garantiza un nivel equivalente de seguridad y calidad en los servicios de tr\u00e1nsito a\u00e9reo.<\/p>\n<p>El Real Decreto 1133\/2010 regulaba la provisi\u00f3n del servicio de informaci\u00f3n de vuelo de aer\u00f3dromos (AFIS), habilitaba los mecanismos para que los gestores de los aer\u00f3dromos civiles de uso p\u00fablico evaluaran si dispon\u00edan de los medios necesarios para permitir la operaci\u00f3n segura de aeronaves y les impon\u00eda la obligaci\u00f3n de encargar la realizaci\u00f3n de estudios aeron\u00e1uticos de seguridad encaminados a determinar la necesidad y suficiencia de la prestaci\u00f3n de servicios de navegaci\u00f3n a\u00e9rea y en particular del servicio de informaci\u00f3n de vuelo (AFIS) en su aer\u00f3dromo.<\/p>\n","protected":false},"excerpt":{"rendered":"<p>El Consejo de Ministros ha aprobado un Real Decreto por el que se modifica la legislaci\u00f3n que regula la provisi\u00f3n del Servicio de Informaci\u00f3n de Vuelo de Aer\u00f3dromos (AFIS), respecto al per\u00edodo transitorio para la realizaci\u00f3n de los estudios aeron\u00e1uticos de seguridad. En 2010, Fomento implant\u00f3 el sistema AFIS en un m\u00e1ximo de nueve aeropuertos,<\/p>\n","protected":false},"author":1,"featured_media":40434,"comment_status":"open","ping_status":"closed","sticky":false,"template":"","format":"standard","meta":{"footnotes":""},"categories":[222],"tags":[],"class_list":{"0":"post-40433","1":"post","2":"type-post","3":"status-publish","4":"format-standard","5":"has-post-thumbnail","7":"category-actualidad-turismo"},"aioseo_notices":[],"aioseo_head":"\n\t\t<!-- All in One SEO Pro 4.9.6.1 - aioseo.com -->\n\t<meta name=\"description\" content=\"El Consejo de Ministros ha aprobado un Real Decreto por el que se modifica la legislaci\u00f3n que regula la provisi\u00f3n del Servicio de Informaci\u00f3n de Vuelo de Aer\u00f3dromos (AFIS), respecto al per\u00edodo transitorio para la realizaci\u00f3n de los estudios aeron\u00e1uticos de seguridad. En 2010, Fomento implant\u00f3 el sistema AFIS en un m\u00e1ximo de nueve aeropuertos,\" \/>\n\t<meta name=\"robots\" content=\"max-image-preview:large\" \/>\n\t<meta name=\"author\" content=\"admin\"\/>\n\t<meta name=\"google-site-verification\" content=\"UA-38556648-1\" \/>\n\t<meta name=\"keywords\" content=\"actualidad turismo\" \/>\n\t<link rel=\"canonical\" href=\"https:\/\/eldigitaldeasturias.com\/magazine365\/modificada-la-norma-que-regula-el-servicio-afis-en-los-aerodromos\/\" \/>\n\t<meta name=\"generator\" content=\"All in One SEO Pro (AIOSEO) 4.9.6.1\" \/>\n\t\t<meta property=\"og:locale\" content=\"es_ES\" \/>\n\t\t<meta property=\"og:site_name\" content=\"El Digital de Asturias \u2013 Revista de ocio, turismo y estilo de vida\" \/>\n\t\t<meta property=\"og:type\" content=\"article\" \/>\n\t\t<meta property=\"og:title\" content=\"Modificada la norma que regula el servicio AFIS en los aer\u00f3dromos | El Digital de Asturias\" \/>\n\t\t<meta property=\"og:description\" content=\"El Consejo de Ministros ha aprobado un Real Decreto por el que se modifica la legislaci\u00f3n que regula la provisi\u00f3n del Servicio de Informaci\u00f3n de Vuelo de Aer\u00f3dromos (AFIS), respecto al per\u00edodo transitorio para la realizaci\u00f3n de los estudios aeron\u00e1uticos de seguridad. En 2010, Fomento implant\u00f3 el sistema AFIS en un m\u00e1ximo de nueve aeropuertos,\" \/>\n\t\t<meta property=\"og:url\" content=\"https:\/\/eldigitaldeasturias.com\/magazine365\/modificada-la-norma-que-regula-el-servicio-afis-en-los-aerodromos\/\" \/>\n\t\t<meta property=\"og:image\" content=\"https:\/\/eldigitaldeasturias.com\/magazine365\/wp-content\/uploads\/2015\/06\/fotonoticia_20150619160541_800.jpg\" \/>\n\t\t<meta property=\"og:image:secure_url\" content=\"https:\/\/eldigitaldeasturias.com\/magazine365\/wp-content\/uploads\/2015\/06\/fotonoticia_20150619160541_800.jpg\" \/>\n\t\t<meta property=\"og:image:width\" content=\"800\" \/>\n\t\t<meta property=\"og:image:height\" content=\"523\" \/>\n\t\t<meta property=\"article:published_time\" content=\"2015-06-20T00:36:40+00:00\" \/>\n\t\t<meta property=\"article:modified_time\" content=\"2015-06-20T00:36:40+00:00\" \/>\n\t\t<meta name=\"twitter:card\" content=\"summary_large_image\" \/>\n\t\t<meta name=\"twitter:title\" content=\"Modificada la norma que regula el servicio AFIS en los aer\u00f3dromos | El Digital de Asturias\" \/>\n\t\t<meta name=\"twitter:description\" content=\"El Consejo de Ministros ha aprobado un Real Decreto por el que se modifica la legislaci\u00f3n que regula la provisi\u00f3n del Servicio de Informaci\u00f3n de Vuelo de Aer\u00f3dromos (AFIS), respecto al per\u00edodo transitorio para la realizaci\u00f3n de los estudios aeron\u00e1uticos de seguridad. En 2010, Fomento implant\u00f3 el sistema AFIS en un m\u00e1ximo de nueve aeropuertos,\" \/>\n\t\t<meta name=\"twitter:image\" content=\"https:\/\/eldigitaldeasturias.com\/magazine365\/wp-content\/uploads\/2015\/06\/fotonoticia_20150619160541_800.jpg\" \/>\n\t\t<script type=\"application\/ld+json\" class=\"aioseo-schema\">\n\t\t\t{\"@context\":\"https:\\\/\\\/schema.org\",\"@graph\":[{\"@type\":\"Article\",\"@id\":\"https:\\\/\\\/eldigitaldeasturias.com\\\/magazine365\\\/modificada-la-norma-que-regula-el-servicio-afis-en-los-aerodromos\\\/#article\",\"name\":\"Modificada la norma que regula el servicio AFIS en los aer\\u00f3dromos | El Digital de Asturias\",\"headline\":\"Modificada la norma que regula el servicio AFIS en los aer\\u00f3dromos\",\"author\":{\"@id\":\"https:\\\/\\\/eldigitaldeasturias.com\\\/magazine365\\\/author\\\/admin\\\/#author\"},\"publisher\":{\"@id\":\"https:\\\/\\\/eldigitaldeasturias.com\\\/magazine365\\\/#organization\"},\"image\":{\"@type\":\"ImageObject\",\"url\":\"https:\\\/\\\/eldigitaldeasturias.com\\\/magazine365\\\/wp-content\\\/uploads\\\/2015\\\/06\\\/fotonoticia_20150619160541_800.jpg\",\"width\":800,\"height\":523},\"datePublished\":\"2015-06-20T02:06:40+02:00\",\"dateModified\":\"2015-06-20T02:06:40+02:00\",\"inLanguage\":\"es-ES\",\"mainEntityOfPage\":{\"@id\":\"https:\\\/\\\/eldigitaldeasturias.com\\\/magazine365\\\/modificada-la-norma-que-regula-el-servicio-afis-en-los-aerodromos\\\/#webpage\"},\"isPartOf\":{\"@id\":\"https:\\\/\\\/eldigitaldeasturias.com\\\/magazine365\\\/modificada-la-norma-que-regula-el-servicio-afis-en-los-aerodromos\\\/#webpage\"},\"articleSection\":\"Actualidad Turismo\"},{\"@type\":\"BreadcrumbList\",\"@id\":\"https:\\\/\\\/eldigitaldeasturias.com\\\/magazine365\\\/modificada-la-norma-que-regula-el-servicio-afis-en-los-aerodromos\\\/#breadcrumblist\",\"itemListElement\":[{\"@type\":\"ListItem\",\"@id\":\"https:\\\/\\\/eldigitaldeasturias.com\\\/magazine365#listItem\",\"position\":1,\"name\":\"Home\",\"item\":\"https:\\\/\\\/eldigitaldeasturias.com\\\/magazine365\",\"nextItem\":{\"@type\":\"ListItem\",\"@id\":\"https:\\\/\\\/eldigitaldeasturias.com\\\/magazine365\\\/category\\\/actualidad-turismo\\\/#listItem\",\"name\":\"Actualidad Turismo\"}},{\"@type\":\"ListItem\",\"@id\":\"https:\\\/\\\/eldigitaldeasturias.com\\\/magazine365\\\/category\\\/actualidad-turismo\\\/#listItem\",\"position\":2,\"name\":\"Actualidad Turismo\",\"item\":\"https:\\\/\\\/eldigitaldeasturias.com\\\/magazine365\\\/category\\\/actualidad-turismo\\\/\",\"nextItem\":{\"@type\":\"ListItem\",\"@id\":\"https:\\\/\\\/eldigitaldeasturias.com\\\/magazine365\\\/modificada-la-norma-que-regula-el-servicio-afis-en-los-aerodromos\\\/#listItem\",\"name\":\"Modificada la norma que regula el servicio AFIS en los aer\\u00f3dromos\"},\"previousItem\":{\"@type\":\"ListItem\",\"@id\":\"https:\\\/\\\/eldigitaldeasturias.com\\\/magazine365#listItem\",\"name\":\"Home\"}},{\"@type\":\"ListItem\",\"@id\":\"https:\\\/\\\/eldigitaldeasturias.com\\\/magazine365\\\/modificada-la-norma-que-regula-el-servicio-afis-en-los-aerodromos\\\/#listItem\",\"position\":3,\"name\":\"Modificada la norma que regula el servicio AFIS en los aer\\u00f3dromos\",\"previousItem\":{\"@type\":\"ListItem\",\"@id\":\"https:\\\/\\\/eldigitaldeasturias.com\\\/magazine365\\\/category\\\/actualidad-turismo\\\/#listItem\",\"name\":\"Actualidad Turismo\"}}]},{\"@type\":\"Organization\",\"@id\":\"https:\\\/\\\/eldigitaldeasturias.com\\\/magazine365\\\/#organization\",\"name\":\"El digital de Asturias\",\"description\":\"Revista de ocio, turismo y estilo de vida\",\"url\":\"https:\\\/\\\/eldigitaldeasturias.com\\\/magazine365\\\/\",\"logo\":{\"@type\":\"ImageObject\",\"url\":\"https:\\\/\\\/www.eldigitaldeasturias.com\\\/noticias\\\/wp-content\\\/uploads\\\/2020\\\/12\\\/EDA.jpg\",\"@id\":\"https:\\\/\\\/eldigitaldeasturias.com\\\/magazine365\\\/modificada-la-norma-que-regula-el-servicio-afis-en-los-aerodromos\\\/#organizationLogo\"},\"image\":{\"@id\":\"https:\\\/\\\/eldigitaldeasturias.com\\\/magazine365\\\/modificada-la-norma-que-regula-el-servicio-afis-en-los-aerodromos\\\/#organizationLogo\"}},{\"@type\":\"Person\",\"@id\":\"https:\\\/\\\/eldigitaldeasturias.com\\\/magazine365\\\/author\\\/admin\\\/#author\",\"url\":\"https:\\\/\\\/eldigitaldeasturias.com\\\/magazine365\\\/author\\\/admin\\\/\",\"name\":\"admin\",\"image\":{\"@type\":\"ImageObject\",\"@id\":\"https:\\\/\\\/eldigitaldeasturias.com\\\/magazine365\\\/modificada-la-norma-que-regula-el-servicio-afis-en-los-aerodromos\\\/#authorImage\",\"url\":\"https:\\\/\\\/eldigitaldeasturias.com\\\/magazine365\\\/wp-content\\\/litespeed\\\/avatar\\\/e571bcf59a0edd6fa6838245a470f2fe.jpg?ver=1777574230\",\"width\":96,\"height\":96,\"caption\":\"admin\"}},{\"@type\":\"WebPage\",\"@id\":\"https:\\\/\\\/eldigitaldeasturias.com\\\/magazine365\\\/modificada-la-norma-que-regula-el-servicio-afis-en-los-aerodromos\\\/#webpage\",\"url\":\"https:\\\/\\\/eldigitaldeasturias.com\\\/magazine365\\\/modificada-la-norma-que-regula-el-servicio-afis-en-los-aerodromos\\\/\",\"name\":\"Modificada la norma que regula el servicio AFIS en los aer\\u00f3dromos | El Digital de Asturias\",\"description\":\"El Consejo de Ministros ha aprobado un Real Decreto por el que se modifica la legislaci\\u00f3n que regula la provisi\\u00f3n del Servicio de Informaci\\u00f3n de Vuelo de Aer\\u00f3dromos (AFIS), respecto al per\\u00edodo transitorio para la realizaci\\u00f3n de los estudios aeron\\u00e1uticos de seguridad. En 2010, Fomento implant\\u00f3 el sistema AFIS en un m\\u00e1ximo de nueve aeropuertos,\",\"inLanguage\":\"es-ES\",\"isPartOf\":{\"@id\":\"https:\\\/\\\/eldigitaldeasturias.com\\\/magazine365\\\/#website\"},\"breadcrumb\":{\"@id\":\"https:\\\/\\\/eldigitaldeasturias.com\\\/magazine365\\\/modificada-la-norma-que-regula-el-servicio-afis-en-los-aerodromos\\\/#breadcrumblist\"},\"author\":{\"@id\":\"https:\\\/\\\/eldigitaldeasturias.com\\\/magazine365\\\/author\\\/admin\\\/#author\"},\"creator\":{\"@id\":\"https:\\\/\\\/eldigitaldeasturias.com\\\/magazine365\\\/author\\\/admin\\\/#author\"},\"image\":{\"@type\":\"ImageObject\",\"url\":\"https:\\\/\\\/eldigitaldeasturias.com\\\/magazine365\\\/wp-content\\\/uploads\\\/2015\\\/06\\\/fotonoticia_20150619160541_800.jpg\",\"@id\":\"https:\\\/\\\/eldigitaldeasturias.com\\\/magazine365\\\/modificada-la-norma-que-regula-el-servicio-afis-en-los-aerodromos\\\/#mainImage\",\"width\":800,\"height\":523},\"primaryImageOfPage\":{\"@id\":\"https:\\\/\\\/eldigitaldeasturias.com\\\/magazine365\\\/modificada-la-norma-que-regula-el-servicio-afis-en-los-aerodromos\\\/#mainImage\"},\"datePublished\":\"2015-06-20T02:06:40+02:00\",\"dateModified\":\"2015-06-20T02:06:40+02:00\"},{\"@type\":\"WebSite\",\"@id\":\"https:\\\/\\\/eldigitaldeasturias.com\\\/magazine365\\\/#website\",\"url\":\"https:\\\/\\\/eldigitaldeasturias.com\\\/magazine365\\\/\",\"name\":\"El Digital de Asturias\",\"description\":\"Revista de ocio, turismo y estilo de vida\",\"inLanguage\":\"es-ES\",\"publisher\":{\"@id\":\"https:\\\/\\\/eldigitaldeasturias.com\\\/magazine365\\\/#organization\"}}]}\n\t\t<\/script>\n\t\t<!-- All in One SEO Pro -->\r\n\t\t<title>Modificada la norma que regula el servicio AFIS en los aer\u00f3dromos | El Digital de Asturias<\/title>\n\n","aioseo_head_json":{"title":"Modificada la norma que regula el servicio AFIS en los aer\u00f3dromos | El Digital de Asturias","description":"El Consejo de Ministros ha aprobado un Real Decreto por el que se modifica la legislaci\u00f3n que regula la provisi\u00f3n del Servicio de Informaci\u00f3n de Vuelo de Aer\u00f3dromos (AFIS), respecto al per\u00edodo transitorio para la realizaci\u00f3n de los estudios aeron\u00e1uticos de seguridad. En 2010, Fomento implant\u00f3 el sistema AFIS en un m\u00e1ximo de nueve aeropuertos,","canonical_url":"https:\/\/eldigitaldeasturias.com\/magazine365\/modificada-la-norma-que-regula-el-servicio-afis-en-los-aerodromos\/","robots":"max-image-preview:large","keywords":"actualidad turismo","webmasterTools":{"google-site-verification":"UA-38556648-1","miscellaneous":""},"schema":{"@context":"https:\/\/schema.org","@graph":[{"@type":"Article","@id":"https:\/\/eldigitaldeasturias.com\/magazine365\/modificada-la-norma-que-regula-el-servicio-afis-en-los-aerodromos\/#article","name":"Modificada la norma que regula el servicio AFIS en los aer\u00f3dromos | El Digital de Asturias","headline":"Modificada la norma que regula el servicio AFIS en los aer\u00f3dromos","author":{"@id":"https:\/\/eldigitaldeasturias.com\/magazine365\/author\/admin\/#author"},"publisher":{"@id":"https:\/\/eldigitaldeasturias.com\/magazine365\/#organization"},"image":{"@type":"ImageObject","url":"https:\/\/eldigitaldeasturias.com\/magazine365\/wp-content\/uploads\/2015\/06\/fotonoticia_20150619160541_800.jpg","width":800,"height":523},"datePublished":"2015-06-20T02:06:40+02:00","dateModified":"2015-06-20T02:06:40+02:00","inLanguage":"es-ES","mainEntityOfPage":{"@id":"https:\/\/eldigitaldeasturias.com\/magazine365\/modificada-la-norma-que-regula-el-servicio-afis-en-los-aerodromos\/#webpage"},"isPartOf":{"@id":"https:\/\/eldigitaldeasturias.com\/magazine365\/modificada-la-norma-que-regula-el-servicio-afis-en-los-aerodromos\/#webpage"},"articleSection":"Actualidad Turismo"},{"@type":"BreadcrumbList","@id":"https:\/\/eldigitaldeasturias.com\/magazine365\/modificada-la-norma-que-regula-el-servicio-afis-en-los-aerodromos\/#breadcrumblist","itemListElement":[{"@type":"ListItem","@id":"https:\/\/eldigitaldeasturias.com\/magazine365#listItem","position":1,"name":"Home","item":"https:\/\/eldigitaldeasturias.com\/magazine365","nextItem":{"@type":"ListItem","@id":"https:\/\/eldigitaldeasturias.com\/magazine365\/category\/actualidad-turismo\/#listItem","name":"Actualidad Turismo"}},{"@type":"ListItem","@id":"https:\/\/eldigitaldeasturias.com\/magazine365\/category\/actualidad-turismo\/#listItem","position":2,"name":"Actualidad Turismo","item":"https:\/\/eldigitaldeasturias.com\/magazine365\/category\/actualidad-turismo\/","nextItem":{"@type":"ListItem","@id":"https:\/\/eldigitaldeasturias.com\/magazine365\/modificada-la-norma-que-regula-el-servicio-afis-en-los-aerodromos\/#listItem","name":"Modificada la norma que regula el servicio AFIS en los aer\u00f3dromos"},"previousItem":{"@type":"ListItem","@id":"https:\/\/eldigitaldeasturias.com\/magazine365#listItem","name":"Home"}},{"@type":"ListItem","@id":"https:\/\/eldigitaldeasturias.com\/magazine365\/modificada-la-norma-que-regula-el-servicio-afis-en-los-aerodromos\/#listItem","position":3,"name":"Modificada la norma que regula el servicio AFIS en los aer\u00f3dromos","previousItem":{"@type":"ListItem","@id":"https:\/\/eldigitaldeasturias.com\/magazine365\/category\/actualidad-turismo\/#listItem","name":"Actualidad Turismo"}}]},{"@type":"Organization","@id":"https:\/\/eldigitaldeasturias.com\/magazine365\/#organization","name":"El digital de Asturias","description":"Revista de ocio, turismo y estilo de vida","url":"https:\/\/eldigitaldeasturias.com\/magazine365\/","logo":{"@type":"ImageObject","url":"https:\/\/www.eldigitaldeasturias.com\/noticias\/wp-content\/uploads\/2020\/12\/EDA.jpg","@id":"https:\/\/eldigitaldeasturias.com\/magazine365\/modificada-la-norma-que-regula-el-servicio-afis-en-los-aerodromos\/#organizationLogo"},"image":{"@id":"https:\/\/eldigitaldeasturias.com\/magazine365\/modificada-la-norma-que-regula-el-servicio-afis-en-los-aerodromos\/#organizationLogo"}},{"@type":"Person","@id":"https:\/\/eldigitaldeasturias.com\/magazine365\/author\/admin\/#author","url":"https:\/\/eldigitaldeasturias.com\/magazine365\/author\/admin\/","name":"admin","image":{"@type":"ImageObject","@id":"https:\/\/eldigitaldeasturias.com\/magazine365\/modificada-la-norma-que-regula-el-servicio-afis-en-los-aerodromos\/#authorImage","url":"https:\/\/eldigitaldeasturias.com\/magazine365\/wp-content\/litespeed\/avatar\/e571bcf59a0edd6fa6838245a470f2fe.jpg?ver=1777574230","width":96,"height":96,"caption":"admin"}},{"@type":"WebPage","@id":"https:\/\/eldigitaldeasturias.com\/magazine365\/modificada-la-norma-que-regula-el-servicio-afis-en-los-aerodromos\/#webpage","url":"https:\/\/eldigitaldeasturias.com\/magazine365\/modificada-la-norma-que-regula-el-servicio-afis-en-los-aerodromos\/","name":"Modificada la norma que regula el servicio AFIS en los aer\u00f3dromos | El Digital de Asturias","description":"El Consejo de Ministros ha aprobado un Real Decreto por el que se modifica la legislaci\u00f3n que regula la provisi\u00f3n del Servicio de Informaci\u00f3n de Vuelo de Aer\u00f3dromos (AFIS), respecto al per\u00edodo transitorio para la realizaci\u00f3n de los estudios aeron\u00e1uticos de seguridad. En 2010, Fomento implant\u00f3 el sistema AFIS en un m\u00e1ximo de nueve aeropuertos,","inLanguage":"es-ES","isPartOf":{"@id":"https:\/\/eldigitaldeasturias.com\/magazine365\/#website"},"breadcrumb":{"@id":"https:\/\/eldigitaldeasturias.com\/magazine365\/modificada-la-norma-que-regula-el-servicio-afis-en-los-aerodromos\/#breadcrumblist"},"author":{"@id":"https:\/\/eldigitaldeasturias.com\/magazine365\/author\/admin\/#author"},"creator":{"@id":"https:\/\/eldigitaldeasturias.com\/magazine365\/author\/admin\/#author"},"image":{"@type":"ImageObject","url":"https:\/\/eldigitaldeasturias.com\/magazine365\/wp-content\/uploads\/2015\/06\/fotonoticia_20150619160541_800.jpg","@id":"https:\/\/eldigitaldeasturias.com\/magazine365\/modificada-la-norma-que-regula-el-servicio-afis-en-los-aerodromos\/#mainImage","width":800,"height":523},"primaryImageOfPage":{"@id":"https:\/\/eldigitaldeasturias.com\/magazine365\/modificada-la-norma-que-regula-el-servicio-afis-en-los-aerodromos\/#mainImage"},"datePublished":"2015-06-20T02:06:40+02:00","dateModified":"2015-06-20T02:06:40+02:00"},{"@type":"WebSite","@id":"https:\/\/eldigitaldeasturias.com\/magazine365\/#website","url":"https:\/\/eldigitaldeasturias.com\/magazine365\/","name":"El Digital de Asturias","description":"Revista de ocio, turismo y estilo de vida","inLanguage":"es-ES","publisher":{"@id":"https:\/\/eldigitaldeasturias.com\/magazine365\/#organization"}}]},"og:locale":"es_ES","og:site_name":"El Digital de Asturias \u2013 Revista de ocio, turismo y estilo de vida","og:type":"article","og:title":"Modificada la norma que regula el servicio AFIS en los aer\u00f3dromos | El Digital de Asturias","og:description":"El Consejo de Ministros ha aprobado un Real Decreto por el que se modifica la legislaci\u00f3n que regula la provisi\u00f3n del Servicio de Informaci\u00f3n de Vuelo de Aer\u00f3dromos (AFIS), respecto al per\u00edodo transitorio para la realizaci\u00f3n de los estudios aeron\u00e1uticos de seguridad. En 2010, Fomento implant\u00f3 el sistema AFIS en un m\u00e1ximo de nueve aeropuertos,","og:url":"https:\/\/eldigitaldeasturias.com\/magazine365\/modificada-la-norma-que-regula-el-servicio-afis-en-los-aerodromos\/","og:image":"https:\/\/eldigitaldeasturias.com\/magazine365\/wp-content\/uploads\/2015\/06\/fotonoticia_20150619160541_800.jpg","og:image:secure_url":"https:\/\/eldigitaldeasturias.com\/magazine365\/wp-content\/uploads\/2015\/06\/fotonoticia_20150619160541_800.jpg","og:image:width":800,"og:image:height":523,"article:published_time":"2015-06-20T00:36:40+00:00","article:modified_time":"2015-06-20T00:36:40+00:00","twitter:card":"summary_large_image","twitter:title":"Modificada la norma que regula el servicio AFIS en los aer\u00f3dromos | El Digital de Asturias","twitter:description":"El Consejo de Ministros ha aprobado un Real Decreto por el que se modifica la legislaci\u00f3n que regula la provisi\u00f3n del Servicio de Informaci\u00f3n de Vuelo de Aer\u00f3dromos (AFIS), respecto al per\u00edodo transitorio para la realizaci\u00f3n de los estudios aeron\u00e1uticos de seguridad. En 2010, Fomento implant\u00f3 el sistema AFIS en un m\u00e1ximo de nueve aeropuertos,","twitter:image":"https:\/\/eldigitaldeasturias.com\/magazine365\/wp-content\/uploads\/2015\/06\/fotonoticia_20150619160541_800.jpg"},"aioseo_meta_data":{"post_id":"40433","title":null,"description":null,"keywords":null,"keyphrases":null,"primary_term":null,"canonical_url":null,"og_title":null,"og_description":null,"og_object_type":"default","og_image_type":"default","og_image_url":null,"og_image_width":null,"og_image_height":null,"og_image_custom_url":null,"og_image_custom_fields":null,"og_video":null,"og_custom_url":null,"og_article_section":null,"og_article_tags":null,"twitter_use_og":false,"twitter_card":"default","twitter_image_type":"default","twitter_image_url":null,"twitter_image_custom_url":null,"twitter_image_custom_fields":null,"twitter_title":null,"twitter_description":null,"schema":{"blockGraphs":[],"customGraphs":[],"default":{"data":{"Article":[],"Course":[],"Dataset":[],"FAQPage":[],"Movie":[],"Person":[],"Product":[],"ProductReview":[],"Car":[],"Recipe":[],"Service":[],"SoftwareApplication":[],"WebPage":[]},"graphName":"","isEnabled":true},"graphs":[],"defaultGraph":"","defaultPostTypeGraph":""},"schema_type":null,"schema_type_options":null,"pillar_content":false,"robots_default":true,"robots_noindex":false,"robots_noarchive":false,"robots_nosnippet":false,"robots_nofollow":false,"robots_noimageindex":false,"robots_noodp":false,"robots_notranslate":false,"robots_max_snippet":null,"robots_max_videopreview":null,"robots_max_imagepreview":"large","priority":null,"frequency":null,"location":null,"local_seo":null,"seo_analyzer_scan_date":"2025-09-19 13:31:07","breadcrumb_settings":null,"limit_modified_date":false,"open_ai":null,"ai":null,"created":"2021-03-09 02:28:42","updated":"2025-09-19 13:31:07"},"aioseo_breadcrumb":"<div class=\"aioseo-breadcrumbs\"><span class=\"aioseo-breadcrumb\">\n\t<a href=\"https:\/\/eldigitaldeasturias.com\/magazine365\" title=\"Home\">Home<\/a>\n<\/span><span class=\"aioseo-breadcrumb-separator\">\u2013<\/span><span class=\"aioseo-breadcrumb\">\n\t<a href=\"https:\/\/eldigitaldeasturias.com\/magazine365\/category\/actualidad-turismo\/\" title=\"Actualidad Turismo\">Actualidad Turismo<\/a>\n<\/span><span class=\"aioseo-breadcrumb-separator\">\u2013<\/span><span class=\"aioseo-breadcrumb\">\n\t<a href=\"https:\/\/eldigitaldeasturias.com\/magazine365\/modificada-la-norma-que-regula-el-servicio-afis-en-los-aerodromos\/\" title=\"Modificada la norma que regula el servicio AFIS en los aer\u00f3dromos\">Modificada la norma que regula el servicio AFIS en los aer\u00f3dromos<\/a>\n<\/span><\/div>","aioseo_breadcrumb_json":[{"label":"Home","link":"https:\/\/eldigitaldeasturias.com\/magazine365"},{"label":"Actualidad Turismo","link":"https:\/\/eldigitaldeasturias.com\/magazine365\/category\/actualidad-turismo\/"},{"label":"Modificada la norma que regula el servicio AFIS en los aer\u00f3dromos","link":"https:\/\/eldigitaldeasturias.com\/magazine365\/modificada-la-norma-que-regula-el-servicio-afis-en-los-aerodromos\/"}],"_links":{"self":[{"href":"https:\/\/eldigitaldeasturias.com\/magazine365\/wp-json\/wp\/v2\/posts\/40433","targetHints":{"allow":["GET"]}}],"collection":[{"href":"https:\/\/eldigitaldeasturias.com\/magazine365\/wp-json\/wp\/v2\/posts"}],"about":[{"href":"https:\/\/eldigitaldeasturias.com\/magazine365\/wp-json\/wp\/v2\/types\/post"}],"author":[{"embeddable":true,"href":"https:\/\/eldigitaldeasturias.com\/magazine365\/wp-json\/wp\/v2\/users\/1"}],"replies":[{"embeddable":true,"href":"https:\/\/eldigitaldeasturias.com\/magazine365\/wp-json\/wp\/v2\/comments?post=40433"}],"version-history":[{"count":0,"href":"https:\/\/eldigitaldeasturias.com\/magazine365\/wp-json\/wp\/v2\/posts\/40433\/revisions"}],"wp:featuredmedia":[{"embeddable":true,"href":"https:\/\/eldigitaldeasturias.com\/magazine365\/wp-json\/wp\/v2\/media\/40434"}],"wp:attachment":[{"href":"https:\/\/eldigitaldeasturias.com\/magazine365\/wp-json\/wp\/v2\/media?parent=40433"}],"wp:term":[{"taxonomy":"category","embeddable":true,"href":"https:\/\/eldigitaldeasturias.com\/magazine365\/wp-json\/wp\/v2\/categories?post=40433"},{"taxonomy":"post_tag","embeddable":true,"href":"https:\/\/eldigitaldeasturias.com\/magazine365\/wp-json\/wp\/v2\/tags?post=40433"}],"curies":[{"name":"wp","href":"https:\/\/api.w.org\/{rel}","templated":true}]}}