{"id":40430,"date":"2015-06-20T02:00:33","date_gmt":"2015-06-20T00:30:33","guid":{"rendered":"http:\/\/eldigitaldeasturias.com\/magazine365\/?p=40430"},"modified":"2015-06-20T02:00:33","modified_gmt":"2015-06-20T00:30:33","slug":"air-arabia-volara-entre-madrid-y-tanger-a-partir-del-1-de-julio","status":"publish","type":"post","link":"https:\/\/eldigitaldeasturias.com\/magazine365\/air-arabia-volara-entre-madrid-y-tanger-a-partir-del-1-de-julio\/","title":{"rendered":"Air Arabia volar\u00e1 entre Madrid y T\u00e1nger a partir del 1 de julio"},"content":{"rendered":"<p><img fetchpriority=\"high\" decoding=\"async\" class=\"alignleft size-medium wp-image-40431\" src=\"https:\/\/eldigitaldeasturias.com\/magazine365\/wp-content\/uploads\/2015\/06\/fotonoticia_20150619153104_800-360x254.jpg\" alt=\"fotonoticia_20150619153104_800\" width=\"360\" height=\"254\" srcset=\"https:\/\/eldigitaldeasturias.com\/magazine365\/wp-content\/uploads\/2015\/06\/fotonoticia_20150619153104_800-360x254.jpg 360w, https:\/\/eldigitaldeasturias.com\/magazine365\/wp-content\/uploads\/2015\/06\/fotonoticia_20150619153104_800-650x458.jpg 650w, https:\/\/eldigitaldeasturias.com\/magazine365\/wp-content\/uploads\/2015\/06\/fotonoticia_20150619153104_800-768x541.jpg 768w, https:\/\/eldigitaldeasturias.com\/magazine365\/wp-content\/uploads\/2015\/06\/fotonoticia_20150619153104_800-150x106.jpg 150w, https:\/\/eldigitaldeasturias.com\/magazine365\/wp-content\/uploads\/2015\/06\/fotonoticia_20150619153104_800-450x317.jpg 450w, https:\/\/eldigitaldeasturias.com\/magazine365\/wp-content\/uploads\/2015\/06\/fotonoticia_20150619153104_800-100x70.jpg 100w, https:\/\/eldigitaldeasturias.com\/magazine365\/wp-content\/uploads\/2015\/06\/fotonoticia_20150619153104_800-696x491.jpg 696w, https:\/\/eldigitaldeasturias.com\/magazine365\/wp-content\/uploads\/2015\/06\/fotonoticia_20150619153104_800-596x420.jpg 596w, https:\/\/eldigitaldeasturias.com\/magazine365\/wp-content\/uploads\/2015\/06\/fotonoticia_20150619153104_800.jpg 800w\" sizes=\"(max-width: 360px) 100vw, 360px\" \/>Air Arabia Maroc ha lanzado nueva ruta entre el aeropuerto Adolfo Su\u00e1rez Madrid-Barajas y el aeropuerto de T\u00e1nger-Ibn Batouta a partir del 1 de julio, seg\u00fan ha informado la aerol\u00ednea en un comunicado.<\/p>\n<p>La &#8216;low cost&#8217; de Oriente Medio y Norte de \u00c1frica operar\u00e1 tres vuelos semanales de ida y vuelta (jueves, viernes y domingos) desde la capital espa\u00f1ola hacia el aeropuerto de T\u00e1nger.<\/p>\n<p>La compa\u00f1\u00eda, que ha sido nombrada recientemente como la &#8216;mejor aerol\u00ednea de bajo coste&#8217; en los &#8216;Premios Mundiales de Turismo&#8217;, celebrados en Estambul, ha anunciado que los vuelos tendr\u00e1n una duraci\u00f3n estimada de una hora y media y que ser\u00e1n operados por un A320.<\/p>\n<p>Los viernes el vuelo Madrid-T\u00e1nger tendr\u00e1 como hora de salida las 10:45 horas con llegada a las 12:20 horas. El mismo d\u00eda, el vuelo T\u00e1nger-Madrid saldr\u00e1 a las 08:30 horas, con hora de llegada a las 10:00 horas.<\/p>\n<p>Los jueves y domingos la aerol\u00ednea partir\u00e1 de Madrid a las 16:40 horas, con llegada a T\u00e1nger a las 18:15 horas. Tambi\u00e9n jueves y domingos el vuelo saldr\u00e1 de T\u00e1nger a las 14:25 horas y aterrizar\u00e1 en Madrid a las 15:55 horas.<\/p>\n<p>Para la temporada de invierno, Air Arabia ha establecido que los vuelos operar\u00e1n los lunes, viernes y domingos.<\/p>\n<p>Este nuevo servicio desde Madrid incrementar\u00e1 la oferta de vuelos de Air Arabia Maroc en Espa\u00f1a, pasando de los nueve vuelos actuales a doce, completando la oferta existente desde Barcelona a Casablanca, T\u00e1nger y Nador, y desde Palma de Mallorca a Nador.<\/p>\n","protected":false},"excerpt":{"rendered":"<p>Air Arabia Maroc ha lanzado nueva ruta entre el aeropuerto Adolfo Su\u00e1rez Madrid-Barajas y el aeropuerto de T\u00e1nger-Ibn Batouta a partir del 1 de julio, seg\u00fan ha informado la aerol\u00ednea en un comunicado. La &#8216;low cost&#8217; de Oriente Medio y Norte de \u00c1frica operar\u00e1 tres vuelos semanales de ida y vuelta (jueves, viernes y domingos)<\/p>\n","protected":false},"author":1,"featured_media":40431,"comment_status":"open","ping_status":"closed","sticky":false,"template":"","format":"standard","meta":{"footnotes":""},"categories":[222],"tags":[],"class_list":{"0":"post-40430","1":"post","2":"type-post","3":"status-publish","4":"format-standard","5":"has-post-thumbnail","7":"category-actualidad-turismo"},"aioseo_notices":[],"aioseo_head":"\n\t\t<!-- All in One SEO Pro 4.9.6.1 - aioseo.com -->\n\t<meta name=\"description\" content=\"Air Arabia Maroc ha lanzado nueva ruta entre el aeropuerto Adolfo Su\u00e1rez Madrid-Barajas y el aeropuerto de T\u00e1nger-Ibn Batouta a partir del 1 de julio, seg\u00fan ha informado la aerol\u00ednea en un comunicado. La &#039;low cost&#039; de Oriente Medio y Norte de \u00c1frica operar\u00e1 tres vuelos semanales de ida y vuelta (jueves, viernes y domingos)\" \/>\n\t<meta name=\"robots\" content=\"max-image-preview:large\" \/>\n\t<meta name=\"author\" content=\"admin\"\/>\n\t<meta name=\"google-site-verification\" content=\"UA-38556648-1\" \/>\n\t<meta name=\"keywords\" content=\"actualidad turismo\" \/>\n\t<link rel=\"canonical\" href=\"https:\/\/eldigitaldeasturias.com\/magazine365\/air-arabia-volara-entre-madrid-y-tanger-a-partir-del-1-de-julio\/\" \/>\n\t<meta name=\"generator\" content=\"All in One SEO Pro (AIOSEO) 4.9.6.1\" \/>\n\t\t<meta property=\"og:locale\" content=\"es_ES\" \/>\n\t\t<meta property=\"og:site_name\" content=\"El Digital de Asturias \u2013 Revista de ocio, turismo y estilo de vida\" \/>\n\t\t<meta property=\"og:type\" content=\"article\" \/>\n\t\t<meta property=\"og:title\" content=\"Air Arabia volar\u00e1 entre Madrid y T\u00e1nger a partir del 1 de julio | El Digital de Asturias\" \/>\n\t\t<meta property=\"og:description\" content=\"Air Arabia Maroc ha lanzado nueva ruta entre el aeropuerto Adolfo Su\u00e1rez Madrid-Barajas y el aeropuerto de T\u00e1nger-Ibn Batouta a partir del 1 de julio, seg\u00fan ha informado la aerol\u00ednea en un comunicado. La &#039;low cost&#039; de Oriente Medio y Norte de \u00c1frica operar\u00e1 tres vuelos semanales de ida y vuelta (jueves, viernes y domingos)\" \/>\n\t\t<meta property=\"og:url\" content=\"https:\/\/eldigitaldeasturias.com\/magazine365\/air-arabia-volara-entre-madrid-y-tanger-a-partir-del-1-de-julio\/\" \/>\n\t\t<meta property=\"og:image\" content=\"https:\/\/eldigitaldeasturias.com\/magazine365\/wp-content\/uploads\/2015\/06\/fotonoticia_20150619153104_800.jpg\" \/>\n\t\t<meta property=\"og:image:secure_url\" content=\"https:\/\/eldigitaldeasturias.com\/magazine365\/wp-content\/uploads\/2015\/06\/fotonoticia_20150619153104_800.jpg\" \/>\n\t\t<meta property=\"og:image:width\" content=\"800\" \/>\n\t\t<meta property=\"og:image:height\" content=\"564\" \/>\n\t\t<meta property=\"article:published_time\" content=\"2015-06-20T00:30:33+00:00\" \/>\n\t\t<meta property=\"article:modified_time\" content=\"2015-06-20T00:30:33+00:00\" \/>\n\t\t<meta name=\"twitter:card\" content=\"summary_large_image\" \/>\n\t\t<meta name=\"twitter:title\" content=\"Air Arabia volar\u00e1 entre Madrid y T\u00e1nger a partir del 1 de julio | El Digital de Asturias\" \/>\n\t\t<meta name=\"twitter:description\" content=\"Air Arabia Maroc ha lanzado nueva ruta entre el aeropuerto Adolfo Su\u00e1rez Madrid-Barajas y el aeropuerto de T\u00e1nger-Ibn Batouta a partir del 1 de julio, seg\u00fan ha informado la aerol\u00ednea en un comunicado. La &#039;low cost&#039; de Oriente Medio y Norte de \u00c1frica operar\u00e1 tres vuelos semanales de ida y vuelta (jueves, viernes y domingos)\" \/>\n\t\t<meta name=\"twitter:image\" content=\"https:\/\/eldigitaldeasturias.com\/magazine365\/wp-content\/uploads\/2015\/06\/fotonoticia_20150619153104_800.jpg\" \/>\n\t\t<script type=\"application\/ld+json\" class=\"aioseo-schema\">\n\t\t\t{\"@context\":\"https:\\\/\\\/schema.org\",\"@graph\":[{\"@type\":\"Article\",\"@id\":\"https:\\\/\\\/eldigitaldeasturias.com\\\/magazine365\\\/air-arabia-volara-entre-madrid-y-tanger-a-partir-del-1-de-julio\\\/#article\",\"name\":\"Air Arabia volar\\u00e1 entre Madrid y T\\u00e1nger a partir del 1 de julio | El Digital de Asturias\",\"headline\":\"Air Arabia volar\\u00e1 entre Madrid y T\\u00e1nger a partir del 1 de julio\",\"author\":{\"@id\":\"https:\\\/\\\/eldigitaldeasturias.com\\\/magazine365\\\/author\\\/admin\\\/#author\"},\"publisher\":{\"@id\":\"https:\\\/\\\/eldigitaldeasturias.com\\\/magazine365\\\/#organization\"},\"image\":{\"@type\":\"ImageObject\",\"url\":\"https:\\\/\\\/eldigitaldeasturias.com\\\/magazine365\\\/wp-content\\\/uploads\\\/2015\\\/06\\\/fotonoticia_20150619153104_800.jpg\",\"width\":800,\"height\":564},\"datePublished\":\"2015-06-20T02:00:33+02:00\",\"dateModified\":\"2015-06-20T02:00:33+02:00\",\"inLanguage\":\"es-ES\",\"mainEntityOfPage\":{\"@id\":\"https:\\\/\\\/eldigitaldeasturias.com\\\/magazine365\\\/air-arabia-volara-entre-madrid-y-tanger-a-partir-del-1-de-julio\\\/#webpage\"},\"isPartOf\":{\"@id\":\"https:\\\/\\\/eldigitaldeasturias.com\\\/magazine365\\\/air-arabia-volara-entre-madrid-y-tanger-a-partir-del-1-de-julio\\\/#webpage\"},\"articleSection\":\"Actualidad Turismo\"},{\"@type\":\"BreadcrumbList\",\"@id\":\"https:\\\/\\\/eldigitaldeasturias.com\\\/magazine365\\\/air-arabia-volara-entre-madrid-y-tanger-a-partir-del-1-de-julio\\\/#breadcrumblist\",\"itemListElement\":[{\"@type\":\"ListItem\",\"@id\":\"https:\\\/\\\/eldigitaldeasturias.com\\\/magazine365#listItem\",\"position\":1,\"name\":\"Home\",\"item\":\"https:\\\/\\\/eldigitaldeasturias.com\\\/magazine365\",\"nextItem\":{\"@type\":\"ListItem\",\"@id\":\"https:\\\/\\\/eldigitaldeasturias.com\\\/magazine365\\\/category\\\/actualidad-turismo\\\/#listItem\",\"name\":\"Actualidad Turismo\"}},{\"@type\":\"ListItem\",\"@id\":\"https:\\\/\\\/eldigitaldeasturias.com\\\/magazine365\\\/category\\\/actualidad-turismo\\\/#listItem\",\"position\":2,\"name\":\"Actualidad Turismo\",\"item\":\"https:\\\/\\\/eldigitaldeasturias.com\\\/magazine365\\\/category\\\/actualidad-turismo\\\/\",\"nextItem\":{\"@type\":\"ListItem\",\"@id\":\"https:\\\/\\\/eldigitaldeasturias.com\\\/magazine365\\\/air-arabia-volara-entre-madrid-y-tanger-a-partir-del-1-de-julio\\\/#listItem\",\"name\":\"Air Arabia volar\\u00e1 entre Madrid y T\\u00e1nger a partir del 1 de julio\"},\"previousItem\":{\"@type\":\"ListItem\",\"@id\":\"https:\\\/\\\/eldigitaldeasturias.com\\\/magazine365#listItem\",\"name\":\"Home\"}},{\"@type\":\"ListItem\",\"@id\":\"https:\\\/\\\/eldigitaldeasturias.com\\\/magazine365\\\/air-arabia-volara-entre-madrid-y-tanger-a-partir-del-1-de-julio\\\/#listItem\",\"position\":3,\"name\":\"Air Arabia volar\\u00e1 entre Madrid y T\\u00e1nger a partir del 1 de julio\",\"previousItem\":{\"@type\":\"ListItem\",\"@id\":\"https:\\\/\\\/eldigitaldeasturias.com\\\/magazine365\\\/category\\\/actualidad-turismo\\\/#listItem\",\"name\":\"Actualidad Turismo\"}}]},{\"@type\":\"Organization\",\"@id\":\"https:\\\/\\\/eldigitaldeasturias.com\\\/magazine365\\\/#organization\",\"name\":\"El digital de Asturias\",\"description\":\"Revista de ocio, turismo y estilo de vida\",\"url\":\"https:\\\/\\\/eldigitaldeasturias.com\\\/magazine365\\\/\",\"logo\":{\"@type\":\"ImageObject\",\"url\":\"https:\\\/\\\/www.eldigitaldeasturias.com\\\/noticias\\\/wp-content\\\/uploads\\\/2020\\\/12\\\/EDA.jpg\",\"@id\":\"https:\\\/\\\/eldigitaldeasturias.com\\\/magazine365\\\/air-arabia-volara-entre-madrid-y-tanger-a-partir-del-1-de-julio\\\/#organizationLogo\"},\"image\":{\"@id\":\"https:\\\/\\\/eldigitaldeasturias.com\\\/magazine365\\\/air-arabia-volara-entre-madrid-y-tanger-a-partir-del-1-de-julio\\\/#organizationLogo\"}},{\"@type\":\"Person\",\"@id\":\"https:\\\/\\\/eldigitaldeasturias.com\\\/magazine365\\\/author\\\/admin\\\/#author\",\"url\":\"https:\\\/\\\/eldigitaldeasturias.com\\\/magazine365\\\/author\\\/admin\\\/\",\"name\":\"admin\",\"image\":{\"@type\":\"ImageObject\",\"@id\":\"https:\\\/\\\/eldigitaldeasturias.com\\\/magazine365\\\/air-arabia-volara-entre-madrid-y-tanger-a-partir-del-1-de-julio\\\/#authorImage\",\"url\":\"https:\\\/\\\/eldigitaldeasturias.com\\\/magazine365\\\/wp-content\\\/litespeed\\\/avatar\\\/e571bcf59a0edd6fa6838245a470f2fe.jpg?ver=1777574230\",\"width\":96,\"height\":96,\"caption\":\"admin\"}},{\"@type\":\"WebPage\",\"@id\":\"https:\\\/\\\/eldigitaldeasturias.com\\\/magazine365\\\/air-arabia-volara-entre-madrid-y-tanger-a-partir-del-1-de-julio\\\/#webpage\",\"url\":\"https:\\\/\\\/eldigitaldeasturias.com\\\/magazine365\\\/air-arabia-volara-entre-madrid-y-tanger-a-partir-del-1-de-julio\\\/\",\"name\":\"Air Arabia volar\\u00e1 entre Madrid y T\\u00e1nger a partir del 1 de julio | El Digital de Asturias\",\"description\":\"Air Arabia Maroc ha lanzado nueva ruta entre el aeropuerto Adolfo Su\\u00e1rez Madrid-Barajas y el aeropuerto de T\\u00e1nger-Ibn Batouta a partir del 1 de julio, seg\\u00fan ha informado la aerol\\u00ednea en un comunicado. La 'low cost' de Oriente Medio y Norte de \\u00c1frica operar\\u00e1 tres vuelos semanales de ida y vuelta (jueves, viernes y domingos)\",\"inLanguage\":\"es-ES\",\"isPartOf\":{\"@id\":\"https:\\\/\\\/eldigitaldeasturias.com\\\/magazine365\\\/#website\"},\"breadcrumb\":{\"@id\":\"https:\\\/\\\/eldigitaldeasturias.com\\\/magazine365\\\/air-arabia-volara-entre-madrid-y-tanger-a-partir-del-1-de-julio\\\/#breadcrumblist\"},\"author\":{\"@id\":\"https:\\\/\\\/eldigitaldeasturias.com\\\/magazine365\\\/author\\\/admin\\\/#author\"},\"creator\":{\"@id\":\"https:\\\/\\\/eldigitaldeasturias.com\\\/magazine365\\\/author\\\/admin\\\/#author\"},\"image\":{\"@type\":\"ImageObject\",\"url\":\"https:\\\/\\\/eldigitaldeasturias.com\\\/magazine365\\\/wp-content\\\/uploads\\\/2015\\\/06\\\/fotonoticia_20150619153104_800.jpg\",\"@id\":\"https:\\\/\\\/eldigitaldeasturias.com\\\/magazine365\\\/air-arabia-volara-entre-madrid-y-tanger-a-partir-del-1-de-julio\\\/#mainImage\",\"width\":800,\"height\":564},\"primaryImageOfPage\":{\"@id\":\"https:\\\/\\\/eldigitaldeasturias.com\\\/magazine365\\\/air-arabia-volara-entre-madrid-y-tanger-a-partir-del-1-de-julio\\\/#mainImage\"},\"datePublished\":\"2015-06-20T02:00:33+02:00\",\"dateModified\":\"2015-06-20T02:00:33+02:00\"},{\"@type\":\"WebSite\",\"@id\":\"https:\\\/\\\/eldigitaldeasturias.com\\\/magazine365\\\/#website\",\"url\":\"https:\\\/\\\/eldigitaldeasturias.com\\\/magazine365\\\/\",\"name\":\"El Digital de Asturias\",\"description\":\"Revista de ocio, turismo y estilo de vida\",\"inLanguage\":\"es-ES\",\"publisher\":{\"@id\":\"https:\\\/\\\/eldigitaldeasturias.com\\\/magazine365\\\/#organization\"}}]}\n\t\t<\/script>\n\t\t<!-- All in One SEO Pro -->\r\n\t\t<title>Air Arabia volar\u00e1 entre Madrid y T\u00e1nger a partir del 1 de julio | El Digital de Asturias<\/title>\n\n","aioseo_head_json":{"title":"Air Arabia volar\u00e1 entre Madrid y T\u00e1nger a partir del 1 de julio | El Digital de Asturias","description":"Air Arabia Maroc ha lanzado nueva ruta entre el aeropuerto Adolfo Su\u00e1rez Madrid-Barajas y el aeropuerto de T\u00e1nger-Ibn Batouta a partir del 1 de julio, seg\u00fan ha informado la aerol\u00ednea en un comunicado. La 'low cost' de Oriente Medio y Norte de \u00c1frica operar\u00e1 tres vuelos semanales de ida y vuelta (jueves, viernes y domingos)","canonical_url":"https:\/\/eldigitaldeasturias.com\/magazine365\/air-arabia-volara-entre-madrid-y-tanger-a-partir-del-1-de-julio\/","robots":"max-image-preview:large","keywords":"actualidad turismo","webmasterTools":{"google-site-verification":"UA-38556648-1","miscellaneous":""},"schema":{"@context":"https:\/\/schema.org","@graph":[{"@type":"Article","@id":"https:\/\/eldigitaldeasturias.com\/magazine365\/air-arabia-volara-entre-madrid-y-tanger-a-partir-del-1-de-julio\/#article","name":"Air Arabia volar\u00e1 entre Madrid y T\u00e1nger a partir del 1 de julio | El Digital de Asturias","headline":"Air Arabia volar\u00e1 entre Madrid y T\u00e1nger a partir del 1 de julio","author":{"@id":"https:\/\/eldigitaldeasturias.com\/magazine365\/author\/admin\/#author"},"publisher":{"@id":"https:\/\/eldigitaldeasturias.com\/magazine365\/#organization"},"image":{"@type":"ImageObject","url":"https:\/\/eldigitaldeasturias.com\/magazine365\/wp-content\/uploads\/2015\/06\/fotonoticia_20150619153104_800.jpg","width":800,"height":564},"datePublished":"2015-06-20T02:00:33+02:00","dateModified":"2015-06-20T02:00:33+02:00","inLanguage":"es-ES","mainEntityOfPage":{"@id":"https:\/\/eldigitaldeasturias.com\/magazine365\/air-arabia-volara-entre-madrid-y-tanger-a-partir-del-1-de-julio\/#webpage"},"isPartOf":{"@id":"https:\/\/eldigitaldeasturias.com\/magazine365\/air-arabia-volara-entre-madrid-y-tanger-a-partir-del-1-de-julio\/#webpage"},"articleSection":"Actualidad Turismo"},{"@type":"BreadcrumbList","@id":"https:\/\/eldigitaldeasturias.com\/magazine365\/air-arabia-volara-entre-madrid-y-tanger-a-partir-del-1-de-julio\/#breadcrumblist","itemListElement":[{"@type":"ListItem","@id":"https:\/\/eldigitaldeasturias.com\/magazine365#listItem","position":1,"name":"Home","item":"https:\/\/eldigitaldeasturias.com\/magazine365","nextItem":{"@type":"ListItem","@id":"https:\/\/eldigitaldeasturias.com\/magazine365\/category\/actualidad-turismo\/#listItem","name":"Actualidad Turismo"}},{"@type":"ListItem","@id":"https:\/\/eldigitaldeasturias.com\/magazine365\/category\/actualidad-turismo\/#listItem","position":2,"name":"Actualidad Turismo","item":"https:\/\/eldigitaldeasturias.com\/magazine365\/category\/actualidad-turismo\/","nextItem":{"@type":"ListItem","@id":"https:\/\/eldigitaldeasturias.com\/magazine365\/air-arabia-volara-entre-madrid-y-tanger-a-partir-del-1-de-julio\/#listItem","name":"Air Arabia volar\u00e1 entre Madrid y T\u00e1nger a partir del 1 de julio"},"previousItem":{"@type":"ListItem","@id":"https:\/\/eldigitaldeasturias.com\/magazine365#listItem","name":"Home"}},{"@type":"ListItem","@id":"https:\/\/eldigitaldeasturias.com\/magazine365\/air-arabia-volara-entre-madrid-y-tanger-a-partir-del-1-de-julio\/#listItem","position":3,"name":"Air Arabia volar\u00e1 entre Madrid y T\u00e1nger a partir del 1 de julio","previousItem":{"@type":"ListItem","@id":"https:\/\/eldigitaldeasturias.com\/magazine365\/category\/actualidad-turismo\/#listItem","name":"Actualidad Turismo"}}]},{"@type":"Organization","@id":"https:\/\/eldigitaldeasturias.com\/magazine365\/#organization","name":"El digital de Asturias","description":"Revista de ocio, turismo y estilo de vida","url":"https:\/\/eldigitaldeasturias.com\/magazine365\/","logo":{"@type":"ImageObject","url":"https:\/\/www.eldigitaldeasturias.com\/noticias\/wp-content\/uploads\/2020\/12\/EDA.jpg","@id":"https:\/\/eldigitaldeasturias.com\/magazine365\/air-arabia-volara-entre-madrid-y-tanger-a-partir-del-1-de-julio\/#organizationLogo"},"image":{"@id":"https:\/\/eldigitaldeasturias.com\/magazine365\/air-arabia-volara-entre-madrid-y-tanger-a-partir-del-1-de-julio\/#organizationLogo"}},{"@type":"Person","@id":"https:\/\/eldigitaldeasturias.com\/magazine365\/author\/admin\/#author","url":"https:\/\/eldigitaldeasturias.com\/magazine365\/author\/admin\/","name":"admin","image":{"@type":"ImageObject","@id":"https:\/\/eldigitaldeasturias.com\/magazine365\/air-arabia-volara-entre-madrid-y-tanger-a-partir-del-1-de-julio\/#authorImage","url":"https:\/\/eldigitaldeasturias.com\/magazine365\/wp-content\/litespeed\/avatar\/e571bcf59a0edd6fa6838245a470f2fe.jpg?ver=1777574230","width":96,"height":96,"caption":"admin"}},{"@type":"WebPage","@id":"https:\/\/eldigitaldeasturias.com\/magazine365\/air-arabia-volara-entre-madrid-y-tanger-a-partir-del-1-de-julio\/#webpage","url":"https:\/\/eldigitaldeasturias.com\/magazine365\/air-arabia-volara-entre-madrid-y-tanger-a-partir-del-1-de-julio\/","name":"Air Arabia volar\u00e1 entre Madrid y T\u00e1nger a partir del 1 de julio | El Digital de Asturias","description":"Air Arabia Maroc ha lanzado nueva ruta entre el aeropuerto Adolfo Su\u00e1rez Madrid-Barajas y el aeropuerto de T\u00e1nger-Ibn Batouta a partir del 1 de julio, seg\u00fan ha informado la aerol\u00ednea en un comunicado. La 'low cost' de Oriente Medio y Norte de \u00c1frica operar\u00e1 tres vuelos semanales de ida y vuelta (jueves, viernes y domingos)","inLanguage":"es-ES","isPartOf":{"@id":"https:\/\/eldigitaldeasturias.com\/magazine365\/#website"},"breadcrumb":{"@id":"https:\/\/eldigitaldeasturias.com\/magazine365\/air-arabia-volara-entre-madrid-y-tanger-a-partir-del-1-de-julio\/#breadcrumblist"},"author":{"@id":"https:\/\/eldigitaldeasturias.com\/magazine365\/author\/admin\/#author"},"creator":{"@id":"https:\/\/eldigitaldeasturias.com\/magazine365\/author\/admin\/#author"},"image":{"@type":"ImageObject","url":"https:\/\/eldigitaldeasturias.com\/magazine365\/wp-content\/uploads\/2015\/06\/fotonoticia_20150619153104_800.jpg","@id":"https:\/\/eldigitaldeasturias.com\/magazine365\/air-arabia-volara-entre-madrid-y-tanger-a-partir-del-1-de-julio\/#mainImage","width":800,"height":564},"primaryImageOfPage":{"@id":"https:\/\/eldigitaldeasturias.com\/magazine365\/air-arabia-volara-entre-madrid-y-tanger-a-partir-del-1-de-julio\/#mainImage"},"datePublished":"2015-06-20T02:00:33+02:00","dateModified":"2015-06-20T02:00:33+02:00"},{"@type":"WebSite","@id":"https:\/\/eldigitaldeasturias.com\/magazine365\/#website","url":"https:\/\/eldigitaldeasturias.com\/magazine365\/","name":"El Digital de Asturias","description":"Revista de ocio, turismo y estilo de vida","inLanguage":"es-ES","publisher":{"@id":"https:\/\/eldigitaldeasturias.com\/magazine365\/#organization"}}]},"og:locale":"es_ES","og:site_name":"El Digital de Asturias \u2013 Revista de ocio, turismo y estilo de vida","og:type":"article","og:title":"Air Arabia volar\u00e1 entre Madrid y T\u00e1nger a partir del 1 de julio | El Digital de Asturias","og:description":"Air Arabia Maroc ha lanzado nueva ruta entre el aeropuerto Adolfo Su\u00e1rez Madrid-Barajas y el aeropuerto de T\u00e1nger-Ibn Batouta a partir del 1 de julio, seg\u00fan ha informado la aerol\u00ednea en un comunicado. La 'low cost' de Oriente Medio y Norte de \u00c1frica operar\u00e1 tres vuelos semanales de ida y vuelta (jueves, viernes y domingos)","og:url":"https:\/\/eldigitaldeasturias.com\/magazine365\/air-arabia-volara-entre-madrid-y-tanger-a-partir-del-1-de-julio\/","og:image":"https:\/\/eldigitaldeasturias.com\/magazine365\/wp-content\/uploads\/2015\/06\/fotonoticia_20150619153104_800.jpg","og:image:secure_url":"https:\/\/eldigitaldeasturias.com\/magazine365\/wp-content\/uploads\/2015\/06\/fotonoticia_20150619153104_800.jpg","og:image:width":800,"og:image:height":564,"article:published_time":"2015-06-20T00:30:33+00:00","article:modified_time":"2015-06-20T00:30:33+00:00","twitter:card":"summary_large_image","twitter:title":"Air Arabia volar\u00e1 entre Madrid y T\u00e1nger a partir del 1 de julio | El Digital de Asturias","twitter:description":"Air Arabia Maroc ha lanzado nueva ruta entre el aeropuerto Adolfo Su\u00e1rez Madrid-Barajas y el aeropuerto de T\u00e1nger-Ibn Batouta a partir del 1 de julio, seg\u00fan ha informado la aerol\u00ednea en un comunicado. La 'low cost' de Oriente Medio y Norte de \u00c1frica operar\u00e1 tres vuelos semanales de ida y vuelta (jueves, viernes y domingos)","twitter:image":"https:\/\/eldigitaldeasturias.com\/magazine365\/wp-content\/uploads\/2015\/06\/fotonoticia_20150619153104_800.jpg"},"aioseo_meta_data":{"post_id":"40430","title":null,"description":null,"keywords":null,"keyphrases":null,"primary_term":null,"canonical_url":null,"og_title":null,"og_description":null,"og_object_type":"default","og_image_type":"default","og_image_url":null,"og_image_width":null,"og_image_height":null,"og_image_custom_url":null,"og_image_custom_fields":null,"og_video":null,"og_custom_url":null,"og_article_section":null,"og_article_tags":null,"twitter_use_og":false,"twitter_card":"default","twitter_image_type":"default","twitter_image_url":null,"twitter_image_custom_url":null,"twitter_image_custom_fields":null,"twitter_title":null,"twitter_description":null,"schema":{"blockGraphs":[],"customGraphs":[],"default":{"data":{"Article":[],"Course":[],"Dataset":[],"FAQPage":[],"Movie":[],"Person":[],"Product":[],"ProductReview":[],"Car":[],"Recipe":[],"Service":[],"SoftwareApplication":[],"WebPage":[]},"graphName":"","isEnabled":true},"graphs":[],"defaultGraph":"","defaultPostTypeGraph":""},"schema_type":null,"schema_type_options":null,"pillar_content":false,"robots_default":true,"robots_noindex":false,"robots_noarchive":false,"robots_nosnippet":false,"robots_nofollow":false,"robots_noimageindex":false,"robots_noodp":false,"robots_notranslate":false,"robots_max_snippet":null,"robots_max_videopreview":null,"robots_max_imagepreview":"large","priority":null,"frequency":null,"location":null,"local_seo":null,"seo_analyzer_scan_date":"2025-09-19 13:31:06","breadcrumb_settings":null,"limit_modified_date":false,"open_ai":null,"ai":null,"created":"2021-03-09 02:28:42","updated":"2025-09-19 13:31:06"},"aioseo_breadcrumb":"<div class=\"aioseo-breadcrumbs\"><span class=\"aioseo-breadcrumb\">\n\t<a href=\"https:\/\/eldigitaldeasturias.com\/magazine365\" title=\"Home\">Home<\/a>\n<\/span><span class=\"aioseo-breadcrumb-separator\">\u2013<\/span><span class=\"aioseo-breadcrumb\">\n\t<a href=\"https:\/\/eldigitaldeasturias.com\/magazine365\/category\/actualidad-turismo\/\" title=\"Actualidad Turismo\">Actualidad Turismo<\/a>\n<\/span><span class=\"aioseo-breadcrumb-separator\">\u2013<\/span><span class=\"aioseo-breadcrumb\">\n\t<a href=\"https:\/\/eldigitaldeasturias.com\/magazine365\/air-arabia-volara-entre-madrid-y-tanger-a-partir-del-1-de-julio\/\" title=\"Air Arabia volar\u00e1 entre Madrid y T\u00e1nger a partir del 1 de julio\">Air Arabia volar\u00e1 entre Madrid y T\u00e1nger a partir del 1 de julio<\/a>\n<\/span><\/div>","aioseo_breadcrumb_json":[{"label":"Home","link":"https:\/\/eldigitaldeasturias.com\/magazine365"},{"label":"Actualidad Turismo","link":"https:\/\/eldigitaldeasturias.com\/magazine365\/category\/actualidad-turismo\/"},{"label":"Air Arabia volar\u00e1 entre Madrid y T\u00e1nger a partir del 1 de julio","link":"https:\/\/eldigitaldeasturias.com\/magazine365\/air-arabia-volara-entre-madrid-y-tanger-a-partir-del-1-de-julio\/"}],"_links":{"self":[{"href":"https:\/\/eldigitaldeasturias.com\/magazine365\/wp-json\/wp\/v2\/posts\/40430","targetHints":{"allow":["GET"]}}],"collection":[{"href":"https:\/\/eldigitaldeasturias.com\/magazine365\/wp-json\/wp\/v2\/posts"}],"about":[{"href":"https:\/\/eldigitaldeasturias.com\/magazine365\/wp-json\/wp\/v2\/types\/post"}],"author":[{"embeddable":true,"href":"https:\/\/eldigitaldeasturias.com\/magazine365\/wp-json\/wp\/v2\/users\/1"}],"replies":[{"embeddable":true,"href":"https:\/\/eldigitaldeasturias.com\/magazine365\/wp-json\/wp\/v2\/comments?post=40430"}],"version-history":[{"count":0,"href":"https:\/\/eldigitaldeasturias.com\/magazine365\/wp-json\/wp\/v2\/posts\/40430\/revisions"}],"wp:featuredmedia":[{"embeddable":true,"href":"https:\/\/eldigitaldeasturias.com\/magazine365\/wp-json\/wp\/v2\/media\/40431"}],"wp:attachment":[{"href":"https:\/\/eldigitaldeasturias.com\/magazine365\/wp-json\/wp\/v2\/media?parent=40430"}],"wp:term":[{"taxonomy":"category","embeddable":true,"href":"https:\/\/eldigitaldeasturias.com\/magazine365\/wp-json\/wp\/v2\/categories?post=40430"},{"taxonomy":"post_tag","embeddable":true,"href":"https:\/\/eldigitaldeasturias.com\/magazine365\/wp-json\/wp\/v2\/tags?post=40430"}],"curies":[{"name":"wp","href":"https:\/\/api.w.org\/{rel}","templated":true}]}}