{"id":40424,"date":"2015-06-20T01:55:30","date_gmt":"2015-06-20T00:25:30","guid":{"rendered":"http:\/\/eldigitaldeasturias.com\/magazine365\/?p=40424"},"modified":"2015-06-20T01:55:30","modified_gmt":"2015-06-20T00:25:30","slug":"el-acceso-en-vehiculo-a-motor-a-las-playas-de-poniente-de-cabo-de-gata-se-restringe-desde-este-sabado","status":"publish","type":"post","link":"https:\/\/eldigitaldeasturias.com\/magazine365\/el-acceso-en-vehiculo-a-motor-a-las-playas-de-poniente-de-cabo-de-gata-se-restringe-desde-este-sabado\/","title":{"rendered":"El acceso en veh\u00edculo a motor a las playas de Poniente de Cabo de Gata se restringe desde este s\u00e1bado"},"content":{"rendered":"<p><img fetchpriority=\"high\" decoding=\"async\" class=\"alignleft size-medium wp-image-40425\" src=\"https:\/\/eldigitaldeasturias.com\/magazine365\/wp-content\/uploads\/2015\/06\/fotonoticia_20150619150431_800-360x224.jpg\" alt=\"fotonoticia_20150619150431_800\" width=\"360\" height=\"224\" srcset=\"https:\/\/eldigitaldeasturias.com\/magazine365\/wp-content\/uploads\/2015\/06\/fotonoticia_20150619150431_800-360x224.jpg 360w, https:\/\/eldigitaldeasturias.com\/magazine365\/wp-content\/uploads\/2015\/06\/fotonoticia_20150619150431_800-650x405.jpg 650w, https:\/\/eldigitaldeasturias.com\/magazine365\/wp-content\/uploads\/2015\/06\/fotonoticia_20150619150431_800-768x478.jpg 768w, https:\/\/eldigitaldeasturias.com\/magazine365\/wp-content\/uploads\/2015\/06\/fotonoticia_20150619150431_800-150x93.jpg 150w, https:\/\/eldigitaldeasturias.com\/magazine365\/wp-content\/uploads\/2015\/06\/fotonoticia_20150619150431_800-450x280.jpg 450w, https:\/\/eldigitaldeasturias.com\/magazine365\/wp-content\/uploads\/2015\/06\/fotonoticia_20150619150431_800-696x433.jpg 696w, https:\/\/eldigitaldeasturias.com\/magazine365\/wp-content\/uploads\/2015\/06\/fotonoticia_20150619150431_800-675x420.jpg 675w, https:\/\/eldigitaldeasturias.com\/magazine365\/wp-content\/uploads\/2015\/06\/fotonoticia_20150619150431_800-279x173.jpg 279w, https:\/\/eldigitaldeasturias.com\/magazine365\/wp-content\/uploads\/2015\/06\/fotonoticia_20150619150431_800-480x300.jpg 480w, https:\/\/eldigitaldeasturias.com\/magazine365\/wp-content\/uploads\/2015\/06\/fotonoticia_20150619150431_800.jpg 800w\" sizes=\"(max-width: 360px) 100vw, 360px\" \/>La Junta de Andaluc\u00eda, a trav\u00e9s de la Delegaci\u00f3n Territorial de Agricultura, Pesca y Medio Ambiente, va a restringir desde este s\u00e1bado el acceso a las playas y calas del Parque Natural de Cabo de Gata-N\u00edjar (Almer\u00eda) ubicadas entre Genoveses y Cala Carb\u00f3n mediante veh\u00edculos motorizados, de forma que el acceso quedar\u00e1 limitado a un determinado n\u00famero de coches &#8211;entre 400 y 500 veh\u00edculos&#8211; y el uso de autob\u00fas por los que, como en a\u00f1os anteriores, se abonar\u00e1 una cantidad.<\/p>\n<p>El servicio de gesti\u00f3n de aparcamientos y acceso a las playas, a cargo de la empresa Torres y Gonz\u00e1lez D\u00edaz (Grupo Playas y Cortijos), incorpora como novedad este a\u00f1o la aplicaci\u00f3n de descuentos a familias numerosas y a pensionistas de entre el 20 y 50 por ciento hasta el final de temporada, es decir, hasta el 20 de septiembre.<\/p>\n<p>Durante este periodo, se acondicionar\u00e1n plazas de parking en las playas de M\u00f3nsul, Genoveses y el Barronal bajo un precio de cinco euros por veh\u00edculo al d\u00eda, mientras que el acceso en autob\u00fas ser\u00e1 de dos euros para trayectos de ida y vuelta, y de 1,50 euros para trayectos s\u00f3lo de ida.<\/p>\n<p>El abono de los tickets se ver\u00e1 reducido entre un 20 y 50 por ciento en funci\u00f3n de las categor\u00edas general o especial de familias numerosas, mientras que los pensionistas obtendr\u00e1n una reducci\u00f3n m\u00e1xima del 30 por ciento en el pago las entradas. En todos los casos el descuento se practicar\u00e1 por ticket por persona y d\u00eda.<\/p>\n<p>El horario en el que se cobrar\u00e1 por el estacionamiento de veh\u00edculos ser\u00e1 entre las 8,00 y 19,00 horas. Cuando el personal comunique que el aforo se encuentra completo, se cerrar\u00e1 la barrera que da acceso a estas playas, y se levantar\u00e1 peri\u00f3dicamente para permitir el acceso de m\u00e1s veh\u00edculos en igual n\u00famero a los que salgan. Asimismo, se reservar\u00e1n varias plazas para veh\u00edculos que dispongan de tarjeta de aparcamiento para personas con movilidad reducida o con discapacidad f\u00edsica.<\/p>\n<p>Para el servicio de transporte discrecional, la empresa dispondr\u00e1 como m\u00ednimo de dos autobuses de 55 plazas cada uno, si bien se ha comprometido a ofrecer tantos veh\u00edculos como sea necesario, en funci\u00f3n de la demanda, sobre todo en fines de semana, festivos u otras fechas en las que se prevea alg\u00fan evento multitudinario.<\/p>\n<p>La ruta de los autobuses ser\u00e1 circular y tendr\u00e1 como origen la parada inicial de San Jos\u00e9 &#8211;habilitada en el casco urbano&#8211;, y finalizar\u00e1 en la zona de aparcamientos adyacente al Centro de Servicios Litorales, donde se habilitar\u00e1 una zona de parada, en M\u00f3nsul. Existir\u00e1 una parada intermedia permanente en Los Genoveses, situada cerca de la zona de aparcamiento habilitada en la playa de dicho enclave, destinada a la carga y descarga de pasajeros en ambos sentidos de la ruta circular.<\/p>\n<p>En cualquier caso, cuando lo soliciten los usuarios, los autobuses podr\u00e1n efectuar paradas no permanentes para la carga y descarga de pasajeros en las inmediaciones de la zona de barrera de acceso de entrada y salida a la pista de acceso a las playas y en la zona habilitada del aparcamiento de Barronal.<\/p>\n<p>BA\u00d1OS PORT\u00c1TILES<\/p>\n<p>Otra de las novedades que se contempla para esta temporada es la instalaci\u00f3n de dos servicios port\u00e1tiles de WC, de forma que la empresa adjudicataria del servicio ser\u00e1 tambi\u00e9n la responsable del mantenimiento de los mismos. Asimismo, el Grupo Playas y Cortijos tambi\u00e9n dar\u00e1 informaci\u00f3n medioambiental a los visitantes y se encargar\u00e1 del mantenimiento del ecosistema.<\/p>\n<p>Con respecto a ese mantenimiento, el contrato precisa que la empresa asumir\u00e1 las tareas de recogida manual de los residuos que se suelen generar como consecuencia de la gran aglomeraci\u00f3n de personas que se registra en los meses de verano. Para este servicio, la empresa contar\u00e1 con dos operarios y un veh\u00edculo adaptado.<\/p>\n<p>La limitaci\u00f3n a la circulaci\u00f3n, que se viene aplicando desde hace unos a\u00f1os, se adopta a la vista del exceso de tr\u00e1fico rodado a las playas naturales situadas a poniente de San Jos\u00e9 durante la \u00e9poca estival, tr\u00e1fico que supera la capacidad de carga del Parque Natural y que supone un factor de degradaci\u00f3n de sus valores naturales y paisaj\u00edsticos, adem\u00e1s de un riesgo para la seguridad y el bienestar de las personas.<\/p>\n<p>El contrato administrativo suscrito por la Delegaci\u00f3n Territorial y la empresa Torres y Gonz\u00e1lez D\u00edaz se ha adoptado mediante procedimiento negociado sin publicidad. El Grupo Playas y Cortijos es propietaria o dispone en exclusiva de medios materiales que se consideran necesarios para la prestaci\u00f3n de los servicios, esto es, las fincas donde se encuentran dos espacios habilitados para el aparcamiento.<\/p>\n","protected":false},"excerpt":{"rendered":"<p>La Junta de Andaluc\u00eda, a trav\u00e9s de la Delegaci\u00f3n Territorial de Agricultura, Pesca y Medio Ambiente, va a restringir desde este s\u00e1bado el acceso a las playas y calas del Parque Natural de Cabo de Gata-N\u00edjar (Almer\u00eda) ubicadas entre Genoveses y Cala Carb\u00f3n mediante veh\u00edculos motorizados, de forma que el acceso quedar\u00e1 limitado a un<\/p>\n","protected":false},"author":1,"featured_media":40425,"comment_status":"open","ping_status":"closed","sticky":false,"template":"","format":"standard","meta":{"footnotes":""},"categories":[222],"tags":[],"class_list":{"0":"post-40424","1":"post","2":"type-post","3":"status-publish","4":"format-standard","5":"has-post-thumbnail","7":"category-actualidad-turismo"},"aioseo_notices":[],"aioseo_head":"\n\t\t<!-- All in One SEO Pro 4.9.6.1 - aioseo.com -->\n\t<meta name=\"description\" content=\"La Junta de Andaluc\u00eda, a trav\u00e9s de la Delegaci\u00f3n Territorial de Agricultura, Pesca y Medio Ambiente, va a restringir desde este s\u00e1bado el acceso a las playas y calas del Parque Natural de Cabo de Gata-N\u00edjar (Almer\u00eda) ubicadas entre Genoveses y Cala Carb\u00f3n mediante veh\u00edculos motorizados, de forma que el acceso quedar\u00e1 limitado a un\" \/>\n\t<meta name=\"robots\" content=\"max-image-preview:large\" \/>\n\t<meta name=\"author\" content=\"admin\"\/>\n\t<meta name=\"google-site-verification\" content=\"UA-38556648-1\" \/>\n\t<meta name=\"keywords\" content=\"actualidad turismo\" \/>\n\t<link rel=\"canonical\" href=\"https:\/\/eldigitaldeasturias.com\/magazine365\/el-acceso-en-vehiculo-a-motor-a-las-playas-de-poniente-de-cabo-de-gata-se-restringe-desde-este-sabado\/\" \/>\n\t<meta name=\"generator\" content=\"All in One SEO Pro (AIOSEO) 4.9.6.1\" \/>\n\t\t<meta property=\"og:locale\" content=\"es_ES\" \/>\n\t\t<meta property=\"og:site_name\" content=\"El Digital de Asturias \u2013 Revista de ocio, turismo y estilo de vida\" \/>\n\t\t<meta property=\"og:type\" content=\"article\" \/>\n\t\t<meta property=\"og:title\" content=\"El acceso en veh\u00edculo a motor a las playas de Poniente de Cabo de Gata se restringe desde este s\u00e1bado | El Digital de Asturias\" \/>\n\t\t<meta property=\"og:description\" content=\"La Junta de Andaluc\u00eda, a trav\u00e9s de la Delegaci\u00f3n Territorial de Agricultura, Pesca y Medio Ambiente, va a restringir desde este s\u00e1bado el acceso a las playas y calas del Parque Natural de Cabo de Gata-N\u00edjar (Almer\u00eda) ubicadas entre Genoveses y Cala Carb\u00f3n mediante veh\u00edculos motorizados, de forma que el acceso quedar\u00e1 limitado a un\" \/>\n\t\t<meta property=\"og:url\" content=\"https:\/\/eldigitaldeasturias.com\/magazine365\/el-acceso-en-vehiculo-a-motor-a-las-playas-de-poniente-de-cabo-de-gata-se-restringe-desde-este-sabado\/\" \/>\n\t\t<meta property=\"og:image\" content=\"https:\/\/eldigitaldeasturias.com\/magazine365\/wp-content\/uploads\/2015\/06\/fotonoticia_20150619150431_800.jpg\" \/>\n\t\t<meta property=\"og:image:secure_url\" content=\"https:\/\/eldigitaldeasturias.com\/magazine365\/wp-content\/uploads\/2015\/06\/fotonoticia_20150619150431_800.jpg\" \/>\n\t\t<meta property=\"og:image:width\" content=\"800\" \/>\n\t\t<meta property=\"og:image:height\" content=\"498\" \/>\n\t\t<meta property=\"article:published_time\" content=\"2015-06-20T00:25:30+00:00\" \/>\n\t\t<meta property=\"article:modified_time\" content=\"2015-06-20T00:25:30+00:00\" \/>\n\t\t<meta name=\"twitter:card\" content=\"summary_large_image\" \/>\n\t\t<meta name=\"twitter:title\" content=\"El acceso en veh\u00edculo a motor a las playas de Poniente de Cabo de Gata se restringe desde este s\u00e1bado | El Digital de Asturias\" \/>\n\t\t<meta name=\"twitter:description\" content=\"La Junta de Andaluc\u00eda, a trav\u00e9s de la Delegaci\u00f3n Territorial de Agricultura, Pesca y Medio Ambiente, va a restringir desde este s\u00e1bado el acceso a las playas y calas del Parque Natural de Cabo de Gata-N\u00edjar (Almer\u00eda) ubicadas entre Genoveses y Cala Carb\u00f3n mediante veh\u00edculos motorizados, de forma que el acceso quedar\u00e1 limitado a un\" \/>\n\t\t<meta name=\"twitter:image\" content=\"https:\/\/eldigitaldeasturias.com\/magazine365\/wp-content\/uploads\/2015\/06\/fotonoticia_20150619150431_800.jpg\" \/>\n\t\t<script type=\"application\/ld+json\" class=\"aioseo-schema\">\n\t\t\t{\"@context\":\"https:\\\/\\\/schema.org\",\"@graph\":[{\"@type\":\"Article\",\"@id\":\"https:\\\/\\\/eldigitaldeasturias.com\\\/magazine365\\\/el-acceso-en-vehiculo-a-motor-a-las-playas-de-poniente-de-cabo-de-gata-se-restringe-desde-este-sabado\\\/#article\",\"name\":\"El acceso en veh\\u00edculo a motor a las playas de Poniente de Cabo de Gata se restringe desde este s\\u00e1bado | El Digital de Asturias\",\"headline\":\"El acceso en veh\\u00edculo a motor a las playas de Poniente de Cabo de Gata se restringe desde este s\\u00e1bado\",\"author\":{\"@id\":\"https:\\\/\\\/eldigitaldeasturias.com\\\/magazine365\\\/author\\\/admin\\\/#author\"},\"publisher\":{\"@id\":\"https:\\\/\\\/eldigitaldeasturias.com\\\/magazine365\\\/#organization\"},\"image\":{\"@type\":\"ImageObject\",\"url\":\"https:\\\/\\\/eldigitaldeasturias.com\\\/magazine365\\\/wp-content\\\/uploads\\\/2015\\\/06\\\/fotonoticia_20150619150431_800.jpg\",\"width\":800,\"height\":498},\"datePublished\":\"2015-06-20T01:55:30+02:00\",\"dateModified\":\"2015-06-20T01:55:30+02:00\",\"inLanguage\":\"es-ES\",\"mainEntityOfPage\":{\"@id\":\"https:\\\/\\\/eldigitaldeasturias.com\\\/magazine365\\\/el-acceso-en-vehiculo-a-motor-a-las-playas-de-poniente-de-cabo-de-gata-se-restringe-desde-este-sabado\\\/#webpage\"},\"isPartOf\":{\"@id\":\"https:\\\/\\\/eldigitaldeasturias.com\\\/magazine365\\\/el-acceso-en-vehiculo-a-motor-a-las-playas-de-poniente-de-cabo-de-gata-se-restringe-desde-este-sabado\\\/#webpage\"},\"articleSection\":\"Actualidad Turismo\"},{\"@type\":\"BreadcrumbList\",\"@id\":\"https:\\\/\\\/eldigitaldeasturias.com\\\/magazine365\\\/el-acceso-en-vehiculo-a-motor-a-las-playas-de-poniente-de-cabo-de-gata-se-restringe-desde-este-sabado\\\/#breadcrumblist\",\"itemListElement\":[{\"@type\":\"ListItem\",\"@id\":\"https:\\\/\\\/eldigitaldeasturias.com\\\/magazine365#listItem\",\"position\":1,\"name\":\"Home\",\"item\":\"https:\\\/\\\/eldigitaldeasturias.com\\\/magazine365\",\"nextItem\":{\"@type\":\"ListItem\",\"@id\":\"https:\\\/\\\/eldigitaldeasturias.com\\\/magazine365\\\/category\\\/actualidad-turismo\\\/#listItem\",\"name\":\"Actualidad Turismo\"}},{\"@type\":\"ListItem\",\"@id\":\"https:\\\/\\\/eldigitaldeasturias.com\\\/magazine365\\\/category\\\/actualidad-turismo\\\/#listItem\",\"position\":2,\"name\":\"Actualidad Turismo\",\"item\":\"https:\\\/\\\/eldigitaldeasturias.com\\\/magazine365\\\/category\\\/actualidad-turismo\\\/\",\"nextItem\":{\"@type\":\"ListItem\",\"@id\":\"https:\\\/\\\/eldigitaldeasturias.com\\\/magazine365\\\/el-acceso-en-vehiculo-a-motor-a-las-playas-de-poniente-de-cabo-de-gata-se-restringe-desde-este-sabado\\\/#listItem\",\"name\":\"El acceso en veh\\u00edculo a motor a las playas de Poniente de Cabo de Gata se restringe desde este s\\u00e1bado\"},\"previousItem\":{\"@type\":\"ListItem\",\"@id\":\"https:\\\/\\\/eldigitaldeasturias.com\\\/magazine365#listItem\",\"name\":\"Home\"}},{\"@type\":\"ListItem\",\"@id\":\"https:\\\/\\\/eldigitaldeasturias.com\\\/magazine365\\\/el-acceso-en-vehiculo-a-motor-a-las-playas-de-poniente-de-cabo-de-gata-se-restringe-desde-este-sabado\\\/#listItem\",\"position\":3,\"name\":\"El acceso en veh\\u00edculo a motor a las playas de Poniente de Cabo de Gata se restringe desde este s\\u00e1bado\",\"previousItem\":{\"@type\":\"ListItem\",\"@id\":\"https:\\\/\\\/eldigitaldeasturias.com\\\/magazine365\\\/category\\\/actualidad-turismo\\\/#listItem\",\"name\":\"Actualidad Turismo\"}}]},{\"@type\":\"Organization\",\"@id\":\"https:\\\/\\\/eldigitaldeasturias.com\\\/magazine365\\\/#organization\",\"name\":\"El digital de Asturias\",\"description\":\"Revista de ocio, turismo y estilo de vida\",\"url\":\"https:\\\/\\\/eldigitaldeasturias.com\\\/magazine365\\\/\",\"logo\":{\"@type\":\"ImageObject\",\"url\":\"https:\\\/\\\/www.eldigitaldeasturias.com\\\/noticias\\\/wp-content\\\/uploads\\\/2020\\\/12\\\/EDA.jpg\",\"@id\":\"https:\\\/\\\/eldigitaldeasturias.com\\\/magazine365\\\/el-acceso-en-vehiculo-a-motor-a-las-playas-de-poniente-de-cabo-de-gata-se-restringe-desde-este-sabado\\\/#organizationLogo\"},\"image\":{\"@id\":\"https:\\\/\\\/eldigitaldeasturias.com\\\/magazine365\\\/el-acceso-en-vehiculo-a-motor-a-las-playas-de-poniente-de-cabo-de-gata-se-restringe-desde-este-sabado\\\/#organizationLogo\"}},{\"@type\":\"Person\",\"@id\":\"https:\\\/\\\/eldigitaldeasturias.com\\\/magazine365\\\/author\\\/admin\\\/#author\",\"url\":\"https:\\\/\\\/eldigitaldeasturias.com\\\/magazine365\\\/author\\\/admin\\\/\",\"name\":\"admin\",\"image\":{\"@type\":\"ImageObject\",\"@id\":\"https:\\\/\\\/eldigitaldeasturias.com\\\/magazine365\\\/el-acceso-en-vehiculo-a-motor-a-las-playas-de-poniente-de-cabo-de-gata-se-restringe-desde-este-sabado\\\/#authorImage\",\"url\":\"https:\\\/\\\/eldigitaldeasturias.com\\\/magazine365\\\/wp-content\\\/litespeed\\\/avatar\\\/e571bcf59a0edd6fa6838245a470f2fe.jpg?ver=1777574230\",\"width\":96,\"height\":96,\"caption\":\"admin\"}},{\"@type\":\"WebPage\",\"@id\":\"https:\\\/\\\/eldigitaldeasturias.com\\\/magazine365\\\/el-acceso-en-vehiculo-a-motor-a-las-playas-de-poniente-de-cabo-de-gata-se-restringe-desde-este-sabado\\\/#webpage\",\"url\":\"https:\\\/\\\/eldigitaldeasturias.com\\\/magazine365\\\/el-acceso-en-vehiculo-a-motor-a-las-playas-de-poniente-de-cabo-de-gata-se-restringe-desde-este-sabado\\\/\",\"name\":\"El acceso en veh\\u00edculo a motor a las playas de Poniente de Cabo de Gata se restringe desde este s\\u00e1bado | El Digital de Asturias\",\"description\":\"La Junta de Andaluc\\u00eda, a trav\\u00e9s de la Delegaci\\u00f3n Territorial de Agricultura, Pesca y Medio Ambiente, va a restringir desde este s\\u00e1bado el acceso a las playas y calas del Parque Natural de Cabo de Gata-N\\u00edjar (Almer\\u00eda) ubicadas entre Genoveses y Cala Carb\\u00f3n mediante veh\\u00edculos motorizados, de forma que el acceso quedar\\u00e1 limitado a un\",\"inLanguage\":\"es-ES\",\"isPartOf\":{\"@id\":\"https:\\\/\\\/eldigitaldeasturias.com\\\/magazine365\\\/#website\"},\"breadcrumb\":{\"@id\":\"https:\\\/\\\/eldigitaldeasturias.com\\\/magazine365\\\/el-acceso-en-vehiculo-a-motor-a-las-playas-de-poniente-de-cabo-de-gata-se-restringe-desde-este-sabado\\\/#breadcrumblist\"},\"author\":{\"@id\":\"https:\\\/\\\/eldigitaldeasturias.com\\\/magazine365\\\/author\\\/admin\\\/#author\"},\"creator\":{\"@id\":\"https:\\\/\\\/eldigitaldeasturias.com\\\/magazine365\\\/author\\\/admin\\\/#author\"},\"image\":{\"@type\":\"ImageObject\",\"url\":\"https:\\\/\\\/eldigitaldeasturias.com\\\/magazine365\\\/wp-content\\\/uploads\\\/2015\\\/06\\\/fotonoticia_20150619150431_800.jpg\",\"@id\":\"https:\\\/\\\/eldigitaldeasturias.com\\\/magazine365\\\/el-acceso-en-vehiculo-a-motor-a-las-playas-de-poniente-de-cabo-de-gata-se-restringe-desde-este-sabado\\\/#mainImage\",\"width\":800,\"height\":498},\"primaryImageOfPage\":{\"@id\":\"https:\\\/\\\/eldigitaldeasturias.com\\\/magazine365\\\/el-acceso-en-vehiculo-a-motor-a-las-playas-de-poniente-de-cabo-de-gata-se-restringe-desde-este-sabado\\\/#mainImage\"},\"datePublished\":\"2015-06-20T01:55:30+02:00\",\"dateModified\":\"2015-06-20T01:55:30+02:00\"},{\"@type\":\"WebSite\",\"@id\":\"https:\\\/\\\/eldigitaldeasturias.com\\\/magazine365\\\/#website\",\"url\":\"https:\\\/\\\/eldigitaldeasturias.com\\\/magazine365\\\/\",\"name\":\"El Digital de Asturias\",\"description\":\"Revista de ocio, turismo y estilo de vida\",\"inLanguage\":\"es-ES\",\"publisher\":{\"@id\":\"https:\\\/\\\/eldigitaldeasturias.com\\\/magazine365\\\/#organization\"}}]}\n\t\t<\/script>\n\t\t<!-- All in One SEO Pro -->\r\n\t\t<title>El acceso en veh\u00edculo a motor a las playas de Poniente de Cabo de Gata se restringe desde este s\u00e1bado | El Digital de Asturias<\/title>\n\n","aioseo_head_json":{"title":"El acceso en veh\u00edculo a motor a las playas de Poniente de Cabo de Gata se restringe desde este s\u00e1bado | El Digital de Asturias","description":"La Junta de Andaluc\u00eda, a trav\u00e9s de la Delegaci\u00f3n Territorial de Agricultura, Pesca y Medio Ambiente, va a restringir desde este s\u00e1bado el acceso a las playas y calas del Parque Natural de Cabo de Gata-N\u00edjar (Almer\u00eda) ubicadas entre Genoveses y Cala Carb\u00f3n mediante veh\u00edculos motorizados, de forma que el acceso quedar\u00e1 limitado a un","canonical_url":"https:\/\/eldigitaldeasturias.com\/magazine365\/el-acceso-en-vehiculo-a-motor-a-las-playas-de-poniente-de-cabo-de-gata-se-restringe-desde-este-sabado\/","robots":"max-image-preview:large","keywords":"actualidad turismo","webmasterTools":{"google-site-verification":"UA-38556648-1","miscellaneous":""},"schema":{"@context":"https:\/\/schema.org","@graph":[{"@type":"Article","@id":"https:\/\/eldigitaldeasturias.com\/magazine365\/el-acceso-en-vehiculo-a-motor-a-las-playas-de-poniente-de-cabo-de-gata-se-restringe-desde-este-sabado\/#article","name":"El acceso en veh\u00edculo a motor a las playas de Poniente de Cabo de Gata se restringe desde este s\u00e1bado | El Digital de Asturias","headline":"El acceso en veh\u00edculo a motor a las playas de Poniente de Cabo de Gata se restringe desde este s\u00e1bado","author":{"@id":"https:\/\/eldigitaldeasturias.com\/magazine365\/author\/admin\/#author"},"publisher":{"@id":"https:\/\/eldigitaldeasturias.com\/magazine365\/#organization"},"image":{"@type":"ImageObject","url":"https:\/\/eldigitaldeasturias.com\/magazine365\/wp-content\/uploads\/2015\/06\/fotonoticia_20150619150431_800.jpg","width":800,"height":498},"datePublished":"2015-06-20T01:55:30+02:00","dateModified":"2015-06-20T01:55:30+02:00","inLanguage":"es-ES","mainEntityOfPage":{"@id":"https:\/\/eldigitaldeasturias.com\/magazine365\/el-acceso-en-vehiculo-a-motor-a-las-playas-de-poniente-de-cabo-de-gata-se-restringe-desde-este-sabado\/#webpage"},"isPartOf":{"@id":"https:\/\/eldigitaldeasturias.com\/magazine365\/el-acceso-en-vehiculo-a-motor-a-las-playas-de-poniente-de-cabo-de-gata-se-restringe-desde-este-sabado\/#webpage"},"articleSection":"Actualidad Turismo"},{"@type":"BreadcrumbList","@id":"https:\/\/eldigitaldeasturias.com\/magazine365\/el-acceso-en-vehiculo-a-motor-a-las-playas-de-poniente-de-cabo-de-gata-se-restringe-desde-este-sabado\/#breadcrumblist","itemListElement":[{"@type":"ListItem","@id":"https:\/\/eldigitaldeasturias.com\/magazine365#listItem","position":1,"name":"Home","item":"https:\/\/eldigitaldeasturias.com\/magazine365","nextItem":{"@type":"ListItem","@id":"https:\/\/eldigitaldeasturias.com\/magazine365\/category\/actualidad-turismo\/#listItem","name":"Actualidad Turismo"}},{"@type":"ListItem","@id":"https:\/\/eldigitaldeasturias.com\/magazine365\/category\/actualidad-turismo\/#listItem","position":2,"name":"Actualidad Turismo","item":"https:\/\/eldigitaldeasturias.com\/magazine365\/category\/actualidad-turismo\/","nextItem":{"@type":"ListItem","@id":"https:\/\/eldigitaldeasturias.com\/magazine365\/el-acceso-en-vehiculo-a-motor-a-las-playas-de-poniente-de-cabo-de-gata-se-restringe-desde-este-sabado\/#listItem","name":"El acceso en veh\u00edculo a motor a las playas de Poniente de Cabo de Gata se restringe desde este s\u00e1bado"},"previousItem":{"@type":"ListItem","@id":"https:\/\/eldigitaldeasturias.com\/magazine365#listItem","name":"Home"}},{"@type":"ListItem","@id":"https:\/\/eldigitaldeasturias.com\/magazine365\/el-acceso-en-vehiculo-a-motor-a-las-playas-de-poniente-de-cabo-de-gata-se-restringe-desde-este-sabado\/#listItem","position":3,"name":"El acceso en veh\u00edculo a motor a las playas de Poniente de Cabo de Gata se restringe desde este s\u00e1bado","previousItem":{"@type":"ListItem","@id":"https:\/\/eldigitaldeasturias.com\/magazine365\/category\/actualidad-turismo\/#listItem","name":"Actualidad Turismo"}}]},{"@type":"Organization","@id":"https:\/\/eldigitaldeasturias.com\/magazine365\/#organization","name":"El digital de Asturias","description":"Revista de ocio, turismo y estilo de vida","url":"https:\/\/eldigitaldeasturias.com\/magazine365\/","logo":{"@type":"ImageObject","url":"https:\/\/www.eldigitaldeasturias.com\/noticias\/wp-content\/uploads\/2020\/12\/EDA.jpg","@id":"https:\/\/eldigitaldeasturias.com\/magazine365\/el-acceso-en-vehiculo-a-motor-a-las-playas-de-poniente-de-cabo-de-gata-se-restringe-desde-este-sabado\/#organizationLogo"},"image":{"@id":"https:\/\/eldigitaldeasturias.com\/magazine365\/el-acceso-en-vehiculo-a-motor-a-las-playas-de-poniente-de-cabo-de-gata-se-restringe-desde-este-sabado\/#organizationLogo"}},{"@type":"Person","@id":"https:\/\/eldigitaldeasturias.com\/magazine365\/author\/admin\/#author","url":"https:\/\/eldigitaldeasturias.com\/magazine365\/author\/admin\/","name":"admin","image":{"@type":"ImageObject","@id":"https:\/\/eldigitaldeasturias.com\/magazine365\/el-acceso-en-vehiculo-a-motor-a-las-playas-de-poniente-de-cabo-de-gata-se-restringe-desde-este-sabado\/#authorImage","url":"https:\/\/eldigitaldeasturias.com\/magazine365\/wp-content\/litespeed\/avatar\/e571bcf59a0edd6fa6838245a470f2fe.jpg?ver=1777574230","width":96,"height":96,"caption":"admin"}},{"@type":"WebPage","@id":"https:\/\/eldigitaldeasturias.com\/magazine365\/el-acceso-en-vehiculo-a-motor-a-las-playas-de-poniente-de-cabo-de-gata-se-restringe-desde-este-sabado\/#webpage","url":"https:\/\/eldigitaldeasturias.com\/magazine365\/el-acceso-en-vehiculo-a-motor-a-las-playas-de-poniente-de-cabo-de-gata-se-restringe-desde-este-sabado\/","name":"El acceso en veh\u00edculo a motor a las playas de Poniente de Cabo de Gata se restringe desde este s\u00e1bado | El Digital de Asturias","description":"La Junta de Andaluc\u00eda, a trav\u00e9s de la Delegaci\u00f3n Territorial de Agricultura, Pesca y Medio Ambiente, va a restringir desde este s\u00e1bado el acceso a las playas y calas del Parque Natural de Cabo de Gata-N\u00edjar (Almer\u00eda) ubicadas entre Genoveses y Cala Carb\u00f3n mediante veh\u00edculos motorizados, de forma que el acceso quedar\u00e1 limitado a un","inLanguage":"es-ES","isPartOf":{"@id":"https:\/\/eldigitaldeasturias.com\/magazine365\/#website"},"breadcrumb":{"@id":"https:\/\/eldigitaldeasturias.com\/magazine365\/el-acceso-en-vehiculo-a-motor-a-las-playas-de-poniente-de-cabo-de-gata-se-restringe-desde-este-sabado\/#breadcrumblist"},"author":{"@id":"https:\/\/eldigitaldeasturias.com\/magazine365\/author\/admin\/#author"},"creator":{"@id":"https:\/\/eldigitaldeasturias.com\/magazine365\/author\/admin\/#author"},"image":{"@type":"ImageObject","url":"https:\/\/eldigitaldeasturias.com\/magazine365\/wp-content\/uploads\/2015\/06\/fotonoticia_20150619150431_800.jpg","@id":"https:\/\/eldigitaldeasturias.com\/magazine365\/el-acceso-en-vehiculo-a-motor-a-las-playas-de-poniente-de-cabo-de-gata-se-restringe-desde-este-sabado\/#mainImage","width":800,"height":498},"primaryImageOfPage":{"@id":"https:\/\/eldigitaldeasturias.com\/magazine365\/el-acceso-en-vehiculo-a-motor-a-las-playas-de-poniente-de-cabo-de-gata-se-restringe-desde-este-sabado\/#mainImage"},"datePublished":"2015-06-20T01:55:30+02:00","dateModified":"2015-06-20T01:55:30+02:00"},{"@type":"WebSite","@id":"https:\/\/eldigitaldeasturias.com\/magazine365\/#website","url":"https:\/\/eldigitaldeasturias.com\/magazine365\/","name":"El Digital de Asturias","description":"Revista de ocio, turismo y estilo de vida","inLanguage":"es-ES","publisher":{"@id":"https:\/\/eldigitaldeasturias.com\/magazine365\/#organization"}}]},"og:locale":"es_ES","og:site_name":"El Digital de Asturias \u2013 Revista de ocio, turismo y estilo de vida","og:type":"article","og:title":"El acceso en veh\u00edculo a motor a las playas de Poniente de Cabo de Gata se restringe desde este s\u00e1bado | El Digital de Asturias","og:description":"La Junta de Andaluc\u00eda, a trav\u00e9s de la Delegaci\u00f3n Territorial de Agricultura, Pesca y Medio Ambiente, va a restringir desde este s\u00e1bado el acceso a las playas y calas del Parque Natural de Cabo de Gata-N\u00edjar (Almer\u00eda) ubicadas entre Genoveses y Cala Carb\u00f3n mediante veh\u00edculos motorizados, de forma que el acceso quedar\u00e1 limitado a un","og:url":"https:\/\/eldigitaldeasturias.com\/magazine365\/el-acceso-en-vehiculo-a-motor-a-las-playas-de-poniente-de-cabo-de-gata-se-restringe-desde-este-sabado\/","og:image":"https:\/\/eldigitaldeasturias.com\/magazine365\/wp-content\/uploads\/2015\/06\/fotonoticia_20150619150431_800.jpg","og:image:secure_url":"https:\/\/eldigitaldeasturias.com\/magazine365\/wp-content\/uploads\/2015\/06\/fotonoticia_20150619150431_800.jpg","og:image:width":800,"og:image:height":498,"article:published_time":"2015-06-20T00:25:30+00:00","article:modified_time":"2015-06-20T00:25:30+00:00","twitter:card":"summary_large_image","twitter:title":"El acceso en veh\u00edculo a motor a las playas de Poniente de Cabo de Gata se restringe desde este s\u00e1bado | El Digital de Asturias","twitter:description":"La Junta de Andaluc\u00eda, a trav\u00e9s de la Delegaci\u00f3n Territorial de Agricultura, Pesca y Medio Ambiente, va a restringir desde este s\u00e1bado el acceso a las playas y calas del Parque Natural de Cabo de Gata-N\u00edjar (Almer\u00eda) ubicadas entre Genoveses y Cala Carb\u00f3n mediante veh\u00edculos motorizados, de forma que el acceso quedar\u00e1 limitado a un","twitter:image":"https:\/\/eldigitaldeasturias.com\/magazine365\/wp-content\/uploads\/2015\/06\/fotonoticia_20150619150431_800.jpg"},"aioseo_meta_data":{"post_id":"40424","title":null,"description":null,"keywords":null,"keyphrases":null,"primary_term":null,"canonical_url":null,"og_title":null,"og_description":null,"og_object_type":"default","og_image_type":"default","og_image_url":null,"og_image_width":null,"og_image_height":null,"og_image_custom_url":null,"og_image_custom_fields":null,"og_video":null,"og_custom_url":null,"og_article_section":null,"og_article_tags":null,"twitter_use_og":false,"twitter_card":"default","twitter_image_type":"default","twitter_image_url":null,"twitter_image_custom_url":null,"twitter_image_custom_fields":null,"twitter_title":null,"twitter_description":null,"schema":{"blockGraphs":[],"customGraphs":[],"default":{"data":{"Article":[],"Course":[],"Dataset":[],"FAQPage":[],"Movie":[],"Person":[],"Product":[],"ProductReview":[],"Car":[],"Recipe":[],"Service":[],"SoftwareApplication":[],"WebPage":[]},"graphName":"","isEnabled":true},"graphs":[],"defaultGraph":"","defaultPostTypeGraph":""},"schema_type":null,"schema_type_options":null,"pillar_content":false,"robots_default":true,"robots_noindex":false,"robots_noarchive":false,"robots_nosnippet":false,"robots_nofollow":false,"robots_noimageindex":false,"robots_noodp":false,"robots_notranslate":false,"robots_max_snippet":null,"robots_max_videopreview":null,"robots_max_imagepreview":"large","priority":null,"frequency":null,"location":null,"local_seo":null,"seo_analyzer_scan_date":"2025-09-19 13:31:02","breadcrumb_settings":null,"limit_modified_date":false,"open_ai":null,"ai":null,"created":"2021-03-09 02:28:42","updated":"2025-09-19 13:31:02"},"aioseo_breadcrumb":"<div class=\"aioseo-breadcrumbs\"><span class=\"aioseo-breadcrumb\">\n\t<a href=\"https:\/\/eldigitaldeasturias.com\/magazine365\" title=\"Home\">Home<\/a>\n<\/span><span class=\"aioseo-breadcrumb-separator\">\u2013<\/span><span class=\"aioseo-breadcrumb\">\n\t<a href=\"https:\/\/eldigitaldeasturias.com\/magazine365\/category\/actualidad-turismo\/\" title=\"Actualidad Turismo\">Actualidad Turismo<\/a>\n<\/span><span class=\"aioseo-breadcrumb-separator\">\u2013<\/span><span class=\"aioseo-breadcrumb\">\n\t<a href=\"https:\/\/eldigitaldeasturias.com\/magazine365\/el-acceso-en-vehiculo-a-motor-a-las-playas-de-poniente-de-cabo-de-gata-se-restringe-desde-este-sabado\/\" title=\"El acceso en veh\u00edculo a motor a las playas de Poniente de Cabo de Gata se restringe desde este s\u00e1bado\">El acceso en veh\u00edculo a motor a las playas de Poniente de Cabo de Gata se restringe desde este s\u00e1bado<\/a>\n<\/span><\/div>","aioseo_breadcrumb_json":[{"label":"Home","link":"https:\/\/eldigitaldeasturias.com\/magazine365"},{"label":"Actualidad Turismo","link":"https:\/\/eldigitaldeasturias.com\/magazine365\/category\/actualidad-turismo\/"},{"label":"El acceso en veh\u00edculo a motor a las playas de Poniente de Cabo de Gata se restringe desde este s\u00e1bado","link":"https:\/\/eldigitaldeasturias.com\/magazine365\/el-acceso-en-vehiculo-a-motor-a-las-playas-de-poniente-de-cabo-de-gata-se-restringe-desde-este-sabado\/"}],"_links":{"self":[{"href":"https:\/\/eldigitaldeasturias.com\/magazine365\/wp-json\/wp\/v2\/posts\/40424","targetHints":{"allow":["GET"]}}],"collection":[{"href":"https:\/\/eldigitaldeasturias.com\/magazine365\/wp-json\/wp\/v2\/posts"}],"about":[{"href":"https:\/\/eldigitaldeasturias.com\/magazine365\/wp-json\/wp\/v2\/types\/post"}],"author":[{"embeddable":true,"href":"https:\/\/eldigitaldeasturias.com\/magazine365\/wp-json\/wp\/v2\/users\/1"}],"replies":[{"embeddable":true,"href":"https:\/\/eldigitaldeasturias.com\/magazine365\/wp-json\/wp\/v2\/comments?post=40424"}],"version-history":[{"count":0,"href":"https:\/\/eldigitaldeasturias.com\/magazine365\/wp-json\/wp\/v2\/posts\/40424\/revisions"}],"wp:featuredmedia":[{"embeddable":true,"href":"https:\/\/eldigitaldeasturias.com\/magazine365\/wp-json\/wp\/v2\/media\/40425"}],"wp:attachment":[{"href":"https:\/\/eldigitaldeasturias.com\/magazine365\/wp-json\/wp\/v2\/media?parent=40424"}],"wp:term":[{"taxonomy":"category","embeddable":true,"href":"https:\/\/eldigitaldeasturias.com\/magazine365\/wp-json\/wp\/v2\/categories?post=40424"},{"taxonomy":"post_tag","embeddable":true,"href":"https:\/\/eldigitaldeasturias.com\/magazine365\/wp-json\/wp\/v2\/tags?post=40424"}],"curies":[{"name":"wp","href":"https:\/\/api.w.org\/{rel}","templated":true}]}}