{"id":40421,"date":"2015-06-20T01:53:54","date_gmt":"2015-06-20T00:23:54","guid":{"rendered":"http:\/\/eldigitaldeasturias.com\/magazine365\/?p=40421"},"modified":"2015-06-20T01:53:54","modified_gmt":"2015-06-20T00:23:54","slug":"ccoo-advierte-que-el-aeropuerto-de-cordoba-no-podra-recibir-vuelos-comerciales-a-partir-de-julio","status":"publish","type":"post","link":"https:\/\/eldigitaldeasturias.com\/magazine365\/ccoo-advierte-que-el-aeropuerto-de-cordoba-no-podra-recibir-vuelos-comerciales-a-partir-de-julio\/","title":{"rendered":"CCOO advierte que el aeropuerto de C\u00f3rdoba no podr\u00e1 recibir vuelos comerciales a partir de julio"},"content":{"rendered":"<p><img fetchpriority=\"high\" decoding=\"async\" class=\"alignleft size-medium wp-image-40422\" src=\"https:\/\/eldigitaldeasturias.com\/magazine365\/wp-content\/uploads\/2015\/06\/fotonoticia_20150619145038_800-360x270.jpg\" alt=\"fotonoticia_20150619145038_800\" width=\"360\" height=\"270\" srcset=\"https:\/\/eldigitaldeasturias.com\/magazine365\/wp-content\/uploads\/2015\/06\/fotonoticia_20150619145038_800-360x270.jpg 360w, https:\/\/eldigitaldeasturias.com\/magazine365\/wp-content\/uploads\/2015\/06\/fotonoticia_20150619145038_800-650x488.jpg 650w, https:\/\/eldigitaldeasturias.com\/magazine365\/wp-content\/uploads\/2015\/06\/fotonoticia_20150619145038_800-768x576.jpg 768w, https:\/\/eldigitaldeasturias.com\/magazine365\/wp-content\/uploads\/2015\/06\/fotonoticia_20150619145038_800-150x113.jpg 150w, https:\/\/eldigitaldeasturias.com\/magazine365\/wp-content\/uploads\/2015\/06\/fotonoticia_20150619145038_800-450x338.jpg 450w, https:\/\/eldigitaldeasturias.com\/magazine365\/wp-content\/uploads\/2015\/06\/fotonoticia_20150619145038_800-80x60.jpg 80w, https:\/\/eldigitaldeasturias.com\/magazine365\/wp-content\/uploads\/2015\/06\/fotonoticia_20150619145038_800-265x198.jpg 265w, https:\/\/eldigitaldeasturias.com\/magazine365\/wp-content\/uploads\/2015\/06\/fotonoticia_20150619145038_800-696x522.jpg 696w, https:\/\/eldigitaldeasturias.com\/magazine365\/wp-content\/uploads\/2015\/06\/fotonoticia_20150619145038_800-560x420.jpg 560w, https:\/\/eldigitaldeasturias.com\/magazine365\/wp-content\/uploads\/2015\/06\/fotonoticia_20150619145038_800-90x67.jpg 90w, https:\/\/eldigitaldeasturias.com\/magazine365\/wp-content\/uploads\/2015\/06\/fotonoticia_20150619145038_800-100x75.jpg 100w, https:\/\/eldigitaldeasturias.com\/magazine365\/wp-content\/uploads\/2015\/06\/fotonoticia_20150619145038_800.jpg 800w\" sizes=\"(max-width: 360px) 100vw, 360px\" \/>El sindicato CCOO ha advertido este viernes que el pr\u00f3ximo mes de julio el aeropuerto de C\u00f3rdoba \u00abquedar\u00e1 inhabilitado para recibir vuelos comerciales, ya que a\u00fan no se ha instalado el Servicio de Informaci\u00f3n de Vuelo de Aer\u00f3dromo (AFIS), y a finales de este mes concluye la pr\u00f3rroga que la Agencia Estatal de Seguridad A\u00e9rea dio al aer\u00f3dromo para la instalaci\u00f3n de dicho sistema t\u00e9cnico y para la elaboraci\u00f3n del plan de marketing\u00bb.<\/p>\n<p>A este respecto, el responsable de CCOO en el aer\u00f3dromo cordob\u00e9s, Jos\u00e9 Miguel Santos, ha se\u00f1alado en un comunicado que \u00abes una irresponsabilidad pol\u00edtica dejar al aeropuerto de C\u00f3rdoba, que aspira a ser de primer nivel tur\u00edstico, sin posibilidad de vuelos comerciales en el futuro, despu\u00e9s de invertir m\u00e1s de 85 millones de euros en las obras de soterramiento de la l\u00ednea de alta tensi\u00f3n\u00bb.<\/p>\n<p>El sindicato ha recordado que el sistema AFIS, que es uno de los est\u00e1ndares que prev\u00e9 la Organizaci\u00f3n de Aviaci\u00f3n Civil Internacional (OACI), cuenta con las mismas garant\u00edas de seguridad que el sistema de controladores, dado que est\u00e1 realizado por un t\u00e9cnico cualificado (que requiere al menos dos a\u00f1os de preparaci\u00f3n) y supervisado por controladores a\u00e9reos en aeropuertos cercanos, y tiene un coste inferior, adem\u00e1s de no suponer pr\u00e1cticamente inversi\u00f3n.<\/p>\n<p>Santos ha apuntado que el aeropuerto de C\u00f3rdoba \u00abno tiene beneficios econ\u00f3micos, pero s\u00ed sociales, ya que es una de las ciudades con m\u00e1s vuelos de trasplantes y hospital de Espa\u00f1a, as\u00ed como centro de vuelos del Infoca\u00bb. Adem\u00e1s, CCOO considera que el aer\u00f3dromo \u00abpuede y debe ser clave para el desarrollo econ\u00f3mico y tur\u00edstico de una ciudad Patrimonio de la Humanidad\u00bb.<\/p>\n<p>En este sentido, el sindicalista ha insistido en que \u00abla inversi\u00f3n est\u00e1 realizada y es un desprop\u00f3sito no buscar beneficios econ\u00f3micos y generaci\u00f3n de puestos de trabajo a trav\u00e9s de un plan de m\u00e1rketing viable, que a\u00fan no se ha redactado, a pesar de que Aena se comprometi\u00f3 a desarrollarlo hace m\u00e1s de un a\u00f1o, lo que convierte al aeropuerto cordob\u00e9s en el \u00fanico de Andaluc\u00eda que carece de dicho plan\u00bb.<\/p>\n","protected":false},"excerpt":{"rendered":"<p>El sindicato CCOO ha advertido este viernes que el pr\u00f3ximo mes de julio el aeropuerto de C\u00f3rdoba \u00abquedar\u00e1 inhabilitado para recibir vuelos comerciales, ya que a\u00fan no se ha instalado el Servicio de Informaci\u00f3n de Vuelo de Aer\u00f3dromo (AFIS), y a finales de este mes concluye la pr\u00f3rroga que la Agencia Estatal de Seguridad A\u00e9rea<\/p>\n","protected":false},"author":1,"featured_media":40422,"comment_status":"open","ping_status":"closed","sticky":false,"template":"","format":"standard","meta":{"footnotes":""},"categories":[224],"tags":[],"class_list":{"0":"post-40421","1":"post","2":"type-post","3":"status-publish","4":"format-standard","5":"has-post-thumbnail","7":"category-noticias-actualidad"},"aioseo_notices":[],"aioseo_head":"\n\t\t<!-- All in One SEO Pro 4.9.6.1 - aioseo.com -->\n\t<meta name=\"description\" content=\"El sindicato CCOO ha advertido este viernes que el pr\u00f3ximo mes de julio el aeropuerto de C\u00f3rdoba &quot;quedar\u00e1 inhabilitado para recibir vuelos comerciales, ya que a\u00fan no se ha instalado el Servicio de Informaci\u00f3n de Vuelo de Aer\u00f3dromo (AFIS), y a finales de este mes concluye la pr\u00f3rroga que la Agencia Estatal de Seguridad A\u00e9rea\" \/>\n\t<meta name=\"robots\" content=\"max-image-preview:large\" \/>\n\t<meta name=\"author\" content=\"admin\"\/>\n\t<meta name=\"google-site-verification\" content=\"UA-38556648-1\" \/>\n\t<meta name=\"keywords\" content=\"noticias y actualidad\" \/>\n\t<link rel=\"canonical\" href=\"https:\/\/eldigitaldeasturias.com\/magazine365\/ccoo-advierte-que-el-aeropuerto-de-cordoba-no-podra-recibir-vuelos-comerciales-a-partir-de-julio\/\" \/>\n\t<meta name=\"generator\" content=\"All in One SEO Pro (AIOSEO) 4.9.6.1\" \/>\n\t\t<meta property=\"og:locale\" content=\"es_ES\" \/>\n\t\t<meta property=\"og:site_name\" content=\"El Digital de Asturias \u2013 Revista de ocio, turismo y estilo de vida\" \/>\n\t\t<meta property=\"og:type\" content=\"article\" \/>\n\t\t<meta property=\"og:title\" content=\"CCOO advierte que el aeropuerto de C\u00f3rdoba no podr\u00e1 recibir vuelos comerciales a partir de julio | El Digital de Asturias\" \/>\n\t\t<meta property=\"og:description\" content=\"El sindicato CCOO ha advertido este viernes que el pr\u00f3ximo mes de julio el aeropuerto de C\u00f3rdoba &quot;quedar\u00e1 inhabilitado para recibir vuelos comerciales, ya que a\u00fan no se ha instalado el Servicio de Informaci\u00f3n de Vuelo de Aer\u00f3dromo (AFIS), y a finales de este mes concluye la pr\u00f3rroga que la Agencia Estatal de Seguridad A\u00e9rea\" \/>\n\t\t<meta property=\"og:url\" content=\"https:\/\/eldigitaldeasturias.com\/magazine365\/ccoo-advierte-que-el-aeropuerto-de-cordoba-no-podra-recibir-vuelos-comerciales-a-partir-de-julio\/\" \/>\n\t\t<meta property=\"og:image\" content=\"https:\/\/eldigitaldeasturias.com\/magazine365\/wp-content\/uploads\/2015\/06\/fotonoticia_20150619145038_800.jpg\" \/>\n\t\t<meta property=\"og:image:secure_url\" content=\"https:\/\/eldigitaldeasturias.com\/magazine365\/wp-content\/uploads\/2015\/06\/fotonoticia_20150619145038_800.jpg\" \/>\n\t\t<meta property=\"og:image:width\" content=\"800\" \/>\n\t\t<meta property=\"og:image:height\" content=\"600\" \/>\n\t\t<meta property=\"article:published_time\" content=\"2015-06-20T00:23:54+00:00\" \/>\n\t\t<meta property=\"article:modified_time\" content=\"2015-06-20T00:23:54+00:00\" \/>\n\t\t<meta name=\"twitter:card\" content=\"summary_large_image\" \/>\n\t\t<meta name=\"twitter:title\" content=\"CCOO advierte que el aeropuerto de C\u00f3rdoba no podr\u00e1 recibir vuelos comerciales a partir de julio | El Digital de Asturias\" \/>\n\t\t<meta name=\"twitter:description\" content=\"El sindicato CCOO ha advertido este viernes que el pr\u00f3ximo mes de julio el aeropuerto de C\u00f3rdoba &quot;quedar\u00e1 inhabilitado para recibir vuelos comerciales, ya que a\u00fan no se ha instalado el Servicio de Informaci\u00f3n de Vuelo de Aer\u00f3dromo (AFIS), y a finales de este mes concluye la pr\u00f3rroga que la Agencia Estatal de Seguridad A\u00e9rea\" \/>\n\t\t<meta name=\"twitter:image\" content=\"https:\/\/eldigitaldeasturias.com\/magazine365\/wp-content\/uploads\/2015\/06\/fotonoticia_20150619145038_800.jpg\" \/>\n\t\t<script type=\"application\/ld+json\" class=\"aioseo-schema\">\n\t\t\t{\"@context\":\"https:\\\/\\\/schema.org\",\"@graph\":[{\"@type\":\"Article\",\"@id\":\"https:\\\/\\\/eldigitaldeasturias.com\\\/magazine365\\\/ccoo-advierte-que-el-aeropuerto-de-cordoba-no-podra-recibir-vuelos-comerciales-a-partir-de-julio\\\/#article\",\"name\":\"CCOO advierte que el aeropuerto de C\\u00f3rdoba no podr\\u00e1 recibir vuelos comerciales a partir de julio | El Digital de Asturias\",\"headline\":\"CCOO advierte que el aeropuerto de C\\u00f3rdoba no podr\\u00e1 recibir vuelos comerciales a partir de julio\",\"author\":{\"@id\":\"https:\\\/\\\/eldigitaldeasturias.com\\\/magazine365\\\/author\\\/admin\\\/#author\"},\"publisher\":{\"@id\":\"https:\\\/\\\/eldigitaldeasturias.com\\\/magazine365\\\/#organization\"},\"image\":{\"@type\":\"ImageObject\",\"url\":\"https:\\\/\\\/eldigitaldeasturias.com\\\/magazine365\\\/wp-content\\\/uploads\\\/2015\\\/06\\\/fotonoticia_20150619145038_800.jpg\",\"width\":800,\"height\":600},\"datePublished\":\"2015-06-20T01:53:54+02:00\",\"dateModified\":\"2015-06-20T01:53:54+02:00\",\"inLanguage\":\"es-ES\",\"mainEntityOfPage\":{\"@id\":\"https:\\\/\\\/eldigitaldeasturias.com\\\/magazine365\\\/ccoo-advierte-que-el-aeropuerto-de-cordoba-no-podra-recibir-vuelos-comerciales-a-partir-de-julio\\\/#webpage\"},\"isPartOf\":{\"@id\":\"https:\\\/\\\/eldigitaldeasturias.com\\\/magazine365\\\/ccoo-advierte-que-el-aeropuerto-de-cordoba-no-podra-recibir-vuelos-comerciales-a-partir-de-julio\\\/#webpage\"},\"articleSection\":\"Noticias y Actualidad\"},{\"@type\":\"BreadcrumbList\",\"@id\":\"https:\\\/\\\/eldigitaldeasturias.com\\\/magazine365\\\/ccoo-advierte-que-el-aeropuerto-de-cordoba-no-podra-recibir-vuelos-comerciales-a-partir-de-julio\\\/#breadcrumblist\",\"itemListElement\":[{\"@type\":\"ListItem\",\"@id\":\"https:\\\/\\\/eldigitaldeasturias.com\\\/magazine365#listItem\",\"position\":1,\"name\":\"Home\",\"item\":\"https:\\\/\\\/eldigitaldeasturias.com\\\/magazine365\",\"nextItem\":{\"@type\":\"ListItem\",\"@id\":\"https:\\\/\\\/eldigitaldeasturias.com\\\/magazine365\\\/category\\\/noticias-actualidad\\\/#listItem\",\"name\":\"Noticias y Actualidad\"}},{\"@type\":\"ListItem\",\"@id\":\"https:\\\/\\\/eldigitaldeasturias.com\\\/magazine365\\\/category\\\/noticias-actualidad\\\/#listItem\",\"position\":2,\"name\":\"Noticias y Actualidad\",\"item\":\"https:\\\/\\\/eldigitaldeasturias.com\\\/magazine365\\\/category\\\/noticias-actualidad\\\/\",\"nextItem\":{\"@type\":\"ListItem\",\"@id\":\"https:\\\/\\\/eldigitaldeasturias.com\\\/magazine365\\\/ccoo-advierte-que-el-aeropuerto-de-cordoba-no-podra-recibir-vuelos-comerciales-a-partir-de-julio\\\/#listItem\",\"name\":\"CCOO advierte que el aeropuerto de C\\u00f3rdoba no podr\\u00e1 recibir vuelos comerciales a partir de julio\"},\"previousItem\":{\"@type\":\"ListItem\",\"@id\":\"https:\\\/\\\/eldigitaldeasturias.com\\\/magazine365#listItem\",\"name\":\"Home\"}},{\"@type\":\"ListItem\",\"@id\":\"https:\\\/\\\/eldigitaldeasturias.com\\\/magazine365\\\/ccoo-advierte-que-el-aeropuerto-de-cordoba-no-podra-recibir-vuelos-comerciales-a-partir-de-julio\\\/#listItem\",\"position\":3,\"name\":\"CCOO advierte que el aeropuerto de C\\u00f3rdoba no podr\\u00e1 recibir vuelos comerciales a partir de julio\",\"previousItem\":{\"@type\":\"ListItem\",\"@id\":\"https:\\\/\\\/eldigitaldeasturias.com\\\/magazine365\\\/category\\\/noticias-actualidad\\\/#listItem\",\"name\":\"Noticias y Actualidad\"}}]},{\"@type\":\"Organization\",\"@id\":\"https:\\\/\\\/eldigitaldeasturias.com\\\/magazine365\\\/#organization\",\"name\":\"El digital de Asturias\",\"description\":\"Revista de ocio, turismo y estilo de vida\",\"url\":\"https:\\\/\\\/eldigitaldeasturias.com\\\/magazine365\\\/\",\"logo\":{\"@type\":\"ImageObject\",\"url\":\"https:\\\/\\\/www.eldigitaldeasturias.com\\\/noticias\\\/wp-content\\\/uploads\\\/2020\\\/12\\\/EDA.jpg\",\"@id\":\"https:\\\/\\\/eldigitaldeasturias.com\\\/magazine365\\\/ccoo-advierte-que-el-aeropuerto-de-cordoba-no-podra-recibir-vuelos-comerciales-a-partir-de-julio\\\/#organizationLogo\"},\"image\":{\"@id\":\"https:\\\/\\\/eldigitaldeasturias.com\\\/magazine365\\\/ccoo-advierte-que-el-aeropuerto-de-cordoba-no-podra-recibir-vuelos-comerciales-a-partir-de-julio\\\/#organizationLogo\"}},{\"@type\":\"Person\",\"@id\":\"https:\\\/\\\/eldigitaldeasturias.com\\\/magazine365\\\/author\\\/admin\\\/#author\",\"url\":\"https:\\\/\\\/eldigitaldeasturias.com\\\/magazine365\\\/author\\\/admin\\\/\",\"name\":\"admin\",\"image\":{\"@type\":\"ImageObject\",\"@id\":\"https:\\\/\\\/eldigitaldeasturias.com\\\/magazine365\\\/ccoo-advierte-que-el-aeropuerto-de-cordoba-no-podra-recibir-vuelos-comerciales-a-partir-de-julio\\\/#authorImage\",\"url\":\"https:\\\/\\\/eldigitaldeasturias.com\\\/magazine365\\\/wp-content\\\/litespeed\\\/avatar\\\/e571bcf59a0edd6fa6838245a470f2fe.jpg?ver=1777574230\",\"width\":96,\"height\":96,\"caption\":\"admin\"}},{\"@type\":\"WebPage\",\"@id\":\"https:\\\/\\\/eldigitaldeasturias.com\\\/magazine365\\\/ccoo-advierte-que-el-aeropuerto-de-cordoba-no-podra-recibir-vuelos-comerciales-a-partir-de-julio\\\/#webpage\",\"url\":\"https:\\\/\\\/eldigitaldeasturias.com\\\/magazine365\\\/ccoo-advierte-que-el-aeropuerto-de-cordoba-no-podra-recibir-vuelos-comerciales-a-partir-de-julio\\\/\",\"name\":\"CCOO advierte que el aeropuerto de C\\u00f3rdoba no podr\\u00e1 recibir vuelos comerciales a partir de julio | El Digital de Asturias\",\"description\":\"El sindicato CCOO ha advertido este viernes que el pr\\u00f3ximo mes de julio el aeropuerto de C\\u00f3rdoba \\\"quedar\\u00e1 inhabilitado para recibir vuelos comerciales, ya que a\\u00fan no se ha instalado el Servicio de Informaci\\u00f3n de Vuelo de Aer\\u00f3dromo (AFIS), y a finales de este mes concluye la pr\\u00f3rroga que la Agencia Estatal de Seguridad A\\u00e9rea\",\"inLanguage\":\"es-ES\",\"isPartOf\":{\"@id\":\"https:\\\/\\\/eldigitaldeasturias.com\\\/magazine365\\\/#website\"},\"breadcrumb\":{\"@id\":\"https:\\\/\\\/eldigitaldeasturias.com\\\/magazine365\\\/ccoo-advierte-que-el-aeropuerto-de-cordoba-no-podra-recibir-vuelos-comerciales-a-partir-de-julio\\\/#breadcrumblist\"},\"author\":{\"@id\":\"https:\\\/\\\/eldigitaldeasturias.com\\\/magazine365\\\/author\\\/admin\\\/#author\"},\"creator\":{\"@id\":\"https:\\\/\\\/eldigitaldeasturias.com\\\/magazine365\\\/author\\\/admin\\\/#author\"},\"image\":{\"@type\":\"ImageObject\",\"url\":\"https:\\\/\\\/eldigitaldeasturias.com\\\/magazine365\\\/wp-content\\\/uploads\\\/2015\\\/06\\\/fotonoticia_20150619145038_800.jpg\",\"@id\":\"https:\\\/\\\/eldigitaldeasturias.com\\\/magazine365\\\/ccoo-advierte-que-el-aeropuerto-de-cordoba-no-podra-recibir-vuelos-comerciales-a-partir-de-julio\\\/#mainImage\",\"width\":800,\"height\":600},\"primaryImageOfPage\":{\"@id\":\"https:\\\/\\\/eldigitaldeasturias.com\\\/magazine365\\\/ccoo-advierte-que-el-aeropuerto-de-cordoba-no-podra-recibir-vuelos-comerciales-a-partir-de-julio\\\/#mainImage\"},\"datePublished\":\"2015-06-20T01:53:54+02:00\",\"dateModified\":\"2015-06-20T01:53:54+02:00\"},{\"@type\":\"WebSite\",\"@id\":\"https:\\\/\\\/eldigitaldeasturias.com\\\/magazine365\\\/#website\",\"url\":\"https:\\\/\\\/eldigitaldeasturias.com\\\/magazine365\\\/\",\"name\":\"El Digital de Asturias\",\"description\":\"Revista de ocio, turismo y estilo de vida\",\"inLanguage\":\"es-ES\",\"publisher\":{\"@id\":\"https:\\\/\\\/eldigitaldeasturias.com\\\/magazine365\\\/#organization\"}}]}\n\t\t<\/script>\n\t\t<!-- All in One SEO Pro -->\r\n\t\t<title>CCOO advierte que el aeropuerto de C\u00f3rdoba no podr\u00e1 recibir vuelos comerciales a partir de julio | El Digital de Asturias<\/title>\n\n","aioseo_head_json":{"title":"CCOO advierte que el aeropuerto de C\u00f3rdoba no podr\u00e1 recibir vuelos comerciales a partir de julio | El Digital de Asturias","description":"El sindicato CCOO ha advertido este viernes que el pr\u00f3ximo mes de julio el aeropuerto de C\u00f3rdoba \"quedar\u00e1 inhabilitado para recibir vuelos comerciales, ya que a\u00fan no se ha instalado el Servicio de Informaci\u00f3n de Vuelo de Aer\u00f3dromo (AFIS), y a finales de este mes concluye la pr\u00f3rroga que la Agencia Estatal de Seguridad A\u00e9rea","canonical_url":"https:\/\/eldigitaldeasturias.com\/magazine365\/ccoo-advierte-que-el-aeropuerto-de-cordoba-no-podra-recibir-vuelos-comerciales-a-partir-de-julio\/","robots":"max-image-preview:large","keywords":"noticias y actualidad","webmasterTools":{"google-site-verification":"UA-38556648-1","miscellaneous":""},"schema":{"@context":"https:\/\/schema.org","@graph":[{"@type":"Article","@id":"https:\/\/eldigitaldeasturias.com\/magazine365\/ccoo-advierte-que-el-aeropuerto-de-cordoba-no-podra-recibir-vuelos-comerciales-a-partir-de-julio\/#article","name":"CCOO advierte que el aeropuerto de C\u00f3rdoba no podr\u00e1 recibir vuelos comerciales a partir de julio | El Digital de Asturias","headline":"CCOO advierte que el aeropuerto de C\u00f3rdoba no podr\u00e1 recibir vuelos comerciales a partir de julio","author":{"@id":"https:\/\/eldigitaldeasturias.com\/magazine365\/author\/admin\/#author"},"publisher":{"@id":"https:\/\/eldigitaldeasturias.com\/magazine365\/#organization"},"image":{"@type":"ImageObject","url":"https:\/\/eldigitaldeasturias.com\/magazine365\/wp-content\/uploads\/2015\/06\/fotonoticia_20150619145038_800.jpg","width":800,"height":600},"datePublished":"2015-06-20T01:53:54+02:00","dateModified":"2015-06-20T01:53:54+02:00","inLanguage":"es-ES","mainEntityOfPage":{"@id":"https:\/\/eldigitaldeasturias.com\/magazine365\/ccoo-advierte-que-el-aeropuerto-de-cordoba-no-podra-recibir-vuelos-comerciales-a-partir-de-julio\/#webpage"},"isPartOf":{"@id":"https:\/\/eldigitaldeasturias.com\/magazine365\/ccoo-advierte-que-el-aeropuerto-de-cordoba-no-podra-recibir-vuelos-comerciales-a-partir-de-julio\/#webpage"},"articleSection":"Noticias y Actualidad"},{"@type":"BreadcrumbList","@id":"https:\/\/eldigitaldeasturias.com\/magazine365\/ccoo-advierte-que-el-aeropuerto-de-cordoba-no-podra-recibir-vuelos-comerciales-a-partir-de-julio\/#breadcrumblist","itemListElement":[{"@type":"ListItem","@id":"https:\/\/eldigitaldeasturias.com\/magazine365#listItem","position":1,"name":"Home","item":"https:\/\/eldigitaldeasturias.com\/magazine365","nextItem":{"@type":"ListItem","@id":"https:\/\/eldigitaldeasturias.com\/magazine365\/category\/noticias-actualidad\/#listItem","name":"Noticias y Actualidad"}},{"@type":"ListItem","@id":"https:\/\/eldigitaldeasturias.com\/magazine365\/category\/noticias-actualidad\/#listItem","position":2,"name":"Noticias y Actualidad","item":"https:\/\/eldigitaldeasturias.com\/magazine365\/category\/noticias-actualidad\/","nextItem":{"@type":"ListItem","@id":"https:\/\/eldigitaldeasturias.com\/magazine365\/ccoo-advierte-que-el-aeropuerto-de-cordoba-no-podra-recibir-vuelos-comerciales-a-partir-de-julio\/#listItem","name":"CCOO advierte que el aeropuerto de C\u00f3rdoba no podr\u00e1 recibir vuelos comerciales a partir de julio"},"previousItem":{"@type":"ListItem","@id":"https:\/\/eldigitaldeasturias.com\/magazine365#listItem","name":"Home"}},{"@type":"ListItem","@id":"https:\/\/eldigitaldeasturias.com\/magazine365\/ccoo-advierte-que-el-aeropuerto-de-cordoba-no-podra-recibir-vuelos-comerciales-a-partir-de-julio\/#listItem","position":3,"name":"CCOO advierte que el aeropuerto de C\u00f3rdoba no podr\u00e1 recibir vuelos comerciales a partir de julio","previousItem":{"@type":"ListItem","@id":"https:\/\/eldigitaldeasturias.com\/magazine365\/category\/noticias-actualidad\/#listItem","name":"Noticias y Actualidad"}}]},{"@type":"Organization","@id":"https:\/\/eldigitaldeasturias.com\/magazine365\/#organization","name":"El digital de Asturias","description":"Revista de ocio, turismo y estilo de vida","url":"https:\/\/eldigitaldeasturias.com\/magazine365\/","logo":{"@type":"ImageObject","url":"https:\/\/www.eldigitaldeasturias.com\/noticias\/wp-content\/uploads\/2020\/12\/EDA.jpg","@id":"https:\/\/eldigitaldeasturias.com\/magazine365\/ccoo-advierte-que-el-aeropuerto-de-cordoba-no-podra-recibir-vuelos-comerciales-a-partir-de-julio\/#organizationLogo"},"image":{"@id":"https:\/\/eldigitaldeasturias.com\/magazine365\/ccoo-advierte-que-el-aeropuerto-de-cordoba-no-podra-recibir-vuelos-comerciales-a-partir-de-julio\/#organizationLogo"}},{"@type":"Person","@id":"https:\/\/eldigitaldeasturias.com\/magazine365\/author\/admin\/#author","url":"https:\/\/eldigitaldeasturias.com\/magazine365\/author\/admin\/","name":"admin","image":{"@type":"ImageObject","@id":"https:\/\/eldigitaldeasturias.com\/magazine365\/ccoo-advierte-que-el-aeropuerto-de-cordoba-no-podra-recibir-vuelos-comerciales-a-partir-de-julio\/#authorImage","url":"https:\/\/eldigitaldeasturias.com\/magazine365\/wp-content\/litespeed\/avatar\/e571bcf59a0edd6fa6838245a470f2fe.jpg?ver=1777574230","width":96,"height":96,"caption":"admin"}},{"@type":"WebPage","@id":"https:\/\/eldigitaldeasturias.com\/magazine365\/ccoo-advierte-que-el-aeropuerto-de-cordoba-no-podra-recibir-vuelos-comerciales-a-partir-de-julio\/#webpage","url":"https:\/\/eldigitaldeasturias.com\/magazine365\/ccoo-advierte-que-el-aeropuerto-de-cordoba-no-podra-recibir-vuelos-comerciales-a-partir-de-julio\/","name":"CCOO advierte que el aeropuerto de C\u00f3rdoba no podr\u00e1 recibir vuelos comerciales a partir de julio | El Digital de Asturias","description":"El sindicato CCOO ha advertido este viernes que el pr\u00f3ximo mes de julio el aeropuerto de C\u00f3rdoba \"quedar\u00e1 inhabilitado para recibir vuelos comerciales, ya que a\u00fan no se ha instalado el Servicio de Informaci\u00f3n de Vuelo de Aer\u00f3dromo (AFIS), y a finales de este mes concluye la pr\u00f3rroga que la Agencia Estatal de Seguridad A\u00e9rea","inLanguage":"es-ES","isPartOf":{"@id":"https:\/\/eldigitaldeasturias.com\/magazine365\/#website"},"breadcrumb":{"@id":"https:\/\/eldigitaldeasturias.com\/magazine365\/ccoo-advierte-que-el-aeropuerto-de-cordoba-no-podra-recibir-vuelos-comerciales-a-partir-de-julio\/#breadcrumblist"},"author":{"@id":"https:\/\/eldigitaldeasturias.com\/magazine365\/author\/admin\/#author"},"creator":{"@id":"https:\/\/eldigitaldeasturias.com\/magazine365\/author\/admin\/#author"},"image":{"@type":"ImageObject","url":"https:\/\/eldigitaldeasturias.com\/magazine365\/wp-content\/uploads\/2015\/06\/fotonoticia_20150619145038_800.jpg","@id":"https:\/\/eldigitaldeasturias.com\/magazine365\/ccoo-advierte-que-el-aeropuerto-de-cordoba-no-podra-recibir-vuelos-comerciales-a-partir-de-julio\/#mainImage","width":800,"height":600},"primaryImageOfPage":{"@id":"https:\/\/eldigitaldeasturias.com\/magazine365\/ccoo-advierte-que-el-aeropuerto-de-cordoba-no-podra-recibir-vuelos-comerciales-a-partir-de-julio\/#mainImage"},"datePublished":"2015-06-20T01:53:54+02:00","dateModified":"2015-06-20T01:53:54+02:00"},{"@type":"WebSite","@id":"https:\/\/eldigitaldeasturias.com\/magazine365\/#website","url":"https:\/\/eldigitaldeasturias.com\/magazine365\/","name":"El Digital de Asturias","description":"Revista de ocio, turismo y estilo de vida","inLanguage":"es-ES","publisher":{"@id":"https:\/\/eldigitaldeasturias.com\/magazine365\/#organization"}}]},"og:locale":"es_ES","og:site_name":"El Digital de Asturias \u2013 Revista de ocio, turismo y estilo de vida","og:type":"article","og:title":"CCOO advierte que el aeropuerto de C\u00f3rdoba no podr\u00e1 recibir vuelos comerciales a partir de julio | El Digital de Asturias","og:description":"El sindicato CCOO ha advertido este viernes que el pr\u00f3ximo mes de julio el aeropuerto de C\u00f3rdoba &quot;quedar\u00e1 inhabilitado para recibir vuelos comerciales, ya que a\u00fan no se ha instalado el Servicio de Informaci\u00f3n de Vuelo de Aer\u00f3dromo (AFIS), y a finales de este mes concluye la pr\u00f3rroga que la Agencia Estatal de Seguridad A\u00e9rea","og:url":"https:\/\/eldigitaldeasturias.com\/magazine365\/ccoo-advierte-que-el-aeropuerto-de-cordoba-no-podra-recibir-vuelos-comerciales-a-partir-de-julio\/","og:image":"https:\/\/eldigitaldeasturias.com\/magazine365\/wp-content\/uploads\/2015\/06\/fotonoticia_20150619145038_800.jpg","og:image:secure_url":"https:\/\/eldigitaldeasturias.com\/magazine365\/wp-content\/uploads\/2015\/06\/fotonoticia_20150619145038_800.jpg","og:image:width":800,"og:image:height":600,"article:published_time":"2015-06-20T00:23:54+00:00","article:modified_time":"2015-06-20T00:23:54+00:00","twitter:card":"summary_large_image","twitter:title":"CCOO advierte que el aeropuerto de C\u00f3rdoba no podr\u00e1 recibir vuelos comerciales a partir de julio | El Digital de Asturias","twitter:description":"El sindicato CCOO ha advertido este viernes que el pr\u00f3ximo mes de julio el aeropuerto de C\u00f3rdoba &quot;quedar\u00e1 inhabilitado para recibir vuelos comerciales, ya que a\u00fan no se ha instalado el Servicio de Informaci\u00f3n de Vuelo de Aer\u00f3dromo (AFIS), y a finales de este mes concluye la pr\u00f3rroga que la Agencia Estatal de Seguridad A\u00e9rea","twitter:image":"https:\/\/eldigitaldeasturias.com\/magazine365\/wp-content\/uploads\/2015\/06\/fotonoticia_20150619145038_800.jpg"},"aioseo_meta_data":{"post_id":"40421","title":null,"description":null,"keywords":null,"keyphrases":null,"primary_term":null,"canonical_url":null,"og_title":null,"og_description":null,"og_object_type":"default","og_image_type":"default","og_image_url":null,"og_image_width":null,"og_image_height":null,"og_image_custom_url":null,"og_image_custom_fields":null,"og_video":null,"og_custom_url":null,"og_article_section":null,"og_article_tags":null,"twitter_use_og":false,"twitter_card":"default","twitter_image_type":"default","twitter_image_url":null,"twitter_image_custom_url":null,"twitter_image_custom_fields":null,"twitter_title":null,"twitter_description":null,"schema":{"blockGraphs":[],"customGraphs":[],"default":{"data":{"Article":[],"Course":[],"Dataset":[],"FAQPage":[],"Movie":[],"Person":[],"Product":[],"ProductReview":[],"Car":[],"Recipe":[],"Service":[],"SoftwareApplication":[],"WebPage":[]},"graphName":"","isEnabled":true},"graphs":[],"defaultGraph":"","defaultPostTypeGraph":""},"schema_type":null,"schema_type_options":null,"pillar_content":false,"robots_default":true,"robots_noindex":false,"robots_noarchive":false,"robots_nosnippet":false,"robots_nofollow":false,"robots_noimageindex":false,"robots_noodp":false,"robots_notranslate":false,"robots_max_snippet":null,"robots_max_videopreview":null,"robots_max_imagepreview":"large","priority":null,"frequency":null,"location":null,"local_seo":null,"seo_analyzer_scan_date":"2025-09-19 13:29:19","breadcrumb_settings":null,"limit_modified_date":false,"open_ai":null,"ai":null,"created":"2021-03-09 02:28:42","updated":"2025-09-19 13:29:19"},"aioseo_breadcrumb":"<div class=\"aioseo-breadcrumbs\"><span class=\"aioseo-breadcrumb\">\n\t<a href=\"https:\/\/eldigitaldeasturias.com\/magazine365\" title=\"Home\">Home<\/a>\n<\/span><span class=\"aioseo-breadcrumb-separator\">\u2013<\/span><span class=\"aioseo-breadcrumb\">\n\t<a href=\"https:\/\/eldigitaldeasturias.com\/magazine365\/category\/noticias-actualidad\/\" title=\"Noticias y Actualidad\">Noticias y Actualidad<\/a>\n<\/span><span class=\"aioseo-breadcrumb-separator\">\u2013<\/span><span class=\"aioseo-breadcrumb\">\n\t<a href=\"https:\/\/eldigitaldeasturias.com\/magazine365\/ccoo-advierte-que-el-aeropuerto-de-cordoba-no-podra-recibir-vuelos-comerciales-a-partir-de-julio\/\" title=\"CCOO advierte que el aeropuerto de C\u00f3rdoba no podr\u00e1 recibir vuelos comerciales a partir de julio\">CCOO advierte que el aeropuerto de C\u00f3rdoba no podr\u00e1 recibir vuelos comerciales a partir de julio<\/a>\n<\/span><\/div>","aioseo_breadcrumb_json":[{"label":"Home","link":"https:\/\/eldigitaldeasturias.com\/magazine365"},{"label":"Noticias y Actualidad","link":"https:\/\/eldigitaldeasturias.com\/magazine365\/category\/noticias-actualidad\/"},{"label":"CCOO advierte que el aeropuerto de C\u00f3rdoba no podr\u00e1 recibir vuelos comerciales a partir de julio","link":"https:\/\/eldigitaldeasturias.com\/magazine365\/ccoo-advierte-que-el-aeropuerto-de-cordoba-no-podra-recibir-vuelos-comerciales-a-partir-de-julio\/"}],"_links":{"self":[{"href":"https:\/\/eldigitaldeasturias.com\/magazine365\/wp-json\/wp\/v2\/posts\/40421","targetHints":{"allow":["GET"]}}],"collection":[{"href":"https:\/\/eldigitaldeasturias.com\/magazine365\/wp-json\/wp\/v2\/posts"}],"about":[{"href":"https:\/\/eldigitaldeasturias.com\/magazine365\/wp-json\/wp\/v2\/types\/post"}],"author":[{"embeddable":true,"href":"https:\/\/eldigitaldeasturias.com\/magazine365\/wp-json\/wp\/v2\/users\/1"}],"replies":[{"embeddable":true,"href":"https:\/\/eldigitaldeasturias.com\/magazine365\/wp-json\/wp\/v2\/comments?post=40421"}],"version-history":[{"count":0,"href":"https:\/\/eldigitaldeasturias.com\/magazine365\/wp-json\/wp\/v2\/posts\/40421\/revisions"}],"wp:featuredmedia":[{"embeddable":true,"href":"https:\/\/eldigitaldeasturias.com\/magazine365\/wp-json\/wp\/v2\/media\/40422"}],"wp:attachment":[{"href":"https:\/\/eldigitaldeasturias.com\/magazine365\/wp-json\/wp\/v2\/media?parent=40421"}],"wp:term":[{"taxonomy":"category","embeddable":true,"href":"https:\/\/eldigitaldeasturias.com\/magazine365\/wp-json\/wp\/v2\/categories?post=40421"},{"taxonomy":"post_tag","embeddable":true,"href":"https:\/\/eldigitaldeasturias.com\/magazine365\/wp-json\/wp\/v2\/tags?post=40421"}],"curies":[{"name":"wp","href":"https:\/\/api.w.org\/{rel}","templated":true}]}}