{"id":40418,"date":"2015-06-20T01:52:26","date_gmt":"2015-06-20T00:22:26","guid":{"rendered":"http:\/\/eldigitaldeasturias.com\/magazine365\/?p=40418"},"modified":"2015-06-20T01:52:26","modified_gmt":"2015-06-20T00:22:26","slug":"el-aeropuerto-de-valencia-inicia-una-nueva-ruta-con-bucarest-operada-por-tarom","status":"publish","type":"post","link":"https:\/\/eldigitaldeasturias.com\/magazine365\/el-aeropuerto-de-valencia-inicia-una-nueva-ruta-con-bucarest-operada-por-tarom\/","title":{"rendered":"El Aeropuerto de Valencia inicia una nueva ruta con Bucarest operada por Tarom"},"content":{"rendered":"<p><img fetchpriority=\"high\" decoding=\"async\" class=\"alignleft size-medium wp-image-40419\" src=\"https:\/\/eldigitaldeasturias.com\/magazine365\/wp-content\/uploads\/2015\/06\/fotonoticia_20150619144914_800-360x270.jpg\" alt=\"fotonoticia_20150619144914_800\" width=\"360\" height=\"270\" srcset=\"https:\/\/eldigitaldeasturias.com\/magazine365\/wp-content\/uploads\/2015\/06\/fotonoticia_20150619144914_800-360x270.jpg 360w, https:\/\/eldigitaldeasturias.com\/magazine365\/wp-content\/uploads\/2015\/06\/fotonoticia_20150619144914_800-650x488.jpg 650w, https:\/\/eldigitaldeasturias.com\/magazine365\/wp-content\/uploads\/2015\/06\/fotonoticia_20150619144914_800-768x576.jpg 768w, https:\/\/eldigitaldeasturias.com\/magazine365\/wp-content\/uploads\/2015\/06\/fotonoticia_20150619144914_800-150x113.jpg 150w, https:\/\/eldigitaldeasturias.com\/magazine365\/wp-content\/uploads\/2015\/06\/fotonoticia_20150619144914_800-450x338.jpg 450w, https:\/\/eldigitaldeasturias.com\/magazine365\/wp-content\/uploads\/2015\/06\/fotonoticia_20150619144914_800-80x60.jpg 80w, https:\/\/eldigitaldeasturias.com\/magazine365\/wp-content\/uploads\/2015\/06\/fotonoticia_20150619144914_800-265x198.jpg 265w, https:\/\/eldigitaldeasturias.com\/magazine365\/wp-content\/uploads\/2015\/06\/fotonoticia_20150619144914_800-696x522.jpg 696w, https:\/\/eldigitaldeasturias.com\/magazine365\/wp-content\/uploads\/2015\/06\/fotonoticia_20150619144914_800-560x420.jpg 560w, https:\/\/eldigitaldeasturias.com\/magazine365\/wp-content\/uploads\/2015\/06\/fotonoticia_20150619144914_800-90x67.jpg 90w, https:\/\/eldigitaldeasturias.com\/magazine365\/wp-content\/uploads\/2015\/06\/fotonoticia_20150619144914_800-100x75.jpg 100w, https:\/\/eldigitaldeasturias.com\/magazine365\/wp-content\/uploads\/2015\/06\/fotonoticia_20150619144914_800.jpg 800w\" sizes=\"(max-width: 360px) 100vw, 360px\" \/>El Aeropuerto de Valencia inicia este viernes una nueva ruta con Bucarest (Rumania), operada por la compa\u00f1\u00eda a\u00e9rea Tarom, seg\u00fan han informado desde esta infraestructura en un comunicado.<\/p>\n<p>Los vuelos estar\u00e1n disponibles los viernes y los domingos y ser\u00e1n operados por un Airbus 318 con capacidad para 150 pasajeros.<\/p>\n<p>Con este nuevo vuelo, la compa\u00f1\u00eda Tarom amplia las posibilidades de conexi\u00f3n con Bucarest, con la que tambi\u00e9n enlazan desde Valencia las aerol\u00edneas Wizz Air y Blue Air.<\/p>\n<p>El aeropuerto tambi\u00e9n cuenta con vuelos a las ciudades rumanas de Timisoara y Cluj-Napoca, a trav\u00e9s de la compa\u00f1\u00eda Wizz air.<\/p>\n<p>Para la presente temporada de verano, el Aeropuerto de Valencia ha contabilizado 127.296 asientos ofertados con Ruman\u00eda.<\/p>\n","protected":false},"excerpt":{"rendered":"<p>El Aeropuerto de Valencia inicia este viernes una nueva ruta con Bucarest (Rumania), operada por la compa\u00f1\u00eda a\u00e9rea Tarom, seg\u00fan han informado desde esta infraestructura en un comunicado. Los vuelos estar\u00e1n disponibles los viernes y los domingos y ser\u00e1n operados por un Airbus 318 con capacidad para 150 pasajeros. Con este nuevo vuelo, la compa\u00f1\u00eda<\/p>\n","protected":false},"author":1,"featured_media":40419,"comment_status":"open","ping_status":"closed","sticky":false,"template":"","format":"standard","meta":{"footnotes":""},"categories":[224],"tags":[],"class_list":{"0":"post-40418","1":"post","2":"type-post","3":"status-publish","4":"format-standard","5":"has-post-thumbnail","7":"category-noticias-actualidad"},"aioseo_notices":[],"aioseo_head":"\n\t\t<!-- All in One SEO Pro 4.9.6.1 - aioseo.com -->\n\t<meta name=\"description\" content=\"El Aeropuerto de Valencia inicia este viernes una nueva ruta con Bucarest (Rumania), operada por la compa\u00f1\u00eda a\u00e9rea Tarom, seg\u00fan han informado desde esta infraestructura en un comunicado. Los vuelos estar\u00e1n disponibles los viernes y los domingos y ser\u00e1n operados por un Airbus 318 con capacidad para 150 pasajeros. Con este nuevo vuelo, la compa\u00f1\u00eda\" \/>\n\t<meta name=\"robots\" content=\"max-image-preview:large\" \/>\n\t<meta name=\"author\" content=\"admin\"\/>\n\t<meta name=\"google-site-verification\" content=\"UA-38556648-1\" \/>\n\t<meta name=\"keywords\" content=\"noticias y actualidad\" \/>\n\t<link rel=\"canonical\" href=\"https:\/\/eldigitaldeasturias.com\/magazine365\/el-aeropuerto-de-valencia-inicia-una-nueva-ruta-con-bucarest-operada-por-tarom\/\" \/>\n\t<meta name=\"generator\" content=\"All in One SEO Pro (AIOSEO) 4.9.6.1\" \/>\n\t\t<meta property=\"og:locale\" content=\"es_ES\" \/>\n\t\t<meta property=\"og:site_name\" content=\"El Digital de Asturias \u2013 Revista de ocio, turismo y estilo de vida\" \/>\n\t\t<meta property=\"og:type\" content=\"article\" \/>\n\t\t<meta property=\"og:title\" content=\"El Aeropuerto de Valencia inicia una nueva ruta con Bucarest operada por Tarom | El Digital de Asturias\" \/>\n\t\t<meta property=\"og:description\" content=\"El Aeropuerto de Valencia inicia este viernes una nueva ruta con Bucarest (Rumania), operada por la compa\u00f1\u00eda a\u00e9rea Tarom, seg\u00fan han informado desde esta infraestructura en un comunicado. Los vuelos estar\u00e1n disponibles los viernes y los domingos y ser\u00e1n operados por un Airbus 318 con capacidad para 150 pasajeros. Con este nuevo vuelo, la compa\u00f1\u00eda\" \/>\n\t\t<meta property=\"og:url\" content=\"https:\/\/eldigitaldeasturias.com\/magazine365\/el-aeropuerto-de-valencia-inicia-una-nueva-ruta-con-bucarest-operada-por-tarom\/\" \/>\n\t\t<meta property=\"og:image\" content=\"https:\/\/eldigitaldeasturias.com\/magazine365\/wp-content\/uploads\/2015\/06\/fotonoticia_20150619144914_800.jpg\" \/>\n\t\t<meta property=\"og:image:secure_url\" content=\"https:\/\/eldigitaldeasturias.com\/magazine365\/wp-content\/uploads\/2015\/06\/fotonoticia_20150619144914_800.jpg\" \/>\n\t\t<meta property=\"og:image:width\" content=\"800\" \/>\n\t\t<meta property=\"og:image:height\" content=\"600\" \/>\n\t\t<meta property=\"article:published_time\" content=\"2015-06-20T00:22:26+00:00\" \/>\n\t\t<meta property=\"article:modified_time\" content=\"2015-06-20T00:22:26+00:00\" \/>\n\t\t<meta name=\"twitter:card\" content=\"summary_large_image\" \/>\n\t\t<meta name=\"twitter:title\" content=\"El Aeropuerto de Valencia inicia una nueva ruta con Bucarest operada por Tarom | El Digital de Asturias\" \/>\n\t\t<meta name=\"twitter:description\" content=\"El Aeropuerto de Valencia inicia este viernes una nueva ruta con Bucarest (Rumania), operada por la compa\u00f1\u00eda a\u00e9rea Tarom, seg\u00fan han informado desde esta infraestructura en un comunicado. Los vuelos estar\u00e1n disponibles los viernes y los domingos y ser\u00e1n operados por un Airbus 318 con capacidad para 150 pasajeros. Con este nuevo vuelo, la compa\u00f1\u00eda\" \/>\n\t\t<meta name=\"twitter:image\" content=\"https:\/\/eldigitaldeasturias.com\/magazine365\/wp-content\/uploads\/2015\/06\/fotonoticia_20150619144914_800.jpg\" \/>\n\t\t<script type=\"application\/ld+json\" class=\"aioseo-schema\">\n\t\t\t{\"@context\":\"https:\\\/\\\/schema.org\",\"@graph\":[{\"@type\":\"Article\",\"@id\":\"https:\\\/\\\/eldigitaldeasturias.com\\\/magazine365\\\/el-aeropuerto-de-valencia-inicia-una-nueva-ruta-con-bucarest-operada-por-tarom\\\/#article\",\"name\":\"El Aeropuerto de Valencia inicia una nueva ruta con Bucarest operada por Tarom | El Digital de Asturias\",\"headline\":\"El Aeropuerto de Valencia inicia una nueva ruta con Bucarest operada por Tarom\",\"author\":{\"@id\":\"https:\\\/\\\/eldigitaldeasturias.com\\\/magazine365\\\/author\\\/admin\\\/#author\"},\"publisher\":{\"@id\":\"https:\\\/\\\/eldigitaldeasturias.com\\\/magazine365\\\/#organization\"},\"image\":{\"@type\":\"ImageObject\",\"url\":\"https:\\\/\\\/eldigitaldeasturias.com\\\/magazine365\\\/wp-content\\\/uploads\\\/2015\\\/06\\\/fotonoticia_20150619144914_800.jpg\",\"width\":800,\"height\":600},\"datePublished\":\"2015-06-20T01:52:26+02:00\",\"dateModified\":\"2015-06-20T01:52:26+02:00\",\"inLanguage\":\"es-ES\",\"mainEntityOfPage\":{\"@id\":\"https:\\\/\\\/eldigitaldeasturias.com\\\/magazine365\\\/el-aeropuerto-de-valencia-inicia-una-nueva-ruta-con-bucarest-operada-por-tarom\\\/#webpage\"},\"isPartOf\":{\"@id\":\"https:\\\/\\\/eldigitaldeasturias.com\\\/magazine365\\\/el-aeropuerto-de-valencia-inicia-una-nueva-ruta-con-bucarest-operada-por-tarom\\\/#webpage\"},\"articleSection\":\"Noticias y Actualidad\"},{\"@type\":\"BreadcrumbList\",\"@id\":\"https:\\\/\\\/eldigitaldeasturias.com\\\/magazine365\\\/el-aeropuerto-de-valencia-inicia-una-nueva-ruta-con-bucarest-operada-por-tarom\\\/#breadcrumblist\",\"itemListElement\":[{\"@type\":\"ListItem\",\"@id\":\"https:\\\/\\\/eldigitaldeasturias.com\\\/magazine365#listItem\",\"position\":1,\"name\":\"Home\",\"item\":\"https:\\\/\\\/eldigitaldeasturias.com\\\/magazine365\",\"nextItem\":{\"@type\":\"ListItem\",\"@id\":\"https:\\\/\\\/eldigitaldeasturias.com\\\/magazine365\\\/category\\\/noticias-actualidad\\\/#listItem\",\"name\":\"Noticias y Actualidad\"}},{\"@type\":\"ListItem\",\"@id\":\"https:\\\/\\\/eldigitaldeasturias.com\\\/magazine365\\\/category\\\/noticias-actualidad\\\/#listItem\",\"position\":2,\"name\":\"Noticias y Actualidad\",\"item\":\"https:\\\/\\\/eldigitaldeasturias.com\\\/magazine365\\\/category\\\/noticias-actualidad\\\/\",\"nextItem\":{\"@type\":\"ListItem\",\"@id\":\"https:\\\/\\\/eldigitaldeasturias.com\\\/magazine365\\\/el-aeropuerto-de-valencia-inicia-una-nueva-ruta-con-bucarest-operada-por-tarom\\\/#listItem\",\"name\":\"El Aeropuerto de Valencia inicia una nueva ruta con Bucarest operada por Tarom\"},\"previousItem\":{\"@type\":\"ListItem\",\"@id\":\"https:\\\/\\\/eldigitaldeasturias.com\\\/magazine365#listItem\",\"name\":\"Home\"}},{\"@type\":\"ListItem\",\"@id\":\"https:\\\/\\\/eldigitaldeasturias.com\\\/magazine365\\\/el-aeropuerto-de-valencia-inicia-una-nueva-ruta-con-bucarest-operada-por-tarom\\\/#listItem\",\"position\":3,\"name\":\"El Aeropuerto de Valencia inicia una nueva ruta con Bucarest operada por Tarom\",\"previousItem\":{\"@type\":\"ListItem\",\"@id\":\"https:\\\/\\\/eldigitaldeasturias.com\\\/magazine365\\\/category\\\/noticias-actualidad\\\/#listItem\",\"name\":\"Noticias y Actualidad\"}}]},{\"@type\":\"Organization\",\"@id\":\"https:\\\/\\\/eldigitaldeasturias.com\\\/magazine365\\\/#organization\",\"name\":\"El digital de Asturias\",\"description\":\"Revista de ocio, turismo y estilo de vida\",\"url\":\"https:\\\/\\\/eldigitaldeasturias.com\\\/magazine365\\\/\",\"logo\":{\"@type\":\"ImageObject\",\"url\":\"https:\\\/\\\/www.eldigitaldeasturias.com\\\/noticias\\\/wp-content\\\/uploads\\\/2020\\\/12\\\/EDA.jpg\",\"@id\":\"https:\\\/\\\/eldigitaldeasturias.com\\\/magazine365\\\/el-aeropuerto-de-valencia-inicia-una-nueva-ruta-con-bucarest-operada-por-tarom\\\/#organizationLogo\"},\"image\":{\"@id\":\"https:\\\/\\\/eldigitaldeasturias.com\\\/magazine365\\\/el-aeropuerto-de-valencia-inicia-una-nueva-ruta-con-bucarest-operada-por-tarom\\\/#organizationLogo\"}},{\"@type\":\"Person\",\"@id\":\"https:\\\/\\\/eldigitaldeasturias.com\\\/magazine365\\\/author\\\/admin\\\/#author\",\"url\":\"https:\\\/\\\/eldigitaldeasturias.com\\\/magazine365\\\/author\\\/admin\\\/\",\"name\":\"admin\",\"image\":{\"@type\":\"ImageObject\",\"@id\":\"https:\\\/\\\/eldigitaldeasturias.com\\\/magazine365\\\/el-aeropuerto-de-valencia-inicia-una-nueva-ruta-con-bucarest-operada-por-tarom\\\/#authorImage\",\"url\":\"https:\\\/\\\/eldigitaldeasturias.com\\\/magazine365\\\/wp-content\\\/litespeed\\\/avatar\\\/e571bcf59a0edd6fa6838245a470f2fe.jpg?ver=1777574230\",\"width\":96,\"height\":96,\"caption\":\"admin\"}},{\"@type\":\"WebPage\",\"@id\":\"https:\\\/\\\/eldigitaldeasturias.com\\\/magazine365\\\/el-aeropuerto-de-valencia-inicia-una-nueva-ruta-con-bucarest-operada-por-tarom\\\/#webpage\",\"url\":\"https:\\\/\\\/eldigitaldeasturias.com\\\/magazine365\\\/el-aeropuerto-de-valencia-inicia-una-nueva-ruta-con-bucarest-operada-por-tarom\\\/\",\"name\":\"El Aeropuerto de Valencia inicia una nueva ruta con Bucarest operada por Tarom | El Digital de Asturias\",\"description\":\"El Aeropuerto de Valencia inicia este viernes una nueva ruta con Bucarest (Rumania), operada por la compa\\u00f1\\u00eda a\\u00e9rea Tarom, seg\\u00fan han informado desde esta infraestructura en un comunicado. Los vuelos estar\\u00e1n disponibles los viernes y los domingos y ser\\u00e1n operados por un Airbus 318 con capacidad para 150 pasajeros. Con este nuevo vuelo, la compa\\u00f1\\u00eda\",\"inLanguage\":\"es-ES\",\"isPartOf\":{\"@id\":\"https:\\\/\\\/eldigitaldeasturias.com\\\/magazine365\\\/#website\"},\"breadcrumb\":{\"@id\":\"https:\\\/\\\/eldigitaldeasturias.com\\\/magazine365\\\/el-aeropuerto-de-valencia-inicia-una-nueva-ruta-con-bucarest-operada-por-tarom\\\/#breadcrumblist\"},\"author\":{\"@id\":\"https:\\\/\\\/eldigitaldeasturias.com\\\/magazine365\\\/author\\\/admin\\\/#author\"},\"creator\":{\"@id\":\"https:\\\/\\\/eldigitaldeasturias.com\\\/magazine365\\\/author\\\/admin\\\/#author\"},\"image\":{\"@type\":\"ImageObject\",\"url\":\"https:\\\/\\\/eldigitaldeasturias.com\\\/magazine365\\\/wp-content\\\/uploads\\\/2015\\\/06\\\/fotonoticia_20150619144914_800.jpg\",\"@id\":\"https:\\\/\\\/eldigitaldeasturias.com\\\/magazine365\\\/el-aeropuerto-de-valencia-inicia-una-nueva-ruta-con-bucarest-operada-por-tarom\\\/#mainImage\",\"width\":800,\"height\":600},\"primaryImageOfPage\":{\"@id\":\"https:\\\/\\\/eldigitaldeasturias.com\\\/magazine365\\\/el-aeropuerto-de-valencia-inicia-una-nueva-ruta-con-bucarest-operada-por-tarom\\\/#mainImage\"},\"datePublished\":\"2015-06-20T01:52:26+02:00\",\"dateModified\":\"2015-06-20T01:52:26+02:00\"},{\"@type\":\"WebSite\",\"@id\":\"https:\\\/\\\/eldigitaldeasturias.com\\\/magazine365\\\/#website\",\"url\":\"https:\\\/\\\/eldigitaldeasturias.com\\\/magazine365\\\/\",\"name\":\"El Digital de Asturias\",\"description\":\"Revista de ocio, turismo y estilo de vida\",\"inLanguage\":\"es-ES\",\"publisher\":{\"@id\":\"https:\\\/\\\/eldigitaldeasturias.com\\\/magazine365\\\/#organization\"}}]}\n\t\t<\/script>\n\t\t<!-- All in One SEO Pro -->\r\n\t\t<title>El Aeropuerto de Valencia inicia una nueva ruta con Bucarest operada por Tarom | El Digital de Asturias<\/title>\n\n","aioseo_head_json":{"title":"El Aeropuerto de Valencia inicia una nueva ruta con Bucarest operada por Tarom | El Digital de Asturias","description":"El Aeropuerto de Valencia inicia este viernes una nueva ruta con Bucarest (Rumania), operada por la compa\u00f1\u00eda a\u00e9rea Tarom, seg\u00fan han informado desde esta infraestructura en un comunicado. Los vuelos estar\u00e1n disponibles los viernes y los domingos y ser\u00e1n operados por un Airbus 318 con capacidad para 150 pasajeros. Con este nuevo vuelo, la compa\u00f1\u00eda","canonical_url":"https:\/\/eldigitaldeasturias.com\/magazine365\/el-aeropuerto-de-valencia-inicia-una-nueva-ruta-con-bucarest-operada-por-tarom\/","robots":"max-image-preview:large","keywords":"noticias y actualidad","webmasterTools":{"google-site-verification":"UA-38556648-1","miscellaneous":""},"schema":{"@context":"https:\/\/schema.org","@graph":[{"@type":"Article","@id":"https:\/\/eldigitaldeasturias.com\/magazine365\/el-aeropuerto-de-valencia-inicia-una-nueva-ruta-con-bucarest-operada-por-tarom\/#article","name":"El Aeropuerto de Valencia inicia una nueva ruta con Bucarest operada por Tarom | El Digital de Asturias","headline":"El Aeropuerto de Valencia inicia una nueva ruta con Bucarest operada por Tarom","author":{"@id":"https:\/\/eldigitaldeasturias.com\/magazine365\/author\/admin\/#author"},"publisher":{"@id":"https:\/\/eldigitaldeasturias.com\/magazine365\/#organization"},"image":{"@type":"ImageObject","url":"https:\/\/eldigitaldeasturias.com\/magazine365\/wp-content\/uploads\/2015\/06\/fotonoticia_20150619144914_800.jpg","width":800,"height":600},"datePublished":"2015-06-20T01:52:26+02:00","dateModified":"2015-06-20T01:52:26+02:00","inLanguage":"es-ES","mainEntityOfPage":{"@id":"https:\/\/eldigitaldeasturias.com\/magazine365\/el-aeropuerto-de-valencia-inicia-una-nueva-ruta-con-bucarest-operada-por-tarom\/#webpage"},"isPartOf":{"@id":"https:\/\/eldigitaldeasturias.com\/magazine365\/el-aeropuerto-de-valencia-inicia-una-nueva-ruta-con-bucarest-operada-por-tarom\/#webpage"},"articleSection":"Noticias y Actualidad"},{"@type":"BreadcrumbList","@id":"https:\/\/eldigitaldeasturias.com\/magazine365\/el-aeropuerto-de-valencia-inicia-una-nueva-ruta-con-bucarest-operada-por-tarom\/#breadcrumblist","itemListElement":[{"@type":"ListItem","@id":"https:\/\/eldigitaldeasturias.com\/magazine365#listItem","position":1,"name":"Home","item":"https:\/\/eldigitaldeasturias.com\/magazine365","nextItem":{"@type":"ListItem","@id":"https:\/\/eldigitaldeasturias.com\/magazine365\/category\/noticias-actualidad\/#listItem","name":"Noticias y Actualidad"}},{"@type":"ListItem","@id":"https:\/\/eldigitaldeasturias.com\/magazine365\/category\/noticias-actualidad\/#listItem","position":2,"name":"Noticias y Actualidad","item":"https:\/\/eldigitaldeasturias.com\/magazine365\/category\/noticias-actualidad\/","nextItem":{"@type":"ListItem","@id":"https:\/\/eldigitaldeasturias.com\/magazine365\/el-aeropuerto-de-valencia-inicia-una-nueva-ruta-con-bucarest-operada-por-tarom\/#listItem","name":"El Aeropuerto de Valencia inicia una nueva ruta con Bucarest operada por Tarom"},"previousItem":{"@type":"ListItem","@id":"https:\/\/eldigitaldeasturias.com\/magazine365#listItem","name":"Home"}},{"@type":"ListItem","@id":"https:\/\/eldigitaldeasturias.com\/magazine365\/el-aeropuerto-de-valencia-inicia-una-nueva-ruta-con-bucarest-operada-por-tarom\/#listItem","position":3,"name":"El Aeropuerto de Valencia inicia una nueva ruta con Bucarest operada por Tarom","previousItem":{"@type":"ListItem","@id":"https:\/\/eldigitaldeasturias.com\/magazine365\/category\/noticias-actualidad\/#listItem","name":"Noticias y Actualidad"}}]},{"@type":"Organization","@id":"https:\/\/eldigitaldeasturias.com\/magazine365\/#organization","name":"El digital de Asturias","description":"Revista de ocio, turismo y estilo de vida","url":"https:\/\/eldigitaldeasturias.com\/magazine365\/","logo":{"@type":"ImageObject","url":"https:\/\/www.eldigitaldeasturias.com\/noticias\/wp-content\/uploads\/2020\/12\/EDA.jpg","@id":"https:\/\/eldigitaldeasturias.com\/magazine365\/el-aeropuerto-de-valencia-inicia-una-nueva-ruta-con-bucarest-operada-por-tarom\/#organizationLogo"},"image":{"@id":"https:\/\/eldigitaldeasturias.com\/magazine365\/el-aeropuerto-de-valencia-inicia-una-nueva-ruta-con-bucarest-operada-por-tarom\/#organizationLogo"}},{"@type":"Person","@id":"https:\/\/eldigitaldeasturias.com\/magazine365\/author\/admin\/#author","url":"https:\/\/eldigitaldeasturias.com\/magazine365\/author\/admin\/","name":"admin","image":{"@type":"ImageObject","@id":"https:\/\/eldigitaldeasturias.com\/magazine365\/el-aeropuerto-de-valencia-inicia-una-nueva-ruta-con-bucarest-operada-por-tarom\/#authorImage","url":"https:\/\/eldigitaldeasturias.com\/magazine365\/wp-content\/litespeed\/avatar\/e571bcf59a0edd6fa6838245a470f2fe.jpg?ver=1777574230","width":96,"height":96,"caption":"admin"}},{"@type":"WebPage","@id":"https:\/\/eldigitaldeasturias.com\/magazine365\/el-aeropuerto-de-valencia-inicia-una-nueva-ruta-con-bucarest-operada-por-tarom\/#webpage","url":"https:\/\/eldigitaldeasturias.com\/magazine365\/el-aeropuerto-de-valencia-inicia-una-nueva-ruta-con-bucarest-operada-por-tarom\/","name":"El Aeropuerto de Valencia inicia una nueva ruta con Bucarest operada por Tarom | El Digital de Asturias","description":"El Aeropuerto de Valencia inicia este viernes una nueva ruta con Bucarest (Rumania), operada por la compa\u00f1\u00eda a\u00e9rea Tarom, seg\u00fan han informado desde esta infraestructura en un comunicado. Los vuelos estar\u00e1n disponibles los viernes y los domingos y ser\u00e1n operados por un Airbus 318 con capacidad para 150 pasajeros. Con este nuevo vuelo, la compa\u00f1\u00eda","inLanguage":"es-ES","isPartOf":{"@id":"https:\/\/eldigitaldeasturias.com\/magazine365\/#website"},"breadcrumb":{"@id":"https:\/\/eldigitaldeasturias.com\/magazine365\/el-aeropuerto-de-valencia-inicia-una-nueva-ruta-con-bucarest-operada-por-tarom\/#breadcrumblist"},"author":{"@id":"https:\/\/eldigitaldeasturias.com\/magazine365\/author\/admin\/#author"},"creator":{"@id":"https:\/\/eldigitaldeasturias.com\/magazine365\/author\/admin\/#author"},"image":{"@type":"ImageObject","url":"https:\/\/eldigitaldeasturias.com\/magazine365\/wp-content\/uploads\/2015\/06\/fotonoticia_20150619144914_800.jpg","@id":"https:\/\/eldigitaldeasturias.com\/magazine365\/el-aeropuerto-de-valencia-inicia-una-nueva-ruta-con-bucarest-operada-por-tarom\/#mainImage","width":800,"height":600},"primaryImageOfPage":{"@id":"https:\/\/eldigitaldeasturias.com\/magazine365\/el-aeropuerto-de-valencia-inicia-una-nueva-ruta-con-bucarest-operada-por-tarom\/#mainImage"},"datePublished":"2015-06-20T01:52:26+02:00","dateModified":"2015-06-20T01:52:26+02:00"},{"@type":"WebSite","@id":"https:\/\/eldigitaldeasturias.com\/magazine365\/#website","url":"https:\/\/eldigitaldeasturias.com\/magazine365\/","name":"El Digital de Asturias","description":"Revista de ocio, turismo y estilo de vida","inLanguage":"es-ES","publisher":{"@id":"https:\/\/eldigitaldeasturias.com\/magazine365\/#organization"}}]},"og:locale":"es_ES","og:site_name":"El Digital de Asturias \u2013 Revista de ocio, turismo y estilo de vida","og:type":"article","og:title":"El Aeropuerto de Valencia inicia una nueva ruta con Bucarest operada por Tarom | El Digital de Asturias","og:description":"El Aeropuerto de Valencia inicia este viernes una nueva ruta con Bucarest (Rumania), operada por la compa\u00f1\u00eda a\u00e9rea Tarom, seg\u00fan han informado desde esta infraestructura en un comunicado. Los vuelos estar\u00e1n disponibles los viernes y los domingos y ser\u00e1n operados por un Airbus 318 con capacidad para 150 pasajeros. Con este nuevo vuelo, la compa\u00f1\u00eda","og:url":"https:\/\/eldigitaldeasturias.com\/magazine365\/el-aeropuerto-de-valencia-inicia-una-nueva-ruta-con-bucarest-operada-por-tarom\/","og:image":"https:\/\/eldigitaldeasturias.com\/magazine365\/wp-content\/uploads\/2015\/06\/fotonoticia_20150619144914_800.jpg","og:image:secure_url":"https:\/\/eldigitaldeasturias.com\/magazine365\/wp-content\/uploads\/2015\/06\/fotonoticia_20150619144914_800.jpg","og:image:width":800,"og:image:height":600,"article:published_time":"2015-06-20T00:22:26+00:00","article:modified_time":"2015-06-20T00:22:26+00:00","twitter:card":"summary_large_image","twitter:title":"El Aeropuerto de Valencia inicia una nueva ruta con Bucarest operada por Tarom | El Digital de Asturias","twitter:description":"El Aeropuerto de Valencia inicia este viernes una nueva ruta con Bucarest (Rumania), operada por la compa\u00f1\u00eda a\u00e9rea Tarom, seg\u00fan han informado desde esta infraestructura en un comunicado. Los vuelos estar\u00e1n disponibles los viernes y los domingos y ser\u00e1n operados por un Airbus 318 con capacidad para 150 pasajeros. Con este nuevo vuelo, la compa\u00f1\u00eda","twitter:image":"https:\/\/eldigitaldeasturias.com\/magazine365\/wp-content\/uploads\/2015\/06\/fotonoticia_20150619144914_800.jpg"},"aioseo_meta_data":{"post_id":"40418","title":null,"description":null,"keywords":null,"keyphrases":null,"primary_term":null,"canonical_url":null,"og_title":null,"og_description":null,"og_object_type":"default","og_image_type":"default","og_image_url":null,"og_image_width":null,"og_image_height":null,"og_image_custom_url":null,"og_image_custom_fields":null,"og_video":null,"og_custom_url":null,"og_article_section":null,"og_article_tags":null,"twitter_use_og":false,"twitter_card":"default","twitter_image_type":"default","twitter_image_url":null,"twitter_image_custom_url":null,"twitter_image_custom_fields":null,"twitter_title":null,"twitter_description":null,"schema":{"blockGraphs":[],"customGraphs":[],"default":{"data":{"Article":[],"Course":[],"Dataset":[],"FAQPage":[],"Movie":[],"Person":[],"Product":[],"ProductReview":[],"Car":[],"Recipe":[],"Service":[],"SoftwareApplication":[],"WebPage":[]},"graphName":"","isEnabled":true},"graphs":[]},"schema_type":null,"schema_type_options":null,"pillar_content":false,"robots_default":true,"robots_noindex":false,"robots_noarchive":false,"robots_nosnippet":false,"robots_nofollow":false,"robots_noimageindex":false,"robots_noodp":false,"robots_notranslate":false,"robots_max_snippet":null,"robots_max_videopreview":null,"robots_max_imagepreview":"large","priority":null,"frequency":null,"location":null,"local_seo":null,"seo_analyzer_scan_date":"2025-09-19 13:29:18","breadcrumb_settings":null,"limit_modified_date":false,"open_ai":null,"ai":null,"created":"2021-03-09 02:28:42","updated":"2025-09-19 13:29:18"},"aioseo_breadcrumb":"<div class=\"aioseo-breadcrumbs\"><span class=\"aioseo-breadcrumb\">\n\t<a href=\"https:\/\/eldigitaldeasturias.com\/magazine365\" title=\"Home\">Home<\/a>\n<\/span><span class=\"aioseo-breadcrumb-separator\">\u2013<\/span><span class=\"aioseo-breadcrumb\">\n\t<a href=\"https:\/\/eldigitaldeasturias.com\/magazine365\/category\/noticias-actualidad\/\" title=\"Noticias y Actualidad\">Noticias y Actualidad<\/a>\n<\/span><span class=\"aioseo-breadcrumb-separator\">\u2013<\/span><span class=\"aioseo-breadcrumb\">\n\t<a href=\"https:\/\/eldigitaldeasturias.com\/magazine365\/el-aeropuerto-de-valencia-inicia-una-nueva-ruta-con-bucarest-operada-por-tarom\/\" title=\"El Aeropuerto de Valencia inicia una nueva ruta con Bucarest operada por Tarom\">El Aeropuerto de Valencia inicia una nueva ruta con Bucarest operada por Tarom<\/a>\n<\/span><\/div>","aioseo_breadcrumb_json":[{"label":"Home","link":"https:\/\/eldigitaldeasturias.com\/magazine365"},{"label":"Noticias y Actualidad","link":"https:\/\/eldigitaldeasturias.com\/magazine365\/category\/noticias-actualidad\/"},{"label":"El Aeropuerto de Valencia inicia una nueva ruta con Bucarest operada por Tarom","link":"https:\/\/eldigitaldeasturias.com\/magazine365\/el-aeropuerto-de-valencia-inicia-una-nueva-ruta-con-bucarest-operada-por-tarom\/"}],"_links":{"self":[{"href":"https:\/\/eldigitaldeasturias.com\/magazine365\/wp-json\/wp\/v2\/posts\/40418","targetHints":{"allow":["GET"]}}],"collection":[{"href":"https:\/\/eldigitaldeasturias.com\/magazine365\/wp-json\/wp\/v2\/posts"}],"about":[{"href":"https:\/\/eldigitaldeasturias.com\/magazine365\/wp-json\/wp\/v2\/types\/post"}],"author":[{"embeddable":true,"href":"https:\/\/eldigitaldeasturias.com\/magazine365\/wp-json\/wp\/v2\/users\/1"}],"replies":[{"embeddable":true,"href":"https:\/\/eldigitaldeasturias.com\/magazine365\/wp-json\/wp\/v2\/comments?post=40418"}],"version-history":[{"count":0,"href":"https:\/\/eldigitaldeasturias.com\/magazine365\/wp-json\/wp\/v2\/posts\/40418\/revisions"}],"wp:featuredmedia":[{"embeddable":true,"href":"https:\/\/eldigitaldeasturias.com\/magazine365\/wp-json\/wp\/v2\/media\/40419"}],"wp:attachment":[{"href":"https:\/\/eldigitaldeasturias.com\/magazine365\/wp-json\/wp\/v2\/media?parent=40418"}],"wp:term":[{"taxonomy":"category","embeddable":true,"href":"https:\/\/eldigitaldeasturias.com\/magazine365\/wp-json\/wp\/v2\/categories?post=40418"},{"taxonomy":"post_tag","embeddable":true,"href":"https:\/\/eldigitaldeasturias.com\/magazine365\/wp-json\/wp\/v2\/tags?post=40418"}],"curies":[{"name":"wp","href":"https:\/\/api.w.org\/{rel}","templated":true}]}}