{"id":40415,"date":"2015-06-20T01:51:08","date_gmt":"2015-06-20T00:21:08","guid":{"rendered":"http:\/\/eldigitaldeasturias.com\/magazine365\/?p=40415"},"modified":"2015-06-20T01:51:08","modified_gmt":"2015-06-20T00:21:08","slug":"el-semanal-aleman-die-zeit-publicara-un-reportaje-sobre-la-oferta-turistica-taurina","status":"publish","type":"post","link":"https:\/\/eldigitaldeasturias.com\/magazine365\/el-semanal-aleman-die-zeit-publicara-un-reportaje-sobre-la-oferta-turistica-taurina\/","title":{"rendered":"El semanal alem\u00e1n &#8216;Die Zeit&#8217; publicar\u00e1 un reportaje sobre la oferta tur\u00edstica taurina"},"content":{"rendered":"<p><img fetchpriority=\"high\" decoding=\"async\" class=\"alignleft size-medium wp-image-40416\" src=\"https:\/\/eldigitaldeasturias.com\/magazine365\/wp-content\/uploads\/2015\/06\/fotonoticia_20150619144816_800-360x270.jpg\" alt=\"fotonoticia_20150619144816_800\" width=\"360\" height=\"270\" srcset=\"https:\/\/eldigitaldeasturias.com\/magazine365\/wp-content\/uploads\/2015\/06\/fotonoticia_20150619144816_800-360x270.jpg 360w, https:\/\/eldigitaldeasturias.com\/magazine365\/wp-content\/uploads\/2015\/06\/fotonoticia_20150619144816_800-650x488.jpg 650w, https:\/\/eldigitaldeasturias.com\/magazine365\/wp-content\/uploads\/2015\/06\/fotonoticia_20150619144816_800-768x576.jpg 768w, https:\/\/eldigitaldeasturias.com\/magazine365\/wp-content\/uploads\/2015\/06\/fotonoticia_20150619144816_800-150x113.jpg 150w, https:\/\/eldigitaldeasturias.com\/magazine365\/wp-content\/uploads\/2015\/06\/fotonoticia_20150619144816_800-450x338.jpg 450w, https:\/\/eldigitaldeasturias.com\/magazine365\/wp-content\/uploads\/2015\/06\/fotonoticia_20150619144816_800-80x60.jpg 80w, https:\/\/eldigitaldeasturias.com\/magazine365\/wp-content\/uploads\/2015\/06\/fotonoticia_20150619144816_800-265x198.jpg 265w, https:\/\/eldigitaldeasturias.com\/magazine365\/wp-content\/uploads\/2015\/06\/fotonoticia_20150619144816_800-696x522.jpg 696w, https:\/\/eldigitaldeasturias.com\/magazine365\/wp-content\/uploads\/2015\/06\/fotonoticia_20150619144816_800-560x420.jpg 560w, https:\/\/eldigitaldeasturias.com\/magazine365\/wp-content\/uploads\/2015\/06\/fotonoticia_20150619144816_800-90x67.jpg 90w, https:\/\/eldigitaldeasturias.com\/magazine365\/wp-content\/uploads\/2015\/06\/fotonoticia_20150619144816_800-100x75.jpg 100w, https:\/\/eldigitaldeasturias.com\/magazine365\/wp-content\/uploads\/2015\/06\/fotonoticia_20150619144816_800.jpg 800w\" sizes=\"(max-width: 360px) 100vw, 360px\" \/>Un periodista de &#8216;Die Zeit&#8217;, la publicaci\u00f3n semanal m\u00e1s importante de Alemania, con una tirada de m\u00e1s de 600.000 ejemplares, se ha desplazado a la provincia de Sevilla para conocer el producto tur\u00edstico de la Diputaci\u00f3n &#8216;Territorio Toro&#8217;, al objeto de publicar un reportaje tem\u00e1tico en dicho semanario.<\/p>\n<p>La Diputaci\u00f3n de Sevilla ha informado en una nota de que durante su estancia en la provincia, este profesional teut\u00f3n ha visitado de la mano de Prodetur los municipios de Aznalc\u00e1zar, Gerena, Mor\u00f3n de la Frontera y Utrera, donde ha podido conocer varias haciendas y ganader\u00edas de la zona, as\u00ed como mantener una entrevista con el joven torero Paco Lama de G\u00f3ngora.<\/p>\n<p>Seg\u00fan han se\u00f1alado, &#8216;Territorio Toro&#8217; se puso en marcha hace cinco a\u00f1os, con el objetivo de ofrecer paquetes tur\u00edsticos que dieran a conocer las facetas culturales, ecol\u00f3gicas, socioecon\u00f3micas y de oficios relacionadas con el toro bravo en la provincia de Sevilla.Desde entonces, se han incorporado varias novedades a este proyecto, vinculadas al turismo rural.<\/p>\n<p>Para ello, indican, se lanz\u00f3 a finales del pasado a\u00f1o una nueva gu\u00eda en versi\u00f3n biling\u00fce, espa\u00f1ol-ingl\u00e9s y espa\u00f1ol-franc\u00e9s, que dedica los primeros cap\u00edtulos a la historia del toro bravo, su \u00edntima vinculaci\u00f3n con la provincia y su presencia en la literatura y en las artes. Adem\u00e1s de enumerar una quincena de plazas de toros sevillanas dedicadas total o parcialmente a un uso taurino.<\/p>\n<p>Tras estos cap\u00edtulos introductorios la gu\u00eda se adentra en la propuesta tur\u00edstica de &#8216;Territorio Toro&#8217;. Para ello se ofrecen paquetes de experiencias en ocho ganader\u00edas o fincas de la provincia, que son: Hermanos Peralta, Rancho El Roc\u00edo (La Puebla del R\u00edo), Partido de Resina (Aznalc\u00e1zar), Marqu\u00e9s de Albaserrada, finca La Mirandilla (Gerena), Lora Sangr\u00e1n, dehesa La Calera (Gerena), Gabriel Rojas, finca El Castillo (El Castillo de las Guardas), Hermanos Sampedro, dehesa La Cepera (El Castillo de las Guardas), Las Monjas (Lora del R\u00edo), Conde de la Maza y finca Cortijo Arenales (Mor\u00f3n de la Frontera).<\/p>\n","protected":false},"excerpt":{"rendered":"<p>Un periodista de &#8216;Die Zeit&#8217;, la publicaci\u00f3n semanal m\u00e1s importante de Alemania, con una tirada de m\u00e1s de 600.000 ejemplares, se ha desplazado a la provincia de Sevilla para conocer el producto tur\u00edstico de la Diputaci\u00f3n &#8216;Territorio Toro&#8217;, al objeto de publicar un reportaje tem\u00e1tico en dicho semanario. La Diputaci\u00f3n de Sevilla ha informado en<\/p>\n","protected":false},"author":1,"featured_media":40416,"comment_status":"open","ping_status":"closed","sticky":false,"template":"","format":"standard","meta":{"footnotes":""},"categories":[222],"tags":[],"class_list":{"0":"post-40415","1":"post","2":"type-post","3":"status-publish","4":"format-standard","5":"has-post-thumbnail","7":"category-actualidad-turismo"},"aioseo_notices":[],"aioseo_head":"\n\t\t<!-- All in One SEO Pro 4.9.6.1 - aioseo.com -->\n\t<meta name=\"description\" content=\"Un periodista de &#039;Die Zeit&#039;, la publicaci\u00f3n semanal m\u00e1s importante de Alemania, con una tirada de m\u00e1s de 600.000 ejemplares, se ha desplazado a la provincia de Sevilla para conocer el producto tur\u00edstico de la Diputaci\u00f3n &#039;Territorio Toro&#039;, al objeto de publicar un reportaje tem\u00e1tico en dicho semanario. La Diputaci\u00f3n de Sevilla ha informado en\" \/>\n\t<meta name=\"robots\" content=\"max-image-preview:large\" \/>\n\t<meta name=\"author\" content=\"admin\"\/>\n\t<meta name=\"google-site-verification\" content=\"UA-38556648-1\" \/>\n\t<meta name=\"keywords\" content=\"actualidad turismo\" \/>\n\t<link rel=\"canonical\" href=\"https:\/\/eldigitaldeasturias.com\/magazine365\/el-semanal-aleman-die-zeit-publicara-un-reportaje-sobre-la-oferta-turistica-taurina\/\" \/>\n\t<meta name=\"generator\" content=\"All in One SEO Pro (AIOSEO) 4.9.6.1\" \/>\n\t\t<meta property=\"og:locale\" content=\"es_ES\" \/>\n\t\t<meta property=\"og:site_name\" content=\"El Digital de Asturias \u2013 Revista de ocio, turismo y estilo de vida\" \/>\n\t\t<meta property=\"og:type\" content=\"article\" \/>\n\t\t<meta property=\"og:title\" content=\"El semanal alem\u00e1n \u2018Die Zeit\u2019 publicar\u00e1 un reportaje sobre la oferta tur\u00edstica taurina | El Digital de Asturias\" \/>\n\t\t<meta property=\"og:description\" content=\"Un periodista de &#039;Die Zeit&#039;, la publicaci\u00f3n semanal m\u00e1s importante de Alemania, con una tirada de m\u00e1s de 600.000 ejemplares, se ha desplazado a la provincia de Sevilla para conocer el producto tur\u00edstico de la Diputaci\u00f3n &#039;Territorio Toro&#039;, al objeto de publicar un reportaje tem\u00e1tico en dicho semanario. La Diputaci\u00f3n de Sevilla ha informado en\" \/>\n\t\t<meta property=\"og:url\" content=\"https:\/\/eldigitaldeasturias.com\/magazine365\/el-semanal-aleman-die-zeit-publicara-un-reportaje-sobre-la-oferta-turistica-taurina\/\" \/>\n\t\t<meta property=\"og:image\" content=\"https:\/\/eldigitaldeasturias.com\/magazine365\/wp-content\/uploads\/2015\/06\/fotonoticia_20150619144816_800.jpg\" \/>\n\t\t<meta property=\"og:image:secure_url\" content=\"https:\/\/eldigitaldeasturias.com\/magazine365\/wp-content\/uploads\/2015\/06\/fotonoticia_20150619144816_800.jpg\" \/>\n\t\t<meta property=\"og:image:width\" content=\"800\" \/>\n\t\t<meta property=\"og:image:height\" content=\"600\" \/>\n\t\t<meta property=\"article:published_time\" content=\"2015-06-20T00:21:08+00:00\" \/>\n\t\t<meta property=\"article:modified_time\" content=\"2015-06-20T00:21:08+00:00\" \/>\n\t\t<meta name=\"twitter:card\" content=\"summary_large_image\" \/>\n\t\t<meta name=\"twitter:title\" content=\"El semanal alem\u00e1n \u2018Die Zeit\u2019 publicar\u00e1 un reportaje sobre la oferta tur\u00edstica taurina | El Digital de Asturias\" \/>\n\t\t<meta name=\"twitter:description\" content=\"Un periodista de &#039;Die Zeit&#039;, la publicaci\u00f3n semanal m\u00e1s importante de Alemania, con una tirada de m\u00e1s de 600.000 ejemplares, se ha desplazado a la provincia de Sevilla para conocer el producto tur\u00edstico de la Diputaci\u00f3n &#039;Territorio Toro&#039;, al objeto de publicar un reportaje tem\u00e1tico en dicho semanario. La Diputaci\u00f3n de Sevilla ha informado en\" \/>\n\t\t<meta name=\"twitter:image\" content=\"https:\/\/eldigitaldeasturias.com\/magazine365\/wp-content\/uploads\/2015\/06\/fotonoticia_20150619144816_800.jpg\" \/>\n\t\t<script type=\"application\/ld+json\" class=\"aioseo-schema\">\n\t\t\t{\"@context\":\"https:\\\/\\\/schema.org\",\"@graph\":[{\"@type\":\"Article\",\"@id\":\"https:\\\/\\\/eldigitaldeasturias.com\\\/magazine365\\\/el-semanal-aleman-die-zeit-publicara-un-reportaje-sobre-la-oferta-turistica-taurina\\\/#article\",\"name\":\"El semanal alem\\u00e1n \\u2018Die Zeit\\u2019 publicar\\u00e1 un reportaje sobre la oferta tur\\u00edstica taurina | El Digital de Asturias\",\"headline\":\"El semanal alem\\u00e1n &#8216;Die Zeit&#8217; publicar\\u00e1 un reportaje sobre la oferta tur\\u00edstica taurina\",\"author\":{\"@id\":\"https:\\\/\\\/eldigitaldeasturias.com\\\/magazine365\\\/author\\\/admin\\\/#author\"},\"publisher\":{\"@id\":\"https:\\\/\\\/eldigitaldeasturias.com\\\/magazine365\\\/#organization\"},\"image\":{\"@type\":\"ImageObject\",\"url\":\"https:\\\/\\\/eldigitaldeasturias.com\\\/magazine365\\\/wp-content\\\/uploads\\\/2015\\\/06\\\/fotonoticia_20150619144816_800.jpg\",\"width\":800,\"height\":600},\"datePublished\":\"2015-06-20T01:51:08+02:00\",\"dateModified\":\"2015-06-20T01:51:08+02:00\",\"inLanguage\":\"es-ES\",\"mainEntityOfPage\":{\"@id\":\"https:\\\/\\\/eldigitaldeasturias.com\\\/magazine365\\\/el-semanal-aleman-die-zeit-publicara-un-reportaje-sobre-la-oferta-turistica-taurina\\\/#webpage\"},\"isPartOf\":{\"@id\":\"https:\\\/\\\/eldigitaldeasturias.com\\\/magazine365\\\/el-semanal-aleman-die-zeit-publicara-un-reportaje-sobre-la-oferta-turistica-taurina\\\/#webpage\"},\"articleSection\":\"Actualidad Turismo\"},{\"@type\":\"BreadcrumbList\",\"@id\":\"https:\\\/\\\/eldigitaldeasturias.com\\\/magazine365\\\/el-semanal-aleman-die-zeit-publicara-un-reportaje-sobre-la-oferta-turistica-taurina\\\/#breadcrumblist\",\"itemListElement\":[{\"@type\":\"ListItem\",\"@id\":\"https:\\\/\\\/eldigitaldeasturias.com\\\/magazine365#listItem\",\"position\":1,\"name\":\"Home\",\"item\":\"https:\\\/\\\/eldigitaldeasturias.com\\\/magazine365\",\"nextItem\":{\"@type\":\"ListItem\",\"@id\":\"https:\\\/\\\/eldigitaldeasturias.com\\\/magazine365\\\/category\\\/actualidad-turismo\\\/#listItem\",\"name\":\"Actualidad Turismo\"}},{\"@type\":\"ListItem\",\"@id\":\"https:\\\/\\\/eldigitaldeasturias.com\\\/magazine365\\\/category\\\/actualidad-turismo\\\/#listItem\",\"position\":2,\"name\":\"Actualidad Turismo\",\"item\":\"https:\\\/\\\/eldigitaldeasturias.com\\\/magazine365\\\/category\\\/actualidad-turismo\\\/\",\"nextItem\":{\"@type\":\"ListItem\",\"@id\":\"https:\\\/\\\/eldigitaldeasturias.com\\\/magazine365\\\/el-semanal-aleman-die-zeit-publicara-un-reportaje-sobre-la-oferta-turistica-taurina\\\/#listItem\",\"name\":\"El semanal alem\\u00e1n &#8216;Die Zeit&#8217; publicar\\u00e1 un reportaje sobre la oferta tur\\u00edstica taurina\"},\"previousItem\":{\"@type\":\"ListItem\",\"@id\":\"https:\\\/\\\/eldigitaldeasturias.com\\\/magazine365#listItem\",\"name\":\"Home\"}},{\"@type\":\"ListItem\",\"@id\":\"https:\\\/\\\/eldigitaldeasturias.com\\\/magazine365\\\/el-semanal-aleman-die-zeit-publicara-un-reportaje-sobre-la-oferta-turistica-taurina\\\/#listItem\",\"position\":3,\"name\":\"El semanal alem\\u00e1n &#8216;Die Zeit&#8217; publicar\\u00e1 un reportaje sobre la oferta tur\\u00edstica taurina\",\"previousItem\":{\"@type\":\"ListItem\",\"@id\":\"https:\\\/\\\/eldigitaldeasturias.com\\\/magazine365\\\/category\\\/actualidad-turismo\\\/#listItem\",\"name\":\"Actualidad Turismo\"}}]},{\"@type\":\"Organization\",\"@id\":\"https:\\\/\\\/eldigitaldeasturias.com\\\/magazine365\\\/#organization\",\"name\":\"El digital de Asturias\",\"description\":\"Revista de ocio, turismo y estilo de vida\",\"url\":\"https:\\\/\\\/eldigitaldeasturias.com\\\/magazine365\\\/\",\"logo\":{\"@type\":\"ImageObject\",\"url\":\"https:\\\/\\\/www.eldigitaldeasturias.com\\\/noticias\\\/wp-content\\\/uploads\\\/2020\\\/12\\\/EDA.jpg\",\"@id\":\"https:\\\/\\\/eldigitaldeasturias.com\\\/magazine365\\\/el-semanal-aleman-die-zeit-publicara-un-reportaje-sobre-la-oferta-turistica-taurina\\\/#organizationLogo\"},\"image\":{\"@id\":\"https:\\\/\\\/eldigitaldeasturias.com\\\/magazine365\\\/el-semanal-aleman-die-zeit-publicara-un-reportaje-sobre-la-oferta-turistica-taurina\\\/#organizationLogo\"}},{\"@type\":\"Person\",\"@id\":\"https:\\\/\\\/eldigitaldeasturias.com\\\/magazine365\\\/author\\\/admin\\\/#author\",\"url\":\"https:\\\/\\\/eldigitaldeasturias.com\\\/magazine365\\\/author\\\/admin\\\/\",\"name\":\"admin\",\"image\":{\"@type\":\"ImageObject\",\"@id\":\"https:\\\/\\\/eldigitaldeasturias.com\\\/magazine365\\\/el-semanal-aleman-die-zeit-publicara-un-reportaje-sobre-la-oferta-turistica-taurina\\\/#authorImage\",\"url\":\"https:\\\/\\\/eldigitaldeasturias.com\\\/magazine365\\\/wp-content\\\/litespeed\\\/avatar\\\/e571bcf59a0edd6fa6838245a470f2fe.jpg?ver=1777574230\",\"width\":96,\"height\":96,\"caption\":\"admin\"}},{\"@type\":\"WebPage\",\"@id\":\"https:\\\/\\\/eldigitaldeasturias.com\\\/magazine365\\\/el-semanal-aleman-die-zeit-publicara-un-reportaje-sobre-la-oferta-turistica-taurina\\\/#webpage\",\"url\":\"https:\\\/\\\/eldigitaldeasturias.com\\\/magazine365\\\/el-semanal-aleman-die-zeit-publicara-un-reportaje-sobre-la-oferta-turistica-taurina\\\/\",\"name\":\"El semanal alem\\u00e1n \\u2018Die Zeit\\u2019 publicar\\u00e1 un reportaje sobre la oferta tur\\u00edstica taurina | El Digital de Asturias\",\"description\":\"Un periodista de 'Die Zeit', la publicaci\\u00f3n semanal m\\u00e1s importante de Alemania, con una tirada de m\\u00e1s de 600.000 ejemplares, se ha desplazado a la provincia de Sevilla para conocer el producto tur\\u00edstico de la Diputaci\\u00f3n 'Territorio Toro', al objeto de publicar un reportaje tem\\u00e1tico en dicho semanario. La Diputaci\\u00f3n de Sevilla ha informado en\",\"inLanguage\":\"es-ES\",\"isPartOf\":{\"@id\":\"https:\\\/\\\/eldigitaldeasturias.com\\\/magazine365\\\/#website\"},\"breadcrumb\":{\"@id\":\"https:\\\/\\\/eldigitaldeasturias.com\\\/magazine365\\\/el-semanal-aleman-die-zeit-publicara-un-reportaje-sobre-la-oferta-turistica-taurina\\\/#breadcrumblist\"},\"author\":{\"@id\":\"https:\\\/\\\/eldigitaldeasturias.com\\\/magazine365\\\/author\\\/admin\\\/#author\"},\"creator\":{\"@id\":\"https:\\\/\\\/eldigitaldeasturias.com\\\/magazine365\\\/author\\\/admin\\\/#author\"},\"image\":{\"@type\":\"ImageObject\",\"url\":\"https:\\\/\\\/eldigitaldeasturias.com\\\/magazine365\\\/wp-content\\\/uploads\\\/2015\\\/06\\\/fotonoticia_20150619144816_800.jpg\",\"@id\":\"https:\\\/\\\/eldigitaldeasturias.com\\\/magazine365\\\/el-semanal-aleman-die-zeit-publicara-un-reportaje-sobre-la-oferta-turistica-taurina\\\/#mainImage\",\"width\":800,\"height\":600},\"primaryImageOfPage\":{\"@id\":\"https:\\\/\\\/eldigitaldeasturias.com\\\/magazine365\\\/el-semanal-aleman-die-zeit-publicara-un-reportaje-sobre-la-oferta-turistica-taurina\\\/#mainImage\"},\"datePublished\":\"2015-06-20T01:51:08+02:00\",\"dateModified\":\"2015-06-20T01:51:08+02:00\"},{\"@type\":\"WebSite\",\"@id\":\"https:\\\/\\\/eldigitaldeasturias.com\\\/magazine365\\\/#website\",\"url\":\"https:\\\/\\\/eldigitaldeasturias.com\\\/magazine365\\\/\",\"name\":\"El Digital de Asturias\",\"description\":\"Revista de ocio, turismo y estilo de vida\",\"inLanguage\":\"es-ES\",\"publisher\":{\"@id\":\"https:\\\/\\\/eldigitaldeasturias.com\\\/magazine365\\\/#organization\"}}]}\n\t\t<\/script>\n\t\t<!-- All in One SEO Pro -->\r\n\t\t<title>El semanal alem\u00e1n \u2018Die Zeit\u2019 publicar\u00e1 un reportaje sobre la oferta tur\u00edstica taurina | El Digital de Asturias<\/title>\n\n","aioseo_head_json":{"title":"El semanal alem\u00e1n \u2018Die Zeit\u2019 publicar\u00e1 un reportaje sobre la oferta tur\u00edstica taurina | El Digital de Asturias","description":"Un periodista de 'Die Zeit', la publicaci\u00f3n semanal m\u00e1s importante de Alemania, con una tirada de m\u00e1s de 600.000 ejemplares, se ha desplazado a la provincia de Sevilla para conocer el producto tur\u00edstico de la Diputaci\u00f3n 'Territorio Toro', al objeto de publicar un reportaje tem\u00e1tico en dicho semanario. La Diputaci\u00f3n de Sevilla ha informado en","canonical_url":"https:\/\/eldigitaldeasturias.com\/magazine365\/el-semanal-aleman-die-zeit-publicara-un-reportaje-sobre-la-oferta-turistica-taurina\/","robots":"max-image-preview:large","keywords":"actualidad turismo","webmasterTools":{"google-site-verification":"UA-38556648-1","miscellaneous":""},"schema":{"@context":"https:\/\/schema.org","@graph":[{"@type":"Article","@id":"https:\/\/eldigitaldeasturias.com\/magazine365\/el-semanal-aleman-die-zeit-publicara-un-reportaje-sobre-la-oferta-turistica-taurina\/#article","name":"El semanal alem\u00e1n \u2018Die Zeit\u2019 publicar\u00e1 un reportaje sobre la oferta tur\u00edstica taurina | El Digital de Asturias","headline":"El semanal alem\u00e1n &#8216;Die Zeit&#8217; publicar\u00e1 un reportaje sobre la oferta tur\u00edstica taurina","author":{"@id":"https:\/\/eldigitaldeasturias.com\/magazine365\/author\/admin\/#author"},"publisher":{"@id":"https:\/\/eldigitaldeasturias.com\/magazine365\/#organization"},"image":{"@type":"ImageObject","url":"https:\/\/eldigitaldeasturias.com\/magazine365\/wp-content\/uploads\/2015\/06\/fotonoticia_20150619144816_800.jpg","width":800,"height":600},"datePublished":"2015-06-20T01:51:08+02:00","dateModified":"2015-06-20T01:51:08+02:00","inLanguage":"es-ES","mainEntityOfPage":{"@id":"https:\/\/eldigitaldeasturias.com\/magazine365\/el-semanal-aleman-die-zeit-publicara-un-reportaje-sobre-la-oferta-turistica-taurina\/#webpage"},"isPartOf":{"@id":"https:\/\/eldigitaldeasturias.com\/magazine365\/el-semanal-aleman-die-zeit-publicara-un-reportaje-sobre-la-oferta-turistica-taurina\/#webpage"},"articleSection":"Actualidad Turismo"},{"@type":"BreadcrumbList","@id":"https:\/\/eldigitaldeasturias.com\/magazine365\/el-semanal-aleman-die-zeit-publicara-un-reportaje-sobre-la-oferta-turistica-taurina\/#breadcrumblist","itemListElement":[{"@type":"ListItem","@id":"https:\/\/eldigitaldeasturias.com\/magazine365#listItem","position":1,"name":"Home","item":"https:\/\/eldigitaldeasturias.com\/magazine365","nextItem":{"@type":"ListItem","@id":"https:\/\/eldigitaldeasturias.com\/magazine365\/category\/actualidad-turismo\/#listItem","name":"Actualidad Turismo"}},{"@type":"ListItem","@id":"https:\/\/eldigitaldeasturias.com\/magazine365\/category\/actualidad-turismo\/#listItem","position":2,"name":"Actualidad Turismo","item":"https:\/\/eldigitaldeasturias.com\/magazine365\/category\/actualidad-turismo\/","nextItem":{"@type":"ListItem","@id":"https:\/\/eldigitaldeasturias.com\/magazine365\/el-semanal-aleman-die-zeit-publicara-un-reportaje-sobre-la-oferta-turistica-taurina\/#listItem","name":"El semanal alem\u00e1n &#8216;Die Zeit&#8217; publicar\u00e1 un reportaje sobre la oferta tur\u00edstica taurina"},"previousItem":{"@type":"ListItem","@id":"https:\/\/eldigitaldeasturias.com\/magazine365#listItem","name":"Home"}},{"@type":"ListItem","@id":"https:\/\/eldigitaldeasturias.com\/magazine365\/el-semanal-aleman-die-zeit-publicara-un-reportaje-sobre-la-oferta-turistica-taurina\/#listItem","position":3,"name":"El semanal alem\u00e1n &#8216;Die Zeit&#8217; publicar\u00e1 un reportaje sobre la oferta tur\u00edstica taurina","previousItem":{"@type":"ListItem","@id":"https:\/\/eldigitaldeasturias.com\/magazine365\/category\/actualidad-turismo\/#listItem","name":"Actualidad Turismo"}}]},{"@type":"Organization","@id":"https:\/\/eldigitaldeasturias.com\/magazine365\/#organization","name":"El digital de Asturias","description":"Revista de ocio, turismo y estilo de vida","url":"https:\/\/eldigitaldeasturias.com\/magazine365\/","logo":{"@type":"ImageObject","url":"https:\/\/www.eldigitaldeasturias.com\/noticias\/wp-content\/uploads\/2020\/12\/EDA.jpg","@id":"https:\/\/eldigitaldeasturias.com\/magazine365\/el-semanal-aleman-die-zeit-publicara-un-reportaje-sobre-la-oferta-turistica-taurina\/#organizationLogo"},"image":{"@id":"https:\/\/eldigitaldeasturias.com\/magazine365\/el-semanal-aleman-die-zeit-publicara-un-reportaje-sobre-la-oferta-turistica-taurina\/#organizationLogo"}},{"@type":"Person","@id":"https:\/\/eldigitaldeasturias.com\/magazine365\/author\/admin\/#author","url":"https:\/\/eldigitaldeasturias.com\/magazine365\/author\/admin\/","name":"admin","image":{"@type":"ImageObject","@id":"https:\/\/eldigitaldeasturias.com\/magazine365\/el-semanal-aleman-die-zeit-publicara-un-reportaje-sobre-la-oferta-turistica-taurina\/#authorImage","url":"https:\/\/eldigitaldeasturias.com\/magazine365\/wp-content\/litespeed\/avatar\/e571bcf59a0edd6fa6838245a470f2fe.jpg?ver=1777574230","width":96,"height":96,"caption":"admin"}},{"@type":"WebPage","@id":"https:\/\/eldigitaldeasturias.com\/magazine365\/el-semanal-aleman-die-zeit-publicara-un-reportaje-sobre-la-oferta-turistica-taurina\/#webpage","url":"https:\/\/eldigitaldeasturias.com\/magazine365\/el-semanal-aleman-die-zeit-publicara-un-reportaje-sobre-la-oferta-turistica-taurina\/","name":"El semanal alem\u00e1n \u2018Die Zeit\u2019 publicar\u00e1 un reportaje sobre la oferta tur\u00edstica taurina | El Digital de Asturias","description":"Un periodista de 'Die Zeit', la publicaci\u00f3n semanal m\u00e1s importante de Alemania, con una tirada de m\u00e1s de 600.000 ejemplares, se ha desplazado a la provincia de Sevilla para conocer el producto tur\u00edstico de la Diputaci\u00f3n 'Territorio Toro', al objeto de publicar un reportaje tem\u00e1tico en dicho semanario. La Diputaci\u00f3n de Sevilla ha informado en","inLanguage":"es-ES","isPartOf":{"@id":"https:\/\/eldigitaldeasturias.com\/magazine365\/#website"},"breadcrumb":{"@id":"https:\/\/eldigitaldeasturias.com\/magazine365\/el-semanal-aleman-die-zeit-publicara-un-reportaje-sobre-la-oferta-turistica-taurina\/#breadcrumblist"},"author":{"@id":"https:\/\/eldigitaldeasturias.com\/magazine365\/author\/admin\/#author"},"creator":{"@id":"https:\/\/eldigitaldeasturias.com\/magazine365\/author\/admin\/#author"},"image":{"@type":"ImageObject","url":"https:\/\/eldigitaldeasturias.com\/magazine365\/wp-content\/uploads\/2015\/06\/fotonoticia_20150619144816_800.jpg","@id":"https:\/\/eldigitaldeasturias.com\/magazine365\/el-semanal-aleman-die-zeit-publicara-un-reportaje-sobre-la-oferta-turistica-taurina\/#mainImage","width":800,"height":600},"primaryImageOfPage":{"@id":"https:\/\/eldigitaldeasturias.com\/magazine365\/el-semanal-aleman-die-zeit-publicara-un-reportaje-sobre-la-oferta-turistica-taurina\/#mainImage"},"datePublished":"2015-06-20T01:51:08+02:00","dateModified":"2015-06-20T01:51:08+02:00"},{"@type":"WebSite","@id":"https:\/\/eldigitaldeasturias.com\/magazine365\/#website","url":"https:\/\/eldigitaldeasturias.com\/magazine365\/","name":"El Digital de Asturias","description":"Revista de ocio, turismo y estilo de vida","inLanguage":"es-ES","publisher":{"@id":"https:\/\/eldigitaldeasturias.com\/magazine365\/#organization"}}]},"og:locale":"es_ES","og:site_name":"El Digital de Asturias \u2013 Revista de ocio, turismo y estilo de vida","og:type":"article","og:title":"El semanal alem\u00e1n \u2018Die Zeit\u2019 publicar\u00e1 un reportaje sobre la oferta tur\u00edstica taurina | El Digital de Asturias","og:description":"Un periodista de 'Die Zeit', la publicaci\u00f3n semanal m\u00e1s importante de Alemania, con una tirada de m\u00e1s de 600.000 ejemplares, se ha desplazado a la provincia de Sevilla para conocer el producto tur\u00edstico de la Diputaci\u00f3n 'Territorio Toro', al objeto de publicar un reportaje tem\u00e1tico en dicho semanario. La Diputaci\u00f3n de Sevilla ha informado en","og:url":"https:\/\/eldigitaldeasturias.com\/magazine365\/el-semanal-aleman-die-zeit-publicara-un-reportaje-sobre-la-oferta-turistica-taurina\/","og:image":"https:\/\/eldigitaldeasturias.com\/magazine365\/wp-content\/uploads\/2015\/06\/fotonoticia_20150619144816_800.jpg","og:image:secure_url":"https:\/\/eldigitaldeasturias.com\/magazine365\/wp-content\/uploads\/2015\/06\/fotonoticia_20150619144816_800.jpg","og:image:width":800,"og:image:height":600,"article:published_time":"2015-06-20T00:21:08+00:00","article:modified_time":"2015-06-20T00:21:08+00:00","twitter:card":"summary_large_image","twitter:title":"El semanal alem\u00e1n \u2018Die Zeit\u2019 publicar\u00e1 un reportaje sobre la oferta tur\u00edstica taurina | El Digital de Asturias","twitter:description":"Un periodista de 'Die Zeit', la publicaci\u00f3n semanal m\u00e1s importante de Alemania, con una tirada de m\u00e1s de 600.000 ejemplares, se ha desplazado a la provincia de Sevilla para conocer el producto tur\u00edstico de la Diputaci\u00f3n 'Territorio Toro', al objeto de publicar un reportaje tem\u00e1tico en dicho semanario. La Diputaci\u00f3n de Sevilla ha informado en","twitter:image":"https:\/\/eldigitaldeasturias.com\/magazine365\/wp-content\/uploads\/2015\/06\/fotonoticia_20150619144816_800.jpg"},"aioseo_meta_data":{"post_id":"40415","title":null,"description":null,"keywords":null,"keyphrases":null,"primary_term":null,"canonical_url":null,"og_title":null,"og_description":null,"og_object_type":"default","og_image_type":"default","og_image_url":null,"og_image_width":null,"og_image_height":null,"og_image_custom_url":null,"og_image_custom_fields":null,"og_video":null,"og_custom_url":null,"og_article_section":null,"og_article_tags":null,"twitter_use_og":false,"twitter_card":"default","twitter_image_type":"default","twitter_image_url":null,"twitter_image_custom_url":null,"twitter_image_custom_fields":null,"twitter_title":null,"twitter_description":null,"schema":{"blockGraphs":[],"customGraphs":[],"default":{"data":{"Article":[],"Course":[],"Dataset":[],"FAQPage":[],"Movie":[],"Person":[],"Product":[],"ProductReview":[],"Car":[],"Recipe":[],"Service":[],"SoftwareApplication":[],"WebPage":[]},"graphName":"","isEnabled":true},"graphs":[],"defaultGraph":"","defaultPostTypeGraph":""},"schema_type":null,"schema_type_options":null,"pillar_content":false,"robots_default":true,"robots_noindex":false,"robots_noarchive":false,"robots_nosnippet":false,"robots_nofollow":false,"robots_noimageindex":false,"robots_noodp":false,"robots_notranslate":false,"robots_max_snippet":null,"robots_max_videopreview":null,"robots_max_imagepreview":"large","priority":null,"frequency":null,"location":null,"local_seo":null,"seo_analyzer_scan_date":"2025-09-19 13:29:17","breadcrumb_settings":null,"limit_modified_date":false,"open_ai":null,"ai":null,"created":"2021-03-09 02:28:42","updated":"2025-09-19 13:29:17"},"aioseo_breadcrumb":"<div class=\"aioseo-breadcrumbs\"><span class=\"aioseo-breadcrumb\">\n\t<a href=\"https:\/\/eldigitaldeasturias.com\/magazine365\" title=\"Home\">Home<\/a>\n<\/span><span class=\"aioseo-breadcrumb-separator\">\u2013<\/span><span class=\"aioseo-breadcrumb\">\n\t<a href=\"https:\/\/eldigitaldeasturias.com\/magazine365\/category\/actualidad-turismo\/\" title=\"Actualidad Turismo\">Actualidad Turismo<\/a>\n<\/span><span class=\"aioseo-breadcrumb-separator\">\u2013<\/span><span class=\"aioseo-breadcrumb\">\n\t<a href=\"https:\/\/eldigitaldeasturias.com\/magazine365\/el-semanal-aleman-die-zeit-publicara-un-reportaje-sobre-la-oferta-turistica-taurina\/\" title=\"El semanal alem\u00e1n \u2018Die Zeit\u2019 publicar\u00e1 un reportaje sobre la oferta tur\u00edstica taurina\">El semanal alem\u00e1n \u2018Die Zeit\u2019 publicar\u00e1 un reportaje sobre la oferta tur\u00edstica taurina<\/a>\n<\/span><\/div>","aioseo_breadcrumb_json":[{"label":"Home","link":"https:\/\/eldigitaldeasturias.com\/magazine365"},{"label":"Actualidad Turismo","link":"https:\/\/eldigitaldeasturias.com\/magazine365\/category\/actualidad-turismo\/"},{"label":"El semanal alem\u00e1n &#8216;Die Zeit&#8217; publicar\u00e1 un reportaje sobre la oferta tur\u00edstica taurina","link":"https:\/\/eldigitaldeasturias.com\/magazine365\/el-semanal-aleman-die-zeit-publicara-un-reportaje-sobre-la-oferta-turistica-taurina\/"}],"_links":{"self":[{"href":"https:\/\/eldigitaldeasturias.com\/magazine365\/wp-json\/wp\/v2\/posts\/40415","targetHints":{"allow":["GET"]}}],"collection":[{"href":"https:\/\/eldigitaldeasturias.com\/magazine365\/wp-json\/wp\/v2\/posts"}],"about":[{"href":"https:\/\/eldigitaldeasturias.com\/magazine365\/wp-json\/wp\/v2\/types\/post"}],"author":[{"embeddable":true,"href":"https:\/\/eldigitaldeasturias.com\/magazine365\/wp-json\/wp\/v2\/users\/1"}],"replies":[{"embeddable":true,"href":"https:\/\/eldigitaldeasturias.com\/magazine365\/wp-json\/wp\/v2\/comments?post=40415"}],"version-history":[{"count":0,"href":"https:\/\/eldigitaldeasturias.com\/magazine365\/wp-json\/wp\/v2\/posts\/40415\/revisions"}],"wp:featuredmedia":[{"embeddable":true,"href":"https:\/\/eldigitaldeasturias.com\/magazine365\/wp-json\/wp\/v2\/media\/40416"}],"wp:attachment":[{"href":"https:\/\/eldigitaldeasturias.com\/magazine365\/wp-json\/wp\/v2\/media?parent=40415"}],"wp:term":[{"taxonomy":"category","embeddable":true,"href":"https:\/\/eldigitaldeasturias.com\/magazine365\/wp-json\/wp\/v2\/categories?post=40415"},{"taxonomy":"post_tag","embeddable":true,"href":"https:\/\/eldigitaldeasturias.com\/magazine365\/wp-json\/wp\/v2\/tags?post=40415"}],"curies":[{"name":"wp","href":"https:\/\/api.w.org\/{rel}","templated":true}]}}