{"id":40412,"date":"2015-06-20T01:49:39","date_gmt":"2015-06-20T00:19:39","guid":{"rendered":"http:\/\/eldigitaldeasturias.com\/magazine365\/?p=40412"},"modified":"2015-06-20T01:49:39","modified_gmt":"2015-06-20T00:19:39","slug":"de-la-torre-dice-que-con-la-maxima-velocidad-se-cambiara-el-plan-del-puerto-de-malaga-para-contemplar-el-hotel","status":"publish","type":"post","link":"https:\/\/eldigitaldeasturias.com\/magazine365\/de-la-torre-dice-que-con-la-maxima-velocidad-se-cambiara-el-plan-del-puerto-de-malaga-para-contemplar-el-hotel\/","title":{"rendered":"De la Torre dice que con \u00abla m\u00e1xima velocidad\u00bb se cambiar\u00e1 el Plan del Puerto de M\u00e1laga para contemplar el hotel"},"content":{"rendered":"<p><img fetchpriority=\"high\" decoding=\"async\" class=\"alignleft size-medium wp-image-40413\" src=\"https:\/\/eldigitaldeasturias.com\/magazine365\/wp-content\/uploads\/2015\/06\/fotonoticia_20150619144742_800-360x270.jpg\" alt=\"fotonoticia_20150619144742_800\" width=\"360\" height=\"270\" srcset=\"https:\/\/eldigitaldeasturias.com\/magazine365\/wp-content\/uploads\/2015\/06\/fotonoticia_20150619144742_800-360x270.jpg 360w, https:\/\/eldigitaldeasturias.com\/magazine365\/wp-content\/uploads\/2015\/06\/fotonoticia_20150619144742_800-650x488.jpg 650w, https:\/\/eldigitaldeasturias.com\/magazine365\/wp-content\/uploads\/2015\/06\/fotonoticia_20150619144742_800-768x576.jpg 768w, https:\/\/eldigitaldeasturias.com\/magazine365\/wp-content\/uploads\/2015\/06\/fotonoticia_20150619144742_800-150x113.jpg 150w, https:\/\/eldigitaldeasturias.com\/magazine365\/wp-content\/uploads\/2015\/06\/fotonoticia_20150619144742_800-450x338.jpg 450w, https:\/\/eldigitaldeasturias.com\/magazine365\/wp-content\/uploads\/2015\/06\/fotonoticia_20150619144742_800-80x60.jpg 80w, https:\/\/eldigitaldeasturias.com\/magazine365\/wp-content\/uploads\/2015\/06\/fotonoticia_20150619144742_800-265x198.jpg 265w, https:\/\/eldigitaldeasturias.com\/magazine365\/wp-content\/uploads\/2015\/06\/fotonoticia_20150619144742_800-696x522.jpg 696w, https:\/\/eldigitaldeasturias.com\/magazine365\/wp-content\/uploads\/2015\/06\/fotonoticia_20150619144742_800-560x420.jpg 560w, https:\/\/eldigitaldeasturias.com\/magazine365\/wp-content\/uploads\/2015\/06\/fotonoticia_20150619144742_800-90x67.jpg 90w, https:\/\/eldigitaldeasturias.com\/magazine365\/wp-content\/uploads\/2015\/06\/fotonoticia_20150619144742_800-100x75.jpg 100w, https:\/\/eldigitaldeasturias.com\/magazine365\/wp-content\/uploads\/2015\/06\/fotonoticia_20150619144742_800.jpg 800w\" sizes=\"(max-width: 360px) 100vw, 360px\" \/>El alcalde de M\u00e1laga, Francisco de la Torre, ha asegurado que, en lo que respecta al Ayuntamiento, se dar\u00e1 \u00abla m\u00e1xima velocidad\u00bb a la modificaci\u00f3n del Plan Especial del Puerto para contemplar la construcci\u00f3n de un hotel en el dique de Levante.<\/p>\n<p>\u00abLe daremos la m\u00e1xima velocidad porque es un tema, sea quien sea quien lo haga, que interesa a la ciudad\u00bb, ha manifestado este viernes De la Torre, en lo referido a la modificaci\u00f3n del planeamiento del puerto, que tienen que abordar el Consistorio y la Autoridad Portuaria.<\/p>\n<p>Ante el inter\u00e9s mostrado por un grupo de inversores de Catar, con los que ya se reuni\u00f3, junto al presidente de la Autoridad Portuaria, Paulino Plata, ha insistido en que, una vez completada la documentaci\u00f3n, el Puerto deber\u00e1 convocar un concurso p\u00fablico abierto.<\/p>\n<p>\u00abLa libre concurrencia estar\u00e1 ah\u00ed, es una iniciativa que hay, pero puede haber otras\u00bb, ha aclarado, precisando que \u00abpuede haber otros interesados, esa es la realidad, y en esos t\u00e9rminos de ecuanimidad y objetividad debemos pronunciarnos\u00bb.<\/p>\n<p>De todos modos, el regidor malague\u00f1o s\u00ed ha subrayado que estos promotores catar\u00edes, que tienen la idea de construir un establecimiento de 130 metros de alto junto a la estaci\u00f3n de cruceros y el nuevo puerto deportivo del Real Club Mediterr\u00e1neo, son \u00absolventes, serios y con un proyecto interesante\u00bb.<\/p>\n<p>AUDITORIO<\/p>\n<p>Preguntado por la parcela donde estaba previsto el auditorio, que De la Torre defiende que sea cedida sin ninguna contraprestaci\u00f3n por la Autoridad Portuaria, mientras que el presidente de \u00e9sta \u00faltima reh\u00fasa dicha v\u00eda, el regidor ha reiterado que da \u00abpor hecho\u00bb que esos terrenos en la plataforma de San Andr\u00e9s pasar\u00e1n sin m\u00e1s a la ciudad.<\/p>\n<p>No ha querido vincular esta cesi\u00f3n al hecho de dar una mayor viabilidad a los tr\u00e1mites para la futura construcci\u00f3n de un hotel en el dique de Levante y ha indicado que \u00abel acuerdo que firm\u00e9 en 2004 con Enrique Linde &#8211;entonces presidente de la Autoridad Portuaria&#8211; dejaba claramente dicho que nos pon\u00edamos en condiciones de recibir ese suelo para hacer el auditorio cuando se pudiera\u00bb.<\/p>\n<p>\u00abHoy no se puede abordar &#8211;dada la situaci\u00f3n econ\u00f3mica&#8211;, pero tenemos el proyecto y el suelo, lo doy por hecho, y tendremos alg\u00fan d\u00eda los recursos y ser\u00e1 un proyecto interesante para M\u00e1laga, para su \u00e1rea metropolitana, para toda la provincia y para parte de Andaluc\u00eda\u00bb, ha expuesto.<\/p>\n","protected":false},"excerpt":{"rendered":"<p>El alcalde de M\u00e1laga, Francisco de la Torre, ha asegurado que, en lo que respecta al Ayuntamiento, se dar\u00e1 \u00abla m\u00e1xima velocidad\u00bb a la modificaci\u00f3n del Plan Especial del Puerto para contemplar la construcci\u00f3n de un hotel en el dique de Levante. \u00abLe daremos la m\u00e1xima velocidad porque es un tema, sea quien sea quien<\/p>\n","protected":false},"author":1,"featured_media":40413,"comment_status":"open","ping_status":"closed","sticky":false,"template":"","format":"standard","meta":{"footnotes":""},"categories":[222],"tags":[],"class_list":{"0":"post-40412","1":"post","2":"type-post","3":"status-publish","4":"format-standard","5":"has-post-thumbnail","7":"category-actualidad-turismo"},"aioseo_notices":[],"aioseo_head":"\n\t\t<!-- All in One SEO Pro 4.9.6.1 - aioseo.com -->\n\t<meta name=\"description\" content=\"El alcalde de M\u00e1laga, Francisco de la Torre, ha asegurado que, en lo que respecta al Ayuntamiento, se dar\u00e1 &quot;la m\u00e1xima velocidad&quot; a la modificaci\u00f3n del Plan Especial del Puerto para contemplar la construcci\u00f3n de un hotel en el dique de Levante. &quot;Le daremos la m\u00e1xima velocidad porque es un tema, sea quien sea quien\" \/>\n\t<meta name=\"robots\" content=\"max-image-preview:large\" \/>\n\t<meta name=\"author\" content=\"admin\"\/>\n\t<meta name=\"google-site-verification\" content=\"UA-38556648-1\" \/>\n\t<meta name=\"keywords\" content=\"actualidad turismo\" \/>\n\t<link rel=\"canonical\" href=\"https:\/\/eldigitaldeasturias.com\/magazine365\/de-la-torre-dice-que-con-la-maxima-velocidad-se-cambiara-el-plan-del-puerto-de-malaga-para-contemplar-el-hotel\/\" \/>\n\t<meta name=\"generator\" content=\"All in One SEO Pro (AIOSEO) 4.9.6.1\" \/>\n\t\t<meta property=\"og:locale\" content=\"es_ES\" \/>\n\t\t<meta property=\"og:site_name\" content=\"El Digital de Asturias \u2013 Revista de ocio, turismo y estilo de vida\" \/>\n\t\t<meta property=\"og:type\" content=\"article\" \/>\n\t\t<meta property=\"og:title\" content=\"De la Torre dice que con \u00abla m\u00e1xima velocidad\u00bb se cambiar\u00e1 el Plan del Puerto de M\u00e1laga para contemplar el hotel | El Digital de Asturias\" \/>\n\t\t<meta property=\"og:description\" content=\"El alcalde de M\u00e1laga, Francisco de la Torre, ha asegurado que, en lo que respecta al Ayuntamiento, se dar\u00e1 &quot;la m\u00e1xima velocidad&quot; a la modificaci\u00f3n del Plan Especial del Puerto para contemplar la construcci\u00f3n de un hotel en el dique de Levante. &quot;Le daremos la m\u00e1xima velocidad porque es un tema, sea quien sea quien\" \/>\n\t\t<meta property=\"og:url\" content=\"https:\/\/eldigitaldeasturias.com\/magazine365\/de-la-torre-dice-que-con-la-maxima-velocidad-se-cambiara-el-plan-del-puerto-de-malaga-para-contemplar-el-hotel\/\" \/>\n\t\t<meta property=\"og:image\" content=\"https:\/\/eldigitaldeasturias.com\/magazine365\/wp-content\/uploads\/2015\/06\/fotonoticia_20150619144742_800.jpg\" \/>\n\t\t<meta property=\"og:image:secure_url\" content=\"https:\/\/eldigitaldeasturias.com\/magazine365\/wp-content\/uploads\/2015\/06\/fotonoticia_20150619144742_800.jpg\" \/>\n\t\t<meta property=\"og:image:width\" content=\"800\" \/>\n\t\t<meta property=\"og:image:height\" content=\"600\" \/>\n\t\t<meta property=\"article:published_time\" content=\"2015-06-20T00:19:39+00:00\" \/>\n\t\t<meta property=\"article:modified_time\" content=\"2015-06-20T00:19:39+00:00\" \/>\n\t\t<meta name=\"twitter:card\" content=\"summary_large_image\" \/>\n\t\t<meta name=\"twitter:title\" content=\"De la Torre dice que con \u00abla m\u00e1xima velocidad\u00bb se cambiar\u00e1 el Plan del Puerto de M\u00e1laga para contemplar el hotel | El Digital de Asturias\" \/>\n\t\t<meta name=\"twitter:description\" content=\"El alcalde de M\u00e1laga, Francisco de la Torre, ha asegurado que, en lo que respecta al Ayuntamiento, se dar\u00e1 &quot;la m\u00e1xima velocidad&quot; a la modificaci\u00f3n del Plan Especial del Puerto para contemplar la construcci\u00f3n de un hotel en el dique de Levante. &quot;Le daremos la m\u00e1xima velocidad porque es un tema, sea quien sea quien\" \/>\n\t\t<meta name=\"twitter:image\" content=\"https:\/\/eldigitaldeasturias.com\/magazine365\/wp-content\/uploads\/2015\/06\/fotonoticia_20150619144742_800.jpg\" \/>\n\t\t<script type=\"application\/ld+json\" class=\"aioseo-schema\">\n\t\t\t{\"@context\":\"https:\\\/\\\/schema.org\",\"@graph\":[{\"@type\":\"Article\",\"@id\":\"https:\\\/\\\/eldigitaldeasturias.com\\\/magazine365\\\/de-la-torre-dice-que-con-la-maxima-velocidad-se-cambiara-el-plan-del-puerto-de-malaga-para-contemplar-el-hotel\\\/#article\",\"name\":\"De la Torre dice que con \\u00abla m\\u00e1xima velocidad\\u00bb se cambiar\\u00e1 el Plan del Puerto de M\\u00e1laga para contemplar el hotel | El Digital de Asturias\",\"headline\":\"De la Torre dice que con \\u00abla m\\u00e1xima velocidad\\u00bb se cambiar\\u00e1 el Plan del Puerto de M\\u00e1laga para contemplar el hotel\",\"author\":{\"@id\":\"https:\\\/\\\/eldigitaldeasturias.com\\\/magazine365\\\/author\\\/admin\\\/#author\"},\"publisher\":{\"@id\":\"https:\\\/\\\/eldigitaldeasturias.com\\\/magazine365\\\/#organization\"},\"image\":{\"@type\":\"ImageObject\",\"url\":\"https:\\\/\\\/eldigitaldeasturias.com\\\/magazine365\\\/wp-content\\\/uploads\\\/2015\\\/06\\\/fotonoticia_20150619144742_800.jpg\",\"width\":800,\"height\":600},\"datePublished\":\"2015-06-20T01:49:39+02:00\",\"dateModified\":\"2015-06-20T01:49:39+02:00\",\"inLanguage\":\"es-ES\",\"mainEntityOfPage\":{\"@id\":\"https:\\\/\\\/eldigitaldeasturias.com\\\/magazine365\\\/de-la-torre-dice-que-con-la-maxima-velocidad-se-cambiara-el-plan-del-puerto-de-malaga-para-contemplar-el-hotel\\\/#webpage\"},\"isPartOf\":{\"@id\":\"https:\\\/\\\/eldigitaldeasturias.com\\\/magazine365\\\/de-la-torre-dice-que-con-la-maxima-velocidad-se-cambiara-el-plan-del-puerto-de-malaga-para-contemplar-el-hotel\\\/#webpage\"},\"articleSection\":\"Actualidad Turismo\"},{\"@type\":\"BreadcrumbList\",\"@id\":\"https:\\\/\\\/eldigitaldeasturias.com\\\/magazine365\\\/de-la-torre-dice-que-con-la-maxima-velocidad-se-cambiara-el-plan-del-puerto-de-malaga-para-contemplar-el-hotel\\\/#breadcrumblist\",\"itemListElement\":[{\"@type\":\"ListItem\",\"@id\":\"https:\\\/\\\/eldigitaldeasturias.com\\\/magazine365#listItem\",\"position\":1,\"name\":\"Home\",\"item\":\"https:\\\/\\\/eldigitaldeasturias.com\\\/magazine365\",\"nextItem\":{\"@type\":\"ListItem\",\"@id\":\"https:\\\/\\\/eldigitaldeasturias.com\\\/magazine365\\\/category\\\/actualidad-turismo\\\/#listItem\",\"name\":\"Actualidad Turismo\"}},{\"@type\":\"ListItem\",\"@id\":\"https:\\\/\\\/eldigitaldeasturias.com\\\/magazine365\\\/category\\\/actualidad-turismo\\\/#listItem\",\"position\":2,\"name\":\"Actualidad Turismo\",\"item\":\"https:\\\/\\\/eldigitaldeasturias.com\\\/magazine365\\\/category\\\/actualidad-turismo\\\/\",\"nextItem\":{\"@type\":\"ListItem\",\"@id\":\"https:\\\/\\\/eldigitaldeasturias.com\\\/magazine365\\\/de-la-torre-dice-que-con-la-maxima-velocidad-se-cambiara-el-plan-del-puerto-de-malaga-para-contemplar-el-hotel\\\/#listItem\",\"name\":\"De la Torre dice que con \\u00abla m\\u00e1xima velocidad\\u00bb se cambiar\\u00e1 el Plan del Puerto de M\\u00e1laga para contemplar el hotel\"},\"previousItem\":{\"@type\":\"ListItem\",\"@id\":\"https:\\\/\\\/eldigitaldeasturias.com\\\/magazine365#listItem\",\"name\":\"Home\"}},{\"@type\":\"ListItem\",\"@id\":\"https:\\\/\\\/eldigitaldeasturias.com\\\/magazine365\\\/de-la-torre-dice-que-con-la-maxima-velocidad-se-cambiara-el-plan-del-puerto-de-malaga-para-contemplar-el-hotel\\\/#listItem\",\"position\":3,\"name\":\"De la Torre dice que con \\u00abla m\\u00e1xima velocidad\\u00bb se cambiar\\u00e1 el Plan del Puerto de M\\u00e1laga para contemplar el hotel\",\"previousItem\":{\"@type\":\"ListItem\",\"@id\":\"https:\\\/\\\/eldigitaldeasturias.com\\\/magazine365\\\/category\\\/actualidad-turismo\\\/#listItem\",\"name\":\"Actualidad Turismo\"}}]},{\"@type\":\"Organization\",\"@id\":\"https:\\\/\\\/eldigitaldeasturias.com\\\/magazine365\\\/#organization\",\"name\":\"El digital de Asturias\",\"description\":\"Revista de ocio, turismo y estilo de vida\",\"url\":\"https:\\\/\\\/eldigitaldeasturias.com\\\/magazine365\\\/\",\"logo\":{\"@type\":\"ImageObject\",\"url\":\"https:\\\/\\\/www.eldigitaldeasturias.com\\\/noticias\\\/wp-content\\\/uploads\\\/2020\\\/12\\\/EDA.jpg\",\"@id\":\"https:\\\/\\\/eldigitaldeasturias.com\\\/magazine365\\\/de-la-torre-dice-que-con-la-maxima-velocidad-se-cambiara-el-plan-del-puerto-de-malaga-para-contemplar-el-hotel\\\/#organizationLogo\"},\"image\":{\"@id\":\"https:\\\/\\\/eldigitaldeasturias.com\\\/magazine365\\\/de-la-torre-dice-que-con-la-maxima-velocidad-se-cambiara-el-plan-del-puerto-de-malaga-para-contemplar-el-hotel\\\/#organizationLogo\"}},{\"@type\":\"Person\",\"@id\":\"https:\\\/\\\/eldigitaldeasturias.com\\\/magazine365\\\/author\\\/admin\\\/#author\",\"url\":\"https:\\\/\\\/eldigitaldeasturias.com\\\/magazine365\\\/author\\\/admin\\\/\",\"name\":\"admin\",\"image\":{\"@type\":\"ImageObject\",\"@id\":\"https:\\\/\\\/eldigitaldeasturias.com\\\/magazine365\\\/de-la-torre-dice-que-con-la-maxima-velocidad-se-cambiara-el-plan-del-puerto-de-malaga-para-contemplar-el-hotel\\\/#authorImage\",\"url\":\"https:\\\/\\\/eldigitaldeasturias.com\\\/magazine365\\\/wp-content\\\/litespeed\\\/avatar\\\/e571bcf59a0edd6fa6838245a470f2fe.jpg?ver=1777574230\",\"width\":96,\"height\":96,\"caption\":\"admin\"}},{\"@type\":\"WebPage\",\"@id\":\"https:\\\/\\\/eldigitaldeasturias.com\\\/magazine365\\\/de-la-torre-dice-que-con-la-maxima-velocidad-se-cambiara-el-plan-del-puerto-de-malaga-para-contemplar-el-hotel\\\/#webpage\",\"url\":\"https:\\\/\\\/eldigitaldeasturias.com\\\/magazine365\\\/de-la-torre-dice-que-con-la-maxima-velocidad-se-cambiara-el-plan-del-puerto-de-malaga-para-contemplar-el-hotel\\\/\",\"name\":\"De la Torre dice que con \\u00abla m\\u00e1xima velocidad\\u00bb se cambiar\\u00e1 el Plan del Puerto de M\\u00e1laga para contemplar el hotel | El Digital de Asturias\",\"description\":\"El alcalde de M\\u00e1laga, Francisco de la Torre, ha asegurado que, en lo que respecta al Ayuntamiento, se dar\\u00e1 \\\"la m\\u00e1xima velocidad\\\" a la modificaci\\u00f3n del Plan Especial del Puerto para contemplar la construcci\\u00f3n de un hotel en el dique de Levante. \\\"Le daremos la m\\u00e1xima velocidad porque es un tema, sea quien sea quien\",\"inLanguage\":\"es-ES\",\"isPartOf\":{\"@id\":\"https:\\\/\\\/eldigitaldeasturias.com\\\/magazine365\\\/#website\"},\"breadcrumb\":{\"@id\":\"https:\\\/\\\/eldigitaldeasturias.com\\\/magazine365\\\/de-la-torre-dice-que-con-la-maxima-velocidad-se-cambiara-el-plan-del-puerto-de-malaga-para-contemplar-el-hotel\\\/#breadcrumblist\"},\"author\":{\"@id\":\"https:\\\/\\\/eldigitaldeasturias.com\\\/magazine365\\\/author\\\/admin\\\/#author\"},\"creator\":{\"@id\":\"https:\\\/\\\/eldigitaldeasturias.com\\\/magazine365\\\/author\\\/admin\\\/#author\"},\"image\":{\"@type\":\"ImageObject\",\"url\":\"https:\\\/\\\/eldigitaldeasturias.com\\\/magazine365\\\/wp-content\\\/uploads\\\/2015\\\/06\\\/fotonoticia_20150619144742_800.jpg\",\"@id\":\"https:\\\/\\\/eldigitaldeasturias.com\\\/magazine365\\\/de-la-torre-dice-que-con-la-maxima-velocidad-se-cambiara-el-plan-del-puerto-de-malaga-para-contemplar-el-hotel\\\/#mainImage\",\"width\":800,\"height\":600},\"primaryImageOfPage\":{\"@id\":\"https:\\\/\\\/eldigitaldeasturias.com\\\/magazine365\\\/de-la-torre-dice-que-con-la-maxima-velocidad-se-cambiara-el-plan-del-puerto-de-malaga-para-contemplar-el-hotel\\\/#mainImage\"},\"datePublished\":\"2015-06-20T01:49:39+02:00\",\"dateModified\":\"2015-06-20T01:49:39+02:00\"},{\"@type\":\"WebSite\",\"@id\":\"https:\\\/\\\/eldigitaldeasturias.com\\\/magazine365\\\/#website\",\"url\":\"https:\\\/\\\/eldigitaldeasturias.com\\\/magazine365\\\/\",\"name\":\"El Digital de Asturias\",\"description\":\"Revista de ocio, turismo y estilo de vida\",\"inLanguage\":\"es-ES\",\"publisher\":{\"@id\":\"https:\\\/\\\/eldigitaldeasturias.com\\\/magazine365\\\/#organization\"}}]}\n\t\t<\/script>\n\t\t<!-- All in One SEO Pro -->\r\n\t\t<title>De la Torre dice que con \u00abla m\u00e1xima velocidad\u00bb se cambiar\u00e1 el Plan del Puerto de M\u00e1laga para contemplar el hotel | El Digital de Asturias<\/title>\n\n","aioseo_head_json":{"title":"De la Torre dice que con \u00abla m\u00e1xima velocidad\u00bb se cambiar\u00e1 el Plan del Puerto de M\u00e1laga para contemplar el hotel | El Digital de Asturias","description":"El alcalde de M\u00e1laga, Francisco de la Torre, ha asegurado que, en lo que respecta al Ayuntamiento, se dar\u00e1 \"la m\u00e1xima velocidad\" a la modificaci\u00f3n del Plan Especial del Puerto para contemplar la construcci\u00f3n de un hotel en el dique de Levante. \"Le daremos la m\u00e1xima velocidad porque es un tema, sea quien sea quien","canonical_url":"https:\/\/eldigitaldeasturias.com\/magazine365\/de-la-torre-dice-que-con-la-maxima-velocidad-se-cambiara-el-plan-del-puerto-de-malaga-para-contemplar-el-hotel\/","robots":"max-image-preview:large","keywords":"actualidad turismo","webmasterTools":{"google-site-verification":"UA-38556648-1","miscellaneous":""},"schema":{"@context":"https:\/\/schema.org","@graph":[{"@type":"Article","@id":"https:\/\/eldigitaldeasturias.com\/magazine365\/de-la-torre-dice-que-con-la-maxima-velocidad-se-cambiara-el-plan-del-puerto-de-malaga-para-contemplar-el-hotel\/#article","name":"De la Torre dice que con \u00abla m\u00e1xima velocidad\u00bb se cambiar\u00e1 el Plan del Puerto de M\u00e1laga para contemplar el hotel | El Digital de Asturias","headline":"De la Torre dice que con \u00abla m\u00e1xima velocidad\u00bb se cambiar\u00e1 el Plan del Puerto de M\u00e1laga para contemplar el hotel","author":{"@id":"https:\/\/eldigitaldeasturias.com\/magazine365\/author\/admin\/#author"},"publisher":{"@id":"https:\/\/eldigitaldeasturias.com\/magazine365\/#organization"},"image":{"@type":"ImageObject","url":"https:\/\/eldigitaldeasturias.com\/magazine365\/wp-content\/uploads\/2015\/06\/fotonoticia_20150619144742_800.jpg","width":800,"height":600},"datePublished":"2015-06-20T01:49:39+02:00","dateModified":"2015-06-20T01:49:39+02:00","inLanguage":"es-ES","mainEntityOfPage":{"@id":"https:\/\/eldigitaldeasturias.com\/magazine365\/de-la-torre-dice-que-con-la-maxima-velocidad-se-cambiara-el-plan-del-puerto-de-malaga-para-contemplar-el-hotel\/#webpage"},"isPartOf":{"@id":"https:\/\/eldigitaldeasturias.com\/magazine365\/de-la-torre-dice-que-con-la-maxima-velocidad-se-cambiara-el-plan-del-puerto-de-malaga-para-contemplar-el-hotel\/#webpage"},"articleSection":"Actualidad Turismo"},{"@type":"BreadcrumbList","@id":"https:\/\/eldigitaldeasturias.com\/magazine365\/de-la-torre-dice-que-con-la-maxima-velocidad-se-cambiara-el-plan-del-puerto-de-malaga-para-contemplar-el-hotel\/#breadcrumblist","itemListElement":[{"@type":"ListItem","@id":"https:\/\/eldigitaldeasturias.com\/magazine365#listItem","position":1,"name":"Home","item":"https:\/\/eldigitaldeasturias.com\/magazine365","nextItem":{"@type":"ListItem","@id":"https:\/\/eldigitaldeasturias.com\/magazine365\/category\/actualidad-turismo\/#listItem","name":"Actualidad Turismo"}},{"@type":"ListItem","@id":"https:\/\/eldigitaldeasturias.com\/magazine365\/category\/actualidad-turismo\/#listItem","position":2,"name":"Actualidad Turismo","item":"https:\/\/eldigitaldeasturias.com\/magazine365\/category\/actualidad-turismo\/","nextItem":{"@type":"ListItem","@id":"https:\/\/eldigitaldeasturias.com\/magazine365\/de-la-torre-dice-que-con-la-maxima-velocidad-se-cambiara-el-plan-del-puerto-de-malaga-para-contemplar-el-hotel\/#listItem","name":"De la Torre dice que con \u00abla m\u00e1xima velocidad\u00bb se cambiar\u00e1 el Plan del Puerto de M\u00e1laga para contemplar el hotel"},"previousItem":{"@type":"ListItem","@id":"https:\/\/eldigitaldeasturias.com\/magazine365#listItem","name":"Home"}},{"@type":"ListItem","@id":"https:\/\/eldigitaldeasturias.com\/magazine365\/de-la-torre-dice-que-con-la-maxima-velocidad-se-cambiara-el-plan-del-puerto-de-malaga-para-contemplar-el-hotel\/#listItem","position":3,"name":"De la Torre dice que con \u00abla m\u00e1xima velocidad\u00bb se cambiar\u00e1 el Plan del Puerto de M\u00e1laga para contemplar el hotel","previousItem":{"@type":"ListItem","@id":"https:\/\/eldigitaldeasturias.com\/magazine365\/category\/actualidad-turismo\/#listItem","name":"Actualidad Turismo"}}]},{"@type":"Organization","@id":"https:\/\/eldigitaldeasturias.com\/magazine365\/#organization","name":"El digital de Asturias","description":"Revista de ocio, turismo y estilo de vida","url":"https:\/\/eldigitaldeasturias.com\/magazine365\/","logo":{"@type":"ImageObject","url":"https:\/\/www.eldigitaldeasturias.com\/noticias\/wp-content\/uploads\/2020\/12\/EDA.jpg","@id":"https:\/\/eldigitaldeasturias.com\/magazine365\/de-la-torre-dice-que-con-la-maxima-velocidad-se-cambiara-el-plan-del-puerto-de-malaga-para-contemplar-el-hotel\/#organizationLogo"},"image":{"@id":"https:\/\/eldigitaldeasturias.com\/magazine365\/de-la-torre-dice-que-con-la-maxima-velocidad-se-cambiara-el-plan-del-puerto-de-malaga-para-contemplar-el-hotel\/#organizationLogo"}},{"@type":"Person","@id":"https:\/\/eldigitaldeasturias.com\/magazine365\/author\/admin\/#author","url":"https:\/\/eldigitaldeasturias.com\/magazine365\/author\/admin\/","name":"admin","image":{"@type":"ImageObject","@id":"https:\/\/eldigitaldeasturias.com\/magazine365\/de-la-torre-dice-que-con-la-maxima-velocidad-se-cambiara-el-plan-del-puerto-de-malaga-para-contemplar-el-hotel\/#authorImage","url":"https:\/\/eldigitaldeasturias.com\/magazine365\/wp-content\/litespeed\/avatar\/e571bcf59a0edd6fa6838245a470f2fe.jpg?ver=1777574230","width":96,"height":96,"caption":"admin"}},{"@type":"WebPage","@id":"https:\/\/eldigitaldeasturias.com\/magazine365\/de-la-torre-dice-que-con-la-maxima-velocidad-se-cambiara-el-plan-del-puerto-de-malaga-para-contemplar-el-hotel\/#webpage","url":"https:\/\/eldigitaldeasturias.com\/magazine365\/de-la-torre-dice-que-con-la-maxima-velocidad-se-cambiara-el-plan-del-puerto-de-malaga-para-contemplar-el-hotel\/","name":"De la Torre dice que con \u00abla m\u00e1xima velocidad\u00bb se cambiar\u00e1 el Plan del Puerto de M\u00e1laga para contemplar el hotel | El Digital de Asturias","description":"El alcalde de M\u00e1laga, Francisco de la Torre, ha asegurado que, en lo que respecta al Ayuntamiento, se dar\u00e1 \"la m\u00e1xima velocidad\" a la modificaci\u00f3n del Plan Especial del Puerto para contemplar la construcci\u00f3n de un hotel en el dique de Levante. \"Le daremos la m\u00e1xima velocidad porque es un tema, sea quien sea quien","inLanguage":"es-ES","isPartOf":{"@id":"https:\/\/eldigitaldeasturias.com\/magazine365\/#website"},"breadcrumb":{"@id":"https:\/\/eldigitaldeasturias.com\/magazine365\/de-la-torre-dice-que-con-la-maxima-velocidad-se-cambiara-el-plan-del-puerto-de-malaga-para-contemplar-el-hotel\/#breadcrumblist"},"author":{"@id":"https:\/\/eldigitaldeasturias.com\/magazine365\/author\/admin\/#author"},"creator":{"@id":"https:\/\/eldigitaldeasturias.com\/magazine365\/author\/admin\/#author"},"image":{"@type":"ImageObject","url":"https:\/\/eldigitaldeasturias.com\/magazine365\/wp-content\/uploads\/2015\/06\/fotonoticia_20150619144742_800.jpg","@id":"https:\/\/eldigitaldeasturias.com\/magazine365\/de-la-torre-dice-que-con-la-maxima-velocidad-se-cambiara-el-plan-del-puerto-de-malaga-para-contemplar-el-hotel\/#mainImage","width":800,"height":600},"primaryImageOfPage":{"@id":"https:\/\/eldigitaldeasturias.com\/magazine365\/de-la-torre-dice-que-con-la-maxima-velocidad-se-cambiara-el-plan-del-puerto-de-malaga-para-contemplar-el-hotel\/#mainImage"},"datePublished":"2015-06-20T01:49:39+02:00","dateModified":"2015-06-20T01:49:39+02:00"},{"@type":"WebSite","@id":"https:\/\/eldigitaldeasturias.com\/magazine365\/#website","url":"https:\/\/eldigitaldeasturias.com\/magazine365\/","name":"El Digital de Asturias","description":"Revista de ocio, turismo y estilo de vida","inLanguage":"es-ES","publisher":{"@id":"https:\/\/eldigitaldeasturias.com\/magazine365\/#organization"}}]},"og:locale":"es_ES","og:site_name":"El Digital de Asturias \u2013 Revista de ocio, turismo y estilo de vida","og:type":"article","og:title":"De la Torre dice que con \u00abla m\u00e1xima velocidad\u00bb se cambiar\u00e1 el Plan del Puerto de M\u00e1laga para contemplar el hotel | El Digital de Asturias","og:description":"El alcalde de M\u00e1laga, Francisco de la Torre, ha asegurado que, en lo que respecta al Ayuntamiento, se dar\u00e1 &quot;la m\u00e1xima velocidad&quot; a la modificaci\u00f3n del Plan Especial del Puerto para contemplar la construcci\u00f3n de un hotel en el dique de Levante. &quot;Le daremos la m\u00e1xima velocidad porque es un tema, sea quien sea quien","og:url":"https:\/\/eldigitaldeasturias.com\/magazine365\/de-la-torre-dice-que-con-la-maxima-velocidad-se-cambiara-el-plan-del-puerto-de-malaga-para-contemplar-el-hotel\/","og:image":"https:\/\/eldigitaldeasturias.com\/magazine365\/wp-content\/uploads\/2015\/06\/fotonoticia_20150619144742_800.jpg","og:image:secure_url":"https:\/\/eldigitaldeasturias.com\/magazine365\/wp-content\/uploads\/2015\/06\/fotonoticia_20150619144742_800.jpg","og:image:width":800,"og:image:height":600,"article:published_time":"2015-06-20T00:19:39+00:00","article:modified_time":"2015-06-20T00:19:39+00:00","twitter:card":"summary_large_image","twitter:title":"De la Torre dice que con \u00abla m\u00e1xima velocidad\u00bb se cambiar\u00e1 el Plan del Puerto de M\u00e1laga para contemplar el hotel | El Digital de Asturias","twitter:description":"El alcalde de M\u00e1laga, Francisco de la Torre, ha asegurado que, en lo que respecta al Ayuntamiento, se dar\u00e1 &quot;la m\u00e1xima velocidad&quot; a la modificaci\u00f3n del Plan Especial del Puerto para contemplar la construcci\u00f3n de un hotel en el dique de Levante. &quot;Le daremos la m\u00e1xima velocidad porque es un tema, sea quien sea quien","twitter:image":"https:\/\/eldigitaldeasturias.com\/magazine365\/wp-content\/uploads\/2015\/06\/fotonoticia_20150619144742_800.jpg"},"aioseo_meta_data":{"post_id":"40412","title":null,"description":null,"keywords":null,"keyphrases":null,"primary_term":null,"canonical_url":null,"og_title":null,"og_description":null,"og_object_type":"default","og_image_type":"default","og_image_url":null,"og_image_width":null,"og_image_height":null,"og_image_custom_url":null,"og_image_custom_fields":null,"og_video":null,"og_custom_url":null,"og_article_section":null,"og_article_tags":null,"twitter_use_og":false,"twitter_card":"default","twitter_image_type":"default","twitter_image_url":null,"twitter_image_custom_url":null,"twitter_image_custom_fields":null,"twitter_title":null,"twitter_description":null,"schema":{"blockGraphs":[],"customGraphs":[],"default":{"data":{"Article":[],"Course":[],"Dataset":[],"FAQPage":[],"Movie":[],"Person":[],"Product":[],"ProductReview":[],"Car":[],"Recipe":[],"Service":[],"SoftwareApplication":[],"WebPage":[]},"graphName":"","isEnabled":true},"graphs":[],"defaultGraph":"","defaultPostTypeGraph":""},"schema_type":null,"schema_type_options":null,"pillar_content":false,"robots_default":true,"robots_noindex":false,"robots_noarchive":false,"robots_nosnippet":false,"robots_nofollow":false,"robots_noimageindex":false,"robots_noodp":false,"robots_notranslate":false,"robots_max_snippet":null,"robots_max_videopreview":null,"robots_max_imagepreview":"large","priority":null,"frequency":null,"location":null,"local_seo":null,"seo_analyzer_scan_date":"2025-09-19 13:29:14","breadcrumb_settings":null,"limit_modified_date":false,"open_ai":null,"ai":null,"created":"2021-03-09 02:28:42","updated":"2025-09-19 13:29:14"},"aioseo_breadcrumb":"<div class=\"aioseo-breadcrumbs\"><span class=\"aioseo-breadcrumb\">\n\t<a href=\"https:\/\/eldigitaldeasturias.com\/magazine365\" title=\"Home\">Home<\/a>\n<\/span><span class=\"aioseo-breadcrumb-separator\">\u2013<\/span><span class=\"aioseo-breadcrumb\">\n\t<a href=\"https:\/\/eldigitaldeasturias.com\/magazine365\/category\/actualidad-turismo\/\" title=\"Actualidad Turismo\">Actualidad Turismo<\/a>\n<\/span><span class=\"aioseo-breadcrumb-separator\">\u2013<\/span><span class=\"aioseo-breadcrumb\">\n\t<a href=\"https:\/\/eldigitaldeasturias.com\/magazine365\/de-la-torre-dice-que-con-la-maxima-velocidad-se-cambiara-el-plan-del-puerto-de-malaga-para-contemplar-el-hotel\/\" title=\"De la Torre dice que con \u00abla m\u00e1xima velocidad\u00bb se cambiar\u00e1 el Plan del Puerto de M\u00e1laga para contemplar el hotel\">De la Torre dice que con \u00abla m\u00e1xima velocidad\u00bb se cambiar\u00e1 el Plan del Puerto de M\u00e1laga para contemplar el hotel<\/a>\n<\/span><\/div>","aioseo_breadcrumb_json":[{"label":"Home","link":"https:\/\/eldigitaldeasturias.com\/magazine365"},{"label":"Actualidad Turismo","link":"https:\/\/eldigitaldeasturias.com\/magazine365\/category\/actualidad-turismo\/"},{"label":"De la Torre dice que con \u00abla m\u00e1xima velocidad\u00bb se cambiar\u00e1 el Plan del Puerto de M\u00e1laga para contemplar el hotel","link":"https:\/\/eldigitaldeasturias.com\/magazine365\/de-la-torre-dice-que-con-la-maxima-velocidad-se-cambiara-el-plan-del-puerto-de-malaga-para-contemplar-el-hotel\/"}],"_links":{"self":[{"href":"https:\/\/eldigitaldeasturias.com\/magazine365\/wp-json\/wp\/v2\/posts\/40412","targetHints":{"allow":["GET"]}}],"collection":[{"href":"https:\/\/eldigitaldeasturias.com\/magazine365\/wp-json\/wp\/v2\/posts"}],"about":[{"href":"https:\/\/eldigitaldeasturias.com\/magazine365\/wp-json\/wp\/v2\/types\/post"}],"author":[{"embeddable":true,"href":"https:\/\/eldigitaldeasturias.com\/magazine365\/wp-json\/wp\/v2\/users\/1"}],"replies":[{"embeddable":true,"href":"https:\/\/eldigitaldeasturias.com\/magazine365\/wp-json\/wp\/v2\/comments?post=40412"}],"version-history":[{"count":0,"href":"https:\/\/eldigitaldeasturias.com\/magazine365\/wp-json\/wp\/v2\/posts\/40412\/revisions"}],"wp:featuredmedia":[{"embeddable":true,"href":"https:\/\/eldigitaldeasturias.com\/magazine365\/wp-json\/wp\/v2\/media\/40413"}],"wp:attachment":[{"href":"https:\/\/eldigitaldeasturias.com\/magazine365\/wp-json\/wp\/v2\/media?parent=40412"}],"wp:term":[{"taxonomy":"category","embeddable":true,"href":"https:\/\/eldigitaldeasturias.com\/magazine365\/wp-json\/wp\/v2\/categories?post=40412"},{"taxonomy":"post_tag","embeddable":true,"href":"https:\/\/eldigitaldeasturias.com\/magazine365\/wp-json\/wp\/v2\/tags?post=40412"}],"curies":[{"name":"wp","href":"https:\/\/api.w.org\/{rel}","templated":true}]}}