{"id":40409,"date":"2015-06-20T01:46:44","date_gmt":"2015-06-20T00:16:44","guid":{"rendered":"http:\/\/eldigitaldeasturias.com\/magazine365\/?p=40409"},"modified":"2015-06-20T01:46:44","modified_gmt":"2015-06-20T00:16:44","slug":"el-sepla-estima-que-2-000-pilotos-podrian-haber-acudido-a-la-oferta-de-empleo-de-iberia","status":"publish","type":"post","link":"https:\/\/eldigitaldeasturias.com\/magazine365\/el-sepla-estima-que-2-000-pilotos-podrian-haber-acudido-a-la-oferta-de-empleo-de-iberia\/","title":{"rendered":"El Sepla estima que 2.000 pilotos podr\u00edan haber acudido a la oferta de empleo de Iberia"},"content":{"rendered":"<p><img fetchpriority=\"high\" decoding=\"async\" class=\"alignleft size-medium wp-image-40410\" src=\"https:\/\/eldigitaldeasturias.com\/magazine365\/wp-content\/uploads\/2015\/06\/fotonoticia_20150619144420_800-360x240.jpg\" alt=\"fotonoticia_20150619144420_800\" width=\"360\" height=\"240\" srcset=\"https:\/\/eldigitaldeasturias.com\/magazine365\/wp-content\/uploads\/2015\/06\/fotonoticia_20150619144420_800-360x240.jpg 360w, https:\/\/eldigitaldeasturias.com\/magazine365\/wp-content\/uploads\/2015\/06\/fotonoticia_20150619144420_800-650x433.jpg 650w, https:\/\/eldigitaldeasturias.com\/magazine365\/wp-content\/uploads\/2015\/06\/fotonoticia_20150619144420_800-768x512.jpg 768w, https:\/\/eldigitaldeasturias.com\/magazine365\/wp-content\/uploads\/2015\/06\/fotonoticia_20150619144420_800-150x100.jpg 150w, https:\/\/eldigitaldeasturias.com\/magazine365\/wp-content\/uploads\/2015\/06\/fotonoticia_20150619144420_800-450x300.jpg 450w, https:\/\/eldigitaldeasturias.com\/magazine365\/wp-content\/uploads\/2015\/06\/fotonoticia_20150619144420_800-696x464.jpg 696w, https:\/\/eldigitaldeasturias.com\/magazine365\/wp-content\/uploads\/2015\/06\/fotonoticia_20150619144420_800-630x420.jpg 630w, https:\/\/eldigitaldeasturias.com\/magazine365\/wp-content\/uploads\/2015\/06\/fotonoticia_20150619144420_800-84x55.jpg 84w, https:\/\/eldigitaldeasturias.com\/magazine365\/wp-content\/uploads\/2015\/06\/fotonoticia_20150619144420_800.jpg 800w\" sizes=\"(max-width: 360px) 100vw, 360px\" \/>El Sindicato Espa\u00f1ol de Pilotos de L\u00edneas A\u00e9reas (Sepla) calcula que unas 2.000 personas podr\u00edan haber acudido a la convocatoria de empleo de 200 pilotos lanzada este mes por Iberia, la primera en once a\u00f1os, cuyo plazo de admisi\u00f3n de solicitudes finaliz\u00f3 ayer a las doce de la noche.<\/p>\n<p>Iberia lanz\u00f3 este mes una convocatoria de empleo de 200 pilotos en su bolsa de empleo en Internet, con la que prev\u00e9 contratar 120 pilotos como copilotos o &#8216;segundos&#8217; e incorporarlos progresivamente a su plantilla desde septiembre, y el resto pasar\u00e1 a una bolsa de empleo.<\/p>\n<p>La compa\u00f1\u00eda, que est\u00e1 recopilando los datos de la convocatoria telem\u00e1ticamente, quiere atender as\u00ed al aumento del 6% de capacidad previsto en los dos pr\u00f3ximos a\u00f1os y contar con pilotos operativos ante las m\u00e1s de 150 sueltas de comandantes que se producir\u00e1n entre este a\u00f1o y 2016. Su plantilla de pilotos estar\u00e1 por debajo de los 1.200 comandantes.<\/p>\n<p>Durante un evento sobre el manejo de &#8216;drones&#8217;, el presidente del Sepla, Mart\u00ednez de Velasco, explic\u00f3 que Iberia busca \u00abtodo tipo de pilotos\u00bb pero requerir\u00e1 comandantes de \u00abalta experiencia, con calificaci\u00f3n para pilotar el A320 y con horas de vuelo suficientes\u00bb para poder estar operativos en septiembre. Todo ello, sabiendo que su salario oscilar\u00e1 entre los 35.000 y los 40.000 euros anuales.<\/p>\n<p>Seg\u00fan el Sepla, los pilotos que en el mundo actualmente cuentan con esta cualificaci\u00f3n se encuentran en Vueling, easyJet y en alguna otra compa\u00f1\u00eda, \u00abobviamente fuera de Espa\u00f1a\u00bb.<\/p>\n<p>Los nuevos pilotos de Iberia se incorporar\u00e1n como &#8216;segundos&#8217; pilotos en el corto radio &#8212; sustituyendo a copilotos con sueldos de entre 120.000 y 130.000 euros&#8211; y tendr\u00e1n un salario de entre 35.000 y 40.000 euros anuales, conforme a las nuevas condiciones laborales del convenio, sueldos que se sit\u00faan en el nivel de otros operadores como Vueling o Iberia Express.<\/p>\n<p>EL MERCADO POR FIN \u00abSE MUEVE\u00bb.<\/p>\n<p>La convocatoria de empleo para pilotos de Iberia ha sido acogida por el colectivo con \u00abmucha ilusi\u00f3n\u00bb, seg\u00fan el Sepla, ya que constata que los augurios de que el mercado de la aviaci\u00f3n se mueve ante los datos del tr\u00e1fico a\u00e9reo y del aumento de flotas son ya \u00abuna realidad\u00bb.<\/p>\n<p>\u00abEstamos viendo con ilusi\u00f3n que se mueve el mercado y yo creo personalmente que solo es el primer paso y que vamos a seguir viendo contratos de pilotos de aqu\u00ed en adelante no solo \u00e9stos de gran experiencia sino que se ir\u00e1n moviendo de compa\u00f1\u00eda a compa\u00f1\u00eda, por convenio o por dinero\u00bb, opin\u00f3.<\/p>\n<p>El Sepla prev\u00e9 que el a\u00f1o que viene habr\u00e1 \u00abmucha m\u00e1s producci\u00f3n\u00bb y, por tanto, \u00abmucha m\u00e1s contrataci\u00f3n\u00bb para el colectivo.<\/p>\n<p>Como ejemplo, valor\u00f3 la apertura de una base en Barcelona anunciada por easyJet, con tres aviones, lo que supondr\u00e1 entre 30 y 40 pilotos nuevos con condiciones laborales \u00abincluso mejores que las de Iberia por el estilo de la aerol\u00ednea brit\u00e1nica\u00bb.<\/p>\n<p>PREOCUPACI\u00d3N EN VUELING.<\/p>\n<p>Preguntado por la apertura de la base de Vueling en Roma, que enfrenta al colectivo con la direcci\u00f3n de la aerol\u00ednea, Mart\u00ednez de Velasco explic\u00f3 que la compa\u00f1\u00eda catalana est\u00e1 ofreciendo a sus pilotos la posibilidad de trasladarse a Italia pero \u00abcon unas condiciones peores\u00bb.<\/p>\n<p>El Sepla se opone a que la compa\u00f1\u00eda \u00absaque producci\u00f3n de Espa\u00f1a para llevarla a Italia\u00bb y recuerda que el nivel de vida de un piloto en el pa\u00eds transalpino es \u00abun poco m\u00e1s alto\u00bb. \u00abNo entiendo muy bien la pol\u00edtica de contratar pilotos locales\u00bb, se\u00f1al\u00f3, aunque admiti\u00f3 que si Vueling cree que le sale m\u00e1s barato \u00abest\u00e1 en su derecho\u00bb.<\/p>\n<p>\u00abEs algo que no vemos bien porque hay un convenio ya firmado el a\u00f1o pasado y todav\u00eda en subsanaci\u00f3n en el que se recoge que la producci\u00f3n que se haga fuera de Espa\u00f1a debe negociarse aqu\u00ed con los sindicatos y que se lo salten no nos parece bien\u00bb, opin\u00f3.<\/p>\n","protected":false},"excerpt":{"rendered":"<p>El Sindicato Espa\u00f1ol de Pilotos de L\u00edneas A\u00e9reas (Sepla) calcula que unas 2.000 personas podr\u00edan haber acudido a la convocatoria de empleo de 200 pilotos lanzada este mes por Iberia, la primera en once a\u00f1os, cuyo plazo de admisi\u00f3n de solicitudes finaliz\u00f3 ayer a las doce de la noche. Iberia lanz\u00f3 este mes una convocatoria<\/p>\n","protected":false},"author":1,"featured_media":40410,"comment_status":"open","ping_status":"closed","sticky":false,"template":"","format":"standard","meta":{"footnotes":""},"categories":[222],"tags":[],"class_list":{"0":"post-40409","1":"post","2":"type-post","3":"status-publish","4":"format-standard","5":"has-post-thumbnail","7":"category-actualidad-turismo"},"aioseo_notices":[],"aioseo_head":"\n\t\t<!-- All in One SEO Pro 4.9.6.1 - aioseo.com -->\n\t<meta name=\"description\" content=\"El Sindicato Espa\u00f1ol de Pilotos de L\u00edneas A\u00e9reas (Sepla) calcula que unas 2.000 personas podr\u00edan haber acudido a la convocatoria de empleo de 200 pilotos lanzada este mes por Iberia, la primera en once a\u00f1os, cuyo plazo de admisi\u00f3n de solicitudes finaliz\u00f3 ayer a las doce de la noche. Iberia lanz\u00f3 este mes una convocatoria\" \/>\n\t<meta name=\"robots\" content=\"max-image-preview:large\" \/>\n\t<meta name=\"author\" content=\"admin\"\/>\n\t<meta name=\"google-site-verification\" content=\"UA-38556648-1\" \/>\n\t<meta name=\"keywords\" content=\"actualidad turismo\" \/>\n\t<link rel=\"canonical\" href=\"https:\/\/eldigitaldeasturias.com\/magazine365\/el-sepla-estima-que-2-000-pilotos-podrian-haber-acudido-a-la-oferta-de-empleo-de-iberia\/\" \/>\n\t<meta name=\"generator\" content=\"All in One SEO Pro (AIOSEO) 4.9.6.1\" \/>\n\t\t<meta property=\"og:locale\" content=\"es_ES\" \/>\n\t\t<meta property=\"og:site_name\" content=\"El Digital de Asturias \u2013 Revista de ocio, turismo y estilo de vida\" \/>\n\t\t<meta property=\"og:type\" content=\"article\" \/>\n\t\t<meta property=\"og:title\" content=\"El Sepla estima que 2.000 pilotos podr\u00edan haber acudido a la oferta de empleo de Iberia | El Digital de Asturias\" \/>\n\t\t<meta property=\"og:description\" content=\"El Sindicato Espa\u00f1ol de Pilotos de L\u00edneas A\u00e9reas (Sepla) calcula que unas 2.000 personas podr\u00edan haber acudido a la convocatoria de empleo de 200 pilotos lanzada este mes por Iberia, la primera en once a\u00f1os, cuyo plazo de admisi\u00f3n de solicitudes finaliz\u00f3 ayer a las doce de la noche. Iberia lanz\u00f3 este mes una convocatoria\" \/>\n\t\t<meta property=\"og:url\" content=\"https:\/\/eldigitaldeasturias.com\/magazine365\/el-sepla-estima-que-2-000-pilotos-podrian-haber-acudido-a-la-oferta-de-empleo-de-iberia\/\" \/>\n\t\t<meta property=\"og:image\" content=\"https:\/\/eldigitaldeasturias.com\/magazine365\/wp-content\/uploads\/2015\/06\/fotonoticia_20150619144420_800.jpg\" \/>\n\t\t<meta property=\"og:image:secure_url\" content=\"https:\/\/eldigitaldeasturias.com\/magazine365\/wp-content\/uploads\/2015\/06\/fotonoticia_20150619144420_800.jpg\" \/>\n\t\t<meta property=\"og:image:width\" content=\"800\" \/>\n\t\t<meta property=\"og:image:height\" content=\"533\" \/>\n\t\t<meta property=\"article:published_time\" content=\"2015-06-20T00:16:44+00:00\" \/>\n\t\t<meta property=\"article:modified_time\" content=\"2015-06-20T00:16:44+00:00\" \/>\n\t\t<meta name=\"twitter:card\" content=\"summary_large_image\" \/>\n\t\t<meta name=\"twitter:title\" content=\"El Sepla estima que 2.000 pilotos podr\u00edan haber acudido a la oferta de empleo de Iberia | El Digital de Asturias\" \/>\n\t\t<meta name=\"twitter:description\" content=\"El Sindicato Espa\u00f1ol de Pilotos de L\u00edneas A\u00e9reas (Sepla) calcula que unas 2.000 personas podr\u00edan haber acudido a la convocatoria de empleo de 200 pilotos lanzada este mes por Iberia, la primera en once a\u00f1os, cuyo plazo de admisi\u00f3n de solicitudes finaliz\u00f3 ayer a las doce de la noche. Iberia lanz\u00f3 este mes una convocatoria\" \/>\n\t\t<meta name=\"twitter:image\" content=\"https:\/\/eldigitaldeasturias.com\/magazine365\/wp-content\/uploads\/2015\/06\/fotonoticia_20150619144420_800.jpg\" \/>\n\t\t<script type=\"application\/ld+json\" class=\"aioseo-schema\">\n\t\t\t{\"@context\":\"https:\\\/\\\/schema.org\",\"@graph\":[{\"@type\":\"Article\",\"@id\":\"https:\\\/\\\/eldigitaldeasturias.com\\\/magazine365\\\/el-sepla-estima-que-2-000-pilotos-podrian-haber-acudido-a-la-oferta-de-empleo-de-iberia\\\/#article\",\"name\":\"El Sepla estima que 2.000 pilotos podr\\u00edan haber acudido a la oferta de empleo de Iberia | El Digital de Asturias\",\"headline\":\"El Sepla estima que 2.000 pilotos podr\\u00edan haber acudido a la oferta de empleo de Iberia\",\"author\":{\"@id\":\"https:\\\/\\\/eldigitaldeasturias.com\\\/magazine365\\\/author\\\/admin\\\/#author\"},\"publisher\":{\"@id\":\"https:\\\/\\\/eldigitaldeasturias.com\\\/magazine365\\\/#organization\"},\"image\":{\"@type\":\"ImageObject\",\"url\":\"https:\\\/\\\/eldigitaldeasturias.com\\\/magazine365\\\/wp-content\\\/uploads\\\/2015\\\/06\\\/fotonoticia_20150619144420_800.jpg\",\"width\":800,\"height\":533},\"datePublished\":\"2015-06-20T01:46:44+02:00\",\"dateModified\":\"2015-06-20T01:46:44+02:00\",\"inLanguage\":\"es-ES\",\"mainEntityOfPage\":{\"@id\":\"https:\\\/\\\/eldigitaldeasturias.com\\\/magazine365\\\/el-sepla-estima-que-2-000-pilotos-podrian-haber-acudido-a-la-oferta-de-empleo-de-iberia\\\/#webpage\"},\"isPartOf\":{\"@id\":\"https:\\\/\\\/eldigitaldeasturias.com\\\/magazine365\\\/el-sepla-estima-que-2-000-pilotos-podrian-haber-acudido-a-la-oferta-de-empleo-de-iberia\\\/#webpage\"},\"articleSection\":\"Actualidad Turismo\"},{\"@type\":\"BreadcrumbList\",\"@id\":\"https:\\\/\\\/eldigitaldeasturias.com\\\/magazine365\\\/el-sepla-estima-que-2-000-pilotos-podrian-haber-acudido-a-la-oferta-de-empleo-de-iberia\\\/#breadcrumblist\",\"itemListElement\":[{\"@type\":\"ListItem\",\"@id\":\"https:\\\/\\\/eldigitaldeasturias.com\\\/magazine365#listItem\",\"position\":1,\"name\":\"Home\",\"item\":\"https:\\\/\\\/eldigitaldeasturias.com\\\/magazine365\",\"nextItem\":{\"@type\":\"ListItem\",\"@id\":\"https:\\\/\\\/eldigitaldeasturias.com\\\/magazine365\\\/category\\\/actualidad-turismo\\\/#listItem\",\"name\":\"Actualidad Turismo\"}},{\"@type\":\"ListItem\",\"@id\":\"https:\\\/\\\/eldigitaldeasturias.com\\\/magazine365\\\/category\\\/actualidad-turismo\\\/#listItem\",\"position\":2,\"name\":\"Actualidad Turismo\",\"item\":\"https:\\\/\\\/eldigitaldeasturias.com\\\/magazine365\\\/category\\\/actualidad-turismo\\\/\",\"nextItem\":{\"@type\":\"ListItem\",\"@id\":\"https:\\\/\\\/eldigitaldeasturias.com\\\/magazine365\\\/el-sepla-estima-que-2-000-pilotos-podrian-haber-acudido-a-la-oferta-de-empleo-de-iberia\\\/#listItem\",\"name\":\"El Sepla estima que 2.000 pilotos podr\\u00edan haber acudido a la oferta de empleo de Iberia\"},\"previousItem\":{\"@type\":\"ListItem\",\"@id\":\"https:\\\/\\\/eldigitaldeasturias.com\\\/magazine365#listItem\",\"name\":\"Home\"}},{\"@type\":\"ListItem\",\"@id\":\"https:\\\/\\\/eldigitaldeasturias.com\\\/magazine365\\\/el-sepla-estima-que-2-000-pilotos-podrian-haber-acudido-a-la-oferta-de-empleo-de-iberia\\\/#listItem\",\"position\":3,\"name\":\"El Sepla estima que 2.000 pilotos podr\\u00edan haber acudido a la oferta de empleo de Iberia\",\"previousItem\":{\"@type\":\"ListItem\",\"@id\":\"https:\\\/\\\/eldigitaldeasturias.com\\\/magazine365\\\/category\\\/actualidad-turismo\\\/#listItem\",\"name\":\"Actualidad Turismo\"}}]},{\"@type\":\"Organization\",\"@id\":\"https:\\\/\\\/eldigitaldeasturias.com\\\/magazine365\\\/#organization\",\"name\":\"El digital de Asturias\",\"description\":\"Revista de ocio, turismo y estilo de vida\",\"url\":\"https:\\\/\\\/eldigitaldeasturias.com\\\/magazine365\\\/\",\"logo\":{\"@type\":\"ImageObject\",\"url\":\"https:\\\/\\\/www.eldigitaldeasturias.com\\\/noticias\\\/wp-content\\\/uploads\\\/2020\\\/12\\\/EDA.jpg\",\"@id\":\"https:\\\/\\\/eldigitaldeasturias.com\\\/magazine365\\\/el-sepla-estima-que-2-000-pilotos-podrian-haber-acudido-a-la-oferta-de-empleo-de-iberia\\\/#organizationLogo\"},\"image\":{\"@id\":\"https:\\\/\\\/eldigitaldeasturias.com\\\/magazine365\\\/el-sepla-estima-que-2-000-pilotos-podrian-haber-acudido-a-la-oferta-de-empleo-de-iberia\\\/#organizationLogo\"}},{\"@type\":\"Person\",\"@id\":\"https:\\\/\\\/eldigitaldeasturias.com\\\/magazine365\\\/author\\\/admin\\\/#author\",\"url\":\"https:\\\/\\\/eldigitaldeasturias.com\\\/magazine365\\\/author\\\/admin\\\/\",\"name\":\"admin\",\"image\":{\"@type\":\"ImageObject\",\"@id\":\"https:\\\/\\\/eldigitaldeasturias.com\\\/magazine365\\\/el-sepla-estima-que-2-000-pilotos-podrian-haber-acudido-a-la-oferta-de-empleo-de-iberia\\\/#authorImage\",\"url\":\"https:\\\/\\\/eldigitaldeasturias.com\\\/magazine365\\\/wp-content\\\/litespeed\\\/avatar\\\/e571bcf59a0edd6fa6838245a470f2fe.jpg?ver=1777574230\",\"width\":96,\"height\":96,\"caption\":\"admin\"}},{\"@type\":\"WebPage\",\"@id\":\"https:\\\/\\\/eldigitaldeasturias.com\\\/magazine365\\\/el-sepla-estima-que-2-000-pilotos-podrian-haber-acudido-a-la-oferta-de-empleo-de-iberia\\\/#webpage\",\"url\":\"https:\\\/\\\/eldigitaldeasturias.com\\\/magazine365\\\/el-sepla-estima-que-2-000-pilotos-podrian-haber-acudido-a-la-oferta-de-empleo-de-iberia\\\/\",\"name\":\"El Sepla estima que 2.000 pilotos podr\\u00edan haber acudido a la oferta de empleo de Iberia | El Digital de Asturias\",\"description\":\"El Sindicato Espa\\u00f1ol de Pilotos de L\\u00edneas A\\u00e9reas (Sepla) calcula que unas 2.000 personas podr\\u00edan haber acudido a la convocatoria de empleo de 200 pilotos lanzada este mes por Iberia, la primera en once a\\u00f1os, cuyo plazo de admisi\\u00f3n de solicitudes finaliz\\u00f3 ayer a las doce de la noche. Iberia lanz\\u00f3 este mes una convocatoria\",\"inLanguage\":\"es-ES\",\"isPartOf\":{\"@id\":\"https:\\\/\\\/eldigitaldeasturias.com\\\/magazine365\\\/#website\"},\"breadcrumb\":{\"@id\":\"https:\\\/\\\/eldigitaldeasturias.com\\\/magazine365\\\/el-sepla-estima-que-2-000-pilotos-podrian-haber-acudido-a-la-oferta-de-empleo-de-iberia\\\/#breadcrumblist\"},\"author\":{\"@id\":\"https:\\\/\\\/eldigitaldeasturias.com\\\/magazine365\\\/author\\\/admin\\\/#author\"},\"creator\":{\"@id\":\"https:\\\/\\\/eldigitaldeasturias.com\\\/magazine365\\\/author\\\/admin\\\/#author\"},\"image\":{\"@type\":\"ImageObject\",\"url\":\"https:\\\/\\\/eldigitaldeasturias.com\\\/magazine365\\\/wp-content\\\/uploads\\\/2015\\\/06\\\/fotonoticia_20150619144420_800.jpg\",\"@id\":\"https:\\\/\\\/eldigitaldeasturias.com\\\/magazine365\\\/el-sepla-estima-que-2-000-pilotos-podrian-haber-acudido-a-la-oferta-de-empleo-de-iberia\\\/#mainImage\",\"width\":800,\"height\":533},\"primaryImageOfPage\":{\"@id\":\"https:\\\/\\\/eldigitaldeasturias.com\\\/magazine365\\\/el-sepla-estima-que-2-000-pilotos-podrian-haber-acudido-a-la-oferta-de-empleo-de-iberia\\\/#mainImage\"},\"datePublished\":\"2015-06-20T01:46:44+02:00\",\"dateModified\":\"2015-06-20T01:46:44+02:00\"},{\"@type\":\"WebSite\",\"@id\":\"https:\\\/\\\/eldigitaldeasturias.com\\\/magazine365\\\/#website\",\"url\":\"https:\\\/\\\/eldigitaldeasturias.com\\\/magazine365\\\/\",\"name\":\"El Digital de Asturias\",\"description\":\"Revista de ocio, turismo y estilo de vida\",\"inLanguage\":\"es-ES\",\"publisher\":{\"@id\":\"https:\\\/\\\/eldigitaldeasturias.com\\\/magazine365\\\/#organization\"}}]}\n\t\t<\/script>\n\t\t<!-- All in One SEO Pro -->\r\n\t\t<title>El Sepla estima que 2.000 pilotos podr\u00edan haber acudido a la oferta de empleo de Iberia | El Digital de Asturias<\/title>\n\n","aioseo_head_json":{"title":"El Sepla estima que 2.000 pilotos podr\u00edan haber acudido a la oferta de empleo de Iberia | El Digital de Asturias","description":"El Sindicato Espa\u00f1ol de Pilotos de L\u00edneas A\u00e9reas (Sepla) calcula que unas 2.000 personas podr\u00edan haber acudido a la convocatoria de empleo de 200 pilotos lanzada este mes por Iberia, la primera en once a\u00f1os, cuyo plazo de admisi\u00f3n de solicitudes finaliz\u00f3 ayer a las doce de la noche. Iberia lanz\u00f3 este mes una convocatoria","canonical_url":"https:\/\/eldigitaldeasturias.com\/magazine365\/el-sepla-estima-que-2-000-pilotos-podrian-haber-acudido-a-la-oferta-de-empleo-de-iberia\/","robots":"max-image-preview:large","keywords":"actualidad turismo","webmasterTools":{"google-site-verification":"UA-38556648-1","miscellaneous":""},"schema":{"@context":"https:\/\/schema.org","@graph":[{"@type":"Article","@id":"https:\/\/eldigitaldeasturias.com\/magazine365\/el-sepla-estima-que-2-000-pilotos-podrian-haber-acudido-a-la-oferta-de-empleo-de-iberia\/#article","name":"El Sepla estima que 2.000 pilotos podr\u00edan haber acudido a la oferta de empleo de Iberia | El Digital de Asturias","headline":"El Sepla estima que 2.000 pilotos podr\u00edan haber acudido a la oferta de empleo de Iberia","author":{"@id":"https:\/\/eldigitaldeasturias.com\/magazine365\/author\/admin\/#author"},"publisher":{"@id":"https:\/\/eldigitaldeasturias.com\/magazine365\/#organization"},"image":{"@type":"ImageObject","url":"https:\/\/eldigitaldeasturias.com\/magazine365\/wp-content\/uploads\/2015\/06\/fotonoticia_20150619144420_800.jpg","width":800,"height":533},"datePublished":"2015-06-20T01:46:44+02:00","dateModified":"2015-06-20T01:46:44+02:00","inLanguage":"es-ES","mainEntityOfPage":{"@id":"https:\/\/eldigitaldeasturias.com\/magazine365\/el-sepla-estima-que-2-000-pilotos-podrian-haber-acudido-a-la-oferta-de-empleo-de-iberia\/#webpage"},"isPartOf":{"@id":"https:\/\/eldigitaldeasturias.com\/magazine365\/el-sepla-estima-que-2-000-pilotos-podrian-haber-acudido-a-la-oferta-de-empleo-de-iberia\/#webpage"},"articleSection":"Actualidad Turismo"},{"@type":"BreadcrumbList","@id":"https:\/\/eldigitaldeasturias.com\/magazine365\/el-sepla-estima-que-2-000-pilotos-podrian-haber-acudido-a-la-oferta-de-empleo-de-iberia\/#breadcrumblist","itemListElement":[{"@type":"ListItem","@id":"https:\/\/eldigitaldeasturias.com\/magazine365#listItem","position":1,"name":"Home","item":"https:\/\/eldigitaldeasturias.com\/magazine365","nextItem":{"@type":"ListItem","@id":"https:\/\/eldigitaldeasturias.com\/magazine365\/category\/actualidad-turismo\/#listItem","name":"Actualidad Turismo"}},{"@type":"ListItem","@id":"https:\/\/eldigitaldeasturias.com\/magazine365\/category\/actualidad-turismo\/#listItem","position":2,"name":"Actualidad Turismo","item":"https:\/\/eldigitaldeasturias.com\/magazine365\/category\/actualidad-turismo\/","nextItem":{"@type":"ListItem","@id":"https:\/\/eldigitaldeasturias.com\/magazine365\/el-sepla-estima-que-2-000-pilotos-podrian-haber-acudido-a-la-oferta-de-empleo-de-iberia\/#listItem","name":"El Sepla estima que 2.000 pilotos podr\u00edan haber acudido a la oferta de empleo de Iberia"},"previousItem":{"@type":"ListItem","@id":"https:\/\/eldigitaldeasturias.com\/magazine365#listItem","name":"Home"}},{"@type":"ListItem","@id":"https:\/\/eldigitaldeasturias.com\/magazine365\/el-sepla-estima-que-2-000-pilotos-podrian-haber-acudido-a-la-oferta-de-empleo-de-iberia\/#listItem","position":3,"name":"El Sepla estima que 2.000 pilotos podr\u00edan haber acudido a la oferta de empleo de Iberia","previousItem":{"@type":"ListItem","@id":"https:\/\/eldigitaldeasturias.com\/magazine365\/category\/actualidad-turismo\/#listItem","name":"Actualidad Turismo"}}]},{"@type":"Organization","@id":"https:\/\/eldigitaldeasturias.com\/magazine365\/#organization","name":"El digital de Asturias","description":"Revista de ocio, turismo y estilo de vida","url":"https:\/\/eldigitaldeasturias.com\/magazine365\/","logo":{"@type":"ImageObject","url":"https:\/\/www.eldigitaldeasturias.com\/noticias\/wp-content\/uploads\/2020\/12\/EDA.jpg","@id":"https:\/\/eldigitaldeasturias.com\/magazine365\/el-sepla-estima-que-2-000-pilotos-podrian-haber-acudido-a-la-oferta-de-empleo-de-iberia\/#organizationLogo"},"image":{"@id":"https:\/\/eldigitaldeasturias.com\/magazine365\/el-sepla-estima-que-2-000-pilotos-podrian-haber-acudido-a-la-oferta-de-empleo-de-iberia\/#organizationLogo"}},{"@type":"Person","@id":"https:\/\/eldigitaldeasturias.com\/magazine365\/author\/admin\/#author","url":"https:\/\/eldigitaldeasturias.com\/magazine365\/author\/admin\/","name":"admin","image":{"@type":"ImageObject","@id":"https:\/\/eldigitaldeasturias.com\/magazine365\/el-sepla-estima-que-2-000-pilotos-podrian-haber-acudido-a-la-oferta-de-empleo-de-iberia\/#authorImage","url":"https:\/\/eldigitaldeasturias.com\/magazine365\/wp-content\/litespeed\/avatar\/e571bcf59a0edd6fa6838245a470f2fe.jpg?ver=1777574230","width":96,"height":96,"caption":"admin"}},{"@type":"WebPage","@id":"https:\/\/eldigitaldeasturias.com\/magazine365\/el-sepla-estima-que-2-000-pilotos-podrian-haber-acudido-a-la-oferta-de-empleo-de-iberia\/#webpage","url":"https:\/\/eldigitaldeasturias.com\/magazine365\/el-sepla-estima-que-2-000-pilotos-podrian-haber-acudido-a-la-oferta-de-empleo-de-iberia\/","name":"El Sepla estima que 2.000 pilotos podr\u00edan haber acudido a la oferta de empleo de Iberia | El Digital de Asturias","description":"El Sindicato Espa\u00f1ol de Pilotos de L\u00edneas A\u00e9reas (Sepla) calcula que unas 2.000 personas podr\u00edan haber acudido a la convocatoria de empleo de 200 pilotos lanzada este mes por Iberia, la primera en once a\u00f1os, cuyo plazo de admisi\u00f3n de solicitudes finaliz\u00f3 ayer a las doce de la noche. Iberia lanz\u00f3 este mes una convocatoria","inLanguage":"es-ES","isPartOf":{"@id":"https:\/\/eldigitaldeasturias.com\/magazine365\/#website"},"breadcrumb":{"@id":"https:\/\/eldigitaldeasturias.com\/magazine365\/el-sepla-estima-que-2-000-pilotos-podrian-haber-acudido-a-la-oferta-de-empleo-de-iberia\/#breadcrumblist"},"author":{"@id":"https:\/\/eldigitaldeasturias.com\/magazine365\/author\/admin\/#author"},"creator":{"@id":"https:\/\/eldigitaldeasturias.com\/magazine365\/author\/admin\/#author"},"image":{"@type":"ImageObject","url":"https:\/\/eldigitaldeasturias.com\/magazine365\/wp-content\/uploads\/2015\/06\/fotonoticia_20150619144420_800.jpg","@id":"https:\/\/eldigitaldeasturias.com\/magazine365\/el-sepla-estima-que-2-000-pilotos-podrian-haber-acudido-a-la-oferta-de-empleo-de-iberia\/#mainImage","width":800,"height":533},"primaryImageOfPage":{"@id":"https:\/\/eldigitaldeasturias.com\/magazine365\/el-sepla-estima-que-2-000-pilotos-podrian-haber-acudido-a-la-oferta-de-empleo-de-iberia\/#mainImage"},"datePublished":"2015-06-20T01:46:44+02:00","dateModified":"2015-06-20T01:46:44+02:00"},{"@type":"WebSite","@id":"https:\/\/eldigitaldeasturias.com\/magazine365\/#website","url":"https:\/\/eldigitaldeasturias.com\/magazine365\/","name":"El Digital de Asturias","description":"Revista de ocio, turismo y estilo de vida","inLanguage":"es-ES","publisher":{"@id":"https:\/\/eldigitaldeasturias.com\/magazine365\/#organization"}}]},"og:locale":"es_ES","og:site_name":"El Digital de Asturias \u2013 Revista de ocio, turismo y estilo de vida","og:type":"article","og:title":"El Sepla estima que 2.000 pilotos podr\u00edan haber acudido a la oferta de empleo de Iberia | El Digital de Asturias","og:description":"El Sindicato Espa\u00f1ol de Pilotos de L\u00edneas A\u00e9reas (Sepla) calcula que unas 2.000 personas podr\u00edan haber acudido a la convocatoria de empleo de 200 pilotos lanzada este mes por Iberia, la primera en once a\u00f1os, cuyo plazo de admisi\u00f3n de solicitudes finaliz\u00f3 ayer a las doce de la noche. Iberia lanz\u00f3 este mes una convocatoria","og:url":"https:\/\/eldigitaldeasturias.com\/magazine365\/el-sepla-estima-que-2-000-pilotos-podrian-haber-acudido-a-la-oferta-de-empleo-de-iberia\/","og:image":"https:\/\/eldigitaldeasturias.com\/magazine365\/wp-content\/uploads\/2015\/06\/fotonoticia_20150619144420_800.jpg","og:image:secure_url":"https:\/\/eldigitaldeasturias.com\/magazine365\/wp-content\/uploads\/2015\/06\/fotonoticia_20150619144420_800.jpg","og:image:width":800,"og:image:height":533,"article:published_time":"2015-06-20T00:16:44+00:00","article:modified_time":"2015-06-20T00:16:44+00:00","twitter:card":"summary_large_image","twitter:title":"El Sepla estima que 2.000 pilotos podr\u00edan haber acudido a la oferta de empleo de Iberia | El Digital de Asturias","twitter:description":"El Sindicato Espa\u00f1ol de Pilotos de L\u00edneas A\u00e9reas (Sepla) calcula que unas 2.000 personas podr\u00edan haber acudido a la convocatoria de empleo de 200 pilotos lanzada este mes por Iberia, la primera en once a\u00f1os, cuyo plazo de admisi\u00f3n de solicitudes finaliz\u00f3 ayer a las doce de la noche. Iberia lanz\u00f3 este mes una convocatoria","twitter:image":"https:\/\/eldigitaldeasturias.com\/magazine365\/wp-content\/uploads\/2015\/06\/fotonoticia_20150619144420_800.jpg"},"aioseo_meta_data":{"post_id":"40409","title":null,"description":null,"keywords":null,"keyphrases":null,"primary_term":null,"canonical_url":null,"og_title":null,"og_description":null,"og_object_type":"default","og_image_type":"default","og_image_url":null,"og_image_width":null,"og_image_height":null,"og_image_custom_url":null,"og_image_custom_fields":null,"og_video":null,"og_custom_url":null,"og_article_section":null,"og_article_tags":null,"twitter_use_og":false,"twitter_card":"default","twitter_image_type":"default","twitter_image_url":null,"twitter_image_custom_url":null,"twitter_image_custom_fields":null,"twitter_title":null,"twitter_description":null,"schema":{"blockGraphs":[],"customGraphs":[],"default":{"data":{"Article":[],"Course":[],"Dataset":[],"FAQPage":[],"Movie":[],"Person":[],"Product":[],"ProductReview":[],"Car":[],"Recipe":[],"Service":[],"SoftwareApplication":[],"WebPage":[]},"graphName":"","isEnabled":true},"graphs":[],"defaultGraph":"","defaultPostTypeGraph":""},"schema_type":null,"schema_type_options":null,"pillar_content":false,"robots_default":true,"robots_noindex":false,"robots_noarchive":false,"robots_nosnippet":false,"robots_nofollow":false,"robots_noimageindex":false,"robots_noodp":false,"robots_notranslate":false,"robots_max_snippet":null,"robots_max_videopreview":null,"robots_max_imagepreview":"large","priority":null,"frequency":null,"location":null,"local_seo":null,"seo_analyzer_scan_date":"2025-09-19 13:29:11","breadcrumb_settings":null,"limit_modified_date":false,"open_ai":null,"ai":null,"created":"2021-03-09 02:28:42","updated":"2025-09-19 13:29:11"},"aioseo_breadcrumb":"<div class=\"aioseo-breadcrumbs\"><span class=\"aioseo-breadcrumb\">\n\t<a href=\"https:\/\/eldigitaldeasturias.com\/magazine365\" title=\"Home\">Home<\/a>\n<\/span><span class=\"aioseo-breadcrumb-separator\">\u2013<\/span><span class=\"aioseo-breadcrumb\">\n\t<a href=\"https:\/\/eldigitaldeasturias.com\/magazine365\/category\/actualidad-turismo\/\" title=\"Actualidad Turismo\">Actualidad Turismo<\/a>\n<\/span><span class=\"aioseo-breadcrumb-separator\">\u2013<\/span><span class=\"aioseo-breadcrumb\">\n\t<a href=\"https:\/\/eldigitaldeasturias.com\/magazine365\/el-sepla-estima-que-2-000-pilotos-podrian-haber-acudido-a-la-oferta-de-empleo-de-iberia\/\" title=\"El Sepla estima que 2.000 pilotos podr\u00edan haber acudido a la oferta de empleo de Iberia\">El Sepla estima que 2.000 pilotos podr\u00edan haber acudido a la oferta de empleo de Iberia<\/a>\n<\/span><\/div>","aioseo_breadcrumb_json":[{"label":"Home","link":"https:\/\/eldigitaldeasturias.com\/magazine365"},{"label":"Actualidad Turismo","link":"https:\/\/eldigitaldeasturias.com\/magazine365\/category\/actualidad-turismo\/"},{"label":"El Sepla estima que 2.000 pilotos podr\u00edan haber acudido a la oferta de empleo de Iberia","link":"https:\/\/eldigitaldeasturias.com\/magazine365\/el-sepla-estima-que-2-000-pilotos-podrian-haber-acudido-a-la-oferta-de-empleo-de-iberia\/"}],"_links":{"self":[{"href":"https:\/\/eldigitaldeasturias.com\/magazine365\/wp-json\/wp\/v2\/posts\/40409","targetHints":{"allow":["GET"]}}],"collection":[{"href":"https:\/\/eldigitaldeasturias.com\/magazine365\/wp-json\/wp\/v2\/posts"}],"about":[{"href":"https:\/\/eldigitaldeasturias.com\/magazine365\/wp-json\/wp\/v2\/types\/post"}],"author":[{"embeddable":true,"href":"https:\/\/eldigitaldeasturias.com\/magazine365\/wp-json\/wp\/v2\/users\/1"}],"replies":[{"embeddable":true,"href":"https:\/\/eldigitaldeasturias.com\/magazine365\/wp-json\/wp\/v2\/comments?post=40409"}],"version-history":[{"count":0,"href":"https:\/\/eldigitaldeasturias.com\/magazine365\/wp-json\/wp\/v2\/posts\/40409\/revisions"}],"wp:featuredmedia":[{"embeddable":true,"href":"https:\/\/eldigitaldeasturias.com\/magazine365\/wp-json\/wp\/v2\/media\/40410"}],"wp:attachment":[{"href":"https:\/\/eldigitaldeasturias.com\/magazine365\/wp-json\/wp\/v2\/media?parent=40409"}],"wp:term":[{"taxonomy":"category","embeddable":true,"href":"https:\/\/eldigitaldeasturias.com\/magazine365\/wp-json\/wp\/v2\/categories?post=40409"},{"taxonomy":"post_tag","embeddable":true,"href":"https:\/\/eldigitaldeasturias.com\/magazine365\/wp-json\/wp\/v2\/tags?post=40409"}],"curies":[{"name":"wp","href":"https:\/\/api.w.org\/{rel}","templated":true}]}}