{"id":40397,"date":"2015-06-20T01:41:20","date_gmt":"2015-06-20T00:11:20","guid":{"rendered":"http:\/\/eldigitaldeasturias.com\/magazine365\/?p=40397"},"modified":"2015-06-20T01:41:20","modified_gmt":"2015-06-20T00:11:20","slug":"the-campbell-apartment-en-madrid","status":"publish","type":"post","link":"https:\/\/eldigitaldeasturias.com\/magazine365\/the-campbell-apartment-en-madrid\/","title":{"rendered":"The Campbell Apartment en Madrid"},"content":{"rendered":"<p><img fetchpriority=\"high\" decoding=\"async\" class=\"alignleft size-medium wp-image-40398\" src=\"https:\/\/eldigitaldeasturias.com\/magazine365\/wp-content\/uploads\/2015\/06\/fotonoticia_20150619130015_800-360x240.jpg\" alt=\"fotonoticia_20150619130015_800\" width=\"360\" height=\"240\" srcset=\"https:\/\/eldigitaldeasturias.com\/magazine365\/wp-content\/uploads\/2015\/06\/fotonoticia_20150619130015_800-360x240.jpg 360w, https:\/\/eldigitaldeasturias.com\/magazine365\/wp-content\/uploads\/2015\/06\/fotonoticia_20150619130015_800-650x433.jpg 650w, https:\/\/eldigitaldeasturias.com\/magazine365\/wp-content\/uploads\/2015\/06\/fotonoticia_20150619130015_800-768x512.jpg 768w, https:\/\/eldigitaldeasturias.com\/magazine365\/wp-content\/uploads\/2015\/06\/fotonoticia_20150619130015_800-150x100.jpg 150w, https:\/\/eldigitaldeasturias.com\/magazine365\/wp-content\/uploads\/2015\/06\/fotonoticia_20150619130015_800-450x300.jpg 450w, https:\/\/eldigitaldeasturias.com\/magazine365\/wp-content\/uploads\/2015\/06\/fotonoticia_20150619130015_800-696x464.jpg 696w, https:\/\/eldigitaldeasturias.com\/magazine365\/wp-content\/uploads\/2015\/06\/fotonoticia_20150619130015_800-630x420.jpg 630w, https:\/\/eldigitaldeasturias.com\/magazine365\/wp-content\/uploads\/2015\/06\/fotonoticia_20150619130015_800-84x55.jpg 84w, https:\/\/eldigitaldeasturias.com\/magazine365\/wp-content\/uploads\/2015\/06\/fotonoticia_20150619130015_800.jpg 800w\" sizes=\"(max-width: 360px) 100vw, 360px\" \/>The Campbell Apartment, una de las mejores cocteler\u00eda del mundo, ha recalado por una noche en Madrid de la mano de Schweppes, que ha recreado la m\u00edtica barra neoyorkina en la capital espa\u00f1ola, seg\u00fan ha informado la firma de bebidas en un comunicado.<\/p>\n<p>En concreto, esta es la primera vez en la historia que &#8216;la joya de Grand Central&#8217; y su barman, Paris DuRante, salen de Nueva York para instalarse en otra estaci\u00f3n de tren, la antigua Estaci\u00f3n de Delicias en Madrid.<\/p>\n<p>De esta forma, se ha recreado la inmensa vidriera, en la que luc\u00eda el ic\u00f3nico luminoso de Schweppes situado en plena Gran V\u00eda madrile\u00f1a, su refinada barra y su maestro coctelero, Paris DuRante, que mostr\u00f3 su mejor versi\u00f3n durante la fiesta de presentaci\u00f3n en sociedad de la nueva Schweppes Premium Mixer T\u00f3nica Hibiscus.<\/p>\n<p>The Campbell Apartment, que figura en las mejores gu\u00edas de Nueva York, en las recomendaciones de Coolhunters y entre los bares mas reconocidos por el p\u00fablico de la revista Conde Nast Traveler Internacional, es un establecimiento \u00fanico que ha sido capaz de mantener su esencia cl\u00e1sica, su magia y su posicionamiento como la mejor direcci\u00f3n de Nueva York, donde tomar un buen c\u00f3ctel durante sus casi 100 a\u00f1os de historia.<\/p>\n<p>Durante estos a\u00f1os, la cocteler\u00eda ha sido la oficina de un magnate norteamericano, ha logrado burlar la Ley Seca en los felices a\u00f1os 20 y pervive hoy, casi intacto, en una esquina de Grand Central como una joya escondida, y se convirti\u00f3 en la barra de la exitosa serie Mad Men.<\/p>\n<p>Adem\u00e1s, cuenta con el mejor &#8216;bartender&#8217; de Nueva York, Paris DuRante, un exaviador de las fuerzas a\u00e9reas de Estados Unidos que descubri\u00f3 hace unos 20 a\u00f1os su pasi\u00f3n por la mixolog\u00eda.<\/p>\n","protected":false},"excerpt":{"rendered":"<p>The Campbell Apartment, una de las mejores cocteler\u00eda del mundo, ha recalado por una noche en Madrid de la mano de Schweppes, que ha recreado la m\u00edtica barra neoyorkina en la capital espa\u00f1ola, seg\u00fan ha informado la firma de bebidas en un comunicado. En concreto, esta es la primera vez en la historia que &#8216;la<\/p>\n","protected":false},"author":1,"featured_media":40398,"comment_status":"open","ping_status":"closed","sticky":false,"template":"","format":"standard","meta":{"footnotes":""},"categories":[222],"tags":[],"class_list":{"0":"post-40397","1":"post","2":"type-post","3":"status-publish","4":"format-standard","5":"has-post-thumbnail","7":"category-actualidad-turismo"},"aioseo_notices":[],"aioseo_head":"\n\t\t<!-- All in One SEO Pro 4.9.6.1 - aioseo.com -->\n\t<meta name=\"description\" content=\"The Campbell Apartment, una de las mejores cocteler\u00eda del mundo, ha recalado por una noche en Madrid de la mano de Schweppes, que ha recreado la m\u00edtica barra neoyorkina en la capital espa\u00f1ola, seg\u00fan ha informado la firma de bebidas en un comunicado. En concreto, esta es la primera vez en la historia que &#039;la\" \/>\n\t<meta name=\"robots\" content=\"max-image-preview:large\" \/>\n\t<meta name=\"author\" content=\"admin\"\/>\n\t<meta name=\"google-site-verification\" content=\"UA-38556648-1\" \/>\n\t<meta name=\"keywords\" content=\"actualidad turismo\" \/>\n\t<link rel=\"canonical\" href=\"https:\/\/eldigitaldeasturias.com\/magazine365\/the-campbell-apartment-en-madrid\/\" \/>\n\t<meta name=\"generator\" content=\"All in One SEO Pro (AIOSEO) 4.9.6.1\" \/>\n\t\t<meta property=\"og:locale\" content=\"es_ES\" \/>\n\t\t<meta property=\"og:site_name\" content=\"El Digital de Asturias \u2013 Revista de ocio, turismo y estilo de vida\" \/>\n\t\t<meta property=\"og:type\" content=\"article\" \/>\n\t\t<meta property=\"og:title\" content=\"The Campbell Apartment en Madrid | El Digital de Asturias\" \/>\n\t\t<meta property=\"og:description\" content=\"The Campbell Apartment, una de las mejores cocteler\u00eda del mundo, ha recalado por una noche en Madrid de la mano de Schweppes, que ha recreado la m\u00edtica barra neoyorkina en la capital espa\u00f1ola, seg\u00fan ha informado la firma de bebidas en un comunicado. En concreto, esta es la primera vez en la historia que &#039;la\" \/>\n\t\t<meta property=\"og:url\" content=\"https:\/\/eldigitaldeasturias.com\/magazine365\/the-campbell-apartment-en-madrid\/\" \/>\n\t\t<meta property=\"og:image\" content=\"https:\/\/eldigitaldeasturias.com\/magazine365\/wp-content\/uploads\/2015\/06\/fotonoticia_20150619130015_800.jpg\" \/>\n\t\t<meta property=\"og:image:secure_url\" content=\"https:\/\/eldigitaldeasturias.com\/magazine365\/wp-content\/uploads\/2015\/06\/fotonoticia_20150619130015_800.jpg\" \/>\n\t\t<meta property=\"og:image:width\" content=\"800\" \/>\n\t\t<meta property=\"og:image:height\" content=\"533\" \/>\n\t\t<meta property=\"article:published_time\" content=\"2015-06-20T00:11:20+00:00\" \/>\n\t\t<meta property=\"article:modified_time\" content=\"2015-06-20T00:11:20+00:00\" \/>\n\t\t<meta name=\"twitter:card\" content=\"summary_large_image\" \/>\n\t\t<meta name=\"twitter:title\" content=\"The Campbell Apartment en Madrid | El Digital de Asturias\" \/>\n\t\t<meta name=\"twitter:description\" content=\"The Campbell Apartment, una de las mejores cocteler\u00eda del mundo, ha recalado por una noche en Madrid de la mano de Schweppes, que ha recreado la m\u00edtica barra neoyorkina en la capital espa\u00f1ola, seg\u00fan ha informado la firma de bebidas en un comunicado. En concreto, esta es la primera vez en la historia que &#039;la\" \/>\n\t\t<meta name=\"twitter:image\" content=\"https:\/\/eldigitaldeasturias.com\/magazine365\/wp-content\/uploads\/2015\/06\/fotonoticia_20150619130015_800.jpg\" \/>\n\t\t<script type=\"application\/ld+json\" class=\"aioseo-schema\">\n\t\t\t{\"@context\":\"https:\\\/\\\/schema.org\",\"@graph\":[{\"@type\":\"Article\",\"@id\":\"https:\\\/\\\/eldigitaldeasturias.com\\\/magazine365\\\/the-campbell-apartment-en-madrid\\\/#article\",\"name\":\"The Campbell Apartment en Madrid | El Digital de Asturias\",\"headline\":\"The Campbell Apartment en Madrid\",\"author\":{\"@id\":\"https:\\\/\\\/eldigitaldeasturias.com\\\/magazine365\\\/author\\\/admin\\\/#author\"},\"publisher\":{\"@id\":\"https:\\\/\\\/eldigitaldeasturias.com\\\/magazine365\\\/#organization\"},\"image\":{\"@type\":\"ImageObject\",\"url\":\"https:\\\/\\\/eldigitaldeasturias.com\\\/magazine365\\\/wp-content\\\/uploads\\\/2015\\\/06\\\/fotonoticia_20150619130015_800.jpg\",\"width\":800,\"height\":533},\"datePublished\":\"2015-06-20T01:41:20+02:00\",\"dateModified\":\"2015-06-20T01:41:20+02:00\",\"inLanguage\":\"es-ES\",\"mainEntityOfPage\":{\"@id\":\"https:\\\/\\\/eldigitaldeasturias.com\\\/magazine365\\\/the-campbell-apartment-en-madrid\\\/#webpage\"},\"isPartOf\":{\"@id\":\"https:\\\/\\\/eldigitaldeasturias.com\\\/magazine365\\\/the-campbell-apartment-en-madrid\\\/#webpage\"},\"articleSection\":\"Actualidad Turismo\"},{\"@type\":\"BreadcrumbList\",\"@id\":\"https:\\\/\\\/eldigitaldeasturias.com\\\/magazine365\\\/the-campbell-apartment-en-madrid\\\/#breadcrumblist\",\"itemListElement\":[{\"@type\":\"ListItem\",\"@id\":\"https:\\\/\\\/eldigitaldeasturias.com\\\/magazine365#listItem\",\"position\":1,\"name\":\"Home\",\"item\":\"https:\\\/\\\/eldigitaldeasturias.com\\\/magazine365\",\"nextItem\":{\"@type\":\"ListItem\",\"@id\":\"https:\\\/\\\/eldigitaldeasturias.com\\\/magazine365\\\/category\\\/actualidad-turismo\\\/#listItem\",\"name\":\"Actualidad Turismo\"}},{\"@type\":\"ListItem\",\"@id\":\"https:\\\/\\\/eldigitaldeasturias.com\\\/magazine365\\\/category\\\/actualidad-turismo\\\/#listItem\",\"position\":2,\"name\":\"Actualidad Turismo\",\"item\":\"https:\\\/\\\/eldigitaldeasturias.com\\\/magazine365\\\/category\\\/actualidad-turismo\\\/\",\"nextItem\":{\"@type\":\"ListItem\",\"@id\":\"https:\\\/\\\/eldigitaldeasturias.com\\\/magazine365\\\/the-campbell-apartment-en-madrid\\\/#listItem\",\"name\":\"The Campbell Apartment en Madrid\"},\"previousItem\":{\"@type\":\"ListItem\",\"@id\":\"https:\\\/\\\/eldigitaldeasturias.com\\\/magazine365#listItem\",\"name\":\"Home\"}},{\"@type\":\"ListItem\",\"@id\":\"https:\\\/\\\/eldigitaldeasturias.com\\\/magazine365\\\/the-campbell-apartment-en-madrid\\\/#listItem\",\"position\":3,\"name\":\"The Campbell Apartment en Madrid\",\"previousItem\":{\"@type\":\"ListItem\",\"@id\":\"https:\\\/\\\/eldigitaldeasturias.com\\\/magazine365\\\/category\\\/actualidad-turismo\\\/#listItem\",\"name\":\"Actualidad Turismo\"}}]},{\"@type\":\"Organization\",\"@id\":\"https:\\\/\\\/eldigitaldeasturias.com\\\/magazine365\\\/#organization\",\"name\":\"El digital de Asturias\",\"description\":\"Revista de ocio, turismo y estilo de vida\",\"url\":\"https:\\\/\\\/eldigitaldeasturias.com\\\/magazine365\\\/\",\"logo\":{\"@type\":\"ImageObject\",\"url\":\"https:\\\/\\\/www.eldigitaldeasturias.com\\\/noticias\\\/wp-content\\\/uploads\\\/2020\\\/12\\\/EDA.jpg\",\"@id\":\"https:\\\/\\\/eldigitaldeasturias.com\\\/magazine365\\\/the-campbell-apartment-en-madrid\\\/#organizationLogo\"},\"image\":{\"@id\":\"https:\\\/\\\/eldigitaldeasturias.com\\\/magazine365\\\/the-campbell-apartment-en-madrid\\\/#organizationLogo\"}},{\"@type\":\"Person\",\"@id\":\"https:\\\/\\\/eldigitaldeasturias.com\\\/magazine365\\\/author\\\/admin\\\/#author\",\"url\":\"https:\\\/\\\/eldigitaldeasturias.com\\\/magazine365\\\/author\\\/admin\\\/\",\"name\":\"admin\",\"image\":{\"@type\":\"ImageObject\",\"@id\":\"https:\\\/\\\/eldigitaldeasturias.com\\\/magazine365\\\/the-campbell-apartment-en-madrid\\\/#authorImage\",\"url\":\"https:\\\/\\\/eldigitaldeasturias.com\\\/magazine365\\\/wp-content\\\/litespeed\\\/avatar\\\/e571bcf59a0edd6fa6838245a470f2fe.jpg?ver=1777574230\",\"width\":96,\"height\":96,\"caption\":\"admin\"}},{\"@type\":\"WebPage\",\"@id\":\"https:\\\/\\\/eldigitaldeasturias.com\\\/magazine365\\\/the-campbell-apartment-en-madrid\\\/#webpage\",\"url\":\"https:\\\/\\\/eldigitaldeasturias.com\\\/magazine365\\\/the-campbell-apartment-en-madrid\\\/\",\"name\":\"The Campbell Apartment en Madrid | El Digital de Asturias\",\"description\":\"The Campbell Apartment, una de las mejores cocteler\\u00eda del mundo, ha recalado por una noche en Madrid de la mano de Schweppes, que ha recreado la m\\u00edtica barra neoyorkina en la capital espa\\u00f1ola, seg\\u00fan ha informado la firma de bebidas en un comunicado. En concreto, esta es la primera vez en la historia que 'la\",\"inLanguage\":\"es-ES\",\"isPartOf\":{\"@id\":\"https:\\\/\\\/eldigitaldeasturias.com\\\/magazine365\\\/#website\"},\"breadcrumb\":{\"@id\":\"https:\\\/\\\/eldigitaldeasturias.com\\\/magazine365\\\/the-campbell-apartment-en-madrid\\\/#breadcrumblist\"},\"author\":{\"@id\":\"https:\\\/\\\/eldigitaldeasturias.com\\\/magazine365\\\/author\\\/admin\\\/#author\"},\"creator\":{\"@id\":\"https:\\\/\\\/eldigitaldeasturias.com\\\/magazine365\\\/author\\\/admin\\\/#author\"},\"image\":{\"@type\":\"ImageObject\",\"url\":\"https:\\\/\\\/eldigitaldeasturias.com\\\/magazine365\\\/wp-content\\\/uploads\\\/2015\\\/06\\\/fotonoticia_20150619130015_800.jpg\",\"@id\":\"https:\\\/\\\/eldigitaldeasturias.com\\\/magazine365\\\/the-campbell-apartment-en-madrid\\\/#mainImage\",\"width\":800,\"height\":533},\"primaryImageOfPage\":{\"@id\":\"https:\\\/\\\/eldigitaldeasturias.com\\\/magazine365\\\/the-campbell-apartment-en-madrid\\\/#mainImage\"},\"datePublished\":\"2015-06-20T01:41:20+02:00\",\"dateModified\":\"2015-06-20T01:41:20+02:00\"},{\"@type\":\"WebSite\",\"@id\":\"https:\\\/\\\/eldigitaldeasturias.com\\\/magazine365\\\/#website\",\"url\":\"https:\\\/\\\/eldigitaldeasturias.com\\\/magazine365\\\/\",\"name\":\"El Digital de Asturias\",\"description\":\"Revista de ocio, turismo y estilo de vida\",\"inLanguage\":\"es-ES\",\"publisher\":{\"@id\":\"https:\\\/\\\/eldigitaldeasturias.com\\\/magazine365\\\/#organization\"}}]}\n\t\t<\/script>\n\t\t<!-- All in One SEO Pro -->\r\n\t\t<title>The Campbell Apartment en Madrid | El Digital de Asturias<\/title>\n\n","aioseo_head_json":{"title":"The Campbell Apartment en Madrid | El Digital de Asturias","description":"The Campbell Apartment, una de las mejores cocteler\u00eda del mundo, ha recalado por una noche en Madrid de la mano de Schweppes, que ha recreado la m\u00edtica barra neoyorkina en la capital espa\u00f1ola, seg\u00fan ha informado la firma de bebidas en un comunicado. En concreto, esta es la primera vez en la historia que 'la","canonical_url":"https:\/\/eldigitaldeasturias.com\/magazine365\/the-campbell-apartment-en-madrid\/","robots":"max-image-preview:large","keywords":"actualidad turismo","webmasterTools":{"google-site-verification":"UA-38556648-1","miscellaneous":""},"schema":{"@context":"https:\/\/schema.org","@graph":[{"@type":"Article","@id":"https:\/\/eldigitaldeasturias.com\/magazine365\/the-campbell-apartment-en-madrid\/#article","name":"The Campbell Apartment en Madrid | El Digital de Asturias","headline":"The Campbell Apartment en Madrid","author":{"@id":"https:\/\/eldigitaldeasturias.com\/magazine365\/author\/admin\/#author"},"publisher":{"@id":"https:\/\/eldigitaldeasturias.com\/magazine365\/#organization"},"image":{"@type":"ImageObject","url":"https:\/\/eldigitaldeasturias.com\/magazine365\/wp-content\/uploads\/2015\/06\/fotonoticia_20150619130015_800.jpg","width":800,"height":533},"datePublished":"2015-06-20T01:41:20+02:00","dateModified":"2015-06-20T01:41:20+02:00","inLanguage":"es-ES","mainEntityOfPage":{"@id":"https:\/\/eldigitaldeasturias.com\/magazine365\/the-campbell-apartment-en-madrid\/#webpage"},"isPartOf":{"@id":"https:\/\/eldigitaldeasturias.com\/magazine365\/the-campbell-apartment-en-madrid\/#webpage"},"articleSection":"Actualidad Turismo"},{"@type":"BreadcrumbList","@id":"https:\/\/eldigitaldeasturias.com\/magazine365\/the-campbell-apartment-en-madrid\/#breadcrumblist","itemListElement":[{"@type":"ListItem","@id":"https:\/\/eldigitaldeasturias.com\/magazine365#listItem","position":1,"name":"Home","item":"https:\/\/eldigitaldeasturias.com\/magazine365","nextItem":{"@type":"ListItem","@id":"https:\/\/eldigitaldeasturias.com\/magazine365\/category\/actualidad-turismo\/#listItem","name":"Actualidad Turismo"}},{"@type":"ListItem","@id":"https:\/\/eldigitaldeasturias.com\/magazine365\/category\/actualidad-turismo\/#listItem","position":2,"name":"Actualidad Turismo","item":"https:\/\/eldigitaldeasturias.com\/magazine365\/category\/actualidad-turismo\/","nextItem":{"@type":"ListItem","@id":"https:\/\/eldigitaldeasturias.com\/magazine365\/the-campbell-apartment-en-madrid\/#listItem","name":"The Campbell Apartment en Madrid"},"previousItem":{"@type":"ListItem","@id":"https:\/\/eldigitaldeasturias.com\/magazine365#listItem","name":"Home"}},{"@type":"ListItem","@id":"https:\/\/eldigitaldeasturias.com\/magazine365\/the-campbell-apartment-en-madrid\/#listItem","position":3,"name":"The Campbell Apartment en Madrid","previousItem":{"@type":"ListItem","@id":"https:\/\/eldigitaldeasturias.com\/magazine365\/category\/actualidad-turismo\/#listItem","name":"Actualidad Turismo"}}]},{"@type":"Organization","@id":"https:\/\/eldigitaldeasturias.com\/magazine365\/#organization","name":"El digital de Asturias","description":"Revista de ocio, turismo y estilo de vida","url":"https:\/\/eldigitaldeasturias.com\/magazine365\/","logo":{"@type":"ImageObject","url":"https:\/\/www.eldigitaldeasturias.com\/noticias\/wp-content\/uploads\/2020\/12\/EDA.jpg","@id":"https:\/\/eldigitaldeasturias.com\/magazine365\/the-campbell-apartment-en-madrid\/#organizationLogo"},"image":{"@id":"https:\/\/eldigitaldeasturias.com\/magazine365\/the-campbell-apartment-en-madrid\/#organizationLogo"}},{"@type":"Person","@id":"https:\/\/eldigitaldeasturias.com\/magazine365\/author\/admin\/#author","url":"https:\/\/eldigitaldeasturias.com\/magazine365\/author\/admin\/","name":"admin","image":{"@type":"ImageObject","@id":"https:\/\/eldigitaldeasturias.com\/magazine365\/the-campbell-apartment-en-madrid\/#authorImage","url":"https:\/\/eldigitaldeasturias.com\/magazine365\/wp-content\/litespeed\/avatar\/e571bcf59a0edd6fa6838245a470f2fe.jpg?ver=1777574230","width":96,"height":96,"caption":"admin"}},{"@type":"WebPage","@id":"https:\/\/eldigitaldeasturias.com\/magazine365\/the-campbell-apartment-en-madrid\/#webpage","url":"https:\/\/eldigitaldeasturias.com\/magazine365\/the-campbell-apartment-en-madrid\/","name":"The Campbell Apartment en Madrid | El Digital de Asturias","description":"The Campbell Apartment, una de las mejores cocteler\u00eda del mundo, ha recalado por una noche en Madrid de la mano de Schweppes, que ha recreado la m\u00edtica barra neoyorkina en la capital espa\u00f1ola, seg\u00fan ha informado la firma de bebidas en un comunicado. En concreto, esta es la primera vez en la historia que 'la","inLanguage":"es-ES","isPartOf":{"@id":"https:\/\/eldigitaldeasturias.com\/magazine365\/#website"},"breadcrumb":{"@id":"https:\/\/eldigitaldeasturias.com\/magazine365\/the-campbell-apartment-en-madrid\/#breadcrumblist"},"author":{"@id":"https:\/\/eldigitaldeasturias.com\/magazine365\/author\/admin\/#author"},"creator":{"@id":"https:\/\/eldigitaldeasturias.com\/magazine365\/author\/admin\/#author"},"image":{"@type":"ImageObject","url":"https:\/\/eldigitaldeasturias.com\/magazine365\/wp-content\/uploads\/2015\/06\/fotonoticia_20150619130015_800.jpg","@id":"https:\/\/eldigitaldeasturias.com\/magazine365\/the-campbell-apartment-en-madrid\/#mainImage","width":800,"height":533},"primaryImageOfPage":{"@id":"https:\/\/eldigitaldeasturias.com\/magazine365\/the-campbell-apartment-en-madrid\/#mainImage"},"datePublished":"2015-06-20T01:41:20+02:00","dateModified":"2015-06-20T01:41:20+02:00"},{"@type":"WebSite","@id":"https:\/\/eldigitaldeasturias.com\/magazine365\/#website","url":"https:\/\/eldigitaldeasturias.com\/magazine365\/","name":"El Digital de Asturias","description":"Revista de ocio, turismo y estilo de vida","inLanguage":"es-ES","publisher":{"@id":"https:\/\/eldigitaldeasturias.com\/magazine365\/#organization"}}]},"og:locale":"es_ES","og:site_name":"El Digital de Asturias \u2013 Revista de ocio, turismo y estilo de vida","og:type":"article","og:title":"The Campbell Apartment en Madrid | El Digital de Asturias","og:description":"The Campbell Apartment, una de las mejores cocteler\u00eda del mundo, ha recalado por una noche en Madrid de la mano de Schweppes, que ha recreado la m\u00edtica barra neoyorkina en la capital espa\u00f1ola, seg\u00fan ha informado la firma de bebidas en un comunicado. En concreto, esta es la primera vez en la historia que 'la","og:url":"https:\/\/eldigitaldeasturias.com\/magazine365\/the-campbell-apartment-en-madrid\/","og:image":"https:\/\/eldigitaldeasturias.com\/magazine365\/wp-content\/uploads\/2015\/06\/fotonoticia_20150619130015_800.jpg","og:image:secure_url":"https:\/\/eldigitaldeasturias.com\/magazine365\/wp-content\/uploads\/2015\/06\/fotonoticia_20150619130015_800.jpg","og:image:width":800,"og:image:height":533,"article:published_time":"2015-06-20T00:11:20+00:00","article:modified_time":"2015-06-20T00:11:20+00:00","twitter:card":"summary_large_image","twitter:title":"The Campbell Apartment en Madrid | El Digital de Asturias","twitter:description":"The Campbell Apartment, una de las mejores cocteler\u00eda del mundo, ha recalado por una noche en Madrid de la mano de Schweppes, que ha recreado la m\u00edtica barra neoyorkina en la capital espa\u00f1ola, seg\u00fan ha informado la firma de bebidas en un comunicado. En concreto, esta es la primera vez en la historia que 'la","twitter:image":"https:\/\/eldigitaldeasturias.com\/magazine365\/wp-content\/uploads\/2015\/06\/fotonoticia_20150619130015_800.jpg"},"aioseo_meta_data":{"post_id":"40397","title":null,"description":null,"keywords":null,"keyphrases":null,"primary_term":null,"canonical_url":null,"og_title":null,"og_description":null,"og_object_type":"default","og_image_type":"default","og_image_url":null,"og_image_width":null,"og_image_height":null,"og_image_custom_url":null,"og_image_custom_fields":null,"og_video":null,"og_custom_url":null,"og_article_section":null,"og_article_tags":null,"twitter_use_og":false,"twitter_card":"default","twitter_image_type":"default","twitter_image_url":null,"twitter_image_custom_url":null,"twitter_image_custom_fields":null,"twitter_title":null,"twitter_description":null,"schema":{"blockGraphs":[],"customGraphs":[],"default":{"data":{"Article":[],"Course":[],"Dataset":[],"FAQPage":[],"Movie":[],"Person":[],"Product":[],"ProductReview":[],"Car":[],"Recipe":[],"Service":[],"SoftwareApplication":[],"WebPage":[]},"graphName":"","isEnabled":true},"graphs":[],"defaultGraph":"","defaultPostTypeGraph":""},"schema_type":null,"schema_type_options":null,"pillar_content":false,"robots_default":true,"robots_noindex":false,"robots_noarchive":false,"robots_nosnippet":false,"robots_nofollow":false,"robots_noimageindex":false,"robots_noodp":false,"robots_notranslate":false,"robots_max_snippet":null,"robots_max_videopreview":null,"robots_max_imagepreview":"large","priority":null,"frequency":null,"location":null,"local_seo":null,"seo_analyzer_scan_date":"2025-09-19 13:27:53","breadcrumb_settings":null,"limit_modified_date":false,"open_ai":null,"ai":null,"created":"2021-03-09 02:28:42","updated":"2025-09-19 13:27:53"},"aioseo_breadcrumb":"<div class=\"aioseo-breadcrumbs\"><span class=\"aioseo-breadcrumb\">\n\t<a href=\"https:\/\/eldigitaldeasturias.com\/magazine365\" title=\"Home\">Home<\/a>\n<\/span><span class=\"aioseo-breadcrumb-separator\">\u2013<\/span><span class=\"aioseo-breadcrumb\">\n\t<a href=\"https:\/\/eldigitaldeasturias.com\/magazine365\/category\/actualidad-turismo\/\" title=\"Actualidad Turismo\">Actualidad Turismo<\/a>\n<\/span><span class=\"aioseo-breadcrumb-separator\">\u2013<\/span><span class=\"aioseo-breadcrumb\">\n\t<a href=\"https:\/\/eldigitaldeasturias.com\/magazine365\/the-campbell-apartment-en-madrid\/\" title=\"The Campbell Apartment en Madrid\">The Campbell Apartment en Madrid<\/a>\n<\/span><\/div>","aioseo_breadcrumb_json":[{"label":"Home","link":"https:\/\/eldigitaldeasturias.com\/magazine365"},{"label":"Actualidad Turismo","link":"https:\/\/eldigitaldeasturias.com\/magazine365\/category\/actualidad-turismo\/"},{"label":"The Campbell Apartment en Madrid","link":"https:\/\/eldigitaldeasturias.com\/magazine365\/the-campbell-apartment-en-madrid\/"}],"_links":{"self":[{"href":"https:\/\/eldigitaldeasturias.com\/magazine365\/wp-json\/wp\/v2\/posts\/40397","targetHints":{"allow":["GET"]}}],"collection":[{"href":"https:\/\/eldigitaldeasturias.com\/magazine365\/wp-json\/wp\/v2\/posts"}],"about":[{"href":"https:\/\/eldigitaldeasturias.com\/magazine365\/wp-json\/wp\/v2\/types\/post"}],"author":[{"embeddable":true,"href":"https:\/\/eldigitaldeasturias.com\/magazine365\/wp-json\/wp\/v2\/users\/1"}],"replies":[{"embeddable":true,"href":"https:\/\/eldigitaldeasturias.com\/magazine365\/wp-json\/wp\/v2\/comments?post=40397"}],"version-history":[{"count":0,"href":"https:\/\/eldigitaldeasturias.com\/magazine365\/wp-json\/wp\/v2\/posts\/40397\/revisions"}],"wp:featuredmedia":[{"embeddable":true,"href":"https:\/\/eldigitaldeasturias.com\/magazine365\/wp-json\/wp\/v2\/media\/40398"}],"wp:attachment":[{"href":"https:\/\/eldigitaldeasturias.com\/magazine365\/wp-json\/wp\/v2\/media?parent=40397"}],"wp:term":[{"taxonomy":"category","embeddable":true,"href":"https:\/\/eldigitaldeasturias.com\/magazine365\/wp-json\/wp\/v2\/categories?post=40397"},{"taxonomy":"post_tag","embeddable":true,"href":"https:\/\/eldigitaldeasturias.com\/magazine365\/wp-json\/wp\/v2\/tags?post=40397"}],"curies":[{"name":"wp","href":"https:\/\/api.w.org\/{rel}","templated":true}]}}